{"id":36616,"date":"2025-03-23T09:41:30","date_gmt":"2025-03-23T06:41:30","guid":{"rendered":"https:\/\/denizcankizil.tr\/uncategorized-tr\/asilsiz-iddialara-iletisimden-pes-pese-aciklama\/"},"modified":"2025-03-23T09:41:30","modified_gmt":"2025-03-23T06:41:30","slug":"asilsiz-iddialara-iletisimden-pes-pese-aciklama","status":"publish","type":"post","link":"http:\/\/denizcankizil.tr\/de\/haberler\/gundem\/asilsiz-iddialara-iletisimden-pes-pese-aciklama\/","title":{"rendered":"As\u0131ls\u0131z iddialara \u0130leti\u015fim&#8217;den pe\u015f pe\u015fe a\u00e7\u0131klama"},"content":{"rendered":"<p>\u0130stanbul B\u00fcy\u00fck\u015fehir Belediyesi soru\u015fturmas\u0131 s\u00fcrerken, sosyal medya hesaplar\u0131ndan payla\u015f\u0131lan iddialar\u0131n as\u0131ls\u0131zl\u0131\u011f\u0131na y\u00f6nelik \u0130leti\u015fim Ba\u015fkanl\u0131\u011f\u0131 Dezenformasyonla M\u00fccadele Merkezi&#8217;nden a\u00e7\u0131klamalar pe\u015f pe\u015fe geldi. RT\u00dcK taraf\u0131ndan televizyon yay\u0131nlar\u0131n\u0131n kesilmedi\u011fi, portakal gaz\u0131 kullan\u0131m\u0131 iddialar\u0131n\u0131n as\u0131ls\u0131z oldu\u011fu belirtilrdi. \u0130stanbul&#8217;a giri\u015f \u00e7\u0131k\u0131\u015f yasak haberlerinin de yanl\u0131\u015f oldu\u011fu ve yaln\u0131zca belirli ki\u015filere y\u00f6nelik tedbir al\u0131nd\u0131\u011f\u0131 kaydedildi.ANKARA (\u0130GFA) &#8211;\u00a0 \u0130stanbul B\u00fcy\u00fck\u015fehir Belediyesi soru\u015fturmas\u0131 esnas\u0131nda bir yandan eylemler s\u00fcrerken, di\u011fer yandan dezenformasyon i\u00e7erikli sosyal medya payla\u015f\u0131mlar\u0131 da yay\u0131lmaya devqam ediyor.<br \/>\nS\u00f6z konusu iddialarla y\u00f6nelik a\u00e7\u0131klamalar \u0130leti\u015fim Ba\u015fkanl\u0131\u011f\u0131 Dezenformasyonla M\u00fccadele Merkezi&#8217;nce kamuoyuna duyuruluyor.<br \/>\nBaz\u0131 bas\u0131n yay\u0131n organlar\u0131nda yer alan ve sosyal medya hesaplar\u0131ndan payla\u015f\u0131lan \u201cRT\u00dcK\u2019\u00fcn talimat\u0131yla televizyonlardaki t\u00fcm canl\u0131 yay\u0131nlar kesildi.\u201d iddias\u0131 do\u011fru olmad\u0131\u011f\u0131n\u0131n alt\u0131 \u00e7izilen a\u00e7\u0131klamalarda, Radyo ve Televizyon \u00dcst Kurulu (RT\u00dcK)&#8217;nun, 6112 Say\u0131l\u0131 Kanunun 8. Maddesi gere\u011fince \u201cKanun d\u0131\u015f\u0131nda yay\u0131n yapan, halk\u0131 soka\u011fa davet eden, illegal \u00f6rg\u00fctlerin s\u00f6zc\u00fcs\u00fc gibi beyanlarda bulunan yorumcular\u0131 ekrana ta\u015f\u0131yan, ki\u015fi haklar\u0131na ayk\u0131r\u0131 tarafl\u0131 yay\u0131nc\u0131l\u0131k faaliyeti g\u00f6steren, devlet b\u00fcy\u00fcklerine, soru\u015fturmay\u0131 y\u00fcr\u00fcten yarg\u0131 mensuplar\u0131na, emniyet personeli ile kolluk kuvvetlerine hakaret ve tehditlere varan ifade ve yay\u0131nlara yer veren yay\u0131nc\u0131 kurulu\u015flarla ilgili uzun s\u00fcreli yay\u0131n durdurma dahil, lisans iptallerine varabilecek m\u00fceyyideler uygulanabilece\u011fi\u201d hat\u0131rlatmas\u0131nda bulunuldu\u011fu belirtilerek, dolay\u0131s\u0131yla RT\u00dcK\u2019\u00fcn uyar\u0131s\u0131n\u0131n canl\u0131 yay\u0131nlar\u0131n kesilmesi de\u011fil, mezkur kanun h\u00fck\u00fcmlerine riayet edilmesi y\u00f6n\u00fcnde oldu\u011fu bildirildi.<\/p>\n<p>Bir ba\u015fka manip\u00fcle haber \u201cPolis, g\u00f6stericilere Vietnam Sava\u015f\u0131\u2019nda kullan\u0131lan portakal gaz\u0131 ile m\u00fcdahale ediyor\u201d iddias\u0131n\u0131n da ger\u00e7e\u011fi yans\u0131tmad\u0131\u011f\u0131 ifade edildi.\u00a0<br \/>\nKimyasal silah olan portakal gaz\u0131n\u0131n Emniyet Genel M\u00fcd\u00fcrl\u00fc\u011f\u00fc taraf\u0131ndan hi\u00e7bir eylem ve g\u00f6steride kullan\u0131lmad\u0131\u011f\u0131 ve bu iddialar\u0131n da hi\u00e7bir \u015fekilde ger\u00e7e\u011fi yans\u0131tmad\u0131\u011f\u0131 vurguland\u0131.\u00a0<\/p>\n<p>Baz\u0131 sosyal medya hesaplar\u0131ndan payla\u015f\u0131lan, \u201c\u0130stanbul\u2019a giri\u015f \u00e7\u0131k\u0131\u015flar yasakland\u0131.\u201d iddias\u0131n\u0131n da manip\u00fclasyon i\u00e7erdi\u011fi bir ba\u015fka a\u00e7\u0131klamada ise, &#8220;\u0130stanbul Valili\u011fince al\u0131nan karara g\u00f6re \u015fehir giri\u015f-\u00e7\u0131k\u0131\u015flara ili\u015fkin k\u0131s\u0131tlama, yaln\u0131zca kanuna ayk\u0131r\u0131 eylemlere kat\u0131lmas\u0131 muhtemel ki\u015fi, grup ve ara\u00e7lara y\u00f6nelik bir tedbirdir. Vatanda\u015flar\u0131n g\u00fcnl\u00fck ya\u015famlar\u0131n\u0131 s\u00fcrd\u00fcrebilmeleri, \u015fehir i\u00e7i veya \u015fehir d\u0131\u015f\u0131 seyahatlerini ger\u00e7ekle\u015ftirmeleri a\u00e7\u0131s\u0131ndan bir k\u0131s\u0131tlama s\u00f6z konusu de\u011fildir&#8221; denildi.<\/p>\n<p>\u200b\u0130stanbul B\u00fcy\u00fck\u015fehir Belediyesi soru\u015fturmas\u0131 s\u00fcrerken, sosyal medya hesaplar\u0131ndan payla\u015f\u0131lan iddialar\u0131n as\u0131ls\u0131zl\u0131\u011f\u0131na y\u00f6nelik \u0130leti\u015fim Ba\u015fkanl\u0131\u011f\u0131 Dezenformasyonla M\u00fccadele Merkezi&#8217;nden a\u00e7\u0131klamalar pe\u015f pe\u015fe geldi. RT\u00dcK taraf\u0131ndan televizyon yay\u0131nlar\u0131n\u0131n kesilmedi\u011fi, portakal gaz\u0131 kullan\u0131m\u0131 iddialar\u0131n\u0131n as\u0131ls\u0131z oldu\u011fu belirtilrdi. \u0130stanbul&#8217;a giri\u015f \u00e7\u0131k\u0131\u015f yasak haberlerinin de yanl\u0131\u015f oldu\u011fu ve yaln\u0131zca belirli ki\u015filere y\u00f6nelik tedbir al\u0131nd\u0131\u011f\u0131 kaydedildi.ANKARA (\u0130GFA) &#8211;\u00a0 \u0130stanbul B\u00fcy\u00fck\u015fehir Belediyesi soru\u015fturmas\u0131 esnas\u0131nda bir yandan eylemler s\u00fcrerken, di\u011fer yandan dezenformasyon i\u00e7erikli sosyal medya payla\u015f\u0131mlar\u0131 da yay\u0131lmaya devqam ediyor.<br \/>\nS\u00f6z konusu iddialarla y\u00f6nelik a\u00e7\u0131klamalar \u0130leti\u015fim Ba\u015fkanl\u0131\u011f\u0131 Dezenformasyonla M\u00fccadele Merkezi&#8217;nce kamuoyuna duyuruluyor.<br \/>\nBaz\u0131 bas\u0131n yay\u0131n organlar\u0131nda yer alan ve sosyal medya hesaplar\u0131ndan payla\u015f\u0131lan \u201cRT\u00dcK\u2019\u00fcn talimat\u0131yla televizyonlardaki t\u00fcm canl\u0131 yay\u0131nlar kesildi.\u201d iddias\u0131 do\u011fru olmad\u0131\u011f\u0131n\u0131n alt\u0131 \u00e7izilen a\u00e7\u0131klamalarda, Radyo ve Televizyon \u00dcst Kurulu (RT\u00dcK)&#8217;nun, 6112 Say\u0131l\u0131 Kanunun 8. Maddesi gere\u011fince \u201cKanun d\u0131\u015f\u0131nda yay\u0131n yapan, halk\u0131 soka\u011fa davet eden, illegal \u00f6rg\u00fctlerin s\u00f6zc\u00fcs\u00fc gibi beyanlarda bulunan yorumcular\u0131 ekrana ta\u015f\u0131yan, ki\u015fi haklar\u0131na ayk\u0131r\u0131 tarafl\u0131 yay\u0131nc\u0131l\u0131k faaliyeti g\u00f6steren, devlet b\u00fcy\u00fcklerine, soru\u015fturmay\u0131 y\u00fcr\u00fcten yarg\u0131 mensuplar\u0131na, emniyet personeli ile kolluk kuvvetlerine hakaret ve tehditlere varan ifade ve yay\u0131nlara yer veren yay\u0131nc\u0131 kurulu\u015flarla ilgili uzun s\u00fcreli yay\u0131n durdurma dahil, lisans iptallerine varabilecek m\u00fceyyideler uygulanabilece\u011fi\u201d hat\u0131rlatmas\u0131nda bulunuldu\u011fu belirtilerek, dolay\u0131s\u0131yla RT\u00dcK\u2019\u00fcn uyar\u0131s\u0131n\u0131n canl\u0131 yay\u0131nlar\u0131n kesilmesi de\u011fil, mezkur kanun h\u00fck\u00fcmlerine riayet edilmesi y\u00f6n\u00fcnde oldu\u011fu bildirildi.<\/p>\n<p>Bir ba\u015fka manip\u00fcle haber \u201cPolis, g\u00f6stericilere Vietnam Sava\u015f\u0131\u2019nda kullan\u0131lan portakal gaz\u0131 ile m\u00fcdahale ediyor\u201d iddias\u0131n\u0131n da ger\u00e7e\u011fi yans\u0131tmad\u0131\u011f\u0131 ifade edildi.\u00a0<br \/>\nKimyasal silah olan portakal gaz\u0131n\u0131n Emniyet Genel M\u00fcd\u00fcrl\u00fc\u011f\u00fc taraf\u0131ndan hi\u00e7bir eylem ve g\u00f6steride kullan\u0131lmad\u0131\u011f\u0131 ve bu iddialar\u0131n da hi\u00e7bir \u015fekilde ger\u00e7e\u011fi yans\u0131tmad\u0131\u011f\u0131 vurguland\u0131.\u00a0<\/p>\n<p>Baz\u0131 sosyal medya hesaplar\u0131ndan payla\u015f\u0131lan, \u201c\u0130stanbul\u2019a giri\u015f \u00e7\u0131k\u0131\u015flar yasakland\u0131.\u201d iddias\u0131n\u0131n da manip\u00fclasyon i\u00e7erdi\u011fi bir ba\u015fka a\u00e7\u0131klamada ise, &#8220;\u0130stanbul Valili\u011fince al\u0131nan karara g\u00f6re \u015fehir giri\u015f-\u00e7\u0131k\u0131\u015flara ili\u015fkin k\u0131s\u0131tlama, yaln\u0131zca kanuna ayk\u0131r\u0131 eylemlere kat\u0131lmas\u0131 muhtemel ki\u015fi, grup ve ara\u00e7lara y\u00f6nelik bir tedbirdir. Vatanda\u015flar\u0131n g\u00fcnl\u00fck ya\u015famlar\u0131n\u0131 s\u00fcrd\u00fcrebilmeleri, \u015fehir i\u00e7i veya \u015fehir d\u0131\u015f\u0131 seyahatlerini ger\u00e7ekle\u015ftirmeleri a\u00e7\u0131s\u0131ndan bir k\u0131s\u0131tlama s\u00f6z konusu de\u011fildir&#8221; denildi.\u00a0<\/p>\n<p>\u200bHaberin Al\u0131nt\u0131land\u0131\u011f\u0131 Kaynak: www.iskenderun.org<\/p>","protected":false},"excerpt":{"rendered":"<p>\u0130stanbul B\u00fcy\u00fck\u015fehir Belediyesi soru\u015fturmas\u0131 s\u00fcrerken, sosyal medya hesaplar\u0131ndan payla\u015f\u0131lan iddialar\u0131n as\u0131ls\u0131zl\u0131\u011f\u0131na y\u00f6nelik \u0130leti\u015fim Ba\u015fkanl\u0131\u011f\u0131 Dezenformasyonla M\u00fccadele Merkezi&#8217;nden a\u00e7\u0131klamalar pe\u015f pe\u015fe geldi. RT\u00dcK taraf\u0131ndan televizyon yay\u0131nlar\u0131n\u0131n kesilmedi\u011fi, portakal gaz\u0131 kullan\u0131m\u0131 iddialar\u0131n\u0131n as\u0131ls\u0131z oldu\u011fu belirtilrdi. \u0130stanbul&#8217;a giri\u015f \u00e7\u0131k\u0131\u015f yasak haberlerinin de yanl\u0131\u015f oldu\u011fu ve yaln\u0131zca belirli ki\u015filere y\u00f6nelik tedbir al\u0131nd\u0131\u011f\u0131 kaydedildi.ANKARA (\u0130GFA) &#8211;\u00a0 \u0130stanbul B\u00fcy\u00fck\u015fehir Belediyesi soru\u015fturmas\u0131 esnas\u0131nda bir yandan eylemler s\u00fcrerken, di\u011fer yandan dezenformasyon i\u00e7erikli sosyal medya payla\u015f\u0131mlar\u0131 da yay\u0131lmaya devqam ediyor. S\u00f6z konusu iddialarla y\u00f6nelik a\u00e7\u0131klamalar \u0130leti\u015fim Ba\u015fkanl\u0131\u011f\u0131 Dezenformasyonla M\u00fccadele Merkezi&#8217;nce kamuoyuna duyuruluyor. Baz\u0131 bas\u0131n yay\u0131n organlar\u0131nda yer alan ve sosyal medya hesaplar\u0131ndan payla\u015f\u0131lan \u201cRT\u00dcK\u2019\u00fcn talimat\u0131yla televizyonlardaki t\u00fcm canl\u0131 yay\u0131nlar kesildi.\u201d iddias\u0131 do\u011fru olmad\u0131\u011f\u0131n\u0131n alt\u0131 \u00e7izilen a\u00e7\u0131klamalarda, Radyo ve Televizyon \u00dcst Kurulu (RT\u00dcK)&#8217;nun, 6112 Say\u0131l\u0131 Kanunun 8. Maddesi gere\u011fince \u201cKanun d\u0131\u015f\u0131nda yay\u0131n yapan, halk\u0131 soka\u011fa davet eden, illegal \u00f6rg\u00fctlerin s\u00f6zc\u00fcs\u00fc gibi beyanlarda bulunan yorumcular\u0131 ekrana ta\u015f\u0131yan, ki\u015fi haklar\u0131na ayk\u0131r\u0131 tarafl\u0131 yay\u0131nc\u0131l\u0131k faaliyeti g\u00f6steren, devlet b\u00fcy\u00fcklerine, soru\u015fturmay\u0131 y\u00fcr\u00fcten yarg\u0131 mensuplar\u0131na, emniyet personeli ile kolluk kuvvetlerine hakaret ve tehditlere varan ifade ve yay\u0131nlara yer veren yay\u0131nc\u0131 kurulu\u015flarla ilgili uzun s\u00fcreli yay\u0131n durdurma dahil, lisans iptallerine varabilecek m\u00fceyyideler uygulanabilece\u011fi\u201d hat\u0131rlatmas\u0131nda bulunuldu\u011fu belirtilerek, dolay\u0131s\u0131yla RT\u00dcK\u2019\u00fcn uyar\u0131s\u0131n\u0131n canl\u0131 yay\u0131nlar\u0131n kesilmesi de\u011fil, mezkur kanun h\u00fck\u00fcmlerine riayet edilmesi y\u00f6n\u00fcnde oldu\u011fu bildirildi. Bir ba\u015fka manip\u00fcle haber \u201cPolis, g\u00f6stericilere &hellip;<\/p>","protected":false},"author":1,"featured_media":0,"comment_status":"","ping_status":"open","sticky":false,"template":"","format":"standard","meta":{"_acf_changed":false,"footnotes":""},"categories":[24],"tags":[],"class_list":["post-36616","post","type-post","status-publish","format-standard","has-post-thumbnail","hentry","category-gundem"],"acf":[],"yoast_head":"<!-- This site is optimized with the Yoast SEO Premium plugin v26.6 (Yoast SEO v27.1.1) - https:\/\/yoast.com\/product\/yoast-seo-premium-wordpress\/ -->\n<title>As\u0131ls\u0131z iddialara \u0130leti\u015fim&#039;den pe\u015f pe\u015fe a\u00e7\u0131klama - Av. Deniz Can K\u0131z\u0131l<\/title>\n<meta name=\"robots\" content=\"index, follow, max-snippet:-1, max-image-preview:large, max-video-preview:-1\" \/>\n<link rel=\"canonical\" href=\"http:\/\/denizcankizil.tr\/de\/haberler\/gundem\/asilsiz-iddialara-iletisimden-pes-pese-aciklama\/\" \/>\n<meta property=\"og:locale\" content=\"de_DE\" \/>\n<meta property=\"og:type\" content=\"article\" \/>\n<meta property=\"og:title\" content=\"As\u0131ls\u0131z iddialara \u0130leti\u015fim&#039;den pe\u015f pe\u015fe a\u00e7\u0131klama\" \/>\n<meta property=\"og:description\" content=\"\u0130stanbul B\u00fcy\u00fck\u015fehir Belediyesi soru\u015fturmas\u0131 s\u00fcrerken, sosyal medya hesaplar\u0131ndan payla\u015f\u0131lan iddialar\u0131n as\u0131ls\u0131zl\u0131\u011f\u0131na y\u00f6nelik \u0130leti\u015fim Ba\u015fkanl\u0131\u011f\u0131 Dezenformasyonla M\u00fccadele Merkezi&#8217;nden a\u00e7\u0131klamalar pe\u015f pe\u015fe geldi. RT\u00dcK taraf\u0131ndan televizyon yay\u0131nlar\u0131n\u0131n kesilmedi\u011fi, portakal gaz\u0131 kullan\u0131m\u0131 iddialar\u0131n\u0131n as\u0131ls\u0131z oldu\u011fu belirtilrdi. \u0130stanbul&#8217;a giri\u015f \u00e7\u0131k\u0131\u015f yasak haberlerinin de yanl\u0131\u015f oldu\u011fu ve yaln\u0131zca belirli ki\u015filere y\u00f6nelik tedbir al\u0131nd\u0131\u011f\u0131 kaydedildi.ANKARA (\u0130GFA) &#8211;\u00a0 \u0130stanbul B\u00fcy\u00fck\u015fehir Belediyesi soru\u015fturmas\u0131 esnas\u0131nda bir yandan eylemler s\u00fcrerken, di\u011fer yandan dezenformasyon i\u00e7erikli sosyal medya payla\u015f\u0131mlar\u0131 da yay\u0131lmaya devqam ediyor. S\u00f6z konusu iddialarla y\u00f6nelik a\u00e7\u0131klamalar \u0130leti\u015fim Ba\u015fkanl\u0131\u011f\u0131 Dezenformasyonla M\u00fccadele Merkezi&#8217;nce kamuoyuna duyuruluyor. Baz\u0131 bas\u0131n yay\u0131n organlar\u0131nda yer alan ve sosyal medya hesaplar\u0131ndan payla\u015f\u0131lan \u201cRT\u00dcK\u2019\u00fcn talimat\u0131yla televizyonlardaki t\u00fcm canl\u0131 yay\u0131nlar kesildi.\u201d iddias\u0131 do\u011fru olmad\u0131\u011f\u0131n\u0131n alt\u0131 \u00e7izilen a\u00e7\u0131klamalarda, Radyo ve Televizyon \u00dcst Kurulu (RT\u00dcK)&#8217;nun, 6112 Say\u0131l\u0131 Kanunun 8. Maddesi gere\u011fince \u201cKanun d\u0131\u015f\u0131nda yay\u0131n yapan, halk\u0131 soka\u011fa davet eden, illegal \u00f6rg\u00fctlerin s\u00f6zc\u00fcs\u00fc gibi beyanlarda bulunan yorumcular\u0131 ekrana ta\u015f\u0131yan, ki\u015fi haklar\u0131na ayk\u0131r\u0131 tarafl\u0131 yay\u0131nc\u0131l\u0131k faaliyeti g\u00f6steren, devlet b\u00fcy\u00fcklerine, soru\u015fturmay\u0131 y\u00fcr\u00fcten yarg\u0131 mensuplar\u0131na, emniyet personeli ile kolluk kuvvetlerine hakaret ve tehditlere varan ifade ve yay\u0131nlara yer veren yay\u0131nc\u0131 kurulu\u015flarla ilgili uzun s\u00fcreli yay\u0131n durdurma dahil, lisans iptallerine varabilecek m\u00fceyyideler uygulanabilece\u011fi\u201d hat\u0131rlatmas\u0131nda bulunuldu\u011fu belirtilerek, dolay\u0131s\u0131yla RT\u00dcK\u2019\u00fcn uyar\u0131s\u0131n\u0131n canl\u0131 yay\u0131nlar\u0131n kesilmesi de\u011fil, mezkur kanun h\u00fck\u00fcmlerine riayet edilmesi y\u00f6n\u00fcnde oldu\u011fu bildirildi. Bir ba\u015fka manip\u00fcle haber \u201cPolis, g\u00f6stericilere &hellip;\" \/>\n<meta property=\"og:url\" content=\"http:\/\/denizcankizil.tr\/de\/haberler\/gundem\/asilsiz-iddialara-iletisimden-pes-pese-aciklama\/\" \/>\n<meta property=\"og:site_name\" content=\"Av. Deniz Can K\u0131z\u0131l\" \/>\n<meta property=\"article:published_time\" content=\"2025-03-23T06:41:30+00:00\" \/>\n<meta name=\"author\" content=\"admin\" \/>\n<meta name=\"twitter:card\" content=\"summary_large_image\" \/>\n<meta name=\"twitter:label1\" content=\"Verfasst von\" \/>\n\t<meta name=\"twitter:data1\" content=\"admin\" \/>\n\t<meta name=\"twitter:label2\" content=\"Gesch\u00e4tzte Lesezeit\" \/>\n\t<meta name=\"twitter:data2\" content=\"5\u00a0Minuten\" \/>\n<script type=\"application\/ld+json\" class=\"yoast-schema-graph\">{\"@context\":\"https:\/\/schema.org\",\"@graph\":[{\"@type\":\"Article\",\"@id\":\"http:\/\/denizcankizil.tr\/de\/haberler\/gundem\/asilsiz-iddialara-iletisimden-pes-pese-aciklama\/#article\",\"isPartOf\":{\"@id\":\"http:\/\/denizcankizil.tr\/de\/haberler\/gundem\/asilsiz-iddialara-iletisimden-pes-pese-aciklama\/\"},\"author\":{\"name\":\"admin\",\"@id\":\"https:\/\/denizcankizil.tr\/de\/#\/schema\/person\/be3c05fe6a12686905512445d8185489\"},\"headline\":\"As\u0131ls\u0131z iddialara \u0130leti\u015fim&#8217;den pe\u015f pe\u015fe a\u00e7\u0131klama\",\"datePublished\":\"2025-03-23T06:41:30+00:00\",\"mainEntityOfPage\":{\"@id\":\"http:\/\/denizcankizil.tr\/de\/haberler\/gundem\/asilsiz-iddialara-iletisimden-pes-pese-aciklama\/\"},\"wordCount\":972,\"publisher\":{\"@id\":\"https:\/\/denizcankizil.tr\/de\/#organization\"},\"articleSection\":[\"G\u00fcndem\"],\"inLanguage\":\"de\"},{\"@type\":\"WebPage\",\"@id\":\"http:\/\/denizcankizil.tr\/de\/haberler\/gundem\/asilsiz-iddialara-iletisimden-pes-pese-aciklama\/\",\"url\":\"http:\/\/denizcankizil.tr\/de\/haberler\/gundem\/asilsiz-iddialara-iletisimden-pes-pese-aciklama\/\",\"name\":\"As\u0131ls\u0131z iddialara \u0130leti\u015fim'den pe\u015f pe\u015fe a\u00e7\u0131klama - Av. Deniz Can K\u0131z\u0131l\",\"isPartOf\":{\"@id\":\"https:\/\/denizcankizil.tr\/de\/#website\"},\"datePublished\":\"2025-03-23T06:41:30+00:00\",\"breadcrumb\":{\"@id\":\"http:\/\/denizcankizil.tr\/de\/haberler\/gundem\/asilsiz-iddialara-iletisimden-pes-pese-aciklama\/#breadcrumb\"},\"inLanguage\":\"de\",\"potentialAction\":[{\"@type\":\"ReadAction\",\"target\":[\"http:\/\/denizcankizil.tr\/de\/haberler\/gundem\/asilsiz-iddialara-iletisimden-pes-pese-aciklama\/\"]}]},{\"@type\":\"BreadcrumbList\",\"@id\":\"http:\/\/denizcankizil.tr\/de\/haberler\/gundem\/asilsiz-iddialara-iletisimden-pes-pese-aciklama\/#breadcrumb\",\"itemListElement\":[{\"@type\":\"ListItem\",\"position\":1,\"name\":\"Home\",\"item\":\"https:\/\/denizcankizil.tr\/de\/\"},{\"@type\":\"ListItem\",\"position\":2,\"name\":\"As\u0131ls\u0131z iddialara \u0130leti\u015fim&#8217;den pe\u015f pe\u015fe a\u00e7\u0131klama\"}]},{\"@type\":\"WebSite\",\"@id\":\"https:\/\/denizcankizil.tr\/de\/#website\",\"url\":\"https:\/\/denizcankizil.tr\/de\/\",\"name\":\"Av. Deniz Can K\u0131z\u0131l\",\"description\":\"Avukat Deniz Can K\u0131z\u0131l Antalya Barosu\",\"publisher\":{\"@id\":\"https:\/\/denizcankizil.tr\/de\/#organization\"},\"potentialAction\":[{\"@type\":\"SearchAction\",\"target\":{\"@type\":\"EntryPoint\",\"urlTemplate\":\"https:\/\/denizcankizil.tr\/de\/?s={search_term_string}\"},\"query-input\":{\"@type\":\"PropertyValueSpecification\",\"valueRequired\":true,\"valueName\":\"search_term_string\"}}],\"inLanguage\":\"de\"},{\"@type\":\"Organization\",\"@id\":\"https:\/\/denizcankizil.tr\/de\/#organization\",\"name\":\"Av. Deniz Can K\u0131z\u0131l\",\"url\":\"https:\/\/denizcankizil.tr\/de\/\",\"logo\":{\"@type\":\"ImageObject\",\"inLanguage\":\"de\",\"@id\":\"https:\/\/denizcankizil.tr\/de\/#\/schema\/logo\/image\/\",\"url\":\"http:\/\/denizcankizil.tr\/wp-content\/uploads\/2024\/10\/siyah-logo-svg.svg\",\"contentUrl\":\"http:\/\/denizcankizil.tr\/wp-content\/uploads\/2024\/10\/siyah-logo-svg.svg\",\"width\":1080,\"height\":1080,\"caption\":\"Av. Deniz Can K\u0131z\u0131l\"},\"image\":{\"@id\":\"https:\/\/denizcankizil.tr\/de\/#\/schema\/logo\/image\/\"}},{\"@type\":\"Person\",\"@id\":\"https:\/\/denizcankizil.tr\/de\/#\/schema\/person\/be3c05fe6a12686905512445d8185489\",\"name\":\"admin\",\"image\":{\"@type\":\"ImageObject\",\"inLanguage\":\"de\",\"@id\":\"https:\/\/denizcankizil.tr\/de\/#\/schema\/person\/image\/\",\"url\":\"https:\/\/secure.gravatar.com\/avatar\/c1fce94c830dc79107e174f890d7210541c4a63e8e5d816341794a2151c9d58c?s=96&d=mm&r=g\",\"contentUrl\":\"https:\/\/secure.gravatar.com\/avatar\/c1fce94c830dc79107e174f890d7210541c4a63e8e5d816341794a2151c9d58c?s=96&d=mm&r=g\",\"caption\":\"admin\"},\"sameAs\":[\"http:\/\/denizcankizil.tr\"],\"url\":\"https:\/\/www.iskenderun.org\/asilsiz-iddialara-iletisimden-pes-pese-aciklama\"}]}<\/script>\n<!-- \/ Yoast SEO Premium plugin. -->","yoast_head_json":{"title":"As\u0131ls\u0131z iddialara \u0130leti\u015fim'den pe\u015f pe\u015fe a\u00e7\u0131klama - Av. Deniz Can K\u0131z\u0131l","robots":{"index":"index","follow":"follow","max-snippet":"max-snippet:-1","max-image-preview":"max-image-preview:large","max-video-preview":"max-video-preview:-1"},"canonical":"http:\/\/denizcankizil.tr\/de\/haberler\/gundem\/asilsiz-iddialara-iletisimden-pes-pese-aciklama\/","og_locale":"de_DE","og_type":"article","og_title":"As\u0131ls\u0131z iddialara \u0130leti\u015fim'den pe\u015f pe\u015fe a\u00e7\u0131klama","og_description":"\u0130stanbul B\u00fcy\u00fck\u015fehir Belediyesi soru\u015fturmas\u0131 s\u00fcrerken, sosyal medya hesaplar\u0131ndan payla\u015f\u0131lan iddialar\u0131n as\u0131ls\u0131zl\u0131\u011f\u0131na y\u00f6nelik \u0130leti\u015fim Ba\u015fkanl\u0131\u011f\u0131 Dezenformasyonla M\u00fccadele Merkezi&#8217;nden a\u00e7\u0131klamalar pe\u015f pe\u015fe geldi. RT\u00dcK taraf\u0131ndan televizyon yay\u0131nlar\u0131n\u0131n kesilmedi\u011fi, portakal gaz\u0131 kullan\u0131m\u0131 iddialar\u0131n\u0131n as\u0131ls\u0131z oldu\u011fu belirtilrdi. \u0130stanbul&#8217;a giri\u015f \u00e7\u0131k\u0131\u015f yasak haberlerinin de yanl\u0131\u015f oldu\u011fu ve yaln\u0131zca belirli ki\u015filere y\u00f6nelik tedbir al\u0131nd\u0131\u011f\u0131 kaydedildi.ANKARA (\u0130GFA) &#8211;\u00a0 \u0130stanbul B\u00fcy\u00fck\u015fehir Belediyesi soru\u015fturmas\u0131 esnas\u0131nda bir yandan eylemler s\u00fcrerken, di\u011fer yandan dezenformasyon i\u00e7erikli sosyal medya payla\u015f\u0131mlar\u0131 da yay\u0131lmaya devqam ediyor. S\u00f6z konusu iddialarla y\u00f6nelik a\u00e7\u0131klamalar \u0130leti\u015fim Ba\u015fkanl\u0131\u011f\u0131 Dezenformasyonla M\u00fccadele Merkezi&#8217;nce kamuoyuna duyuruluyor. Baz\u0131 bas\u0131n yay\u0131n organlar\u0131nda yer alan ve sosyal medya hesaplar\u0131ndan payla\u015f\u0131lan \u201cRT\u00dcK\u2019\u00fcn talimat\u0131yla televizyonlardaki t\u00fcm canl\u0131 yay\u0131nlar kesildi.\u201d iddias\u0131 do\u011fru olmad\u0131\u011f\u0131n\u0131n alt\u0131 \u00e7izilen a\u00e7\u0131klamalarda, Radyo ve Televizyon \u00dcst Kurulu (RT\u00dcK)&#8217;nun, 6112 Say\u0131l\u0131 Kanunun 8. Maddesi gere\u011fince \u201cKanun d\u0131\u015f\u0131nda yay\u0131n yapan, halk\u0131 soka\u011fa davet eden, illegal \u00f6rg\u00fctlerin s\u00f6zc\u00fcs\u00fc gibi beyanlarda bulunan yorumcular\u0131 ekrana ta\u015f\u0131yan, ki\u015fi haklar\u0131na ayk\u0131r\u0131 tarafl\u0131 yay\u0131nc\u0131l\u0131k faaliyeti g\u00f6steren, devlet b\u00fcy\u00fcklerine, soru\u015fturmay\u0131 y\u00fcr\u00fcten yarg\u0131 mensuplar\u0131na, emniyet personeli ile kolluk kuvvetlerine hakaret ve tehditlere varan ifade ve yay\u0131nlara yer veren yay\u0131nc\u0131 kurulu\u015flarla ilgili uzun s\u00fcreli yay\u0131n durdurma dahil, lisans iptallerine varabilecek m\u00fceyyideler uygulanabilece\u011fi\u201d hat\u0131rlatmas\u0131nda bulunuldu\u011fu belirtilerek, dolay\u0131s\u0131yla RT\u00dcK\u2019\u00fcn uyar\u0131s\u0131n\u0131n canl\u0131 yay\u0131nlar\u0131n kesilmesi de\u011fil, mezkur kanun h\u00fck\u00fcmlerine riayet edilmesi y\u00f6n\u00fcnde oldu\u011fu bildirildi. Bir ba\u015fka manip\u00fcle haber \u201cPolis, g\u00f6stericilere &hellip;","og_url":"http:\/\/denizcankizil.tr\/de\/haberler\/gundem\/asilsiz-iddialara-iletisimden-pes-pese-aciklama\/","og_site_name":"Av. Deniz Can K\u0131z\u0131l","article_published_time":"2025-03-23T06:41:30+00:00","author":"admin","twitter_card":"summary_large_image","twitter_misc":{"Verfasst von":"admin","Gesch\u00e4tzte Lesezeit":"5\u00a0Minuten"},"schema":{"@context":"https:\/\/schema.org","@graph":[{"@type":"Article","@id":"http:\/\/denizcankizil.tr\/de\/haberler\/gundem\/asilsiz-iddialara-iletisimden-pes-pese-aciklama\/#article","isPartOf":{"@id":"http:\/\/denizcankizil.tr\/de\/haberler\/gundem\/asilsiz-iddialara-iletisimden-pes-pese-aciklama\/"},"author":{"name":"admin","@id":"https:\/\/denizcankizil.tr\/de\/#\/schema\/person\/be3c05fe6a12686905512445d8185489"},"headline":"As\u0131ls\u0131z iddialara \u0130leti\u015fim&#8217;den pe\u015f pe\u015fe a\u00e7\u0131klama","datePublished":"2025-03-23T06:41:30+00:00","mainEntityOfPage":{"@id":"http:\/\/denizcankizil.tr\/de\/haberler\/gundem\/asilsiz-iddialara-iletisimden-pes-pese-aciklama\/"},"wordCount":972,"publisher":{"@id":"https:\/\/denizcankizil.tr\/de\/#organization"},"articleSection":["G\u00fcndem"],"inLanguage":"de"},{"@type":"WebPage","@id":"http:\/\/denizcankizil.tr\/de\/haberler\/gundem\/asilsiz-iddialara-iletisimden-pes-pese-aciklama\/","url":"http:\/\/denizcankizil.tr\/de\/haberler\/gundem\/asilsiz-iddialara-iletisimden-pes-pese-aciklama\/","name":"As\u0131ls\u0131z iddialara \u0130leti\u015fim'den pe\u015f pe\u015fe a\u00e7\u0131klama - Av. Deniz Can K\u0131z\u0131l","isPartOf":{"@id":"https:\/\/denizcankizil.tr\/de\/#website"},"datePublished":"2025-03-23T06:41:30+00:00","breadcrumb":{"@id":"http:\/\/denizcankizil.tr\/de\/haberler\/gundem\/asilsiz-iddialara-iletisimden-pes-pese-aciklama\/#breadcrumb"},"inLanguage":"de","potentialAction":[{"@type":"ReadAction","target":["http:\/\/denizcankizil.tr\/de\/haberler\/gundem\/asilsiz-iddialara-iletisimden-pes-pese-aciklama\/"]}]},{"@type":"BreadcrumbList","@id":"http:\/\/denizcankizil.tr\/de\/haberler\/gundem\/asilsiz-iddialara-iletisimden-pes-pese-aciklama\/#breadcrumb","itemListElement":[{"@type":"ListItem","position":1,"name":"Home","item":"https:\/\/denizcankizil.tr\/de\/"},{"@type":"ListItem","position":2,"name":"As\u0131ls\u0131z iddialara \u0130leti\u015fim&#8217;den pe\u015f pe\u015fe a\u00e7\u0131klama"}]},{"@type":"WebSite","@id":"https:\/\/denizcankizil.tr\/de\/#website","url":"https:\/\/denizcankizil.tr\/de\/","name":"Av. Deniz Can K\u0131z\u0131l","description":"Avukat Deniz Can K\u0131z\u0131l Antalya Barosu","publisher":{"@id":"https:\/\/denizcankizil.tr\/de\/#organization"},"potentialAction":[{"@type":"SearchAction","target":{"@type":"EntryPoint","urlTemplate":"https:\/\/denizcankizil.tr\/de\/?s={search_term_string}"},"query-input":{"@type":"PropertyValueSpecification","valueRequired":true,"valueName":"search_term_string"}}],"inLanguage":"de"},{"@type":"Organization","@id":"https:\/\/denizcankizil.tr\/de\/#organization","name":"Av. Deniz Can K\u0131z\u0131l","url":"https:\/\/denizcankizil.tr\/de\/","logo":{"@type":"ImageObject","inLanguage":"de","@id":"https:\/\/denizcankizil.tr\/de\/#\/schema\/logo\/image\/","url":"http:\/\/denizcankizil.tr\/wp-content\/uploads\/2024\/10\/siyah-logo-svg.svg","contentUrl":"http:\/\/denizcankizil.tr\/wp-content\/uploads\/2024\/10\/siyah-logo-svg.svg","width":1080,"height":1080,"caption":"Av. Deniz Can K\u0131z\u0131l"},"image":{"@id":"https:\/\/denizcankizil.tr\/de\/#\/schema\/logo\/image\/"}},{"@type":"Person","@id":"https:\/\/denizcankizil.tr\/de\/#\/schema\/person\/be3c05fe6a12686905512445d8185489","name":"Administrator","image":{"@type":"ImageObject","inLanguage":"de","@id":"https:\/\/denizcankizil.tr\/de\/#\/schema\/person\/image\/","url":"https:\/\/secure.gravatar.com\/avatar\/c1fce94c830dc79107e174f890d7210541c4a63e8e5d816341794a2151c9d58c?s=96&d=mm&r=g","contentUrl":"https:\/\/secure.gravatar.com\/avatar\/c1fce94c830dc79107e174f890d7210541c4a63e8e5d816341794a2151c9d58c?s=96&d=mm&r=g","caption":"admin"},"sameAs":["http:\/\/denizcankizil.tr"],"url":"https:\/\/www.iskenderun.org\/asilsiz-iddialara-iletisimden-pes-pese-aciklama"}]}},"_links":{"self":[{"href":"http:\/\/denizcankizil.tr\/de\/wp-json\/wp\/v2\/posts\/36616","targetHints":{"allow":["GET"]}}],"collection":[{"href":"http:\/\/denizcankizil.tr\/de\/wp-json\/wp\/v2\/posts"}],"about":[{"href":"http:\/\/denizcankizil.tr\/de\/wp-json\/wp\/v2\/types\/post"}],"author":[{"embeddable":true,"href":"http:\/\/denizcankizil.tr\/de\/wp-json\/wp\/v2\/users\/1"}],"replies":[{"embeddable":true,"href":"http:\/\/denizcankizil.tr\/de\/wp-json\/wp\/v2\/comments?post=36616"}],"version-history":[{"count":0,"href":"http:\/\/denizcankizil.tr\/de\/wp-json\/wp\/v2\/posts\/36616\/revisions"}],"wp:attachment":[{"href":"http:\/\/denizcankizil.tr\/de\/wp-json\/wp\/v2\/media?parent=36616"}],"wp:term":[{"taxonomy":"category","embeddable":true,"href":"http:\/\/denizcankizil.tr\/de\/wp-json\/wp\/v2\/categories?post=36616"},{"taxonomy":"post_tag","embeddable":true,"href":"http:\/\/denizcankizil.tr\/de\/wp-json\/wp\/v2\/tags?post=36616"}],"curies":[{"name":"wp","href":"https:\/\/api.w.org\/{rel}","templated":true}]}}