{"id":36291,"date":"2025-03-19T13:41:15","date_gmt":"2025-03-19T10:41:15","guid":{"rendered":"https:\/\/denizcankizil.tr\/uncategorized-tr\/atsodan-genclere-destek\/"},"modified":"2025-03-19T13:41:15","modified_gmt":"2025-03-19T10:41:15","slug":"atsodan-genclere-destek","status":"publish","type":"post","link":"http:\/\/denizcankizil.tr\/de\/haberler\/antalya\/atsodan-genclere-destek\/","title":{"rendered":"ATSO\u2019dan gen\u00e7lere destek"},"content":{"rendered":"<p>Antalya Ticaret ve Sanayi Odas\u0131 (ATSO), Avrupa Birli\u011fi&#8217;nin Tek Pazar Program\u0131 kapsam\u0131nda desteklenen &#8220;Gen\u00e7 Giri\u015fimciler \u0130\u00e7in Erasmus&#8221; (Erasmus for Young Entrepreneurs) program\u0131na d\u00e2hil olarak gen\u00e7 giri\u015fimcilere uluslararas\u0131 deneyim kazand\u0131racak \u00f6nemli bir projeye imza att\u0131. &#8220;Eye-Wind For Wings&#8221; ad\u0131 verilen proje kapsam\u0131nda, ATSO, \u0130sve\u00e7, \u0130talya, Portekiz ve Fransa\u2019da \u00f6nde gelen kurumlarla i\u015f birli\u011fi yaparak gen\u00e7 giri\u015fimcilerin Avrupa\u2019daki deneyimli giri\u015fimcilerle bir araya gelmesini sa\u011flayacak.<br \/>\nATSO Ba\u015fkan\u0131 Yusuf Hac\u0131s\u00fcleyman, projenin Antalya\u2019n\u0131n giri\u015fimcilik ekosistemine b\u00fcy\u00fck katk\u0131 sa\u011flayaca\u011f\u0131n\u0131 vurgulayarak, &#8220;ATSO olarak, gen\u00e7 giri\u015fimcilerimizin \u00f6n\u00fcn\u00fc a\u00e7mak, onlar\u0131 k\u00fcresel \u00f6l\u00e7ekte rekabet edebilir hale getirmek ve uluslararas\u0131 pazarlarda g\u00fc\u00e7l\u00fc ba\u011flant\u0131lar kurmalar\u0131n\u0131 sa\u011flamak ad\u0131na bu projeye b\u00fcy\u00fck \u00f6nem veriyoruz. Bu program, gen\u00e7 giri\u015fimcilerimize hem bilgi hem de network a\u00e7\u0131s\u0131ndan b\u00fcy\u00fck avantajlar sunacak&#8221; dedi.<\/p>\n<p>&#8220;Uluslararas\u0131 i\u015f birli\u011fiyle g\u00fc\u00e7l\u00fc bir a\u011f kurulacak&#8221;<br \/>\nAvrupa Birli\u011fi taraf\u0131ndan desteklenen ve 15 y\u0131l\u0131 a\u015fk\u0131n s\u00fcredir ba\u015far\u0131l\u0131 s\u0131n\u0131r \u00f6tesi de\u011fi\u015fimler ger\u00e7ekle\u015ftiren bu program, yeni bir giri\u015fim ba\u015flatmak isteyen veya h\u00e2lihaz\u0131rda 3 y\u0131ldan az s\u00fcredir faaliyette olan giri\u015fimcilerin yeni pazarlara a\u00e7\u0131lmalar\u0131na, pratik i\u015f bilgileri edinmelerine, becerilerini geli\u015ftirmelerine ve i\u015fletmelerinin b\u00fcy\u00fcmesini destekleyecek uluslararas\u0131 ba\u011flant\u0131lar kurmalar\u0131na imkan sa\u011flayacak.<br \/>\nATSO\u2019nun projede arac\u0131 kurum olarak g\u00f6rev alaca\u011f\u0131n\u0131 belirten Ba\u015fkan Hac\u0131s\u00fcleyman, 31 Ocak 2028\u2019e kadar s\u00fcrecek bu \u00fc\u00e7 y\u0131ll\u0131k s\u00fcre\u00e7te gen\u00e7 giri\u015fimcilerin Avrupa\u2019daki ev sahibi giri\u015fimcilerle e\u015fle\u015ftirilmesi, i\u015f planlar\u0131n\u0131n geli\u015ftirilmesi, uluslararas\u0131 deneyim kazanmalar\u0131 ve s\u00fcrecin yak\u0131ndan takip edilmesi konular\u0131nda destek sa\u011flayacaklar\u0131n\u0131 vurgulad\u0131. Ba\u015fkan Hac\u0131s\u00fcleyman, \u015fu ifadelere yer verdi:<br \/>\n&#8220;Program, giri\u015fimcilerimize yaln\u0131zca Avrupa pazarlar\u0131na a\u00e7\u0131lma f\u0131rsat\u0131 sunmakla kalmayacak, ayn\u0131 zamanda i\u015f y\u00f6netimi becerilerini geli\u015ftirmelerine ve uluslararas\u0131 i\u015f k\u00fclt\u00fcr\u00fcn\u00fc deneyimlemelerine de katk\u0131 sa\u011flayacak. ATSO olarak s\u00fcrecin en ba\u015f\u0131ndan itibaren gen\u00e7 giri\u015fimcilerimizin yan\u0131nda olaca\u011f\u0131z. Onlar\u0131 Avrupa\u2019daki en iyi mentorlarla bulu\u015fturarak i\u015flerini ileriye ta\u015f\u0131malar\u0131 i\u00e7in gerekli deste\u011fi verece\u011fiz.&#8221;<\/p>\n<p>Ba\u015fvuru \u015fartlar\u0131<br \/>\nGen\u00e7 giri\u015fimcilerin uluslararas\u0131 deneyim kazanmas\u0131n\u0131 hedefleyen projeye, \u015firket kurmay\u0131 planlayan veya son \u00fc\u00e7 y\u0131l i\u00e7inde kendi i\u015fini kurmu\u015f olan giri\u015fimciler ba\u015fvurabilecek. Program i\u00e7in herhangi bir ya\u015f veya sekt\u00f6r k\u0131s\u0131tlamas\u0131 bulunmazken, kat\u0131l\u0131mc\u0131lar\u0131n 18 ya\u015f\u0131ndan b\u00fcy\u00fck olmas\u0131 \u015fart\u0131 aran\u0131yor. Programa kat\u0131lmak isteyen giri\u015fimcilerin somut bir i\u015f fikrine sahip olmalar\u0131 ve bu fikri detayland\u0131r\u0131lm\u0131\u015f bir i\u015f plan\u0131 ile sunmalar\u0131 gerekiyor. Ba\u015fvuran giri\u015fimciler, Avrupa\u2019daki deneyimli i\u015f insanlar\u0131yla e\u015fle\u015ferek 1 ila 6 ay s\u00fcresince ev sahibi giri\u015fimcinin yan\u0131nda e\u011fitim alacak. Bu s\u00fcre\u00e7te, gidilecek \u00fclkedeki ev sahibi giri\u015fimciyle i\u015fbirli\u011fi yapmalar\u0131 ve i\u015fletmenin geli\u015fimine katk\u0131da bulunmalar\u0131 bekleniyor. Program kapsam\u0131nda, yurt d\u0131\u015f\u0131 deneyimi boyunca giri\u015fimcilerin masraflar\u0131 uygun \u015fekilde program fonlar\u0131yla kar\u015f\u0131lanacak.<br \/>\nBa\u015fkan Hac\u0131s\u00fcleyman, gen\u00e7 giri\u015fimcilere projeye kat\u0131lmalar\u0131 i\u00e7in \u00e7a\u011fr\u0131da bulunarak, &#8220;Bu program, gen\u00e7 giri\u015fimcilerimizin gelece\u011fe g\u00fc\u00e7l\u00fc ad\u0131mlarla ilerlemeleri i\u00e7in b\u00fcy\u00fck bir f\u0131rsat. ATSO olarak bu s\u00fcre\u00e7te onlar\u0131n yan\u0131nda olmaya devam edece\u011fiz&#8221; diye konu\u015ftu.<br \/>\nPrograma kay\u0131t yapt\u0131rmak ve detayl\u0131 bilgi almak isteyen giri\u015fimciler, https:\/\/www.erasmus-entrepreneurs.eu\/ adresini ziyaret edebilirler.<\/p>\n<p>Kaynak: www.kanalv.com.tr Haber Sitesinden Al\u0131nm\u0131\u015ft\u0131r.<\/p>","protected":false},"excerpt":{"rendered":"<p>Antalya Ticaret ve Sanayi Odas\u0131 (ATSO), Avrupa Birli\u011fi&#8217;nin Tek Pazar Program\u0131 kapsam\u0131nda desteklenen &#8220;Gen\u00e7 Giri\u015fimciler \u0130\u00e7in Erasmus&#8221; (Erasmus for Young Entrepreneurs) program\u0131na d\u00e2hil olarak gen\u00e7 giri\u015fimcilere uluslararas\u0131 deneyim kazand\u0131racak \u00f6nemli bir projeye imza att\u0131. &#8220;Eye-Wind For Wings&#8221; ad\u0131 verilen proje kapsam\u0131nda, ATSO, \u0130sve\u00e7, \u0130talya, Portekiz ve Fransa\u2019da \u00f6nde gelen kurumlarla i\u015f birli\u011fi yaparak gen\u00e7 giri\u015fimcilerin Avrupa\u2019daki deneyimli giri\u015fimcilerle bir araya gelmesini sa\u011flayacak. ATSO Ba\u015fkan\u0131 Yusuf Hac\u0131s\u00fcleyman, projenin Antalya\u2019n\u0131n giri\u015fimcilik ekosistemine b\u00fcy\u00fck katk\u0131 sa\u011flayaca\u011f\u0131n\u0131 vurgulayarak, &#8220;ATSO olarak, gen\u00e7 giri\u015fimcilerimizin \u00f6n\u00fcn\u00fc a\u00e7mak, onlar\u0131 k\u00fcresel \u00f6l\u00e7ekte rekabet edebilir hale getirmek ve uluslararas\u0131 pazarlarda g\u00fc\u00e7l\u00fc ba\u011flant\u0131lar kurmalar\u0131n\u0131 sa\u011flamak ad\u0131na bu projeye b\u00fcy\u00fck \u00f6nem veriyoruz. Bu program, gen\u00e7 giri\u015fimcilerimize hem bilgi hem de network a\u00e7\u0131s\u0131ndan b\u00fcy\u00fck avantajlar sunacak&#8221; dedi. &#8220;Uluslararas\u0131 i\u015f birli\u011fiyle g\u00fc\u00e7l\u00fc bir a\u011f kurulacak&#8221; Avrupa Birli\u011fi taraf\u0131ndan desteklenen ve 15 y\u0131l\u0131 a\u015fk\u0131n s\u00fcredir ba\u015far\u0131l\u0131 s\u0131n\u0131r \u00f6tesi de\u011fi\u015fimler ger\u00e7ekle\u015ftiren bu program, yeni bir giri\u015fim ba\u015flatmak isteyen veya h\u00e2lihaz\u0131rda 3 y\u0131ldan az s\u00fcredir faaliyette olan giri\u015fimcilerin yeni pazarlara a\u00e7\u0131lmalar\u0131na, pratik i\u015f bilgileri edinmelerine, becerilerini geli\u015ftirmelerine ve i\u015fletmelerinin b\u00fcy\u00fcmesini destekleyecek uluslararas\u0131 ba\u011flant\u0131lar kurmalar\u0131na imkan sa\u011flayacak. ATSO\u2019nun projede arac\u0131 kurum olarak g\u00f6rev alaca\u011f\u0131n\u0131 belirten Ba\u015fkan Hac\u0131s\u00fcleyman, 31 Ocak 2028\u2019e kadar s\u00fcrecek bu \u00fc\u00e7 y\u0131ll\u0131k s\u00fcre\u00e7te gen\u00e7 giri\u015fimcilerin Avrupa\u2019daki ev sahibi giri\u015fimcilerle e\u015fle\u015ftirilmesi, i\u015f planlar\u0131n\u0131n geli\u015ftirilmesi, uluslararas\u0131 deneyim &hellip;<\/p>","protected":false},"author":4,"featured_media":36292,"comment_status":"","ping_status":"open","sticky":false,"template":"","format":"standard","meta":{"_acf_changed":false,"footnotes":""},"categories":[26],"tags":[],"class_list":["post-36291","post","type-post","status-publish","format-standard","has-post-thumbnail","hentry","category-antalya"],"acf":[],"yoast_head":"<!-- This site is optimized with the Yoast SEO Premium plugin v26.6 (Yoast SEO v27.1.1) - https:\/\/yoast.com\/product\/yoast-seo-premium-wordpress\/ -->\n<title>ATSO\u2019dan gen\u00e7lere destek - Av. Deniz Can K\u0131z\u0131l<\/title>\n<meta name=\"robots\" content=\"index, follow, max-snippet:-1, max-image-preview:large, max-video-preview:-1\" \/>\n<link rel=\"canonical\" href=\"https:\/\/denizcankizil.tr\/de\/haberler\/antalya\/atsodan-genclere-destek\/\" \/>\n<meta property=\"og:locale\" content=\"de_DE\" \/>\n<meta property=\"og:type\" content=\"article\" \/>\n<meta property=\"og:title\" content=\"ATSO\u2019dan gen\u00e7lere destek\" \/>\n<meta property=\"og:description\" content=\"Antalya Ticaret ve Sanayi Odas\u0131 (ATSO), Avrupa Birli\u011fi&#8217;nin Tek Pazar Program\u0131 kapsam\u0131nda desteklenen &#8220;Gen\u00e7 Giri\u015fimciler \u0130\u00e7in Erasmus&#8221; (Erasmus for Young Entrepreneurs) program\u0131na d\u00e2hil olarak gen\u00e7 giri\u015fimcilere uluslararas\u0131 deneyim kazand\u0131racak \u00f6nemli bir projeye imza att\u0131. &#8220;Eye-Wind For Wings&#8221; ad\u0131 verilen proje kapsam\u0131nda, ATSO, \u0130sve\u00e7, \u0130talya, Portekiz ve Fransa\u2019da \u00f6nde gelen kurumlarla i\u015f birli\u011fi yaparak gen\u00e7 giri\u015fimcilerin Avrupa\u2019daki deneyimli giri\u015fimcilerle bir araya gelmesini sa\u011flayacak. ATSO Ba\u015fkan\u0131 Yusuf Hac\u0131s\u00fcleyman, projenin Antalya\u2019n\u0131n giri\u015fimcilik ekosistemine b\u00fcy\u00fck katk\u0131 sa\u011flayaca\u011f\u0131n\u0131 vurgulayarak, &#8220;ATSO olarak, gen\u00e7 giri\u015fimcilerimizin \u00f6n\u00fcn\u00fc a\u00e7mak, onlar\u0131 k\u00fcresel \u00f6l\u00e7ekte rekabet edebilir hale getirmek ve uluslararas\u0131 pazarlarda g\u00fc\u00e7l\u00fc ba\u011flant\u0131lar kurmalar\u0131n\u0131 sa\u011flamak ad\u0131na bu projeye b\u00fcy\u00fck \u00f6nem veriyoruz. Bu program, gen\u00e7 giri\u015fimcilerimize hem bilgi hem de network a\u00e7\u0131s\u0131ndan b\u00fcy\u00fck avantajlar sunacak&#8221; dedi. &#8220;Uluslararas\u0131 i\u015f birli\u011fiyle g\u00fc\u00e7l\u00fc bir a\u011f kurulacak&#8221; Avrupa Birli\u011fi taraf\u0131ndan desteklenen ve 15 y\u0131l\u0131 a\u015fk\u0131n s\u00fcredir ba\u015far\u0131l\u0131 s\u0131n\u0131r \u00f6tesi de\u011fi\u015fimler ger\u00e7ekle\u015ftiren bu program, yeni bir giri\u015fim ba\u015flatmak isteyen veya h\u00e2lihaz\u0131rda 3 y\u0131ldan az s\u00fcredir faaliyette olan giri\u015fimcilerin yeni pazarlara a\u00e7\u0131lmalar\u0131na, pratik i\u015f bilgileri edinmelerine, becerilerini geli\u015ftirmelerine ve i\u015fletmelerinin b\u00fcy\u00fcmesini destekleyecek uluslararas\u0131 ba\u011flant\u0131lar kurmalar\u0131na imkan sa\u011flayacak. ATSO\u2019nun projede arac\u0131 kurum olarak g\u00f6rev alaca\u011f\u0131n\u0131 belirten Ba\u015fkan Hac\u0131s\u00fcleyman, 31 Ocak 2028\u2019e kadar s\u00fcrecek bu \u00fc\u00e7 y\u0131ll\u0131k s\u00fcre\u00e7te gen\u00e7 giri\u015fimcilerin Avrupa\u2019daki ev sahibi giri\u015fimcilerle e\u015fle\u015ftirilmesi, i\u015f planlar\u0131n\u0131n geli\u015ftirilmesi, uluslararas\u0131 deneyim &hellip;\" \/>\n<meta property=\"og:url\" content=\"https:\/\/denizcankizil.tr\/de\/haberler\/antalya\/atsodan-genclere-destek\/\" \/>\n<meta property=\"og:site_name\" content=\"Av. Deniz Can K\u0131z\u0131l\" \/>\n<meta property=\"article:published_time\" content=\"2025-03-19T10:41:15+00:00\" \/>\n<meta property=\"og:image\" content=\"https:\/\/denizcankizil.tr\/wp-content\/uploads\/2025\/03\/5591-01-2Lod9X.jpeg\" \/>\n\t<meta property=\"og:image:width\" content=\"1280\" \/>\n\t<meta property=\"og:image:height\" content=\"720\" \/>\n\t<meta property=\"og:image:type\" content=\"image\/jpeg\" \/>\n<meta name=\"author\" content=\"Av. Deniz Can K\u0131z\u0131l\" \/>\n<meta name=\"twitter:card\" content=\"summary_large_image\" \/>\n<meta name=\"twitter:label1\" content=\"Verfasst von\" \/>\n\t<meta name=\"twitter:data1\" content=\"Av. Deniz Can K\u0131z\u0131l\" \/>\n\t<meta name=\"twitter:label2\" content=\"Gesch\u00e4tzte Lesezeit\" \/>\n\t<meta name=\"twitter:data2\" content=\"3\u00a0Minuten\" \/>\n<script type=\"application\/ld+json\" class=\"yoast-schema-graph\">{\"@context\":\"https:\/\/schema.org\",\"@graph\":[{\"@type\":\"Article\",\"@id\":\"https:\/\/denizcankizil.tr\/uk\/haberler\/antalya\/atsodan-genclere-destek\/#article\",\"isPartOf\":{\"@id\":\"https:\/\/denizcankizil.tr\/uk\/haberler\/antalya\/atsodan-genclere-destek\/\"},\"author\":{\"name\":\"Av. Deniz Can K\u0131z\u0131l\",\"@id\":\"https:\/\/denizcankizil.tr\/#\/schema\/person\/5dc1b22991bd7ac833867c10afc9b0ff\"},\"headline\":\"ATSO\u2019dan gen\u00e7lere destek\",\"datePublished\":\"2025-03-19T10:41:15+00:00\",\"mainEntityOfPage\":{\"@id\":\"https:\/\/denizcankizil.tr\/uk\/haberler\/antalya\/atsodan-genclere-destek\/\"},\"wordCount\":620,\"publisher\":{\"@id\":\"https:\/\/denizcankizil.tr\/#organization\"},\"image\":{\"@id\":\"https:\/\/denizcankizil.tr\/uk\/haberler\/antalya\/atsodan-genclere-destek\/#primaryimage\"},\"thumbnailUrl\":\"http:\/\/denizcankizil.tr\/wp-content\/uploads\/2025\/03\/5591-01-2Lod9X.jpeg\",\"articleSection\":[\"Antalya\"],\"inLanguage\":\"de\"},{\"@type\":\"WebPage\",\"@id\":\"https:\/\/denizcankizil.tr\/uk\/haberler\/antalya\/atsodan-genclere-destek\/\",\"url\":\"https:\/\/denizcankizil.tr\/uk\/haberler\/antalya\/atsodan-genclere-destek\/\",\"name\":\"ATSO\u2019dan gen\u00e7lere destek - Av. Deniz Can K\u0131z\u0131l\",\"isPartOf\":{\"@id\":\"https:\/\/denizcankizil.tr\/#website\"},\"primaryImageOfPage\":{\"@id\":\"https:\/\/denizcankizil.tr\/uk\/haberler\/antalya\/atsodan-genclere-destek\/#primaryimage\"},\"image\":{\"@id\":\"https:\/\/denizcankizil.tr\/uk\/haberler\/antalya\/atsodan-genclere-destek\/#primaryimage\"},\"thumbnailUrl\":\"http:\/\/denizcankizil.tr\/wp-content\/uploads\/2025\/03\/5591-01-2Lod9X.jpeg\",\"datePublished\":\"2025-03-19T10:41:15+00:00\",\"breadcrumb\":{\"@id\":\"https:\/\/denizcankizil.tr\/uk\/haberler\/antalya\/atsodan-genclere-destek\/#breadcrumb\"},\"inLanguage\":\"de\",\"potentialAction\":[{\"@type\":\"ReadAction\",\"target\":[\"https:\/\/denizcankizil.tr\/uk\/haberler\/antalya\/atsodan-genclere-destek\/\"]}]},{\"@type\":\"ImageObject\",\"inLanguage\":\"de\",\"@id\":\"https:\/\/denizcankizil.tr\/uk\/haberler\/antalya\/atsodan-genclere-destek\/#primaryimage\",\"url\":\"http:\/\/denizcankizil.tr\/wp-content\/uploads\/2025\/03\/5591-01-2Lod9X.jpeg\",\"contentUrl\":\"http:\/\/denizcankizil.tr\/wp-content\/uploads\/2025\/03\/5591-01-2Lod9X.jpeg\",\"width\":1280,\"height\":720},{\"@type\":\"BreadcrumbList\",\"@id\":\"https:\/\/denizcankizil.tr\/uk\/haberler\/antalya\/atsodan-genclere-destek\/#breadcrumb\",\"itemListElement\":[{\"@type\":\"ListItem\",\"position\":1,\"name\":\"Home\",\"item\":\"https:\/\/denizcankizil.tr\/de\/\"},{\"@type\":\"ListItem\",\"position\":2,\"name\":\"ATSO\u2019dan gen\u00e7lere destek\"}]},{\"@type\":\"WebSite\",\"@id\":\"https:\/\/denizcankizil.tr\/#website\",\"url\":\"https:\/\/denizcankizil.tr\/\",\"name\":\"Av. Deniz Can K\u0131z\u0131l\",\"description\":\"Avukat Deniz Can K\u0131z\u0131l Antalya Barosu\",\"publisher\":{\"@id\":\"https:\/\/denizcankizil.tr\/#organization\"},\"potentialAction\":[{\"@type\":\"SearchAction\",\"target\":{\"@type\":\"EntryPoint\",\"urlTemplate\":\"https:\/\/denizcankizil.tr\/?s={search_term_string}\"},\"query-input\":{\"@type\":\"PropertyValueSpecification\",\"valueRequired\":true,\"valueName\":\"search_term_string\"}}],\"inLanguage\":\"de\"},{\"@type\":\"Organization\",\"@id\":\"https:\/\/denizcankizil.tr\/#organization\",\"name\":\"Av. Deniz Can K\u0131z\u0131l\",\"url\":\"https:\/\/denizcankizil.tr\/\",\"logo\":{\"@type\":\"ImageObject\",\"inLanguage\":\"de\",\"@id\":\"https:\/\/denizcankizil.tr\/#\/schema\/logo\/image\/\",\"url\":\"http:\/\/denizcankizil.tr\/wp-content\/uploads\/2024\/10\/siyah-logo-svg.svg\",\"contentUrl\":\"http:\/\/denizcankizil.tr\/wp-content\/uploads\/2024\/10\/siyah-logo-svg.svg\",\"width\":1080,\"height\":1080,\"caption\":\"Av. Deniz Can K\u0131z\u0131l\"},\"image\":{\"@id\":\"https:\/\/denizcankizil.tr\/#\/schema\/logo\/image\/\"}},{\"@type\":\"Person\",\"@id\":\"https:\/\/denizcankizil.tr\/#\/schema\/person\/5dc1b22991bd7ac833867c10afc9b0ff\",\"name\":\"Av. Deniz Can K\u0131z\u0131l\",\"image\":{\"@type\":\"ImageObject\",\"inLanguage\":\"de\",\"@id\":\"https:\/\/denizcankizil.tr\/#\/schema\/person\/image\/\",\"url\":\"https:\/\/secure.gravatar.com\/avatar\/a0b128fb9855c79efc976d5640eedb31dc35ec297594d6016d2cf7c60e975bb6?s=96&d=mm&r=g\",\"contentUrl\":\"https:\/\/secure.gravatar.com\/avatar\/a0b128fb9855c79efc976d5640eedb31dc35ec297594d6016d2cf7c60e975bb6?s=96&d=mm&r=g\",\"caption\":\"Av. Deniz Can K\u0131z\u0131l\"},\"sameAs\":[\"http:\/\/www.denizcankizil.tr\"],\"url\":\"http:\/\/denizcankizil.tr\/de\/author\/denizcankizil\/\"}]}<\/script>\n<!-- \/ Yoast SEO Premium plugin. -->","yoast_head_json":{"title":"ATSO\u2019dan gen\u00e7lere destek - Av. Deniz Can K\u0131z\u0131l","robots":{"index":"index","follow":"follow","max-snippet":"max-snippet:-1","max-image-preview":"max-image-preview:large","max-video-preview":"max-video-preview:-1"},"canonical":"https:\/\/denizcankizil.tr\/de\/haberler\/antalya\/atsodan-genclere-destek\/","og_locale":"de_DE","og_type":"article","og_title":"ATSO\u2019dan gen\u00e7lere destek","og_description":"Antalya Ticaret ve Sanayi Odas\u0131 (ATSO), Avrupa Birli\u011fi&#8217;nin Tek Pazar Program\u0131 kapsam\u0131nda desteklenen &#8220;Gen\u00e7 Giri\u015fimciler \u0130\u00e7in Erasmus&#8221; (Erasmus for Young Entrepreneurs) program\u0131na d\u00e2hil olarak gen\u00e7 giri\u015fimcilere uluslararas\u0131 deneyim kazand\u0131racak \u00f6nemli bir projeye imza att\u0131. &#8220;Eye-Wind For Wings&#8221; ad\u0131 verilen proje kapsam\u0131nda, ATSO, \u0130sve\u00e7, \u0130talya, Portekiz ve Fransa\u2019da \u00f6nde gelen kurumlarla i\u015f birli\u011fi yaparak gen\u00e7 giri\u015fimcilerin Avrupa\u2019daki deneyimli giri\u015fimcilerle bir araya gelmesini sa\u011flayacak. ATSO Ba\u015fkan\u0131 Yusuf Hac\u0131s\u00fcleyman, projenin Antalya\u2019n\u0131n giri\u015fimcilik ekosistemine b\u00fcy\u00fck katk\u0131 sa\u011flayaca\u011f\u0131n\u0131 vurgulayarak, &#8220;ATSO olarak, gen\u00e7 giri\u015fimcilerimizin \u00f6n\u00fcn\u00fc a\u00e7mak, onlar\u0131 k\u00fcresel \u00f6l\u00e7ekte rekabet edebilir hale getirmek ve uluslararas\u0131 pazarlarda g\u00fc\u00e7l\u00fc ba\u011flant\u0131lar kurmalar\u0131n\u0131 sa\u011flamak ad\u0131na bu projeye b\u00fcy\u00fck \u00f6nem veriyoruz. Bu program, gen\u00e7 giri\u015fimcilerimize hem bilgi hem de network a\u00e7\u0131s\u0131ndan b\u00fcy\u00fck avantajlar sunacak&#8221; dedi. &#8220;Uluslararas\u0131 i\u015f birli\u011fiyle g\u00fc\u00e7l\u00fc bir a\u011f kurulacak&#8221; Avrupa Birli\u011fi taraf\u0131ndan desteklenen ve 15 y\u0131l\u0131 a\u015fk\u0131n s\u00fcredir ba\u015far\u0131l\u0131 s\u0131n\u0131r \u00f6tesi de\u011fi\u015fimler ger\u00e7ekle\u015ftiren bu program, yeni bir giri\u015fim ba\u015flatmak isteyen veya h\u00e2lihaz\u0131rda 3 y\u0131ldan az s\u00fcredir faaliyette olan giri\u015fimcilerin yeni pazarlara a\u00e7\u0131lmalar\u0131na, pratik i\u015f bilgileri edinmelerine, becerilerini geli\u015ftirmelerine ve i\u015fletmelerinin b\u00fcy\u00fcmesini destekleyecek uluslararas\u0131 ba\u011flant\u0131lar kurmalar\u0131na imkan sa\u011flayacak. ATSO\u2019nun projede arac\u0131 kurum olarak g\u00f6rev alaca\u011f\u0131n\u0131 belirten Ba\u015fkan Hac\u0131s\u00fcleyman, 31 Ocak 2028\u2019e kadar s\u00fcrecek bu \u00fc\u00e7 y\u0131ll\u0131k s\u00fcre\u00e7te gen\u00e7 giri\u015fimcilerin Avrupa\u2019daki ev sahibi giri\u015fimcilerle e\u015fle\u015ftirilmesi, i\u015f planlar\u0131n\u0131n geli\u015ftirilmesi, uluslararas\u0131 deneyim &hellip;","og_url":"https:\/\/denizcankizil.tr\/de\/haberler\/antalya\/atsodan-genclere-destek\/","og_site_name":"Av. Deniz Can K\u0131z\u0131l","article_published_time":"2025-03-19T10:41:15+00:00","og_image":[{"width":1280,"height":720,"url":"https:\/\/denizcankizil.tr\/wp-content\/uploads\/2025\/03\/5591-01-2Lod9X.jpeg","type":"image\/jpeg"}],"author":"Av. Deniz Can K\u0131z\u0131l","twitter_card":"summary_large_image","twitter_misc":{"Verfasst von":"Av. Deniz Can K\u0131z\u0131l","Gesch\u00e4tzte Lesezeit":"3\u00a0Minuten"},"schema":{"@context":"https:\/\/schema.org","@graph":[{"@type":"Article","@id":"https:\/\/denizcankizil.tr\/uk\/haberler\/antalya\/atsodan-genclere-destek\/#article","isPartOf":{"@id":"https:\/\/denizcankizil.tr\/uk\/haberler\/antalya\/atsodan-genclere-destek\/"},"author":{"name":"Av. Deniz Can K\u0131z\u0131l","@id":"https:\/\/denizcankizil.tr\/#\/schema\/person\/5dc1b22991bd7ac833867c10afc9b0ff"},"headline":"ATSO\u2019dan gen\u00e7lere destek","datePublished":"2025-03-19T10:41:15+00:00","mainEntityOfPage":{"@id":"https:\/\/denizcankizil.tr\/uk\/haberler\/antalya\/atsodan-genclere-destek\/"},"wordCount":620,"publisher":{"@id":"https:\/\/denizcankizil.tr\/#organization"},"image":{"@id":"https:\/\/denizcankizil.tr\/uk\/haberler\/antalya\/atsodan-genclere-destek\/#primaryimage"},"thumbnailUrl":"http:\/\/denizcankizil.tr\/wp-content\/uploads\/2025\/03\/5591-01-2Lod9X.jpeg","articleSection":["Antalya"],"inLanguage":"de"},{"@type":"WebPage","@id":"https:\/\/denizcankizil.tr\/uk\/haberler\/antalya\/atsodan-genclere-destek\/","url":"https:\/\/denizcankizil.tr\/uk\/haberler\/antalya\/atsodan-genclere-destek\/","name":"ATSO\u2019dan gen\u00e7lere destek - Av. Deniz Can K\u0131z\u0131l","isPartOf":{"@id":"https:\/\/denizcankizil.tr\/#website"},"primaryImageOfPage":{"@id":"https:\/\/denizcankizil.tr\/uk\/haberler\/antalya\/atsodan-genclere-destek\/#primaryimage"},"image":{"@id":"https:\/\/denizcankizil.tr\/uk\/haberler\/antalya\/atsodan-genclere-destek\/#primaryimage"},"thumbnailUrl":"http:\/\/denizcankizil.tr\/wp-content\/uploads\/2025\/03\/5591-01-2Lod9X.jpeg","datePublished":"2025-03-19T10:41:15+00:00","breadcrumb":{"@id":"https:\/\/denizcankizil.tr\/uk\/haberler\/antalya\/atsodan-genclere-destek\/#breadcrumb"},"inLanguage":"de","potentialAction":[{"@type":"ReadAction","target":["https:\/\/denizcankizil.tr\/uk\/haberler\/antalya\/atsodan-genclere-destek\/"]}]},{"@type":"ImageObject","inLanguage":"de","@id":"https:\/\/denizcankizil.tr\/uk\/haberler\/antalya\/atsodan-genclere-destek\/#primaryimage","url":"http:\/\/denizcankizil.tr\/wp-content\/uploads\/2025\/03\/5591-01-2Lod9X.jpeg","contentUrl":"http:\/\/denizcankizil.tr\/wp-content\/uploads\/2025\/03\/5591-01-2Lod9X.jpeg","width":1280,"height":720},{"@type":"BreadcrumbList","@id":"https:\/\/denizcankizil.tr\/uk\/haberler\/antalya\/atsodan-genclere-destek\/#breadcrumb","itemListElement":[{"@type":"ListItem","position":1,"name":"Home","item":"https:\/\/denizcankizil.tr\/de\/"},{"@type":"ListItem","position":2,"name":"ATSO\u2019dan gen\u00e7lere destek"}]},{"@type":"WebSite","@id":"https:\/\/denizcankizil.tr\/#website","url":"https:\/\/denizcankizil.tr\/","name":"Av. Deniz Can K\u0131z\u0131l","description":"Avukat Deniz Can K\u0131z\u0131l Antalya Barosu","publisher":{"@id":"https:\/\/denizcankizil.tr\/#organization"},"potentialAction":[{"@type":"SearchAction","target":{"@type":"EntryPoint","urlTemplate":"https:\/\/denizcankizil.tr\/?s={search_term_string}"},"query-input":{"@type":"PropertyValueSpecification","valueRequired":true,"valueName":"search_term_string"}}],"inLanguage":"de"},{"@type":"Organization","@id":"https:\/\/denizcankizil.tr\/#organization","name":"Av. Deniz Can K\u0131z\u0131l","url":"https:\/\/denizcankizil.tr\/","logo":{"@type":"ImageObject","inLanguage":"de","@id":"https:\/\/denizcankizil.tr\/#\/schema\/logo\/image\/","url":"http:\/\/denizcankizil.tr\/wp-content\/uploads\/2024\/10\/siyah-logo-svg.svg","contentUrl":"http:\/\/denizcankizil.tr\/wp-content\/uploads\/2024\/10\/siyah-logo-svg.svg","width":1080,"height":1080,"caption":"Av. Deniz Can K\u0131z\u0131l"},"image":{"@id":"https:\/\/denizcankizil.tr\/#\/schema\/logo\/image\/"}},{"@type":"Person","@id":"https:\/\/denizcankizil.tr\/#\/schema\/person\/5dc1b22991bd7ac833867c10afc9b0ff","name":"Av. Deniz Can K\u0131z\u0131l","image":{"@type":"ImageObject","inLanguage":"de","@id":"https:\/\/denizcankizil.tr\/#\/schema\/person\/image\/","url":"https:\/\/secure.gravatar.com\/avatar\/a0b128fb9855c79efc976d5640eedb31dc35ec297594d6016d2cf7c60e975bb6?s=96&d=mm&r=g","contentUrl":"https:\/\/secure.gravatar.com\/avatar\/a0b128fb9855c79efc976d5640eedb31dc35ec297594d6016d2cf7c60e975bb6?s=96&d=mm&r=g","caption":"Av. Deniz Can K\u0131z\u0131l"},"sameAs":["http:\/\/www.denizcankizil.tr"],"url":"http:\/\/denizcankizil.tr\/de\/author\/denizcankizil\/"}]}},"_links":{"self":[{"href":"http:\/\/denizcankizil.tr\/de\/wp-json\/wp\/v2\/posts\/36291","targetHints":{"allow":["GET"]}}],"collection":[{"href":"http:\/\/denizcankizil.tr\/de\/wp-json\/wp\/v2\/posts"}],"about":[{"href":"http:\/\/denizcankizil.tr\/de\/wp-json\/wp\/v2\/types\/post"}],"author":[{"embeddable":true,"href":"http:\/\/denizcankizil.tr\/de\/wp-json\/wp\/v2\/users\/4"}],"replies":[{"embeddable":true,"href":"http:\/\/denizcankizil.tr\/de\/wp-json\/wp\/v2\/comments?post=36291"}],"version-history":[{"count":0,"href":"http:\/\/denizcankizil.tr\/de\/wp-json\/wp\/v2\/posts\/36291\/revisions"}],"wp:featuredmedia":[{"embeddable":true,"href":"http:\/\/denizcankizil.tr\/de\/wp-json\/wp\/v2\/media\/36292"}],"wp:attachment":[{"href":"http:\/\/denizcankizil.tr\/de\/wp-json\/wp\/v2\/media?parent=36291"}],"wp:term":[{"taxonomy":"category","embeddable":true,"href":"http:\/\/denizcankizil.tr\/de\/wp-json\/wp\/v2\/categories?post=36291"},{"taxonomy":"post_tag","embeddable":true,"href":"http:\/\/denizcankizil.tr\/de\/wp-json\/wp\/v2\/tags?post=36291"}],"curies":[{"name":"wp","href":"https:\/\/api.w.org\/{rel}","templated":true}]}}