{"id":36289,"date":"2025-03-19T12:42:22","date_gmt":"2025-03-19T09:42:22","guid":{"rendered":"https:\/\/denizcankizil.tr\/uncategorized-tr\/chp-antalya-attalos-heykelinde-bulusuyor\/"},"modified":"2025-03-19T12:42:22","modified_gmt":"2025-03-19T09:42:22","slug":"chp-antalya-attalos-heykelinde-bulusuyor","status":"publish","type":"post","link":"http:\/\/denizcankizil.tr\/de\/haberler\/gundem\/chp-antalya-attalos-heykelinde-bulusuyor\/","title":{"rendered":"CHP Antalya, Attalos Heykeli&#8217;nde bulu\u015fuyor"},"content":{"rendered":"<p>Bug\u00fcn sabah saatlerinde CHP&#8217;de para sayma g\u00f6r\u00fcnt\u00fcleri ve \u201cKent uzla\u015f\u0131s\u0131\u201d soru\u015fturmalar\u0131 kapsam\u0131nda aralar\u0131nda \u0130BB Ba\u015fkan\u0131 ve Cumhurba\u015fkan\u0131 Aday Aday\u0131 Ekrem \u0130mamo\u011flu, Murat Ongun, Tuncay Y\u0131lmaz, Fatih Kele\u015f, Ertan Y\u0131ld\u0131z, \u015ei\u015fli Belediye Ba\u015fkan\u0131 Resul Emrah \u015eahan, \u0130BB Genel Sekter Yard\u0131mc\u0131s\u0131 Mahir Polat, Reform Enstit\u00fcs\u00fc Ba\u015fkan\u0131 Mehmet Ali \u00c7al\u0131\u015fkan&#8217;\u0131n da aralar\u0131nda oldu\u011fu 106 \u015f\u00fcpheli hakk\u0131nda g\u00f6zalt\u0131 karar\u0131 verildi. G\u00f6zalt\u0131lara ili\u015fkin olarak CHP Antalya \u0130l Ba\u015fkanl\u0131\u011f\u0131 bug\u00fcn saat 14:00\u2019da t\u00fcm partilileri, Attalos Heykeli \u00f6n\u00fcne davet etti.\u00a0\u00a0<\/p>\n<p>T\u00dcM PART\u0130L\u0130LER\u0130M\u0130Z\u0130 \u0130L BA\u015eKANLI\u011eI \u00d6N\u00dcNE DAVET ED\u0130YORUM<\/p>\n<p>Cumhuriyet Halk Partisi Antalya \u0130l Ba\u015fkan\u0131 Nail Kamac\u0131, \u0130stanbul B\u00fcy\u00fck\u015fehir Belediye Ba\u015fkan\u0131 CHP Cumhurba\u015fkan\u0131 Aday Aday\u0131 Ekrem \u0130mamo\u011flu\u2019nun sabah saatlerinde g\u00f6zalt\u0131na al\u0131nmas\u0131n\u0131n ard\u0131ndan ola\u011fan\u00fcst\u00fc saatlerin ya\u015fand\u0131\u011f\u0131na dikkat \u00e7ekti. Kamac\u0131, \u201cYa\u015fanan s\u00fcrece ili\u015fkin olarak bug\u00fcn saat 14:00\u2019da t\u00fcm partililerimizi Attalos Heykeli \u00f6n\u00fcne davet ediyorum. Parti MYK toplat\u0131\u015f\u0131ndan \u00e7\u0131kacak kararlar do\u011frultusunda kamuoyuna a\u00e7\u0131klamalar\u0131m\u0131z\u0131 yapaca\u011f\u0131z\u201d diye konu\u015ftu.\u00a0<\/p>\n<p>\u0130STANBUL\u2019DA K\u0130 YASAK \u00dcLKE GENEL\u0130NE YAYILACAK MI?<\/p>\n<p>\u0130stanbul Valili\u011fi, kent genelinde 4 g\u00fcn s\u00fcreyle her t\u00fcrl\u00fc toplant\u0131, g\u00f6steri ve bas\u0131n a\u00e7\u0131klamas\u0131n\u0131n yasakland\u0131\u011f\u0131n\u0131 bildirdi. Valilikten yap\u0131lan yaz\u0131l\u0131 a\u00e7\u0131klamada, &#8220;Valili\u011fimizce il genelinde kamu d\u00fczenini muhafaza etmek ve olu\u015fabilecek provokatif eylemlerin \u00f6n\u00fcne ge\u00e7mek i\u00e7in 19-23 Mart tarihleri aras\u0131nda 4 g\u00fcn s\u00fcreyle her t\u00fcrl\u00fc toplant\u0131, g\u00f6steri ve bas\u0131n a\u00e7\u0131klamas\u0131 yasaklanm\u0131\u015ft\u0131r\u201d ifadesi kullan\u0131ld\u0131. Eylem ve g\u00f6steri yasaklar\u0131n\u0131n di\u011fer illerde de al\u0131n\u0131p al\u0131nmayaca\u011f\u0131 hen\u00fcz netlik kazanmad\u0131. Antalya\u2019da CHP \u0130l Y\u00f6netimi parti genel merkezinin alaca\u011f\u0131 kararlar do\u011frultusunda ad\u0131mlar atacak.<\/p>\n<p>\u200b\u0130BB Ba\u015fkan\u0131 ve CHP Cumhurba\u015fkan\u0131 aday aday\u0131 Ekrem \u0130mamo\u011flu\u2019nun sabah saatlerinde g\u00f6zalt\u0131na al\u0131nmas\u0131na y\u00f6nelik tepkiler devam ediyor. CHP Antalya \u0130l Ba\u015fkan\u0131 Nail Kamac\u0131, \u201cG\u00f6zalt\u0131na ili\u015fkin olarak CHP MYK toplant\u0131 halinde. Bizler de t\u00fcm partililerimizi bug\u00fcn saat 14:00\u2019da Attalos Heykeli \u00f6n\u00fcne bekliyoruz\u201d dedi.\u00a0<\/p>\n<p>\u200bHaberin Al\u0131nt\u0131land\u0131\u011f\u0131 Kaynak: www.antalyakorfez.com<\/p>","protected":false},"excerpt":{"rendered":"<p>Bug\u00fcn sabah saatlerinde CHP&#8217;de para sayma g\u00f6r\u00fcnt\u00fcleri ve \u201cKent uzla\u015f\u0131s\u0131\u201d soru\u015fturmalar\u0131 kapsam\u0131nda aralar\u0131nda \u0130BB Ba\u015fkan\u0131 ve Cumhurba\u015fkan\u0131 Aday Aday\u0131 Ekrem \u0130mamo\u011flu, Murat Ongun, Tuncay Y\u0131lmaz, Fatih Kele\u015f, Ertan Y\u0131ld\u0131z, \u015ei\u015fli Belediye Ba\u015fkan\u0131 Resul Emrah \u015eahan, \u0130BB Genel Sekter Yard\u0131mc\u0131s\u0131 Mahir Polat, Reform Enstit\u00fcs\u00fc Ba\u015fkan\u0131 Mehmet Ali \u00c7al\u0131\u015fkan&#8217;\u0131n da aralar\u0131nda oldu\u011fu 106 \u015f\u00fcpheli hakk\u0131nda g\u00f6zalt\u0131 karar\u0131 verildi. G\u00f6zalt\u0131lara ili\u015fkin olarak CHP Antalya \u0130l Ba\u015fkanl\u0131\u011f\u0131 bug\u00fcn saat 14:00\u2019da t\u00fcm partilileri, Attalos Heykeli \u00f6n\u00fcne davet etti.\u00a0\u00a0 T\u00dcM PART\u0130L\u0130LER\u0130M\u0130Z\u0130 \u0130L BA\u015eKANLI\u011eI \u00d6N\u00dcNE DAVET ED\u0130YORUM Cumhuriyet Halk Partisi Antalya \u0130l Ba\u015fkan\u0131 Nail Kamac\u0131, \u0130stanbul B\u00fcy\u00fck\u015fehir Belediye Ba\u015fkan\u0131 CHP Cumhurba\u015fkan\u0131 Aday Aday\u0131 Ekrem \u0130mamo\u011flu\u2019nun sabah saatlerinde g\u00f6zalt\u0131na al\u0131nmas\u0131n\u0131n ard\u0131ndan ola\u011fan\u00fcst\u00fc saatlerin ya\u015fand\u0131\u011f\u0131na dikkat \u00e7ekti. Kamac\u0131, \u201cYa\u015fanan s\u00fcrece ili\u015fkin olarak bug\u00fcn saat 14:00\u2019da t\u00fcm partililerimizi Attalos Heykeli \u00f6n\u00fcne davet ediyorum. Parti MYK toplat\u0131\u015f\u0131ndan \u00e7\u0131kacak kararlar do\u011frultusunda kamuoyuna a\u00e7\u0131klamalar\u0131m\u0131z\u0131 yapaca\u011f\u0131z\u201d diye konu\u015ftu.\u00a0 \u0130STANBUL\u2019DA K\u0130 YASAK \u00dcLKE GENEL\u0130NE YAYILACAK MI? \u0130stanbul Valili\u011fi, kent genelinde 4 g\u00fcn s\u00fcreyle her t\u00fcrl\u00fc toplant\u0131, g\u00f6steri ve bas\u0131n a\u00e7\u0131klamas\u0131n\u0131n yasakland\u0131\u011f\u0131n\u0131 bildirdi. Valilikten yap\u0131lan yaz\u0131l\u0131 a\u00e7\u0131klamada, &#8220;Valili\u011fimizce il genelinde kamu d\u00fczenini muhafaza etmek ve olu\u015fabilecek provokatif eylemlerin \u00f6n\u00fcne ge\u00e7mek i\u00e7in 19-23 Mart tarihleri aras\u0131nda 4 g\u00fcn s\u00fcreyle her t\u00fcrl\u00fc toplant\u0131, g\u00f6steri ve bas\u0131n a\u00e7\u0131klamas\u0131 yasaklanm\u0131\u015ft\u0131r\u201d ifadesi kullan\u0131ld\u0131. Eylem ve g\u00f6steri yasaklar\u0131n\u0131n di\u011fer illerde de al\u0131n\u0131p &hellip;<\/p>","protected":false},"author":5,"featured_media":0,"comment_status":"","ping_status":"open","sticky":false,"template":"","format":"standard","meta":{"_acf_changed":false,"footnotes":""},"categories":[24],"tags":[],"class_list":["post-36289","post","type-post","status-publish","format-standard","has-post-thumbnail","hentry","category-gundem"],"acf":[],"yoast_head":"<!-- This site is optimized with the Yoast SEO Premium plugin v26.6 (Yoast SEO v27.1.1) - https:\/\/yoast.com\/product\/yoast-seo-premium-wordpress\/ -->\n<title>CHP Antalya, Attalos Heykeli&#039;nde bulu\u015fuyor - Av. Deniz Can K\u0131z\u0131l<\/title>\n<meta name=\"robots\" content=\"index, follow, max-snippet:-1, max-image-preview:large, max-video-preview:-1\" \/>\n<link rel=\"canonical\" href=\"http:\/\/denizcankizil.tr\/de\/haberler\/gundem\/chp-antalya-attalos-heykelinde-bulusuyor\/\" \/>\n<meta property=\"og:locale\" content=\"de_DE\" \/>\n<meta property=\"og:type\" content=\"article\" \/>\n<meta property=\"og:title\" content=\"CHP Antalya, Attalos Heykeli&#039;nde bulu\u015fuyor\" \/>\n<meta property=\"og:description\" content=\"Bug\u00fcn sabah saatlerinde CHP&#8217;de para sayma g\u00f6r\u00fcnt\u00fcleri ve \u201cKent uzla\u015f\u0131s\u0131\u201d soru\u015fturmalar\u0131 kapsam\u0131nda aralar\u0131nda \u0130BB Ba\u015fkan\u0131 ve Cumhurba\u015fkan\u0131 Aday Aday\u0131 Ekrem \u0130mamo\u011flu, Murat Ongun, Tuncay Y\u0131lmaz, Fatih Kele\u015f, Ertan Y\u0131ld\u0131z, \u015ei\u015fli Belediye Ba\u015fkan\u0131 Resul Emrah \u015eahan, \u0130BB Genel Sekter Yard\u0131mc\u0131s\u0131 Mahir Polat, Reform Enstit\u00fcs\u00fc Ba\u015fkan\u0131 Mehmet Ali \u00c7al\u0131\u015fkan&#8217;\u0131n da aralar\u0131nda oldu\u011fu 106 \u015f\u00fcpheli hakk\u0131nda g\u00f6zalt\u0131 karar\u0131 verildi. G\u00f6zalt\u0131lara ili\u015fkin olarak CHP Antalya \u0130l Ba\u015fkanl\u0131\u011f\u0131 bug\u00fcn saat 14:00\u2019da t\u00fcm partilileri, Attalos Heykeli \u00f6n\u00fcne davet etti.\u00a0\u00a0 T\u00dcM PART\u0130L\u0130LER\u0130M\u0130Z\u0130 \u0130L BA\u015eKANLI\u011eI \u00d6N\u00dcNE DAVET ED\u0130YORUM Cumhuriyet Halk Partisi Antalya \u0130l Ba\u015fkan\u0131 Nail Kamac\u0131, \u0130stanbul B\u00fcy\u00fck\u015fehir Belediye Ba\u015fkan\u0131 CHP Cumhurba\u015fkan\u0131 Aday Aday\u0131 Ekrem \u0130mamo\u011flu\u2019nun sabah saatlerinde g\u00f6zalt\u0131na al\u0131nmas\u0131n\u0131n ard\u0131ndan ola\u011fan\u00fcst\u00fc saatlerin ya\u015fand\u0131\u011f\u0131na dikkat \u00e7ekti. Kamac\u0131, \u201cYa\u015fanan s\u00fcrece ili\u015fkin olarak bug\u00fcn saat 14:00\u2019da t\u00fcm partililerimizi Attalos Heykeli \u00f6n\u00fcne davet ediyorum. Parti MYK toplat\u0131\u015f\u0131ndan \u00e7\u0131kacak kararlar do\u011frultusunda kamuoyuna a\u00e7\u0131klamalar\u0131m\u0131z\u0131 yapaca\u011f\u0131z\u201d diye konu\u015ftu.\u00a0 \u0130STANBUL\u2019DA K\u0130 YASAK \u00dcLKE GENEL\u0130NE YAYILACAK MI? \u0130stanbul Valili\u011fi, kent genelinde 4 g\u00fcn s\u00fcreyle her t\u00fcrl\u00fc toplant\u0131, g\u00f6steri ve bas\u0131n a\u00e7\u0131klamas\u0131n\u0131n yasakland\u0131\u011f\u0131n\u0131 bildirdi. Valilikten yap\u0131lan yaz\u0131l\u0131 a\u00e7\u0131klamada, &#8220;Valili\u011fimizce il genelinde kamu d\u00fczenini muhafaza etmek ve olu\u015fabilecek provokatif eylemlerin \u00f6n\u00fcne ge\u00e7mek i\u00e7in 19-23 Mart tarihleri aras\u0131nda 4 g\u00fcn s\u00fcreyle her t\u00fcrl\u00fc toplant\u0131, g\u00f6steri ve bas\u0131n a\u00e7\u0131klamas\u0131 yasaklanm\u0131\u015ft\u0131r\u201d ifadesi kullan\u0131ld\u0131. Eylem ve g\u00f6steri yasaklar\u0131n\u0131n di\u011fer illerde de al\u0131n\u0131p &hellip;\" \/>\n<meta property=\"og:url\" content=\"http:\/\/denizcankizil.tr\/de\/haberler\/gundem\/chp-antalya-attalos-heykelinde-bulusuyor\/\" \/>\n<meta property=\"og:site_name\" content=\"Av. Deniz Can K\u0131z\u0131l\" \/>\n<meta property=\"article:published_time\" content=\"2025-03-19T09:42:22+00:00\" \/>\n<meta name=\"author\" content=\"Antalya K\u00f6rfez\" \/>\n<meta name=\"twitter:card\" content=\"summary_large_image\" \/>\n<meta name=\"twitter:label1\" content=\"Verfasst von\" \/>\n\t<meta name=\"twitter:data1\" content=\"Antalya K\u00f6rfez\" \/>\n\t<meta name=\"twitter:label2\" content=\"Gesch\u00e4tzte Lesezeit\" \/>\n\t<meta name=\"twitter:data2\" content=\"2\u00a0Minuten\" \/>\n<script type=\"application\/ld+json\" class=\"yoast-schema-graph\">{\"@context\":\"https:\/\/schema.org\",\"@graph\":[{\"@type\":\"Article\",\"@id\":\"http:\/\/denizcankizil.tr\/de\/haberler\/gundem\/chp-antalya-attalos-heykelinde-bulusuyor\/#article\",\"isPartOf\":{\"@id\":\"http:\/\/denizcankizil.tr\/de\/haberler\/gundem\/chp-antalya-attalos-heykelinde-bulusuyor\/\"},\"author\":{\"name\":\"Antalya K\u00f6rfez\",\"@id\":\"https:\/\/denizcankizil.tr\/#\/schema\/person\/e1eb71bb4dd684d46563f0af307e1234\"},\"headline\":\"CHP Antalya, Attalos Heykeli&#8217;nde bulu\u015fuyor\",\"datePublished\":\"2025-03-19T09:42:22+00:00\",\"mainEntityOfPage\":{\"@id\":\"http:\/\/denizcankizil.tr\/de\/haberler\/gundem\/chp-antalya-attalos-heykelinde-bulusuyor\/\"},\"wordCount\":403,\"publisher\":{\"@id\":\"https:\/\/denizcankizil.tr\/#organization\"},\"articleSection\":[\"G\u00fcndem\"],\"inLanguage\":\"de\"},{\"@type\":\"WebPage\",\"@id\":\"http:\/\/denizcankizil.tr\/de\/haberler\/gundem\/chp-antalya-attalos-heykelinde-bulusuyor\/\",\"url\":\"http:\/\/denizcankizil.tr\/de\/haberler\/gundem\/chp-antalya-attalos-heykelinde-bulusuyor\/\",\"name\":\"CHP Antalya, Attalos Heykeli'nde bulu\u015fuyor - Av. Deniz Can K\u0131z\u0131l\",\"isPartOf\":{\"@id\":\"https:\/\/denizcankizil.tr\/#website\"},\"datePublished\":\"2025-03-19T09:42:22+00:00\",\"breadcrumb\":{\"@id\":\"http:\/\/denizcankizil.tr\/de\/haberler\/gundem\/chp-antalya-attalos-heykelinde-bulusuyor\/#breadcrumb\"},\"inLanguage\":\"de\",\"potentialAction\":[{\"@type\":\"ReadAction\",\"target\":[\"http:\/\/denizcankizil.tr\/de\/haberler\/gundem\/chp-antalya-attalos-heykelinde-bulusuyor\/\"]}]},{\"@type\":\"BreadcrumbList\",\"@id\":\"http:\/\/denizcankizil.tr\/de\/haberler\/gundem\/chp-antalya-attalos-heykelinde-bulusuyor\/#breadcrumb\",\"itemListElement\":[{\"@type\":\"ListItem\",\"position\":1,\"name\":\"Home\",\"item\":\"https:\/\/denizcankizil.tr\/de\/\"},{\"@type\":\"ListItem\",\"position\":2,\"name\":\"CHP Antalya, Attalos Heykeli&#8217;nde bulu\u015fuyor\"}]},{\"@type\":\"WebSite\",\"@id\":\"https:\/\/denizcankizil.tr\/#website\",\"url\":\"https:\/\/denizcankizil.tr\/\",\"name\":\"Av. Deniz Can K\u0131z\u0131l\",\"description\":\"Avukat Deniz Can K\u0131z\u0131l Antalya Barosu\",\"publisher\":{\"@id\":\"https:\/\/denizcankizil.tr\/#organization\"},\"potentialAction\":[{\"@type\":\"SearchAction\",\"target\":{\"@type\":\"EntryPoint\",\"urlTemplate\":\"https:\/\/denizcankizil.tr\/?s={search_term_string}\"},\"query-input\":{\"@type\":\"PropertyValueSpecification\",\"valueRequired\":true,\"valueName\":\"search_term_string\"}}],\"inLanguage\":\"de\"},{\"@type\":\"Organization\",\"@id\":\"https:\/\/denizcankizil.tr\/#organization\",\"name\":\"Av. Deniz Can K\u0131z\u0131l\",\"url\":\"https:\/\/denizcankizil.tr\/\",\"logo\":{\"@type\":\"ImageObject\",\"inLanguage\":\"de\",\"@id\":\"https:\/\/denizcankizil.tr\/#\/schema\/logo\/image\/\",\"url\":\"http:\/\/denizcankizil.tr\/wp-content\/uploads\/2024\/10\/siyah-logo-svg.svg\",\"contentUrl\":\"http:\/\/denizcankizil.tr\/wp-content\/uploads\/2024\/10\/siyah-logo-svg.svg\",\"width\":1080,\"height\":1080,\"caption\":\"Av. Deniz Can K\u0131z\u0131l\"},\"image\":{\"@id\":\"https:\/\/denizcankizil.tr\/#\/schema\/logo\/image\/\"}},{\"@type\":\"Person\",\"@id\":\"https:\/\/denizcankizil.tr\/#\/schema\/person\/e1eb71bb4dd684d46563f0af307e1234\",\"name\":\"Antalya K\u00f6rfez\",\"image\":{\"@type\":\"ImageObject\",\"inLanguage\":\"de\",\"@id\":\"https:\/\/denizcankizil.tr\/#\/schema\/person\/image\/\",\"url\":\"https:\/\/secure.gravatar.com\/avatar\/42b01982558a48a0b501fdcab6a408d3717ea5919095ee2e67b0e521799c5905?s=96&d=mm&r=g\",\"contentUrl\":\"https:\/\/secure.gravatar.com\/avatar\/42b01982558a48a0b501fdcab6a408d3717ea5919095ee2e67b0e521799c5905?s=96&d=mm&r=g\",\"caption\":\"Antalya K\u00f6rfez\"},\"sameAs\":[\"http:\/\/www.antalyakorfez.com\"],\"url\":\"https:\/\/www.antalyakorfez.com\/chp-antalya-attalos-heykelinde-bulusuyor\"}]}<\/script>\n<!-- \/ Yoast SEO Premium plugin. -->","yoast_head_json":{"title":"CHP Antalya, Attalos Heykeli'nde bulu\u015fuyor - Av. Deniz Can K\u0131z\u0131l","robots":{"index":"index","follow":"follow","max-snippet":"max-snippet:-1","max-image-preview":"max-image-preview:large","max-video-preview":"max-video-preview:-1"},"canonical":"http:\/\/denizcankizil.tr\/de\/haberler\/gundem\/chp-antalya-attalos-heykelinde-bulusuyor\/","og_locale":"de_DE","og_type":"article","og_title":"CHP Antalya, Attalos Heykeli'nde bulu\u015fuyor","og_description":"Bug\u00fcn sabah saatlerinde CHP&#8217;de para sayma g\u00f6r\u00fcnt\u00fcleri ve \u201cKent uzla\u015f\u0131s\u0131\u201d soru\u015fturmalar\u0131 kapsam\u0131nda aralar\u0131nda \u0130BB Ba\u015fkan\u0131 ve Cumhurba\u015fkan\u0131 Aday Aday\u0131 Ekrem \u0130mamo\u011flu, Murat Ongun, Tuncay Y\u0131lmaz, Fatih Kele\u015f, Ertan Y\u0131ld\u0131z, \u015ei\u015fli Belediye Ba\u015fkan\u0131 Resul Emrah \u015eahan, \u0130BB Genel Sekter Yard\u0131mc\u0131s\u0131 Mahir Polat, Reform Enstit\u00fcs\u00fc Ba\u015fkan\u0131 Mehmet Ali \u00c7al\u0131\u015fkan&#8217;\u0131n da aralar\u0131nda oldu\u011fu 106 \u015f\u00fcpheli hakk\u0131nda g\u00f6zalt\u0131 karar\u0131 verildi. G\u00f6zalt\u0131lara ili\u015fkin olarak CHP Antalya \u0130l Ba\u015fkanl\u0131\u011f\u0131 bug\u00fcn saat 14:00\u2019da t\u00fcm partilileri, Attalos Heykeli \u00f6n\u00fcne davet etti.\u00a0\u00a0 T\u00dcM PART\u0130L\u0130LER\u0130M\u0130Z\u0130 \u0130L BA\u015eKANLI\u011eI \u00d6N\u00dcNE DAVET ED\u0130YORUM Cumhuriyet Halk Partisi Antalya \u0130l Ba\u015fkan\u0131 Nail Kamac\u0131, \u0130stanbul B\u00fcy\u00fck\u015fehir Belediye Ba\u015fkan\u0131 CHP Cumhurba\u015fkan\u0131 Aday Aday\u0131 Ekrem \u0130mamo\u011flu\u2019nun sabah saatlerinde g\u00f6zalt\u0131na al\u0131nmas\u0131n\u0131n ard\u0131ndan ola\u011fan\u00fcst\u00fc saatlerin ya\u015fand\u0131\u011f\u0131na dikkat \u00e7ekti. Kamac\u0131, \u201cYa\u015fanan s\u00fcrece ili\u015fkin olarak bug\u00fcn saat 14:00\u2019da t\u00fcm partililerimizi Attalos Heykeli \u00f6n\u00fcne davet ediyorum. Parti MYK toplat\u0131\u015f\u0131ndan \u00e7\u0131kacak kararlar do\u011frultusunda kamuoyuna a\u00e7\u0131klamalar\u0131m\u0131z\u0131 yapaca\u011f\u0131z\u201d diye konu\u015ftu.\u00a0 \u0130STANBUL\u2019DA K\u0130 YASAK \u00dcLKE GENEL\u0130NE YAYILACAK MI? \u0130stanbul Valili\u011fi, kent genelinde 4 g\u00fcn s\u00fcreyle her t\u00fcrl\u00fc toplant\u0131, g\u00f6steri ve bas\u0131n a\u00e7\u0131klamas\u0131n\u0131n yasakland\u0131\u011f\u0131n\u0131 bildirdi. Valilikten yap\u0131lan yaz\u0131l\u0131 a\u00e7\u0131klamada, &#8220;Valili\u011fimizce il genelinde kamu d\u00fczenini muhafaza etmek ve olu\u015fabilecek provokatif eylemlerin \u00f6n\u00fcne ge\u00e7mek i\u00e7in 19-23 Mart tarihleri aras\u0131nda 4 g\u00fcn s\u00fcreyle her t\u00fcrl\u00fc toplant\u0131, g\u00f6steri ve bas\u0131n a\u00e7\u0131klamas\u0131 yasaklanm\u0131\u015ft\u0131r\u201d ifadesi kullan\u0131ld\u0131. Eylem ve g\u00f6steri yasaklar\u0131n\u0131n di\u011fer illerde de al\u0131n\u0131p &hellip;","og_url":"http:\/\/denizcankizil.tr\/de\/haberler\/gundem\/chp-antalya-attalos-heykelinde-bulusuyor\/","og_site_name":"Av. Deniz Can K\u0131z\u0131l","article_published_time":"2025-03-19T09:42:22+00:00","author":"Antalya K\u00f6rfez","twitter_card":"summary_large_image","twitter_misc":{"Verfasst von":"Antalya K\u00f6rfez","Gesch\u00e4tzte Lesezeit":"2\u00a0Minuten"},"schema":{"@context":"https:\/\/schema.org","@graph":[{"@type":"Article","@id":"http:\/\/denizcankizil.tr\/de\/haberler\/gundem\/chp-antalya-attalos-heykelinde-bulusuyor\/#article","isPartOf":{"@id":"http:\/\/denizcankizil.tr\/de\/haberler\/gundem\/chp-antalya-attalos-heykelinde-bulusuyor\/"},"author":{"name":"Antalya K\u00f6rfez","@id":"https:\/\/denizcankizil.tr\/#\/schema\/person\/e1eb71bb4dd684d46563f0af307e1234"},"headline":"CHP Antalya, Attalos Heykeli&#8217;nde bulu\u015fuyor","datePublished":"2025-03-19T09:42:22+00:00","mainEntityOfPage":{"@id":"http:\/\/denizcankizil.tr\/de\/haberler\/gundem\/chp-antalya-attalos-heykelinde-bulusuyor\/"},"wordCount":403,"publisher":{"@id":"https:\/\/denizcankizil.tr\/#organization"},"articleSection":["G\u00fcndem"],"inLanguage":"de"},{"@type":"WebPage","@id":"http:\/\/denizcankizil.tr\/de\/haberler\/gundem\/chp-antalya-attalos-heykelinde-bulusuyor\/","url":"http:\/\/denizcankizil.tr\/de\/haberler\/gundem\/chp-antalya-attalos-heykelinde-bulusuyor\/","name":"CHP Antalya, Attalos Heykeli'nde bulu\u015fuyor - Av. Deniz Can K\u0131z\u0131l","isPartOf":{"@id":"https:\/\/denizcankizil.tr\/#website"},"datePublished":"2025-03-19T09:42:22+00:00","breadcrumb":{"@id":"http:\/\/denizcankizil.tr\/de\/haberler\/gundem\/chp-antalya-attalos-heykelinde-bulusuyor\/#breadcrumb"},"inLanguage":"de","potentialAction":[{"@type":"ReadAction","target":["http:\/\/denizcankizil.tr\/de\/haberler\/gundem\/chp-antalya-attalos-heykelinde-bulusuyor\/"]}]},{"@type":"BreadcrumbList","@id":"http:\/\/denizcankizil.tr\/de\/haberler\/gundem\/chp-antalya-attalos-heykelinde-bulusuyor\/#breadcrumb","itemListElement":[{"@type":"ListItem","position":1,"name":"Home","item":"https:\/\/denizcankizil.tr\/de\/"},{"@type":"ListItem","position":2,"name":"CHP Antalya, Attalos Heykeli&#8217;nde bulu\u015fuyor"}]},{"@type":"WebSite","@id":"https:\/\/denizcankizil.tr\/#website","url":"https:\/\/denizcankizil.tr\/","name":"Av. Deniz Can K\u0131z\u0131l","description":"Avukat Deniz Can K\u0131z\u0131l Antalya Barosu","publisher":{"@id":"https:\/\/denizcankizil.tr\/#organization"},"potentialAction":[{"@type":"SearchAction","target":{"@type":"EntryPoint","urlTemplate":"https:\/\/denizcankizil.tr\/?s={search_term_string}"},"query-input":{"@type":"PropertyValueSpecification","valueRequired":true,"valueName":"search_term_string"}}],"inLanguage":"de"},{"@type":"Organization","@id":"https:\/\/denizcankizil.tr\/#organization","name":"Av. Deniz Can K\u0131z\u0131l","url":"https:\/\/denizcankizil.tr\/","logo":{"@type":"ImageObject","inLanguage":"de","@id":"https:\/\/denizcankizil.tr\/#\/schema\/logo\/image\/","url":"http:\/\/denizcankizil.tr\/wp-content\/uploads\/2024\/10\/siyah-logo-svg.svg","contentUrl":"http:\/\/denizcankizil.tr\/wp-content\/uploads\/2024\/10\/siyah-logo-svg.svg","width":1080,"height":1080,"caption":"Av. Deniz Can K\u0131z\u0131l"},"image":{"@id":"https:\/\/denizcankizil.tr\/#\/schema\/logo\/image\/"}},{"@type":"Person","@id":"https:\/\/denizcankizil.tr\/#\/schema\/person\/e1eb71bb4dd684d46563f0af307e1234","name":"Antalya K\u00f6rfez","image":{"@type":"ImageObject","inLanguage":"de","@id":"https:\/\/denizcankizil.tr\/#\/schema\/person\/image\/","url":"https:\/\/secure.gravatar.com\/avatar\/42b01982558a48a0b501fdcab6a408d3717ea5919095ee2e67b0e521799c5905?s=96&d=mm&r=g","contentUrl":"https:\/\/secure.gravatar.com\/avatar\/42b01982558a48a0b501fdcab6a408d3717ea5919095ee2e67b0e521799c5905?s=96&d=mm&r=g","caption":"Antalya K\u00f6rfez"},"sameAs":["http:\/\/www.antalyakorfez.com"],"url":"https:\/\/www.antalyakorfez.com\/chp-antalya-attalos-heykelinde-bulusuyor"}]}},"_links":{"self":[{"href":"http:\/\/denizcankizil.tr\/de\/wp-json\/wp\/v2\/posts\/36289","targetHints":{"allow":["GET"]}}],"collection":[{"href":"http:\/\/denizcankizil.tr\/de\/wp-json\/wp\/v2\/posts"}],"about":[{"href":"http:\/\/denizcankizil.tr\/de\/wp-json\/wp\/v2\/types\/post"}],"author":[{"embeddable":true,"href":"http:\/\/denizcankizil.tr\/de\/wp-json\/wp\/v2\/users\/5"}],"replies":[{"embeddable":true,"href":"http:\/\/denizcankizil.tr\/de\/wp-json\/wp\/v2\/comments?post=36289"}],"version-history":[{"count":0,"href":"http:\/\/denizcankizil.tr\/de\/wp-json\/wp\/v2\/posts\/36289\/revisions"}],"wp:attachment":[{"href":"http:\/\/denizcankizil.tr\/de\/wp-json\/wp\/v2\/media?parent=36289"}],"wp:term":[{"taxonomy":"category","embeddable":true,"href":"http:\/\/denizcankizil.tr\/de\/wp-json\/wp\/v2\/categories?post=36289"},{"taxonomy":"post_tag","embeddable":true,"href":"http:\/\/denizcankizil.tr\/de\/wp-json\/wp\/v2\/tags?post=36289"}],"curies":[{"name":"wp","href":"https:\/\/api.w.org\/{rel}","templated":true}]}}