{"id":35690,"date":"2025-03-14T15:41:14","date_gmt":"2025-03-14T12:41:14","guid":{"rendered":"https:\/\/denizcankizil.tr\/uncategorized-tr\/sehzade-korkut-camii-eski-gorkemine-kavustu\/"},"modified":"2025-03-16T00:42:20","modified_gmt":"2025-03-15T21:42:20","slug":"sehzade-korkut-camii-eski-gorkemine-kavustu","status":"publish","type":"post","link":"http:\/\/denizcankizil.tr\/de\/haberler\/antalya\/sehzade-korkut-camii-eski-gorkemine-kavustu\/","title":{"rendered":"\u015eehzade Korkut Camii eski g\u00f6rkemine kavu\u015ftu"},"content":{"rendered":"<p>Bakan Ersoy, Vak\u0131flar Genel M\u00fcd\u00fcrl\u00fc\u011f\u00fc taraf\u0131ndan restore edilen ve Antalya&#8217;n\u0131n en \u00f6nemli tarih\u00ee yap\u0131lar\u0131ndan biri olan \u015eehzade Korkut (Kesik Minare) Camii&#8217;nde incelemelerde bulundu. Ersoy, camide k\u0131l\u0131nan Cuma namaz\u0131n\u0131n ard\u0131ndan yapt\u0131\u011f\u0131 bas\u0131n a\u00e7\u0131klamas\u0131nda; eserin tarihi, restorasyon s\u00fcreci ve yap\u0131lan \u00e7al\u0131\u015fmalar hakk\u0131nda bilgi verdi.<\/p>\n<p>&#8220;Bin 300&#8217;den fazla ta\u015f \u00e7\u0131kar\u0131larak numaraland\u0131r\u0131ld\u0131&#8221;<br \/>\nK\u00fclt\u00fcr ve Turizm Bakan\u0131 Ersoy, camide uzun s\u00fcre\u00e7ler s\u0131ras\u0131nda 6 kere farkl\u0131 d\u00f6nemlerde restorasyonlar ve ilave in\u015faatlar yap\u0131ld\u0131\u011f\u0131n\u0131 dile getirerek, ge\u00e7mi\u015f zamanda o y\u00fczden \u00e7ok zorlu bir restorasyon s\u00fcreci ge\u00e7irdi\u011fini s\u00f6yledi.<br \/>\nCaminin farkl\u0131 katmanlarda farkl\u0131 kal\u0131nt\u0131lar\u0131 i\u00e7erdi\u011fini belirten Ersoy, \u015fu ifadeleri kulland\u0131: &#8220;Hem bah\u00e7esinde hem binada bulunan bin 300&#8217;den fazla ta\u015f \u00e7\u0131kar\u0131larak katalogland\u0131, numaraland\u0131r\u0131ld\u0131. Sonra bilim adamlar\u0131n\u0131n yapt\u0131\u011f\u0131 uzun \u00e7al\u0131\u015fmalar ve uygulamalar sonras\u0131nda tekrar olmas\u0131 gerekti\u011fi yere her ta\u015f tekrar monte edilerek caminin restorasyonu me\u015fakkatli bir s\u00fcre\u00e7ten sonra tamamland\u0131.&#8221;<br \/>\nErsoy, caminin milattan sonra 6. 7. y\u00fczy\u0131llarda kilise olarak in\u015fa edildi\u011fini dile getirerek daha sonras\u0131nda 1481-1530 y\u0131llar\u0131 aras\u0131nda \u015eehzade korkut taraf\u0131ndan camiye d\u00f6n\u00fc\u015ft\u00fcr\u00fcld\u00fc\u011f\u00fcn\u00fc aktard\u0131.<\/p>\n<p>1896&#8217;da bir yang\u0131n felaketi ile kar\u015f\u0131la\u015ft\u0131\u011f\u0131n\u0131 s\u00f6yleyen Ersoy, &#8220;126 y\u0131l boyunca ihmal edilen bir s\u00fcre\u00e7 vard\u0131 burada. Ama 2017 y\u0131l\u0131nda Vak\u0131flar Genel M\u00fcd\u00fcrl\u00fc\u011f\u00fcm\u00fcz\u00fcn ba\u015flatt\u0131\u011f\u0131 \u00e7al\u0131\u015fmayla ve Antalya Valili\u011fi ile beraber form\u00fcll\u00fc bir \u015fekilde buran\u0131n restorasyon \u00e7al\u0131\u015fmas\u0131na ba\u015fland\u0131 ve tamamlanm\u0131\u015f oldu. Art\u0131k hem ibadete a\u00e7\u0131lm\u0131\u015f oldu hem de ziyarete a\u00e7\u0131lm\u0131\u015f oldu. Yabanc\u0131 turistlerin de \u00e7ok ilgisini \u00e7eken \u00e7ok nadide bir eseri tekrar kazand\u0131rm\u0131\u015f olduk&#8221; diye konu\u015ftu.<\/p>\n<p>Kaynak: www.kanalv.com.tr Haber Sitesinden Al\u0131nm\u0131\u015ft\u0131r.<\/p>","protected":false},"excerpt":{"rendered":"<p>Bakan Ersoy, Vak\u0131flar Genel M\u00fcd\u00fcrl\u00fc\u011f\u00fc taraf\u0131ndan restore edilen ve Antalya&#8217;n\u0131n en \u00f6nemli tarih\u00ee yap\u0131lar\u0131ndan biri olan \u015eehzade Korkut (Kesik Minare) Camii&#8217;nde incelemelerde bulundu. Ersoy, camide k\u0131l\u0131nan Cuma namaz\u0131n\u0131n ard\u0131ndan yapt\u0131\u011f\u0131 bas\u0131n a\u00e7\u0131klamas\u0131nda; eserin tarihi, restorasyon s\u00fcreci ve yap\u0131lan \u00e7al\u0131\u015fmalar hakk\u0131nda bilgi verdi. &#8220;Bin 300&#8217;den fazla ta\u015f \u00e7\u0131kar\u0131larak numaraland\u0131r\u0131ld\u0131&#8221; K\u00fclt\u00fcr ve Turizm Bakan\u0131 Ersoy, camide uzun s\u00fcre\u00e7ler s\u0131ras\u0131nda 6 kere farkl\u0131 d\u00f6nemlerde restorasyonlar ve ilave in\u015faatlar yap\u0131ld\u0131\u011f\u0131n\u0131 dile getirerek, ge\u00e7mi\u015f zamanda o y\u00fczden \u00e7ok zorlu bir restorasyon s\u00fcreci ge\u00e7irdi\u011fini s\u00f6yledi. Caminin farkl\u0131 katmanlarda farkl\u0131 kal\u0131nt\u0131lar\u0131 i\u00e7erdi\u011fini belirten Ersoy, \u015fu ifadeleri kulland\u0131: &#8220;Hem bah\u00e7esinde hem binada bulunan bin 300&#8217;den fazla ta\u015f \u00e7\u0131kar\u0131larak katalogland\u0131, numaraland\u0131r\u0131ld\u0131. Sonra bilim adamlar\u0131n\u0131n yapt\u0131\u011f\u0131 uzun \u00e7al\u0131\u015fmalar ve uygulamalar sonras\u0131nda tekrar olmas\u0131 gerekti\u011fi yere her ta\u015f tekrar monte edilerek caminin restorasyonu me\u015fakkatli bir s\u00fcre\u00e7ten sonra tamamland\u0131.&#8221; Ersoy, caminin milattan sonra 6. 7. y\u00fczy\u0131llarda kilise olarak in\u015fa edildi\u011fini dile getirerek daha sonras\u0131nda 1481-1530 y\u0131llar\u0131 aras\u0131nda \u015eehzade korkut taraf\u0131ndan camiye d\u00f6n\u00fc\u015ft\u00fcr\u00fcld\u00fc\u011f\u00fcn\u00fc aktard\u0131. 1896&#8217;da bir yang\u0131n felaketi ile kar\u015f\u0131la\u015ft\u0131\u011f\u0131n\u0131 s\u00f6yleyen Ersoy, &#8220;126 y\u0131l boyunca ihmal edilen bir s\u00fcre\u00e7 vard\u0131 burada. Ama 2017 y\u0131l\u0131nda Vak\u0131flar Genel M\u00fcd\u00fcrl\u00fc\u011f\u00fcm\u00fcz\u00fcn ba\u015flatt\u0131\u011f\u0131 \u00e7al\u0131\u015fmayla ve Antalya Valili\u011fi ile beraber form\u00fcll\u00fc bir \u015fekilde buran\u0131n restorasyon \u00e7al\u0131\u015fmas\u0131na ba\u015fland\u0131 ve tamamlanm\u0131\u015f oldu. Art\u0131k hem ibadete a\u00e7\u0131lm\u0131\u015f oldu hem de ziyarete a\u00e7\u0131lm\u0131\u015f &hellip;<\/p>","protected":false},"author":4,"featured_media":0,"comment_status":"closed","ping_status":"open","sticky":false,"template":"","format":"standard","meta":{"_acf_changed":false,"footnotes":""},"categories":[26],"tags":[],"class_list":["post-35690","post","type-post","status-publish","format-standard","hentry","category-antalya"],"acf":[],"yoast_head":"<!-- This site is optimized with the Yoast SEO Premium plugin v26.6 (Yoast SEO v27.1.1) - https:\/\/yoast.com\/product\/yoast-seo-premium-wordpress\/ -->\n<title>\u015eehzade Korkut Camii eski g\u00f6rkemine kavu\u015ftu - Av. Deniz Can K\u0131z\u0131l<\/title>\n<meta name=\"robots\" content=\"index, follow, max-snippet:-1, max-image-preview:large, max-video-preview:-1\" \/>\n<link rel=\"canonical\" href=\"http:\/\/denizcankizil.tr\/de\/haberler\/antalya\/sehzade-korkut-camii-eski-gorkemine-kavustu\/\" \/>\n<meta property=\"og:locale\" content=\"de_DE\" \/>\n<meta property=\"og:type\" content=\"article\" \/>\n<meta property=\"og:title\" content=\"\u015eehzade Korkut Camii eski g\u00f6rkemine kavu\u015ftu\" \/>\n<meta property=\"og:description\" content=\"Bakan Ersoy, Vak\u0131flar Genel M\u00fcd\u00fcrl\u00fc\u011f\u00fc taraf\u0131ndan restore edilen ve Antalya&#8217;n\u0131n en \u00f6nemli tarih\u00ee yap\u0131lar\u0131ndan biri olan \u015eehzade Korkut (Kesik Minare) Camii&#8217;nde incelemelerde bulundu. Ersoy, camide k\u0131l\u0131nan Cuma namaz\u0131n\u0131n ard\u0131ndan yapt\u0131\u011f\u0131 bas\u0131n a\u00e7\u0131klamas\u0131nda; eserin tarihi, restorasyon s\u00fcreci ve yap\u0131lan \u00e7al\u0131\u015fmalar hakk\u0131nda bilgi verdi. &#8220;Bin 300&#8217;den fazla ta\u015f \u00e7\u0131kar\u0131larak numaraland\u0131r\u0131ld\u0131&#8221; K\u00fclt\u00fcr ve Turizm Bakan\u0131 Ersoy, camide uzun s\u00fcre\u00e7ler s\u0131ras\u0131nda 6 kere farkl\u0131 d\u00f6nemlerde restorasyonlar ve ilave in\u015faatlar yap\u0131ld\u0131\u011f\u0131n\u0131 dile getirerek, ge\u00e7mi\u015f zamanda o y\u00fczden \u00e7ok zorlu bir restorasyon s\u00fcreci ge\u00e7irdi\u011fini s\u00f6yledi. Caminin farkl\u0131 katmanlarda farkl\u0131 kal\u0131nt\u0131lar\u0131 i\u00e7erdi\u011fini belirten Ersoy, \u015fu ifadeleri kulland\u0131: &#8220;Hem bah\u00e7esinde hem binada bulunan bin 300&#8217;den fazla ta\u015f \u00e7\u0131kar\u0131larak katalogland\u0131, numaraland\u0131r\u0131ld\u0131. Sonra bilim adamlar\u0131n\u0131n yapt\u0131\u011f\u0131 uzun \u00e7al\u0131\u015fmalar ve uygulamalar sonras\u0131nda tekrar olmas\u0131 gerekti\u011fi yere her ta\u015f tekrar monte edilerek caminin restorasyonu me\u015fakkatli bir s\u00fcre\u00e7ten sonra tamamland\u0131.&#8221; Ersoy, caminin milattan sonra 6. 7. y\u00fczy\u0131llarda kilise olarak in\u015fa edildi\u011fini dile getirerek daha sonras\u0131nda 1481-1530 y\u0131llar\u0131 aras\u0131nda \u015eehzade korkut taraf\u0131ndan camiye d\u00f6n\u00fc\u015ft\u00fcr\u00fcld\u00fc\u011f\u00fcn\u00fc aktard\u0131. 1896&#8217;da bir yang\u0131n felaketi ile kar\u015f\u0131la\u015ft\u0131\u011f\u0131n\u0131 s\u00f6yleyen Ersoy, &#8220;126 y\u0131l boyunca ihmal edilen bir s\u00fcre\u00e7 vard\u0131 burada. Ama 2017 y\u0131l\u0131nda Vak\u0131flar Genel M\u00fcd\u00fcrl\u00fc\u011f\u00fcm\u00fcz\u00fcn ba\u015flatt\u0131\u011f\u0131 \u00e7al\u0131\u015fmayla ve Antalya Valili\u011fi ile beraber form\u00fcll\u00fc bir \u015fekilde buran\u0131n restorasyon \u00e7al\u0131\u015fmas\u0131na ba\u015fland\u0131 ve tamamlanm\u0131\u015f oldu. Art\u0131k hem ibadete a\u00e7\u0131lm\u0131\u015f oldu hem de ziyarete a\u00e7\u0131lm\u0131\u015f &hellip;\" \/>\n<meta property=\"og:url\" content=\"http:\/\/denizcankizil.tr\/de\/haberler\/antalya\/sehzade-korkut-camii-eski-gorkemine-kavustu\/\" \/>\n<meta property=\"og:site_name\" content=\"Av. Deniz Can K\u0131z\u0131l\" \/>\n<meta property=\"article:published_time\" content=\"2025-03-14T12:41:14+00:00\" \/>\n<meta property=\"article:modified_time\" content=\"2025-03-15T21:42:20+00:00\" \/>\n<meta name=\"author\" content=\"Av. Deniz Can K\u0131z\u0131l\" \/>\n<meta name=\"twitter:card\" content=\"summary_large_image\" \/>\n<meta name=\"twitter:label1\" content=\"Verfasst von\" \/>\n\t<meta name=\"twitter:data1\" content=\"Av. Deniz Can K\u0131z\u0131l\" \/>\n\t<meta name=\"twitter:label2\" content=\"Gesch\u00e4tzte Lesezeit\" \/>\n\t<meta name=\"twitter:data2\" content=\"2\u00a0Minuten\" \/>\n<script type=\"application\/ld+json\" class=\"yoast-schema-graph\">{\"@context\":\"https:\/\/schema.org\",\"@graph\":[{\"@type\":\"Article\",\"@id\":\"http:\/\/denizcankizil.tr\/de\/haberler\/antalya\/sehzade-korkut-camii-eski-gorkemine-kavustu\/#article\",\"isPartOf\":{\"@id\":\"http:\/\/denizcankizil.tr\/de\/haberler\/antalya\/sehzade-korkut-camii-eski-gorkemine-kavustu\/\"},\"author\":{\"name\":\"Av. Deniz Can K\u0131z\u0131l\",\"@id\":\"https:\/\/denizcankizil.tr\/de\/#\/schema\/person\/5dc1b22991bd7ac833867c10afc9b0ff\"},\"headline\":\"\u015eehzade Korkut Camii eski g\u00f6rkemine kavu\u015ftu\",\"datePublished\":\"2025-03-14T12:41:14+00:00\",\"dateModified\":\"2025-03-15T21:42:20+00:00\",\"mainEntityOfPage\":{\"@id\":\"http:\/\/denizcankizil.tr\/de\/haberler\/antalya\/sehzade-korkut-camii-eski-gorkemine-kavustu\/\"},\"wordCount\":327,\"publisher\":{\"@id\":\"https:\/\/denizcankizil.tr\/de\/#organization\"},\"articleSection\":[\"Antalya\"],\"inLanguage\":\"de\"},{\"@type\":\"WebPage\",\"@id\":\"http:\/\/denizcankizil.tr\/de\/haberler\/antalya\/sehzade-korkut-camii-eski-gorkemine-kavustu\/\",\"url\":\"http:\/\/denizcankizil.tr\/de\/haberler\/antalya\/sehzade-korkut-camii-eski-gorkemine-kavustu\/\",\"name\":\"\u015eehzade Korkut Camii eski g\u00f6rkemine kavu\u015ftu - Av. Deniz Can K\u0131z\u0131l\",\"isPartOf\":{\"@id\":\"https:\/\/denizcankizil.tr\/de\/#website\"},\"datePublished\":\"2025-03-14T12:41:14+00:00\",\"dateModified\":\"2025-03-15T21:42:20+00:00\",\"breadcrumb\":{\"@id\":\"http:\/\/denizcankizil.tr\/de\/haberler\/antalya\/sehzade-korkut-camii-eski-gorkemine-kavustu\/#breadcrumb\"},\"inLanguage\":\"de\",\"potentialAction\":[{\"@type\":\"ReadAction\",\"target\":[\"http:\/\/denizcankizil.tr\/de\/haberler\/antalya\/sehzade-korkut-camii-eski-gorkemine-kavustu\/\"]}]},{\"@type\":\"BreadcrumbList\",\"@id\":\"http:\/\/denizcankizil.tr\/de\/haberler\/antalya\/sehzade-korkut-camii-eski-gorkemine-kavustu\/#breadcrumb\",\"itemListElement\":[{\"@type\":\"ListItem\",\"position\":1,\"name\":\"Home\",\"item\":\"https:\/\/denizcankizil.tr\/de\/\"},{\"@type\":\"ListItem\",\"position\":2,\"name\":\"\u015eehzade Korkut Camii eski g\u00f6rkemine kavu\u015ftu\"}]},{\"@type\":\"WebSite\",\"@id\":\"https:\/\/denizcankizil.tr\/de\/#website\",\"url\":\"https:\/\/denizcankizil.tr\/de\/\",\"name\":\"Av. Deniz Can K\u0131z\u0131l\",\"description\":\"Avukat Deniz Can K\u0131z\u0131l Antalya Barosu\",\"publisher\":{\"@id\":\"https:\/\/denizcankizil.tr\/de\/#organization\"},\"potentialAction\":[{\"@type\":\"SearchAction\",\"target\":{\"@type\":\"EntryPoint\",\"urlTemplate\":\"https:\/\/denizcankizil.tr\/de\/?s={search_term_string}\"},\"query-input\":{\"@type\":\"PropertyValueSpecification\",\"valueRequired\":true,\"valueName\":\"search_term_string\"}}],\"inLanguage\":\"de\"},{\"@type\":\"Organization\",\"@id\":\"https:\/\/denizcankizil.tr\/de\/#organization\",\"name\":\"Av. Deniz Can K\u0131z\u0131l\",\"url\":\"https:\/\/denizcankizil.tr\/de\/\",\"logo\":{\"@type\":\"ImageObject\",\"inLanguage\":\"de\",\"@id\":\"https:\/\/denizcankizil.tr\/de\/#\/schema\/logo\/image\/\",\"url\":\"http:\/\/denizcankizil.tr\/wp-content\/uploads\/2024\/10\/siyah-logo-svg.svg\",\"contentUrl\":\"http:\/\/denizcankizil.tr\/wp-content\/uploads\/2024\/10\/siyah-logo-svg.svg\",\"width\":1080,\"height\":1080,\"caption\":\"Av. Deniz Can K\u0131z\u0131l\"},\"image\":{\"@id\":\"https:\/\/denizcankizil.tr\/de\/#\/schema\/logo\/image\/\"}},{\"@type\":\"Person\",\"@id\":\"https:\/\/denizcankizil.tr\/de\/#\/schema\/person\/5dc1b22991bd7ac833867c10afc9b0ff\",\"name\":\"Av. Deniz Can K\u0131z\u0131l\",\"image\":{\"@type\":\"ImageObject\",\"inLanguage\":\"de\",\"@id\":\"https:\/\/denizcankizil.tr\/de\/#\/schema\/person\/image\/\",\"url\":\"https:\/\/secure.gravatar.com\/avatar\/a0b128fb9855c79efc976d5640eedb31dc35ec297594d6016d2cf7c60e975bb6?s=96&d=mm&r=g\",\"contentUrl\":\"https:\/\/secure.gravatar.com\/avatar\/a0b128fb9855c79efc976d5640eedb31dc35ec297594d6016d2cf7c60e975bb6?s=96&d=mm&r=g\",\"caption\":\"Av. Deniz Can K\u0131z\u0131l\"},\"sameAs\":[\"http:\/\/www.denizcankizil.tr\"],\"url\":\"http:\/\/denizcankizil.tr\/de\/author\/denizcankizil\/\"}]}<\/script>\n<!-- \/ Yoast SEO Premium plugin. -->","yoast_head_json":{"title":"\u015eehzade Korkut Camii eski g\u00f6rkemine kavu\u015ftu - Av. Deniz Can K\u0131z\u0131l","robots":{"index":"index","follow":"follow","max-snippet":"max-snippet:-1","max-image-preview":"max-image-preview:large","max-video-preview":"max-video-preview:-1"},"canonical":"http:\/\/denizcankizil.tr\/de\/haberler\/antalya\/sehzade-korkut-camii-eski-gorkemine-kavustu\/","og_locale":"de_DE","og_type":"article","og_title":"\u015eehzade Korkut Camii eski g\u00f6rkemine kavu\u015ftu","og_description":"Bakan Ersoy, Vak\u0131flar Genel M\u00fcd\u00fcrl\u00fc\u011f\u00fc taraf\u0131ndan restore edilen ve Antalya&#8217;n\u0131n en \u00f6nemli tarih\u00ee yap\u0131lar\u0131ndan biri olan \u015eehzade Korkut (Kesik Minare) Camii&#8217;nde incelemelerde bulundu. Ersoy, camide k\u0131l\u0131nan Cuma namaz\u0131n\u0131n ard\u0131ndan yapt\u0131\u011f\u0131 bas\u0131n a\u00e7\u0131klamas\u0131nda; eserin tarihi, restorasyon s\u00fcreci ve yap\u0131lan \u00e7al\u0131\u015fmalar hakk\u0131nda bilgi verdi. &#8220;Bin 300&#8217;den fazla ta\u015f \u00e7\u0131kar\u0131larak numaraland\u0131r\u0131ld\u0131&#8221; K\u00fclt\u00fcr ve Turizm Bakan\u0131 Ersoy, camide uzun s\u00fcre\u00e7ler s\u0131ras\u0131nda 6 kere farkl\u0131 d\u00f6nemlerde restorasyonlar ve ilave in\u015faatlar yap\u0131ld\u0131\u011f\u0131n\u0131 dile getirerek, ge\u00e7mi\u015f zamanda o y\u00fczden \u00e7ok zorlu bir restorasyon s\u00fcreci ge\u00e7irdi\u011fini s\u00f6yledi. Caminin farkl\u0131 katmanlarda farkl\u0131 kal\u0131nt\u0131lar\u0131 i\u00e7erdi\u011fini belirten Ersoy, \u015fu ifadeleri kulland\u0131: &#8220;Hem bah\u00e7esinde hem binada bulunan bin 300&#8217;den fazla ta\u015f \u00e7\u0131kar\u0131larak katalogland\u0131, numaraland\u0131r\u0131ld\u0131. Sonra bilim adamlar\u0131n\u0131n yapt\u0131\u011f\u0131 uzun \u00e7al\u0131\u015fmalar ve uygulamalar sonras\u0131nda tekrar olmas\u0131 gerekti\u011fi yere her ta\u015f tekrar monte edilerek caminin restorasyonu me\u015fakkatli bir s\u00fcre\u00e7ten sonra tamamland\u0131.&#8221; Ersoy, caminin milattan sonra 6. 7. y\u00fczy\u0131llarda kilise olarak in\u015fa edildi\u011fini dile getirerek daha sonras\u0131nda 1481-1530 y\u0131llar\u0131 aras\u0131nda \u015eehzade korkut taraf\u0131ndan camiye d\u00f6n\u00fc\u015ft\u00fcr\u00fcld\u00fc\u011f\u00fcn\u00fc aktard\u0131. 1896&#8217;da bir yang\u0131n felaketi ile kar\u015f\u0131la\u015ft\u0131\u011f\u0131n\u0131 s\u00f6yleyen Ersoy, &#8220;126 y\u0131l boyunca ihmal edilen bir s\u00fcre\u00e7 vard\u0131 burada. Ama 2017 y\u0131l\u0131nda Vak\u0131flar Genel M\u00fcd\u00fcrl\u00fc\u011f\u00fcm\u00fcz\u00fcn ba\u015flatt\u0131\u011f\u0131 \u00e7al\u0131\u015fmayla ve Antalya Valili\u011fi ile beraber form\u00fcll\u00fc bir \u015fekilde buran\u0131n restorasyon \u00e7al\u0131\u015fmas\u0131na ba\u015fland\u0131 ve tamamlanm\u0131\u015f oldu. Art\u0131k hem ibadete a\u00e7\u0131lm\u0131\u015f oldu hem de ziyarete a\u00e7\u0131lm\u0131\u015f &hellip;","og_url":"http:\/\/denizcankizil.tr\/de\/haberler\/antalya\/sehzade-korkut-camii-eski-gorkemine-kavustu\/","og_site_name":"Av. Deniz Can K\u0131z\u0131l","article_published_time":"2025-03-14T12:41:14+00:00","article_modified_time":"2025-03-15T21:42:20+00:00","author":"Av. Deniz Can K\u0131z\u0131l","twitter_card":"summary_large_image","twitter_misc":{"Verfasst von":"Av. Deniz Can K\u0131z\u0131l","Gesch\u00e4tzte Lesezeit":"2\u00a0Minuten"},"schema":{"@context":"https:\/\/schema.org","@graph":[{"@type":"Article","@id":"http:\/\/denizcankizil.tr\/de\/haberler\/antalya\/sehzade-korkut-camii-eski-gorkemine-kavustu\/#article","isPartOf":{"@id":"http:\/\/denizcankizil.tr\/de\/haberler\/antalya\/sehzade-korkut-camii-eski-gorkemine-kavustu\/"},"author":{"name":"Av. Deniz Can K\u0131z\u0131l","@id":"https:\/\/denizcankizil.tr\/de\/#\/schema\/person\/5dc1b22991bd7ac833867c10afc9b0ff"},"headline":"\u015eehzade Korkut Camii eski g\u00f6rkemine kavu\u015ftu","datePublished":"2025-03-14T12:41:14+00:00","dateModified":"2025-03-15T21:42:20+00:00","mainEntityOfPage":{"@id":"http:\/\/denizcankizil.tr\/de\/haberler\/antalya\/sehzade-korkut-camii-eski-gorkemine-kavustu\/"},"wordCount":327,"publisher":{"@id":"https:\/\/denizcankizil.tr\/de\/#organization"},"articleSection":["Antalya"],"inLanguage":"de"},{"@type":"WebPage","@id":"http:\/\/denizcankizil.tr\/de\/haberler\/antalya\/sehzade-korkut-camii-eski-gorkemine-kavustu\/","url":"http:\/\/denizcankizil.tr\/de\/haberler\/antalya\/sehzade-korkut-camii-eski-gorkemine-kavustu\/","name":"\u015eehzade Korkut Camii eski g\u00f6rkemine kavu\u015ftu - Av. Deniz Can K\u0131z\u0131l","isPartOf":{"@id":"https:\/\/denizcankizil.tr\/de\/#website"},"datePublished":"2025-03-14T12:41:14+00:00","dateModified":"2025-03-15T21:42:20+00:00","breadcrumb":{"@id":"http:\/\/denizcankizil.tr\/de\/haberler\/antalya\/sehzade-korkut-camii-eski-gorkemine-kavustu\/#breadcrumb"},"inLanguage":"de","potentialAction":[{"@type":"ReadAction","target":["http:\/\/denizcankizil.tr\/de\/haberler\/antalya\/sehzade-korkut-camii-eski-gorkemine-kavustu\/"]}]},{"@type":"BreadcrumbList","@id":"http:\/\/denizcankizil.tr\/de\/haberler\/antalya\/sehzade-korkut-camii-eski-gorkemine-kavustu\/#breadcrumb","itemListElement":[{"@type":"ListItem","position":1,"name":"Home","item":"https:\/\/denizcankizil.tr\/de\/"},{"@type":"ListItem","position":2,"name":"\u015eehzade Korkut Camii eski g\u00f6rkemine kavu\u015ftu"}]},{"@type":"WebSite","@id":"https:\/\/denizcankizil.tr\/de\/#website","url":"https:\/\/denizcankizil.tr\/de\/","name":"Av. Deniz Can K\u0131z\u0131l","description":"Avukat Deniz Can K\u0131z\u0131l Antalya Barosu","publisher":{"@id":"https:\/\/denizcankizil.tr\/de\/#organization"},"potentialAction":[{"@type":"SearchAction","target":{"@type":"EntryPoint","urlTemplate":"https:\/\/denizcankizil.tr\/de\/?s={search_term_string}"},"query-input":{"@type":"PropertyValueSpecification","valueRequired":true,"valueName":"search_term_string"}}],"inLanguage":"de"},{"@type":"Organization","@id":"https:\/\/denizcankizil.tr\/de\/#organization","name":"Av. Deniz Can K\u0131z\u0131l","url":"https:\/\/denizcankizil.tr\/de\/","logo":{"@type":"ImageObject","inLanguage":"de","@id":"https:\/\/denizcankizil.tr\/de\/#\/schema\/logo\/image\/","url":"http:\/\/denizcankizil.tr\/wp-content\/uploads\/2024\/10\/siyah-logo-svg.svg","contentUrl":"http:\/\/denizcankizil.tr\/wp-content\/uploads\/2024\/10\/siyah-logo-svg.svg","width":1080,"height":1080,"caption":"Av. Deniz Can K\u0131z\u0131l"},"image":{"@id":"https:\/\/denizcankizil.tr\/de\/#\/schema\/logo\/image\/"}},{"@type":"Person","@id":"https:\/\/denizcankizil.tr\/de\/#\/schema\/person\/5dc1b22991bd7ac833867c10afc9b0ff","name":"Av. Deniz Can K\u0131z\u0131l","image":{"@type":"ImageObject","inLanguage":"de","@id":"https:\/\/denizcankizil.tr\/de\/#\/schema\/person\/image\/","url":"https:\/\/secure.gravatar.com\/avatar\/a0b128fb9855c79efc976d5640eedb31dc35ec297594d6016d2cf7c60e975bb6?s=96&d=mm&r=g","contentUrl":"https:\/\/secure.gravatar.com\/avatar\/a0b128fb9855c79efc976d5640eedb31dc35ec297594d6016d2cf7c60e975bb6?s=96&d=mm&r=g","caption":"Av. Deniz Can K\u0131z\u0131l"},"sameAs":["http:\/\/www.denizcankizil.tr"],"url":"http:\/\/denizcankizil.tr\/de\/author\/denizcankizil\/"}]}},"_links":{"self":[{"href":"http:\/\/denizcankizil.tr\/de\/wp-json\/wp\/v2\/posts\/35690","targetHints":{"allow":["GET"]}}],"collection":[{"href":"http:\/\/denizcankizil.tr\/de\/wp-json\/wp\/v2\/posts"}],"about":[{"href":"http:\/\/denizcankizil.tr\/de\/wp-json\/wp\/v2\/types\/post"}],"author":[{"embeddable":true,"href":"http:\/\/denizcankizil.tr\/de\/wp-json\/wp\/v2\/users\/4"}],"replies":[{"embeddable":true,"href":"http:\/\/denizcankizil.tr\/de\/wp-json\/wp\/v2\/comments?post=35690"}],"version-history":[{"count":1,"href":"http:\/\/denizcankizil.tr\/de\/wp-json\/wp\/v2\/posts\/35690\/revisions"}],"predecessor-version":[{"id":35830,"href":"http:\/\/denizcankizil.tr\/de\/wp-json\/wp\/v2\/posts\/35690\/revisions\/35830"}],"wp:attachment":[{"href":"http:\/\/denizcankizil.tr\/de\/wp-json\/wp\/v2\/media?parent=35690"}],"wp:term":[{"taxonomy":"category","embeddable":true,"href":"http:\/\/denizcankizil.tr\/de\/wp-json\/wp\/v2\/categories?post=35690"},{"taxonomy":"post_tag","embeddable":true,"href":"http:\/\/denizcankizil.tr\/de\/wp-json\/wp\/v2\/tags?post=35690"}],"curies":[{"name":"wp","href":"https:\/\/api.w.org\/{rel}","templated":true}]}}