{"id":35635,"date":"2025-03-13T16:41:47","date_gmt":"2025-03-13T13:41:47","guid":{"rendered":"https:\/\/denizcankizil.tr\/uncategorized-tr\/sair-siir-suur-oyunu-tiyatroseverler-ile-bulustu\/"},"modified":"2025-03-16T00:42:48","modified_gmt":"2025-03-15T21:42:48","slug":"sair-siir-suur-oyunu-tiyatroseverler-ile-bulustu","status":"publish","type":"post","link":"http:\/\/denizcankizil.tr\/de\/haberler\/gundem\/sair-siir-suur-oyunu-tiyatroseverler-ile-bulustu\/","title":{"rendered":"\u015eair, \u015eiir, \u015euur\u2019 oyunu tiyatroseverler ile bulu\u015ftu"},"content":{"rendered":"<p>Mehmet Akif Ersoy\u2019un hayat\u0131 tiyatro sahnesinde<\/p>\n<p>Vatan \u015fairi Mehmet Akif Ersoy\u2019un \u0130stiklal Mar\u015f\u0131\u2019n\u0131 nas\u0131l ve hangi ko\u015fullarda<\/p>\n<p>yazd\u0131\u011f\u0131n\u0131 anlatan tek ki\u015filik \u2018\u015eair, \u015eiir, \u015euur Mehmet Akif Ersoy\u2019 oyunu,<\/p>\n<p>Osmangazi G\u00f6steri Merkezi\u2019nde tiyatroseverlerle bulu\u015ftu.<\/p>\n<p>\u200bMehmet Akif Ersoy\u2019un hayat\u0131 tiyatro sahnesinde<\/p>\n<p>Vatan \u015fairi Mehmet Akif Ersoy\u2019un \u0130stiklal Mar\u015f\u0131\u2019n\u0131 nas\u0131l ve hangi ko\u015fullarda<\/p>\n<p>yazd\u0131\u011f\u0131n\u0131 anlatan tek ki\u015filik \u2018\u015eair, \u015eiir, \u015euur Mehmet Akif Ersoy\u2019 oyunu,<\/p>\n<p>Osmangazi G\u00f6steri Merkezi\u2019nde tiyatroseverlerle bulu\u015ftu.\u00a0<\/p>\n<p>\u200bHaberin Al\u0131nt\u0131land\u0131\u011f\u0131 Kaynak: www.iskenderun.org<\/p>","protected":false},"excerpt":{"rendered":"<p>Mehmet Akif Ersoy\u2019un hayat\u0131 tiyatro sahnesinde Vatan \u015fairi Mehmet Akif Ersoy\u2019un \u0130stiklal Mar\u015f\u0131\u2019n\u0131 nas\u0131l ve hangi ko\u015fullarda yazd\u0131\u011f\u0131n\u0131 anlatan tek ki\u015filik \u2018\u015eair, \u015eiir, \u015euur Mehmet Akif Ersoy\u2019 oyunu, Osmangazi G\u00f6steri Merkezi\u2019nde tiyatroseverlerle bulu\u015ftu. \u200bMehmet Akif Ersoy\u2019un hayat\u0131 tiyatro sahnesinde Vatan \u015fairi Mehmet Akif Ersoy\u2019un \u0130stiklal Mar\u015f\u0131\u2019n\u0131 nas\u0131l ve hangi ko\u015fullarda yazd\u0131\u011f\u0131n\u0131 anlatan tek ki\u015filik \u2018\u015eair, \u015eiir, \u015euur Mehmet Akif Ersoy\u2019 oyunu, Osmangazi G\u00f6steri Merkezi\u2019nde tiyatroseverlerle bulu\u015ftu.\u00a0 \u200bHaberin Al\u0131nt\u0131land\u0131\u011f\u0131 Kaynak: www.iskenderun.org<\/p>","protected":false},"author":1,"featured_media":0,"comment_status":"closed","ping_status":"open","sticky":false,"template":"","format":"standard","meta":{"_acf_changed":false,"footnotes":""},"categories":[24],"tags":[],"class_list":["post-35635","post","type-post","status-publish","format-standard","has-post-thumbnail","hentry","category-gundem"],"acf":[],"yoast_head":"<!-- This site is optimized with the Yoast SEO Premium plugin v26.6 (Yoast SEO v27.1.1) - https:\/\/yoast.com\/product\/yoast-seo-premium-wordpress\/ -->\n<title>\u015eair, \u015eiir, \u015euur\u2019 oyunu tiyatroseverler ile bulu\u015ftu - Av. Deniz Can K\u0131z\u0131l<\/title>\n<meta name=\"robots\" content=\"index, follow, max-snippet:-1, max-image-preview:large, max-video-preview:-1\" \/>\n<link rel=\"canonical\" href=\"http:\/\/denizcankizil.tr\/de\/haberler\/gundem\/sair-siir-suur-oyunu-tiyatroseverler-ile-bulustu\/\" \/>\n<meta property=\"og:locale\" content=\"de_DE\" \/>\n<meta property=\"og:type\" content=\"article\" \/>\n<meta property=\"og:title\" content=\"\u015eair, \u015eiir, \u015euur\u2019 oyunu tiyatroseverler ile bulu\u015ftu\" \/>\n<meta property=\"og:description\" content=\"Mehmet Akif Ersoy\u2019un hayat\u0131 tiyatro sahnesinde Vatan \u015fairi Mehmet Akif Ersoy\u2019un \u0130stiklal Mar\u015f\u0131\u2019n\u0131 nas\u0131l ve hangi ko\u015fullarda yazd\u0131\u011f\u0131n\u0131 anlatan tek ki\u015filik \u2018\u015eair, \u015eiir, \u015euur Mehmet Akif Ersoy\u2019 oyunu, Osmangazi G\u00f6steri Merkezi\u2019nde tiyatroseverlerle bulu\u015ftu. \u200bMehmet Akif Ersoy\u2019un hayat\u0131 tiyatro sahnesinde Vatan \u015fairi Mehmet Akif Ersoy\u2019un \u0130stiklal Mar\u015f\u0131\u2019n\u0131 nas\u0131l ve hangi ko\u015fullarda yazd\u0131\u011f\u0131n\u0131 anlatan tek ki\u015filik \u2018\u015eair, \u015eiir, \u015euur Mehmet Akif Ersoy\u2019 oyunu, Osmangazi G\u00f6steri Merkezi\u2019nde tiyatroseverlerle bulu\u015ftu.\u00a0 \u200bHaberin Al\u0131nt\u0131land\u0131\u011f\u0131 Kaynak: www.iskenderun.org\" \/>\n<meta property=\"og:url\" content=\"http:\/\/denizcankizil.tr\/de\/haberler\/gundem\/sair-siir-suur-oyunu-tiyatroseverler-ile-bulustu\/\" \/>\n<meta property=\"og:site_name\" content=\"Av. Deniz Can K\u0131z\u0131l\" \/>\n<meta property=\"article:published_time\" content=\"2025-03-13T13:41:47+00:00\" \/>\n<meta property=\"article:modified_time\" content=\"2025-03-15T21:42:48+00:00\" \/>\n<meta name=\"author\" content=\"admin\" \/>\n<meta name=\"twitter:card\" content=\"summary_large_image\" \/>\n<meta name=\"twitter:label1\" content=\"Verfasst von\" \/>\n\t<meta name=\"twitter:data1\" content=\"admin\" \/>\n<script type=\"application\/ld+json\" class=\"yoast-schema-graph\">{\"@context\":\"https:\/\/schema.org\",\"@graph\":[{\"@type\":\"Article\",\"@id\":\"http:\/\/denizcankizil.tr\/de\/haberler\/gundem\/sair-siir-suur-oyunu-tiyatroseverler-ile-bulustu\/#article\",\"isPartOf\":{\"@id\":\"http:\/\/denizcankizil.tr\/de\/haberler\/gundem\/sair-siir-suur-oyunu-tiyatroseverler-ile-bulustu\/\"},\"author\":{\"name\":\"admin\",\"@id\":\"https:\/\/denizcankizil.tr\/de\/#\/schema\/person\/be3c05fe6a12686905512445d8185489\"},\"headline\":\"\u015eair, \u015eiir, \u015euur\u2019 oyunu tiyatroseverler ile bulu\u015ftu\",\"datePublished\":\"2025-03-13T13:41:47+00:00\",\"dateModified\":\"2025-03-15T21:42:48+00:00\",\"mainEntityOfPage\":{\"@id\":\"http:\/\/denizcankizil.tr\/de\/haberler\/gundem\/sair-siir-suur-oyunu-tiyatroseverler-ile-bulustu\/\"},\"wordCount\":102,\"publisher\":{\"@id\":\"https:\/\/denizcankizil.tr\/de\/#organization\"},\"articleSection\":[\"G\u00fcndem\"],\"inLanguage\":\"de\"},{\"@type\":\"WebPage\",\"@id\":\"http:\/\/denizcankizil.tr\/de\/haberler\/gundem\/sair-siir-suur-oyunu-tiyatroseverler-ile-bulustu\/\",\"url\":\"http:\/\/denizcankizil.tr\/de\/haberler\/gundem\/sair-siir-suur-oyunu-tiyatroseverler-ile-bulustu\/\",\"name\":\"\u015eair, \u015eiir, \u015euur\u2019 oyunu tiyatroseverler ile bulu\u015ftu - Av. Deniz Can K\u0131z\u0131l\",\"isPartOf\":{\"@id\":\"https:\/\/denizcankizil.tr\/de\/#website\"},\"datePublished\":\"2025-03-13T13:41:47+00:00\",\"dateModified\":\"2025-03-15T21:42:48+00:00\",\"breadcrumb\":{\"@id\":\"http:\/\/denizcankizil.tr\/de\/haberler\/gundem\/sair-siir-suur-oyunu-tiyatroseverler-ile-bulustu\/#breadcrumb\"},\"inLanguage\":\"de\",\"potentialAction\":[{\"@type\":\"ReadAction\",\"target\":[\"http:\/\/denizcankizil.tr\/de\/haberler\/gundem\/sair-siir-suur-oyunu-tiyatroseverler-ile-bulustu\/\"]}]},{\"@type\":\"BreadcrumbList\",\"@id\":\"http:\/\/denizcankizil.tr\/de\/haberler\/gundem\/sair-siir-suur-oyunu-tiyatroseverler-ile-bulustu\/#breadcrumb\",\"itemListElement\":[{\"@type\":\"ListItem\",\"position\":1,\"name\":\"Home\",\"item\":\"https:\/\/denizcankizil.tr\/de\/\"},{\"@type\":\"ListItem\",\"position\":2,\"name\":\"\u015eair, \u015eiir, \u015euur\u2019 oyunu tiyatroseverler ile bulu\u015ftu\"}]},{\"@type\":\"WebSite\",\"@id\":\"https:\/\/denizcankizil.tr\/de\/#website\",\"url\":\"https:\/\/denizcankizil.tr\/de\/\",\"name\":\"Av. Deniz Can K\u0131z\u0131l\",\"description\":\"Avukat Deniz Can K\u0131z\u0131l Antalya Barosu\",\"publisher\":{\"@id\":\"https:\/\/denizcankizil.tr\/de\/#organization\"},\"potentialAction\":[{\"@type\":\"SearchAction\",\"target\":{\"@type\":\"EntryPoint\",\"urlTemplate\":\"https:\/\/denizcankizil.tr\/de\/?s={search_term_string}\"},\"query-input\":{\"@type\":\"PropertyValueSpecification\",\"valueRequired\":true,\"valueName\":\"search_term_string\"}}],\"inLanguage\":\"de\"},{\"@type\":\"Organization\",\"@id\":\"https:\/\/denizcankizil.tr\/de\/#organization\",\"name\":\"Av. Deniz Can K\u0131z\u0131l\",\"url\":\"https:\/\/denizcankizil.tr\/de\/\",\"logo\":{\"@type\":\"ImageObject\",\"inLanguage\":\"de\",\"@id\":\"https:\/\/denizcankizil.tr\/de\/#\/schema\/logo\/image\/\",\"url\":\"http:\/\/denizcankizil.tr\/wp-content\/uploads\/2024\/10\/siyah-logo-svg.svg\",\"contentUrl\":\"http:\/\/denizcankizil.tr\/wp-content\/uploads\/2024\/10\/siyah-logo-svg.svg\",\"width\":1080,\"height\":1080,\"caption\":\"Av. Deniz Can K\u0131z\u0131l\"},\"image\":{\"@id\":\"https:\/\/denizcankizil.tr\/de\/#\/schema\/logo\/image\/\"}},{\"@type\":\"Person\",\"@id\":\"https:\/\/denizcankizil.tr\/de\/#\/schema\/person\/be3c05fe6a12686905512445d8185489\",\"name\":\"admin\",\"image\":{\"@type\":\"ImageObject\",\"inLanguage\":\"de\",\"@id\":\"https:\/\/denizcankizil.tr\/de\/#\/schema\/person\/image\/\",\"url\":\"https:\/\/secure.gravatar.com\/avatar\/c1fce94c830dc79107e174f890d7210541c4a63e8e5d816341794a2151c9d58c?s=96&d=mm&r=g\",\"contentUrl\":\"https:\/\/secure.gravatar.com\/avatar\/c1fce94c830dc79107e174f890d7210541c4a63e8e5d816341794a2151c9d58c?s=96&d=mm&r=g\",\"caption\":\"admin\"},\"sameAs\":[\"http:\/\/denizcankizil.tr\"],\"url\":\"https:\/\/www.iskenderun.org\/sair-siir-suur-oyunu-tiyatroseverler-ile-bulustu\"}]}<\/script>\n<!-- \/ Yoast SEO Premium plugin. -->","yoast_head_json":{"title":"\u015eair, \u015eiir, \u015euur\u2019 oyunu tiyatroseverler ile bulu\u015ftu - Av. Deniz Can K\u0131z\u0131l","robots":{"index":"index","follow":"follow","max-snippet":"max-snippet:-1","max-image-preview":"max-image-preview:large","max-video-preview":"max-video-preview:-1"},"canonical":"http:\/\/denizcankizil.tr\/de\/haberler\/gundem\/sair-siir-suur-oyunu-tiyatroseverler-ile-bulustu\/","og_locale":"de_DE","og_type":"article","og_title":"\u015eair, \u015eiir, \u015euur\u2019 oyunu tiyatroseverler ile bulu\u015ftu","og_description":"Mehmet Akif Ersoy\u2019un hayat\u0131 tiyatro sahnesinde Vatan \u015fairi Mehmet Akif Ersoy\u2019un \u0130stiklal Mar\u015f\u0131\u2019n\u0131 nas\u0131l ve hangi ko\u015fullarda yazd\u0131\u011f\u0131n\u0131 anlatan tek ki\u015filik \u2018\u015eair, \u015eiir, \u015euur Mehmet Akif Ersoy\u2019 oyunu, Osmangazi G\u00f6steri Merkezi\u2019nde tiyatroseverlerle bulu\u015ftu. \u200bMehmet Akif Ersoy\u2019un hayat\u0131 tiyatro sahnesinde Vatan \u015fairi Mehmet Akif Ersoy\u2019un \u0130stiklal Mar\u015f\u0131\u2019n\u0131 nas\u0131l ve hangi ko\u015fullarda yazd\u0131\u011f\u0131n\u0131 anlatan tek ki\u015filik \u2018\u015eair, \u015eiir, \u015euur Mehmet Akif Ersoy\u2019 oyunu, Osmangazi G\u00f6steri Merkezi\u2019nde tiyatroseverlerle bulu\u015ftu.\u00a0 \u200bHaberin Al\u0131nt\u0131land\u0131\u011f\u0131 Kaynak: www.iskenderun.org","og_url":"http:\/\/denizcankizil.tr\/de\/haberler\/gundem\/sair-siir-suur-oyunu-tiyatroseverler-ile-bulustu\/","og_site_name":"Av. Deniz Can K\u0131z\u0131l","article_published_time":"2025-03-13T13:41:47+00:00","article_modified_time":"2025-03-15T21:42:48+00:00","author":"admin","twitter_card":"summary_large_image","twitter_misc":{"Verfasst von":"admin"},"schema":{"@context":"https:\/\/schema.org","@graph":[{"@type":"Article","@id":"http:\/\/denizcankizil.tr\/de\/haberler\/gundem\/sair-siir-suur-oyunu-tiyatroseverler-ile-bulustu\/#article","isPartOf":{"@id":"http:\/\/denizcankizil.tr\/de\/haberler\/gundem\/sair-siir-suur-oyunu-tiyatroseverler-ile-bulustu\/"},"author":{"name":"admin","@id":"https:\/\/denizcankizil.tr\/de\/#\/schema\/person\/be3c05fe6a12686905512445d8185489"},"headline":"\u015eair, \u015eiir, \u015euur\u2019 oyunu tiyatroseverler ile bulu\u015ftu","datePublished":"2025-03-13T13:41:47+00:00","dateModified":"2025-03-15T21:42:48+00:00","mainEntityOfPage":{"@id":"http:\/\/denizcankizil.tr\/de\/haberler\/gundem\/sair-siir-suur-oyunu-tiyatroseverler-ile-bulustu\/"},"wordCount":102,"publisher":{"@id":"https:\/\/denizcankizil.tr\/de\/#organization"},"articleSection":["G\u00fcndem"],"inLanguage":"de"},{"@type":"WebPage","@id":"http:\/\/denizcankizil.tr\/de\/haberler\/gundem\/sair-siir-suur-oyunu-tiyatroseverler-ile-bulustu\/","url":"http:\/\/denizcankizil.tr\/de\/haberler\/gundem\/sair-siir-suur-oyunu-tiyatroseverler-ile-bulustu\/","name":"\u015eair, \u015eiir, \u015euur\u2019 oyunu tiyatroseverler ile bulu\u015ftu - Av. Deniz Can K\u0131z\u0131l","isPartOf":{"@id":"https:\/\/denizcankizil.tr\/de\/#website"},"datePublished":"2025-03-13T13:41:47+00:00","dateModified":"2025-03-15T21:42:48+00:00","breadcrumb":{"@id":"http:\/\/denizcankizil.tr\/de\/haberler\/gundem\/sair-siir-suur-oyunu-tiyatroseverler-ile-bulustu\/#breadcrumb"},"inLanguage":"de","potentialAction":[{"@type":"ReadAction","target":["http:\/\/denizcankizil.tr\/de\/haberler\/gundem\/sair-siir-suur-oyunu-tiyatroseverler-ile-bulustu\/"]}]},{"@type":"BreadcrumbList","@id":"http:\/\/denizcankizil.tr\/de\/haberler\/gundem\/sair-siir-suur-oyunu-tiyatroseverler-ile-bulustu\/#breadcrumb","itemListElement":[{"@type":"ListItem","position":1,"name":"Home","item":"https:\/\/denizcankizil.tr\/de\/"},{"@type":"ListItem","position":2,"name":"\u015eair, \u015eiir, \u015euur\u2019 oyunu tiyatroseverler ile bulu\u015ftu"}]},{"@type":"WebSite","@id":"https:\/\/denizcankizil.tr\/de\/#website","url":"https:\/\/denizcankizil.tr\/de\/","name":"Av. Deniz Can K\u0131z\u0131l","description":"Avukat Deniz Can K\u0131z\u0131l Antalya Barosu","publisher":{"@id":"https:\/\/denizcankizil.tr\/de\/#organization"},"potentialAction":[{"@type":"SearchAction","target":{"@type":"EntryPoint","urlTemplate":"https:\/\/denizcankizil.tr\/de\/?s={search_term_string}"},"query-input":{"@type":"PropertyValueSpecification","valueRequired":true,"valueName":"search_term_string"}}],"inLanguage":"de"},{"@type":"Organization","@id":"https:\/\/denizcankizil.tr\/de\/#organization","name":"Av. Deniz Can K\u0131z\u0131l","url":"https:\/\/denizcankizil.tr\/de\/","logo":{"@type":"ImageObject","inLanguage":"de","@id":"https:\/\/denizcankizil.tr\/de\/#\/schema\/logo\/image\/","url":"http:\/\/denizcankizil.tr\/wp-content\/uploads\/2024\/10\/siyah-logo-svg.svg","contentUrl":"http:\/\/denizcankizil.tr\/wp-content\/uploads\/2024\/10\/siyah-logo-svg.svg","width":1080,"height":1080,"caption":"Av. Deniz Can K\u0131z\u0131l"},"image":{"@id":"https:\/\/denizcankizil.tr\/de\/#\/schema\/logo\/image\/"}},{"@type":"Person","@id":"https:\/\/denizcankizil.tr\/de\/#\/schema\/person\/be3c05fe6a12686905512445d8185489","name":"Administrator","image":{"@type":"ImageObject","inLanguage":"de","@id":"https:\/\/denizcankizil.tr\/de\/#\/schema\/person\/image\/","url":"https:\/\/secure.gravatar.com\/avatar\/c1fce94c830dc79107e174f890d7210541c4a63e8e5d816341794a2151c9d58c?s=96&d=mm&r=g","contentUrl":"https:\/\/secure.gravatar.com\/avatar\/c1fce94c830dc79107e174f890d7210541c4a63e8e5d816341794a2151c9d58c?s=96&d=mm&r=g","caption":"admin"},"sameAs":["http:\/\/denizcankizil.tr"],"url":"https:\/\/www.iskenderun.org\/sair-siir-suur-oyunu-tiyatroseverler-ile-bulustu"}]}},"_links":{"self":[{"href":"http:\/\/denizcankizil.tr\/de\/wp-json\/wp\/v2\/posts\/35635","targetHints":{"allow":["GET"]}}],"collection":[{"href":"http:\/\/denizcankizil.tr\/de\/wp-json\/wp\/v2\/posts"}],"about":[{"href":"http:\/\/denizcankizil.tr\/de\/wp-json\/wp\/v2\/types\/post"}],"author":[{"embeddable":true,"href":"http:\/\/denizcankizil.tr\/de\/wp-json\/wp\/v2\/users\/1"}],"replies":[{"embeddable":true,"href":"http:\/\/denizcankizil.tr\/de\/wp-json\/wp\/v2\/comments?post=35635"}],"version-history":[{"count":1,"href":"http:\/\/denizcankizil.tr\/de\/wp-json\/wp\/v2\/posts\/35635\/revisions"}],"predecessor-version":[{"id":35883,"href":"http:\/\/denizcankizil.tr\/de\/wp-json\/wp\/v2\/posts\/35635\/revisions\/35883"}],"wp:attachment":[{"href":"http:\/\/denizcankizil.tr\/de\/wp-json\/wp\/v2\/media?parent=35635"}],"wp:term":[{"taxonomy":"category","embeddable":true,"href":"http:\/\/denizcankizil.tr\/de\/wp-json\/wp\/v2\/categories?post=35635"},{"taxonomy":"post_tag","embeddable":true,"href":"http:\/\/denizcankizil.tr\/de\/wp-json\/wp\/v2\/tags?post=35635"}],"curies":[{"name":"wp","href":"https:\/\/api.w.org\/{rel}","templated":true}]}}