{"id":35522,"date":"2025-03-12T18:41:27","date_gmt":"2025-03-12T15:41:27","guid":{"rendered":"https:\/\/denizcankizil.tr\/uncategorized-tr\/ogrencilere-odul-verildi\/"},"modified":"2025-03-16T00:44:00","modified_gmt":"2025-03-15T21:44:00","slug":"ogrencilere-odul-verildi","status":"publish","type":"post","link":"http:\/\/denizcankizil.tr\/de\/haberler\/gundem\/ogrencilere-odul-verildi\/","title":{"rendered":"\u00d6\u011frencilere \u00d6d\u00fcl Verildi"},"content":{"rendered":"<p>Etkinlikte, Sefa Ataka\u015f Denizcilik ve Mesleki Teknik Anadolu Lisesi \u00f6\u011frencileri taraf\u0131ndan a\u00e7\u0131lan resim sergisi, programa kat\u0131lan \u0130skenderun Kaymakam\u0131 Muhammet \u00d6nder, Belediye Ba\u015fkan\u0131 Mehmet D\u00f6nmez ve resmi kurum temsilcileri taraf\u0131ndan b\u00fcy\u00fck ilgiyle incelendi.<\/p>\n<p>Program, sayg\u0131 duru\u015fu ve \u0130stiklal Mar\u015f\u0131&#8217;n\u0131n okunmas\u0131yla ba\u015flad\u0131. Ard\u0131ndan, Sefa Ataka\u015f Anadolu Lisesi \u00f6\u011fretmeni, Mehmet Akif Ersoy\u2019un hayat\u0131 ve \u0130stiklal Mar\u015f\u0131&#8217;n\u0131n kabul\u00fc ile ilgili \u00f6nemli anekdotlar\u0131 kat\u0131l\u0131mc\u0131larla payla\u015ft\u0131.<\/p>\n<p>\u0130stiklal Mar\u015f\u0131 ile ilgili yap\u0131lan \u00e7al\u0131\u015fmalar aras\u0131nda en iyi performans\u0131 sergileyen \u00f6\u011frencilere \u00f6d\u00fcllerini \u0130skenderun Kaymakam\u0131 Muhammet \u00d6nder, Garnizon Komutan\u0131 Tarhan ve Belediye Ba\u015fkan\u0131 Mehmet D\u00f6nmez verdi.<\/p>\n<p>T\u00f6renin sonunda ise, Sefa Ataka\u015f Denizcilik ve Mesleki Teknik Anadolu Lisesi \u00f6\u011frencileri taraf\u0131ndan &#8220;Tarihin Ak\u0131\u015f\u0131nda \u0130stiklal Mar\u015f\u0131 Oratoryosu&#8221; sahnelendi. Kat\u0131l\u0131mc\u0131lar, \u00f6\u011frencilerin sergiledi\u011fi anlam dolu performans\u0131 b\u00fcy\u00fck be\u011feniyle izledi.<\/p>\n<p>Etkinlik, \u0130stiklal Mar\u015f\u0131&#8217;n\u0131n kabul\u00fc ve Mehmet Akif Ersoy&#8217;u anman\u0131n \u00f6nemini bir kez daha vurgulayan anlaml\u0131 bir program olarak haf\u0131zalarda yer etti.<\/p>\n<p>\u200b\u0130stiklal Mar\u015f\u0131&#8217;n\u0131n kabul\u00fc ve Mehmet Akif Ersoy&#8217;u anma etkinlikleri kapsam\u0131nda Sefa Ataka\u015f Denizcilik ve Mesleki Teknik Anadolu Lisesi taraf\u0131ndan \u0130skenderun Belediye K\u00fclt\u00fcr Saray\u0131&#8217;nda t\u00f6ren d\u00fczenlendi.\u00a0<\/p>\n<p>\u200bHaberin Al\u0131nt\u0131land\u0131\u011f\u0131 Kaynak: www.iskenderun.org<\/p>","protected":false},"excerpt":{"rendered":"<p>Etkinlikte, Sefa Ataka\u015f Denizcilik ve Mesleki Teknik Anadolu Lisesi \u00f6\u011frencileri taraf\u0131ndan a\u00e7\u0131lan resim sergisi, programa kat\u0131lan \u0130skenderun Kaymakam\u0131 Muhammet \u00d6nder, Belediye Ba\u015fkan\u0131 Mehmet D\u00f6nmez ve resmi kurum temsilcileri taraf\u0131ndan b\u00fcy\u00fck ilgiyle incelendi. Program, sayg\u0131 duru\u015fu ve \u0130stiklal Mar\u015f\u0131&#8217;n\u0131n okunmas\u0131yla ba\u015flad\u0131. Ard\u0131ndan, Sefa Ataka\u015f Anadolu Lisesi \u00f6\u011fretmeni, Mehmet Akif Ersoy\u2019un hayat\u0131 ve \u0130stiklal Mar\u015f\u0131&#8217;n\u0131n kabul\u00fc ile ilgili \u00f6nemli anekdotlar\u0131 kat\u0131l\u0131mc\u0131larla payla\u015ft\u0131. \u0130stiklal Mar\u015f\u0131 ile ilgili yap\u0131lan \u00e7al\u0131\u015fmalar aras\u0131nda en iyi performans\u0131 sergileyen \u00f6\u011frencilere \u00f6d\u00fcllerini \u0130skenderun Kaymakam\u0131 Muhammet \u00d6nder, Garnizon Komutan\u0131 Tarhan ve Belediye Ba\u015fkan\u0131 Mehmet D\u00f6nmez verdi. T\u00f6renin sonunda ise, Sefa Ataka\u015f Denizcilik ve Mesleki Teknik Anadolu Lisesi \u00f6\u011frencileri taraf\u0131ndan &#8220;Tarihin Ak\u0131\u015f\u0131nda \u0130stiklal Mar\u015f\u0131 Oratoryosu&#8221; sahnelendi. Kat\u0131l\u0131mc\u0131lar, \u00f6\u011frencilerin sergiledi\u011fi anlam dolu performans\u0131 b\u00fcy\u00fck be\u011feniyle izledi. Etkinlik, \u0130stiklal Mar\u015f\u0131&#8217;n\u0131n kabul\u00fc ve Mehmet Akif Ersoy&#8217;u anman\u0131n \u00f6nemini bir kez daha vurgulayan anlaml\u0131 bir program olarak haf\u0131zalarda yer etti. \u200b\u0130stiklal Mar\u015f\u0131&#8217;n\u0131n kabul\u00fc ve Mehmet Akif Ersoy&#8217;u anma etkinlikleri kapsam\u0131nda Sefa Ataka\u015f Denizcilik ve Mesleki Teknik Anadolu Lisesi taraf\u0131ndan \u0130skenderun Belediye K\u00fclt\u00fcr Saray\u0131&#8217;nda t\u00f6ren d\u00fczenlendi.\u00a0 \u200bHaberin Al\u0131nt\u0131land\u0131\u011f\u0131 Kaynak: www.iskenderun.org<\/p>","protected":false},"author":1,"featured_media":0,"comment_status":"closed","ping_status":"open","sticky":false,"template":"","format":"standard","meta":{"_acf_changed":false,"footnotes":""},"categories":[24],"tags":[],"class_list":["post-35522","post","type-post","status-publish","format-standard","has-post-thumbnail","hentry","category-gundem"],"acf":[],"yoast_head":"<!-- This site is optimized with the Yoast SEO Premium plugin v26.6 (Yoast SEO v27.1.1) - https:\/\/yoast.com\/product\/yoast-seo-premium-wordpress\/ -->\n<title>\u00d6\u011frencilere \u00d6d\u00fcl Verildi - Av. Deniz Can K\u0131z\u0131l<\/title>\n<meta name=\"robots\" content=\"index, follow, max-snippet:-1, max-image-preview:large, max-video-preview:-1\" \/>\n<link rel=\"canonical\" href=\"http:\/\/denizcankizil.tr\/de\/haberler\/gundem\/ogrencilere-odul-verildi\/\" \/>\n<meta property=\"og:locale\" content=\"de_DE\" \/>\n<meta property=\"og:type\" content=\"article\" \/>\n<meta property=\"og:title\" content=\"\u00d6\u011frencilere \u00d6d\u00fcl Verildi\" \/>\n<meta property=\"og:description\" content=\"Etkinlikte, Sefa Ataka\u015f Denizcilik ve Mesleki Teknik Anadolu Lisesi \u00f6\u011frencileri taraf\u0131ndan a\u00e7\u0131lan resim sergisi, programa kat\u0131lan \u0130skenderun Kaymakam\u0131 Muhammet \u00d6nder, Belediye Ba\u015fkan\u0131 Mehmet D\u00f6nmez ve resmi kurum temsilcileri taraf\u0131ndan b\u00fcy\u00fck ilgiyle incelendi. Program, sayg\u0131 duru\u015fu ve \u0130stiklal Mar\u015f\u0131&#8217;n\u0131n okunmas\u0131yla ba\u015flad\u0131. Ard\u0131ndan, Sefa Ataka\u015f Anadolu Lisesi \u00f6\u011fretmeni, Mehmet Akif Ersoy\u2019un hayat\u0131 ve \u0130stiklal Mar\u015f\u0131&#8217;n\u0131n kabul\u00fc ile ilgili \u00f6nemli anekdotlar\u0131 kat\u0131l\u0131mc\u0131larla payla\u015ft\u0131. \u0130stiklal Mar\u015f\u0131 ile ilgili yap\u0131lan \u00e7al\u0131\u015fmalar aras\u0131nda en iyi performans\u0131 sergileyen \u00f6\u011frencilere \u00f6d\u00fcllerini \u0130skenderun Kaymakam\u0131 Muhammet \u00d6nder, Garnizon Komutan\u0131 Tarhan ve Belediye Ba\u015fkan\u0131 Mehmet D\u00f6nmez verdi. T\u00f6renin sonunda ise, Sefa Ataka\u015f Denizcilik ve Mesleki Teknik Anadolu Lisesi \u00f6\u011frencileri taraf\u0131ndan &#8220;Tarihin Ak\u0131\u015f\u0131nda \u0130stiklal Mar\u015f\u0131 Oratoryosu&#8221; sahnelendi. Kat\u0131l\u0131mc\u0131lar, \u00f6\u011frencilerin sergiledi\u011fi anlam dolu performans\u0131 b\u00fcy\u00fck be\u011feniyle izledi. Etkinlik, \u0130stiklal Mar\u015f\u0131&#8217;n\u0131n kabul\u00fc ve Mehmet Akif Ersoy&#8217;u anman\u0131n \u00f6nemini bir kez daha vurgulayan anlaml\u0131 bir program olarak haf\u0131zalarda yer etti. \u200b\u0130stiklal Mar\u015f\u0131&#8217;n\u0131n kabul\u00fc ve Mehmet Akif Ersoy&#8217;u anma etkinlikleri kapsam\u0131nda Sefa Ataka\u015f Denizcilik ve Mesleki Teknik Anadolu Lisesi taraf\u0131ndan \u0130skenderun Belediye K\u00fclt\u00fcr Saray\u0131&#8217;nda t\u00f6ren d\u00fczenlendi.\u00a0 \u200bHaberin Al\u0131nt\u0131land\u0131\u011f\u0131 Kaynak: www.iskenderun.org\" \/>\n<meta property=\"og:url\" content=\"http:\/\/denizcankizil.tr\/de\/haberler\/gundem\/ogrencilere-odul-verildi\/\" \/>\n<meta property=\"og:site_name\" content=\"Av. Deniz Can K\u0131z\u0131l\" \/>\n<meta property=\"article:published_time\" content=\"2025-03-12T15:41:27+00:00\" \/>\n<meta property=\"article:modified_time\" content=\"2025-03-15T21:44:00+00:00\" \/>\n<meta name=\"author\" content=\"admin\" \/>\n<meta name=\"twitter:card\" content=\"summary_large_image\" \/>\n<meta name=\"twitter:label1\" content=\"Verfasst von\" \/>\n\t<meta name=\"twitter:data1\" content=\"admin\" \/>\n\t<meta name=\"twitter:label2\" content=\"Gesch\u00e4tzte Lesezeit\" \/>\n\t<meta name=\"twitter:data2\" content=\"1\u00a0Minute\" \/>\n<script type=\"application\/ld+json\" class=\"yoast-schema-graph\">{\"@context\":\"https:\/\/schema.org\",\"@graph\":[{\"@type\":\"Article\",\"@id\":\"http:\/\/denizcankizil.tr\/de\/haberler\/gundem\/ogrencilere-odul-verildi\/#article\",\"isPartOf\":{\"@id\":\"http:\/\/denizcankizil.tr\/de\/haberler\/gundem\/ogrencilere-odul-verildi\/\"},\"author\":{\"name\":\"admin\",\"@id\":\"https:\/\/denizcankizil.tr\/de\/#\/schema\/person\/be3c05fe6a12686905512445d8185489\"},\"headline\":\"\u00d6\u011frencilere \u00d6d\u00fcl Verildi\",\"datePublished\":\"2025-03-12T15:41:27+00:00\",\"dateModified\":\"2025-03-15T21:44:00+00:00\",\"mainEntityOfPage\":{\"@id\":\"http:\/\/denizcankizil.tr\/de\/haberler\/gundem\/ogrencilere-odul-verildi\/\"},\"wordCount\":224,\"publisher\":{\"@id\":\"https:\/\/denizcankizil.tr\/de\/#organization\"},\"articleSection\":[\"G\u00fcndem\"],\"inLanguage\":\"de\"},{\"@type\":\"WebPage\",\"@id\":\"http:\/\/denizcankizil.tr\/de\/haberler\/gundem\/ogrencilere-odul-verildi\/\",\"url\":\"http:\/\/denizcankizil.tr\/de\/haberler\/gundem\/ogrencilere-odul-verildi\/\",\"name\":\"\u00d6\u011frencilere \u00d6d\u00fcl Verildi - Av. Deniz Can K\u0131z\u0131l\",\"isPartOf\":{\"@id\":\"https:\/\/denizcankizil.tr\/de\/#website\"},\"datePublished\":\"2025-03-12T15:41:27+00:00\",\"dateModified\":\"2025-03-15T21:44:00+00:00\",\"breadcrumb\":{\"@id\":\"http:\/\/denizcankizil.tr\/de\/haberler\/gundem\/ogrencilere-odul-verildi\/#breadcrumb\"},\"inLanguage\":\"de\",\"potentialAction\":[{\"@type\":\"ReadAction\",\"target\":[\"http:\/\/denizcankizil.tr\/de\/haberler\/gundem\/ogrencilere-odul-verildi\/\"]}]},{\"@type\":\"BreadcrumbList\",\"@id\":\"http:\/\/denizcankizil.tr\/de\/haberler\/gundem\/ogrencilere-odul-verildi\/#breadcrumb\",\"itemListElement\":[{\"@type\":\"ListItem\",\"position\":1,\"name\":\"Home\",\"item\":\"https:\/\/denizcankizil.tr\/de\/\"},{\"@type\":\"ListItem\",\"position\":2,\"name\":\"\u00d6\u011frencilere \u00d6d\u00fcl Verildi\"}]},{\"@type\":\"WebSite\",\"@id\":\"https:\/\/denizcankizil.tr\/de\/#website\",\"url\":\"https:\/\/denizcankizil.tr\/de\/\",\"name\":\"Av. Deniz Can K\u0131z\u0131l\",\"description\":\"Avukat Deniz Can K\u0131z\u0131l Antalya Barosu\",\"publisher\":{\"@id\":\"https:\/\/denizcankizil.tr\/de\/#organization\"},\"potentialAction\":[{\"@type\":\"SearchAction\",\"target\":{\"@type\":\"EntryPoint\",\"urlTemplate\":\"https:\/\/denizcankizil.tr\/de\/?s={search_term_string}\"},\"query-input\":{\"@type\":\"PropertyValueSpecification\",\"valueRequired\":true,\"valueName\":\"search_term_string\"}}],\"inLanguage\":\"de\"},{\"@type\":\"Organization\",\"@id\":\"https:\/\/denizcankizil.tr\/de\/#organization\",\"name\":\"Av. Deniz Can K\u0131z\u0131l\",\"url\":\"https:\/\/denizcankizil.tr\/de\/\",\"logo\":{\"@type\":\"ImageObject\",\"inLanguage\":\"de\",\"@id\":\"https:\/\/denizcankizil.tr\/de\/#\/schema\/logo\/image\/\",\"url\":\"http:\/\/denizcankizil.tr\/wp-content\/uploads\/2024\/10\/siyah-logo-svg.svg\",\"contentUrl\":\"http:\/\/denizcankizil.tr\/wp-content\/uploads\/2024\/10\/siyah-logo-svg.svg\",\"width\":1080,\"height\":1080,\"caption\":\"Av. Deniz Can K\u0131z\u0131l\"},\"image\":{\"@id\":\"https:\/\/denizcankizil.tr\/de\/#\/schema\/logo\/image\/\"}},{\"@type\":\"Person\",\"@id\":\"https:\/\/denizcankizil.tr\/de\/#\/schema\/person\/be3c05fe6a12686905512445d8185489\",\"name\":\"admin\",\"image\":{\"@type\":\"ImageObject\",\"inLanguage\":\"de\",\"@id\":\"https:\/\/denizcankizil.tr\/de\/#\/schema\/person\/image\/\",\"url\":\"https:\/\/secure.gravatar.com\/avatar\/c1fce94c830dc79107e174f890d7210541c4a63e8e5d816341794a2151c9d58c?s=96&d=mm&r=g\",\"contentUrl\":\"https:\/\/secure.gravatar.com\/avatar\/c1fce94c830dc79107e174f890d7210541c4a63e8e5d816341794a2151c9d58c?s=96&d=mm&r=g\",\"caption\":\"admin\"},\"sameAs\":[\"http:\/\/denizcankizil.tr\"],\"url\":\"https:\/\/www.iskenderun.org\/ogrencilere-odul-verildi\"}]}<\/script>\n<!-- \/ Yoast SEO Premium plugin. -->","yoast_head_json":{"title":"\u00d6\u011frencilere \u00d6d\u00fcl Verildi - Av. Deniz Can K\u0131z\u0131l","robots":{"index":"index","follow":"follow","max-snippet":"max-snippet:-1","max-image-preview":"max-image-preview:large","max-video-preview":"max-video-preview:-1"},"canonical":"http:\/\/denizcankizil.tr\/de\/haberler\/gundem\/ogrencilere-odul-verildi\/","og_locale":"de_DE","og_type":"article","og_title":"\u00d6\u011frencilere \u00d6d\u00fcl Verildi","og_description":"Etkinlikte, Sefa Ataka\u015f Denizcilik ve Mesleki Teknik Anadolu Lisesi \u00f6\u011frencileri taraf\u0131ndan a\u00e7\u0131lan resim sergisi, programa kat\u0131lan \u0130skenderun Kaymakam\u0131 Muhammet \u00d6nder, Belediye Ba\u015fkan\u0131 Mehmet D\u00f6nmez ve resmi kurum temsilcileri taraf\u0131ndan b\u00fcy\u00fck ilgiyle incelendi. Program, sayg\u0131 duru\u015fu ve \u0130stiklal Mar\u015f\u0131&#8217;n\u0131n okunmas\u0131yla ba\u015flad\u0131. Ard\u0131ndan, Sefa Ataka\u015f Anadolu Lisesi \u00f6\u011fretmeni, Mehmet Akif Ersoy\u2019un hayat\u0131 ve \u0130stiklal Mar\u015f\u0131&#8217;n\u0131n kabul\u00fc ile ilgili \u00f6nemli anekdotlar\u0131 kat\u0131l\u0131mc\u0131larla payla\u015ft\u0131. \u0130stiklal Mar\u015f\u0131 ile ilgili yap\u0131lan \u00e7al\u0131\u015fmalar aras\u0131nda en iyi performans\u0131 sergileyen \u00f6\u011frencilere \u00f6d\u00fcllerini \u0130skenderun Kaymakam\u0131 Muhammet \u00d6nder, Garnizon Komutan\u0131 Tarhan ve Belediye Ba\u015fkan\u0131 Mehmet D\u00f6nmez verdi. T\u00f6renin sonunda ise, Sefa Ataka\u015f Denizcilik ve Mesleki Teknik Anadolu Lisesi \u00f6\u011frencileri taraf\u0131ndan &#8220;Tarihin Ak\u0131\u015f\u0131nda \u0130stiklal Mar\u015f\u0131 Oratoryosu&#8221; sahnelendi. Kat\u0131l\u0131mc\u0131lar, \u00f6\u011frencilerin sergiledi\u011fi anlam dolu performans\u0131 b\u00fcy\u00fck be\u011feniyle izledi. Etkinlik, \u0130stiklal Mar\u015f\u0131&#8217;n\u0131n kabul\u00fc ve Mehmet Akif Ersoy&#8217;u anman\u0131n \u00f6nemini bir kez daha vurgulayan anlaml\u0131 bir program olarak haf\u0131zalarda yer etti. \u200b\u0130stiklal Mar\u015f\u0131&#8217;n\u0131n kabul\u00fc ve Mehmet Akif Ersoy&#8217;u anma etkinlikleri kapsam\u0131nda Sefa Ataka\u015f Denizcilik ve Mesleki Teknik Anadolu Lisesi taraf\u0131ndan \u0130skenderun Belediye K\u00fclt\u00fcr Saray\u0131&#8217;nda t\u00f6ren d\u00fczenlendi.\u00a0 \u200bHaberin Al\u0131nt\u0131land\u0131\u011f\u0131 Kaynak: www.iskenderun.org","og_url":"http:\/\/denizcankizil.tr\/de\/haberler\/gundem\/ogrencilere-odul-verildi\/","og_site_name":"Av. Deniz Can K\u0131z\u0131l","article_published_time":"2025-03-12T15:41:27+00:00","article_modified_time":"2025-03-15T21:44:00+00:00","author":"admin","twitter_card":"summary_large_image","twitter_misc":{"Verfasst von":"admin","Gesch\u00e4tzte Lesezeit":"1\u00a0Minute"},"schema":{"@context":"https:\/\/schema.org","@graph":[{"@type":"Article","@id":"http:\/\/denizcankizil.tr\/de\/haberler\/gundem\/ogrencilere-odul-verildi\/#article","isPartOf":{"@id":"http:\/\/denizcankizil.tr\/de\/haberler\/gundem\/ogrencilere-odul-verildi\/"},"author":{"name":"admin","@id":"https:\/\/denizcankizil.tr\/de\/#\/schema\/person\/be3c05fe6a12686905512445d8185489"},"headline":"\u00d6\u011frencilere \u00d6d\u00fcl Verildi","datePublished":"2025-03-12T15:41:27+00:00","dateModified":"2025-03-15T21:44:00+00:00","mainEntityOfPage":{"@id":"http:\/\/denizcankizil.tr\/de\/haberler\/gundem\/ogrencilere-odul-verildi\/"},"wordCount":224,"publisher":{"@id":"https:\/\/denizcankizil.tr\/de\/#organization"},"articleSection":["G\u00fcndem"],"inLanguage":"de"},{"@type":"WebPage","@id":"http:\/\/denizcankizil.tr\/de\/haberler\/gundem\/ogrencilere-odul-verildi\/","url":"http:\/\/denizcankizil.tr\/de\/haberler\/gundem\/ogrencilere-odul-verildi\/","name":"\u00d6\u011frencilere \u00d6d\u00fcl Verildi - Av. Deniz Can K\u0131z\u0131l","isPartOf":{"@id":"https:\/\/denizcankizil.tr\/de\/#website"},"datePublished":"2025-03-12T15:41:27+00:00","dateModified":"2025-03-15T21:44:00+00:00","breadcrumb":{"@id":"http:\/\/denizcankizil.tr\/de\/haberler\/gundem\/ogrencilere-odul-verildi\/#breadcrumb"},"inLanguage":"de","potentialAction":[{"@type":"ReadAction","target":["http:\/\/denizcankizil.tr\/de\/haberler\/gundem\/ogrencilere-odul-verildi\/"]}]},{"@type":"BreadcrumbList","@id":"http:\/\/denizcankizil.tr\/de\/haberler\/gundem\/ogrencilere-odul-verildi\/#breadcrumb","itemListElement":[{"@type":"ListItem","position":1,"name":"Home","item":"https:\/\/denizcankizil.tr\/de\/"},{"@type":"ListItem","position":2,"name":"\u00d6\u011frencilere \u00d6d\u00fcl Verildi"}]},{"@type":"WebSite","@id":"https:\/\/denizcankizil.tr\/de\/#website","url":"https:\/\/denizcankizil.tr\/de\/","name":"Av. Deniz Can K\u0131z\u0131l","description":"Avukat Deniz Can K\u0131z\u0131l Antalya Barosu","publisher":{"@id":"https:\/\/denizcankizil.tr\/de\/#organization"},"potentialAction":[{"@type":"SearchAction","target":{"@type":"EntryPoint","urlTemplate":"https:\/\/denizcankizil.tr\/de\/?s={search_term_string}"},"query-input":{"@type":"PropertyValueSpecification","valueRequired":true,"valueName":"search_term_string"}}],"inLanguage":"de"},{"@type":"Organization","@id":"https:\/\/denizcankizil.tr\/de\/#organization","name":"Av. Deniz Can K\u0131z\u0131l","url":"https:\/\/denizcankizil.tr\/de\/","logo":{"@type":"ImageObject","inLanguage":"de","@id":"https:\/\/denizcankizil.tr\/de\/#\/schema\/logo\/image\/","url":"http:\/\/denizcankizil.tr\/wp-content\/uploads\/2024\/10\/siyah-logo-svg.svg","contentUrl":"http:\/\/denizcankizil.tr\/wp-content\/uploads\/2024\/10\/siyah-logo-svg.svg","width":1080,"height":1080,"caption":"Av. Deniz Can K\u0131z\u0131l"},"image":{"@id":"https:\/\/denizcankizil.tr\/de\/#\/schema\/logo\/image\/"}},{"@type":"Person","@id":"https:\/\/denizcankizil.tr\/de\/#\/schema\/person\/be3c05fe6a12686905512445d8185489","name":"Administrator","image":{"@type":"ImageObject","inLanguage":"de","@id":"https:\/\/denizcankizil.tr\/de\/#\/schema\/person\/image\/","url":"https:\/\/secure.gravatar.com\/avatar\/c1fce94c830dc79107e174f890d7210541c4a63e8e5d816341794a2151c9d58c?s=96&d=mm&r=g","contentUrl":"https:\/\/secure.gravatar.com\/avatar\/c1fce94c830dc79107e174f890d7210541c4a63e8e5d816341794a2151c9d58c?s=96&d=mm&r=g","caption":"admin"},"sameAs":["http:\/\/denizcankizil.tr"],"url":"https:\/\/www.iskenderun.org\/ogrencilere-odul-verildi"}]}},"_links":{"self":[{"href":"http:\/\/denizcankizil.tr\/de\/wp-json\/wp\/v2\/posts\/35522","targetHints":{"allow":["GET"]}}],"collection":[{"href":"http:\/\/denizcankizil.tr\/de\/wp-json\/wp\/v2\/posts"}],"about":[{"href":"http:\/\/denizcankizil.tr\/de\/wp-json\/wp\/v2\/types\/post"}],"author":[{"embeddable":true,"href":"http:\/\/denizcankizil.tr\/de\/wp-json\/wp\/v2\/users\/1"}],"replies":[{"embeddable":true,"href":"http:\/\/denizcankizil.tr\/de\/wp-json\/wp\/v2\/comments?post=35522"}],"version-history":[{"count":1,"href":"http:\/\/denizcankizil.tr\/de\/wp-json\/wp\/v2\/posts\/35522\/revisions"}],"predecessor-version":[{"id":35954,"href":"http:\/\/denizcankizil.tr\/de\/wp-json\/wp\/v2\/posts\/35522\/revisions\/35954"}],"wp:attachment":[{"href":"http:\/\/denizcankizil.tr\/de\/wp-json\/wp\/v2\/media?parent=35522"}],"wp:term":[{"taxonomy":"category","embeddable":true,"href":"http:\/\/denizcankizil.tr\/de\/wp-json\/wp\/v2\/categories?post=35522"},{"taxonomy":"post_tag","embeddable":true,"href":"http:\/\/denizcankizil.tr\/de\/wp-json\/wp\/v2\/tags?post=35522"}],"curies":[{"name":"wp","href":"https:\/\/api.w.org\/{rel}","templated":true}]}}