{"id":35445,"date":"2025-03-12T09:41:25","date_gmt":"2025-03-12T06:41:25","guid":{"rendered":"https:\/\/denizcankizil.tr\/uncategorized-tr\/meteoroloji-paylasti-marmara-ve-egeye-ruzgar-uyarisi\/"},"modified":"2025-03-12T09:41:25","modified_gmt":"2025-03-12T06:41:25","slug":"meteoroloji-paylasti-marmara-ve-egeye-ruzgar-uyarisi","status":"publish","type":"post","link":"http:\/\/denizcankizil.tr\/de\/haberler\/gundem\/meteoroloji-paylasti-marmara-ve-egeye-ruzgar-uyarisi\/","title":{"rendered":"Meteoroloji payla\u015ft\u0131! Marmara ve Ege&#8217;ye &#8216;r\u00fczgar&#8217; uyar\u0131s\u0131!"},"content":{"rendered":"<p>Meteoroloji&#8217;den yap\u0131lan son hava durumu tahminlerine g\u00f6re; T\u00fcrkiye genelinde ya\u011f\u0131\u015f beklenmezken, Marmara ve Ege k\u0131y\u0131lar\u0131nda kuvvetli lodos etkili olacak.ANKARA (\u0130GFA) &#8211; Meteoroloji Genel M\u00fcd\u00fcrl\u00fc\u011f\u00fc, 12 Mart \u00c7ar\u015famba g\u00fcn\u00fcne ili\u015fkin hava tahmin raporunu yay\u0131mlad\u0131.\u00a0<br \/>\nMeteoroloji Genel M\u00fcd\u00fcrl\u00fc\u011f\u00fc taraf\u0131ndan yap\u0131lan tahminlere g\u00f6re: Yurdun bat\u0131 kesimleri ile Do\u011fu ve G\u00fcneydo\u011fu Anadolu&#8217;nun par\u00e7al\u0131, yer yer \u00e7ok bulutlu, \u0130stanbul ve Bal\u0131kesir \u00e7evreleri ile \u0130zmir&#8217;in kuzey kesimlerinin hafif sa\u011fanak ya\u011f\u0131\u015fl\u0131, di\u011fer yerlerin az bulutlu ve a\u00e7\u0131k ge\u00e7ece\u011fi tahmin ediliyor.\u00a0Sabah ve gece saatlerinde do\u011fu kesimlerde buzlanma ve don olay\u0131, yurt genelinde pus ve yer yer sis bekleniyor. Do\u011fu Karadeniz\u2019in i\u00e7 kesimlerinin y\u00fcksekleri ile Do\u011fu Anadolu\u2019nun y\u00fcksek ve e\u011fimli yama\u00e7lar\u0131nda \u00e7\u0131\u011f tehlikesi bulunmaktad\u0131r.<\/p>\n<p>\u00a0Hava s\u0131cakl\u0131\u011f\u0131n\u0131n, \u00dclke genelinde mevsim normallerinin \u00fczerinde seyretmeye devam edece\u011fi tahmin ediliyor.<br \/>\nR\u00fczgar genellikle g\u00fcney y\u00f6nlerden hafif, ara s\u0131ra orta kuvvette, Marmara&#8217;n\u0131n bat\u0131s\u0131 ile Kuzey Ege k\u0131y\u0131lar\u0131nda kuvvetli (40-60 km\/saat) olarak esmesi bekleniyor.<\/p>\n<p>KUVVETL\u0130 R\u00dcZGAR UYARISI:<br \/>\nR\u00fczgar\u0131n, Marmara&#8217;n\u0131n bat\u0131s\u0131 ile Kuzey Ege k\u0131y\u0131lar\u0131nda g\u00fcney y\u00f6nlerden kuvvetli (40-60 km\/saat) olarak esmesi beklendi\u011finden ya\u015fanabilecek olumsuzluklara kar\u015f\u0131 dikkatli ve tedbirli olunmas\u0131 gerekmektedir.<br \/>\n\u00c7I\u011e TEHL\u0130KES\u0130 VE KAR ER\u0130MELER\u0130 \u0130LE BUZLANMA VE DON OLAYI UYARISI:<br \/>\nGece ve sabah saatlerinde do\u011fu b\u00f6lgelerde buzlanma ve don olay\u0131, Do\u011fu Karadeniz&#8217;in i\u00e7 kesimleri ile Do\u011fu Anadolu&#8217;nun y\u00fcksek ve e\u011fimli yama\u00e7lar\u0131nda \u00e7\u0131\u011f tehlikesi bulundu\u011fundan heyelan, ula\u015f\u0131mda aksamalar ve kar erimesine ba\u011fl\u0131 olumsuzluklara kar\u015f\u0131 ilgililerin ve vatanda\u015flar\u0131m\u0131z\u0131n dikkatli ve tedbirli olmalar\u0131 gerekmektedir.<\/p>\n<p>\u200bMeteoroloji&#8217;den yap\u0131lan son hava durumu tahminlerine g\u00f6re; T\u00fcrkiye genelinde ya\u011f\u0131\u015f beklenmezken, Marmara ve Ege k\u0131y\u0131lar\u0131nda kuvvetli lodos etkili olacak.ANKARA (\u0130GFA) &#8211; Meteoroloji Genel M\u00fcd\u00fcrl\u00fc\u011f\u00fc, 12 Mart \u00c7ar\u015famba g\u00fcn\u00fcne ili\u015fkin hava tahmin raporunu yay\u0131mlad\u0131.\u00a0<br \/>\nMeteoroloji Genel M\u00fcd\u00fcrl\u00fc\u011f\u00fc taraf\u0131ndan yap\u0131lan tahminlere g\u00f6re: Yurdun bat\u0131 kesimleri ile Do\u011fu ve G\u00fcneydo\u011fu Anadolu&#8217;nun par\u00e7al\u0131, yer yer \u00e7ok bulutlu, \u0130stanbul ve Bal\u0131kesir \u00e7evreleri ile \u0130zmir&#8217;in kuzey kesimlerinin hafif sa\u011fanak ya\u011f\u0131\u015fl\u0131, di\u011fer yerlerin az bulutlu ve a\u00e7\u0131k ge\u00e7ece\u011fi tahmin ediliyor.\u00a0Sabah ve gece saatlerinde do\u011fu kesimlerde buzlanma ve don olay\u0131, yurt genelinde pus ve yer yer sis bekleniyor. Do\u011fu Karadeniz\u2019in i\u00e7 kesimlerinin y\u00fcksekleri ile Do\u011fu Anadolu\u2019nun y\u00fcksek ve e\u011fimli yama\u00e7lar\u0131nda \u00e7\u0131\u011f tehlikesi bulunmaktad\u0131r.<\/p>\n<p>\u00a0Hava s\u0131cakl\u0131\u011f\u0131n\u0131n, \u00dclke genelinde mevsim normallerinin \u00fczerinde seyretmeye devam edece\u011fi tahmin ediliyor.<br \/>\nR\u00fczgar genellikle g\u00fcney y\u00f6nlerden hafif, ara s\u0131ra orta kuvvette, Marmara&#8217;n\u0131n bat\u0131s\u0131 ile Kuzey Ege k\u0131y\u0131lar\u0131nda kuvvetli (40-60 km\/saat) olarak esmesi bekleniyor.<\/p>\n<p>KUVVETL\u0130 R\u00dcZGAR UYARISI:<br \/>\nR\u00fczgar\u0131n, Marmara&#8217;n\u0131n bat\u0131s\u0131 ile Kuzey Ege k\u0131y\u0131lar\u0131nda g\u00fcney y\u00f6nlerden kuvvetli (40-60 km\/saat) olarak esmesi beklendi\u011finden ya\u015fanabilecek olumsuzluklara kar\u015f\u0131 dikkatli ve tedbirli olunmas\u0131 gerekmektedir.<br \/>\n\u00c7I\u011e TEHL\u0130KES\u0130 VE KAR ER\u0130MELER\u0130 \u0130LE BUZLANMA VE DON OLAYI UYARISI:<br \/>\nGece ve sabah saatlerinde do\u011fu b\u00f6lgelerde buzlanma ve don olay\u0131, Do\u011fu Karadeniz&#8217;in i\u00e7 kesimleri ile Do\u011fu Anadolu&#8217;nun y\u00fcksek ve e\u011fimli yama\u00e7lar\u0131nda \u00e7\u0131\u011f tehlikesi bulundu\u011fundan heyelan, ula\u015f\u0131mda aksamalar ve kar erimesine ba\u011fl\u0131 olumsuzluklara kar\u015f\u0131 ilgililerin ve vatanda\u015flar\u0131m\u0131z\u0131n dikkatli ve tedbirli olmalar\u0131 gerekmektedir.\u00a0<\/p>\n<p>\u200bHaberin Al\u0131nt\u0131land\u0131\u011f\u0131 Kaynak: www.iskenderun.org<\/p>","protected":false},"excerpt":{"rendered":"<p>Meteoroloji&#8217;den yap\u0131lan son hava durumu tahminlerine g\u00f6re; T\u00fcrkiye genelinde ya\u011f\u0131\u015f beklenmezken, Marmara ve Ege k\u0131y\u0131lar\u0131nda kuvvetli lodos etkili olacak.ANKARA (\u0130GFA) &#8211; Meteoroloji Genel M\u00fcd\u00fcrl\u00fc\u011f\u00fc, 12 Mart \u00c7ar\u015famba g\u00fcn\u00fcne ili\u015fkin hava tahmin raporunu yay\u0131mlad\u0131.\u00a0 Meteoroloji Genel M\u00fcd\u00fcrl\u00fc\u011f\u00fc taraf\u0131ndan yap\u0131lan tahminlere g\u00f6re: Yurdun bat\u0131 kesimleri ile Do\u011fu ve G\u00fcneydo\u011fu Anadolu&#8217;nun par\u00e7al\u0131, yer yer \u00e7ok bulutlu, \u0130stanbul ve Bal\u0131kesir \u00e7evreleri ile \u0130zmir&#8217;in kuzey kesimlerinin hafif sa\u011fanak ya\u011f\u0131\u015fl\u0131, di\u011fer yerlerin az bulutlu ve a\u00e7\u0131k ge\u00e7ece\u011fi tahmin ediliyor.\u00a0Sabah ve gece saatlerinde do\u011fu kesimlerde buzlanma ve don olay\u0131, yurt genelinde pus ve yer yer sis bekleniyor. Do\u011fu Karadeniz\u2019in i\u00e7 kesimlerinin y\u00fcksekleri ile Do\u011fu Anadolu\u2019nun y\u00fcksek ve e\u011fimli yama\u00e7lar\u0131nda \u00e7\u0131\u011f tehlikesi bulunmaktad\u0131r. \u00a0Hava s\u0131cakl\u0131\u011f\u0131n\u0131n, \u00dclke genelinde mevsim normallerinin \u00fczerinde seyretmeye devam edece\u011fi tahmin ediliyor. R\u00fczgar genellikle g\u00fcney y\u00f6nlerden hafif, ara s\u0131ra orta kuvvette, Marmara&#8217;n\u0131n bat\u0131s\u0131 ile Kuzey Ege k\u0131y\u0131lar\u0131nda kuvvetli (40-60 km\/saat) olarak esmesi bekleniyor. KUVVETL\u0130 R\u00dcZGAR UYARISI: R\u00fczgar\u0131n, Marmara&#8217;n\u0131n bat\u0131s\u0131 ile Kuzey Ege k\u0131y\u0131lar\u0131nda g\u00fcney y\u00f6nlerden kuvvetli (40-60 km\/saat) olarak esmesi beklendi\u011finden ya\u015fanabilecek olumsuzluklara kar\u015f\u0131 dikkatli ve tedbirli olunmas\u0131 gerekmektedir. \u00c7I\u011e TEHL\u0130KES\u0130 VE KAR ER\u0130MELER\u0130 \u0130LE BUZLANMA VE DON OLAYI UYARISI: Gece ve sabah saatlerinde do\u011fu b\u00f6lgelerde buzlanma ve don olay\u0131, Do\u011fu Karadeniz&#8217;in i\u00e7 kesimleri ile Do\u011fu Anadolu&#8217;nun y\u00fcksek ve e\u011fimli yama\u00e7lar\u0131nda \u00e7\u0131\u011f tehlikesi bulundu\u011fundan heyelan, &hellip;<\/p>","protected":false},"author":1,"featured_media":0,"comment_status":"open","ping_status":"open","sticky":false,"template":"","format":"standard","meta":{"_acf_changed":false,"footnotes":""},"categories":[24],"tags":[],"class_list":["post-35445","post","type-post","status-publish","format-standard","has-post-thumbnail","hentry","category-gundem"],"acf":[],"yoast_head":"<!-- This site is optimized with the Yoast SEO Premium plugin v26.6 (Yoast SEO v27.1.1) - https:\/\/yoast.com\/product\/yoast-seo-premium-wordpress\/ -->\n<title>Meteoroloji payla\u015ft\u0131! Marmara ve Ege&#039;ye &#039;r\u00fczgar&#039; uyar\u0131s\u0131! - Av. Deniz Can K\u0131z\u0131l<\/title>\n<meta name=\"robots\" content=\"index, follow, max-snippet:-1, max-image-preview:large, max-video-preview:-1\" \/>\n<link rel=\"canonical\" href=\"http:\/\/denizcankizil.tr\/de\/haberler\/gundem\/meteoroloji-paylasti-marmara-ve-egeye-ruzgar-uyarisi\/\" \/>\n<meta property=\"og:locale\" content=\"de_DE\" \/>\n<meta property=\"og:type\" content=\"article\" \/>\n<meta property=\"og:title\" content=\"Meteoroloji payla\u015ft\u0131! Marmara ve Ege&#039;ye &#039;r\u00fczgar&#039; uyar\u0131s\u0131!\" \/>\n<meta property=\"og:description\" content=\"Meteoroloji&#8217;den yap\u0131lan son hava durumu tahminlerine g\u00f6re; T\u00fcrkiye genelinde ya\u011f\u0131\u015f beklenmezken, Marmara ve Ege k\u0131y\u0131lar\u0131nda kuvvetli lodos etkili olacak.ANKARA (\u0130GFA) &#8211; Meteoroloji Genel M\u00fcd\u00fcrl\u00fc\u011f\u00fc, 12 Mart \u00c7ar\u015famba g\u00fcn\u00fcne ili\u015fkin hava tahmin raporunu yay\u0131mlad\u0131.\u00a0 Meteoroloji Genel M\u00fcd\u00fcrl\u00fc\u011f\u00fc taraf\u0131ndan yap\u0131lan tahminlere g\u00f6re: Yurdun bat\u0131 kesimleri ile Do\u011fu ve G\u00fcneydo\u011fu Anadolu&#8217;nun par\u00e7al\u0131, yer yer \u00e7ok bulutlu, \u0130stanbul ve Bal\u0131kesir \u00e7evreleri ile \u0130zmir&#8217;in kuzey kesimlerinin hafif sa\u011fanak ya\u011f\u0131\u015fl\u0131, di\u011fer yerlerin az bulutlu ve a\u00e7\u0131k ge\u00e7ece\u011fi tahmin ediliyor.\u00a0Sabah ve gece saatlerinde do\u011fu kesimlerde buzlanma ve don olay\u0131, yurt genelinde pus ve yer yer sis bekleniyor. Do\u011fu Karadeniz\u2019in i\u00e7 kesimlerinin y\u00fcksekleri ile Do\u011fu Anadolu\u2019nun y\u00fcksek ve e\u011fimli yama\u00e7lar\u0131nda \u00e7\u0131\u011f tehlikesi bulunmaktad\u0131r. \u00a0Hava s\u0131cakl\u0131\u011f\u0131n\u0131n, \u00dclke genelinde mevsim normallerinin \u00fczerinde seyretmeye devam edece\u011fi tahmin ediliyor. R\u00fczgar genellikle g\u00fcney y\u00f6nlerden hafif, ara s\u0131ra orta kuvvette, Marmara&#8217;n\u0131n bat\u0131s\u0131 ile Kuzey Ege k\u0131y\u0131lar\u0131nda kuvvetli (40-60 km\/saat) olarak esmesi bekleniyor. KUVVETL\u0130 R\u00dcZGAR UYARISI: R\u00fczgar\u0131n, Marmara&#8217;n\u0131n bat\u0131s\u0131 ile Kuzey Ege k\u0131y\u0131lar\u0131nda g\u00fcney y\u00f6nlerden kuvvetli (40-60 km\/saat) olarak esmesi beklendi\u011finden ya\u015fanabilecek olumsuzluklara kar\u015f\u0131 dikkatli ve tedbirli olunmas\u0131 gerekmektedir. \u00c7I\u011e TEHL\u0130KES\u0130 VE KAR ER\u0130MELER\u0130 \u0130LE BUZLANMA VE DON OLAYI UYARISI: Gece ve sabah saatlerinde do\u011fu b\u00f6lgelerde buzlanma ve don olay\u0131, Do\u011fu Karadeniz&#8217;in i\u00e7 kesimleri ile Do\u011fu Anadolu&#8217;nun y\u00fcksek ve e\u011fimli yama\u00e7lar\u0131nda \u00e7\u0131\u011f tehlikesi bulundu\u011fundan heyelan, &hellip;\" \/>\n<meta property=\"og:url\" content=\"http:\/\/denizcankizil.tr\/de\/haberler\/gundem\/meteoroloji-paylasti-marmara-ve-egeye-ruzgar-uyarisi\/\" \/>\n<meta property=\"og:site_name\" content=\"Av. Deniz Can K\u0131z\u0131l\" \/>\n<meta property=\"article:published_time\" content=\"2025-03-12T06:41:25+00:00\" \/>\n<meta name=\"author\" content=\"admin\" \/>\n<meta name=\"twitter:card\" content=\"summary_large_image\" \/>\n<meta name=\"twitter:label1\" content=\"Verfasst von\" \/>\n\t<meta name=\"twitter:data1\" content=\"admin\" \/>\n\t<meta name=\"twitter:label2\" content=\"Gesch\u00e4tzte Lesezeit\" \/>\n\t<meta name=\"twitter:data2\" content=\"3\u00a0Minuten\" \/>\n<script type=\"application\/ld+json\" class=\"yoast-schema-graph\">{\"@context\":\"https:\/\/schema.org\",\"@graph\":[{\"@type\":\"Article\",\"@id\":\"http:\/\/denizcankizil.tr\/de\/haberler\/gundem\/meteoroloji-paylasti-marmara-ve-egeye-ruzgar-uyarisi\/#article\",\"isPartOf\":{\"@id\":\"http:\/\/denizcankizil.tr\/de\/haberler\/gundem\/meteoroloji-paylasti-marmara-ve-egeye-ruzgar-uyarisi\/\"},\"author\":{\"name\":\"admin\",\"@id\":\"https:\/\/denizcankizil.tr\/#\/schema\/person\/be3c05fe6a12686905512445d8185489\"},\"headline\":\"Meteoroloji payla\u015ft\u0131! Marmara ve Ege&#8217;ye &#8216;r\u00fczgar&#8217; uyar\u0131s\u0131!\",\"datePublished\":\"2025-03-12T06:41:25+00:00\",\"mainEntityOfPage\":{\"@id\":\"http:\/\/denizcankizil.tr\/de\/haberler\/gundem\/meteoroloji-paylasti-marmara-ve-egeye-ruzgar-uyarisi\/\"},\"wordCount\":631,\"commentCount\":0,\"publisher\":{\"@id\":\"https:\/\/denizcankizil.tr\/#organization\"},\"articleSection\":[\"G\u00fcndem\"],\"inLanguage\":\"de\",\"potentialAction\":[{\"@type\":\"CommentAction\",\"name\":\"Comment\",\"target\":[\"http:\/\/denizcankizil.tr\/de\/haberler\/gundem\/meteoroloji-paylasti-marmara-ve-egeye-ruzgar-uyarisi\/#respond\"]}]},{\"@type\":\"WebPage\",\"@id\":\"http:\/\/denizcankizil.tr\/de\/haberler\/gundem\/meteoroloji-paylasti-marmara-ve-egeye-ruzgar-uyarisi\/\",\"url\":\"http:\/\/denizcankizil.tr\/de\/haberler\/gundem\/meteoroloji-paylasti-marmara-ve-egeye-ruzgar-uyarisi\/\",\"name\":\"Meteoroloji payla\u015ft\u0131! Marmara ve Ege'ye 'r\u00fczgar' uyar\u0131s\u0131! - Av. Deniz Can K\u0131z\u0131l\",\"isPartOf\":{\"@id\":\"https:\/\/denizcankizil.tr\/#website\"},\"datePublished\":\"2025-03-12T06:41:25+00:00\",\"breadcrumb\":{\"@id\":\"http:\/\/denizcankizil.tr\/de\/haberler\/gundem\/meteoroloji-paylasti-marmara-ve-egeye-ruzgar-uyarisi\/#breadcrumb\"},\"inLanguage\":\"de\",\"potentialAction\":[{\"@type\":\"ReadAction\",\"target\":[\"http:\/\/denizcankizil.tr\/de\/haberler\/gundem\/meteoroloji-paylasti-marmara-ve-egeye-ruzgar-uyarisi\/\"]}]},{\"@type\":\"BreadcrumbList\",\"@id\":\"http:\/\/denizcankizil.tr\/de\/haberler\/gundem\/meteoroloji-paylasti-marmara-ve-egeye-ruzgar-uyarisi\/#breadcrumb\",\"itemListElement\":[{\"@type\":\"ListItem\",\"position\":1,\"name\":\"Home\",\"item\":\"https:\/\/denizcankizil.tr\/de\/\"},{\"@type\":\"ListItem\",\"position\":2,\"name\":\"Meteoroloji payla\u015ft\u0131! Marmara ve Ege&#8217;ye &#8216;r\u00fczgar&#8217; uyar\u0131s\u0131!\"}]},{\"@type\":\"WebSite\",\"@id\":\"https:\/\/denizcankizil.tr\/#website\",\"url\":\"https:\/\/denizcankizil.tr\/\",\"name\":\"Av. Deniz Can K\u0131z\u0131l\",\"description\":\"Avukat Deniz Can K\u0131z\u0131l Antalya Barosu\",\"publisher\":{\"@id\":\"https:\/\/denizcankizil.tr\/#organization\"},\"potentialAction\":[{\"@type\":\"SearchAction\",\"target\":{\"@type\":\"EntryPoint\",\"urlTemplate\":\"https:\/\/denizcankizil.tr\/?s={search_term_string}\"},\"query-input\":{\"@type\":\"PropertyValueSpecification\",\"valueRequired\":true,\"valueName\":\"search_term_string\"}}],\"inLanguage\":\"de\"},{\"@type\":\"Organization\",\"@id\":\"https:\/\/denizcankizil.tr\/#organization\",\"name\":\"Av. Deniz Can K\u0131z\u0131l\",\"url\":\"https:\/\/denizcankizil.tr\/\",\"logo\":{\"@type\":\"ImageObject\",\"inLanguage\":\"de\",\"@id\":\"https:\/\/denizcankizil.tr\/#\/schema\/logo\/image\/\",\"url\":\"http:\/\/denizcankizil.tr\/wp-content\/uploads\/2024\/10\/siyah-logo-svg.svg\",\"contentUrl\":\"http:\/\/denizcankizil.tr\/wp-content\/uploads\/2024\/10\/siyah-logo-svg.svg\",\"width\":1080,\"height\":1080,\"caption\":\"Av. Deniz Can K\u0131z\u0131l\"},\"image\":{\"@id\":\"https:\/\/denizcankizil.tr\/#\/schema\/logo\/image\/\"}},{\"@type\":\"Person\",\"@id\":\"https:\/\/denizcankizil.tr\/#\/schema\/person\/be3c05fe6a12686905512445d8185489\",\"name\":\"admin\",\"image\":{\"@type\":\"ImageObject\",\"inLanguage\":\"de\",\"@id\":\"https:\/\/denizcankizil.tr\/#\/schema\/person\/image\/\",\"url\":\"https:\/\/secure.gravatar.com\/avatar\/c1fce94c830dc79107e174f890d7210541c4a63e8e5d816341794a2151c9d58c?s=96&d=mm&r=g\",\"contentUrl\":\"https:\/\/secure.gravatar.com\/avatar\/c1fce94c830dc79107e174f890d7210541c4a63e8e5d816341794a2151c9d58c?s=96&d=mm&r=g\",\"caption\":\"admin\"},\"sameAs\":[\"http:\/\/denizcankizil.tr\"],\"url\":\"https:\/\/www.iskenderun.org\/meteoroloji-paylasti-marmara-ve-egeye-ruzgar-uyarisi\"}]}<\/script>\n<!-- \/ Yoast SEO Premium plugin. -->","yoast_head_json":{"title":"Meteoroloji payla\u015ft\u0131! Marmara ve Ege'ye 'r\u00fczgar' uyar\u0131s\u0131! - Av. Deniz Can K\u0131z\u0131l","robots":{"index":"index","follow":"follow","max-snippet":"max-snippet:-1","max-image-preview":"max-image-preview:large","max-video-preview":"max-video-preview:-1"},"canonical":"http:\/\/denizcankizil.tr\/de\/haberler\/gundem\/meteoroloji-paylasti-marmara-ve-egeye-ruzgar-uyarisi\/","og_locale":"de_DE","og_type":"article","og_title":"Meteoroloji payla\u015ft\u0131! Marmara ve Ege'ye 'r\u00fczgar' uyar\u0131s\u0131!","og_description":"Meteoroloji&#8217;den yap\u0131lan son hava durumu tahminlerine g\u00f6re; T\u00fcrkiye genelinde ya\u011f\u0131\u015f beklenmezken, Marmara ve Ege k\u0131y\u0131lar\u0131nda kuvvetli lodos etkili olacak.ANKARA (\u0130GFA) &#8211; Meteoroloji Genel M\u00fcd\u00fcrl\u00fc\u011f\u00fc, 12 Mart \u00c7ar\u015famba g\u00fcn\u00fcne ili\u015fkin hava tahmin raporunu yay\u0131mlad\u0131.\u00a0 Meteoroloji Genel M\u00fcd\u00fcrl\u00fc\u011f\u00fc taraf\u0131ndan yap\u0131lan tahminlere g\u00f6re: Yurdun bat\u0131 kesimleri ile Do\u011fu ve G\u00fcneydo\u011fu Anadolu&#8217;nun par\u00e7al\u0131, yer yer \u00e7ok bulutlu, \u0130stanbul ve Bal\u0131kesir \u00e7evreleri ile \u0130zmir&#8217;in kuzey kesimlerinin hafif sa\u011fanak ya\u011f\u0131\u015fl\u0131, di\u011fer yerlerin az bulutlu ve a\u00e7\u0131k ge\u00e7ece\u011fi tahmin ediliyor.\u00a0Sabah ve gece saatlerinde do\u011fu kesimlerde buzlanma ve don olay\u0131, yurt genelinde pus ve yer yer sis bekleniyor. Do\u011fu Karadeniz\u2019in i\u00e7 kesimlerinin y\u00fcksekleri ile Do\u011fu Anadolu\u2019nun y\u00fcksek ve e\u011fimli yama\u00e7lar\u0131nda \u00e7\u0131\u011f tehlikesi bulunmaktad\u0131r. \u00a0Hava s\u0131cakl\u0131\u011f\u0131n\u0131n, \u00dclke genelinde mevsim normallerinin \u00fczerinde seyretmeye devam edece\u011fi tahmin ediliyor. R\u00fczgar genellikle g\u00fcney y\u00f6nlerden hafif, ara s\u0131ra orta kuvvette, Marmara&#8217;n\u0131n bat\u0131s\u0131 ile Kuzey Ege k\u0131y\u0131lar\u0131nda kuvvetli (40-60 km\/saat) olarak esmesi bekleniyor. KUVVETL\u0130 R\u00dcZGAR UYARISI: R\u00fczgar\u0131n, Marmara&#8217;n\u0131n bat\u0131s\u0131 ile Kuzey Ege k\u0131y\u0131lar\u0131nda g\u00fcney y\u00f6nlerden kuvvetli (40-60 km\/saat) olarak esmesi beklendi\u011finden ya\u015fanabilecek olumsuzluklara kar\u015f\u0131 dikkatli ve tedbirli olunmas\u0131 gerekmektedir. \u00c7I\u011e TEHL\u0130KES\u0130 VE KAR ER\u0130MELER\u0130 \u0130LE BUZLANMA VE DON OLAYI UYARISI: Gece ve sabah saatlerinde do\u011fu b\u00f6lgelerde buzlanma ve don olay\u0131, Do\u011fu Karadeniz&#8217;in i\u00e7 kesimleri ile Do\u011fu Anadolu&#8217;nun y\u00fcksek ve e\u011fimli yama\u00e7lar\u0131nda \u00e7\u0131\u011f tehlikesi bulundu\u011fundan heyelan, &hellip;","og_url":"http:\/\/denizcankizil.tr\/de\/haberler\/gundem\/meteoroloji-paylasti-marmara-ve-egeye-ruzgar-uyarisi\/","og_site_name":"Av. Deniz Can K\u0131z\u0131l","article_published_time":"2025-03-12T06:41:25+00:00","author":"admin","twitter_card":"summary_large_image","twitter_misc":{"Verfasst von":"admin","Gesch\u00e4tzte Lesezeit":"3\u00a0Minuten"},"schema":{"@context":"https:\/\/schema.org","@graph":[{"@type":"Article","@id":"http:\/\/denizcankizil.tr\/de\/haberler\/gundem\/meteoroloji-paylasti-marmara-ve-egeye-ruzgar-uyarisi\/#article","isPartOf":{"@id":"http:\/\/denizcankizil.tr\/de\/haberler\/gundem\/meteoroloji-paylasti-marmara-ve-egeye-ruzgar-uyarisi\/"},"author":{"name":"admin","@id":"https:\/\/denizcankizil.tr\/#\/schema\/person\/be3c05fe6a12686905512445d8185489"},"headline":"Meteoroloji payla\u015ft\u0131! Marmara ve Ege&#8217;ye &#8216;r\u00fczgar&#8217; uyar\u0131s\u0131!","datePublished":"2025-03-12T06:41:25+00:00","mainEntityOfPage":{"@id":"http:\/\/denizcankizil.tr\/de\/haberler\/gundem\/meteoroloji-paylasti-marmara-ve-egeye-ruzgar-uyarisi\/"},"wordCount":631,"commentCount":0,"publisher":{"@id":"https:\/\/denizcankizil.tr\/#organization"},"articleSection":["G\u00fcndem"],"inLanguage":"de","potentialAction":[{"@type":"CommentAction","name":"Comment","target":["http:\/\/denizcankizil.tr\/de\/haberler\/gundem\/meteoroloji-paylasti-marmara-ve-egeye-ruzgar-uyarisi\/#respond"]}]},{"@type":"WebPage","@id":"http:\/\/denizcankizil.tr\/de\/haberler\/gundem\/meteoroloji-paylasti-marmara-ve-egeye-ruzgar-uyarisi\/","url":"http:\/\/denizcankizil.tr\/de\/haberler\/gundem\/meteoroloji-paylasti-marmara-ve-egeye-ruzgar-uyarisi\/","name":"Meteoroloji payla\u015ft\u0131! Marmara ve Ege'ye 'r\u00fczgar' uyar\u0131s\u0131! - Av. Deniz Can K\u0131z\u0131l","isPartOf":{"@id":"https:\/\/denizcankizil.tr\/#website"},"datePublished":"2025-03-12T06:41:25+00:00","breadcrumb":{"@id":"http:\/\/denizcankizil.tr\/de\/haberler\/gundem\/meteoroloji-paylasti-marmara-ve-egeye-ruzgar-uyarisi\/#breadcrumb"},"inLanguage":"de","potentialAction":[{"@type":"ReadAction","target":["http:\/\/denizcankizil.tr\/de\/haberler\/gundem\/meteoroloji-paylasti-marmara-ve-egeye-ruzgar-uyarisi\/"]}]},{"@type":"BreadcrumbList","@id":"http:\/\/denizcankizil.tr\/de\/haberler\/gundem\/meteoroloji-paylasti-marmara-ve-egeye-ruzgar-uyarisi\/#breadcrumb","itemListElement":[{"@type":"ListItem","position":1,"name":"Home","item":"https:\/\/denizcankizil.tr\/de\/"},{"@type":"ListItem","position":2,"name":"Meteoroloji payla\u015ft\u0131! Marmara ve Ege&#8217;ye &#8216;r\u00fczgar&#8217; uyar\u0131s\u0131!"}]},{"@type":"WebSite","@id":"https:\/\/denizcankizil.tr\/#website","url":"https:\/\/denizcankizil.tr\/","name":"Av. Deniz Can K\u0131z\u0131l","description":"Avukat Deniz Can K\u0131z\u0131l Antalya Barosu","publisher":{"@id":"https:\/\/denizcankizil.tr\/#organization"},"potentialAction":[{"@type":"SearchAction","target":{"@type":"EntryPoint","urlTemplate":"https:\/\/denizcankizil.tr\/?s={search_term_string}"},"query-input":{"@type":"PropertyValueSpecification","valueRequired":true,"valueName":"search_term_string"}}],"inLanguage":"de"},{"@type":"Organization","@id":"https:\/\/denizcankizil.tr\/#organization","name":"Av. Deniz Can K\u0131z\u0131l","url":"https:\/\/denizcankizil.tr\/","logo":{"@type":"ImageObject","inLanguage":"de","@id":"https:\/\/denizcankizil.tr\/#\/schema\/logo\/image\/","url":"http:\/\/denizcankizil.tr\/wp-content\/uploads\/2024\/10\/siyah-logo-svg.svg","contentUrl":"http:\/\/denizcankizil.tr\/wp-content\/uploads\/2024\/10\/siyah-logo-svg.svg","width":1080,"height":1080,"caption":"Av. Deniz Can K\u0131z\u0131l"},"image":{"@id":"https:\/\/denizcankizil.tr\/#\/schema\/logo\/image\/"}},{"@type":"Person","@id":"https:\/\/denizcankizil.tr\/#\/schema\/person\/be3c05fe6a12686905512445d8185489","name":"Administrator","image":{"@type":"ImageObject","inLanguage":"de","@id":"https:\/\/denizcankizil.tr\/#\/schema\/person\/image\/","url":"https:\/\/secure.gravatar.com\/avatar\/c1fce94c830dc79107e174f890d7210541c4a63e8e5d816341794a2151c9d58c?s=96&d=mm&r=g","contentUrl":"https:\/\/secure.gravatar.com\/avatar\/c1fce94c830dc79107e174f890d7210541c4a63e8e5d816341794a2151c9d58c?s=96&d=mm&r=g","caption":"admin"},"sameAs":["http:\/\/denizcankizil.tr"],"url":"https:\/\/www.iskenderun.org\/meteoroloji-paylasti-marmara-ve-egeye-ruzgar-uyarisi"}]}},"_links":{"self":[{"href":"http:\/\/denizcankizil.tr\/de\/wp-json\/wp\/v2\/posts\/35445","targetHints":{"allow":["GET"]}}],"collection":[{"href":"http:\/\/denizcankizil.tr\/de\/wp-json\/wp\/v2\/posts"}],"about":[{"href":"http:\/\/denizcankizil.tr\/de\/wp-json\/wp\/v2\/types\/post"}],"author":[{"embeddable":true,"href":"http:\/\/denizcankizil.tr\/de\/wp-json\/wp\/v2\/users\/1"}],"replies":[{"embeddable":true,"href":"http:\/\/denizcankizil.tr\/de\/wp-json\/wp\/v2\/comments?post=35445"}],"version-history":[{"count":0,"href":"http:\/\/denizcankizil.tr\/de\/wp-json\/wp\/v2\/posts\/35445\/revisions"}],"wp:attachment":[{"href":"http:\/\/denizcankizil.tr\/de\/wp-json\/wp\/v2\/media?parent=35445"}],"wp:term":[{"taxonomy":"category","embeddable":true,"href":"http:\/\/denizcankizil.tr\/de\/wp-json\/wp\/v2\/categories?post=35445"},{"taxonomy":"post_tag","embeddable":true,"href":"http:\/\/denizcankizil.tr\/de\/wp-json\/wp\/v2\/tags?post=35445"}],"curies":[{"name":"wp","href":"https:\/\/api.w.org\/{rel}","templated":true}]}}