{"id":35415,"date":"2025-03-11T16:41:52","date_gmt":"2025-03-11T13:41:52","guid":{"rendered":"https:\/\/denizcankizil.tr\/uncategorized-tr\/toplumu-degistirmek-icin-once-kadini-egitmeliyiz\/"},"modified":"2025-03-11T16:41:52","modified_gmt":"2025-03-11T13:41:52","slug":"toplumu-degistirmek-icin-once-kadini-egitmeliyiz","status":"publish","type":"post","link":"http:\/\/denizcankizil.tr\/de\/haberler\/gundem\/toplumu-degistirmek-icin-once-kadini-egitmeliyiz\/","title":{"rendered":"\u201cToplumu de\u011fi\u015ftirmek i\u00e7in \u00f6nce kad\u0131n\u0131 e\u011fitmeliyiz!\u201d"},"content":{"rendered":"<p>\u0130skenderun Belediyesi taraf\u0131ndan d\u00fczenlenen Ramazan \u015fenlikleri kapsam\u0131nda kente davet edilen e\u011fitimci yazar Dilek Cesur, dev \u00e7ad\u0131rda ger\u00e7ekle\u015ftirilen etkinlikte yapt\u0131\u011f\u0131 payla\u015f\u0131mlarla kat\u0131l\u0131mc\u0131lara e\u011fitici bilgiler verdi. \u00a0\u00a0<\/p>\n<p>Toplumun de\u011fi\u015fiminde kad\u0131n\u0131n e\u011fitiminin \u00f6nemine i\u015faret eden e\u011fitimci yazar Dilek Cesur, \u201cMaalesef ki herkes ayn\u0131 \u015fartlarda e\u015fit de\u011fil. Bu durum sadece T\u00fcrkiye\u2019de ge\u00e7erli, diye d\u00fc\u015f\u00fcnmeyelim d\u00fcnyan\u0131n her taraf\u0131nda kad\u0131lar\u0131n \u00e7ok zay\u0131f. Bir toplumda ger\u00e7ekten de\u011fi\u015fiklik yapmak istiyorsak \u00f6nce o toplumda kad\u0131nlar\u0131 e\u011fitmeliyiz. \u00c7ocuk geli\u015fiminde baban\u0131n da rol\u00fc \u00f6nemli, ancak anne ne kadar ba\u011fr\u0131na basar, \u015fefkat g\u00f6sterirse, o kadar sevgi dolu bir \u00e7ocuk oluyor. O y\u00fczden her \u015feyin ba\u015f\u0131 KADIN\u2019la ba\u015fl\u0131yor. Ben \u00f6zellikle babalara da s\u00f6yl\u00fcyorum, k\u0131z \u00e7ocuklar\u0131n\u0131z\u0131 \u00e7ok sevin. Bir baba k\u0131z \u00e7ocu\u011funu ne kadar \u00e7ok seviyorsa, o k\u0131z \u00e7ocu\u011fu da kendi ayaklar\u0131 \u00fczerinde \u015fene sa\u011flam bas\u0131yor\u201d diye konu\u015ftu.<\/p>\n<p>\u200bMaalesef herkesin ayn\u0131 \u015fartlarda e\u015fit olmad\u0131\u011f\u0131n\u0131 vurgulayan E\u011fitimci Yazar Dilek Cesur, sadece T\u00fcrkiye\u2019de ge\u00e7erli de\u011fil d\u00fcnyan\u0131n her taraf\u0131nda kad\u0131lar\u0131n zay\u0131f oldu\u011funu ifade ederek \u201cBir toplumda ger\u00e7ekten de\u011fi\u015fiklik yapmak istiyorsak \u00f6nce o toplumda kad\u0131nlar\u0131 e\u011fitmeliyiz\u201d dedi.\u00a0<\/p>\n<p>\u200bHaberin Al\u0131nt\u0131land\u0131\u011f\u0131 Kaynak: www.iskenderun.org<\/p>","protected":false},"excerpt":{"rendered":"<p>\u0130skenderun Belediyesi taraf\u0131ndan d\u00fczenlenen Ramazan \u015fenlikleri kapsam\u0131nda kente davet edilen e\u011fitimci yazar Dilek Cesur, dev \u00e7ad\u0131rda ger\u00e7ekle\u015ftirilen etkinlikte yapt\u0131\u011f\u0131 payla\u015f\u0131mlarla kat\u0131l\u0131mc\u0131lara e\u011fitici bilgiler verdi. \u00a0\u00a0 Toplumun de\u011fi\u015fiminde kad\u0131n\u0131n e\u011fitiminin \u00f6nemine i\u015faret eden e\u011fitimci yazar Dilek Cesur, \u201cMaalesef ki herkes ayn\u0131 \u015fartlarda e\u015fit de\u011fil. Bu durum sadece T\u00fcrkiye\u2019de ge\u00e7erli, diye d\u00fc\u015f\u00fcnmeyelim d\u00fcnyan\u0131n her taraf\u0131nda kad\u0131lar\u0131n \u00e7ok zay\u0131f. Bir toplumda ger\u00e7ekten de\u011fi\u015fiklik yapmak istiyorsak \u00f6nce o toplumda kad\u0131nlar\u0131 e\u011fitmeliyiz. \u00c7ocuk geli\u015fiminde baban\u0131n da rol\u00fc \u00f6nemli, ancak anne ne kadar ba\u011fr\u0131na basar, \u015fefkat g\u00f6sterirse, o kadar sevgi dolu bir \u00e7ocuk oluyor. O y\u00fczden her \u015feyin ba\u015f\u0131 KADIN\u2019la ba\u015fl\u0131yor. Ben \u00f6zellikle babalara da s\u00f6yl\u00fcyorum, k\u0131z \u00e7ocuklar\u0131n\u0131z\u0131 \u00e7ok sevin. Bir baba k\u0131z \u00e7ocu\u011funu ne kadar \u00e7ok seviyorsa, o k\u0131z \u00e7ocu\u011fu da kendi ayaklar\u0131 \u00fczerinde \u015fene sa\u011flam bas\u0131yor\u201d diye konu\u015ftu. \u200bMaalesef herkesin ayn\u0131 \u015fartlarda e\u015fit olmad\u0131\u011f\u0131n\u0131 vurgulayan E\u011fitimci Yazar Dilek Cesur, sadece T\u00fcrkiye\u2019de ge\u00e7erli de\u011fil d\u00fcnyan\u0131n her taraf\u0131nda kad\u0131lar\u0131n zay\u0131f oldu\u011funu ifade ederek \u201cBir toplumda ger\u00e7ekten de\u011fi\u015fiklik yapmak istiyorsak \u00f6nce o toplumda kad\u0131nlar\u0131 e\u011fitmeliyiz\u201d dedi.\u00a0 \u200bHaberin Al\u0131nt\u0131land\u0131\u011f\u0131 Kaynak: www.iskenderun.org<\/p>","protected":false},"author":1,"featured_media":0,"comment_status":"open","ping_status":"open","sticky":false,"template":"","format":"standard","meta":{"_acf_changed":false,"footnotes":""},"categories":[24],"tags":[],"class_list":["post-35415","post","type-post","status-publish","format-standard","has-post-thumbnail","hentry","category-gundem"],"acf":[],"yoast_head":"<!-- This site is optimized with the Yoast SEO Premium plugin v26.6 (Yoast SEO v27.1.1) - https:\/\/yoast.com\/product\/yoast-seo-premium-wordpress\/ -->\n<title>\u201cToplumu de\u011fi\u015ftirmek i\u00e7in \u00f6nce kad\u0131n\u0131 e\u011fitmeliyiz!\u201d - Av. Deniz Can K\u0131z\u0131l<\/title>\n<meta name=\"robots\" content=\"index, follow, max-snippet:-1, max-image-preview:large, max-video-preview:-1\" \/>\n<link rel=\"canonical\" href=\"http:\/\/denizcankizil.tr\/de\/haberler\/gundem\/toplumu-degistirmek-icin-once-kadini-egitmeliyiz\/\" \/>\n<meta property=\"og:locale\" content=\"de_DE\" \/>\n<meta property=\"og:type\" content=\"article\" \/>\n<meta property=\"og:title\" content=\"\u201cToplumu de\u011fi\u015ftirmek i\u00e7in \u00f6nce kad\u0131n\u0131 e\u011fitmeliyiz!\u201d\" \/>\n<meta property=\"og:description\" content=\"\u0130skenderun Belediyesi taraf\u0131ndan d\u00fczenlenen Ramazan \u015fenlikleri kapsam\u0131nda kente davet edilen e\u011fitimci yazar Dilek Cesur, dev \u00e7ad\u0131rda ger\u00e7ekle\u015ftirilen etkinlikte yapt\u0131\u011f\u0131 payla\u015f\u0131mlarla kat\u0131l\u0131mc\u0131lara e\u011fitici bilgiler verdi. \u00a0\u00a0 Toplumun de\u011fi\u015fiminde kad\u0131n\u0131n e\u011fitiminin \u00f6nemine i\u015faret eden e\u011fitimci yazar Dilek Cesur, \u201cMaalesef ki herkes ayn\u0131 \u015fartlarda e\u015fit de\u011fil. Bu durum sadece T\u00fcrkiye\u2019de ge\u00e7erli, diye d\u00fc\u015f\u00fcnmeyelim d\u00fcnyan\u0131n her taraf\u0131nda kad\u0131lar\u0131n \u00e7ok zay\u0131f. Bir toplumda ger\u00e7ekten de\u011fi\u015fiklik yapmak istiyorsak \u00f6nce o toplumda kad\u0131nlar\u0131 e\u011fitmeliyiz. \u00c7ocuk geli\u015fiminde baban\u0131n da rol\u00fc \u00f6nemli, ancak anne ne kadar ba\u011fr\u0131na basar, \u015fefkat g\u00f6sterirse, o kadar sevgi dolu bir \u00e7ocuk oluyor. O y\u00fczden her \u015feyin ba\u015f\u0131 KADIN\u2019la ba\u015fl\u0131yor. Ben \u00f6zellikle babalara da s\u00f6yl\u00fcyorum, k\u0131z \u00e7ocuklar\u0131n\u0131z\u0131 \u00e7ok sevin. Bir baba k\u0131z \u00e7ocu\u011funu ne kadar \u00e7ok seviyorsa, o k\u0131z \u00e7ocu\u011fu da kendi ayaklar\u0131 \u00fczerinde \u015fene sa\u011flam bas\u0131yor\u201d diye konu\u015ftu. \u200bMaalesef herkesin ayn\u0131 \u015fartlarda e\u015fit olmad\u0131\u011f\u0131n\u0131 vurgulayan E\u011fitimci Yazar Dilek Cesur, sadece T\u00fcrkiye\u2019de ge\u00e7erli de\u011fil d\u00fcnyan\u0131n her taraf\u0131nda kad\u0131lar\u0131n zay\u0131f oldu\u011funu ifade ederek \u201cBir toplumda ger\u00e7ekten de\u011fi\u015fiklik yapmak istiyorsak \u00f6nce o toplumda kad\u0131nlar\u0131 e\u011fitmeliyiz\u201d dedi.\u00a0 \u200bHaberin Al\u0131nt\u0131land\u0131\u011f\u0131 Kaynak: www.iskenderun.org\" \/>\n<meta property=\"og:url\" content=\"http:\/\/denizcankizil.tr\/de\/haberler\/gundem\/toplumu-degistirmek-icin-once-kadini-egitmeliyiz\/\" \/>\n<meta property=\"og:site_name\" content=\"Av. Deniz Can K\u0131z\u0131l\" \/>\n<meta property=\"article:published_time\" content=\"2025-03-11T13:41:52+00:00\" \/>\n<meta name=\"author\" content=\"admin\" \/>\n<meta name=\"twitter:card\" content=\"summary_large_image\" \/>\n<meta name=\"twitter:label1\" content=\"Verfasst von\" \/>\n\t<meta name=\"twitter:data1\" content=\"admin\" \/>\n\t<meta name=\"twitter:label2\" content=\"Gesch\u00e4tzte Lesezeit\" \/>\n\t<meta name=\"twitter:data2\" content=\"1\u00a0Minute\" \/>\n<script type=\"application\/ld+json\" class=\"yoast-schema-graph\">{\"@context\":\"https:\/\/schema.org\",\"@graph\":[{\"@type\":\"Article\",\"@id\":\"http:\/\/denizcankizil.tr\/de\/haberler\/gundem\/toplumu-degistirmek-icin-once-kadini-egitmeliyiz\/#article\",\"isPartOf\":{\"@id\":\"http:\/\/denizcankizil.tr\/de\/haberler\/gundem\/toplumu-degistirmek-icin-once-kadini-egitmeliyiz\/\"},\"author\":{\"name\":\"admin\",\"@id\":\"https:\/\/denizcankizil.tr\/#\/schema\/person\/be3c05fe6a12686905512445d8185489\"},\"headline\":\"\u201cToplumu de\u011fi\u015ftirmek i\u00e7in \u00f6nce kad\u0131n\u0131 e\u011fitmeliyiz!\u201d\",\"datePublished\":\"2025-03-11T13:41:52+00:00\",\"mainEntityOfPage\":{\"@id\":\"http:\/\/denizcankizil.tr\/de\/haberler\/gundem\/toplumu-degistirmek-icin-once-kadini-egitmeliyiz\/\"},\"wordCount\":253,\"commentCount\":0,\"publisher\":{\"@id\":\"https:\/\/denizcankizil.tr\/#organization\"},\"articleSection\":[\"G\u00fcndem\"],\"inLanguage\":\"de\",\"potentialAction\":[{\"@type\":\"CommentAction\",\"name\":\"Comment\",\"target\":[\"http:\/\/denizcankizil.tr\/de\/haberler\/gundem\/toplumu-degistirmek-icin-once-kadini-egitmeliyiz\/#respond\"]}]},{\"@type\":\"WebPage\",\"@id\":\"http:\/\/denizcankizil.tr\/de\/haberler\/gundem\/toplumu-degistirmek-icin-once-kadini-egitmeliyiz\/\",\"url\":\"http:\/\/denizcankizil.tr\/de\/haberler\/gundem\/toplumu-degistirmek-icin-once-kadini-egitmeliyiz\/\",\"name\":\"\u201cToplumu de\u011fi\u015ftirmek i\u00e7in \u00f6nce kad\u0131n\u0131 e\u011fitmeliyiz!\u201d - Av. Deniz Can K\u0131z\u0131l\",\"isPartOf\":{\"@id\":\"https:\/\/denizcankizil.tr\/#website\"},\"datePublished\":\"2025-03-11T13:41:52+00:00\",\"breadcrumb\":{\"@id\":\"http:\/\/denizcankizil.tr\/de\/haberler\/gundem\/toplumu-degistirmek-icin-once-kadini-egitmeliyiz\/#breadcrumb\"},\"inLanguage\":\"de\",\"potentialAction\":[{\"@type\":\"ReadAction\",\"target\":[\"http:\/\/denizcankizil.tr\/de\/haberler\/gundem\/toplumu-degistirmek-icin-once-kadini-egitmeliyiz\/\"]}]},{\"@type\":\"BreadcrumbList\",\"@id\":\"http:\/\/denizcankizil.tr\/de\/haberler\/gundem\/toplumu-degistirmek-icin-once-kadini-egitmeliyiz\/#breadcrumb\",\"itemListElement\":[{\"@type\":\"ListItem\",\"position\":1,\"name\":\"Home\",\"item\":\"https:\/\/denizcankizil.tr\/de\/\"},{\"@type\":\"ListItem\",\"position\":2,\"name\":\"\u201cToplumu de\u011fi\u015ftirmek i\u00e7in \u00f6nce kad\u0131n\u0131 e\u011fitmeliyiz!\u201d\"}]},{\"@type\":\"WebSite\",\"@id\":\"https:\/\/denizcankizil.tr\/#website\",\"url\":\"https:\/\/denizcankizil.tr\/\",\"name\":\"Av. Deniz Can K\u0131z\u0131l\",\"description\":\"Avukat Deniz Can K\u0131z\u0131l Antalya Barosu\",\"publisher\":{\"@id\":\"https:\/\/denizcankizil.tr\/#organization\"},\"potentialAction\":[{\"@type\":\"SearchAction\",\"target\":{\"@type\":\"EntryPoint\",\"urlTemplate\":\"https:\/\/denizcankizil.tr\/?s={search_term_string}\"},\"query-input\":{\"@type\":\"PropertyValueSpecification\",\"valueRequired\":true,\"valueName\":\"search_term_string\"}}],\"inLanguage\":\"de\"},{\"@type\":\"Organization\",\"@id\":\"https:\/\/denizcankizil.tr\/#organization\",\"name\":\"Av. Deniz Can K\u0131z\u0131l\",\"url\":\"https:\/\/denizcankizil.tr\/\",\"logo\":{\"@type\":\"ImageObject\",\"inLanguage\":\"de\",\"@id\":\"https:\/\/denizcankizil.tr\/#\/schema\/logo\/image\/\",\"url\":\"http:\/\/denizcankizil.tr\/wp-content\/uploads\/2024\/10\/siyah-logo-svg.svg\",\"contentUrl\":\"http:\/\/denizcankizil.tr\/wp-content\/uploads\/2024\/10\/siyah-logo-svg.svg\",\"width\":1080,\"height\":1080,\"caption\":\"Av. Deniz Can K\u0131z\u0131l\"},\"image\":{\"@id\":\"https:\/\/denizcankizil.tr\/#\/schema\/logo\/image\/\"}},{\"@type\":\"Person\",\"@id\":\"https:\/\/denizcankizil.tr\/#\/schema\/person\/be3c05fe6a12686905512445d8185489\",\"name\":\"admin\",\"image\":{\"@type\":\"ImageObject\",\"inLanguage\":\"de\",\"@id\":\"https:\/\/denizcankizil.tr\/#\/schema\/person\/image\/\",\"url\":\"https:\/\/secure.gravatar.com\/avatar\/c1fce94c830dc79107e174f890d7210541c4a63e8e5d816341794a2151c9d58c?s=96&d=mm&r=g\",\"contentUrl\":\"https:\/\/secure.gravatar.com\/avatar\/c1fce94c830dc79107e174f890d7210541c4a63e8e5d816341794a2151c9d58c?s=96&d=mm&r=g\",\"caption\":\"admin\"},\"sameAs\":[\"http:\/\/denizcankizil.tr\"],\"url\":\"https:\/\/www.iskenderun.org\/toplumu-degistirmek-icin-once-kadini-egitmeliyiz\"}]}<\/script>\n<!-- \/ Yoast SEO Premium plugin. -->","yoast_head_json":{"title":"\u201cToplumu de\u011fi\u015ftirmek i\u00e7in \u00f6nce kad\u0131n\u0131 e\u011fitmeliyiz!\u201d - Av. Deniz Can K\u0131z\u0131l","robots":{"index":"index","follow":"follow","max-snippet":"max-snippet:-1","max-image-preview":"max-image-preview:large","max-video-preview":"max-video-preview:-1"},"canonical":"http:\/\/denizcankizil.tr\/de\/haberler\/gundem\/toplumu-degistirmek-icin-once-kadini-egitmeliyiz\/","og_locale":"de_DE","og_type":"article","og_title":"\u201cToplumu de\u011fi\u015ftirmek i\u00e7in \u00f6nce kad\u0131n\u0131 e\u011fitmeliyiz!\u201d","og_description":"\u0130skenderun Belediyesi taraf\u0131ndan d\u00fczenlenen Ramazan \u015fenlikleri kapsam\u0131nda kente davet edilen e\u011fitimci yazar Dilek Cesur, dev \u00e7ad\u0131rda ger\u00e7ekle\u015ftirilen etkinlikte yapt\u0131\u011f\u0131 payla\u015f\u0131mlarla kat\u0131l\u0131mc\u0131lara e\u011fitici bilgiler verdi. \u00a0\u00a0 Toplumun de\u011fi\u015fiminde kad\u0131n\u0131n e\u011fitiminin \u00f6nemine i\u015faret eden e\u011fitimci yazar Dilek Cesur, \u201cMaalesef ki herkes ayn\u0131 \u015fartlarda e\u015fit de\u011fil. Bu durum sadece T\u00fcrkiye\u2019de ge\u00e7erli, diye d\u00fc\u015f\u00fcnmeyelim d\u00fcnyan\u0131n her taraf\u0131nda kad\u0131lar\u0131n \u00e7ok zay\u0131f. Bir toplumda ger\u00e7ekten de\u011fi\u015fiklik yapmak istiyorsak \u00f6nce o toplumda kad\u0131nlar\u0131 e\u011fitmeliyiz. \u00c7ocuk geli\u015fiminde baban\u0131n da rol\u00fc \u00f6nemli, ancak anne ne kadar ba\u011fr\u0131na basar, \u015fefkat g\u00f6sterirse, o kadar sevgi dolu bir \u00e7ocuk oluyor. O y\u00fczden her \u015feyin ba\u015f\u0131 KADIN\u2019la ba\u015fl\u0131yor. Ben \u00f6zellikle babalara da s\u00f6yl\u00fcyorum, k\u0131z \u00e7ocuklar\u0131n\u0131z\u0131 \u00e7ok sevin. Bir baba k\u0131z \u00e7ocu\u011funu ne kadar \u00e7ok seviyorsa, o k\u0131z \u00e7ocu\u011fu da kendi ayaklar\u0131 \u00fczerinde \u015fene sa\u011flam bas\u0131yor\u201d diye konu\u015ftu. \u200bMaalesef herkesin ayn\u0131 \u015fartlarda e\u015fit olmad\u0131\u011f\u0131n\u0131 vurgulayan E\u011fitimci Yazar Dilek Cesur, sadece T\u00fcrkiye\u2019de ge\u00e7erli de\u011fil d\u00fcnyan\u0131n her taraf\u0131nda kad\u0131lar\u0131n zay\u0131f oldu\u011funu ifade ederek \u201cBir toplumda ger\u00e7ekten de\u011fi\u015fiklik yapmak istiyorsak \u00f6nce o toplumda kad\u0131nlar\u0131 e\u011fitmeliyiz\u201d dedi.\u00a0 \u200bHaberin Al\u0131nt\u0131land\u0131\u011f\u0131 Kaynak: www.iskenderun.org","og_url":"http:\/\/denizcankizil.tr\/de\/haberler\/gundem\/toplumu-degistirmek-icin-once-kadini-egitmeliyiz\/","og_site_name":"Av. Deniz Can K\u0131z\u0131l","article_published_time":"2025-03-11T13:41:52+00:00","author":"admin","twitter_card":"summary_large_image","twitter_misc":{"Verfasst von":"admin","Gesch\u00e4tzte Lesezeit":"1\u00a0Minute"},"schema":{"@context":"https:\/\/schema.org","@graph":[{"@type":"Article","@id":"http:\/\/denizcankizil.tr\/de\/haberler\/gundem\/toplumu-degistirmek-icin-once-kadini-egitmeliyiz\/#article","isPartOf":{"@id":"http:\/\/denizcankizil.tr\/de\/haberler\/gundem\/toplumu-degistirmek-icin-once-kadini-egitmeliyiz\/"},"author":{"name":"admin","@id":"https:\/\/denizcankizil.tr\/#\/schema\/person\/be3c05fe6a12686905512445d8185489"},"headline":"\u201cToplumu de\u011fi\u015ftirmek i\u00e7in \u00f6nce kad\u0131n\u0131 e\u011fitmeliyiz!\u201d","datePublished":"2025-03-11T13:41:52+00:00","mainEntityOfPage":{"@id":"http:\/\/denizcankizil.tr\/de\/haberler\/gundem\/toplumu-degistirmek-icin-once-kadini-egitmeliyiz\/"},"wordCount":253,"commentCount":0,"publisher":{"@id":"https:\/\/denizcankizil.tr\/#organization"},"articleSection":["G\u00fcndem"],"inLanguage":"de","potentialAction":[{"@type":"CommentAction","name":"Comment","target":["http:\/\/denizcankizil.tr\/de\/haberler\/gundem\/toplumu-degistirmek-icin-once-kadini-egitmeliyiz\/#respond"]}]},{"@type":"WebPage","@id":"http:\/\/denizcankizil.tr\/de\/haberler\/gundem\/toplumu-degistirmek-icin-once-kadini-egitmeliyiz\/","url":"http:\/\/denizcankizil.tr\/de\/haberler\/gundem\/toplumu-degistirmek-icin-once-kadini-egitmeliyiz\/","name":"\u201cToplumu de\u011fi\u015ftirmek i\u00e7in \u00f6nce kad\u0131n\u0131 e\u011fitmeliyiz!\u201d - Av. Deniz Can K\u0131z\u0131l","isPartOf":{"@id":"https:\/\/denizcankizil.tr\/#website"},"datePublished":"2025-03-11T13:41:52+00:00","breadcrumb":{"@id":"http:\/\/denizcankizil.tr\/de\/haberler\/gundem\/toplumu-degistirmek-icin-once-kadini-egitmeliyiz\/#breadcrumb"},"inLanguage":"de","potentialAction":[{"@type":"ReadAction","target":["http:\/\/denizcankizil.tr\/de\/haberler\/gundem\/toplumu-degistirmek-icin-once-kadini-egitmeliyiz\/"]}]},{"@type":"BreadcrumbList","@id":"http:\/\/denizcankizil.tr\/de\/haberler\/gundem\/toplumu-degistirmek-icin-once-kadini-egitmeliyiz\/#breadcrumb","itemListElement":[{"@type":"ListItem","position":1,"name":"Home","item":"https:\/\/denizcankizil.tr\/de\/"},{"@type":"ListItem","position":2,"name":"\u201cToplumu de\u011fi\u015ftirmek i\u00e7in \u00f6nce kad\u0131n\u0131 e\u011fitmeliyiz!\u201d"}]},{"@type":"WebSite","@id":"https:\/\/denizcankizil.tr\/#website","url":"https:\/\/denizcankizil.tr\/","name":"Av. Deniz Can K\u0131z\u0131l","description":"Avukat Deniz Can K\u0131z\u0131l Antalya Barosu","publisher":{"@id":"https:\/\/denizcankizil.tr\/#organization"},"potentialAction":[{"@type":"SearchAction","target":{"@type":"EntryPoint","urlTemplate":"https:\/\/denizcankizil.tr\/?s={search_term_string}"},"query-input":{"@type":"PropertyValueSpecification","valueRequired":true,"valueName":"search_term_string"}}],"inLanguage":"de"},{"@type":"Organization","@id":"https:\/\/denizcankizil.tr\/#organization","name":"Av. Deniz Can K\u0131z\u0131l","url":"https:\/\/denizcankizil.tr\/","logo":{"@type":"ImageObject","inLanguage":"de","@id":"https:\/\/denizcankizil.tr\/#\/schema\/logo\/image\/","url":"http:\/\/denizcankizil.tr\/wp-content\/uploads\/2024\/10\/siyah-logo-svg.svg","contentUrl":"http:\/\/denizcankizil.tr\/wp-content\/uploads\/2024\/10\/siyah-logo-svg.svg","width":1080,"height":1080,"caption":"Av. Deniz Can K\u0131z\u0131l"},"image":{"@id":"https:\/\/denizcankizil.tr\/#\/schema\/logo\/image\/"}},{"@type":"Person","@id":"https:\/\/denizcankizil.tr\/#\/schema\/person\/be3c05fe6a12686905512445d8185489","name":"Administrator","image":{"@type":"ImageObject","inLanguage":"de","@id":"https:\/\/denizcankizil.tr\/#\/schema\/person\/image\/","url":"https:\/\/secure.gravatar.com\/avatar\/c1fce94c830dc79107e174f890d7210541c4a63e8e5d816341794a2151c9d58c?s=96&d=mm&r=g","contentUrl":"https:\/\/secure.gravatar.com\/avatar\/c1fce94c830dc79107e174f890d7210541c4a63e8e5d816341794a2151c9d58c?s=96&d=mm&r=g","caption":"admin"},"sameAs":["http:\/\/denizcankizil.tr"],"url":"https:\/\/www.iskenderun.org\/toplumu-degistirmek-icin-once-kadini-egitmeliyiz"}]}},"_links":{"self":[{"href":"http:\/\/denizcankizil.tr\/de\/wp-json\/wp\/v2\/posts\/35415","targetHints":{"allow":["GET"]}}],"collection":[{"href":"http:\/\/denizcankizil.tr\/de\/wp-json\/wp\/v2\/posts"}],"about":[{"href":"http:\/\/denizcankizil.tr\/de\/wp-json\/wp\/v2\/types\/post"}],"author":[{"embeddable":true,"href":"http:\/\/denizcankizil.tr\/de\/wp-json\/wp\/v2\/users\/1"}],"replies":[{"embeddable":true,"href":"http:\/\/denizcankizil.tr\/de\/wp-json\/wp\/v2\/comments?post=35415"}],"version-history":[{"count":0,"href":"http:\/\/denizcankizil.tr\/de\/wp-json\/wp\/v2\/posts\/35415\/revisions"}],"wp:attachment":[{"href":"http:\/\/denizcankizil.tr\/de\/wp-json\/wp\/v2\/media?parent=35415"}],"wp:term":[{"taxonomy":"category","embeddable":true,"href":"http:\/\/denizcankizil.tr\/de\/wp-json\/wp\/v2\/categories?post=35415"},{"taxonomy":"post_tag","embeddable":true,"href":"http:\/\/denizcankizil.tr\/de\/wp-json\/wp\/v2\/tags?post=35415"}],"curies":[{"name":"wp","href":"https:\/\/api.w.org\/{rel}","templated":true}]}}