{"id":35327,"date":"2025-03-11T10:41:23","date_gmt":"2025-03-11T07:41:23","guid":{"rendered":"https:\/\/denizcankizil.tr\/uncategorized-tr\/mersinde-yuzlerce-silah-ele-gecirildi\/"},"modified":"2025-03-11T10:41:23","modified_gmt":"2025-03-11T07:41:23","slug":"mersinde-yuzlerce-silah-ele-gecirildi","status":"publish","type":"post","link":"http:\/\/denizcankizil.tr\/de\/haberler\/gundem\/mersinde-yuzlerce-silah-ele-gecirildi\/","title":{"rendered":"Mersin&#8217;de y\u00fczlerce silah ele ge\u00e7irildi!"},"content":{"rendered":"<p>Mersin&#8217;de yasa d\u0131\u015f\u0131 silah imalat\u0131 ve silah ka\u00e7ak\u00e7\u0131lar\u0131na y\u00f6nelik d\u00fczenlenen operasyonda 353 adet yabanc\u0131 men\u015feli tabanca ve \u00e7ok say\u0131da m\u00fchimmat ile 913 adet yabanc\u0131 men\u015fel\u015fi silah par\u00e7as\u0131 ele ge\u00e7irildi.ANKARA (\u0130GFA) &#8211; \u0130\u00e7i\u015fleri Bakan\u0131 Ali Yerlikaya, Mersin\u2019de 353 tabanca ve 913 silah par\u00e7as\u0131 ele ge\u00e7irildi\u011fini a\u00e7\u0131klad\u0131.<br \/>\nOperasyonun detaylar\u0131n\u0131 sosyal medya hesab\u0131ndan payla\u015fan Bakan Yerlikaya, Mersin Cumhuriyet Ba\u015fsavc\u0131l\u0131\u011f\u0131 koordinasyonunda; Mersin \u0130l Emniyet M\u00fcd\u00fcrl\u00fc\u011f\u00fc TEM, KOM ve \u0130stihbarat \u015eube M\u00fcd\u00fcrl\u00fcklerince yap\u0131lan ortak \u00e7al\u0131\u015fmalar sonucu; Mersin\u2019de Yasa D\u0131\u015f\u0131 Silah \u0130malat\u0131 ve Silah Ka\u00e7ak\u00e7\u0131lar\u0131na y\u00f6nelik d\u00fczenledi\u011fimiz operasyonda; Polisimiz taraf\u0131ndan daha \u00f6nce tespit edilen bir ev ve bah\u00e7esinde yap\u0131lan aramada\u00a0 353 adet Yabanc\u0131 Men\u015feili Tabanca ve \u00e7ok say\u0131da m\u00fchimmat ile,\u00a0 913 adet yabanc\u0131 men\u015feili silah par\u00e7as\u0131 ele ge\u00e7irildi\u011fini duyurdu.<br \/>\nBakan Yerlikaya, 3 \u015f\u00fcpheli yakalan\u0131rken, Cumhuriyet Savc\u0131l\u0131\u011f\u0131nca haklar\u0131nda soru\u015fturma ba\u015flat\u0131ld\u0131\u011f\u0131n\u0131 bildirdi.<br \/>\nHalk\u0131n huzurunu ka\u00e7\u0131ranlar\u0131n ve ruhsats\u0131z silah temin eden silah ka\u00e7ak\u00e7\u0131lar\u0131n\u0131n pe\u015finde olduklar\u0131n\u0131 belirten Bakan Yerlikaya, &#8220;Sizi tek tek yakalayaca\u011f\u0131z&#8221; mesaj\u0131 verdi.<br \/>\nhttps:\/\/x.com\/i\/status\/1899333521249800367<\/p>\n<p>\u200bMersin&#8217;de yasa d\u0131\u015f\u0131 silah imalat\u0131 ve silah ka\u00e7ak\u00e7\u0131lar\u0131na y\u00f6nelik d\u00fczenlenen operasyonda 353 adet yabanc\u0131 men\u015feli tabanca ve \u00e7ok say\u0131da m\u00fchimmat ile 913 adet yabanc\u0131 men\u015fel\u015fi silah par\u00e7as\u0131 ele ge\u00e7irildi.ANKARA (\u0130GFA) &#8211; \u0130\u00e7i\u015fleri Bakan\u0131 Ali Yerlikaya, Mersin\u2019de 353 tabanca ve 913 silah par\u00e7as\u0131 ele ge\u00e7irildi\u011fini a\u00e7\u0131klad\u0131.<br \/>\nOperasyonun detaylar\u0131n\u0131 sosyal medya hesab\u0131ndan payla\u015fan Bakan Yerlikaya, Mersin Cumhuriyet Ba\u015fsavc\u0131l\u0131\u011f\u0131 koordinasyonunda; Mersin \u0130l Emniyet M\u00fcd\u00fcrl\u00fc\u011f\u00fc TEM, KOM ve \u0130stihbarat \u015eube M\u00fcd\u00fcrl\u00fcklerince yap\u0131lan ortak \u00e7al\u0131\u015fmalar sonucu; Mersin\u2019de Yasa D\u0131\u015f\u0131 Silah \u0130malat\u0131 ve Silah Ka\u00e7ak\u00e7\u0131lar\u0131na y\u00f6nelik d\u00fczenledi\u011fimiz operasyonda; Polisimiz taraf\u0131ndan daha \u00f6nce tespit edilen bir ev ve bah\u00e7esinde yap\u0131lan aramada\u00a0 353 adet Yabanc\u0131 Men\u015feili Tabanca ve \u00e7ok say\u0131da m\u00fchimmat ile,\u00a0 913 adet yabanc\u0131 men\u015feili silah par\u00e7as\u0131 ele ge\u00e7irildi\u011fini duyurdu.<br \/>\nBakan Yerlikaya, 3 \u015f\u00fcpheli yakalan\u0131rken, Cumhuriyet Savc\u0131l\u0131\u011f\u0131nca haklar\u0131nda soru\u015fturma ba\u015flat\u0131ld\u0131\u011f\u0131n\u0131 bildirdi.<br \/>\nHalk\u0131n huzurunu ka\u00e7\u0131ranlar\u0131n ve ruhsats\u0131z silah temin eden silah ka\u00e7ak\u00e7\u0131lar\u0131n\u0131n pe\u015finde olduklar\u0131n\u0131 belirten Bakan Yerlikaya, &#8220;Sizi tek tek yakalayaca\u011f\u0131z&#8221; mesaj\u0131 verdi.<br \/>\nhttps:\/\/x.com\/i\/status\/1899333521249800367\u00a0<\/p>\n<p>\u200bHaberin Al\u0131nt\u0131land\u0131\u011f\u0131 Kaynak: www.iskenderun.org<\/p>","protected":false},"excerpt":{"rendered":"<p>Mersin&#8217;de yasa d\u0131\u015f\u0131 silah imalat\u0131 ve silah ka\u00e7ak\u00e7\u0131lar\u0131na y\u00f6nelik d\u00fczenlenen operasyonda 353 adet yabanc\u0131 men\u015feli tabanca ve \u00e7ok say\u0131da m\u00fchimmat ile 913 adet yabanc\u0131 men\u015fel\u015fi silah par\u00e7as\u0131 ele ge\u00e7irildi.ANKARA (\u0130GFA) &#8211; \u0130\u00e7i\u015fleri Bakan\u0131 Ali Yerlikaya, Mersin\u2019de 353 tabanca ve 913 silah par\u00e7as\u0131 ele ge\u00e7irildi\u011fini a\u00e7\u0131klad\u0131. Operasyonun detaylar\u0131n\u0131 sosyal medya hesab\u0131ndan payla\u015fan Bakan Yerlikaya, Mersin Cumhuriyet Ba\u015fsavc\u0131l\u0131\u011f\u0131 koordinasyonunda; Mersin \u0130l Emniyet M\u00fcd\u00fcrl\u00fc\u011f\u00fc TEM, KOM ve \u0130stihbarat \u015eube M\u00fcd\u00fcrl\u00fcklerince yap\u0131lan ortak \u00e7al\u0131\u015fmalar sonucu; Mersin\u2019de Yasa D\u0131\u015f\u0131 Silah \u0130malat\u0131 ve Silah Ka\u00e7ak\u00e7\u0131lar\u0131na y\u00f6nelik d\u00fczenledi\u011fimiz operasyonda; Polisimiz taraf\u0131ndan daha \u00f6nce tespit edilen bir ev ve bah\u00e7esinde yap\u0131lan aramada\u00a0 353 adet Yabanc\u0131 Men\u015feili Tabanca ve \u00e7ok say\u0131da m\u00fchimmat ile,\u00a0 913 adet yabanc\u0131 men\u015feili silah par\u00e7as\u0131 ele ge\u00e7irildi\u011fini duyurdu. Bakan Yerlikaya, 3 \u015f\u00fcpheli yakalan\u0131rken, Cumhuriyet Savc\u0131l\u0131\u011f\u0131nca haklar\u0131nda soru\u015fturma ba\u015flat\u0131ld\u0131\u011f\u0131n\u0131 bildirdi. Halk\u0131n huzurunu ka\u00e7\u0131ranlar\u0131n ve ruhsats\u0131z silah temin eden silah ka\u00e7ak\u00e7\u0131lar\u0131n\u0131n pe\u015finde olduklar\u0131n\u0131 belirten Bakan Yerlikaya, &#8220;Sizi tek tek yakalayaca\u011f\u0131z&#8221; mesaj\u0131 verdi. https:\/\/x.com\/i\/status\/1899333521249800367 \u200bMersin&#8217;de yasa d\u0131\u015f\u0131 silah imalat\u0131 ve silah ka\u00e7ak\u00e7\u0131lar\u0131na y\u00f6nelik d\u00fczenlenen operasyonda 353 adet yabanc\u0131 men\u015feli tabanca ve \u00e7ok say\u0131da m\u00fchimmat ile 913 adet yabanc\u0131 men\u015fel\u015fi silah par\u00e7as\u0131 ele ge\u00e7irildi.ANKARA (\u0130GFA) &#8211; \u0130\u00e7i\u015fleri Bakan\u0131 Ali Yerlikaya, Mersin\u2019de 353 tabanca ve 913 silah par\u00e7as\u0131 ele ge\u00e7irildi\u011fini a\u00e7\u0131klad\u0131. Operasyonun detaylar\u0131n\u0131 sosyal medya hesab\u0131ndan payla\u015fan Bakan Yerlikaya, Mersin &hellip;<\/p>","protected":false},"author":1,"featured_media":0,"comment_status":"open","ping_status":"open","sticky":false,"template":"","format":"standard","meta":{"_acf_changed":false,"footnotes":""},"categories":[24],"tags":[],"class_list":["post-35327","post","type-post","status-publish","format-standard","has-post-thumbnail","hentry","category-gundem"],"acf":[],"yoast_head":"<!-- This site is optimized with the Yoast SEO Premium plugin v26.6 (Yoast SEO v27.1.1) - https:\/\/yoast.com\/product\/yoast-seo-premium-wordpress\/ -->\n<title>Mersin&#039;de y\u00fczlerce silah ele ge\u00e7irildi! - Av. Deniz Can K\u0131z\u0131l<\/title>\n<meta name=\"robots\" content=\"index, follow, max-snippet:-1, max-image-preview:large, max-video-preview:-1\" \/>\n<link rel=\"canonical\" href=\"http:\/\/denizcankizil.tr\/de\/haberler\/gundem\/mersinde-yuzlerce-silah-ele-gecirildi\/\" \/>\n<meta property=\"og:locale\" content=\"de_DE\" \/>\n<meta property=\"og:type\" content=\"article\" \/>\n<meta property=\"og:title\" content=\"Mersin&#039;de y\u00fczlerce silah ele ge\u00e7irildi!\" \/>\n<meta property=\"og:description\" content=\"Mersin&#8217;de yasa d\u0131\u015f\u0131 silah imalat\u0131 ve silah ka\u00e7ak\u00e7\u0131lar\u0131na y\u00f6nelik d\u00fczenlenen operasyonda 353 adet yabanc\u0131 men\u015feli tabanca ve \u00e7ok say\u0131da m\u00fchimmat ile 913 adet yabanc\u0131 men\u015fel\u015fi silah par\u00e7as\u0131 ele ge\u00e7irildi.ANKARA (\u0130GFA) &#8211; \u0130\u00e7i\u015fleri Bakan\u0131 Ali Yerlikaya, Mersin\u2019de 353 tabanca ve 913 silah par\u00e7as\u0131 ele ge\u00e7irildi\u011fini a\u00e7\u0131klad\u0131. Operasyonun detaylar\u0131n\u0131 sosyal medya hesab\u0131ndan payla\u015fan Bakan Yerlikaya, Mersin Cumhuriyet Ba\u015fsavc\u0131l\u0131\u011f\u0131 koordinasyonunda; Mersin \u0130l Emniyet M\u00fcd\u00fcrl\u00fc\u011f\u00fc TEM, KOM ve \u0130stihbarat \u015eube M\u00fcd\u00fcrl\u00fcklerince yap\u0131lan ortak \u00e7al\u0131\u015fmalar sonucu; Mersin\u2019de Yasa D\u0131\u015f\u0131 Silah \u0130malat\u0131 ve Silah Ka\u00e7ak\u00e7\u0131lar\u0131na y\u00f6nelik d\u00fczenledi\u011fimiz operasyonda; Polisimiz taraf\u0131ndan daha \u00f6nce tespit edilen bir ev ve bah\u00e7esinde yap\u0131lan aramada\u00a0 353 adet Yabanc\u0131 Men\u015feili Tabanca ve \u00e7ok say\u0131da m\u00fchimmat ile,\u00a0 913 adet yabanc\u0131 men\u015feili silah par\u00e7as\u0131 ele ge\u00e7irildi\u011fini duyurdu. Bakan Yerlikaya, 3 \u015f\u00fcpheli yakalan\u0131rken, Cumhuriyet Savc\u0131l\u0131\u011f\u0131nca haklar\u0131nda soru\u015fturma ba\u015flat\u0131ld\u0131\u011f\u0131n\u0131 bildirdi. Halk\u0131n huzurunu ka\u00e7\u0131ranlar\u0131n ve ruhsats\u0131z silah temin eden silah ka\u00e7ak\u00e7\u0131lar\u0131n\u0131n pe\u015finde olduklar\u0131n\u0131 belirten Bakan Yerlikaya, &#8220;Sizi tek tek yakalayaca\u011f\u0131z&#8221; mesaj\u0131 verdi. https:\/\/x.com\/i\/status\/1899333521249800367 \u200bMersin&#8217;de yasa d\u0131\u015f\u0131 silah imalat\u0131 ve silah ka\u00e7ak\u00e7\u0131lar\u0131na y\u00f6nelik d\u00fczenlenen operasyonda 353 adet yabanc\u0131 men\u015feli tabanca ve \u00e7ok say\u0131da m\u00fchimmat ile 913 adet yabanc\u0131 men\u015fel\u015fi silah par\u00e7as\u0131 ele ge\u00e7irildi.ANKARA (\u0130GFA) &#8211; \u0130\u00e7i\u015fleri Bakan\u0131 Ali Yerlikaya, Mersin\u2019de 353 tabanca ve 913 silah par\u00e7as\u0131 ele ge\u00e7irildi\u011fini a\u00e7\u0131klad\u0131. Operasyonun detaylar\u0131n\u0131 sosyal medya hesab\u0131ndan payla\u015fan Bakan Yerlikaya, Mersin &hellip;\" \/>\n<meta property=\"og:url\" content=\"http:\/\/denizcankizil.tr\/de\/haberler\/gundem\/mersinde-yuzlerce-silah-ele-gecirildi\/\" \/>\n<meta property=\"og:site_name\" content=\"Av. Deniz Can K\u0131z\u0131l\" \/>\n<meta property=\"article:published_time\" content=\"2025-03-11T07:41:23+00:00\" \/>\n<meta name=\"author\" content=\"admin\" \/>\n<meta name=\"twitter:card\" content=\"summary_large_image\" \/>\n<meta name=\"twitter:label1\" content=\"Verfasst von\" \/>\n\t<meta name=\"twitter:data1\" content=\"admin\" \/>\n\t<meta name=\"twitter:label2\" content=\"Gesch\u00e4tzte Lesezeit\" \/>\n\t<meta name=\"twitter:data2\" content=\"2\u00a0Minuten\" \/>\n<script type=\"application\/ld+json\" class=\"yoast-schema-graph\">{\"@context\":\"https:\/\/schema.org\",\"@graph\":[{\"@type\":\"Article\",\"@id\":\"http:\/\/denizcankizil.tr\/uk\/haberler\/gundem\/mersinde-yuzlerce-silah-ele-gecirildi\/#article\",\"isPartOf\":{\"@id\":\"http:\/\/denizcankizil.tr\/uk\/haberler\/gundem\/mersinde-yuzlerce-silah-ele-gecirildi\/\"},\"author\":{\"name\":\"admin\",\"@id\":\"https:\/\/denizcankizil.tr\/#\/schema\/person\/be3c05fe6a12686905512445d8185489\"},\"headline\":\"Mersin&#8217;de y\u00fczlerce silah ele ge\u00e7irildi!\",\"datePublished\":\"2025-03-11T07:41:23+00:00\",\"mainEntityOfPage\":{\"@id\":\"http:\/\/denizcankizil.tr\/uk\/haberler\/gundem\/mersinde-yuzlerce-silah-ele-gecirildi\/\"},\"wordCount\":438,\"commentCount\":0,\"publisher\":{\"@id\":\"https:\/\/denizcankizil.tr\/#organization\"},\"articleSection\":[\"G\u00fcndem\"],\"inLanguage\":\"de\",\"potentialAction\":[{\"@type\":\"CommentAction\",\"name\":\"Comment\",\"target\":[\"http:\/\/denizcankizil.tr\/uk\/haberler\/gundem\/mersinde-yuzlerce-silah-ele-gecirildi\/#respond\"]}]},{\"@type\":\"WebPage\",\"@id\":\"http:\/\/denizcankizil.tr\/uk\/haberler\/gundem\/mersinde-yuzlerce-silah-ele-gecirildi\/\",\"url\":\"http:\/\/denizcankizil.tr\/uk\/haberler\/gundem\/mersinde-yuzlerce-silah-ele-gecirildi\/\",\"name\":\"Mersin'de y\u00fczlerce silah ele ge\u00e7irildi! - Av. Deniz Can K\u0131z\u0131l\",\"isPartOf\":{\"@id\":\"https:\/\/denizcankizil.tr\/#website\"},\"datePublished\":\"2025-03-11T07:41:23+00:00\",\"breadcrumb\":{\"@id\":\"http:\/\/denizcankizil.tr\/uk\/haberler\/gundem\/mersinde-yuzlerce-silah-ele-gecirildi\/#breadcrumb\"},\"inLanguage\":\"de\",\"potentialAction\":[{\"@type\":\"ReadAction\",\"target\":[\"http:\/\/denizcankizil.tr\/uk\/haberler\/gundem\/mersinde-yuzlerce-silah-ele-gecirildi\/\"]}]},{\"@type\":\"BreadcrumbList\",\"@id\":\"http:\/\/denizcankizil.tr\/uk\/haberler\/gundem\/mersinde-yuzlerce-silah-ele-gecirildi\/#breadcrumb\",\"itemListElement\":[{\"@type\":\"ListItem\",\"position\":1,\"name\":\"Home\",\"item\":\"https:\/\/denizcankizil.tr\/de\/\"},{\"@type\":\"ListItem\",\"position\":2,\"name\":\"Mersin&#8217;de y\u00fczlerce silah ele ge\u00e7irildi!\"}]},{\"@type\":\"WebSite\",\"@id\":\"https:\/\/denizcankizil.tr\/#website\",\"url\":\"https:\/\/denizcankizil.tr\/\",\"name\":\"Av. Deniz Can K\u0131z\u0131l\",\"description\":\"Avukat Deniz Can K\u0131z\u0131l Antalya Barosu\",\"publisher\":{\"@id\":\"https:\/\/denizcankizil.tr\/#organization\"},\"potentialAction\":[{\"@type\":\"SearchAction\",\"target\":{\"@type\":\"EntryPoint\",\"urlTemplate\":\"https:\/\/denizcankizil.tr\/?s={search_term_string}\"},\"query-input\":{\"@type\":\"PropertyValueSpecification\",\"valueRequired\":true,\"valueName\":\"search_term_string\"}}],\"inLanguage\":\"de\"},{\"@type\":\"Organization\",\"@id\":\"https:\/\/denizcankizil.tr\/#organization\",\"name\":\"Av. Deniz Can K\u0131z\u0131l\",\"url\":\"https:\/\/denizcankizil.tr\/\",\"logo\":{\"@type\":\"ImageObject\",\"inLanguage\":\"de\",\"@id\":\"https:\/\/denizcankizil.tr\/#\/schema\/logo\/image\/\",\"url\":\"http:\/\/denizcankizil.tr\/wp-content\/uploads\/2024\/10\/siyah-logo-svg.svg\",\"contentUrl\":\"http:\/\/denizcankizil.tr\/wp-content\/uploads\/2024\/10\/siyah-logo-svg.svg\",\"width\":1080,\"height\":1080,\"caption\":\"Av. Deniz Can K\u0131z\u0131l\"},\"image\":{\"@id\":\"https:\/\/denizcankizil.tr\/#\/schema\/logo\/image\/\"}},{\"@type\":\"Person\",\"@id\":\"https:\/\/denizcankizil.tr\/#\/schema\/person\/be3c05fe6a12686905512445d8185489\",\"name\":\"admin\",\"image\":{\"@type\":\"ImageObject\",\"inLanguage\":\"de\",\"@id\":\"https:\/\/denizcankizil.tr\/#\/schema\/person\/image\/\",\"url\":\"https:\/\/secure.gravatar.com\/avatar\/c1fce94c830dc79107e174f890d7210541c4a63e8e5d816341794a2151c9d58c?s=96&d=mm&r=g\",\"contentUrl\":\"https:\/\/secure.gravatar.com\/avatar\/c1fce94c830dc79107e174f890d7210541c4a63e8e5d816341794a2151c9d58c?s=96&d=mm&r=g\",\"caption\":\"admin\"},\"sameAs\":[\"http:\/\/denizcankizil.tr\"],\"url\":\"https:\/\/www.iskenderun.org\/mersinde-yuzlerce-silah-ele-gecirildi\"}]}<\/script>\n<!-- \/ Yoast SEO Premium plugin. -->","yoast_head_json":{"title":"Mersin'de y\u00fczlerce silah ele ge\u00e7irildi! - Av. Deniz Can K\u0131z\u0131l","robots":{"index":"index","follow":"follow","max-snippet":"max-snippet:-1","max-image-preview":"max-image-preview:large","max-video-preview":"max-video-preview:-1"},"canonical":"http:\/\/denizcankizil.tr\/de\/haberler\/gundem\/mersinde-yuzlerce-silah-ele-gecirildi\/","og_locale":"de_DE","og_type":"article","og_title":"Mersin'de y\u00fczlerce silah ele ge\u00e7irildi!","og_description":"Mersin&#8217;de yasa d\u0131\u015f\u0131 silah imalat\u0131 ve silah ka\u00e7ak\u00e7\u0131lar\u0131na y\u00f6nelik d\u00fczenlenen operasyonda 353 adet yabanc\u0131 men\u015feli tabanca ve \u00e7ok say\u0131da m\u00fchimmat ile 913 adet yabanc\u0131 men\u015fel\u015fi silah par\u00e7as\u0131 ele ge\u00e7irildi.ANKARA (\u0130GFA) &#8211; \u0130\u00e7i\u015fleri Bakan\u0131 Ali Yerlikaya, Mersin\u2019de 353 tabanca ve 913 silah par\u00e7as\u0131 ele ge\u00e7irildi\u011fini a\u00e7\u0131klad\u0131. Operasyonun detaylar\u0131n\u0131 sosyal medya hesab\u0131ndan payla\u015fan Bakan Yerlikaya, Mersin Cumhuriyet Ba\u015fsavc\u0131l\u0131\u011f\u0131 koordinasyonunda; Mersin \u0130l Emniyet M\u00fcd\u00fcrl\u00fc\u011f\u00fc TEM, KOM ve \u0130stihbarat \u015eube M\u00fcd\u00fcrl\u00fcklerince yap\u0131lan ortak \u00e7al\u0131\u015fmalar sonucu; Mersin\u2019de Yasa D\u0131\u015f\u0131 Silah \u0130malat\u0131 ve Silah Ka\u00e7ak\u00e7\u0131lar\u0131na y\u00f6nelik d\u00fczenledi\u011fimiz operasyonda; Polisimiz taraf\u0131ndan daha \u00f6nce tespit edilen bir ev ve bah\u00e7esinde yap\u0131lan aramada\u00a0 353 adet Yabanc\u0131 Men\u015feili Tabanca ve \u00e7ok say\u0131da m\u00fchimmat ile,\u00a0 913 adet yabanc\u0131 men\u015feili silah par\u00e7as\u0131 ele ge\u00e7irildi\u011fini duyurdu. Bakan Yerlikaya, 3 \u015f\u00fcpheli yakalan\u0131rken, Cumhuriyet Savc\u0131l\u0131\u011f\u0131nca haklar\u0131nda soru\u015fturma ba\u015flat\u0131ld\u0131\u011f\u0131n\u0131 bildirdi. Halk\u0131n huzurunu ka\u00e7\u0131ranlar\u0131n ve ruhsats\u0131z silah temin eden silah ka\u00e7ak\u00e7\u0131lar\u0131n\u0131n pe\u015finde olduklar\u0131n\u0131 belirten Bakan Yerlikaya, &#8220;Sizi tek tek yakalayaca\u011f\u0131z&#8221; mesaj\u0131 verdi. https:\/\/x.com\/i\/status\/1899333521249800367 \u200bMersin&#8217;de yasa d\u0131\u015f\u0131 silah imalat\u0131 ve silah ka\u00e7ak\u00e7\u0131lar\u0131na y\u00f6nelik d\u00fczenlenen operasyonda 353 adet yabanc\u0131 men\u015feli tabanca ve \u00e7ok say\u0131da m\u00fchimmat ile 913 adet yabanc\u0131 men\u015fel\u015fi silah par\u00e7as\u0131 ele ge\u00e7irildi.ANKARA (\u0130GFA) &#8211; \u0130\u00e7i\u015fleri Bakan\u0131 Ali Yerlikaya, Mersin\u2019de 353 tabanca ve 913 silah par\u00e7as\u0131 ele ge\u00e7irildi\u011fini a\u00e7\u0131klad\u0131. Operasyonun detaylar\u0131n\u0131 sosyal medya hesab\u0131ndan payla\u015fan Bakan Yerlikaya, Mersin &hellip;","og_url":"http:\/\/denizcankizil.tr\/de\/haberler\/gundem\/mersinde-yuzlerce-silah-ele-gecirildi\/","og_site_name":"Av. Deniz Can K\u0131z\u0131l","article_published_time":"2025-03-11T07:41:23+00:00","author":"admin","twitter_card":"summary_large_image","twitter_misc":{"Verfasst von":"admin","Gesch\u00e4tzte Lesezeit":"2\u00a0Minuten"},"schema":{"@context":"https:\/\/schema.org","@graph":[{"@type":"Article","@id":"http:\/\/denizcankizil.tr\/uk\/haberler\/gundem\/mersinde-yuzlerce-silah-ele-gecirildi\/#article","isPartOf":{"@id":"http:\/\/denizcankizil.tr\/uk\/haberler\/gundem\/mersinde-yuzlerce-silah-ele-gecirildi\/"},"author":{"name":"admin","@id":"https:\/\/denizcankizil.tr\/#\/schema\/person\/be3c05fe6a12686905512445d8185489"},"headline":"Mersin&#8217;de y\u00fczlerce silah ele ge\u00e7irildi!","datePublished":"2025-03-11T07:41:23+00:00","mainEntityOfPage":{"@id":"http:\/\/denizcankizil.tr\/uk\/haberler\/gundem\/mersinde-yuzlerce-silah-ele-gecirildi\/"},"wordCount":438,"commentCount":0,"publisher":{"@id":"https:\/\/denizcankizil.tr\/#organization"},"articleSection":["G\u00fcndem"],"inLanguage":"de","potentialAction":[{"@type":"CommentAction","name":"Comment","target":["http:\/\/denizcankizil.tr\/uk\/haberler\/gundem\/mersinde-yuzlerce-silah-ele-gecirildi\/#respond"]}]},{"@type":"WebPage","@id":"http:\/\/denizcankizil.tr\/uk\/haberler\/gundem\/mersinde-yuzlerce-silah-ele-gecirildi\/","url":"http:\/\/denizcankizil.tr\/uk\/haberler\/gundem\/mersinde-yuzlerce-silah-ele-gecirildi\/","name":"Mersin'de y\u00fczlerce silah ele ge\u00e7irildi! - Av. Deniz Can K\u0131z\u0131l","isPartOf":{"@id":"https:\/\/denizcankizil.tr\/#website"},"datePublished":"2025-03-11T07:41:23+00:00","breadcrumb":{"@id":"http:\/\/denizcankizil.tr\/uk\/haberler\/gundem\/mersinde-yuzlerce-silah-ele-gecirildi\/#breadcrumb"},"inLanguage":"de","potentialAction":[{"@type":"ReadAction","target":["http:\/\/denizcankizil.tr\/uk\/haberler\/gundem\/mersinde-yuzlerce-silah-ele-gecirildi\/"]}]},{"@type":"BreadcrumbList","@id":"http:\/\/denizcankizil.tr\/uk\/haberler\/gundem\/mersinde-yuzlerce-silah-ele-gecirildi\/#breadcrumb","itemListElement":[{"@type":"ListItem","position":1,"name":"Home","item":"https:\/\/denizcankizil.tr\/de\/"},{"@type":"ListItem","position":2,"name":"Mersin&#8217;de y\u00fczlerce silah ele ge\u00e7irildi!"}]},{"@type":"WebSite","@id":"https:\/\/denizcankizil.tr\/#website","url":"https:\/\/denizcankizil.tr\/","name":"Av. Deniz Can K\u0131z\u0131l","description":"Avukat Deniz Can K\u0131z\u0131l Antalya Barosu","publisher":{"@id":"https:\/\/denizcankizil.tr\/#organization"},"potentialAction":[{"@type":"SearchAction","target":{"@type":"EntryPoint","urlTemplate":"https:\/\/denizcankizil.tr\/?s={search_term_string}"},"query-input":{"@type":"PropertyValueSpecification","valueRequired":true,"valueName":"search_term_string"}}],"inLanguage":"de"},{"@type":"Organization","@id":"https:\/\/denizcankizil.tr\/#organization","name":"Av. Deniz Can K\u0131z\u0131l","url":"https:\/\/denizcankizil.tr\/","logo":{"@type":"ImageObject","inLanguage":"de","@id":"https:\/\/denizcankizil.tr\/#\/schema\/logo\/image\/","url":"http:\/\/denizcankizil.tr\/wp-content\/uploads\/2024\/10\/siyah-logo-svg.svg","contentUrl":"http:\/\/denizcankizil.tr\/wp-content\/uploads\/2024\/10\/siyah-logo-svg.svg","width":1080,"height":1080,"caption":"Av. Deniz Can K\u0131z\u0131l"},"image":{"@id":"https:\/\/denizcankizil.tr\/#\/schema\/logo\/image\/"}},{"@type":"Person","@id":"https:\/\/denizcankizil.tr\/#\/schema\/person\/be3c05fe6a12686905512445d8185489","name":"Administrator","image":{"@type":"ImageObject","inLanguage":"de","@id":"https:\/\/denizcankizil.tr\/#\/schema\/person\/image\/","url":"https:\/\/secure.gravatar.com\/avatar\/c1fce94c830dc79107e174f890d7210541c4a63e8e5d816341794a2151c9d58c?s=96&d=mm&r=g","contentUrl":"https:\/\/secure.gravatar.com\/avatar\/c1fce94c830dc79107e174f890d7210541c4a63e8e5d816341794a2151c9d58c?s=96&d=mm&r=g","caption":"admin"},"sameAs":["http:\/\/denizcankizil.tr"],"url":"https:\/\/www.iskenderun.org\/mersinde-yuzlerce-silah-ele-gecirildi"}]}},"_links":{"self":[{"href":"http:\/\/denizcankizil.tr\/de\/wp-json\/wp\/v2\/posts\/35327","targetHints":{"allow":["GET"]}}],"collection":[{"href":"http:\/\/denizcankizil.tr\/de\/wp-json\/wp\/v2\/posts"}],"about":[{"href":"http:\/\/denizcankizil.tr\/de\/wp-json\/wp\/v2\/types\/post"}],"author":[{"embeddable":true,"href":"http:\/\/denizcankizil.tr\/de\/wp-json\/wp\/v2\/users\/1"}],"replies":[{"embeddable":true,"href":"http:\/\/denizcankizil.tr\/de\/wp-json\/wp\/v2\/comments?post=35327"}],"version-history":[{"count":0,"href":"http:\/\/denizcankizil.tr\/de\/wp-json\/wp\/v2\/posts\/35327\/revisions"}],"wp:attachment":[{"href":"http:\/\/denizcankizil.tr\/de\/wp-json\/wp\/v2\/media?parent=35327"}],"wp:term":[{"taxonomy":"category","embeddable":true,"href":"http:\/\/denizcankizil.tr\/de\/wp-json\/wp\/v2\/categories?post=35327"},{"taxonomy":"post_tag","embeddable":true,"href":"http:\/\/denizcankizil.tr\/de\/wp-json\/wp\/v2\/tags?post=35327"}],"curies":[{"name":"wp","href":"https:\/\/api.w.org\/{rel}","templated":true}]}}