{"id":35247,"date":"2025-03-10T13:41:16","date_gmt":"2025-03-10T10:41:16","guid":{"rendered":"https:\/\/denizcankizil.tr\/uncategorized-tr\/antalyada-esini-satirla-oldurdu\/"},"modified":"2025-03-10T13:41:16","modified_gmt":"2025-03-10T10:41:16","slug":"antalyada-esini-satirla-oldurdu","status":"publish","type":"post","link":"http:\/\/denizcankizil.tr\/de\/haberler\/antalya\/antalyada-esini-satirla-oldurdu\/","title":{"rendered":"Antalya&#8217;da e\u015fini sat\u0131rla \u00f6ld\u00fcrd\u00fc"},"content":{"rendered":"<p>Olay, d\u00fcn saat 21.30 s\u0131ralar\u0131nda Kepez il\u00e7esi Gazi Mahallesi 6579 Sokak\u2019taki bir apartmanda meydana geldi. 2 ay \u00f6nce evlenen Halit Can ve Sevcan Demir Sakman \u00e7ifti, d\u00fcn \u00f6\u011fle saatlerinde maddi problemler y\u00fcz\u00fcnden tart\u0131\u015ft\u0131. Halit Can Sakman ak\u015fam saatlerinde eve geldi\u011finde taraflar aras\u0131nda yine tart\u0131\u015fma \u00e7\u0131kt\u0131. \u0130ddiaya g\u00f6re Halit Can Sakman, kendisine b\u0131\u00e7akla sald\u0131rd\u0131\u011f\u0131n\u0131 \u00f6ne s\u00fcrd\u00fc\u011f\u00fc Sevcan Demir Sakman\u2019a sat\u0131rla vurdu.<\/p>\n<p>\u00d6LD\u00dcR\u00dcP, SATIRI BO\u011eAZINDA BIRAKTI<\/p>\n<p>Ba\u011fr\u0131\u015fma ve g\u00fcr\u00fclt\u00fc seslerini duyan kom\u015fular\u0131n ihbar\u0131 \u00fczerine adrese ekipler sevk edildi. K\u0131sa s\u00fcrede adrese ula\u015fan polis ekibi, Sevcan Demir Sakman&#8217;\u0131 kanlar i\u00e7inde yerde hareketsiz buldu. Karn\u0131nda kesi bulunan Sakman\u2019\u0131n ya\u015fam\u0131n\u0131 yitirdi\u011fi belirlendi. Halit Can Sakman&#8217;\u0131n e\u015fini \u00f6ld\u00fcrd\u00fc\u011f\u00fc, ard\u0131ndan da sat\u0131r\u0131, bo\u011faz\u0131n\u0131n \u00fczerine b\u0131rakt\u0131\u011f\u0131 belirlendi. \u0130ncelemenin ard\u0131ndan Sevcan Demir Sakman&#8217;\u0131n cans\u0131z bedeni, otopsi i\u00e7in Antalya Adli T\u0131p Kurumu morguna kald\u0131r\u0131ld\u0131.<\/p>\n<p>Halit Can Sakman ise evde Antalya Emniyet M\u00fcd\u00fcrl\u00fc\u011f\u00fc Asayi\u015f \u015eube M\u00fcd\u00fcrl\u00fc\u011f\u00fc Cinayet B\u00fcro Amirli\u011fi ekiplerine teslim oldu. Boyun k\u0131sm\u0131nda kesik olan Sakman, Antalya \u015eehir Hastanesi&#8217;ne g\u00f6t\u00fcr\u00fcld\u00fc.<\/p>\n<p>ARKADA\u015eINI ARAYIP \u0130T\u0130RAF ETM\u0130\u015e<\/p>\n<p>Polis ekipleri, Halit Can Sakman&#8217;\u0131n arkada\u015f\u0131 H.E.&#8217;nin bilgisine ba\u015fvurdu. H.E., Sakman&#8217;\u0131n olay sonras\u0131 kendisini g\u00f6r\u00fcnt\u00fcl\u00fc arad\u0131\u011f\u0131n\u0131, e\u015fini \u00f6ld\u00fcrd\u00fc\u011f\u00fcn\u00fc, kendisinin de yaraland\u0131\u011f\u0131n\u0131 s\u00f6yledi\u011fini ifade etti. H.E., kameradan g\u00f6rd\u00fc\u011f\u00fc kadar\u0131yla yerlerde kan oldu\u011funu, hemen 112 Acil \u00c7a\u011fr\u0131 Merkezini arayarak bilgi verdi\u011fini kaydetti.<\/p>\n<p>ANNE S\u0130L\u0130FKE&#8217;DEN GELD\u0130<\/p>\n<p>Sevcan Demir Sakman&#8217;\u0131n Mersin\u2019in Silifke il\u00e7esinde ya\u015fayan annesi Havva \u00dcnay, olay\u0131 haber al\u0131p, yak\u0131nlar\u0131yla birlikte Antalya\u2019ya geldi. Sabah saatlerinde Antalya Adli T\u0131p Kurumu \u00f6n\u00fcnde b\u00fcy\u00fck \u00fcz\u00fcnt\u00fc ya\u015fad\u0131\u011f\u0131 g\u00f6r\u00fclen \u00dcnay, &#8220;Nas\u0131l dayanaca\u011f\u0131m, delik de\u015fik etmi\u015f yavrumu&#8221; diye feryat etti.<\/p>\n<p>\u0130\u015flemlerinin ard\u0131ndan yak\u0131nlar\u0131na teslim edilen Sevcan Demir Sakman&#8217;\u0131n cenazenin, defnedilmek \u00fczere Hatay&#8217;a g\u00f6t\u00fcr\u00fclece\u011fi \u00f6\u011frenildi.<\/p>\n<p>Her ikisi de hem\u015fire olan Sevcan Demir ve Halit Can Sakman \u00e7iftinin \u00f6zel bir hastanede \u00e7al\u0131\u015ft\u0131klar\u0131 ifade edildi.<\/p>\n<p>Kaynak: www.kanalv.com.tr Haber Sitesinden Al\u0131nm\u0131\u015ft\u0131r.<\/p>","protected":false},"excerpt":{"rendered":"<p>Olay, d\u00fcn saat 21.30 s\u0131ralar\u0131nda Kepez il\u00e7esi Gazi Mahallesi 6579 Sokak\u2019taki bir apartmanda meydana geldi. 2 ay \u00f6nce evlenen Halit Can ve Sevcan Demir Sakman \u00e7ifti, d\u00fcn \u00f6\u011fle saatlerinde maddi problemler y\u00fcz\u00fcnden tart\u0131\u015ft\u0131. Halit Can Sakman ak\u015fam saatlerinde eve geldi\u011finde taraflar aras\u0131nda yine tart\u0131\u015fma \u00e7\u0131kt\u0131. \u0130ddiaya g\u00f6re Halit Can Sakman, kendisine b\u0131\u00e7akla sald\u0131rd\u0131\u011f\u0131n\u0131 \u00f6ne s\u00fcrd\u00fc\u011f\u00fc Sevcan Demir Sakman\u2019a sat\u0131rla vurdu. \u00d6LD\u00dcR\u00dcP, SATIRI BO\u011eAZINDA BIRAKTI Ba\u011fr\u0131\u015fma ve g\u00fcr\u00fclt\u00fc seslerini duyan kom\u015fular\u0131n ihbar\u0131 \u00fczerine adrese ekipler sevk edildi. K\u0131sa s\u00fcrede adrese ula\u015fan polis ekibi, Sevcan Demir Sakman&#8217;\u0131 kanlar i\u00e7inde yerde hareketsiz buldu. Karn\u0131nda kesi bulunan Sakman\u2019\u0131n ya\u015fam\u0131n\u0131 yitirdi\u011fi belirlendi. Halit Can Sakman&#8217;\u0131n e\u015fini \u00f6ld\u00fcrd\u00fc\u011f\u00fc, ard\u0131ndan da sat\u0131r\u0131, bo\u011faz\u0131n\u0131n \u00fczerine b\u0131rakt\u0131\u011f\u0131 belirlendi. \u0130ncelemenin ard\u0131ndan Sevcan Demir Sakman&#8217;\u0131n cans\u0131z bedeni, otopsi i\u00e7in Antalya Adli T\u0131p Kurumu morguna kald\u0131r\u0131ld\u0131. Halit Can Sakman ise evde Antalya Emniyet M\u00fcd\u00fcrl\u00fc\u011f\u00fc Asayi\u015f \u015eube M\u00fcd\u00fcrl\u00fc\u011f\u00fc Cinayet B\u00fcro Amirli\u011fi ekiplerine teslim oldu. Boyun k\u0131sm\u0131nda kesik olan Sakman, Antalya \u015eehir Hastanesi&#8217;ne g\u00f6t\u00fcr\u00fcld\u00fc. ARKADA\u015eINI ARAYIP \u0130T\u0130RAF ETM\u0130\u015e Polis ekipleri, Halit Can Sakman&#8217;\u0131n arkada\u015f\u0131 H.E.&#8217;nin bilgisine ba\u015fvurdu. H.E., Sakman&#8217;\u0131n olay sonras\u0131 kendisini g\u00f6r\u00fcnt\u00fcl\u00fc arad\u0131\u011f\u0131n\u0131, e\u015fini \u00f6ld\u00fcrd\u00fc\u011f\u00fcn\u00fc, kendisinin de yaraland\u0131\u011f\u0131n\u0131 s\u00f6yledi\u011fini ifade etti. H.E., kameradan g\u00f6rd\u00fc\u011f\u00fc kadar\u0131yla yerlerde kan oldu\u011funu, hemen 112 Acil \u00c7a\u011fr\u0131 Merkezini arayarak bilgi verdi\u011fini kaydetti. ANNE S\u0130L\u0130FKE&#8217;DEN GELD\u0130 Sevcan Demir Sakman&#8217;\u0131n &hellip;<\/p>","protected":false},"author":4,"featured_media":35248,"comment_status":"open","ping_status":"open","sticky":false,"template":"","format":"standard","meta":{"_acf_changed":false,"footnotes":""},"categories":[26],"tags":[],"class_list":["post-35247","post","type-post","status-publish","format-standard","has-post-thumbnail","hentry","category-antalya"],"acf":[],"yoast_head":"<!-- This site is optimized with the Yoast SEO Premium plugin v26.6 (Yoast SEO v27.1.1) - https:\/\/yoast.com\/product\/yoast-seo-premium-wordpress\/ -->\n<title>Antalya&#039;da e\u015fini sat\u0131rla \u00f6ld\u00fcrd\u00fc - Av. Deniz Can K\u0131z\u0131l<\/title>\n<meta name=\"robots\" content=\"index, follow, max-snippet:-1, max-image-preview:large, max-video-preview:-1\" \/>\n<link rel=\"canonical\" href=\"http:\/\/denizcankizil.tr\/de\/haberler\/antalya\/antalyada-esini-satirla-oldurdu\/\" \/>\n<meta property=\"og:locale\" content=\"de_DE\" \/>\n<meta property=\"og:type\" content=\"article\" \/>\n<meta property=\"og:title\" content=\"Antalya&#039;da e\u015fini sat\u0131rla \u00f6ld\u00fcrd\u00fc\" \/>\n<meta property=\"og:description\" content=\"Olay, d\u00fcn saat 21.30 s\u0131ralar\u0131nda Kepez il\u00e7esi Gazi Mahallesi 6579 Sokak\u2019taki bir apartmanda meydana geldi. 2 ay \u00f6nce evlenen Halit Can ve Sevcan Demir Sakman \u00e7ifti, d\u00fcn \u00f6\u011fle saatlerinde maddi problemler y\u00fcz\u00fcnden tart\u0131\u015ft\u0131. Halit Can Sakman ak\u015fam saatlerinde eve geldi\u011finde taraflar aras\u0131nda yine tart\u0131\u015fma \u00e7\u0131kt\u0131. \u0130ddiaya g\u00f6re Halit Can Sakman, kendisine b\u0131\u00e7akla sald\u0131rd\u0131\u011f\u0131n\u0131 \u00f6ne s\u00fcrd\u00fc\u011f\u00fc Sevcan Demir Sakman\u2019a sat\u0131rla vurdu. \u00d6LD\u00dcR\u00dcP, SATIRI BO\u011eAZINDA BIRAKTI Ba\u011fr\u0131\u015fma ve g\u00fcr\u00fclt\u00fc seslerini duyan kom\u015fular\u0131n ihbar\u0131 \u00fczerine adrese ekipler sevk edildi. K\u0131sa s\u00fcrede adrese ula\u015fan polis ekibi, Sevcan Demir Sakman&#8217;\u0131 kanlar i\u00e7inde yerde hareketsiz buldu. Karn\u0131nda kesi bulunan Sakman\u2019\u0131n ya\u015fam\u0131n\u0131 yitirdi\u011fi belirlendi. Halit Can Sakman&#8217;\u0131n e\u015fini \u00f6ld\u00fcrd\u00fc\u011f\u00fc, ard\u0131ndan da sat\u0131r\u0131, bo\u011faz\u0131n\u0131n \u00fczerine b\u0131rakt\u0131\u011f\u0131 belirlendi. \u0130ncelemenin ard\u0131ndan Sevcan Demir Sakman&#8217;\u0131n cans\u0131z bedeni, otopsi i\u00e7in Antalya Adli T\u0131p Kurumu morguna kald\u0131r\u0131ld\u0131. Halit Can Sakman ise evde Antalya Emniyet M\u00fcd\u00fcrl\u00fc\u011f\u00fc Asayi\u015f \u015eube M\u00fcd\u00fcrl\u00fc\u011f\u00fc Cinayet B\u00fcro Amirli\u011fi ekiplerine teslim oldu. Boyun k\u0131sm\u0131nda kesik olan Sakman, Antalya \u015eehir Hastanesi&#8217;ne g\u00f6t\u00fcr\u00fcld\u00fc. ARKADA\u015eINI ARAYIP \u0130T\u0130RAF ETM\u0130\u015e Polis ekipleri, Halit Can Sakman&#8217;\u0131n arkada\u015f\u0131 H.E.&#8217;nin bilgisine ba\u015fvurdu. H.E., Sakman&#8217;\u0131n olay sonras\u0131 kendisini g\u00f6r\u00fcnt\u00fcl\u00fc arad\u0131\u011f\u0131n\u0131, e\u015fini \u00f6ld\u00fcrd\u00fc\u011f\u00fcn\u00fc, kendisinin de yaraland\u0131\u011f\u0131n\u0131 s\u00f6yledi\u011fini ifade etti. H.E., kameradan g\u00f6rd\u00fc\u011f\u00fc kadar\u0131yla yerlerde kan oldu\u011funu, hemen 112 Acil \u00c7a\u011fr\u0131 Merkezini arayarak bilgi verdi\u011fini kaydetti. ANNE S\u0130L\u0130FKE&#8217;DEN GELD\u0130 Sevcan Demir Sakman&#8217;\u0131n &hellip;\" \/>\n<meta property=\"og:url\" content=\"http:\/\/denizcankizil.tr\/de\/haberler\/antalya\/antalyada-esini-satirla-oldurdu\/\" \/>\n<meta property=\"og:site_name\" content=\"Av. Deniz Can K\u0131z\u0131l\" \/>\n<meta property=\"article:published_time\" content=\"2025-03-10T10:41:16+00:00\" \/>\n<meta property=\"og:image\" content=\"http:\/\/denizcankizil.tr\/wp-content\/uploads\/2025\/03\/5417-01-5PqfUx.jpeg\" \/>\n\t<meta property=\"og:image:width\" content=\"1280\" \/>\n\t<meta property=\"og:image:height\" content=\"720\" \/>\n\t<meta property=\"og:image:type\" content=\"image\/jpeg\" \/>\n<meta name=\"author\" content=\"Av. Deniz Can K\u0131z\u0131l\" \/>\n<meta name=\"twitter:card\" content=\"summary_large_image\" \/>\n<meta name=\"twitter:label1\" content=\"Verfasst von\" \/>\n\t<meta name=\"twitter:data1\" content=\"Av. Deniz Can K\u0131z\u0131l\" \/>\n\t<meta name=\"twitter:label2\" content=\"Gesch\u00e4tzte Lesezeit\" \/>\n\t<meta name=\"twitter:data2\" content=\"2\u00a0Minuten\" \/>\n<script type=\"application\/ld+json\" class=\"yoast-schema-graph\">{\"@context\":\"https:\/\/schema.org\",\"@graph\":[{\"@type\":\"Article\",\"@id\":\"http:\/\/denizcankizil.tr\/de\/haberler\/antalya\/antalyada-esini-satirla-oldurdu\/#article\",\"isPartOf\":{\"@id\":\"http:\/\/denizcankizil.tr\/de\/haberler\/antalya\/antalyada-esini-satirla-oldurdu\/\"},\"author\":{\"name\":\"Av. Deniz Can K\u0131z\u0131l\",\"@id\":\"https:\/\/denizcankizil.tr\/de\/#\/schema\/person\/5dc1b22991bd7ac833867c10afc9b0ff\"},\"headline\":\"Antalya&#8217;da e\u015fini sat\u0131rla \u00f6ld\u00fcrd\u00fc\",\"datePublished\":\"2025-03-10T10:41:16+00:00\",\"mainEntityOfPage\":{\"@id\":\"http:\/\/denizcankizil.tr\/de\/haberler\/antalya\/antalyada-esini-satirla-oldurdu\/\"},\"wordCount\":406,\"commentCount\":0,\"publisher\":{\"@id\":\"https:\/\/denizcankizil.tr\/de\/#organization\"},\"image\":{\"@id\":\"http:\/\/denizcankizil.tr\/de\/haberler\/antalya\/antalyada-esini-satirla-oldurdu\/#primaryimage\"},\"thumbnailUrl\":\"http:\/\/denizcankizil.tr\/wp-content\/uploads\/2025\/03\/5417-01-5PqfUx.jpeg\",\"articleSection\":[\"Antalya\"],\"inLanguage\":\"de\",\"potentialAction\":[{\"@type\":\"CommentAction\",\"name\":\"Comment\",\"target\":[\"http:\/\/denizcankizil.tr\/de\/haberler\/antalya\/antalyada-esini-satirla-oldurdu\/#respond\"]}]},{\"@type\":\"WebPage\",\"@id\":\"http:\/\/denizcankizil.tr\/de\/haberler\/antalya\/antalyada-esini-satirla-oldurdu\/\",\"url\":\"http:\/\/denizcankizil.tr\/de\/haberler\/antalya\/antalyada-esini-satirla-oldurdu\/\",\"name\":\"Antalya'da e\u015fini sat\u0131rla \u00f6ld\u00fcrd\u00fc - Av. Deniz Can K\u0131z\u0131l\",\"isPartOf\":{\"@id\":\"https:\/\/denizcankizil.tr\/de\/#website\"},\"primaryImageOfPage\":{\"@id\":\"http:\/\/denizcankizil.tr\/de\/haberler\/antalya\/antalyada-esini-satirla-oldurdu\/#primaryimage\"},\"image\":{\"@id\":\"http:\/\/denizcankizil.tr\/de\/haberler\/antalya\/antalyada-esini-satirla-oldurdu\/#primaryimage\"},\"thumbnailUrl\":\"http:\/\/denizcankizil.tr\/wp-content\/uploads\/2025\/03\/5417-01-5PqfUx.jpeg\",\"datePublished\":\"2025-03-10T10:41:16+00:00\",\"breadcrumb\":{\"@id\":\"http:\/\/denizcankizil.tr\/de\/haberler\/antalya\/antalyada-esini-satirla-oldurdu\/#breadcrumb\"},\"inLanguage\":\"de\",\"potentialAction\":[{\"@type\":\"ReadAction\",\"target\":[\"http:\/\/denizcankizil.tr\/de\/haberler\/antalya\/antalyada-esini-satirla-oldurdu\/\"]}]},{\"@type\":\"ImageObject\",\"inLanguage\":\"de\",\"@id\":\"http:\/\/denizcankizil.tr\/de\/haberler\/antalya\/antalyada-esini-satirla-oldurdu\/#primaryimage\",\"url\":\"http:\/\/denizcankizil.tr\/wp-content\/uploads\/2025\/03\/5417-01-5PqfUx.jpeg\",\"contentUrl\":\"http:\/\/denizcankizil.tr\/wp-content\/uploads\/2025\/03\/5417-01-5PqfUx.jpeg\",\"width\":1280,\"height\":720},{\"@type\":\"BreadcrumbList\",\"@id\":\"http:\/\/denizcankizil.tr\/de\/haberler\/antalya\/antalyada-esini-satirla-oldurdu\/#breadcrumb\",\"itemListElement\":[{\"@type\":\"ListItem\",\"position\":1,\"name\":\"Home\",\"item\":\"https:\/\/denizcankizil.tr\/de\/\"},{\"@type\":\"ListItem\",\"position\":2,\"name\":\"Antalya&#8217;da e\u015fini sat\u0131rla \u00f6ld\u00fcrd\u00fc\"}]},{\"@type\":\"WebSite\",\"@id\":\"https:\/\/denizcankizil.tr\/de\/#website\",\"url\":\"https:\/\/denizcankizil.tr\/de\/\",\"name\":\"Av. Deniz Can K\u0131z\u0131l\",\"description\":\"Avukat Deniz Can K\u0131z\u0131l Antalya Barosu\",\"publisher\":{\"@id\":\"https:\/\/denizcankizil.tr\/de\/#organization\"},\"potentialAction\":[{\"@type\":\"SearchAction\",\"target\":{\"@type\":\"EntryPoint\",\"urlTemplate\":\"https:\/\/denizcankizil.tr\/de\/?s={search_term_string}\"},\"query-input\":{\"@type\":\"PropertyValueSpecification\",\"valueRequired\":true,\"valueName\":\"search_term_string\"}}],\"inLanguage\":\"de\"},{\"@type\":\"Organization\",\"@id\":\"https:\/\/denizcankizil.tr\/de\/#organization\",\"name\":\"Av. Deniz Can K\u0131z\u0131l\",\"url\":\"https:\/\/denizcankizil.tr\/de\/\",\"logo\":{\"@type\":\"ImageObject\",\"inLanguage\":\"de\",\"@id\":\"https:\/\/denizcankizil.tr\/de\/#\/schema\/logo\/image\/\",\"url\":\"http:\/\/denizcankizil.tr\/wp-content\/uploads\/2024\/10\/siyah-logo-svg.svg\",\"contentUrl\":\"http:\/\/denizcankizil.tr\/wp-content\/uploads\/2024\/10\/siyah-logo-svg.svg\",\"width\":1080,\"height\":1080,\"caption\":\"Av. Deniz Can K\u0131z\u0131l\"},\"image\":{\"@id\":\"https:\/\/denizcankizil.tr\/de\/#\/schema\/logo\/image\/\"}},{\"@type\":\"Person\",\"@id\":\"https:\/\/denizcankizil.tr\/de\/#\/schema\/person\/5dc1b22991bd7ac833867c10afc9b0ff\",\"name\":\"Av. Deniz Can K\u0131z\u0131l\",\"image\":{\"@type\":\"ImageObject\",\"inLanguage\":\"de\",\"@id\":\"https:\/\/denizcankizil.tr\/de\/#\/schema\/person\/image\/\",\"url\":\"https:\/\/secure.gravatar.com\/avatar\/a0b128fb9855c79efc976d5640eedb31dc35ec297594d6016d2cf7c60e975bb6?s=96&d=mm&r=g\",\"contentUrl\":\"https:\/\/secure.gravatar.com\/avatar\/a0b128fb9855c79efc976d5640eedb31dc35ec297594d6016d2cf7c60e975bb6?s=96&d=mm&r=g\",\"caption\":\"Av. Deniz Can K\u0131z\u0131l\"},\"sameAs\":[\"http:\/\/www.denizcankizil.tr\"],\"url\":\"http:\/\/denizcankizil.tr\/de\/author\/denizcankizil\/\"}]}<\/script>\n<!-- \/ Yoast SEO Premium plugin. -->","yoast_head_json":{"title":"Antalya'da e\u015fini sat\u0131rla \u00f6ld\u00fcrd\u00fc - Av. Deniz Can K\u0131z\u0131l","robots":{"index":"index","follow":"follow","max-snippet":"max-snippet:-1","max-image-preview":"max-image-preview:large","max-video-preview":"max-video-preview:-1"},"canonical":"http:\/\/denizcankizil.tr\/de\/haberler\/antalya\/antalyada-esini-satirla-oldurdu\/","og_locale":"de_DE","og_type":"article","og_title":"Antalya'da e\u015fini sat\u0131rla \u00f6ld\u00fcrd\u00fc","og_description":"Olay, d\u00fcn saat 21.30 s\u0131ralar\u0131nda Kepez il\u00e7esi Gazi Mahallesi 6579 Sokak\u2019taki bir apartmanda meydana geldi. 2 ay \u00f6nce evlenen Halit Can ve Sevcan Demir Sakman \u00e7ifti, d\u00fcn \u00f6\u011fle saatlerinde maddi problemler y\u00fcz\u00fcnden tart\u0131\u015ft\u0131. Halit Can Sakman ak\u015fam saatlerinde eve geldi\u011finde taraflar aras\u0131nda yine tart\u0131\u015fma \u00e7\u0131kt\u0131. \u0130ddiaya g\u00f6re Halit Can Sakman, kendisine b\u0131\u00e7akla sald\u0131rd\u0131\u011f\u0131n\u0131 \u00f6ne s\u00fcrd\u00fc\u011f\u00fc Sevcan Demir Sakman\u2019a sat\u0131rla vurdu. \u00d6LD\u00dcR\u00dcP, SATIRI BO\u011eAZINDA BIRAKTI Ba\u011fr\u0131\u015fma ve g\u00fcr\u00fclt\u00fc seslerini duyan kom\u015fular\u0131n ihbar\u0131 \u00fczerine adrese ekipler sevk edildi. K\u0131sa s\u00fcrede adrese ula\u015fan polis ekibi, Sevcan Demir Sakman&#8217;\u0131 kanlar i\u00e7inde yerde hareketsiz buldu. Karn\u0131nda kesi bulunan Sakman\u2019\u0131n ya\u015fam\u0131n\u0131 yitirdi\u011fi belirlendi. Halit Can Sakman&#8217;\u0131n e\u015fini \u00f6ld\u00fcrd\u00fc\u011f\u00fc, ard\u0131ndan da sat\u0131r\u0131, bo\u011faz\u0131n\u0131n \u00fczerine b\u0131rakt\u0131\u011f\u0131 belirlendi. \u0130ncelemenin ard\u0131ndan Sevcan Demir Sakman&#8217;\u0131n cans\u0131z bedeni, otopsi i\u00e7in Antalya Adli T\u0131p Kurumu morguna kald\u0131r\u0131ld\u0131. Halit Can Sakman ise evde Antalya Emniyet M\u00fcd\u00fcrl\u00fc\u011f\u00fc Asayi\u015f \u015eube M\u00fcd\u00fcrl\u00fc\u011f\u00fc Cinayet B\u00fcro Amirli\u011fi ekiplerine teslim oldu. Boyun k\u0131sm\u0131nda kesik olan Sakman, Antalya \u015eehir Hastanesi&#8217;ne g\u00f6t\u00fcr\u00fcld\u00fc. ARKADA\u015eINI ARAYIP \u0130T\u0130RAF ETM\u0130\u015e Polis ekipleri, Halit Can Sakman&#8217;\u0131n arkada\u015f\u0131 H.E.&#8217;nin bilgisine ba\u015fvurdu. H.E., Sakman&#8217;\u0131n olay sonras\u0131 kendisini g\u00f6r\u00fcnt\u00fcl\u00fc arad\u0131\u011f\u0131n\u0131, e\u015fini \u00f6ld\u00fcrd\u00fc\u011f\u00fcn\u00fc, kendisinin de yaraland\u0131\u011f\u0131n\u0131 s\u00f6yledi\u011fini ifade etti. H.E., kameradan g\u00f6rd\u00fc\u011f\u00fc kadar\u0131yla yerlerde kan oldu\u011funu, hemen 112 Acil \u00c7a\u011fr\u0131 Merkezini arayarak bilgi verdi\u011fini kaydetti. ANNE S\u0130L\u0130FKE&#8217;DEN GELD\u0130 Sevcan Demir Sakman&#8217;\u0131n &hellip;","og_url":"http:\/\/denizcankizil.tr\/de\/haberler\/antalya\/antalyada-esini-satirla-oldurdu\/","og_site_name":"Av. Deniz Can K\u0131z\u0131l","article_published_time":"2025-03-10T10:41:16+00:00","og_image":[{"width":1280,"height":720,"url":"http:\/\/denizcankizil.tr\/wp-content\/uploads\/2025\/03\/5417-01-5PqfUx.jpeg","type":"image\/jpeg"}],"author":"Av. Deniz Can K\u0131z\u0131l","twitter_card":"summary_large_image","twitter_misc":{"Verfasst von":"Av. Deniz Can K\u0131z\u0131l","Gesch\u00e4tzte Lesezeit":"2\u00a0Minuten"},"schema":{"@context":"https:\/\/schema.org","@graph":[{"@type":"Article","@id":"http:\/\/denizcankizil.tr\/de\/haberler\/antalya\/antalyada-esini-satirla-oldurdu\/#article","isPartOf":{"@id":"http:\/\/denizcankizil.tr\/de\/haberler\/antalya\/antalyada-esini-satirla-oldurdu\/"},"author":{"name":"Av. Deniz Can K\u0131z\u0131l","@id":"https:\/\/denizcankizil.tr\/de\/#\/schema\/person\/5dc1b22991bd7ac833867c10afc9b0ff"},"headline":"Antalya&#8217;da e\u015fini sat\u0131rla \u00f6ld\u00fcrd\u00fc","datePublished":"2025-03-10T10:41:16+00:00","mainEntityOfPage":{"@id":"http:\/\/denizcankizil.tr\/de\/haberler\/antalya\/antalyada-esini-satirla-oldurdu\/"},"wordCount":406,"commentCount":0,"publisher":{"@id":"https:\/\/denizcankizil.tr\/de\/#organization"},"image":{"@id":"http:\/\/denizcankizil.tr\/de\/haberler\/antalya\/antalyada-esini-satirla-oldurdu\/#primaryimage"},"thumbnailUrl":"http:\/\/denizcankizil.tr\/wp-content\/uploads\/2025\/03\/5417-01-5PqfUx.jpeg","articleSection":["Antalya"],"inLanguage":"de","potentialAction":[{"@type":"CommentAction","name":"Comment","target":["http:\/\/denizcankizil.tr\/de\/haberler\/antalya\/antalyada-esini-satirla-oldurdu\/#respond"]}]},{"@type":"WebPage","@id":"http:\/\/denizcankizil.tr\/de\/haberler\/antalya\/antalyada-esini-satirla-oldurdu\/","url":"http:\/\/denizcankizil.tr\/de\/haberler\/antalya\/antalyada-esini-satirla-oldurdu\/","name":"Antalya'da e\u015fini sat\u0131rla \u00f6ld\u00fcrd\u00fc - Av. Deniz Can K\u0131z\u0131l","isPartOf":{"@id":"https:\/\/denizcankizil.tr\/de\/#website"},"primaryImageOfPage":{"@id":"http:\/\/denizcankizil.tr\/de\/haberler\/antalya\/antalyada-esini-satirla-oldurdu\/#primaryimage"},"image":{"@id":"http:\/\/denizcankizil.tr\/de\/haberler\/antalya\/antalyada-esini-satirla-oldurdu\/#primaryimage"},"thumbnailUrl":"http:\/\/denizcankizil.tr\/wp-content\/uploads\/2025\/03\/5417-01-5PqfUx.jpeg","datePublished":"2025-03-10T10:41:16+00:00","breadcrumb":{"@id":"http:\/\/denizcankizil.tr\/de\/haberler\/antalya\/antalyada-esini-satirla-oldurdu\/#breadcrumb"},"inLanguage":"de","potentialAction":[{"@type":"ReadAction","target":["http:\/\/denizcankizil.tr\/de\/haberler\/antalya\/antalyada-esini-satirla-oldurdu\/"]}]},{"@type":"ImageObject","inLanguage":"de","@id":"http:\/\/denizcankizil.tr\/de\/haberler\/antalya\/antalyada-esini-satirla-oldurdu\/#primaryimage","url":"http:\/\/denizcankizil.tr\/wp-content\/uploads\/2025\/03\/5417-01-5PqfUx.jpeg","contentUrl":"http:\/\/denizcankizil.tr\/wp-content\/uploads\/2025\/03\/5417-01-5PqfUx.jpeg","width":1280,"height":720},{"@type":"BreadcrumbList","@id":"http:\/\/denizcankizil.tr\/de\/haberler\/antalya\/antalyada-esini-satirla-oldurdu\/#breadcrumb","itemListElement":[{"@type":"ListItem","position":1,"name":"Home","item":"https:\/\/denizcankizil.tr\/de\/"},{"@type":"ListItem","position":2,"name":"Antalya&#8217;da e\u015fini sat\u0131rla \u00f6ld\u00fcrd\u00fc"}]},{"@type":"WebSite","@id":"https:\/\/denizcankizil.tr\/de\/#website","url":"https:\/\/denizcankizil.tr\/de\/","name":"Av. Deniz Can K\u0131z\u0131l","description":"Avukat Deniz Can K\u0131z\u0131l Antalya Barosu","publisher":{"@id":"https:\/\/denizcankizil.tr\/de\/#organization"},"potentialAction":[{"@type":"SearchAction","target":{"@type":"EntryPoint","urlTemplate":"https:\/\/denizcankizil.tr\/de\/?s={search_term_string}"},"query-input":{"@type":"PropertyValueSpecification","valueRequired":true,"valueName":"search_term_string"}}],"inLanguage":"de"},{"@type":"Organization","@id":"https:\/\/denizcankizil.tr\/de\/#organization","name":"Av. Deniz Can K\u0131z\u0131l","url":"https:\/\/denizcankizil.tr\/de\/","logo":{"@type":"ImageObject","inLanguage":"de","@id":"https:\/\/denizcankizil.tr\/de\/#\/schema\/logo\/image\/","url":"http:\/\/denizcankizil.tr\/wp-content\/uploads\/2024\/10\/siyah-logo-svg.svg","contentUrl":"http:\/\/denizcankizil.tr\/wp-content\/uploads\/2024\/10\/siyah-logo-svg.svg","width":1080,"height":1080,"caption":"Av. Deniz Can K\u0131z\u0131l"},"image":{"@id":"https:\/\/denizcankizil.tr\/de\/#\/schema\/logo\/image\/"}},{"@type":"Person","@id":"https:\/\/denizcankizil.tr\/de\/#\/schema\/person\/5dc1b22991bd7ac833867c10afc9b0ff","name":"Av. Deniz Can K\u0131z\u0131l","image":{"@type":"ImageObject","inLanguage":"de","@id":"https:\/\/denizcankizil.tr\/de\/#\/schema\/person\/image\/","url":"https:\/\/secure.gravatar.com\/avatar\/a0b128fb9855c79efc976d5640eedb31dc35ec297594d6016d2cf7c60e975bb6?s=96&d=mm&r=g","contentUrl":"https:\/\/secure.gravatar.com\/avatar\/a0b128fb9855c79efc976d5640eedb31dc35ec297594d6016d2cf7c60e975bb6?s=96&d=mm&r=g","caption":"Av. Deniz Can K\u0131z\u0131l"},"sameAs":["http:\/\/www.denizcankizil.tr"],"url":"http:\/\/denizcankizil.tr\/de\/author\/denizcankizil\/"}]}},"_links":{"self":[{"href":"http:\/\/denizcankizil.tr\/de\/wp-json\/wp\/v2\/posts\/35247","targetHints":{"allow":["GET"]}}],"collection":[{"href":"http:\/\/denizcankizil.tr\/de\/wp-json\/wp\/v2\/posts"}],"about":[{"href":"http:\/\/denizcankizil.tr\/de\/wp-json\/wp\/v2\/types\/post"}],"author":[{"embeddable":true,"href":"http:\/\/denizcankizil.tr\/de\/wp-json\/wp\/v2\/users\/4"}],"replies":[{"embeddable":true,"href":"http:\/\/denizcankizil.tr\/de\/wp-json\/wp\/v2\/comments?post=35247"}],"version-history":[{"count":0,"href":"http:\/\/denizcankizil.tr\/de\/wp-json\/wp\/v2\/posts\/35247\/revisions"}],"wp:featuredmedia":[{"embeddable":true,"href":"http:\/\/denizcankizil.tr\/de\/wp-json\/wp\/v2\/media\/35248"}],"wp:attachment":[{"href":"http:\/\/denizcankizil.tr\/de\/wp-json\/wp\/v2\/media?parent=35247"}],"wp:term":[{"taxonomy":"category","embeddable":true,"href":"http:\/\/denizcankizil.tr\/de\/wp-json\/wp\/v2\/categories?post=35247"},{"taxonomy":"post_tag","embeddable":true,"href":"http:\/\/denizcankizil.tr\/de\/wp-json\/wp\/v2\/tags?post=35247"}],"curies":[{"name":"wp","href":"https:\/\/api.w.org\/{rel}","templated":true}]}}