{"id":35139,"date":"2025-03-08T17:41:15","date_gmt":"2025-03-08T14:41:15","guid":{"rendered":"https:\/\/denizcankizil.tr\/uncategorized-tr\/beyin-olumu-gerceklesen-genc-5-kisiye-umut-oldu\/"},"modified":"2025-03-08T17:41:15","modified_gmt":"2025-03-08T14:41:15","slug":"beyin-olumu-gerceklesen-genc-5-kisiye-umut-oldu","status":"publish","type":"post","link":"http:\/\/denizcankizil.tr\/de\/haberler\/antalya\/beyin-olumu-gerceklesen-genc-5-kisiye-umut-oldu\/","title":{"rendered":"Beyin \u00f6l\u00fcm\u00fc ger\u00e7ekle\u015fen gen\u00e7 5 ki\u015fiye umut oldu"},"content":{"rendered":"<p>Alanya&#8217;da 25 \u015eubat&#8217;ta meydana gelen trafik kazas\u0131nda a\u011f\u0131r yaralanan 29 ya\u015f\u0131ndaki A.S.Y.&#8217;nin 3 Mart 2025 tarihinde beyin \u00f6l\u00fcm\u00fc ger\u00e7ekle\u015fti. Bunun \u00fczerine Alanya E\u011fitim ve Ara\u015ft\u0131rma Hastanesi Yo\u011fun Bak\u0131m Hekimleri Uzm. Dr. U\u011fur Altun, Uzm. Dr. Hasan Dirik ve Organ Doku Koordinat\u00f6r\u00fc Sezer U\u011fuz taraf\u0131ndan aile ile yap\u0131lan g\u00f6r\u00fc\u015fme sonras\u0131nda A.S.Y.&#8217;nin organlar\u0131 ba\u011f\u0131\u015fland\u0131. Yap\u0131lan tetkikler sonras\u0131nda gencin kalbi, akci\u011feri, b\u00f6brekleri ve karaci\u011ferinin al\u0131nmas\u0131 kararla\u015ft\u0131r\u0131ld\u0131. Ankara Bilkent Hastanesi, Konya Meram T\u0131p Fak\u00fcltesi ve Akdeniz \u00dcniversitesi&#8217;nden \u00f6zel ekipler nakil i\u00e7in Alanya E\u011fitim ve Ara\u015ft\u0131rma Hastanesi&#8217;ne geldi. Alanya E\u011fitim ve Ara\u015ft\u0131rma Hastanesi&#8217;nde sabah saatlerinde ba\u015flayan ve ba\u015far\u0131l\u0131 bir \u015fekilde ger\u00e7ekle\u015fen ameliyat sonras\u0131nda Antalya Organ Doku Koordinat\u00f6rl\u00fc\u011f\u00fc Merkezi ile ileti\u015fim kurularak ba\u015flat\u0131lan i\u015flemler do\u011frultusunda, A.S.Y.&#8217;nin organlar\u0131 \u00f6zel ekiplerle nakil bekleyen hastalara ula\u015ft\u0131r\u0131ld\u0131. A.S.Y&#8217;nin b\u00f6brekleri farkl\u0131 2 ki\u015fiye verilmek \u00fczere di\u011fer organlar\u0131 ile birlikte 5 ki\u015fiye umut olacak.<\/p>\n<p>Kaynak: www.kanalv.com.tr Haber Sitesinden Al\u0131nm\u0131\u015ft\u0131r.<\/p>","protected":false},"excerpt":{"rendered":"<p>Alanya&#8217;da 25 \u015eubat&#8217;ta meydana gelen trafik kazas\u0131nda a\u011f\u0131r yaralanan 29 ya\u015f\u0131ndaki A.S.Y.&#8217;nin 3 Mart 2025 tarihinde beyin \u00f6l\u00fcm\u00fc ger\u00e7ekle\u015fti. Bunun \u00fczerine Alanya E\u011fitim ve Ara\u015ft\u0131rma Hastanesi Yo\u011fun Bak\u0131m Hekimleri Uzm. Dr. U\u011fur Altun, Uzm. Dr. Hasan Dirik ve Organ Doku Koordinat\u00f6r\u00fc Sezer U\u011fuz taraf\u0131ndan aile ile yap\u0131lan g\u00f6r\u00fc\u015fme sonras\u0131nda A.S.Y.&#8217;nin organlar\u0131 ba\u011f\u0131\u015fland\u0131. Yap\u0131lan tetkikler sonras\u0131nda gencin kalbi, akci\u011feri, b\u00f6brekleri ve karaci\u011ferinin al\u0131nmas\u0131 kararla\u015ft\u0131r\u0131ld\u0131. Ankara Bilkent Hastanesi, Konya Meram T\u0131p Fak\u00fcltesi ve Akdeniz \u00dcniversitesi&#8217;nden \u00f6zel ekipler nakil i\u00e7in Alanya E\u011fitim ve Ara\u015ft\u0131rma Hastanesi&#8217;ne geldi. Alanya E\u011fitim ve Ara\u015ft\u0131rma Hastanesi&#8217;nde sabah saatlerinde ba\u015flayan ve ba\u015far\u0131l\u0131 bir \u015fekilde ger\u00e7ekle\u015fen ameliyat sonras\u0131nda Antalya Organ Doku Koordinat\u00f6rl\u00fc\u011f\u00fc Merkezi ile ileti\u015fim kurularak ba\u015flat\u0131lan i\u015flemler do\u011frultusunda, A.S.Y.&#8217;nin organlar\u0131 \u00f6zel ekiplerle nakil bekleyen hastalara ula\u015ft\u0131r\u0131ld\u0131. A.S.Y&#8217;nin b\u00f6brekleri farkl\u0131 2 ki\u015fiye verilmek \u00fczere di\u011fer organlar\u0131 ile birlikte 5 ki\u015fiye umut olacak. Kaynak: www.kanalv.com.tr Haber Sitesinden Al\u0131nm\u0131\u015ft\u0131r.<\/p>","protected":false},"author":4,"featured_media":35140,"comment_status":"open","ping_status":"open","sticky":false,"template":"","format":"standard","meta":{"_acf_changed":false,"footnotes":""},"categories":[26],"tags":[],"class_list":["post-35139","post","type-post","status-publish","format-standard","has-post-thumbnail","hentry","category-antalya"],"acf":[],"yoast_head":"<!-- This site is optimized with the Yoast SEO Premium plugin v26.6 (Yoast SEO v27.1.1) - https:\/\/yoast.com\/product\/yoast-seo-premium-wordpress\/ -->\n<title>Beyin \u00f6l\u00fcm\u00fc ger\u00e7ekle\u015fen gen\u00e7 5 ki\u015fiye umut oldu - Av. Deniz Can K\u0131z\u0131l<\/title>\n<meta name=\"robots\" content=\"index, follow, max-snippet:-1, max-image-preview:large, max-video-preview:-1\" \/>\n<link rel=\"canonical\" href=\"http:\/\/denizcankizil.tr\/de\/haberler\/antalya\/beyin-olumu-gerceklesen-genc-5-kisiye-umut-oldu\/\" \/>\n<meta property=\"og:locale\" content=\"de_DE\" \/>\n<meta property=\"og:type\" content=\"article\" \/>\n<meta property=\"og:title\" content=\"Beyin \u00f6l\u00fcm\u00fc ger\u00e7ekle\u015fen gen\u00e7 5 ki\u015fiye umut oldu\" \/>\n<meta property=\"og:description\" content=\"Alanya&#8217;da 25 \u015eubat&#8217;ta meydana gelen trafik kazas\u0131nda a\u011f\u0131r yaralanan 29 ya\u015f\u0131ndaki A.S.Y.&#8217;nin 3 Mart 2025 tarihinde beyin \u00f6l\u00fcm\u00fc ger\u00e7ekle\u015fti. Bunun \u00fczerine Alanya E\u011fitim ve Ara\u015ft\u0131rma Hastanesi Yo\u011fun Bak\u0131m Hekimleri Uzm. Dr. U\u011fur Altun, Uzm. Dr. Hasan Dirik ve Organ Doku Koordinat\u00f6r\u00fc Sezer U\u011fuz taraf\u0131ndan aile ile yap\u0131lan g\u00f6r\u00fc\u015fme sonras\u0131nda A.S.Y.&#8217;nin organlar\u0131 ba\u011f\u0131\u015fland\u0131. Yap\u0131lan tetkikler sonras\u0131nda gencin kalbi, akci\u011feri, b\u00f6brekleri ve karaci\u011ferinin al\u0131nmas\u0131 kararla\u015ft\u0131r\u0131ld\u0131. Ankara Bilkent Hastanesi, Konya Meram T\u0131p Fak\u00fcltesi ve Akdeniz \u00dcniversitesi&#8217;nden \u00f6zel ekipler nakil i\u00e7in Alanya E\u011fitim ve Ara\u015ft\u0131rma Hastanesi&#8217;ne geldi. Alanya E\u011fitim ve Ara\u015ft\u0131rma Hastanesi&#8217;nde sabah saatlerinde ba\u015flayan ve ba\u015far\u0131l\u0131 bir \u015fekilde ger\u00e7ekle\u015fen ameliyat sonras\u0131nda Antalya Organ Doku Koordinat\u00f6rl\u00fc\u011f\u00fc Merkezi ile ileti\u015fim kurularak ba\u015flat\u0131lan i\u015flemler do\u011frultusunda, A.S.Y.&#8217;nin organlar\u0131 \u00f6zel ekiplerle nakil bekleyen hastalara ula\u015ft\u0131r\u0131ld\u0131. A.S.Y&#8217;nin b\u00f6brekleri farkl\u0131 2 ki\u015fiye verilmek \u00fczere di\u011fer organlar\u0131 ile birlikte 5 ki\u015fiye umut olacak. Kaynak: www.kanalv.com.tr Haber Sitesinden Al\u0131nm\u0131\u015ft\u0131r.\" \/>\n<meta property=\"og:url\" content=\"http:\/\/denizcankizil.tr\/de\/haberler\/antalya\/beyin-olumu-gerceklesen-genc-5-kisiye-umut-oldu\/\" \/>\n<meta property=\"og:site_name\" content=\"Av. Deniz Can K\u0131z\u0131l\" \/>\n<meta property=\"article:published_time\" content=\"2025-03-08T14:41:15+00:00\" \/>\n<meta property=\"og:image\" content=\"http:\/\/denizcankizil.tr\/wp-content\/uploads\/2025\/03\/5404-01-QOZlaJ.jpeg\" \/>\n\t<meta property=\"og:image:width\" content=\"1280\" \/>\n\t<meta property=\"og:image:height\" content=\"720\" \/>\n\t<meta property=\"og:image:type\" content=\"image\/jpeg\" \/>\n<meta name=\"author\" content=\"Av. Deniz Can K\u0131z\u0131l\" \/>\n<meta name=\"twitter:card\" content=\"summary_large_image\" \/>\n<meta name=\"twitter:label1\" content=\"Verfasst von\" \/>\n\t<meta name=\"twitter:data1\" content=\"Av. Deniz Can K\u0131z\u0131l\" \/>\n\t<meta name=\"twitter:label2\" content=\"Gesch\u00e4tzte Lesezeit\" \/>\n\t<meta name=\"twitter:data2\" content=\"1\u00a0Minute\" \/>\n<script type=\"application\/ld+json\" class=\"yoast-schema-graph\">{\"@context\":\"https:\/\/schema.org\",\"@graph\":[{\"@type\":\"Article\",\"@id\":\"http:\/\/denizcankizil.tr\/de\/haberler\/antalya\/beyin-olumu-gerceklesen-genc-5-kisiye-umut-oldu\/#article\",\"isPartOf\":{\"@id\":\"http:\/\/denizcankizil.tr\/de\/haberler\/antalya\/beyin-olumu-gerceklesen-genc-5-kisiye-umut-oldu\/\"},\"author\":{\"name\":\"Av. Deniz Can K\u0131z\u0131l\",\"@id\":\"https:\/\/denizcankizil.tr\/de\/#\/schema\/person\/5dc1b22991bd7ac833867c10afc9b0ff\"},\"headline\":\"Beyin \u00f6l\u00fcm\u00fc ger\u00e7ekle\u015fen gen\u00e7 5 ki\u015fiye umut oldu\",\"datePublished\":\"2025-03-08T14:41:15+00:00\",\"mainEntityOfPage\":{\"@id\":\"http:\/\/denizcankizil.tr\/de\/haberler\/antalya\/beyin-olumu-gerceklesen-genc-5-kisiye-umut-oldu\/\"},\"wordCount\":222,\"commentCount\":0,\"publisher\":{\"@id\":\"https:\/\/denizcankizil.tr\/de\/#organization\"},\"image\":{\"@id\":\"http:\/\/denizcankizil.tr\/de\/haberler\/antalya\/beyin-olumu-gerceklesen-genc-5-kisiye-umut-oldu\/#primaryimage\"},\"thumbnailUrl\":\"http:\/\/denizcankizil.tr\/wp-content\/uploads\/2025\/03\/5404-01-QOZlaJ.jpeg\",\"articleSection\":[\"Antalya\"],\"inLanguage\":\"de\",\"potentialAction\":[{\"@type\":\"CommentAction\",\"name\":\"Comment\",\"target\":[\"http:\/\/denizcankizil.tr\/de\/haberler\/antalya\/beyin-olumu-gerceklesen-genc-5-kisiye-umut-oldu\/#respond\"]}]},{\"@type\":\"WebPage\",\"@id\":\"http:\/\/denizcankizil.tr\/de\/haberler\/antalya\/beyin-olumu-gerceklesen-genc-5-kisiye-umut-oldu\/\",\"url\":\"http:\/\/denizcankizil.tr\/de\/haberler\/antalya\/beyin-olumu-gerceklesen-genc-5-kisiye-umut-oldu\/\",\"name\":\"Beyin \u00f6l\u00fcm\u00fc ger\u00e7ekle\u015fen gen\u00e7 5 ki\u015fiye umut oldu - Av. Deniz Can K\u0131z\u0131l\",\"isPartOf\":{\"@id\":\"https:\/\/denizcankizil.tr\/de\/#website\"},\"primaryImageOfPage\":{\"@id\":\"http:\/\/denizcankizil.tr\/de\/haberler\/antalya\/beyin-olumu-gerceklesen-genc-5-kisiye-umut-oldu\/#primaryimage\"},\"image\":{\"@id\":\"http:\/\/denizcankizil.tr\/de\/haberler\/antalya\/beyin-olumu-gerceklesen-genc-5-kisiye-umut-oldu\/#primaryimage\"},\"thumbnailUrl\":\"http:\/\/denizcankizil.tr\/wp-content\/uploads\/2025\/03\/5404-01-QOZlaJ.jpeg\",\"datePublished\":\"2025-03-08T14:41:15+00:00\",\"breadcrumb\":{\"@id\":\"http:\/\/denizcankizil.tr\/de\/haberler\/antalya\/beyin-olumu-gerceklesen-genc-5-kisiye-umut-oldu\/#breadcrumb\"},\"inLanguage\":\"de\",\"potentialAction\":[{\"@type\":\"ReadAction\",\"target\":[\"http:\/\/denizcankizil.tr\/de\/haberler\/antalya\/beyin-olumu-gerceklesen-genc-5-kisiye-umut-oldu\/\"]}]},{\"@type\":\"ImageObject\",\"inLanguage\":\"de\",\"@id\":\"http:\/\/denizcankizil.tr\/de\/haberler\/antalya\/beyin-olumu-gerceklesen-genc-5-kisiye-umut-oldu\/#primaryimage\",\"url\":\"http:\/\/denizcankizil.tr\/wp-content\/uploads\/2025\/03\/5404-01-QOZlaJ.jpeg\",\"contentUrl\":\"http:\/\/denizcankizil.tr\/wp-content\/uploads\/2025\/03\/5404-01-QOZlaJ.jpeg\",\"width\":1280,\"height\":720},{\"@type\":\"BreadcrumbList\",\"@id\":\"http:\/\/denizcankizil.tr\/de\/haberler\/antalya\/beyin-olumu-gerceklesen-genc-5-kisiye-umut-oldu\/#breadcrumb\",\"itemListElement\":[{\"@type\":\"ListItem\",\"position\":1,\"name\":\"Home\",\"item\":\"https:\/\/denizcankizil.tr\/de\/\"},{\"@type\":\"ListItem\",\"position\":2,\"name\":\"Beyin \u00f6l\u00fcm\u00fc ger\u00e7ekle\u015fen gen\u00e7 5 ki\u015fiye umut oldu\"}]},{\"@type\":\"WebSite\",\"@id\":\"https:\/\/denizcankizil.tr\/de\/#website\",\"url\":\"https:\/\/denizcankizil.tr\/de\/\",\"name\":\"Av. Deniz Can K\u0131z\u0131l\",\"description\":\"Avukat Deniz Can K\u0131z\u0131l Antalya Barosu\",\"publisher\":{\"@id\":\"https:\/\/denizcankizil.tr\/de\/#organization\"},\"potentialAction\":[{\"@type\":\"SearchAction\",\"target\":{\"@type\":\"EntryPoint\",\"urlTemplate\":\"https:\/\/denizcankizil.tr\/de\/?s={search_term_string}\"},\"query-input\":{\"@type\":\"PropertyValueSpecification\",\"valueRequired\":true,\"valueName\":\"search_term_string\"}}],\"inLanguage\":\"de\"},{\"@type\":\"Organization\",\"@id\":\"https:\/\/denizcankizil.tr\/de\/#organization\",\"name\":\"Av. Deniz Can K\u0131z\u0131l\",\"url\":\"https:\/\/denizcankizil.tr\/de\/\",\"logo\":{\"@type\":\"ImageObject\",\"inLanguage\":\"de\",\"@id\":\"https:\/\/denizcankizil.tr\/de\/#\/schema\/logo\/image\/\",\"url\":\"http:\/\/denizcankizil.tr\/wp-content\/uploads\/2024\/10\/siyah-logo-svg.svg\",\"contentUrl\":\"http:\/\/denizcankizil.tr\/wp-content\/uploads\/2024\/10\/siyah-logo-svg.svg\",\"width\":1080,\"height\":1080,\"caption\":\"Av. Deniz Can K\u0131z\u0131l\"},\"image\":{\"@id\":\"https:\/\/denizcankizil.tr\/de\/#\/schema\/logo\/image\/\"}},{\"@type\":\"Person\",\"@id\":\"https:\/\/denizcankizil.tr\/de\/#\/schema\/person\/5dc1b22991bd7ac833867c10afc9b0ff\",\"name\":\"Av. Deniz Can K\u0131z\u0131l\",\"image\":{\"@type\":\"ImageObject\",\"inLanguage\":\"de\",\"@id\":\"https:\/\/denizcankizil.tr\/de\/#\/schema\/person\/image\/\",\"url\":\"https:\/\/secure.gravatar.com\/avatar\/a0b128fb9855c79efc976d5640eedb31dc35ec297594d6016d2cf7c60e975bb6?s=96&d=mm&r=g\",\"contentUrl\":\"https:\/\/secure.gravatar.com\/avatar\/a0b128fb9855c79efc976d5640eedb31dc35ec297594d6016d2cf7c60e975bb6?s=96&d=mm&r=g\",\"caption\":\"Av. Deniz Can K\u0131z\u0131l\"},\"sameAs\":[\"http:\/\/www.denizcankizil.tr\"],\"url\":\"http:\/\/denizcankizil.tr\/de\/author\/denizcankizil\/\"}]}<\/script>\n<!-- \/ Yoast SEO Premium plugin. -->","yoast_head_json":{"title":"Beyin \u00f6l\u00fcm\u00fc ger\u00e7ekle\u015fen gen\u00e7 5 ki\u015fiye umut oldu - Av. Deniz Can K\u0131z\u0131l","robots":{"index":"index","follow":"follow","max-snippet":"max-snippet:-1","max-image-preview":"max-image-preview:large","max-video-preview":"max-video-preview:-1"},"canonical":"http:\/\/denizcankizil.tr\/de\/haberler\/antalya\/beyin-olumu-gerceklesen-genc-5-kisiye-umut-oldu\/","og_locale":"de_DE","og_type":"article","og_title":"Beyin \u00f6l\u00fcm\u00fc ger\u00e7ekle\u015fen gen\u00e7 5 ki\u015fiye umut oldu","og_description":"Alanya&#8217;da 25 \u015eubat&#8217;ta meydana gelen trafik kazas\u0131nda a\u011f\u0131r yaralanan 29 ya\u015f\u0131ndaki A.S.Y.&#8217;nin 3 Mart 2025 tarihinde beyin \u00f6l\u00fcm\u00fc ger\u00e7ekle\u015fti. Bunun \u00fczerine Alanya E\u011fitim ve Ara\u015ft\u0131rma Hastanesi Yo\u011fun Bak\u0131m Hekimleri Uzm. Dr. U\u011fur Altun, Uzm. Dr. Hasan Dirik ve Organ Doku Koordinat\u00f6r\u00fc Sezer U\u011fuz taraf\u0131ndan aile ile yap\u0131lan g\u00f6r\u00fc\u015fme sonras\u0131nda A.S.Y.&#8217;nin organlar\u0131 ba\u011f\u0131\u015fland\u0131. Yap\u0131lan tetkikler sonras\u0131nda gencin kalbi, akci\u011feri, b\u00f6brekleri ve karaci\u011ferinin al\u0131nmas\u0131 kararla\u015ft\u0131r\u0131ld\u0131. Ankara Bilkent Hastanesi, Konya Meram T\u0131p Fak\u00fcltesi ve Akdeniz \u00dcniversitesi&#8217;nden \u00f6zel ekipler nakil i\u00e7in Alanya E\u011fitim ve Ara\u015ft\u0131rma Hastanesi&#8217;ne geldi. Alanya E\u011fitim ve Ara\u015ft\u0131rma Hastanesi&#8217;nde sabah saatlerinde ba\u015flayan ve ba\u015far\u0131l\u0131 bir \u015fekilde ger\u00e7ekle\u015fen ameliyat sonras\u0131nda Antalya Organ Doku Koordinat\u00f6rl\u00fc\u011f\u00fc Merkezi ile ileti\u015fim kurularak ba\u015flat\u0131lan i\u015flemler do\u011frultusunda, A.S.Y.&#8217;nin organlar\u0131 \u00f6zel ekiplerle nakil bekleyen hastalara ula\u015ft\u0131r\u0131ld\u0131. A.S.Y&#8217;nin b\u00f6brekleri farkl\u0131 2 ki\u015fiye verilmek \u00fczere di\u011fer organlar\u0131 ile birlikte 5 ki\u015fiye umut olacak. Kaynak: www.kanalv.com.tr Haber Sitesinden Al\u0131nm\u0131\u015ft\u0131r.","og_url":"http:\/\/denizcankizil.tr\/de\/haberler\/antalya\/beyin-olumu-gerceklesen-genc-5-kisiye-umut-oldu\/","og_site_name":"Av. Deniz Can K\u0131z\u0131l","article_published_time":"2025-03-08T14:41:15+00:00","og_image":[{"width":1280,"height":720,"url":"http:\/\/denizcankizil.tr\/wp-content\/uploads\/2025\/03\/5404-01-QOZlaJ.jpeg","type":"image\/jpeg"}],"author":"Av. Deniz Can K\u0131z\u0131l","twitter_card":"summary_large_image","twitter_misc":{"Verfasst von":"Av. Deniz Can K\u0131z\u0131l","Gesch\u00e4tzte Lesezeit":"1\u00a0Minute"},"schema":{"@context":"https:\/\/schema.org","@graph":[{"@type":"Article","@id":"http:\/\/denizcankizil.tr\/de\/haberler\/antalya\/beyin-olumu-gerceklesen-genc-5-kisiye-umut-oldu\/#article","isPartOf":{"@id":"http:\/\/denizcankizil.tr\/de\/haberler\/antalya\/beyin-olumu-gerceklesen-genc-5-kisiye-umut-oldu\/"},"author":{"name":"Av. Deniz Can K\u0131z\u0131l","@id":"https:\/\/denizcankizil.tr\/de\/#\/schema\/person\/5dc1b22991bd7ac833867c10afc9b0ff"},"headline":"Beyin \u00f6l\u00fcm\u00fc ger\u00e7ekle\u015fen gen\u00e7 5 ki\u015fiye umut oldu","datePublished":"2025-03-08T14:41:15+00:00","mainEntityOfPage":{"@id":"http:\/\/denizcankizil.tr\/de\/haberler\/antalya\/beyin-olumu-gerceklesen-genc-5-kisiye-umut-oldu\/"},"wordCount":222,"commentCount":0,"publisher":{"@id":"https:\/\/denizcankizil.tr\/de\/#organization"},"image":{"@id":"http:\/\/denizcankizil.tr\/de\/haberler\/antalya\/beyin-olumu-gerceklesen-genc-5-kisiye-umut-oldu\/#primaryimage"},"thumbnailUrl":"http:\/\/denizcankizil.tr\/wp-content\/uploads\/2025\/03\/5404-01-QOZlaJ.jpeg","articleSection":["Antalya"],"inLanguage":"de","potentialAction":[{"@type":"CommentAction","name":"Comment","target":["http:\/\/denizcankizil.tr\/de\/haberler\/antalya\/beyin-olumu-gerceklesen-genc-5-kisiye-umut-oldu\/#respond"]}]},{"@type":"WebPage","@id":"http:\/\/denizcankizil.tr\/de\/haberler\/antalya\/beyin-olumu-gerceklesen-genc-5-kisiye-umut-oldu\/","url":"http:\/\/denizcankizil.tr\/de\/haberler\/antalya\/beyin-olumu-gerceklesen-genc-5-kisiye-umut-oldu\/","name":"Beyin \u00f6l\u00fcm\u00fc ger\u00e7ekle\u015fen gen\u00e7 5 ki\u015fiye umut oldu - Av. Deniz Can K\u0131z\u0131l","isPartOf":{"@id":"https:\/\/denizcankizil.tr\/de\/#website"},"primaryImageOfPage":{"@id":"http:\/\/denizcankizil.tr\/de\/haberler\/antalya\/beyin-olumu-gerceklesen-genc-5-kisiye-umut-oldu\/#primaryimage"},"image":{"@id":"http:\/\/denizcankizil.tr\/de\/haberler\/antalya\/beyin-olumu-gerceklesen-genc-5-kisiye-umut-oldu\/#primaryimage"},"thumbnailUrl":"http:\/\/denizcankizil.tr\/wp-content\/uploads\/2025\/03\/5404-01-QOZlaJ.jpeg","datePublished":"2025-03-08T14:41:15+00:00","breadcrumb":{"@id":"http:\/\/denizcankizil.tr\/de\/haberler\/antalya\/beyin-olumu-gerceklesen-genc-5-kisiye-umut-oldu\/#breadcrumb"},"inLanguage":"de","potentialAction":[{"@type":"ReadAction","target":["http:\/\/denizcankizil.tr\/de\/haberler\/antalya\/beyin-olumu-gerceklesen-genc-5-kisiye-umut-oldu\/"]}]},{"@type":"ImageObject","inLanguage":"de","@id":"http:\/\/denizcankizil.tr\/de\/haberler\/antalya\/beyin-olumu-gerceklesen-genc-5-kisiye-umut-oldu\/#primaryimage","url":"http:\/\/denizcankizil.tr\/wp-content\/uploads\/2025\/03\/5404-01-QOZlaJ.jpeg","contentUrl":"http:\/\/denizcankizil.tr\/wp-content\/uploads\/2025\/03\/5404-01-QOZlaJ.jpeg","width":1280,"height":720},{"@type":"BreadcrumbList","@id":"http:\/\/denizcankizil.tr\/de\/haberler\/antalya\/beyin-olumu-gerceklesen-genc-5-kisiye-umut-oldu\/#breadcrumb","itemListElement":[{"@type":"ListItem","position":1,"name":"Home","item":"https:\/\/denizcankizil.tr\/de\/"},{"@type":"ListItem","position":2,"name":"Beyin \u00f6l\u00fcm\u00fc ger\u00e7ekle\u015fen gen\u00e7 5 ki\u015fiye umut oldu"}]},{"@type":"WebSite","@id":"https:\/\/denizcankizil.tr\/de\/#website","url":"https:\/\/denizcankizil.tr\/de\/","name":"Av. Deniz Can K\u0131z\u0131l","description":"Avukat Deniz Can K\u0131z\u0131l Antalya Barosu","publisher":{"@id":"https:\/\/denizcankizil.tr\/de\/#organization"},"potentialAction":[{"@type":"SearchAction","target":{"@type":"EntryPoint","urlTemplate":"https:\/\/denizcankizil.tr\/de\/?s={search_term_string}"},"query-input":{"@type":"PropertyValueSpecification","valueRequired":true,"valueName":"search_term_string"}}],"inLanguage":"de"},{"@type":"Organization","@id":"https:\/\/denizcankizil.tr\/de\/#organization","name":"Av. Deniz Can K\u0131z\u0131l","url":"https:\/\/denizcankizil.tr\/de\/","logo":{"@type":"ImageObject","inLanguage":"de","@id":"https:\/\/denizcankizil.tr\/de\/#\/schema\/logo\/image\/","url":"http:\/\/denizcankizil.tr\/wp-content\/uploads\/2024\/10\/siyah-logo-svg.svg","contentUrl":"http:\/\/denizcankizil.tr\/wp-content\/uploads\/2024\/10\/siyah-logo-svg.svg","width":1080,"height":1080,"caption":"Av. Deniz Can K\u0131z\u0131l"},"image":{"@id":"https:\/\/denizcankizil.tr\/de\/#\/schema\/logo\/image\/"}},{"@type":"Person","@id":"https:\/\/denizcankizil.tr\/de\/#\/schema\/person\/5dc1b22991bd7ac833867c10afc9b0ff","name":"Av. Deniz Can K\u0131z\u0131l","image":{"@type":"ImageObject","inLanguage":"de","@id":"https:\/\/denizcankizil.tr\/de\/#\/schema\/person\/image\/","url":"https:\/\/secure.gravatar.com\/avatar\/a0b128fb9855c79efc976d5640eedb31dc35ec297594d6016d2cf7c60e975bb6?s=96&d=mm&r=g","contentUrl":"https:\/\/secure.gravatar.com\/avatar\/a0b128fb9855c79efc976d5640eedb31dc35ec297594d6016d2cf7c60e975bb6?s=96&d=mm&r=g","caption":"Av. Deniz Can K\u0131z\u0131l"},"sameAs":["http:\/\/www.denizcankizil.tr"],"url":"http:\/\/denizcankizil.tr\/de\/author\/denizcankizil\/"}]}},"_links":{"self":[{"href":"http:\/\/denizcankizil.tr\/de\/wp-json\/wp\/v2\/posts\/35139","targetHints":{"allow":["GET"]}}],"collection":[{"href":"http:\/\/denizcankizil.tr\/de\/wp-json\/wp\/v2\/posts"}],"about":[{"href":"http:\/\/denizcankizil.tr\/de\/wp-json\/wp\/v2\/types\/post"}],"author":[{"embeddable":true,"href":"http:\/\/denizcankizil.tr\/de\/wp-json\/wp\/v2\/users\/4"}],"replies":[{"embeddable":true,"href":"http:\/\/denizcankizil.tr\/de\/wp-json\/wp\/v2\/comments?post=35139"}],"version-history":[{"count":0,"href":"http:\/\/denizcankizil.tr\/de\/wp-json\/wp\/v2\/posts\/35139\/revisions"}],"wp:featuredmedia":[{"embeddable":true,"href":"http:\/\/denizcankizil.tr\/de\/wp-json\/wp\/v2\/media\/35140"}],"wp:attachment":[{"href":"http:\/\/denizcankizil.tr\/de\/wp-json\/wp\/v2\/media?parent=35139"}],"wp:term":[{"taxonomy":"category","embeddable":true,"href":"http:\/\/denizcankizil.tr\/de\/wp-json\/wp\/v2\/categories?post=35139"},{"taxonomy":"post_tag","embeddable":true,"href":"http:\/\/denizcankizil.tr\/de\/wp-json\/wp\/v2\/tags?post=35139"}],"curies":[{"name":"wp","href":"https:\/\/api.w.org\/{rel}","templated":true}]}}