{"id":34937,"date":"2025-03-06T21:41:22","date_gmt":"2025-03-06T18:41:22","guid":{"rendered":"https:\/\/denizcankizil.tr\/uncategorized-tr\/antalya-valiligi-sokak-dugunlerini-yasakladi-dugun-salonlari-indirim-acikladi\/"},"modified":"2025-03-06T21:41:22","modified_gmt":"2025-03-06T18:41:22","slug":"antalya-valiligi-sokak-dugunlerini-yasakladi-dugun-salonlari-indirim-acikladi","status":"publish","type":"post","link":"http:\/\/denizcankizil.tr\/de\/haberler\/gundem\/antalya-valiligi-sokak-dugunlerini-yasakladi-dugun-salonlari-indirim-acikladi\/","title":{"rendered":"Antalya Valili\u011fi sokak d\u00fc\u011f\u00fcnlerini yasaklad\u0131! D\u00fc\u011f\u00fcn salonlar\u0131 &#8216;indirim&#8217; a\u00e7\u0131klad\u0131"},"content":{"rendered":"<p>Antalya Valili\u011fi, kent genelinde sokak d\u00fc\u011f\u00fcnlerini yasaklad\u0131. Antalya Valisi Hulusi \u015eahin, yapt\u0131\u011f\u0131 a\u00e7\u0131klamada, kamu d\u00fczenini bozan, g\u00f6r\u00fcnt\u00fc kirlili\u011fi olu\u015fturan ve trafi\u011fi aksatan etkinliklere art\u0131k izin vermeyece\u011fini duyurdu. D\u00fc\u011f\u00fcn salonu i\u015fletmecileri karara destek veren mesajlar yay\u0131nlad\u0131\u00a0<\/p>\n<p>&#8220;KAMU D\u00dcZEN\u0130N\u0130 BOZAN ETK\u0130NL\u0130KLERE \u0130Z\u0130N VERMEYECE\u011e\u0130Z&#8221;<\/p>\n<p>Antalya Valisi Hulusi \u015eahin, sosyal medyada yapt\u0131\u011f\u0131 a\u00e7\u0131klamada \u015fu ifadeleri kulland\u0131:\u00a0<\/p>\n<p>&#8220;Sokaklar\u0131 kapatarak d\u00fc\u011f\u00fcn salonuna \u00e7evirmek kimsenin hakk\u0131 de\u011fil. Trafi\u011fi aksatan, kamu d\u00fczenini bozan, g\u00f6r\u00fcnt\u00fc kirlili\u011fi olu\u015fturan etkinliklere art\u0131k m\u00fcsaade etmeyece\u011fiz&#8221;\u00a0<\/p>\n<p>D\u00dc\u011e\u00dcN SALONLARINDAN DESTEK: &#8220;HALK \u0130\u00c7\u0130N \u0130ND\u0130R\u0130M UYGULAYACA\u011eIZ&#8221;<\/p>\n<p>Valili\u011fin karar\u0131na d\u00fc\u011f\u00fcn salonu i\u015fletmecileri de destek verdi. Karara destek veren bir i\u015fletmeci, sosyal medya hesab\u0131nda yapt\u0131\u011f\u0131 payla\u015f\u0131mda sokak d\u00fc\u011f\u00fcnlerinin yasaklanmas\u0131n\u0131 olumlu kar\u015f\u0131lad\u0131klar\u0131n\u0131 belirtti. D\u00fc\u011f\u00fcn salonu i\u015fletmecisi yapt\u0131\u011f\u0131 payla\u015f\u0131mda \u015funlar\u0131 s\u00f6yledi:\u00a0<\/p>\n<p>&#8220;Antalya Valili\u011fimizin alm\u0131\u015f oldu\u011fu sokak d\u00fc\u011f\u00fcnlerinin yasaklanmas\u0131 karar\u0131n\u0131 destekliyoruz. Bu kapsamdan salonumuzda uygulanan y\u00fczde 20 \u00fcye indirimi fiyat\u0131n\u0131 t\u00fcm halk\u0131m\u0131za a\u00e7\u0131yoruz&#8221;\u00a0<\/p>\n<p>Karar\u0131n \u00f6nemine de dikkat \u00e7eken i\u015fletmeci, &#8220;Bir ambulans, bir itfaiye size ula\u015fmak i\u00e7in konvoyun kapatt\u0131\u011f\u0131 bir yolda, sokakta \u00e7aresizce beklemesin&#8221; diyerek, yasak karar\u0131n\u0131n hayati riskleri \u00f6nleme a\u00e7\u0131s\u0131ndan da kritik oldu\u011funu vurgulad\u0131.\u00a0<\/p>\n<p>TRAF\u0130K VE G\u00dcR\u00dcLT\u00dc \u015e\u0130KAYETLER\u0130 ARTMI\u015eTI\u00a0<\/p>\n<p>Son y\u0131llarda Antalya&#8217;da sokak d\u00fc\u011f\u00fcnleri nedeniyle trafik s\u0131k\u0131\u015f\u0131kl\u0131\u011f\u0131, y\u00fcksek sesli m\u00fczikten kaynakl\u0131 \u015fikayetler ve acil durum ara\u00e7lar\u0131n\u0131n trafikte ilerleyememesi gibi sorunlar s\u0131k s\u0131k g\u00fcndeme gelmi\u015fti.\u00a0<\/p>\n<p>Valili\u011fin ald\u0131\u011f\u0131 karar\u0131n ard\u0131ndan uygulaman\u0131n nas\u0131l denetlenece\u011fi ve alternatif \u00e7\u00f6z\u00fcmler konusunda belediyelerle i\u015f birli\u011fi yap\u0131p yap\u0131lmayaca\u011f\u0131 vatanda\u015flar taraf\u0131ndan merak konusu oldu.\u00a0<\/p>\n<p>\u200bAntalya Valili\u011fi, kamu d\u00fczenini bozdu\u011fu ve trafi\u011fi aksatt\u0131\u011f\u0131 gerek\u00e7esiyle sokak d\u00fc\u011f\u00fcnlerini yasaklad\u0131. Karara destek veren d\u00fc\u011f\u00fcn salonu i\u015fletmecileri, sosyal medya hesaplar\u0131ndan &#8220;Y\u00fczde 20 \u00fcye indirimimizi t\u00fcm halk\u0131m\u0131za a\u00e7\u0131yoruz&#8221; masajlar\u0131 yay\u0131nlad\u0131.\u00a0<\/p>\n<p>\u200bHaberin Al\u0131nt\u0131land\u0131\u011f\u0131 Kaynak: www.antalyakorfez.com<\/p>","protected":false},"excerpt":{"rendered":"<p>Antalya Valili\u011fi, kent genelinde sokak d\u00fc\u011f\u00fcnlerini yasaklad\u0131. Antalya Valisi Hulusi \u015eahin, yapt\u0131\u011f\u0131 a\u00e7\u0131klamada, kamu d\u00fczenini bozan, g\u00f6r\u00fcnt\u00fc kirlili\u011fi olu\u015fturan ve trafi\u011fi aksatan etkinliklere art\u0131k izin vermeyece\u011fini duyurdu. D\u00fc\u011f\u00fcn salonu i\u015fletmecileri karara destek veren mesajlar yay\u0131nlad\u0131\u00a0 &#8220;KAMU D\u00dcZEN\u0130N\u0130 BOZAN ETK\u0130NL\u0130KLERE \u0130Z\u0130N VERMEYECE\u011e\u0130Z&#8221; Antalya Valisi Hulusi \u015eahin, sosyal medyada yapt\u0131\u011f\u0131 a\u00e7\u0131klamada \u015fu ifadeleri kulland\u0131:\u00a0 &#8220;Sokaklar\u0131 kapatarak d\u00fc\u011f\u00fcn salonuna \u00e7evirmek kimsenin hakk\u0131 de\u011fil. Trafi\u011fi aksatan, kamu d\u00fczenini bozan, g\u00f6r\u00fcnt\u00fc kirlili\u011fi olu\u015fturan etkinliklere art\u0131k m\u00fcsaade etmeyece\u011fiz&#8221;\u00a0 D\u00dc\u011e\u00dcN SALONLARINDAN DESTEK: &#8220;HALK \u0130\u00c7\u0130N \u0130ND\u0130R\u0130M UYGULAYACA\u011eIZ&#8221; Valili\u011fin karar\u0131na d\u00fc\u011f\u00fcn salonu i\u015fletmecileri de destek verdi. Karara destek veren bir i\u015fletmeci, sosyal medya hesab\u0131nda yapt\u0131\u011f\u0131 payla\u015f\u0131mda sokak d\u00fc\u011f\u00fcnlerinin yasaklanmas\u0131n\u0131 olumlu kar\u015f\u0131lad\u0131klar\u0131n\u0131 belirtti. D\u00fc\u011f\u00fcn salonu i\u015fletmecisi yapt\u0131\u011f\u0131 payla\u015f\u0131mda \u015funlar\u0131 s\u00f6yledi:\u00a0 &#8220;Antalya Valili\u011fimizin alm\u0131\u015f oldu\u011fu sokak d\u00fc\u011f\u00fcnlerinin yasaklanmas\u0131 karar\u0131n\u0131 destekliyoruz. Bu kapsamdan salonumuzda uygulanan y\u00fczde 20 \u00fcye indirimi fiyat\u0131n\u0131 t\u00fcm halk\u0131m\u0131za a\u00e7\u0131yoruz&#8221;\u00a0 Karar\u0131n \u00f6nemine de dikkat \u00e7eken i\u015fletmeci, &#8220;Bir ambulans, bir itfaiye size ula\u015fmak i\u00e7in konvoyun kapatt\u0131\u011f\u0131 bir yolda, sokakta \u00e7aresizce beklemesin&#8221; diyerek, yasak karar\u0131n\u0131n hayati riskleri \u00f6nleme a\u00e7\u0131s\u0131ndan da kritik oldu\u011funu vurgulad\u0131.\u00a0 TRAF\u0130K VE G\u00dcR\u00dcLT\u00dc \u015e\u0130KAYETLER\u0130 ARTMI\u015eTI\u00a0 Son y\u0131llarda Antalya&#8217;da sokak d\u00fc\u011f\u00fcnleri nedeniyle trafik s\u0131k\u0131\u015f\u0131kl\u0131\u011f\u0131, y\u00fcksek sesli m\u00fczikten kaynakl\u0131 \u015fikayetler ve acil durum ara\u00e7lar\u0131n\u0131n trafikte ilerleyememesi gibi sorunlar s\u0131k s\u0131k g\u00fcndeme gelmi\u015fti.\u00a0 Valili\u011fin ald\u0131\u011f\u0131 karar\u0131n ard\u0131ndan uygulaman\u0131n nas\u0131l denetlenece\u011fi ve &hellip;<\/p>","protected":false},"author":5,"featured_media":0,"comment_status":"open","ping_status":"open","sticky":false,"template":"","format":"standard","meta":{"_acf_changed":false,"footnotes":""},"categories":[24],"tags":[],"class_list":["post-34937","post","type-post","status-publish","format-standard","has-post-thumbnail","hentry","category-gundem"],"acf":[],"yoast_head":"<!-- This site is optimized with the Yoast SEO Premium plugin v26.6 (Yoast SEO v27.1.1) - https:\/\/yoast.com\/product\/yoast-seo-premium-wordpress\/ -->\n<title>Antalya Valili\u011fi sokak d\u00fc\u011f\u00fcnlerini yasaklad\u0131! D\u00fc\u011f\u00fcn salonlar\u0131 &#039;indirim&#039; a\u00e7\u0131klad\u0131 - Av. Deniz Can K\u0131z\u0131l<\/title>\n<meta name=\"robots\" content=\"index, follow, max-snippet:-1, max-image-preview:large, max-video-preview:-1\" \/>\n<link rel=\"canonical\" href=\"http:\/\/denizcankizil.tr\/de\/haberler\/gundem\/antalya-valiligi-sokak-dugunlerini-yasakladi-dugun-salonlari-indirim-acikladi\/\" \/>\n<meta property=\"og:locale\" content=\"de_DE\" \/>\n<meta property=\"og:type\" content=\"article\" \/>\n<meta property=\"og:title\" content=\"Antalya Valili\u011fi sokak d\u00fc\u011f\u00fcnlerini yasaklad\u0131! D\u00fc\u011f\u00fcn salonlar\u0131 &#039;indirim&#039; a\u00e7\u0131klad\u0131\" \/>\n<meta property=\"og:description\" content=\"Antalya Valili\u011fi, kent genelinde sokak d\u00fc\u011f\u00fcnlerini yasaklad\u0131. Antalya Valisi Hulusi \u015eahin, yapt\u0131\u011f\u0131 a\u00e7\u0131klamada, kamu d\u00fczenini bozan, g\u00f6r\u00fcnt\u00fc kirlili\u011fi olu\u015fturan ve trafi\u011fi aksatan etkinliklere art\u0131k izin vermeyece\u011fini duyurdu. D\u00fc\u011f\u00fcn salonu i\u015fletmecileri karara destek veren mesajlar yay\u0131nlad\u0131\u00a0 &#8220;KAMU D\u00dcZEN\u0130N\u0130 BOZAN ETK\u0130NL\u0130KLERE \u0130Z\u0130N VERMEYECE\u011e\u0130Z&#8221; Antalya Valisi Hulusi \u015eahin, sosyal medyada yapt\u0131\u011f\u0131 a\u00e7\u0131klamada \u015fu ifadeleri kulland\u0131:\u00a0 &#8220;Sokaklar\u0131 kapatarak d\u00fc\u011f\u00fcn salonuna \u00e7evirmek kimsenin hakk\u0131 de\u011fil. Trafi\u011fi aksatan, kamu d\u00fczenini bozan, g\u00f6r\u00fcnt\u00fc kirlili\u011fi olu\u015fturan etkinliklere art\u0131k m\u00fcsaade etmeyece\u011fiz&#8221;\u00a0 D\u00dc\u011e\u00dcN SALONLARINDAN DESTEK: &#8220;HALK \u0130\u00c7\u0130N \u0130ND\u0130R\u0130M UYGULAYACA\u011eIZ&#8221; Valili\u011fin karar\u0131na d\u00fc\u011f\u00fcn salonu i\u015fletmecileri de destek verdi. Karara destek veren bir i\u015fletmeci, sosyal medya hesab\u0131nda yapt\u0131\u011f\u0131 payla\u015f\u0131mda sokak d\u00fc\u011f\u00fcnlerinin yasaklanmas\u0131n\u0131 olumlu kar\u015f\u0131lad\u0131klar\u0131n\u0131 belirtti. D\u00fc\u011f\u00fcn salonu i\u015fletmecisi yapt\u0131\u011f\u0131 payla\u015f\u0131mda \u015funlar\u0131 s\u00f6yledi:\u00a0 &#8220;Antalya Valili\u011fimizin alm\u0131\u015f oldu\u011fu sokak d\u00fc\u011f\u00fcnlerinin yasaklanmas\u0131 karar\u0131n\u0131 destekliyoruz. Bu kapsamdan salonumuzda uygulanan y\u00fczde 20 \u00fcye indirimi fiyat\u0131n\u0131 t\u00fcm halk\u0131m\u0131za a\u00e7\u0131yoruz&#8221;\u00a0 Karar\u0131n \u00f6nemine de dikkat \u00e7eken i\u015fletmeci, &#8220;Bir ambulans, bir itfaiye size ula\u015fmak i\u00e7in konvoyun kapatt\u0131\u011f\u0131 bir yolda, sokakta \u00e7aresizce beklemesin&#8221; diyerek, yasak karar\u0131n\u0131n hayati riskleri \u00f6nleme a\u00e7\u0131s\u0131ndan da kritik oldu\u011funu vurgulad\u0131.\u00a0 TRAF\u0130K VE G\u00dcR\u00dcLT\u00dc \u015e\u0130KAYETLER\u0130 ARTMI\u015eTI\u00a0 Son y\u0131llarda Antalya&#8217;da sokak d\u00fc\u011f\u00fcnleri nedeniyle trafik s\u0131k\u0131\u015f\u0131kl\u0131\u011f\u0131, y\u00fcksek sesli m\u00fczikten kaynakl\u0131 \u015fikayetler ve acil durum ara\u00e7lar\u0131n\u0131n trafikte ilerleyememesi gibi sorunlar s\u0131k s\u0131k g\u00fcndeme gelmi\u015fti.\u00a0 Valili\u011fin ald\u0131\u011f\u0131 karar\u0131n ard\u0131ndan uygulaman\u0131n nas\u0131l denetlenece\u011fi ve &hellip;\" \/>\n<meta property=\"og:url\" content=\"http:\/\/denizcankizil.tr\/de\/haberler\/gundem\/antalya-valiligi-sokak-dugunlerini-yasakladi-dugun-salonlari-indirim-acikladi\/\" \/>\n<meta property=\"og:site_name\" content=\"Av. Deniz Can K\u0131z\u0131l\" \/>\n<meta property=\"article:published_time\" content=\"2025-03-06T18:41:22+00:00\" \/>\n<meta name=\"author\" content=\"Antalya K\u00f6rfez\" \/>\n<meta name=\"twitter:card\" content=\"summary_large_image\" \/>\n<meta name=\"twitter:label1\" content=\"Verfasst von\" \/>\n\t<meta name=\"twitter:data1\" content=\"Antalya K\u00f6rfez\" \/>\n\t<meta name=\"twitter:label2\" content=\"Gesch\u00e4tzte Lesezeit\" \/>\n\t<meta name=\"twitter:data2\" content=\"2\u00a0Minuten\" \/>\n<script type=\"application\/ld+json\" class=\"yoast-schema-graph\">{\"@context\":\"https:\/\/schema.org\",\"@graph\":[{\"@type\":\"Article\",\"@id\":\"http:\/\/denizcankizil.tr\/de\/haberler\/gundem\/antalya-valiligi-sokak-dugunlerini-yasakladi-dugun-salonlari-indirim-acikladi\/#article\",\"isPartOf\":{\"@id\":\"http:\/\/denizcankizil.tr\/de\/haberler\/gundem\/antalya-valiligi-sokak-dugunlerini-yasakladi-dugun-salonlari-indirim-acikladi\/\"},\"author\":{\"name\":\"Antalya K\u00f6rfez\",\"@id\":\"https:\/\/denizcankizil.tr\/#\/schema\/person\/e1eb71bb4dd684d46563f0af307e1234\"},\"headline\":\"Antalya Valili\u011fi sokak d\u00fc\u011f\u00fcnlerini yasaklad\u0131! D\u00fc\u011f\u00fcn salonlar\u0131 &#8216;indirim&#8217; a\u00e7\u0131klad\u0131\",\"datePublished\":\"2025-03-06T18:41:22+00:00\",\"mainEntityOfPage\":{\"@id\":\"http:\/\/denizcankizil.tr\/de\/haberler\/gundem\/antalya-valiligi-sokak-dugunlerini-yasakladi-dugun-salonlari-indirim-acikladi\/\"},\"wordCount\":378,\"commentCount\":0,\"publisher\":{\"@id\":\"https:\/\/denizcankizil.tr\/#organization\"},\"articleSection\":[\"G\u00fcndem\"],\"inLanguage\":\"de\",\"potentialAction\":[{\"@type\":\"CommentAction\",\"name\":\"Comment\",\"target\":[\"http:\/\/denizcankizil.tr\/de\/haberler\/gundem\/antalya-valiligi-sokak-dugunlerini-yasakladi-dugun-salonlari-indirim-acikladi\/#respond\"]}]},{\"@type\":\"WebPage\",\"@id\":\"http:\/\/denizcankizil.tr\/de\/haberler\/gundem\/antalya-valiligi-sokak-dugunlerini-yasakladi-dugun-salonlari-indirim-acikladi\/\",\"url\":\"http:\/\/denizcankizil.tr\/de\/haberler\/gundem\/antalya-valiligi-sokak-dugunlerini-yasakladi-dugun-salonlari-indirim-acikladi\/\",\"name\":\"Antalya Valili\u011fi sokak d\u00fc\u011f\u00fcnlerini yasaklad\u0131! D\u00fc\u011f\u00fcn salonlar\u0131 'indirim' a\u00e7\u0131klad\u0131 - Av. Deniz Can K\u0131z\u0131l\",\"isPartOf\":{\"@id\":\"https:\/\/denizcankizil.tr\/#website\"},\"datePublished\":\"2025-03-06T18:41:22+00:00\",\"breadcrumb\":{\"@id\":\"http:\/\/denizcankizil.tr\/de\/haberler\/gundem\/antalya-valiligi-sokak-dugunlerini-yasakladi-dugun-salonlari-indirim-acikladi\/#breadcrumb\"},\"inLanguage\":\"de\",\"potentialAction\":[{\"@type\":\"ReadAction\",\"target\":[\"http:\/\/denizcankizil.tr\/de\/haberler\/gundem\/antalya-valiligi-sokak-dugunlerini-yasakladi-dugun-salonlari-indirim-acikladi\/\"]}]},{\"@type\":\"BreadcrumbList\",\"@id\":\"http:\/\/denizcankizil.tr\/de\/haberler\/gundem\/antalya-valiligi-sokak-dugunlerini-yasakladi-dugun-salonlari-indirim-acikladi\/#breadcrumb\",\"itemListElement\":[{\"@type\":\"ListItem\",\"position\":1,\"name\":\"Home\",\"item\":\"https:\/\/denizcankizil.tr\/de\/\"},{\"@type\":\"ListItem\",\"position\":2,\"name\":\"Antalya Valili\u011fi sokak d\u00fc\u011f\u00fcnlerini yasaklad\u0131! D\u00fc\u011f\u00fcn salonlar\u0131 &#8216;indirim&#8217; a\u00e7\u0131klad\u0131\"}]},{\"@type\":\"WebSite\",\"@id\":\"https:\/\/denizcankizil.tr\/#website\",\"url\":\"https:\/\/denizcankizil.tr\/\",\"name\":\"Av. Deniz Can K\u0131z\u0131l\",\"description\":\"Avukat Deniz Can K\u0131z\u0131l Antalya Barosu\",\"publisher\":{\"@id\":\"https:\/\/denizcankizil.tr\/#organization\"},\"potentialAction\":[{\"@type\":\"SearchAction\",\"target\":{\"@type\":\"EntryPoint\",\"urlTemplate\":\"https:\/\/denizcankizil.tr\/?s={search_term_string}\"},\"query-input\":{\"@type\":\"PropertyValueSpecification\",\"valueRequired\":true,\"valueName\":\"search_term_string\"}}],\"inLanguage\":\"de\"},{\"@type\":\"Organization\",\"@id\":\"https:\/\/denizcankizil.tr\/#organization\",\"name\":\"Av. Deniz Can K\u0131z\u0131l\",\"url\":\"https:\/\/denizcankizil.tr\/\",\"logo\":{\"@type\":\"ImageObject\",\"inLanguage\":\"de\",\"@id\":\"https:\/\/denizcankizil.tr\/#\/schema\/logo\/image\/\",\"url\":\"http:\/\/denizcankizil.tr\/wp-content\/uploads\/2024\/10\/siyah-logo-svg.svg\",\"contentUrl\":\"http:\/\/denizcankizil.tr\/wp-content\/uploads\/2024\/10\/siyah-logo-svg.svg\",\"width\":1080,\"height\":1080,\"caption\":\"Av. Deniz Can K\u0131z\u0131l\"},\"image\":{\"@id\":\"https:\/\/denizcankizil.tr\/#\/schema\/logo\/image\/\"}},{\"@type\":\"Person\",\"@id\":\"https:\/\/denizcankizil.tr\/#\/schema\/person\/e1eb71bb4dd684d46563f0af307e1234\",\"name\":\"Antalya K\u00f6rfez\",\"image\":{\"@type\":\"ImageObject\",\"inLanguage\":\"de\",\"@id\":\"https:\/\/denizcankizil.tr\/#\/schema\/person\/image\/\",\"url\":\"https:\/\/secure.gravatar.com\/avatar\/42b01982558a48a0b501fdcab6a408d3717ea5919095ee2e67b0e521799c5905?s=96&d=mm&r=g\",\"contentUrl\":\"https:\/\/secure.gravatar.com\/avatar\/42b01982558a48a0b501fdcab6a408d3717ea5919095ee2e67b0e521799c5905?s=96&d=mm&r=g\",\"caption\":\"Antalya K\u00f6rfez\"},\"sameAs\":[\"http:\/\/www.antalyakorfez.com\"],\"url\":\"https:\/\/www.antalyakorfez.com\/antalya-valiligi-sokak-dugunlerini-yasakladi-dugun-salonlari-indirim-acikladi\"}]}<\/script>\n<!-- \/ Yoast SEO Premium plugin. -->","yoast_head_json":{"title":"Antalya Valili\u011fi sokak d\u00fc\u011f\u00fcnlerini yasaklad\u0131! D\u00fc\u011f\u00fcn salonlar\u0131 'indirim' a\u00e7\u0131klad\u0131 - Av. Deniz Can K\u0131z\u0131l","robots":{"index":"index","follow":"follow","max-snippet":"max-snippet:-1","max-image-preview":"max-image-preview:large","max-video-preview":"max-video-preview:-1"},"canonical":"http:\/\/denizcankizil.tr\/de\/haberler\/gundem\/antalya-valiligi-sokak-dugunlerini-yasakladi-dugun-salonlari-indirim-acikladi\/","og_locale":"de_DE","og_type":"article","og_title":"Antalya Valili\u011fi sokak d\u00fc\u011f\u00fcnlerini yasaklad\u0131! D\u00fc\u011f\u00fcn salonlar\u0131 'indirim' a\u00e7\u0131klad\u0131","og_description":"Antalya Valili\u011fi, kent genelinde sokak d\u00fc\u011f\u00fcnlerini yasaklad\u0131. Antalya Valisi Hulusi \u015eahin, yapt\u0131\u011f\u0131 a\u00e7\u0131klamada, kamu d\u00fczenini bozan, g\u00f6r\u00fcnt\u00fc kirlili\u011fi olu\u015fturan ve trafi\u011fi aksatan etkinliklere art\u0131k izin vermeyece\u011fini duyurdu. D\u00fc\u011f\u00fcn salonu i\u015fletmecileri karara destek veren mesajlar yay\u0131nlad\u0131\u00a0 &#8220;KAMU D\u00dcZEN\u0130N\u0130 BOZAN ETK\u0130NL\u0130KLERE \u0130Z\u0130N VERMEYECE\u011e\u0130Z&#8221; Antalya Valisi Hulusi \u015eahin, sosyal medyada yapt\u0131\u011f\u0131 a\u00e7\u0131klamada \u015fu ifadeleri kulland\u0131:\u00a0 &#8220;Sokaklar\u0131 kapatarak d\u00fc\u011f\u00fcn salonuna \u00e7evirmek kimsenin hakk\u0131 de\u011fil. Trafi\u011fi aksatan, kamu d\u00fczenini bozan, g\u00f6r\u00fcnt\u00fc kirlili\u011fi olu\u015fturan etkinliklere art\u0131k m\u00fcsaade etmeyece\u011fiz&#8221;\u00a0 D\u00dc\u011e\u00dcN SALONLARINDAN DESTEK: &#8220;HALK \u0130\u00c7\u0130N \u0130ND\u0130R\u0130M UYGULAYACA\u011eIZ&#8221; Valili\u011fin karar\u0131na d\u00fc\u011f\u00fcn salonu i\u015fletmecileri de destek verdi. Karara destek veren bir i\u015fletmeci, sosyal medya hesab\u0131nda yapt\u0131\u011f\u0131 payla\u015f\u0131mda sokak d\u00fc\u011f\u00fcnlerinin yasaklanmas\u0131n\u0131 olumlu kar\u015f\u0131lad\u0131klar\u0131n\u0131 belirtti. D\u00fc\u011f\u00fcn salonu i\u015fletmecisi yapt\u0131\u011f\u0131 payla\u015f\u0131mda \u015funlar\u0131 s\u00f6yledi:\u00a0 &#8220;Antalya Valili\u011fimizin alm\u0131\u015f oldu\u011fu sokak d\u00fc\u011f\u00fcnlerinin yasaklanmas\u0131 karar\u0131n\u0131 destekliyoruz. Bu kapsamdan salonumuzda uygulanan y\u00fczde 20 \u00fcye indirimi fiyat\u0131n\u0131 t\u00fcm halk\u0131m\u0131za a\u00e7\u0131yoruz&#8221;\u00a0 Karar\u0131n \u00f6nemine de dikkat \u00e7eken i\u015fletmeci, &#8220;Bir ambulans, bir itfaiye size ula\u015fmak i\u00e7in konvoyun kapatt\u0131\u011f\u0131 bir yolda, sokakta \u00e7aresizce beklemesin&#8221; diyerek, yasak karar\u0131n\u0131n hayati riskleri \u00f6nleme a\u00e7\u0131s\u0131ndan da kritik oldu\u011funu vurgulad\u0131.\u00a0 TRAF\u0130K VE G\u00dcR\u00dcLT\u00dc \u015e\u0130KAYETLER\u0130 ARTMI\u015eTI\u00a0 Son y\u0131llarda Antalya&#8217;da sokak d\u00fc\u011f\u00fcnleri nedeniyle trafik s\u0131k\u0131\u015f\u0131kl\u0131\u011f\u0131, y\u00fcksek sesli m\u00fczikten kaynakl\u0131 \u015fikayetler ve acil durum ara\u00e7lar\u0131n\u0131n trafikte ilerleyememesi gibi sorunlar s\u0131k s\u0131k g\u00fcndeme gelmi\u015fti.\u00a0 Valili\u011fin ald\u0131\u011f\u0131 karar\u0131n ard\u0131ndan uygulaman\u0131n nas\u0131l denetlenece\u011fi ve &hellip;","og_url":"http:\/\/denizcankizil.tr\/de\/haberler\/gundem\/antalya-valiligi-sokak-dugunlerini-yasakladi-dugun-salonlari-indirim-acikladi\/","og_site_name":"Av. Deniz Can K\u0131z\u0131l","article_published_time":"2025-03-06T18:41:22+00:00","author":"Antalya K\u00f6rfez","twitter_card":"summary_large_image","twitter_misc":{"Verfasst von":"Antalya K\u00f6rfez","Gesch\u00e4tzte Lesezeit":"2\u00a0Minuten"},"schema":{"@context":"https:\/\/schema.org","@graph":[{"@type":"Article","@id":"http:\/\/denizcankizil.tr\/de\/haberler\/gundem\/antalya-valiligi-sokak-dugunlerini-yasakladi-dugun-salonlari-indirim-acikladi\/#article","isPartOf":{"@id":"http:\/\/denizcankizil.tr\/de\/haberler\/gundem\/antalya-valiligi-sokak-dugunlerini-yasakladi-dugun-salonlari-indirim-acikladi\/"},"author":{"name":"Antalya K\u00f6rfez","@id":"https:\/\/denizcankizil.tr\/#\/schema\/person\/e1eb71bb4dd684d46563f0af307e1234"},"headline":"Antalya Valili\u011fi sokak d\u00fc\u011f\u00fcnlerini yasaklad\u0131! D\u00fc\u011f\u00fcn salonlar\u0131 &#8216;indirim&#8217; a\u00e7\u0131klad\u0131","datePublished":"2025-03-06T18:41:22+00:00","mainEntityOfPage":{"@id":"http:\/\/denizcankizil.tr\/de\/haberler\/gundem\/antalya-valiligi-sokak-dugunlerini-yasakladi-dugun-salonlari-indirim-acikladi\/"},"wordCount":378,"commentCount":0,"publisher":{"@id":"https:\/\/denizcankizil.tr\/#organization"},"articleSection":["G\u00fcndem"],"inLanguage":"de","potentialAction":[{"@type":"CommentAction","name":"Comment","target":["http:\/\/denizcankizil.tr\/de\/haberler\/gundem\/antalya-valiligi-sokak-dugunlerini-yasakladi-dugun-salonlari-indirim-acikladi\/#respond"]}]},{"@type":"WebPage","@id":"http:\/\/denizcankizil.tr\/de\/haberler\/gundem\/antalya-valiligi-sokak-dugunlerini-yasakladi-dugun-salonlari-indirim-acikladi\/","url":"http:\/\/denizcankizil.tr\/de\/haberler\/gundem\/antalya-valiligi-sokak-dugunlerini-yasakladi-dugun-salonlari-indirim-acikladi\/","name":"Antalya Valili\u011fi sokak d\u00fc\u011f\u00fcnlerini yasaklad\u0131! D\u00fc\u011f\u00fcn salonlar\u0131 'indirim' a\u00e7\u0131klad\u0131 - Av. Deniz Can K\u0131z\u0131l","isPartOf":{"@id":"https:\/\/denizcankizil.tr\/#website"},"datePublished":"2025-03-06T18:41:22+00:00","breadcrumb":{"@id":"http:\/\/denizcankizil.tr\/de\/haberler\/gundem\/antalya-valiligi-sokak-dugunlerini-yasakladi-dugun-salonlari-indirim-acikladi\/#breadcrumb"},"inLanguage":"de","potentialAction":[{"@type":"ReadAction","target":["http:\/\/denizcankizil.tr\/de\/haberler\/gundem\/antalya-valiligi-sokak-dugunlerini-yasakladi-dugun-salonlari-indirim-acikladi\/"]}]},{"@type":"BreadcrumbList","@id":"http:\/\/denizcankizil.tr\/de\/haberler\/gundem\/antalya-valiligi-sokak-dugunlerini-yasakladi-dugun-salonlari-indirim-acikladi\/#breadcrumb","itemListElement":[{"@type":"ListItem","position":1,"name":"Home","item":"https:\/\/denizcankizil.tr\/de\/"},{"@type":"ListItem","position":2,"name":"Antalya Valili\u011fi sokak d\u00fc\u011f\u00fcnlerini yasaklad\u0131! D\u00fc\u011f\u00fcn salonlar\u0131 &#8216;indirim&#8217; a\u00e7\u0131klad\u0131"}]},{"@type":"WebSite","@id":"https:\/\/denizcankizil.tr\/#website","url":"https:\/\/denizcankizil.tr\/","name":"Av. Deniz Can K\u0131z\u0131l","description":"Avukat Deniz Can K\u0131z\u0131l Antalya Barosu","publisher":{"@id":"https:\/\/denizcankizil.tr\/#organization"},"potentialAction":[{"@type":"SearchAction","target":{"@type":"EntryPoint","urlTemplate":"https:\/\/denizcankizil.tr\/?s={search_term_string}"},"query-input":{"@type":"PropertyValueSpecification","valueRequired":true,"valueName":"search_term_string"}}],"inLanguage":"de"},{"@type":"Organization","@id":"https:\/\/denizcankizil.tr\/#organization","name":"Av. Deniz Can K\u0131z\u0131l","url":"https:\/\/denizcankizil.tr\/","logo":{"@type":"ImageObject","inLanguage":"de","@id":"https:\/\/denizcankizil.tr\/#\/schema\/logo\/image\/","url":"http:\/\/denizcankizil.tr\/wp-content\/uploads\/2024\/10\/siyah-logo-svg.svg","contentUrl":"http:\/\/denizcankizil.tr\/wp-content\/uploads\/2024\/10\/siyah-logo-svg.svg","width":1080,"height":1080,"caption":"Av. Deniz Can K\u0131z\u0131l"},"image":{"@id":"https:\/\/denizcankizil.tr\/#\/schema\/logo\/image\/"}},{"@type":"Person","@id":"https:\/\/denizcankizil.tr\/#\/schema\/person\/e1eb71bb4dd684d46563f0af307e1234","name":"Antalya K\u00f6rfez","image":{"@type":"ImageObject","inLanguage":"de","@id":"https:\/\/denizcankizil.tr\/#\/schema\/person\/image\/","url":"https:\/\/secure.gravatar.com\/avatar\/42b01982558a48a0b501fdcab6a408d3717ea5919095ee2e67b0e521799c5905?s=96&d=mm&r=g","contentUrl":"https:\/\/secure.gravatar.com\/avatar\/42b01982558a48a0b501fdcab6a408d3717ea5919095ee2e67b0e521799c5905?s=96&d=mm&r=g","caption":"Antalya K\u00f6rfez"},"sameAs":["http:\/\/www.antalyakorfez.com"],"url":"https:\/\/www.antalyakorfez.com\/antalya-valiligi-sokak-dugunlerini-yasakladi-dugun-salonlari-indirim-acikladi"}]}},"_links":{"self":[{"href":"http:\/\/denizcankizil.tr\/de\/wp-json\/wp\/v2\/posts\/34937","targetHints":{"allow":["GET"]}}],"collection":[{"href":"http:\/\/denizcankizil.tr\/de\/wp-json\/wp\/v2\/posts"}],"about":[{"href":"http:\/\/denizcankizil.tr\/de\/wp-json\/wp\/v2\/types\/post"}],"author":[{"embeddable":true,"href":"http:\/\/denizcankizil.tr\/de\/wp-json\/wp\/v2\/users\/5"}],"replies":[{"embeddable":true,"href":"http:\/\/denizcankizil.tr\/de\/wp-json\/wp\/v2\/comments?post=34937"}],"version-history":[{"count":0,"href":"http:\/\/denizcankizil.tr\/de\/wp-json\/wp\/v2\/posts\/34937\/revisions"}],"wp:attachment":[{"href":"http:\/\/denizcankizil.tr\/de\/wp-json\/wp\/v2\/media?parent=34937"}],"wp:term":[{"taxonomy":"category","embeddable":true,"href":"http:\/\/denizcankizil.tr\/de\/wp-json\/wp\/v2\/categories?post=34937"},{"taxonomy":"post_tag","embeddable":true,"href":"http:\/\/denizcankizil.tr\/de\/wp-json\/wp\/v2\/tags?post=34937"}],"curies":[{"name":"wp","href":"https:\/\/api.w.org\/{rel}","templated":true}]}}