{"id":34816,"date":"2025-03-05T18:41:30","date_gmt":"2025-03-05T15:41:30","guid":{"rendered":"https:\/\/denizcankizil.tr\/uncategorized-tr\/tarim-iscilerine-en-yuksek-odeme-yapan-iller\/"},"modified":"2025-03-05T18:41:30","modified_gmt":"2025-03-05T15:41:30","slug":"tarim-iscilerine-en-yuksek-odeme-yapan-iller","status":"publish","type":"post","link":"http:\/\/denizcankizil.tr\/de\/haberler\/gundem\/tarim-iscilerine-en-yuksek-odeme-yapan-iller\/","title":{"rendered":"Tar\u0131m i\u015f\u00e7ilerine en y\u00fcksek \u00f6deme yapan iller?"},"content":{"rendered":"<p>Tar\u0131msal i\u015fletmelerde 2024 y\u0131l\u0131 verilerine g\u00f6re s\u00fcrekli tar\u0131m i\u015f\u00e7ilerine \u00f6denen ayl\u0131k \u00fccretlerde en y\u00fcksek erkeklerde Ardahan, kad\u0131n i\u015f\u00e7ilerde ise \u0130zmir oldu. En d\u00fc\u015f\u00fck \u00fccret \u00f6demesi Antalya&#8217;da yap\u0131l\u0131rken, mevsimlik i\u015f\u00e7ilerde en y\u00fcksek g\u00fcnl\u00fck \u00fccret ise Rize&#8217;de \u00f6dendi.ANKARA (\u0130GFA) &#8211; T\u00fcrkiye \u0130statistik Kurumu (T\u00dc\u0130K), 2024 y\u0131l\u0131na ili\u015fkin Tar\u0131msal \u0130\u015fletme \u0130\u015fg\u00fcc\u00fc \u00dccret Yap\u0131s\u0131 verilerini payla\u015ft\u0131.<br \/>\nMevsimlik tar\u0131m i\u015f\u00e7ilerinin ortalama g\u00fcnl\u00fck \u00fccretleri 2024 y\u0131l\u0131nda y\u00fczde 84,2 artt\u0131<br \/>\nTar\u0131msal i\u015fletmelerde 2024 y\u0131l\u0131nda mevsimlik tar\u0131m i\u015f\u00e7ilerinin g\u00fcnl\u00fck \u00fccretleri bir \u00f6nceki y\u0131la g\u00f6re y\u00fczde 84,2 artarak 943 TL, s\u00fcrekli tar\u0131m i\u015f\u00e7ilerinin ayl\u0131k \u00fccretleri ise y\u00fczde 95,5 artarak 26 bin 259 TL oldu.<br \/>\nMevsimlik erkek i\u015f\u00e7i \u00fccretleri y\u00fczde 84,8 art\u0131\u015f g\u00f6stererek bin yedi TL olurken, kad\u0131n i\u015f\u00e7ilerin g\u00fcnl\u00fck \u00fccretleri ise y\u00fczde 85,9 art\u0131\u015f g\u00f6stererek 890 TL oldu.<\/p>\n<p>S\u00fcrekli tar\u0131m i\u015f\u00e7ilerine \u00f6denen ayl\u0131k \u00fccret, erkek i\u015f\u00e7iler i\u00e7in y\u00fczde 94,8 oran\u0131nda artarak 27 bin 788 TL olurken, kad\u0131n i\u015f\u00e7iler i\u00e7in y\u00fczde 90,5 artarak 19 bin 328 TL oldu.<br \/>\nMEVS\u0130ML\u0130K \u0130\u015e\u00c7\u0130LERDE EN Y\u00dcKSEK G\u00dcNL\u00dcK \u00dcCRET R\u0130ZE \u0130L\u0130NDE \u00d6DEND\u0130<br \/>\nTar\u0131msal i\u015fletmelerde 2024 y\u0131l\u0131nda mevsimlik tar\u0131m i\u015f\u00e7ilerine yap\u0131lan en y\u00fcksek g\u00fcnl\u00fck \u00fccret \u00f6demesi erkek i\u015f\u00e7iler i\u00e7in 2 bin 32 TL, kad\u0131n i\u015f\u00e7iler i\u00e7in bin 960 TL ile Rize ilinde ger\u00e7ekle\u015fti.\u00a0 En d\u00fc\u015f\u00fck \u00fccret \u00f6demesi ise erkek i\u015f\u00e7iler i\u00e7in 753 TL ile Adana, kad\u0131n i\u015f\u00e7iler i\u00e7in ise 569 TL ile Hatay ilinde ger\u00e7ekle\u015fti.<br \/>\nS\u00dcREKL\u0130 \u0130\u015e\u00c7\u0130LERDE EN Y\u00dcKSEK AYLIK \u00dcCRET ARDAHAN ve \u0130ZM\u0130R&#8217;DE&#8230;<br \/>\nTar\u0131msal i\u015fletmelerde s\u00fcrekli tar\u0131m i\u015f\u00e7ilerine \u00f6denen ayl\u0131k \u00fccretlere bak\u0131ld\u0131\u011f\u0131nda, erkek i\u015f\u00e7ilere 39 bin 133 TL ile Ardahan&#8217;\u0131n, kad\u0131n i\u015f\u00e7ilere 18 bin 152 TL ile \u0130zmir&#8217;in en y\u00fcksek \u00f6demenin yap\u0131ld\u0131\u011f\u0131 iller oldu\u011fu g\u00f6r\u00fcld\u00fc. En d\u00fc\u015f\u00fck \u00fccretler ise, erkek i\u015f\u00e7iler i\u00e7in 18 bin 267 TL, kad\u0131n i\u015f\u00e7iler i\u00e7in 17 bin 637 TL ile Antalya ilinde ger\u00e7ekle\u015fti.<\/p>\n<p>\u200bTar\u0131msal i\u015fletmelerde 2024 y\u0131l\u0131 verilerine g\u00f6re s\u00fcrekli tar\u0131m i\u015f\u00e7ilerine \u00f6denen ayl\u0131k \u00fccretlerde en y\u00fcksek erkeklerde Ardahan, kad\u0131n i\u015f\u00e7ilerde ise \u0130zmir oldu. En d\u00fc\u015f\u00fck \u00fccret \u00f6demesi Antalya&#8217;da yap\u0131l\u0131rken, mevsimlik i\u015f\u00e7ilerde en y\u00fcksek g\u00fcnl\u00fck \u00fccret ise Rize&#8217;de \u00f6dendi.ANKARA (\u0130GFA) &#8211; T\u00fcrkiye \u0130statistik Kurumu (T\u00dc\u0130K), 2024 y\u0131l\u0131na ili\u015fkin Tar\u0131msal \u0130\u015fletme \u0130\u015fg\u00fcc\u00fc \u00dccret Yap\u0131s\u0131 verilerini payla\u015ft\u0131.<br \/>\nMevsimlik tar\u0131m i\u015f\u00e7ilerinin ortalama g\u00fcnl\u00fck \u00fccretleri 2024 y\u0131l\u0131nda y\u00fczde 84,2 artt\u0131<br \/>\nTar\u0131msal i\u015fletmelerde 2024 y\u0131l\u0131nda mevsimlik tar\u0131m i\u015f\u00e7ilerinin g\u00fcnl\u00fck \u00fccretleri bir \u00f6nceki y\u0131la g\u00f6re y\u00fczde 84,2 artarak 943 TL, s\u00fcrekli tar\u0131m i\u015f\u00e7ilerinin ayl\u0131k \u00fccretleri ise y\u00fczde 95,5 artarak 26 bin 259 TL oldu.<br \/>\nMevsimlik erkek i\u015f\u00e7i \u00fccretleri y\u00fczde 84,8 art\u0131\u015f g\u00f6stererek bin yedi TL olurken, kad\u0131n i\u015f\u00e7ilerin g\u00fcnl\u00fck \u00fccretleri ise y\u00fczde 85,9 art\u0131\u015f g\u00f6stererek 890 TL oldu.<\/p>\n<p>S\u00fcrekli tar\u0131m i\u015f\u00e7ilerine \u00f6denen ayl\u0131k \u00fccret, erkek i\u015f\u00e7iler i\u00e7in y\u00fczde 94,8 oran\u0131nda artarak 27 bin 788 TL olurken, kad\u0131n i\u015f\u00e7iler i\u00e7in y\u00fczde 90,5 artarak 19 bin 328 TL oldu.<br \/>\nMEVS\u0130ML\u0130K \u0130\u015e\u00c7\u0130LERDE EN Y\u00dcKSEK G\u00dcNL\u00dcK \u00dcCRET R\u0130ZE \u0130L\u0130NDE \u00d6DEND\u0130<br \/>\nTar\u0131msal i\u015fletmelerde 2024 y\u0131l\u0131nda mevsimlik tar\u0131m i\u015f\u00e7ilerine yap\u0131lan en y\u00fcksek g\u00fcnl\u00fck \u00fccret \u00f6demesi erkek i\u015f\u00e7iler i\u00e7in 2 bin 32 TL, kad\u0131n i\u015f\u00e7iler i\u00e7in bin 960 TL ile Rize ilinde ger\u00e7ekle\u015fti.\u00a0 En d\u00fc\u015f\u00fck \u00fccret \u00f6demesi ise erkek i\u015f\u00e7iler i\u00e7in 753 TL ile Adana, kad\u0131n i\u015f\u00e7iler i\u00e7in ise 569 TL ile Hatay ilinde ger\u00e7ekle\u015fti.<br \/>\nS\u00dcREKL\u0130 \u0130\u015e\u00c7\u0130LERDE EN Y\u00dcKSEK AYLIK \u00dcCRET ARDAHAN ve \u0130ZM\u0130R&#8217;DE&#8230;<br \/>\nTar\u0131msal i\u015fletmelerde s\u00fcrekli tar\u0131m i\u015f\u00e7ilerine \u00f6denen ayl\u0131k \u00fccretlere bak\u0131ld\u0131\u011f\u0131nda, erkek i\u015f\u00e7ilere 39 bin 133 TL ile Ardahan&#8217;\u0131n, kad\u0131n i\u015f\u00e7ilere 18 bin 152 TL ile \u0130zmir&#8217;in en y\u00fcksek \u00f6demenin yap\u0131ld\u0131\u011f\u0131 iller oldu\u011fu g\u00f6r\u00fcld\u00fc. En d\u00fc\u015f\u00fck \u00fccretler ise, erkek i\u015f\u00e7iler i\u00e7in 18 bin 267 TL, kad\u0131n i\u015f\u00e7iler i\u00e7in 17 bin 637 TL ile Antalya ilinde ger\u00e7ekle\u015fti.\u00a0<\/p>\n<p>\u200bHaberin Al\u0131nt\u0131land\u0131\u011f\u0131 Kaynak: www.iskenderun.org<\/p>","protected":false},"excerpt":{"rendered":"<p>Tar\u0131msal i\u015fletmelerde 2024 y\u0131l\u0131 verilerine g\u00f6re s\u00fcrekli tar\u0131m i\u015f\u00e7ilerine \u00f6denen ayl\u0131k \u00fccretlerde en y\u00fcksek erkeklerde Ardahan, kad\u0131n i\u015f\u00e7ilerde ise \u0130zmir oldu. En d\u00fc\u015f\u00fck \u00fccret \u00f6demesi Antalya&#8217;da yap\u0131l\u0131rken, mevsimlik i\u015f\u00e7ilerde en y\u00fcksek g\u00fcnl\u00fck \u00fccret ise Rize&#8217;de \u00f6dendi.ANKARA (\u0130GFA) &#8211; T\u00fcrkiye \u0130statistik Kurumu (T\u00dc\u0130K), 2024 y\u0131l\u0131na ili\u015fkin Tar\u0131msal \u0130\u015fletme \u0130\u015fg\u00fcc\u00fc \u00dccret Yap\u0131s\u0131 verilerini payla\u015ft\u0131. Mevsimlik tar\u0131m i\u015f\u00e7ilerinin ortalama g\u00fcnl\u00fck \u00fccretleri 2024 y\u0131l\u0131nda y\u00fczde 84,2 artt\u0131 Tar\u0131msal i\u015fletmelerde 2024 y\u0131l\u0131nda mevsimlik tar\u0131m i\u015f\u00e7ilerinin g\u00fcnl\u00fck \u00fccretleri bir \u00f6nceki y\u0131la g\u00f6re y\u00fczde 84,2 artarak 943 TL, s\u00fcrekli tar\u0131m i\u015f\u00e7ilerinin ayl\u0131k \u00fccretleri ise y\u00fczde 95,5 artarak 26 bin 259 TL oldu. Mevsimlik erkek i\u015f\u00e7i \u00fccretleri y\u00fczde 84,8 art\u0131\u015f g\u00f6stererek bin yedi TL olurken, kad\u0131n i\u015f\u00e7ilerin g\u00fcnl\u00fck \u00fccretleri ise y\u00fczde 85,9 art\u0131\u015f g\u00f6stererek 890 TL oldu. S\u00fcrekli tar\u0131m i\u015f\u00e7ilerine \u00f6denen ayl\u0131k \u00fccret, erkek i\u015f\u00e7iler i\u00e7in y\u00fczde 94,8 oran\u0131nda artarak 27 bin 788 TL olurken, kad\u0131n i\u015f\u00e7iler i\u00e7in y\u00fczde 90,5 artarak 19 bin 328 TL oldu. MEVS\u0130ML\u0130K \u0130\u015e\u00c7\u0130LERDE EN Y\u00dcKSEK G\u00dcNL\u00dcK \u00dcCRET R\u0130ZE \u0130L\u0130NDE \u00d6DEND\u0130 Tar\u0131msal i\u015fletmelerde 2024 y\u0131l\u0131nda mevsimlik tar\u0131m i\u015f\u00e7ilerine yap\u0131lan en y\u00fcksek g\u00fcnl\u00fck \u00fccret \u00f6demesi erkek i\u015f\u00e7iler i\u00e7in 2 bin 32 TL, kad\u0131n i\u015f\u00e7iler i\u00e7in bin 960 TL ile Rize ilinde ger\u00e7ekle\u015fti.\u00a0 En d\u00fc\u015f\u00fck \u00fccret \u00f6demesi ise erkek i\u015f\u00e7iler i\u00e7in 753 TL ile Adana, kad\u0131n &hellip;<\/p>","protected":false},"author":1,"featured_media":0,"comment_status":"open","ping_status":"open","sticky":false,"template":"","format":"standard","meta":{"_acf_changed":false,"footnotes":""},"categories":[24],"tags":[],"class_list":["post-34816","post","type-post","status-publish","format-standard","has-post-thumbnail","hentry","category-gundem"],"acf":[],"yoast_head":"<!-- This site is optimized with the Yoast SEO Premium plugin v26.6 (Yoast SEO v27.1.1) - https:\/\/yoast.com\/product\/yoast-seo-premium-wordpress\/ -->\n<title>Tar\u0131m i\u015f\u00e7ilerine en y\u00fcksek \u00f6deme yapan iller? - Av. Deniz Can K\u0131z\u0131l<\/title>\n<meta name=\"robots\" content=\"index, follow, max-snippet:-1, max-image-preview:large, max-video-preview:-1\" \/>\n<link rel=\"canonical\" href=\"http:\/\/denizcankizil.tr\/de\/haberler\/gundem\/tarim-iscilerine-en-yuksek-odeme-yapan-iller\/\" \/>\n<meta property=\"og:locale\" content=\"de_DE\" \/>\n<meta property=\"og:type\" content=\"article\" \/>\n<meta property=\"og:title\" content=\"Tar\u0131m i\u015f\u00e7ilerine en y\u00fcksek \u00f6deme yapan iller?\" \/>\n<meta property=\"og:description\" content=\"Tar\u0131msal i\u015fletmelerde 2024 y\u0131l\u0131 verilerine g\u00f6re s\u00fcrekli tar\u0131m i\u015f\u00e7ilerine \u00f6denen ayl\u0131k \u00fccretlerde en y\u00fcksek erkeklerde Ardahan, kad\u0131n i\u015f\u00e7ilerde ise \u0130zmir oldu. En d\u00fc\u015f\u00fck \u00fccret \u00f6demesi Antalya&#8217;da yap\u0131l\u0131rken, mevsimlik i\u015f\u00e7ilerde en y\u00fcksek g\u00fcnl\u00fck \u00fccret ise Rize&#8217;de \u00f6dendi.ANKARA (\u0130GFA) &#8211; T\u00fcrkiye \u0130statistik Kurumu (T\u00dc\u0130K), 2024 y\u0131l\u0131na ili\u015fkin Tar\u0131msal \u0130\u015fletme \u0130\u015fg\u00fcc\u00fc \u00dccret Yap\u0131s\u0131 verilerini payla\u015ft\u0131. Mevsimlik tar\u0131m i\u015f\u00e7ilerinin ortalama g\u00fcnl\u00fck \u00fccretleri 2024 y\u0131l\u0131nda y\u00fczde 84,2 artt\u0131 Tar\u0131msal i\u015fletmelerde 2024 y\u0131l\u0131nda mevsimlik tar\u0131m i\u015f\u00e7ilerinin g\u00fcnl\u00fck \u00fccretleri bir \u00f6nceki y\u0131la g\u00f6re y\u00fczde 84,2 artarak 943 TL, s\u00fcrekli tar\u0131m i\u015f\u00e7ilerinin ayl\u0131k \u00fccretleri ise y\u00fczde 95,5 artarak 26 bin 259 TL oldu. Mevsimlik erkek i\u015f\u00e7i \u00fccretleri y\u00fczde 84,8 art\u0131\u015f g\u00f6stererek bin yedi TL olurken, kad\u0131n i\u015f\u00e7ilerin g\u00fcnl\u00fck \u00fccretleri ise y\u00fczde 85,9 art\u0131\u015f g\u00f6stererek 890 TL oldu. S\u00fcrekli tar\u0131m i\u015f\u00e7ilerine \u00f6denen ayl\u0131k \u00fccret, erkek i\u015f\u00e7iler i\u00e7in y\u00fczde 94,8 oran\u0131nda artarak 27 bin 788 TL olurken, kad\u0131n i\u015f\u00e7iler i\u00e7in y\u00fczde 90,5 artarak 19 bin 328 TL oldu. MEVS\u0130ML\u0130K \u0130\u015e\u00c7\u0130LERDE EN Y\u00dcKSEK G\u00dcNL\u00dcK \u00dcCRET R\u0130ZE \u0130L\u0130NDE \u00d6DEND\u0130 Tar\u0131msal i\u015fletmelerde 2024 y\u0131l\u0131nda mevsimlik tar\u0131m i\u015f\u00e7ilerine yap\u0131lan en y\u00fcksek g\u00fcnl\u00fck \u00fccret \u00f6demesi erkek i\u015f\u00e7iler i\u00e7in 2 bin 32 TL, kad\u0131n i\u015f\u00e7iler i\u00e7in bin 960 TL ile Rize ilinde ger\u00e7ekle\u015fti.\u00a0 En d\u00fc\u015f\u00fck \u00fccret \u00f6demesi ise erkek i\u015f\u00e7iler i\u00e7in 753 TL ile Adana, kad\u0131n &hellip;\" \/>\n<meta property=\"og:url\" content=\"http:\/\/denizcankizil.tr\/de\/haberler\/gundem\/tarim-iscilerine-en-yuksek-odeme-yapan-iller\/\" \/>\n<meta property=\"og:site_name\" content=\"Av. Deniz Can K\u0131z\u0131l\" \/>\n<meta property=\"article:published_time\" content=\"2025-03-05T15:41:30+00:00\" \/>\n<meta name=\"author\" content=\"admin\" \/>\n<meta name=\"twitter:card\" content=\"summary_large_image\" \/>\n<meta name=\"twitter:label1\" content=\"Verfasst von\" \/>\n\t<meta name=\"twitter:data1\" content=\"admin\" \/>\n\t<meta name=\"twitter:label2\" content=\"Gesch\u00e4tzte Lesezeit\" \/>\n\t<meta name=\"twitter:data2\" content=\"4\u00a0Minuten\" \/>\n<script type=\"application\/ld+json\" class=\"yoast-schema-graph\">{\"@context\":\"https:\/\/schema.org\",\"@graph\":[{\"@type\":\"Article\",\"@id\":\"http:\/\/denizcankizil.tr\/de\/haberler\/gundem\/tarim-iscilerine-en-yuksek-odeme-yapan-iller\/#article\",\"isPartOf\":{\"@id\":\"http:\/\/denizcankizil.tr\/de\/haberler\/gundem\/tarim-iscilerine-en-yuksek-odeme-yapan-iller\/\"},\"author\":{\"name\":\"admin\",\"@id\":\"https:\/\/denizcankizil.tr\/#\/schema\/person\/be3c05fe6a12686905512445d8185489\"},\"headline\":\"Tar\u0131m i\u015f\u00e7ilerine en y\u00fcksek \u00f6deme yapan iller?\",\"datePublished\":\"2025-03-05T15:41:30+00:00\",\"mainEntityOfPage\":{\"@id\":\"http:\/\/denizcankizil.tr\/de\/haberler\/gundem\/tarim-iscilerine-en-yuksek-odeme-yapan-iller\/\"},\"wordCount\":768,\"commentCount\":0,\"publisher\":{\"@id\":\"https:\/\/denizcankizil.tr\/#organization\"},\"articleSection\":[\"G\u00fcndem\"],\"inLanguage\":\"de\",\"potentialAction\":[{\"@type\":\"CommentAction\",\"name\":\"Comment\",\"target\":[\"http:\/\/denizcankizil.tr\/de\/haberler\/gundem\/tarim-iscilerine-en-yuksek-odeme-yapan-iller\/#respond\"]}]},{\"@type\":\"WebPage\",\"@id\":\"http:\/\/denizcankizil.tr\/de\/haberler\/gundem\/tarim-iscilerine-en-yuksek-odeme-yapan-iller\/\",\"url\":\"http:\/\/denizcankizil.tr\/de\/haberler\/gundem\/tarim-iscilerine-en-yuksek-odeme-yapan-iller\/\",\"name\":\"Tar\u0131m i\u015f\u00e7ilerine en y\u00fcksek \u00f6deme yapan iller? - Av. Deniz Can K\u0131z\u0131l\",\"isPartOf\":{\"@id\":\"https:\/\/denizcankizil.tr\/#website\"},\"datePublished\":\"2025-03-05T15:41:30+00:00\",\"breadcrumb\":{\"@id\":\"http:\/\/denizcankizil.tr\/de\/haberler\/gundem\/tarim-iscilerine-en-yuksek-odeme-yapan-iller\/#breadcrumb\"},\"inLanguage\":\"de\",\"potentialAction\":[{\"@type\":\"ReadAction\",\"target\":[\"http:\/\/denizcankizil.tr\/de\/haberler\/gundem\/tarim-iscilerine-en-yuksek-odeme-yapan-iller\/\"]}]},{\"@type\":\"BreadcrumbList\",\"@id\":\"http:\/\/denizcankizil.tr\/de\/haberler\/gundem\/tarim-iscilerine-en-yuksek-odeme-yapan-iller\/#breadcrumb\",\"itemListElement\":[{\"@type\":\"ListItem\",\"position\":1,\"name\":\"Home\",\"item\":\"https:\/\/denizcankizil.tr\/de\/\"},{\"@type\":\"ListItem\",\"position\":2,\"name\":\"Tar\u0131m i\u015f\u00e7ilerine en y\u00fcksek \u00f6deme yapan iller?\"}]},{\"@type\":\"WebSite\",\"@id\":\"https:\/\/denizcankizil.tr\/#website\",\"url\":\"https:\/\/denizcankizil.tr\/\",\"name\":\"Av. Deniz Can K\u0131z\u0131l\",\"description\":\"Avukat Deniz Can K\u0131z\u0131l Antalya Barosu\",\"publisher\":{\"@id\":\"https:\/\/denizcankizil.tr\/#organization\"},\"potentialAction\":[{\"@type\":\"SearchAction\",\"target\":{\"@type\":\"EntryPoint\",\"urlTemplate\":\"https:\/\/denizcankizil.tr\/?s={search_term_string}\"},\"query-input\":{\"@type\":\"PropertyValueSpecification\",\"valueRequired\":true,\"valueName\":\"search_term_string\"}}],\"inLanguage\":\"de\"},{\"@type\":\"Organization\",\"@id\":\"https:\/\/denizcankizil.tr\/#organization\",\"name\":\"Av. Deniz Can K\u0131z\u0131l\",\"url\":\"https:\/\/denizcankizil.tr\/\",\"logo\":{\"@type\":\"ImageObject\",\"inLanguage\":\"de\",\"@id\":\"https:\/\/denizcankizil.tr\/#\/schema\/logo\/image\/\",\"url\":\"http:\/\/denizcankizil.tr\/wp-content\/uploads\/2024\/10\/siyah-logo-svg.svg\",\"contentUrl\":\"http:\/\/denizcankizil.tr\/wp-content\/uploads\/2024\/10\/siyah-logo-svg.svg\",\"width\":1080,\"height\":1080,\"caption\":\"Av. Deniz Can K\u0131z\u0131l\"},\"image\":{\"@id\":\"https:\/\/denizcankizil.tr\/#\/schema\/logo\/image\/\"}},{\"@type\":\"Person\",\"@id\":\"https:\/\/denizcankizil.tr\/#\/schema\/person\/be3c05fe6a12686905512445d8185489\",\"name\":\"admin\",\"image\":{\"@type\":\"ImageObject\",\"inLanguage\":\"de\",\"@id\":\"https:\/\/denizcankizil.tr\/#\/schema\/person\/image\/\",\"url\":\"https:\/\/secure.gravatar.com\/avatar\/c1fce94c830dc79107e174f890d7210541c4a63e8e5d816341794a2151c9d58c?s=96&d=mm&r=g\",\"contentUrl\":\"https:\/\/secure.gravatar.com\/avatar\/c1fce94c830dc79107e174f890d7210541c4a63e8e5d816341794a2151c9d58c?s=96&d=mm&r=g\",\"caption\":\"admin\"},\"sameAs\":[\"http:\/\/denizcankizil.tr\"],\"url\":\"https:\/\/www.iskenderun.org\/tarim-iscilerine-en-yuksek-odeme-yapan-iller\"}]}<\/script>\n<!-- \/ Yoast SEO Premium plugin. -->","yoast_head_json":{"title":"Tar\u0131m i\u015f\u00e7ilerine en y\u00fcksek \u00f6deme yapan iller? - Av. Deniz Can K\u0131z\u0131l","robots":{"index":"index","follow":"follow","max-snippet":"max-snippet:-1","max-image-preview":"max-image-preview:large","max-video-preview":"max-video-preview:-1"},"canonical":"http:\/\/denizcankizil.tr\/de\/haberler\/gundem\/tarim-iscilerine-en-yuksek-odeme-yapan-iller\/","og_locale":"de_DE","og_type":"article","og_title":"Tar\u0131m i\u015f\u00e7ilerine en y\u00fcksek \u00f6deme yapan iller?","og_description":"Tar\u0131msal i\u015fletmelerde 2024 y\u0131l\u0131 verilerine g\u00f6re s\u00fcrekli tar\u0131m i\u015f\u00e7ilerine \u00f6denen ayl\u0131k \u00fccretlerde en y\u00fcksek erkeklerde Ardahan, kad\u0131n i\u015f\u00e7ilerde ise \u0130zmir oldu. En d\u00fc\u015f\u00fck \u00fccret \u00f6demesi Antalya&#8217;da yap\u0131l\u0131rken, mevsimlik i\u015f\u00e7ilerde en y\u00fcksek g\u00fcnl\u00fck \u00fccret ise Rize&#8217;de \u00f6dendi.ANKARA (\u0130GFA) &#8211; T\u00fcrkiye \u0130statistik Kurumu (T\u00dc\u0130K), 2024 y\u0131l\u0131na ili\u015fkin Tar\u0131msal \u0130\u015fletme \u0130\u015fg\u00fcc\u00fc \u00dccret Yap\u0131s\u0131 verilerini payla\u015ft\u0131. Mevsimlik tar\u0131m i\u015f\u00e7ilerinin ortalama g\u00fcnl\u00fck \u00fccretleri 2024 y\u0131l\u0131nda y\u00fczde 84,2 artt\u0131 Tar\u0131msal i\u015fletmelerde 2024 y\u0131l\u0131nda mevsimlik tar\u0131m i\u015f\u00e7ilerinin g\u00fcnl\u00fck \u00fccretleri bir \u00f6nceki y\u0131la g\u00f6re y\u00fczde 84,2 artarak 943 TL, s\u00fcrekli tar\u0131m i\u015f\u00e7ilerinin ayl\u0131k \u00fccretleri ise y\u00fczde 95,5 artarak 26 bin 259 TL oldu. Mevsimlik erkek i\u015f\u00e7i \u00fccretleri y\u00fczde 84,8 art\u0131\u015f g\u00f6stererek bin yedi TL olurken, kad\u0131n i\u015f\u00e7ilerin g\u00fcnl\u00fck \u00fccretleri ise y\u00fczde 85,9 art\u0131\u015f g\u00f6stererek 890 TL oldu. S\u00fcrekli tar\u0131m i\u015f\u00e7ilerine \u00f6denen ayl\u0131k \u00fccret, erkek i\u015f\u00e7iler i\u00e7in y\u00fczde 94,8 oran\u0131nda artarak 27 bin 788 TL olurken, kad\u0131n i\u015f\u00e7iler i\u00e7in y\u00fczde 90,5 artarak 19 bin 328 TL oldu. MEVS\u0130ML\u0130K \u0130\u015e\u00c7\u0130LERDE EN Y\u00dcKSEK G\u00dcNL\u00dcK \u00dcCRET R\u0130ZE \u0130L\u0130NDE \u00d6DEND\u0130 Tar\u0131msal i\u015fletmelerde 2024 y\u0131l\u0131nda mevsimlik tar\u0131m i\u015f\u00e7ilerine yap\u0131lan en y\u00fcksek g\u00fcnl\u00fck \u00fccret \u00f6demesi erkek i\u015f\u00e7iler i\u00e7in 2 bin 32 TL, kad\u0131n i\u015f\u00e7iler i\u00e7in bin 960 TL ile Rize ilinde ger\u00e7ekle\u015fti.\u00a0 En d\u00fc\u015f\u00fck \u00fccret \u00f6demesi ise erkek i\u015f\u00e7iler i\u00e7in 753 TL ile Adana, kad\u0131n &hellip;","og_url":"http:\/\/denizcankizil.tr\/de\/haberler\/gundem\/tarim-iscilerine-en-yuksek-odeme-yapan-iller\/","og_site_name":"Av. Deniz Can K\u0131z\u0131l","article_published_time":"2025-03-05T15:41:30+00:00","author":"admin","twitter_card":"summary_large_image","twitter_misc":{"Verfasst von":"admin","Gesch\u00e4tzte Lesezeit":"4\u00a0Minuten"},"schema":{"@context":"https:\/\/schema.org","@graph":[{"@type":"Article","@id":"http:\/\/denizcankizil.tr\/de\/haberler\/gundem\/tarim-iscilerine-en-yuksek-odeme-yapan-iller\/#article","isPartOf":{"@id":"http:\/\/denizcankizil.tr\/de\/haberler\/gundem\/tarim-iscilerine-en-yuksek-odeme-yapan-iller\/"},"author":{"name":"admin","@id":"https:\/\/denizcankizil.tr\/#\/schema\/person\/be3c05fe6a12686905512445d8185489"},"headline":"Tar\u0131m i\u015f\u00e7ilerine en y\u00fcksek \u00f6deme yapan iller?","datePublished":"2025-03-05T15:41:30+00:00","mainEntityOfPage":{"@id":"http:\/\/denizcankizil.tr\/de\/haberler\/gundem\/tarim-iscilerine-en-yuksek-odeme-yapan-iller\/"},"wordCount":768,"commentCount":0,"publisher":{"@id":"https:\/\/denizcankizil.tr\/#organization"},"articleSection":["G\u00fcndem"],"inLanguage":"de","potentialAction":[{"@type":"CommentAction","name":"Comment","target":["http:\/\/denizcankizil.tr\/de\/haberler\/gundem\/tarim-iscilerine-en-yuksek-odeme-yapan-iller\/#respond"]}]},{"@type":"WebPage","@id":"http:\/\/denizcankizil.tr\/de\/haberler\/gundem\/tarim-iscilerine-en-yuksek-odeme-yapan-iller\/","url":"http:\/\/denizcankizil.tr\/de\/haberler\/gundem\/tarim-iscilerine-en-yuksek-odeme-yapan-iller\/","name":"Tar\u0131m i\u015f\u00e7ilerine en y\u00fcksek \u00f6deme yapan iller? - Av. Deniz Can K\u0131z\u0131l","isPartOf":{"@id":"https:\/\/denizcankizil.tr\/#website"},"datePublished":"2025-03-05T15:41:30+00:00","breadcrumb":{"@id":"http:\/\/denizcankizil.tr\/de\/haberler\/gundem\/tarim-iscilerine-en-yuksek-odeme-yapan-iller\/#breadcrumb"},"inLanguage":"de","potentialAction":[{"@type":"ReadAction","target":["http:\/\/denizcankizil.tr\/de\/haberler\/gundem\/tarim-iscilerine-en-yuksek-odeme-yapan-iller\/"]}]},{"@type":"BreadcrumbList","@id":"http:\/\/denizcankizil.tr\/de\/haberler\/gundem\/tarim-iscilerine-en-yuksek-odeme-yapan-iller\/#breadcrumb","itemListElement":[{"@type":"ListItem","position":1,"name":"Home","item":"https:\/\/denizcankizil.tr\/de\/"},{"@type":"ListItem","position":2,"name":"Tar\u0131m i\u015f\u00e7ilerine en y\u00fcksek \u00f6deme yapan iller?"}]},{"@type":"WebSite","@id":"https:\/\/denizcankizil.tr\/#website","url":"https:\/\/denizcankizil.tr\/","name":"Av. Deniz Can K\u0131z\u0131l","description":"Avukat Deniz Can K\u0131z\u0131l Antalya Barosu","publisher":{"@id":"https:\/\/denizcankizil.tr\/#organization"},"potentialAction":[{"@type":"SearchAction","target":{"@type":"EntryPoint","urlTemplate":"https:\/\/denizcankizil.tr\/?s={search_term_string}"},"query-input":{"@type":"PropertyValueSpecification","valueRequired":true,"valueName":"search_term_string"}}],"inLanguage":"de"},{"@type":"Organization","@id":"https:\/\/denizcankizil.tr\/#organization","name":"Av. Deniz Can K\u0131z\u0131l","url":"https:\/\/denizcankizil.tr\/","logo":{"@type":"ImageObject","inLanguage":"de","@id":"https:\/\/denizcankizil.tr\/#\/schema\/logo\/image\/","url":"http:\/\/denizcankizil.tr\/wp-content\/uploads\/2024\/10\/siyah-logo-svg.svg","contentUrl":"http:\/\/denizcankizil.tr\/wp-content\/uploads\/2024\/10\/siyah-logo-svg.svg","width":1080,"height":1080,"caption":"Av. Deniz Can K\u0131z\u0131l"},"image":{"@id":"https:\/\/denizcankizil.tr\/#\/schema\/logo\/image\/"}},{"@type":"Person","@id":"https:\/\/denizcankizil.tr\/#\/schema\/person\/be3c05fe6a12686905512445d8185489","name":"Administrator","image":{"@type":"ImageObject","inLanguage":"de","@id":"https:\/\/denizcankizil.tr\/#\/schema\/person\/image\/","url":"https:\/\/secure.gravatar.com\/avatar\/c1fce94c830dc79107e174f890d7210541c4a63e8e5d816341794a2151c9d58c?s=96&d=mm&r=g","contentUrl":"https:\/\/secure.gravatar.com\/avatar\/c1fce94c830dc79107e174f890d7210541c4a63e8e5d816341794a2151c9d58c?s=96&d=mm&r=g","caption":"admin"},"sameAs":["http:\/\/denizcankizil.tr"],"url":"https:\/\/www.iskenderun.org\/tarim-iscilerine-en-yuksek-odeme-yapan-iller"}]}},"_links":{"self":[{"href":"http:\/\/denizcankizil.tr\/de\/wp-json\/wp\/v2\/posts\/34816","targetHints":{"allow":["GET"]}}],"collection":[{"href":"http:\/\/denizcankizil.tr\/de\/wp-json\/wp\/v2\/posts"}],"about":[{"href":"http:\/\/denizcankizil.tr\/de\/wp-json\/wp\/v2\/types\/post"}],"author":[{"embeddable":true,"href":"http:\/\/denizcankizil.tr\/de\/wp-json\/wp\/v2\/users\/1"}],"replies":[{"embeddable":true,"href":"http:\/\/denizcankizil.tr\/de\/wp-json\/wp\/v2\/comments?post=34816"}],"version-history":[{"count":0,"href":"http:\/\/denizcankizil.tr\/de\/wp-json\/wp\/v2\/posts\/34816\/revisions"}],"wp:attachment":[{"href":"http:\/\/denizcankizil.tr\/de\/wp-json\/wp\/v2\/media?parent=34816"}],"wp:term":[{"taxonomy":"category","embeddable":true,"href":"http:\/\/denizcankizil.tr\/de\/wp-json\/wp\/v2\/categories?post=34816"},{"taxonomy":"post_tag","embeddable":true,"href":"http:\/\/denizcankizil.tr\/de\/wp-json\/wp\/v2\/tags?post=34816"}],"curies":[{"name":"wp","href":"https:\/\/api.w.org\/{rel}","templated":true}]}}