{"id":34745,"date":"2025-03-05T11:41:47","date_gmt":"2025-03-05T08:41:47","guid":{"rendered":"https:\/\/denizcankizil.tr\/uncategorized-tr\/iskenderunda-firtina-gece-yikti-gecti\/"},"modified":"2025-03-05T11:41:47","modified_gmt":"2025-03-05T08:41:47","slug":"iskenderunda-firtina-gece-yikti-gecti","status":"publish","type":"post","link":"http:\/\/denizcankizil.tr\/de\/haberler\/gundem\/iskenderunda-firtina-gece-yikti-gecti\/","title":{"rendered":"\u0130skenderun\u2019da f\u0131rt\u0131na gece y\u0131kt\u0131 ge\u00e7ti!"},"content":{"rendered":"<p>Do\u011fu Akdeniz\u2019i etkisi alt\u0131na alan f\u0131rt\u0131na \u0130skenderun\u2019da gece saatlerinde ya\u015fam\u0131 olumsuz y\u00f6nde etkiledi. \u0130skenderun Bal\u0131k\u00e7\u0131 bar\u0131na\u011f\u0131nda dalga ve \u015fiddetli f\u0131rt\u0131nada bir\u00e7ok amat\u00f6r bal\u0131k\u00e7\u0131 teknelerini ba\u011fl\u0131 yerde s\u00fcr\u00fckledi, bat\u0131rd\u0131. Gece saatlerinde etkili olan f\u0131rt\u0131nada, baz\u0131 tekne sahipleri de Bal\u0131k\u00e7\u0131 Bar\u0131na\u011f\u0131na vin\u00e7le gelerek, ekmek teknelerini karaya \u00e7ekti.<\/p>\n<p>F\u0131rt\u0131nadan \u0130skenderun\u2019da \u00c7evre \u015eehircilik ve \u0130klim De\u011fi\u015fikli\u011fi Bakanl\u0131\u011f\u0131n\u0131n Sahil d\u00fczenleme \u00e7al\u0131\u015fmas\u0131 in\u015faat\u0131n\u0131n y\u00fcr\u00fct\u00fcld\u00fc\u011f\u00fc b\u00f6lgedeki suntadan paravanlar\u0131 da yerinden s\u00f6kerek par\u00e7alad\u0131, ka\u011f\u0131t gibi savurdu.<\/p>\n<p>Sabah saatlerinde kentte f\u0131rt\u0131nan\u0131n bilan\u00e7osu g\u00fcn y\u00fcz\u00fcne \u00e7\u0131kt\u0131. Bal\u0131k\u00e7\u0131 teknelerinin sahipleri Bal\u0131k\u00e7\u0131 bar\u0131na\u011f\u0131na ko\u015ftu.<\/p>\n<p>D\u00fcn gece f\u0131rt\u0131na nedeniyle Bal\u0131k\u00e7\u0131 Bar\u0131na\u011f\u0131na teknesi i\u00e7in gelen Ahmet Ar\u0131klar, teknelerinin ba\u011fl\u0131 oldu\u011fu yerden kar\u015f\u0131 tarafa geldi\u011fini ifade ederek \u201cS\u00f6yleyecek bir \u015fey yok, bizim tekneler kar\u015f\u0131dayd\u0131, buraya geldi. Herhalde yar\u0131kkayayd\u0131 bat\u0131rd\u0131. En az\u0131ndan bir elli bin lira zarar\u0131m\u0131z vard\u0131r. Yeni indirmi\u015ftik tekneyi, buna ra\u011fmen dalgalara dayanamad\u0131\u201d dedi.<\/p>\n<p>\u200bHatay\u2019\u0131n \u0130skenderun il\u00e7esinde d\u00fcn gece saatlerinde ba\u015flay\u0131p, sabaha kadar s\u00fcren \u015fiddetli f\u0131rt\u0131na dev a\u011fa\u00e7 dallar\u0131n\u0131 k\u0131rd\u0131, sahil projesinin dev paravanlar\u0131n\u0131 k\u00e2\u011f\u0131t gibi par\u00e7alad\u0131, devirdi Bal\u0131k\u00e7\u0131 teknelerini bat\u0131rd\u0131.\u00a0<\/p>\n<p>\u200bHaberin Al\u0131nt\u0131land\u0131\u011f\u0131 Kaynak: www.iskenderun.org<\/p>","protected":false},"excerpt":{"rendered":"<p>Do\u011fu Akdeniz\u2019i etkisi alt\u0131na alan f\u0131rt\u0131na \u0130skenderun\u2019da gece saatlerinde ya\u015fam\u0131 olumsuz y\u00f6nde etkiledi. \u0130skenderun Bal\u0131k\u00e7\u0131 bar\u0131na\u011f\u0131nda dalga ve \u015fiddetli f\u0131rt\u0131nada bir\u00e7ok amat\u00f6r bal\u0131k\u00e7\u0131 teknelerini ba\u011fl\u0131 yerde s\u00fcr\u00fckledi, bat\u0131rd\u0131. Gece saatlerinde etkili olan f\u0131rt\u0131nada, baz\u0131 tekne sahipleri de Bal\u0131k\u00e7\u0131 Bar\u0131na\u011f\u0131na vin\u00e7le gelerek, ekmek teknelerini karaya \u00e7ekti. F\u0131rt\u0131nadan \u0130skenderun\u2019da \u00c7evre \u015eehircilik ve \u0130klim De\u011fi\u015fikli\u011fi Bakanl\u0131\u011f\u0131n\u0131n Sahil d\u00fczenleme \u00e7al\u0131\u015fmas\u0131 in\u015faat\u0131n\u0131n y\u00fcr\u00fct\u00fcld\u00fc\u011f\u00fc b\u00f6lgedeki suntadan paravanlar\u0131 da yerinden s\u00f6kerek par\u00e7alad\u0131, ka\u011f\u0131t gibi savurdu. Sabah saatlerinde kentte f\u0131rt\u0131nan\u0131n bilan\u00e7osu g\u00fcn y\u00fcz\u00fcne \u00e7\u0131kt\u0131. Bal\u0131k\u00e7\u0131 teknelerinin sahipleri Bal\u0131k\u00e7\u0131 bar\u0131na\u011f\u0131na ko\u015ftu. D\u00fcn gece f\u0131rt\u0131na nedeniyle Bal\u0131k\u00e7\u0131 Bar\u0131na\u011f\u0131na teknesi i\u00e7in gelen Ahmet Ar\u0131klar, teknelerinin ba\u011fl\u0131 oldu\u011fu yerden kar\u015f\u0131 tarafa geldi\u011fini ifade ederek \u201cS\u00f6yleyecek bir \u015fey yok, bizim tekneler kar\u015f\u0131dayd\u0131, buraya geldi. Herhalde yar\u0131kkayayd\u0131 bat\u0131rd\u0131. En az\u0131ndan bir elli bin lira zarar\u0131m\u0131z vard\u0131r. Yeni indirmi\u015ftik tekneyi, buna ra\u011fmen dalgalara dayanamad\u0131\u201d dedi. \u200bHatay\u2019\u0131n \u0130skenderun il\u00e7esinde d\u00fcn gece saatlerinde ba\u015flay\u0131p, sabaha kadar s\u00fcren \u015fiddetli f\u0131rt\u0131na dev a\u011fa\u00e7 dallar\u0131n\u0131 k\u0131rd\u0131, sahil projesinin dev paravanlar\u0131n\u0131 k\u00e2\u011f\u0131t gibi par\u00e7alad\u0131, devirdi Bal\u0131k\u00e7\u0131 teknelerini bat\u0131rd\u0131.\u00a0 \u200bHaberin Al\u0131nt\u0131land\u0131\u011f\u0131 Kaynak: www.iskenderun.org<\/p>","protected":false},"author":1,"featured_media":0,"comment_status":"open","ping_status":"open","sticky":false,"template":"","format":"standard","meta":{"_acf_changed":false,"footnotes":""},"categories":[24],"tags":[],"class_list":["post-34745","post","type-post","status-publish","format-standard","has-post-thumbnail","hentry","category-gundem"],"acf":[],"yoast_head":"<!-- This site is optimized with the Yoast SEO Premium plugin v26.6 (Yoast SEO v27.1.1) - https:\/\/yoast.com\/product\/yoast-seo-premium-wordpress\/ -->\n<title>\u0130skenderun\u2019da f\u0131rt\u0131na gece y\u0131kt\u0131 ge\u00e7ti! - Av. Deniz Can K\u0131z\u0131l<\/title>\n<meta name=\"robots\" content=\"index, follow, max-snippet:-1, max-image-preview:large, max-video-preview:-1\" \/>\n<link rel=\"canonical\" href=\"http:\/\/denizcankizil.tr\/de\/haberler\/gundem\/iskenderunda-firtina-gece-yikti-gecti\/\" \/>\n<meta property=\"og:locale\" content=\"de_DE\" \/>\n<meta property=\"og:type\" content=\"article\" \/>\n<meta property=\"og:title\" content=\"\u0130skenderun\u2019da f\u0131rt\u0131na gece y\u0131kt\u0131 ge\u00e7ti!\" \/>\n<meta property=\"og:description\" content=\"Do\u011fu Akdeniz\u2019i etkisi alt\u0131na alan f\u0131rt\u0131na \u0130skenderun\u2019da gece saatlerinde ya\u015fam\u0131 olumsuz y\u00f6nde etkiledi. \u0130skenderun Bal\u0131k\u00e7\u0131 bar\u0131na\u011f\u0131nda dalga ve \u015fiddetli f\u0131rt\u0131nada bir\u00e7ok amat\u00f6r bal\u0131k\u00e7\u0131 teknelerini ba\u011fl\u0131 yerde s\u00fcr\u00fckledi, bat\u0131rd\u0131. Gece saatlerinde etkili olan f\u0131rt\u0131nada, baz\u0131 tekne sahipleri de Bal\u0131k\u00e7\u0131 Bar\u0131na\u011f\u0131na vin\u00e7le gelerek, ekmek teknelerini karaya \u00e7ekti. F\u0131rt\u0131nadan \u0130skenderun\u2019da \u00c7evre \u015eehircilik ve \u0130klim De\u011fi\u015fikli\u011fi Bakanl\u0131\u011f\u0131n\u0131n Sahil d\u00fczenleme \u00e7al\u0131\u015fmas\u0131 in\u015faat\u0131n\u0131n y\u00fcr\u00fct\u00fcld\u00fc\u011f\u00fc b\u00f6lgedeki suntadan paravanlar\u0131 da yerinden s\u00f6kerek par\u00e7alad\u0131, ka\u011f\u0131t gibi savurdu. Sabah saatlerinde kentte f\u0131rt\u0131nan\u0131n bilan\u00e7osu g\u00fcn y\u00fcz\u00fcne \u00e7\u0131kt\u0131. Bal\u0131k\u00e7\u0131 teknelerinin sahipleri Bal\u0131k\u00e7\u0131 bar\u0131na\u011f\u0131na ko\u015ftu. D\u00fcn gece f\u0131rt\u0131na nedeniyle Bal\u0131k\u00e7\u0131 Bar\u0131na\u011f\u0131na teknesi i\u00e7in gelen Ahmet Ar\u0131klar, teknelerinin ba\u011fl\u0131 oldu\u011fu yerden kar\u015f\u0131 tarafa geldi\u011fini ifade ederek \u201cS\u00f6yleyecek bir \u015fey yok, bizim tekneler kar\u015f\u0131dayd\u0131, buraya geldi. Herhalde yar\u0131kkayayd\u0131 bat\u0131rd\u0131. En az\u0131ndan bir elli bin lira zarar\u0131m\u0131z vard\u0131r. Yeni indirmi\u015ftik tekneyi, buna ra\u011fmen dalgalara dayanamad\u0131\u201d dedi. \u200bHatay\u2019\u0131n \u0130skenderun il\u00e7esinde d\u00fcn gece saatlerinde ba\u015flay\u0131p, sabaha kadar s\u00fcren \u015fiddetli f\u0131rt\u0131na dev a\u011fa\u00e7 dallar\u0131n\u0131 k\u0131rd\u0131, sahil projesinin dev paravanlar\u0131n\u0131 k\u00e2\u011f\u0131t gibi par\u00e7alad\u0131, devirdi Bal\u0131k\u00e7\u0131 teknelerini bat\u0131rd\u0131.\u00a0 \u200bHaberin Al\u0131nt\u0131land\u0131\u011f\u0131 Kaynak: www.iskenderun.org\" \/>\n<meta property=\"og:url\" content=\"http:\/\/denizcankizil.tr\/de\/haberler\/gundem\/iskenderunda-firtina-gece-yikti-gecti\/\" \/>\n<meta property=\"og:site_name\" content=\"Av. Deniz Can K\u0131z\u0131l\" \/>\n<meta property=\"article:published_time\" content=\"2025-03-05T08:41:47+00:00\" \/>\n<meta name=\"author\" content=\"admin\" \/>\n<meta name=\"twitter:card\" content=\"summary_large_image\" \/>\n<meta name=\"twitter:label1\" content=\"Verfasst von\" \/>\n\t<meta name=\"twitter:data1\" content=\"admin\" \/>\n\t<meta name=\"twitter:label2\" content=\"Gesch\u00e4tzte Lesezeit\" \/>\n\t<meta name=\"twitter:data2\" content=\"1\u00a0Minute\" \/>\n<script type=\"application\/ld+json\" class=\"yoast-schema-graph\">{\"@context\":\"https:\/\/schema.org\",\"@graph\":[{\"@type\":\"Article\",\"@id\":\"http:\/\/denizcankizil.tr\/en\/haberler\/gundem\/iskenderunda-firtina-gece-yikti-gecti\/#article\",\"isPartOf\":{\"@id\":\"http:\/\/denizcankizil.tr\/en\/haberler\/gundem\/iskenderunda-firtina-gece-yikti-gecti\/\"},\"author\":{\"name\":\"admin\",\"@id\":\"https:\/\/denizcankizil.tr\/de\/#\/schema\/person\/be3c05fe6a12686905512445d8185489\"},\"headline\":\"\u0130skenderun\u2019da f\u0131rt\u0131na gece y\u0131kt\u0131 ge\u00e7ti!\",\"datePublished\":\"2025-03-05T08:41:47+00:00\",\"mainEntityOfPage\":{\"@id\":\"http:\/\/denizcankizil.tr\/en\/haberler\/gundem\/iskenderunda-firtina-gece-yikti-gecti\/\"},\"wordCount\":270,\"commentCount\":0,\"publisher\":{\"@id\":\"https:\/\/denizcankizil.tr\/de\/#organization\"},\"articleSection\":[\"G\u00fcndem\"],\"inLanguage\":\"de\",\"potentialAction\":[{\"@type\":\"CommentAction\",\"name\":\"Comment\",\"target\":[\"http:\/\/denizcankizil.tr\/en\/haberler\/gundem\/iskenderunda-firtina-gece-yikti-gecti\/#respond\"]}]},{\"@type\":\"WebPage\",\"@id\":\"http:\/\/denizcankizil.tr\/en\/haberler\/gundem\/iskenderunda-firtina-gece-yikti-gecti\/\",\"url\":\"http:\/\/denizcankizil.tr\/en\/haberler\/gundem\/iskenderunda-firtina-gece-yikti-gecti\/\",\"name\":\"\u0130skenderun\u2019da f\u0131rt\u0131na gece y\u0131kt\u0131 ge\u00e7ti! - Av. Deniz Can K\u0131z\u0131l\",\"isPartOf\":{\"@id\":\"https:\/\/denizcankizil.tr\/de\/#website\"},\"datePublished\":\"2025-03-05T08:41:47+00:00\",\"breadcrumb\":{\"@id\":\"http:\/\/denizcankizil.tr\/en\/haberler\/gundem\/iskenderunda-firtina-gece-yikti-gecti\/#breadcrumb\"},\"inLanguage\":\"de\",\"potentialAction\":[{\"@type\":\"ReadAction\",\"target\":[\"http:\/\/denizcankizil.tr\/en\/haberler\/gundem\/iskenderunda-firtina-gece-yikti-gecti\/\"]}]},{\"@type\":\"BreadcrumbList\",\"@id\":\"http:\/\/denizcankizil.tr\/en\/haberler\/gundem\/iskenderunda-firtina-gece-yikti-gecti\/#breadcrumb\",\"itemListElement\":[{\"@type\":\"ListItem\",\"position\":1,\"name\":\"Home\",\"item\":\"https:\/\/denizcankizil.tr\/de\/\"},{\"@type\":\"ListItem\",\"position\":2,\"name\":\"\u0130skenderun\u2019da f\u0131rt\u0131na gece y\u0131kt\u0131 ge\u00e7ti!\"}]},{\"@type\":\"WebSite\",\"@id\":\"https:\/\/denizcankizil.tr\/de\/#website\",\"url\":\"https:\/\/denizcankizil.tr\/de\/\",\"name\":\"Av. Deniz Can K\u0131z\u0131l\",\"description\":\"Avukat Deniz Can K\u0131z\u0131l Antalya Barosu\",\"publisher\":{\"@id\":\"https:\/\/denizcankizil.tr\/de\/#organization\"},\"potentialAction\":[{\"@type\":\"SearchAction\",\"target\":{\"@type\":\"EntryPoint\",\"urlTemplate\":\"https:\/\/denizcankizil.tr\/de\/?s={search_term_string}\"},\"query-input\":{\"@type\":\"PropertyValueSpecification\",\"valueRequired\":true,\"valueName\":\"search_term_string\"}}],\"inLanguage\":\"de\"},{\"@type\":\"Organization\",\"@id\":\"https:\/\/denizcankizil.tr\/de\/#organization\",\"name\":\"Av. Deniz Can K\u0131z\u0131l\",\"url\":\"https:\/\/denizcankizil.tr\/de\/\",\"logo\":{\"@type\":\"ImageObject\",\"inLanguage\":\"de\",\"@id\":\"https:\/\/denizcankizil.tr\/de\/#\/schema\/logo\/image\/\",\"url\":\"http:\/\/denizcankizil.tr\/wp-content\/uploads\/2024\/10\/siyah-logo-svg.svg\",\"contentUrl\":\"http:\/\/denizcankizil.tr\/wp-content\/uploads\/2024\/10\/siyah-logo-svg.svg\",\"width\":1080,\"height\":1080,\"caption\":\"Av. Deniz Can K\u0131z\u0131l\"},\"image\":{\"@id\":\"https:\/\/denizcankizil.tr\/de\/#\/schema\/logo\/image\/\"}},{\"@type\":\"Person\",\"@id\":\"https:\/\/denizcankizil.tr\/de\/#\/schema\/person\/be3c05fe6a12686905512445d8185489\",\"name\":\"admin\",\"image\":{\"@type\":\"ImageObject\",\"inLanguage\":\"de\",\"@id\":\"https:\/\/denizcankizil.tr\/de\/#\/schema\/person\/image\/\",\"url\":\"https:\/\/secure.gravatar.com\/avatar\/c1fce94c830dc79107e174f890d7210541c4a63e8e5d816341794a2151c9d58c?s=96&d=mm&r=g\",\"contentUrl\":\"https:\/\/secure.gravatar.com\/avatar\/c1fce94c830dc79107e174f890d7210541c4a63e8e5d816341794a2151c9d58c?s=96&d=mm&r=g\",\"caption\":\"admin\"},\"sameAs\":[\"http:\/\/denizcankizil.tr\"],\"url\":\"https:\/\/www.iskenderun.org\/iskenderunda-firtina-gece-yikti-gecti\"}]}<\/script>\n<!-- \/ Yoast SEO Premium plugin. -->","yoast_head_json":{"title":"\u0130skenderun\u2019da f\u0131rt\u0131na gece y\u0131kt\u0131 ge\u00e7ti! - Av. Deniz Can K\u0131z\u0131l","robots":{"index":"index","follow":"follow","max-snippet":"max-snippet:-1","max-image-preview":"max-image-preview:large","max-video-preview":"max-video-preview:-1"},"canonical":"http:\/\/denizcankizil.tr\/de\/haberler\/gundem\/iskenderunda-firtina-gece-yikti-gecti\/","og_locale":"de_DE","og_type":"article","og_title":"\u0130skenderun\u2019da f\u0131rt\u0131na gece y\u0131kt\u0131 ge\u00e7ti!","og_description":"Do\u011fu Akdeniz\u2019i etkisi alt\u0131na alan f\u0131rt\u0131na \u0130skenderun\u2019da gece saatlerinde ya\u015fam\u0131 olumsuz y\u00f6nde etkiledi. \u0130skenderun Bal\u0131k\u00e7\u0131 bar\u0131na\u011f\u0131nda dalga ve \u015fiddetli f\u0131rt\u0131nada bir\u00e7ok amat\u00f6r bal\u0131k\u00e7\u0131 teknelerini ba\u011fl\u0131 yerde s\u00fcr\u00fckledi, bat\u0131rd\u0131. Gece saatlerinde etkili olan f\u0131rt\u0131nada, baz\u0131 tekne sahipleri de Bal\u0131k\u00e7\u0131 Bar\u0131na\u011f\u0131na vin\u00e7le gelerek, ekmek teknelerini karaya \u00e7ekti. F\u0131rt\u0131nadan \u0130skenderun\u2019da \u00c7evre \u015eehircilik ve \u0130klim De\u011fi\u015fikli\u011fi Bakanl\u0131\u011f\u0131n\u0131n Sahil d\u00fczenleme \u00e7al\u0131\u015fmas\u0131 in\u015faat\u0131n\u0131n y\u00fcr\u00fct\u00fcld\u00fc\u011f\u00fc b\u00f6lgedeki suntadan paravanlar\u0131 da yerinden s\u00f6kerek par\u00e7alad\u0131, ka\u011f\u0131t gibi savurdu. Sabah saatlerinde kentte f\u0131rt\u0131nan\u0131n bilan\u00e7osu g\u00fcn y\u00fcz\u00fcne \u00e7\u0131kt\u0131. Bal\u0131k\u00e7\u0131 teknelerinin sahipleri Bal\u0131k\u00e7\u0131 bar\u0131na\u011f\u0131na ko\u015ftu. D\u00fcn gece f\u0131rt\u0131na nedeniyle Bal\u0131k\u00e7\u0131 Bar\u0131na\u011f\u0131na teknesi i\u00e7in gelen Ahmet Ar\u0131klar, teknelerinin ba\u011fl\u0131 oldu\u011fu yerden kar\u015f\u0131 tarafa geldi\u011fini ifade ederek \u201cS\u00f6yleyecek bir \u015fey yok, bizim tekneler kar\u015f\u0131dayd\u0131, buraya geldi. Herhalde yar\u0131kkayayd\u0131 bat\u0131rd\u0131. En az\u0131ndan bir elli bin lira zarar\u0131m\u0131z vard\u0131r. Yeni indirmi\u015ftik tekneyi, buna ra\u011fmen dalgalara dayanamad\u0131\u201d dedi. \u200bHatay\u2019\u0131n \u0130skenderun il\u00e7esinde d\u00fcn gece saatlerinde ba\u015flay\u0131p, sabaha kadar s\u00fcren \u015fiddetli f\u0131rt\u0131na dev a\u011fa\u00e7 dallar\u0131n\u0131 k\u0131rd\u0131, sahil projesinin dev paravanlar\u0131n\u0131 k\u00e2\u011f\u0131t gibi par\u00e7alad\u0131, devirdi Bal\u0131k\u00e7\u0131 teknelerini bat\u0131rd\u0131.\u00a0 \u200bHaberin Al\u0131nt\u0131land\u0131\u011f\u0131 Kaynak: www.iskenderun.org","og_url":"http:\/\/denizcankizil.tr\/de\/haberler\/gundem\/iskenderunda-firtina-gece-yikti-gecti\/","og_site_name":"Av. Deniz Can K\u0131z\u0131l","article_published_time":"2025-03-05T08:41:47+00:00","author":"admin","twitter_card":"summary_large_image","twitter_misc":{"Verfasst von":"admin","Gesch\u00e4tzte Lesezeit":"1\u00a0Minute"},"schema":{"@context":"https:\/\/schema.org","@graph":[{"@type":"Article","@id":"http:\/\/denizcankizil.tr\/en\/haberler\/gundem\/iskenderunda-firtina-gece-yikti-gecti\/#article","isPartOf":{"@id":"http:\/\/denizcankizil.tr\/en\/haberler\/gundem\/iskenderunda-firtina-gece-yikti-gecti\/"},"author":{"name":"admin","@id":"https:\/\/denizcankizil.tr\/de\/#\/schema\/person\/be3c05fe6a12686905512445d8185489"},"headline":"\u0130skenderun\u2019da f\u0131rt\u0131na gece y\u0131kt\u0131 ge\u00e7ti!","datePublished":"2025-03-05T08:41:47+00:00","mainEntityOfPage":{"@id":"http:\/\/denizcankizil.tr\/en\/haberler\/gundem\/iskenderunda-firtina-gece-yikti-gecti\/"},"wordCount":270,"commentCount":0,"publisher":{"@id":"https:\/\/denizcankizil.tr\/de\/#organization"},"articleSection":["G\u00fcndem"],"inLanguage":"de","potentialAction":[{"@type":"CommentAction","name":"Comment","target":["http:\/\/denizcankizil.tr\/en\/haberler\/gundem\/iskenderunda-firtina-gece-yikti-gecti\/#respond"]}]},{"@type":"WebPage","@id":"http:\/\/denizcankizil.tr\/en\/haberler\/gundem\/iskenderunda-firtina-gece-yikti-gecti\/","url":"http:\/\/denizcankizil.tr\/en\/haberler\/gundem\/iskenderunda-firtina-gece-yikti-gecti\/","name":"\u0130skenderun\u2019da f\u0131rt\u0131na gece y\u0131kt\u0131 ge\u00e7ti! - Av. Deniz Can K\u0131z\u0131l","isPartOf":{"@id":"https:\/\/denizcankizil.tr\/de\/#website"},"datePublished":"2025-03-05T08:41:47+00:00","breadcrumb":{"@id":"http:\/\/denizcankizil.tr\/en\/haberler\/gundem\/iskenderunda-firtina-gece-yikti-gecti\/#breadcrumb"},"inLanguage":"de","potentialAction":[{"@type":"ReadAction","target":["http:\/\/denizcankizil.tr\/en\/haberler\/gundem\/iskenderunda-firtina-gece-yikti-gecti\/"]}]},{"@type":"BreadcrumbList","@id":"http:\/\/denizcankizil.tr\/en\/haberler\/gundem\/iskenderunda-firtina-gece-yikti-gecti\/#breadcrumb","itemListElement":[{"@type":"ListItem","position":1,"name":"Home","item":"https:\/\/denizcankizil.tr\/de\/"},{"@type":"ListItem","position":2,"name":"\u0130skenderun\u2019da f\u0131rt\u0131na gece y\u0131kt\u0131 ge\u00e7ti!"}]},{"@type":"WebSite","@id":"https:\/\/denizcankizil.tr\/de\/#website","url":"https:\/\/denizcankizil.tr\/de\/","name":"Av. Deniz Can K\u0131z\u0131l","description":"Avukat Deniz Can K\u0131z\u0131l Antalya Barosu","publisher":{"@id":"https:\/\/denizcankizil.tr\/de\/#organization"},"potentialAction":[{"@type":"SearchAction","target":{"@type":"EntryPoint","urlTemplate":"https:\/\/denizcankizil.tr\/de\/?s={search_term_string}"},"query-input":{"@type":"PropertyValueSpecification","valueRequired":true,"valueName":"search_term_string"}}],"inLanguage":"de"},{"@type":"Organization","@id":"https:\/\/denizcankizil.tr\/de\/#organization","name":"Av. Deniz Can K\u0131z\u0131l","url":"https:\/\/denizcankizil.tr\/de\/","logo":{"@type":"ImageObject","inLanguage":"de","@id":"https:\/\/denizcankizil.tr\/de\/#\/schema\/logo\/image\/","url":"http:\/\/denizcankizil.tr\/wp-content\/uploads\/2024\/10\/siyah-logo-svg.svg","contentUrl":"http:\/\/denizcankizil.tr\/wp-content\/uploads\/2024\/10\/siyah-logo-svg.svg","width":1080,"height":1080,"caption":"Av. Deniz Can K\u0131z\u0131l"},"image":{"@id":"https:\/\/denizcankizil.tr\/de\/#\/schema\/logo\/image\/"}},{"@type":"Person","@id":"https:\/\/denizcankizil.tr\/de\/#\/schema\/person\/be3c05fe6a12686905512445d8185489","name":"Administrator","image":{"@type":"ImageObject","inLanguage":"de","@id":"https:\/\/denizcankizil.tr\/de\/#\/schema\/person\/image\/","url":"https:\/\/secure.gravatar.com\/avatar\/c1fce94c830dc79107e174f890d7210541c4a63e8e5d816341794a2151c9d58c?s=96&d=mm&r=g","contentUrl":"https:\/\/secure.gravatar.com\/avatar\/c1fce94c830dc79107e174f890d7210541c4a63e8e5d816341794a2151c9d58c?s=96&d=mm&r=g","caption":"admin"},"sameAs":["http:\/\/denizcankizil.tr"],"url":"https:\/\/www.iskenderun.org\/iskenderunda-firtina-gece-yikti-gecti"}]}},"_links":{"self":[{"href":"http:\/\/denizcankizil.tr\/de\/wp-json\/wp\/v2\/posts\/34745","targetHints":{"allow":["GET"]}}],"collection":[{"href":"http:\/\/denizcankizil.tr\/de\/wp-json\/wp\/v2\/posts"}],"about":[{"href":"http:\/\/denizcankizil.tr\/de\/wp-json\/wp\/v2\/types\/post"}],"author":[{"embeddable":true,"href":"http:\/\/denizcankizil.tr\/de\/wp-json\/wp\/v2\/users\/1"}],"replies":[{"embeddable":true,"href":"http:\/\/denizcankizil.tr\/de\/wp-json\/wp\/v2\/comments?post=34745"}],"version-history":[{"count":0,"href":"http:\/\/denizcankizil.tr\/de\/wp-json\/wp\/v2\/posts\/34745\/revisions"}],"wp:attachment":[{"href":"http:\/\/denizcankizil.tr\/de\/wp-json\/wp\/v2\/media?parent=34745"}],"wp:term":[{"taxonomy":"category","embeddable":true,"href":"http:\/\/denizcankizil.tr\/de\/wp-json\/wp\/v2\/categories?post=34745"},{"taxonomy":"post_tag","embeddable":true,"href":"http:\/\/denizcankizil.tr\/de\/wp-json\/wp\/v2\/tags?post=34745"}],"curies":[{"name":"wp","href":"https:\/\/api.w.org\/{rel}","templated":true}]}}