{"id":34687,"date":"2025-03-04T17:41:31","date_gmt":"2025-03-04T14:41:31","guid":{"rendered":"https:\/\/denizcankizil.tr\/uncategorized-tr\/azerbaycan-cumhurbaskani-aliyev-ankaraya-geliyor\/"},"modified":"2025-03-04T17:41:31","modified_gmt":"2025-03-04T14:41:31","slug":"azerbaycan-cumhurbaskani-aliyev-ankaraya-geliyor","status":"publish","type":"post","link":"http:\/\/denizcankizil.tr\/de\/haberler\/gundem\/azerbaycan-cumhurbaskani-aliyev-ankaraya-geliyor\/","title":{"rendered":"Azerbaycan Cumhurba\u015fkan\u0131 Aliyev Ankara&#8217;ya geliyor"},"content":{"rendered":"<p>Azerbaycan Cumhurba\u015fkan\u0131 \u0130lham Aliyev, Cumhurba\u015fkan\u0131 Recep Tayyip Erdo\u011fan\u2019\u0131n davetine icabetle, yar\u0131n Ankara\u2019y\u0131 ziyaret edecek.ANKARA (\u0130GFA) &#8211;\u00a0\u0130leti\u015fim Ba\u015fkan\u0131 Fahrettin Altun sosyal medya hesab\u0131ndan,Cumhurba\u015fkanl\u0131\u011f\u0131 K\u00fclliyesinde yap\u0131lacak g\u00f6r\u00fc\u015fmelerde, T\u00fcrkiye ile Azerbaycan aras\u0131ndaki karde\u015flik ba\u011flar\u0131n\u0131n daha da g\u00fc\u00e7lendirilmesi i\u00e7in at\u0131labilecek ad\u0131mlar\u0131n yan\u0131 s\u0131ra g\u00fcncel b\u00f6lgesel ve k\u00fcresel geli\u015fmeler hakk\u0131nda g\u00f6r\u00fc\u015f al\u0131\u015fveri\u015finde bulunulmas\u0131 \u00f6ng\u00f6r\u00fcld\u00fc\u011f\u00fcn\u00fc payla\u015ft\u0131.<br \/>\nI\u011eDIR-NAH\u00c7IVAN DO\u011eALGAZ BORU HATTI A\u00c7ILACAK<br \/>\n\u0130leti\u015fim Ba\u015fkan\u0131 Altun, ayr\u0131ca payla\u015f\u0131m\u0131nda\u00a0ziyaret vesilesi ile\u00a0&#8221;Say\u0131n Cumhurba\u015fkan\u0131m\u0131z ve Azerbaycan Cumhurba\u015fkan\u0131 \u0130lham Aliyev\u2019in 25 Eyl\u00fcl 2023 tarihinde birlikte temelini att\u0131klar\u0131 I\u011fd\u0131r-Nah\u00e7\u0131van Do\u011falgaz Boru Hatt\u0131\u2019n\u0131n a\u00e7\u0131l\u0131\u015f t\u00f6reni canl\u0131 ba\u011flant\u0131yla ger\u00e7ekle\u015ftirilecektir.&#8221; ifadelerine yer verdi.\u00a0<\/p>\n<p>https:\/\/twitter.com\/fahrettinaltun\/status\/1896923686780743857<\/p>\n<p>\u200bAzerbaycan Cumhurba\u015fkan\u0131 \u0130lham Aliyev, Cumhurba\u015fkan\u0131 Recep Tayyip Erdo\u011fan\u2019\u0131n davetine icabetle, yar\u0131n Ankara\u2019y\u0131 ziyaret edecek.ANKARA (\u0130GFA) &#8211;\u00a0\u0130leti\u015fim Ba\u015fkan\u0131 Fahrettin Altun sosyal medya hesab\u0131ndan,Cumhurba\u015fkanl\u0131\u011f\u0131 K\u00fclliyesinde yap\u0131lacak g\u00f6r\u00fc\u015fmelerde, T\u00fcrkiye ile Azerbaycan aras\u0131ndaki karde\u015flik ba\u011flar\u0131n\u0131n daha da g\u00fc\u00e7lendirilmesi i\u00e7in at\u0131labilecek ad\u0131mlar\u0131n yan\u0131 s\u0131ra g\u00fcncel b\u00f6lgesel ve k\u00fcresel geli\u015fmeler hakk\u0131nda g\u00f6r\u00fc\u015f al\u0131\u015fveri\u015finde bulunulmas\u0131 \u00f6ng\u00f6r\u00fcld\u00fc\u011f\u00fcn\u00fc payla\u015ft\u0131.<br \/>\nI\u011eDIR-NAH\u00c7IVAN DO\u011eALGAZ BORU HATTI A\u00c7ILACAK<br \/>\n\u0130leti\u015fim Ba\u015fkan\u0131 Altun, ayr\u0131ca payla\u015f\u0131m\u0131nda\u00a0ziyaret vesilesi ile\u00a0&#8221;Say\u0131n Cumhurba\u015fkan\u0131m\u0131z ve Azerbaycan Cumhurba\u015fkan\u0131 \u0130lham Aliyev\u2019in 25 Eyl\u00fcl 2023 tarihinde birlikte temelini att\u0131klar\u0131 I\u011fd\u0131r-Nah\u00e7\u0131van Do\u011falgaz Boru Hatt\u0131\u2019n\u0131n a\u00e7\u0131l\u0131\u015f t\u00f6reni canl\u0131 ba\u011flant\u0131yla ger\u00e7ekle\u015ftirilecektir.&#8221; ifadelerine yer verdi.\u00a0<\/p>\n<p>https:\/\/twitter.com\/fahrettinaltun\/status\/1896923686780743857\u00a0<\/p>\n<p>\u200bHaberin Al\u0131nt\u0131land\u0131\u011f\u0131 Kaynak: www.iskenderun.org<\/p>","protected":false},"excerpt":{"rendered":"<p>Azerbaycan Cumhurba\u015fkan\u0131 \u0130lham Aliyev, Cumhurba\u015fkan\u0131 Recep Tayyip Erdo\u011fan\u2019\u0131n davetine icabetle, yar\u0131n Ankara\u2019y\u0131 ziyaret edecek.ANKARA (\u0130GFA) &#8211;\u00a0\u0130leti\u015fim Ba\u015fkan\u0131 Fahrettin Altun sosyal medya hesab\u0131ndan,Cumhurba\u015fkanl\u0131\u011f\u0131 K\u00fclliyesinde yap\u0131lacak g\u00f6r\u00fc\u015fmelerde, T\u00fcrkiye ile Azerbaycan aras\u0131ndaki karde\u015flik ba\u011flar\u0131n\u0131n daha da g\u00fc\u00e7lendirilmesi i\u00e7in at\u0131labilecek ad\u0131mlar\u0131n yan\u0131 s\u0131ra g\u00fcncel b\u00f6lgesel ve k\u00fcresel geli\u015fmeler hakk\u0131nda g\u00f6r\u00fc\u015f al\u0131\u015fveri\u015finde bulunulmas\u0131 \u00f6ng\u00f6r\u00fcld\u00fc\u011f\u00fcn\u00fc payla\u015ft\u0131. I\u011eDIR-NAH\u00c7IVAN DO\u011eALGAZ BORU HATTI A\u00c7ILACAK \u0130leti\u015fim Ba\u015fkan\u0131 Altun, ayr\u0131ca payla\u015f\u0131m\u0131nda\u00a0ziyaret vesilesi ile\u00a0&#8221;Say\u0131n Cumhurba\u015fkan\u0131m\u0131z ve Azerbaycan Cumhurba\u015fkan\u0131 \u0130lham Aliyev\u2019in 25 Eyl\u00fcl 2023 tarihinde birlikte temelini att\u0131klar\u0131 I\u011fd\u0131r-Nah\u00e7\u0131van Do\u011falgaz Boru Hatt\u0131\u2019n\u0131n a\u00e7\u0131l\u0131\u015f t\u00f6reni canl\u0131 ba\u011flant\u0131yla ger\u00e7ekle\u015ftirilecektir.&#8221; ifadelerine yer verdi.\u00a0 https:\/\/twitter.com\/fahrettinaltun\/status\/1896923686780743857 \u200bAzerbaycan Cumhurba\u015fkan\u0131 \u0130lham Aliyev, Cumhurba\u015fkan\u0131 Recep Tayyip Erdo\u011fan\u2019\u0131n davetine icabetle, yar\u0131n Ankara\u2019y\u0131 ziyaret edecek.ANKARA (\u0130GFA) &#8211;\u00a0\u0130leti\u015fim Ba\u015fkan\u0131 Fahrettin Altun sosyal medya hesab\u0131ndan,Cumhurba\u015fkanl\u0131\u011f\u0131 K\u00fclliyesinde yap\u0131lacak g\u00f6r\u00fc\u015fmelerde, T\u00fcrkiye ile Azerbaycan aras\u0131ndaki karde\u015flik ba\u011flar\u0131n\u0131n daha da g\u00fc\u00e7lendirilmesi i\u00e7in at\u0131labilecek ad\u0131mlar\u0131n yan\u0131 s\u0131ra g\u00fcncel b\u00f6lgesel ve k\u00fcresel geli\u015fmeler hakk\u0131nda g\u00f6r\u00fc\u015f al\u0131\u015fveri\u015finde bulunulmas\u0131 \u00f6ng\u00f6r\u00fcld\u00fc\u011f\u00fcn\u00fc payla\u015ft\u0131. I\u011eDIR-NAH\u00c7IVAN DO\u011eALGAZ BORU HATTI A\u00c7ILACAK \u0130leti\u015fim Ba\u015fkan\u0131 Altun, ayr\u0131ca payla\u015f\u0131m\u0131nda\u00a0ziyaret vesilesi ile\u00a0&#8221;Say\u0131n Cumhurba\u015fkan\u0131m\u0131z ve Azerbaycan Cumhurba\u015fkan\u0131 \u0130lham Aliyev\u2019in 25 Eyl\u00fcl 2023 tarihinde birlikte temelini att\u0131klar\u0131 I\u011fd\u0131r-Nah\u00e7\u0131van Do\u011falgaz Boru Hatt\u0131\u2019n\u0131n a\u00e7\u0131l\u0131\u015f t\u00f6reni canl\u0131 ba\u011flant\u0131yla ger\u00e7ekle\u015ftirilecektir.&#8221; ifadelerine yer verdi.\u00a0 https:\/\/twitter.com\/fahrettinaltun\/status\/1896923686780743857\u00a0 \u200bHaberin Al\u0131nt\u0131land\u0131\u011f\u0131 Kaynak: www.iskenderun.org<\/p>","protected":false},"author":1,"featured_media":0,"comment_status":"open","ping_status":"open","sticky":false,"template":"","format":"standard","meta":{"_acf_changed":false,"footnotes":""},"categories":[24],"tags":[],"class_list":["post-34687","post","type-post","status-publish","format-standard","has-post-thumbnail","hentry","category-gundem"],"acf":[],"yoast_head":"<!-- This site is optimized with the Yoast SEO Premium plugin v26.6 (Yoast SEO v27.1.1) - https:\/\/yoast.com\/product\/yoast-seo-premium-wordpress\/ -->\n<title>Azerbaycan Cumhurba\u015fkan\u0131 Aliyev Ankara&#039;ya geliyor - Av. Deniz Can K\u0131z\u0131l<\/title>\n<meta name=\"robots\" content=\"index, follow, max-snippet:-1, max-image-preview:large, max-video-preview:-1\" \/>\n<link rel=\"canonical\" href=\"http:\/\/denizcankizil.tr\/de\/haberler\/gundem\/azerbaycan-cumhurbaskani-aliyev-ankaraya-geliyor\/\" \/>\n<meta property=\"og:locale\" content=\"de_DE\" \/>\n<meta property=\"og:type\" content=\"article\" \/>\n<meta property=\"og:title\" content=\"Azerbaycan Cumhurba\u015fkan\u0131 Aliyev Ankara&#039;ya geliyor\" \/>\n<meta property=\"og:description\" content=\"Azerbaycan Cumhurba\u015fkan\u0131 \u0130lham Aliyev, Cumhurba\u015fkan\u0131 Recep Tayyip Erdo\u011fan\u2019\u0131n davetine icabetle, yar\u0131n Ankara\u2019y\u0131 ziyaret edecek.ANKARA (\u0130GFA) &#8211;\u00a0\u0130leti\u015fim Ba\u015fkan\u0131 Fahrettin Altun sosyal medya hesab\u0131ndan,Cumhurba\u015fkanl\u0131\u011f\u0131 K\u00fclliyesinde yap\u0131lacak g\u00f6r\u00fc\u015fmelerde, T\u00fcrkiye ile Azerbaycan aras\u0131ndaki karde\u015flik ba\u011flar\u0131n\u0131n daha da g\u00fc\u00e7lendirilmesi i\u00e7in at\u0131labilecek ad\u0131mlar\u0131n yan\u0131 s\u0131ra g\u00fcncel b\u00f6lgesel ve k\u00fcresel geli\u015fmeler hakk\u0131nda g\u00f6r\u00fc\u015f al\u0131\u015fveri\u015finde bulunulmas\u0131 \u00f6ng\u00f6r\u00fcld\u00fc\u011f\u00fcn\u00fc payla\u015ft\u0131. I\u011eDIR-NAH\u00c7IVAN DO\u011eALGAZ BORU HATTI A\u00c7ILACAK \u0130leti\u015fim Ba\u015fkan\u0131 Altun, ayr\u0131ca payla\u015f\u0131m\u0131nda\u00a0ziyaret vesilesi ile\u00a0&#8221;Say\u0131n Cumhurba\u015fkan\u0131m\u0131z ve Azerbaycan Cumhurba\u015fkan\u0131 \u0130lham Aliyev\u2019in 25 Eyl\u00fcl 2023 tarihinde birlikte temelini att\u0131klar\u0131 I\u011fd\u0131r-Nah\u00e7\u0131van Do\u011falgaz Boru Hatt\u0131\u2019n\u0131n a\u00e7\u0131l\u0131\u015f t\u00f6reni canl\u0131 ba\u011flant\u0131yla ger\u00e7ekle\u015ftirilecektir.&#8221; ifadelerine yer verdi.\u00a0 https:\/\/twitter.com\/fahrettinaltun\/status\/1896923686780743857 \u200bAzerbaycan Cumhurba\u015fkan\u0131 \u0130lham Aliyev, Cumhurba\u015fkan\u0131 Recep Tayyip Erdo\u011fan\u2019\u0131n davetine icabetle, yar\u0131n Ankara\u2019y\u0131 ziyaret edecek.ANKARA (\u0130GFA) &#8211;\u00a0\u0130leti\u015fim Ba\u015fkan\u0131 Fahrettin Altun sosyal medya hesab\u0131ndan,Cumhurba\u015fkanl\u0131\u011f\u0131 K\u00fclliyesinde yap\u0131lacak g\u00f6r\u00fc\u015fmelerde, T\u00fcrkiye ile Azerbaycan aras\u0131ndaki karde\u015flik ba\u011flar\u0131n\u0131n daha da g\u00fc\u00e7lendirilmesi i\u00e7in at\u0131labilecek ad\u0131mlar\u0131n yan\u0131 s\u0131ra g\u00fcncel b\u00f6lgesel ve k\u00fcresel geli\u015fmeler hakk\u0131nda g\u00f6r\u00fc\u015f al\u0131\u015fveri\u015finde bulunulmas\u0131 \u00f6ng\u00f6r\u00fcld\u00fc\u011f\u00fcn\u00fc payla\u015ft\u0131. I\u011eDIR-NAH\u00c7IVAN DO\u011eALGAZ BORU HATTI A\u00c7ILACAK \u0130leti\u015fim Ba\u015fkan\u0131 Altun, ayr\u0131ca payla\u015f\u0131m\u0131nda\u00a0ziyaret vesilesi ile\u00a0&#8221;Say\u0131n Cumhurba\u015fkan\u0131m\u0131z ve Azerbaycan Cumhurba\u015fkan\u0131 \u0130lham Aliyev\u2019in 25 Eyl\u00fcl 2023 tarihinde birlikte temelini att\u0131klar\u0131 I\u011fd\u0131r-Nah\u00e7\u0131van Do\u011falgaz Boru Hatt\u0131\u2019n\u0131n a\u00e7\u0131l\u0131\u015f t\u00f6reni canl\u0131 ba\u011flant\u0131yla ger\u00e7ekle\u015ftirilecektir.&#8221; ifadelerine yer verdi.\u00a0 https:\/\/twitter.com\/fahrettinaltun\/status\/1896923686780743857\u00a0 \u200bHaberin Al\u0131nt\u0131land\u0131\u011f\u0131 Kaynak: www.iskenderun.org\" \/>\n<meta property=\"og:url\" content=\"http:\/\/denizcankizil.tr\/de\/haberler\/gundem\/azerbaycan-cumhurbaskani-aliyev-ankaraya-geliyor\/\" \/>\n<meta property=\"og:site_name\" content=\"Av. Deniz Can K\u0131z\u0131l\" \/>\n<meta property=\"article:published_time\" content=\"2025-03-04T14:41:31+00:00\" \/>\n<meta name=\"author\" content=\"admin\" \/>\n<meta name=\"twitter:card\" content=\"summary_large_image\" \/>\n<meta name=\"twitter:label1\" content=\"Verfasst von\" \/>\n\t<meta name=\"twitter:data1\" content=\"admin\" \/>\n\t<meta name=\"twitter:label2\" content=\"Gesch\u00e4tzte Lesezeit\" \/>\n\t<meta name=\"twitter:data2\" content=\"2\u00a0Minuten\" \/>\n<script type=\"application\/ld+json\" class=\"yoast-schema-graph\">{\"@context\":\"https:\/\/schema.org\",\"@graph\":[{\"@type\":\"Article\",\"@id\":\"http:\/\/denizcankizil.tr\/de\/haberler\/gundem\/azerbaycan-cumhurbaskani-aliyev-ankaraya-geliyor\/#article\",\"isPartOf\":{\"@id\":\"http:\/\/denizcankizil.tr\/de\/haberler\/gundem\/azerbaycan-cumhurbaskani-aliyev-ankaraya-geliyor\/\"},\"author\":{\"name\":\"admin\",\"@id\":\"https:\/\/denizcankizil.tr\/#\/schema\/person\/be3c05fe6a12686905512445d8185489\"},\"headline\":\"Azerbaycan Cumhurba\u015fkan\u0131 Aliyev Ankara&#8217;ya geliyor\",\"datePublished\":\"2025-03-04T14:41:31+00:00\",\"mainEntityOfPage\":{\"@id\":\"http:\/\/denizcankizil.tr\/de\/haberler\/gundem\/azerbaycan-cumhurbaskani-aliyev-ankaraya-geliyor\/\"},\"wordCount\":339,\"commentCount\":0,\"publisher\":{\"@id\":\"https:\/\/denizcankizil.tr\/#organization\"},\"articleSection\":[\"G\u00fcndem\"],\"inLanguage\":\"de\",\"potentialAction\":[{\"@type\":\"CommentAction\",\"name\":\"Comment\",\"target\":[\"http:\/\/denizcankizil.tr\/de\/haberler\/gundem\/azerbaycan-cumhurbaskani-aliyev-ankaraya-geliyor\/#respond\"]}]},{\"@type\":\"WebPage\",\"@id\":\"http:\/\/denizcankizil.tr\/de\/haberler\/gundem\/azerbaycan-cumhurbaskani-aliyev-ankaraya-geliyor\/\",\"url\":\"http:\/\/denizcankizil.tr\/de\/haberler\/gundem\/azerbaycan-cumhurbaskani-aliyev-ankaraya-geliyor\/\",\"name\":\"Azerbaycan Cumhurba\u015fkan\u0131 Aliyev Ankara'ya geliyor - Av. Deniz Can K\u0131z\u0131l\",\"isPartOf\":{\"@id\":\"https:\/\/denizcankizil.tr\/#website\"},\"datePublished\":\"2025-03-04T14:41:31+00:00\",\"breadcrumb\":{\"@id\":\"http:\/\/denizcankizil.tr\/de\/haberler\/gundem\/azerbaycan-cumhurbaskani-aliyev-ankaraya-geliyor\/#breadcrumb\"},\"inLanguage\":\"de\",\"potentialAction\":[{\"@type\":\"ReadAction\",\"target\":[\"http:\/\/denizcankizil.tr\/de\/haberler\/gundem\/azerbaycan-cumhurbaskani-aliyev-ankaraya-geliyor\/\"]}]},{\"@type\":\"BreadcrumbList\",\"@id\":\"http:\/\/denizcankizil.tr\/de\/haberler\/gundem\/azerbaycan-cumhurbaskani-aliyev-ankaraya-geliyor\/#breadcrumb\",\"itemListElement\":[{\"@type\":\"ListItem\",\"position\":1,\"name\":\"Home\",\"item\":\"https:\/\/denizcankizil.tr\/de\/\"},{\"@type\":\"ListItem\",\"position\":2,\"name\":\"Azerbaycan Cumhurba\u015fkan\u0131 Aliyev Ankara&#8217;ya geliyor\"}]},{\"@type\":\"WebSite\",\"@id\":\"https:\/\/denizcankizil.tr\/#website\",\"url\":\"https:\/\/denizcankizil.tr\/\",\"name\":\"Av. Deniz Can K\u0131z\u0131l\",\"description\":\"Avukat Deniz Can K\u0131z\u0131l Antalya Barosu\",\"publisher\":{\"@id\":\"https:\/\/denizcankizil.tr\/#organization\"},\"potentialAction\":[{\"@type\":\"SearchAction\",\"target\":{\"@type\":\"EntryPoint\",\"urlTemplate\":\"https:\/\/denizcankizil.tr\/?s={search_term_string}\"},\"query-input\":{\"@type\":\"PropertyValueSpecification\",\"valueRequired\":true,\"valueName\":\"search_term_string\"}}],\"inLanguage\":\"de\"},{\"@type\":\"Organization\",\"@id\":\"https:\/\/denizcankizil.tr\/#organization\",\"name\":\"Av. Deniz Can K\u0131z\u0131l\",\"url\":\"https:\/\/denizcankizil.tr\/\",\"logo\":{\"@type\":\"ImageObject\",\"inLanguage\":\"de\",\"@id\":\"https:\/\/denizcankizil.tr\/#\/schema\/logo\/image\/\",\"url\":\"http:\/\/denizcankizil.tr\/wp-content\/uploads\/2024\/10\/siyah-logo-svg.svg\",\"contentUrl\":\"http:\/\/denizcankizil.tr\/wp-content\/uploads\/2024\/10\/siyah-logo-svg.svg\",\"width\":1080,\"height\":1080,\"caption\":\"Av. Deniz Can K\u0131z\u0131l\"},\"image\":{\"@id\":\"https:\/\/denizcankizil.tr\/#\/schema\/logo\/image\/\"}},{\"@type\":\"Person\",\"@id\":\"https:\/\/denizcankizil.tr\/#\/schema\/person\/be3c05fe6a12686905512445d8185489\",\"name\":\"admin\",\"image\":{\"@type\":\"ImageObject\",\"inLanguage\":\"de\",\"@id\":\"https:\/\/denizcankizil.tr\/#\/schema\/person\/image\/\",\"url\":\"https:\/\/secure.gravatar.com\/avatar\/c1fce94c830dc79107e174f890d7210541c4a63e8e5d816341794a2151c9d58c?s=96&d=mm&r=g\",\"contentUrl\":\"https:\/\/secure.gravatar.com\/avatar\/c1fce94c830dc79107e174f890d7210541c4a63e8e5d816341794a2151c9d58c?s=96&d=mm&r=g\",\"caption\":\"admin\"},\"sameAs\":[\"http:\/\/denizcankizil.tr\"],\"url\":\"https:\/\/www.iskenderun.org\/azerbaycan-cumhurbaskani-aliyev-ankaraya-geliyor\"}]}<\/script>\n<!-- \/ Yoast SEO Premium plugin. -->","yoast_head_json":{"title":"Azerbaycan Cumhurba\u015fkan\u0131 Aliyev Ankara'ya geliyor - Av. Deniz Can K\u0131z\u0131l","robots":{"index":"index","follow":"follow","max-snippet":"max-snippet:-1","max-image-preview":"max-image-preview:large","max-video-preview":"max-video-preview:-1"},"canonical":"http:\/\/denizcankizil.tr\/de\/haberler\/gundem\/azerbaycan-cumhurbaskani-aliyev-ankaraya-geliyor\/","og_locale":"de_DE","og_type":"article","og_title":"Azerbaycan Cumhurba\u015fkan\u0131 Aliyev Ankara'ya geliyor","og_description":"Azerbaycan Cumhurba\u015fkan\u0131 \u0130lham Aliyev, Cumhurba\u015fkan\u0131 Recep Tayyip Erdo\u011fan\u2019\u0131n davetine icabetle, yar\u0131n Ankara\u2019y\u0131 ziyaret edecek.ANKARA (\u0130GFA) &#8211;\u00a0\u0130leti\u015fim Ba\u015fkan\u0131 Fahrettin Altun sosyal medya hesab\u0131ndan,Cumhurba\u015fkanl\u0131\u011f\u0131 K\u00fclliyesinde yap\u0131lacak g\u00f6r\u00fc\u015fmelerde, T\u00fcrkiye ile Azerbaycan aras\u0131ndaki karde\u015flik ba\u011flar\u0131n\u0131n daha da g\u00fc\u00e7lendirilmesi i\u00e7in at\u0131labilecek ad\u0131mlar\u0131n yan\u0131 s\u0131ra g\u00fcncel b\u00f6lgesel ve k\u00fcresel geli\u015fmeler hakk\u0131nda g\u00f6r\u00fc\u015f al\u0131\u015fveri\u015finde bulunulmas\u0131 \u00f6ng\u00f6r\u00fcld\u00fc\u011f\u00fcn\u00fc payla\u015ft\u0131. I\u011eDIR-NAH\u00c7IVAN DO\u011eALGAZ BORU HATTI A\u00c7ILACAK \u0130leti\u015fim Ba\u015fkan\u0131 Altun, ayr\u0131ca payla\u015f\u0131m\u0131nda\u00a0ziyaret vesilesi ile\u00a0&#8221;Say\u0131n Cumhurba\u015fkan\u0131m\u0131z ve Azerbaycan Cumhurba\u015fkan\u0131 \u0130lham Aliyev\u2019in 25 Eyl\u00fcl 2023 tarihinde birlikte temelini att\u0131klar\u0131 I\u011fd\u0131r-Nah\u00e7\u0131van Do\u011falgaz Boru Hatt\u0131\u2019n\u0131n a\u00e7\u0131l\u0131\u015f t\u00f6reni canl\u0131 ba\u011flant\u0131yla ger\u00e7ekle\u015ftirilecektir.&#8221; ifadelerine yer verdi.\u00a0 https:\/\/twitter.com\/fahrettinaltun\/status\/1896923686780743857 \u200bAzerbaycan Cumhurba\u015fkan\u0131 \u0130lham Aliyev, Cumhurba\u015fkan\u0131 Recep Tayyip Erdo\u011fan\u2019\u0131n davetine icabetle, yar\u0131n Ankara\u2019y\u0131 ziyaret edecek.ANKARA (\u0130GFA) &#8211;\u00a0\u0130leti\u015fim Ba\u015fkan\u0131 Fahrettin Altun sosyal medya hesab\u0131ndan,Cumhurba\u015fkanl\u0131\u011f\u0131 K\u00fclliyesinde yap\u0131lacak g\u00f6r\u00fc\u015fmelerde, T\u00fcrkiye ile Azerbaycan aras\u0131ndaki karde\u015flik ba\u011flar\u0131n\u0131n daha da g\u00fc\u00e7lendirilmesi i\u00e7in at\u0131labilecek ad\u0131mlar\u0131n yan\u0131 s\u0131ra g\u00fcncel b\u00f6lgesel ve k\u00fcresel geli\u015fmeler hakk\u0131nda g\u00f6r\u00fc\u015f al\u0131\u015fveri\u015finde bulunulmas\u0131 \u00f6ng\u00f6r\u00fcld\u00fc\u011f\u00fcn\u00fc payla\u015ft\u0131. I\u011eDIR-NAH\u00c7IVAN DO\u011eALGAZ BORU HATTI A\u00c7ILACAK \u0130leti\u015fim Ba\u015fkan\u0131 Altun, ayr\u0131ca payla\u015f\u0131m\u0131nda\u00a0ziyaret vesilesi ile\u00a0&#8221;Say\u0131n Cumhurba\u015fkan\u0131m\u0131z ve Azerbaycan Cumhurba\u015fkan\u0131 \u0130lham Aliyev\u2019in 25 Eyl\u00fcl 2023 tarihinde birlikte temelini att\u0131klar\u0131 I\u011fd\u0131r-Nah\u00e7\u0131van Do\u011falgaz Boru Hatt\u0131\u2019n\u0131n a\u00e7\u0131l\u0131\u015f t\u00f6reni canl\u0131 ba\u011flant\u0131yla ger\u00e7ekle\u015ftirilecektir.&#8221; ifadelerine yer verdi.\u00a0 https:\/\/twitter.com\/fahrettinaltun\/status\/1896923686780743857\u00a0 \u200bHaberin Al\u0131nt\u0131land\u0131\u011f\u0131 Kaynak: www.iskenderun.org","og_url":"http:\/\/denizcankizil.tr\/de\/haberler\/gundem\/azerbaycan-cumhurbaskani-aliyev-ankaraya-geliyor\/","og_site_name":"Av. Deniz Can K\u0131z\u0131l","article_published_time":"2025-03-04T14:41:31+00:00","author":"admin","twitter_card":"summary_large_image","twitter_misc":{"Verfasst von":"admin","Gesch\u00e4tzte Lesezeit":"2\u00a0Minuten"},"schema":{"@context":"https:\/\/schema.org","@graph":[{"@type":"Article","@id":"http:\/\/denizcankizil.tr\/de\/haberler\/gundem\/azerbaycan-cumhurbaskani-aliyev-ankaraya-geliyor\/#article","isPartOf":{"@id":"http:\/\/denizcankizil.tr\/de\/haberler\/gundem\/azerbaycan-cumhurbaskani-aliyev-ankaraya-geliyor\/"},"author":{"name":"admin","@id":"https:\/\/denizcankizil.tr\/#\/schema\/person\/be3c05fe6a12686905512445d8185489"},"headline":"Azerbaycan Cumhurba\u015fkan\u0131 Aliyev Ankara&#8217;ya geliyor","datePublished":"2025-03-04T14:41:31+00:00","mainEntityOfPage":{"@id":"http:\/\/denizcankizil.tr\/de\/haberler\/gundem\/azerbaycan-cumhurbaskani-aliyev-ankaraya-geliyor\/"},"wordCount":339,"commentCount":0,"publisher":{"@id":"https:\/\/denizcankizil.tr\/#organization"},"articleSection":["G\u00fcndem"],"inLanguage":"de","potentialAction":[{"@type":"CommentAction","name":"Comment","target":["http:\/\/denizcankizil.tr\/de\/haberler\/gundem\/azerbaycan-cumhurbaskani-aliyev-ankaraya-geliyor\/#respond"]}]},{"@type":"WebPage","@id":"http:\/\/denizcankizil.tr\/de\/haberler\/gundem\/azerbaycan-cumhurbaskani-aliyev-ankaraya-geliyor\/","url":"http:\/\/denizcankizil.tr\/de\/haberler\/gundem\/azerbaycan-cumhurbaskani-aliyev-ankaraya-geliyor\/","name":"Azerbaycan Cumhurba\u015fkan\u0131 Aliyev Ankara'ya geliyor - Av. Deniz Can K\u0131z\u0131l","isPartOf":{"@id":"https:\/\/denizcankizil.tr\/#website"},"datePublished":"2025-03-04T14:41:31+00:00","breadcrumb":{"@id":"http:\/\/denizcankizil.tr\/de\/haberler\/gundem\/azerbaycan-cumhurbaskani-aliyev-ankaraya-geliyor\/#breadcrumb"},"inLanguage":"de","potentialAction":[{"@type":"ReadAction","target":["http:\/\/denizcankizil.tr\/de\/haberler\/gundem\/azerbaycan-cumhurbaskani-aliyev-ankaraya-geliyor\/"]}]},{"@type":"BreadcrumbList","@id":"http:\/\/denizcankizil.tr\/de\/haberler\/gundem\/azerbaycan-cumhurbaskani-aliyev-ankaraya-geliyor\/#breadcrumb","itemListElement":[{"@type":"ListItem","position":1,"name":"Home","item":"https:\/\/denizcankizil.tr\/de\/"},{"@type":"ListItem","position":2,"name":"Azerbaycan Cumhurba\u015fkan\u0131 Aliyev Ankara&#8217;ya geliyor"}]},{"@type":"WebSite","@id":"https:\/\/denizcankizil.tr\/#website","url":"https:\/\/denizcankizil.tr\/","name":"Av. Deniz Can K\u0131z\u0131l","description":"Avukat Deniz Can K\u0131z\u0131l Antalya Barosu","publisher":{"@id":"https:\/\/denizcankizil.tr\/#organization"},"potentialAction":[{"@type":"SearchAction","target":{"@type":"EntryPoint","urlTemplate":"https:\/\/denizcankizil.tr\/?s={search_term_string}"},"query-input":{"@type":"PropertyValueSpecification","valueRequired":true,"valueName":"search_term_string"}}],"inLanguage":"de"},{"@type":"Organization","@id":"https:\/\/denizcankizil.tr\/#organization","name":"Av. Deniz Can K\u0131z\u0131l","url":"https:\/\/denizcankizil.tr\/","logo":{"@type":"ImageObject","inLanguage":"de","@id":"https:\/\/denizcankizil.tr\/#\/schema\/logo\/image\/","url":"http:\/\/denizcankizil.tr\/wp-content\/uploads\/2024\/10\/siyah-logo-svg.svg","contentUrl":"http:\/\/denizcankizil.tr\/wp-content\/uploads\/2024\/10\/siyah-logo-svg.svg","width":1080,"height":1080,"caption":"Av. Deniz Can K\u0131z\u0131l"},"image":{"@id":"https:\/\/denizcankizil.tr\/#\/schema\/logo\/image\/"}},{"@type":"Person","@id":"https:\/\/denizcankizil.tr\/#\/schema\/person\/be3c05fe6a12686905512445d8185489","name":"Administrator","image":{"@type":"ImageObject","inLanguage":"de","@id":"https:\/\/denizcankizil.tr\/#\/schema\/person\/image\/","url":"https:\/\/secure.gravatar.com\/avatar\/c1fce94c830dc79107e174f890d7210541c4a63e8e5d816341794a2151c9d58c?s=96&d=mm&r=g","contentUrl":"https:\/\/secure.gravatar.com\/avatar\/c1fce94c830dc79107e174f890d7210541c4a63e8e5d816341794a2151c9d58c?s=96&d=mm&r=g","caption":"admin"},"sameAs":["http:\/\/denizcankizil.tr"],"url":"https:\/\/www.iskenderun.org\/azerbaycan-cumhurbaskani-aliyev-ankaraya-geliyor"}]}},"_links":{"self":[{"href":"http:\/\/denizcankizil.tr\/de\/wp-json\/wp\/v2\/posts\/34687","targetHints":{"allow":["GET"]}}],"collection":[{"href":"http:\/\/denizcankizil.tr\/de\/wp-json\/wp\/v2\/posts"}],"about":[{"href":"http:\/\/denizcankizil.tr\/de\/wp-json\/wp\/v2\/types\/post"}],"author":[{"embeddable":true,"href":"http:\/\/denizcankizil.tr\/de\/wp-json\/wp\/v2\/users\/1"}],"replies":[{"embeddable":true,"href":"http:\/\/denizcankizil.tr\/de\/wp-json\/wp\/v2\/comments?post=34687"}],"version-history":[{"count":0,"href":"http:\/\/denizcankizil.tr\/de\/wp-json\/wp\/v2\/posts\/34687\/revisions"}],"wp:attachment":[{"href":"http:\/\/denizcankizil.tr\/de\/wp-json\/wp\/v2\/media?parent=34687"}],"wp:term":[{"taxonomy":"category","embeddable":true,"href":"http:\/\/denizcankizil.tr\/de\/wp-json\/wp\/v2\/categories?post=34687"},{"taxonomy":"post_tag","embeddable":true,"href":"http:\/\/denizcankizil.tr\/de\/wp-json\/wp\/v2\/tags?post=34687"}],"curies":[{"name":"wp","href":"https:\/\/api.w.org\/{rel}","templated":true}]}}