{"id":34657,"date":"2025-03-04T13:41:28","date_gmt":"2025-03-04T10:41:28","guid":{"rendered":"https:\/\/denizcankizil.tr\/uncategorized-tr\/belediye-personeline-is-sagligi-ve-guvenligi-egitimi\/"},"modified":"2025-03-04T13:41:28","modified_gmt":"2025-03-04T10:41:28","slug":"belediye-personeline-is-sagligi-ve-guvenligi-egitimi","status":"publish","type":"post","link":"http:\/\/denizcankizil.tr\/de\/haberler\/antalya\/belediye-personeline-is-sagligi-ve-guvenligi-egitimi\/","title":{"rendered":"Belediye personeline i\u015f sa\u011fl\u0131\u011f\u0131 ve g\u00fcvenli\u011fi e\u011fitimi"},"content":{"rendered":"<p>Kemer Belediyesi K\u00fclt\u00fcr Salonu ve Arslanbucak D\u00fc\u011f\u00fcn Salonu\u2019nda ger\u00e7ekle\u015ftirilen e\u011fitim seminerine, belediye birim m\u00fcd\u00fcrleri ve belediye personeli b\u00fcy\u00fck ilgi g\u00f6sterdi.<br \/>\n\u0130\u015f G\u00fcvenli\u011fi Uzman\u0131 Ahmet K\u00fc\u00e7\u00fcks\u00f6nmez ile Dr. Mustafa Bodur taraf\u0131ndan verilen seminerde personele i\u015f kazalar\u0131 ile ilgili i\u015f verenin ve \u00e7al\u0131\u015fan\u0131n haklar\u0131, temel i\u015f sa\u011fl\u0131\u011f\u0131 ve g\u00fcvenli\u011fi, meslek hastal\u0131klar\u0131n\u0131n sebepleri ve korunma y\u00f6ntemleri, yang\u0131n an\u0131nda ilk m\u00fcdahale, yang\u0131n s\u0131ras\u0131nda yap\u0131lmas\u0131 ve yap\u0131lmamas\u0131 gerekenler gibi pek \u00e7ok konuda \u00e7ok y\u00f6nl\u00fc bilgiler verildi.<br \/>\nSeminer sonras\u0131nda belediye personeline, on soruluk bir s\u0131nav yap\u0131ld\u0131. E\u011fitimlerin, 13, 18 ve 25 Mart tarihlerinde devam edece\u011fi belirtildi.<\/p>\n<p>Kaynak: www.kanalv.com.tr Haber Sitesinden Al\u0131nm\u0131\u015ft\u0131r.<\/p>","protected":false},"excerpt":{"rendered":"<p>Kemer Belediyesi K\u00fclt\u00fcr Salonu ve Arslanbucak D\u00fc\u011f\u00fcn Salonu\u2019nda ger\u00e7ekle\u015ftirilen e\u011fitim seminerine, belediye birim m\u00fcd\u00fcrleri ve belediye personeli b\u00fcy\u00fck ilgi g\u00f6sterdi. \u0130\u015f G\u00fcvenli\u011fi Uzman\u0131 Ahmet K\u00fc\u00e7\u00fcks\u00f6nmez ile Dr. Mustafa Bodur taraf\u0131ndan verilen seminerde personele i\u015f kazalar\u0131 ile ilgili i\u015f verenin ve \u00e7al\u0131\u015fan\u0131n haklar\u0131, temel i\u015f sa\u011fl\u0131\u011f\u0131 ve g\u00fcvenli\u011fi, meslek hastal\u0131klar\u0131n\u0131n sebepleri ve korunma y\u00f6ntemleri, yang\u0131n an\u0131nda ilk m\u00fcdahale, yang\u0131n s\u0131ras\u0131nda yap\u0131lmas\u0131 ve yap\u0131lmamas\u0131 gerekenler gibi pek \u00e7ok konuda \u00e7ok y\u00f6nl\u00fc bilgiler verildi. Seminer sonras\u0131nda belediye personeline, on soruluk bir s\u0131nav yap\u0131ld\u0131. E\u011fitimlerin, 13, 18 ve 25 Mart tarihlerinde devam edece\u011fi belirtildi. Kaynak: www.kanalv.com.tr Haber Sitesinden Al\u0131nm\u0131\u015ft\u0131r.<\/p>","protected":false},"author":4,"featured_media":0,"comment_status":"open","ping_status":"open","sticky":false,"template":"","format":"standard","meta":{"_acf_changed":false,"footnotes":""},"categories":[26],"tags":[],"class_list":["post-34657","post","type-post","status-publish","format-standard","hentry","category-antalya"],"acf":[],"yoast_head":"<!-- This site is optimized with the Yoast SEO Premium plugin v26.6 (Yoast SEO v27.1.1) - https:\/\/yoast.com\/product\/yoast-seo-premium-wordpress\/ -->\n<title>Belediye personeline i\u015f sa\u011fl\u0131\u011f\u0131 ve g\u00fcvenli\u011fi e\u011fitimi - Av. Deniz Can K\u0131z\u0131l<\/title>\n<meta name=\"robots\" content=\"index, follow, max-snippet:-1, max-image-preview:large, max-video-preview:-1\" \/>\n<link rel=\"canonical\" href=\"http:\/\/denizcankizil.tr\/de\/haberler\/antalya\/belediye-personeline-is-sagligi-ve-guvenligi-egitimi\/\" \/>\n<meta property=\"og:locale\" content=\"de_DE\" \/>\n<meta property=\"og:type\" content=\"article\" \/>\n<meta property=\"og:title\" content=\"Belediye personeline i\u015f sa\u011fl\u0131\u011f\u0131 ve g\u00fcvenli\u011fi e\u011fitimi\" \/>\n<meta property=\"og:description\" content=\"Kemer Belediyesi K\u00fclt\u00fcr Salonu ve Arslanbucak D\u00fc\u011f\u00fcn Salonu\u2019nda ger\u00e7ekle\u015ftirilen e\u011fitim seminerine, belediye birim m\u00fcd\u00fcrleri ve belediye personeli b\u00fcy\u00fck ilgi g\u00f6sterdi. \u0130\u015f G\u00fcvenli\u011fi Uzman\u0131 Ahmet K\u00fc\u00e7\u00fcks\u00f6nmez ile Dr. Mustafa Bodur taraf\u0131ndan verilen seminerde personele i\u015f kazalar\u0131 ile ilgili i\u015f verenin ve \u00e7al\u0131\u015fan\u0131n haklar\u0131, temel i\u015f sa\u011fl\u0131\u011f\u0131 ve g\u00fcvenli\u011fi, meslek hastal\u0131klar\u0131n\u0131n sebepleri ve korunma y\u00f6ntemleri, yang\u0131n an\u0131nda ilk m\u00fcdahale, yang\u0131n s\u0131ras\u0131nda yap\u0131lmas\u0131 ve yap\u0131lmamas\u0131 gerekenler gibi pek \u00e7ok konuda \u00e7ok y\u00f6nl\u00fc bilgiler verildi. Seminer sonras\u0131nda belediye personeline, on soruluk bir s\u0131nav yap\u0131ld\u0131. E\u011fitimlerin, 13, 18 ve 25 Mart tarihlerinde devam edece\u011fi belirtildi. Kaynak: www.kanalv.com.tr Haber Sitesinden Al\u0131nm\u0131\u015ft\u0131r.\" \/>\n<meta property=\"og:url\" content=\"http:\/\/denizcankizil.tr\/de\/haberler\/antalya\/belediye-personeline-is-sagligi-ve-guvenligi-egitimi\/\" \/>\n<meta property=\"og:site_name\" content=\"Av. Deniz Can K\u0131z\u0131l\" \/>\n<meta property=\"article:published_time\" content=\"2025-03-04T10:41:28+00:00\" \/>\n<meta name=\"author\" content=\"Av. Deniz Can K\u0131z\u0131l\" \/>\n<meta name=\"twitter:card\" content=\"summary_large_image\" \/>\n<meta name=\"twitter:label1\" content=\"Verfasst von\" \/>\n\t<meta name=\"twitter:data1\" content=\"Av. Deniz Can K\u0131z\u0131l\" \/>\n\t<meta name=\"twitter:label2\" content=\"Gesch\u00e4tzte Lesezeit\" \/>\n\t<meta name=\"twitter:data2\" content=\"1\u00a0Minute\" \/>\n<script type=\"application\/ld+json\" class=\"yoast-schema-graph\">{\"@context\":\"https:\/\/schema.org\",\"@graph\":[{\"@type\":\"Article\",\"@id\":\"http:\/\/denizcankizil.tr\/de\/haberler\/antalya\/belediye-personeline-is-sagligi-ve-guvenligi-egitimi\/#article\",\"isPartOf\":{\"@id\":\"http:\/\/denizcankizil.tr\/de\/haberler\/antalya\/belediye-personeline-is-sagligi-ve-guvenligi-egitimi\/\"},\"author\":{\"name\":\"Av. Deniz Can K\u0131z\u0131l\",\"@id\":\"https:\/\/denizcankizil.tr\/de\/#\/schema\/person\/5dc1b22991bd7ac833867c10afc9b0ff\"},\"headline\":\"Belediye personeline i\u015f sa\u011fl\u0131\u011f\u0131 ve g\u00fcvenli\u011fi e\u011fitimi\",\"datePublished\":\"2025-03-04T10:41:28+00:00\",\"mainEntityOfPage\":{\"@id\":\"http:\/\/denizcankizil.tr\/de\/haberler\/antalya\/belediye-personeline-is-sagligi-ve-guvenligi-egitimi\/\"},\"wordCount\":148,\"commentCount\":0,\"publisher\":{\"@id\":\"https:\/\/denizcankizil.tr\/de\/#organization\"},\"articleSection\":[\"Antalya\"],\"inLanguage\":\"de\",\"potentialAction\":[{\"@type\":\"CommentAction\",\"name\":\"Comment\",\"target\":[\"http:\/\/denizcankizil.tr\/de\/haberler\/antalya\/belediye-personeline-is-sagligi-ve-guvenligi-egitimi\/#respond\"]}]},{\"@type\":\"WebPage\",\"@id\":\"http:\/\/denizcankizil.tr\/de\/haberler\/antalya\/belediye-personeline-is-sagligi-ve-guvenligi-egitimi\/\",\"url\":\"http:\/\/denizcankizil.tr\/de\/haberler\/antalya\/belediye-personeline-is-sagligi-ve-guvenligi-egitimi\/\",\"name\":\"Belediye personeline i\u015f sa\u011fl\u0131\u011f\u0131 ve g\u00fcvenli\u011fi e\u011fitimi - Av. Deniz Can K\u0131z\u0131l\",\"isPartOf\":{\"@id\":\"https:\/\/denizcankizil.tr\/de\/#website\"},\"datePublished\":\"2025-03-04T10:41:28+00:00\",\"breadcrumb\":{\"@id\":\"http:\/\/denizcankizil.tr\/de\/haberler\/antalya\/belediye-personeline-is-sagligi-ve-guvenligi-egitimi\/#breadcrumb\"},\"inLanguage\":\"de\",\"potentialAction\":[{\"@type\":\"ReadAction\",\"target\":[\"http:\/\/denizcankizil.tr\/de\/haberler\/antalya\/belediye-personeline-is-sagligi-ve-guvenligi-egitimi\/\"]}]},{\"@type\":\"BreadcrumbList\",\"@id\":\"http:\/\/denizcankizil.tr\/de\/haberler\/antalya\/belediye-personeline-is-sagligi-ve-guvenligi-egitimi\/#breadcrumb\",\"itemListElement\":[{\"@type\":\"ListItem\",\"position\":1,\"name\":\"Home\",\"item\":\"https:\/\/denizcankizil.tr\/de\/\"},{\"@type\":\"ListItem\",\"position\":2,\"name\":\"Belediye personeline i\u015f sa\u011fl\u0131\u011f\u0131 ve g\u00fcvenli\u011fi e\u011fitimi\"}]},{\"@type\":\"WebSite\",\"@id\":\"https:\/\/denizcankizil.tr\/de\/#website\",\"url\":\"https:\/\/denizcankizil.tr\/de\/\",\"name\":\"Av. Deniz Can K\u0131z\u0131l\",\"description\":\"Avukat Deniz Can K\u0131z\u0131l Antalya Barosu\",\"publisher\":{\"@id\":\"https:\/\/denizcankizil.tr\/de\/#organization\"},\"potentialAction\":[{\"@type\":\"SearchAction\",\"target\":{\"@type\":\"EntryPoint\",\"urlTemplate\":\"https:\/\/denizcankizil.tr\/de\/?s={search_term_string}\"},\"query-input\":{\"@type\":\"PropertyValueSpecification\",\"valueRequired\":true,\"valueName\":\"search_term_string\"}}],\"inLanguage\":\"de\"},{\"@type\":\"Organization\",\"@id\":\"https:\/\/denizcankizil.tr\/de\/#organization\",\"name\":\"Av. Deniz Can K\u0131z\u0131l\",\"url\":\"https:\/\/denizcankizil.tr\/de\/\",\"logo\":{\"@type\":\"ImageObject\",\"inLanguage\":\"de\",\"@id\":\"https:\/\/denizcankizil.tr\/de\/#\/schema\/logo\/image\/\",\"url\":\"http:\/\/denizcankizil.tr\/wp-content\/uploads\/2024\/10\/siyah-logo-svg.svg\",\"contentUrl\":\"http:\/\/denizcankizil.tr\/wp-content\/uploads\/2024\/10\/siyah-logo-svg.svg\",\"width\":1080,\"height\":1080,\"caption\":\"Av. Deniz Can K\u0131z\u0131l\"},\"image\":{\"@id\":\"https:\/\/denizcankizil.tr\/de\/#\/schema\/logo\/image\/\"}},{\"@type\":\"Person\",\"@id\":\"https:\/\/denizcankizil.tr\/de\/#\/schema\/person\/5dc1b22991bd7ac833867c10afc9b0ff\",\"name\":\"Av. Deniz Can K\u0131z\u0131l\",\"image\":{\"@type\":\"ImageObject\",\"inLanguage\":\"de\",\"@id\":\"https:\/\/denizcankizil.tr\/de\/#\/schema\/person\/image\/\",\"url\":\"https:\/\/secure.gravatar.com\/avatar\/a0b128fb9855c79efc976d5640eedb31dc35ec297594d6016d2cf7c60e975bb6?s=96&d=mm&r=g\",\"contentUrl\":\"https:\/\/secure.gravatar.com\/avatar\/a0b128fb9855c79efc976d5640eedb31dc35ec297594d6016d2cf7c60e975bb6?s=96&d=mm&r=g\",\"caption\":\"Av. Deniz Can K\u0131z\u0131l\"},\"sameAs\":[\"http:\/\/www.denizcankizil.tr\"],\"url\":\"http:\/\/denizcankizil.tr\/de\/author\/denizcankizil\/\"}]}<\/script>\n<!-- \/ Yoast SEO Premium plugin. -->","yoast_head_json":{"title":"Belediye personeline i\u015f sa\u011fl\u0131\u011f\u0131 ve g\u00fcvenli\u011fi e\u011fitimi - Av. Deniz Can K\u0131z\u0131l","robots":{"index":"index","follow":"follow","max-snippet":"max-snippet:-1","max-image-preview":"max-image-preview:large","max-video-preview":"max-video-preview:-1"},"canonical":"http:\/\/denizcankizil.tr\/de\/haberler\/antalya\/belediye-personeline-is-sagligi-ve-guvenligi-egitimi\/","og_locale":"de_DE","og_type":"article","og_title":"Belediye personeline i\u015f sa\u011fl\u0131\u011f\u0131 ve g\u00fcvenli\u011fi e\u011fitimi","og_description":"Kemer Belediyesi K\u00fclt\u00fcr Salonu ve Arslanbucak D\u00fc\u011f\u00fcn Salonu\u2019nda ger\u00e7ekle\u015ftirilen e\u011fitim seminerine, belediye birim m\u00fcd\u00fcrleri ve belediye personeli b\u00fcy\u00fck ilgi g\u00f6sterdi. \u0130\u015f G\u00fcvenli\u011fi Uzman\u0131 Ahmet K\u00fc\u00e7\u00fcks\u00f6nmez ile Dr. Mustafa Bodur taraf\u0131ndan verilen seminerde personele i\u015f kazalar\u0131 ile ilgili i\u015f verenin ve \u00e7al\u0131\u015fan\u0131n haklar\u0131, temel i\u015f sa\u011fl\u0131\u011f\u0131 ve g\u00fcvenli\u011fi, meslek hastal\u0131klar\u0131n\u0131n sebepleri ve korunma y\u00f6ntemleri, yang\u0131n an\u0131nda ilk m\u00fcdahale, yang\u0131n s\u0131ras\u0131nda yap\u0131lmas\u0131 ve yap\u0131lmamas\u0131 gerekenler gibi pek \u00e7ok konuda \u00e7ok y\u00f6nl\u00fc bilgiler verildi. Seminer sonras\u0131nda belediye personeline, on soruluk bir s\u0131nav yap\u0131ld\u0131. E\u011fitimlerin, 13, 18 ve 25 Mart tarihlerinde devam edece\u011fi belirtildi. Kaynak: www.kanalv.com.tr Haber Sitesinden Al\u0131nm\u0131\u015ft\u0131r.","og_url":"http:\/\/denizcankizil.tr\/de\/haberler\/antalya\/belediye-personeline-is-sagligi-ve-guvenligi-egitimi\/","og_site_name":"Av. Deniz Can K\u0131z\u0131l","article_published_time":"2025-03-04T10:41:28+00:00","author":"Av. Deniz Can K\u0131z\u0131l","twitter_card":"summary_large_image","twitter_misc":{"Verfasst von":"Av. Deniz Can K\u0131z\u0131l","Gesch\u00e4tzte Lesezeit":"1\u00a0Minute"},"schema":{"@context":"https:\/\/schema.org","@graph":[{"@type":"Article","@id":"http:\/\/denizcankizil.tr\/de\/haberler\/antalya\/belediye-personeline-is-sagligi-ve-guvenligi-egitimi\/#article","isPartOf":{"@id":"http:\/\/denizcankizil.tr\/de\/haberler\/antalya\/belediye-personeline-is-sagligi-ve-guvenligi-egitimi\/"},"author":{"name":"Av. Deniz Can K\u0131z\u0131l","@id":"https:\/\/denizcankizil.tr\/de\/#\/schema\/person\/5dc1b22991bd7ac833867c10afc9b0ff"},"headline":"Belediye personeline i\u015f sa\u011fl\u0131\u011f\u0131 ve g\u00fcvenli\u011fi e\u011fitimi","datePublished":"2025-03-04T10:41:28+00:00","mainEntityOfPage":{"@id":"http:\/\/denizcankizil.tr\/de\/haberler\/antalya\/belediye-personeline-is-sagligi-ve-guvenligi-egitimi\/"},"wordCount":148,"commentCount":0,"publisher":{"@id":"https:\/\/denizcankizil.tr\/de\/#organization"},"articleSection":["Antalya"],"inLanguage":"de","potentialAction":[{"@type":"CommentAction","name":"Comment","target":["http:\/\/denizcankizil.tr\/de\/haberler\/antalya\/belediye-personeline-is-sagligi-ve-guvenligi-egitimi\/#respond"]}]},{"@type":"WebPage","@id":"http:\/\/denizcankizil.tr\/de\/haberler\/antalya\/belediye-personeline-is-sagligi-ve-guvenligi-egitimi\/","url":"http:\/\/denizcankizil.tr\/de\/haberler\/antalya\/belediye-personeline-is-sagligi-ve-guvenligi-egitimi\/","name":"Belediye personeline i\u015f sa\u011fl\u0131\u011f\u0131 ve g\u00fcvenli\u011fi e\u011fitimi - Av. Deniz Can K\u0131z\u0131l","isPartOf":{"@id":"https:\/\/denizcankizil.tr\/de\/#website"},"datePublished":"2025-03-04T10:41:28+00:00","breadcrumb":{"@id":"http:\/\/denizcankizil.tr\/de\/haberler\/antalya\/belediye-personeline-is-sagligi-ve-guvenligi-egitimi\/#breadcrumb"},"inLanguage":"de","potentialAction":[{"@type":"ReadAction","target":["http:\/\/denizcankizil.tr\/de\/haberler\/antalya\/belediye-personeline-is-sagligi-ve-guvenligi-egitimi\/"]}]},{"@type":"BreadcrumbList","@id":"http:\/\/denizcankizil.tr\/de\/haberler\/antalya\/belediye-personeline-is-sagligi-ve-guvenligi-egitimi\/#breadcrumb","itemListElement":[{"@type":"ListItem","position":1,"name":"Home","item":"https:\/\/denizcankizil.tr\/de\/"},{"@type":"ListItem","position":2,"name":"Belediye personeline i\u015f sa\u011fl\u0131\u011f\u0131 ve g\u00fcvenli\u011fi e\u011fitimi"}]},{"@type":"WebSite","@id":"https:\/\/denizcankizil.tr\/de\/#website","url":"https:\/\/denizcankizil.tr\/de\/","name":"Av. Deniz Can K\u0131z\u0131l","description":"Avukat Deniz Can K\u0131z\u0131l Antalya Barosu","publisher":{"@id":"https:\/\/denizcankizil.tr\/de\/#organization"},"potentialAction":[{"@type":"SearchAction","target":{"@type":"EntryPoint","urlTemplate":"https:\/\/denizcankizil.tr\/de\/?s={search_term_string}"},"query-input":{"@type":"PropertyValueSpecification","valueRequired":true,"valueName":"search_term_string"}}],"inLanguage":"de"},{"@type":"Organization","@id":"https:\/\/denizcankizil.tr\/de\/#organization","name":"Av. Deniz Can K\u0131z\u0131l","url":"https:\/\/denizcankizil.tr\/de\/","logo":{"@type":"ImageObject","inLanguage":"de","@id":"https:\/\/denizcankizil.tr\/de\/#\/schema\/logo\/image\/","url":"http:\/\/denizcankizil.tr\/wp-content\/uploads\/2024\/10\/siyah-logo-svg.svg","contentUrl":"http:\/\/denizcankizil.tr\/wp-content\/uploads\/2024\/10\/siyah-logo-svg.svg","width":1080,"height":1080,"caption":"Av. Deniz Can K\u0131z\u0131l"},"image":{"@id":"https:\/\/denizcankizil.tr\/de\/#\/schema\/logo\/image\/"}},{"@type":"Person","@id":"https:\/\/denizcankizil.tr\/de\/#\/schema\/person\/5dc1b22991bd7ac833867c10afc9b0ff","name":"Av. Deniz Can K\u0131z\u0131l","image":{"@type":"ImageObject","inLanguage":"de","@id":"https:\/\/denizcankizil.tr\/de\/#\/schema\/person\/image\/","url":"https:\/\/secure.gravatar.com\/avatar\/a0b128fb9855c79efc976d5640eedb31dc35ec297594d6016d2cf7c60e975bb6?s=96&d=mm&r=g","contentUrl":"https:\/\/secure.gravatar.com\/avatar\/a0b128fb9855c79efc976d5640eedb31dc35ec297594d6016d2cf7c60e975bb6?s=96&d=mm&r=g","caption":"Av. Deniz Can K\u0131z\u0131l"},"sameAs":["http:\/\/www.denizcankizil.tr"],"url":"http:\/\/denizcankizil.tr\/de\/author\/denizcankizil\/"}]}},"_links":{"self":[{"href":"http:\/\/denizcankizil.tr\/de\/wp-json\/wp\/v2\/posts\/34657","targetHints":{"allow":["GET"]}}],"collection":[{"href":"http:\/\/denizcankizil.tr\/de\/wp-json\/wp\/v2\/posts"}],"about":[{"href":"http:\/\/denizcankizil.tr\/de\/wp-json\/wp\/v2\/types\/post"}],"author":[{"embeddable":true,"href":"http:\/\/denizcankizil.tr\/de\/wp-json\/wp\/v2\/users\/4"}],"replies":[{"embeddable":true,"href":"http:\/\/denizcankizil.tr\/de\/wp-json\/wp\/v2\/comments?post=34657"}],"version-history":[{"count":0,"href":"http:\/\/denizcankizil.tr\/de\/wp-json\/wp\/v2\/posts\/34657\/revisions"}],"wp:attachment":[{"href":"http:\/\/denizcankizil.tr\/de\/wp-json\/wp\/v2\/media?parent=34657"}],"wp:term":[{"taxonomy":"category","embeddable":true,"href":"http:\/\/denizcankizil.tr\/de\/wp-json\/wp\/v2\/categories?post=34657"},{"taxonomy":"post_tag","embeddable":true,"href":"http:\/\/denizcankizil.tr\/de\/wp-json\/wp\/v2\/tags?post=34657"}],"curies":[{"name":"wp","href":"https:\/\/api.w.org\/{rel}","templated":true}]}}