{"id":34613,"date":"2025-03-03T17:41:22","date_gmt":"2025-03-03T14:41:22","guid":{"rendered":"https:\/\/denizcankizil.tr\/uncategorized-tr\/donmezden-mecliste-ramazan-senlikleri-bilgilendirmesi\/"},"modified":"2025-03-03T17:41:22","modified_gmt":"2025-03-03T14:41:22","slug":"donmezden-mecliste-ramazan-senlikleri-bilgilendirmesi","status":"publish","type":"post","link":"http:\/\/denizcankizil.tr\/de\/haberler\/gundem\/donmezden-mecliste-ramazan-senlikleri-bilgilendirmesi\/","title":{"rendered":"D\u00f6nmez\u2019den Mecliste Ramazan \u015eenlikleri bilgilendirmesi\u2026"},"content":{"rendered":"<p>\u0130skenderun Belediye Meclisi Mart ay\u0131ndaki \u00e7al\u0131\u015fmalar\u0131na \u0130TSO Meclis Salonunda ba\u015flad\u0131. Belediye Meclisi aralar\u0131nda Ba\u015fkan Mehmet D\u00f6nmez\u2019e bor\u00e7lanma yetkisi verilmesinin de bulundu\u011fu g\u00fcndem maddeleri g\u00f6r\u00fc\u015f\u00fclmesi s\u0131ras\u0131nda \u2018Ramazan \u015fenlikleri\u2019 konusu da g\u00fcndeme getirildi.<\/p>\n<p>Belediye Ba\u015fkan\u0131 Mehmet D\u00f6nmez deprem sonras\u0131 moral olmas\u0131 nedeniyle kentte bir Ramazan \u015eenli\u011fi d\u00fczenlemeyi hedeflediklerini ancak, tasarruf tedbirleri genelgesi nedeniyle \u015fenliklerin ihale kapsam\u0131nda yap\u0131lmas\u0131 m\u00fcmk\u00fcn olmad\u0131\u011f\u0131n\u0131 hat\u0131rlatarak \u201cBu nedenle, \u00c7evre ve \u015eehircilik Bakanl\u0131\u011f\u0131&#8217;na ba\u015fvurarak s\u00fcreci nas\u0131l y\u00f6netmeleri gerekti\u011fini sormu\u015ftuk. Bakanl\u0131k, belediyeye yaz\u0131l\u0131 olarak Ramazan \u015eenlikleri\u2019ni d\u00fczenleyebilmesi i\u00e7in gereken izinleri verdi\u201d dedi.<\/p>\n<p>\u0130skenderun Belediyesi&#8217;nin Ramazan \u015eenlikleri i\u00e7in belirledi\u011fi b\u00fct\u00e7e, 20.000.000 TL ile s\u0131n\u0131rl\u0131 oldu\u011funu ifade eden Ba\u015fkan D\u00f6nmez \u201cBu b\u00fct\u00e7e dahilinde yakla\u015f\u0131k 4-5 bin koli yard\u0131m yap\u0131lmas\u0131 planlanmaktad\u0131r. Ayr\u0131ca, \u015fenliklerin maliyetinin b\u00fcy\u00fck k\u0131sm\u0131 sponsorlar taraf\u0131ndan kar\u015f\u0131lanmaktad\u0131r. Halkbank, 2 milyon TL sponsor olurken, bir ba\u015fka firma da 1 milyon TL katk\u0131 sa\u011flad\u0131. \u00c7evre ve \u015eehircilik Bakanl\u0131\u011f\u0131 ile de g\u00f6r\u00fc\u015fmeler devam etmekte olup, geri kalan k\u0131sm\u0131n bakanl\u0131k taraf\u0131ndan finanse edilmesi beklenmektedir. \u0130lk defa belediyenin kasas\u0131ndan bu y\u0131l Ramazan kolileriyle ilgili bir kuru\u015f para \u00e7\u0131km\u0131yor. 16 milyon TL de\u011ferinde 10.000 koli bir aile taraf\u0131ndan kar\u015f\u0131lan\u0131yor. Bu yard\u0131m faaliyetlerinde devletin de\u011fil, hay\u0131rseverlerin katk\u0131s\u0131 b\u00fcy\u00fck. Belediye herhangi bir harcamaya kat\u0131lmad\u0131 ve bu i\u015fler halkla birlikte g\u00f6n\u00fcll\u00fcl\u00fck esas\u0131na dayal\u0131 olarak y\u00fcr\u00fct\u00fcl\u00fcyor\u201d diye konu\u015ftu.<\/p>\n<p>Ayr\u0131ca, \u00f6nceki y\u0131llarda iftar organizasyonlar\u0131n\u0131n ihale ile yemek \u015firketlerine verildi\u011fi hat\u0131rlatan Ba\u015fkan Mehmet D\u00f6nmez \u201cBu y\u0131l ise belediye, iftar yemeklerini kendisi pi\u015firip, sadece malzeme bedelini \u00f6deyerek, personel arac\u0131l\u0131\u011f\u0131yla da\u011f\u0131t\u0131m\u0131n\u0131 yap\u0131yor. \u0130skenderun&#8217;un farkl\u0131 mahallelerinde, \u00f6zellikle Sakarya Konteyner Kenti, \u00dcsk\u00fcdar ve B\u00fcy\u00fckdere mahallelerinde iftarlar d\u00fczenleniyor. B\u00fcy\u00fckdere Mahallesi&#8217;nde tarihindeki ilk belediye iftar\u0131 da bu y\u0131l yap\u0131ld\u0131. Hedefimiz, belediyenin cebinden tek bir kuru\u015f \u00e7\u0131kmadan bu i\u015fleri ger\u00e7ekle\u015ftirmek. E\u015fit hizmet g\u00f6t\u00fcrme anlay\u0131\u015f\u0131m\u0131zla her mahallemize en iyi hizmeti sunmaya \u00e7al\u0131\u015f\u0131yoruz. Ramazan ay\u0131nda halkla birlikte g\u00fc\u00e7l\u00fc bir dayan\u0131\u015fma sergilemek istiyoruz\u201d \u015feklinde konu\u015ftu.<\/p>\n<p>\u200b\u0130skenderun Belediye Ba\u015fkan\u0131 Mehmet D\u00f6nmez, Belediye Meclisinde g\u00fcndeme gelmesi \u00fczerine deprem sonras\u0131 yaralar\u0131 sarmak amac\u0131yla d\u00fczenledikleri Ramazan \u015eenlikleriyle ilgili bilgilendirme yapt\u0131.\u00a0<\/p>\n<p>\u200bHaberin Al\u0131nt\u0131land\u0131\u011f\u0131 Kaynak: www.iskenderun.org<\/p>","protected":false},"excerpt":{"rendered":"<p>\u0130skenderun Belediye Meclisi Mart ay\u0131ndaki \u00e7al\u0131\u015fmalar\u0131na \u0130TSO Meclis Salonunda ba\u015flad\u0131. Belediye Meclisi aralar\u0131nda Ba\u015fkan Mehmet D\u00f6nmez\u2019e bor\u00e7lanma yetkisi verilmesinin de bulundu\u011fu g\u00fcndem maddeleri g\u00f6r\u00fc\u015f\u00fclmesi s\u0131ras\u0131nda \u2018Ramazan \u015fenlikleri\u2019 konusu da g\u00fcndeme getirildi. Belediye Ba\u015fkan\u0131 Mehmet D\u00f6nmez deprem sonras\u0131 moral olmas\u0131 nedeniyle kentte bir Ramazan \u015eenli\u011fi d\u00fczenlemeyi hedeflediklerini ancak, tasarruf tedbirleri genelgesi nedeniyle \u015fenliklerin ihale kapsam\u0131nda yap\u0131lmas\u0131 m\u00fcmk\u00fcn olmad\u0131\u011f\u0131n\u0131 hat\u0131rlatarak \u201cBu nedenle, \u00c7evre ve \u015eehircilik Bakanl\u0131\u011f\u0131&#8217;na ba\u015fvurarak s\u00fcreci nas\u0131l y\u00f6netmeleri gerekti\u011fini sormu\u015ftuk. Bakanl\u0131k, belediyeye yaz\u0131l\u0131 olarak Ramazan \u015eenlikleri\u2019ni d\u00fczenleyebilmesi i\u00e7in gereken izinleri verdi\u201d dedi. \u0130skenderun Belediyesi&#8217;nin Ramazan \u015eenlikleri i\u00e7in belirledi\u011fi b\u00fct\u00e7e, 20.000.000 TL ile s\u0131n\u0131rl\u0131 oldu\u011funu ifade eden Ba\u015fkan D\u00f6nmez \u201cBu b\u00fct\u00e7e dahilinde yakla\u015f\u0131k 4-5 bin koli yard\u0131m yap\u0131lmas\u0131 planlanmaktad\u0131r. Ayr\u0131ca, \u015fenliklerin maliyetinin b\u00fcy\u00fck k\u0131sm\u0131 sponsorlar taraf\u0131ndan kar\u015f\u0131lanmaktad\u0131r. Halkbank, 2 milyon TL sponsor olurken, bir ba\u015fka firma da 1 milyon TL katk\u0131 sa\u011flad\u0131. \u00c7evre ve \u015eehircilik Bakanl\u0131\u011f\u0131 ile de g\u00f6r\u00fc\u015fmeler devam etmekte olup, geri kalan k\u0131sm\u0131n bakanl\u0131k taraf\u0131ndan finanse edilmesi beklenmektedir. \u0130lk defa belediyenin kasas\u0131ndan bu y\u0131l Ramazan kolileriyle ilgili bir kuru\u015f para \u00e7\u0131km\u0131yor. 16 milyon TL de\u011ferinde 10.000 koli bir aile taraf\u0131ndan kar\u015f\u0131lan\u0131yor. Bu yard\u0131m faaliyetlerinde devletin de\u011fil, hay\u0131rseverlerin katk\u0131s\u0131 b\u00fcy\u00fck. Belediye herhangi bir harcamaya kat\u0131lmad\u0131 ve bu i\u015fler halkla birlikte g\u00f6n\u00fcll\u00fcl\u00fck esas\u0131na dayal\u0131 olarak y\u00fcr\u00fct\u00fcl\u00fcyor\u201d diye konu\u015ftu. Ayr\u0131ca, \u00f6nceki y\u0131llarda &hellip;<\/p>","protected":false},"author":1,"featured_media":0,"comment_status":"open","ping_status":"open","sticky":false,"template":"","format":"standard","meta":{"_acf_changed":false,"footnotes":""},"categories":[24],"tags":[],"class_list":["post-34613","post","type-post","status-publish","format-standard","has-post-thumbnail","hentry","category-gundem"],"acf":[],"yoast_head":"<!-- This site is optimized with the Yoast SEO Premium plugin v26.6 (Yoast SEO v27.1.1) - https:\/\/yoast.com\/product\/yoast-seo-premium-wordpress\/ -->\n<title>D\u00f6nmez\u2019den Mecliste Ramazan \u015eenlikleri bilgilendirmesi\u2026 - Av. Deniz Can K\u0131z\u0131l<\/title>\n<meta name=\"robots\" content=\"index, follow, max-snippet:-1, max-image-preview:large, max-video-preview:-1\" \/>\n<link rel=\"canonical\" href=\"http:\/\/denizcankizil.tr\/de\/haberler\/gundem\/donmezden-mecliste-ramazan-senlikleri-bilgilendirmesi\/\" \/>\n<meta property=\"og:locale\" content=\"de_DE\" \/>\n<meta property=\"og:type\" content=\"article\" \/>\n<meta property=\"og:title\" content=\"D\u00f6nmez\u2019den Mecliste Ramazan \u015eenlikleri bilgilendirmesi\u2026\" \/>\n<meta property=\"og:description\" content=\"\u0130skenderun Belediye Meclisi Mart ay\u0131ndaki \u00e7al\u0131\u015fmalar\u0131na \u0130TSO Meclis Salonunda ba\u015flad\u0131. Belediye Meclisi aralar\u0131nda Ba\u015fkan Mehmet D\u00f6nmez\u2019e bor\u00e7lanma yetkisi verilmesinin de bulundu\u011fu g\u00fcndem maddeleri g\u00f6r\u00fc\u015f\u00fclmesi s\u0131ras\u0131nda \u2018Ramazan \u015fenlikleri\u2019 konusu da g\u00fcndeme getirildi. Belediye Ba\u015fkan\u0131 Mehmet D\u00f6nmez deprem sonras\u0131 moral olmas\u0131 nedeniyle kentte bir Ramazan \u015eenli\u011fi d\u00fczenlemeyi hedeflediklerini ancak, tasarruf tedbirleri genelgesi nedeniyle \u015fenliklerin ihale kapsam\u0131nda yap\u0131lmas\u0131 m\u00fcmk\u00fcn olmad\u0131\u011f\u0131n\u0131 hat\u0131rlatarak \u201cBu nedenle, \u00c7evre ve \u015eehircilik Bakanl\u0131\u011f\u0131&#8217;na ba\u015fvurarak s\u00fcreci nas\u0131l y\u00f6netmeleri gerekti\u011fini sormu\u015ftuk. Bakanl\u0131k, belediyeye yaz\u0131l\u0131 olarak Ramazan \u015eenlikleri\u2019ni d\u00fczenleyebilmesi i\u00e7in gereken izinleri verdi\u201d dedi. \u0130skenderun Belediyesi&#8217;nin Ramazan \u015eenlikleri i\u00e7in belirledi\u011fi b\u00fct\u00e7e, 20.000.000 TL ile s\u0131n\u0131rl\u0131 oldu\u011funu ifade eden Ba\u015fkan D\u00f6nmez \u201cBu b\u00fct\u00e7e dahilinde yakla\u015f\u0131k 4-5 bin koli yard\u0131m yap\u0131lmas\u0131 planlanmaktad\u0131r. Ayr\u0131ca, \u015fenliklerin maliyetinin b\u00fcy\u00fck k\u0131sm\u0131 sponsorlar taraf\u0131ndan kar\u015f\u0131lanmaktad\u0131r. Halkbank, 2 milyon TL sponsor olurken, bir ba\u015fka firma da 1 milyon TL katk\u0131 sa\u011flad\u0131. \u00c7evre ve \u015eehircilik Bakanl\u0131\u011f\u0131 ile de g\u00f6r\u00fc\u015fmeler devam etmekte olup, geri kalan k\u0131sm\u0131n bakanl\u0131k taraf\u0131ndan finanse edilmesi beklenmektedir. \u0130lk defa belediyenin kasas\u0131ndan bu y\u0131l Ramazan kolileriyle ilgili bir kuru\u015f para \u00e7\u0131km\u0131yor. 16 milyon TL de\u011ferinde 10.000 koli bir aile taraf\u0131ndan kar\u015f\u0131lan\u0131yor. Bu yard\u0131m faaliyetlerinde devletin de\u011fil, hay\u0131rseverlerin katk\u0131s\u0131 b\u00fcy\u00fck. Belediye herhangi bir harcamaya kat\u0131lmad\u0131 ve bu i\u015fler halkla birlikte g\u00f6n\u00fcll\u00fcl\u00fck esas\u0131na dayal\u0131 olarak y\u00fcr\u00fct\u00fcl\u00fcyor\u201d diye konu\u015ftu. Ayr\u0131ca, \u00f6nceki y\u0131llarda &hellip;\" \/>\n<meta property=\"og:url\" content=\"http:\/\/denizcankizil.tr\/de\/haberler\/gundem\/donmezden-mecliste-ramazan-senlikleri-bilgilendirmesi\/\" \/>\n<meta property=\"og:site_name\" content=\"Av. Deniz Can K\u0131z\u0131l\" \/>\n<meta property=\"article:published_time\" content=\"2025-03-03T14:41:22+00:00\" \/>\n<meta name=\"author\" content=\"admin\" \/>\n<meta name=\"twitter:card\" content=\"summary_large_image\" \/>\n<meta name=\"twitter:label1\" content=\"Verfasst von\" \/>\n\t<meta name=\"twitter:data1\" content=\"admin\" \/>\n\t<meta name=\"twitter:label2\" content=\"Gesch\u00e4tzte Lesezeit\" \/>\n\t<meta name=\"twitter:data2\" content=\"2\u00a0Minuten\" \/>\n<script type=\"application\/ld+json\" class=\"yoast-schema-graph\">{\"@context\":\"https:\/\/schema.org\",\"@graph\":[{\"@type\":\"Article\",\"@id\":\"http:\/\/denizcankizil.tr\/de\/haberler\/gundem\/donmezden-mecliste-ramazan-senlikleri-bilgilendirmesi\/#article\",\"isPartOf\":{\"@id\":\"http:\/\/denizcankizil.tr\/de\/haberler\/gundem\/donmezden-mecliste-ramazan-senlikleri-bilgilendirmesi\/\"},\"author\":{\"name\":\"admin\",\"@id\":\"https:\/\/denizcankizil.tr\/#\/schema\/person\/be3c05fe6a12686905512445d8185489\"},\"headline\":\"D\u00f6nmez\u2019den Mecliste Ramazan \u015eenlikleri bilgilendirmesi\u2026\",\"datePublished\":\"2025-03-03T14:41:22+00:00\",\"mainEntityOfPage\":{\"@id\":\"http:\/\/denizcankizil.tr\/de\/haberler\/gundem\/donmezden-mecliste-ramazan-senlikleri-bilgilendirmesi\/\"},\"wordCount\":451,\"commentCount\":0,\"publisher\":{\"@id\":\"https:\/\/denizcankizil.tr\/#organization\"},\"articleSection\":[\"G\u00fcndem\"],\"inLanguage\":\"de\",\"potentialAction\":[{\"@type\":\"CommentAction\",\"name\":\"Comment\",\"target\":[\"http:\/\/denizcankizil.tr\/de\/haberler\/gundem\/donmezden-mecliste-ramazan-senlikleri-bilgilendirmesi\/#respond\"]}]},{\"@type\":\"WebPage\",\"@id\":\"http:\/\/denizcankizil.tr\/de\/haberler\/gundem\/donmezden-mecliste-ramazan-senlikleri-bilgilendirmesi\/\",\"url\":\"http:\/\/denizcankizil.tr\/de\/haberler\/gundem\/donmezden-mecliste-ramazan-senlikleri-bilgilendirmesi\/\",\"name\":\"D\u00f6nmez\u2019den Mecliste Ramazan \u015eenlikleri bilgilendirmesi\u2026 - Av. Deniz Can K\u0131z\u0131l\",\"isPartOf\":{\"@id\":\"https:\/\/denizcankizil.tr\/#website\"},\"datePublished\":\"2025-03-03T14:41:22+00:00\",\"breadcrumb\":{\"@id\":\"http:\/\/denizcankizil.tr\/de\/haberler\/gundem\/donmezden-mecliste-ramazan-senlikleri-bilgilendirmesi\/#breadcrumb\"},\"inLanguage\":\"de\",\"potentialAction\":[{\"@type\":\"ReadAction\",\"target\":[\"http:\/\/denizcankizil.tr\/de\/haberler\/gundem\/donmezden-mecliste-ramazan-senlikleri-bilgilendirmesi\/\"]}]},{\"@type\":\"BreadcrumbList\",\"@id\":\"http:\/\/denizcankizil.tr\/de\/haberler\/gundem\/donmezden-mecliste-ramazan-senlikleri-bilgilendirmesi\/#breadcrumb\",\"itemListElement\":[{\"@type\":\"ListItem\",\"position\":1,\"name\":\"Home\",\"item\":\"https:\/\/denizcankizil.tr\/de\/\"},{\"@type\":\"ListItem\",\"position\":2,\"name\":\"D\u00f6nmez\u2019den Mecliste Ramazan \u015eenlikleri bilgilendirmesi\u2026\"}]},{\"@type\":\"WebSite\",\"@id\":\"https:\/\/denizcankizil.tr\/#website\",\"url\":\"https:\/\/denizcankizil.tr\/\",\"name\":\"Av. Deniz Can K\u0131z\u0131l\",\"description\":\"Avukat Deniz Can K\u0131z\u0131l Antalya Barosu\",\"publisher\":{\"@id\":\"https:\/\/denizcankizil.tr\/#organization\"},\"potentialAction\":[{\"@type\":\"SearchAction\",\"target\":{\"@type\":\"EntryPoint\",\"urlTemplate\":\"https:\/\/denizcankizil.tr\/?s={search_term_string}\"},\"query-input\":{\"@type\":\"PropertyValueSpecification\",\"valueRequired\":true,\"valueName\":\"search_term_string\"}}],\"inLanguage\":\"de\"},{\"@type\":\"Organization\",\"@id\":\"https:\/\/denizcankizil.tr\/#organization\",\"name\":\"Av. Deniz Can K\u0131z\u0131l\",\"url\":\"https:\/\/denizcankizil.tr\/\",\"logo\":{\"@type\":\"ImageObject\",\"inLanguage\":\"de\",\"@id\":\"https:\/\/denizcankizil.tr\/#\/schema\/logo\/image\/\",\"url\":\"http:\/\/denizcankizil.tr\/wp-content\/uploads\/2024\/10\/siyah-logo-svg.svg\",\"contentUrl\":\"http:\/\/denizcankizil.tr\/wp-content\/uploads\/2024\/10\/siyah-logo-svg.svg\",\"width\":1080,\"height\":1080,\"caption\":\"Av. Deniz Can K\u0131z\u0131l\"},\"image\":{\"@id\":\"https:\/\/denizcankizil.tr\/#\/schema\/logo\/image\/\"}},{\"@type\":\"Person\",\"@id\":\"https:\/\/denizcankizil.tr\/#\/schema\/person\/be3c05fe6a12686905512445d8185489\",\"name\":\"admin\",\"image\":{\"@type\":\"ImageObject\",\"inLanguage\":\"de\",\"@id\":\"https:\/\/denizcankizil.tr\/#\/schema\/person\/image\/\",\"url\":\"https:\/\/secure.gravatar.com\/avatar\/c1fce94c830dc79107e174f890d7210541c4a63e8e5d816341794a2151c9d58c?s=96&d=mm&r=g\",\"contentUrl\":\"https:\/\/secure.gravatar.com\/avatar\/c1fce94c830dc79107e174f890d7210541c4a63e8e5d816341794a2151c9d58c?s=96&d=mm&r=g\",\"caption\":\"admin\"},\"sameAs\":[\"http:\/\/denizcankizil.tr\"],\"url\":\"https:\/\/www.iskenderun.org\/donmezden-mecliste-ramazan-senlikleri-bilgilendirmesi\"}]}<\/script>\n<!-- \/ Yoast SEO Premium plugin. -->","yoast_head_json":{"title":"D\u00f6nmez\u2019den Mecliste Ramazan \u015eenlikleri bilgilendirmesi\u2026 - Av. Deniz Can K\u0131z\u0131l","robots":{"index":"index","follow":"follow","max-snippet":"max-snippet:-1","max-image-preview":"max-image-preview:large","max-video-preview":"max-video-preview:-1"},"canonical":"http:\/\/denizcankizil.tr\/de\/haberler\/gundem\/donmezden-mecliste-ramazan-senlikleri-bilgilendirmesi\/","og_locale":"de_DE","og_type":"article","og_title":"D\u00f6nmez\u2019den Mecliste Ramazan \u015eenlikleri bilgilendirmesi\u2026","og_description":"\u0130skenderun Belediye Meclisi Mart ay\u0131ndaki \u00e7al\u0131\u015fmalar\u0131na \u0130TSO Meclis Salonunda ba\u015flad\u0131. Belediye Meclisi aralar\u0131nda Ba\u015fkan Mehmet D\u00f6nmez\u2019e bor\u00e7lanma yetkisi verilmesinin de bulundu\u011fu g\u00fcndem maddeleri g\u00f6r\u00fc\u015f\u00fclmesi s\u0131ras\u0131nda \u2018Ramazan \u015fenlikleri\u2019 konusu da g\u00fcndeme getirildi. Belediye Ba\u015fkan\u0131 Mehmet D\u00f6nmez deprem sonras\u0131 moral olmas\u0131 nedeniyle kentte bir Ramazan \u015eenli\u011fi d\u00fczenlemeyi hedeflediklerini ancak, tasarruf tedbirleri genelgesi nedeniyle \u015fenliklerin ihale kapsam\u0131nda yap\u0131lmas\u0131 m\u00fcmk\u00fcn olmad\u0131\u011f\u0131n\u0131 hat\u0131rlatarak \u201cBu nedenle, \u00c7evre ve \u015eehircilik Bakanl\u0131\u011f\u0131&#8217;na ba\u015fvurarak s\u00fcreci nas\u0131l y\u00f6netmeleri gerekti\u011fini sormu\u015ftuk. Bakanl\u0131k, belediyeye yaz\u0131l\u0131 olarak Ramazan \u015eenlikleri\u2019ni d\u00fczenleyebilmesi i\u00e7in gereken izinleri verdi\u201d dedi. \u0130skenderun Belediyesi&#8217;nin Ramazan \u015eenlikleri i\u00e7in belirledi\u011fi b\u00fct\u00e7e, 20.000.000 TL ile s\u0131n\u0131rl\u0131 oldu\u011funu ifade eden Ba\u015fkan D\u00f6nmez \u201cBu b\u00fct\u00e7e dahilinde yakla\u015f\u0131k 4-5 bin koli yard\u0131m yap\u0131lmas\u0131 planlanmaktad\u0131r. Ayr\u0131ca, \u015fenliklerin maliyetinin b\u00fcy\u00fck k\u0131sm\u0131 sponsorlar taraf\u0131ndan kar\u015f\u0131lanmaktad\u0131r. Halkbank, 2 milyon TL sponsor olurken, bir ba\u015fka firma da 1 milyon TL katk\u0131 sa\u011flad\u0131. \u00c7evre ve \u015eehircilik Bakanl\u0131\u011f\u0131 ile de g\u00f6r\u00fc\u015fmeler devam etmekte olup, geri kalan k\u0131sm\u0131n bakanl\u0131k taraf\u0131ndan finanse edilmesi beklenmektedir. \u0130lk defa belediyenin kasas\u0131ndan bu y\u0131l Ramazan kolileriyle ilgili bir kuru\u015f para \u00e7\u0131km\u0131yor. 16 milyon TL de\u011ferinde 10.000 koli bir aile taraf\u0131ndan kar\u015f\u0131lan\u0131yor. Bu yard\u0131m faaliyetlerinde devletin de\u011fil, hay\u0131rseverlerin katk\u0131s\u0131 b\u00fcy\u00fck. Belediye herhangi bir harcamaya kat\u0131lmad\u0131 ve bu i\u015fler halkla birlikte g\u00f6n\u00fcll\u00fcl\u00fck esas\u0131na dayal\u0131 olarak y\u00fcr\u00fct\u00fcl\u00fcyor\u201d diye konu\u015ftu. Ayr\u0131ca, \u00f6nceki y\u0131llarda &hellip;","og_url":"http:\/\/denizcankizil.tr\/de\/haberler\/gundem\/donmezden-mecliste-ramazan-senlikleri-bilgilendirmesi\/","og_site_name":"Av. Deniz Can K\u0131z\u0131l","article_published_time":"2025-03-03T14:41:22+00:00","author":"admin","twitter_card":"summary_large_image","twitter_misc":{"Verfasst von":"admin","Gesch\u00e4tzte Lesezeit":"2\u00a0Minuten"},"schema":{"@context":"https:\/\/schema.org","@graph":[{"@type":"Article","@id":"http:\/\/denizcankizil.tr\/de\/haberler\/gundem\/donmezden-mecliste-ramazan-senlikleri-bilgilendirmesi\/#article","isPartOf":{"@id":"http:\/\/denizcankizil.tr\/de\/haberler\/gundem\/donmezden-mecliste-ramazan-senlikleri-bilgilendirmesi\/"},"author":{"name":"admin","@id":"https:\/\/denizcankizil.tr\/#\/schema\/person\/be3c05fe6a12686905512445d8185489"},"headline":"D\u00f6nmez\u2019den Mecliste Ramazan \u015eenlikleri bilgilendirmesi\u2026","datePublished":"2025-03-03T14:41:22+00:00","mainEntityOfPage":{"@id":"http:\/\/denizcankizil.tr\/de\/haberler\/gundem\/donmezden-mecliste-ramazan-senlikleri-bilgilendirmesi\/"},"wordCount":451,"commentCount":0,"publisher":{"@id":"https:\/\/denizcankizil.tr\/#organization"},"articleSection":["G\u00fcndem"],"inLanguage":"de","potentialAction":[{"@type":"CommentAction","name":"Comment","target":["http:\/\/denizcankizil.tr\/de\/haberler\/gundem\/donmezden-mecliste-ramazan-senlikleri-bilgilendirmesi\/#respond"]}]},{"@type":"WebPage","@id":"http:\/\/denizcankizil.tr\/de\/haberler\/gundem\/donmezden-mecliste-ramazan-senlikleri-bilgilendirmesi\/","url":"http:\/\/denizcankizil.tr\/de\/haberler\/gundem\/donmezden-mecliste-ramazan-senlikleri-bilgilendirmesi\/","name":"D\u00f6nmez\u2019den Mecliste Ramazan \u015eenlikleri bilgilendirmesi\u2026 - Av. Deniz Can K\u0131z\u0131l","isPartOf":{"@id":"https:\/\/denizcankizil.tr\/#website"},"datePublished":"2025-03-03T14:41:22+00:00","breadcrumb":{"@id":"http:\/\/denizcankizil.tr\/de\/haberler\/gundem\/donmezden-mecliste-ramazan-senlikleri-bilgilendirmesi\/#breadcrumb"},"inLanguage":"de","potentialAction":[{"@type":"ReadAction","target":["http:\/\/denizcankizil.tr\/de\/haberler\/gundem\/donmezden-mecliste-ramazan-senlikleri-bilgilendirmesi\/"]}]},{"@type":"BreadcrumbList","@id":"http:\/\/denizcankizil.tr\/de\/haberler\/gundem\/donmezden-mecliste-ramazan-senlikleri-bilgilendirmesi\/#breadcrumb","itemListElement":[{"@type":"ListItem","position":1,"name":"Home","item":"https:\/\/denizcankizil.tr\/de\/"},{"@type":"ListItem","position":2,"name":"D\u00f6nmez\u2019den Mecliste Ramazan \u015eenlikleri bilgilendirmesi\u2026"}]},{"@type":"WebSite","@id":"https:\/\/denizcankizil.tr\/#website","url":"https:\/\/denizcankizil.tr\/","name":"Av. Deniz Can K\u0131z\u0131l","description":"Avukat Deniz Can K\u0131z\u0131l Antalya Barosu","publisher":{"@id":"https:\/\/denizcankizil.tr\/#organization"},"potentialAction":[{"@type":"SearchAction","target":{"@type":"EntryPoint","urlTemplate":"https:\/\/denizcankizil.tr\/?s={search_term_string}"},"query-input":{"@type":"PropertyValueSpecification","valueRequired":true,"valueName":"search_term_string"}}],"inLanguage":"de"},{"@type":"Organization","@id":"https:\/\/denizcankizil.tr\/#organization","name":"Av. Deniz Can K\u0131z\u0131l","url":"https:\/\/denizcankizil.tr\/","logo":{"@type":"ImageObject","inLanguage":"de","@id":"https:\/\/denizcankizil.tr\/#\/schema\/logo\/image\/","url":"http:\/\/denizcankizil.tr\/wp-content\/uploads\/2024\/10\/siyah-logo-svg.svg","contentUrl":"http:\/\/denizcankizil.tr\/wp-content\/uploads\/2024\/10\/siyah-logo-svg.svg","width":1080,"height":1080,"caption":"Av. Deniz Can K\u0131z\u0131l"},"image":{"@id":"https:\/\/denizcankizil.tr\/#\/schema\/logo\/image\/"}},{"@type":"Person","@id":"https:\/\/denizcankizil.tr\/#\/schema\/person\/be3c05fe6a12686905512445d8185489","name":"Administrator","image":{"@type":"ImageObject","inLanguage":"de","@id":"https:\/\/denizcankizil.tr\/#\/schema\/person\/image\/","url":"https:\/\/secure.gravatar.com\/avatar\/c1fce94c830dc79107e174f890d7210541c4a63e8e5d816341794a2151c9d58c?s=96&d=mm&r=g","contentUrl":"https:\/\/secure.gravatar.com\/avatar\/c1fce94c830dc79107e174f890d7210541c4a63e8e5d816341794a2151c9d58c?s=96&d=mm&r=g","caption":"admin"},"sameAs":["http:\/\/denizcankizil.tr"],"url":"https:\/\/www.iskenderun.org\/donmezden-mecliste-ramazan-senlikleri-bilgilendirmesi"}]}},"_links":{"self":[{"href":"http:\/\/denizcankizil.tr\/de\/wp-json\/wp\/v2\/posts\/34613","targetHints":{"allow":["GET"]}}],"collection":[{"href":"http:\/\/denizcankizil.tr\/de\/wp-json\/wp\/v2\/posts"}],"about":[{"href":"http:\/\/denizcankizil.tr\/de\/wp-json\/wp\/v2\/types\/post"}],"author":[{"embeddable":true,"href":"http:\/\/denizcankizil.tr\/de\/wp-json\/wp\/v2\/users\/1"}],"replies":[{"embeddable":true,"href":"http:\/\/denizcankizil.tr\/de\/wp-json\/wp\/v2\/comments?post=34613"}],"version-history":[{"count":0,"href":"http:\/\/denizcankizil.tr\/de\/wp-json\/wp\/v2\/posts\/34613\/revisions"}],"wp:attachment":[{"href":"http:\/\/denizcankizil.tr\/de\/wp-json\/wp\/v2\/media?parent=34613"}],"wp:term":[{"taxonomy":"category","embeddable":true,"href":"http:\/\/denizcankizil.tr\/de\/wp-json\/wp\/v2\/categories?post=34613"},{"taxonomy":"post_tag","embeddable":true,"href":"http:\/\/denizcankizil.tr\/de\/wp-json\/wp\/v2\/tags?post=34613"}],"curies":[{"name":"wp","href":"https:\/\/api.w.org\/{rel}","templated":true}]}}