{"id":34603,"date":"2025-03-03T15:41:28","date_gmt":"2025-03-03T12:41:28","guid":{"rendered":"https:\/\/denizcankizil.tr\/uncategorized-tr\/turk-saglik-sen-kocaelinden-enflasyon-yorumu-memur-ve-emekli-icin-ek-onlem-alinmali\/"},"modified":"2025-03-03T15:41:28","modified_gmt":"2025-03-03T12:41:28","slug":"turk-saglik-sen-kocaelinden-enflasyon-yorumu-memur-ve-emekli-icin-ek-onlem-alinmali","status":"publish","type":"post","link":"http:\/\/denizcankizil.tr\/de\/haberler\/gundem\/turk-saglik-sen-kocaelinden-enflasyon-yorumu-memur-ve-emekli-icin-ek-onlem-alinmali\/","title":{"rendered":"T\u00fcrk Sa\u011fl\u0131k Sen Kocaeli&#8217;nden enflasyon yorumu&#8230; Memur ve emekli i\u00e7in ek \u00f6nlem al\u0131nmal\u0131"},"content":{"rendered":"<p>T\u00dc\u0130K\u2019in, \u015fubat ay\u0131na ili\u015fkin enflasyon rakamlar\u0131n\u0131 a\u00e7\u0131klamas\u0131 nedeniyle yaz\u0131l\u0131 a\u00e7\u0131klama yapan T\u00fcrk Sa\u011fl\u0131k Sen Kocaeli \u015eube Ba\u015fkan\u0131 \u00d6mer \u00c7eker, s\u00f6z konusu rakamlara g\u00f6re y\u0131l\u0131n ikinci ay\u0131nda al\u0131m g\u00fcc\u00fcn\u00fcn d\u00fc\u015ft\u00fc\u011f\u00fcn\u00fc s\u00f6yledi.KOCAEL\u0130 (\u0130GFA) -T\u00dc\u0130K\u2019in, \u015eubat ay\u0131na ili\u015fkin enflasyon rakamlar\u0131 belli ioldu. Buna g\u00f6re T\u00fcrkiye&#8217;deki mal ve hizmet fiyatlar\u0131 ge\u00e7en ay i\u00e7inde ortalama y\u00fczde 2,27 oran\u0131nda y\u00fckseldi. Bu rakamlara g\u00f6re ocak ay\u0131nda memur ve emeklilere 6 ay i\u00e7in verilen y\u00fczde 6\u2019l\u0131k zam enflasyona yenik d\u00fc\u015ferken al\u0131m g\u00fcc\u00fc de iki ayda resmi olarak y\u00fczde 1,41 eridi.<br \/>\nYap\u0131lan maa\u015f zamm\u0131na ra\u011fmen y\u0131l\u0131n ikinci ay\u0131nda al\u0131m g\u00fcc\u00fcn\u00fcn d\u00fc\u015fm\u00fc\u015f olmas\u0131, \u00f6n\u00fcm\u00fczdeki s\u00fcrecin daha da zor olaca\u011f\u0131n\u0131 ve ge\u00e7im derdinin artaca\u011f\u0131n\u0131 g\u00f6sterirken T\u00fcrk Sa\u011fl\u0131k Sen Kocaeli \u015eube Ba\u015fkan\u0131 \u00d6mer \u00c7eker, konuyla ilgili yaz\u0131l\u0131 a\u00e7\u0131klama yapt\u0131.<br \/>\nKamu \u00e7al\u0131\u015fanlar\u0131 ve emeklilerin Ramazan sevinci, ya\u015fad\u0131klar\u0131 ekonomik zorluklarla g\u00f6lgelendi\u011fi ifade edilen \u00c7eker, iftar \u015fenlikleri yerini ge\u00e7im derdine b\u0131rakt\u0131\u011f\u0131n\u0131 belirterek, &#8220;\u0130\u011fneden ipli\u011fe her \u015feyin zamland\u0131\u011f\u0131 bu ortamda memurlar ge\u00e7inmek her ge\u00e7en g\u00fcn biraz daha zorla\u015f\u0131yor. Aileleriyle birlikte 25 milyona yakla\u015fan bir kitlenin al\u0131m g\u00fcc\u00fcn\u00fcn bu denli d\u00fc\u015fmesi, piyasada i\u015flerin yava\u015flamas\u0131na ve esnaf\u0131n da kepenk kapatmas\u0131na neden olabilecek bir durgunlu\u011fu beraberinde getirebilir. \u00dccret politikalar\u0131yla ba\u015flayan bu sarmal s\u00fcrd\u00fcr\u00fclebilir bir durum olmaktan \u00e7\u0131km\u0131\u015ft\u0131r. Bir tarafta git gide zorla\u015fan ge\u00e7im \u015fartlar\u0131na ba\u011fl\u0131 olarak yok olup giden al\u0131m g\u00fcc\u00fc, di\u011fer tarafta kepenk indiren esnaf ve t\u00fcccar, \u00fclkemizin ekonomik hayat\u0131n\u0131n daha b\u00fcy\u00fck zorluklara gebe oldu\u011funu g\u00f6stermektedir&#8221; dedi.<br \/>\nT\u00fcrkiye Kamu-Sen olarak 2023 y\u0131l\u0131 toplu s\u00f6zle\u015fme s\u00fcrecinden beri \u00f6zellikle 2025 y\u0131l\u0131 maa\u015f art\u0131\u015flar\u0131na dikkat \u00e7ektiklerini vurgulayan \u00c7eker, &#8220;Buna ek olarak y\u0131lba\u015f\u0131nda b\u00fct\u00fcn \u00fclke genelinde yapt\u0131\u011f\u0131m\u0131z uyar\u0131larla memur ve emekli maa\u015flar\u0131n\u0131n hedeflenen enflasyonun bile alt\u0131nda art\u0131r\u0131ld\u0131\u011f\u0131n\u0131, bu durumun adil olmad\u0131\u011f\u0131n\u0131 ifade etmi\u015ftik. Bug\u00fcn ise daha iki ay i\u00e7inde azalan al\u0131m g\u00fcc\u00fc nedeniyle memurlar\u0131m\u0131z Ramazan ay\u0131n\u0131n bereketini dahi hissedemeyecek duruma gelmi\u015ftir. Bu ay\u0131n sonunda kutlayaca\u011f\u0131m\u0131z Ramazan Bayram\u0131\u2019n\u0131n masraflar\u0131n\u0131n nas\u0131l kar\u015f\u0131lanaca\u011f\u0131 ise merak konusudur. \u00c7al\u0131\u015fan ve emeklilerimiz, evlerine gelen misafirlerini g\u00f6n\u00fcllerince a\u011f\u0131rlayacak, \u00e7ocuklar\u0131na bayraml\u0131k alacak, har\u00e7l\u0131k verecek durumdan uzakt\u0131r.\u00a0 \u00dcstelik kamuda bayram ikramiyesi alamayan tek kesim olan memurlar\u0131m\u0131z, bu adaletsiz durum nedeniyle de ayr\u0131 bir ma\u011fduriyet ya\u015famaktad\u0131r. Gelinen noktada memur ve emeklinin nefes alacak halinin kalmad\u0131\u011f\u0131 g\u00f6r\u00fclmelidir. Bu durumun mutlak surette \u00f6n\u00fcne ge\u00e7ilmelidir&#8221; diye konu\u015ftu.<br \/>\nBU AY \u0130T\u0130BARI \u0130LE EK ZAM YAPILMALI<br \/>\n\u00c7eker, piyasalar\u0131 so\u011futarak enflasyonu d\u00fc\u015f\u00fcrmek amac\u0131yla dar ve sabit gelirlilerin harcama yapma kabiliyetini yok etmek do\u011fru bir yakla\u015f\u0131m olmad\u0131\u011f\u0131n\u0131 belirterek, \u00fclke b\u00fcy\u00fcrken pastadan hak etti\u011fini alamayan memur ve emeklilerin enflasyon y\u00fckselirken de al\u0131m g\u00fc\u00e7lerini kaybettirdi\u011fini s\u00f6yledi.<\/p>\n<p>\u200bT\u00dc\u0130K\u2019in, \u015fubat ay\u0131na ili\u015fkin enflasyon rakamlar\u0131n\u0131 a\u00e7\u0131klamas\u0131 nedeniyle yaz\u0131l\u0131 a\u00e7\u0131klama yapan T\u00fcrk Sa\u011fl\u0131k Sen Kocaeli \u015eube Ba\u015fkan\u0131 \u00d6mer \u00c7eker, s\u00f6z konusu rakamlara g\u00f6re y\u0131l\u0131n ikinci ay\u0131nda al\u0131m g\u00fcc\u00fcn\u00fcn d\u00fc\u015ft\u00fc\u011f\u00fcn\u00fc s\u00f6yledi.KOCAEL\u0130 (\u0130GFA) -T\u00dc\u0130K\u2019in, \u015eubat ay\u0131na ili\u015fkin enflasyon rakamlar\u0131 belli ioldu. Buna g\u00f6re T\u00fcrkiye&#8217;deki mal ve hizmet fiyatlar\u0131 ge\u00e7en ay i\u00e7inde ortalama y\u00fczde 2,27 oran\u0131nda y\u00fckseldi. Bu rakamlara g\u00f6re ocak ay\u0131nda memur ve emeklilere 6 ay i\u00e7in verilen y\u00fczde 6\u2019l\u0131k zam enflasyona yenik d\u00fc\u015ferken al\u0131m g\u00fcc\u00fc de iki ayda resmi olarak y\u00fczde 1,41 eridi.<br \/>\nYap\u0131lan maa\u015f zamm\u0131na ra\u011fmen y\u0131l\u0131n ikinci ay\u0131nda al\u0131m g\u00fcc\u00fcn\u00fcn d\u00fc\u015fm\u00fc\u015f olmas\u0131, \u00f6n\u00fcm\u00fczdeki s\u00fcrecin daha da zor olaca\u011f\u0131n\u0131 ve ge\u00e7im derdinin artaca\u011f\u0131n\u0131 g\u00f6sterirken T\u00fcrk Sa\u011fl\u0131k Sen Kocaeli \u015eube Ba\u015fkan\u0131 \u00d6mer \u00c7eker, konuyla ilgili yaz\u0131l\u0131 a\u00e7\u0131klama yapt\u0131.<br \/>\nKamu \u00e7al\u0131\u015fanlar\u0131 ve emeklilerin Ramazan sevinci, ya\u015fad\u0131klar\u0131 ekonomik zorluklarla g\u00f6lgelendi\u011fi ifade edilen \u00c7eker, iftar \u015fenlikleri yerini ge\u00e7im derdine b\u0131rakt\u0131\u011f\u0131n\u0131 belirterek, &#8220;\u0130\u011fneden ipli\u011fe her \u015feyin zamland\u0131\u011f\u0131 bu ortamda memurlar ge\u00e7inmek her ge\u00e7en g\u00fcn biraz daha zorla\u015f\u0131yor. Aileleriyle birlikte 25 milyona yakla\u015fan bir kitlenin al\u0131m g\u00fcc\u00fcn\u00fcn bu denli d\u00fc\u015fmesi, piyasada i\u015flerin yava\u015flamas\u0131na ve esnaf\u0131n da kepenk kapatmas\u0131na neden olabilecek bir durgunlu\u011fu beraberinde getirebilir. \u00dccret politikalar\u0131yla ba\u015flayan bu sarmal s\u00fcrd\u00fcr\u00fclebilir bir durum olmaktan \u00e7\u0131km\u0131\u015ft\u0131r. Bir tarafta git gide zorla\u015fan ge\u00e7im \u015fartlar\u0131na ba\u011fl\u0131 olarak yok olup giden al\u0131m g\u00fcc\u00fc, di\u011fer tarafta kepenk indiren esnaf ve t\u00fcccar, \u00fclkemizin ekonomik hayat\u0131n\u0131n daha b\u00fcy\u00fck zorluklara gebe oldu\u011funu g\u00f6stermektedir&#8221; dedi.<br \/>\nT\u00fcrkiye Kamu-Sen olarak 2023 y\u0131l\u0131 toplu s\u00f6zle\u015fme s\u00fcrecinden beri \u00f6zellikle 2025 y\u0131l\u0131 maa\u015f art\u0131\u015flar\u0131na dikkat \u00e7ektiklerini vurgulayan \u00c7eker, &#8220;Buna ek olarak y\u0131lba\u015f\u0131nda b\u00fct\u00fcn \u00fclke genelinde yapt\u0131\u011f\u0131m\u0131z uyar\u0131larla memur ve emekli maa\u015flar\u0131n\u0131n hedeflenen enflasyonun bile alt\u0131nda art\u0131r\u0131ld\u0131\u011f\u0131n\u0131, bu durumun adil olmad\u0131\u011f\u0131n\u0131 ifade etmi\u015ftik. Bug\u00fcn ise daha iki ay i\u00e7inde azalan al\u0131m g\u00fcc\u00fc nedeniyle memurlar\u0131m\u0131z Ramazan ay\u0131n\u0131n bereketini dahi hissedemeyecek duruma gelmi\u015ftir. Bu ay\u0131n sonunda kutlayaca\u011f\u0131m\u0131z Ramazan Bayram\u0131\u2019n\u0131n masraflar\u0131n\u0131n nas\u0131l kar\u015f\u0131lanaca\u011f\u0131 ise merak konusudur. \u00c7al\u0131\u015fan ve emeklilerimiz, evlerine gelen misafirlerini g\u00f6n\u00fcllerince a\u011f\u0131rlayacak, \u00e7ocuklar\u0131na bayraml\u0131k alacak, har\u00e7l\u0131k verecek durumdan uzakt\u0131r.\u00a0 \u00dcstelik kamuda bayram ikramiyesi alamayan tek kesim olan memurlar\u0131m\u0131z, bu adaletsiz durum nedeniyle de ayr\u0131 bir ma\u011fduriyet ya\u015famaktad\u0131r. Gelinen noktada memur ve emeklinin nefes alacak halinin kalmad\u0131\u011f\u0131 g\u00f6r\u00fclmelidir. Bu durumun mutlak surette \u00f6n\u00fcne ge\u00e7ilmelidir&#8221; diye konu\u015ftu.<br \/>\nBU AY \u0130T\u0130BARI \u0130LE EK ZAM YAPILMALI<br \/>\n\u00c7eker, piyasalar\u0131 so\u011futarak enflasyonu d\u00fc\u015f\u00fcrmek amac\u0131yla dar ve sabit gelirlilerin harcama yapma kabiliyetini yok etmek do\u011fru bir yakla\u015f\u0131m olmad\u0131\u011f\u0131n\u0131 belirterek, \u00fclke b\u00fcy\u00fcrken pastadan hak etti\u011fini alamayan memur ve emeklilerin enflasyon y\u00fckselirken de al\u0131m g\u00fc\u00e7lerini kaybettirdi\u011fini s\u00f6yledi.\u00a0<\/p>\n<p>\u200bHaberin Al\u0131nt\u0131land\u0131\u011f\u0131 Kaynak: www.iskenderun.org<\/p>","protected":false},"excerpt":{"rendered":"<p>T\u00dc\u0130K\u2019in, \u015fubat ay\u0131na ili\u015fkin enflasyon rakamlar\u0131n\u0131 a\u00e7\u0131klamas\u0131 nedeniyle yaz\u0131l\u0131 a\u00e7\u0131klama yapan T\u00fcrk Sa\u011fl\u0131k Sen Kocaeli \u015eube Ba\u015fkan\u0131 \u00d6mer \u00c7eker, s\u00f6z konusu rakamlara g\u00f6re y\u0131l\u0131n ikinci ay\u0131nda al\u0131m g\u00fcc\u00fcn\u00fcn d\u00fc\u015ft\u00fc\u011f\u00fcn\u00fc s\u00f6yledi.KOCAEL\u0130 (\u0130GFA) -T\u00dc\u0130K\u2019in, \u015eubat ay\u0131na ili\u015fkin enflasyon rakamlar\u0131 belli ioldu. Buna g\u00f6re T\u00fcrkiye&#8217;deki mal ve hizmet fiyatlar\u0131 ge\u00e7en ay i\u00e7inde ortalama y\u00fczde 2,27 oran\u0131nda y\u00fckseldi. Bu rakamlara g\u00f6re ocak ay\u0131nda memur ve emeklilere 6 ay i\u00e7in verilen y\u00fczde 6\u2019l\u0131k zam enflasyona yenik d\u00fc\u015ferken al\u0131m g\u00fcc\u00fc de iki ayda resmi olarak y\u00fczde 1,41 eridi. Yap\u0131lan maa\u015f zamm\u0131na ra\u011fmen y\u0131l\u0131n ikinci ay\u0131nda al\u0131m g\u00fcc\u00fcn\u00fcn d\u00fc\u015fm\u00fc\u015f olmas\u0131, \u00f6n\u00fcm\u00fczdeki s\u00fcrecin daha da zor olaca\u011f\u0131n\u0131 ve ge\u00e7im derdinin artaca\u011f\u0131n\u0131 g\u00f6sterirken T\u00fcrk Sa\u011fl\u0131k Sen Kocaeli \u015eube Ba\u015fkan\u0131 \u00d6mer \u00c7eker, konuyla ilgili yaz\u0131l\u0131 a\u00e7\u0131klama yapt\u0131. Kamu \u00e7al\u0131\u015fanlar\u0131 ve emeklilerin Ramazan sevinci, ya\u015fad\u0131klar\u0131 ekonomik zorluklarla g\u00f6lgelendi\u011fi ifade edilen \u00c7eker, iftar \u015fenlikleri yerini ge\u00e7im derdine b\u0131rakt\u0131\u011f\u0131n\u0131 belirterek, &#8220;\u0130\u011fneden ipli\u011fe her \u015feyin zamland\u0131\u011f\u0131 bu ortamda memurlar ge\u00e7inmek her ge\u00e7en g\u00fcn biraz daha zorla\u015f\u0131yor. Aileleriyle birlikte 25 milyona yakla\u015fan bir kitlenin al\u0131m g\u00fcc\u00fcn\u00fcn bu denli d\u00fc\u015fmesi, piyasada i\u015flerin yava\u015flamas\u0131na ve esnaf\u0131n da kepenk kapatmas\u0131na neden olabilecek bir durgunlu\u011fu beraberinde getirebilir. \u00dccret politikalar\u0131yla ba\u015flayan bu sarmal s\u00fcrd\u00fcr\u00fclebilir bir durum olmaktan \u00e7\u0131km\u0131\u015ft\u0131r. Bir tarafta git gide zorla\u015fan ge\u00e7im \u015fartlar\u0131na ba\u011fl\u0131 olarak yok olup giden &hellip;<\/p>","protected":false},"author":1,"featured_media":0,"comment_status":"open","ping_status":"open","sticky":false,"template":"","format":"standard","meta":{"_acf_changed":false,"footnotes":""},"categories":[24],"tags":[],"class_list":["post-34603","post","type-post","status-publish","format-standard","has-post-thumbnail","hentry","category-gundem"],"acf":[],"yoast_head":"<!-- This site is optimized with the Yoast SEO Premium plugin v26.6 (Yoast SEO v27.1.1) - https:\/\/yoast.com\/product\/yoast-seo-premium-wordpress\/ -->\n<title>T\u00fcrk Sa\u011fl\u0131k Sen Kocaeli&#039;nden enflasyon yorumu... Memur ve emekli i\u00e7in ek \u00f6nlem al\u0131nmal\u0131 - Av. Deniz Can K\u0131z\u0131l<\/title>\n<meta name=\"robots\" content=\"index, follow, max-snippet:-1, max-image-preview:large, max-video-preview:-1\" \/>\n<link rel=\"canonical\" href=\"https:\/\/denizcankizil.tr\/de\/haberler\/gundem\/turk-saglik-sen-kocaelinden-enflasyon-yorumu-memur-ve-emekli-icin-ek-onlem-alinmali\/\" \/>\n<meta property=\"og:locale\" content=\"de_DE\" \/>\n<meta property=\"og:type\" content=\"article\" \/>\n<meta property=\"og:title\" content=\"T\u00fcrk Sa\u011fl\u0131k Sen Kocaeli&#039;nden enflasyon yorumu... Memur ve emekli i\u00e7in ek \u00f6nlem al\u0131nmal\u0131\" \/>\n<meta property=\"og:description\" content=\"T\u00dc\u0130K\u2019in, \u015fubat ay\u0131na ili\u015fkin enflasyon rakamlar\u0131n\u0131 a\u00e7\u0131klamas\u0131 nedeniyle yaz\u0131l\u0131 a\u00e7\u0131klama yapan T\u00fcrk Sa\u011fl\u0131k Sen Kocaeli \u015eube Ba\u015fkan\u0131 \u00d6mer \u00c7eker, s\u00f6z konusu rakamlara g\u00f6re y\u0131l\u0131n ikinci ay\u0131nda al\u0131m g\u00fcc\u00fcn\u00fcn d\u00fc\u015ft\u00fc\u011f\u00fcn\u00fc s\u00f6yledi.KOCAEL\u0130 (\u0130GFA) -T\u00dc\u0130K\u2019in, \u015eubat ay\u0131na ili\u015fkin enflasyon rakamlar\u0131 belli ioldu. Buna g\u00f6re T\u00fcrkiye&#8217;deki mal ve hizmet fiyatlar\u0131 ge\u00e7en ay i\u00e7inde ortalama y\u00fczde 2,27 oran\u0131nda y\u00fckseldi. Bu rakamlara g\u00f6re ocak ay\u0131nda memur ve emeklilere 6 ay i\u00e7in verilen y\u00fczde 6\u2019l\u0131k zam enflasyona yenik d\u00fc\u015ferken al\u0131m g\u00fcc\u00fc de iki ayda resmi olarak y\u00fczde 1,41 eridi. Yap\u0131lan maa\u015f zamm\u0131na ra\u011fmen y\u0131l\u0131n ikinci ay\u0131nda al\u0131m g\u00fcc\u00fcn\u00fcn d\u00fc\u015fm\u00fc\u015f olmas\u0131, \u00f6n\u00fcm\u00fczdeki s\u00fcrecin daha da zor olaca\u011f\u0131n\u0131 ve ge\u00e7im derdinin artaca\u011f\u0131n\u0131 g\u00f6sterirken T\u00fcrk Sa\u011fl\u0131k Sen Kocaeli \u015eube Ba\u015fkan\u0131 \u00d6mer \u00c7eker, konuyla ilgili yaz\u0131l\u0131 a\u00e7\u0131klama yapt\u0131. Kamu \u00e7al\u0131\u015fanlar\u0131 ve emeklilerin Ramazan sevinci, ya\u015fad\u0131klar\u0131 ekonomik zorluklarla g\u00f6lgelendi\u011fi ifade edilen \u00c7eker, iftar \u015fenlikleri yerini ge\u00e7im derdine b\u0131rakt\u0131\u011f\u0131n\u0131 belirterek, &#8220;\u0130\u011fneden ipli\u011fe her \u015feyin zamland\u0131\u011f\u0131 bu ortamda memurlar ge\u00e7inmek her ge\u00e7en g\u00fcn biraz daha zorla\u015f\u0131yor. Aileleriyle birlikte 25 milyona yakla\u015fan bir kitlenin al\u0131m g\u00fcc\u00fcn\u00fcn bu denli d\u00fc\u015fmesi, piyasada i\u015flerin yava\u015flamas\u0131na ve esnaf\u0131n da kepenk kapatmas\u0131na neden olabilecek bir durgunlu\u011fu beraberinde getirebilir. \u00dccret politikalar\u0131yla ba\u015flayan bu sarmal s\u00fcrd\u00fcr\u00fclebilir bir durum olmaktan \u00e7\u0131km\u0131\u015ft\u0131r. Bir tarafta git gide zorla\u015fan ge\u00e7im \u015fartlar\u0131na ba\u011fl\u0131 olarak yok olup giden &hellip;\" \/>\n<meta property=\"og:url\" content=\"https:\/\/denizcankizil.tr\/de\/haberler\/gundem\/turk-saglik-sen-kocaelinden-enflasyon-yorumu-memur-ve-emekli-icin-ek-onlem-alinmali\/\" \/>\n<meta property=\"og:site_name\" content=\"Av. Deniz Can K\u0131z\u0131l\" \/>\n<meta property=\"article:published_time\" content=\"2025-03-03T12:41:28+00:00\" \/>\n<meta name=\"author\" content=\"admin\" \/>\n<meta name=\"twitter:card\" content=\"summary_large_image\" \/>\n<meta name=\"twitter:label1\" content=\"Verfasst von\" \/>\n\t<meta name=\"twitter:data1\" content=\"admin\" \/>\n\t<meta name=\"twitter:label2\" content=\"Gesch\u00e4tzte Lesezeit\" \/>\n\t<meta name=\"twitter:data2\" content=\"6\u00a0Minuten\" \/>\n<script type=\"application\/ld+json\" class=\"yoast-schema-graph\">{\"@context\":\"https:\/\/schema.org\",\"@graph\":[{\"@type\":\"Article\",\"@id\":\"https:\/\/denizcankizil.tr\/uk\/haberler\/gundem\/turk-saglik-sen-kocaelinden-enflasyon-yorumu-memur-ve-emekli-icin-ek-onlem-alinmali\/#article\",\"isPartOf\":{\"@id\":\"https:\/\/denizcankizil.tr\/uk\/haberler\/gundem\/turk-saglik-sen-kocaelinden-enflasyon-yorumu-memur-ve-emekli-icin-ek-onlem-alinmali\/\"},\"author\":{\"name\":\"admin\",\"@id\":\"https:\/\/denizcankizil.tr\/de\/#\/schema\/person\/be3c05fe6a12686905512445d8185489\"},\"headline\":\"T\u00fcrk Sa\u011fl\u0131k Sen Kocaeli&#8217;nden enflasyon yorumu&#8230; Memur ve emekli i\u00e7in ek \u00f6nlem al\u0131nmal\u0131\",\"datePublished\":\"2025-03-03T12:41:28+00:00\",\"mainEntityOfPage\":{\"@id\":\"https:\/\/denizcankizil.tr\/uk\/haberler\/gundem\/turk-saglik-sen-kocaelinden-enflasyon-yorumu-memur-ve-emekli-icin-ek-onlem-alinmali\/\"},\"wordCount\":1169,\"commentCount\":0,\"publisher\":{\"@id\":\"https:\/\/denizcankizil.tr\/de\/#organization\"},\"articleSection\":[\"G\u00fcndem\"],\"inLanguage\":\"de\",\"potentialAction\":[{\"@type\":\"CommentAction\",\"name\":\"Comment\",\"target\":[\"https:\/\/denizcankizil.tr\/uk\/haberler\/gundem\/turk-saglik-sen-kocaelinden-enflasyon-yorumu-memur-ve-emekli-icin-ek-onlem-alinmali\/#respond\"]}]},{\"@type\":\"WebPage\",\"@id\":\"https:\/\/denizcankizil.tr\/uk\/haberler\/gundem\/turk-saglik-sen-kocaelinden-enflasyon-yorumu-memur-ve-emekli-icin-ek-onlem-alinmali\/\",\"url\":\"https:\/\/denizcankizil.tr\/uk\/haberler\/gundem\/turk-saglik-sen-kocaelinden-enflasyon-yorumu-memur-ve-emekli-icin-ek-onlem-alinmali\/\",\"name\":\"T\u00fcrk Sa\u011fl\u0131k Sen Kocaeli'nden enflasyon yorumu... Memur ve emekli i\u00e7in ek \u00f6nlem al\u0131nmal\u0131 - Av. Deniz Can K\u0131z\u0131l\",\"isPartOf\":{\"@id\":\"https:\/\/denizcankizil.tr\/de\/#website\"},\"datePublished\":\"2025-03-03T12:41:28+00:00\",\"breadcrumb\":{\"@id\":\"https:\/\/denizcankizil.tr\/uk\/haberler\/gundem\/turk-saglik-sen-kocaelinden-enflasyon-yorumu-memur-ve-emekli-icin-ek-onlem-alinmali\/#breadcrumb\"},\"inLanguage\":\"de\",\"potentialAction\":[{\"@type\":\"ReadAction\",\"target\":[\"https:\/\/denizcankizil.tr\/uk\/haberler\/gundem\/turk-saglik-sen-kocaelinden-enflasyon-yorumu-memur-ve-emekli-icin-ek-onlem-alinmali\/\"]}]},{\"@type\":\"BreadcrumbList\",\"@id\":\"https:\/\/denizcankizil.tr\/uk\/haberler\/gundem\/turk-saglik-sen-kocaelinden-enflasyon-yorumu-memur-ve-emekli-icin-ek-onlem-alinmali\/#breadcrumb\",\"itemListElement\":[{\"@type\":\"ListItem\",\"position\":1,\"name\":\"Home\",\"item\":\"https:\/\/denizcankizil.tr\/de\/\"},{\"@type\":\"ListItem\",\"position\":2,\"name\":\"T\u00fcrk Sa\u011fl\u0131k Sen Kocaeli&#8217;nden enflasyon yorumu&#8230; Memur ve emekli i\u00e7in ek \u00f6nlem al\u0131nmal\u0131\"}]},{\"@type\":\"WebSite\",\"@id\":\"https:\/\/denizcankizil.tr\/de\/#website\",\"url\":\"https:\/\/denizcankizil.tr\/de\/\",\"name\":\"Av. Deniz Can K\u0131z\u0131l\",\"description\":\"Avukat Deniz Can K\u0131z\u0131l Antalya Barosu\",\"publisher\":{\"@id\":\"https:\/\/denizcankizil.tr\/de\/#organization\"},\"potentialAction\":[{\"@type\":\"SearchAction\",\"target\":{\"@type\":\"EntryPoint\",\"urlTemplate\":\"https:\/\/denizcankizil.tr\/de\/?s={search_term_string}\"},\"query-input\":{\"@type\":\"PropertyValueSpecification\",\"valueRequired\":true,\"valueName\":\"search_term_string\"}}],\"inLanguage\":\"de\"},{\"@type\":\"Organization\",\"@id\":\"https:\/\/denizcankizil.tr\/de\/#organization\",\"name\":\"Av. Deniz Can K\u0131z\u0131l\",\"url\":\"https:\/\/denizcankizil.tr\/de\/\",\"logo\":{\"@type\":\"ImageObject\",\"inLanguage\":\"de\",\"@id\":\"https:\/\/denizcankizil.tr\/de\/#\/schema\/logo\/image\/\",\"url\":\"http:\/\/denizcankizil.tr\/wp-content\/uploads\/2024\/10\/siyah-logo-svg.svg\",\"contentUrl\":\"http:\/\/denizcankizil.tr\/wp-content\/uploads\/2024\/10\/siyah-logo-svg.svg\",\"width\":1080,\"height\":1080,\"caption\":\"Av. Deniz Can K\u0131z\u0131l\"},\"image\":{\"@id\":\"https:\/\/denizcankizil.tr\/de\/#\/schema\/logo\/image\/\"}},{\"@type\":\"Person\",\"@id\":\"https:\/\/denizcankizil.tr\/de\/#\/schema\/person\/be3c05fe6a12686905512445d8185489\",\"name\":\"admin\",\"image\":{\"@type\":\"ImageObject\",\"inLanguage\":\"de\",\"@id\":\"https:\/\/denizcankizil.tr\/de\/#\/schema\/person\/image\/\",\"url\":\"https:\/\/secure.gravatar.com\/avatar\/c1fce94c830dc79107e174f890d7210541c4a63e8e5d816341794a2151c9d58c?s=96&d=mm&r=g\",\"contentUrl\":\"https:\/\/secure.gravatar.com\/avatar\/c1fce94c830dc79107e174f890d7210541c4a63e8e5d816341794a2151c9d58c?s=96&d=mm&r=g\",\"caption\":\"admin\"},\"sameAs\":[\"http:\/\/denizcankizil.tr\"],\"url\":\"https:\/\/www.iskenderun.org\/turk-saglik-sen-kocaelinden-enflasyon-yorumu-memur-ve-emekli-icin-ek-onlem-alinmali\"}]}<\/script>\n<!-- \/ Yoast SEO Premium plugin. -->","yoast_head_json":{"title":"T\u00fcrk Sa\u011fl\u0131k Sen Kocaeli'nden enflasyon yorumu... Memur ve emekli i\u00e7in ek \u00f6nlem al\u0131nmal\u0131 - Av. Deniz Can K\u0131z\u0131l","robots":{"index":"index","follow":"follow","max-snippet":"max-snippet:-1","max-image-preview":"max-image-preview:large","max-video-preview":"max-video-preview:-1"},"canonical":"https:\/\/denizcankizil.tr\/de\/haberler\/gundem\/turk-saglik-sen-kocaelinden-enflasyon-yorumu-memur-ve-emekli-icin-ek-onlem-alinmali\/","og_locale":"de_DE","og_type":"article","og_title":"T\u00fcrk Sa\u011fl\u0131k Sen Kocaeli'nden enflasyon yorumu... Memur ve emekli i\u00e7in ek \u00f6nlem al\u0131nmal\u0131","og_description":"T\u00dc\u0130K\u2019in, \u015fubat ay\u0131na ili\u015fkin enflasyon rakamlar\u0131n\u0131 a\u00e7\u0131klamas\u0131 nedeniyle yaz\u0131l\u0131 a\u00e7\u0131klama yapan T\u00fcrk Sa\u011fl\u0131k Sen Kocaeli \u015eube Ba\u015fkan\u0131 \u00d6mer \u00c7eker, s\u00f6z konusu rakamlara g\u00f6re y\u0131l\u0131n ikinci ay\u0131nda al\u0131m g\u00fcc\u00fcn\u00fcn d\u00fc\u015ft\u00fc\u011f\u00fcn\u00fc s\u00f6yledi.KOCAEL\u0130 (\u0130GFA) -T\u00dc\u0130K\u2019in, \u015eubat ay\u0131na ili\u015fkin enflasyon rakamlar\u0131 belli ioldu. Buna g\u00f6re T\u00fcrkiye&#8217;deki mal ve hizmet fiyatlar\u0131 ge\u00e7en ay i\u00e7inde ortalama y\u00fczde 2,27 oran\u0131nda y\u00fckseldi. Bu rakamlara g\u00f6re ocak ay\u0131nda memur ve emeklilere 6 ay i\u00e7in verilen y\u00fczde 6\u2019l\u0131k zam enflasyona yenik d\u00fc\u015ferken al\u0131m g\u00fcc\u00fc de iki ayda resmi olarak y\u00fczde 1,41 eridi. Yap\u0131lan maa\u015f zamm\u0131na ra\u011fmen y\u0131l\u0131n ikinci ay\u0131nda al\u0131m g\u00fcc\u00fcn\u00fcn d\u00fc\u015fm\u00fc\u015f olmas\u0131, \u00f6n\u00fcm\u00fczdeki s\u00fcrecin daha da zor olaca\u011f\u0131n\u0131 ve ge\u00e7im derdinin artaca\u011f\u0131n\u0131 g\u00f6sterirken T\u00fcrk Sa\u011fl\u0131k Sen Kocaeli \u015eube Ba\u015fkan\u0131 \u00d6mer \u00c7eker, konuyla ilgili yaz\u0131l\u0131 a\u00e7\u0131klama yapt\u0131. Kamu \u00e7al\u0131\u015fanlar\u0131 ve emeklilerin Ramazan sevinci, ya\u015fad\u0131klar\u0131 ekonomik zorluklarla g\u00f6lgelendi\u011fi ifade edilen \u00c7eker, iftar \u015fenlikleri yerini ge\u00e7im derdine b\u0131rakt\u0131\u011f\u0131n\u0131 belirterek, &#8220;\u0130\u011fneden ipli\u011fe her \u015feyin zamland\u0131\u011f\u0131 bu ortamda memurlar ge\u00e7inmek her ge\u00e7en g\u00fcn biraz daha zorla\u015f\u0131yor. Aileleriyle birlikte 25 milyona yakla\u015fan bir kitlenin al\u0131m g\u00fcc\u00fcn\u00fcn bu denli d\u00fc\u015fmesi, piyasada i\u015flerin yava\u015flamas\u0131na ve esnaf\u0131n da kepenk kapatmas\u0131na neden olabilecek bir durgunlu\u011fu beraberinde getirebilir. \u00dccret politikalar\u0131yla ba\u015flayan bu sarmal s\u00fcrd\u00fcr\u00fclebilir bir durum olmaktan \u00e7\u0131km\u0131\u015ft\u0131r. Bir tarafta git gide zorla\u015fan ge\u00e7im \u015fartlar\u0131na ba\u011fl\u0131 olarak yok olup giden &hellip;","og_url":"https:\/\/denizcankizil.tr\/de\/haberler\/gundem\/turk-saglik-sen-kocaelinden-enflasyon-yorumu-memur-ve-emekli-icin-ek-onlem-alinmali\/","og_site_name":"Av. Deniz Can K\u0131z\u0131l","article_published_time":"2025-03-03T12:41:28+00:00","author":"admin","twitter_card":"summary_large_image","twitter_misc":{"Verfasst von":"admin","Gesch\u00e4tzte Lesezeit":"6\u00a0Minuten"},"schema":{"@context":"https:\/\/schema.org","@graph":[{"@type":"Article","@id":"https:\/\/denizcankizil.tr\/uk\/haberler\/gundem\/turk-saglik-sen-kocaelinden-enflasyon-yorumu-memur-ve-emekli-icin-ek-onlem-alinmali\/#article","isPartOf":{"@id":"https:\/\/denizcankizil.tr\/uk\/haberler\/gundem\/turk-saglik-sen-kocaelinden-enflasyon-yorumu-memur-ve-emekli-icin-ek-onlem-alinmali\/"},"author":{"name":"admin","@id":"https:\/\/denizcankizil.tr\/de\/#\/schema\/person\/be3c05fe6a12686905512445d8185489"},"headline":"T\u00fcrk Sa\u011fl\u0131k Sen Kocaeli&#8217;nden enflasyon yorumu&#8230; Memur ve emekli i\u00e7in ek \u00f6nlem al\u0131nmal\u0131","datePublished":"2025-03-03T12:41:28+00:00","mainEntityOfPage":{"@id":"https:\/\/denizcankizil.tr\/uk\/haberler\/gundem\/turk-saglik-sen-kocaelinden-enflasyon-yorumu-memur-ve-emekli-icin-ek-onlem-alinmali\/"},"wordCount":1169,"commentCount":0,"publisher":{"@id":"https:\/\/denizcankizil.tr\/de\/#organization"},"articleSection":["G\u00fcndem"],"inLanguage":"de","potentialAction":[{"@type":"CommentAction","name":"Comment","target":["https:\/\/denizcankizil.tr\/uk\/haberler\/gundem\/turk-saglik-sen-kocaelinden-enflasyon-yorumu-memur-ve-emekli-icin-ek-onlem-alinmali\/#respond"]}]},{"@type":"WebPage","@id":"https:\/\/denizcankizil.tr\/uk\/haberler\/gundem\/turk-saglik-sen-kocaelinden-enflasyon-yorumu-memur-ve-emekli-icin-ek-onlem-alinmali\/","url":"https:\/\/denizcankizil.tr\/uk\/haberler\/gundem\/turk-saglik-sen-kocaelinden-enflasyon-yorumu-memur-ve-emekli-icin-ek-onlem-alinmali\/","name":"T\u00fcrk Sa\u011fl\u0131k Sen Kocaeli'nden enflasyon yorumu... Memur ve emekli i\u00e7in ek \u00f6nlem al\u0131nmal\u0131 - Av. Deniz Can K\u0131z\u0131l","isPartOf":{"@id":"https:\/\/denizcankizil.tr\/de\/#website"},"datePublished":"2025-03-03T12:41:28+00:00","breadcrumb":{"@id":"https:\/\/denizcankizil.tr\/uk\/haberler\/gundem\/turk-saglik-sen-kocaelinden-enflasyon-yorumu-memur-ve-emekli-icin-ek-onlem-alinmali\/#breadcrumb"},"inLanguage":"de","potentialAction":[{"@type":"ReadAction","target":["https:\/\/denizcankizil.tr\/uk\/haberler\/gundem\/turk-saglik-sen-kocaelinden-enflasyon-yorumu-memur-ve-emekli-icin-ek-onlem-alinmali\/"]}]},{"@type":"BreadcrumbList","@id":"https:\/\/denizcankizil.tr\/uk\/haberler\/gundem\/turk-saglik-sen-kocaelinden-enflasyon-yorumu-memur-ve-emekli-icin-ek-onlem-alinmali\/#breadcrumb","itemListElement":[{"@type":"ListItem","position":1,"name":"Home","item":"https:\/\/denizcankizil.tr\/de\/"},{"@type":"ListItem","position":2,"name":"T\u00fcrk Sa\u011fl\u0131k Sen Kocaeli&#8217;nden enflasyon yorumu&#8230; Memur ve emekli i\u00e7in ek \u00f6nlem al\u0131nmal\u0131"}]},{"@type":"WebSite","@id":"https:\/\/denizcankizil.tr\/de\/#website","url":"https:\/\/denizcankizil.tr\/de\/","name":"Av. Deniz Can K\u0131z\u0131l","description":"Avukat Deniz Can K\u0131z\u0131l Antalya Barosu","publisher":{"@id":"https:\/\/denizcankizil.tr\/de\/#organization"},"potentialAction":[{"@type":"SearchAction","target":{"@type":"EntryPoint","urlTemplate":"https:\/\/denizcankizil.tr\/de\/?s={search_term_string}"},"query-input":{"@type":"PropertyValueSpecification","valueRequired":true,"valueName":"search_term_string"}}],"inLanguage":"de"},{"@type":"Organization","@id":"https:\/\/denizcankizil.tr\/de\/#organization","name":"Av. Deniz Can K\u0131z\u0131l","url":"https:\/\/denizcankizil.tr\/de\/","logo":{"@type":"ImageObject","inLanguage":"de","@id":"https:\/\/denizcankizil.tr\/de\/#\/schema\/logo\/image\/","url":"http:\/\/denizcankizil.tr\/wp-content\/uploads\/2024\/10\/siyah-logo-svg.svg","contentUrl":"http:\/\/denizcankizil.tr\/wp-content\/uploads\/2024\/10\/siyah-logo-svg.svg","width":1080,"height":1080,"caption":"Av. Deniz Can K\u0131z\u0131l"},"image":{"@id":"https:\/\/denizcankizil.tr\/de\/#\/schema\/logo\/image\/"}},{"@type":"Person","@id":"https:\/\/denizcankizil.tr\/de\/#\/schema\/person\/be3c05fe6a12686905512445d8185489","name":"Administrator","image":{"@type":"ImageObject","inLanguage":"de","@id":"https:\/\/denizcankizil.tr\/de\/#\/schema\/person\/image\/","url":"https:\/\/secure.gravatar.com\/avatar\/c1fce94c830dc79107e174f890d7210541c4a63e8e5d816341794a2151c9d58c?s=96&d=mm&r=g","contentUrl":"https:\/\/secure.gravatar.com\/avatar\/c1fce94c830dc79107e174f890d7210541c4a63e8e5d816341794a2151c9d58c?s=96&d=mm&r=g","caption":"admin"},"sameAs":["http:\/\/denizcankizil.tr"],"url":"https:\/\/www.iskenderun.org\/turk-saglik-sen-kocaelinden-enflasyon-yorumu-memur-ve-emekli-icin-ek-onlem-alinmali"}]}},"_links":{"self":[{"href":"http:\/\/denizcankizil.tr\/de\/wp-json\/wp\/v2\/posts\/34603","targetHints":{"allow":["GET"]}}],"collection":[{"href":"http:\/\/denizcankizil.tr\/de\/wp-json\/wp\/v2\/posts"}],"about":[{"href":"http:\/\/denizcankizil.tr\/de\/wp-json\/wp\/v2\/types\/post"}],"author":[{"embeddable":true,"href":"http:\/\/denizcankizil.tr\/de\/wp-json\/wp\/v2\/users\/1"}],"replies":[{"embeddable":true,"href":"http:\/\/denizcankizil.tr\/de\/wp-json\/wp\/v2\/comments?post=34603"}],"version-history":[{"count":0,"href":"http:\/\/denizcankizil.tr\/de\/wp-json\/wp\/v2\/posts\/34603\/revisions"}],"wp:attachment":[{"href":"http:\/\/denizcankizil.tr\/de\/wp-json\/wp\/v2\/media?parent=34603"}],"wp:term":[{"taxonomy":"category","embeddable":true,"href":"http:\/\/denizcankizil.tr\/de\/wp-json\/wp\/v2\/categories?post=34603"},{"taxonomy":"post_tag","embeddable":true,"href":"http:\/\/denizcankizil.tr\/de\/wp-json\/wp\/v2\/tags?post=34603"}],"curies":[{"name":"wp","href":"https:\/\/api.w.org\/{rel}","templated":true}]}}