{"id":34528,"date":"2025-03-03T09:41:28","date_gmt":"2025-03-03T06:41:28","guid":{"rendered":"https:\/\/denizcankizil.tr\/uncategorized-tr\/tbmm-genel-kurulu-bu-hafta-siber-guvenlik-kanununu-gorusecek\/"},"modified":"2025-03-03T09:41:28","modified_gmt":"2025-03-03T06:41:28","slug":"tbmm-genel-kurulu-bu-hafta-siber-guvenlik-kanununu-gorusecek","status":"publish","type":"post","link":"http:\/\/denizcankizil.tr\/de\/haberler\/gundem\/tbmm-genel-kurulu-bu-hafta-siber-guvenlik-kanununu-gorusecek\/","title":{"rendered":"TBMM Genel Kurulu, bu hafta Siber G\u00fcvenlik Kanunu&#8217;nu g\u00f6r\u00fc\u015fecek"},"content":{"rendered":"<p>Haftal\u0131k \u00e7al\u0131\u015fmas\u0131na 4 Mart Sal\u0131 g\u00fcn\u00fc ba\u015flayacak TBMM Genel Kurul, Siber G\u00fcvenlik Kanunu Teklifi&#8217;ni ele alacak.ANKARA (\u0130GFA) &#8211; TBMM Genel Kurulu, Siber G\u00fcvenlik Kanunu Teklifi&#8217;nin g\u00f6r\u00fc\u015fmelerine ba\u015flayacak.<br \/>\nBu teklife g\u00f6re, Siber G\u00fcvenlik Kurulu, Cumhurba\u015fkan\u0131, Cumhurba\u015fkan\u0131 Yard\u0131mc\u0131s\u0131, Adalet Bakan\u0131, D\u0131\u015fi\u015fleri Bakan\u0131, \u0130\u00e7i\u015fleri Bakan\u0131, Milli Savunma Bakan\u0131, Sanayi ve Teknoloji Bakan\u0131, Ula\u015ft\u0131rma ve Altyap\u0131 Bakan\u0131, Milli G\u00fcvenlik Kurulu Genel Sekreteri, Milli \u0130stihbarat Te\u015fkilat\u0131 Ba\u015fkan\u0131, Savunma Sanayii Ba\u015fkan\u0131 ve Siber G\u00fcvenlik Ba\u015fkan\u0131ndan olu\u015facak.<br \/>\nSiber g\u00fcvenli\u011fin sa\u011flanmas\u0131na y\u00f6nelik \u00e7al\u0131\u015fmalarda \u00f6ncelikle yerli ve milli \u00fcr\u00fcnler tercih edilecek.<br \/>\nBelirtilen yetkiler \u00e7er\u00e7evesinde elde edilecek ki\u015fisel veriler ve ticari s\u0131rlar, bu verilere eri\u015filmesini gerektiren sebeplerin ortadan kalkmas\u0131 halinde resen silinecek, yok edilecek veya anonim hale getirilecek.<br \/>\nT\u00fcrkiye Cumhuriyeti&#8217;nin siber uzaydaki milli g\u00fcc\u00fcn\u00fc meydana getiren unsurlar\u0131na y\u00f6nelik siber sald\u0131r\u0131 ger\u00e7ekle\u015ftiren veya bu sald\u0131r\u0131 neticesinde elde etti\u011fi her t\u00fcrl\u00fc veriyi siber uzayda bulunduranlara 8 y\u0131ldan 12 y\u0131la kadar hapis cezas\u0131 verilecek.<br \/>\nYetkili mercilerin ve denetim g\u00f6revlilerinin istedikleri bilgi, belge, yaz\u0131l\u0131m, veri ve donan\u0131m\u0131 vermeyenler veya bunlar\u0131n al\u0131nmas\u0131na engel olanlar 1 y\u0131ldan 3 y\u0131la kadar hapis ve 500 g\u00fcnden 1500 g\u00fcne kadar adli para cezas\u0131 ile cezaland\u0131r\u0131lacak. S\u0131r saklama y\u00fck\u00fcml\u00fcl\u00fc\u011f\u00fcn\u00fc yerine getirmeyenlere veya g\u00f6rev ve yetkilerini k\u00f6t\u00fcye kullananlara 4 y\u0131ldan 8 y\u0131la kadar hapis cezas\u0131 verilecek.<br \/>\nARA\u015eTIRMA KOM\u0130SYONLARINDA G\u00dcNDEM NE?<br \/>\nTBMM&#8217;nin resmi internet sitesinde yer alan g\u00fcndeme g\u00f6re, ara\u015ft\u0131rma komisyonlar\u0131 da yine hafta i\u00e7erisinde yo\u011fun g\u00fcndemle toplanacak.<br \/>\nBuna g\u00f6re TBMM Kartalkaya Kayak Merkezi&#8217;ndeki Otel Yang\u0131n\u0131n\u0131 Ara\u015ft\u0131rma Komisyonu, \u00c7al\u0131\u015fma ve Sosyal G\u00fcvenlik Bakanl\u0131\u011f\u0131 yetkilileri ile baz\u0131 dernek ve vak\u0131flar\u0131n y\u00f6neticilerini dinleyecek.<br \/>\nKad\u0131na \u015eiddet ve Ayr\u0131mc\u0131l\u0131\u011f\u0131 Ara\u015ft\u0131rma Komisyonu2nda Sa\u011fl\u0131k Bilimleri \u00dcniversitesi G\u00fclhane Sa\u011fl\u0131k Bilimleri Fak\u00fcltesi Sosyal Hizmet Anabilim Dal\u0131 Ba\u015fkan\u0131 Prof. Dr. Nurdan Duman ile T\u00fcrkiye Barolar Birli\u011fi Kad\u0131n Hukuku Komisyonu ve Ankara Gelincik Merkezi yetkilileri sunum yapacak.<br \/>\nRadyo ve Televizyon \u00dcst Kurulu (RT\u00dcK) ile Bilgi Teknolojileri ve \u0130leti\u015fim Kurumu (BTK) yetkilileri, \u00c7ocuklara Kar\u015f\u0131 \u015eiddet ve \u0130stismar\u0131 Ara\u015ft\u0131rma Komisyonunu bilgilendirecek.<\/p>\n<p>\u200bHaftal\u0131k \u00e7al\u0131\u015fmas\u0131na 4 Mart Sal\u0131 g\u00fcn\u00fc ba\u015flayacak TBMM Genel Kurul, Siber G\u00fcvenlik Kanunu Teklifi&#8217;ni ele alacak.ANKARA (\u0130GFA) &#8211; TBMM Genel Kurulu, Siber G\u00fcvenlik Kanunu Teklifi&#8217;nin g\u00f6r\u00fc\u015fmelerine ba\u015flayacak.<br \/>\nBu teklife g\u00f6re, Siber G\u00fcvenlik Kurulu, Cumhurba\u015fkan\u0131, Cumhurba\u015fkan\u0131 Yard\u0131mc\u0131s\u0131, Adalet Bakan\u0131, D\u0131\u015fi\u015fleri Bakan\u0131, \u0130\u00e7i\u015fleri Bakan\u0131, Milli Savunma Bakan\u0131, Sanayi ve Teknoloji Bakan\u0131, Ula\u015ft\u0131rma ve Altyap\u0131 Bakan\u0131, Milli G\u00fcvenlik Kurulu Genel Sekreteri, Milli \u0130stihbarat Te\u015fkilat\u0131 Ba\u015fkan\u0131, Savunma Sanayii Ba\u015fkan\u0131 ve Siber G\u00fcvenlik Ba\u015fkan\u0131ndan olu\u015facak.<br \/>\nSiber g\u00fcvenli\u011fin sa\u011flanmas\u0131na y\u00f6nelik \u00e7al\u0131\u015fmalarda \u00f6ncelikle yerli ve milli \u00fcr\u00fcnler tercih edilecek.<br \/>\nBelirtilen yetkiler \u00e7er\u00e7evesinde elde edilecek ki\u015fisel veriler ve ticari s\u0131rlar, bu verilere eri\u015filmesini gerektiren sebeplerin ortadan kalkmas\u0131 halinde resen silinecek, yok edilecek veya anonim hale getirilecek.<br \/>\nT\u00fcrkiye Cumhuriyeti&#8217;nin siber uzaydaki milli g\u00fcc\u00fcn\u00fc meydana getiren unsurlar\u0131na y\u00f6nelik siber sald\u0131r\u0131 ger\u00e7ekle\u015ftiren veya bu sald\u0131r\u0131 neticesinde elde etti\u011fi her t\u00fcrl\u00fc veriyi siber uzayda bulunduranlara 8 y\u0131ldan 12 y\u0131la kadar hapis cezas\u0131 verilecek.<br \/>\nYetkili mercilerin ve denetim g\u00f6revlilerinin istedikleri bilgi, belge, yaz\u0131l\u0131m, veri ve donan\u0131m\u0131 vermeyenler veya bunlar\u0131n al\u0131nmas\u0131na engel olanlar 1 y\u0131ldan 3 y\u0131la kadar hapis ve 500 g\u00fcnden 1500 g\u00fcne kadar adli para cezas\u0131 ile cezaland\u0131r\u0131lacak. S\u0131r saklama y\u00fck\u00fcml\u00fcl\u00fc\u011f\u00fcn\u00fc yerine getirmeyenlere veya g\u00f6rev ve yetkilerini k\u00f6t\u00fcye kullananlara 4 y\u0131ldan 8 y\u0131la kadar hapis cezas\u0131 verilecek.<br \/>\nARA\u015eTIRMA KOM\u0130SYONLARINDA G\u00dcNDEM NE?<br \/>\nTBMM&#8217;nin resmi internet sitesinde yer alan g\u00fcndeme g\u00f6re, ara\u015ft\u0131rma komisyonlar\u0131 da yine hafta i\u00e7erisinde yo\u011fun g\u00fcndemle toplanacak.<br \/>\nBuna g\u00f6re TBMM Kartalkaya Kayak Merkezi&#8217;ndeki Otel Yang\u0131n\u0131n\u0131 Ara\u015ft\u0131rma Komisyonu, \u00c7al\u0131\u015fma ve Sosyal G\u00fcvenlik Bakanl\u0131\u011f\u0131 yetkilileri ile baz\u0131 dernek ve vak\u0131flar\u0131n y\u00f6neticilerini dinleyecek.<br \/>\nKad\u0131na \u015eiddet ve Ayr\u0131mc\u0131l\u0131\u011f\u0131 Ara\u015ft\u0131rma Komisyonu2nda Sa\u011fl\u0131k Bilimleri \u00dcniversitesi G\u00fclhane Sa\u011fl\u0131k Bilimleri Fak\u00fcltesi Sosyal Hizmet Anabilim Dal\u0131 Ba\u015fkan\u0131 Prof. Dr. Nurdan Duman ile T\u00fcrkiye Barolar Birli\u011fi Kad\u0131n Hukuku Komisyonu ve Ankara Gelincik Merkezi yetkilileri sunum yapacak.<br \/>\nRadyo ve Televizyon \u00dcst Kurulu (RT\u00dcK) ile Bilgi Teknolojileri ve \u0130leti\u015fim Kurumu (BTK) yetkilileri, \u00c7ocuklara Kar\u015f\u0131 \u015eiddet ve \u0130stismar\u0131 Ara\u015ft\u0131rma Komisyonunu bilgilendirecek.\u00a0<\/p>\n<p>\u200bHaberin Al\u0131nt\u0131land\u0131\u011f\u0131 Kaynak: www.iskenderun.org<\/p>","protected":false},"excerpt":{"rendered":"<p>Haftal\u0131k \u00e7al\u0131\u015fmas\u0131na 4 Mart Sal\u0131 g\u00fcn\u00fc ba\u015flayacak TBMM Genel Kurul, Siber G\u00fcvenlik Kanunu Teklifi&#8217;ni ele alacak.ANKARA (\u0130GFA) &#8211; TBMM Genel Kurulu, Siber G\u00fcvenlik Kanunu Teklifi&#8217;nin g\u00f6r\u00fc\u015fmelerine ba\u015flayacak. Bu teklife g\u00f6re, Siber G\u00fcvenlik Kurulu, Cumhurba\u015fkan\u0131, Cumhurba\u015fkan\u0131 Yard\u0131mc\u0131s\u0131, Adalet Bakan\u0131, D\u0131\u015fi\u015fleri Bakan\u0131, \u0130\u00e7i\u015fleri Bakan\u0131, Milli Savunma Bakan\u0131, Sanayi ve Teknoloji Bakan\u0131, Ula\u015ft\u0131rma ve Altyap\u0131 Bakan\u0131, Milli G\u00fcvenlik Kurulu Genel Sekreteri, Milli \u0130stihbarat Te\u015fkilat\u0131 Ba\u015fkan\u0131, Savunma Sanayii Ba\u015fkan\u0131 ve Siber G\u00fcvenlik Ba\u015fkan\u0131ndan olu\u015facak. Siber g\u00fcvenli\u011fin sa\u011flanmas\u0131na y\u00f6nelik \u00e7al\u0131\u015fmalarda \u00f6ncelikle yerli ve milli \u00fcr\u00fcnler tercih edilecek. Belirtilen yetkiler \u00e7er\u00e7evesinde elde edilecek ki\u015fisel veriler ve ticari s\u0131rlar, bu verilere eri\u015filmesini gerektiren sebeplerin ortadan kalkmas\u0131 halinde resen silinecek, yok edilecek veya anonim hale getirilecek. T\u00fcrkiye Cumhuriyeti&#8217;nin siber uzaydaki milli g\u00fcc\u00fcn\u00fc meydana getiren unsurlar\u0131na y\u00f6nelik siber sald\u0131r\u0131 ger\u00e7ekle\u015ftiren veya bu sald\u0131r\u0131 neticesinde elde etti\u011fi her t\u00fcrl\u00fc veriyi siber uzayda bulunduranlara 8 y\u0131ldan 12 y\u0131la kadar hapis cezas\u0131 verilecek. Yetkili mercilerin ve denetim g\u00f6revlilerinin istedikleri bilgi, belge, yaz\u0131l\u0131m, veri ve donan\u0131m\u0131 vermeyenler veya bunlar\u0131n al\u0131nmas\u0131na engel olanlar 1 y\u0131ldan 3 y\u0131la kadar hapis ve 500 g\u00fcnden 1500 g\u00fcne kadar adli para cezas\u0131 ile cezaland\u0131r\u0131lacak. S\u0131r saklama y\u00fck\u00fcml\u00fcl\u00fc\u011f\u00fcn\u00fc yerine getirmeyenlere veya g\u00f6rev ve yetkilerini k\u00f6t\u00fcye kullananlara 4 y\u0131ldan 8 y\u0131la kadar hapis cezas\u0131 verilecek. ARA\u015eTIRMA KOM\u0130SYONLARINDA G\u00dcNDEM NE? TBMM&#8217;nin &hellip;<\/p>","protected":false},"author":1,"featured_media":0,"comment_status":"open","ping_status":"open","sticky":false,"template":"","format":"standard","meta":{"_acf_changed":false,"footnotes":""},"categories":[24],"tags":[],"class_list":["post-34528","post","type-post","status-publish","format-standard","has-post-thumbnail","hentry","category-gundem"],"acf":[],"yoast_head":"<!-- This site is optimized with the Yoast SEO Premium plugin v26.6 (Yoast SEO v27.1.1) - https:\/\/yoast.com\/product\/yoast-seo-premium-wordpress\/ -->\n<title>TBMM Genel Kurulu, bu hafta Siber G\u00fcvenlik Kanunu&#039;nu g\u00f6r\u00fc\u015fecek - Av. Deniz Can K\u0131z\u0131l<\/title>\n<meta name=\"robots\" content=\"index, follow, max-snippet:-1, max-image-preview:large, max-video-preview:-1\" \/>\n<link rel=\"canonical\" href=\"http:\/\/denizcankizil.tr\/de\/haberler\/gundem\/tbmm-genel-kurulu-bu-hafta-siber-guvenlik-kanununu-gorusecek\/\" \/>\n<meta property=\"og:locale\" content=\"de_DE\" \/>\n<meta property=\"og:type\" content=\"article\" \/>\n<meta property=\"og:title\" content=\"TBMM Genel Kurulu, bu hafta Siber G\u00fcvenlik Kanunu&#039;nu g\u00f6r\u00fc\u015fecek\" \/>\n<meta property=\"og:description\" content=\"Haftal\u0131k \u00e7al\u0131\u015fmas\u0131na 4 Mart Sal\u0131 g\u00fcn\u00fc ba\u015flayacak TBMM Genel Kurul, Siber G\u00fcvenlik Kanunu Teklifi&#8217;ni ele alacak.ANKARA (\u0130GFA) &#8211; TBMM Genel Kurulu, Siber G\u00fcvenlik Kanunu Teklifi&#8217;nin g\u00f6r\u00fc\u015fmelerine ba\u015flayacak. Bu teklife g\u00f6re, Siber G\u00fcvenlik Kurulu, Cumhurba\u015fkan\u0131, Cumhurba\u015fkan\u0131 Yard\u0131mc\u0131s\u0131, Adalet Bakan\u0131, D\u0131\u015fi\u015fleri Bakan\u0131, \u0130\u00e7i\u015fleri Bakan\u0131, Milli Savunma Bakan\u0131, Sanayi ve Teknoloji Bakan\u0131, Ula\u015ft\u0131rma ve Altyap\u0131 Bakan\u0131, Milli G\u00fcvenlik Kurulu Genel Sekreteri, Milli \u0130stihbarat Te\u015fkilat\u0131 Ba\u015fkan\u0131, Savunma Sanayii Ba\u015fkan\u0131 ve Siber G\u00fcvenlik Ba\u015fkan\u0131ndan olu\u015facak. Siber g\u00fcvenli\u011fin sa\u011flanmas\u0131na y\u00f6nelik \u00e7al\u0131\u015fmalarda \u00f6ncelikle yerli ve milli \u00fcr\u00fcnler tercih edilecek. Belirtilen yetkiler \u00e7er\u00e7evesinde elde edilecek ki\u015fisel veriler ve ticari s\u0131rlar, bu verilere eri\u015filmesini gerektiren sebeplerin ortadan kalkmas\u0131 halinde resen silinecek, yok edilecek veya anonim hale getirilecek. T\u00fcrkiye Cumhuriyeti&#8217;nin siber uzaydaki milli g\u00fcc\u00fcn\u00fc meydana getiren unsurlar\u0131na y\u00f6nelik siber sald\u0131r\u0131 ger\u00e7ekle\u015ftiren veya bu sald\u0131r\u0131 neticesinde elde etti\u011fi her t\u00fcrl\u00fc veriyi siber uzayda bulunduranlara 8 y\u0131ldan 12 y\u0131la kadar hapis cezas\u0131 verilecek. Yetkili mercilerin ve denetim g\u00f6revlilerinin istedikleri bilgi, belge, yaz\u0131l\u0131m, veri ve donan\u0131m\u0131 vermeyenler veya bunlar\u0131n al\u0131nmas\u0131na engel olanlar 1 y\u0131ldan 3 y\u0131la kadar hapis ve 500 g\u00fcnden 1500 g\u00fcne kadar adli para cezas\u0131 ile cezaland\u0131r\u0131lacak. S\u0131r saklama y\u00fck\u00fcml\u00fcl\u00fc\u011f\u00fcn\u00fc yerine getirmeyenlere veya g\u00f6rev ve yetkilerini k\u00f6t\u00fcye kullananlara 4 y\u0131ldan 8 y\u0131la kadar hapis cezas\u0131 verilecek. ARA\u015eTIRMA KOM\u0130SYONLARINDA G\u00dcNDEM NE? TBMM&#8217;nin &hellip;\" \/>\n<meta property=\"og:url\" content=\"http:\/\/denizcankizil.tr\/de\/haberler\/gundem\/tbmm-genel-kurulu-bu-hafta-siber-guvenlik-kanununu-gorusecek\/\" \/>\n<meta property=\"og:site_name\" content=\"Av. Deniz Can K\u0131z\u0131l\" \/>\n<meta property=\"article:published_time\" content=\"2025-03-03T06:41:28+00:00\" \/>\n<meta name=\"author\" content=\"admin\" \/>\n<meta name=\"twitter:card\" content=\"summary_large_image\" \/>\n<meta name=\"twitter:label1\" content=\"Verfasst von\" \/>\n\t<meta name=\"twitter:data1\" content=\"admin\" \/>\n\t<meta name=\"twitter:label2\" content=\"Gesch\u00e4tzte Lesezeit\" \/>\n\t<meta name=\"twitter:data2\" content=\"4\u00a0Minuten\" \/>\n<script type=\"application\/ld+json\" class=\"yoast-schema-graph\">{\"@context\":\"https:\/\/schema.org\",\"@graph\":[{\"@type\":\"Article\",\"@id\":\"http:\/\/denizcankizil.tr\/de\/haberler\/gundem\/tbmm-genel-kurulu-bu-hafta-siber-guvenlik-kanununu-gorusecek\/#article\",\"isPartOf\":{\"@id\":\"http:\/\/denizcankizil.tr\/de\/haberler\/gundem\/tbmm-genel-kurulu-bu-hafta-siber-guvenlik-kanununu-gorusecek\/\"},\"author\":{\"name\":\"admin\",\"@id\":\"https:\/\/denizcankizil.tr\/de\/#\/schema\/person\/be3c05fe6a12686905512445d8185489\"},\"headline\":\"TBMM Genel Kurulu, bu hafta Siber G\u00fcvenlik Kanunu&#8217;nu g\u00f6r\u00fc\u015fecek\",\"datePublished\":\"2025-03-03T06:41:28+00:00\",\"mainEntityOfPage\":{\"@id\":\"http:\/\/denizcankizil.tr\/de\/haberler\/gundem\/tbmm-genel-kurulu-bu-hafta-siber-guvenlik-kanununu-gorusecek\/\"},\"wordCount\":841,\"commentCount\":0,\"publisher\":{\"@id\":\"https:\/\/denizcankizil.tr\/de\/#organization\"},\"articleSection\":[\"G\u00fcndem\"],\"inLanguage\":\"de\",\"potentialAction\":[{\"@type\":\"CommentAction\",\"name\":\"Comment\",\"target\":[\"http:\/\/denizcankizil.tr\/de\/haberler\/gundem\/tbmm-genel-kurulu-bu-hafta-siber-guvenlik-kanununu-gorusecek\/#respond\"]}]},{\"@type\":\"WebPage\",\"@id\":\"http:\/\/denizcankizil.tr\/de\/haberler\/gundem\/tbmm-genel-kurulu-bu-hafta-siber-guvenlik-kanununu-gorusecek\/\",\"url\":\"http:\/\/denizcankizil.tr\/de\/haberler\/gundem\/tbmm-genel-kurulu-bu-hafta-siber-guvenlik-kanununu-gorusecek\/\",\"name\":\"TBMM Genel Kurulu, bu hafta Siber G\u00fcvenlik Kanunu'nu g\u00f6r\u00fc\u015fecek - Av. Deniz Can K\u0131z\u0131l\",\"isPartOf\":{\"@id\":\"https:\/\/denizcankizil.tr\/de\/#website\"},\"datePublished\":\"2025-03-03T06:41:28+00:00\",\"breadcrumb\":{\"@id\":\"http:\/\/denizcankizil.tr\/de\/haberler\/gundem\/tbmm-genel-kurulu-bu-hafta-siber-guvenlik-kanununu-gorusecek\/#breadcrumb\"},\"inLanguage\":\"de\",\"potentialAction\":[{\"@type\":\"ReadAction\",\"target\":[\"http:\/\/denizcankizil.tr\/de\/haberler\/gundem\/tbmm-genel-kurulu-bu-hafta-siber-guvenlik-kanununu-gorusecek\/\"]}]},{\"@type\":\"BreadcrumbList\",\"@id\":\"http:\/\/denizcankizil.tr\/de\/haberler\/gundem\/tbmm-genel-kurulu-bu-hafta-siber-guvenlik-kanununu-gorusecek\/#breadcrumb\",\"itemListElement\":[{\"@type\":\"ListItem\",\"position\":1,\"name\":\"Home\",\"item\":\"https:\/\/denizcankizil.tr\/de\/\"},{\"@type\":\"ListItem\",\"position\":2,\"name\":\"TBMM Genel Kurulu, bu hafta Siber G\u00fcvenlik Kanunu&#8217;nu g\u00f6r\u00fc\u015fecek\"}]},{\"@type\":\"WebSite\",\"@id\":\"https:\/\/denizcankizil.tr\/de\/#website\",\"url\":\"https:\/\/denizcankizil.tr\/de\/\",\"name\":\"Av. Deniz Can K\u0131z\u0131l\",\"description\":\"Avukat Deniz Can K\u0131z\u0131l Antalya Barosu\",\"publisher\":{\"@id\":\"https:\/\/denizcankizil.tr\/de\/#organization\"},\"potentialAction\":[{\"@type\":\"SearchAction\",\"target\":{\"@type\":\"EntryPoint\",\"urlTemplate\":\"https:\/\/denizcankizil.tr\/de\/?s={search_term_string}\"},\"query-input\":{\"@type\":\"PropertyValueSpecification\",\"valueRequired\":true,\"valueName\":\"search_term_string\"}}],\"inLanguage\":\"de\"},{\"@type\":\"Organization\",\"@id\":\"https:\/\/denizcankizil.tr\/de\/#organization\",\"name\":\"Av. Deniz Can K\u0131z\u0131l\",\"url\":\"https:\/\/denizcankizil.tr\/de\/\",\"logo\":{\"@type\":\"ImageObject\",\"inLanguage\":\"de\",\"@id\":\"https:\/\/denizcankizil.tr\/de\/#\/schema\/logo\/image\/\",\"url\":\"http:\/\/denizcankizil.tr\/wp-content\/uploads\/2024\/10\/siyah-logo-svg.svg\",\"contentUrl\":\"http:\/\/denizcankizil.tr\/wp-content\/uploads\/2024\/10\/siyah-logo-svg.svg\",\"width\":1080,\"height\":1080,\"caption\":\"Av. Deniz Can K\u0131z\u0131l\"},\"image\":{\"@id\":\"https:\/\/denizcankizil.tr\/de\/#\/schema\/logo\/image\/\"}},{\"@type\":\"Person\",\"@id\":\"https:\/\/denizcankizil.tr\/de\/#\/schema\/person\/be3c05fe6a12686905512445d8185489\",\"name\":\"admin\",\"image\":{\"@type\":\"ImageObject\",\"inLanguage\":\"de\",\"@id\":\"https:\/\/denizcankizil.tr\/de\/#\/schema\/person\/image\/\",\"url\":\"https:\/\/secure.gravatar.com\/avatar\/c1fce94c830dc79107e174f890d7210541c4a63e8e5d816341794a2151c9d58c?s=96&d=mm&r=g\",\"contentUrl\":\"https:\/\/secure.gravatar.com\/avatar\/c1fce94c830dc79107e174f890d7210541c4a63e8e5d816341794a2151c9d58c?s=96&d=mm&r=g\",\"caption\":\"admin\"},\"sameAs\":[\"http:\/\/denizcankizil.tr\"],\"url\":\"https:\/\/www.iskenderun.org\/tbmm-genel-kurulu-bu-hafta-siber-guvenlik-kanununu-gorusecek\"}]}<\/script>\n<!-- \/ Yoast SEO Premium plugin. -->","yoast_head_json":{"title":"TBMM Genel Kurulu, bu hafta Siber G\u00fcvenlik Kanunu'nu g\u00f6r\u00fc\u015fecek - Av. Deniz Can K\u0131z\u0131l","robots":{"index":"index","follow":"follow","max-snippet":"max-snippet:-1","max-image-preview":"max-image-preview:large","max-video-preview":"max-video-preview:-1"},"canonical":"http:\/\/denizcankizil.tr\/de\/haberler\/gundem\/tbmm-genel-kurulu-bu-hafta-siber-guvenlik-kanununu-gorusecek\/","og_locale":"de_DE","og_type":"article","og_title":"TBMM Genel Kurulu, bu hafta Siber G\u00fcvenlik Kanunu'nu g\u00f6r\u00fc\u015fecek","og_description":"Haftal\u0131k \u00e7al\u0131\u015fmas\u0131na 4 Mart Sal\u0131 g\u00fcn\u00fc ba\u015flayacak TBMM Genel Kurul, Siber G\u00fcvenlik Kanunu Teklifi&#8217;ni ele alacak.ANKARA (\u0130GFA) &#8211; TBMM Genel Kurulu, Siber G\u00fcvenlik Kanunu Teklifi&#8217;nin g\u00f6r\u00fc\u015fmelerine ba\u015flayacak. Bu teklife g\u00f6re, Siber G\u00fcvenlik Kurulu, Cumhurba\u015fkan\u0131, Cumhurba\u015fkan\u0131 Yard\u0131mc\u0131s\u0131, Adalet Bakan\u0131, D\u0131\u015fi\u015fleri Bakan\u0131, \u0130\u00e7i\u015fleri Bakan\u0131, Milli Savunma Bakan\u0131, Sanayi ve Teknoloji Bakan\u0131, Ula\u015ft\u0131rma ve Altyap\u0131 Bakan\u0131, Milli G\u00fcvenlik Kurulu Genel Sekreteri, Milli \u0130stihbarat Te\u015fkilat\u0131 Ba\u015fkan\u0131, Savunma Sanayii Ba\u015fkan\u0131 ve Siber G\u00fcvenlik Ba\u015fkan\u0131ndan olu\u015facak. Siber g\u00fcvenli\u011fin sa\u011flanmas\u0131na y\u00f6nelik \u00e7al\u0131\u015fmalarda \u00f6ncelikle yerli ve milli \u00fcr\u00fcnler tercih edilecek. Belirtilen yetkiler \u00e7er\u00e7evesinde elde edilecek ki\u015fisel veriler ve ticari s\u0131rlar, bu verilere eri\u015filmesini gerektiren sebeplerin ortadan kalkmas\u0131 halinde resen silinecek, yok edilecek veya anonim hale getirilecek. T\u00fcrkiye Cumhuriyeti&#8217;nin siber uzaydaki milli g\u00fcc\u00fcn\u00fc meydana getiren unsurlar\u0131na y\u00f6nelik siber sald\u0131r\u0131 ger\u00e7ekle\u015ftiren veya bu sald\u0131r\u0131 neticesinde elde etti\u011fi her t\u00fcrl\u00fc veriyi siber uzayda bulunduranlara 8 y\u0131ldan 12 y\u0131la kadar hapis cezas\u0131 verilecek. Yetkili mercilerin ve denetim g\u00f6revlilerinin istedikleri bilgi, belge, yaz\u0131l\u0131m, veri ve donan\u0131m\u0131 vermeyenler veya bunlar\u0131n al\u0131nmas\u0131na engel olanlar 1 y\u0131ldan 3 y\u0131la kadar hapis ve 500 g\u00fcnden 1500 g\u00fcne kadar adli para cezas\u0131 ile cezaland\u0131r\u0131lacak. S\u0131r saklama y\u00fck\u00fcml\u00fcl\u00fc\u011f\u00fcn\u00fc yerine getirmeyenlere veya g\u00f6rev ve yetkilerini k\u00f6t\u00fcye kullananlara 4 y\u0131ldan 8 y\u0131la kadar hapis cezas\u0131 verilecek. ARA\u015eTIRMA KOM\u0130SYONLARINDA G\u00dcNDEM NE? TBMM&#8217;nin &hellip;","og_url":"http:\/\/denizcankizil.tr\/de\/haberler\/gundem\/tbmm-genel-kurulu-bu-hafta-siber-guvenlik-kanununu-gorusecek\/","og_site_name":"Av. Deniz Can K\u0131z\u0131l","article_published_time":"2025-03-03T06:41:28+00:00","author":"admin","twitter_card":"summary_large_image","twitter_misc":{"Verfasst von":"admin","Gesch\u00e4tzte Lesezeit":"4\u00a0Minuten"},"schema":{"@context":"https:\/\/schema.org","@graph":[{"@type":"Article","@id":"http:\/\/denizcankizil.tr\/de\/haberler\/gundem\/tbmm-genel-kurulu-bu-hafta-siber-guvenlik-kanununu-gorusecek\/#article","isPartOf":{"@id":"http:\/\/denizcankizil.tr\/de\/haberler\/gundem\/tbmm-genel-kurulu-bu-hafta-siber-guvenlik-kanununu-gorusecek\/"},"author":{"name":"admin","@id":"https:\/\/denizcankizil.tr\/de\/#\/schema\/person\/be3c05fe6a12686905512445d8185489"},"headline":"TBMM Genel Kurulu, bu hafta Siber G\u00fcvenlik Kanunu&#8217;nu g\u00f6r\u00fc\u015fecek","datePublished":"2025-03-03T06:41:28+00:00","mainEntityOfPage":{"@id":"http:\/\/denizcankizil.tr\/de\/haberler\/gundem\/tbmm-genel-kurulu-bu-hafta-siber-guvenlik-kanununu-gorusecek\/"},"wordCount":841,"commentCount":0,"publisher":{"@id":"https:\/\/denizcankizil.tr\/de\/#organization"},"articleSection":["G\u00fcndem"],"inLanguage":"de","potentialAction":[{"@type":"CommentAction","name":"Comment","target":["http:\/\/denizcankizil.tr\/de\/haberler\/gundem\/tbmm-genel-kurulu-bu-hafta-siber-guvenlik-kanununu-gorusecek\/#respond"]}]},{"@type":"WebPage","@id":"http:\/\/denizcankizil.tr\/de\/haberler\/gundem\/tbmm-genel-kurulu-bu-hafta-siber-guvenlik-kanununu-gorusecek\/","url":"http:\/\/denizcankizil.tr\/de\/haberler\/gundem\/tbmm-genel-kurulu-bu-hafta-siber-guvenlik-kanununu-gorusecek\/","name":"TBMM Genel Kurulu, bu hafta Siber G\u00fcvenlik Kanunu'nu g\u00f6r\u00fc\u015fecek - Av. Deniz Can K\u0131z\u0131l","isPartOf":{"@id":"https:\/\/denizcankizil.tr\/de\/#website"},"datePublished":"2025-03-03T06:41:28+00:00","breadcrumb":{"@id":"http:\/\/denizcankizil.tr\/de\/haberler\/gundem\/tbmm-genel-kurulu-bu-hafta-siber-guvenlik-kanununu-gorusecek\/#breadcrumb"},"inLanguage":"de","potentialAction":[{"@type":"ReadAction","target":["http:\/\/denizcankizil.tr\/de\/haberler\/gundem\/tbmm-genel-kurulu-bu-hafta-siber-guvenlik-kanununu-gorusecek\/"]}]},{"@type":"BreadcrumbList","@id":"http:\/\/denizcankizil.tr\/de\/haberler\/gundem\/tbmm-genel-kurulu-bu-hafta-siber-guvenlik-kanununu-gorusecek\/#breadcrumb","itemListElement":[{"@type":"ListItem","position":1,"name":"Home","item":"https:\/\/denizcankizil.tr\/de\/"},{"@type":"ListItem","position":2,"name":"TBMM Genel Kurulu, bu hafta Siber G\u00fcvenlik Kanunu&#8217;nu g\u00f6r\u00fc\u015fecek"}]},{"@type":"WebSite","@id":"https:\/\/denizcankizil.tr\/de\/#website","url":"https:\/\/denizcankizil.tr\/de\/","name":"Av. Deniz Can K\u0131z\u0131l","description":"Avukat Deniz Can K\u0131z\u0131l Antalya Barosu","publisher":{"@id":"https:\/\/denizcankizil.tr\/de\/#organization"},"potentialAction":[{"@type":"SearchAction","target":{"@type":"EntryPoint","urlTemplate":"https:\/\/denizcankizil.tr\/de\/?s={search_term_string}"},"query-input":{"@type":"PropertyValueSpecification","valueRequired":true,"valueName":"search_term_string"}}],"inLanguage":"de"},{"@type":"Organization","@id":"https:\/\/denizcankizil.tr\/de\/#organization","name":"Av. Deniz Can K\u0131z\u0131l","url":"https:\/\/denizcankizil.tr\/de\/","logo":{"@type":"ImageObject","inLanguage":"de","@id":"https:\/\/denizcankizil.tr\/de\/#\/schema\/logo\/image\/","url":"http:\/\/denizcankizil.tr\/wp-content\/uploads\/2024\/10\/siyah-logo-svg.svg","contentUrl":"http:\/\/denizcankizil.tr\/wp-content\/uploads\/2024\/10\/siyah-logo-svg.svg","width":1080,"height":1080,"caption":"Av. Deniz Can K\u0131z\u0131l"},"image":{"@id":"https:\/\/denizcankizil.tr\/de\/#\/schema\/logo\/image\/"}},{"@type":"Person","@id":"https:\/\/denizcankizil.tr\/de\/#\/schema\/person\/be3c05fe6a12686905512445d8185489","name":"Administrator","image":{"@type":"ImageObject","inLanguage":"de","@id":"https:\/\/denizcankizil.tr\/de\/#\/schema\/person\/image\/","url":"https:\/\/secure.gravatar.com\/avatar\/c1fce94c830dc79107e174f890d7210541c4a63e8e5d816341794a2151c9d58c?s=96&d=mm&r=g","contentUrl":"https:\/\/secure.gravatar.com\/avatar\/c1fce94c830dc79107e174f890d7210541c4a63e8e5d816341794a2151c9d58c?s=96&d=mm&r=g","caption":"admin"},"sameAs":["http:\/\/denizcankizil.tr"],"url":"https:\/\/www.iskenderun.org\/tbmm-genel-kurulu-bu-hafta-siber-guvenlik-kanununu-gorusecek"}]}},"_links":{"self":[{"href":"http:\/\/denizcankizil.tr\/de\/wp-json\/wp\/v2\/posts\/34528","targetHints":{"allow":["GET"]}}],"collection":[{"href":"http:\/\/denizcankizil.tr\/de\/wp-json\/wp\/v2\/posts"}],"about":[{"href":"http:\/\/denizcankizil.tr\/de\/wp-json\/wp\/v2\/types\/post"}],"author":[{"embeddable":true,"href":"http:\/\/denizcankizil.tr\/de\/wp-json\/wp\/v2\/users\/1"}],"replies":[{"embeddable":true,"href":"http:\/\/denizcankizil.tr\/de\/wp-json\/wp\/v2\/comments?post=34528"}],"version-history":[{"count":0,"href":"http:\/\/denizcankizil.tr\/de\/wp-json\/wp\/v2\/posts\/34528\/revisions"}],"wp:attachment":[{"href":"http:\/\/denizcankizil.tr\/de\/wp-json\/wp\/v2\/media?parent=34528"}],"wp:term":[{"taxonomy":"category","embeddable":true,"href":"http:\/\/denizcankizil.tr\/de\/wp-json\/wp\/v2\/categories?post=34528"},{"taxonomy":"post_tag","embeddable":true,"href":"http:\/\/denizcankizil.tr\/de\/wp-json\/wp\/v2\/tags?post=34528"}],"curies":[{"name":"wp","href":"https:\/\/api.w.org\/{rel}","templated":true}]}}