{"id":34525,"date":"2025-03-03T09:41:26","date_gmt":"2025-03-03T06:41:26","guid":{"rendered":"https:\/\/denizcankizil.tr\/uncategorized-tr\/meteorolojiden-haftaya-kuvvetli-baslangic\/"},"modified":"2025-03-03T09:41:26","modified_gmt":"2025-03-03T06:41:26","slug":"meteorolojiden-haftaya-kuvvetli-baslangic","status":"publish","type":"post","link":"http:\/\/denizcankizil.tr\/de\/haberler\/gundem\/meteorolojiden-haftaya-kuvvetli-baslangic\/","title":{"rendered":"Meteoroloji&#8217;den haftaya &#8216;kuvvetli&#8217; ba\u015flang\u0131\u00e7!"},"content":{"rendered":"<p>Haftaya par\u00e7al\u0131 ve \u00e7ok bulutlu olarak ba\u015flang\u0131\u00e7 yapan Meteoroloji&#8217;nin hava tahmin raporuna g\u00f6re, yurt genelinde ya\u011f\u0131\u015f ve kar ya\u011f\u0131\u015f\u0131 bekleniyor. Kar, r\u00fczgar, \u00e7\u0131\u011f ve buzlanma konusunda da kuvvetli uyar\u0131lar geldi.ANKARA (\u0130GFA) &#8211; Meteoroloji Genel M\u00fcd\u00fcrl\u00fc\u011f\u00fc, 3 Mart Pazartesi g\u00fcn\u00fcne ili\u015fkin hava tahmin raporunu yay\u0131mlad\u0131.\u00a0<br \/>\nBuna g\u00f6re T\u00fcrkiye genelinin par\u00e7al\u0131 ve \u00e7ok bulutlu, Marmara&#8217;n\u0131n do\u011fusu, G\u00fcney ve \u0130\u00e7 Ege, Bat\u0131 ve Orta Akdeniz, \u0130\u00e7 Anadolu&#8217;nun g\u00fcney ve do\u011fusu, Karadeniz, Do\u011fu Anadolu\u2019nun kuzey ve bat\u0131s\u0131 ile Mu\u015f, Bitlis, Bing\u00f6l, Van, Hakkari, Ad\u0131yaman, Diyarbak\u0131r, Siirt, Osmaniye, Kahramanmara\u015f, Ankara, Eski\u015fehir&#8217;in g\u00fcneyi ve Adana&#8217;n\u0131n kuzey \u00e7evrelerinin aral\u0131kl\u0131 ya\u011f\u0131\u015fl\u0131 ge\u00e7ece\u011fi tahmin edildi.<\/p>\n<p>Kuzey, i\u00e7 ve bat\u0131 kesimlerde ya\u011f\u0131\u015fla birlikte 3 ila 5 derece azalaca\u011f\u0131, di\u011fer yerlerde \u00f6nemli bir de\u011fi\u015fiklik olmayaca\u011f\u0131 tahmin edilen rapora g\u00f6re; ya\u011f\u0131\u015flar\u0131n Marmara&#8217;n\u0131n do\u011fusu, G\u00fcney ve \u0130\u00e7 Ege, Bat\u0131 ve Orta Akdeniz k\u0131y\u0131lar\u0131, Karadeniz k\u0131y\u0131lar\u0131, Manisa, Denizli, Ankara, Eski\u015fehir&#8217;in g\u00fcneyi, Adana&#8217;n\u0131n kuzey kesimleri, Osmaniye, Kahramanmara\u015f, Ad\u0131yaman, Diyarbak\u0131r, Siirt \u00e7evrelerinde ya\u011fmur ve sa\u011fanak, ya\u011f\u0131\u015f alan di\u011fer yerlerde karla kar\u0131\u015f\u0131k ya\u011fmur ve kar \u015feklinde olmas\u0131 bekleniyor.<\/p>\n<p>Kar ya\u011f\u0131\u015flar\u0131n\u0131n Do\u011fu Karadeniz&#8217;in i\u00e7 kesimleri ile Karaman, Ni\u011fde, Kayseri, Sivas, Erzincan, Tunceli ve Bing\u00f6l \u00e7evrelerinde yer yer kuvvetli olaca\u011f\u0131 tahmin ediliyor. Yurdun i\u00e7 ve do\u011fu kesimlerinde buzlanma ve don ile birlikte pus ve yer yer sis bekleniyor.<\/p>\n<p>R\u00fczgar\u0131n ise genellikle kuzey y\u00f6nlerden hafif, ara s\u0131ra orta kuvvette, Marmara\u2019n\u0131n g\u00fcneybat\u0131s\u0131 ile K\u0131y\u0131 Ege\u2019de kuzey y\u00f6nlerden kuvvetli (30-60 km\/saat) olarak esmesi beklenirken, Do\u011fu Karadeniz\u2019in i\u00e7 kesimlerinin y\u00fcksekleri ile Do\u011fu Anadolu\u2019nun y\u00fcksek ve dik yama\u00e7lar\u0131nda \u00e7\u0131\u011f tehlikesi konusunda vatanda\u015flar\u0131n dikkatli ve tedbirli olmas\u0131 istendi.<\/p>\n<p>\u200bHaftaya par\u00e7al\u0131 ve \u00e7ok bulutlu olarak ba\u015flang\u0131\u00e7 yapan Meteoroloji&#8217;nin hava tahmin raporuna g\u00f6re, yurt genelinde ya\u011f\u0131\u015f ve kar ya\u011f\u0131\u015f\u0131 bekleniyor. Kar, r\u00fczgar, \u00e7\u0131\u011f ve buzlanma konusunda da kuvvetli uyar\u0131lar geldi.ANKARA (\u0130GFA) &#8211; Meteoroloji Genel M\u00fcd\u00fcrl\u00fc\u011f\u00fc, 3 Mart Pazartesi g\u00fcn\u00fcne ili\u015fkin hava tahmin raporunu yay\u0131mlad\u0131.\u00a0<br \/>\nBuna g\u00f6re T\u00fcrkiye genelinin par\u00e7al\u0131 ve \u00e7ok bulutlu, Marmara&#8217;n\u0131n do\u011fusu, G\u00fcney ve \u0130\u00e7 Ege, Bat\u0131 ve Orta Akdeniz, \u0130\u00e7 Anadolu&#8217;nun g\u00fcney ve do\u011fusu, Karadeniz, Do\u011fu Anadolu\u2019nun kuzey ve bat\u0131s\u0131 ile Mu\u015f, Bitlis, Bing\u00f6l, Van, Hakkari, Ad\u0131yaman, Diyarbak\u0131r, Siirt, Osmaniye, Kahramanmara\u015f, Ankara, Eski\u015fehir&#8217;in g\u00fcneyi ve Adana&#8217;n\u0131n kuzey \u00e7evrelerinin aral\u0131kl\u0131 ya\u011f\u0131\u015fl\u0131 ge\u00e7ece\u011fi tahmin edildi.<\/p>\n<p>Kuzey, i\u00e7 ve bat\u0131 kesimlerde ya\u011f\u0131\u015fla birlikte 3 ila 5 derece azalaca\u011f\u0131, di\u011fer yerlerde \u00f6nemli bir de\u011fi\u015fiklik olmayaca\u011f\u0131 tahmin edilen rapora g\u00f6re; ya\u011f\u0131\u015flar\u0131n Marmara&#8217;n\u0131n do\u011fusu, G\u00fcney ve \u0130\u00e7 Ege, Bat\u0131 ve Orta Akdeniz k\u0131y\u0131lar\u0131, Karadeniz k\u0131y\u0131lar\u0131, Manisa, Denizli, Ankara, Eski\u015fehir&#8217;in g\u00fcneyi, Adana&#8217;n\u0131n kuzey kesimleri, Osmaniye, Kahramanmara\u015f, Ad\u0131yaman, Diyarbak\u0131r, Siirt \u00e7evrelerinde ya\u011fmur ve sa\u011fanak, ya\u011f\u0131\u015f alan di\u011fer yerlerde karla kar\u0131\u015f\u0131k ya\u011fmur ve kar \u015feklinde olmas\u0131 bekleniyor.<\/p>\n<p>Kar ya\u011f\u0131\u015flar\u0131n\u0131n Do\u011fu Karadeniz&#8217;in i\u00e7 kesimleri ile Karaman, Ni\u011fde, Kayseri, Sivas, Erzincan, Tunceli ve Bing\u00f6l \u00e7evrelerinde yer yer kuvvetli olaca\u011f\u0131 tahmin ediliyor. Yurdun i\u00e7 ve do\u011fu kesimlerinde buzlanma ve don ile birlikte pus ve yer yer sis bekleniyor.<\/p>\n<p>R\u00fczgar\u0131n ise genellikle kuzey y\u00f6nlerden hafif, ara s\u0131ra orta kuvvette, Marmara\u2019n\u0131n g\u00fcneybat\u0131s\u0131 ile K\u0131y\u0131 Ege\u2019de kuzey y\u00f6nlerden kuvvetli (30-60 km\/saat) olarak esmesi beklenirken, Do\u011fu Karadeniz\u2019in i\u00e7 kesimlerinin y\u00fcksekleri ile Do\u011fu Anadolu\u2019nun y\u00fcksek ve dik yama\u00e7lar\u0131nda \u00e7\u0131\u011f tehlikesi konusunda vatanda\u015flar\u0131n dikkatli ve tedbirli olmas\u0131 istendi.\u00a0<\/p>\n<p>\u200bHaberin Al\u0131nt\u0131land\u0131\u011f\u0131 Kaynak: www.iskenderun.org<\/p>","protected":false},"excerpt":{"rendered":"<p>Haftaya par\u00e7al\u0131 ve \u00e7ok bulutlu olarak ba\u015flang\u0131\u00e7 yapan Meteoroloji&#8217;nin hava tahmin raporuna g\u00f6re, yurt genelinde ya\u011f\u0131\u015f ve kar ya\u011f\u0131\u015f\u0131 bekleniyor. Kar, r\u00fczgar, \u00e7\u0131\u011f ve buzlanma konusunda da kuvvetli uyar\u0131lar geldi.ANKARA (\u0130GFA) &#8211; Meteoroloji Genel M\u00fcd\u00fcrl\u00fc\u011f\u00fc, 3 Mart Pazartesi g\u00fcn\u00fcne ili\u015fkin hava tahmin raporunu yay\u0131mlad\u0131.\u00a0 Buna g\u00f6re T\u00fcrkiye genelinin par\u00e7al\u0131 ve \u00e7ok bulutlu, Marmara&#8217;n\u0131n do\u011fusu, G\u00fcney ve \u0130\u00e7 Ege, Bat\u0131 ve Orta Akdeniz, \u0130\u00e7 Anadolu&#8217;nun g\u00fcney ve do\u011fusu, Karadeniz, Do\u011fu Anadolu\u2019nun kuzey ve bat\u0131s\u0131 ile Mu\u015f, Bitlis, Bing\u00f6l, Van, Hakkari, Ad\u0131yaman, Diyarbak\u0131r, Siirt, Osmaniye, Kahramanmara\u015f, Ankara, Eski\u015fehir&#8217;in g\u00fcneyi ve Adana&#8217;n\u0131n kuzey \u00e7evrelerinin aral\u0131kl\u0131 ya\u011f\u0131\u015fl\u0131 ge\u00e7ece\u011fi tahmin edildi. Kuzey, i\u00e7 ve bat\u0131 kesimlerde ya\u011f\u0131\u015fla birlikte 3 ila 5 derece azalaca\u011f\u0131, di\u011fer yerlerde \u00f6nemli bir de\u011fi\u015fiklik olmayaca\u011f\u0131 tahmin edilen rapora g\u00f6re; ya\u011f\u0131\u015flar\u0131n Marmara&#8217;n\u0131n do\u011fusu, G\u00fcney ve \u0130\u00e7 Ege, Bat\u0131 ve Orta Akdeniz k\u0131y\u0131lar\u0131, Karadeniz k\u0131y\u0131lar\u0131, Manisa, Denizli, Ankara, Eski\u015fehir&#8217;in g\u00fcneyi, Adana&#8217;n\u0131n kuzey kesimleri, Osmaniye, Kahramanmara\u015f, Ad\u0131yaman, Diyarbak\u0131r, Siirt \u00e7evrelerinde ya\u011fmur ve sa\u011fanak, ya\u011f\u0131\u015f alan di\u011fer yerlerde karla kar\u0131\u015f\u0131k ya\u011fmur ve kar \u015feklinde olmas\u0131 bekleniyor. Kar ya\u011f\u0131\u015flar\u0131n\u0131n Do\u011fu Karadeniz&#8217;in i\u00e7 kesimleri ile Karaman, Ni\u011fde, Kayseri, Sivas, Erzincan, Tunceli ve Bing\u00f6l \u00e7evrelerinde yer yer kuvvetli olaca\u011f\u0131 tahmin ediliyor. Yurdun i\u00e7 ve do\u011fu kesimlerinde buzlanma ve don ile birlikte pus ve yer yer sis bekleniyor. R\u00fczgar\u0131n &hellip;<\/p>","protected":false},"author":1,"featured_media":0,"comment_status":"open","ping_status":"open","sticky":false,"template":"","format":"standard","meta":{"_acf_changed":false,"footnotes":""},"categories":[24],"tags":[],"class_list":["post-34525","post","type-post","status-publish","format-standard","has-post-thumbnail","hentry","category-gundem"],"acf":[],"yoast_head":"<!-- This site is optimized with the Yoast SEO Premium plugin v26.6 (Yoast SEO v27.1.1) - https:\/\/yoast.com\/product\/yoast-seo-premium-wordpress\/ -->\n<title>Meteoroloji&#039;den haftaya &#039;kuvvetli&#039; ba\u015flang\u0131\u00e7! - Av. Deniz Can K\u0131z\u0131l<\/title>\n<meta name=\"robots\" content=\"index, follow, max-snippet:-1, max-image-preview:large, max-video-preview:-1\" \/>\n<link rel=\"canonical\" href=\"http:\/\/denizcankizil.tr\/de\/haberler\/gundem\/meteorolojiden-haftaya-kuvvetli-baslangic\/\" \/>\n<meta property=\"og:locale\" content=\"de_DE\" \/>\n<meta property=\"og:type\" content=\"article\" \/>\n<meta property=\"og:title\" content=\"Meteoroloji&#039;den haftaya &#039;kuvvetli&#039; ba\u015flang\u0131\u00e7!\" \/>\n<meta property=\"og:description\" content=\"Haftaya par\u00e7al\u0131 ve \u00e7ok bulutlu olarak ba\u015flang\u0131\u00e7 yapan Meteoroloji&#8217;nin hava tahmin raporuna g\u00f6re, yurt genelinde ya\u011f\u0131\u015f ve kar ya\u011f\u0131\u015f\u0131 bekleniyor. Kar, r\u00fczgar, \u00e7\u0131\u011f ve buzlanma konusunda da kuvvetli uyar\u0131lar geldi.ANKARA (\u0130GFA) &#8211; Meteoroloji Genel M\u00fcd\u00fcrl\u00fc\u011f\u00fc, 3 Mart Pazartesi g\u00fcn\u00fcne ili\u015fkin hava tahmin raporunu yay\u0131mlad\u0131.\u00a0 Buna g\u00f6re T\u00fcrkiye genelinin par\u00e7al\u0131 ve \u00e7ok bulutlu, Marmara&#8217;n\u0131n do\u011fusu, G\u00fcney ve \u0130\u00e7 Ege, Bat\u0131 ve Orta Akdeniz, \u0130\u00e7 Anadolu&#8217;nun g\u00fcney ve do\u011fusu, Karadeniz, Do\u011fu Anadolu\u2019nun kuzey ve bat\u0131s\u0131 ile Mu\u015f, Bitlis, Bing\u00f6l, Van, Hakkari, Ad\u0131yaman, Diyarbak\u0131r, Siirt, Osmaniye, Kahramanmara\u015f, Ankara, Eski\u015fehir&#8217;in g\u00fcneyi ve Adana&#8217;n\u0131n kuzey \u00e7evrelerinin aral\u0131kl\u0131 ya\u011f\u0131\u015fl\u0131 ge\u00e7ece\u011fi tahmin edildi. Kuzey, i\u00e7 ve bat\u0131 kesimlerde ya\u011f\u0131\u015fla birlikte 3 ila 5 derece azalaca\u011f\u0131, di\u011fer yerlerde \u00f6nemli bir de\u011fi\u015fiklik olmayaca\u011f\u0131 tahmin edilen rapora g\u00f6re; ya\u011f\u0131\u015flar\u0131n Marmara&#8217;n\u0131n do\u011fusu, G\u00fcney ve \u0130\u00e7 Ege, Bat\u0131 ve Orta Akdeniz k\u0131y\u0131lar\u0131, Karadeniz k\u0131y\u0131lar\u0131, Manisa, Denizli, Ankara, Eski\u015fehir&#8217;in g\u00fcneyi, Adana&#8217;n\u0131n kuzey kesimleri, Osmaniye, Kahramanmara\u015f, Ad\u0131yaman, Diyarbak\u0131r, Siirt \u00e7evrelerinde ya\u011fmur ve sa\u011fanak, ya\u011f\u0131\u015f alan di\u011fer yerlerde karla kar\u0131\u015f\u0131k ya\u011fmur ve kar \u015feklinde olmas\u0131 bekleniyor. Kar ya\u011f\u0131\u015flar\u0131n\u0131n Do\u011fu Karadeniz&#8217;in i\u00e7 kesimleri ile Karaman, Ni\u011fde, Kayseri, Sivas, Erzincan, Tunceli ve Bing\u00f6l \u00e7evrelerinde yer yer kuvvetli olaca\u011f\u0131 tahmin ediliyor. Yurdun i\u00e7 ve do\u011fu kesimlerinde buzlanma ve don ile birlikte pus ve yer yer sis bekleniyor. R\u00fczgar\u0131n &hellip;\" \/>\n<meta property=\"og:url\" content=\"http:\/\/denizcankizil.tr\/de\/haberler\/gundem\/meteorolojiden-haftaya-kuvvetli-baslangic\/\" \/>\n<meta property=\"og:site_name\" content=\"Av. Deniz Can K\u0131z\u0131l\" \/>\n<meta property=\"article:published_time\" content=\"2025-03-03T06:41:26+00:00\" \/>\n<meta name=\"author\" content=\"admin\" \/>\n<meta name=\"twitter:card\" content=\"summary_large_image\" \/>\n<meta name=\"twitter:label1\" content=\"Verfasst von\" \/>\n\t<meta name=\"twitter:data1\" content=\"admin\" \/>\n\t<meta name=\"twitter:label2\" content=\"Gesch\u00e4tzte Lesezeit\" \/>\n\t<meta name=\"twitter:data2\" content=\"3\u00a0Minuten\" \/>\n<script type=\"application\/ld+json\" class=\"yoast-schema-graph\">{\"@context\":\"https:\/\/schema.org\",\"@graph\":[{\"@type\":\"Article\",\"@id\":\"http:\/\/denizcankizil.tr\/de\/haberler\/gundem\/meteorolojiden-haftaya-kuvvetli-baslangic\/#article\",\"isPartOf\":{\"@id\":\"http:\/\/denizcankizil.tr\/de\/haberler\/gundem\/meteorolojiden-haftaya-kuvvetli-baslangic\/\"},\"author\":{\"name\":\"admin\",\"@id\":\"https:\/\/denizcankizil.tr\/#\/schema\/person\/be3c05fe6a12686905512445d8185489\"},\"headline\":\"Meteoroloji&#8217;den haftaya &#8216;kuvvetli&#8217; ba\u015flang\u0131\u00e7!\",\"datePublished\":\"2025-03-03T06:41:26+00:00\",\"mainEntityOfPage\":{\"@id\":\"http:\/\/denizcankizil.tr\/de\/haberler\/gundem\/meteorolojiden-haftaya-kuvvetli-baslangic\/\"},\"wordCount\":674,\"commentCount\":0,\"publisher\":{\"@id\":\"https:\/\/denizcankizil.tr\/#organization\"},\"articleSection\":[\"G\u00fcndem\"],\"inLanguage\":\"de\",\"potentialAction\":[{\"@type\":\"CommentAction\",\"name\":\"Comment\",\"target\":[\"http:\/\/denizcankizil.tr\/de\/haberler\/gundem\/meteorolojiden-haftaya-kuvvetli-baslangic\/#respond\"]}]},{\"@type\":\"WebPage\",\"@id\":\"http:\/\/denizcankizil.tr\/de\/haberler\/gundem\/meteorolojiden-haftaya-kuvvetli-baslangic\/\",\"url\":\"http:\/\/denizcankizil.tr\/de\/haberler\/gundem\/meteorolojiden-haftaya-kuvvetli-baslangic\/\",\"name\":\"Meteoroloji'den haftaya 'kuvvetli' ba\u015flang\u0131\u00e7! - Av. Deniz Can K\u0131z\u0131l\",\"isPartOf\":{\"@id\":\"https:\/\/denizcankizil.tr\/#website\"},\"datePublished\":\"2025-03-03T06:41:26+00:00\",\"breadcrumb\":{\"@id\":\"http:\/\/denizcankizil.tr\/de\/haberler\/gundem\/meteorolojiden-haftaya-kuvvetli-baslangic\/#breadcrumb\"},\"inLanguage\":\"de\",\"potentialAction\":[{\"@type\":\"ReadAction\",\"target\":[\"http:\/\/denizcankizil.tr\/de\/haberler\/gundem\/meteorolojiden-haftaya-kuvvetli-baslangic\/\"]}]},{\"@type\":\"BreadcrumbList\",\"@id\":\"http:\/\/denizcankizil.tr\/de\/haberler\/gundem\/meteorolojiden-haftaya-kuvvetli-baslangic\/#breadcrumb\",\"itemListElement\":[{\"@type\":\"ListItem\",\"position\":1,\"name\":\"Home\",\"item\":\"https:\/\/denizcankizil.tr\/de\/\"},{\"@type\":\"ListItem\",\"position\":2,\"name\":\"Meteoroloji&#8217;den haftaya &#8216;kuvvetli&#8217; ba\u015flang\u0131\u00e7!\"}]},{\"@type\":\"WebSite\",\"@id\":\"https:\/\/denizcankizil.tr\/#website\",\"url\":\"https:\/\/denizcankizil.tr\/\",\"name\":\"Av. Deniz Can K\u0131z\u0131l\",\"description\":\"Avukat Deniz Can K\u0131z\u0131l Antalya Barosu\",\"publisher\":{\"@id\":\"https:\/\/denizcankizil.tr\/#organization\"},\"potentialAction\":[{\"@type\":\"SearchAction\",\"target\":{\"@type\":\"EntryPoint\",\"urlTemplate\":\"https:\/\/denizcankizil.tr\/?s={search_term_string}\"},\"query-input\":{\"@type\":\"PropertyValueSpecification\",\"valueRequired\":true,\"valueName\":\"search_term_string\"}}],\"inLanguage\":\"de\"},{\"@type\":\"Organization\",\"@id\":\"https:\/\/denizcankizil.tr\/#organization\",\"name\":\"Av. Deniz Can K\u0131z\u0131l\",\"url\":\"https:\/\/denizcankizil.tr\/\",\"logo\":{\"@type\":\"ImageObject\",\"inLanguage\":\"de\",\"@id\":\"https:\/\/denizcankizil.tr\/#\/schema\/logo\/image\/\",\"url\":\"http:\/\/denizcankizil.tr\/wp-content\/uploads\/2024\/10\/siyah-logo-svg.svg\",\"contentUrl\":\"http:\/\/denizcankizil.tr\/wp-content\/uploads\/2024\/10\/siyah-logo-svg.svg\",\"width\":1080,\"height\":1080,\"caption\":\"Av. Deniz Can K\u0131z\u0131l\"},\"image\":{\"@id\":\"https:\/\/denizcankizil.tr\/#\/schema\/logo\/image\/\"}},{\"@type\":\"Person\",\"@id\":\"https:\/\/denizcankizil.tr\/#\/schema\/person\/be3c05fe6a12686905512445d8185489\",\"name\":\"admin\",\"image\":{\"@type\":\"ImageObject\",\"inLanguage\":\"de\",\"@id\":\"https:\/\/denizcankizil.tr\/#\/schema\/person\/image\/\",\"url\":\"https:\/\/secure.gravatar.com\/avatar\/c1fce94c830dc79107e174f890d7210541c4a63e8e5d816341794a2151c9d58c?s=96&d=mm&r=g\",\"contentUrl\":\"https:\/\/secure.gravatar.com\/avatar\/c1fce94c830dc79107e174f890d7210541c4a63e8e5d816341794a2151c9d58c?s=96&d=mm&r=g\",\"caption\":\"admin\"},\"sameAs\":[\"http:\/\/denizcankizil.tr\"],\"url\":\"https:\/\/www.iskenderun.org\/meteorolojiden-haftaya-kuvvetli-baslangic\"}]}<\/script>\n<!-- \/ Yoast SEO Premium plugin. -->","yoast_head_json":{"title":"Meteoroloji'den haftaya 'kuvvetli' ba\u015flang\u0131\u00e7! - Av. Deniz Can K\u0131z\u0131l","robots":{"index":"index","follow":"follow","max-snippet":"max-snippet:-1","max-image-preview":"max-image-preview:large","max-video-preview":"max-video-preview:-1"},"canonical":"http:\/\/denizcankizil.tr\/de\/haberler\/gundem\/meteorolojiden-haftaya-kuvvetli-baslangic\/","og_locale":"de_DE","og_type":"article","og_title":"Meteoroloji'den haftaya 'kuvvetli' ba\u015flang\u0131\u00e7!","og_description":"Haftaya par\u00e7al\u0131 ve \u00e7ok bulutlu olarak ba\u015flang\u0131\u00e7 yapan Meteoroloji&#8217;nin hava tahmin raporuna g\u00f6re, yurt genelinde ya\u011f\u0131\u015f ve kar ya\u011f\u0131\u015f\u0131 bekleniyor. Kar, r\u00fczgar, \u00e7\u0131\u011f ve buzlanma konusunda da kuvvetli uyar\u0131lar geldi.ANKARA (\u0130GFA) &#8211; Meteoroloji Genel M\u00fcd\u00fcrl\u00fc\u011f\u00fc, 3 Mart Pazartesi g\u00fcn\u00fcne ili\u015fkin hava tahmin raporunu yay\u0131mlad\u0131.\u00a0 Buna g\u00f6re T\u00fcrkiye genelinin par\u00e7al\u0131 ve \u00e7ok bulutlu, Marmara&#8217;n\u0131n do\u011fusu, G\u00fcney ve \u0130\u00e7 Ege, Bat\u0131 ve Orta Akdeniz, \u0130\u00e7 Anadolu&#8217;nun g\u00fcney ve do\u011fusu, Karadeniz, Do\u011fu Anadolu\u2019nun kuzey ve bat\u0131s\u0131 ile Mu\u015f, Bitlis, Bing\u00f6l, Van, Hakkari, Ad\u0131yaman, Diyarbak\u0131r, Siirt, Osmaniye, Kahramanmara\u015f, Ankara, Eski\u015fehir&#8217;in g\u00fcneyi ve Adana&#8217;n\u0131n kuzey \u00e7evrelerinin aral\u0131kl\u0131 ya\u011f\u0131\u015fl\u0131 ge\u00e7ece\u011fi tahmin edildi. Kuzey, i\u00e7 ve bat\u0131 kesimlerde ya\u011f\u0131\u015fla birlikte 3 ila 5 derece azalaca\u011f\u0131, di\u011fer yerlerde \u00f6nemli bir de\u011fi\u015fiklik olmayaca\u011f\u0131 tahmin edilen rapora g\u00f6re; ya\u011f\u0131\u015flar\u0131n Marmara&#8217;n\u0131n do\u011fusu, G\u00fcney ve \u0130\u00e7 Ege, Bat\u0131 ve Orta Akdeniz k\u0131y\u0131lar\u0131, Karadeniz k\u0131y\u0131lar\u0131, Manisa, Denizli, Ankara, Eski\u015fehir&#8217;in g\u00fcneyi, Adana&#8217;n\u0131n kuzey kesimleri, Osmaniye, Kahramanmara\u015f, Ad\u0131yaman, Diyarbak\u0131r, Siirt \u00e7evrelerinde ya\u011fmur ve sa\u011fanak, ya\u011f\u0131\u015f alan di\u011fer yerlerde karla kar\u0131\u015f\u0131k ya\u011fmur ve kar \u015feklinde olmas\u0131 bekleniyor. Kar ya\u011f\u0131\u015flar\u0131n\u0131n Do\u011fu Karadeniz&#8217;in i\u00e7 kesimleri ile Karaman, Ni\u011fde, Kayseri, Sivas, Erzincan, Tunceli ve Bing\u00f6l \u00e7evrelerinde yer yer kuvvetli olaca\u011f\u0131 tahmin ediliyor. Yurdun i\u00e7 ve do\u011fu kesimlerinde buzlanma ve don ile birlikte pus ve yer yer sis bekleniyor. R\u00fczgar\u0131n &hellip;","og_url":"http:\/\/denizcankizil.tr\/de\/haberler\/gundem\/meteorolojiden-haftaya-kuvvetli-baslangic\/","og_site_name":"Av. Deniz Can K\u0131z\u0131l","article_published_time":"2025-03-03T06:41:26+00:00","author":"admin","twitter_card":"summary_large_image","twitter_misc":{"Verfasst von":"admin","Gesch\u00e4tzte Lesezeit":"3\u00a0Minuten"},"schema":{"@context":"https:\/\/schema.org","@graph":[{"@type":"Article","@id":"http:\/\/denizcankizil.tr\/de\/haberler\/gundem\/meteorolojiden-haftaya-kuvvetli-baslangic\/#article","isPartOf":{"@id":"http:\/\/denizcankizil.tr\/de\/haberler\/gundem\/meteorolojiden-haftaya-kuvvetli-baslangic\/"},"author":{"name":"admin","@id":"https:\/\/denizcankizil.tr\/#\/schema\/person\/be3c05fe6a12686905512445d8185489"},"headline":"Meteoroloji&#8217;den haftaya &#8216;kuvvetli&#8217; ba\u015flang\u0131\u00e7!","datePublished":"2025-03-03T06:41:26+00:00","mainEntityOfPage":{"@id":"http:\/\/denizcankizil.tr\/de\/haberler\/gundem\/meteorolojiden-haftaya-kuvvetli-baslangic\/"},"wordCount":674,"commentCount":0,"publisher":{"@id":"https:\/\/denizcankizil.tr\/#organization"},"articleSection":["G\u00fcndem"],"inLanguage":"de","potentialAction":[{"@type":"CommentAction","name":"Comment","target":["http:\/\/denizcankizil.tr\/de\/haberler\/gundem\/meteorolojiden-haftaya-kuvvetli-baslangic\/#respond"]}]},{"@type":"WebPage","@id":"http:\/\/denizcankizil.tr\/de\/haberler\/gundem\/meteorolojiden-haftaya-kuvvetli-baslangic\/","url":"http:\/\/denizcankizil.tr\/de\/haberler\/gundem\/meteorolojiden-haftaya-kuvvetli-baslangic\/","name":"Meteoroloji'den haftaya 'kuvvetli' ba\u015flang\u0131\u00e7! - Av. Deniz Can K\u0131z\u0131l","isPartOf":{"@id":"https:\/\/denizcankizil.tr\/#website"},"datePublished":"2025-03-03T06:41:26+00:00","breadcrumb":{"@id":"http:\/\/denizcankizil.tr\/de\/haberler\/gundem\/meteorolojiden-haftaya-kuvvetli-baslangic\/#breadcrumb"},"inLanguage":"de","potentialAction":[{"@type":"ReadAction","target":["http:\/\/denizcankizil.tr\/de\/haberler\/gundem\/meteorolojiden-haftaya-kuvvetli-baslangic\/"]}]},{"@type":"BreadcrumbList","@id":"http:\/\/denizcankizil.tr\/de\/haberler\/gundem\/meteorolojiden-haftaya-kuvvetli-baslangic\/#breadcrumb","itemListElement":[{"@type":"ListItem","position":1,"name":"Home","item":"https:\/\/denizcankizil.tr\/de\/"},{"@type":"ListItem","position":2,"name":"Meteoroloji&#8217;den haftaya &#8216;kuvvetli&#8217; ba\u015flang\u0131\u00e7!"}]},{"@type":"WebSite","@id":"https:\/\/denizcankizil.tr\/#website","url":"https:\/\/denizcankizil.tr\/","name":"Av. Deniz Can K\u0131z\u0131l","description":"Avukat Deniz Can K\u0131z\u0131l Antalya Barosu","publisher":{"@id":"https:\/\/denizcankizil.tr\/#organization"},"potentialAction":[{"@type":"SearchAction","target":{"@type":"EntryPoint","urlTemplate":"https:\/\/denizcankizil.tr\/?s={search_term_string}"},"query-input":{"@type":"PropertyValueSpecification","valueRequired":true,"valueName":"search_term_string"}}],"inLanguage":"de"},{"@type":"Organization","@id":"https:\/\/denizcankizil.tr\/#organization","name":"Av. Deniz Can K\u0131z\u0131l","url":"https:\/\/denizcankizil.tr\/","logo":{"@type":"ImageObject","inLanguage":"de","@id":"https:\/\/denizcankizil.tr\/#\/schema\/logo\/image\/","url":"http:\/\/denizcankizil.tr\/wp-content\/uploads\/2024\/10\/siyah-logo-svg.svg","contentUrl":"http:\/\/denizcankizil.tr\/wp-content\/uploads\/2024\/10\/siyah-logo-svg.svg","width":1080,"height":1080,"caption":"Av. Deniz Can K\u0131z\u0131l"},"image":{"@id":"https:\/\/denizcankizil.tr\/#\/schema\/logo\/image\/"}},{"@type":"Person","@id":"https:\/\/denizcankizil.tr\/#\/schema\/person\/be3c05fe6a12686905512445d8185489","name":"Administrator","image":{"@type":"ImageObject","inLanguage":"de","@id":"https:\/\/denizcankizil.tr\/#\/schema\/person\/image\/","url":"https:\/\/secure.gravatar.com\/avatar\/c1fce94c830dc79107e174f890d7210541c4a63e8e5d816341794a2151c9d58c?s=96&d=mm&r=g","contentUrl":"https:\/\/secure.gravatar.com\/avatar\/c1fce94c830dc79107e174f890d7210541c4a63e8e5d816341794a2151c9d58c?s=96&d=mm&r=g","caption":"admin"},"sameAs":["http:\/\/denizcankizil.tr"],"url":"https:\/\/www.iskenderun.org\/meteorolojiden-haftaya-kuvvetli-baslangic"}]}},"_links":{"self":[{"href":"http:\/\/denizcankizil.tr\/de\/wp-json\/wp\/v2\/posts\/34525","targetHints":{"allow":["GET"]}}],"collection":[{"href":"http:\/\/denizcankizil.tr\/de\/wp-json\/wp\/v2\/posts"}],"about":[{"href":"http:\/\/denizcankizil.tr\/de\/wp-json\/wp\/v2\/types\/post"}],"author":[{"embeddable":true,"href":"http:\/\/denizcankizil.tr\/de\/wp-json\/wp\/v2\/users\/1"}],"replies":[{"embeddable":true,"href":"http:\/\/denizcankizil.tr\/de\/wp-json\/wp\/v2\/comments?post=34525"}],"version-history":[{"count":0,"href":"http:\/\/denizcankizil.tr\/de\/wp-json\/wp\/v2\/posts\/34525\/revisions"}],"wp:attachment":[{"href":"http:\/\/denizcankizil.tr\/de\/wp-json\/wp\/v2\/media?parent=34525"}],"wp:term":[{"taxonomy":"category","embeddable":true,"href":"http:\/\/denizcankizil.tr\/de\/wp-json\/wp\/v2\/categories?post=34525"},{"taxonomy":"post_tag","embeddable":true,"href":"http:\/\/denizcankizil.tr\/de\/wp-json\/wp\/v2\/tags?post=34525"}],"curies":[{"name":"wp","href":"https:\/\/api.w.org\/{rel}","templated":true}]}}