{"id":34382,"date":"2025-02-28T15:41:39","date_gmt":"2025-02-28T12:41:39","guid":{"rendered":"https:\/\/denizcankizil.tr\/uncategorized-tr\/kepezli-sevinc-sampiyonaya-hazirlaniyor\/"},"modified":"2025-02-28T15:41:39","modified_gmt":"2025-02-28T12:41:39","slug":"kepezli-sevinc-sampiyonaya-hazirlaniyor","status":"publish","type":"post","link":"http:\/\/denizcankizil.tr\/de\/haberler\/antalya\/kepezli-sevinc-sampiyonaya-hazirlaniyor\/","title":{"rendered":"Kepezli Sevin\u00e7 \u015fampiyonaya haz\u0131rlan\u0131yor"},"content":{"rendered":"<p>Kepez Belediyespor Kul\u00fcb\u00fc cimnastik\u00e7isi Sevin\u00e7 \u00d6zdemir, okul program\u0131n\u0131n d\u0131\u015f\u0131nda haftada ortalama 21 saat antrenman yaparak T\u00fcrkiye \u00c7ocuk Fitness \u015eampiyonas\u0131&#8217;na haz\u0131rlan\u0131yor. Ge\u00e7en y\u0131l d\u00fczenlenen \u015fampiyonada 3. olan 14 ya\u015f\u0131ndaki \u00d6zdemir, bu y\u0131l daha fazla \u00e7al\u0131\u015farak alt\u0131n madalya kazanmay\u0131 hedefliyor. Haftada 4 g\u00fcn 2&#8217;\u015fer saatten fitness, 3 g\u00fcn 3&#8217;er saatten cimnastik, 2 g\u00fcn koreografi dersi alan gen\u00e7 sporcu, baz\u0131 g\u00fcnler \u00e7ift antrenman yaparak kaslar\u0131n\u0131 geli\u015ftiriyor.<br \/>\nAnkara&#8217;da Nisan ay\u0131nda d\u00fczenlenecek \u015fampiyona tarihi yakla\u015ft\u0131k\u00e7a heyecanlanan Sevin\u00e7 \u00d6zdemir, antren\u00f6r\u00fc \u0130smail Tafl\u0131&#8217;n\u0131n belirledi\u011fi antrenman program\u0131n\u0131 aksatm\u0131yor. Normal bir \u00e7ocu\u011fa g\u00f6re \u00e7ok fazla beslenmeye ihtiyac\u0131 olan \u00d6zdemir, g\u00fcnde 6 \u00f6\u011f\u00fcn kaliteli besinler yiyerek antrenman s\u0131ras\u0131nda v\u00fccudunun harcad\u0131\u011f\u0131 enerjinin \u00fczerine koyabiliyor.<\/p>\n<p>Kaynak: www.kanalv.com.tr Haber Sitesinden Al\u0131nm\u0131\u015ft\u0131r.<\/p>","protected":false},"excerpt":{"rendered":"<p>Kepez Belediyespor Kul\u00fcb\u00fc cimnastik\u00e7isi Sevin\u00e7 \u00d6zdemir, okul program\u0131n\u0131n d\u0131\u015f\u0131nda haftada ortalama 21 saat antrenman yaparak T\u00fcrkiye \u00c7ocuk Fitness \u015eampiyonas\u0131&#8217;na haz\u0131rlan\u0131yor. Ge\u00e7en y\u0131l d\u00fczenlenen \u015fampiyonada 3. olan 14 ya\u015f\u0131ndaki \u00d6zdemir, bu y\u0131l daha fazla \u00e7al\u0131\u015farak alt\u0131n madalya kazanmay\u0131 hedefliyor. Haftada 4 g\u00fcn 2&#8217;\u015fer saatten fitness, 3 g\u00fcn 3&#8217;er saatten cimnastik, 2 g\u00fcn koreografi dersi alan gen\u00e7 sporcu, baz\u0131 g\u00fcnler \u00e7ift antrenman yaparak kaslar\u0131n\u0131 geli\u015ftiriyor. Ankara&#8217;da Nisan ay\u0131nda d\u00fczenlenecek \u015fampiyona tarihi yakla\u015ft\u0131k\u00e7a heyecanlanan Sevin\u00e7 \u00d6zdemir, antren\u00f6r\u00fc \u0130smail Tafl\u0131&#8217;n\u0131n belirledi\u011fi antrenman program\u0131n\u0131 aksatm\u0131yor. Normal bir \u00e7ocu\u011fa g\u00f6re \u00e7ok fazla beslenmeye ihtiyac\u0131 olan \u00d6zdemir, g\u00fcnde 6 \u00f6\u011f\u00fcn kaliteli besinler yiyerek antrenman s\u0131ras\u0131nda v\u00fccudunun harcad\u0131\u011f\u0131 enerjinin \u00fczerine koyabiliyor. Kaynak: www.kanalv.com.tr Haber Sitesinden Al\u0131nm\u0131\u015ft\u0131r.<\/p>","protected":false},"author":4,"featured_media":34383,"comment_status":"open","ping_status":"open","sticky":false,"template":"","format":"standard","meta":{"_acf_changed":false,"footnotes":""},"categories":[26],"tags":[],"class_list":["post-34382","post","type-post","status-publish","format-standard","has-post-thumbnail","hentry","category-antalya"],"acf":[],"yoast_head":"<!-- This site is optimized with the Yoast SEO Premium plugin v26.6 (Yoast SEO v27.1.1) - https:\/\/yoast.com\/product\/yoast-seo-premium-wordpress\/ -->\n<title>Kepezli Sevin\u00e7 \u015fampiyonaya haz\u0131rlan\u0131yor - Av. Deniz Can K\u0131z\u0131l<\/title>\n<meta name=\"robots\" content=\"index, follow, max-snippet:-1, max-image-preview:large, max-video-preview:-1\" \/>\n<link rel=\"canonical\" href=\"http:\/\/denizcankizil.tr\/de\/haberler\/antalya\/kepezli-sevinc-sampiyonaya-hazirlaniyor\/\" \/>\n<meta property=\"og:locale\" content=\"de_DE\" \/>\n<meta property=\"og:type\" content=\"article\" \/>\n<meta property=\"og:title\" content=\"Kepezli Sevin\u00e7 \u015fampiyonaya haz\u0131rlan\u0131yor\" \/>\n<meta property=\"og:description\" content=\"Kepez Belediyespor Kul\u00fcb\u00fc cimnastik\u00e7isi Sevin\u00e7 \u00d6zdemir, okul program\u0131n\u0131n d\u0131\u015f\u0131nda haftada ortalama 21 saat antrenman yaparak T\u00fcrkiye \u00c7ocuk Fitness \u015eampiyonas\u0131&#8217;na haz\u0131rlan\u0131yor. Ge\u00e7en y\u0131l d\u00fczenlenen \u015fampiyonada 3. olan 14 ya\u015f\u0131ndaki \u00d6zdemir, bu y\u0131l daha fazla \u00e7al\u0131\u015farak alt\u0131n madalya kazanmay\u0131 hedefliyor. Haftada 4 g\u00fcn 2&#8217;\u015fer saatten fitness, 3 g\u00fcn 3&#8217;er saatten cimnastik, 2 g\u00fcn koreografi dersi alan gen\u00e7 sporcu, baz\u0131 g\u00fcnler \u00e7ift antrenman yaparak kaslar\u0131n\u0131 geli\u015ftiriyor. Ankara&#8217;da Nisan ay\u0131nda d\u00fczenlenecek \u015fampiyona tarihi yakla\u015ft\u0131k\u00e7a heyecanlanan Sevin\u00e7 \u00d6zdemir, antren\u00f6r\u00fc \u0130smail Tafl\u0131&#8217;n\u0131n belirledi\u011fi antrenman program\u0131n\u0131 aksatm\u0131yor. Normal bir \u00e7ocu\u011fa g\u00f6re \u00e7ok fazla beslenmeye ihtiyac\u0131 olan \u00d6zdemir, g\u00fcnde 6 \u00f6\u011f\u00fcn kaliteli besinler yiyerek antrenman s\u0131ras\u0131nda v\u00fccudunun harcad\u0131\u011f\u0131 enerjinin \u00fczerine koyabiliyor. Kaynak: www.kanalv.com.tr Haber Sitesinden Al\u0131nm\u0131\u015ft\u0131r.\" \/>\n<meta property=\"og:url\" content=\"http:\/\/denizcankizil.tr\/de\/haberler\/antalya\/kepezli-sevinc-sampiyonaya-hazirlaniyor\/\" \/>\n<meta property=\"og:site_name\" content=\"Av. Deniz Can K\u0131z\u0131l\" \/>\n<meta property=\"article:published_time\" content=\"2025-02-28T12:41:39+00:00\" \/>\n<meta property=\"og:image\" content=\"http:\/\/denizcankizil.tr\/wp-content\/uploads\/2025\/02\/5243-01-m6lKCt.jpeg\" \/>\n\t<meta property=\"og:image:width\" content=\"1280\" \/>\n\t<meta property=\"og:image:height\" content=\"720\" \/>\n\t<meta property=\"og:image:type\" content=\"image\/jpeg\" \/>\n<meta name=\"author\" content=\"Av. Deniz Can K\u0131z\u0131l\" \/>\n<meta name=\"twitter:card\" content=\"summary_large_image\" \/>\n<meta name=\"twitter:label1\" content=\"Verfasst von\" \/>\n\t<meta name=\"twitter:data1\" content=\"Av. Deniz Can K\u0131z\u0131l\" \/>\n\t<meta name=\"twitter:label2\" content=\"Gesch\u00e4tzte Lesezeit\" \/>\n\t<meta name=\"twitter:data2\" content=\"1\u00a0Minute\" \/>\n<script type=\"application\/ld+json\" class=\"yoast-schema-graph\">{\"@context\":\"https:\/\/schema.org\",\"@graph\":[{\"@type\":\"Article\",\"@id\":\"http:\/\/denizcankizil.tr\/de\/haberler\/antalya\/kepezli-sevinc-sampiyonaya-hazirlaniyor\/#article\",\"isPartOf\":{\"@id\":\"http:\/\/denizcankizil.tr\/de\/haberler\/antalya\/kepezli-sevinc-sampiyonaya-hazirlaniyor\/\"},\"author\":{\"name\":\"Av. Deniz Can K\u0131z\u0131l\",\"@id\":\"https:\/\/denizcankizil.tr\/de\/#\/schema\/person\/5dc1b22991bd7ac833867c10afc9b0ff\"},\"headline\":\"Kepezli Sevin\u00e7 \u015fampiyonaya haz\u0131rlan\u0131yor\",\"datePublished\":\"2025-02-28T12:41:39+00:00\",\"mainEntityOfPage\":{\"@id\":\"http:\/\/denizcankizil.tr\/de\/haberler\/antalya\/kepezli-sevinc-sampiyonaya-hazirlaniyor\/\"},\"wordCount\":153,\"commentCount\":0,\"publisher\":{\"@id\":\"https:\/\/denizcankizil.tr\/de\/#organization\"},\"image\":{\"@id\":\"http:\/\/denizcankizil.tr\/de\/haberler\/antalya\/kepezli-sevinc-sampiyonaya-hazirlaniyor\/#primaryimage\"},\"thumbnailUrl\":\"http:\/\/denizcankizil.tr\/wp-content\/uploads\/2025\/02\/5243-01-m6lKCt.jpeg\",\"articleSection\":[\"Antalya\"],\"inLanguage\":\"de\",\"potentialAction\":[{\"@type\":\"CommentAction\",\"name\":\"Comment\",\"target\":[\"http:\/\/denizcankizil.tr\/de\/haberler\/antalya\/kepezli-sevinc-sampiyonaya-hazirlaniyor\/#respond\"]}]},{\"@type\":\"WebPage\",\"@id\":\"http:\/\/denizcankizil.tr\/de\/haberler\/antalya\/kepezli-sevinc-sampiyonaya-hazirlaniyor\/\",\"url\":\"http:\/\/denizcankizil.tr\/de\/haberler\/antalya\/kepezli-sevinc-sampiyonaya-hazirlaniyor\/\",\"name\":\"Kepezli Sevin\u00e7 \u015fampiyonaya haz\u0131rlan\u0131yor - Av. Deniz Can K\u0131z\u0131l\",\"isPartOf\":{\"@id\":\"https:\/\/denizcankizil.tr\/de\/#website\"},\"primaryImageOfPage\":{\"@id\":\"http:\/\/denizcankizil.tr\/de\/haberler\/antalya\/kepezli-sevinc-sampiyonaya-hazirlaniyor\/#primaryimage\"},\"image\":{\"@id\":\"http:\/\/denizcankizil.tr\/de\/haberler\/antalya\/kepezli-sevinc-sampiyonaya-hazirlaniyor\/#primaryimage\"},\"thumbnailUrl\":\"http:\/\/denizcankizil.tr\/wp-content\/uploads\/2025\/02\/5243-01-m6lKCt.jpeg\",\"datePublished\":\"2025-02-28T12:41:39+00:00\",\"breadcrumb\":{\"@id\":\"http:\/\/denizcankizil.tr\/de\/haberler\/antalya\/kepezli-sevinc-sampiyonaya-hazirlaniyor\/#breadcrumb\"},\"inLanguage\":\"de\",\"potentialAction\":[{\"@type\":\"ReadAction\",\"target\":[\"http:\/\/denizcankizil.tr\/de\/haberler\/antalya\/kepezli-sevinc-sampiyonaya-hazirlaniyor\/\"]}]},{\"@type\":\"ImageObject\",\"inLanguage\":\"de\",\"@id\":\"http:\/\/denizcankizil.tr\/de\/haberler\/antalya\/kepezli-sevinc-sampiyonaya-hazirlaniyor\/#primaryimage\",\"url\":\"http:\/\/denizcankizil.tr\/wp-content\/uploads\/2025\/02\/5243-01-m6lKCt.jpeg\",\"contentUrl\":\"http:\/\/denizcankizil.tr\/wp-content\/uploads\/2025\/02\/5243-01-m6lKCt.jpeg\",\"width\":1280,\"height\":720},{\"@type\":\"BreadcrumbList\",\"@id\":\"http:\/\/denizcankizil.tr\/de\/haberler\/antalya\/kepezli-sevinc-sampiyonaya-hazirlaniyor\/#breadcrumb\",\"itemListElement\":[{\"@type\":\"ListItem\",\"position\":1,\"name\":\"Home\",\"item\":\"https:\/\/denizcankizil.tr\/de\/\"},{\"@type\":\"ListItem\",\"position\":2,\"name\":\"Kepezli Sevin\u00e7 \u015fampiyonaya haz\u0131rlan\u0131yor\"}]},{\"@type\":\"WebSite\",\"@id\":\"https:\/\/denizcankizil.tr\/de\/#website\",\"url\":\"https:\/\/denizcankizil.tr\/de\/\",\"name\":\"Av. Deniz Can K\u0131z\u0131l\",\"description\":\"Avukat Deniz Can K\u0131z\u0131l Antalya Barosu\",\"publisher\":{\"@id\":\"https:\/\/denizcankizil.tr\/de\/#organization\"},\"potentialAction\":[{\"@type\":\"SearchAction\",\"target\":{\"@type\":\"EntryPoint\",\"urlTemplate\":\"https:\/\/denizcankizil.tr\/de\/?s={search_term_string}\"},\"query-input\":{\"@type\":\"PropertyValueSpecification\",\"valueRequired\":true,\"valueName\":\"search_term_string\"}}],\"inLanguage\":\"de\"},{\"@type\":\"Organization\",\"@id\":\"https:\/\/denizcankizil.tr\/de\/#organization\",\"name\":\"Av. Deniz Can K\u0131z\u0131l\",\"url\":\"https:\/\/denizcankizil.tr\/de\/\",\"logo\":{\"@type\":\"ImageObject\",\"inLanguage\":\"de\",\"@id\":\"https:\/\/denizcankizil.tr\/de\/#\/schema\/logo\/image\/\",\"url\":\"http:\/\/denizcankizil.tr\/wp-content\/uploads\/2024\/10\/siyah-logo-svg.svg\",\"contentUrl\":\"http:\/\/denizcankizil.tr\/wp-content\/uploads\/2024\/10\/siyah-logo-svg.svg\",\"width\":1080,\"height\":1080,\"caption\":\"Av. Deniz Can K\u0131z\u0131l\"},\"image\":{\"@id\":\"https:\/\/denizcankizil.tr\/de\/#\/schema\/logo\/image\/\"}},{\"@type\":\"Person\",\"@id\":\"https:\/\/denizcankizil.tr\/de\/#\/schema\/person\/5dc1b22991bd7ac833867c10afc9b0ff\",\"name\":\"Av. Deniz Can K\u0131z\u0131l\",\"image\":{\"@type\":\"ImageObject\",\"inLanguage\":\"de\",\"@id\":\"https:\/\/denizcankizil.tr\/de\/#\/schema\/person\/image\/\",\"url\":\"https:\/\/secure.gravatar.com\/avatar\/a0b128fb9855c79efc976d5640eedb31dc35ec297594d6016d2cf7c60e975bb6?s=96&d=mm&r=g\",\"contentUrl\":\"https:\/\/secure.gravatar.com\/avatar\/a0b128fb9855c79efc976d5640eedb31dc35ec297594d6016d2cf7c60e975bb6?s=96&d=mm&r=g\",\"caption\":\"Av. Deniz Can K\u0131z\u0131l\"},\"sameAs\":[\"http:\/\/www.denizcankizil.tr\"],\"url\":\"http:\/\/denizcankizil.tr\/de\/author\/denizcankizil\/\"}]}<\/script>\n<!-- \/ Yoast SEO Premium plugin. -->","yoast_head_json":{"title":"Kepezli Sevin\u00e7 \u015fampiyonaya haz\u0131rlan\u0131yor - Av. Deniz Can K\u0131z\u0131l","robots":{"index":"index","follow":"follow","max-snippet":"max-snippet:-1","max-image-preview":"max-image-preview:large","max-video-preview":"max-video-preview:-1"},"canonical":"http:\/\/denizcankizil.tr\/de\/haberler\/antalya\/kepezli-sevinc-sampiyonaya-hazirlaniyor\/","og_locale":"de_DE","og_type":"article","og_title":"Kepezli Sevin\u00e7 \u015fampiyonaya haz\u0131rlan\u0131yor","og_description":"Kepez Belediyespor Kul\u00fcb\u00fc cimnastik\u00e7isi Sevin\u00e7 \u00d6zdemir, okul program\u0131n\u0131n d\u0131\u015f\u0131nda haftada ortalama 21 saat antrenman yaparak T\u00fcrkiye \u00c7ocuk Fitness \u015eampiyonas\u0131&#8217;na haz\u0131rlan\u0131yor. Ge\u00e7en y\u0131l d\u00fczenlenen \u015fampiyonada 3. olan 14 ya\u015f\u0131ndaki \u00d6zdemir, bu y\u0131l daha fazla \u00e7al\u0131\u015farak alt\u0131n madalya kazanmay\u0131 hedefliyor. Haftada 4 g\u00fcn 2&#8217;\u015fer saatten fitness, 3 g\u00fcn 3&#8217;er saatten cimnastik, 2 g\u00fcn koreografi dersi alan gen\u00e7 sporcu, baz\u0131 g\u00fcnler \u00e7ift antrenman yaparak kaslar\u0131n\u0131 geli\u015ftiriyor. Ankara&#8217;da Nisan ay\u0131nda d\u00fczenlenecek \u015fampiyona tarihi yakla\u015ft\u0131k\u00e7a heyecanlanan Sevin\u00e7 \u00d6zdemir, antren\u00f6r\u00fc \u0130smail Tafl\u0131&#8217;n\u0131n belirledi\u011fi antrenman program\u0131n\u0131 aksatm\u0131yor. Normal bir \u00e7ocu\u011fa g\u00f6re \u00e7ok fazla beslenmeye ihtiyac\u0131 olan \u00d6zdemir, g\u00fcnde 6 \u00f6\u011f\u00fcn kaliteli besinler yiyerek antrenman s\u0131ras\u0131nda v\u00fccudunun harcad\u0131\u011f\u0131 enerjinin \u00fczerine koyabiliyor. Kaynak: www.kanalv.com.tr Haber Sitesinden Al\u0131nm\u0131\u015ft\u0131r.","og_url":"http:\/\/denizcankizil.tr\/de\/haberler\/antalya\/kepezli-sevinc-sampiyonaya-hazirlaniyor\/","og_site_name":"Av. Deniz Can K\u0131z\u0131l","article_published_time":"2025-02-28T12:41:39+00:00","og_image":[{"width":1280,"height":720,"url":"http:\/\/denizcankizil.tr\/wp-content\/uploads\/2025\/02\/5243-01-m6lKCt.jpeg","type":"image\/jpeg"}],"author":"Av. Deniz Can K\u0131z\u0131l","twitter_card":"summary_large_image","twitter_misc":{"Verfasst von":"Av. Deniz Can K\u0131z\u0131l","Gesch\u00e4tzte Lesezeit":"1\u00a0Minute"},"schema":{"@context":"https:\/\/schema.org","@graph":[{"@type":"Article","@id":"http:\/\/denizcankizil.tr\/de\/haberler\/antalya\/kepezli-sevinc-sampiyonaya-hazirlaniyor\/#article","isPartOf":{"@id":"http:\/\/denizcankizil.tr\/de\/haberler\/antalya\/kepezli-sevinc-sampiyonaya-hazirlaniyor\/"},"author":{"name":"Av. Deniz Can K\u0131z\u0131l","@id":"https:\/\/denizcankizil.tr\/de\/#\/schema\/person\/5dc1b22991bd7ac833867c10afc9b0ff"},"headline":"Kepezli Sevin\u00e7 \u015fampiyonaya haz\u0131rlan\u0131yor","datePublished":"2025-02-28T12:41:39+00:00","mainEntityOfPage":{"@id":"http:\/\/denizcankizil.tr\/de\/haberler\/antalya\/kepezli-sevinc-sampiyonaya-hazirlaniyor\/"},"wordCount":153,"commentCount":0,"publisher":{"@id":"https:\/\/denizcankizil.tr\/de\/#organization"},"image":{"@id":"http:\/\/denizcankizil.tr\/de\/haberler\/antalya\/kepezli-sevinc-sampiyonaya-hazirlaniyor\/#primaryimage"},"thumbnailUrl":"http:\/\/denizcankizil.tr\/wp-content\/uploads\/2025\/02\/5243-01-m6lKCt.jpeg","articleSection":["Antalya"],"inLanguage":"de","potentialAction":[{"@type":"CommentAction","name":"Comment","target":["http:\/\/denizcankizil.tr\/de\/haberler\/antalya\/kepezli-sevinc-sampiyonaya-hazirlaniyor\/#respond"]}]},{"@type":"WebPage","@id":"http:\/\/denizcankizil.tr\/de\/haberler\/antalya\/kepezli-sevinc-sampiyonaya-hazirlaniyor\/","url":"http:\/\/denizcankizil.tr\/de\/haberler\/antalya\/kepezli-sevinc-sampiyonaya-hazirlaniyor\/","name":"Kepezli Sevin\u00e7 \u015fampiyonaya haz\u0131rlan\u0131yor - Av. Deniz Can K\u0131z\u0131l","isPartOf":{"@id":"https:\/\/denizcankizil.tr\/de\/#website"},"primaryImageOfPage":{"@id":"http:\/\/denizcankizil.tr\/de\/haberler\/antalya\/kepezli-sevinc-sampiyonaya-hazirlaniyor\/#primaryimage"},"image":{"@id":"http:\/\/denizcankizil.tr\/de\/haberler\/antalya\/kepezli-sevinc-sampiyonaya-hazirlaniyor\/#primaryimage"},"thumbnailUrl":"http:\/\/denizcankizil.tr\/wp-content\/uploads\/2025\/02\/5243-01-m6lKCt.jpeg","datePublished":"2025-02-28T12:41:39+00:00","breadcrumb":{"@id":"http:\/\/denizcankizil.tr\/de\/haberler\/antalya\/kepezli-sevinc-sampiyonaya-hazirlaniyor\/#breadcrumb"},"inLanguage":"de","potentialAction":[{"@type":"ReadAction","target":["http:\/\/denizcankizil.tr\/de\/haberler\/antalya\/kepezli-sevinc-sampiyonaya-hazirlaniyor\/"]}]},{"@type":"ImageObject","inLanguage":"de","@id":"http:\/\/denizcankizil.tr\/de\/haberler\/antalya\/kepezli-sevinc-sampiyonaya-hazirlaniyor\/#primaryimage","url":"http:\/\/denizcankizil.tr\/wp-content\/uploads\/2025\/02\/5243-01-m6lKCt.jpeg","contentUrl":"http:\/\/denizcankizil.tr\/wp-content\/uploads\/2025\/02\/5243-01-m6lKCt.jpeg","width":1280,"height":720},{"@type":"BreadcrumbList","@id":"http:\/\/denizcankizil.tr\/de\/haberler\/antalya\/kepezli-sevinc-sampiyonaya-hazirlaniyor\/#breadcrumb","itemListElement":[{"@type":"ListItem","position":1,"name":"Home","item":"https:\/\/denizcankizil.tr\/de\/"},{"@type":"ListItem","position":2,"name":"Kepezli Sevin\u00e7 \u015fampiyonaya haz\u0131rlan\u0131yor"}]},{"@type":"WebSite","@id":"https:\/\/denizcankizil.tr\/de\/#website","url":"https:\/\/denizcankizil.tr\/de\/","name":"Av. Deniz Can K\u0131z\u0131l","description":"Avukat Deniz Can K\u0131z\u0131l Antalya Barosu","publisher":{"@id":"https:\/\/denizcankizil.tr\/de\/#organization"},"potentialAction":[{"@type":"SearchAction","target":{"@type":"EntryPoint","urlTemplate":"https:\/\/denizcankizil.tr\/de\/?s={search_term_string}"},"query-input":{"@type":"PropertyValueSpecification","valueRequired":true,"valueName":"search_term_string"}}],"inLanguage":"de"},{"@type":"Organization","@id":"https:\/\/denizcankizil.tr\/de\/#organization","name":"Av. Deniz Can K\u0131z\u0131l","url":"https:\/\/denizcankizil.tr\/de\/","logo":{"@type":"ImageObject","inLanguage":"de","@id":"https:\/\/denizcankizil.tr\/de\/#\/schema\/logo\/image\/","url":"http:\/\/denizcankizil.tr\/wp-content\/uploads\/2024\/10\/siyah-logo-svg.svg","contentUrl":"http:\/\/denizcankizil.tr\/wp-content\/uploads\/2024\/10\/siyah-logo-svg.svg","width":1080,"height":1080,"caption":"Av. Deniz Can K\u0131z\u0131l"},"image":{"@id":"https:\/\/denizcankizil.tr\/de\/#\/schema\/logo\/image\/"}},{"@type":"Person","@id":"https:\/\/denizcankizil.tr\/de\/#\/schema\/person\/5dc1b22991bd7ac833867c10afc9b0ff","name":"Av. Deniz Can K\u0131z\u0131l","image":{"@type":"ImageObject","inLanguage":"de","@id":"https:\/\/denizcankizil.tr\/de\/#\/schema\/person\/image\/","url":"https:\/\/secure.gravatar.com\/avatar\/a0b128fb9855c79efc976d5640eedb31dc35ec297594d6016d2cf7c60e975bb6?s=96&d=mm&r=g","contentUrl":"https:\/\/secure.gravatar.com\/avatar\/a0b128fb9855c79efc976d5640eedb31dc35ec297594d6016d2cf7c60e975bb6?s=96&d=mm&r=g","caption":"Av. Deniz Can K\u0131z\u0131l"},"sameAs":["http:\/\/www.denizcankizil.tr"],"url":"http:\/\/denizcankizil.tr\/de\/author\/denizcankizil\/"}]}},"_links":{"self":[{"href":"http:\/\/denizcankizil.tr\/de\/wp-json\/wp\/v2\/posts\/34382","targetHints":{"allow":["GET"]}}],"collection":[{"href":"http:\/\/denizcankizil.tr\/de\/wp-json\/wp\/v2\/posts"}],"about":[{"href":"http:\/\/denizcankizil.tr\/de\/wp-json\/wp\/v2\/types\/post"}],"author":[{"embeddable":true,"href":"http:\/\/denizcankizil.tr\/de\/wp-json\/wp\/v2\/users\/4"}],"replies":[{"embeddable":true,"href":"http:\/\/denizcankizil.tr\/de\/wp-json\/wp\/v2\/comments?post=34382"}],"version-history":[{"count":0,"href":"http:\/\/denizcankizil.tr\/de\/wp-json\/wp\/v2\/posts\/34382\/revisions"}],"wp:featuredmedia":[{"embeddable":true,"href":"http:\/\/denizcankizil.tr\/de\/wp-json\/wp\/v2\/media\/34383"}],"wp:attachment":[{"href":"http:\/\/denizcankizil.tr\/de\/wp-json\/wp\/v2\/media?parent=34382"}],"wp:term":[{"taxonomy":"category","embeddable":true,"href":"http:\/\/denizcankizil.tr\/de\/wp-json\/wp\/v2\/categories?post=34382"},{"taxonomy":"post_tag","embeddable":true,"href":"http:\/\/denizcankizil.tr\/de\/wp-json\/wp\/v2\/tags?post=34382"}],"curies":[{"name":"wp","href":"https:\/\/api.w.org\/{rel}","templated":true}]}}