{"id":34334,"date":"2025-02-28T11:41:59","date_gmt":"2025-02-28T08:41:59","guid":{"rendered":"https:\/\/denizcankizil.tr\/uncategorized-tr\/kesanda-posetten-163-adet-sentetik-ecza-cikti\/"},"modified":"2025-02-28T11:41:59","modified_gmt":"2025-02-28T08:41:59","slug":"kesanda-posetten-163-adet-sentetik-ecza-cikti","status":"publish","type":"post","link":"http:\/\/denizcankizil.tr\/de\/haberler\/gundem\/kesanda-posetten-163-adet-sentetik-ecza-cikti\/","title":{"rendered":"Ke\u015fan&#8217;da po\u015fetten 163 adet sentetik ecza \u00e7\u0131kt\u0131!"},"content":{"rendered":"<p>Edirne Ke\u015fan&#8217;da Emniyet M\u00fcd\u00fcrl\u00fc\u011f\u00fc&#8217;ne ba\u011fl\u0131 ekipler Yeni Mescit Mahallesi&#8217;nde durumundan \u015f\u00fcphelenilerek durdurulan bir \u015fahs\u0131n elindeki po\u015fette 163 adet sentetik ecza ele ge\u00e7irdi.Sel\u00e7uk GEZER \/ ED\u0130RNE (\u0130GFA) &#8211; Edirne Ke\u015fan&#8217;da al\u0131nan bilgiye g\u00f6re Yeni Mescit Mahallesi Kayal\u0131dere Sokak\u2019ta durumundan \u015f\u00fcphelenilen S.C. isimli \u015fahs\u0131 durduran Emniyet M\u00fcd\u00fcrl\u00fc\u011f\u00fc&#8217;ne ba\u011fl\u0131 ekipler, \u015f\u00fcphelinin elindeki siyah po\u015fette arama yapt\u0131. Yap\u0131lan incelemede, 163 adet sentetik ecza olarak tabir edilen uyu\u015fturucu madde oldu\u011fu de\u011ferlendirilen haplar ele ge\u00e7irildi.<br \/>\nEle ge\u00e7irilen maddelerle ilgili gerekli i\u015flemler ba\u015flat\u0131ld\u0131.<br \/>\nEkipler, uyu\u015fturucu ile m\u00fccadelenin kararl\u0131l\u0131kla s\u00fcrd\u00fc\u011f\u00fcn\u00fc belirtti.<\/p>\n<p>\u200bEdirne Ke\u015fan&#8217;da Emniyet M\u00fcd\u00fcrl\u00fc\u011f\u00fc&#8217;ne ba\u011fl\u0131 ekipler Yeni Mescit Mahallesi&#8217;nde durumundan \u015f\u00fcphelenilerek durdurulan bir \u015fahs\u0131n elindeki po\u015fette 163 adet sentetik ecza ele ge\u00e7irdi.Sel\u00e7uk GEZER \/ ED\u0130RNE (\u0130GFA) &#8211; Edirne Ke\u015fan&#8217;da al\u0131nan bilgiye g\u00f6re Yeni Mescit Mahallesi Kayal\u0131dere Sokak\u2019ta durumundan \u015f\u00fcphelenilen S.C. isimli \u015fahs\u0131 durduran Emniyet M\u00fcd\u00fcrl\u00fc\u011f\u00fc&#8217;ne ba\u011fl\u0131 ekipler, \u015f\u00fcphelinin elindeki siyah po\u015fette arama yapt\u0131. Yap\u0131lan incelemede, 163 adet sentetik ecza olarak tabir edilen uyu\u015fturucu madde oldu\u011fu de\u011ferlendirilen haplar ele ge\u00e7irildi.<br \/>\nEle ge\u00e7irilen maddelerle ilgili gerekli i\u015flemler ba\u015flat\u0131ld\u0131.<br \/>\nEkipler, uyu\u015fturucu ile m\u00fccadelenin kararl\u0131l\u0131kla s\u00fcrd\u00fc\u011f\u00fcn\u00fc belirtti.\u00a0<\/p>\n<p>\u200bHaberin Al\u0131nt\u0131land\u0131\u011f\u0131 Kaynak: www.iskenderun.org<\/p>","protected":false},"excerpt":{"rendered":"<p>Edirne Ke\u015fan&#8217;da Emniyet M\u00fcd\u00fcrl\u00fc\u011f\u00fc&#8217;ne ba\u011fl\u0131 ekipler Yeni Mescit Mahallesi&#8217;nde durumundan \u015f\u00fcphelenilerek durdurulan bir \u015fahs\u0131n elindeki po\u015fette 163 adet sentetik ecza ele ge\u00e7irdi.Sel\u00e7uk GEZER \/ ED\u0130RNE (\u0130GFA) &#8211; Edirne Ke\u015fan&#8217;da al\u0131nan bilgiye g\u00f6re Yeni Mescit Mahallesi Kayal\u0131dere Sokak\u2019ta durumundan \u015f\u00fcphelenilen S.C. isimli \u015fahs\u0131 durduran Emniyet M\u00fcd\u00fcrl\u00fc\u011f\u00fc&#8217;ne ba\u011fl\u0131 ekipler, \u015f\u00fcphelinin elindeki siyah po\u015fette arama yapt\u0131. Yap\u0131lan incelemede, 163 adet sentetik ecza olarak tabir edilen uyu\u015fturucu madde oldu\u011fu de\u011ferlendirilen haplar ele ge\u00e7irildi. Ele ge\u00e7irilen maddelerle ilgili gerekli i\u015flemler ba\u015flat\u0131ld\u0131. Ekipler, uyu\u015fturucu ile m\u00fccadelenin kararl\u0131l\u0131kla s\u00fcrd\u00fc\u011f\u00fcn\u00fc belirtti. \u200bEdirne Ke\u015fan&#8217;da Emniyet M\u00fcd\u00fcrl\u00fc\u011f\u00fc&#8217;ne ba\u011fl\u0131 ekipler Yeni Mescit Mahallesi&#8217;nde durumundan \u015f\u00fcphelenilerek durdurulan bir \u015fahs\u0131n elindeki po\u015fette 163 adet sentetik ecza ele ge\u00e7irdi.Sel\u00e7uk GEZER \/ ED\u0130RNE (\u0130GFA) &#8211; Edirne Ke\u015fan&#8217;da al\u0131nan bilgiye g\u00f6re Yeni Mescit Mahallesi Kayal\u0131dere Sokak\u2019ta durumundan \u015f\u00fcphelenilen S.C. isimli \u015fahs\u0131 durduran Emniyet M\u00fcd\u00fcrl\u00fc\u011f\u00fc&#8217;ne ba\u011fl\u0131 ekipler, \u015f\u00fcphelinin elindeki siyah po\u015fette arama yapt\u0131. Yap\u0131lan incelemede, 163 adet sentetik ecza olarak tabir edilen uyu\u015fturucu madde oldu\u011fu de\u011ferlendirilen haplar ele ge\u00e7irildi. Ele ge\u00e7irilen maddelerle ilgili gerekli i\u015flemler ba\u015flat\u0131ld\u0131. Ekipler, uyu\u015fturucu ile m\u00fccadelenin kararl\u0131l\u0131kla s\u00fcrd\u00fc\u011f\u00fcn\u00fc belirtti.\u00a0 \u200bHaberin Al\u0131nt\u0131land\u0131\u011f\u0131 Kaynak: www.iskenderun.org<\/p>","protected":false},"author":1,"featured_media":0,"comment_status":"open","ping_status":"open","sticky":false,"template":"","format":"standard","meta":{"_acf_changed":false,"footnotes":""},"categories":[24],"tags":[],"class_list":["post-34334","post","type-post","status-publish","format-standard","has-post-thumbnail","hentry","category-gundem"],"acf":[],"yoast_head":"<!-- This site is optimized with the Yoast SEO Premium plugin v26.6 (Yoast SEO v27.1.1) - https:\/\/yoast.com\/product\/yoast-seo-premium-wordpress\/ -->\n<title>Ke\u015fan&#039;da po\u015fetten 163 adet sentetik ecza \u00e7\u0131kt\u0131! - Av. Deniz Can K\u0131z\u0131l<\/title>\n<meta name=\"robots\" content=\"index, follow, max-snippet:-1, max-image-preview:large, max-video-preview:-1\" \/>\n<link rel=\"canonical\" href=\"https:\/\/denizcankizil.tr\/de\/haberler\/gundem\/kesanda-posetten-163-adet-sentetik-ecza-cikti\/\" \/>\n<meta property=\"og:locale\" content=\"de_DE\" \/>\n<meta property=\"og:type\" content=\"article\" \/>\n<meta property=\"og:title\" content=\"Ke\u015fan&#039;da po\u015fetten 163 adet sentetik ecza \u00e7\u0131kt\u0131!\" \/>\n<meta property=\"og:description\" content=\"Edirne Ke\u015fan&#8217;da Emniyet M\u00fcd\u00fcrl\u00fc\u011f\u00fc&#8217;ne ba\u011fl\u0131 ekipler Yeni Mescit Mahallesi&#8217;nde durumundan \u015f\u00fcphelenilerek durdurulan bir \u015fahs\u0131n elindeki po\u015fette 163 adet sentetik ecza ele ge\u00e7irdi.Sel\u00e7uk GEZER \/ ED\u0130RNE (\u0130GFA) &#8211; Edirne Ke\u015fan&#8217;da al\u0131nan bilgiye g\u00f6re Yeni Mescit Mahallesi Kayal\u0131dere Sokak\u2019ta durumundan \u015f\u00fcphelenilen S.C. isimli \u015fahs\u0131 durduran Emniyet M\u00fcd\u00fcrl\u00fc\u011f\u00fc&#8217;ne ba\u011fl\u0131 ekipler, \u015f\u00fcphelinin elindeki siyah po\u015fette arama yapt\u0131. Yap\u0131lan incelemede, 163 adet sentetik ecza olarak tabir edilen uyu\u015fturucu madde oldu\u011fu de\u011ferlendirilen haplar ele ge\u00e7irildi. Ele ge\u00e7irilen maddelerle ilgili gerekli i\u015flemler ba\u015flat\u0131ld\u0131. Ekipler, uyu\u015fturucu ile m\u00fccadelenin kararl\u0131l\u0131kla s\u00fcrd\u00fc\u011f\u00fcn\u00fc belirtti. \u200bEdirne Ke\u015fan&#8217;da Emniyet M\u00fcd\u00fcrl\u00fc\u011f\u00fc&#8217;ne ba\u011fl\u0131 ekipler Yeni Mescit Mahallesi&#8217;nde durumundan \u015f\u00fcphelenilerek durdurulan bir \u015fahs\u0131n elindeki po\u015fette 163 adet sentetik ecza ele ge\u00e7irdi.Sel\u00e7uk GEZER \/ ED\u0130RNE (\u0130GFA) &#8211; Edirne Ke\u015fan&#8217;da al\u0131nan bilgiye g\u00f6re Yeni Mescit Mahallesi Kayal\u0131dere Sokak\u2019ta durumundan \u015f\u00fcphelenilen S.C. isimli \u015fahs\u0131 durduran Emniyet M\u00fcd\u00fcrl\u00fc\u011f\u00fc&#8217;ne ba\u011fl\u0131 ekipler, \u015f\u00fcphelinin elindeki siyah po\u015fette arama yapt\u0131. Yap\u0131lan incelemede, 163 adet sentetik ecza olarak tabir edilen uyu\u015fturucu madde oldu\u011fu de\u011ferlendirilen haplar ele ge\u00e7irildi. Ele ge\u00e7irilen maddelerle ilgili gerekli i\u015flemler ba\u015flat\u0131ld\u0131. Ekipler, uyu\u015fturucu ile m\u00fccadelenin kararl\u0131l\u0131kla s\u00fcrd\u00fc\u011f\u00fcn\u00fc belirtti.\u00a0 \u200bHaberin Al\u0131nt\u0131land\u0131\u011f\u0131 Kaynak: www.iskenderun.org\" \/>\n<meta property=\"og:url\" content=\"https:\/\/denizcankizil.tr\/de\/haberler\/gundem\/kesanda-posetten-163-adet-sentetik-ecza-cikti\/\" \/>\n<meta property=\"og:site_name\" content=\"Av. Deniz Can K\u0131z\u0131l\" \/>\n<meta property=\"article:published_time\" content=\"2025-02-28T08:41:59+00:00\" \/>\n<meta name=\"author\" content=\"admin\" \/>\n<meta name=\"twitter:card\" content=\"summary_large_image\" \/>\n<meta name=\"twitter:label1\" content=\"Verfasst von\" \/>\n\t<meta name=\"twitter:data1\" content=\"admin\" \/>\n\t<meta name=\"twitter:label2\" content=\"Gesch\u00e4tzte Lesezeit\" \/>\n\t<meta name=\"twitter:data2\" content=\"1\u00a0Minute\" \/>\n<script type=\"application\/ld+json\" class=\"yoast-schema-graph\">{\"@context\":\"https:\/\/schema.org\",\"@graph\":[{\"@type\":\"Article\",\"@id\":\"https:\/\/denizcankizil.tr\/en\/haberler\/gundem\/kesanda-posetten-163-adet-sentetik-ecza-cikti\/#article\",\"isPartOf\":{\"@id\":\"https:\/\/denizcankizil.tr\/en\/haberler\/gundem\/kesanda-posetten-163-adet-sentetik-ecza-cikti\/\"},\"author\":{\"name\":\"admin\",\"@id\":\"https:\/\/denizcankizil.tr\/de\/#\/schema\/person\/be3c05fe6a12686905512445d8185489\"},\"headline\":\"Ke\u015fan&#8217;da po\u015fetten 163 adet sentetik ecza \u00e7\u0131kt\u0131!\",\"datePublished\":\"2025-02-28T08:41:59+00:00\",\"mainEntityOfPage\":{\"@id\":\"https:\/\/denizcankizil.tr\/en\/haberler\/gundem\/kesanda-posetten-163-adet-sentetik-ecza-cikti\/\"},\"wordCount\":257,\"commentCount\":0,\"publisher\":{\"@id\":\"https:\/\/denizcankizil.tr\/de\/#organization\"},\"articleSection\":[\"G\u00fcndem\"],\"inLanguage\":\"de\",\"potentialAction\":[{\"@type\":\"CommentAction\",\"name\":\"Comment\",\"target\":[\"https:\/\/denizcankizil.tr\/en\/haberler\/gundem\/kesanda-posetten-163-adet-sentetik-ecza-cikti\/#respond\"]}]},{\"@type\":\"WebPage\",\"@id\":\"https:\/\/denizcankizil.tr\/en\/haberler\/gundem\/kesanda-posetten-163-adet-sentetik-ecza-cikti\/\",\"url\":\"https:\/\/denizcankizil.tr\/en\/haberler\/gundem\/kesanda-posetten-163-adet-sentetik-ecza-cikti\/\",\"name\":\"Ke\u015fan'da po\u015fetten 163 adet sentetik ecza \u00e7\u0131kt\u0131! - Av. Deniz Can K\u0131z\u0131l\",\"isPartOf\":{\"@id\":\"https:\/\/denizcankizil.tr\/de\/#website\"},\"datePublished\":\"2025-02-28T08:41:59+00:00\",\"breadcrumb\":{\"@id\":\"https:\/\/denizcankizil.tr\/en\/haberler\/gundem\/kesanda-posetten-163-adet-sentetik-ecza-cikti\/#breadcrumb\"},\"inLanguage\":\"de\",\"potentialAction\":[{\"@type\":\"ReadAction\",\"target\":[\"https:\/\/denizcankizil.tr\/en\/haberler\/gundem\/kesanda-posetten-163-adet-sentetik-ecza-cikti\/\"]}]},{\"@type\":\"BreadcrumbList\",\"@id\":\"https:\/\/denizcankizil.tr\/en\/haberler\/gundem\/kesanda-posetten-163-adet-sentetik-ecza-cikti\/#breadcrumb\",\"itemListElement\":[{\"@type\":\"ListItem\",\"position\":1,\"name\":\"Home\",\"item\":\"https:\/\/denizcankizil.tr\/de\/\"},{\"@type\":\"ListItem\",\"position\":2,\"name\":\"Ke\u015fan&#8217;da po\u015fetten 163 adet sentetik ecza \u00e7\u0131kt\u0131!\"}]},{\"@type\":\"WebSite\",\"@id\":\"https:\/\/denizcankizil.tr\/de\/#website\",\"url\":\"https:\/\/denizcankizil.tr\/de\/\",\"name\":\"Av. Deniz Can K\u0131z\u0131l\",\"description\":\"Avukat Deniz Can K\u0131z\u0131l Antalya Barosu\",\"publisher\":{\"@id\":\"https:\/\/denizcankizil.tr\/de\/#organization\"},\"potentialAction\":[{\"@type\":\"SearchAction\",\"target\":{\"@type\":\"EntryPoint\",\"urlTemplate\":\"https:\/\/denizcankizil.tr\/de\/?s={search_term_string}\"},\"query-input\":{\"@type\":\"PropertyValueSpecification\",\"valueRequired\":true,\"valueName\":\"search_term_string\"}}],\"inLanguage\":\"de\"},{\"@type\":\"Organization\",\"@id\":\"https:\/\/denizcankizil.tr\/de\/#organization\",\"name\":\"Av. Deniz Can K\u0131z\u0131l\",\"url\":\"https:\/\/denizcankizil.tr\/de\/\",\"logo\":{\"@type\":\"ImageObject\",\"inLanguage\":\"de\",\"@id\":\"https:\/\/denizcankizil.tr\/de\/#\/schema\/logo\/image\/\",\"url\":\"http:\/\/denizcankizil.tr\/wp-content\/uploads\/2024\/10\/siyah-logo-svg.svg\",\"contentUrl\":\"http:\/\/denizcankizil.tr\/wp-content\/uploads\/2024\/10\/siyah-logo-svg.svg\",\"width\":1080,\"height\":1080,\"caption\":\"Av. Deniz Can K\u0131z\u0131l\"},\"image\":{\"@id\":\"https:\/\/denizcankizil.tr\/de\/#\/schema\/logo\/image\/\"}},{\"@type\":\"Person\",\"@id\":\"https:\/\/denizcankizil.tr\/de\/#\/schema\/person\/be3c05fe6a12686905512445d8185489\",\"name\":\"admin\",\"image\":{\"@type\":\"ImageObject\",\"inLanguage\":\"de\",\"@id\":\"https:\/\/denizcankizil.tr\/de\/#\/schema\/person\/image\/\",\"url\":\"https:\/\/secure.gravatar.com\/avatar\/c1fce94c830dc79107e174f890d7210541c4a63e8e5d816341794a2151c9d58c?s=96&d=mm&r=g\",\"contentUrl\":\"https:\/\/secure.gravatar.com\/avatar\/c1fce94c830dc79107e174f890d7210541c4a63e8e5d816341794a2151c9d58c?s=96&d=mm&r=g\",\"caption\":\"admin\"},\"sameAs\":[\"http:\/\/denizcankizil.tr\"],\"url\":\"https:\/\/www.iskenderun.org\/kesanda-posetten-163-adet-sentetik-ecza-cikti\"}]}<\/script>\n<!-- \/ Yoast SEO Premium plugin. -->","yoast_head_json":{"title":"Ke\u015fan'da po\u015fetten 163 adet sentetik ecza \u00e7\u0131kt\u0131! - Av. Deniz Can K\u0131z\u0131l","robots":{"index":"index","follow":"follow","max-snippet":"max-snippet:-1","max-image-preview":"max-image-preview:large","max-video-preview":"max-video-preview:-1"},"canonical":"https:\/\/denizcankizil.tr\/de\/haberler\/gundem\/kesanda-posetten-163-adet-sentetik-ecza-cikti\/","og_locale":"de_DE","og_type":"article","og_title":"Ke\u015fan'da po\u015fetten 163 adet sentetik ecza \u00e7\u0131kt\u0131!","og_description":"Edirne Ke\u015fan&#8217;da Emniyet M\u00fcd\u00fcrl\u00fc\u011f\u00fc&#8217;ne ba\u011fl\u0131 ekipler Yeni Mescit Mahallesi&#8217;nde durumundan \u015f\u00fcphelenilerek durdurulan bir \u015fahs\u0131n elindeki po\u015fette 163 adet sentetik ecza ele ge\u00e7irdi.Sel\u00e7uk GEZER \/ ED\u0130RNE (\u0130GFA) &#8211; Edirne Ke\u015fan&#8217;da al\u0131nan bilgiye g\u00f6re Yeni Mescit Mahallesi Kayal\u0131dere Sokak\u2019ta durumundan \u015f\u00fcphelenilen S.C. isimli \u015fahs\u0131 durduran Emniyet M\u00fcd\u00fcrl\u00fc\u011f\u00fc&#8217;ne ba\u011fl\u0131 ekipler, \u015f\u00fcphelinin elindeki siyah po\u015fette arama yapt\u0131. Yap\u0131lan incelemede, 163 adet sentetik ecza olarak tabir edilen uyu\u015fturucu madde oldu\u011fu de\u011ferlendirilen haplar ele ge\u00e7irildi. Ele ge\u00e7irilen maddelerle ilgili gerekli i\u015flemler ba\u015flat\u0131ld\u0131. Ekipler, uyu\u015fturucu ile m\u00fccadelenin kararl\u0131l\u0131kla s\u00fcrd\u00fc\u011f\u00fcn\u00fc belirtti. \u200bEdirne Ke\u015fan&#8217;da Emniyet M\u00fcd\u00fcrl\u00fc\u011f\u00fc&#8217;ne ba\u011fl\u0131 ekipler Yeni Mescit Mahallesi&#8217;nde durumundan \u015f\u00fcphelenilerek durdurulan bir \u015fahs\u0131n elindeki po\u015fette 163 adet sentetik ecza ele ge\u00e7irdi.Sel\u00e7uk GEZER \/ ED\u0130RNE (\u0130GFA) &#8211; Edirne Ke\u015fan&#8217;da al\u0131nan bilgiye g\u00f6re Yeni Mescit Mahallesi Kayal\u0131dere Sokak\u2019ta durumundan \u015f\u00fcphelenilen S.C. isimli \u015fahs\u0131 durduran Emniyet M\u00fcd\u00fcrl\u00fc\u011f\u00fc&#8217;ne ba\u011fl\u0131 ekipler, \u015f\u00fcphelinin elindeki siyah po\u015fette arama yapt\u0131. Yap\u0131lan incelemede, 163 adet sentetik ecza olarak tabir edilen uyu\u015fturucu madde oldu\u011fu de\u011ferlendirilen haplar ele ge\u00e7irildi. Ele ge\u00e7irilen maddelerle ilgili gerekli i\u015flemler ba\u015flat\u0131ld\u0131. Ekipler, uyu\u015fturucu ile m\u00fccadelenin kararl\u0131l\u0131kla s\u00fcrd\u00fc\u011f\u00fcn\u00fc belirtti.\u00a0 \u200bHaberin Al\u0131nt\u0131land\u0131\u011f\u0131 Kaynak: www.iskenderun.org","og_url":"https:\/\/denizcankizil.tr\/de\/haberler\/gundem\/kesanda-posetten-163-adet-sentetik-ecza-cikti\/","og_site_name":"Av. Deniz Can K\u0131z\u0131l","article_published_time":"2025-02-28T08:41:59+00:00","author":"admin","twitter_card":"summary_large_image","twitter_misc":{"Verfasst von":"admin","Gesch\u00e4tzte Lesezeit":"1\u00a0Minute"},"schema":{"@context":"https:\/\/schema.org","@graph":[{"@type":"Article","@id":"https:\/\/denizcankizil.tr\/en\/haberler\/gundem\/kesanda-posetten-163-adet-sentetik-ecza-cikti\/#article","isPartOf":{"@id":"https:\/\/denizcankizil.tr\/en\/haberler\/gundem\/kesanda-posetten-163-adet-sentetik-ecza-cikti\/"},"author":{"name":"admin","@id":"https:\/\/denizcankizil.tr\/de\/#\/schema\/person\/be3c05fe6a12686905512445d8185489"},"headline":"Ke\u015fan&#8217;da po\u015fetten 163 adet sentetik ecza \u00e7\u0131kt\u0131!","datePublished":"2025-02-28T08:41:59+00:00","mainEntityOfPage":{"@id":"https:\/\/denizcankizil.tr\/en\/haberler\/gundem\/kesanda-posetten-163-adet-sentetik-ecza-cikti\/"},"wordCount":257,"commentCount":0,"publisher":{"@id":"https:\/\/denizcankizil.tr\/de\/#organization"},"articleSection":["G\u00fcndem"],"inLanguage":"de","potentialAction":[{"@type":"CommentAction","name":"Comment","target":["https:\/\/denizcankizil.tr\/en\/haberler\/gundem\/kesanda-posetten-163-adet-sentetik-ecza-cikti\/#respond"]}]},{"@type":"WebPage","@id":"https:\/\/denizcankizil.tr\/en\/haberler\/gundem\/kesanda-posetten-163-adet-sentetik-ecza-cikti\/","url":"https:\/\/denizcankizil.tr\/en\/haberler\/gundem\/kesanda-posetten-163-adet-sentetik-ecza-cikti\/","name":"Ke\u015fan'da po\u015fetten 163 adet sentetik ecza \u00e7\u0131kt\u0131! - Av. Deniz Can K\u0131z\u0131l","isPartOf":{"@id":"https:\/\/denizcankizil.tr\/de\/#website"},"datePublished":"2025-02-28T08:41:59+00:00","breadcrumb":{"@id":"https:\/\/denizcankizil.tr\/en\/haberler\/gundem\/kesanda-posetten-163-adet-sentetik-ecza-cikti\/#breadcrumb"},"inLanguage":"de","potentialAction":[{"@type":"ReadAction","target":["https:\/\/denizcankizil.tr\/en\/haberler\/gundem\/kesanda-posetten-163-adet-sentetik-ecza-cikti\/"]}]},{"@type":"BreadcrumbList","@id":"https:\/\/denizcankizil.tr\/en\/haberler\/gundem\/kesanda-posetten-163-adet-sentetik-ecza-cikti\/#breadcrumb","itemListElement":[{"@type":"ListItem","position":1,"name":"Home","item":"https:\/\/denizcankizil.tr\/de\/"},{"@type":"ListItem","position":2,"name":"Ke\u015fan&#8217;da po\u015fetten 163 adet sentetik ecza \u00e7\u0131kt\u0131!"}]},{"@type":"WebSite","@id":"https:\/\/denizcankizil.tr\/de\/#website","url":"https:\/\/denizcankizil.tr\/de\/","name":"Av. Deniz Can K\u0131z\u0131l","description":"Avukat Deniz Can K\u0131z\u0131l Antalya Barosu","publisher":{"@id":"https:\/\/denizcankizil.tr\/de\/#organization"},"potentialAction":[{"@type":"SearchAction","target":{"@type":"EntryPoint","urlTemplate":"https:\/\/denizcankizil.tr\/de\/?s={search_term_string}"},"query-input":{"@type":"PropertyValueSpecification","valueRequired":true,"valueName":"search_term_string"}}],"inLanguage":"de"},{"@type":"Organization","@id":"https:\/\/denizcankizil.tr\/de\/#organization","name":"Av. Deniz Can K\u0131z\u0131l","url":"https:\/\/denizcankizil.tr\/de\/","logo":{"@type":"ImageObject","inLanguage":"de","@id":"https:\/\/denizcankizil.tr\/de\/#\/schema\/logo\/image\/","url":"http:\/\/denizcankizil.tr\/wp-content\/uploads\/2024\/10\/siyah-logo-svg.svg","contentUrl":"http:\/\/denizcankizil.tr\/wp-content\/uploads\/2024\/10\/siyah-logo-svg.svg","width":1080,"height":1080,"caption":"Av. Deniz Can K\u0131z\u0131l"},"image":{"@id":"https:\/\/denizcankizil.tr\/de\/#\/schema\/logo\/image\/"}},{"@type":"Person","@id":"https:\/\/denizcankizil.tr\/de\/#\/schema\/person\/be3c05fe6a12686905512445d8185489","name":"Administrator","image":{"@type":"ImageObject","inLanguage":"de","@id":"https:\/\/denizcankizil.tr\/de\/#\/schema\/person\/image\/","url":"https:\/\/secure.gravatar.com\/avatar\/c1fce94c830dc79107e174f890d7210541c4a63e8e5d816341794a2151c9d58c?s=96&d=mm&r=g","contentUrl":"https:\/\/secure.gravatar.com\/avatar\/c1fce94c830dc79107e174f890d7210541c4a63e8e5d816341794a2151c9d58c?s=96&d=mm&r=g","caption":"admin"},"sameAs":["http:\/\/denizcankizil.tr"],"url":"https:\/\/www.iskenderun.org\/kesanda-posetten-163-adet-sentetik-ecza-cikti"}]}},"_links":{"self":[{"href":"http:\/\/denizcankizil.tr\/de\/wp-json\/wp\/v2\/posts\/34334","targetHints":{"allow":["GET"]}}],"collection":[{"href":"http:\/\/denizcankizil.tr\/de\/wp-json\/wp\/v2\/posts"}],"about":[{"href":"http:\/\/denizcankizil.tr\/de\/wp-json\/wp\/v2\/types\/post"}],"author":[{"embeddable":true,"href":"http:\/\/denizcankizil.tr\/de\/wp-json\/wp\/v2\/users\/1"}],"replies":[{"embeddable":true,"href":"http:\/\/denizcankizil.tr\/de\/wp-json\/wp\/v2\/comments?post=34334"}],"version-history":[{"count":0,"href":"http:\/\/denizcankizil.tr\/de\/wp-json\/wp\/v2\/posts\/34334\/revisions"}],"wp:attachment":[{"href":"http:\/\/denizcankizil.tr\/de\/wp-json\/wp\/v2\/media?parent=34334"}],"wp:term":[{"taxonomy":"category","embeddable":true,"href":"http:\/\/denizcankizil.tr\/de\/wp-json\/wp\/v2\/categories?post=34334"},{"taxonomy":"post_tag","embeddable":true,"href":"http:\/\/denizcankizil.tr\/de\/wp-json\/wp\/v2\/tags?post=34334"}],"curies":[{"name":"wp","href":"https:\/\/api.w.org\/{rel}","templated":true}]}}