{"id":33929,"date":"2025-02-24T08:41:21","date_gmt":"2025-02-24T05:41:21","guid":{"rendered":"https:\/\/denizcankizil.tr\/uncategorized-tr\/bircok-ilde-egitime-kar-engeli\/"},"modified":"2025-02-24T08:41:21","modified_gmt":"2025-02-24T05:41:21","slug":"bircok-ilde-egitime-kar-engeli","status":"publish","type":"post","link":"http:\/\/denizcankizil.tr\/de\/haberler\/gundem\/bircok-ilde-egitime-kar-engeli\/","title":{"rendered":"Bir\u00e7ok ilde e\u011fitime kar engeli!"},"content":{"rendered":"<p>Kar ya\u011f\u0131\u015f\u0131 nedeniyle baz\u0131 il ve il\u00e7elerde e\u011fitim-\u00f6\u011fretime ara verildi.BURSA (\u0130GFA) &#8211; Yurdu etkisi alt\u0131na alan kar ya\u011f\u0131\u015f\u0131 nedeniyle bir\u00e7ok il ve il\u00e7elerde okullar tatil edlidi.\u00a0<br \/>\nSamsun&#8217;da etkisini s\u00fcrd\u00fcren kar ya\u011f\u0131\u015f\u0131 nedeniyle 24 \u015eubat Pazartesi g\u00fcn\u00fc e\u011fitime ara verildi\u011fi bildirildi.<br \/>\nValilikten yap\u0131lan a\u00e7\u0131klamada, Meteoroloji 10. B\u00f6lge M\u00fcd\u00fcrl\u00fc\u011f\u00fcn\u00fcn uyar\u0131lar\u0131na g\u00f6re, kentte etkisini s\u00fcrd\u00fcrecek kuvvetli kar ya\u011f\u0131\u015f\u0131 nedeniyle buzlanma ve don olay\u0131na ba\u011fl\u0131 ula\u015f\u0131mda aksamalar gibi olumsuzluklar ya\u015fanabilece\u011finin de\u011ferlendirildi\u011fi aktar\u0131ld\u0131.<br \/>\nA\u00e7\u0131klamada, tedbir ama\u00e7l\u0131 Milli E\u011fitim M\u00fcd\u00fcrl\u00fc\u011f\u00fcne ba\u011fl\u0131 t\u00fcm resmi\/\u00f6zel, \u00f6rg\u00fcn ve yayg\u0131n e\u011fitim kurumlar\u0131 ile rehabilitasyon merkezlerinde, Aile ve Sosyal Hizmetler M\u00fcd\u00fcrl\u00fc\u011f\u00fcne ba\u011fl\u0131 kre\u015flerde, M\u00fcft\u00fcl\u00fc\u011fe ba\u011fl\u0131 ihtiya\u00e7 odakl\u0131 g\u00fcnd\u00fczl\u00fc ve 4-6 ya\u015f Kur&#8217;an kurslar\u0131nda e\u011fitim-\u00f6\u011fretime 24 \u015eubat Pazartesi g\u00fcn\u00fc 1 g\u00fcn ara verildi\u011fi duyuruldu.<br \/>\nKamu kurumlar\u0131nda g\u00f6revli hamileler, engelliler, \u00e7ocu\u011fu kre\u015f veya anaokuluna devam eden annelerin de 1 g\u00fcn idari izinli say\u0131lacaklar\u0131 kaydedildi.<\/p>\n<p>https:\/\/twitter.com\/orhantavli_\/status\/1893573043978633282<\/p>\n<p>Di\u011fer bir yandan yo\u011fun kar sonucu olu\u015fan buzlanma ve \u015fiddetli so\u011fuk olumsuz hava ko\u015fullar\u0131 nedeniyle Kastamonu&#8217;da e\u011fitime yar\u0131n ara verildi.<\/p>\n<p>https:\/\/twitter.com\/kastamonuvalilk\/status\/1893643619254301047<\/p>\n<p>Zonguldak Valili\u011finden yap\u0131lan a\u00e7\u0131klamada, kent genelinde etkili olan yo\u011fun kar ya\u011f\u0131\u015f\u0131 ve buzlanma riski nedeniyle meteorolojik tahminler do\u011frultusunda vatanda\u015flar\u0131n g\u00fcvenli\u011fi i\u00e7in baz\u0131 tedbirler al\u0131nd\u0131\u011f\u0131 belirtildi.<br \/>\n&#8220;Bu kapsamda 24 \u015eubat Pazartesi g\u00fcn\u00fc kentteki resmi ve \u00f6zel t\u00fcm \u00f6rg\u00fcn ve yayg\u0131n e\u011fitim kurumlar\u0131, \u00f6zel kre\u015f, g\u00fcnd\u00fcz bak\u0131mevi, \u00e7ocuk kul\u00fcpleri ve rehabilitasyon merkezleri, il d\u00fczeyinde planlam\u0131\u015f her t\u00fcrl\u00fc hizmet i\u00e7i e\u011fitim ve e-s\u0131nav merkezlerinde ger\u00e7ekle\u015ftirilecek olan t\u00fcm e-s\u0131nav faaliyetlerine 1 g\u00fcn s\u00fcreyle ara verilmi\u015ftir.<br \/>\nKre\u015f ve anaokuluna \u00e7ocu\u011fu devam eden kad\u0131n personel (sa\u011fl\u0131k, g\u00fcvenlik ve 24 saat esas\u0131na g\u00f6re hizmet veren birimlerde \u00e7al\u0131\u015fan personelin durumu hizmetin gere\u011fi olarak ilgili birimler taraf\u0131ndan de\u011ferlendirilecektir), malul, engelli ve hamile kamu \u00e7al\u0131\u015fanlar\u0131n\u0131n da idari izinli say\u0131laca\u011f\u0131 aktar\u0131ld\u0131.<\/p>\n<p>https:\/\/twitter.com\/TC_Zonguldak\/status\/1893634855801327679<\/p>\n<p>Trabzon&#8217;da, olumsuz hava ko\u015fullar\u0131 nedeniyle e\u011fitime 1 g\u00fcn ara verildi.<br \/>\nTrabzon\u00a0Valili\u011finden yap\u0131lan a\u00e7\u0131klamada, devam eden yo\u011fun kar ya\u011f\u0131\u015f\u0131 ve buzlanma tehlikesi nedeniyle 24 \u015eubat&#8217;ta il genelindeki t\u00fcm e\u011fitim kurumlar\u0131nda e\u011fitim ve \u00f6\u011fretime 1 g\u00fcn ara verildi\u011fi belirtildi.<br \/>\nA\u00e7\u0131klamada, kamu kurumlar\u0131nda g\u00f6rev yapan engelli ve hamile personelin de idari izinli say\u0131laca\u011f\u0131 kaydedildi.<\/p>\n<p>https:\/\/twitter.com\/TrabzonValilik\/status\/1893657182912053749<\/p>\n<p>\u200bKar ya\u011f\u0131\u015f\u0131 nedeniyle baz\u0131 il ve il\u00e7elerde e\u011fitim-\u00f6\u011fretime ara verildi.BURSA (\u0130GFA) &#8211; Yurdu etkisi alt\u0131na alan kar ya\u011f\u0131\u015f\u0131 nedeniyle bir\u00e7ok il ve il\u00e7elerde okullar tatil edlidi.\u00a0<br \/>\nSamsun&#8217;da etkisini s\u00fcrd\u00fcren kar ya\u011f\u0131\u015f\u0131 nedeniyle 24 \u015eubat Pazartesi g\u00fcn\u00fc e\u011fitime ara verildi\u011fi bildirildi.<br \/>\nValilikten yap\u0131lan a\u00e7\u0131klamada, Meteoroloji 10. B\u00f6lge M\u00fcd\u00fcrl\u00fc\u011f\u00fcn\u00fcn uyar\u0131lar\u0131na g\u00f6re, kentte etkisini s\u00fcrd\u00fcrecek kuvvetli kar ya\u011f\u0131\u015f\u0131 nedeniyle buzlanma ve don olay\u0131na ba\u011fl\u0131 ula\u015f\u0131mda aksamalar gibi olumsuzluklar ya\u015fanabilece\u011finin de\u011ferlendirildi\u011fi aktar\u0131ld\u0131.<br \/>\nA\u00e7\u0131klamada, tedbir ama\u00e7l\u0131 Milli E\u011fitim M\u00fcd\u00fcrl\u00fc\u011f\u00fcne ba\u011fl\u0131 t\u00fcm resmi\/\u00f6zel, \u00f6rg\u00fcn ve yayg\u0131n e\u011fitim kurumlar\u0131 ile rehabilitasyon merkezlerinde, Aile ve Sosyal Hizmetler M\u00fcd\u00fcrl\u00fc\u011f\u00fcne ba\u011fl\u0131 kre\u015flerde, M\u00fcft\u00fcl\u00fc\u011fe ba\u011fl\u0131 ihtiya\u00e7 odakl\u0131 g\u00fcnd\u00fczl\u00fc ve 4-6 ya\u015f Kur&#8217;an kurslar\u0131nda e\u011fitim-\u00f6\u011fretime 24 \u015eubat Pazartesi g\u00fcn\u00fc 1 g\u00fcn ara verildi\u011fi duyuruldu.<br \/>\nKamu kurumlar\u0131nda g\u00f6revli hamileler, engelliler, \u00e7ocu\u011fu kre\u015f veya anaokuluna devam eden annelerin de 1 g\u00fcn idari izinli say\u0131lacaklar\u0131 kaydedildi.<\/p>\n<p>https:\/\/twitter.com\/orhantavli_\/status\/1893573043978633282<\/p>\n<p>Di\u011fer bir yandan yo\u011fun kar sonucu olu\u015fan buzlanma ve \u015fiddetli so\u011fuk olumsuz hava ko\u015fullar\u0131 nedeniyle Kastamonu&#8217;da e\u011fitime yar\u0131n ara verildi.<\/p>\n<p>https:\/\/twitter.com\/kastamonuvalilk\/status\/1893643619254301047<\/p>\n<p>Zonguldak Valili\u011finden yap\u0131lan a\u00e7\u0131klamada, kent genelinde etkili olan yo\u011fun kar ya\u011f\u0131\u015f\u0131 ve buzlanma riski nedeniyle meteorolojik tahminler do\u011frultusunda vatanda\u015flar\u0131n g\u00fcvenli\u011fi i\u00e7in baz\u0131 tedbirler al\u0131nd\u0131\u011f\u0131 belirtildi.<br \/>\n&#8220;Bu kapsamda 24 \u015eubat Pazartesi g\u00fcn\u00fc kentteki resmi ve \u00f6zel t\u00fcm \u00f6rg\u00fcn ve yayg\u0131n e\u011fitim kurumlar\u0131, \u00f6zel kre\u015f, g\u00fcnd\u00fcz bak\u0131mevi, \u00e7ocuk kul\u00fcpleri ve rehabilitasyon merkezleri, il d\u00fczeyinde planlam\u0131\u015f her t\u00fcrl\u00fc hizmet i\u00e7i e\u011fitim ve e-s\u0131nav merkezlerinde ger\u00e7ekle\u015ftirilecek olan t\u00fcm e-s\u0131nav faaliyetlerine 1 g\u00fcn s\u00fcreyle ara verilmi\u015ftir.<br \/>\nKre\u015f ve anaokuluna \u00e7ocu\u011fu devam eden kad\u0131n personel (sa\u011fl\u0131k, g\u00fcvenlik ve 24 saat esas\u0131na g\u00f6re hizmet veren birimlerde \u00e7al\u0131\u015fan personelin durumu hizmetin gere\u011fi olarak ilgili birimler taraf\u0131ndan de\u011ferlendirilecektir), malul, engelli ve hamile kamu \u00e7al\u0131\u015fanlar\u0131n\u0131n da idari izinli say\u0131laca\u011f\u0131 aktar\u0131ld\u0131.<\/p>\n<p>https:\/\/twitter.com\/TC_Zonguldak\/status\/1893634855801327679<\/p>\n<p>Trabzon&#8217;da, olumsuz hava ko\u015fullar\u0131 nedeniyle e\u011fitime 1 g\u00fcn ara verildi.<br \/>\nTrabzon\u00a0Valili\u011finden yap\u0131lan a\u00e7\u0131klamada, devam eden yo\u011fun kar ya\u011f\u0131\u015f\u0131 ve buzlanma tehlikesi nedeniyle 24 \u015eubat&#8217;ta il genelindeki t\u00fcm e\u011fitim kurumlar\u0131nda e\u011fitim ve \u00f6\u011fretime 1 g\u00fcn ara verildi\u011fi belirtildi.<br \/>\nA\u00e7\u0131klamada, kamu kurumlar\u0131nda g\u00f6rev yapan engelli ve hamile personelin de idari izinli say\u0131laca\u011f\u0131 kaydedildi.<\/p>\n<p>https:\/\/twitter.com\/TrabzonValilik\/status\/1893657182912053749\u00a0<\/p>\n<p>\u200bHaberin Al\u0131nt\u0131land\u0131\u011f\u0131 Kaynak: www.iskenderun.org<\/p>","protected":false},"excerpt":{"rendered":"<p>Kar ya\u011f\u0131\u015f\u0131 nedeniyle baz\u0131 il ve il\u00e7elerde e\u011fitim-\u00f6\u011fretime ara verildi.BURSA (\u0130GFA) &#8211; Yurdu etkisi alt\u0131na alan kar ya\u011f\u0131\u015f\u0131 nedeniyle bir\u00e7ok il ve il\u00e7elerde okullar tatil edlidi.\u00a0 Samsun&#8217;da etkisini s\u00fcrd\u00fcren kar ya\u011f\u0131\u015f\u0131 nedeniyle 24 \u015eubat Pazartesi g\u00fcn\u00fc e\u011fitime ara verildi\u011fi bildirildi. Valilikten yap\u0131lan a\u00e7\u0131klamada, Meteoroloji 10. B\u00f6lge M\u00fcd\u00fcrl\u00fc\u011f\u00fcn\u00fcn uyar\u0131lar\u0131na g\u00f6re, kentte etkisini s\u00fcrd\u00fcrecek kuvvetli kar ya\u011f\u0131\u015f\u0131 nedeniyle buzlanma ve don olay\u0131na ba\u011fl\u0131 ula\u015f\u0131mda aksamalar gibi olumsuzluklar ya\u015fanabilece\u011finin de\u011ferlendirildi\u011fi aktar\u0131ld\u0131. A\u00e7\u0131klamada, tedbir ama\u00e7l\u0131 Milli E\u011fitim M\u00fcd\u00fcrl\u00fc\u011f\u00fcne ba\u011fl\u0131 t\u00fcm resmi\/\u00f6zel, \u00f6rg\u00fcn ve yayg\u0131n e\u011fitim kurumlar\u0131 ile rehabilitasyon merkezlerinde, Aile ve Sosyal Hizmetler M\u00fcd\u00fcrl\u00fc\u011f\u00fcne ba\u011fl\u0131 kre\u015flerde, M\u00fcft\u00fcl\u00fc\u011fe ba\u011fl\u0131 ihtiya\u00e7 odakl\u0131 g\u00fcnd\u00fczl\u00fc ve 4-6 ya\u015f Kur&#8217;an kurslar\u0131nda e\u011fitim-\u00f6\u011fretime 24 \u015eubat Pazartesi g\u00fcn\u00fc 1 g\u00fcn ara verildi\u011fi duyuruldu. Kamu kurumlar\u0131nda g\u00f6revli hamileler, engelliler, \u00e7ocu\u011fu kre\u015f veya anaokuluna devam eden annelerin de 1 g\u00fcn idari izinli say\u0131lacaklar\u0131 kaydedildi. https:\/\/twitter.com\/orhantavli_\/status\/1893573043978633282 Di\u011fer bir yandan yo\u011fun kar sonucu olu\u015fan buzlanma ve \u015fiddetli so\u011fuk olumsuz hava ko\u015fullar\u0131 nedeniyle Kastamonu&#8217;da e\u011fitime yar\u0131n ara verildi. https:\/\/twitter.com\/kastamonuvalilk\/status\/1893643619254301047 Zonguldak Valili\u011finden yap\u0131lan a\u00e7\u0131klamada, kent genelinde etkili olan yo\u011fun kar ya\u011f\u0131\u015f\u0131 ve buzlanma riski nedeniyle meteorolojik tahminler do\u011frultusunda vatanda\u015flar\u0131n g\u00fcvenli\u011fi i\u00e7in baz\u0131 tedbirler al\u0131nd\u0131\u011f\u0131 belirtildi. &#8220;Bu kapsamda 24 \u015eubat Pazartesi g\u00fcn\u00fc kentteki resmi ve \u00f6zel t\u00fcm \u00f6rg\u00fcn ve yayg\u0131n e\u011fitim kurumlar\u0131, \u00f6zel kre\u015f, g\u00fcnd\u00fcz bak\u0131mevi, \u00e7ocuk kul\u00fcpleri &hellip;<\/p>","protected":false},"author":1,"featured_media":0,"comment_status":"open","ping_status":"open","sticky":false,"template":"","format":"standard","meta":{"_acf_changed":false,"footnotes":""},"categories":[24],"tags":[],"class_list":["post-33929","post","type-post","status-publish","format-standard","has-post-thumbnail","hentry","category-gundem"],"acf":[],"yoast_head":"<!-- This site is optimized with the Yoast SEO Premium plugin v26.6 (Yoast SEO v27.1.1) - https:\/\/yoast.com\/product\/yoast-seo-premium-wordpress\/ -->\n<title>Bir\u00e7ok ilde e\u011fitime kar engeli! - Av. Deniz Can K\u0131z\u0131l<\/title>\n<meta name=\"robots\" content=\"index, follow, max-snippet:-1, max-image-preview:large, max-video-preview:-1\" \/>\n<link rel=\"canonical\" href=\"http:\/\/denizcankizil.tr\/de\/haberler\/gundem\/bircok-ilde-egitime-kar-engeli\/\" \/>\n<meta property=\"og:locale\" content=\"de_DE\" \/>\n<meta property=\"og:type\" content=\"article\" \/>\n<meta property=\"og:title\" content=\"Bir\u00e7ok ilde e\u011fitime kar engeli!\" \/>\n<meta property=\"og:description\" content=\"Kar ya\u011f\u0131\u015f\u0131 nedeniyle baz\u0131 il ve il\u00e7elerde e\u011fitim-\u00f6\u011fretime ara verildi.BURSA (\u0130GFA) &#8211; Yurdu etkisi alt\u0131na alan kar ya\u011f\u0131\u015f\u0131 nedeniyle bir\u00e7ok il ve il\u00e7elerde okullar tatil edlidi.\u00a0 Samsun&#8217;da etkisini s\u00fcrd\u00fcren kar ya\u011f\u0131\u015f\u0131 nedeniyle 24 \u015eubat Pazartesi g\u00fcn\u00fc e\u011fitime ara verildi\u011fi bildirildi. Valilikten yap\u0131lan a\u00e7\u0131klamada, Meteoroloji 10. B\u00f6lge M\u00fcd\u00fcrl\u00fc\u011f\u00fcn\u00fcn uyar\u0131lar\u0131na g\u00f6re, kentte etkisini s\u00fcrd\u00fcrecek kuvvetli kar ya\u011f\u0131\u015f\u0131 nedeniyle buzlanma ve don olay\u0131na ba\u011fl\u0131 ula\u015f\u0131mda aksamalar gibi olumsuzluklar ya\u015fanabilece\u011finin de\u011ferlendirildi\u011fi aktar\u0131ld\u0131. A\u00e7\u0131klamada, tedbir ama\u00e7l\u0131 Milli E\u011fitim M\u00fcd\u00fcrl\u00fc\u011f\u00fcne ba\u011fl\u0131 t\u00fcm resmi\/\u00f6zel, \u00f6rg\u00fcn ve yayg\u0131n e\u011fitim kurumlar\u0131 ile rehabilitasyon merkezlerinde, Aile ve Sosyal Hizmetler M\u00fcd\u00fcrl\u00fc\u011f\u00fcne ba\u011fl\u0131 kre\u015flerde, M\u00fcft\u00fcl\u00fc\u011fe ba\u011fl\u0131 ihtiya\u00e7 odakl\u0131 g\u00fcnd\u00fczl\u00fc ve 4-6 ya\u015f Kur&#8217;an kurslar\u0131nda e\u011fitim-\u00f6\u011fretime 24 \u015eubat Pazartesi g\u00fcn\u00fc 1 g\u00fcn ara verildi\u011fi duyuruldu. Kamu kurumlar\u0131nda g\u00f6revli hamileler, engelliler, \u00e7ocu\u011fu kre\u015f veya anaokuluna devam eden annelerin de 1 g\u00fcn idari izinli say\u0131lacaklar\u0131 kaydedildi. https:\/\/twitter.com\/orhantavli_\/status\/1893573043978633282 Di\u011fer bir yandan yo\u011fun kar sonucu olu\u015fan buzlanma ve \u015fiddetli so\u011fuk olumsuz hava ko\u015fullar\u0131 nedeniyle Kastamonu&#8217;da e\u011fitime yar\u0131n ara verildi. https:\/\/twitter.com\/kastamonuvalilk\/status\/1893643619254301047 Zonguldak Valili\u011finden yap\u0131lan a\u00e7\u0131klamada, kent genelinde etkili olan yo\u011fun kar ya\u011f\u0131\u015f\u0131 ve buzlanma riski nedeniyle meteorolojik tahminler do\u011frultusunda vatanda\u015flar\u0131n g\u00fcvenli\u011fi i\u00e7in baz\u0131 tedbirler al\u0131nd\u0131\u011f\u0131 belirtildi. &#8220;Bu kapsamda 24 \u015eubat Pazartesi g\u00fcn\u00fc kentteki resmi ve \u00f6zel t\u00fcm \u00f6rg\u00fcn ve yayg\u0131n e\u011fitim kurumlar\u0131, \u00f6zel kre\u015f, g\u00fcnd\u00fcz bak\u0131mevi, \u00e7ocuk kul\u00fcpleri &hellip;\" \/>\n<meta property=\"og:url\" content=\"http:\/\/denizcankizil.tr\/de\/haberler\/gundem\/bircok-ilde-egitime-kar-engeli\/\" \/>\n<meta property=\"og:site_name\" content=\"Av. Deniz Can K\u0131z\u0131l\" \/>\n<meta property=\"article:published_time\" content=\"2025-02-24T05:41:21+00:00\" \/>\n<meta name=\"author\" content=\"admin\" \/>\n<meta name=\"twitter:card\" content=\"summary_large_image\" \/>\n<meta name=\"twitter:label1\" content=\"Verfasst von\" \/>\n\t<meta name=\"twitter:data1\" content=\"admin\" \/>\n\t<meta name=\"twitter:label2\" content=\"Gesch\u00e4tzte Lesezeit\" \/>\n\t<meta name=\"twitter:data2\" content=\"5\u00a0Minuten\" \/>\n<script type=\"application\/ld+json\" class=\"yoast-schema-graph\">{\"@context\":\"https:\/\/schema.org\",\"@graph\":[{\"@type\":\"Article\",\"@id\":\"http:\/\/denizcankizil.tr\/de\/haberler\/gundem\/bircok-ilde-egitime-kar-engeli\/#article\",\"isPartOf\":{\"@id\":\"http:\/\/denizcankizil.tr\/de\/haberler\/gundem\/bircok-ilde-egitime-kar-engeli\/\"},\"author\":{\"name\":\"admin\",\"@id\":\"https:\/\/denizcankizil.tr\/#\/schema\/person\/be3c05fe6a12686905512445d8185489\"},\"headline\":\"Bir\u00e7ok ilde e\u011fitime kar engeli!\",\"datePublished\":\"2025-02-24T05:41:21+00:00\",\"mainEntityOfPage\":{\"@id\":\"http:\/\/denizcankizil.tr\/de\/haberler\/gundem\/bircok-ilde-egitime-kar-engeli\/\"},\"wordCount\":947,\"commentCount\":0,\"publisher\":{\"@id\":\"https:\/\/denizcankizil.tr\/#organization\"},\"articleSection\":[\"G\u00fcndem\"],\"inLanguage\":\"de\",\"potentialAction\":[{\"@type\":\"CommentAction\",\"name\":\"Comment\",\"target\":[\"http:\/\/denizcankizil.tr\/de\/haberler\/gundem\/bircok-ilde-egitime-kar-engeli\/#respond\"]}]},{\"@type\":\"WebPage\",\"@id\":\"http:\/\/denizcankizil.tr\/de\/haberler\/gundem\/bircok-ilde-egitime-kar-engeli\/\",\"url\":\"http:\/\/denizcankizil.tr\/de\/haberler\/gundem\/bircok-ilde-egitime-kar-engeli\/\",\"name\":\"Bir\u00e7ok ilde e\u011fitime kar engeli! - Av. Deniz Can K\u0131z\u0131l\",\"isPartOf\":{\"@id\":\"https:\/\/denizcankizil.tr\/#website\"},\"datePublished\":\"2025-02-24T05:41:21+00:00\",\"breadcrumb\":{\"@id\":\"http:\/\/denizcankizil.tr\/de\/haberler\/gundem\/bircok-ilde-egitime-kar-engeli\/#breadcrumb\"},\"inLanguage\":\"de\",\"potentialAction\":[{\"@type\":\"ReadAction\",\"target\":[\"http:\/\/denizcankizil.tr\/de\/haberler\/gundem\/bircok-ilde-egitime-kar-engeli\/\"]}]},{\"@type\":\"BreadcrumbList\",\"@id\":\"http:\/\/denizcankizil.tr\/de\/haberler\/gundem\/bircok-ilde-egitime-kar-engeli\/#breadcrumb\",\"itemListElement\":[{\"@type\":\"ListItem\",\"position\":1,\"name\":\"Home\",\"item\":\"https:\/\/denizcankizil.tr\/de\/\"},{\"@type\":\"ListItem\",\"position\":2,\"name\":\"Bir\u00e7ok ilde e\u011fitime kar engeli!\"}]},{\"@type\":\"WebSite\",\"@id\":\"https:\/\/denizcankizil.tr\/#website\",\"url\":\"https:\/\/denizcankizil.tr\/\",\"name\":\"Av. Deniz Can K\u0131z\u0131l\",\"description\":\"Avukat Deniz Can K\u0131z\u0131l Antalya Barosu\",\"publisher\":{\"@id\":\"https:\/\/denizcankizil.tr\/#organization\"},\"potentialAction\":[{\"@type\":\"SearchAction\",\"target\":{\"@type\":\"EntryPoint\",\"urlTemplate\":\"https:\/\/denizcankizil.tr\/?s={search_term_string}\"},\"query-input\":{\"@type\":\"PropertyValueSpecification\",\"valueRequired\":true,\"valueName\":\"search_term_string\"}}],\"inLanguage\":\"de\"},{\"@type\":\"Organization\",\"@id\":\"https:\/\/denizcankizil.tr\/#organization\",\"name\":\"Av. Deniz Can K\u0131z\u0131l\",\"url\":\"https:\/\/denizcankizil.tr\/\",\"logo\":{\"@type\":\"ImageObject\",\"inLanguage\":\"de\",\"@id\":\"https:\/\/denizcankizil.tr\/#\/schema\/logo\/image\/\",\"url\":\"http:\/\/denizcankizil.tr\/wp-content\/uploads\/2024\/10\/siyah-logo-svg.svg\",\"contentUrl\":\"http:\/\/denizcankizil.tr\/wp-content\/uploads\/2024\/10\/siyah-logo-svg.svg\",\"width\":1080,\"height\":1080,\"caption\":\"Av. Deniz Can K\u0131z\u0131l\"},\"image\":{\"@id\":\"https:\/\/denizcankizil.tr\/#\/schema\/logo\/image\/\"}},{\"@type\":\"Person\",\"@id\":\"https:\/\/denizcankizil.tr\/#\/schema\/person\/be3c05fe6a12686905512445d8185489\",\"name\":\"admin\",\"image\":{\"@type\":\"ImageObject\",\"inLanguage\":\"de\",\"@id\":\"https:\/\/denizcankizil.tr\/#\/schema\/person\/image\/\",\"url\":\"https:\/\/secure.gravatar.com\/avatar\/c1fce94c830dc79107e174f890d7210541c4a63e8e5d816341794a2151c9d58c?s=96&d=mm&r=g\",\"contentUrl\":\"https:\/\/secure.gravatar.com\/avatar\/c1fce94c830dc79107e174f890d7210541c4a63e8e5d816341794a2151c9d58c?s=96&d=mm&r=g\",\"caption\":\"admin\"},\"sameAs\":[\"http:\/\/denizcankizil.tr\"],\"url\":\"https:\/\/www.iskenderun.org\/bircok-ilde-egitime-kar-engeli\"}]}<\/script>\n<!-- \/ Yoast SEO Premium plugin. -->","yoast_head_json":{"title":"Bir\u00e7ok ilde e\u011fitime kar engeli! - Av. Deniz Can K\u0131z\u0131l","robots":{"index":"index","follow":"follow","max-snippet":"max-snippet:-1","max-image-preview":"max-image-preview:large","max-video-preview":"max-video-preview:-1"},"canonical":"http:\/\/denizcankizil.tr\/de\/haberler\/gundem\/bircok-ilde-egitime-kar-engeli\/","og_locale":"de_DE","og_type":"article","og_title":"Bir\u00e7ok ilde e\u011fitime kar engeli!","og_description":"Kar ya\u011f\u0131\u015f\u0131 nedeniyle baz\u0131 il ve il\u00e7elerde e\u011fitim-\u00f6\u011fretime ara verildi.BURSA (\u0130GFA) &#8211; Yurdu etkisi alt\u0131na alan kar ya\u011f\u0131\u015f\u0131 nedeniyle bir\u00e7ok il ve il\u00e7elerde okullar tatil edlidi.\u00a0 Samsun&#8217;da etkisini s\u00fcrd\u00fcren kar ya\u011f\u0131\u015f\u0131 nedeniyle 24 \u015eubat Pazartesi g\u00fcn\u00fc e\u011fitime ara verildi\u011fi bildirildi. Valilikten yap\u0131lan a\u00e7\u0131klamada, Meteoroloji 10. B\u00f6lge M\u00fcd\u00fcrl\u00fc\u011f\u00fcn\u00fcn uyar\u0131lar\u0131na g\u00f6re, kentte etkisini s\u00fcrd\u00fcrecek kuvvetli kar ya\u011f\u0131\u015f\u0131 nedeniyle buzlanma ve don olay\u0131na ba\u011fl\u0131 ula\u015f\u0131mda aksamalar gibi olumsuzluklar ya\u015fanabilece\u011finin de\u011ferlendirildi\u011fi aktar\u0131ld\u0131. A\u00e7\u0131klamada, tedbir ama\u00e7l\u0131 Milli E\u011fitim M\u00fcd\u00fcrl\u00fc\u011f\u00fcne ba\u011fl\u0131 t\u00fcm resmi\/\u00f6zel, \u00f6rg\u00fcn ve yayg\u0131n e\u011fitim kurumlar\u0131 ile rehabilitasyon merkezlerinde, Aile ve Sosyal Hizmetler M\u00fcd\u00fcrl\u00fc\u011f\u00fcne ba\u011fl\u0131 kre\u015flerde, M\u00fcft\u00fcl\u00fc\u011fe ba\u011fl\u0131 ihtiya\u00e7 odakl\u0131 g\u00fcnd\u00fczl\u00fc ve 4-6 ya\u015f Kur&#8217;an kurslar\u0131nda e\u011fitim-\u00f6\u011fretime 24 \u015eubat Pazartesi g\u00fcn\u00fc 1 g\u00fcn ara verildi\u011fi duyuruldu. Kamu kurumlar\u0131nda g\u00f6revli hamileler, engelliler, \u00e7ocu\u011fu kre\u015f veya anaokuluna devam eden annelerin de 1 g\u00fcn idari izinli say\u0131lacaklar\u0131 kaydedildi. https:\/\/twitter.com\/orhantavli_\/status\/1893573043978633282 Di\u011fer bir yandan yo\u011fun kar sonucu olu\u015fan buzlanma ve \u015fiddetli so\u011fuk olumsuz hava ko\u015fullar\u0131 nedeniyle Kastamonu&#8217;da e\u011fitime yar\u0131n ara verildi. https:\/\/twitter.com\/kastamonuvalilk\/status\/1893643619254301047 Zonguldak Valili\u011finden yap\u0131lan a\u00e7\u0131klamada, kent genelinde etkili olan yo\u011fun kar ya\u011f\u0131\u015f\u0131 ve buzlanma riski nedeniyle meteorolojik tahminler do\u011frultusunda vatanda\u015flar\u0131n g\u00fcvenli\u011fi i\u00e7in baz\u0131 tedbirler al\u0131nd\u0131\u011f\u0131 belirtildi. &#8220;Bu kapsamda 24 \u015eubat Pazartesi g\u00fcn\u00fc kentteki resmi ve \u00f6zel t\u00fcm \u00f6rg\u00fcn ve yayg\u0131n e\u011fitim kurumlar\u0131, \u00f6zel kre\u015f, g\u00fcnd\u00fcz bak\u0131mevi, \u00e7ocuk kul\u00fcpleri &hellip;","og_url":"http:\/\/denizcankizil.tr\/de\/haberler\/gundem\/bircok-ilde-egitime-kar-engeli\/","og_site_name":"Av. Deniz Can K\u0131z\u0131l","article_published_time":"2025-02-24T05:41:21+00:00","author":"admin","twitter_card":"summary_large_image","twitter_misc":{"Verfasst von":"admin","Gesch\u00e4tzte Lesezeit":"5\u00a0Minuten"},"schema":{"@context":"https:\/\/schema.org","@graph":[{"@type":"Article","@id":"http:\/\/denizcankizil.tr\/de\/haberler\/gundem\/bircok-ilde-egitime-kar-engeli\/#article","isPartOf":{"@id":"http:\/\/denizcankizil.tr\/de\/haberler\/gundem\/bircok-ilde-egitime-kar-engeli\/"},"author":{"name":"admin","@id":"https:\/\/denizcankizil.tr\/#\/schema\/person\/be3c05fe6a12686905512445d8185489"},"headline":"Bir\u00e7ok ilde e\u011fitime kar engeli!","datePublished":"2025-02-24T05:41:21+00:00","mainEntityOfPage":{"@id":"http:\/\/denizcankizil.tr\/de\/haberler\/gundem\/bircok-ilde-egitime-kar-engeli\/"},"wordCount":947,"commentCount":0,"publisher":{"@id":"https:\/\/denizcankizil.tr\/#organization"},"articleSection":["G\u00fcndem"],"inLanguage":"de","potentialAction":[{"@type":"CommentAction","name":"Comment","target":["http:\/\/denizcankizil.tr\/de\/haberler\/gundem\/bircok-ilde-egitime-kar-engeli\/#respond"]}]},{"@type":"WebPage","@id":"http:\/\/denizcankizil.tr\/de\/haberler\/gundem\/bircok-ilde-egitime-kar-engeli\/","url":"http:\/\/denizcankizil.tr\/de\/haberler\/gundem\/bircok-ilde-egitime-kar-engeli\/","name":"Bir\u00e7ok ilde e\u011fitime kar engeli! - Av. Deniz Can K\u0131z\u0131l","isPartOf":{"@id":"https:\/\/denizcankizil.tr\/#website"},"datePublished":"2025-02-24T05:41:21+00:00","breadcrumb":{"@id":"http:\/\/denizcankizil.tr\/de\/haberler\/gundem\/bircok-ilde-egitime-kar-engeli\/#breadcrumb"},"inLanguage":"de","potentialAction":[{"@type":"ReadAction","target":["http:\/\/denizcankizil.tr\/de\/haberler\/gundem\/bircok-ilde-egitime-kar-engeli\/"]}]},{"@type":"BreadcrumbList","@id":"http:\/\/denizcankizil.tr\/de\/haberler\/gundem\/bircok-ilde-egitime-kar-engeli\/#breadcrumb","itemListElement":[{"@type":"ListItem","position":1,"name":"Home","item":"https:\/\/denizcankizil.tr\/de\/"},{"@type":"ListItem","position":2,"name":"Bir\u00e7ok ilde e\u011fitime kar engeli!"}]},{"@type":"WebSite","@id":"https:\/\/denizcankizil.tr\/#website","url":"https:\/\/denizcankizil.tr\/","name":"Av. Deniz Can K\u0131z\u0131l","description":"Avukat Deniz Can K\u0131z\u0131l Antalya Barosu","publisher":{"@id":"https:\/\/denizcankizil.tr\/#organization"},"potentialAction":[{"@type":"SearchAction","target":{"@type":"EntryPoint","urlTemplate":"https:\/\/denizcankizil.tr\/?s={search_term_string}"},"query-input":{"@type":"PropertyValueSpecification","valueRequired":true,"valueName":"search_term_string"}}],"inLanguage":"de"},{"@type":"Organization","@id":"https:\/\/denizcankizil.tr\/#organization","name":"Av. Deniz Can K\u0131z\u0131l","url":"https:\/\/denizcankizil.tr\/","logo":{"@type":"ImageObject","inLanguage":"de","@id":"https:\/\/denizcankizil.tr\/#\/schema\/logo\/image\/","url":"http:\/\/denizcankizil.tr\/wp-content\/uploads\/2024\/10\/siyah-logo-svg.svg","contentUrl":"http:\/\/denizcankizil.tr\/wp-content\/uploads\/2024\/10\/siyah-logo-svg.svg","width":1080,"height":1080,"caption":"Av. Deniz Can K\u0131z\u0131l"},"image":{"@id":"https:\/\/denizcankizil.tr\/#\/schema\/logo\/image\/"}},{"@type":"Person","@id":"https:\/\/denizcankizil.tr\/#\/schema\/person\/be3c05fe6a12686905512445d8185489","name":"Administrator","image":{"@type":"ImageObject","inLanguage":"de","@id":"https:\/\/denizcankizil.tr\/#\/schema\/person\/image\/","url":"https:\/\/secure.gravatar.com\/avatar\/c1fce94c830dc79107e174f890d7210541c4a63e8e5d816341794a2151c9d58c?s=96&d=mm&r=g","contentUrl":"https:\/\/secure.gravatar.com\/avatar\/c1fce94c830dc79107e174f890d7210541c4a63e8e5d816341794a2151c9d58c?s=96&d=mm&r=g","caption":"admin"},"sameAs":["http:\/\/denizcankizil.tr"],"url":"https:\/\/www.iskenderun.org\/bircok-ilde-egitime-kar-engeli"}]}},"_links":{"self":[{"href":"http:\/\/denizcankizil.tr\/de\/wp-json\/wp\/v2\/posts\/33929","targetHints":{"allow":["GET"]}}],"collection":[{"href":"http:\/\/denizcankizil.tr\/de\/wp-json\/wp\/v2\/posts"}],"about":[{"href":"http:\/\/denizcankizil.tr\/de\/wp-json\/wp\/v2\/types\/post"}],"author":[{"embeddable":true,"href":"http:\/\/denizcankizil.tr\/de\/wp-json\/wp\/v2\/users\/1"}],"replies":[{"embeddable":true,"href":"http:\/\/denizcankizil.tr\/de\/wp-json\/wp\/v2\/comments?post=33929"}],"version-history":[{"count":0,"href":"http:\/\/denizcankizil.tr\/de\/wp-json\/wp\/v2\/posts\/33929\/revisions"}],"wp:attachment":[{"href":"http:\/\/denizcankizil.tr\/de\/wp-json\/wp\/v2\/media?parent=33929"}],"wp:term":[{"taxonomy":"category","embeddable":true,"href":"http:\/\/denizcankizil.tr\/de\/wp-json\/wp\/v2\/categories?post=33929"},{"taxonomy":"post_tag","embeddable":true,"href":"http:\/\/denizcankizil.tr\/de\/wp-json\/wp\/v2\/tags?post=33929"}],"curies":[{"name":"wp","href":"https:\/\/api.w.org\/{rel}","templated":true}]}}