{"id":33566,"date":"2025-02-19T22:41:32","date_gmt":"2025-02-19T19:41:32","guid":{"rendered":"https:\/\/denizcankizil.tr\/uncategorized-tr\/antalya-kent-konseyine-asattan-genel-sekreter\/"},"modified":"2025-02-19T22:41:32","modified_gmt":"2025-02-19T19:41:32","slug":"antalya-kent-konseyine-asattan-genel-sekreter","status":"publish","type":"post","link":"http:\/\/denizcankizil.tr\/de\/haberler\/gundem\/antalya-kent-konseyine-asattan-genel-sekreter\/","title":{"rendered":"Antalya Kent Konseyi&#8217;ne ASAT&#8217;tan genel sekreter"},"content":{"rendered":"<p>ASAT Genel M\u00fcd\u00fcrl\u00fc\u011f\u00fc Bas\u0131n ve Halkla \u0130li\u015fkiler \u015eube M\u00fcd\u00fcrl\u00fc\u011f\u00fc yapan Ercan Deyirmenci, Antalya Kent Konseyi Y\u00fcr\u00fctme Kurulu karar\u0131yla Antalya Kent Konseyi Genel Sekreteri olarak g\u00f6reve ba\u015flad\u0131. Antalya Sanat\u00e7\u0131lar Derne\u011fi temsilcisi olarak uzun y\u0131llardan beri Antalya Kent Konseyi&#8217;nde \u00e7al\u0131\u015fmalarda bulunan Deyirmenci, halen Afet ve Kriz Y\u00f6netimi \u00c7al\u0131\u015fma Grubu&#8217;nda Ba\u015fkan Yard\u0131mc\u0131l\u0131\u011f\u0131 g\u00f6revini y\u00fcr\u00fct\u00fcyor.\u00a0<\/p>\n<p>TE\u015eEKK\u00dcR MESAJI YAYINLADI\u00a0<\/p>\n<p>G\u00f6reve ba\u015flamas\u0131n\u0131n ard\u0131ndan sosyal medya hesab\u0131ndan bir mesaj yay\u0131nlayan Ercan Deyirmenci, &#8220;Antalya B\u00fcy\u00fck\u015fehir Belediyesi Ba\u015fkan\u0131 Say\u0131n Muhittin B\u00f6cek&#8217;in \u00f6nerisi ve Antalya Kent Konseyi Y\u00fcr\u00fctme Kurulunun karar\u0131yla Antalya Kent Konseyi Genel Sekreteri olarak g\u00f6reve ba\u015flad\u0131m. Bana g\u00fcvenerek, bu onurlu g\u00f6revi lay\u0131k g\u00f6ren herkese te\u015fekk\u00fcr ederim&#8221; dedi.\u00a0<br \/>\n\u00a0 \u00a0 \u00a0 \u00a0 \u00a0 \u00a0 \u00a0 \u00a0 \u00a0 \u00a0 \u00a0 \u00a0 \u00a0<br \/>\n\u00a0<\/p>\n<p>\u200bAntalya Kent Konseyi Genel Sekreterli\u011fine, ASAT Genel M\u00fcd\u00fcrl\u00fc\u011f\u00fc Bas\u0131n ve Halkla \u0130li\u015fkiler \u015eube M\u00fcd\u00fcrl\u00fc\u011f\u00fc yapan Ercan Deyirmenci getirildi.\u00a0<\/p>\n<p>\u200bHaberin Al\u0131nt\u0131land\u0131\u011f\u0131 Kaynak: www.antalyakorfez.com<\/p>","protected":false},"excerpt":{"rendered":"<p>ASAT Genel M\u00fcd\u00fcrl\u00fc\u011f\u00fc Bas\u0131n ve Halkla \u0130li\u015fkiler \u015eube M\u00fcd\u00fcrl\u00fc\u011f\u00fc yapan Ercan Deyirmenci, Antalya Kent Konseyi Y\u00fcr\u00fctme Kurulu karar\u0131yla Antalya Kent Konseyi Genel Sekreteri olarak g\u00f6reve ba\u015flad\u0131. Antalya Sanat\u00e7\u0131lar Derne\u011fi temsilcisi olarak uzun y\u0131llardan beri Antalya Kent Konseyi&#8217;nde \u00e7al\u0131\u015fmalarda bulunan Deyirmenci, halen Afet ve Kriz Y\u00f6netimi \u00c7al\u0131\u015fma Grubu&#8217;nda Ba\u015fkan Yard\u0131mc\u0131l\u0131\u011f\u0131 g\u00f6revini y\u00fcr\u00fct\u00fcyor.\u00a0 TE\u015eEKK\u00dcR MESAJI YAYINLADI\u00a0 G\u00f6reve ba\u015flamas\u0131n\u0131n ard\u0131ndan sosyal medya hesab\u0131ndan bir mesaj yay\u0131nlayan Ercan Deyirmenci, &#8220;Antalya B\u00fcy\u00fck\u015fehir Belediyesi Ba\u015fkan\u0131 Say\u0131n Muhittin B\u00f6cek&#8217;in \u00f6nerisi ve Antalya Kent Konseyi Y\u00fcr\u00fctme Kurulunun karar\u0131yla Antalya Kent Konseyi Genel Sekreteri olarak g\u00f6reve ba\u015flad\u0131m. Bana g\u00fcvenerek, bu onurlu g\u00f6revi lay\u0131k g\u00f6ren herkese te\u015fekk\u00fcr ederim&#8221; dedi.\u00a0 \u00a0 \u00a0 \u00a0 \u00a0 \u00a0 \u00a0 \u00a0 \u00a0 \u00a0 \u00a0 \u00a0 \u00a0 \u00a0 \u00a0 \u200bAntalya Kent Konseyi Genel Sekreterli\u011fine, ASAT Genel M\u00fcd\u00fcrl\u00fc\u011f\u00fc Bas\u0131n ve Halkla \u0130li\u015fkiler \u015eube M\u00fcd\u00fcrl\u00fc\u011f\u00fc yapan Ercan Deyirmenci getirildi.\u00a0 \u200bHaberin Al\u0131nt\u0131land\u0131\u011f\u0131 Kaynak: www.antalyakorfez.com<\/p>","protected":false},"author":5,"featured_media":0,"comment_status":"open","ping_status":"open","sticky":false,"template":"","format":"standard","meta":{"_acf_changed":false,"footnotes":""},"categories":[24],"tags":[],"class_list":["post-33566","post","type-post","status-publish","format-standard","has-post-thumbnail","hentry","category-gundem"],"acf":[],"yoast_head":"<!-- This site is optimized with the Yoast SEO Premium plugin v26.6 (Yoast SEO v27.1.1) - https:\/\/yoast.com\/product\/yoast-seo-premium-wordpress\/ -->\n<title>Antalya Kent Konseyi&#039;ne ASAT&#039;tan genel sekreter - Av. Deniz Can K\u0131z\u0131l<\/title>\n<meta name=\"robots\" content=\"index, follow, max-snippet:-1, max-image-preview:large, max-video-preview:-1\" \/>\n<link rel=\"canonical\" href=\"http:\/\/denizcankizil.tr\/de\/haberler\/gundem\/antalya-kent-konseyine-asattan-genel-sekreter\/\" \/>\n<meta property=\"og:locale\" content=\"de_DE\" \/>\n<meta property=\"og:type\" content=\"article\" \/>\n<meta property=\"og:title\" content=\"Antalya Kent Konseyi&#039;ne ASAT&#039;tan genel sekreter\" \/>\n<meta property=\"og:description\" content=\"ASAT Genel M\u00fcd\u00fcrl\u00fc\u011f\u00fc Bas\u0131n ve Halkla \u0130li\u015fkiler \u015eube M\u00fcd\u00fcrl\u00fc\u011f\u00fc yapan Ercan Deyirmenci, Antalya Kent Konseyi Y\u00fcr\u00fctme Kurulu karar\u0131yla Antalya Kent Konseyi Genel Sekreteri olarak g\u00f6reve ba\u015flad\u0131. Antalya Sanat\u00e7\u0131lar Derne\u011fi temsilcisi olarak uzun y\u0131llardan beri Antalya Kent Konseyi&#8217;nde \u00e7al\u0131\u015fmalarda bulunan Deyirmenci, halen Afet ve Kriz Y\u00f6netimi \u00c7al\u0131\u015fma Grubu&#8217;nda Ba\u015fkan Yard\u0131mc\u0131l\u0131\u011f\u0131 g\u00f6revini y\u00fcr\u00fct\u00fcyor.\u00a0 TE\u015eEKK\u00dcR MESAJI YAYINLADI\u00a0 G\u00f6reve ba\u015flamas\u0131n\u0131n ard\u0131ndan sosyal medya hesab\u0131ndan bir mesaj yay\u0131nlayan Ercan Deyirmenci, &#8220;Antalya B\u00fcy\u00fck\u015fehir Belediyesi Ba\u015fkan\u0131 Say\u0131n Muhittin B\u00f6cek&#8217;in \u00f6nerisi ve Antalya Kent Konseyi Y\u00fcr\u00fctme Kurulunun karar\u0131yla Antalya Kent Konseyi Genel Sekreteri olarak g\u00f6reve ba\u015flad\u0131m. Bana g\u00fcvenerek, bu onurlu g\u00f6revi lay\u0131k g\u00f6ren herkese te\u015fekk\u00fcr ederim&#8221; dedi.\u00a0 \u00a0 \u00a0 \u00a0 \u00a0 \u00a0 \u00a0 \u00a0 \u00a0 \u00a0 \u00a0 \u00a0 \u00a0 \u00a0 \u00a0 \u200bAntalya Kent Konseyi Genel Sekreterli\u011fine, ASAT Genel M\u00fcd\u00fcrl\u00fc\u011f\u00fc Bas\u0131n ve Halkla \u0130li\u015fkiler \u015eube M\u00fcd\u00fcrl\u00fc\u011f\u00fc yapan Ercan Deyirmenci getirildi.\u00a0 \u200bHaberin Al\u0131nt\u0131land\u0131\u011f\u0131 Kaynak: www.antalyakorfez.com\" \/>\n<meta property=\"og:url\" content=\"http:\/\/denizcankizil.tr\/de\/haberler\/gundem\/antalya-kent-konseyine-asattan-genel-sekreter\/\" \/>\n<meta property=\"og:site_name\" content=\"Av. Deniz Can K\u0131z\u0131l\" \/>\n<meta property=\"article:published_time\" content=\"2025-02-19T19:41:32+00:00\" \/>\n<meta name=\"author\" content=\"Antalya K\u00f6rfez\" \/>\n<meta name=\"twitter:card\" content=\"summary_large_image\" \/>\n<meta name=\"twitter:label1\" content=\"Verfasst von\" \/>\n\t<meta name=\"twitter:data1\" content=\"Antalya K\u00f6rfez\" \/>\n\t<meta name=\"twitter:label2\" content=\"Gesch\u00e4tzte Lesezeit\" \/>\n\t<meta name=\"twitter:data2\" content=\"1\u00a0Minute\" \/>\n<script type=\"application\/ld+json\" class=\"yoast-schema-graph\">{\"@context\":\"https:\/\/schema.org\",\"@graph\":[{\"@type\":\"Article\",\"@id\":\"http:\/\/denizcankizil.tr\/de\/haberler\/gundem\/antalya-kent-konseyine-asattan-genel-sekreter\/#article\",\"isPartOf\":{\"@id\":\"http:\/\/denizcankizil.tr\/de\/haberler\/gundem\/antalya-kent-konseyine-asattan-genel-sekreter\/\"},\"author\":{\"name\":\"Antalya K\u00f6rfez\",\"@id\":\"https:\/\/denizcankizil.tr\/#\/schema\/person\/e1eb71bb4dd684d46563f0af307e1234\"},\"headline\":\"Antalya Kent Konseyi&#8217;ne ASAT&#8217;tan genel sekreter\",\"datePublished\":\"2025-02-19T19:41:32+00:00\",\"mainEntityOfPage\":{\"@id\":\"http:\/\/denizcankizil.tr\/de\/haberler\/gundem\/antalya-kent-konseyine-asattan-genel-sekreter\/\"},\"wordCount\":194,\"commentCount\":0,\"publisher\":{\"@id\":\"https:\/\/denizcankizil.tr\/#organization\"},\"articleSection\":[\"G\u00fcndem\"],\"inLanguage\":\"de\",\"potentialAction\":[{\"@type\":\"CommentAction\",\"name\":\"Comment\",\"target\":[\"http:\/\/denizcankizil.tr\/de\/haberler\/gundem\/antalya-kent-konseyine-asattan-genel-sekreter\/#respond\"]}]},{\"@type\":\"WebPage\",\"@id\":\"http:\/\/denizcankizil.tr\/de\/haberler\/gundem\/antalya-kent-konseyine-asattan-genel-sekreter\/\",\"url\":\"http:\/\/denizcankizil.tr\/de\/haberler\/gundem\/antalya-kent-konseyine-asattan-genel-sekreter\/\",\"name\":\"Antalya Kent Konseyi'ne ASAT'tan genel sekreter - Av. Deniz Can K\u0131z\u0131l\",\"isPartOf\":{\"@id\":\"https:\/\/denizcankizil.tr\/#website\"},\"datePublished\":\"2025-02-19T19:41:32+00:00\",\"breadcrumb\":{\"@id\":\"http:\/\/denizcankizil.tr\/de\/haberler\/gundem\/antalya-kent-konseyine-asattan-genel-sekreter\/#breadcrumb\"},\"inLanguage\":\"de\",\"potentialAction\":[{\"@type\":\"ReadAction\",\"target\":[\"http:\/\/denizcankizil.tr\/de\/haberler\/gundem\/antalya-kent-konseyine-asattan-genel-sekreter\/\"]}]},{\"@type\":\"BreadcrumbList\",\"@id\":\"http:\/\/denizcankizil.tr\/de\/haberler\/gundem\/antalya-kent-konseyine-asattan-genel-sekreter\/#breadcrumb\",\"itemListElement\":[{\"@type\":\"ListItem\",\"position\":1,\"name\":\"Home\",\"item\":\"https:\/\/denizcankizil.tr\/de\/\"},{\"@type\":\"ListItem\",\"position\":2,\"name\":\"Antalya Kent Konseyi&#8217;ne ASAT&#8217;tan genel sekreter\"}]},{\"@type\":\"WebSite\",\"@id\":\"https:\/\/denizcankizil.tr\/#website\",\"url\":\"https:\/\/denizcankizil.tr\/\",\"name\":\"Av. Deniz Can K\u0131z\u0131l\",\"description\":\"Avukat Deniz Can K\u0131z\u0131l Antalya Barosu\",\"publisher\":{\"@id\":\"https:\/\/denizcankizil.tr\/#organization\"},\"potentialAction\":[{\"@type\":\"SearchAction\",\"target\":{\"@type\":\"EntryPoint\",\"urlTemplate\":\"https:\/\/denizcankizil.tr\/?s={search_term_string}\"},\"query-input\":{\"@type\":\"PropertyValueSpecification\",\"valueRequired\":true,\"valueName\":\"search_term_string\"}}],\"inLanguage\":\"de\"},{\"@type\":\"Organization\",\"@id\":\"https:\/\/denizcankizil.tr\/#organization\",\"name\":\"Av. Deniz Can K\u0131z\u0131l\",\"url\":\"https:\/\/denizcankizil.tr\/\",\"logo\":{\"@type\":\"ImageObject\",\"inLanguage\":\"de\",\"@id\":\"https:\/\/denizcankizil.tr\/#\/schema\/logo\/image\/\",\"url\":\"http:\/\/denizcankizil.tr\/wp-content\/uploads\/2024\/10\/siyah-logo-svg.svg\",\"contentUrl\":\"http:\/\/denizcankizil.tr\/wp-content\/uploads\/2024\/10\/siyah-logo-svg.svg\",\"width\":1080,\"height\":1080,\"caption\":\"Av. Deniz Can K\u0131z\u0131l\"},\"image\":{\"@id\":\"https:\/\/denizcankizil.tr\/#\/schema\/logo\/image\/\"}},{\"@type\":\"Person\",\"@id\":\"https:\/\/denizcankizil.tr\/#\/schema\/person\/e1eb71bb4dd684d46563f0af307e1234\",\"name\":\"Antalya K\u00f6rfez\",\"image\":{\"@type\":\"ImageObject\",\"inLanguage\":\"de\",\"@id\":\"https:\/\/denizcankizil.tr\/#\/schema\/person\/image\/\",\"url\":\"https:\/\/secure.gravatar.com\/avatar\/42b01982558a48a0b501fdcab6a408d3717ea5919095ee2e67b0e521799c5905?s=96&d=mm&r=g\",\"contentUrl\":\"https:\/\/secure.gravatar.com\/avatar\/42b01982558a48a0b501fdcab6a408d3717ea5919095ee2e67b0e521799c5905?s=96&d=mm&r=g\",\"caption\":\"Antalya K\u00f6rfez\"},\"sameAs\":[\"http:\/\/www.antalyakorfez.com\"],\"url\":\"https:\/\/www.antalyakorfez.com\/antalya-kent-konseyine-asattan-genel-sekreter\"}]}<\/script>\n<!-- \/ Yoast SEO Premium plugin. -->","yoast_head_json":{"title":"Antalya Kent Konseyi'ne ASAT'tan genel sekreter - Av. Deniz Can K\u0131z\u0131l","robots":{"index":"index","follow":"follow","max-snippet":"max-snippet:-1","max-image-preview":"max-image-preview:large","max-video-preview":"max-video-preview:-1"},"canonical":"http:\/\/denizcankizil.tr\/de\/haberler\/gundem\/antalya-kent-konseyine-asattan-genel-sekreter\/","og_locale":"de_DE","og_type":"article","og_title":"Antalya Kent Konseyi'ne ASAT'tan genel sekreter","og_description":"ASAT Genel M\u00fcd\u00fcrl\u00fc\u011f\u00fc Bas\u0131n ve Halkla \u0130li\u015fkiler \u015eube M\u00fcd\u00fcrl\u00fc\u011f\u00fc yapan Ercan Deyirmenci, Antalya Kent Konseyi Y\u00fcr\u00fctme Kurulu karar\u0131yla Antalya Kent Konseyi Genel Sekreteri olarak g\u00f6reve ba\u015flad\u0131. Antalya Sanat\u00e7\u0131lar Derne\u011fi temsilcisi olarak uzun y\u0131llardan beri Antalya Kent Konseyi&#8217;nde \u00e7al\u0131\u015fmalarda bulunan Deyirmenci, halen Afet ve Kriz Y\u00f6netimi \u00c7al\u0131\u015fma Grubu&#8217;nda Ba\u015fkan Yard\u0131mc\u0131l\u0131\u011f\u0131 g\u00f6revini y\u00fcr\u00fct\u00fcyor.\u00a0 TE\u015eEKK\u00dcR MESAJI YAYINLADI\u00a0 G\u00f6reve ba\u015flamas\u0131n\u0131n ard\u0131ndan sosyal medya hesab\u0131ndan bir mesaj yay\u0131nlayan Ercan Deyirmenci, &#8220;Antalya B\u00fcy\u00fck\u015fehir Belediyesi Ba\u015fkan\u0131 Say\u0131n Muhittin B\u00f6cek&#8217;in \u00f6nerisi ve Antalya Kent Konseyi Y\u00fcr\u00fctme Kurulunun karar\u0131yla Antalya Kent Konseyi Genel Sekreteri olarak g\u00f6reve ba\u015flad\u0131m. Bana g\u00fcvenerek, bu onurlu g\u00f6revi lay\u0131k g\u00f6ren herkese te\u015fekk\u00fcr ederim&#8221; dedi.\u00a0 \u00a0 \u00a0 \u00a0 \u00a0 \u00a0 \u00a0 \u00a0 \u00a0 \u00a0 \u00a0 \u00a0 \u00a0 \u00a0 \u00a0 \u200bAntalya Kent Konseyi Genel Sekreterli\u011fine, ASAT Genel M\u00fcd\u00fcrl\u00fc\u011f\u00fc Bas\u0131n ve Halkla \u0130li\u015fkiler \u015eube M\u00fcd\u00fcrl\u00fc\u011f\u00fc yapan Ercan Deyirmenci getirildi.\u00a0 \u200bHaberin Al\u0131nt\u0131land\u0131\u011f\u0131 Kaynak: www.antalyakorfez.com","og_url":"http:\/\/denizcankizil.tr\/de\/haberler\/gundem\/antalya-kent-konseyine-asattan-genel-sekreter\/","og_site_name":"Av. Deniz Can K\u0131z\u0131l","article_published_time":"2025-02-19T19:41:32+00:00","author":"Antalya K\u00f6rfez","twitter_card":"summary_large_image","twitter_misc":{"Verfasst von":"Antalya K\u00f6rfez","Gesch\u00e4tzte Lesezeit":"1\u00a0Minute"},"schema":{"@context":"https:\/\/schema.org","@graph":[{"@type":"Article","@id":"http:\/\/denizcankizil.tr\/de\/haberler\/gundem\/antalya-kent-konseyine-asattan-genel-sekreter\/#article","isPartOf":{"@id":"http:\/\/denizcankizil.tr\/de\/haberler\/gundem\/antalya-kent-konseyine-asattan-genel-sekreter\/"},"author":{"name":"Antalya K\u00f6rfez","@id":"https:\/\/denizcankizil.tr\/#\/schema\/person\/e1eb71bb4dd684d46563f0af307e1234"},"headline":"Antalya Kent Konseyi&#8217;ne ASAT&#8217;tan genel sekreter","datePublished":"2025-02-19T19:41:32+00:00","mainEntityOfPage":{"@id":"http:\/\/denizcankizil.tr\/de\/haberler\/gundem\/antalya-kent-konseyine-asattan-genel-sekreter\/"},"wordCount":194,"commentCount":0,"publisher":{"@id":"https:\/\/denizcankizil.tr\/#organization"},"articleSection":["G\u00fcndem"],"inLanguage":"de","potentialAction":[{"@type":"CommentAction","name":"Comment","target":["http:\/\/denizcankizil.tr\/de\/haberler\/gundem\/antalya-kent-konseyine-asattan-genel-sekreter\/#respond"]}]},{"@type":"WebPage","@id":"http:\/\/denizcankizil.tr\/de\/haberler\/gundem\/antalya-kent-konseyine-asattan-genel-sekreter\/","url":"http:\/\/denizcankizil.tr\/de\/haberler\/gundem\/antalya-kent-konseyine-asattan-genel-sekreter\/","name":"Antalya Kent Konseyi'ne ASAT'tan genel sekreter - Av. Deniz Can K\u0131z\u0131l","isPartOf":{"@id":"https:\/\/denizcankizil.tr\/#website"},"datePublished":"2025-02-19T19:41:32+00:00","breadcrumb":{"@id":"http:\/\/denizcankizil.tr\/de\/haberler\/gundem\/antalya-kent-konseyine-asattan-genel-sekreter\/#breadcrumb"},"inLanguage":"de","potentialAction":[{"@type":"ReadAction","target":["http:\/\/denizcankizil.tr\/de\/haberler\/gundem\/antalya-kent-konseyine-asattan-genel-sekreter\/"]}]},{"@type":"BreadcrumbList","@id":"http:\/\/denizcankizil.tr\/de\/haberler\/gundem\/antalya-kent-konseyine-asattan-genel-sekreter\/#breadcrumb","itemListElement":[{"@type":"ListItem","position":1,"name":"Home","item":"https:\/\/denizcankizil.tr\/de\/"},{"@type":"ListItem","position":2,"name":"Antalya Kent Konseyi&#8217;ne ASAT&#8217;tan genel sekreter"}]},{"@type":"WebSite","@id":"https:\/\/denizcankizil.tr\/#website","url":"https:\/\/denizcankizil.tr\/","name":"Av. Deniz Can K\u0131z\u0131l","description":"Avukat Deniz Can K\u0131z\u0131l Antalya Barosu","publisher":{"@id":"https:\/\/denizcankizil.tr\/#organization"},"potentialAction":[{"@type":"SearchAction","target":{"@type":"EntryPoint","urlTemplate":"https:\/\/denizcankizil.tr\/?s={search_term_string}"},"query-input":{"@type":"PropertyValueSpecification","valueRequired":true,"valueName":"search_term_string"}}],"inLanguage":"de"},{"@type":"Organization","@id":"https:\/\/denizcankizil.tr\/#organization","name":"Av. Deniz Can K\u0131z\u0131l","url":"https:\/\/denizcankizil.tr\/","logo":{"@type":"ImageObject","inLanguage":"de","@id":"https:\/\/denizcankizil.tr\/#\/schema\/logo\/image\/","url":"http:\/\/denizcankizil.tr\/wp-content\/uploads\/2024\/10\/siyah-logo-svg.svg","contentUrl":"http:\/\/denizcankizil.tr\/wp-content\/uploads\/2024\/10\/siyah-logo-svg.svg","width":1080,"height":1080,"caption":"Av. Deniz Can K\u0131z\u0131l"},"image":{"@id":"https:\/\/denizcankizil.tr\/#\/schema\/logo\/image\/"}},{"@type":"Person","@id":"https:\/\/denizcankizil.tr\/#\/schema\/person\/e1eb71bb4dd684d46563f0af307e1234","name":"Antalya K\u00f6rfez","image":{"@type":"ImageObject","inLanguage":"de","@id":"https:\/\/denizcankizil.tr\/#\/schema\/person\/image\/","url":"https:\/\/secure.gravatar.com\/avatar\/42b01982558a48a0b501fdcab6a408d3717ea5919095ee2e67b0e521799c5905?s=96&d=mm&r=g","contentUrl":"https:\/\/secure.gravatar.com\/avatar\/42b01982558a48a0b501fdcab6a408d3717ea5919095ee2e67b0e521799c5905?s=96&d=mm&r=g","caption":"Antalya K\u00f6rfez"},"sameAs":["http:\/\/www.antalyakorfez.com"],"url":"https:\/\/www.antalyakorfez.com\/antalya-kent-konseyine-asattan-genel-sekreter"}]}},"_links":{"self":[{"href":"http:\/\/denizcankizil.tr\/de\/wp-json\/wp\/v2\/posts\/33566","targetHints":{"allow":["GET"]}}],"collection":[{"href":"http:\/\/denizcankizil.tr\/de\/wp-json\/wp\/v2\/posts"}],"about":[{"href":"http:\/\/denizcankizil.tr\/de\/wp-json\/wp\/v2\/types\/post"}],"author":[{"embeddable":true,"href":"http:\/\/denizcankizil.tr\/de\/wp-json\/wp\/v2\/users\/5"}],"replies":[{"embeddable":true,"href":"http:\/\/denizcankizil.tr\/de\/wp-json\/wp\/v2\/comments?post=33566"}],"version-history":[{"count":0,"href":"http:\/\/denizcankizil.tr\/de\/wp-json\/wp\/v2\/posts\/33566\/revisions"}],"wp:attachment":[{"href":"http:\/\/denizcankizil.tr\/de\/wp-json\/wp\/v2\/media?parent=33566"}],"wp:term":[{"taxonomy":"category","embeddable":true,"href":"http:\/\/denizcankizil.tr\/de\/wp-json\/wp\/v2\/categories?post=33566"},{"taxonomy":"post_tag","embeddable":true,"href":"http:\/\/denizcankizil.tr\/de\/wp-json\/wp\/v2\/tags?post=33566"}],"curies":[{"name":"wp","href":"https:\/\/api.w.org\/{rel}","templated":true}]}}