{"id":32943,"date":"2025-02-15T17:41:21","date_gmt":"2025-02-15T14:41:21","guid":{"rendered":"https:\/\/denizcankizil.tr\/uncategorized-tr\/et-fiyatlarindaki-artis-iddialarina-yanit-zam-yok-troller-yine-is-basinda\/"},"modified":"2025-02-15T17:41:21","modified_gmt":"2025-02-15T14:41:21","slug":"et-fiyatlarindaki-artis-iddialarina-yanit-zam-yok-troller-yine-is-basinda","status":"publish","type":"post","link":"http:\/\/denizcankizil.tr\/de\/haberler\/gundem\/et-fiyatlarindaki-artis-iddialarina-yanit-zam-yok-troller-yine-is-basinda\/","title":{"rendered":"Et fiyatlar\u0131ndaki art\u0131\u015f iddialar\u0131na yan\u0131t: Zam yok, troller yine i\u015f ba\u015f\u0131nda"},"content":{"rendered":"<p>11 ay\u0131n sultan\u0131 Ramazan ay\u0131na say\u0131l\u0131 g\u00fcnler kald\u0131. K\u0131rm\u0131z\u0131 etin tad\u0131n\u0131 unutan vatanda\u015f ise fiyatlar\u0131 merak etmeye ba\u015flad\u0131. K\u0131rm\u0131z\u0131 ete zam geldi iddialar\u0131 g\u00fcndemde yer al\u0131rken T\u00fcrkiye Kasaplar Federasyonu Ba\u015fkan\u0131 Osman Yard\u0131mc\u0131, yeme zam geldi\u011fini ancak 9 ayd\u0131r k\u0131rm\u0131z\u0131 ete zam yap\u0131lmad\u0131\u011f\u0131n\u0131 s\u00f6yledi.\u00a0<\/p>\n<p>TROLLER \u015e\u0130MD\u0130DEN \u00c7IKMAYA BA\u015eLADI\u00a0<\/p>\n<p>Her y\u0131l Ramazan, Kurban Bayram\u0131 ve y\u0131lba\u015f\u0131nda baz\u0131 ki\u015filerin et fiyatlar\u0131na kar\u015f\u0131 provokasyon olu\u015fturdu\u011funu s\u00f6yleyen Yard\u0131mc\u0131, \u201cTroller \u015fimdiden \u00e7\u0131kmaya ba\u015flad\u0131. Trollerin bahsetti\u011fi y\u00fczde 30-40 art\u0131\u015f s\u00f6z konusu de\u011fil. Bahsedilen rakamlar bizim tezgahlara yans\u0131tmad\u0131\u011f\u0131m\u0131z zamlar. Ete 30 lira zam geldi ama daha fiyatlara yans\u0131mad\u0131. Ya\u011fs\u0131z k\u0131yma y\u0131lba\u015f\u0131 \u00f6ncesi de 600-650 lirayd\u0131, \u015fimdi de ayn\u0131. Yakla\u015f\u0131k 9 ayd\u0131r ete zam gelmedi. Yeme zam gelirken ete zam yap\u0131lmad\u0131\u201d dedi.\u00a0<\/p>\n<p>KIRMIZI ET F\u0130YATLARINI D\u00dc\u015e\u00dcR\u00dcYORLAR<\/p>\n<p>K\u0131rm\u0131z\u0131 et sat\u0131\u015flar\u0131nda \u00e7ok ba\u015fl\u0131l\u0131k oldu\u011funu s\u00f6yleyen Yard\u0131mc\u0131, \u201cEt sekt\u00f6r\u00fc b\u00fcy\u00fck bir camia oldu\u011fu i\u00e7in Et-S\u00fct Kurumu, Belediyelerin Halk-Et ve zincir marketler fiyatlar\u0131 d\u00fc\u015f\u00fcr\u00fcyor. Ayr\u0131ca kasaplar\u0131m\u0131z ithal de\u011fil yerli et sat\u0131yor\u201d \u015feklinde konu\u015ftu.\u00a0<\/p>\n<p>KASAPLAR ZARAR ED\u0130YOR\u00a0<\/p>\n<p>Zincir marketlerin ve belediyelerin Halk-Et sat\u0131\u015f\u0131 kasaplardaki et sat\u0131\u015f\u0131na zarar verdi\u011fini s\u00f6yleyen Yard\u0131mc\u0131, \u201c600 liral\u0131k et fiyat\u0131n\u0131n 15-30 lira artmas\u0131 bir \u015fey de\u011fil. Bizim sekt\u00f6r her zaman g\u00fcndemde. Sanki bir \u015feyler varm\u0131\u015f gibi birilerinin de\u011firmenini su ta\u015f\u0131yor. Kasapta et pahalan\u0131nca kim et sat\u0131yor? Zincir marketler sat\u0131\u015f yap\u0131yor. Eti marketlere holdingler, b\u00fcy\u00fck et baronlar\u0131 ve Et-S\u00fct Kurumu veriyor. Bundan dolay\u0131 hem kasap zarar ediyor hem de besicinin \u00fcretti\u011fi mal\u0131 elinde kal\u0131yor\u201d ifadelerini kaydetti.\u00a0<\/p>\n<p>DEVLET, KASAPLARI S\u00dcBVANSE ETS\u0130N<\/p>\n<p>Kasaplar\u0131n devlet taraf\u0131ndan s\u00fcbvanse edilmesi gerekti\u011fini kaydeden Yard\u0131mc\u0131 s\u00f6zlerini \u015f\u00f6yle s\u00fcrd\u00fcrd\u00fc: \u201cZincir marketlerinin zarar\u0131n\u0131 devlet s\u00fcbvanse ederken kasaplarda b\u00f6yle bir durum s\u00f6z konusu de\u011fil. Devlet o zaman kasaplar\u0131 da s\u00fcbvanse etsin. Bizde uyguna verelim. Biz vatanda\u015fa pahal\u0131 satmaktan zevk alm\u0131yoruz. Biz \u015fuanda 600-650 lira k\u0131yma kasaba zarar eder, kar elde etmez.\u201d<\/p>\n<p>\u200bRamazan\u2019a say\u0131l\u0131 g\u00fcnler kala et fiyatlar\u0131 g\u00fcndem oldu. Ramazan \u00f6ncesi k\u0131rm\u0131z\u0131 ete y\u00fczde 40 zam geldi\u011fi iddialar\u0131n\u0131n \u00fczerine T\u00fcrkiye Kasaplar Federasyonu Ba\u015fkan\u0131 Osman Yard\u0131mc\u0131, iddialar\u0131 yalanlad\u0131.\u00a0<\/p>\n<p>\u200bHaberin Al\u0131nt\u0131land\u0131\u011f\u0131 Kaynak: www.antalyakorfez.com<\/p>","protected":false},"excerpt":{"rendered":"<p>11 ay\u0131n sultan\u0131 Ramazan ay\u0131na say\u0131l\u0131 g\u00fcnler kald\u0131. K\u0131rm\u0131z\u0131 etin tad\u0131n\u0131 unutan vatanda\u015f ise fiyatlar\u0131 merak etmeye ba\u015flad\u0131. K\u0131rm\u0131z\u0131 ete zam geldi iddialar\u0131 g\u00fcndemde yer al\u0131rken T\u00fcrkiye Kasaplar Federasyonu Ba\u015fkan\u0131 Osman Yard\u0131mc\u0131, yeme zam geldi\u011fini ancak 9 ayd\u0131r k\u0131rm\u0131z\u0131 ete zam yap\u0131lmad\u0131\u011f\u0131n\u0131 s\u00f6yledi.\u00a0 TROLLER \u015e\u0130MD\u0130DEN \u00c7IKMAYA BA\u015eLADI\u00a0 Her y\u0131l Ramazan, Kurban Bayram\u0131 ve y\u0131lba\u015f\u0131nda baz\u0131 ki\u015filerin et fiyatlar\u0131na kar\u015f\u0131 provokasyon olu\u015fturdu\u011funu s\u00f6yleyen Yard\u0131mc\u0131, \u201cTroller \u015fimdiden \u00e7\u0131kmaya ba\u015flad\u0131. Trollerin bahsetti\u011fi y\u00fczde 30-40 art\u0131\u015f s\u00f6z konusu de\u011fil. Bahsedilen rakamlar bizim tezgahlara yans\u0131tmad\u0131\u011f\u0131m\u0131z zamlar. Ete 30 lira zam geldi ama daha fiyatlara yans\u0131mad\u0131. Ya\u011fs\u0131z k\u0131yma y\u0131lba\u015f\u0131 \u00f6ncesi de 600-650 lirayd\u0131, \u015fimdi de ayn\u0131. Yakla\u015f\u0131k 9 ayd\u0131r ete zam gelmedi. Yeme zam gelirken ete zam yap\u0131lmad\u0131\u201d dedi.\u00a0 KIRMIZI ET F\u0130YATLARINI D\u00dc\u015e\u00dcR\u00dcYORLAR K\u0131rm\u0131z\u0131 et sat\u0131\u015flar\u0131nda \u00e7ok ba\u015fl\u0131l\u0131k oldu\u011funu s\u00f6yleyen Yard\u0131mc\u0131, \u201cEt sekt\u00f6r\u00fc b\u00fcy\u00fck bir camia oldu\u011fu i\u00e7in Et-S\u00fct Kurumu, Belediyelerin Halk-Et ve zincir marketler fiyatlar\u0131 d\u00fc\u015f\u00fcr\u00fcyor. Ayr\u0131ca kasaplar\u0131m\u0131z ithal de\u011fil yerli et sat\u0131yor\u201d \u015feklinde konu\u015ftu.\u00a0 KASAPLAR ZARAR ED\u0130YOR\u00a0 Zincir marketlerin ve belediyelerin Halk-Et sat\u0131\u015f\u0131 kasaplardaki et sat\u0131\u015f\u0131na zarar verdi\u011fini s\u00f6yleyen Yard\u0131mc\u0131, \u201c600 liral\u0131k et fiyat\u0131n\u0131n 15-30 lira artmas\u0131 bir \u015fey de\u011fil. Bizim sekt\u00f6r her zaman g\u00fcndemde. Sanki bir \u015feyler varm\u0131\u015f gibi birilerinin de\u011firmenini su ta\u015f\u0131yor. Kasapta et pahalan\u0131nca kim et sat\u0131yor? Zincir marketler sat\u0131\u015f yap\u0131yor. &hellip;<\/p>","protected":false},"author":5,"featured_media":0,"comment_status":"open","ping_status":"open","sticky":false,"template":"","format":"standard","meta":{"_acf_changed":false,"footnotes":""},"categories":[24],"tags":[],"class_list":["post-32943","post","type-post","status-publish","format-standard","has-post-thumbnail","hentry","category-gundem"],"acf":[],"yoast_head":"<!-- This site is optimized with the Yoast SEO Premium plugin v26.6 (Yoast SEO v27.1.1) - https:\/\/yoast.com\/product\/yoast-seo-premium-wordpress\/ -->\n<title>Et fiyatlar\u0131ndaki art\u0131\u015f iddialar\u0131na yan\u0131t: Zam yok, troller yine i\u015f ba\u015f\u0131nda - Av. Deniz Can K\u0131z\u0131l<\/title>\n<meta name=\"robots\" content=\"index, follow, max-snippet:-1, max-image-preview:large, max-video-preview:-1\" \/>\n<link rel=\"canonical\" href=\"https:\/\/denizcankizil.tr\/de\/haberler\/gundem\/et-fiyatlarindaki-artis-iddialarina-yanit-zam-yok-troller-yine-is-basinda\/\" \/>\n<meta property=\"og:locale\" content=\"de_DE\" \/>\n<meta property=\"og:type\" content=\"article\" \/>\n<meta property=\"og:title\" content=\"Et fiyatlar\u0131ndaki art\u0131\u015f iddialar\u0131na yan\u0131t: Zam yok, troller yine i\u015f ba\u015f\u0131nda\" \/>\n<meta property=\"og:description\" content=\"11 ay\u0131n sultan\u0131 Ramazan ay\u0131na say\u0131l\u0131 g\u00fcnler kald\u0131. K\u0131rm\u0131z\u0131 etin tad\u0131n\u0131 unutan vatanda\u015f ise fiyatlar\u0131 merak etmeye ba\u015flad\u0131. K\u0131rm\u0131z\u0131 ete zam geldi iddialar\u0131 g\u00fcndemde yer al\u0131rken T\u00fcrkiye Kasaplar Federasyonu Ba\u015fkan\u0131 Osman Yard\u0131mc\u0131, yeme zam geldi\u011fini ancak 9 ayd\u0131r k\u0131rm\u0131z\u0131 ete zam yap\u0131lmad\u0131\u011f\u0131n\u0131 s\u00f6yledi.\u00a0 TROLLER \u015e\u0130MD\u0130DEN \u00c7IKMAYA BA\u015eLADI\u00a0 Her y\u0131l Ramazan, Kurban Bayram\u0131 ve y\u0131lba\u015f\u0131nda baz\u0131 ki\u015filerin et fiyatlar\u0131na kar\u015f\u0131 provokasyon olu\u015fturdu\u011funu s\u00f6yleyen Yard\u0131mc\u0131, \u201cTroller \u015fimdiden \u00e7\u0131kmaya ba\u015flad\u0131. Trollerin bahsetti\u011fi y\u00fczde 30-40 art\u0131\u015f s\u00f6z konusu de\u011fil. Bahsedilen rakamlar bizim tezgahlara yans\u0131tmad\u0131\u011f\u0131m\u0131z zamlar. Ete 30 lira zam geldi ama daha fiyatlara yans\u0131mad\u0131. Ya\u011fs\u0131z k\u0131yma y\u0131lba\u015f\u0131 \u00f6ncesi de 600-650 lirayd\u0131, \u015fimdi de ayn\u0131. Yakla\u015f\u0131k 9 ayd\u0131r ete zam gelmedi. Yeme zam gelirken ete zam yap\u0131lmad\u0131\u201d dedi.\u00a0 KIRMIZI ET F\u0130YATLARINI D\u00dc\u015e\u00dcR\u00dcYORLAR K\u0131rm\u0131z\u0131 et sat\u0131\u015flar\u0131nda \u00e7ok ba\u015fl\u0131l\u0131k oldu\u011funu s\u00f6yleyen Yard\u0131mc\u0131, \u201cEt sekt\u00f6r\u00fc b\u00fcy\u00fck bir camia oldu\u011fu i\u00e7in Et-S\u00fct Kurumu, Belediyelerin Halk-Et ve zincir marketler fiyatlar\u0131 d\u00fc\u015f\u00fcr\u00fcyor. Ayr\u0131ca kasaplar\u0131m\u0131z ithal de\u011fil yerli et sat\u0131yor\u201d \u015feklinde konu\u015ftu.\u00a0 KASAPLAR ZARAR ED\u0130YOR\u00a0 Zincir marketlerin ve belediyelerin Halk-Et sat\u0131\u015f\u0131 kasaplardaki et sat\u0131\u015f\u0131na zarar verdi\u011fini s\u00f6yleyen Yard\u0131mc\u0131, \u201c600 liral\u0131k et fiyat\u0131n\u0131n 15-30 lira artmas\u0131 bir \u015fey de\u011fil. Bizim sekt\u00f6r her zaman g\u00fcndemde. Sanki bir \u015feyler varm\u0131\u015f gibi birilerinin de\u011firmenini su ta\u015f\u0131yor. Kasapta et pahalan\u0131nca kim et sat\u0131yor? Zincir marketler sat\u0131\u015f yap\u0131yor. &hellip;\" \/>\n<meta property=\"og:url\" content=\"https:\/\/denizcankizil.tr\/de\/haberler\/gundem\/et-fiyatlarindaki-artis-iddialarina-yanit-zam-yok-troller-yine-is-basinda\/\" \/>\n<meta property=\"og:site_name\" content=\"Av. Deniz Can K\u0131z\u0131l\" \/>\n<meta property=\"article:published_time\" content=\"2025-02-15T14:41:21+00:00\" \/>\n<meta name=\"author\" content=\"Antalya K\u00f6rfez\" \/>\n<meta name=\"twitter:card\" content=\"summary_large_image\" \/>\n<meta name=\"twitter:label1\" content=\"Verfasst von\" \/>\n\t<meta name=\"twitter:data1\" content=\"Antalya K\u00f6rfez\" \/>\n\t<meta name=\"twitter:label2\" content=\"Gesch\u00e4tzte Lesezeit\" \/>\n\t<meta name=\"twitter:data2\" content=\"2\u00a0Minuten\" \/>\n<script type=\"application\/ld+json\" class=\"yoast-schema-graph\">{\"@context\":\"https:\/\/schema.org\",\"@graph\":[{\"@type\":\"Article\",\"@id\":\"https:\/\/denizcankizil.tr\/ru\/haberler\/gundem\/et-fiyatlarindaki-artis-iddialarina-yanit-zam-yok-troller-yine-is-basinda\/#article\",\"isPartOf\":{\"@id\":\"https:\/\/denizcankizil.tr\/ru\/haberler\/gundem\/et-fiyatlarindaki-artis-iddialarina-yanit-zam-yok-troller-yine-is-basinda\/\"},\"author\":{\"name\":\"Antalya K\u00f6rfez\",\"@id\":\"https:\/\/denizcankizil.tr\/de\/#\/schema\/person\/e1eb71bb4dd684d46563f0af307e1234\"},\"headline\":\"Et fiyatlar\u0131ndaki art\u0131\u015f iddialar\u0131na yan\u0131t: Zam yok, troller yine i\u015f ba\u015f\u0131nda\",\"datePublished\":\"2025-02-15T14:41:21+00:00\",\"mainEntityOfPage\":{\"@id\":\"https:\/\/denizcankizil.tr\/ru\/haberler\/gundem\/et-fiyatlarindaki-artis-iddialarina-yanit-zam-yok-troller-yine-is-basinda\/\"},\"wordCount\":452,\"commentCount\":0,\"publisher\":{\"@id\":\"https:\/\/denizcankizil.tr\/de\/#organization\"},\"articleSection\":[\"G\u00fcndem\"],\"inLanguage\":\"de\",\"potentialAction\":[{\"@type\":\"CommentAction\",\"name\":\"Comment\",\"target\":[\"https:\/\/denizcankizil.tr\/ru\/haberler\/gundem\/et-fiyatlarindaki-artis-iddialarina-yanit-zam-yok-troller-yine-is-basinda\/#respond\"]}]},{\"@type\":\"WebPage\",\"@id\":\"https:\/\/denizcankizil.tr\/ru\/haberler\/gundem\/et-fiyatlarindaki-artis-iddialarina-yanit-zam-yok-troller-yine-is-basinda\/\",\"url\":\"https:\/\/denizcankizil.tr\/ru\/haberler\/gundem\/et-fiyatlarindaki-artis-iddialarina-yanit-zam-yok-troller-yine-is-basinda\/\",\"name\":\"Et fiyatlar\u0131ndaki art\u0131\u015f iddialar\u0131na yan\u0131t: Zam yok, troller yine i\u015f ba\u015f\u0131nda - Av. Deniz Can K\u0131z\u0131l\",\"isPartOf\":{\"@id\":\"https:\/\/denizcankizil.tr\/de\/#website\"},\"datePublished\":\"2025-02-15T14:41:21+00:00\",\"breadcrumb\":{\"@id\":\"https:\/\/denizcankizil.tr\/ru\/haberler\/gundem\/et-fiyatlarindaki-artis-iddialarina-yanit-zam-yok-troller-yine-is-basinda\/#breadcrumb\"},\"inLanguage\":\"de\",\"potentialAction\":[{\"@type\":\"ReadAction\",\"target\":[\"https:\/\/denizcankizil.tr\/ru\/haberler\/gundem\/et-fiyatlarindaki-artis-iddialarina-yanit-zam-yok-troller-yine-is-basinda\/\"]}]},{\"@type\":\"BreadcrumbList\",\"@id\":\"https:\/\/denizcankizil.tr\/ru\/haberler\/gundem\/et-fiyatlarindaki-artis-iddialarina-yanit-zam-yok-troller-yine-is-basinda\/#breadcrumb\",\"itemListElement\":[{\"@type\":\"ListItem\",\"position\":1,\"name\":\"Home\",\"item\":\"https:\/\/denizcankizil.tr\/de\/\"},{\"@type\":\"ListItem\",\"position\":2,\"name\":\"Et fiyatlar\u0131ndaki art\u0131\u015f iddialar\u0131na yan\u0131t: Zam yok, troller yine i\u015f ba\u015f\u0131nda\"}]},{\"@type\":\"WebSite\",\"@id\":\"https:\/\/denizcankizil.tr\/de\/#website\",\"url\":\"https:\/\/denizcankizil.tr\/de\/\",\"name\":\"Av. Deniz Can K\u0131z\u0131l\",\"description\":\"Avukat Deniz Can K\u0131z\u0131l Antalya Barosu\",\"publisher\":{\"@id\":\"https:\/\/denizcankizil.tr\/de\/#organization\"},\"potentialAction\":[{\"@type\":\"SearchAction\",\"target\":{\"@type\":\"EntryPoint\",\"urlTemplate\":\"https:\/\/denizcankizil.tr\/de\/?s={search_term_string}\"},\"query-input\":{\"@type\":\"PropertyValueSpecification\",\"valueRequired\":true,\"valueName\":\"search_term_string\"}}],\"inLanguage\":\"de\"},{\"@type\":\"Organization\",\"@id\":\"https:\/\/denizcankizil.tr\/de\/#organization\",\"name\":\"Av. Deniz Can K\u0131z\u0131l\",\"url\":\"https:\/\/denizcankizil.tr\/de\/\",\"logo\":{\"@type\":\"ImageObject\",\"inLanguage\":\"de\",\"@id\":\"https:\/\/denizcankizil.tr\/de\/#\/schema\/logo\/image\/\",\"url\":\"http:\/\/denizcankizil.tr\/wp-content\/uploads\/2024\/10\/siyah-logo-svg.svg\",\"contentUrl\":\"http:\/\/denizcankizil.tr\/wp-content\/uploads\/2024\/10\/siyah-logo-svg.svg\",\"width\":1080,\"height\":1080,\"caption\":\"Av. Deniz Can K\u0131z\u0131l\"},\"image\":{\"@id\":\"https:\/\/denizcankizil.tr\/de\/#\/schema\/logo\/image\/\"}},{\"@type\":\"Person\",\"@id\":\"https:\/\/denizcankizil.tr\/de\/#\/schema\/person\/e1eb71bb4dd684d46563f0af307e1234\",\"name\":\"Antalya K\u00f6rfez\",\"image\":{\"@type\":\"ImageObject\",\"inLanguage\":\"de\",\"@id\":\"https:\/\/denizcankizil.tr\/de\/#\/schema\/person\/image\/\",\"url\":\"https:\/\/secure.gravatar.com\/avatar\/42b01982558a48a0b501fdcab6a408d3717ea5919095ee2e67b0e521799c5905?s=96&d=mm&r=g\",\"contentUrl\":\"https:\/\/secure.gravatar.com\/avatar\/42b01982558a48a0b501fdcab6a408d3717ea5919095ee2e67b0e521799c5905?s=96&d=mm&r=g\",\"caption\":\"Antalya K\u00f6rfez\"},\"sameAs\":[\"http:\/\/www.antalyakorfez.com\"],\"url\":\"https:\/\/www.antalyakorfez.com\/et-fiyatlarindaki-artis-iddialarina-yanit-zam-yok-troller-yine-is-basinda\"}]}<\/script>\n<!-- \/ Yoast SEO Premium plugin. -->","yoast_head_json":{"title":"Et fiyatlar\u0131ndaki art\u0131\u015f iddialar\u0131na yan\u0131t: Zam yok, troller yine i\u015f ba\u015f\u0131nda - Av. Deniz Can K\u0131z\u0131l","robots":{"index":"index","follow":"follow","max-snippet":"max-snippet:-1","max-image-preview":"max-image-preview:large","max-video-preview":"max-video-preview:-1"},"canonical":"https:\/\/denizcankizil.tr\/de\/haberler\/gundem\/et-fiyatlarindaki-artis-iddialarina-yanit-zam-yok-troller-yine-is-basinda\/","og_locale":"de_DE","og_type":"article","og_title":"Et fiyatlar\u0131ndaki art\u0131\u015f iddialar\u0131na yan\u0131t: Zam yok, troller yine i\u015f ba\u015f\u0131nda","og_description":"11 ay\u0131n sultan\u0131 Ramazan ay\u0131na say\u0131l\u0131 g\u00fcnler kald\u0131. K\u0131rm\u0131z\u0131 etin tad\u0131n\u0131 unutan vatanda\u015f ise fiyatlar\u0131 merak etmeye ba\u015flad\u0131. K\u0131rm\u0131z\u0131 ete zam geldi iddialar\u0131 g\u00fcndemde yer al\u0131rken T\u00fcrkiye Kasaplar Federasyonu Ba\u015fkan\u0131 Osman Yard\u0131mc\u0131, yeme zam geldi\u011fini ancak 9 ayd\u0131r k\u0131rm\u0131z\u0131 ete zam yap\u0131lmad\u0131\u011f\u0131n\u0131 s\u00f6yledi.\u00a0 TROLLER \u015e\u0130MD\u0130DEN \u00c7IKMAYA BA\u015eLADI\u00a0 Her y\u0131l Ramazan, Kurban Bayram\u0131 ve y\u0131lba\u015f\u0131nda baz\u0131 ki\u015filerin et fiyatlar\u0131na kar\u015f\u0131 provokasyon olu\u015fturdu\u011funu s\u00f6yleyen Yard\u0131mc\u0131, \u201cTroller \u015fimdiden \u00e7\u0131kmaya ba\u015flad\u0131. Trollerin bahsetti\u011fi y\u00fczde 30-40 art\u0131\u015f s\u00f6z konusu de\u011fil. Bahsedilen rakamlar bizim tezgahlara yans\u0131tmad\u0131\u011f\u0131m\u0131z zamlar. Ete 30 lira zam geldi ama daha fiyatlara yans\u0131mad\u0131. Ya\u011fs\u0131z k\u0131yma y\u0131lba\u015f\u0131 \u00f6ncesi de 600-650 lirayd\u0131, \u015fimdi de ayn\u0131. Yakla\u015f\u0131k 9 ayd\u0131r ete zam gelmedi. Yeme zam gelirken ete zam yap\u0131lmad\u0131\u201d dedi.\u00a0 KIRMIZI ET F\u0130YATLARINI D\u00dc\u015e\u00dcR\u00dcYORLAR K\u0131rm\u0131z\u0131 et sat\u0131\u015flar\u0131nda \u00e7ok ba\u015fl\u0131l\u0131k oldu\u011funu s\u00f6yleyen Yard\u0131mc\u0131, \u201cEt sekt\u00f6r\u00fc b\u00fcy\u00fck bir camia oldu\u011fu i\u00e7in Et-S\u00fct Kurumu, Belediyelerin Halk-Et ve zincir marketler fiyatlar\u0131 d\u00fc\u015f\u00fcr\u00fcyor. Ayr\u0131ca kasaplar\u0131m\u0131z ithal de\u011fil yerli et sat\u0131yor\u201d \u015feklinde konu\u015ftu.\u00a0 KASAPLAR ZARAR ED\u0130YOR\u00a0 Zincir marketlerin ve belediyelerin Halk-Et sat\u0131\u015f\u0131 kasaplardaki et sat\u0131\u015f\u0131na zarar verdi\u011fini s\u00f6yleyen Yard\u0131mc\u0131, \u201c600 liral\u0131k et fiyat\u0131n\u0131n 15-30 lira artmas\u0131 bir \u015fey de\u011fil. Bizim sekt\u00f6r her zaman g\u00fcndemde. Sanki bir \u015feyler varm\u0131\u015f gibi birilerinin de\u011firmenini su ta\u015f\u0131yor. Kasapta et pahalan\u0131nca kim et sat\u0131yor? Zincir marketler sat\u0131\u015f yap\u0131yor. &hellip;","og_url":"https:\/\/denizcankizil.tr\/de\/haberler\/gundem\/et-fiyatlarindaki-artis-iddialarina-yanit-zam-yok-troller-yine-is-basinda\/","og_site_name":"Av. Deniz Can K\u0131z\u0131l","article_published_time":"2025-02-15T14:41:21+00:00","author":"Antalya K\u00f6rfez","twitter_card":"summary_large_image","twitter_misc":{"Verfasst von":"Antalya K\u00f6rfez","Gesch\u00e4tzte Lesezeit":"2\u00a0Minuten"},"schema":{"@context":"https:\/\/schema.org","@graph":[{"@type":"Article","@id":"https:\/\/denizcankizil.tr\/ru\/haberler\/gundem\/et-fiyatlarindaki-artis-iddialarina-yanit-zam-yok-troller-yine-is-basinda\/#article","isPartOf":{"@id":"https:\/\/denizcankizil.tr\/ru\/haberler\/gundem\/et-fiyatlarindaki-artis-iddialarina-yanit-zam-yok-troller-yine-is-basinda\/"},"author":{"name":"Antalya K\u00f6rfez","@id":"https:\/\/denizcankizil.tr\/de\/#\/schema\/person\/e1eb71bb4dd684d46563f0af307e1234"},"headline":"Et fiyatlar\u0131ndaki art\u0131\u015f iddialar\u0131na yan\u0131t: Zam yok, troller yine i\u015f ba\u015f\u0131nda","datePublished":"2025-02-15T14:41:21+00:00","mainEntityOfPage":{"@id":"https:\/\/denizcankizil.tr\/ru\/haberler\/gundem\/et-fiyatlarindaki-artis-iddialarina-yanit-zam-yok-troller-yine-is-basinda\/"},"wordCount":452,"commentCount":0,"publisher":{"@id":"https:\/\/denizcankizil.tr\/de\/#organization"},"articleSection":["G\u00fcndem"],"inLanguage":"de","potentialAction":[{"@type":"CommentAction","name":"Comment","target":["https:\/\/denizcankizil.tr\/ru\/haberler\/gundem\/et-fiyatlarindaki-artis-iddialarina-yanit-zam-yok-troller-yine-is-basinda\/#respond"]}]},{"@type":"WebPage","@id":"https:\/\/denizcankizil.tr\/ru\/haberler\/gundem\/et-fiyatlarindaki-artis-iddialarina-yanit-zam-yok-troller-yine-is-basinda\/","url":"https:\/\/denizcankizil.tr\/ru\/haberler\/gundem\/et-fiyatlarindaki-artis-iddialarina-yanit-zam-yok-troller-yine-is-basinda\/","name":"Et fiyatlar\u0131ndaki art\u0131\u015f iddialar\u0131na yan\u0131t: Zam yok, troller yine i\u015f ba\u015f\u0131nda - Av. Deniz Can K\u0131z\u0131l","isPartOf":{"@id":"https:\/\/denizcankizil.tr\/de\/#website"},"datePublished":"2025-02-15T14:41:21+00:00","breadcrumb":{"@id":"https:\/\/denizcankizil.tr\/ru\/haberler\/gundem\/et-fiyatlarindaki-artis-iddialarina-yanit-zam-yok-troller-yine-is-basinda\/#breadcrumb"},"inLanguage":"de","potentialAction":[{"@type":"ReadAction","target":["https:\/\/denizcankizil.tr\/ru\/haberler\/gundem\/et-fiyatlarindaki-artis-iddialarina-yanit-zam-yok-troller-yine-is-basinda\/"]}]},{"@type":"BreadcrumbList","@id":"https:\/\/denizcankizil.tr\/ru\/haberler\/gundem\/et-fiyatlarindaki-artis-iddialarina-yanit-zam-yok-troller-yine-is-basinda\/#breadcrumb","itemListElement":[{"@type":"ListItem","position":1,"name":"Home","item":"https:\/\/denizcankizil.tr\/de\/"},{"@type":"ListItem","position":2,"name":"Et fiyatlar\u0131ndaki art\u0131\u015f iddialar\u0131na yan\u0131t: Zam yok, troller yine i\u015f ba\u015f\u0131nda"}]},{"@type":"WebSite","@id":"https:\/\/denizcankizil.tr\/de\/#website","url":"https:\/\/denizcankizil.tr\/de\/","name":"Av. Deniz Can K\u0131z\u0131l","description":"Avukat Deniz Can K\u0131z\u0131l Antalya Barosu","publisher":{"@id":"https:\/\/denizcankizil.tr\/de\/#organization"},"potentialAction":[{"@type":"SearchAction","target":{"@type":"EntryPoint","urlTemplate":"https:\/\/denizcankizil.tr\/de\/?s={search_term_string}"},"query-input":{"@type":"PropertyValueSpecification","valueRequired":true,"valueName":"search_term_string"}}],"inLanguage":"de"},{"@type":"Organization","@id":"https:\/\/denizcankizil.tr\/de\/#organization","name":"Av. Deniz Can K\u0131z\u0131l","url":"https:\/\/denizcankizil.tr\/de\/","logo":{"@type":"ImageObject","inLanguage":"de","@id":"https:\/\/denizcankizil.tr\/de\/#\/schema\/logo\/image\/","url":"http:\/\/denizcankizil.tr\/wp-content\/uploads\/2024\/10\/siyah-logo-svg.svg","contentUrl":"http:\/\/denizcankizil.tr\/wp-content\/uploads\/2024\/10\/siyah-logo-svg.svg","width":1080,"height":1080,"caption":"Av. Deniz Can K\u0131z\u0131l"},"image":{"@id":"https:\/\/denizcankizil.tr\/de\/#\/schema\/logo\/image\/"}},{"@type":"Person","@id":"https:\/\/denizcankizil.tr\/de\/#\/schema\/person\/e1eb71bb4dd684d46563f0af307e1234","name":"Antalya K\u00f6rfez","image":{"@type":"ImageObject","inLanguage":"de","@id":"https:\/\/denizcankizil.tr\/de\/#\/schema\/person\/image\/","url":"https:\/\/secure.gravatar.com\/avatar\/42b01982558a48a0b501fdcab6a408d3717ea5919095ee2e67b0e521799c5905?s=96&d=mm&r=g","contentUrl":"https:\/\/secure.gravatar.com\/avatar\/42b01982558a48a0b501fdcab6a408d3717ea5919095ee2e67b0e521799c5905?s=96&d=mm&r=g","caption":"Antalya K\u00f6rfez"},"sameAs":["http:\/\/www.antalyakorfez.com"],"url":"https:\/\/www.antalyakorfez.com\/et-fiyatlarindaki-artis-iddialarina-yanit-zam-yok-troller-yine-is-basinda"}]}},"_links":{"self":[{"href":"http:\/\/denizcankizil.tr\/de\/wp-json\/wp\/v2\/posts\/32943","targetHints":{"allow":["GET"]}}],"collection":[{"href":"http:\/\/denizcankizil.tr\/de\/wp-json\/wp\/v2\/posts"}],"about":[{"href":"http:\/\/denizcankizil.tr\/de\/wp-json\/wp\/v2\/types\/post"}],"author":[{"embeddable":true,"href":"http:\/\/denizcankizil.tr\/de\/wp-json\/wp\/v2\/users\/5"}],"replies":[{"embeddable":true,"href":"http:\/\/denizcankizil.tr\/de\/wp-json\/wp\/v2\/comments?post=32943"}],"version-history":[{"count":0,"href":"http:\/\/denizcankizil.tr\/de\/wp-json\/wp\/v2\/posts\/32943\/revisions"}],"wp:attachment":[{"href":"http:\/\/denizcankizil.tr\/de\/wp-json\/wp\/v2\/media?parent=32943"}],"wp:term":[{"taxonomy":"category","embeddable":true,"href":"http:\/\/denizcankizil.tr\/de\/wp-json\/wp\/v2\/categories?post=32943"},{"taxonomy":"post_tag","embeddable":true,"href":"http:\/\/denizcankizil.tr\/de\/wp-json\/wp\/v2\/tags?post=32943"}],"curies":[{"name":"wp","href":"https:\/\/api.w.org\/{rel}","templated":true}]}}