{"id":32894,"date":"2025-02-15T12:41:34","date_gmt":"2025-02-15T09:41:34","guid":{"rendered":"https:\/\/denizcankizil.tr\/uncategorized-tr\/buyuksehirden-heyelan-onlemi\/"},"modified":"2025-02-15T12:41:34","modified_gmt":"2025-02-15T09:41:34","slug":"buyuksehirden-heyelan-onlemi","status":"publish","type":"post","link":"http:\/\/denizcankizil.tr\/de\/haberler\/antalya\/buyuksehirden-heyelan-onlemi\/","title":{"rendered":"B\u00fcy\u00fck\u015fehir&#8217;den heyelan \u00f6nlemi"},"content":{"rendered":"<p>Manavgat il\u00e7esi Karavca ve Sara\u00e7l\u0131 Mahalleleri ula\u015f\u0131m\u0131n\u0131 sa\u011flayan grup yolunda Antalya B\u00fcy\u00fck\u015fehir Belediyesi K\u0131rsal Hizmetler Dairesi Ba\u015fkanl\u0131\u011f\u0131 ekipleri taraf\u0131ndan \u00e7al\u0131\u015fma ba\u015flat\u0131ld\u0131. Ekipler, ya\u011fmurlardan dolay\u0131 s\u0131k s\u0131k heyelan meydana geldi\u011fi i\u00e7in tek \u015feride d\u00fc\u015fen ya da kapanan yolu daha g\u00fcvenli hale getirmek i\u00e7in istinat duvar\u0131 yap\u0131yor.<\/p>\n<p>150 metre istinat duvar\u0131<br \/>\n\u00c7al\u0131\u015fma kapsam\u0131nda 15 metre y\u00fcksekli\u011finde ve 150 metre uzunlu\u011funda istinat duvar\u0131 yap\u0131l\u0131yor. Duvar yap\u0131m\u0131nda kullan\u0131lmak \u00fczere 250 kamyon ta\u015f \u00e7ekilirken, \u00e7al\u0131\u015fmalar\u0131n k\u0131sa s\u00fcrede tamamlanarak yol g\u00fcvenli bir \u015fekilde yeniden vatanda\u015flar\u0131n hizmetine sunulacak.<br \/>\nGrup yolunun baz\u0131 b\u00f6l\u00fcmlerinde bulunan k\u00f6pr\u00fclerde de geni\u015fletme \u00e7al\u0131\u015fmalar\u0131 tamamlanma a\u015famas\u0131na geldi.<\/p>\n<p>Mahalle mezarl\u0131\u011f\u0131 korunacak<br \/>\nK\u0131rsal Hizmetler Dairesi Ba\u015fkanl\u0131\u011f\u0131 Akseki ekipleri de il\u00e7e genelinde sorumlulu\u011funda olan t\u00fcm yollarda \u00e7al\u0131\u015fmalar\u0131na devam ederken acil m\u00fcdahale gerektiren b\u00f6lgelerde ise ivedilikle \u00f6nlem al\u0131yor. Bu kapsamda Akseki Sinanhoca Mahallesi\u2019nde heyelandan dolay\u0131 toprak kaymas\u0131 ya\u015fanan ve mahalle mezarl\u0131\u011f\u0131n\u0131n zarar g\u00f6rme riski oldu\u011fu yolda duvar \u00f6rme \u00e7al\u0131\u015fmas\u0131 yap\u0131l\u0131yor. \u00c7al\u0131\u015fma sonras\u0131nda trafikte aksakl\u0131klar ya\u015fanmamas\u0131 ve mezarlar\u0131n zarar g\u00f6rmesinin \u00f6nlenmesi planlan\u0131yor.<\/p>\n<p>Kaynak: www.kanalv.com.tr Haber Sitesinden Al\u0131nm\u0131\u015ft\u0131r.<\/p>","protected":false},"excerpt":{"rendered":"<p>Manavgat il\u00e7esi Karavca ve Sara\u00e7l\u0131 Mahalleleri ula\u015f\u0131m\u0131n\u0131 sa\u011flayan grup yolunda Antalya B\u00fcy\u00fck\u015fehir Belediyesi K\u0131rsal Hizmetler Dairesi Ba\u015fkanl\u0131\u011f\u0131 ekipleri taraf\u0131ndan \u00e7al\u0131\u015fma ba\u015flat\u0131ld\u0131. Ekipler, ya\u011fmurlardan dolay\u0131 s\u0131k s\u0131k heyelan meydana geldi\u011fi i\u00e7in tek \u015feride d\u00fc\u015fen ya da kapanan yolu daha g\u00fcvenli hale getirmek i\u00e7in istinat duvar\u0131 yap\u0131yor. 150 metre istinat duvar\u0131 \u00c7al\u0131\u015fma kapsam\u0131nda 15 metre y\u00fcksekli\u011finde ve 150 metre uzunlu\u011funda istinat duvar\u0131 yap\u0131l\u0131yor. Duvar yap\u0131m\u0131nda kullan\u0131lmak \u00fczere 250 kamyon ta\u015f \u00e7ekilirken, \u00e7al\u0131\u015fmalar\u0131n k\u0131sa s\u00fcrede tamamlanarak yol g\u00fcvenli bir \u015fekilde yeniden vatanda\u015flar\u0131n hizmetine sunulacak. Grup yolunun baz\u0131 b\u00f6l\u00fcmlerinde bulunan k\u00f6pr\u00fclerde de geni\u015fletme \u00e7al\u0131\u015fmalar\u0131 tamamlanma a\u015famas\u0131na geldi. Mahalle mezarl\u0131\u011f\u0131 korunacak K\u0131rsal Hizmetler Dairesi Ba\u015fkanl\u0131\u011f\u0131 Akseki ekipleri de il\u00e7e genelinde sorumlulu\u011funda olan t\u00fcm yollarda \u00e7al\u0131\u015fmalar\u0131na devam ederken acil m\u00fcdahale gerektiren b\u00f6lgelerde ise ivedilikle \u00f6nlem al\u0131yor. Bu kapsamda Akseki Sinanhoca Mahallesi\u2019nde heyelandan dolay\u0131 toprak kaymas\u0131 ya\u015fanan ve mahalle mezarl\u0131\u011f\u0131n\u0131n zarar g\u00f6rme riski oldu\u011fu yolda duvar \u00f6rme \u00e7al\u0131\u015fmas\u0131 yap\u0131l\u0131yor. \u00c7al\u0131\u015fma sonras\u0131nda trafikte aksakl\u0131klar ya\u015fanmamas\u0131 ve mezarlar\u0131n zarar g\u00f6rmesinin \u00f6nlenmesi planlan\u0131yor. Kaynak: www.kanalv.com.tr Haber Sitesinden Al\u0131nm\u0131\u015ft\u0131r.<\/p>","protected":false},"author":4,"featured_media":32895,"comment_status":"open","ping_status":"open","sticky":false,"template":"","format":"standard","meta":{"_acf_changed":false,"footnotes":""},"categories":[26],"tags":[],"class_list":["post-32894","post","type-post","status-publish","format-standard","has-post-thumbnail","hentry","category-antalya"],"acf":[],"yoast_head":"<!-- This site is optimized with the Yoast SEO Premium plugin v26.6 (Yoast SEO v27.1.1) - https:\/\/yoast.com\/product\/yoast-seo-premium-wordpress\/ -->\n<title>B\u00fcy\u00fck\u015fehir&#039;den heyelan \u00f6nlemi - Av. Deniz Can K\u0131z\u0131l<\/title>\n<meta name=\"robots\" content=\"index, follow, max-snippet:-1, max-image-preview:large, max-video-preview:-1\" \/>\n<link rel=\"canonical\" href=\"http:\/\/denizcankizil.tr\/de\/haberler\/antalya\/buyuksehirden-heyelan-onlemi\/\" \/>\n<meta property=\"og:locale\" content=\"de_DE\" \/>\n<meta property=\"og:type\" content=\"article\" \/>\n<meta property=\"og:title\" content=\"B\u00fcy\u00fck\u015fehir&#039;den heyelan \u00f6nlemi\" \/>\n<meta property=\"og:description\" content=\"Manavgat il\u00e7esi Karavca ve Sara\u00e7l\u0131 Mahalleleri ula\u015f\u0131m\u0131n\u0131 sa\u011flayan grup yolunda Antalya B\u00fcy\u00fck\u015fehir Belediyesi K\u0131rsal Hizmetler Dairesi Ba\u015fkanl\u0131\u011f\u0131 ekipleri taraf\u0131ndan \u00e7al\u0131\u015fma ba\u015flat\u0131ld\u0131. Ekipler, ya\u011fmurlardan dolay\u0131 s\u0131k s\u0131k heyelan meydana geldi\u011fi i\u00e7in tek \u015feride d\u00fc\u015fen ya da kapanan yolu daha g\u00fcvenli hale getirmek i\u00e7in istinat duvar\u0131 yap\u0131yor. 150 metre istinat duvar\u0131 \u00c7al\u0131\u015fma kapsam\u0131nda 15 metre y\u00fcksekli\u011finde ve 150 metre uzunlu\u011funda istinat duvar\u0131 yap\u0131l\u0131yor. Duvar yap\u0131m\u0131nda kullan\u0131lmak \u00fczere 250 kamyon ta\u015f \u00e7ekilirken, \u00e7al\u0131\u015fmalar\u0131n k\u0131sa s\u00fcrede tamamlanarak yol g\u00fcvenli bir \u015fekilde yeniden vatanda\u015flar\u0131n hizmetine sunulacak. Grup yolunun baz\u0131 b\u00f6l\u00fcmlerinde bulunan k\u00f6pr\u00fclerde de geni\u015fletme \u00e7al\u0131\u015fmalar\u0131 tamamlanma a\u015famas\u0131na geldi. Mahalle mezarl\u0131\u011f\u0131 korunacak K\u0131rsal Hizmetler Dairesi Ba\u015fkanl\u0131\u011f\u0131 Akseki ekipleri de il\u00e7e genelinde sorumlulu\u011funda olan t\u00fcm yollarda \u00e7al\u0131\u015fmalar\u0131na devam ederken acil m\u00fcdahale gerektiren b\u00f6lgelerde ise ivedilikle \u00f6nlem al\u0131yor. Bu kapsamda Akseki Sinanhoca Mahallesi\u2019nde heyelandan dolay\u0131 toprak kaymas\u0131 ya\u015fanan ve mahalle mezarl\u0131\u011f\u0131n\u0131n zarar g\u00f6rme riski oldu\u011fu yolda duvar \u00f6rme \u00e7al\u0131\u015fmas\u0131 yap\u0131l\u0131yor. \u00c7al\u0131\u015fma sonras\u0131nda trafikte aksakl\u0131klar ya\u015fanmamas\u0131 ve mezarlar\u0131n zarar g\u00f6rmesinin \u00f6nlenmesi planlan\u0131yor. Kaynak: www.kanalv.com.tr Haber Sitesinden Al\u0131nm\u0131\u015ft\u0131r.\" \/>\n<meta property=\"og:url\" content=\"http:\/\/denizcankizil.tr\/de\/haberler\/antalya\/buyuksehirden-heyelan-onlemi\/\" \/>\n<meta property=\"og:site_name\" content=\"Av. Deniz Can K\u0131z\u0131l\" \/>\n<meta property=\"article:published_time\" content=\"2025-02-15T09:41:34+00:00\" \/>\n<meta property=\"og:image\" content=\"http:\/\/denizcankizil.tr\/wp-content\/uploads\/2025\/02\/4676-01-9YOkkb.jpeg\" \/>\n\t<meta property=\"og:image:width\" content=\"1280\" \/>\n\t<meta property=\"og:image:height\" content=\"720\" \/>\n\t<meta property=\"og:image:type\" content=\"image\/jpeg\" \/>\n<meta name=\"author\" content=\"Av. Deniz Can K\u0131z\u0131l\" \/>\n<meta name=\"twitter:card\" content=\"summary_large_image\" \/>\n<meta name=\"twitter:label1\" content=\"Verfasst von\" \/>\n\t<meta name=\"twitter:data1\" content=\"Av. Deniz Can K\u0131z\u0131l\" \/>\n\t<meta name=\"twitter:label2\" content=\"Gesch\u00e4tzte Lesezeit\" \/>\n\t<meta name=\"twitter:data2\" content=\"1\u00a0Minute\" \/>\n<script type=\"application\/ld+json\" class=\"yoast-schema-graph\">{\"@context\":\"https:\/\/schema.org\",\"@graph\":[{\"@type\":\"Article\",\"@id\":\"http:\/\/denizcankizil.tr\/de\/haberler\/antalya\/buyuksehirden-heyelan-onlemi\/#article\",\"isPartOf\":{\"@id\":\"http:\/\/denizcankizil.tr\/de\/haberler\/antalya\/buyuksehirden-heyelan-onlemi\/\"},\"author\":{\"name\":\"Av. Deniz Can K\u0131z\u0131l\",\"@id\":\"https:\/\/denizcankizil.tr\/#\/schema\/person\/5dc1b22991bd7ac833867c10afc9b0ff\"},\"headline\":\"B\u00fcy\u00fck\u015fehir&#8217;den heyelan \u00f6nlemi\",\"datePublished\":\"2025-02-15T09:41:34+00:00\",\"mainEntityOfPage\":{\"@id\":\"http:\/\/denizcankizil.tr\/de\/haberler\/antalya\/buyuksehirden-heyelan-onlemi\/\"},\"wordCount\":241,\"commentCount\":0,\"publisher\":{\"@id\":\"https:\/\/denizcankizil.tr\/#organization\"},\"image\":{\"@id\":\"http:\/\/denizcankizil.tr\/de\/haberler\/antalya\/buyuksehirden-heyelan-onlemi\/#primaryimage\"},\"thumbnailUrl\":\"http:\/\/denizcankizil.tr\/wp-content\/uploads\/2025\/02\/4676-01-9YOkkb.jpeg\",\"articleSection\":[\"Antalya\"],\"inLanguage\":\"de\",\"potentialAction\":[{\"@type\":\"CommentAction\",\"name\":\"Comment\",\"target\":[\"http:\/\/denizcankizil.tr\/de\/haberler\/antalya\/buyuksehirden-heyelan-onlemi\/#respond\"]}]},{\"@type\":\"WebPage\",\"@id\":\"http:\/\/denizcankizil.tr\/de\/haberler\/antalya\/buyuksehirden-heyelan-onlemi\/\",\"url\":\"http:\/\/denizcankizil.tr\/de\/haberler\/antalya\/buyuksehirden-heyelan-onlemi\/\",\"name\":\"B\u00fcy\u00fck\u015fehir'den heyelan \u00f6nlemi - Av. Deniz Can K\u0131z\u0131l\",\"isPartOf\":{\"@id\":\"https:\/\/denizcankizil.tr\/#website\"},\"primaryImageOfPage\":{\"@id\":\"http:\/\/denizcankizil.tr\/de\/haberler\/antalya\/buyuksehirden-heyelan-onlemi\/#primaryimage\"},\"image\":{\"@id\":\"http:\/\/denizcankizil.tr\/de\/haberler\/antalya\/buyuksehirden-heyelan-onlemi\/#primaryimage\"},\"thumbnailUrl\":\"http:\/\/denizcankizil.tr\/wp-content\/uploads\/2025\/02\/4676-01-9YOkkb.jpeg\",\"datePublished\":\"2025-02-15T09:41:34+00:00\",\"breadcrumb\":{\"@id\":\"http:\/\/denizcankizil.tr\/de\/haberler\/antalya\/buyuksehirden-heyelan-onlemi\/#breadcrumb\"},\"inLanguage\":\"de\",\"potentialAction\":[{\"@type\":\"ReadAction\",\"target\":[\"http:\/\/denizcankizil.tr\/de\/haberler\/antalya\/buyuksehirden-heyelan-onlemi\/\"]}]},{\"@type\":\"ImageObject\",\"inLanguage\":\"de\",\"@id\":\"http:\/\/denizcankizil.tr\/de\/haberler\/antalya\/buyuksehirden-heyelan-onlemi\/#primaryimage\",\"url\":\"http:\/\/denizcankizil.tr\/wp-content\/uploads\/2025\/02\/4676-01-9YOkkb.jpeg\",\"contentUrl\":\"http:\/\/denizcankizil.tr\/wp-content\/uploads\/2025\/02\/4676-01-9YOkkb.jpeg\",\"width\":1280,\"height\":720},{\"@type\":\"BreadcrumbList\",\"@id\":\"http:\/\/denizcankizil.tr\/de\/haberler\/antalya\/buyuksehirden-heyelan-onlemi\/#breadcrumb\",\"itemListElement\":[{\"@type\":\"ListItem\",\"position\":1,\"name\":\"Home\",\"item\":\"https:\/\/denizcankizil.tr\/de\/\"},{\"@type\":\"ListItem\",\"position\":2,\"name\":\"B\u00fcy\u00fck\u015fehir&#8217;den heyelan \u00f6nlemi\"}]},{\"@type\":\"WebSite\",\"@id\":\"https:\/\/denizcankizil.tr\/#website\",\"url\":\"https:\/\/denizcankizil.tr\/\",\"name\":\"Av. Deniz Can K\u0131z\u0131l\",\"description\":\"Avukat Deniz Can K\u0131z\u0131l Antalya Barosu\",\"publisher\":{\"@id\":\"https:\/\/denizcankizil.tr\/#organization\"},\"potentialAction\":[{\"@type\":\"SearchAction\",\"target\":{\"@type\":\"EntryPoint\",\"urlTemplate\":\"https:\/\/denizcankizil.tr\/?s={search_term_string}\"},\"query-input\":{\"@type\":\"PropertyValueSpecification\",\"valueRequired\":true,\"valueName\":\"search_term_string\"}}],\"inLanguage\":\"de\"},{\"@type\":\"Organization\",\"@id\":\"https:\/\/denizcankizil.tr\/#organization\",\"name\":\"Av. Deniz Can K\u0131z\u0131l\",\"url\":\"https:\/\/denizcankizil.tr\/\",\"logo\":{\"@type\":\"ImageObject\",\"inLanguage\":\"de\",\"@id\":\"https:\/\/denizcankizil.tr\/#\/schema\/logo\/image\/\",\"url\":\"http:\/\/denizcankizil.tr\/wp-content\/uploads\/2024\/10\/siyah-logo-svg.svg\",\"contentUrl\":\"http:\/\/denizcankizil.tr\/wp-content\/uploads\/2024\/10\/siyah-logo-svg.svg\",\"width\":1080,\"height\":1080,\"caption\":\"Av. Deniz Can K\u0131z\u0131l\"},\"image\":{\"@id\":\"https:\/\/denizcankizil.tr\/#\/schema\/logo\/image\/\"}},{\"@type\":\"Person\",\"@id\":\"https:\/\/denizcankizil.tr\/#\/schema\/person\/5dc1b22991bd7ac833867c10afc9b0ff\",\"name\":\"Av. Deniz Can K\u0131z\u0131l\",\"image\":{\"@type\":\"ImageObject\",\"inLanguage\":\"de\",\"@id\":\"https:\/\/denizcankizil.tr\/#\/schema\/person\/image\/\",\"url\":\"https:\/\/secure.gravatar.com\/avatar\/a0b128fb9855c79efc976d5640eedb31dc35ec297594d6016d2cf7c60e975bb6?s=96&d=mm&r=g\",\"contentUrl\":\"https:\/\/secure.gravatar.com\/avatar\/a0b128fb9855c79efc976d5640eedb31dc35ec297594d6016d2cf7c60e975bb6?s=96&d=mm&r=g\",\"caption\":\"Av. Deniz Can K\u0131z\u0131l\"},\"sameAs\":[\"http:\/\/www.denizcankizil.tr\"],\"url\":\"http:\/\/denizcankizil.tr\/de\/author\/denizcankizil\/\"}]}<\/script>\n<!-- \/ Yoast SEO Premium plugin. -->","yoast_head_json":{"title":"B\u00fcy\u00fck\u015fehir'den heyelan \u00f6nlemi - Av. Deniz Can K\u0131z\u0131l","robots":{"index":"index","follow":"follow","max-snippet":"max-snippet:-1","max-image-preview":"max-image-preview:large","max-video-preview":"max-video-preview:-1"},"canonical":"http:\/\/denizcankizil.tr\/de\/haberler\/antalya\/buyuksehirden-heyelan-onlemi\/","og_locale":"de_DE","og_type":"article","og_title":"B\u00fcy\u00fck\u015fehir'den heyelan \u00f6nlemi","og_description":"Manavgat il\u00e7esi Karavca ve Sara\u00e7l\u0131 Mahalleleri ula\u015f\u0131m\u0131n\u0131 sa\u011flayan grup yolunda Antalya B\u00fcy\u00fck\u015fehir Belediyesi K\u0131rsal Hizmetler Dairesi Ba\u015fkanl\u0131\u011f\u0131 ekipleri taraf\u0131ndan \u00e7al\u0131\u015fma ba\u015flat\u0131ld\u0131. Ekipler, ya\u011fmurlardan dolay\u0131 s\u0131k s\u0131k heyelan meydana geldi\u011fi i\u00e7in tek \u015feride d\u00fc\u015fen ya da kapanan yolu daha g\u00fcvenli hale getirmek i\u00e7in istinat duvar\u0131 yap\u0131yor. 150 metre istinat duvar\u0131 \u00c7al\u0131\u015fma kapsam\u0131nda 15 metre y\u00fcksekli\u011finde ve 150 metre uzunlu\u011funda istinat duvar\u0131 yap\u0131l\u0131yor. Duvar yap\u0131m\u0131nda kullan\u0131lmak \u00fczere 250 kamyon ta\u015f \u00e7ekilirken, \u00e7al\u0131\u015fmalar\u0131n k\u0131sa s\u00fcrede tamamlanarak yol g\u00fcvenli bir \u015fekilde yeniden vatanda\u015flar\u0131n hizmetine sunulacak. Grup yolunun baz\u0131 b\u00f6l\u00fcmlerinde bulunan k\u00f6pr\u00fclerde de geni\u015fletme \u00e7al\u0131\u015fmalar\u0131 tamamlanma a\u015famas\u0131na geldi. Mahalle mezarl\u0131\u011f\u0131 korunacak K\u0131rsal Hizmetler Dairesi Ba\u015fkanl\u0131\u011f\u0131 Akseki ekipleri de il\u00e7e genelinde sorumlulu\u011funda olan t\u00fcm yollarda \u00e7al\u0131\u015fmalar\u0131na devam ederken acil m\u00fcdahale gerektiren b\u00f6lgelerde ise ivedilikle \u00f6nlem al\u0131yor. Bu kapsamda Akseki Sinanhoca Mahallesi\u2019nde heyelandan dolay\u0131 toprak kaymas\u0131 ya\u015fanan ve mahalle mezarl\u0131\u011f\u0131n\u0131n zarar g\u00f6rme riski oldu\u011fu yolda duvar \u00f6rme \u00e7al\u0131\u015fmas\u0131 yap\u0131l\u0131yor. \u00c7al\u0131\u015fma sonras\u0131nda trafikte aksakl\u0131klar ya\u015fanmamas\u0131 ve mezarlar\u0131n zarar g\u00f6rmesinin \u00f6nlenmesi planlan\u0131yor. Kaynak: www.kanalv.com.tr Haber Sitesinden Al\u0131nm\u0131\u015ft\u0131r.","og_url":"http:\/\/denizcankizil.tr\/de\/haberler\/antalya\/buyuksehirden-heyelan-onlemi\/","og_site_name":"Av. Deniz Can K\u0131z\u0131l","article_published_time":"2025-02-15T09:41:34+00:00","og_image":[{"width":1280,"height":720,"url":"http:\/\/denizcankizil.tr\/wp-content\/uploads\/2025\/02\/4676-01-9YOkkb.jpeg","type":"image\/jpeg"}],"author":"Av. Deniz Can K\u0131z\u0131l","twitter_card":"summary_large_image","twitter_misc":{"Verfasst von":"Av. Deniz Can K\u0131z\u0131l","Gesch\u00e4tzte Lesezeit":"1\u00a0Minute"},"schema":{"@context":"https:\/\/schema.org","@graph":[{"@type":"Article","@id":"http:\/\/denizcankizil.tr\/de\/haberler\/antalya\/buyuksehirden-heyelan-onlemi\/#article","isPartOf":{"@id":"http:\/\/denizcankizil.tr\/de\/haberler\/antalya\/buyuksehirden-heyelan-onlemi\/"},"author":{"name":"Av. Deniz Can K\u0131z\u0131l","@id":"https:\/\/denizcankizil.tr\/#\/schema\/person\/5dc1b22991bd7ac833867c10afc9b0ff"},"headline":"B\u00fcy\u00fck\u015fehir&#8217;den heyelan \u00f6nlemi","datePublished":"2025-02-15T09:41:34+00:00","mainEntityOfPage":{"@id":"http:\/\/denizcankizil.tr\/de\/haberler\/antalya\/buyuksehirden-heyelan-onlemi\/"},"wordCount":241,"commentCount":0,"publisher":{"@id":"https:\/\/denizcankizil.tr\/#organization"},"image":{"@id":"http:\/\/denizcankizil.tr\/de\/haberler\/antalya\/buyuksehirden-heyelan-onlemi\/#primaryimage"},"thumbnailUrl":"http:\/\/denizcankizil.tr\/wp-content\/uploads\/2025\/02\/4676-01-9YOkkb.jpeg","articleSection":["Antalya"],"inLanguage":"de","potentialAction":[{"@type":"CommentAction","name":"Comment","target":["http:\/\/denizcankizil.tr\/de\/haberler\/antalya\/buyuksehirden-heyelan-onlemi\/#respond"]}]},{"@type":"WebPage","@id":"http:\/\/denizcankizil.tr\/de\/haberler\/antalya\/buyuksehirden-heyelan-onlemi\/","url":"http:\/\/denizcankizil.tr\/de\/haberler\/antalya\/buyuksehirden-heyelan-onlemi\/","name":"B\u00fcy\u00fck\u015fehir'den heyelan \u00f6nlemi - Av. Deniz Can K\u0131z\u0131l","isPartOf":{"@id":"https:\/\/denizcankizil.tr\/#website"},"primaryImageOfPage":{"@id":"http:\/\/denizcankizil.tr\/de\/haberler\/antalya\/buyuksehirden-heyelan-onlemi\/#primaryimage"},"image":{"@id":"http:\/\/denizcankizil.tr\/de\/haberler\/antalya\/buyuksehirden-heyelan-onlemi\/#primaryimage"},"thumbnailUrl":"http:\/\/denizcankizil.tr\/wp-content\/uploads\/2025\/02\/4676-01-9YOkkb.jpeg","datePublished":"2025-02-15T09:41:34+00:00","breadcrumb":{"@id":"http:\/\/denizcankizil.tr\/de\/haberler\/antalya\/buyuksehirden-heyelan-onlemi\/#breadcrumb"},"inLanguage":"de","potentialAction":[{"@type":"ReadAction","target":["http:\/\/denizcankizil.tr\/de\/haberler\/antalya\/buyuksehirden-heyelan-onlemi\/"]}]},{"@type":"ImageObject","inLanguage":"de","@id":"http:\/\/denizcankizil.tr\/de\/haberler\/antalya\/buyuksehirden-heyelan-onlemi\/#primaryimage","url":"http:\/\/denizcankizil.tr\/wp-content\/uploads\/2025\/02\/4676-01-9YOkkb.jpeg","contentUrl":"http:\/\/denizcankizil.tr\/wp-content\/uploads\/2025\/02\/4676-01-9YOkkb.jpeg","width":1280,"height":720},{"@type":"BreadcrumbList","@id":"http:\/\/denizcankizil.tr\/de\/haberler\/antalya\/buyuksehirden-heyelan-onlemi\/#breadcrumb","itemListElement":[{"@type":"ListItem","position":1,"name":"Home","item":"https:\/\/denizcankizil.tr\/de\/"},{"@type":"ListItem","position":2,"name":"B\u00fcy\u00fck\u015fehir&#8217;den heyelan \u00f6nlemi"}]},{"@type":"WebSite","@id":"https:\/\/denizcankizil.tr\/#website","url":"https:\/\/denizcankizil.tr\/","name":"Av. Deniz Can K\u0131z\u0131l","description":"Avukat Deniz Can K\u0131z\u0131l Antalya Barosu","publisher":{"@id":"https:\/\/denizcankizil.tr\/#organization"},"potentialAction":[{"@type":"SearchAction","target":{"@type":"EntryPoint","urlTemplate":"https:\/\/denizcankizil.tr\/?s={search_term_string}"},"query-input":{"@type":"PropertyValueSpecification","valueRequired":true,"valueName":"search_term_string"}}],"inLanguage":"de"},{"@type":"Organization","@id":"https:\/\/denizcankizil.tr\/#organization","name":"Av. Deniz Can K\u0131z\u0131l","url":"https:\/\/denizcankizil.tr\/","logo":{"@type":"ImageObject","inLanguage":"de","@id":"https:\/\/denizcankizil.tr\/#\/schema\/logo\/image\/","url":"http:\/\/denizcankizil.tr\/wp-content\/uploads\/2024\/10\/siyah-logo-svg.svg","contentUrl":"http:\/\/denizcankizil.tr\/wp-content\/uploads\/2024\/10\/siyah-logo-svg.svg","width":1080,"height":1080,"caption":"Av. Deniz Can K\u0131z\u0131l"},"image":{"@id":"https:\/\/denizcankizil.tr\/#\/schema\/logo\/image\/"}},{"@type":"Person","@id":"https:\/\/denizcankizil.tr\/#\/schema\/person\/5dc1b22991bd7ac833867c10afc9b0ff","name":"Av. Deniz Can K\u0131z\u0131l","image":{"@type":"ImageObject","inLanguage":"de","@id":"https:\/\/denizcankizil.tr\/#\/schema\/person\/image\/","url":"https:\/\/secure.gravatar.com\/avatar\/a0b128fb9855c79efc976d5640eedb31dc35ec297594d6016d2cf7c60e975bb6?s=96&d=mm&r=g","contentUrl":"https:\/\/secure.gravatar.com\/avatar\/a0b128fb9855c79efc976d5640eedb31dc35ec297594d6016d2cf7c60e975bb6?s=96&d=mm&r=g","caption":"Av. Deniz Can K\u0131z\u0131l"},"sameAs":["http:\/\/www.denizcankizil.tr"],"url":"http:\/\/denizcankizil.tr\/de\/author\/denizcankizil\/"}]}},"_links":{"self":[{"href":"http:\/\/denizcankizil.tr\/de\/wp-json\/wp\/v2\/posts\/32894","targetHints":{"allow":["GET"]}}],"collection":[{"href":"http:\/\/denizcankizil.tr\/de\/wp-json\/wp\/v2\/posts"}],"about":[{"href":"http:\/\/denizcankizil.tr\/de\/wp-json\/wp\/v2\/types\/post"}],"author":[{"embeddable":true,"href":"http:\/\/denizcankizil.tr\/de\/wp-json\/wp\/v2\/users\/4"}],"replies":[{"embeddable":true,"href":"http:\/\/denizcankizil.tr\/de\/wp-json\/wp\/v2\/comments?post=32894"}],"version-history":[{"count":0,"href":"http:\/\/denizcankizil.tr\/de\/wp-json\/wp\/v2\/posts\/32894\/revisions"}],"wp:featuredmedia":[{"embeddable":true,"href":"http:\/\/denizcankizil.tr\/de\/wp-json\/wp\/v2\/media\/32895"}],"wp:attachment":[{"href":"http:\/\/denizcankizil.tr\/de\/wp-json\/wp\/v2\/media?parent=32894"}],"wp:term":[{"taxonomy":"category","embeddable":true,"href":"http:\/\/denizcankizil.tr\/de\/wp-json\/wp\/v2\/categories?post=32894"},{"taxonomy":"post_tag","embeddable":true,"href":"http:\/\/denizcankizil.tr\/de\/wp-json\/wp\/v2\/tags?post=32894"}],"curies":[{"name":"wp","href":"https:\/\/api.w.org\/{rel}","templated":true}]}}