{"id":32736,"date":"2025-02-14T15:41:47","date_gmt":"2025-02-14T12:41:47","guid":{"rendered":"https:\/\/denizcankizil.tr\/uncategorized-tr\/30-ulkeye-75-milyon-dal-cicek-10-milyon-dolar-gelir\/"},"modified":"2025-02-14T15:41:47","modified_gmt":"2025-02-14T12:41:47","slug":"30-ulkeye-75-milyon-dal-cicek-10-milyon-dolar-gelir","status":"publish","type":"post","link":"http:\/\/denizcankizil.tr\/de\/haberler\/antalya\/30-ulkeye-75-milyon-dal-cicek-10-milyon-dolar-gelir\/","title":{"rendered":"30 \u00fclkeye 75 milyon dal \u00e7i\u00e7ek, 10 milyon dolar gelir"},"content":{"rendered":"<p>ATB ve Antalya Tar\u0131m Konseyi (ATAK) i\u015f birli\u011fiyle d\u00fczenlenen Tar\u0131m G\u00fcndem Program\u0131&#8217;na, Antalya Ticaret Borsas\u0131 Meclis \u00dcyesi Sel\u00e7uk \u00c7elebi ve \u00c7i\u00e7ek\u00e7iler Birli\u011fi D\u0131\u015f Ticaret Anonim \u015eirketi Y\u00f6netim Kurulu Ba\u015fkan\u0131 L\u00fctfi G\u00f6b\u00fc\u015f konuk oldu. 14 \u015eubat Sevgililer G\u00fcn\u00fc&#8217;nde ger\u00e7ekle\u015fen ve ATB Bas\u0131n Dan\u0131\u015fman\u0131 Vahide Yan\u0131k&#8217;\u0131n moderat\u00f6rl\u00fc\u011f\u00fcn\u00fc \u00fcstlendi\u011fi programda, \u00e7i\u00e7ek \u00fcretimi, ihracat ve s\u00fcs bitkileri sekt\u00f6r\u00fcn\u00fcn kar\u015f\u0131la\u015ft\u0131\u011f\u0131 zorluklar ele al\u0131nd\u0131.<\/p>\n<p>30 \u00fclkeye 75 milyon dal \u00e7i\u00e7ek<br \/>\nKesme \u00e7i\u00e7ek sekt\u00f6r\u00fc a\u00e7\u0131s\u0131ndan \u00f6nemli bir d\u00f6nem olan 14 \u015eubat Sevgililer G\u00fcn\u00fc&#8217;nde, T\u00fcrkiye&#8217;den 30 \u00fclkeye 75 milyon dal \u00e7i\u00e7ek ihra\u00e7 edildi\u011fini belirten Sel\u00e7uk \u00c7elebi, bu ihracattan 10 milyon dolar gelir elde edildi\u011fini a\u00e7\u0131klad\u0131. Avrupa&#8217;da da al\u0131m g\u00fcc\u00fcn\u00fcn d\u00fc\u015ft\u00fc\u011f\u00fcne dikkat \u00e7eken \u00c7elebi, en \u00e7ok k\u0131rm\u0131z\u0131 karanfilin talep g\u00f6rd\u00fc\u011f\u00fcn\u00fc, T\u00fcrkiye&#8217;de g\u00fcl \u00fcretiminin s\u0131n\u0131rl\u0131 olmas\u0131 nedeniyle Kenya ve Kolombiya gibi \u00fclkelerden ithalat yap\u0131ld\u0131\u011f\u0131n\u0131 belirtti.<\/p>\n<p>\u00dcretim maliyetleri y\u00fczde 100 artt\u0131<br \/>\nATB Meclis \u00dcyesi Sel\u00e7uk \u00c7elebi, \u00e7i\u00e7ek \u00fcretim maliyetlerinin b\u00fcy\u00fck oranda artmas\u0131na ra\u011fmen d\u00f6viz kurunun s\u0131n\u0131rl\u0131 y\u00fckselmesinin sekt\u00f6r\u00fc zorlad\u0131\u011f\u0131n\u0131 vurgulad\u0131. \u00c7elebi, &#8220;Avro y\u0131ll\u0131k art\u0131\u015f 11.5 civar\u0131nda artarken, bizim \u00fcretim maliyetleri y\u00fczde 100&#8217;\u00fc ge\u00e7ti. Bu da ithalat\u0131 ucuz hale getiriyor, bizim \u00fcr\u00fcnlerimizi pahal\u0131 hale getiriyor&#8221; dedi.<\/p>\n<p>Arazi ve i\u015f\u00e7ilik s\u0131k\u0131nt\u0131s\u0131 \u00e7\u00f6z\u00fcm bekliyor<br \/>\n\u00c7i\u00e7ek \u00fcretiminde en b\u00fcy\u00fck sorunun arazi temini oldu\u011funa dikkat \u00e7eken Sel\u00e7uk \u00c7elebi, kiralanan arazilerde ya\u015fanan fahi\u015f fiyat art\u0131\u015flar\u0131n\u0131n \u00fcreticiyi zorlad\u0131\u011f\u0131n\u0131 belirtti. Antalya Kepez il\u00e7esinde artan betonla\u015fman\u0131n tar\u0131m\u0131 olumsuz etkiledi\u011fini ifade eden \u00c7elebi, ka\u00e7ak yap\u0131la\u015fma nedeniyle seralar\u0131n su bask\u0131nlar\u0131na maruz kald\u0131\u011f\u0131n\u0131 s\u00f6yledi. \u0130\u015f\u00e7i temini konusunda da s\u0131k\u0131nt\u0131lar ya\u015fand\u0131\u011f\u0131n\u0131 aktaran \u00c7elebi, devletin sa\u011flad\u0131\u011f\u0131 sosyal yard\u0131mlar\u0131n baz\u0131 kesimlerin i\u015f g\u00fcc\u00fcne kat\u0131l\u0131m\u0131n\u0131 azaltt\u0131\u011f\u0131n\u0131 dile getirdi.<\/p>\n<p>Antalya, \u00e7i\u00e7ek \u00fcretiminin y\u00fczde 90&#8217;\u0131n\u0131 ihra\u00e7 ediyor<br \/>\n\u00c7i\u00e7ek\u00e7iler Birli\u011fi D\u0131\u015f Ticaret Anonim \u015eirketi Y\u00f6netim Kurulu Ba\u015fkan\u0131 L\u00fctfi G\u00f6b\u00fc\u015f, Antalya&#8217;n\u0131n \u00e7i\u00e7ek \u00fcretiminde ihracat odakl\u0131 bir b\u00f6lge haline geldi\u011fini belirtti. Antalya&#8217;da \u00fcretilen \u00e7i\u00e7eklerin y\u00fczde 90&#8217;\u0131n\u0131n ihra\u00e7 edildi\u011fini ifade eden G\u00f6b\u00fc\u015f, hedef pazarlara yak\u0131n bir konumda olmalar\u0131na ra\u011fmen tar\u0131m alanlar\u0131n\u0131n ranta yenik d\u00fc\u015fmesi nedeniyle \u00fcretimin risk alt\u0131nda oldu\u011funu vurgulad\u0131.<\/p>\n<p>Organize tar\u0131m b\u00f6lgeleri \u00e7\u00f6z\u00fcm olabilir<br \/>\n\u00c7i\u00e7ek\u00e7ilik sekt\u00f6r\u00fcn\u00fcn s\u00fcrd\u00fcr\u00fclebilirli\u011fi i\u00e7in Antalya&#8217;da organize tar\u0131m b\u00f6lgeleri kurulmas\u0131 gerekti\u011fini belirten L\u00fctfi G\u00f6b\u00fc\u015f, Antalya Ticaret Borsas\u0131&#8217;n\u0131n bu konuda ciddi \u00e7al\u0131\u015fmalar y\u00fcr\u00fctt\u00fc\u011f\u00fcn\u00fc s\u00f6yledi. Daha modern seralarla \u00fcretim verimlili\u011finin art\u0131r\u0131lmas\u0131 gerekti\u011fini dile getiren G\u00f6b\u00fc\u015f, b\u00f6ylece Avrupa pazar\u0131nda rekabet g\u00fcc\u00fcn\u00fcn korunabilece\u011fini ifade etti.<\/p>\n<p>&#8220;Hava ta\u015f\u0131mac\u0131l\u0131\u011f\u0131 pahal\u0131, lojistikte destek gerekli&#8221;<br \/>\nKenya ve Kolombiya gibi uzak rakiplerine k\u0131yasla T\u00fcrkiye&#8217;nin lojistik avantaj\u0131 oldu\u011funu s\u00f6yleyen L\u00fctfi G\u00f6b\u00fc\u015f, ancak hava ta\u015f\u0131mac\u0131l\u0131\u011f\u0131n\u0131n maliyetinin y\u00fcksek oldu\u011funu belirtti. G\u00f6b\u00fc\u015f, &#8220;Kenya, Kolombiya gibi rakiplerimize g\u00f6re pazara yak\u0131n\u0131z, lojistik avantaj\u0131m\u0131z var. Ama u\u00e7ak ta\u015f\u0131mac\u0131l\u0131\u011f\u0131nda \u00e7ok pahal\u0131y\u0131z. Uzak pazarlardaki rakiplerimize g\u00f6re u\u00e7a\u011fa daha fazla para \u00f6deyerek \u00fcr\u00fcn\u00fcm\u00fcz\u00fc hedef pazara g\u00f6nderebiliyoruz. Bu sorun \u00e7\u00f6z\u00fclmeli&#8221; dedi.<\/p>\n<p>&#8220;Sevdiklerinize \u00e7i\u00e7ek al\u0131n&#8221;<br \/>\n\u00c7i\u00e7ek t\u00fcketiminin T\u00fcrkiye&#8217;de hala d\u00fc\u015f\u00fck seviyelerde oldu\u011funu belirten L\u00fctfi G\u00f6b\u00fc\u015f, &#8220;T\u00fcrkiye&#8217;de ki\u015fi ba\u015f\u0131na \u00e7i\u00e7ek t\u00fcketimi 3 avroya \u00e7\u0131kt\u0131 ama bu yeterli de\u011fil. \u0130svi\u00e7re&#8217;de bu rakam 200 avro civar\u0131nda. Sevdiklerinize \u00e7i\u00e7ek al\u0131n&#8221; \u00e7a\u011fr\u0131s\u0131nda bulundu.<\/p>\n<p>\u00c7i\u00e7ek\u00e7iler Birli\u011fi, ihracat \u015fampiyonu<br \/>\n\u00c7i\u00e7ek\u00e7iler Birli\u011fi D\u0131\u015f Ticaret Anonim \u015eirketi \u00e7at\u0131s\u0131 alt\u0131nda \u00e7i\u00e7ek\u00e7ilerin ortak hareket etti\u011fini s\u00f6yleyen L\u00fctfi G\u00f6b\u00fc\u015f, &#8220;Firmalar ba\u011f\u0131ms\u0131z \u00fcretiyor ancak ihracat i\u015flemlerini ortak yap\u0131yoruz. Birlikten g\u00fc\u00e7 do\u011far mant\u0131\u011f\u0131yla sinerji sa\u011fl\u0131yoruz. O sinerji ile d\u0131\u015f pazarlarda daha iyi konumday\u0131z. Her firman\u0131n haz\u0131rlad\u0131\u011f\u0131 \u00fcr\u00fcnleri belirli standartlarda hedef pazarlara ula\u015ft\u0131r\u0131yoruz. Y\u00fcksek miktarda talepleri kar\u015f\u0131layabiliyoruz. Her hafta taze, vazo \u00f6mr\u00fcn\u00fc kaybetmemi\u015f \u00fcr\u00fcnleri ihra\u00e7 edebiliyoruz. S\u00fcs bitkileri sekt\u00f6r\u00fcn\u00fcn ihracat \u015fampiyonuyuz. 2025 y\u0131l\u0131nda da \u015fampiyon olaca\u011f\u0131z&#8221; diye konu\u015ftu.<\/p>\n<p>Kaynak: www.kanalv.com.tr Haber Sitesinden Al\u0131nm\u0131\u015ft\u0131r.<\/p>","protected":false},"excerpt":{"rendered":"<p>ATB ve Antalya Tar\u0131m Konseyi (ATAK) i\u015f birli\u011fiyle d\u00fczenlenen Tar\u0131m G\u00fcndem Program\u0131&#8217;na, Antalya Ticaret Borsas\u0131 Meclis \u00dcyesi Sel\u00e7uk \u00c7elebi ve \u00c7i\u00e7ek\u00e7iler Birli\u011fi D\u0131\u015f Ticaret Anonim \u015eirketi Y\u00f6netim Kurulu Ba\u015fkan\u0131 L\u00fctfi G\u00f6b\u00fc\u015f konuk oldu. 14 \u015eubat Sevgililer G\u00fcn\u00fc&#8217;nde ger\u00e7ekle\u015fen ve ATB Bas\u0131n Dan\u0131\u015fman\u0131 Vahide Yan\u0131k&#8217;\u0131n moderat\u00f6rl\u00fc\u011f\u00fcn\u00fc \u00fcstlendi\u011fi programda, \u00e7i\u00e7ek \u00fcretimi, ihracat ve s\u00fcs bitkileri sekt\u00f6r\u00fcn\u00fcn kar\u015f\u0131la\u015ft\u0131\u011f\u0131 zorluklar ele al\u0131nd\u0131. 30 \u00fclkeye 75 milyon dal \u00e7i\u00e7ek Kesme \u00e7i\u00e7ek sekt\u00f6r\u00fc a\u00e7\u0131s\u0131ndan \u00f6nemli bir d\u00f6nem olan 14 \u015eubat Sevgililer G\u00fcn\u00fc&#8217;nde, T\u00fcrkiye&#8217;den 30 \u00fclkeye 75 milyon dal \u00e7i\u00e7ek ihra\u00e7 edildi\u011fini belirten Sel\u00e7uk \u00c7elebi, bu ihracattan 10 milyon dolar gelir elde edildi\u011fini a\u00e7\u0131klad\u0131. Avrupa&#8217;da da al\u0131m g\u00fcc\u00fcn\u00fcn d\u00fc\u015ft\u00fc\u011f\u00fcne dikkat \u00e7eken \u00c7elebi, en \u00e7ok k\u0131rm\u0131z\u0131 karanfilin talep g\u00f6rd\u00fc\u011f\u00fcn\u00fc, T\u00fcrkiye&#8217;de g\u00fcl \u00fcretiminin s\u0131n\u0131rl\u0131 olmas\u0131 nedeniyle Kenya ve Kolombiya gibi \u00fclkelerden ithalat yap\u0131ld\u0131\u011f\u0131n\u0131 belirtti. \u00dcretim maliyetleri y\u00fczde 100 artt\u0131 ATB Meclis \u00dcyesi Sel\u00e7uk \u00c7elebi, \u00e7i\u00e7ek \u00fcretim maliyetlerinin b\u00fcy\u00fck oranda artmas\u0131na ra\u011fmen d\u00f6viz kurunun s\u0131n\u0131rl\u0131 y\u00fckselmesinin sekt\u00f6r\u00fc zorlad\u0131\u011f\u0131n\u0131 vurgulad\u0131. \u00c7elebi, &#8220;Avro y\u0131ll\u0131k art\u0131\u015f 11.5 civar\u0131nda artarken, bizim \u00fcretim maliyetleri y\u00fczde 100&#8217;\u00fc ge\u00e7ti. Bu da ithalat\u0131 ucuz hale getiriyor, bizim \u00fcr\u00fcnlerimizi pahal\u0131 hale getiriyor&#8221; dedi. Arazi ve i\u015f\u00e7ilik s\u0131k\u0131nt\u0131s\u0131 \u00e7\u00f6z\u00fcm bekliyor \u00c7i\u00e7ek \u00fcretiminde en b\u00fcy\u00fck sorunun arazi temini oldu\u011funa dikkat \u00e7eken Sel\u00e7uk \u00c7elebi, kiralanan arazilerde ya\u015fanan fahi\u015f fiyat art\u0131\u015flar\u0131n\u0131n \u00fcreticiyi zorlad\u0131\u011f\u0131n\u0131 &hellip;<\/p>","protected":false},"author":4,"featured_media":32737,"comment_status":"open","ping_status":"open","sticky":false,"template":"","format":"standard","meta":{"_acf_changed":false,"footnotes":""},"categories":[26],"tags":[],"class_list":["post-32736","post","type-post","status-publish","format-standard","has-post-thumbnail","hentry","category-antalya"],"acf":[],"yoast_head":"<!-- This site is optimized with the Yoast SEO Premium plugin v26.6 (Yoast SEO v27.1.1) - https:\/\/yoast.com\/product\/yoast-seo-premium-wordpress\/ -->\n<title>30 \u00fclkeye 75 milyon dal \u00e7i\u00e7ek, 10 milyon dolar gelir - Av. Deniz Can K\u0131z\u0131l<\/title>\n<meta name=\"robots\" content=\"index, follow, max-snippet:-1, max-image-preview:large, max-video-preview:-1\" \/>\n<link rel=\"canonical\" href=\"http:\/\/denizcankizil.tr\/de\/haberler\/antalya\/30-ulkeye-75-milyon-dal-cicek-10-milyon-dolar-gelir\/\" \/>\n<meta property=\"og:locale\" content=\"de_DE\" \/>\n<meta property=\"og:type\" content=\"article\" \/>\n<meta property=\"og:title\" content=\"30 \u00fclkeye 75 milyon dal \u00e7i\u00e7ek, 10 milyon dolar gelir\" \/>\n<meta property=\"og:description\" content=\"ATB ve Antalya Tar\u0131m Konseyi (ATAK) i\u015f birli\u011fiyle d\u00fczenlenen Tar\u0131m G\u00fcndem Program\u0131&#8217;na, Antalya Ticaret Borsas\u0131 Meclis \u00dcyesi Sel\u00e7uk \u00c7elebi ve \u00c7i\u00e7ek\u00e7iler Birli\u011fi D\u0131\u015f Ticaret Anonim \u015eirketi Y\u00f6netim Kurulu Ba\u015fkan\u0131 L\u00fctfi G\u00f6b\u00fc\u015f konuk oldu. 14 \u015eubat Sevgililer G\u00fcn\u00fc&#8217;nde ger\u00e7ekle\u015fen ve ATB Bas\u0131n Dan\u0131\u015fman\u0131 Vahide Yan\u0131k&#8217;\u0131n moderat\u00f6rl\u00fc\u011f\u00fcn\u00fc \u00fcstlendi\u011fi programda, \u00e7i\u00e7ek \u00fcretimi, ihracat ve s\u00fcs bitkileri sekt\u00f6r\u00fcn\u00fcn kar\u015f\u0131la\u015ft\u0131\u011f\u0131 zorluklar ele al\u0131nd\u0131. 30 \u00fclkeye 75 milyon dal \u00e7i\u00e7ek Kesme \u00e7i\u00e7ek sekt\u00f6r\u00fc a\u00e7\u0131s\u0131ndan \u00f6nemli bir d\u00f6nem olan 14 \u015eubat Sevgililer G\u00fcn\u00fc&#8217;nde, T\u00fcrkiye&#8217;den 30 \u00fclkeye 75 milyon dal \u00e7i\u00e7ek ihra\u00e7 edildi\u011fini belirten Sel\u00e7uk \u00c7elebi, bu ihracattan 10 milyon dolar gelir elde edildi\u011fini a\u00e7\u0131klad\u0131. Avrupa&#8217;da da al\u0131m g\u00fcc\u00fcn\u00fcn d\u00fc\u015ft\u00fc\u011f\u00fcne dikkat \u00e7eken \u00c7elebi, en \u00e7ok k\u0131rm\u0131z\u0131 karanfilin talep g\u00f6rd\u00fc\u011f\u00fcn\u00fc, T\u00fcrkiye&#8217;de g\u00fcl \u00fcretiminin s\u0131n\u0131rl\u0131 olmas\u0131 nedeniyle Kenya ve Kolombiya gibi \u00fclkelerden ithalat yap\u0131ld\u0131\u011f\u0131n\u0131 belirtti. \u00dcretim maliyetleri y\u00fczde 100 artt\u0131 ATB Meclis \u00dcyesi Sel\u00e7uk \u00c7elebi, \u00e7i\u00e7ek \u00fcretim maliyetlerinin b\u00fcy\u00fck oranda artmas\u0131na ra\u011fmen d\u00f6viz kurunun s\u0131n\u0131rl\u0131 y\u00fckselmesinin sekt\u00f6r\u00fc zorlad\u0131\u011f\u0131n\u0131 vurgulad\u0131. \u00c7elebi, &#8220;Avro y\u0131ll\u0131k art\u0131\u015f 11.5 civar\u0131nda artarken, bizim \u00fcretim maliyetleri y\u00fczde 100&#8217;\u00fc ge\u00e7ti. Bu da ithalat\u0131 ucuz hale getiriyor, bizim \u00fcr\u00fcnlerimizi pahal\u0131 hale getiriyor&#8221; dedi. Arazi ve i\u015f\u00e7ilik s\u0131k\u0131nt\u0131s\u0131 \u00e7\u00f6z\u00fcm bekliyor \u00c7i\u00e7ek \u00fcretiminde en b\u00fcy\u00fck sorunun arazi temini oldu\u011funa dikkat \u00e7eken Sel\u00e7uk \u00c7elebi, kiralanan arazilerde ya\u015fanan fahi\u015f fiyat art\u0131\u015flar\u0131n\u0131n \u00fcreticiyi zorlad\u0131\u011f\u0131n\u0131 &hellip;\" \/>\n<meta property=\"og:url\" content=\"http:\/\/denizcankizil.tr\/de\/haberler\/antalya\/30-ulkeye-75-milyon-dal-cicek-10-milyon-dolar-gelir\/\" \/>\n<meta property=\"og:site_name\" content=\"Av. Deniz Can K\u0131z\u0131l\" \/>\n<meta property=\"article:published_time\" content=\"2025-02-14T12:41:47+00:00\" \/>\n<meta property=\"og:image\" content=\"http:\/\/denizcankizil.tr\/wp-content\/uploads\/2025\/02\/4656-01-KuPjkJ.jpeg\" \/>\n\t<meta property=\"og:image:width\" content=\"1280\" \/>\n\t<meta property=\"og:image:height\" content=\"720\" \/>\n\t<meta property=\"og:image:type\" content=\"image\/jpeg\" \/>\n<meta name=\"author\" content=\"Av. Deniz Can K\u0131z\u0131l\" \/>\n<meta name=\"twitter:card\" content=\"summary_large_image\" \/>\n<meta name=\"twitter:label1\" content=\"Verfasst von\" \/>\n\t<meta name=\"twitter:data1\" content=\"Av. Deniz Can K\u0131z\u0131l\" \/>\n\t<meta name=\"twitter:label2\" content=\"Gesch\u00e4tzte Lesezeit\" \/>\n\t<meta name=\"twitter:data2\" content=\"4\u00a0Minuten\" \/>\n<script type=\"application\/ld+json\" class=\"yoast-schema-graph\">{\"@context\":\"https:\/\/schema.org\",\"@graph\":[{\"@type\":\"Article\",\"@id\":\"http:\/\/denizcankizil.tr\/de\/haberler\/antalya\/30-ulkeye-75-milyon-dal-cicek-10-milyon-dolar-gelir\/#article\",\"isPartOf\":{\"@id\":\"http:\/\/denizcankizil.tr\/de\/haberler\/antalya\/30-ulkeye-75-milyon-dal-cicek-10-milyon-dolar-gelir\/\"},\"author\":{\"name\":\"Av. Deniz Can K\u0131z\u0131l\",\"@id\":\"https:\/\/denizcankizil.tr\/de\/#\/schema\/person\/5dc1b22991bd7ac833867c10afc9b0ff\"},\"headline\":\"30 \u00fclkeye 75 milyon dal \u00e7i\u00e7ek, 10 milyon dolar gelir\",\"datePublished\":\"2025-02-14T12:41:47+00:00\",\"mainEntityOfPage\":{\"@id\":\"http:\/\/denizcankizil.tr\/de\/haberler\/antalya\/30-ulkeye-75-milyon-dal-cicek-10-milyon-dolar-gelir\/\"},\"wordCount\":813,\"commentCount\":0,\"publisher\":{\"@id\":\"https:\/\/denizcankizil.tr\/de\/#organization\"},\"image\":{\"@id\":\"http:\/\/denizcankizil.tr\/de\/haberler\/antalya\/30-ulkeye-75-milyon-dal-cicek-10-milyon-dolar-gelir\/#primaryimage\"},\"thumbnailUrl\":\"http:\/\/denizcankizil.tr\/wp-content\/uploads\/2025\/02\/4656-01-KuPjkJ.jpeg\",\"articleSection\":[\"Antalya\"],\"inLanguage\":\"de\",\"potentialAction\":[{\"@type\":\"CommentAction\",\"name\":\"Comment\",\"target\":[\"http:\/\/denizcankizil.tr\/de\/haberler\/antalya\/30-ulkeye-75-milyon-dal-cicek-10-milyon-dolar-gelir\/#respond\"]}]},{\"@type\":\"WebPage\",\"@id\":\"http:\/\/denizcankizil.tr\/de\/haberler\/antalya\/30-ulkeye-75-milyon-dal-cicek-10-milyon-dolar-gelir\/\",\"url\":\"http:\/\/denizcankizil.tr\/de\/haberler\/antalya\/30-ulkeye-75-milyon-dal-cicek-10-milyon-dolar-gelir\/\",\"name\":\"30 \u00fclkeye 75 milyon dal \u00e7i\u00e7ek, 10 milyon dolar gelir - Av. Deniz Can K\u0131z\u0131l\",\"isPartOf\":{\"@id\":\"https:\/\/denizcankizil.tr\/de\/#website\"},\"primaryImageOfPage\":{\"@id\":\"http:\/\/denizcankizil.tr\/de\/haberler\/antalya\/30-ulkeye-75-milyon-dal-cicek-10-milyon-dolar-gelir\/#primaryimage\"},\"image\":{\"@id\":\"http:\/\/denizcankizil.tr\/de\/haberler\/antalya\/30-ulkeye-75-milyon-dal-cicek-10-milyon-dolar-gelir\/#primaryimage\"},\"thumbnailUrl\":\"http:\/\/denizcankizil.tr\/wp-content\/uploads\/2025\/02\/4656-01-KuPjkJ.jpeg\",\"datePublished\":\"2025-02-14T12:41:47+00:00\",\"breadcrumb\":{\"@id\":\"http:\/\/denizcankizil.tr\/de\/haberler\/antalya\/30-ulkeye-75-milyon-dal-cicek-10-milyon-dolar-gelir\/#breadcrumb\"},\"inLanguage\":\"de\",\"potentialAction\":[{\"@type\":\"ReadAction\",\"target\":[\"http:\/\/denizcankizil.tr\/de\/haberler\/antalya\/30-ulkeye-75-milyon-dal-cicek-10-milyon-dolar-gelir\/\"]}]},{\"@type\":\"ImageObject\",\"inLanguage\":\"de\",\"@id\":\"http:\/\/denizcankizil.tr\/de\/haberler\/antalya\/30-ulkeye-75-milyon-dal-cicek-10-milyon-dolar-gelir\/#primaryimage\",\"url\":\"http:\/\/denizcankizil.tr\/wp-content\/uploads\/2025\/02\/4656-01-KuPjkJ.jpeg\",\"contentUrl\":\"http:\/\/denizcankizil.tr\/wp-content\/uploads\/2025\/02\/4656-01-KuPjkJ.jpeg\",\"width\":1280,\"height\":720},{\"@type\":\"BreadcrumbList\",\"@id\":\"http:\/\/denizcankizil.tr\/de\/haberler\/antalya\/30-ulkeye-75-milyon-dal-cicek-10-milyon-dolar-gelir\/#breadcrumb\",\"itemListElement\":[{\"@type\":\"ListItem\",\"position\":1,\"name\":\"Home\",\"item\":\"https:\/\/denizcankizil.tr\/de\/\"},{\"@type\":\"ListItem\",\"position\":2,\"name\":\"30 \u00fclkeye 75 milyon dal \u00e7i\u00e7ek, 10 milyon dolar gelir\"}]},{\"@type\":\"WebSite\",\"@id\":\"https:\/\/denizcankizil.tr\/de\/#website\",\"url\":\"https:\/\/denizcankizil.tr\/de\/\",\"name\":\"Av. Deniz Can K\u0131z\u0131l\",\"description\":\"Avukat Deniz Can K\u0131z\u0131l Antalya Barosu\",\"publisher\":{\"@id\":\"https:\/\/denizcankizil.tr\/de\/#organization\"},\"potentialAction\":[{\"@type\":\"SearchAction\",\"target\":{\"@type\":\"EntryPoint\",\"urlTemplate\":\"https:\/\/denizcankizil.tr\/de\/?s={search_term_string}\"},\"query-input\":{\"@type\":\"PropertyValueSpecification\",\"valueRequired\":true,\"valueName\":\"search_term_string\"}}],\"inLanguage\":\"de\"},{\"@type\":\"Organization\",\"@id\":\"https:\/\/denizcankizil.tr\/de\/#organization\",\"name\":\"Av. Deniz Can K\u0131z\u0131l\",\"url\":\"https:\/\/denizcankizil.tr\/de\/\",\"logo\":{\"@type\":\"ImageObject\",\"inLanguage\":\"de\",\"@id\":\"https:\/\/denizcankizil.tr\/de\/#\/schema\/logo\/image\/\",\"url\":\"http:\/\/denizcankizil.tr\/wp-content\/uploads\/2024\/10\/siyah-logo-svg.svg\",\"contentUrl\":\"http:\/\/denizcankizil.tr\/wp-content\/uploads\/2024\/10\/siyah-logo-svg.svg\",\"width\":1080,\"height\":1080,\"caption\":\"Av. Deniz Can K\u0131z\u0131l\"},\"image\":{\"@id\":\"https:\/\/denizcankizil.tr\/de\/#\/schema\/logo\/image\/\"}},{\"@type\":\"Person\",\"@id\":\"https:\/\/denizcankizil.tr\/de\/#\/schema\/person\/5dc1b22991bd7ac833867c10afc9b0ff\",\"name\":\"Av. Deniz Can K\u0131z\u0131l\",\"image\":{\"@type\":\"ImageObject\",\"inLanguage\":\"de\",\"@id\":\"https:\/\/denizcankizil.tr\/de\/#\/schema\/person\/image\/\",\"url\":\"https:\/\/secure.gravatar.com\/avatar\/a0b128fb9855c79efc976d5640eedb31dc35ec297594d6016d2cf7c60e975bb6?s=96&d=mm&r=g\",\"contentUrl\":\"https:\/\/secure.gravatar.com\/avatar\/a0b128fb9855c79efc976d5640eedb31dc35ec297594d6016d2cf7c60e975bb6?s=96&d=mm&r=g\",\"caption\":\"Av. Deniz Can K\u0131z\u0131l\"},\"sameAs\":[\"http:\/\/www.denizcankizil.tr\"],\"url\":\"http:\/\/denizcankizil.tr\/de\/author\/denizcankizil\/\"}]}<\/script>\n<!-- \/ Yoast SEO Premium plugin. -->","yoast_head_json":{"title":"30 \u00fclkeye 75 milyon dal \u00e7i\u00e7ek, 10 milyon dolar gelir - Av. Deniz Can K\u0131z\u0131l","robots":{"index":"index","follow":"follow","max-snippet":"max-snippet:-1","max-image-preview":"max-image-preview:large","max-video-preview":"max-video-preview:-1"},"canonical":"http:\/\/denizcankizil.tr\/de\/haberler\/antalya\/30-ulkeye-75-milyon-dal-cicek-10-milyon-dolar-gelir\/","og_locale":"de_DE","og_type":"article","og_title":"30 \u00fclkeye 75 milyon dal \u00e7i\u00e7ek, 10 milyon dolar gelir","og_description":"ATB ve Antalya Tar\u0131m Konseyi (ATAK) i\u015f birli\u011fiyle d\u00fczenlenen Tar\u0131m G\u00fcndem Program\u0131&#8217;na, Antalya Ticaret Borsas\u0131 Meclis \u00dcyesi Sel\u00e7uk \u00c7elebi ve \u00c7i\u00e7ek\u00e7iler Birli\u011fi D\u0131\u015f Ticaret Anonim \u015eirketi Y\u00f6netim Kurulu Ba\u015fkan\u0131 L\u00fctfi G\u00f6b\u00fc\u015f konuk oldu. 14 \u015eubat Sevgililer G\u00fcn\u00fc&#8217;nde ger\u00e7ekle\u015fen ve ATB Bas\u0131n Dan\u0131\u015fman\u0131 Vahide Yan\u0131k&#8217;\u0131n moderat\u00f6rl\u00fc\u011f\u00fcn\u00fc \u00fcstlendi\u011fi programda, \u00e7i\u00e7ek \u00fcretimi, ihracat ve s\u00fcs bitkileri sekt\u00f6r\u00fcn\u00fcn kar\u015f\u0131la\u015ft\u0131\u011f\u0131 zorluklar ele al\u0131nd\u0131. 30 \u00fclkeye 75 milyon dal \u00e7i\u00e7ek Kesme \u00e7i\u00e7ek sekt\u00f6r\u00fc a\u00e7\u0131s\u0131ndan \u00f6nemli bir d\u00f6nem olan 14 \u015eubat Sevgililer G\u00fcn\u00fc&#8217;nde, T\u00fcrkiye&#8217;den 30 \u00fclkeye 75 milyon dal \u00e7i\u00e7ek ihra\u00e7 edildi\u011fini belirten Sel\u00e7uk \u00c7elebi, bu ihracattan 10 milyon dolar gelir elde edildi\u011fini a\u00e7\u0131klad\u0131. Avrupa&#8217;da da al\u0131m g\u00fcc\u00fcn\u00fcn d\u00fc\u015ft\u00fc\u011f\u00fcne dikkat \u00e7eken \u00c7elebi, en \u00e7ok k\u0131rm\u0131z\u0131 karanfilin talep g\u00f6rd\u00fc\u011f\u00fcn\u00fc, T\u00fcrkiye&#8217;de g\u00fcl \u00fcretiminin s\u0131n\u0131rl\u0131 olmas\u0131 nedeniyle Kenya ve Kolombiya gibi \u00fclkelerden ithalat yap\u0131ld\u0131\u011f\u0131n\u0131 belirtti. \u00dcretim maliyetleri y\u00fczde 100 artt\u0131 ATB Meclis \u00dcyesi Sel\u00e7uk \u00c7elebi, \u00e7i\u00e7ek \u00fcretim maliyetlerinin b\u00fcy\u00fck oranda artmas\u0131na ra\u011fmen d\u00f6viz kurunun s\u0131n\u0131rl\u0131 y\u00fckselmesinin sekt\u00f6r\u00fc zorlad\u0131\u011f\u0131n\u0131 vurgulad\u0131. \u00c7elebi, &#8220;Avro y\u0131ll\u0131k art\u0131\u015f 11.5 civar\u0131nda artarken, bizim \u00fcretim maliyetleri y\u00fczde 100&#8217;\u00fc ge\u00e7ti. Bu da ithalat\u0131 ucuz hale getiriyor, bizim \u00fcr\u00fcnlerimizi pahal\u0131 hale getiriyor&#8221; dedi. Arazi ve i\u015f\u00e7ilik s\u0131k\u0131nt\u0131s\u0131 \u00e7\u00f6z\u00fcm bekliyor \u00c7i\u00e7ek \u00fcretiminde en b\u00fcy\u00fck sorunun arazi temini oldu\u011funa dikkat \u00e7eken Sel\u00e7uk \u00c7elebi, kiralanan arazilerde ya\u015fanan fahi\u015f fiyat art\u0131\u015flar\u0131n\u0131n \u00fcreticiyi zorlad\u0131\u011f\u0131n\u0131 &hellip;","og_url":"http:\/\/denizcankizil.tr\/de\/haberler\/antalya\/30-ulkeye-75-milyon-dal-cicek-10-milyon-dolar-gelir\/","og_site_name":"Av. Deniz Can K\u0131z\u0131l","article_published_time":"2025-02-14T12:41:47+00:00","og_image":[{"width":1280,"height":720,"url":"http:\/\/denizcankizil.tr\/wp-content\/uploads\/2025\/02\/4656-01-KuPjkJ.jpeg","type":"image\/jpeg"}],"author":"Av. Deniz Can K\u0131z\u0131l","twitter_card":"summary_large_image","twitter_misc":{"Verfasst von":"Av. Deniz Can K\u0131z\u0131l","Gesch\u00e4tzte Lesezeit":"4\u00a0Minuten"},"schema":{"@context":"https:\/\/schema.org","@graph":[{"@type":"Article","@id":"http:\/\/denizcankizil.tr\/de\/haberler\/antalya\/30-ulkeye-75-milyon-dal-cicek-10-milyon-dolar-gelir\/#article","isPartOf":{"@id":"http:\/\/denizcankizil.tr\/de\/haberler\/antalya\/30-ulkeye-75-milyon-dal-cicek-10-milyon-dolar-gelir\/"},"author":{"name":"Av. Deniz Can K\u0131z\u0131l","@id":"https:\/\/denizcankizil.tr\/de\/#\/schema\/person\/5dc1b22991bd7ac833867c10afc9b0ff"},"headline":"30 \u00fclkeye 75 milyon dal \u00e7i\u00e7ek, 10 milyon dolar gelir","datePublished":"2025-02-14T12:41:47+00:00","mainEntityOfPage":{"@id":"http:\/\/denizcankizil.tr\/de\/haberler\/antalya\/30-ulkeye-75-milyon-dal-cicek-10-milyon-dolar-gelir\/"},"wordCount":813,"commentCount":0,"publisher":{"@id":"https:\/\/denizcankizil.tr\/de\/#organization"},"image":{"@id":"http:\/\/denizcankizil.tr\/de\/haberler\/antalya\/30-ulkeye-75-milyon-dal-cicek-10-milyon-dolar-gelir\/#primaryimage"},"thumbnailUrl":"http:\/\/denizcankizil.tr\/wp-content\/uploads\/2025\/02\/4656-01-KuPjkJ.jpeg","articleSection":["Antalya"],"inLanguage":"de","potentialAction":[{"@type":"CommentAction","name":"Comment","target":["http:\/\/denizcankizil.tr\/de\/haberler\/antalya\/30-ulkeye-75-milyon-dal-cicek-10-milyon-dolar-gelir\/#respond"]}]},{"@type":"WebPage","@id":"http:\/\/denizcankizil.tr\/de\/haberler\/antalya\/30-ulkeye-75-milyon-dal-cicek-10-milyon-dolar-gelir\/","url":"http:\/\/denizcankizil.tr\/de\/haberler\/antalya\/30-ulkeye-75-milyon-dal-cicek-10-milyon-dolar-gelir\/","name":"30 \u00fclkeye 75 milyon dal \u00e7i\u00e7ek, 10 milyon dolar gelir - Av. Deniz Can K\u0131z\u0131l","isPartOf":{"@id":"https:\/\/denizcankizil.tr\/de\/#website"},"primaryImageOfPage":{"@id":"http:\/\/denizcankizil.tr\/de\/haberler\/antalya\/30-ulkeye-75-milyon-dal-cicek-10-milyon-dolar-gelir\/#primaryimage"},"image":{"@id":"http:\/\/denizcankizil.tr\/de\/haberler\/antalya\/30-ulkeye-75-milyon-dal-cicek-10-milyon-dolar-gelir\/#primaryimage"},"thumbnailUrl":"http:\/\/denizcankizil.tr\/wp-content\/uploads\/2025\/02\/4656-01-KuPjkJ.jpeg","datePublished":"2025-02-14T12:41:47+00:00","breadcrumb":{"@id":"http:\/\/denizcankizil.tr\/de\/haberler\/antalya\/30-ulkeye-75-milyon-dal-cicek-10-milyon-dolar-gelir\/#breadcrumb"},"inLanguage":"de","potentialAction":[{"@type":"ReadAction","target":["http:\/\/denizcankizil.tr\/de\/haberler\/antalya\/30-ulkeye-75-milyon-dal-cicek-10-milyon-dolar-gelir\/"]}]},{"@type":"ImageObject","inLanguage":"de","@id":"http:\/\/denizcankizil.tr\/de\/haberler\/antalya\/30-ulkeye-75-milyon-dal-cicek-10-milyon-dolar-gelir\/#primaryimage","url":"http:\/\/denizcankizil.tr\/wp-content\/uploads\/2025\/02\/4656-01-KuPjkJ.jpeg","contentUrl":"http:\/\/denizcankizil.tr\/wp-content\/uploads\/2025\/02\/4656-01-KuPjkJ.jpeg","width":1280,"height":720},{"@type":"BreadcrumbList","@id":"http:\/\/denizcankizil.tr\/de\/haberler\/antalya\/30-ulkeye-75-milyon-dal-cicek-10-milyon-dolar-gelir\/#breadcrumb","itemListElement":[{"@type":"ListItem","position":1,"name":"Home","item":"https:\/\/denizcankizil.tr\/de\/"},{"@type":"ListItem","position":2,"name":"30 \u00fclkeye 75 milyon dal \u00e7i\u00e7ek, 10 milyon dolar gelir"}]},{"@type":"WebSite","@id":"https:\/\/denizcankizil.tr\/de\/#website","url":"https:\/\/denizcankizil.tr\/de\/","name":"Av. Deniz Can K\u0131z\u0131l","description":"Avukat Deniz Can K\u0131z\u0131l Antalya Barosu","publisher":{"@id":"https:\/\/denizcankizil.tr\/de\/#organization"},"potentialAction":[{"@type":"SearchAction","target":{"@type":"EntryPoint","urlTemplate":"https:\/\/denizcankizil.tr\/de\/?s={search_term_string}"},"query-input":{"@type":"PropertyValueSpecification","valueRequired":true,"valueName":"search_term_string"}}],"inLanguage":"de"},{"@type":"Organization","@id":"https:\/\/denizcankizil.tr\/de\/#organization","name":"Av. Deniz Can K\u0131z\u0131l","url":"https:\/\/denizcankizil.tr\/de\/","logo":{"@type":"ImageObject","inLanguage":"de","@id":"https:\/\/denizcankizil.tr\/de\/#\/schema\/logo\/image\/","url":"http:\/\/denizcankizil.tr\/wp-content\/uploads\/2024\/10\/siyah-logo-svg.svg","contentUrl":"http:\/\/denizcankizil.tr\/wp-content\/uploads\/2024\/10\/siyah-logo-svg.svg","width":1080,"height":1080,"caption":"Av. Deniz Can K\u0131z\u0131l"},"image":{"@id":"https:\/\/denizcankizil.tr\/de\/#\/schema\/logo\/image\/"}},{"@type":"Person","@id":"https:\/\/denizcankizil.tr\/de\/#\/schema\/person\/5dc1b22991bd7ac833867c10afc9b0ff","name":"Av. Deniz Can K\u0131z\u0131l","image":{"@type":"ImageObject","inLanguage":"de","@id":"https:\/\/denizcankizil.tr\/de\/#\/schema\/person\/image\/","url":"https:\/\/secure.gravatar.com\/avatar\/a0b128fb9855c79efc976d5640eedb31dc35ec297594d6016d2cf7c60e975bb6?s=96&d=mm&r=g","contentUrl":"https:\/\/secure.gravatar.com\/avatar\/a0b128fb9855c79efc976d5640eedb31dc35ec297594d6016d2cf7c60e975bb6?s=96&d=mm&r=g","caption":"Av. Deniz Can K\u0131z\u0131l"},"sameAs":["http:\/\/www.denizcankizil.tr"],"url":"http:\/\/denizcankizil.tr\/de\/author\/denizcankizil\/"}]}},"_links":{"self":[{"href":"http:\/\/denizcankizil.tr\/de\/wp-json\/wp\/v2\/posts\/32736","targetHints":{"allow":["GET"]}}],"collection":[{"href":"http:\/\/denizcankizil.tr\/de\/wp-json\/wp\/v2\/posts"}],"about":[{"href":"http:\/\/denizcankizil.tr\/de\/wp-json\/wp\/v2\/types\/post"}],"author":[{"embeddable":true,"href":"http:\/\/denizcankizil.tr\/de\/wp-json\/wp\/v2\/users\/4"}],"replies":[{"embeddable":true,"href":"http:\/\/denizcankizil.tr\/de\/wp-json\/wp\/v2\/comments?post=32736"}],"version-history":[{"count":0,"href":"http:\/\/denizcankizil.tr\/de\/wp-json\/wp\/v2\/posts\/32736\/revisions"}],"wp:featuredmedia":[{"embeddable":true,"href":"http:\/\/denizcankizil.tr\/de\/wp-json\/wp\/v2\/media\/32737"}],"wp:attachment":[{"href":"http:\/\/denizcankizil.tr\/de\/wp-json\/wp\/v2\/media?parent=32736"}],"wp:term":[{"taxonomy":"category","embeddable":true,"href":"http:\/\/denizcankizil.tr\/de\/wp-json\/wp\/v2\/categories?post=32736"},{"taxonomy":"post_tag","embeddable":true,"href":"http:\/\/denizcankizil.tr\/de\/wp-json\/wp\/v2\/tags?post=32736"}],"curies":[{"name":"wp","href":"https:\/\/api.w.org\/{rel}","templated":true}]}}