{"id":32423,"date":"2025-02-13T07:41:36","date_gmt":"2025-02-13T04:41:36","guid":{"rendered":"https:\/\/denizcankizil.tr\/uncategorized-tr\/manisada-hafriyat-yonetiminde-yeni-donem\/"},"modified":"2025-02-13T07:41:36","modified_gmt":"2025-02-13T04:41:36","slug":"manisada-hafriyat-yonetiminde-yeni-donem","status":"publish","type":"post","link":"http:\/\/denizcankizil.tr\/de\/haberler\/gundem\/manisada-hafriyat-yonetiminde-yeni-donem\/","title":{"rendered":"Manisa\u2019da hafriyat yo\u0308netiminde yeni do\u0308nem"},"content":{"rendered":"<p>Manisa B\u00fcy\u00fck\u015fehir Belediyesi taraf\u0131ndan hayata ge\u00e7irilen Hafriyat Y\u00f6netim Bilgi Sistemi\u2019nin ilk ay\u0131, il\u00e7e belediyelerinin de kat\u0131l\u0131m\u0131yla d\u00fczenlenen toplant\u0131da de\u011ferlendirildi. Teknik verilerin dijital sisteme entegreedilmesine dayal\u0131 yeni sistem, hafriyat miktarlar\u0131n\u0131n do\u011fru hesaplanmas\u0131n\u0131, denetim s\u00fcre\u00e7lerini h\u0131zland\u0131rarak daha etkin bir kontrol mekanizmas\u0131 olu\u015fturulmas\u0131n\u0131 ve b\u00f6ylelikle de \u00e7evrenin korunmas\u0131na da katk\u0131 sa\u011flad\u0131.MAN\u0130SA (\u0130GFA) &#8211;\u00a0Manisa B\u00fcy\u00fck\u015fehir Belediyesi \u0130klim De\u011fi\u015fikli\u011fi ve S\u0131f\u0131r At\u0131k Dairesi ile il\u00e7e belediyelerinin imar birimleri, sistemin ilk ay\u0131n\u0131 de\u011ferlendirmek \u00fczere bir araya geldi. Toplant\u0131da, yeni sisteme ge\u00e7i\u015f s\u00fcrecinin sa\u011fl\u0131kl\u0131 ilerlemesi ve il\u00e7e belediyeleri ile koordinasyonun g\u00fc\u00e7lendirilmesi konular\u0131ele al\u0131nd\u0131. \u0130l\u00e7e belediyeleri, sistemin etkinli\u011fini art\u0131rmak ad\u0131na d\u00fczenli olarak toplant\u0131lar\u0131n s\u00fcrd\u00fcr\u00fclmesini talep etti.\u00a0<br \/>\nTEKN\u0130K VER\u0130LERE DAYALI DENET\u0130M MEKAN\u0130ZMASI<br \/>\n2 Ocak 2025 itibar\u0131yla y\u00fcr\u00fcrl\u00fc\u011fe giren Hafriyat Y\u00f6netim Bilgi Sistemi, il\u00e7e belediyelerine de sorumluluk getirerek in\u015faat alanlar\u0131ndan \u00e7\u0131kan hafriyat miktarlar\u0131n\u0131n harita m\u00fchendisleri taraf\u0131ndan hesaplanmas\u0131n\u0131 zorunlu hale getirdi. Teknik verilerin dijital sisteme entegre edilmesiyle denetim s\u00fcre\u00e7lerini h\u0131zland\u0131rarak daha etkin bir kontrol mekanizmas\u0131 olu\u015fturulmas\u0131n\u0131 ve yanl\u0131\u015f bilgilendirmenin de \u00f6n\u00fcne ge\u00e7ildi. Do\u011fru veri ak\u0131\u015f\u0131 ve s\u0131k\u0131 denetimlerle birlikte hafriyat miktarlar\u0131n\u0131n eksiksiz kay\u0131t alt\u0131na al\u0131nmas\u0131 sa\u011fland\u0131. Manisa B\u00fcy\u00fck\u015fehir Belediyesi\u2019nin \u00e7evresel denetimi art\u0131rarak kent genelinde daha s\u00fcrd\u00fcr\u00fclebilir bir yap\u0131 olu\u015fturmay\u0131 hedefledi\u011fi Hafriyat Y\u00f6netim Bilgi Sistemi, do\u011fru bilgiler sayesinde gelirlerde sa\u011flad\u0131\u011f\u0131 art\u0131\u015f ve \u00e7evresel etkileriyle \u00f6rnek bir uygulama olarak dikkat \u00e7ekiyor.<\/p>\n<p>\u200bManisa B\u00fcy\u00fck\u015fehir Belediyesi taraf\u0131ndan hayata ge\u00e7irilen Hafriyat Y\u00f6netim Bilgi Sistemi\u2019nin ilk ay\u0131, il\u00e7e belediyelerinin de kat\u0131l\u0131m\u0131yla d\u00fczenlenen toplant\u0131da de\u011ferlendirildi. Teknik verilerin dijital sisteme entegreedilmesine dayal\u0131 yeni sistem, hafriyat miktarlar\u0131n\u0131n do\u011fru hesaplanmas\u0131n\u0131, denetim s\u00fcre\u00e7lerini h\u0131zland\u0131rarak daha etkin bir kontrol mekanizmas\u0131 olu\u015fturulmas\u0131n\u0131 ve b\u00f6ylelikle de \u00e7evrenin korunmas\u0131na da katk\u0131 sa\u011flad\u0131.MAN\u0130SA (\u0130GFA) &#8211;\u00a0Manisa B\u00fcy\u00fck\u015fehir Belediyesi \u0130klim De\u011fi\u015fikli\u011fi ve S\u0131f\u0131r At\u0131k Dairesi ile il\u00e7e belediyelerinin imar birimleri, sistemin ilk ay\u0131n\u0131 de\u011ferlendirmek \u00fczere bir araya geldi. Toplant\u0131da, yeni sisteme ge\u00e7i\u015f s\u00fcrecinin sa\u011fl\u0131kl\u0131 ilerlemesi ve il\u00e7e belediyeleri ile koordinasyonun g\u00fc\u00e7lendirilmesi konular\u0131ele al\u0131nd\u0131. \u0130l\u00e7e belediyeleri, sistemin etkinli\u011fini art\u0131rmak ad\u0131na d\u00fczenli olarak toplant\u0131lar\u0131n s\u00fcrd\u00fcr\u00fclmesini talep etti.\u00a0<br \/>\nTEKN\u0130K VER\u0130LERE DAYALI DENET\u0130M MEKAN\u0130ZMASI<br \/>\n2 Ocak 2025 itibar\u0131yla y\u00fcr\u00fcrl\u00fc\u011fe giren Hafriyat Y\u00f6netim Bilgi Sistemi, il\u00e7e belediyelerine de sorumluluk getirerek in\u015faat alanlar\u0131ndan \u00e7\u0131kan hafriyat miktarlar\u0131n\u0131n harita m\u00fchendisleri taraf\u0131ndan hesaplanmas\u0131n\u0131 zorunlu hale getirdi. Teknik verilerin dijital sisteme entegre edilmesiyle denetim s\u00fcre\u00e7lerini h\u0131zland\u0131rarak daha etkin bir kontrol mekanizmas\u0131 olu\u015fturulmas\u0131n\u0131 ve yanl\u0131\u015f bilgilendirmenin de \u00f6n\u00fcne ge\u00e7ildi. Do\u011fru veri ak\u0131\u015f\u0131 ve s\u0131k\u0131 denetimlerle birlikte hafriyat miktarlar\u0131n\u0131n eksiksiz kay\u0131t alt\u0131na al\u0131nmas\u0131 sa\u011fland\u0131. Manisa B\u00fcy\u00fck\u015fehir Belediyesi\u2019nin \u00e7evresel denetimi art\u0131rarak kent genelinde daha s\u00fcrd\u00fcr\u00fclebilir bir yap\u0131 olu\u015fturmay\u0131 hedefledi\u011fi Hafriyat Y\u00f6netim Bilgi Sistemi, do\u011fru bilgiler sayesinde gelirlerde sa\u011flad\u0131\u011f\u0131 art\u0131\u015f ve \u00e7evresel etkileriyle \u00f6rnek bir uygulama olarak dikkat \u00e7ekiyor.\u00a0<\/p>\n<p>\u200bHaberin Al\u0131nt\u0131land\u0131\u011f\u0131 Kaynak: www.iskenderun.org<\/p>","protected":false},"excerpt":{"rendered":"<p>Manisa B\u00fcy\u00fck\u015fehir Belediyesi taraf\u0131ndan hayata ge\u00e7irilen Hafriyat Y\u00f6netim Bilgi Sistemi\u2019nin ilk ay\u0131, il\u00e7e belediyelerinin de kat\u0131l\u0131m\u0131yla d\u00fczenlenen toplant\u0131da de\u011ferlendirildi. Teknik verilerin dijital sisteme entegreedilmesine dayal\u0131 yeni sistem, hafriyat miktarlar\u0131n\u0131n do\u011fru hesaplanmas\u0131n\u0131, denetim s\u00fcre\u00e7lerini h\u0131zland\u0131rarak daha etkin bir kontrol mekanizmas\u0131 olu\u015fturulmas\u0131n\u0131 ve b\u00f6ylelikle de \u00e7evrenin korunmas\u0131na da katk\u0131 sa\u011flad\u0131.MAN\u0130SA (\u0130GFA) &#8211;\u00a0Manisa B\u00fcy\u00fck\u015fehir Belediyesi \u0130klim De\u011fi\u015fikli\u011fi ve S\u0131f\u0131r At\u0131k Dairesi ile il\u00e7e belediyelerinin imar birimleri, sistemin ilk ay\u0131n\u0131 de\u011ferlendirmek \u00fczere bir araya geldi. Toplant\u0131da, yeni sisteme ge\u00e7i\u015f s\u00fcrecinin sa\u011fl\u0131kl\u0131 ilerlemesi ve il\u00e7e belediyeleri ile koordinasyonun g\u00fc\u00e7lendirilmesi konular\u0131ele al\u0131nd\u0131. \u0130l\u00e7e belediyeleri, sistemin etkinli\u011fini art\u0131rmak ad\u0131na d\u00fczenli olarak toplant\u0131lar\u0131n s\u00fcrd\u00fcr\u00fclmesini talep etti.\u00a0 TEKN\u0130K VER\u0130LERE DAYALI DENET\u0130M MEKAN\u0130ZMASI 2 Ocak 2025 itibar\u0131yla y\u00fcr\u00fcrl\u00fc\u011fe giren Hafriyat Y\u00f6netim Bilgi Sistemi, il\u00e7e belediyelerine de sorumluluk getirerek in\u015faat alanlar\u0131ndan \u00e7\u0131kan hafriyat miktarlar\u0131n\u0131n harita m\u00fchendisleri taraf\u0131ndan hesaplanmas\u0131n\u0131 zorunlu hale getirdi. Teknik verilerin dijital sisteme entegre edilmesiyle denetim s\u00fcre\u00e7lerini h\u0131zland\u0131rarak daha etkin bir kontrol mekanizmas\u0131 olu\u015fturulmas\u0131n\u0131 ve yanl\u0131\u015f bilgilendirmenin de \u00f6n\u00fcne ge\u00e7ildi. Do\u011fru veri ak\u0131\u015f\u0131 ve s\u0131k\u0131 denetimlerle birlikte hafriyat miktarlar\u0131n\u0131n eksiksiz kay\u0131t alt\u0131na al\u0131nmas\u0131 sa\u011fland\u0131. Manisa B\u00fcy\u00fck\u015fehir Belediyesi\u2019nin \u00e7evresel denetimi art\u0131rarak kent genelinde daha s\u00fcrd\u00fcr\u00fclebilir bir yap\u0131 olu\u015fturmay\u0131 hedefledi\u011fi Hafriyat Y\u00f6netim Bilgi Sistemi, do\u011fru bilgiler sayesinde gelirlerde sa\u011flad\u0131\u011f\u0131 art\u0131\u015f ve \u00e7evresel etkileriyle \u00f6rnek bir uygulama olarak dikkat \u00e7ekiyor. \u200bManisa B\u00fcy\u00fck\u015fehir &hellip;<\/p>","protected":false},"author":1,"featured_media":0,"comment_status":"open","ping_status":"open","sticky":false,"template":"","format":"standard","meta":{"_acf_changed":false,"footnotes":""},"categories":[24],"tags":[],"class_list":["post-32423","post","type-post","status-publish","format-standard","has-post-thumbnail","hentry","category-gundem"],"acf":[],"yoast_head":"<!-- This site is optimized with the Yoast SEO Premium plugin v26.6 (Yoast SEO v27.1.1) - https:\/\/yoast.com\/product\/yoast-seo-premium-wordpress\/ -->\n<title>Manisa\u2019da hafriyat yo\u0308netiminde yeni do\u0308nem - Av. Deniz Can K\u0131z\u0131l<\/title>\n<meta name=\"robots\" content=\"index, follow, max-snippet:-1, max-image-preview:large, max-video-preview:-1\" \/>\n<link rel=\"canonical\" href=\"http:\/\/denizcankizil.tr\/de\/haberler\/gundem\/manisada-hafriyat-yonetiminde-yeni-donem\/\" \/>\n<meta property=\"og:locale\" content=\"de_DE\" \/>\n<meta property=\"og:type\" content=\"article\" \/>\n<meta property=\"og:title\" content=\"Manisa\u2019da hafriyat yo\u0308netiminde yeni do\u0308nem\" \/>\n<meta property=\"og:description\" content=\"Manisa B\u00fcy\u00fck\u015fehir Belediyesi taraf\u0131ndan hayata ge\u00e7irilen Hafriyat Y\u00f6netim Bilgi Sistemi\u2019nin ilk ay\u0131, il\u00e7e belediyelerinin de kat\u0131l\u0131m\u0131yla d\u00fczenlenen toplant\u0131da de\u011ferlendirildi. Teknik verilerin dijital sisteme entegreedilmesine dayal\u0131 yeni sistem, hafriyat miktarlar\u0131n\u0131n do\u011fru hesaplanmas\u0131n\u0131, denetim s\u00fcre\u00e7lerini h\u0131zland\u0131rarak daha etkin bir kontrol mekanizmas\u0131 olu\u015fturulmas\u0131n\u0131 ve b\u00f6ylelikle de \u00e7evrenin korunmas\u0131na da katk\u0131 sa\u011flad\u0131.MAN\u0130SA (\u0130GFA) &#8211;\u00a0Manisa B\u00fcy\u00fck\u015fehir Belediyesi \u0130klim De\u011fi\u015fikli\u011fi ve S\u0131f\u0131r At\u0131k Dairesi ile il\u00e7e belediyelerinin imar birimleri, sistemin ilk ay\u0131n\u0131 de\u011ferlendirmek \u00fczere bir araya geldi. Toplant\u0131da, yeni sisteme ge\u00e7i\u015f s\u00fcrecinin sa\u011fl\u0131kl\u0131 ilerlemesi ve il\u00e7e belediyeleri ile koordinasyonun g\u00fc\u00e7lendirilmesi konular\u0131ele al\u0131nd\u0131. \u0130l\u00e7e belediyeleri, sistemin etkinli\u011fini art\u0131rmak ad\u0131na d\u00fczenli olarak toplant\u0131lar\u0131n s\u00fcrd\u00fcr\u00fclmesini talep etti.\u00a0 TEKN\u0130K VER\u0130LERE DAYALI DENET\u0130M MEKAN\u0130ZMASI 2 Ocak 2025 itibar\u0131yla y\u00fcr\u00fcrl\u00fc\u011fe giren Hafriyat Y\u00f6netim Bilgi Sistemi, il\u00e7e belediyelerine de sorumluluk getirerek in\u015faat alanlar\u0131ndan \u00e7\u0131kan hafriyat miktarlar\u0131n\u0131n harita m\u00fchendisleri taraf\u0131ndan hesaplanmas\u0131n\u0131 zorunlu hale getirdi. Teknik verilerin dijital sisteme entegre edilmesiyle denetim s\u00fcre\u00e7lerini h\u0131zland\u0131rarak daha etkin bir kontrol mekanizmas\u0131 olu\u015fturulmas\u0131n\u0131 ve yanl\u0131\u015f bilgilendirmenin de \u00f6n\u00fcne ge\u00e7ildi. Do\u011fru veri ak\u0131\u015f\u0131 ve s\u0131k\u0131 denetimlerle birlikte hafriyat miktarlar\u0131n\u0131n eksiksiz kay\u0131t alt\u0131na al\u0131nmas\u0131 sa\u011fland\u0131. Manisa B\u00fcy\u00fck\u015fehir Belediyesi\u2019nin \u00e7evresel denetimi art\u0131rarak kent genelinde daha s\u00fcrd\u00fcr\u00fclebilir bir yap\u0131 olu\u015fturmay\u0131 hedefledi\u011fi Hafriyat Y\u00f6netim Bilgi Sistemi, do\u011fru bilgiler sayesinde gelirlerde sa\u011flad\u0131\u011f\u0131 art\u0131\u015f ve \u00e7evresel etkileriyle \u00f6rnek bir uygulama olarak dikkat \u00e7ekiyor. \u200bManisa B\u00fcy\u00fck\u015fehir &hellip;\" \/>\n<meta property=\"og:url\" content=\"http:\/\/denizcankizil.tr\/de\/haberler\/gundem\/manisada-hafriyat-yonetiminde-yeni-donem\/\" \/>\n<meta property=\"og:site_name\" content=\"Av. Deniz Can K\u0131z\u0131l\" \/>\n<meta property=\"article:published_time\" content=\"2025-02-13T04:41:36+00:00\" \/>\n<meta name=\"author\" content=\"admin\" \/>\n<meta name=\"twitter:card\" content=\"summary_large_image\" \/>\n<meta name=\"twitter:label1\" content=\"Verfasst von\" \/>\n\t<meta name=\"twitter:data1\" content=\"admin\" \/>\n\t<meta name=\"twitter:label2\" content=\"Gesch\u00e4tzte Lesezeit\" \/>\n\t<meta name=\"twitter:data2\" content=\"3\u00a0Minuten\" \/>\n<script type=\"application\/ld+json\" class=\"yoast-schema-graph\">{\"@context\":\"https:\/\/schema.org\",\"@graph\":[{\"@type\":\"Article\",\"@id\":\"http:\/\/denizcankizil.tr\/en\/haberler\/gundem\/manisada-hafriyat-yonetiminde-yeni-donem\/#article\",\"isPartOf\":{\"@id\":\"http:\/\/denizcankizil.tr\/en\/haberler\/gundem\/manisada-hafriyat-yonetiminde-yeni-donem\/\"},\"author\":{\"name\":\"admin\",\"@id\":\"https:\/\/denizcankizil.tr\/de\/#\/schema\/person\/be3c05fe6a12686905512445d8185489\"},\"headline\":\"Manisa\u2019da hafriyat yo\u0308netiminde yeni do\u0308nem\",\"datePublished\":\"2025-02-13T04:41:36+00:00\",\"mainEntityOfPage\":{\"@id\":\"http:\/\/denizcankizil.tr\/en\/haberler\/gundem\/manisada-hafriyat-yonetiminde-yeni-donem\/\"},\"wordCount\":622,\"commentCount\":0,\"publisher\":{\"@id\":\"https:\/\/denizcankizil.tr\/de\/#organization\"},\"articleSection\":[\"G\u00fcndem\"],\"inLanguage\":\"de\",\"potentialAction\":[{\"@type\":\"CommentAction\",\"name\":\"Comment\",\"target\":[\"http:\/\/denizcankizil.tr\/en\/haberler\/gundem\/manisada-hafriyat-yonetiminde-yeni-donem\/#respond\"]}]},{\"@type\":\"WebPage\",\"@id\":\"http:\/\/denizcankizil.tr\/en\/haberler\/gundem\/manisada-hafriyat-yonetiminde-yeni-donem\/\",\"url\":\"http:\/\/denizcankizil.tr\/en\/haberler\/gundem\/manisada-hafriyat-yonetiminde-yeni-donem\/\",\"name\":\"Manisa\u2019da hafriyat yo\u0308netiminde yeni do\u0308nem - Av. Deniz Can K\u0131z\u0131l\",\"isPartOf\":{\"@id\":\"https:\/\/denizcankizil.tr\/de\/#website\"},\"datePublished\":\"2025-02-13T04:41:36+00:00\",\"breadcrumb\":{\"@id\":\"http:\/\/denizcankizil.tr\/en\/haberler\/gundem\/manisada-hafriyat-yonetiminde-yeni-donem\/#breadcrumb\"},\"inLanguage\":\"de\",\"potentialAction\":[{\"@type\":\"ReadAction\",\"target\":[\"http:\/\/denizcankizil.tr\/en\/haberler\/gundem\/manisada-hafriyat-yonetiminde-yeni-donem\/\"]}]},{\"@type\":\"BreadcrumbList\",\"@id\":\"http:\/\/denizcankizil.tr\/en\/haberler\/gundem\/manisada-hafriyat-yonetiminde-yeni-donem\/#breadcrumb\",\"itemListElement\":[{\"@type\":\"ListItem\",\"position\":1,\"name\":\"Home\",\"item\":\"https:\/\/denizcankizil.tr\/de\/\"},{\"@type\":\"ListItem\",\"position\":2,\"name\":\"Manisa\u2019da hafriyat yo\u0308netiminde yeni do\u0308nem\"}]},{\"@type\":\"WebSite\",\"@id\":\"https:\/\/denizcankizil.tr\/de\/#website\",\"url\":\"https:\/\/denizcankizil.tr\/de\/\",\"name\":\"Av. Deniz Can K\u0131z\u0131l\",\"description\":\"Avukat Deniz Can K\u0131z\u0131l Antalya Barosu\",\"publisher\":{\"@id\":\"https:\/\/denizcankizil.tr\/de\/#organization\"},\"potentialAction\":[{\"@type\":\"SearchAction\",\"target\":{\"@type\":\"EntryPoint\",\"urlTemplate\":\"https:\/\/denizcankizil.tr\/de\/?s={search_term_string}\"},\"query-input\":{\"@type\":\"PropertyValueSpecification\",\"valueRequired\":true,\"valueName\":\"search_term_string\"}}],\"inLanguage\":\"de\"},{\"@type\":\"Organization\",\"@id\":\"https:\/\/denizcankizil.tr\/de\/#organization\",\"name\":\"Av. Deniz Can K\u0131z\u0131l\",\"url\":\"https:\/\/denizcankizil.tr\/de\/\",\"logo\":{\"@type\":\"ImageObject\",\"inLanguage\":\"de\",\"@id\":\"https:\/\/denizcankizil.tr\/de\/#\/schema\/logo\/image\/\",\"url\":\"http:\/\/denizcankizil.tr\/wp-content\/uploads\/2024\/10\/siyah-logo-svg.svg\",\"contentUrl\":\"http:\/\/denizcankizil.tr\/wp-content\/uploads\/2024\/10\/siyah-logo-svg.svg\",\"width\":1080,\"height\":1080,\"caption\":\"Av. Deniz Can K\u0131z\u0131l\"},\"image\":{\"@id\":\"https:\/\/denizcankizil.tr\/de\/#\/schema\/logo\/image\/\"}},{\"@type\":\"Person\",\"@id\":\"https:\/\/denizcankizil.tr\/de\/#\/schema\/person\/be3c05fe6a12686905512445d8185489\",\"name\":\"admin\",\"image\":{\"@type\":\"ImageObject\",\"inLanguage\":\"de\",\"@id\":\"https:\/\/denizcankizil.tr\/de\/#\/schema\/person\/image\/\",\"url\":\"https:\/\/secure.gravatar.com\/avatar\/c1fce94c830dc79107e174f890d7210541c4a63e8e5d816341794a2151c9d58c?s=96&d=mm&r=g\",\"contentUrl\":\"https:\/\/secure.gravatar.com\/avatar\/c1fce94c830dc79107e174f890d7210541c4a63e8e5d816341794a2151c9d58c?s=96&d=mm&r=g\",\"caption\":\"admin\"},\"sameAs\":[\"http:\/\/denizcankizil.tr\"],\"url\":\"https:\/\/www.iskenderun.org\/manisada-hafriyat-yonetiminde-yeni-donem\"}]}<\/script>\n<!-- \/ Yoast SEO Premium plugin. -->","yoast_head_json":{"title":"Manisa\u2019da hafriyat yo\u0308netiminde yeni do\u0308nem - Av. Deniz Can K\u0131z\u0131l","robots":{"index":"index","follow":"follow","max-snippet":"max-snippet:-1","max-image-preview":"max-image-preview:large","max-video-preview":"max-video-preview:-1"},"canonical":"http:\/\/denizcankizil.tr\/de\/haberler\/gundem\/manisada-hafriyat-yonetiminde-yeni-donem\/","og_locale":"de_DE","og_type":"article","og_title":"Manisa\u2019da hafriyat yo\u0308netiminde yeni do\u0308nem","og_description":"Manisa B\u00fcy\u00fck\u015fehir Belediyesi taraf\u0131ndan hayata ge\u00e7irilen Hafriyat Y\u00f6netim Bilgi Sistemi\u2019nin ilk ay\u0131, il\u00e7e belediyelerinin de kat\u0131l\u0131m\u0131yla d\u00fczenlenen toplant\u0131da de\u011ferlendirildi. Teknik verilerin dijital sisteme entegreedilmesine dayal\u0131 yeni sistem, hafriyat miktarlar\u0131n\u0131n do\u011fru hesaplanmas\u0131n\u0131, denetim s\u00fcre\u00e7lerini h\u0131zland\u0131rarak daha etkin bir kontrol mekanizmas\u0131 olu\u015fturulmas\u0131n\u0131 ve b\u00f6ylelikle de \u00e7evrenin korunmas\u0131na da katk\u0131 sa\u011flad\u0131.MAN\u0130SA (\u0130GFA) &#8211;\u00a0Manisa B\u00fcy\u00fck\u015fehir Belediyesi \u0130klim De\u011fi\u015fikli\u011fi ve S\u0131f\u0131r At\u0131k Dairesi ile il\u00e7e belediyelerinin imar birimleri, sistemin ilk ay\u0131n\u0131 de\u011ferlendirmek \u00fczere bir araya geldi. Toplant\u0131da, yeni sisteme ge\u00e7i\u015f s\u00fcrecinin sa\u011fl\u0131kl\u0131 ilerlemesi ve il\u00e7e belediyeleri ile koordinasyonun g\u00fc\u00e7lendirilmesi konular\u0131ele al\u0131nd\u0131. \u0130l\u00e7e belediyeleri, sistemin etkinli\u011fini art\u0131rmak ad\u0131na d\u00fczenli olarak toplant\u0131lar\u0131n s\u00fcrd\u00fcr\u00fclmesini talep etti.\u00a0 TEKN\u0130K VER\u0130LERE DAYALI DENET\u0130M MEKAN\u0130ZMASI 2 Ocak 2025 itibar\u0131yla y\u00fcr\u00fcrl\u00fc\u011fe giren Hafriyat Y\u00f6netim Bilgi Sistemi, il\u00e7e belediyelerine de sorumluluk getirerek in\u015faat alanlar\u0131ndan \u00e7\u0131kan hafriyat miktarlar\u0131n\u0131n harita m\u00fchendisleri taraf\u0131ndan hesaplanmas\u0131n\u0131 zorunlu hale getirdi. Teknik verilerin dijital sisteme entegre edilmesiyle denetim s\u00fcre\u00e7lerini h\u0131zland\u0131rarak daha etkin bir kontrol mekanizmas\u0131 olu\u015fturulmas\u0131n\u0131 ve yanl\u0131\u015f bilgilendirmenin de \u00f6n\u00fcne ge\u00e7ildi. Do\u011fru veri ak\u0131\u015f\u0131 ve s\u0131k\u0131 denetimlerle birlikte hafriyat miktarlar\u0131n\u0131n eksiksiz kay\u0131t alt\u0131na al\u0131nmas\u0131 sa\u011fland\u0131. Manisa B\u00fcy\u00fck\u015fehir Belediyesi\u2019nin \u00e7evresel denetimi art\u0131rarak kent genelinde daha s\u00fcrd\u00fcr\u00fclebilir bir yap\u0131 olu\u015fturmay\u0131 hedefledi\u011fi Hafriyat Y\u00f6netim Bilgi Sistemi, do\u011fru bilgiler sayesinde gelirlerde sa\u011flad\u0131\u011f\u0131 art\u0131\u015f ve \u00e7evresel etkileriyle \u00f6rnek bir uygulama olarak dikkat \u00e7ekiyor. \u200bManisa B\u00fcy\u00fck\u015fehir &hellip;","og_url":"http:\/\/denizcankizil.tr\/de\/haberler\/gundem\/manisada-hafriyat-yonetiminde-yeni-donem\/","og_site_name":"Av. Deniz Can K\u0131z\u0131l","article_published_time":"2025-02-13T04:41:36+00:00","author":"admin","twitter_card":"summary_large_image","twitter_misc":{"Verfasst von":"admin","Gesch\u00e4tzte Lesezeit":"3\u00a0Minuten"},"schema":{"@context":"https:\/\/schema.org","@graph":[{"@type":"Article","@id":"http:\/\/denizcankizil.tr\/en\/haberler\/gundem\/manisada-hafriyat-yonetiminde-yeni-donem\/#article","isPartOf":{"@id":"http:\/\/denizcankizil.tr\/en\/haberler\/gundem\/manisada-hafriyat-yonetiminde-yeni-donem\/"},"author":{"name":"admin","@id":"https:\/\/denizcankizil.tr\/de\/#\/schema\/person\/be3c05fe6a12686905512445d8185489"},"headline":"Manisa\u2019da hafriyat yo\u0308netiminde yeni do\u0308nem","datePublished":"2025-02-13T04:41:36+00:00","mainEntityOfPage":{"@id":"http:\/\/denizcankizil.tr\/en\/haberler\/gundem\/manisada-hafriyat-yonetiminde-yeni-donem\/"},"wordCount":622,"commentCount":0,"publisher":{"@id":"https:\/\/denizcankizil.tr\/de\/#organization"},"articleSection":["G\u00fcndem"],"inLanguage":"de","potentialAction":[{"@type":"CommentAction","name":"Comment","target":["http:\/\/denizcankizil.tr\/en\/haberler\/gundem\/manisada-hafriyat-yonetiminde-yeni-donem\/#respond"]}]},{"@type":"WebPage","@id":"http:\/\/denizcankizil.tr\/en\/haberler\/gundem\/manisada-hafriyat-yonetiminde-yeni-donem\/","url":"http:\/\/denizcankizil.tr\/en\/haberler\/gundem\/manisada-hafriyat-yonetiminde-yeni-donem\/","name":"Manisa\u2019da hafriyat yo\u0308netiminde yeni do\u0308nem - Av. Deniz Can K\u0131z\u0131l","isPartOf":{"@id":"https:\/\/denizcankizil.tr\/de\/#website"},"datePublished":"2025-02-13T04:41:36+00:00","breadcrumb":{"@id":"http:\/\/denizcankizil.tr\/en\/haberler\/gundem\/manisada-hafriyat-yonetiminde-yeni-donem\/#breadcrumb"},"inLanguage":"de","potentialAction":[{"@type":"ReadAction","target":["http:\/\/denizcankizil.tr\/en\/haberler\/gundem\/manisada-hafriyat-yonetiminde-yeni-donem\/"]}]},{"@type":"BreadcrumbList","@id":"http:\/\/denizcankizil.tr\/en\/haberler\/gundem\/manisada-hafriyat-yonetiminde-yeni-donem\/#breadcrumb","itemListElement":[{"@type":"ListItem","position":1,"name":"Home","item":"https:\/\/denizcankizil.tr\/de\/"},{"@type":"ListItem","position":2,"name":"Manisa\u2019da hafriyat yo\u0308netiminde yeni do\u0308nem"}]},{"@type":"WebSite","@id":"https:\/\/denizcankizil.tr\/de\/#website","url":"https:\/\/denizcankizil.tr\/de\/","name":"Av. Deniz Can K\u0131z\u0131l","description":"Avukat Deniz Can K\u0131z\u0131l Antalya Barosu","publisher":{"@id":"https:\/\/denizcankizil.tr\/de\/#organization"},"potentialAction":[{"@type":"SearchAction","target":{"@type":"EntryPoint","urlTemplate":"https:\/\/denizcankizil.tr\/de\/?s={search_term_string}"},"query-input":{"@type":"PropertyValueSpecification","valueRequired":true,"valueName":"search_term_string"}}],"inLanguage":"de"},{"@type":"Organization","@id":"https:\/\/denizcankizil.tr\/de\/#organization","name":"Av. Deniz Can K\u0131z\u0131l","url":"https:\/\/denizcankizil.tr\/de\/","logo":{"@type":"ImageObject","inLanguage":"de","@id":"https:\/\/denizcankizil.tr\/de\/#\/schema\/logo\/image\/","url":"http:\/\/denizcankizil.tr\/wp-content\/uploads\/2024\/10\/siyah-logo-svg.svg","contentUrl":"http:\/\/denizcankizil.tr\/wp-content\/uploads\/2024\/10\/siyah-logo-svg.svg","width":1080,"height":1080,"caption":"Av. Deniz Can K\u0131z\u0131l"},"image":{"@id":"https:\/\/denizcankizil.tr\/de\/#\/schema\/logo\/image\/"}},{"@type":"Person","@id":"https:\/\/denizcankizil.tr\/de\/#\/schema\/person\/be3c05fe6a12686905512445d8185489","name":"Administrator","image":{"@type":"ImageObject","inLanguage":"de","@id":"https:\/\/denizcankizil.tr\/de\/#\/schema\/person\/image\/","url":"https:\/\/secure.gravatar.com\/avatar\/c1fce94c830dc79107e174f890d7210541c4a63e8e5d816341794a2151c9d58c?s=96&d=mm&r=g","contentUrl":"https:\/\/secure.gravatar.com\/avatar\/c1fce94c830dc79107e174f890d7210541c4a63e8e5d816341794a2151c9d58c?s=96&d=mm&r=g","caption":"admin"},"sameAs":["http:\/\/denizcankizil.tr"],"url":"https:\/\/www.iskenderun.org\/manisada-hafriyat-yonetiminde-yeni-donem"}]}},"_links":{"self":[{"href":"http:\/\/denizcankizil.tr\/de\/wp-json\/wp\/v2\/posts\/32423","targetHints":{"allow":["GET"]}}],"collection":[{"href":"http:\/\/denizcankizil.tr\/de\/wp-json\/wp\/v2\/posts"}],"about":[{"href":"http:\/\/denizcankizil.tr\/de\/wp-json\/wp\/v2\/types\/post"}],"author":[{"embeddable":true,"href":"http:\/\/denizcankizil.tr\/de\/wp-json\/wp\/v2\/users\/1"}],"replies":[{"embeddable":true,"href":"http:\/\/denizcankizil.tr\/de\/wp-json\/wp\/v2\/comments?post=32423"}],"version-history":[{"count":0,"href":"http:\/\/denizcankizil.tr\/de\/wp-json\/wp\/v2\/posts\/32423\/revisions"}],"wp:attachment":[{"href":"http:\/\/denizcankizil.tr\/de\/wp-json\/wp\/v2\/media?parent=32423"}],"wp:term":[{"taxonomy":"category","embeddable":true,"href":"http:\/\/denizcankizil.tr\/de\/wp-json\/wp\/v2\/categories?post=32423"},{"taxonomy":"post_tag","embeddable":true,"href":"http:\/\/denizcankizil.tr\/de\/wp-json\/wp\/v2\/tags?post=32423"}],"curies":[{"name":"wp","href":"https:\/\/api.w.org\/{rel}","templated":true}]}}