{"id":32419,"date":"2025-02-13T07:41:32","date_gmt":"2025-02-13T04:41:32","guid":{"rendered":"https:\/\/denizcankizil.tr\/uncategorized-tr\/inegol-belediyesi-sehir-arastirmalari-merkezi-kuruluyor\/"},"modified":"2025-02-13T07:41:32","modified_gmt":"2025-02-13T04:41:32","slug":"inegol-belediyesi-sehir-arastirmalari-merkezi-kuruluyor","status":"publish","type":"post","link":"http:\/\/denizcankizil.tr\/de\/haberler\/gundem\/inegol-belediyesi-sehir-arastirmalari-merkezi-kuruluyor\/","title":{"rendered":"\u0130neg\u00f6l Belediyesi \u015eehir Ara\u015ft\u0131rmalar\u0131 Merkezi Kuruluyor"},"content":{"rendered":"<p>\u0130neg\u00f6l Belediye Ba\u015fkan\u0131 Alper Taban, \u015fehrin ge\u00e7mi\u015fi ile gelece\u011fi aras\u0131nda k\u00f6pr\u00fc vazifesi g\u00f6recek \u0130neg\u00f6l Belediyesi \u015eehir Ara\u015ft\u0131rmalar\u0131 Merkezi\u2019nin kuruldu\u011funu duyurdu. Merkezin ilk faaliyeti de 22 \u015eubat\u2019ta yap\u0131lacak \u201cHalk Bilimi \u00c7al\u0131\u015ftay\u0131\u201d olaca\u011f\u0131 a\u00e7\u0131kland\u0131.<\/p>\n<p>\u200b\u0130neg\u00f6l Belediye Ba\u015fkan\u0131 Alper Taban, \u015fehrin ge\u00e7mi\u015fi ile gelece\u011fi aras\u0131nda k\u00f6pr\u00fc vazifesi g\u00f6recek \u0130neg\u00f6l Belediyesi \u015eehir Ara\u015ft\u0131rmalar\u0131 Merkezi\u2019nin kuruldu\u011funu duyurdu. Merkezin ilk faaliyeti de 22 \u015eubat\u2019ta yap\u0131lacak \u201cHalk Bilimi \u00c7al\u0131\u015ftay\u0131\u201d olaca\u011f\u0131 a\u00e7\u0131kland\u0131.\u00a0<\/p>\n<p>\u200bHaberin Al\u0131nt\u0131land\u0131\u011f\u0131 Kaynak: www.iskenderun.org<\/p>","protected":false},"excerpt":{"rendered":"<p>\u0130neg\u00f6l Belediye Ba\u015fkan\u0131 Alper Taban, \u015fehrin ge\u00e7mi\u015fi ile gelece\u011fi aras\u0131nda k\u00f6pr\u00fc vazifesi g\u00f6recek \u0130neg\u00f6l Belediyesi \u015eehir Ara\u015ft\u0131rmalar\u0131 Merkezi\u2019nin kuruldu\u011funu duyurdu. Merkezin ilk faaliyeti de 22 \u015eubat\u2019ta yap\u0131lacak \u201cHalk Bilimi \u00c7al\u0131\u015ftay\u0131\u201d olaca\u011f\u0131 a\u00e7\u0131kland\u0131. \u200b\u0130neg\u00f6l Belediye Ba\u015fkan\u0131 Alper Taban, \u015fehrin ge\u00e7mi\u015fi ile gelece\u011fi aras\u0131nda k\u00f6pr\u00fc vazifesi g\u00f6recek \u0130neg\u00f6l Belediyesi \u015eehir Ara\u015ft\u0131rmalar\u0131 Merkezi\u2019nin kuruldu\u011funu duyurdu. Merkezin ilk faaliyeti de 22 \u015eubat\u2019ta yap\u0131lacak \u201cHalk Bilimi \u00c7al\u0131\u015ftay\u0131\u201d olaca\u011f\u0131 a\u00e7\u0131kland\u0131.\u00a0 \u200bHaberin Al\u0131nt\u0131land\u0131\u011f\u0131 Kaynak: www.iskenderun.org<\/p>","protected":false},"author":1,"featured_media":0,"comment_status":"open","ping_status":"open","sticky":false,"template":"","format":"standard","meta":{"_acf_changed":false,"footnotes":""},"categories":[24],"tags":[],"class_list":["post-32419","post","type-post","status-publish","format-standard","has-post-thumbnail","hentry","category-gundem"],"acf":[],"yoast_head":"<!-- This site is optimized with the Yoast SEO Premium plugin v26.6 (Yoast SEO v27.1.1) - https:\/\/yoast.com\/product\/yoast-seo-premium-wordpress\/ -->\n<title>\u0130neg\u00f6l Belediyesi \u015eehir Ara\u015ft\u0131rmalar\u0131 Merkezi Kuruluyor - Av. Deniz Can K\u0131z\u0131l<\/title>\n<meta name=\"robots\" content=\"index, follow, max-snippet:-1, max-image-preview:large, max-video-preview:-1\" \/>\n<link rel=\"canonical\" href=\"https:\/\/denizcankizil.tr\/de\/haberler\/gundem\/inegol-belediyesi-sehir-arastirmalari-merkezi-kuruluyor\/\" \/>\n<meta property=\"og:locale\" content=\"de_DE\" \/>\n<meta property=\"og:type\" content=\"article\" \/>\n<meta property=\"og:title\" content=\"\u0130neg\u00f6l Belediyesi \u015eehir Ara\u015ft\u0131rmalar\u0131 Merkezi Kuruluyor\" \/>\n<meta property=\"og:description\" content=\"\u0130neg\u00f6l Belediye Ba\u015fkan\u0131 Alper Taban, \u015fehrin ge\u00e7mi\u015fi ile gelece\u011fi aras\u0131nda k\u00f6pr\u00fc vazifesi g\u00f6recek \u0130neg\u00f6l Belediyesi \u015eehir Ara\u015ft\u0131rmalar\u0131 Merkezi\u2019nin kuruldu\u011funu duyurdu. Merkezin ilk faaliyeti de 22 \u015eubat\u2019ta yap\u0131lacak \u201cHalk Bilimi \u00c7al\u0131\u015ftay\u0131\u201d olaca\u011f\u0131 a\u00e7\u0131kland\u0131. \u200b\u0130neg\u00f6l Belediye Ba\u015fkan\u0131 Alper Taban, \u015fehrin ge\u00e7mi\u015fi ile gelece\u011fi aras\u0131nda k\u00f6pr\u00fc vazifesi g\u00f6recek \u0130neg\u00f6l Belediyesi \u015eehir Ara\u015ft\u0131rmalar\u0131 Merkezi\u2019nin kuruldu\u011funu duyurdu. Merkezin ilk faaliyeti de 22 \u015eubat\u2019ta yap\u0131lacak \u201cHalk Bilimi \u00c7al\u0131\u015ftay\u0131\u201d olaca\u011f\u0131 a\u00e7\u0131kland\u0131.\u00a0 \u200bHaberin Al\u0131nt\u0131land\u0131\u011f\u0131 Kaynak: www.iskenderun.org\" \/>\n<meta property=\"og:url\" content=\"https:\/\/denizcankizil.tr\/de\/haberler\/gundem\/inegol-belediyesi-sehir-arastirmalari-merkezi-kuruluyor\/\" \/>\n<meta property=\"og:site_name\" content=\"Av. Deniz Can K\u0131z\u0131l\" \/>\n<meta property=\"article:published_time\" content=\"2025-02-13T04:41:32+00:00\" \/>\n<meta name=\"author\" content=\"admin\" \/>\n<meta name=\"twitter:card\" content=\"summary_large_image\" \/>\n<meta name=\"twitter:label1\" content=\"Verfasst von\" \/>\n\t<meta name=\"twitter:data1\" content=\"admin\" \/>\n\t<meta name=\"twitter:label2\" content=\"Gesch\u00e4tzte Lesezeit\" \/>\n\t<meta name=\"twitter:data2\" content=\"1\u00a0Minute\" \/>\n<script type=\"application\/ld+json\" class=\"yoast-schema-graph\">{\"@context\":\"https:\/\/schema.org\",\"@graph\":[{\"@type\":\"Article\",\"@id\":\"https:\/\/denizcankizil.tr\/ru\/haberler\/gundem\/inegol-belediyesi-sehir-arastirmalari-merkezi-kuruluyor\/#article\",\"isPartOf\":{\"@id\":\"https:\/\/denizcankizil.tr\/ru\/haberler\/gundem\/inegol-belediyesi-sehir-arastirmalari-merkezi-kuruluyor\/\"},\"author\":{\"name\":\"admin\",\"@id\":\"https:\/\/denizcankizil.tr\/de\/#\/schema\/person\/be3c05fe6a12686905512445d8185489\"},\"headline\":\"\u0130neg\u00f6l Belediyesi \u015eehir Ara\u015ft\u0131rmalar\u0131 Merkezi Kuruluyor\",\"datePublished\":\"2025-02-13T04:41:32+00:00\",\"mainEntityOfPage\":{\"@id\":\"https:\/\/denizcankizil.tr\/ru\/haberler\/gundem\/inegol-belediyesi-sehir-arastirmalari-merkezi-kuruluyor\/\"},\"wordCount\":113,\"commentCount\":0,\"publisher\":{\"@id\":\"https:\/\/denizcankizil.tr\/de\/#organization\"},\"articleSection\":[\"G\u00fcndem\"],\"inLanguage\":\"de\",\"potentialAction\":[{\"@type\":\"CommentAction\",\"name\":\"Comment\",\"target\":[\"https:\/\/denizcankizil.tr\/ru\/haberler\/gundem\/inegol-belediyesi-sehir-arastirmalari-merkezi-kuruluyor\/#respond\"]}]},{\"@type\":\"WebPage\",\"@id\":\"https:\/\/denizcankizil.tr\/ru\/haberler\/gundem\/inegol-belediyesi-sehir-arastirmalari-merkezi-kuruluyor\/\",\"url\":\"https:\/\/denizcankizil.tr\/ru\/haberler\/gundem\/inegol-belediyesi-sehir-arastirmalari-merkezi-kuruluyor\/\",\"name\":\"\u0130neg\u00f6l Belediyesi \u015eehir Ara\u015ft\u0131rmalar\u0131 Merkezi Kuruluyor - Av. Deniz Can K\u0131z\u0131l\",\"isPartOf\":{\"@id\":\"https:\/\/denizcankizil.tr\/de\/#website\"},\"datePublished\":\"2025-02-13T04:41:32+00:00\",\"breadcrumb\":{\"@id\":\"https:\/\/denizcankizil.tr\/ru\/haberler\/gundem\/inegol-belediyesi-sehir-arastirmalari-merkezi-kuruluyor\/#breadcrumb\"},\"inLanguage\":\"de\",\"potentialAction\":[{\"@type\":\"ReadAction\",\"target\":[\"https:\/\/denizcankizil.tr\/ru\/haberler\/gundem\/inegol-belediyesi-sehir-arastirmalari-merkezi-kuruluyor\/\"]}]},{\"@type\":\"BreadcrumbList\",\"@id\":\"https:\/\/denizcankizil.tr\/ru\/haberler\/gundem\/inegol-belediyesi-sehir-arastirmalari-merkezi-kuruluyor\/#breadcrumb\",\"itemListElement\":[{\"@type\":\"ListItem\",\"position\":1,\"name\":\"Home\",\"item\":\"https:\/\/denizcankizil.tr\/de\/\"},{\"@type\":\"ListItem\",\"position\":2,\"name\":\"\u0130neg\u00f6l Belediyesi \u015eehir Ara\u015ft\u0131rmalar\u0131 Merkezi Kuruluyor\"}]},{\"@type\":\"WebSite\",\"@id\":\"https:\/\/denizcankizil.tr\/de\/#website\",\"url\":\"https:\/\/denizcankizil.tr\/de\/\",\"name\":\"Av. Deniz Can K\u0131z\u0131l\",\"description\":\"Avukat Deniz Can K\u0131z\u0131l Antalya Barosu\",\"publisher\":{\"@id\":\"https:\/\/denizcankizil.tr\/de\/#organization\"},\"potentialAction\":[{\"@type\":\"SearchAction\",\"target\":{\"@type\":\"EntryPoint\",\"urlTemplate\":\"https:\/\/denizcankizil.tr\/de\/?s={search_term_string}\"},\"query-input\":{\"@type\":\"PropertyValueSpecification\",\"valueRequired\":true,\"valueName\":\"search_term_string\"}}],\"inLanguage\":\"de\"},{\"@type\":\"Organization\",\"@id\":\"https:\/\/denizcankizil.tr\/de\/#organization\",\"name\":\"Av. Deniz Can K\u0131z\u0131l\",\"url\":\"https:\/\/denizcankizil.tr\/de\/\",\"logo\":{\"@type\":\"ImageObject\",\"inLanguage\":\"de\",\"@id\":\"https:\/\/denizcankizil.tr\/de\/#\/schema\/logo\/image\/\",\"url\":\"http:\/\/denizcankizil.tr\/wp-content\/uploads\/2024\/10\/siyah-logo-svg.svg\",\"contentUrl\":\"http:\/\/denizcankizil.tr\/wp-content\/uploads\/2024\/10\/siyah-logo-svg.svg\",\"width\":1080,\"height\":1080,\"caption\":\"Av. Deniz Can K\u0131z\u0131l\"},\"image\":{\"@id\":\"https:\/\/denizcankizil.tr\/de\/#\/schema\/logo\/image\/\"}},{\"@type\":\"Person\",\"@id\":\"https:\/\/denizcankizil.tr\/de\/#\/schema\/person\/be3c05fe6a12686905512445d8185489\",\"name\":\"admin\",\"image\":{\"@type\":\"ImageObject\",\"inLanguage\":\"de\",\"@id\":\"https:\/\/denizcankizil.tr\/de\/#\/schema\/person\/image\/\",\"url\":\"https:\/\/secure.gravatar.com\/avatar\/c1fce94c830dc79107e174f890d7210541c4a63e8e5d816341794a2151c9d58c?s=96&d=mm&r=g\",\"contentUrl\":\"https:\/\/secure.gravatar.com\/avatar\/c1fce94c830dc79107e174f890d7210541c4a63e8e5d816341794a2151c9d58c?s=96&d=mm&r=g\",\"caption\":\"admin\"},\"sameAs\":[\"http:\/\/denizcankizil.tr\"],\"url\":\"https:\/\/www.iskenderun.org\/inegol-belediyesi-sehir-arastirmalari-merkezi-kuruluyor\"}]}<\/script>\n<!-- \/ Yoast SEO Premium plugin. -->","yoast_head_json":{"title":"\u0130neg\u00f6l Belediyesi \u015eehir Ara\u015ft\u0131rmalar\u0131 Merkezi Kuruluyor - Av. Deniz Can K\u0131z\u0131l","robots":{"index":"index","follow":"follow","max-snippet":"max-snippet:-1","max-image-preview":"max-image-preview:large","max-video-preview":"max-video-preview:-1"},"canonical":"https:\/\/denizcankizil.tr\/de\/haberler\/gundem\/inegol-belediyesi-sehir-arastirmalari-merkezi-kuruluyor\/","og_locale":"de_DE","og_type":"article","og_title":"\u0130neg\u00f6l Belediyesi \u015eehir Ara\u015ft\u0131rmalar\u0131 Merkezi Kuruluyor","og_description":"\u0130neg\u00f6l Belediye Ba\u015fkan\u0131 Alper Taban, \u015fehrin ge\u00e7mi\u015fi ile gelece\u011fi aras\u0131nda k\u00f6pr\u00fc vazifesi g\u00f6recek \u0130neg\u00f6l Belediyesi \u015eehir Ara\u015ft\u0131rmalar\u0131 Merkezi\u2019nin kuruldu\u011funu duyurdu. Merkezin ilk faaliyeti de 22 \u015eubat\u2019ta yap\u0131lacak \u201cHalk Bilimi \u00c7al\u0131\u015ftay\u0131\u201d olaca\u011f\u0131 a\u00e7\u0131kland\u0131. \u200b\u0130neg\u00f6l Belediye Ba\u015fkan\u0131 Alper Taban, \u015fehrin ge\u00e7mi\u015fi ile gelece\u011fi aras\u0131nda k\u00f6pr\u00fc vazifesi g\u00f6recek \u0130neg\u00f6l Belediyesi \u015eehir Ara\u015ft\u0131rmalar\u0131 Merkezi\u2019nin kuruldu\u011funu duyurdu. Merkezin ilk faaliyeti de 22 \u015eubat\u2019ta yap\u0131lacak \u201cHalk Bilimi \u00c7al\u0131\u015ftay\u0131\u201d olaca\u011f\u0131 a\u00e7\u0131kland\u0131.\u00a0 \u200bHaberin Al\u0131nt\u0131land\u0131\u011f\u0131 Kaynak: www.iskenderun.org","og_url":"https:\/\/denizcankizil.tr\/de\/haberler\/gundem\/inegol-belediyesi-sehir-arastirmalari-merkezi-kuruluyor\/","og_site_name":"Av. Deniz Can K\u0131z\u0131l","article_published_time":"2025-02-13T04:41:32+00:00","author":"admin","twitter_card":"summary_large_image","twitter_misc":{"Verfasst von":"admin","Gesch\u00e4tzte Lesezeit":"1\u00a0Minute"},"schema":{"@context":"https:\/\/schema.org","@graph":[{"@type":"Article","@id":"https:\/\/denizcankizil.tr\/ru\/haberler\/gundem\/inegol-belediyesi-sehir-arastirmalari-merkezi-kuruluyor\/#article","isPartOf":{"@id":"https:\/\/denizcankizil.tr\/ru\/haberler\/gundem\/inegol-belediyesi-sehir-arastirmalari-merkezi-kuruluyor\/"},"author":{"name":"admin","@id":"https:\/\/denizcankizil.tr\/de\/#\/schema\/person\/be3c05fe6a12686905512445d8185489"},"headline":"\u0130neg\u00f6l Belediyesi \u015eehir Ara\u015ft\u0131rmalar\u0131 Merkezi Kuruluyor","datePublished":"2025-02-13T04:41:32+00:00","mainEntityOfPage":{"@id":"https:\/\/denizcankizil.tr\/ru\/haberler\/gundem\/inegol-belediyesi-sehir-arastirmalari-merkezi-kuruluyor\/"},"wordCount":113,"commentCount":0,"publisher":{"@id":"https:\/\/denizcankizil.tr\/de\/#organization"},"articleSection":["G\u00fcndem"],"inLanguage":"de","potentialAction":[{"@type":"CommentAction","name":"Comment","target":["https:\/\/denizcankizil.tr\/ru\/haberler\/gundem\/inegol-belediyesi-sehir-arastirmalari-merkezi-kuruluyor\/#respond"]}]},{"@type":"WebPage","@id":"https:\/\/denizcankizil.tr\/ru\/haberler\/gundem\/inegol-belediyesi-sehir-arastirmalari-merkezi-kuruluyor\/","url":"https:\/\/denizcankizil.tr\/ru\/haberler\/gundem\/inegol-belediyesi-sehir-arastirmalari-merkezi-kuruluyor\/","name":"\u0130neg\u00f6l Belediyesi \u015eehir Ara\u015ft\u0131rmalar\u0131 Merkezi Kuruluyor - Av. Deniz Can K\u0131z\u0131l","isPartOf":{"@id":"https:\/\/denizcankizil.tr\/de\/#website"},"datePublished":"2025-02-13T04:41:32+00:00","breadcrumb":{"@id":"https:\/\/denizcankizil.tr\/ru\/haberler\/gundem\/inegol-belediyesi-sehir-arastirmalari-merkezi-kuruluyor\/#breadcrumb"},"inLanguage":"de","potentialAction":[{"@type":"ReadAction","target":["https:\/\/denizcankizil.tr\/ru\/haberler\/gundem\/inegol-belediyesi-sehir-arastirmalari-merkezi-kuruluyor\/"]}]},{"@type":"BreadcrumbList","@id":"https:\/\/denizcankizil.tr\/ru\/haberler\/gundem\/inegol-belediyesi-sehir-arastirmalari-merkezi-kuruluyor\/#breadcrumb","itemListElement":[{"@type":"ListItem","position":1,"name":"Home","item":"https:\/\/denizcankizil.tr\/de\/"},{"@type":"ListItem","position":2,"name":"\u0130neg\u00f6l Belediyesi \u015eehir Ara\u015ft\u0131rmalar\u0131 Merkezi Kuruluyor"}]},{"@type":"WebSite","@id":"https:\/\/denizcankizil.tr\/de\/#website","url":"https:\/\/denizcankizil.tr\/de\/","name":"Av. Deniz Can K\u0131z\u0131l","description":"Avukat Deniz Can K\u0131z\u0131l Antalya Barosu","publisher":{"@id":"https:\/\/denizcankizil.tr\/de\/#organization"},"potentialAction":[{"@type":"SearchAction","target":{"@type":"EntryPoint","urlTemplate":"https:\/\/denizcankizil.tr\/de\/?s={search_term_string}"},"query-input":{"@type":"PropertyValueSpecification","valueRequired":true,"valueName":"search_term_string"}}],"inLanguage":"de"},{"@type":"Organization","@id":"https:\/\/denizcankizil.tr\/de\/#organization","name":"Av. Deniz Can K\u0131z\u0131l","url":"https:\/\/denizcankizil.tr\/de\/","logo":{"@type":"ImageObject","inLanguage":"de","@id":"https:\/\/denizcankizil.tr\/de\/#\/schema\/logo\/image\/","url":"http:\/\/denizcankizil.tr\/wp-content\/uploads\/2024\/10\/siyah-logo-svg.svg","contentUrl":"http:\/\/denizcankizil.tr\/wp-content\/uploads\/2024\/10\/siyah-logo-svg.svg","width":1080,"height":1080,"caption":"Av. Deniz Can K\u0131z\u0131l"},"image":{"@id":"https:\/\/denizcankizil.tr\/de\/#\/schema\/logo\/image\/"}},{"@type":"Person","@id":"https:\/\/denizcankizil.tr\/de\/#\/schema\/person\/be3c05fe6a12686905512445d8185489","name":"Administrator","image":{"@type":"ImageObject","inLanguage":"de","@id":"https:\/\/denizcankizil.tr\/de\/#\/schema\/person\/image\/","url":"https:\/\/secure.gravatar.com\/avatar\/c1fce94c830dc79107e174f890d7210541c4a63e8e5d816341794a2151c9d58c?s=96&d=mm&r=g","contentUrl":"https:\/\/secure.gravatar.com\/avatar\/c1fce94c830dc79107e174f890d7210541c4a63e8e5d816341794a2151c9d58c?s=96&d=mm&r=g","caption":"admin"},"sameAs":["http:\/\/denizcankizil.tr"],"url":"https:\/\/www.iskenderun.org\/inegol-belediyesi-sehir-arastirmalari-merkezi-kuruluyor"}]}},"_links":{"self":[{"href":"http:\/\/denizcankizil.tr\/de\/wp-json\/wp\/v2\/posts\/32419","targetHints":{"allow":["GET"]}}],"collection":[{"href":"http:\/\/denizcankizil.tr\/de\/wp-json\/wp\/v2\/posts"}],"about":[{"href":"http:\/\/denizcankizil.tr\/de\/wp-json\/wp\/v2\/types\/post"}],"author":[{"embeddable":true,"href":"http:\/\/denizcankizil.tr\/de\/wp-json\/wp\/v2\/users\/1"}],"replies":[{"embeddable":true,"href":"http:\/\/denizcankizil.tr\/de\/wp-json\/wp\/v2\/comments?post=32419"}],"version-history":[{"count":0,"href":"http:\/\/denizcankizil.tr\/de\/wp-json\/wp\/v2\/posts\/32419\/revisions"}],"wp:attachment":[{"href":"http:\/\/denizcankizil.tr\/de\/wp-json\/wp\/v2\/media?parent=32419"}],"wp:term":[{"taxonomy":"category","embeddable":true,"href":"http:\/\/denizcankizil.tr\/de\/wp-json\/wp\/v2\/categories?post=32419"},{"taxonomy":"post_tag","embeddable":true,"href":"http:\/\/denizcankizil.tr\/de\/wp-json\/wp\/v2\/tags?post=32419"}],"curies":[{"name":"wp","href":"https:\/\/api.w.org\/{rel}","templated":true}]}}