{"id":32011,"date":"2025-02-11T15:41:29","date_gmt":"2025-02-11T12:41:29","guid":{"rendered":"https:\/\/denizcankizil.tr\/uncategorized-tr\/14-subat-sevgililer-gunune-ozel-iki-konser\/"},"modified":"2025-02-11T15:41:29","modified_gmt":"2025-02-11T12:41:29","slug":"14-subat-sevgililer-gunune-ozel-iki-konser","status":"publish","type":"post","link":"http:\/\/denizcankizil.tr\/de\/haberler\/antalya\/14-subat-sevgililer-gunune-ozel-iki-konser\/","title":{"rendered":"14 \u015eubat Sevgililer G\u00fcn\u00fc\u2019ne \u00f6zel iki konser"},"content":{"rendered":"<p>Antalya B\u00fcy\u00fck\u015fehir Belediyesi \u0130smail Baha S\u00fcrelsan Konservatuvar\u0131 TSM \u0130cra Heyeti, 14 \u015eubat Sevgililer G\u00fcn\u00fc\u2019n\u00fc sevda \u015fark\u0131lar\u0131yla daha da \u00f6zel k\u0131lacak. Atat\u00fcrk K\u00fclt\u00fcr Merkezi (AKM) Perge Salonu\u2019nda 14 \u015eubat Cuma saat 20.0\u2019de d\u00fczenlenecek konserde Umut Murat Aytekin \u015fefli\u011finde \u0130smail Baha S\u00fcrelsan Konservatuvar\u0131 TSM \u0130cra Heyeti\u2019ni \u2018Sevda\u2019ya Dair\u2019 \u015fark\u0131lar konseriyle en g\u00fczel \u015fark\u0131lar\u0131 seslendirilecek.<br \/>\n15 \u015eubat\u2019ta sevgililer g\u00fcn\u00fc konseri<br \/>\nAntalya B\u00fcy\u00fck\u015fehir Belediyesi Bando ve Kent Orkestras\u0131 da 15 \u015eubat Cumartesi G\u00fcn\u00fc \u2018Sevgililer Konseri\u2019 ile a\u015fk dolu bir gece sunacak. AKM Aspendos Salonu\u2019nda saat 20.30\u2019da ba\u015flayacak konserde Umut \u00d6zdiken \u015fefli\u011finde, Elif Eda Sara\u00e7lar, S\u0131lay Erman ve Ersan Tay solistli\u011finde Antalyal\u0131lara unutulmaz bir konser verecek.<\/p>\n<p>Kaynak: www.kanalv.com.tr Haber Sitesinden Al\u0131nm\u0131\u015ft\u0131r.<\/p>","protected":false},"excerpt":{"rendered":"<p>Antalya B\u00fcy\u00fck\u015fehir Belediyesi \u0130smail Baha S\u00fcrelsan Konservatuvar\u0131 TSM \u0130cra Heyeti, 14 \u015eubat Sevgililer G\u00fcn\u00fc\u2019n\u00fc sevda \u015fark\u0131lar\u0131yla daha da \u00f6zel k\u0131lacak. Atat\u00fcrk K\u00fclt\u00fcr Merkezi (AKM) Perge Salonu\u2019nda 14 \u015eubat Cuma saat 20.0\u2019de d\u00fczenlenecek konserde Umut Murat Aytekin \u015fefli\u011finde \u0130smail Baha S\u00fcrelsan Konservatuvar\u0131 TSM \u0130cra Heyeti\u2019ni \u2018Sevda\u2019ya Dair\u2019 \u015fark\u0131lar konseriyle en g\u00fczel \u015fark\u0131lar\u0131 seslendirilecek. 15 \u015eubat\u2019ta sevgililer g\u00fcn\u00fc konseri Antalya B\u00fcy\u00fck\u015fehir Belediyesi Bando ve Kent Orkestras\u0131 da 15 \u015eubat Cumartesi G\u00fcn\u00fc \u2018Sevgililer Konseri\u2019 ile a\u015fk dolu bir gece sunacak. AKM Aspendos Salonu\u2019nda saat 20.30\u2019da ba\u015flayacak konserde Umut \u00d6zdiken \u015fefli\u011finde, Elif Eda Sara\u00e7lar, S\u0131lay Erman ve Ersan Tay solistli\u011finde Antalyal\u0131lara unutulmaz bir konser verecek. Kaynak: www.kanalv.com.tr Haber Sitesinden Al\u0131nm\u0131\u015ft\u0131r.<\/p>","protected":false},"author":4,"featured_media":32012,"comment_status":"open","ping_status":"open","sticky":false,"template":"","format":"standard","meta":{"_acf_changed":false,"footnotes":""},"categories":[26],"tags":[],"class_list":["post-32011","post","type-post","status-publish","format-standard","has-post-thumbnail","hentry","category-antalya"],"acf":[],"yoast_head":"<!-- This site is optimized with the Yoast SEO Premium plugin v26.6 (Yoast SEO v27.1.1) - https:\/\/yoast.com\/product\/yoast-seo-premium-wordpress\/ -->\n<title>14 \u015eubat Sevgililer G\u00fcn\u00fc\u2019ne \u00f6zel iki konser - Av. Deniz Can K\u0131z\u0131l<\/title>\n<meta name=\"robots\" content=\"index, follow, max-snippet:-1, max-image-preview:large, max-video-preview:-1\" \/>\n<link rel=\"canonical\" href=\"http:\/\/denizcankizil.tr\/de\/haberler\/antalya\/14-subat-sevgililer-gunune-ozel-iki-konser\/\" \/>\n<meta property=\"og:locale\" content=\"de_DE\" \/>\n<meta property=\"og:type\" content=\"article\" \/>\n<meta property=\"og:title\" content=\"14 \u015eubat Sevgililer G\u00fcn\u00fc\u2019ne \u00f6zel iki konser\" \/>\n<meta property=\"og:description\" content=\"Antalya B\u00fcy\u00fck\u015fehir Belediyesi \u0130smail Baha S\u00fcrelsan Konservatuvar\u0131 TSM \u0130cra Heyeti, 14 \u015eubat Sevgililer G\u00fcn\u00fc\u2019n\u00fc sevda \u015fark\u0131lar\u0131yla daha da \u00f6zel k\u0131lacak. Atat\u00fcrk K\u00fclt\u00fcr Merkezi (AKM) Perge Salonu\u2019nda 14 \u015eubat Cuma saat 20.0\u2019de d\u00fczenlenecek konserde Umut Murat Aytekin \u015fefli\u011finde \u0130smail Baha S\u00fcrelsan Konservatuvar\u0131 TSM \u0130cra Heyeti\u2019ni \u2018Sevda\u2019ya Dair\u2019 \u015fark\u0131lar konseriyle en g\u00fczel \u015fark\u0131lar\u0131 seslendirilecek. 15 \u015eubat\u2019ta sevgililer g\u00fcn\u00fc konseri Antalya B\u00fcy\u00fck\u015fehir Belediyesi Bando ve Kent Orkestras\u0131 da 15 \u015eubat Cumartesi G\u00fcn\u00fc \u2018Sevgililer Konseri\u2019 ile a\u015fk dolu bir gece sunacak. AKM Aspendos Salonu\u2019nda saat 20.30\u2019da ba\u015flayacak konserde Umut \u00d6zdiken \u015fefli\u011finde, Elif Eda Sara\u00e7lar, S\u0131lay Erman ve Ersan Tay solistli\u011finde Antalyal\u0131lara unutulmaz bir konser verecek. Kaynak: www.kanalv.com.tr Haber Sitesinden Al\u0131nm\u0131\u015ft\u0131r.\" \/>\n<meta property=\"og:url\" content=\"http:\/\/denizcankizil.tr\/de\/haberler\/antalya\/14-subat-sevgililer-gunune-ozel-iki-konser\/\" \/>\n<meta property=\"og:site_name\" content=\"Av. Deniz Can K\u0131z\u0131l\" \/>\n<meta property=\"article:published_time\" content=\"2025-02-11T12:41:29+00:00\" \/>\n<meta property=\"og:image\" content=\"http:\/\/denizcankizil.tr\/wp-content\/uploads\/2025\/02\/4580-01-4tAaHP.jpeg\" \/>\n\t<meta property=\"og:image:width\" content=\"1280\" \/>\n\t<meta property=\"og:image:height\" content=\"720\" \/>\n\t<meta property=\"og:image:type\" content=\"image\/jpeg\" \/>\n<meta name=\"author\" content=\"Av. Deniz Can K\u0131z\u0131l\" \/>\n<meta name=\"twitter:card\" content=\"summary_large_image\" \/>\n<meta name=\"twitter:label1\" content=\"Verfasst von\" \/>\n\t<meta name=\"twitter:data1\" content=\"Av. Deniz Can K\u0131z\u0131l\" \/>\n\t<meta name=\"twitter:label2\" content=\"Gesch\u00e4tzte Lesezeit\" \/>\n\t<meta name=\"twitter:data2\" content=\"1\u00a0Minute\" \/>\n<script type=\"application\/ld+json\" class=\"yoast-schema-graph\">{\"@context\":\"https:\/\/schema.org\",\"@graph\":[{\"@type\":\"Article\",\"@id\":\"http:\/\/denizcankizil.tr\/de\/haberler\/antalya\/14-subat-sevgililer-gunune-ozel-iki-konser\/#article\",\"isPartOf\":{\"@id\":\"http:\/\/denizcankizil.tr\/de\/haberler\/antalya\/14-subat-sevgililer-gunune-ozel-iki-konser\/\"},\"author\":{\"name\":\"Av. Deniz Can K\u0131z\u0131l\",\"@id\":\"https:\/\/denizcankizil.tr\/#\/schema\/person\/5dc1b22991bd7ac833867c10afc9b0ff\"},\"headline\":\"14 \u015eubat Sevgililer G\u00fcn\u00fc\u2019ne \u00f6zel iki konser\",\"datePublished\":\"2025-02-11T12:41:29+00:00\",\"mainEntityOfPage\":{\"@id\":\"http:\/\/denizcankizil.tr\/de\/haberler\/antalya\/14-subat-sevgililer-gunune-ozel-iki-konser\/\"},\"wordCount\":151,\"commentCount\":0,\"publisher\":{\"@id\":\"https:\/\/denizcankizil.tr\/#organization\"},\"image\":{\"@id\":\"http:\/\/denizcankizil.tr\/de\/haberler\/antalya\/14-subat-sevgililer-gunune-ozel-iki-konser\/#primaryimage\"},\"thumbnailUrl\":\"http:\/\/denizcankizil.tr\/wp-content\/uploads\/2025\/02\/4580-01-4tAaHP.jpeg\",\"articleSection\":[\"Antalya\"],\"inLanguage\":\"de\",\"potentialAction\":[{\"@type\":\"CommentAction\",\"name\":\"Comment\",\"target\":[\"http:\/\/denizcankizil.tr\/de\/haberler\/antalya\/14-subat-sevgililer-gunune-ozel-iki-konser\/#respond\"]}]},{\"@type\":\"WebPage\",\"@id\":\"http:\/\/denizcankizil.tr\/de\/haberler\/antalya\/14-subat-sevgililer-gunune-ozel-iki-konser\/\",\"url\":\"http:\/\/denizcankizil.tr\/de\/haberler\/antalya\/14-subat-sevgililer-gunune-ozel-iki-konser\/\",\"name\":\"14 \u015eubat Sevgililer G\u00fcn\u00fc\u2019ne \u00f6zel iki konser - Av. Deniz Can K\u0131z\u0131l\",\"isPartOf\":{\"@id\":\"https:\/\/denizcankizil.tr\/#website\"},\"primaryImageOfPage\":{\"@id\":\"http:\/\/denizcankizil.tr\/de\/haberler\/antalya\/14-subat-sevgililer-gunune-ozel-iki-konser\/#primaryimage\"},\"image\":{\"@id\":\"http:\/\/denizcankizil.tr\/de\/haberler\/antalya\/14-subat-sevgililer-gunune-ozel-iki-konser\/#primaryimage\"},\"thumbnailUrl\":\"http:\/\/denizcankizil.tr\/wp-content\/uploads\/2025\/02\/4580-01-4tAaHP.jpeg\",\"datePublished\":\"2025-02-11T12:41:29+00:00\",\"breadcrumb\":{\"@id\":\"http:\/\/denizcankizil.tr\/de\/haberler\/antalya\/14-subat-sevgililer-gunune-ozel-iki-konser\/#breadcrumb\"},\"inLanguage\":\"de\",\"potentialAction\":[{\"@type\":\"ReadAction\",\"target\":[\"http:\/\/denizcankizil.tr\/de\/haberler\/antalya\/14-subat-sevgililer-gunune-ozel-iki-konser\/\"]}]},{\"@type\":\"ImageObject\",\"inLanguage\":\"de\",\"@id\":\"http:\/\/denizcankizil.tr\/de\/haberler\/antalya\/14-subat-sevgililer-gunune-ozel-iki-konser\/#primaryimage\",\"url\":\"http:\/\/denizcankizil.tr\/wp-content\/uploads\/2025\/02\/4580-01-4tAaHP.jpeg\",\"contentUrl\":\"http:\/\/denizcankizil.tr\/wp-content\/uploads\/2025\/02\/4580-01-4tAaHP.jpeg\",\"width\":1280,\"height\":720},{\"@type\":\"BreadcrumbList\",\"@id\":\"http:\/\/denizcankizil.tr\/de\/haberler\/antalya\/14-subat-sevgililer-gunune-ozel-iki-konser\/#breadcrumb\",\"itemListElement\":[{\"@type\":\"ListItem\",\"position\":1,\"name\":\"Home\",\"item\":\"https:\/\/denizcankizil.tr\/de\/\"},{\"@type\":\"ListItem\",\"position\":2,\"name\":\"14 \u015eubat Sevgililer G\u00fcn\u00fc\u2019ne \u00f6zel iki konser\"}]},{\"@type\":\"WebSite\",\"@id\":\"https:\/\/denizcankizil.tr\/#website\",\"url\":\"https:\/\/denizcankizil.tr\/\",\"name\":\"Av. Deniz Can K\u0131z\u0131l\",\"description\":\"Avukat Deniz Can K\u0131z\u0131l Antalya Barosu\",\"publisher\":{\"@id\":\"https:\/\/denizcankizil.tr\/#organization\"},\"potentialAction\":[{\"@type\":\"SearchAction\",\"target\":{\"@type\":\"EntryPoint\",\"urlTemplate\":\"https:\/\/denizcankizil.tr\/?s={search_term_string}\"},\"query-input\":{\"@type\":\"PropertyValueSpecification\",\"valueRequired\":true,\"valueName\":\"search_term_string\"}}],\"inLanguage\":\"de\"},{\"@type\":\"Organization\",\"@id\":\"https:\/\/denizcankizil.tr\/#organization\",\"name\":\"Av. Deniz Can K\u0131z\u0131l\",\"url\":\"https:\/\/denizcankizil.tr\/\",\"logo\":{\"@type\":\"ImageObject\",\"inLanguage\":\"de\",\"@id\":\"https:\/\/denizcankizil.tr\/#\/schema\/logo\/image\/\",\"url\":\"http:\/\/denizcankizil.tr\/wp-content\/uploads\/2024\/10\/siyah-logo-svg.svg\",\"contentUrl\":\"http:\/\/denizcankizil.tr\/wp-content\/uploads\/2024\/10\/siyah-logo-svg.svg\",\"width\":1080,\"height\":1080,\"caption\":\"Av. Deniz Can K\u0131z\u0131l\"},\"image\":{\"@id\":\"https:\/\/denizcankizil.tr\/#\/schema\/logo\/image\/\"}},{\"@type\":\"Person\",\"@id\":\"https:\/\/denizcankizil.tr\/#\/schema\/person\/5dc1b22991bd7ac833867c10afc9b0ff\",\"name\":\"Av. Deniz Can K\u0131z\u0131l\",\"image\":{\"@type\":\"ImageObject\",\"inLanguage\":\"de\",\"@id\":\"https:\/\/denizcankizil.tr\/#\/schema\/person\/image\/\",\"url\":\"https:\/\/secure.gravatar.com\/avatar\/a0b128fb9855c79efc976d5640eedb31dc35ec297594d6016d2cf7c60e975bb6?s=96&d=mm&r=g\",\"contentUrl\":\"https:\/\/secure.gravatar.com\/avatar\/a0b128fb9855c79efc976d5640eedb31dc35ec297594d6016d2cf7c60e975bb6?s=96&d=mm&r=g\",\"caption\":\"Av. Deniz Can K\u0131z\u0131l\"},\"sameAs\":[\"http:\/\/www.denizcankizil.tr\"],\"url\":\"http:\/\/denizcankizil.tr\/de\/author\/denizcankizil\/\"}]}<\/script>\n<!-- \/ Yoast SEO Premium plugin. -->","yoast_head_json":{"title":"14 \u015eubat Sevgililer G\u00fcn\u00fc\u2019ne \u00f6zel iki konser - Av. Deniz Can K\u0131z\u0131l","robots":{"index":"index","follow":"follow","max-snippet":"max-snippet:-1","max-image-preview":"max-image-preview:large","max-video-preview":"max-video-preview:-1"},"canonical":"http:\/\/denizcankizil.tr\/de\/haberler\/antalya\/14-subat-sevgililer-gunune-ozel-iki-konser\/","og_locale":"de_DE","og_type":"article","og_title":"14 \u015eubat Sevgililer G\u00fcn\u00fc\u2019ne \u00f6zel iki konser","og_description":"Antalya B\u00fcy\u00fck\u015fehir Belediyesi \u0130smail Baha S\u00fcrelsan Konservatuvar\u0131 TSM \u0130cra Heyeti, 14 \u015eubat Sevgililer G\u00fcn\u00fc\u2019n\u00fc sevda \u015fark\u0131lar\u0131yla daha da \u00f6zel k\u0131lacak. Atat\u00fcrk K\u00fclt\u00fcr Merkezi (AKM) Perge Salonu\u2019nda 14 \u015eubat Cuma saat 20.0\u2019de d\u00fczenlenecek konserde Umut Murat Aytekin \u015fefli\u011finde \u0130smail Baha S\u00fcrelsan Konservatuvar\u0131 TSM \u0130cra Heyeti\u2019ni \u2018Sevda\u2019ya Dair\u2019 \u015fark\u0131lar konseriyle en g\u00fczel \u015fark\u0131lar\u0131 seslendirilecek. 15 \u015eubat\u2019ta sevgililer g\u00fcn\u00fc konseri Antalya B\u00fcy\u00fck\u015fehir Belediyesi Bando ve Kent Orkestras\u0131 da 15 \u015eubat Cumartesi G\u00fcn\u00fc \u2018Sevgililer Konseri\u2019 ile a\u015fk dolu bir gece sunacak. AKM Aspendos Salonu\u2019nda saat 20.30\u2019da ba\u015flayacak konserde Umut \u00d6zdiken \u015fefli\u011finde, Elif Eda Sara\u00e7lar, S\u0131lay Erman ve Ersan Tay solistli\u011finde Antalyal\u0131lara unutulmaz bir konser verecek. Kaynak: www.kanalv.com.tr Haber Sitesinden Al\u0131nm\u0131\u015ft\u0131r.","og_url":"http:\/\/denizcankizil.tr\/de\/haberler\/antalya\/14-subat-sevgililer-gunune-ozel-iki-konser\/","og_site_name":"Av. Deniz Can K\u0131z\u0131l","article_published_time":"2025-02-11T12:41:29+00:00","og_image":[{"width":1280,"height":720,"url":"http:\/\/denizcankizil.tr\/wp-content\/uploads\/2025\/02\/4580-01-4tAaHP.jpeg","type":"image\/jpeg"}],"author":"Av. Deniz Can K\u0131z\u0131l","twitter_card":"summary_large_image","twitter_misc":{"Verfasst von":"Av. Deniz Can K\u0131z\u0131l","Gesch\u00e4tzte Lesezeit":"1\u00a0Minute"},"schema":{"@context":"https:\/\/schema.org","@graph":[{"@type":"Article","@id":"http:\/\/denizcankizil.tr\/de\/haberler\/antalya\/14-subat-sevgililer-gunune-ozel-iki-konser\/#article","isPartOf":{"@id":"http:\/\/denizcankizil.tr\/de\/haberler\/antalya\/14-subat-sevgililer-gunune-ozel-iki-konser\/"},"author":{"name":"Av. Deniz Can K\u0131z\u0131l","@id":"https:\/\/denizcankizil.tr\/#\/schema\/person\/5dc1b22991bd7ac833867c10afc9b0ff"},"headline":"14 \u015eubat Sevgililer G\u00fcn\u00fc\u2019ne \u00f6zel iki konser","datePublished":"2025-02-11T12:41:29+00:00","mainEntityOfPage":{"@id":"http:\/\/denizcankizil.tr\/de\/haberler\/antalya\/14-subat-sevgililer-gunune-ozel-iki-konser\/"},"wordCount":151,"commentCount":0,"publisher":{"@id":"https:\/\/denizcankizil.tr\/#organization"},"image":{"@id":"http:\/\/denizcankizil.tr\/de\/haberler\/antalya\/14-subat-sevgililer-gunune-ozel-iki-konser\/#primaryimage"},"thumbnailUrl":"http:\/\/denizcankizil.tr\/wp-content\/uploads\/2025\/02\/4580-01-4tAaHP.jpeg","articleSection":["Antalya"],"inLanguage":"de","potentialAction":[{"@type":"CommentAction","name":"Comment","target":["http:\/\/denizcankizil.tr\/de\/haberler\/antalya\/14-subat-sevgililer-gunune-ozel-iki-konser\/#respond"]}]},{"@type":"WebPage","@id":"http:\/\/denizcankizil.tr\/de\/haberler\/antalya\/14-subat-sevgililer-gunune-ozel-iki-konser\/","url":"http:\/\/denizcankizil.tr\/de\/haberler\/antalya\/14-subat-sevgililer-gunune-ozel-iki-konser\/","name":"14 \u015eubat Sevgililer G\u00fcn\u00fc\u2019ne \u00f6zel iki konser - Av. Deniz Can K\u0131z\u0131l","isPartOf":{"@id":"https:\/\/denizcankizil.tr\/#website"},"primaryImageOfPage":{"@id":"http:\/\/denizcankizil.tr\/de\/haberler\/antalya\/14-subat-sevgililer-gunune-ozel-iki-konser\/#primaryimage"},"image":{"@id":"http:\/\/denizcankizil.tr\/de\/haberler\/antalya\/14-subat-sevgililer-gunune-ozel-iki-konser\/#primaryimage"},"thumbnailUrl":"http:\/\/denizcankizil.tr\/wp-content\/uploads\/2025\/02\/4580-01-4tAaHP.jpeg","datePublished":"2025-02-11T12:41:29+00:00","breadcrumb":{"@id":"http:\/\/denizcankizil.tr\/de\/haberler\/antalya\/14-subat-sevgililer-gunune-ozel-iki-konser\/#breadcrumb"},"inLanguage":"de","potentialAction":[{"@type":"ReadAction","target":["http:\/\/denizcankizil.tr\/de\/haberler\/antalya\/14-subat-sevgililer-gunune-ozel-iki-konser\/"]}]},{"@type":"ImageObject","inLanguage":"de","@id":"http:\/\/denizcankizil.tr\/de\/haberler\/antalya\/14-subat-sevgililer-gunune-ozel-iki-konser\/#primaryimage","url":"http:\/\/denizcankizil.tr\/wp-content\/uploads\/2025\/02\/4580-01-4tAaHP.jpeg","contentUrl":"http:\/\/denizcankizil.tr\/wp-content\/uploads\/2025\/02\/4580-01-4tAaHP.jpeg","width":1280,"height":720},{"@type":"BreadcrumbList","@id":"http:\/\/denizcankizil.tr\/de\/haberler\/antalya\/14-subat-sevgililer-gunune-ozel-iki-konser\/#breadcrumb","itemListElement":[{"@type":"ListItem","position":1,"name":"Home","item":"https:\/\/denizcankizil.tr\/de\/"},{"@type":"ListItem","position":2,"name":"14 \u015eubat Sevgililer G\u00fcn\u00fc\u2019ne \u00f6zel iki konser"}]},{"@type":"WebSite","@id":"https:\/\/denizcankizil.tr\/#website","url":"https:\/\/denizcankizil.tr\/","name":"Av. Deniz Can K\u0131z\u0131l","description":"Avukat Deniz Can K\u0131z\u0131l Antalya Barosu","publisher":{"@id":"https:\/\/denizcankizil.tr\/#organization"},"potentialAction":[{"@type":"SearchAction","target":{"@type":"EntryPoint","urlTemplate":"https:\/\/denizcankizil.tr\/?s={search_term_string}"},"query-input":{"@type":"PropertyValueSpecification","valueRequired":true,"valueName":"search_term_string"}}],"inLanguage":"de"},{"@type":"Organization","@id":"https:\/\/denizcankizil.tr\/#organization","name":"Av. Deniz Can K\u0131z\u0131l","url":"https:\/\/denizcankizil.tr\/","logo":{"@type":"ImageObject","inLanguage":"de","@id":"https:\/\/denizcankizil.tr\/#\/schema\/logo\/image\/","url":"http:\/\/denizcankizil.tr\/wp-content\/uploads\/2024\/10\/siyah-logo-svg.svg","contentUrl":"http:\/\/denizcankizil.tr\/wp-content\/uploads\/2024\/10\/siyah-logo-svg.svg","width":1080,"height":1080,"caption":"Av. Deniz Can K\u0131z\u0131l"},"image":{"@id":"https:\/\/denizcankizil.tr\/#\/schema\/logo\/image\/"}},{"@type":"Person","@id":"https:\/\/denizcankizil.tr\/#\/schema\/person\/5dc1b22991bd7ac833867c10afc9b0ff","name":"Av. Deniz Can K\u0131z\u0131l","image":{"@type":"ImageObject","inLanguage":"de","@id":"https:\/\/denizcankizil.tr\/#\/schema\/person\/image\/","url":"https:\/\/secure.gravatar.com\/avatar\/a0b128fb9855c79efc976d5640eedb31dc35ec297594d6016d2cf7c60e975bb6?s=96&d=mm&r=g","contentUrl":"https:\/\/secure.gravatar.com\/avatar\/a0b128fb9855c79efc976d5640eedb31dc35ec297594d6016d2cf7c60e975bb6?s=96&d=mm&r=g","caption":"Av. Deniz Can K\u0131z\u0131l"},"sameAs":["http:\/\/www.denizcankizil.tr"],"url":"http:\/\/denizcankizil.tr\/de\/author\/denizcankizil\/"}]}},"_links":{"self":[{"href":"http:\/\/denizcankizil.tr\/de\/wp-json\/wp\/v2\/posts\/32011","targetHints":{"allow":["GET"]}}],"collection":[{"href":"http:\/\/denizcankizil.tr\/de\/wp-json\/wp\/v2\/posts"}],"about":[{"href":"http:\/\/denizcankizil.tr\/de\/wp-json\/wp\/v2\/types\/post"}],"author":[{"embeddable":true,"href":"http:\/\/denizcankizil.tr\/de\/wp-json\/wp\/v2\/users\/4"}],"replies":[{"embeddable":true,"href":"http:\/\/denizcankizil.tr\/de\/wp-json\/wp\/v2\/comments?post=32011"}],"version-history":[{"count":0,"href":"http:\/\/denizcankizil.tr\/de\/wp-json\/wp\/v2\/posts\/32011\/revisions"}],"wp:featuredmedia":[{"embeddable":true,"href":"http:\/\/denizcankizil.tr\/de\/wp-json\/wp\/v2\/media\/32012"}],"wp:attachment":[{"href":"http:\/\/denizcankizil.tr\/de\/wp-json\/wp\/v2\/media?parent=32011"}],"wp:term":[{"taxonomy":"category","embeddable":true,"href":"http:\/\/denizcankizil.tr\/de\/wp-json\/wp\/v2\/categories?post=32011"},{"taxonomy":"post_tag","embeddable":true,"href":"http:\/\/denizcankizil.tr\/de\/wp-json\/wp\/v2\/tags?post=32011"}],"curies":[{"name":"wp","href":"https:\/\/api.w.org\/{rel}","templated":true}]}}