{"id":31101,"date":"2025-02-08T00:41:43","date_gmt":"2025-02-07T21:41:43","guid":{"rendered":"https:\/\/denizcankizil.tr\/uncategorized-tr\/sakaryada-yayli-tanbur-esintisi\/"},"modified":"2025-02-08T00:41:43","modified_gmt":"2025-02-07T21:41:43","slug":"sakaryada-yayli-tanbur-esintisi","status":"publish","type":"post","link":"http:\/\/denizcankizil.tr\/de\/haberler\/gundem\/sakaryada-yayli-tanbur-esintisi\/","title":{"rendered":"Sakarya&#8217;da \u2018Yayl\u0131 Tanbur\u2019 esintisi"},"content":{"rendered":"<p>Sakarya B\u00fcy\u00fck\u015fehir Belediyesi \u015eubat K\u00fclt\u00fcr Etkinlikleri, Sanat\u00e7\u0131 \u00d6mer G\u00f6ktepeliler\u2019in \u201cYayl\u0131 Tanbur\u201d konseri ile devam etti. Ziya Ta\u015fkent Konser Salon\u2019unda ger\u00e7ekle\u015fen konserde G\u00f6ktepeliler ve ekibi dinleyenleri mest etti.SAKARYA (\u0130GFA) &#8211;\u00a0Sakarya B\u00fcy\u00fck\u015fehir Belediyesi, \u015eubat K\u00fclt\u00fcr Takvimi kapsam\u0131nda sanatseverleri birbirinden de\u011ferli sanat\u00e7\u0131lar ile bir araya getiriyor.<\/p>\n<p>HER ESERDE FARKLI B\u0130R DUYGU<br \/>\nKlasik T\u00fcrk m\u00fczi\u011finin en zarif enstr\u00fcmanlar\u0131ndan biri olan yayl\u0131 tanbur, usta sanat\u00e7\u0131 \u00d6mer G\u00f6ktepeliler ve ekibinin sundu\u011fu programda izleyenleri mest etti. Her eserde farkl\u0131 bir duyguyu ve \u00f6yk\u00fcy\u00fc izleyicilere aktaran sanat\u00e7\u0131, sahnedeki enerjisini notalara yans\u0131tarak b\u00fcy\u00fcleyici bir performans sergiledi.<\/p>\n<p>B\u00dcY\u00dcK ALKI\u015e<br \/>\nM\u00fczik tutkunlar\u0131n\u0131n b\u00fcy\u00fck ilgi g\u00f6sterdi\u011fi konserde \u00d6mer G\u00f6ktepeliler, yayl\u0131 tanburun b\u00fcy\u00fcleyici t\u0131n\u0131lar\u0131yla sanatseverleri adeta zaman yolculu\u011funa \u00e7\u0131kard\u0131. Ekibi ile birlikte seslendirdi\u011fi par\u00e7alarla m\u00fczikal zenginlik sunan sanat\u00e7\u0131, dinleyenlerden b\u00fcy\u00fck alk\u0131\u015f ald\u0131.<\/p>\n<p>T\u00dcM SANATSEVERLER\u0130 DAVET ED\u0130YORUZ<br \/>\nB\u00fcy\u00fck\u015fehir Belediyesi\u2019nden yap\u0131lan a\u00e7\u0131klamada, \u201cK\u00fclt\u00fcr ve sanat etkinliklerimiz, \u015fehrimizin ruhunu besleyen, farkl\u0131 ya\u015f ve kesimlerden herkesi bir araya getiren \u00f6nemli bulu\u015fmalar\u0131m\u0131zd\u0131r. \u015eubat ay\u0131 boyunca devam edecek tiyatro, sergi, edebiyat ve konser etkinliklerimize t\u00fcm sanatseverleri davet ediyoruz\u201d denildi.<\/p>\n<p>\u200bSakarya B\u00fcy\u00fck\u015fehir Belediyesi \u015eubat K\u00fclt\u00fcr Etkinlikleri, Sanat\u00e7\u0131 \u00d6mer G\u00f6ktepeliler\u2019in \u201cYayl\u0131 Tanbur\u201d konseri ile devam etti. Ziya Ta\u015fkent Konser Salon\u2019unda ger\u00e7ekle\u015fen konserde G\u00f6ktepeliler ve ekibi dinleyenleri mest etti.SAKARYA (\u0130GFA) &#8211;\u00a0Sakarya B\u00fcy\u00fck\u015fehir Belediyesi, \u015eubat K\u00fclt\u00fcr Takvimi kapsam\u0131nda sanatseverleri birbirinden de\u011ferli sanat\u00e7\u0131lar ile bir araya getiriyor.<\/p>\n<p>HER ESERDE FARKLI B\u0130R DUYGU<br \/>\nKlasik T\u00fcrk m\u00fczi\u011finin en zarif enstr\u00fcmanlar\u0131ndan biri olan yayl\u0131 tanbur, usta sanat\u00e7\u0131 \u00d6mer G\u00f6ktepeliler ve ekibinin sundu\u011fu programda izleyenleri mest etti. Her eserde farkl\u0131 bir duyguyu ve \u00f6yk\u00fcy\u00fc izleyicilere aktaran sanat\u00e7\u0131, sahnedeki enerjisini notalara yans\u0131tarak b\u00fcy\u00fcleyici bir performans sergiledi.<\/p>\n<p>B\u00dcY\u00dcK ALKI\u015e<br \/>\nM\u00fczik tutkunlar\u0131n\u0131n b\u00fcy\u00fck ilgi g\u00f6sterdi\u011fi konserde \u00d6mer G\u00f6ktepeliler, yayl\u0131 tanburun b\u00fcy\u00fcleyici t\u0131n\u0131lar\u0131yla sanatseverleri adeta zaman yolculu\u011funa \u00e7\u0131kard\u0131. Ekibi ile birlikte seslendirdi\u011fi par\u00e7alarla m\u00fczikal zenginlik sunan sanat\u00e7\u0131, dinleyenlerden b\u00fcy\u00fck alk\u0131\u015f ald\u0131.<\/p>\n<p>T\u00dcM SANATSEVERLER\u0130 DAVET ED\u0130YORUZ<br \/>\nB\u00fcy\u00fck\u015fehir Belediyesi\u2019nden yap\u0131lan a\u00e7\u0131klamada, \u201cK\u00fclt\u00fcr ve sanat etkinliklerimiz, \u015fehrimizin ruhunu besleyen, farkl\u0131 ya\u015f ve kesimlerden herkesi bir araya getiren \u00f6nemli bulu\u015fmalar\u0131m\u0131zd\u0131r. \u015eubat ay\u0131 boyunca devam edecek tiyatro, sergi, edebiyat ve konser etkinliklerimize t\u00fcm sanatseverleri davet ediyoruz\u201d denildi.\u00a0<\/p>\n<p>\u200bHaberin Al\u0131nt\u0131land\u0131\u011f\u0131 Kaynak: www.iskenderun.org<\/p>","protected":false},"excerpt":{"rendered":"<p>Sakarya B\u00fcy\u00fck\u015fehir Belediyesi \u015eubat K\u00fclt\u00fcr Etkinlikleri, Sanat\u00e7\u0131 \u00d6mer G\u00f6ktepeliler\u2019in \u201cYayl\u0131 Tanbur\u201d konseri ile devam etti. Ziya Ta\u015fkent Konser Salon\u2019unda ger\u00e7ekle\u015fen konserde G\u00f6ktepeliler ve ekibi dinleyenleri mest etti.SAKARYA (\u0130GFA) &#8211;\u00a0Sakarya B\u00fcy\u00fck\u015fehir Belediyesi, \u015eubat K\u00fclt\u00fcr Takvimi kapsam\u0131nda sanatseverleri birbirinden de\u011ferli sanat\u00e7\u0131lar ile bir araya getiriyor. HER ESERDE FARKLI B\u0130R DUYGU Klasik T\u00fcrk m\u00fczi\u011finin en zarif enstr\u00fcmanlar\u0131ndan biri olan yayl\u0131 tanbur, usta sanat\u00e7\u0131 \u00d6mer G\u00f6ktepeliler ve ekibinin sundu\u011fu programda izleyenleri mest etti. Her eserde farkl\u0131 bir duyguyu ve \u00f6yk\u00fcy\u00fc izleyicilere aktaran sanat\u00e7\u0131, sahnedeki enerjisini notalara yans\u0131tarak b\u00fcy\u00fcleyici bir performans sergiledi. B\u00dcY\u00dcK ALKI\u015e M\u00fczik tutkunlar\u0131n\u0131n b\u00fcy\u00fck ilgi g\u00f6sterdi\u011fi konserde \u00d6mer G\u00f6ktepeliler, yayl\u0131 tanburun b\u00fcy\u00fcleyici t\u0131n\u0131lar\u0131yla sanatseverleri adeta zaman yolculu\u011funa \u00e7\u0131kard\u0131. Ekibi ile birlikte seslendirdi\u011fi par\u00e7alarla m\u00fczikal zenginlik sunan sanat\u00e7\u0131, dinleyenlerden b\u00fcy\u00fck alk\u0131\u015f ald\u0131. T\u00dcM SANATSEVERLER\u0130 DAVET ED\u0130YORUZ B\u00fcy\u00fck\u015fehir Belediyesi\u2019nden yap\u0131lan a\u00e7\u0131klamada, \u201cK\u00fclt\u00fcr ve sanat etkinliklerimiz, \u015fehrimizin ruhunu besleyen, farkl\u0131 ya\u015f ve kesimlerden herkesi bir araya getiren \u00f6nemli bulu\u015fmalar\u0131m\u0131zd\u0131r. \u015eubat ay\u0131 boyunca devam edecek tiyatro, sergi, edebiyat ve konser etkinliklerimize t\u00fcm sanatseverleri davet ediyoruz\u201d denildi. \u200bSakarya B\u00fcy\u00fck\u015fehir Belediyesi \u015eubat K\u00fclt\u00fcr Etkinlikleri, Sanat\u00e7\u0131 \u00d6mer G\u00f6ktepeliler\u2019in \u201cYayl\u0131 Tanbur\u201d konseri ile devam etti. Ziya Ta\u015fkent Konser Salon\u2019unda ger\u00e7ekle\u015fen konserde G\u00f6ktepeliler ve ekibi dinleyenleri mest etti.SAKARYA (\u0130GFA) &#8211;\u00a0Sakarya B\u00fcy\u00fck\u015fehir Belediyesi, \u015eubat K\u00fclt\u00fcr Takvimi kapsam\u0131nda sanatseverleri birbirinden de\u011ferli sanat\u00e7\u0131lar ile &hellip;<\/p>","protected":false},"author":1,"featured_media":0,"comment_status":"open","ping_status":"open","sticky":false,"template":"","format":"standard","meta":{"_acf_changed":false,"footnotes":""},"categories":[24],"tags":[],"class_list":["post-31101","post","type-post","status-publish","format-standard","has-post-thumbnail","hentry","category-gundem"],"acf":[],"yoast_head":"<!-- This site is optimized with the Yoast SEO Premium plugin v26.6 (Yoast SEO v27.1.1) - https:\/\/yoast.com\/product\/yoast-seo-premium-wordpress\/ -->\n<title>Sakarya&#039;da \u2018Yayl\u0131 Tanbur\u2019 esintisi - Av. Deniz Can K\u0131z\u0131l<\/title>\n<meta name=\"robots\" content=\"index, follow, max-snippet:-1, max-image-preview:large, max-video-preview:-1\" \/>\n<link rel=\"canonical\" href=\"http:\/\/denizcankizil.tr\/de\/haberler\/gundem\/sakaryada-yayli-tanbur-esintisi\/\" \/>\n<meta property=\"og:locale\" content=\"de_DE\" \/>\n<meta property=\"og:type\" content=\"article\" \/>\n<meta property=\"og:title\" content=\"Sakarya&#039;da \u2018Yayl\u0131 Tanbur\u2019 esintisi\" \/>\n<meta property=\"og:description\" content=\"Sakarya B\u00fcy\u00fck\u015fehir Belediyesi \u015eubat K\u00fclt\u00fcr Etkinlikleri, Sanat\u00e7\u0131 \u00d6mer G\u00f6ktepeliler\u2019in \u201cYayl\u0131 Tanbur\u201d konseri ile devam etti. Ziya Ta\u015fkent Konser Salon\u2019unda ger\u00e7ekle\u015fen konserde G\u00f6ktepeliler ve ekibi dinleyenleri mest etti.SAKARYA (\u0130GFA) &#8211;\u00a0Sakarya B\u00fcy\u00fck\u015fehir Belediyesi, \u015eubat K\u00fclt\u00fcr Takvimi kapsam\u0131nda sanatseverleri birbirinden de\u011ferli sanat\u00e7\u0131lar ile bir araya getiriyor. HER ESERDE FARKLI B\u0130R DUYGU Klasik T\u00fcrk m\u00fczi\u011finin en zarif enstr\u00fcmanlar\u0131ndan biri olan yayl\u0131 tanbur, usta sanat\u00e7\u0131 \u00d6mer G\u00f6ktepeliler ve ekibinin sundu\u011fu programda izleyenleri mest etti. Her eserde farkl\u0131 bir duyguyu ve \u00f6yk\u00fcy\u00fc izleyicilere aktaran sanat\u00e7\u0131, sahnedeki enerjisini notalara yans\u0131tarak b\u00fcy\u00fcleyici bir performans sergiledi. B\u00dcY\u00dcK ALKI\u015e M\u00fczik tutkunlar\u0131n\u0131n b\u00fcy\u00fck ilgi g\u00f6sterdi\u011fi konserde \u00d6mer G\u00f6ktepeliler, yayl\u0131 tanburun b\u00fcy\u00fcleyici t\u0131n\u0131lar\u0131yla sanatseverleri adeta zaman yolculu\u011funa \u00e7\u0131kard\u0131. Ekibi ile birlikte seslendirdi\u011fi par\u00e7alarla m\u00fczikal zenginlik sunan sanat\u00e7\u0131, dinleyenlerden b\u00fcy\u00fck alk\u0131\u015f ald\u0131. T\u00dcM SANATSEVERLER\u0130 DAVET ED\u0130YORUZ B\u00fcy\u00fck\u015fehir Belediyesi\u2019nden yap\u0131lan a\u00e7\u0131klamada, \u201cK\u00fclt\u00fcr ve sanat etkinliklerimiz, \u015fehrimizin ruhunu besleyen, farkl\u0131 ya\u015f ve kesimlerden herkesi bir araya getiren \u00f6nemli bulu\u015fmalar\u0131m\u0131zd\u0131r. \u015eubat ay\u0131 boyunca devam edecek tiyatro, sergi, edebiyat ve konser etkinliklerimize t\u00fcm sanatseverleri davet ediyoruz\u201d denildi. \u200bSakarya B\u00fcy\u00fck\u015fehir Belediyesi \u015eubat K\u00fclt\u00fcr Etkinlikleri, Sanat\u00e7\u0131 \u00d6mer G\u00f6ktepeliler\u2019in \u201cYayl\u0131 Tanbur\u201d konseri ile devam etti. Ziya Ta\u015fkent Konser Salon\u2019unda ger\u00e7ekle\u015fen konserde G\u00f6ktepeliler ve ekibi dinleyenleri mest etti.SAKARYA (\u0130GFA) &#8211;\u00a0Sakarya B\u00fcy\u00fck\u015fehir Belediyesi, \u015eubat K\u00fclt\u00fcr Takvimi kapsam\u0131nda sanatseverleri birbirinden de\u011ferli sanat\u00e7\u0131lar ile &hellip;\" \/>\n<meta property=\"og:url\" content=\"http:\/\/denizcankizil.tr\/de\/haberler\/gundem\/sakaryada-yayli-tanbur-esintisi\/\" \/>\n<meta property=\"og:site_name\" content=\"Av. Deniz Can K\u0131z\u0131l\" \/>\n<meta property=\"article:published_time\" content=\"2025-02-07T21:41:43+00:00\" \/>\n<meta name=\"author\" content=\"admin\" \/>\n<meta name=\"twitter:card\" content=\"summary_large_image\" \/>\n<meta name=\"twitter:label1\" content=\"Verfasst von\" \/>\n\t<meta name=\"twitter:data1\" content=\"admin\" \/>\n\t<meta name=\"twitter:label2\" content=\"Gesch\u00e4tzte Lesezeit\" \/>\n\t<meta name=\"twitter:data2\" content=\"2\u00a0Minuten\" \/>\n<script type=\"application\/ld+json\" class=\"yoast-schema-graph\">{\"@context\":\"https:\/\/schema.org\",\"@graph\":[{\"@type\":\"Article\",\"@id\":\"http:\/\/denizcankizil.tr\/de\/haberler\/gundem\/sakaryada-yayli-tanbur-esintisi\/#article\",\"isPartOf\":{\"@id\":\"http:\/\/denizcankizil.tr\/de\/haberler\/gundem\/sakaryada-yayli-tanbur-esintisi\/\"},\"author\":{\"name\":\"admin\",\"@id\":\"https:\/\/denizcankizil.tr\/de\/#\/schema\/person\/be3c05fe6a12686905512445d8185489\"},\"headline\":\"Sakarya&#8217;da \u2018Yayl\u0131 Tanbur\u2019 esintisi\",\"datePublished\":\"2025-02-07T21:41:43+00:00\",\"mainEntityOfPage\":{\"@id\":\"http:\/\/denizcankizil.tr\/de\/haberler\/gundem\/sakaryada-yayli-tanbur-esintisi\/\"},\"wordCount\":473,\"commentCount\":0,\"publisher\":{\"@id\":\"https:\/\/denizcankizil.tr\/de\/#organization\"},\"articleSection\":[\"G\u00fcndem\"],\"inLanguage\":\"de\",\"potentialAction\":[{\"@type\":\"CommentAction\",\"name\":\"Comment\",\"target\":[\"http:\/\/denizcankizil.tr\/de\/haberler\/gundem\/sakaryada-yayli-tanbur-esintisi\/#respond\"]}]},{\"@type\":\"WebPage\",\"@id\":\"http:\/\/denizcankizil.tr\/de\/haberler\/gundem\/sakaryada-yayli-tanbur-esintisi\/\",\"url\":\"http:\/\/denizcankizil.tr\/de\/haberler\/gundem\/sakaryada-yayli-tanbur-esintisi\/\",\"name\":\"Sakarya'da \u2018Yayl\u0131 Tanbur\u2019 esintisi - Av. Deniz Can K\u0131z\u0131l\",\"isPartOf\":{\"@id\":\"https:\/\/denizcankizil.tr\/de\/#website\"},\"datePublished\":\"2025-02-07T21:41:43+00:00\",\"breadcrumb\":{\"@id\":\"http:\/\/denizcankizil.tr\/de\/haberler\/gundem\/sakaryada-yayli-tanbur-esintisi\/#breadcrumb\"},\"inLanguage\":\"de\",\"potentialAction\":[{\"@type\":\"ReadAction\",\"target\":[\"http:\/\/denizcankizil.tr\/de\/haberler\/gundem\/sakaryada-yayli-tanbur-esintisi\/\"]}]},{\"@type\":\"BreadcrumbList\",\"@id\":\"http:\/\/denizcankizil.tr\/de\/haberler\/gundem\/sakaryada-yayli-tanbur-esintisi\/#breadcrumb\",\"itemListElement\":[{\"@type\":\"ListItem\",\"position\":1,\"name\":\"Home\",\"item\":\"https:\/\/denizcankizil.tr\/de\/\"},{\"@type\":\"ListItem\",\"position\":2,\"name\":\"Sakarya&#8217;da \u2018Yayl\u0131 Tanbur\u2019 esintisi\"}]},{\"@type\":\"WebSite\",\"@id\":\"https:\/\/denizcankizil.tr\/de\/#website\",\"url\":\"https:\/\/denizcankizil.tr\/de\/\",\"name\":\"Av. Deniz Can K\u0131z\u0131l\",\"description\":\"Avukat Deniz Can K\u0131z\u0131l Antalya Barosu\",\"publisher\":{\"@id\":\"https:\/\/denizcankizil.tr\/de\/#organization\"},\"potentialAction\":[{\"@type\":\"SearchAction\",\"target\":{\"@type\":\"EntryPoint\",\"urlTemplate\":\"https:\/\/denizcankizil.tr\/de\/?s={search_term_string}\"},\"query-input\":{\"@type\":\"PropertyValueSpecification\",\"valueRequired\":true,\"valueName\":\"search_term_string\"}}],\"inLanguage\":\"de\"},{\"@type\":\"Organization\",\"@id\":\"https:\/\/denizcankizil.tr\/de\/#organization\",\"name\":\"Av. Deniz Can K\u0131z\u0131l\",\"url\":\"https:\/\/denizcankizil.tr\/de\/\",\"logo\":{\"@type\":\"ImageObject\",\"inLanguage\":\"de\",\"@id\":\"https:\/\/denizcankizil.tr\/de\/#\/schema\/logo\/image\/\",\"url\":\"http:\/\/denizcankizil.tr\/wp-content\/uploads\/2024\/10\/siyah-logo-svg.svg\",\"contentUrl\":\"http:\/\/denizcankizil.tr\/wp-content\/uploads\/2024\/10\/siyah-logo-svg.svg\",\"width\":1080,\"height\":1080,\"caption\":\"Av. Deniz Can K\u0131z\u0131l\"},\"image\":{\"@id\":\"https:\/\/denizcankizil.tr\/de\/#\/schema\/logo\/image\/\"}},{\"@type\":\"Person\",\"@id\":\"https:\/\/denizcankizil.tr\/de\/#\/schema\/person\/be3c05fe6a12686905512445d8185489\",\"name\":\"admin\",\"image\":{\"@type\":\"ImageObject\",\"inLanguage\":\"de\",\"@id\":\"https:\/\/denizcankizil.tr\/de\/#\/schema\/person\/image\/\",\"url\":\"https:\/\/secure.gravatar.com\/avatar\/c1fce94c830dc79107e174f890d7210541c4a63e8e5d816341794a2151c9d58c?s=96&d=mm&r=g\",\"contentUrl\":\"https:\/\/secure.gravatar.com\/avatar\/c1fce94c830dc79107e174f890d7210541c4a63e8e5d816341794a2151c9d58c?s=96&d=mm&r=g\",\"caption\":\"admin\"},\"sameAs\":[\"http:\/\/denizcankizil.tr\"],\"url\":\"https:\/\/www.iskenderun.org\/sakaryada-yayli-tanbur-esintisi\"}]}<\/script>\n<!-- \/ Yoast SEO Premium plugin. -->","yoast_head_json":{"title":"Sakarya'da \u2018Yayl\u0131 Tanbur\u2019 esintisi - Av. Deniz Can K\u0131z\u0131l","robots":{"index":"index","follow":"follow","max-snippet":"max-snippet:-1","max-image-preview":"max-image-preview:large","max-video-preview":"max-video-preview:-1"},"canonical":"http:\/\/denizcankizil.tr\/de\/haberler\/gundem\/sakaryada-yayli-tanbur-esintisi\/","og_locale":"de_DE","og_type":"article","og_title":"Sakarya'da \u2018Yayl\u0131 Tanbur\u2019 esintisi","og_description":"Sakarya B\u00fcy\u00fck\u015fehir Belediyesi \u015eubat K\u00fclt\u00fcr Etkinlikleri, Sanat\u00e7\u0131 \u00d6mer G\u00f6ktepeliler\u2019in \u201cYayl\u0131 Tanbur\u201d konseri ile devam etti. Ziya Ta\u015fkent Konser Salon\u2019unda ger\u00e7ekle\u015fen konserde G\u00f6ktepeliler ve ekibi dinleyenleri mest etti.SAKARYA (\u0130GFA) &#8211;\u00a0Sakarya B\u00fcy\u00fck\u015fehir Belediyesi, \u015eubat K\u00fclt\u00fcr Takvimi kapsam\u0131nda sanatseverleri birbirinden de\u011ferli sanat\u00e7\u0131lar ile bir araya getiriyor. HER ESERDE FARKLI B\u0130R DUYGU Klasik T\u00fcrk m\u00fczi\u011finin en zarif enstr\u00fcmanlar\u0131ndan biri olan yayl\u0131 tanbur, usta sanat\u00e7\u0131 \u00d6mer G\u00f6ktepeliler ve ekibinin sundu\u011fu programda izleyenleri mest etti. Her eserde farkl\u0131 bir duyguyu ve \u00f6yk\u00fcy\u00fc izleyicilere aktaran sanat\u00e7\u0131, sahnedeki enerjisini notalara yans\u0131tarak b\u00fcy\u00fcleyici bir performans sergiledi. B\u00dcY\u00dcK ALKI\u015e M\u00fczik tutkunlar\u0131n\u0131n b\u00fcy\u00fck ilgi g\u00f6sterdi\u011fi konserde \u00d6mer G\u00f6ktepeliler, yayl\u0131 tanburun b\u00fcy\u00fcleyici t\u0131n\u0131lar\u0131yla sanatseverleri adeta zaman yolculu\u011funa \u00e7\u0131kard\u0131. Ekibi ile birlikte seslendirdi\u011fi par\u00e7alarla m\u00fczikal zenginlik sunan sanat\u00e7\u0131, dinleyenlerden b\u00fcy\u00fck alk\u0131\u015f ald\u0131. T\u00dcM SANATSEVERLER\u0130 DAVET ED\u0130YORUZ B\u00fcy\u00fck\u015fehir Belediyesi\u2019nden yap\u0131lan a\u00e7\u0131klamada, \u201cK\u00fclt\u00fcr ve sanat etkinliklerimiz, \u015fehrimizin ruhunu besleyen, farkl\u0131 ya\u015f ve kesimlerden herkesi bir araya getiren \u00f6nemli bulu\u015fmalar\u0131m\u0131zd\u0131r. \u015eubat ay\u0131 boyunca devam edecek tiyatro, sergi, edebiyat ve konser etkinliklerimize t\u00fcm sanatseverleri davet ediyoruz\u201d denildi. \u200bSakarya B\u00fcy\u00fck\u015fehir Belediyesi \u015eubat K\u00fclt\u00fcr Etkinlikleri, Sanat\u00e7\u0131 \u00d6mer G\u00f6ktepeliler\u2019in \u201cYayl\u0131 Tanbur\u201d konseri ile devam etti. Ziya Ta\u015fkent Konser Salon\u2019unda ger\u00e7ekle\u015fen konserde G\u00f6ktepeliler ve ekibi dinleyenleri mest etti.SAKARYA (\u0130GFA) &#8211;\u00a0Sakarya B\u00fcy\u00fck\u015fehir Belediyesi, \u015eubat K\u00fclt\u00fcr Takvimi kapsam\u0131nda sanatseverleri birbirinden de\u011ferli sanat\u00e7\u0131lar ile &hellip;","og_url":"http:\/\/denizcankizil.tr\/de\/haberler\/gundem\/sakaryada-yayli-tanbur-esintisi\/","og_site_name":"Av. Deniz Can K\u0131z\u0131l","article_published_time":"2025-02-07T21:41:43+00:00","author":"admin","twitter_card":"summary_large_image","twitter_misc":{"Verfasst von":"admin","Gesch\u00e4tzte Lesezeit":"2\u00a0Minuten"},"schema":{"@context":"https:\/\/schema.org","@graph":[{"@type":"Article","@id":"http:\/\/denizcankizil.tr\/de\/haberler\/gundem\/sakaryada-yayli-tanbur-esintisi\/#article","isPartOf":{"@id":"http:\/\/denizcankizil.tr\/de\/haberler\/gundem\/sakaryada-yayli-tanbur-esintisi\/"},"author":{"name":"admin","@id":"https:\/\/denizcankizil.tr\/de\/#\/schema\/person\/be3c05fe6a12686905512445d8185489"},"headline":"Sakarya&#8217;da \u2018Yayl\u0131 Tanbur\u2019 esintisi","datePublished":"2025-02-07T21:41:43+00:00","mainEntityOfPage":{"@id":"http:\/\/denizcankizil.tr\/de\/haberler\/gundem\/sakaryada-yayli-tanbur-esintisi\/"},"wordCount":473,"commentCount":0,"publisher":{"@id":"https:\/\/denizcankizil.tr\/de\/#organization"},"articleSection":["G\u00fcndem"],"inLanguage":"de","potentialAction":[{"@type":"CommentAction","name":"Comment","target":["http:\/\/denizcankizil.tr\/de\/haberler\/gundem\/sakaryada-yayli-tanbur-esintisi\/#respond"]}]},{"@type":"WebPage","@id":"http:\/\/denizcankizil.tr\/de\/haberler\/gundem\/sakaryada-yayli-tanbur-esintisi\/","url":"http:\/\/denizcankizil.tr\/de\/haberler\/gundem\/sakaryada-yayli-tanbur-esintisi\/","name":"Sakarya'da \u2018Yayl\u0131 Tanbur\u2019 esintisi - Av. Deniz Can K\u0131z\u0131l","isPartOf":{"@id":"https:\/\/denizcankizil.tr\/de\/#website"},"datePublished":"2025-02-07T21:41:43+00:00","breadcrumb":{"@id":"http:\/\/denizcankizil.tr\/de\/haberler\/gundem\/sakaryada-yayli-tanbur-esintisi\/#breadcrumb"},"inLanguage":"de","potentialAction":[{"@type":"ReadAction","target":["http:\/\/denizcankizil.tr\/de\/haberler\/gundem\/sakaryada-yayli-tanbur-esintisi\/"]}]},{"@type":"BreadcrumbList","@id":"http:\/\/denizcankizil.tr\/de\/haberler\/gundem\/sakaryada-yayli-tanbur-esintisi\/#breadcrumb","itemListElement":[{"@type":"ListItem","position":1,"name":"Home","item":"https:\/\/denizcankizil.tr\/de\/"},{"@type":"ListItem","position":2,"name":"Sakarya&#8217;da \u2018Yayl\u0131 Tanbur\u2019 esintisi"}]},{"@type":"WebSite","@id":"https:\/\/denizcankizil.tr\/de\/#website","url":"https:\/\/denizcankizil.tr\/de\/","name":"Av. Deniz Can K\u0131z\u0131l","description":"Avukat Deniz Can K\u0131z\u0131l Antalya Barosu","publisher":{"@id":"https:\/\/denizcankizil.tr\/de\/#organization"},"potentialAction":[{"@type":"SearchAction","target":{"@type":"EntryPoint","urlTemplate":"https:\/\/denizcankizil.tr\/de\/?s={search_term_string}"},"query-input":{"@type":"PropertyValueSpecification","valueRequired":true,"valueName":"search_term_string"}}],"inLanguage":"de"},{"@type":"Organization","@id":"https:\/\/denizcankizil.tr\/de\/#organization","name":"Av. Deniz Can K\u0131z\u0131l","url":"https:\/\/denizcankizil.tr\/de\/","logo":{"@type":"ImageObject","inLanguage":"de","@id":"https:\/\/denizcankizil.tr\/de\/#\/schema\/logo\/image\/","url":"http:\/\/denizcankizil.tr\/wp-content\/uploads\/2024\/10\/siyah-logo-svg.svg","contentUrl":"http:\/\/denizcankizil.tr\/wp-content\/uploads\/2024\/10\/siyah-logo-svg.svg","width":1080,"height":1080,"caption":"Av. Deniz Can K\u0131z\u0131l"},"image":{"@id":"https:\/\/denizcankizil.tr\/de\/#\/schema\/logo\/image\/"}},{"@type":"Person","@id":"https:\/\/denizcankizil.tr\/de\/#\/schema\/person\/be3c05fe6a12686905512445d8185489","name":"Administrator","image":{"@type":"ImageObject","inLanguage":"de","@id":"https:\/\/denizcankizil.tr\/de\/#\/schema\/person\/image\/","url":"https:\/\/secure.gravatar.com\/avatar\/c1fce94c830dc79107e174f890d7210541c4a63e8e5d816341794a2151c9d58c?s=96&d=mm&r=g","contentUrl":"https:\/\/secure.gravatar.com\/avatar\/c1fce94c830dc79107e174f890d7210541c4a63e8e5d816341794a2151c9d58c?s=96&d=mm&r=g","caption":"admin"},"sameAs":["http:\/\/denizcankizil.tr"],"url":"https:\/\/www.iskenderun.org\/sakaryada-yayli-tanbur-esintisi"}]}},"_links":{"self":[{"href":"http:\/\/denizcankizil.tr\/de\/wp-json\/wp\/v2\/posts\/31101","targetHints":{"allow":["GET"]}}],"collection":[{"href":"http:\/\/denizcankizil.tr\/de\/wp-json\/wp\/v2\/posts"}],"about":[{"href":"http:\/\/denizcankizil.tr\/de\/wp-json\/wp\/v2\/types\/post"}],"author":[{"embeddable":true,"href":"http:\/\/denizcankizil.tr\/de\/wp-json\/wp\/v2\/users\/1"}],"replies":[{"embeddable":true,"href":"http:\/\/denizcankizil.tr\/de\/wp-json\/wp\/v2\/comments?post=31101"}],"version-history":[{"count":0,"href":"http:\/\/denizcankizil.tr\/de\/wp-json\/wp\/v2\/posts\/31101\/revisions"}],"wp:attachment":[{"href":"http:\/\/denizcankizil.tr\/de\/wp-json\/wp\/v2\/media?parent=31101"}],"wp:term":[{"taxonomy":"category","embeddable":true,"href":"http:\/\/denizcankizil.tr\/de\/wp-json\/wp\/v2\/categories?post=31101"},{"taxonomy":"post_tag","embeddable":true,"href":"http:\/\/denizcankizil.tr\/de\/wp-json\/wp\/v2\/tags?post=31101"}],"curies":[{"name":"wp","href":"https:\/\/api.w.org\/{rel}","templated":true}]}}