{"id":30726,"date":"2025-02-06T15:42:07","date_gmt":"2025-02-06T12:42:07","guid":{"rendered":"https:\/\/denizcankizil.tr\/uncategorized-tr\/sehir-plancilarindan-6-subatta-adil-yargilama-istegi\/"},"modified":"2025-02-06T15:42:07","modified_gmt":"2025-02-06T12:42:07","slug":"sehir-plancilarindan-6-subatta-adil-yargilama-istegi","status":"publish","type":"post","link":"http:\/\/denizcankizil.tr\/de\/haberler\/gundem\/sehir-plancilarindan-6-subatta-adil-yargilama-istegi\/","title":{"rendered":"\u015eehir Planc\u0131lar\u0131\u2019ndan 6 \u015eubat\u2019ta adil yarg\u0131lama iste\u011fi"},"content":{"rendered":"<p>6 \u015eubat\u2019ta Kahramanmara\u015f merkezli ya\u015fanan depremlerin y\u0131ld\u00f6n\u00fcm\u00fcnde a\u00e7\u0131klama yapan \u015eehir Planc\u0131lar\u0131 Odas\u0131 (\u015ePO) Antalya \u015eubesi, deprem sonras\u0131 uygulamalarda usuls\u00fczl\u00fck yapan t\u00fcm payda\u015flar m\u00fcteahhitler, denetim firmalar\u0131, plan m\u00fcellifleri, idarecilerin adil yarg\u0131lanmalar\u0131n\u0131 istendi. \u00a0<\/p>\n<p>M\u0130LYONLARCA \u0130NSAN EVS\u0130Z KALDI<\/p>\n<p>6 \u015eubat 2023 sabah\u0131, saat 04.17\u2019de ya\u015fanan b\u00fcy\u00fck felaketin ikinci y\u0131ld\u00f6n\u00fcm\u00fcnde \u015eehir Planc\u0131lar\u0131 Odas\u0131 Antalya \u015eube Ba\u015fkan\u0131 Funda Y\u00f6r\u00fck \u00f6nemli a\u00e7\u0131klamalarda bulundu. \u201cKahramanmara\u015f merkezli 7.7 ve 7.6 b\u00fcy\u00fckl\u00fc\u011f\u00fcndeki depremler sonucunda on bir kentimiz enkaza d\u00f6n\u00fc\u015ft\u00fc. Resmi rakamlara g\u00f6re 50 bini a\u015fk\u0131n vatanda\u015f\u0131m\u0131z hayat\u0131n\u0131 kaybetti, y\u00fcz binlercesi yaraland\u0131 ve milyonlarca insan evsiz kald\u0131. Ancak bu yaln\u0131zca say\u0131larla ifade edilebilecek bir y\u0131k\u0131m de\u011fil; kentlerin, mahallelerin, an\u0131lar\u0131n, ya\u015famlar\u0131n, umutlar\u0131n yok oldu\u011fu bir felaketti\u201d diyen Y\u00f6r\u00fck, \u201cBug\u00fcn, bu b\u00fcy\u00fck kayb\u0131n y\u0131ld\u00f6n\u00fcm\u00fcnde bir kez daha hat\u0131rlat\u0131lmal\u0131d\u0131r ki, bu yaln\u0131zca bir do\u011fal afet de\u011fil; y\u0131llard\u0131r s\u00fcregelen yanl\u0131\u015f kentle\u015fme politikalar\u0131n\u0131n, plans\u0131z b\u00fcy\u00fcmenin, denetimsiz yap\u0131la\u015fman\u0131n ve bilime kulak t\u0131kanmas\u0131n\u0131n bir sonucudur\u201d diye konu\u015ftu.\u00a0<\/p>\n<p>B\u0130Z DEPREM \u00dcLKES\u0130 OLDU\u011eUMUZU UNUTMADIK, PEK\u0130 YA UNUTANLAR?<\/p>\n<p>\u201cT\u00fcrkiye, tarih boyunca bir\u00e7ok y\u0131k\u0131c\u0131 depreme maruz kalm\u0131\u015f bir \u00fclkedir. 1939 Erzincan, 1999 Marmara, 2011 Van ve daha niceleri\u201d \u015feklinde s\u00f6zlerini s\u00fcrd\u00fcren Y\u00f6r\u00fck, \u201cAncak 6 \u015eubat depremleri, ayn\u0131 hatalar\u0131n defalarca tekrar edildi\u011fini bize ac\u0131 bir \u015fekilde g\u00f6stermi\u015ftir. Deprem ger\u00e7e\u011fi bilinmesine ra\u011fmen kentler bilimsel veriler \u0131\u015f\u0131\u011f\u0131nda planlanmam\u0131\u015f, yap\u0131 stoklar\u0131 denetlenmemi\u015f ve riskli b\u00f6lgelerde dahi \u00e7arp\u0131k kentle\u015fmeye g\u00f6z yumulmu\u015ftur. Y\u0131llard\u0131r \u015fehir planc\u0131lar\u0131, mimarlar, m\u00fchendisler, bilim insanlar\u0131, akademisyenler ve meslek odalar\u0131 taraf\u0131ndan olas\u0131 b\u00fcy\u00fck depremlere kar\u015f\u0131 al\u0131nmas\u0131 gereken \u00f6nlemler s\u0131ralanm\u0131\u015f; planl\u0131 kentle\u015fme, yap\u0131 g\u00fcvenli\u011fi, zemin et\u00fctleri ve kentsel d\u00f6n\u00fc\u015f\u00fcmde bilimsel kriterlerin \u00f6nemi defalarca dile getirilmi\u015ftir. Ancak bu uyar\u0131lar g\u00f6z ard\u0131 edilmi\u015f ve rant u\u011fruna bilim yok say\u0131lm\u0131\u015ft\u0131r. Sonu\u00e7 olarak 6 \u015eubat sabah\u0131, \u00fclkemize en a\u011f\u0131r bedeli \u00f6detmi\u015ftir\u201d dedi.\u00a0<\/p>\n<p>AD\u0130L YARGILAMAYA D\u0130KKAT \u00c7EKT\u0130<\/p>\n<p>Y\u00f6r\u00fck, \u201cDepremzedelerin m\u00fclkiyet haklar\u0131n\u0131n savunulmas\u0131 ve imar bar\u0131\u015f\u0131 uygulamalar\u0131 \u00e7\u0131kar odakl\u0131 de\u011fil toplum yarar\u0131na uygun \u015fekilde yeniden ele al\u0131nmal\u0131d\u0131r. Rezerv alan, riskli yap\u0131 tespiti ve di\u011fer planlama kararlar\u0131, ba\u011f\u0131ms\u0131z ve g\u00fcncel bilimsel veriler \u0131\u015f\u0131\u011f\u0131nda ele al\u0131nmal\u0131d\u0131r. T\u00fcm plan, proje ve yap\u0131 s\u00fcre\u00e7leri denetim, kontrol ve onay mekanizmalar\u0131 g\u00fc\u00e7lendirilmeli ve izlenebilirli\u011fi sa\u011flanmal\u0131d\u0131r. Deprem sonras\u0131 uygulamalarda usuls\u00fczl\u00fck yapan t\u00fcm payda\u015flar (m\u00fcteahhitler, denetim firmalar\u0131, plan m\u00fcellifleri, idareciler vb.) adil yarg\u0131lanmal\u0131d\u0131r. Son 20 y\u0131lda uygulanan imar aflar\u0131 ve rant odakl\u0131 kentsel d\u00f6n\u00fc\u015f\u00fcm politikalar\u0131, \u015feffafl\u0131k, adil yarg\u0131lama ve bilimsel temellere dayal\u0131 olarak yeniden g\u00f6zden ge\u00e7irilmelidir\u201d ifadelerini kulland\u0131.\u00a0<\/p>\n<p>PLANLAMA HAYAT KURTARIR<\/p>\n<p>\u201c\u015eehir Planc\u0131lar\u0131 Odas\u0131 Antalya \u015eubesi olarak tekrar uyar\u0131yoruz: Planlama hayat kurtar\u0131r! Bu b\u00fcy\u00fck felaketten art\u0131k ders al\u0131nmas\u0131 gerekmektedir. Kentlerimizin yaln\u0131zca konut y\u0131\u011f\u0131n\u0131 olarak de\u011fil, insan odakl\u0131, diren\u00e7li, g\u00fcvenli ve ya\u015fanabilir olarak planlanmas\u0131 zorunludur\u201d \u015feklinde s\u00f6zlerini s\u00fcrd\u00fcren Y\u00f6r\u00fck, \u201cDeprem ku\u015fa\u011f\u0131nda yer alan \u00fclkemizde, kentsel d\u00f6n\u00fc\u015f\u00fcm ve yeniden in\u015fa \u00e7al\u0131\u015fmalar\u0131nda k\u0131sa vadeli \u00e7\u00f6z\u00fcmler yerine uzun vadeli, b\u00fct\u00fcnc\u00fcl ve yerel dinamiklere uygun planlar yap\u0131lmal\u0131d\u0131r. Kamusal alanlar, sosyal donat\u0131lar ve altyap\u0131 eksiksiz ele al\u0131nmal\u0131d\u0131r. T\u00fcm yerle\u015fim ve yap\u0131la\u015fma projeleri, detayl\u0131 jeolojik, jeoteknik ve mikro b\u00f6lgeleme et\u00fctlerine dayand\u0131r\u0131lmal\u0131d\u0131r. Bu veriler, risklerin minimize edilmesi ve s\u00fcrd\u00fcr\u00fclebilir yap\u0131la\u015fman\u0131n sa\u011flanmas\u0131 i\u00e7in kritik \u00f6nemdedir. Kent in\u015fas\u0131 s\u00fcre\u00e7lerinde, ekonomik ve siyasi \u00e7\u0131karlar\u0131n \u00f6tesinde, kamu yarar\u0131 ve toplumsal refah temel ilke olarak belirlenmelidir. Kentlerin kamusal alanlar\u0131, sosyal ya\u015fam, k\u00fclt\u00fcrel miras ve do\u011fal alanlar korunup geli\u015ftirilmeli, adil, \u00e7evreye duyarl\u0131 ve insan odakl\u0131 bir yap\u0131la\u015fma modeli benimsenmelidir. T\u00fcm planlama ve uygulama s\u00fcre\u00e7lerinde kullan\u0131lan veriler, analizler ve al\u0131nan kararlar kamuoyuna a\u00e7\u0131k bir \u015fekilde payla\u015f\u0131lmal\u0131d\u0131r. Planlama s\u00fcre\u00e7lerine yerel halk\u0131n, sivil toplum kurulu\u015flar\u0131n\u0131n ve ba\u011f\u0131ms\u0131z uzmanlar\u0131n aktif kat\u0131l\u0131m\u0131 sa\u011flanmal\u0131d\u0131r. Karar alma mekanizmalar\u0131, demokratik ve kat\u0131l\u0131mc\u0131 bir \u015fekilde yeniden yap\u0131land\u0131r\u0131lmal\u0131d\u0131r\u201d \u015feklinde konu\u015ftu.\u00a0<\/p>\n<p>AFETLERE KAR\u015eI HAZIRLIKLI OLMALIYIZ<\/p>\n<p>\u201cT\u00fcm kentlerimizde olas\u0131 afet risklerine kar\u015f\u0131 haz\u0131rl\u0131kl\u0131 hale gelinmesi ve bir daha b\u00f6ylesi felaketlerin tekrarlanmamas\u0131 ad\u0131na afet riskleriyle m\u00fccadele politikalar\u0131n\u0131 i\u00e7eren geni\u015f kapsaml\u0131 ve b\u00fct\u00fcnle\u015fik stratejiler hayata ge\u00e7irilmelidir. Kentlerin g\u00fcvenli hale getirilmesi i\u00e7in planlaman\u0131n \u00f6nemi art\u0131k daha fazla g\u00f6rmezden gelinemez\u201d diyen Y\u00f6r\u00fck, \u201cPlanlama s\u00fcre\u00e7leri, yaln\u0131zca ka\u011f\u0131t \u00fczerindeki teknik raporlar olarak kalmamal\u0131; ya\u015famlar\u0131 do\u011frudan etkileyen, gelece\u011fi g\u00fcvence alt\u0131na alan ve bilimin rehberli\u011finde \u015fekillenen s\u00fcre\u00e7ler olmal\u0131d\u0131r. \u015eehir Planc\u0131lar\u0131 Odas\u0131 Antalya \u015eubesi olarak bu s\u00fcre\u00e7te \u00fczerimize d\u00fc\u015fen sorumlulu\u011fun fark\u0131nday\u0131z ve kentlerimizi gelece\u011fe haz\u0131rlamak i\u00e7in planlama ilkelerinden taviz vermeyece\u011fiz. Bu ba\u011flamda, Antalya i\u00e7in de hen\u00fcz ge\u00e7 de\u011fil; kent b\u00fct\u00fcn\u00fcnde kapsaml\u0131 analiz ve tespitler h\u0131zla tamamlanmal\u0131 ve kentsel d\u00f6n\u00fc\u015f\u00fcm strateji belgesi vakit kaybetmeden haz\u0131rlanmal\u0131d\u0131r. Aksi halde, gelecekte kar\u015f\u0131la\u015fabilece\u011fimiz risklere kar\u015f\u0131 kentimizi diren\u00e7li hale getirme \u015fans\u0131n\u0131 kaybedebiliriz. Kaybetti\u011fimiz on binlerce vatanda\u015f\u0131m\u0131z i\u00e7in, hayatta kalan ama evini, kentini, an\u0131lar\u0131n\u0131 yitiren milyonlar i\u00e7in, gelecekte ayn\u0131 an\u0131lar\u0131 ya\u015famamak i\u00e7in, meslek onurumuz ve vicdan\u0131m\u0131z i\u00e7in m\u00fccadelemizi s\u00fcrd\u00fcrece\u011fiz\u201d \u015feklinde konu\u015ftu.\u00a0<\/p>\n<p>\u200b\u015eehir Planc\u0131lar\u0131 Odas\u0131 (\u015ePO) Antalya \u015eube Ba\u015fkan\u0131 Funda Y\u00f6r\u00fck, 6 \u015eubat depremlerinin y\u0131ld\u00f6n\u00fcm\u00fc nedeniyle a\u00e7\u0131klama yapt\u0131. Y\u00f6r\u00fck deprem sonras\u0131nda ya\u015fanan yarg\u0131 s\u00fcrecine dikkat \u00e7ekerek, \u201cSon 20 y\u0131lda uygulanan imar aflar\u0131 ve rant odakl\u0131 kentsel d\u00f6n\u00fc\u015f\u00fcm politikalar\u0131, \u015feffafl\u0131k, adil yarg\u0131lama ve bilimsel temellere dayal\u0131 olarak yeniden g\u00f6zden ge\u00e7irilmelidir\u201d dedi.\u00a0<\/p>\n<p>\u200bHaberin Al\u0131nt\u0131land\u0131\u011f\u0131 Kaynak: www.antalyakorfez.com<\/p>","protected":false},"excerpt":{"rendered":"<p>6 \u015eubat\u2019ta Kahramanmara\u015f merkezli ya\u015fanan depremlerin y\u0131ld\u00f6n\u00fcm\u00fcnde a\u00e7\u0131klama yapan \u015eehir Planc\u0131lar\u0131 Odas\u0131 (\u015ePO) Antalya \u015eubesi, deprem sonras\u0131 uygulamalarda usuls\u00fczl\u00fck yapan t\u00fcm payda\u015flar m\u00fcteahhitler, denetim firmalar\u0131, plan m\u00fcellifleri, idarecilerin adil yarg\u0131lanmalar\u0131n\u0131 istendi. \u00a0 M\u0130LYONLARCA \u0130NSAN EVS\u0130Z KALDI 6 \u015eubat 2023 sabah\u0131, saat 04.17\u2019de ya\u015fanan b\u00fcy\u00fck felaketin ikinci y\u0131ld\u00f6n\u00fcm\u00fcnde \u015eehir Planc\u0131lar\u0131 Odas\u0131 Antalya \u015eube Ba\u015fkan\u0131 Funda Y\u00f6r\u00fck \u00f6nemli a\u00e7\u0131klamalarda bulundu. \u201cKahramanmara\u015f merkezli 7.7 ve 7.6 b\u00fcy\u00fckl\u00fc\u011f\u00fcndeki depremler sonucunda on bir kentimiz enkaza d\u00f6n\u00fc\u015ft\u00fc. Resmi rakamlara g\u00f6re 50 bini a\u015fk\u0131n vatanda\u015f\u0131m\u0131z hayat\u0131n\u0131 kaybetti, y\u00fcz binlercesi yaraland\u0131 ve milyonlarca insan evsiz kald\u0131. Ancak bu yaln\u0131zca say\u0131larla ifade edilebilecek bir y\u0131k\u0131m de\u011fil; kentlerin, mahallelerin, an\u0131lar\u0131n, ya\u015famlar\u0131n, umutlar\u0131n yok oldu\u011fu bir felaketti\u201d diyen Y\u00f6r\u00fck, \u201cBug\u00fcn, bu b\u00fcy\u00fck kayb\u0131n y\u0131ld\u00f6n\u00fcm\u00fcnde bir kez daha hat\u0131rlat\u0131lmal\u0131d\u0131r ki, bu yaln\u0131zca bir do\u011fal afet de\u011fil; y\u0131llard\u0131r s\u00fcregelen yanl\u0131\u015f kentle\u015fme politikalar\u0131n\u0131n, plans\u0131z b\u00fcy\u00fcmenin, denetimsiz yap\u0131la\u015fman\u0131n ve bilime kulak t\u0131kanmas\u0131n\u0131n bir sonucudur\u201d diye konu\u015ftu.\u00a0 B\u0130Z DEPREM \u00dcLKES\u0130 OLDU\u011eUMUZU UNUTMADIK, PEK\u0130 YA UNUTANLAR? \u201cT\u00fcrkiye, tarih boyunca bir\u00e7ok y\u0131k\u0131c\u0131 depreme maruz kalm\u0131\u015f bir \u00fclkedir. 1939 Erzincan, 1999 Marmara, 2011 Van ve daha niceleri\u201d \u015feklinde s\u00f6zlerini s\u00fcrd\u00fcren Y\u00f6r\u00fck, \u201cAncak 6 \u015eubat depremleri, ayn\u0131 hatalar\u0131n defalarca tekrar edildi\u011fini bize ac\u0131 bir \u015fekilde g\u00f6stermi\u015ftir. Deprem ger\u00e7e\u011fi bilinmesine ra\u011fmen kentler bilimsel veriler \u0131\u015f\u0131\u011f\u0131nda planlanmam\u0131\u015f, yap\u0131 stoklar\u0131 denetlenmemi\u015f ve riskli &hellip;<\/p>","protected":false},"author":5,"featured_media":0,"comment_status":"open","ping_status":"open","sticky":false,"template":"","format":"standard","meta":{"_acf_changed":false,"footnotes":""},"categories":[24],"tags":[],"class_list":["post-30726","post","type-post","status-publish","format-standard","has-post-thumbnail","hentry","category-gundem"],"acf":[],"yoast_head":"<!-- This site is optimized with the Yoast SEO Premium plugin v26.6 (Yoast SEO v27.1.1) - https:\/\/yoast.com\/product\/yoast-seo-premium-wordpress\/ -->\n<title>\u015eehir Planc\u0131lar\u0131\u2019ndan 6 \u015eubat\u2019ta adil yarg\u0131lama iste\u011fi - Av. Deniz Can K\u0131z\u0131l<\/title>\n<meta name=\"robots\" content=\"index, follow, max-snippet:-1, max-image-preview:large, max-video-preview:-1\" \/>\n<link rel=\"canonical\" href=\"http:\/\/denizcankizil.tr\/de\/haberler\/gundem\/sehir-plancilarindan-6-subatta-adil-yargilama-istegi\/\" \/>\n<meta property=\"og:locale\" content=\"de_DE\" \/>\n<meta property=\"og:type\" content=\"article\" \/>\n<meta property=\"og:title\" content=\"\u015eehir Planc\u0131lar\u0131\u2019ndan 6 \u015eubat\u2019ta adil yarg\u0131lama iste\u011fi\" \/>\n<meta property=\"og:description\" content=\"6 \u015eubat\u2019ta Kahramanmara\u015f merkezli ya\u015fanan depremlerin y\u0131ld\u00f6n\u00fcm\u00fcnde a\u00e7\u0131klama yapan \u015eehir Planc\u0131lar\u0131 Odas\u0131 (\u015ePO) Antalya \u015eubesi, deprem sonras\u0131 uygulamalarda usuls\u00fczl\u00fck yapan t\u00fcm payda\u015flar m\u00fcteahhitler, denetim firmalar\u0131, plan m\u00fcellifleri, idarecilerin adil yarg\u0131lanmalar\u0131n\u0131 istendi. \u00a0 M\u0130LYONLARCA \u0130NSAN EVS\u0130Z KALDI 6 \u015eubat 2023 sabah\u0131, saat 04.17\u2019de ya\u015fanan b\u00fcy\u00fck felaketin ikinci y\u0131ld\u00f6n\u00fcm\u00fcnde \u015eehir Planc\u0131lar\u0131 Odas\u0131 Antalya \u015eube Ba\u015fkan\u0131 Funda Y\u00f6r\u00fck \u00f6nemli a\u00e7\u0131klamalarda bulundu. \u201cKahramanmara\u015f merkezli 7.7 ve 7.6 b\u00fcy\u00fckl\u00fc\u011f\u00fcndeki depremler sonucunda on bir kentimiz enkaza d\u00f6n\u00fc\u015ft\u00fc. Resmi rakamlara g\u00f6re 50 bini a\u015fk\u0131n vatanda\u015f\u0131m\u0131z hayat\u0131n\u0131 kaybetti, y\u00fcz binlercesi yaraland\u0131 ve milyonlarca insan evsiz kald\u0131. Ancak bu yaln\u0131zca say\u0131larla ifade edilebilecek bir y\u0131k\u0131m de\u011fil; kentlerin, mahallelerin, an\u0131lar\u0131n, ya\u015famlar\u0131n, umutlar\u0131n yok oldu\u011fu bir felaketti\u201d diyen Y\u00f6r\u00fck, \u201cBug\u00fcn, bu b\u00fcy\u00fck kayb\u0131n y\u0131ld\u00f6n\u00fcm\u00fcnde bir kez daha hat\u0131rlat\u0131lmal\u0131d\u0131r ki, bu yaln\u0131zca bir do\u011fal afet de\u011fil; y\u0131llard\u0131r s\u00fcregelen yanl\u0131\u015f kentle\u015fme politikalar\u0131n\u0131n, plans\u0131z b\u00fcy\u00fcmenin, denetimsiz yap\u0131la\u015fman\u0131n ve bilime kulak t\u0131kanmas\u0131n\u0131n bir sonucudur\u201d diye konu\u015ftu.\u00a0 B\u0130Z DEPREM \u00dcLKES\u0130 OLDU\u011eUMUZU UNUTMADIK, PEK\u0130 YA UNUTANLAR? \u201cT\u00fcrkiye, tarih boyunca bir\u00e7ok y\u0131k\u0131c\u0131 depreme maruz kalm\u0131\u015f bir \u00fclkedir. 1939 Erzincan, 1999 Marmara, 2011 Van ve daha niceleri\u201d \u015feklinde s\u00f6zlerini s\u00fcrd\u00fcren Y\u00f6r\u00fck, \u201cAncak 6 \u015eubat depremleri, ayn\u0131 hatalar\u0131n defalarca tekrar edildi\u011fini bize ac\u0131 bir \u015fekilde g\u00f6stermi\u015ftir. Deprem ger\u00e7e\u011fi bilinmesine ra\u011fmen kentler bilimsel veriler \u0131\u015f\u0131\u011f\u0131nda planlanmam\u0131\u015f, yap\u0131 stoklar\u0131 denetlenmemi\u015f ve riskli &hellip;\" \/>\n<meta property=\"og:url\" content=\"http:\/\/denizcankizil.tr\/de\/haberler\/gundem\/sehir-plancilarindan-6-subatta-adil-yargilama-istegi\/\" \/>\n<meta property=\"og:site_name\" content=\"Av. Deniz Can K\u0131z\u0131l\" \/>\n<meta property=\"article:published_time\" content=\"2025-02-06T12:42:07+00:00\" \/>\n<meta name=\"author\" content=\"Antalya K\u00f6rfez\" \/>\n<meta name=\"twitter:card\" content=\"summary_large_image\" \/>\n<meta name=\"twitter:label1\" content=\"Verfasst von\" \/>\n\t<meta name=\"twitter:data1\" content=\"Antalya K\u00f6rfez\" \/>\n\t<meta name=\"twitter:label2\" content=\"Gesch\u00e4tzte Lesezeit\" \/>\n\t<meta name=\"twitter:data2\" content=\"6\u00a0Minuten\" \/>\n<script type=\"application\/ld+json\" class=\"yoast-schema-graph\">{\"@context\":\"https:\/\/schema.org\",\"@graph\":[{\"@type\":\"Article\",\"@id\":\"http:\/\/denizcankizil.tr\/de\/haberler\/gundem\/sehir-plancilarindan-6-subatta-adil-yargilama-istegi\/#article\",\"isPartOf\":{\"@id\":\"http:\/\/denizcankizil.tr\/de\/haberler\/gundem\/sehir-plancilarindan-6-subatta-adil-yargilama-istegi\/\"},\"author\":{\"name\":\"Antalya K\u00f6rfez\",\"@id\":\"https:\/\/denizcankizil.tr\/de\/#\/schema\/person\/e1eb71bb4dd684d46563f0af307e1234\"},\"headline\":\"\u015eehir Planc\u0131lar\u0131\u2019ndan 6 \u015eubat\u2019ta adil yarg\u0131lama iste\u011fi\",\"datePublished\":\"2025-02-06T12:42:07+00:00\",\"mainEntityOfPage\":{\"@id\":\"http:\/\/denizcankizil.tr\/de\/haberler\/gundem\/sehir-plancilarindan-6-subatta-adil-yargilama-istegi\/\"},\"wordCount\":1117,\"commentCount\":0,\"publisher\":{\"@id\":\"https:\/\/denizcankizil.tr\/de\/#organization\"},\"articleSection\":[\"G\u00fcndem\"],\"inLanguage\":\"de\",\"potentialAction\":[{\"@type\":\"CommentAction\",\"name\":\"Comment\",\"target\":[\"http:\/\/denizcankizil.tr\/de\/haberler\/gundem\/sehir-plancilarindan-6-subatta-adil-yargilama-istegi\/#respond\"]}]},{\"@type\":\"WebPage\",\"@id\":\"http:\/\/denizcankizil.tr\/de\/haberler\/gundem\/sehir-plancilarindan-6-subatta-adil-yargilama-istegi\/\",\"url\":\"http:\/\/denizcankizil.tr\/de\/haberler\/gundem\/sehir-plancilarindan-6-subatta-adil-yargilama-istegi\/\",\"name\":\"\u015eehir Planc\u0131lar\u0131\u2019ndan 6 \u015eubat\u2019ta adil yarg\u0131lama iste\u011fi - Av. Deniz Can K\u0131z\u0131l\",\"isPartOf\":{\"@id\":\"https:\/\/denizcankizil.tr\/de\/#website\"},\"datePublished\":\"2025-02-06T12:42:07+00:00\",\"breadcrumb\":{\"@id\":\"http:\/\/denizcankizil.tr\/de\/haberler\/gundem\/sehir-plancilarindan-6-subatta-adil-yargilama-istegi\/#breadcrumb\"},\"inLanguage\":\"de\",\"potentialAction\":[{\"@type\":\"ReadAction\",\"target\":[\"http:\/\/denizcankizil.tr\/de\/haberler\/gundem\/sehir-plancilarindan-6-subatta-adil-yargilama-istegi\/\"]}]},{\"@type\":\"BreadcrumbList\",\"@id\":\"http:\/\/denizcankizil.tr\/de\/haberler\/gundem\/sehir-plancilarindan-6-subatta-adil-yargilama-istegi\/#breadcrumb\",\"itemListElement\":[{\"@type\":\"ListItem\",\"position\":1,\"name\":\"Home\",\"item\":\"https:\/\/denizcankizil.tr\/de\/\"},{\"@type\":\"ListItem\",\"position\":2,\"name\":\"\u015eehir Planc\u0131lar\u0131\u2019ndan 6 \u015eubat\u2019ta adil yarg\u0131lama iste\u011fi\"}]},{\"@type\":\"WebSite\",\"@id\":\"https:\/\/denizcankizil.tr\/de\/#website\",\"url\":\"https:\/\/denizcankizil.tr\/de\/\",\"name\":\"Av. Deniz Can K\u0131z\u0131l\",\"description\":\"Avukat Deniz Can K\u0131z\u0131l Antalya Barosu\",\"publisher\":{\"@id\":\"https:\/\/denizcankizil.tr\/de\/#organization\"},\"potentialAction\":[{\"@type\":\"SearchAction\",\"target\":{\"@type\":\"EntryPoint\",\"urlTemplate\":\"https:\/\/denizcankizil.tr\/de\/?s={search_term_string}\"},\"query-input\":{\"@type\":\"PropertyValueSpecification\",\"valueRequired\":true,\"valueName\":\"search_term_string\"}}],\"inLanguage\":\"de\"},{\"@type\":\"Organization\",\"@id\":\"https:\/\/denizcankizil.tr\/de\/#organization\",\"name\":\"Av. Deniz Can K\u0131z\u0131l\",\"url\":\"https:\/\/denizcankizil.tr\/de\/\",\"logo\":{\"@type\":\"ImageObject\",\"inLanguage\":\"de\",\"@id\":\"https:\/\/denizcankizil.tr\/de\/#\/schema\/logo\/image\/\",\"url\":\"http:\/\/denizcankizil.tr\/wp-content\/uploads\/2024\/10\/siyah-logo-svg.svg\",\"contentUrl\":\"http:\/\/denizcankizil.tr\/wp-content\/uploads\/2024\/10\/siyah-logo-svg.svg\",\"width\":1080,\"height\":1080,\"caption\":\"Av. Deniz Can K\u0131z\u0131l\"},\"image\":{\"@id\":\"https:\/\/denizcankizil.tr\/de\/#\/schema\/logo\/image\/\"}},{\"@type\":\"Person\",\"@id\":\"https:\/\/denizcankizil.tr\/de\/#\/schema\/person\/e1eb71bb4dd684d46563f0af307e1234\",\"name\":\"Antalya K\u00f6rfez\",\"image\":{\"@type\":\"ImageObject\",\"inLanguage\":\"de\",\"@id\":\"https:\/\/denizcankizil.tr\/de\/#\/schema\/person\/image\/\",\"url\":\"https:\/\/secure.gravatar.com\/avatar\/42b01982558a48a0b501fdcab6a408d3717ea5919095ee2e67b0e521799c5905?s=96&d=mm&r=g\",\"contentUrl\":\"https:\/\/secure.gravatar.com\/avatar\/42b01982558a48a0b501fdcab6a408d3717ea5919095ee2e67b0e521799c5905?s=96&d=mm&r=g\",\"caption\":\"Antalya K\u00f6rfez\"},\"sameAs\":[\"http:\/\/www.antalyakorfez.com\"],\"url\":\"https:\/\/www.antalyakorfez.com\/sehir-plancilarindan-6-subatta-adil-yargilama-istegi\"}]}<\/script>\n<!-- \/ Yoast SEO Premium plugin. -->","yoast_head_json":{"title":"\u015eehir Planc\u0131lar\u0131\u2019ndan 6 \u015eubat\u2019ta adil yarg\u0131lama iste\u011fi - Av. Deniz Can K\u0131z\u0131l","robots":{"index":"index","follow":"follow","max-snippet":"max-snippet:-1","max-image-preview":"max-image-preview:large","max-video-preview":"max-video-preview:-1"},"canonical":"http:\/\/denizcankizil.tr\/de\/haberler\/gundem\/sehir-plancilarindan-6-subatta-adil-yargilama-istegi\/","og_locale":"de_DE","og_type":"article","og_title":"\u015eehir Planc\u0131lar\u0131\u2019ndan 6 \u015eubat\u2019ta adil yarg\u0131lama iste\u011fi","og_description":"6 \u015eubat\u2019ta Kahramanmara\u015f merkezli ya\u015fanan depremlerin y\u0131ld\u00f6n\u00fcm\u00fcnde a\u00e7\u0131klama yapan \u015eehir Planc\u0131lar\u0131 Odas\u0131 (\u015ePO) Antalya \u015eubesi, deprem sonras\u0131 uygulamalarda usuls\u00fczl\u00fck yapan t\u00fcm payda\u015flar m\u00fcteahhitler, denetim firmalar\u0131, plan m\u00fcellifleri, idarecilerin adil yarg\u0131lanmalar\u0131n\u0131 istendi. \u00a0 M\u0130LYONLARCA \u0130NSAN EVS\u0130Z KALDI 6 \u015eubat 2023 sabah\u0131, saat 04.17\u2019de ya\u015fanan b\u00fcy\u00fck felaketin ikinci y\u0131ld\u00f6n\u00fcm\u00fcnde \u015eehir Planc\u0131lar\u0131 Odas\u0131 Antalya \u015eube Ba\u015fkan\u0131 Funda Y\u00f6r\u00fck \u00f6nemli a\u00e7\u0131klamalarda bulundu. \u201cKahramanmara\u015f merkezli 7.7 ve 7.6 b\u00fcy\u00fckl\u00fc\u011f\u00fcndeki depremler sonucunda on bir kentimiz enkaza d\u00f6n\u00fc\u015ft\u00fc. Resmi rakamlara g\u00f6re 50 bini a\u015fk\u0131n vatanda\u015f\u0131m\u0131z hayat\u0131n\u0131 kaybetti, y\u00fcz binlercesi yaraland\u0131 ve milyonlarca insan evsiz kald\u0131. Ancak bu yaln\u0131zca say\u0131larla ifade edilebilecek bir y\u0131k\u0131m de\u011fil; kentlerin, mahallelerin, an\u0131lar\u0131n, ya\u015famlar\u0131n, umutlar\u0131n yok oldu\u011fu bir felaketti\u201d diyen Y\u00f6r\u00fck, \u201cBug\u00fcn, bu b\u00fcy\u00fck kayb\u0131n y\u0131ld\u00f6n\u00fcm\u00fcnde bir kez daha hat\u0131rlat\u0131lmal\u0131d\u0131r ki, bu yaln\u0131zca bir do\u011fal afet de\u011fil; y\u0131llard\u0131r s\u00fcregelen yanl\u0131\u015f kentle\u015fme politikalar\u0131n\u0131n, plans\u0131z b\u00fcy\u00fcmenin, denetimsiz yap\u0131la\u015fman\u0131n ve bilime kulak t\u0131kanmas\u0131n\u0131n bir sonucudur\u201d diye konu\u015ftu.\u00a0 B\u0130Z DEPREM \u00dcLKES\u0130 OLDU\u011eUMUZU UNUTMADIK, PEK\u0130 YA UNUTANLAR? \u201cT\u00fcrkiye, tarih boyunca bir\u00e7ok y\u0131k\u0131c\u0131 depreme maruz kalm\u0131\u015f bir \u00fclkedir. 1939 Erzincan, 1999 Marmara, 2011 Van ve daha niceleri\u201d \u015feklinde s\u00f6zlerini s\u00fcrd\u00fcren Y\u00f6r\u00fck, \u201cAncak 6 \u015eubat depremleri, ayn\u0131 hatalar\u0131n defalarca tekrar edildi\u011fini bize ac\u0131 bir \u015fekilde g\u00f6stermi\u015ftir. Deprem ger\u00e7e\u011fi bilinmesine ra\u011fmen kentler bilimsel veriler \u0131\u015f\u0131\u011f\u0131nda planlanmam\u0131\u015f, yap\u0131 stoklar\u0131 denetlenmemi\u015f ve riskli &hellip;","og_url":"http:\/\/denizcankizil.tr\/de\/haberler\/gundem\/sehir-plancilarindan-6-subatta-adil-yargilama-istegi\/","og_site_name":"Av. Deniz Can K\u0131z\u0131l","article_published_time":"2025-02-06T12:42:07+00:00","author":"Antalya K\u00f6rfez","twitter_card":"summary_large_image","twitter_misc":{"Verfasst von":"Antalya K\u00f6rfez","Gesch\u00e4tzte Lesezeit":"6\u00a0Minuten"},"schema":{"@context":"https:\/\/schema.org","@graph":[{"@type":"Article","@id":"http:\/\/denizcankizil.tr\/de\/haberler\/gundem\/sehir-plancilarindan-6-subatta-adil-yargilama-istegi\/#article","isPartOf":{"@id":"http:\/\/denizcankizil.tr\/de\/haberler\/gundem\/sehir-plancilarindan-6-subatta-adil-yargilama-istegi\/"},"author":{"name":"Antalya K\u00f6rfez","@id":"https:\/\/denizcankizil.tr\/de\/#\/schema\/person\/e1eb71bb4dd684d46563f0af307e1234"},"headline":"\u015eehir Planc\u0131lar\u0131\u2019ndan 6 \u015eubat\u2019ta adil yarg\u0131lama iste\u011fi","datePublished":"2025-02-06T12:42:07+00:00","mainEntityOfPage":{"@id":"http:\/\/denizcankizil.tr\/de\/haberler\/gundem\/sehir-plancilarindan-6-subatta-adil-yargilama-istegi\/"},"wordCount":1117,"commentCount":0,"publisher":{"@id":"https:\/\/denizcankizil.tr\/de\/#organization"},"articleSection":["G\u00fcndem"],"inLanguage":"de","potentialAction":[{"@type":"CommentAction","name":"Comment","target":["http:\/\/denizcankizil.tr\/de\/haberler\/gundem\/sehir-plancilarindan-6-subatta-adil-yargilama-istegi\/#respond"]}]},{"@type":"WebPage","@id":"http:\/\/denizcankizil.tr\/de\/haberler\/gundem\/sehir-plancilarindan-6-subatta-adil-yargilama-istegi\/","url":"http:\/\/denizcankizil.tr\/de\/haberler\/gundem\/sehir-plancilarindan-6-subatta-adil-yargilama-istegi\/","name":"\u015eehir Planc\u0131lar\u0131\u2019ndan 6 \u015eubat\u2019ta adil yarg\u0131lama iste\u011fi - Av. Deniz Can K\u0131z\u0131l","isPartOf":{"@id":"https:\/\/denizcankizil.tr\/de\/#website"},"datePublished":"2025-02-06T12:42:07+00:00","breadcrumb":{"@id":"http:\/\/denizcankizil.tr\/de\/haberler\/gundem\/sehir-plancilarindan-6-subatta-adil-yargilama-istegi\/#breadcrumb"},"inLanguage":"de","potentialAction":[{"@type":"ReadAction","target":["http:\/\/denizcankizil.tr\/de\/haberler\/gundem\/sehir-plancilarindan-6-subatta-adil-yargilama-istegi\/"]}]},{"@type":"BreadcrumbList","@id":"http:\/\/denizcankizil.tr\/de\/haberler\/gundem\/sehir-plancilarindan-6-subatta-adil-yargilama-istegi\/#breadcrumb","itemListElement":[{"@type":"ListItem","position":1,"name":"Home","item":"https:\/\/denizcankizil.tr\/de\/"},{"@type":"ListItem","position":2,"name":"\u015eehir Planc\u0131lar\u0131\u2019ndan 6 \u015eubat\u2019ta adil yarg\u0131lama iste\u011fi"}]},{"@type":"WebSite","@id":"https:\/\/denizcankizil.tr\/de\/#website","url":"https:\/\/denizcankizil.tr\/de\/","name":"Av. Deniz Can K\u0131z\u0131l","description":"Avukat Deniz Can K\u0131z\u0131l Antalya Barosu","publisher":{"@id":"https:\/\/denizcankizil.tr\/de\/#organization"},"potentialAction":[{"@type":"SearchAction","target":{"@type":"EntryPoint","urlTemplate":"https:\/\/denizcankizil.tr\/de\/?s={search_term_string}"},"query-input":{"@type":"PropertyValueSpecification","valueRequired":true,"valueName":"search_term_string"}}],"inLanguage":"de"},{"@type":"Organization","@id":"https:\/\/denizcankizil.tr\/de\/#organization","name":"Av. Deniz Can K\u0131z\u0131l","url":"https:\/\/denizcankizil.tr\/de\/","logo":{"@type":"ImageObject","inLanguage":"de","@id":"https:\/\/denizcankizil.tr\/de\/#\/schema\/logo\/image\/","url":"http:\/\/denizcankizil.tr\/wp-content\/uploads\/2024\/10\/siyah-logo-svg.svg","contentUrl":"http:\/\/denizcankizil.tr\/wp-content\/uploads\/2024\/10\/siyah-logo-svg.svg","width":1080,"height":1080,"caption":"Av. Deniz Can K\u0131z\u0131l"},"image":{"@id":"https:\/\/denizcankizil.tr\/de\/#\/schema\/logo\/image\/"}},{"@type":"Person","@id":"https:\/\/denizcankizil.tr\/de\/#\/schema\/person\/e1eb71bb4dd684d46563f0af307e1234","name":"Antalya K\u00f6rfez","image":{"@type":"ImageObject","inLanguage":"de","@id":"https:\/\/denizcankizil.tr\/de\/#\/schema\/person\/image\/","url":"https:\/\/secure.gravatar.com\/avatar\/42b01982558a48a0b501fdcab6a408d3717ea5919095ee2e67b0e521799c5905?s=96&d=mm&r=g","contentUrl":"https:\/\/secure.gravatar.com\/avatar\/42b01982558a48a0b501fdcab6a408d3717ea5919095ee2e67b0e521799c5905?s=96&d=mm&r=g","caption":"Antalya K\u00f6rfez"},"sameAs":["http:\/\/www.antalyakorfez.com"],"url":"https:\/\/www.antalyakorfez.com\/sehir-plancilarindan-6-subatta-adil-yargilama-istegi"}]}},"_links":{"self":[{"href":"http:\/\/denizcankizil.tr\/de\/wp-json\/wp\/v2\/posts\/30726","targetHints":{"allow":["GET"]}}],"collection":[{"href":"http:\/\/denizcankizil.tr\/de\/wp-json\/wp\/v2\/posts"}],"about":[{"href":"http:\/\/denizcankizil.tr\/de\/wp-json\/wp\/v2\/types\/post"}],"author":[{"embeddable":true,"href":"http:\/\/denizcankizil.tr\/de\/wp-json\/wp\/v2\/users\/5"}],"replies":[{"embeddable":true,"href":"http:\/\/denizcankizil.tr\/de\/wp-json\/wp\/v2\/comments?post=30726"}],"version-history":[{"count":0,"href":"http:\/\/denizcankizil.tr\/de\/wp-json\/wp\/v2\/posts\/30726\/revisions"}],"wp:attachment":[{"href":"http:\/\/denizcankizil.tr\/de\/wp-json\/wp\/v2\/media?parent=30726"}],"wp:term":[{"taxonomy":"category","embeddable":true,"href":"http:\/\/denizcankizil.tr\/de\/wp-json\/wp\/v2\/categories?post=30726"},{"taxonomy":"post_tag","embeddable":true,"href":"http:\/\/denizcankizil.tr\/de\/wp-json\/wp\/v2\/tags?post=30726"}],"curies":[{"name":"wp","href":"https:\/\/api.w.org\/{rel}","templated":true}]}}