{"id":30715,"date":"2025-02-06T14:56:00","date_gmt":"2025-02-06T11:56:00","guid":{"rendered":"https:\/\/denizcankizil.tr\/uncategorized-tr\/sehir-planlama-plansizligin-ekonomik-ve-sosyal-maliyetleri\/"},"modified":"2025-02-06T14:56:00","modified_gmt":"2025-02-06T11:56:00","slug":"sehir-planlama-plansizligin-ekonomik-ve-sosyal-maliyetleri","status":"publish","type":"post","link":"http:\/\/denizcankizil.tr\/de\/koseyazilari\/degerlendirme\/sehir-planlama-plansizligin-ekonomik-ve-sosyal-maliyetleri\/","title":{"rendered":"\u015eehir Planlama: Plans\u0131zl\u0131\u011f\u0131n Ekonomik ve Sosyal Maliyetleri"},"content":{"rendered":"<p> <strong>\u015eehir Planlama: Plans\u0131zl\u0131\u011f\u0131n Ekonomik ve Sosyal Maliyetleri<\/strong><\/p>\n<p>\u015eehir planlama, modern toplumlar\u0131n s\u00fcrd\u00fcr\u00fclebilir geli\u015fimi i\u00e7in\u200b kritik bir \u00f6neme sahiptir. H\u0131zla\u200d artan n\u00fcfus ve kentle\u015fme, \u015fehirlerin fiziksel, \u2063sosyal ve ekonomik yap\u0131lar\u0131nda k\u00f6kl\u00fc\u2064 de\u011fi\u015fikliklere yol a\u00e7maktad\u0131r. Plans\u0131z\u2062 \u015fehirle\u015fme, yaln\u0131zca fiziksel altyap\u0131n\u0131n yetersiz kalmas\u0131na\u200b neden olmakla kalmaz, ayn\u0131 zamanda sosyal adaletsizlikler, \u00e7evresel sorunlar ve ekonomik kay\u0131plar gibi ciddi sonu\u00e7lar do\u011furur. Bu ba\u011flamda, plans\u0131zl\u0131\u011f\u0131n ekonomik ve sosyal maliyetleri, \u015fehirlerin gelece\u011fi a\u00e7\u0131s\u0131ndan g\u00f6z ard\u0131 edilemeyecek bir mesele haline gelmi\u015ftir. Bu\u2062 makalede, plans\u0131z \u015fehirle\u015fmenin neden oldu\u011fu ekonomik kay\u0131plar ve sosyal \u200bsorunlar detayl\u0131 bir \u200c\u015fekilde ele al\u0131nacak, \u200cbu durumun \u00f6nlenmesi i\u00e7in\u2062 gerekli stratejiler \u00fczerinde \u2063durulacakt\u0131r. \u015eehir planlaman\u0131n \u00f6nemi, sadece fiziksel \u2063bir d\u00fczenleme\u200b de\u011fil, ayn\u0131 zamanda toplumsal refah\u0131n art\u0131r\u0131lmas\u0131 ve s\u00fcrd\u00fcr\u00fclebilir kalk\u0131nman\u0131n\u200b sa\u011flanmas\u0131 a\u00e7\u0131s\u0131ndan da b\u00fcy\u00fck bir gereklilik olarak kar\u015f\u0131m\u0131za \u00e7\u0131kmaktad\u0131r.<br \/><img decoding=\"async\" class=\"kimage_class lazyload\" data-src=\"https:\/\/denizcankizil.tr\/wp-content\/uploads\/2024\/10\/puo6A-253D.jpg\" alt=\"\u015eehir Planlaman\u0131n Temel \u0130lkeleri ve \u00d6nemi\" src=\"data:image\/svg+xml;base64,PHN2ZyB3aWR0aD0iMSIgaGVpZ2h0PSIxIiB4bWxucz0iaHR0cDovL3d3dy53My5vcmcvMjAwMC9zdmciPjwvc3ZnPg==\"><\/p>\n<h2 id=\"sehir-planlamanin-temel-ilkeleri-ve-onemi\">\u015eehir Planlaman\u0131n Temel \u0130lkeleri ve \u00d6nemi<\/h2>\n<section>\n<p>\u015eehir planlamas\u0131, kentsel alanlar\u0131n \u200bd\u00fczenlenmesi ve geli\u015ftirilmesi s\u00fcrecinde belirli ilkelerin g\u00f6z \u00f6n\u00fcnde bulundurulmas\u0131 gerekmektedir. Bu ilkeler,\u200c s\u00fcrd\u00fcr\u00fclebilir bir \u2062ya\u015fam alan\u0131 olu\u015fturman\u0131n yan\u0131 s\u0131ra, ekonomik ve sosyal dengeyi sa\u011flamak i\u00e7in de \u200bkritik \u00f6neme sahiptir. \u015eehir planlaman\u0131n \u2064temel ilkeleri aras\u0131nda \u2062\u015funlar yer almaktad\u0131r:<\/p>\n<ul>\n<li><strong>S\u00fcrd\u00fcr\u00fclebilirlik:<\/strong> Do\u011fal kaynaklar\u0131n korunmas\u0131 ve \u00e7evresel etkilerin minimize edilmesi.<\/li>\n<li><strong>Kat\u0131l\u0131mc\u0131l\u0131k:<\/strong> Toplumun farkl\u0131 kesimlerinin planlama s\u00fcre\u00e7lerine dahil edilmesi.<\/li>\n<li><strong>Esneklik:<\/strong> De\u011fi\u015fen ihtiya\u00e7lara ve\u200b ko\u015fullara uyum sa\u011flama yetene\u011fi.<\/li>\n<li><strong>Entegre Yakla\u015f\u0131m:<\/strong> Farkl\u0131 disiplinlerin bir arada d\u00fc\u015f\u00fcn\u00fclmesi ve uygulanmas\u0131.<\/li>\n<\/ul>\n<p>Bu ilkeler, \u015fehirlerin daha\u2062 ya\u015fanabilir, eri\u015filebilir ve ekonomik a\u00e7\u0131dan verimli hale gelmesine katk\u0131 \u200dsa\u011flamaktad\u0131r. Plans\u0131z bir \u015fehirle\u015fme s\u00fcreci, yaln\u0131zca \u200dfiziksel \u200dalanlar\u0131n\u200d de\u011fil, ayn\u0131 \u200dzamanda sosyal yap\u0131n\u0131n da olumsuz etkilenmesine yol a\u00e7abilir. Ekonomik \u200ckay\u0131plar, altyap\u0131 sorunlar\u0131 ve sosyal \u200badaletsizlikler,\u200d plans\u0131zl\u0131\u011f\u0131n sonu\u00e7lar\u0131 aras\u0131nda \u200cyer almaktad\u0131r. \u2064Bu nedenle, \u015fehir planlamas\u0131, sadece bir gereklilik de\u011fil, ayn\u0131 zamanda bir zorunluluk olarak de\u011ferlendirilmelidir.<\/p>\n<\/section>\n<p><img decoding=\"async\" class=\"kimage_class lazyload\" data-src=\"https:\/\/denizcankizil.tr\/wp-content\/uploads\/2024\/10\/ounsel-scaled.jpg\" alt=\"Plans\u0131z \u015eehir Geli\u015fiminin Ekonomik Sonu\u00e7lar\u0131\" src=\"data:image\/svg+xml;base64,PHN2ZyB3aWR0aD0iMSIgaGVpZ2h0PSIxIiB4bWxucz0iaHR0cDovL3d3dy53My5vcmcvMjAwMC9zdmciPjwvc3ZnPg==\"><\/p>\n<h2 id=\"plansiz-sehir-gelisiminin-ekonomik-sonuclari\">Plans\u0131z \u015eehir Geli\u015fiminin Ekonomik Sonu\u00e7lar\u0131<\/h2>\n<p>Plans\u0131z \u015fehir \u200dgeli\u015fimi, ekonomik\u2063 a\u00e7\u0131dan \u00e7e\u015fitli olumsuz sonu\u00e7lar\u2064 do\u011furabilmektedir. Bu t\u00fcr bir geli\u015fim, kaynaklar\u0131n verimsiz kullan\u0131m\u0131na yol a\u00e7arak, \u015fehirlerin s\u00fcrd\u00fcr\u00fclebilirli\u011fini tehdit \u2062eder. Ekonomik etkileri aras\u0131nda \u015funlar \u00f6ne \u2063\u00e7\u0131kmaktad\u0131r:<\/p>\n<ul>\n<li><strong>Altyap\u0131 Yetersizlikleri:<\/strong> Plans\u0131z yap\u0131la\u015fma, altyap\u0131 sistemlerinin yetersiz kalmas\u0131na neden olur. Bu \u200ddurum, ula\u015f\u0131m, su ve enerji gibi temel hizmetlerin aksamas\u0131na yol a\u00e7arak, \u2062ekonomik\u200b faaliyetleri olumsuz \u2064etkiler.<\/li>\n<li><strong>Artan Maliyetler:<\/strong> Plans\u0131z\u200b \u015fehirle\u015fme, kamu hizmetlerinin sa\u011flanmas\u0131nda ek maliyetler do\u011furur. Bu maliyetler, hem yerel y\u00f6netimler hem de vatanda\u015flar\u200b i\u00e7in ekonomik y\u00fck olu\u015fturur.<\/li>\n<li><strong>De\u011fer Kayb\u0131:<\/strong> Plans\u0131z geli\u015fim, gayrimenkul de\u011ferlerinin d\u00fc\u015fmesine neden olabilir. Bu durum, yat\u0131r\u0131mc\u0131lar\u0131n \u015fehirden uzakla\u015fmas\u0131na ve ekonomik canl\u0131l\u0131\u011f\u0131n azalmas\u0131na yol a\u00e7ar.<\/li>\n<li><strong>Sosyal Sorunlar:<\/strong> Ekonomik etkilerin yan\u0131 s\u0131ra,\u2063 plans\u0131z \u2064\u015fehir geli\u015fimi <a href=\"https:\/\/denizcankizil.tr\/de\/seo\/konyaalti-ve-muratpasa-hukuk-burosunun-rolu-ve-onemi\/\" title=\"Konyaalt\u0131 ve Muratpa\u015fa Hukuk B\u00fcrosunun Rol\u00fc ve \u00d6nemi\">sosyal sorunlar<\/a>\u0131 \u2063da\u2063 beraberinde getirir. Yetersiz sosyal altyap\u0131, \u200bi\u015fsizlik ve yoksulluk gibi sorunlar\u0131n \u200bartmas\u0131na neden olabilir.<\/li>\n<\/ul>\n<p>Sonu\u00e7\u200c olarak, plans\u0131z \u015fehir \u200cgeli\u015fimi, ekonomik ve \u2063sosyal \u2063a\u00e7\u0131dan ciddi maliyetler do\u011furmakta ve \u015fehirlerin s\u00fcrd\u00fcr\u00fclebilirli\u011fini tehdit etmektedir. Bu nedenle, etkili\u200b bir \u015fehir planlamas\u0131, ekonomik b\u00fcy\u00fcme ve sosyal refah\u200b i\u00e7in kritik \u00f6neme sahiptir.<\/p>\n<p><img decoding=\"async\" class=\"kimage_class lazyload\" data-src=\"https:\/\/denizcankizil.tr\/wp-content\/uploads\/2024\/10\/bJieI-253D.jpg\" alt=\"Sosyal Yap\u0131 \u00dczerindeki Plans\u0131zl\u0131\u011f\u0131n Etkileri\" src=\"data:image\/svg+xml;base64,PHN2ZyB3aWR0aD0iMSIgaGVpZ2h0PSIxIiB4bWxucz0iaHR0cDovL3d3dy53My5vcmcvMjAwMC9zdmciPjwvc3ZnPg==\"><\/p>\n<h2 id=\"sosyal-yapi-uzerindeki-plansizligin-etkileri\">Sosyal Yap\u0131 \u00dczerindeki Plans\u0131zl\u0131\u011f\u0131n Etkileri<\/h2>\n<p>Plans\u0131z \u015fehir geli\u015fimi, sosyal yap\u0131lar \u00fczerinde derin etkiler yaratmaktad\u0131r. Bu\u2063 durum, toplumsal ili\u015fkilerin zay\u0131flamas\u0131na\u2064 ve sosyal\u200b uyumun\u2062 bozulmas\u0131na yol a\u00e7abilir. Plans\u0131zl\u0131k, bireyler aras\u0131nda g\u00fcven duygusunu azaltarak, toplumsal dayan\u0131\u015fmay\u0131 olumsuz etkileyebilir. Ayr\u0131ca, sosyal hizmetlerin yetersizli\u011fi ve altyap\u0131 eksiklikleri, \u00f6zellikle dezavantajl\u0131 \u200dgruplar i\u00e7in ya\u015fam kalitesini \u2062d\u00fc\u015f\u00fcrmektedir.<\/p>\n<p>Plans\u0131z \u015fehirle\u015fmenin baz\u0131 belirgin \u200cetkileri \u015funlard\u0131r:<\/p>\n<ul>\n<li><strong>Toplumsal Ayr\u0131\u015fma:<\/strong> \u2063Farkl\u0131 sosyoekonomik gruplar\u0131n\u200b bir arada ya\u015famas\u0131 zorla\u015f\u0131r, bu da sosyal gerginliklere neden olabilir.<\/li>\n<li><strong>Hizmet Eri\u015fimi:<\/strong> E\u011fitim, sa\u011fl\u0131k ve ula\u015f\u0131m gibi temel hizmetlere eri\u015fim g\u00fc\u00e7le\u015fir, bu da sosyal e\u015fitsizlikleri\u200d art\u0131r\u0131r.<\/li>\n<li><strong>G\u00fcvenlik Sorunlar\u0131:<\/strong> Plans\u0131z yerle\u015fim alanlar\u0131, su\u00e7 oranlar\u0131n\u0131n artmas\u0131na zemin \u200dhaz\u0131rlayabilir.<\/li>\n<\/ul>\n<p>Sonu\u00e7 olarak, \u200d\u015fehir planlamas\u0131nda dikkate al\u0131nmayan\u200b sosyal yap\u0131, uzun\u2063 vadede toplumsal dengenin bozulmas\u0131na ve ekonomik\u200b kay\u0131plara yol a\u00e7maktad\u0131r. Bu\u200b nedenle, s\u00fcrd\u00fcr\u00fclebilir bir \u015fehirle\u015fme i\u00e7in \u2063planlama s\u00fcre\u00e7lerinin titizlikle y\u00fcr\u00fct\u00fclmesi b\u00fcy\u00fck \u00f6nem ta\u015f\u0131maktad\u0131r.<\/p>\n<p><img decoding=\"async\" class=\"kimage_class lazyload\" data-src=\"https:\/\/denizcankizil.tr\/wp-content\/uploads\/2024\/10\/3637-types-of-cases-handled-by-real-estate-attorneys-in-antalya.jpg\" alt=\"\u00c7evresel S\u00fcrd\u00fcr\u00fclebilirlik ve Plans\u0131z \u015eehirle\u015fme\" src=\"data:image\/svg+xml;base64,PHN2ZyB3aWR0aD0iMSIgaGVpZ2h0PSIxIiB4bWxucz0iaHR0cDovL3d3dy53My5vcmcvMjAwMC9zdmciPjwvc3ZnPg==\"><\/p>\n<h2 id=\"cevresel-surdurulebilirlik-ve-plansiz-sehirlesme\">\u00c7evresel S\u00fcrd\u00fcr\u00fclebilirlik ve Plans\u0131z \u015eehirle\u015fme<\/h2>\n<section>\n<p>Plans\u0131z \u015fehirle\u015fme, \u00e7evresel s\u00fcrd\u00fcr\u00fclebilirlik a\u00e7\u0131s\u0131ndan ciddi tehditler olu\u015fturmaktad\u0131r. H\u0131zla artan n\u00fcfus ve kontrols\u00fcz yap\u0131la\u015fma, do\u011fal kaynaklar\u0131n a\u015f\u0131r\u0131\u200b t\u00fcketimi\u200d ve ekosistemlerin tahrip edilmesine yol a\u00e7maktad\u0131r. Bu durum,\u2064 hem mevcut hem de gelecek nesillerin\u200c ya\u015fam kalitesini olumsuz etkilemektedir. Plans\u0131z \u015fehirle\u015fmenin \u200dba\u015fl\u0131ca sonu\u00e7lar\u0131 aras\u0131nda \u015funlar yer \u2064almaktad\u0131r:<\/p>\n<ul>\n<li><strong>Do\u011fal Alanlar\u0131n Kayb\u0131:<\/strong> Tar\u0131m arazileri\u200b ve ye\u015fil alanlar, yap\u0131la\u015fma nedeniyle yok olmaktad\u0131r.<\/li>\n<li><strong>Hava Kirlili\u011fi:<\/strong> Artan ara\u00e7 say\u0131s\u0131 ve \u2062sanayi \u200dfaaliyetleri, hava kalitesini d\u00fc\u015f\u00fcrmektedir.<\/li>\n<li><strong>Su Kaynaklar\u0131n\u0131n \u2063Kirlenmesi:<\/strong> Plans\u0131z yap\u0131la\u015fma, su kaynaklar\u0131n\u0131n kirlenmesine ve\u200c azalmas\u0131na neden olmaktad\u0131r.<\/li>\n<\/ul>\n<p>Bu olumsuz etkilerin \u00f6n\u00fcne\u200c ge\u00e7mek i\u00e7in \u015fehir planlamas\u0131nda s\u00fcrd\u00fcr\u00fclebilirlik ilkelerinin benimsenmesi gerekmektedir. S\u00fcrd\u00fcr\u00fclebilir \u015fehir planlamas\u0131, \u00e7evresel, sosyal ve \u2062ekonomik fakt\u00f6rleri dengede tutarak, daha ya\u015fanabilir ve sa\u011fl\u0131kl\u0131 bir \u00e7evre \u200dolu\u015fturmay\u0131 \u200dhedeflemektedir. Bu ba\u011flamda, \u015fehirlerin gelece\u011fi i\u00e7in a\u015fa\u011f\u0131daki stratejilerin uygulanmas\u0131 \u00f6nem arz etmektedir:<\/p>\n<ul>\n<li><strong>Ye\u015fil Alanlar\u0131n Art\u0131r\u0131lmas\u0131:<\/strong> \u015eehir \u200di\u00e7indeki ye\u015fil alanlar\u0131n korunmas\u0131 ve yeni parklar\u0131n \u200colu\u015fturulmas\u0131.<\/li>\n<li><strong>Toplu Ta\u015f\u0131ma Sistemlerinin Geli\u015ftirilmesi:<\/strong> Ula\u015f\u0131mda s\u00fcrd\u00fcr\u00fclebilir\u2062 alternatiflerin te\u015fvik edilmesi.<\/li>\n<li><strong>At\u0131k Y\u00f6netimi:<\/strong> Geri d\u00f6n\u00fc\u015f\u00fcm ve at\u0131k azaltma\u2062 y\u00f6ntemlerinin yayg\u0131nla\u015ft\u0131r\u0131lmas\u0131.<\/li>\n<\/ul>\n<\/section>\n<p><img decoding=\"async\" class=\"kimage_class lazyload\" data-src=\"https:\/\/denizcankizil.tr\/wp-content\/uploads\/2024\/10\/Ntgv4-253D.jpg\" alt=\"Plans\u0131z \u015eehirle\u015fmenin Toplumsal Adalet \u00dczerindeki Yans\u0131malar\u0131\" src=\"data:image\/svg+xml;base64,PHN2ZyB3aWR0aD0iMSIgaGVpZ2h0PSIxIiB4bWxucz0iaHR0cDovL3d3dy53My5vcmcvMjAwMC9zdmciPjwvc3ZnPg==\"><\/p>\n<h2 id=\"plansiz-sehirlesmenin-toplumsal-adalet-uzerindeki-yansimalari\">Plans\u0131z \u015eehirle\u015fmenin Toplumsal Adalet \u00dczerindeki Yans\u0131malar\u0131<\/h2>\n<p>Plans\u0131z \u015fehirle\u015fme, toplumsal adalet \u00fczerinde derin etkiler yaratmaktad\u0131r. Bu durum, \u00f6zellikle\u200d ekonomik ve sosyal e\u015fitsizliklerin artmas\u0131na \u2062neden olmaktad\u0131r. \u015eehirlerin plans\u0131z bir \u015fekilde b\u00fcy\u00fcmesi,\u200d kaynaklar\u0131n adil da\u011f\u0131t\u0131m\u0131n\u0131\u200b zorla\u015ft\u0131rmakta ve belirli gruplar\u0131n\u200d dezavantajl\u0131 duruma d\u00fc\u015fmesine yol a\u00e7maktad\u0131r. Bu ba\u011flamda, plans\u0131z \u015fehirle\u015fmenin toplumsal \u200badalet \u00fczerindeki yans\u0131malar\u0131n\u0131 \u015fu\u200c \u015fekilde \u00f6zetleyebiliriz:<\/p>\n<ul>\n<li><strong>Gelir E\u015fitsizli\u011fi:<\/strong> Plans\u0131z \u015fehirle\u015fme, \u2062zengin ve\u200d yoksul kesimler aras\u0131nda belirgin bir ayr\u0131m \u2062yaratmakta,\u2063 bu \u200bda sosyal gerilimlere neden olmaktad\u0131r.<\/li>\n<li><strong>Hizmet Eri\u015fimi:<\/strong> Altyap\u0131 eksiklikleri, \u00f6zellikle d\u00fc\u015f\u00fck gelirli b\u00f6lgelerde ya\u015fayan bireylerin temel hizmetlere eri\u015fimini k\u0131s\u0131tlamakta, bu da ya\u015fam \u200dkalitesini olumsuz etkilemektedir.<\/li>\n<li><strong>\u00c7evresel Sorunlar:<\/strong> Plans\u0131z b\u00fcy\u00fcme, \u00e7evresel \u2062sorunlar\u0131 da beraberinde getirmekte, bu durum en \u00e7ok dezavantajl\u0131 gruplar\u0131 etkilemektedir.<\/li>\n<li><strong>Toplumsal\u200d Ayr\u0131\u015fma:<\/strong> Farkl\u0131 sosyoekonomik gruplar aras\u0131nda olu\u015fan mesafeler, toplumsal dayan\u0131\u015fmay\u0131 zay\u0131flatmakta ve ayr\u0131\u015fmalara yol a\u00e7maktad\u0131r.<\/li>\n<\/ul>\n<p>Sonu\u00e7 olarak, plans\u0131z \u015fehirle\u015fmenin toplumsal\u200d adalet \u00fczerindeki olumsuz etkileri, \u015fehir planlamas\u0131n\u0131n \u2063\u00f6nemini bir kez\u2063 daha g\u00f6zler \u00f6n\u00fcne\u200c sermektedir. Bu\u2062 nedenle, \u015fehirlerin s\u00fcrd\u00fcr\u00fclebilir bir \u015fekilde planlanmas\u0131, toplumsal e\u015fitlik ve adaletin sa\u011flanmas\u0131 a\u00e7\u0131s\u0131ndan kritik bir \u00f6neme sahiptir.<\/p>\n<p><img decoding=\"async\" class=\"kimage_class lazyload\" data-src=\"https:\/\/denizcankizil.tr\/wp-content\/uploads\/2024\/10\/1LHFk-253D.jpg\" alt=\"\u00c7\u00f6z\u00fcm \u00d6nerileri ve Gelecek Perspektifleri\" src=\"data:image\/svg+xml;base64,PHN2ZyB3aWR0aD0iMSIgaGVpZ2h0PSIxIiB4bWxucz0iaHR0cDovL3d3dy53My5vcmcvMjAwMC9zdmciPjwvc3ZnPg==\"><\/p>\n<h2 id=\"cozum-onerileri-ve-gelecek-perspektifleri\">\u00c7\u00f6z\u00fcm \u00d6nerileri ve Gelecek Perspektifleri<\/h2>\n<section>\n<p>\u015eehir planlamas\u0131nda\u2064 ya\u015fanan plans\u0131zl\u0131k, ekonomik\u2063 ve sosyal a\u00e7\u0131dan ciddi sonu\u00e7lar do\u011furmaktad\u0131r.\u2063 Bu sorunlar\u0131n \u00fcstesinden \u2062gelmek i\u00e7in \u00e7e\u015fitli \u00e7\u00f6z\u00fcm \u00f6nerileri geli\u015ftirilmesi gerekmektedir. A\u015fa\u011f\u0131da, \u015fehir planlamas\u0131nda kar\u015f\u0131la\u015f\u0131lan\u200d zorluklar\u0131n a\u015f\u0131lmas\u0131 i\u00e7in \u00f6nerilen baz\u0131 stratejiler yer almaktad\u0131r:<\/p>\n<ul>\n<li><strong>Entegre Planlama Yakla\u015f\u0131mlar\u0131:<\/strong> \u015eehirlerin s\u00fcrd\u00fcr\u00fclebilir bir \u015fekilde geli\u015febilmesi i\u00e7in, farkl\u0131 disiplinlerin bir araya gelerek entegre bir planlama s\u00fcreci y\u00fcr\u00fctmesi \u00f6nemlidir.<\/li>\n<li><strong>Toplumsal Kat\u0131l\u0131m:<\/strong> Yerel halk\u0131n planlama s\u00fcre\u00e7lerine dahil edilmesi, ihtiya\u00e7lar\u0131n daha\u2063 iyi anla\u015f\u0131lmas\u0131n\u0131 ve toplumsal uyumun sa\u011flanmas\u0131n\u0131 kolayla\u015ft\u0131r\u0131r.<\/li>\n<li><strong>Veri Analizi ve Teknoloji Kullan\u0131m\u0131:<\/strong> Geli\u015fmi\u015f veri analizi y\u00f6ntemleri ve teknolojik ara\u00e7lar, \u015fehirlerin \u2063dinamiklerini daha iyi anlamak ve etkili \u00e7\u00f6z\u00fcmler geli\u015ftirmek i\u00e7in kullan\u0131lmal\u0131d\u0131r.<\/li>\n<li><strong>Uzun Vadeli Stratejiler:<\/strong> \u2062 K\u0131sa vadeli \u00e7\u00f6z\u00fcmler yerine, uzun vadeli ve s\u00fcrd\u00fcr\u00fclebilir stratejilerin benimsenmesi, \u015fehirlerin gelecekteki\u2064 geli\u015fimini olumlu y\u00f6nde etkileyecektir.<\/li>\n<\/ul>\n<p>Gelecek perspektifleri a\u00e7\u0131s\u0131ndan, \u015fehir planlamas\u0131nda daha\u200b fazla disiplinleraras\u0131 i\u015f birli\u011fi ve \u2063yenilik\u00e7i yakla\u015f\u0131mlar benimsenmelidir. \u200bBu sayede, \u2062plans\u0131zl\u0131\u011f\u0131n yol a\u00e7t\u0131\u011f\u0131 ekonomik ve \u2063sosyal maliyetlerin azalt\u0131lmas\u0131 m\u00fcmk\u00fcn olacakt\u0131r. Ayr\u0131ca, \u015fehirlerin daha ya\u015fanabilir hale gelmesi i\u00e7in, \u00e7evresel s\u00fcrd\u00fcr\u00fclebilirlik ilkeleri de\u200d g\u00f6z \u00f6n\u00fcnde bulundurulmal\u0131d\u0131r.<\/p>\n<\/section>\n<p>Sonu\u00e7 olarak, \u200c\u015fehir planlamas\u0131, sadece fiziksel bir alan\u0131n\u200d d\u00fczenlenmesi de\u011fil, ayn\u0131 zamanda ekonomik \u200bve sosyal s\u00fcrd\u00fcr\u00fclebilirli\u011fin sa\u011flanmas\u0131 a\u00e7\u0131s\u0131ndan kritik bir s\u00fcre\u00e7tir. Plans\u0131zl\u0131k, yaln\u0131zca altyap\u0131 eksikliklerine\u200c yol a\u00e7makla kalmaz, ayn\u0131\u200b zamanda toplumsal e\u015fitsizlikleri derinle\u015ftirir ve ekonomik kay\u0131plara neden olur. Bu ba\u011flamda, \u015fehirlerin gelece\u011fi \u2064i\u00e7in etkili\u200c ve kapsaml\u0131 bir planlama anlay\u0131\u015f\u0131n\u0131n benimsenmesi elzemdir. Ge\u00e7mi\u015fte ya\u015fanan plans\u0131zl\u0131klar\u0131n getirdi\u011fi olumsuz sonu\u00e7lardan ders alarak, daha ya\u015fanabilir, eri\u015filebilir ve\u200d s\u00fcrd\u00fcr\u00fclebilir \u015fehirler in\u015fa etme hedefi,\u200b <a href=\"https:\/\/denizcankizil.tr\/de\/koseyazilari\/degerlendirme\/grand-kartal-otel-yangini-denetim-yetkisi-ve-sorumluluklar\/\" title=\"Grand Kartal Otel Yang\u0131n\u0131: Denetim Yetkisi ve Sorumluluklar\">t\u00fcm payda\u015flar\u0131n ortak sorumlulu\u011fudur<\/a>. Bu nedenle, \u015fehir planlamas\u0131 alan\u0131nda at\u0131lacak her\u200b ad\u0131m, toplumun genel\u2063 refah\u0131 ve ekonomik geli\u015fimi \u200da\u00e7\u0131s\u0131ndan b\u00fcy\u00fck bir \u00f6neme sahiptir. <\/p>","protected":false},"excerpt":{"rendered":"<p>\u015eehir planlamas\u0131, s\u00fcrd\u00fcr\u00fclebilir kalk\u0131nman\u0131n temel unsurlar\u0131ndan biridir. Plans\u0131zl\u0131k, ekonomik kay\u0131plara ve sosyal adaletsizliklere yol a\u00e7arak, altyap\u0131 yetersizlikleri ve \u00e7evresel sorunlar\u0131 derinle\u015ftirir. Bu durum, toplumsal huzursuzluklar\u0131 da beraberinde getirir.<\/p>","protected":false},"author":4,"featured_media":30716,"comment_status":"open","ping_status":"open","sticky":false,"template":"","format":"standard","meta":{"_acf_changed":false,"footnotes":""},"categories":[22],"tags":[],"class_list":["post-30715","post","type-post","status-publish","format-standard","has-post-thumbnail","hentry","category-degerlendirme"],"acf":[],"yoast_head":"<!-- This site is optimized with the Yoast SEO Premium plugin v26.6 (Yoast SEO v27.1.1) - https:\/\/yoast.com\/product\/yoast-seo-premium-wordpress\/ -->\n<title>\u015eehir Planlama: Plans\u0131zl\u0131\u011f\u0131n Ekonomik ve Sosyal Maliyetleri - Av. Deniz Can K\u0131z\u0131l<\/title>\n<meta name=\"robots\" content=\"index, follow, max-snippet:-1, max-image-preview:large, max-video-preview:-1\" \/>\n<link rel=\"canonical\" href=\"https:\/\/denizcankizil.tr\/de\/koseyazilari\/degerlendirme\/sehir-planlama-plansizligin-ekonomik-ve-sosyal-maliyetleri\/\" \/>\n<meta property=\"og:locale\" content=\"de_DE\" \/>\n<meta property=\"og:type\" content=\"article\" \/>\n<meta property=\"og:title\" content=\"\u015eehir Planlama: Plans\u0131zl\u0131\u011f\u0131n Ekonomik ve Sosyal Maliyetleri\" \/>\n<meta property=\"og:description\" content=\"\u015eehir planlamas\u0131, s\u00fcrd\u00fcr\u00fclebilir kalk\u0131nman\u0131n temel unsurlar\u0131ndan biridir. Plans\u0131zl\u0131k, ekonomik kay\u0131plara ve sosyal adaletsizliklere yol a\u00e7arak, altyap\u0131 yetersizlikleri ve \u00e7evresel sorunlar\u0131 derinle\u015ftirir. Bu durum, toplumsal huzursuzluklar\u0131 da beraberinde getirir.\" \/>\n<meta property=\"og:url\" content=\"https:\/\/denizcankizil.tr\/de\/koseyazilari\/degerlendirme\/sehir-planlama-plansizligin-ekonomik-ve-sosyal-maliyetleri\/\" \/>\n<meta property=\"og:site_name\" content=\"Av. Deniz Can K\u0131z\u0131l\" \/>\n<meta property=\"article:published_time\" content=\"2025-02-06T11:56:00+00:00\" \/>\n<meta property=\"og:image\" content=\"https:\/\/denizcankizil.tr\/wp-content\/uploads\/2025\/02\/30715-sehir-planlama-plansizligin-ekonomik-ve-sosyal-maliyetleri.jpg\" \/>\n\t<meta property=\"og:image:width\" content=\"800\" \/>\n\t<meta property=\"og:image:height\" content=\"800\" \/>\n\t<meta property=\"og:image:type\" content=\"image\/jpeg\" \/>\n<meta name=\"author\" content=\"Av. Deniz Can K\u0131z\u0131l\" \/>\n<meta name=\"twitter:card\" content=\"summary_large_image\" \/>\n<meta name=\"twitter:label1\" content=\"Verfasst von\" \/>\n\t<meta name=\"twitter:data1\" content=\"Av. Deniz Can K\u0131z\u0131l\" \/>\n\t<meta name=\"twitter:label2\" content=\"Gesch\u00e4tzte Lesezeit\" \/>\n\t<meta name=\"twitter:data2\" content=\"8\u00a0Minuten\" \/>\n<script type=\"application\/ld+json\" class=\"yoast-schema-graph\">{\"@context\":\"https:\/\/schema.org\",\"@graph\":[{\"@type\":\"Article\",\"@id\":\"https:\/\/denizcankizil.tr\/uk\/koseyazilari\/degerlendirme\/sehir-planlama-plansizligin-ekonomik-ve-sosyal-maliyetleri\/#article\",\"isPartOf\":{\"@id\":\"https:\/\/denizcankizil.tr\/uk\/koseyazilari\/degerlendirme\/sehir-planlama-plansizligin-ekonomik-ve-sosyal-maliyetleri\/\"},\"author\":{\"name\":\"Av. Deniz Can K\u0131z\u0131l\",\"@id\":\"https:\/\/denizcankizil.tr\/de\/#\/schema\/person\/5dc1b22991bd7ac833867c10afc9b0ff\"},\"headline\":\"\u015eehir Planlama: Plans\u0131zl\u0131\u011f\u0131n Ekonomik ve Sosyal Maliyetleri\",\"datePublished\":\"2025-02-06T11:56:00+00:00\",\"mainEntityOfPage\":{\"@id\":\"https:\/\/denizcankizil.tr\/uk\/koseyazilari\/degerlendirme\/sehir-planlama-plansizligin-ekonomik-ve-sosyal-maliyetleri\/\"},\"wordCount\":1672,\"commentCount\":0,\"publisher\":{\"@id\":\"https:\/\/denizcankizil.tr\/de\/#organization\"},\"image\":{\"@id\":\"https:\/\/denizcankizil.tr\/uk\/koseyazilari\/degerlendirme\/sehir-planlama-plansizligin-ekonomik-ve-sosyal-maliyetleri\/#primaryimage\"},\"thumbnailUrl\":\"http:\/\/denizcankizil.tr\/wp-content\/uploads\/2025\/02\/30715-sehir-planlama-plansizligin-ekonomik-ve-sosyal-maliyetleri.jpg\",\"articleSection\":[\"De\u011ferlendirme\"],\"inLanguage\":\"de\",\"potentialAction\":[{\"@type\":\"CommentAction\",\"name\":\"Comment\",\"target\":[\"https:\/\/denizcankizil.tr\/uk\/koseyazilari\/degerlendirme\/sehir-planlama-plansizligin-ekonomik-ve-sosyal-maliyetleri\/#respond\"]}]},{\"@type\":\"WebPage\",\"@id\":\"https:\/\/denizcankizil.tr\/uk\/koseyazilari\/degerlendirme\/sehir-planlama-plansizligin-ekonomik-ve-sosyal-maliyetleri\/\",\"url\":\"https:\/\/denizcankizil.tr\/uk\/koseyazilari\/degerlendirme\/sehir-planlama-plansizligin-ekonomik-ve-sosyal-maliyetleri\/\",\"name\":\"\u015eehir Planlama: Plans\u0131zl\u0131\u011f\u0131n Ekonomik ve Sosyal Maliyetleri - Av. Deniz Can K\u0131z\u0131l\",\"isPartOf\":{\"@id\":\"https:\/\/denizcankizil.tr\/de\/#website\"},\"primaryImageOfPage\":{\"@id\":\"https:\/\/denizcankizil.tr\/uk\/koseyazilari\/degerlendirme\/sehir-planlama-plansizligin-ekonomik-ve-sosyal-maliyetleri\/#primaryimage\"},\"image\":{\"@id\":\"https:\/\/denizcankizil.tr\/uk\/koseyazilari\/degerlendirme\/sehir-planlama-plansizligin-ekonomik-ve-sosyal-maliyetleri\/#primaryimage\"},\"thumbnailUrl\":\"http:\/\/denizcankizil.tr\/wp-content\/uploads\/2025\/02\/30715-sehir-planlama-plansizligin-ekonomik-ve-sosyal-maliyetleri.jpg\",\"datePublished\":\"2025-02-06T11:56:00+00:00\",\"breadcrumb\":{\"@id\":\"https:\/\/denizcankizil.tr\/uk\/koseyazilari\/degerlendirme\/sehir-planlama-plansizligin-ekonomik-ve-sosyal-maliyetleri\/#breadcrumb\"},\"inLanguage\":\"de\",\"potentialAction\":[{\"@type\":\"ReadAction\",\"target\":[\"https:\/\/denizcankizil.tr\/uk\/koseyazilari\/degerlendirme\/sehir-planlama-plansizligin-ekonomik-ve-sosyal-maliyetleri\/\"]}]},{\"@type\":\"ImageObject\",\"inLanguage\":\"de\",\"@id\":\"https:\/\/denizcankizil.tr\/uk\/koseyazilari\/degerlendirme\/sehir-planlama-plansizligin-ekonomik-ve-sosyal-maliyetleri\/#primaryimage\",\"url\":\"http:\/\/denizcankizil.tr\/wp-content\/uploads\/2025\/02\/30715-sehir-planlama-plansizligin-ekonomik-ve-sosyal-maliyetleri.jpg\",\"contentUrl\":\"http:\/\/denizcankizil.tr\/wp-content\/uploads\/2025\/02\/30715-sehir-planlama-plansizligin-ekonomik-ve-sosyal-maliyetleri.jpg\",\"width\":800,\"height\":800,\"caption\":\"\u015eehir Planlama: Plans\u0131zl\u0131\u011f\u0131n Ekonomik ve Sosyal Maliyetleri\"},{\"@type\":\"BreadcrumbList\",\"@id\":\"https:\/\/denizcankizil.tr\/uk\/koseyazilari\/degerlendirme\/sehir-planlama-plansizligin-ekonomik-ve-sosyal-maliyetleri\/#breadcrumb\",\"itemListElement\":[{\"@type\":\"ListItem\",\"position\":1,\"name\":\"Home\",\"item\":\"https:\/\/denizcankizil.tr\/de\/\"},{\"@type\":\"ListItem\",\"position\":2,\"name\":\"\u015eehir Planlama: Plans\u0131zl\u0131\u011f\u0131n Ekonomik ve Sosyal Maliyetleri\"}]},{\"@type\":\"WebSite\",\"@id\":\"https:\/\/denizcankizil.tr\/de\/#website\",\"url\":\"https:\/\/denizcankizil.tr\/de\/\",\"name\":\"Av. Deniz Can K\u0131z\u0131l\",\"description\":\"Avukat Deniz Can K\u0131z\u0131l Antalya Barosu\",\"publisher\":{\"@id\":\"https:\/\/denizcankizil.tr\/de\/#organization\"},\"potentialAction\":[{\"@type\":\"SearchAction\",\"target\":{\"@type\":\"EntryPoint\",\"urlTemplate\":\"https:\/\/denizcankizil.tr\/de\/?s={search_term_string}\"},\"query-input\":{\"@type\":\"PropertyValueSpecification\",\"valueRequired\":true,\"valueName\":\"search_term_string\"}}],\"inLanguage\":\"de\"},{\"@type\":\"Organization\",\"@id\":\"https:\/\/denizcankizil.tr\/de\/#organization\",\"name\":\"Av. Deniz Can K\u0131z\u0131l\",\"url\":\"https:\/\/denizcankizil.tr\/de\/\",\"logo\":{\"@type\":\"ImageObject\",\"inLanguage\":\"de\",\"@id\":\"https:\/\/denizcankizil.tr\/de\/#\/schema\/logo\/image\/\",\"url\":\"http:\/\/denizcankizil.tr\/wp-content\/uploads\/2024\/10\/siyah-logo-svg.svg\",\"contentUrl\":\"http:\/\/denizcankizil.tr\/wp-content\/uploads\/2024\/10\/siyah-logo-svg.svg\",\"width\":1080,\"height\":1080,\"caption\":\"Av. Deniz Can K\u0131z\u0131l\"},\"image\":{\"@id\":\"https:\/\/denizcankizil.tr\/de\/#\/schema\/logo\/image\/\"}},{\"@type\":\"Person\",\"@id\":\"https:\/\/denizcankizil.tr\/de\/#\/schema\/person\/5dc1b22991bd7ac833867c10afc9b0ff\",\"name\":\"Av. Deniz Can K\u0131z\u0131l\",\"image\":{\"@type\":\"ImageObject\",\"inLanguage\":\"de\",\"@id\":\"https:\/\/denizcankizil.tr\/de\/#\/schema\/person\/image\/\",\"url\":\"https:\/\/secure.gravatar.com\/avatar\/a0b128fb9855c79efc976d5640eedb31dc35ec297594d6016d2cf7c60e975bb6?s=96&d=mm&r=g\",\"contentUrl\":\"https:\/\/secure.gravatar.com\/avatar\/a0b128fb9855c79efc976d5640eedb31dc35ec297594d6016d2cf7c60e975bb6?s=96&d=mm&r=g\",\"caption\":\"Av. Deniz Can K\u0131z\u0131l\"},\"sameAs\":[\"http:\/\/www.denizcankizil.tr\"],\"url\":\"http:\/\/denizcankizil.tr\/de\/author\/denizcankizil\/\"}]}<\/script>\n<!-- \/ Yoast SEO Premium plugin. -->","yoast_head_json":{"title":"\u015eehir Planlama: Plans\u0131zl\u0131\u011f\u0131n Ekonomik ve Sosyal Maliyetleri - Av. Deniz Can K\u0131z\u0131l","robots":{"index":"index","follow":"follow","max-snippet":"max-snippet:-1","max-image-preview":"max-image-preview:large","max-video-preview":"max-video-preview:-1"},"canonical":"https:\/\/denizcankizil.tr\/de\/koseyazilari\/degerlendirme\/sehir-planlama-plansizligin-ekonomik-ve-sosyal-maliyetleri\/","og_locale":"de_DE","og_type":"article","og_title":"\u015eehir Planlama: Plans\u0131zl\u0131\u011f\u0131n Ekonomik ve Sosyal Maliyetleri","og_description":"\u015eehir planlamas\u0131, s\u00fcrd\u00fcr\u00fclebilir kalk\u0131nman\u0131n temel unsurlar\u0131ndan biridir. Plans\u0131zl\u0131k, ekonomik kay\u0131plara ve sosyal adaletsizliklere yol a\u00e7arak, altyap\u0131 yetersizlikleri ve \u00e7evresel sorunlar\u0131 derinle\u015ftirir. Bu durum, toplumsal huzursuzluklar\u0131 da beraberinde getirir.","og_url":"https:\/\/denizcankizil.tr\/de\/koseyazilari\/degerlendirme\/sehir-planlama-plansizligin-ekonomik-ve-sosyal-maliyetleri\/","og_site_name":"Av. Deniz Can K\u0131z\u0131l","article_published_time":"2025-02-06T11:56:00+00:00","og_image":[{"width":800,"height":800,"url":"https:\/\/denizcankizil.tr\/wp-content\/uploads\/2025\/02\/30715-sehir-planlama-plansizligin-ekonomik-ve-sosyal-maliyetleri.jpg","type":"image\/jpeg"}],"author":"Av. Deniz Can K\u0131z\u0131l","twitter_card":"summary_large_image","twitter_misc":{"Verfasst von":"Av. Deniz Can K\u0131z\u0131l","Gesch\u00e4tzte Lesezeit":"8\u00a0Minuten"},"schema":{"@context":"https:\/\/schema.org","@graph":[{"@type":"Article","@id":"https:\/\/denizcankizil.tr\/uk\/koseyazilari\/degerlendirme\/sehir-planlama-plansizligin-ekonomik-ve-sosyal-maliyetleri\/#article","isPartOf":{"@id":"https:\/\/denizcankizil.tr\/uk\/koseyazilari\/degerlendirme\/sehir-planlama-plansizligin-ekonomik-ve-sosyal-maliyetleri\/"},"author":{"name":"Av. Deniz Can K\u0131z\u0131l","@id":"https:\/\/denizcankizil.tr\/de\/#\/schema\/person\/5dc1b22991bd7ac833867c10afc9b0ff"},"headline":"\u015eehir Planlama: Plans\u0131zl\u0131\u011f\u0131n Ekonomik ve Sosyal Maliyetleri","datePublished":"2025-02-06T11:56:00+00:00","mainEntityOfPage":{"@id":"https:\/\/denizcankizil.tr\/uk\/koseyazilari\/degerlendirme\/sehir-planlama-plansizligin-ekonomik-ve-sosyal-maliyetleri\/"},"wordCount":1672,"commentCount":0,"publisher":{"@id":"https:\/\/denizcankizil.tr\/de\/#organization"},"image":{"@id":"https:\/\/denizcankizil.tr\/uk\/koseyazilari\/degerlendirme\/sehir-planlama-plansizligin-ekonomik-ve-sosyal-maliyetleri\/#primaryimage"},"thumbnailUrl":"http:\/\/denizcankizil.tr\/wp-content\/uploads\/2025\/02\/30715-sehir-planlama-plansizligin-ekonomik-ve-sosyal-maliyetleri.jpg","articleSection":["De\u011ferlendirme"],"inLanguage":"de","potentialAction":[{"@type":"CommentAction","name":"Comment","target":["https:\/\/denizcankizil.tr\/uk\/koseyazilari\/degerlendirme\/sehir-planlama-plansizligin-ekonomik-ve-sosyal-maliyetleri\/#respond"]}]},{"@type":"WebPage","@id":"https:\/\/denizcankizil.tr\/uk\/koseyazilari\/degerlendirme\/sehir-planlama-plansizligin-ekonomik-ve-sosyal-maliyetleri\/","url":"https:\/\/denizcankizil.tr\/uk\/koseyazilari\/degerlendirme\/sehir-planlama-plansizligin-ekonomik-ve-sosyal-maliyetleri\/","name":"\u015eehir Planlama: Plans\u0131zl\u0131\u011f\u0131n Ekonomik ve Sosyal Maliyetleri - Av. Deniz Can K\u0131z\u0131l","isPartOf":{"@id":"https:\/\/denizcankizil.tr\/de\/#website"},"primaryImageOfPage":{"@id":"https:\/\/denizcankizil.tr\/uk\/koseyazilari\/degerlendirme\/sehir-planlama-plansizligin-ekonomik-ve-sosyal-maliyetleri\/#primaryimage"},"image":{"@id":"https:\/\/denizcankizil.tr\/uk\/koseyazilari\/degerlendirme\/sehir-planlama-plansizligin-ekonomik-ve-sosyal-maliyetleri\/#primaryimage"},"thumbnailUrl":"http:\/\/denizcankizil.tr\/wp-content\/uploads\/2025\/02\/30715-sehir-planlama-plansizligin-ekonomik-ve-sosyal-maliyetleri.jpg","datePublished":"2025-02-06T11:56:00+00:00","breadcrumb":{"@id":"https:\/\/denizcankizil.tr\/uk\/koseyazilari\/degerlendirme\/sehir-planlama-plansizligin-ekonomik-ve-sosyal-maliyetleri\/#breadcrumb"},"inLanguage":"de","potentialAction":[{"@type":"ReadAction","target":["https:\/\/denizcankizil.tr\/uk\/koseyazilari\/degerlendirme\/sehir-planlama-plansizligin-ekonomik-ve-sosyal-maliyetleri\/"]}]},{"@type":"ImageObject","inLanguage":"de","@id":"https:\/\/denizcankizil.tr\/uk\/koseyazilari\/degerlendirme\/sehir-planlama-plansizligin-ekonomik-ve-sosyal-maliyetleri\/#primaryimage","url":"http:\/\/denizcankizil.tr\/wp-content\/uploads\/2025\/02\/30715-sehir-planlama-plansizligin-ekonomik-ve-sosyal-maliyetleri.jpg","contentUrl":"http:\/\/denizcankizil.tr\/wp-content\/uploads\/2025\/02\/30715-sehir-planlama-plansizligin-ekonomik-ve-sosyal-maliyetleri.jpg","width":800,"height":800,"caption":"\u015eehir Planlama: Plans\u0131zl\u0131\u011f\u0131n Ekonomik ve Sosyal Maliyetleri"},{"@type":"BreadcrumbList","@id":"https:\/\/denizcankizil.tr\/uk\/koseyazilari\/degerlendirme\/sehir-planlama-plansizligin-ekonomik-ve-sosyal-maliyetleri\/#breadcrumb","itemListElement":[{"@type":"ListItem","position":1,"name":"Home","item":"https:\/\/denizcankizil.tr\/de\/"},{"@type":"ListItem","position":2,"name":"\u015eehir Planlama: Plans\u0131zl\u0131\u011f\u0131n Ekonomik ve Sosyal Maliyetleri"}]},{"@type":"WebSite","@id":"https:\/\/denizcankizil.tr\/de\/#website","url":"https:\/\/denizcankizil.tr\/de\/","name":"Av. Deniz Can K\u0131z\u0131l","description":"Avukat Deniz Can K\u0131z\u0131l Antalya Barosu","publisher":{"@id":"https:\/\/denizcankizil.tr\/de\/#organization"},"potentialAction":[{"@type":"SearchAction","target":{"@type":"EntryPoint","urlTemplate":"https:\/\/denizcankizil.tr\/de\/?s={search_term_string}"},"query-input":{"@type":"PropertyValueSpecification","valueRequired":true,"valueName":"search_term_string"}}],"inLanguage":"de"},{"@type":"Organization","@id":"https:\/\/denizcankizil.tr\/de\/#organization","name":"Av. Deniz Can K\u0131z\u0131l","url":"https:\/\/denizcankizil.tr\/de\/","logo":{"@type":"ImageObject","inLanguage":"de","@id":"https:\/\/denizcankizil.tr\/de\/#\/schema\/logo\/image\/","url":"http:\/\/denizcankizil.tr\/wp-content\/uploads\/2024\/10\/siyah-logo-svg.svg","contentUrl":"http:\/\/denizcankizil.tr\/wp-content\/uploads\/2024\/10\/siyah-logo-svg.svg","width":1080,"height":1080,"caption":"Av. Deniz Can K\u0131z\u0131l"},"image":{"@id":"https:\/\/denizcankizil.tr\/de\/#\/schema\/logo\/image\/"}},{"@type":"Person","@id":"https:\/\/denizcankizil.tr\/de\/#\/schema\/person\/5dc1b22991bd7ac833867c10afc9b0ff","name":"Av. Deniz Can K\u0131z\u0131l","image":{"@type":"ImageObject","inLanguage":"de","@id":"https:\/\/denizcankizil.tr\/de\/#\/schema\/person\/image\/","url":"https:\/\/secure.gravatar.com\/avatar\/a0b128fb9855c79efc976d5640eedb31dc35ec297594d6016d2cf7c60e975bb6?s=96&d=mm&r=g","contentUrl":"https:\/\/secure.gravatar.com\/avatar\/a0b128fb9855c79efc976d5640eedb31dc35ec297594d6016d2cf7c60e975bb6?s=96&d=mm&r=g","caption":"Av. Deniz Can K\u0131z\u0131l"},"sameAs":["http:\/\/www.denizcankizil.tr"],"url":"http:\/\/denizcankizil.tr\/de\/author\/denizcankizil\/"}]}},"_links":{"self":[{"href":"http:\/\/denizcankizil.tr\/de\/wp-json\/wp\/v2\/posts\/30715","targetHints":{"allow":["GET"]}}],"collection":[{"href":"http:\/\/denizcankizil.tr\/de\/wp-json\/wp\/v2\/posts"}],"about":[{"href":"http:\/\/denizcankizil.tr\/de\/wp-json\/wp\/v2\/types\/post"}],"author":[{"embeddable":true,"href":"http:\/\/denizcankizil.tr\/de\/wp-json\/wp\/v2\/users\/4"}],"replies":[{"embeddable":true,"href":"http:\/\/denizcankizil.tr\/de\/wp-json\/wp\/v2\/comments?post=30715"}],"version-history":[{"count":0,"href":"http:\/\/denizcankizil.tr\/de\/wp-json\/wp\/v2\/posts\/30715\/revisions"}],"wp:featuredmedia":[{"embeddable":true,"href":"http:\/\/denizcankizil.tr\/de\/wp-json\/wp\/v2\/media\/30716"}],"wp:attachment":[{"href":"http:\/\/denizcankizil.tr\/de\/wp-json\/wp\/v2\/media?parent=30715"}],"wp:term":[{"taxonomy":"category","embeddable":true,"href":"http:\/\/denizcankizil.tr\/de\/wp-json\/wp\/v2\/categories?post=30715"},{"taxonomy":"post_tag","embeddable":true,"href":"http:\/\/denizcankizil.tr\/de\/wp-json\/wp\/v2\/tags?post=30715"}],"curies":[{"name":"wp","href":"https:\/\/api.w.org\/{rel}","templated":true}]}}