{"id":30637,"date":"2025-02-06T10:42:14","date_gmt":"2025-02-06T07:42:14","guid":{"rendered":"https:\/\/denizcankizil.tr\/uncategorized-tr\/kacak-alkolle-mucadelede-yeni-donem\/"},"modified":"2025-02-06T10:42:14","modified_gmt":"2025-02-06T07:42:14","slug":"kacak-alkolle-mucadelede-yeni-donem","status":"publish","type":"post","link":"http:\/\/denizcankizil.tr\/de\/haberler\/gundem\/kacak-alkolle-mucadelede-yeni-donem\/","title":{"rendered":"Ka\u00e7ak alkolle m\u00fccadelede yeni d\u00f6nem"},"content":{"rendered":"<p>Tar\u0131m ve Orman Bakanl\u0131\u011f\u0131, \u00fcretilen veya ithal edilecek etil alkollerin ambalajl\u0131, kapl\u0131 veya d\u00f6kme olarak piyasaya arz edilmeden \u00f6nce bandrollenece\u011fine y\u00f6nelik tebli\u011fi bug\u00fcnk\u00fc Resmi Gazete&#8217;de yay\u0131mlad\u0131.ANKARA (\u0130GFA) &#8211; Tar\u0131m ve Orman Bakanl\u0131\u011f\u0131 taraf\u0131ndan haz\u0131rlanan Etil Alkol\u00fcn Ambalajlanmas\u0131 ve Bandrollenmesine \u0130li\u015fkin Tebli\u011f, bug\u00fcnk\u00fc Resmi Gazete&#8217;de yay\u0131mland\u0131.<br \/>\nEtil alkol\u00fcn 250 litre alt\u0131nda ambalajl\u0131 \u015fekilde, 250 litre \u00fcst\u00fcnde kap veya tankerlerle piyasaya arz edilebilmesi kararla\u015ft\u0131r\u0131ld\u0131.<br \/>\n\u00dcretilen veya ithal edilecek etil alkoller ambalajl\u0131, kapl\u0131 veya d\u00f6kme olarak piyasaya arz edilmeden \u00f6nce bandrollenece\u011fi s\u00f6z konusu tebli\u011fle birlikte bandrol zorunlulu\u011fundan istisna olan haller, ambalaj ve kap hacimleri ile ambalajlar\u0131n ve kaplar\u0131n hacimlerine ili\u015fkin kriterler de belirlenmi\u015f oldu.<\/p>\n<p>\u00d6te yandan Tar\u0131m ve Orman Bakanl\u0131\u011f\u0131 T\u00fct\u00fcn ve Alkol Dairesi Ba\u015fkanl\u0131\u011f\u0131ndan (TADAB) da\u011f\u0131t\u0131m uygunluk belgesi alan firmalar, E\u0130S&#8217;e kaydolaca\u011f\u0131 ve E\u0130S&#8217;e kaydolmayan firmalar\u0131n bandrol talepleri kar\u015f\u0131lanmayaca\u011f\u0131 bildirildi.<\/p>\n<p>\u200bTar\u0131m ve Orman Bakanl\u0131\u011f\u0131, \u00fcretilen veya ithal edilecek etil alkollerin ambalajl\u0131, kapl\u0131 veya d\u00f6kme olarak piyasaya arz edilmeden \u00f6nce bandrollenece\u011fine y\u00f6nelik tebli\u011fi bug\u00fcnk\u00fc Resmi Gazete&#8217;de yay\u0131mlad\u0131.ANKARA (\u0130GFA) &#8211; Tar\u0131m ve Orman Bakanl\u0131\u011f\u0131 taraf\u0131ndan haz\u0131rlanan Etil Alkol\u00fcn Ambalajlanmas\u0131 ve Bandrollenmesine \u0130li\u015fkin Tebli\u011f, bug\u00fcnk\u00fc Resmi Gazete&#8217;de yay\u0131mland\u0131.<br \/>\nEtil alkol\u00fcn 250 litre alt\u0131nda ambalajl\u0131 \u015fekilde, 250 litre \u00fcst\u00fcnde kap veya tankerlerle piyasaya arz edilebilmesi kararla\u015ft\u0131r\u0131ld\u0131.<br \/>\n\u00dcretilen veya ithal edilecek etil alkoller ambalajl\u0131, kapl\u0131 veya d\u00f6kme olarak piyasaya arz edilmeden \u00f6nce bandrollenece\u011fi s\u00f6z konusu tebli\u011fle birlikte bandrol zorunlulu\u011fundan istisna olan haller, ambalaj ve kap hacimleri ile ambalajlar\u0131n ve kaplar\u0131n hacimlerine ili\u015fkin kriterler de belirlenmi\u015f oldu.<\/p>\n<p>\u00d6te yandan Tar\u0131m ve Orman Bakanl\u0131\u011f\u0131 T\u00fct\u00fcn ve Alkol Dairesi Ba\u015fkanl\u0131\u011f\u0131ndan (TADAB) da\u011f\u0131t\u0131m uygunluk belgesi alan firmalar, E\u0130S&#8217;e kaydolaca\u011f\u0131 ve E\u0130S&#8217;e kaydolmayan firmalar\u0131n bandrol talepleri kar\u015f\u0131lanmayaca\u011f\u0131 bildirildi.\u00a0<\/p>\n<p>\u200bHaberin Al\u0131nt\u0131land\u0131\u011f\u0131 Kaynak: www.iskenderun.org<\/p>","protected":false},"excerpt":{"rendered":"<p>Tar\u0131m ve Orman Bakanl\u0131\u011f\u0131, \u00fcretilen veya ithal edilecek etil alkollerin ambalajl\u0131, kapl\u0131 veya d\u00f6kme olarak piyasaya arz edilmeden \u00f6nce bandrollenece\u011fine y\u00f6nelik tebli\u011fi bug\u00fcnk\u00fc Resmi Gazete&#8217;de yay\u0131mlad\u0131.ANKARA (\u0130GFA) &#8211; Tar\u0131m ve Orman Bakanl\u0131\u011f\u0131 taraf\u0131ndan haz\u0131rlanan Etil Alkol\u00fcn Ambalajlanmas\u0131 ve Bandrollenmesine \u0130li\u015fkin Tebli\u011f, bug\u00fcnk\u00fc Resmi Gazete&#8217;de yay\u0131mland\u0131. Etil alkol\u00fcn 250 litre alt\u0131nda ambalajl\u0131 \u015fekilde, 250 litre \u00fcst\u00fcnde kap veya tankerlerle piyasaya arz edilebilmesi kararla\u015ft\u0131r\u0131ld\u0131. \u00dcretilen veya ithal edilecek etil alkoller ambalajl\u0131, kapl\u0131 veya d\u00f6kme olarak piyasaya arz edilmeden \u00f6nce bandrollenece\u011fi s\u00f6z konusu tebli\u011fle birlikte bandrol zorunlulu\u011fundan istisna olan haller, ambalaj ve kap hacimleri ile ambalajlar\u0131n ve kaplar\u0131n hacimlerine ili\u015fkin kriterler de belirlenmi\u015f oldu. \u00d6te yandan Tar\u0131m ve Orman Bakanl\u0131\u011f\u0131 T\u00fct\u00fcn ve Alkol Dairesi Ba\u015fkanl\u0131\u011f\u0131ndan (TADAB) da\u011f\u0131t\u0131m uygunluk belgesi alan firmalar, E\u0130S&#8217;e kaydolaca\u011f\u0131 ve E\u0130S&#8217;e kaydolmayan firmalar\u0131n bandrol talepleri kar\u015f\u0131lanmayaca\u011f\u0131 bildirildi. \u200bTar\u0131m ve Orman Bakanl\u0131\u011f\u0131, \u00fcretilen veya ithal edilecek etil alkollerin ambalajl\u0131, kapl\u0131 veya d\u00f6kme olarak piyasaya arz edilmeden \u00f6nce bandrollenece\u011fine y\u00f6nelik tebli\u011fi bug\u00fcnk\u00fc Resmi Gazete&#8217;de yay\u0131mlad\u0131.ANKARA (\u0130GFA) &#8211; Tar\u0131m ve Orman Bakanl\u0131\u011f\u0131 taraf\u0131ndan haz\u0131rlanan Etil Alkol\u00fcn Ambalajlanmas\u0131 ve Bandrollenmesine \u0130li\u015fkin Tebli\u011f, bug\u00fcnk\u00fc Resmi Gazete&#8217;de yay\u0131mland\u0131. Etil alkol\u00fcn 250 litre alt\u0131nda ambalajl\u0131 \u015fekilde, 250 litre \u00fcst\u00fcnde kap veya tankerlerle piyasaya arz edilebilmesi kararla\u015ft\u0131r\u0131ld\u0131. \u00dcretilen veya ithal edilecek etil alkoller ambalajl\u0131, kapl\u0131 veya d\u00f6kme &hellip;<\/p>","protected":false},"author":1,"featured_media":0,"comment_status":"open","ping_status":"open","sticky":false,"template":"","format":"standard","meta":{"_acf_changed":false,"footnotes":""},"categories":[24],"tags":[],"class_list":["post-30637","post","type-post","status-publish","format-standard","has-post-thumbnail","hentry","category-gundem"],"acf":[],"yoast_head":"<!-- This site is optimized with the Yoast SEO Premium plugin v26.6 (Yoast SEO v27.1.1) - https:\/\/yoast.com\/product\/yoast-seo-premium-wordpress\/ -->\n<title>Ka\u00e7ak alkolle m\u00fccadelede yeni d\u00f6nem - Av. Deniz Can K\u0131z\u0131l<\/title>\n<meta name=\"robots\" content=\"index, follow, max-snippet:-1, max-image-preview:large, max-video-preview:-1\" \/>\n<link rel=\"canonical\" href=\"https:\/\/denizcankizil.tr\/de\/haberler\/gundem\/kacak-alkolle-mucadelede-yeni-donem\/\" \/>\n<meta property=\"og:locale\" content=\"de_DE\" \/>\n<meta property=\"og:type\" content=\"article\" \/>\n<meta property=\"og:title\" content=\"Ka\u00e7ak alkolle m\u00fccadelede yeni d\u00f6nem\" \/>\n<meta property=\"og:description\" content=\"Tar\u0131m ve Orman Bakanl\u0131\u011f\u0131, \u00fcretilen veya ithal edilecek etil alkollerin ambalajl\u0131, kapl\u0131 veya d\u00f6kme olarak piyasaya arz edilmeden \u00f6nce bandrollenece\u011fine y\u00f6nelik tebli\u011fi bug\u00fcnk\u00fc Resmi Gazete&#8217;de yay\u0131mlad\u0131.ANKARA (\u0130GFA) &#8211; Tar\u0131m ve Orman Bakanl\u0131\u011f\u0131 taraf\u0131ndan haz\u0131rlanan Etil Alkol\u00fcn Ambalajlanmas\u0131 ve Bandrollenmesine \u0130li\u015fkin Tebli\u011f, bug\u00fcnk\u00fc Resmi Gazete&#8217;de yay\u0131mland\u0131. Etil alkol\u00fcn 250 litre alt\u0131nda ambalajl\u0131 \u015fekilde, 250 litre \u00fcst\u00fcnde kap veya tankerlerle piyasaya arz edilebilmesi kararla\u015ft\u0131r\u0131ld\u0131. \u00dcretilen veya ithal edilecek etil alkoller ambalajl\u0131, kapl\u0131 veya d\u00f6kme olarak piyasaya arz edilmeden \u00f6nce bandrollenece\u011fi s\u00f6z konusu tebli\u011fle birlikte bandrol zorunlulu\u011fundan istisna olan haller, ambalaj ve kap hacimleri ile ambalajlar\u0131n ve kaplar\u0131n hacimlerine ili\u015fkin kriterler de belirlenmi\u015f oldu. \u00d6te yandan Tar\u0131m ve Orman Bakanl\u0131\u011f\u0131 T\u00fct\u00fcn ve Alkol Dairesi Ba\u015fkanl\u0131\u011f\u0131ndan (TADAB) da\u011f\u0131t\u0131m uygunluk belgesi alan firmalar, E\u0130S&#8217;e kaydolaca\u011f\u0131 ve E\u0130S&#8217;e kaydolmayan firmalar\u0131n bandrol talepleri kar\u015f\u0131lanmayaca\u011f\u0131 bildirildi. \u200bTar\u0131m ve Orman Bakanl\u0131\u011f\u0131, \u00fcretilen veya ithal edilecek etil alkollerin ambalajl\u0131, kapl\u0131 veya d\u00f6kme olarak piyasaya arz edilmeden \u00f6nce bandrollenece\u011fine y\u00f6nelik tebli\u011fi bug\u00fcnk\u00fc Resmi Gazete&#8217;de yay\u0131mlad\u0131.ANKARA (\u0130GFA) &#8211; Tar\u0131m ve Orman Bakanl\u0131\u011f\u0131 taraf\u0131ndan haz\u0131rlanan Etil Alkol\u00fcn Ambalajlanmas\u0131 ve Bandrollenmesine \u0130li\u015fkin Tebli\u011f, bug\u00fcnk\u00fc Resmi Gazete&#8217;de yay\u0131mland\u0131. Etil alkol\u00fcn 250 litre alt\u0131nda ambalajl\u0131 \u015fekilde, 250 litre \u00fcst\u00fcnde kap veya tankerlerle piyasaya arz edilebilmesi kararla\u015ft\u0131r\u0131ld\u0131. \u00dcretilen veya ithal edilecek etil alkoller ambalajl\u0131, kapl\u0131 veya d\u00f6kme &hellip;\" \/>\n<meta property=\"og:url\" content=\"https:\/\/denizcankizil.tr\/de\/haberler\/gundem\/kacak-alkolle-mucadelede-yeni-donem\/\" \/>\n<meta property=\"og:site_name\" content=\"Av. Deniz Can K\u0131z\u0131l\" \/>\n<meta property=\"article:published_time\" content=\"2025-02-06T07:42:14+00:00\" \/>\n<meta name=\"author\" content=\"admin\" \/>\n<meta name=\"twitter:card\" content=\"summary_large_image\" \/>\n<meta name=\"twitter:label1\" content=\"Verfasst von\" \/>\n\t<meta name=\"twitter:data1\" content=\"admin\" \/>\n\t<meta name=\"twitter:label2\" content=\"Gesch\u00e4tzte Lesezeit\" \/>\n\t<meta name=\"twitter:data2\" content=\"2\u00a0Minuten\" \/>\n<script type=\"application\/ld+json\" class=\"yoast-schema-graph\">{\"@context\":\"https:\/\/schema.org\",\"@graph\":[{\"@type\":\"Article\",\"@id\":\"https:\/\/denizcankizil.tr\/ru\/haberler\/gundem\/kacak-alkolle-mucadelede-yeni-donem\/#article\",\"isPartOf\":{\"@id\":\"https:\/\/denizcankizil.tr\/ru\/haberler\/gundem\/kacak-alkolle-mucadelede-yeni-donem\/\"},\"author\":{\"name\":\"admin\",\"@id\":\"https:\/\/denizcankizil.tr\/#\/schema\/person\/be3c05fe6a12686905512445d8185489\"},\"headline\":\"Ka\u00e7ak alkolle m\u00fccadelede yeni d\u00f6nem\",\"datePublished\":\"2025-02-06T07:42:14+00:00\",\"mainEntityOfPage\":{\"@id\":\"https:\/\/denizcankizil.tr\/ru\/haberler\/gundem\/kacak-alkolle-mucadelede-yeni-donem\/\"},\"wordCount\":356,\"commentCount\":0,\"publisher\":{\"@id\":\"https:\/\/denizcankizil.tr\/#organization\"},\"articleSection\":[\"G\u00fcndem\"],\"inLanguage\":\"de\",\"potentialAction\":[{\"@type\":\"CommentAction\",\"name\":\"Comment\",\"target\":[\"https:\/\/denizcankizil.tr\/ru\/haberler\/gundem\/kacak-alkolle-mucadelede-yeni-donem\/#respond\"]}]},{\"@type\":\"WebPage\",\"@id\":\"https:\/\/denizcankizil.tr\/ru\/haberler\/gundem\/kacak-alkolle-mucadelede-yeni-donem\/\",\"url\":\"https:\/\/denizcankizil.tr\/ru\/haberler\/gundem\/kacak-alkolle-mucadelede-yeni-donem\/\",\"name\":\"Ka\u00e7ak alkolle m\u00fccadelede yeni d\u00f6nem - Av. Deniz Can K\u0131z\u0131l\",\"isPartOf\":{\"@id\":\"https:\/\/denizcankizil.tr\/#website\"},\"datePublished\":\"2025-02-06T07:42:14+00:00\",\"breadcrumb\":{\"@id\":\"https:\/\/denizcankizil.tr\/ru\/haberler\/gundem\/kacak-alkolle-mucadelede-yeni-donem\/#breadcrumb\"},\"inLanguage\":\"de\",\"potentialAction\":[{\"@type\":\"ReadAction\",\"target\":[\"https:\/\/denizcankizil.tr\/ru\/haberler\/gundem\/kacak-alkolle-mucadelede-yeni-donem\/\"]}]},{\"@type\":\"BreadcrumbList\",\"@id\":\"https:\/\/denizcankizil.tr\/ru\/haberler\/gundem\/kacak-alkolle-mucadelede-yeni-donem\/#breadcrumb\",\"itemListElement\":[{\"@type\":\"ListItem\",\"position\":1,\"name\":\"Home\",\"item\":\"https:\/\/denizcankizil.tr\/de\/\"},{\"@type\":\"ListItem\",\"position\":2,\"name\":\"Ka\u00e7ak alkolle m\u00fccadelede yeni d\u00f6nem\"}]},{\"@type\":\"WebSite\",\"@id\":\"https:\/\/denizcankizil.tr\/#website\",\"url\":\"https:\/\/denizcankizil.tr\/\",\"name\":\"Av. Deniz Can K\u0131z\u0131l\",\"description\":\"Avukat Deniz Can K\u0131z\u0131l Antalya Barosu\",\"publisher\":{\"@id\":\"https:\/\/denizcankizil.tr\/#organization\"},\"potentialAction\":[{\"@type\":\"SearchAction\",\"target\":{\"@type\":\"EntryPoint\",\"urlTemplate\":\"https:\/\/denizcankizil.tr\/?s={search_term_string}\"},\"query-input\":{\"@type\":\"PropertyValueSpecification\",\"valueRequired\":true,\"valueName\":\"search_term_string\"}}],\"inLanguage\":\"de\"},{\"@type\":\"Organization\",\"@id\":\"https:\/\/denizcankizil.tr\/#organization\",\"name\":\"Av. Deniz Can K\u0131z\u0131l\",\"url\":\"https:\/\/denizcankizil.tr\/\",\"logo\":{\"@type\":\"ImageObject\",\"inLanguage\":\"de\",\"@id\":\"https:\/\/denizcankizil.tr\/#\/schema\/logo\/image\/\",\"url\":\"http:\/\/denizcankizil.tr\/wp-content\/uploads\/2024\/10\/siyah-logo-svg.svg\",\"contentUrl\":\"http:\/\/denizcankizil.tr\/wp-content\/uploads\/2024\/10\/siyah-logo-svg.svg\",\"width\":1080,\"height\":1080,\"caption\":\"Av. Deniz Can K\u0131z\u0131l\"},\"image\":{\"@id\":\"https:\/\/denizcankizil.tr\/#\/schema\/logo\/image\/\"}},{\"@type\":\"Person\",\"@id\":\"https:\/\/denizcankizil.tr\/#\/schema\/person\/be3c05fe6a12686905512445d8185489\",\"name\":\"admin\",\"image\":{\"@type\":\"ImageObject\",\"inLanguage\":\"de\",\"@id\":\"https:\/\/denizcankizil.tr\/#\/schema\/person\/image\/\",\"url\":\"https:\/\/secure.gravatar.com\/avatar\/c1fce94c830dc79107e174f890d7210541c4a63e8e5d816341794a2151c9d58c?s=96&d=mm&r=g\",\"contentUrl\":\"https:\/\/secure.gravatar.com\/avatar\/c1fce94c830dc79107e174f890d7210541c4a63e8e5d816341794a2151c9d58c?s=96&d=mm&r=g\",\"caption\":\"admin\"},\"sameAs\":[\"http:\/\/denizcankizil.tr\"],\"url\":\"https:\/\/www.iskenderun.org\/kacak-alkolle-mucadelede-yeni-donem\"}]}<\/script>\n<!-- \/ Yoast SEO Premium plugin. -->","yoast_head_json":{"title":"Ka\u00e7ak alkolle m\u00fccadelede yeni d\u00f6nem - Av. Deniz Can K\u0131z\u0131l","robots":{"index":"index","follow":"follow","max-snippet":"max-snippet:-1","max-image-preview":"max-image-preview:large","max-video-preview":"max-video-preview:-1"},"canonical":"https:\/\/denizcankizil.tr\/de\/haberler\/gundem\/kacak-alkolle-mucadelede-yeni-donem\/","og_locale":"de_DE","og_type":"article","og_title":"Ka\u00e7ak alkolle m\u00fccadelede yeni d\u00f6nem","og_description":"Tar\u0131m ve Orman Bakanl\u0131\u011f\u0131, \u00fcretilen veya ithal edilecek etil alkollerin ambalajl\u0131, kapl\u0131 veya d\u00f6kme olarak piyasaya arz edilmeden \u00f6nce bandrollenece\u011fine y\u00f6nelik tebli\u011fi bug\u00fcnk\u00fc Resmi Gazete&#8217;de yay\u0131mlad\u0131.ANKARA (\u0130GFA) &#8211; Tar\u0131m ve Orman Bakanl\u0131\u011f\u0131 taraf\u0131ndan haz\u0131rlanan Etil Alkol\u00fcn Ambalajlanmas\u0131 ve Bandrollenmesine \u0130li\u015fkin Tebli\u011f, bug\u00fcnk\u00fc Resmi Gazete&#8217;de yay\u0131mland\u0131. Etil alkol\u00fcn 250 litre alt\u0131nda ambalajl\u0131 \u015fekilde, 250 litre \u00fcst\u00fcnde kap veya tankerlerle piyasaya arz edilebilmesi kararla\u015ft\u0131r\u0131ld\u0131. \u00dcretilen veya ithal edilecek etil alkoller ambalajl\u0131, kapl\u0131 veya d\u00f6kme olarak piyasaya arz edilmeden \u00f6nce bandrollenece\u011fi s\u00f6z konusu tebli\u011fle birlikte bandrol zorunlulu\u011fundan istisna olan haller, ambalaj ve kap hacimleri ile ambalajlar\u0131n ve kaplar\u0131n hacimlerine ili\u015fkin kriterler de belirlenmi\u015f oldu. \u00d6te yandan Tar\u0131m ve Orman Bakanl\u0131\u011f\u0131 T\u00fct\u00fcn ve Alkol Dairesi Ba\u015fkanl\u0131\u011f\u0131ndan (TADAB) da\u011f\u0131t\u0131m uygunluk belgesi alan firmalar, E\u0130S&#8217;e kaydolaca\u011f\u0131 ve E\u0130S&#8217;e kaydolmayan firmalar\u0131n bandrol talepleri kar\u015f\u0131lanmayaca\u011f\u0131 bildirildi. \u200bTar\u0131m ve Orman Bakanl\u0131\u011f\u0131, \u00fcretilen veya ithal edilecek etil alkollerin ambalajl\u0131, kapl\u0131 veya d\u00f6kme olarak piyasaya arz edilmeden \u00f6nce bandrollenece\u011fine y\u00f6nelik tebli\u011fi bug\u00fcnk\u00fc Resmi Gazete&#8217;de yay\u0131mlad\u0131.ANKARA (\u0130GFA) &#8211; Tar\u0131m ve Orman Bakanl\u0131\u011f\u0131 taraf\u0131ndan haz\u0131rlanan Etil Alkol\u00fcn Ambalajlanmas\u0131 ve Bandrollenmesine \u0130li\u015fkin Tebli\u011f, bug\u00fcnk\u00fc Resmi Gazete&#8217;de yay\u0131mland\u0131. Etil alkol\u00fcn 250 litre alt\u0131nda ambalajl\u0131 \u015fekilde, 250 litre \u00fcst\u00fcnde kap veya tankerlerle piyasaya arz edilebilmesi kararla\u015ft\u0131r\u0131ld\u0131. \u00dcretilen veya ithal edilecek etil alkoller ambalajl\u0131, kapl\u0131 veya d\u00f6kme &hellip;","og_url":"https:\/\/denizcankizil.tr\/de\/haberler\/gundem\/kacak-alkolle-mucadelede-yeni-donem\/","og_site_name":"Av. Deniz Can K\u0131z\u0131l","article_published_time":"2025-02-06T07:42:14+00:00","author":"admin","twitter_card":"summary_large_image","twitter_misc":{"Verfasst von":"admin","Gesch\u00e4tzte Lesezeit":"2\u00a0Minuten"},"schema":{"@context":"https:\/\/schema.org","@graph":[{"@type":"Article","@id":"https:\/\/denizcankizil.tr\/ru\/haberler\/gundem\/kacak-alkolle-mucadelede-yeni-donem\/#article","isPartOf":{"@id":"https:\/\/denizcankizil.tr\/ru\/haberler\/gundem\/kacak-alkolle-mucadelede-yeni-donem\/"},"author":{"name":"admin","@id":"https:\/\/denizcankizil.tr\/#\/schema\/person\/be3c05fe6a12686905512445d8185489"},"headline":"Ka\u00e7ak alkolle m\u00fccadelede yeni d\u00f6nem","datePublished":"2025-02-06T07:42:14+00:00","mainEntityOfPage":{"@id":"https:\/\/denizcankizil.tr\/ru\/haberler\/gundem\/kacak-alkolle-mucadelede-yeni-donem\/"},"wordCount":356,"commentCount":0,"publisher":{"@id":"https:\/\/denizcankizil.tr\/#organization"},"articleSection":["G\u00fcndem"],"inLanguage":"de","potentialAction":[{"@type":"CommentAction","name":"Comment","target":["https:\/\/denizcankizil.tr\/ru\/haberler\/gundem\/kacak-alkolle-mucadelede-yeni-donem\/#respond"]}]},{"@type":"WebPage","@id":"https:\/\/denizcankizil.tr\/ru\/haberler\/gundem\/kacak-alkolle-mucadelede-yeni-donem\/","url":"https:\/\/denizcankizil.tr\/ru\/haberler\/gundem\/kacak-alkolle-mucadelede-yeni-donem\/","name":"Ka\u00e7ak alkolle m\u00fccadelede yeni d\u00f6nem - Av. Deniz Can K\u0131z\u0131l","isPartOf":{"@id":"https:\/\/denizcankizil.tr\/#website"},"datePublished":"2025-02-06T07:42:14+00:00","breadcrumb":{"@id":"https:\/\/denizcankizil.tr\/ru\/haberler\/gundem\/kacak-alkolle-mucadelede-yeni-donem\/#breadcrumb"},"inLanguage":"de","potentialAction":[{"@type":"ReadAction","target":["https:\/\/denizcankizil.tr\/ru\/haberler\/gundem\/kacak-alkolle-mucadelede-yeni-donem\/"]}]},{"@type":"BreadcrumbList","@id":"https:\/\/denizcankizil.tr\/ru\/haberler\/gundem\/kacak-alkolle-mucadelede-yeni-donem\/#breadcrumb","itemListElement":[{"@type":"ListItem","position":1,"name":"Home","item":"https:\/\/denizcankizil.tr\/de\/"},{"@type":"ListItem","position":2,"name":"Ka\u00e7ak alkolle m\u00fccadelede yeni d\u00f6nem"}]},{"@type":"WebSite","@id":"https:\/\/denizcankizil.tr\/#website","url":"https:\/\/denizcankizil.tr\/","name":"Av. Deniz Can K\u0131z\u0131l","description":"Avukat Deniz Can K\u0131z\u0131l Antalya Barosu","publisher":{"@id":"https:\/\/denizcankizil.tr\/#organization"},"potentialAction":[{"@type":"SearchAction","target":{"@type":"EntryPoint","urlTemplate":"https:\/\/denizcankizil.tr\/?s={search_term_string}"},"query-input":{"@type":"PropertyValueSpecification","valueRequired":true,"valueName":"search_term_string"}}],"inLanguage":"de"},{"@type":"Organization","@id":"https:\/\/denizcankizil.tr\/#organization","name":"Av. Deniz Can K\u0131z\u0131l","url":"https:\/\/denizcankizil.tr\/","logo":{"@type":"ImageObject","inLanguage":"de","@id":"https:\/\/denizcankizil.tr\/#\/schema\/logo\/image\/","url":"http:\/\/denizcankizil.tr\/wp-content\/uploads\/2024\/10\/siyah-logo-svg.svg","contentUrl":"http:\/\/denizcankizil.tr\/wp-content\/uploads\/2024\/10\/siyah-logo-svg.svg","width":1080,"height":1080,"caption":"Av. Deniz Can K\u0131z\u0131l"},"image":{"@id":"https:\/\/denizcankizil.tr\/#\/schema\/logo\/image\/"}},{"@type":"Person","@id":"https:\/\/denizcankizil.tr\/#\/schema\/person\/be3c05fe6a12686905512445d8185489","name":"Administrator","image":{"@type":"ImageObject","inLanguage":"de","@id":"https:\/\/denizcankizil.tr\/#\/schema\/person\/image\/","url":"https:\/\/secure.gravatar.com\/avatar\/c1fce94c830dc79107e174f890d7210541c4a63e8e5d816341794a2151c9d58c?s=96&d=mm&r=g","contentUrl":"https:\/\/secure.gravatar.com\/avatar\/c1fce94c830dc79107e174f890d7210541c4a63e8e5d816341794a2151c9d58c?s=96&d=mm&r=g","caption":"admin"},"sameAs":["http:\/\/denizcankizil.tr"],"url":"https:\/\/www.iskenderun.org\/kacak-alkolle-mucadelede-yeni-donem"}]}},"_links":{"self":[{"href":"http:\/\/denizcankizil.tr\/de\/wp-json\/wp\/v2\/posts\/30637","targetHints":{"allow":["GET"]}}],"collection":[{"href":"http:\/\/denizcankizil.tr\/de\/wp-json\/wp\/v2\/posts"}],"about":[{"href":"http:\/\/denizcankizil.tr\/de\/wp-json\/wp\/v2\/types\/post"}],"author":[{"embeddable":true,"href":"http:\/\/denizcankizil.tr\/de\/wp-json\/wp\/v2\/users\/1"}],"replies":[{"embeddable":true,"href":"http:\/\/denizcankizil.tr\/de\/wp-json\/wp\/v2\/comments?post=30637"}],"version-history":[{"count":0,"href":"http:\/\/denizcankizil.tr\/de\/wp-json\/wp\/v2\/posts\/30637\/revisions"}],"wp:attachment":[{"href":"http:\/\/denizcankizil.tr\/de\/wp-json\/wp\/v2\/media?parent=30637"}],"wp:term":[{"taxonomy":"category","embeddable":true,"href":"http:\/\/denizcankizil.tr\/de\/wp-json\/wp\/v2\/categories?post=30637"},{"taxonomy":"post_tag","embeddable":true,"href":"http:\/\/denizcankizil.tr\/de\/wp-json\/wp\/v2\/tags?post=30637"}],"curies":[{"name":"wp","href":"https:\/\/api.w.org\/{rel}","templated":true}]}}