{"id":28917,"date":"2025-01-31T06:41:31","date_gmt":"2025-01-31T03:41:31","guid":{"rendered":"https:\/\/denizcankizil.tr\/uncategorized-tr\/orta-dogu-odakli-siber-guvenlik-sirketi-turkiyenin-siber-guvenlik-girisimleri-bolge-dinamiklerini-etkiliyor\/"},"modified":"2025-01-31T06:41:31","modified_gmt":"2025-01-31T03:41:31","slug":"orta-dogu-odakli-siber-guvenlik-sirketi-turkiyenin-siber-guvenlik-girisimleri-bolge-dinamiklerini-etkiliyor","status":"publish","type":"post","link":"http:\/\/denizcankizil.tr\/de\/haberler\/gundem\/orta-dogu-odakli-siber-guvenlik-sirketi-turkiyenin-siber-guvenlik-girisimleri-bolge-dinamiklerini-etkiliyor\/","title":{"rendered":"Orta Do\u011fu odakl\u0131 siber g\u00fcvenlik \u015firketi: T\u00fcrkiye&#8217;nin siber g\u00fcvenlik giri\u015fimleri b\u00f6lge dinamiklerini etkiliyor"},"content":{"rendered":"<p>Yak\u0131n zamanda kurulan Siber G\u00fcvenlik Ba\u015fkanl\u0131\u011f\u0131 son d\u00f6nemde artan siber tehditlere kar\u015f\u0131 dijital savunmay\u0131 ve ulusal g\u00fcvenli\u011fi sa\u011flamak i\u00e7in olduk\u00e7a \u00f6nemli bir ad\u0131m oldu.<\/p>\n<p>\u200bYak\u0131n zamanda kurulan Siber G\u00fcvenlik Ba\u015fkanl\u0131\u011f\u0131 son d\u00f6nemde artan siber tehditlere kar\u015f\u0131 dijital savunmay\u0131 ve ulusal g\u00fcvenli\u011fi sa\u011flamak i\u00e7in olduk\u00e7a \u00f6nemli bir ad\u0131m oldu.\u00a0<\/p>\n<p>\u200bHaberin Al\u0131nt\u0131land\u0131\u011f\u0131 Kaynak: www.iskenderun.org<\/p>","protected":false},"excerpt":{"rendered":"<p>Yak\u0131n zamanda kurulan Siber G\u00fcvenlik Ba\u015fkanl\u0131\u011f\u0131 son d\u00f6nemde artan siber tehditlere kar\u015f\u0131 dijital savunmay\u0131 ve ulusal g\u00fcvenli\u011fi sa\u011flamak i\u00e7in olduk\u00e7a \u00f6nemli bir ad\u0131m oldu. \u200bYak\u0131n zamanda kurulan Siber G\u00fcvenlik Ba\u015fkanl\u0131\u011f\u0131 son d\u00f6nemde artan siber tehditlere kar\u015f\u0131 dijital savunmay\u0131 ve ulusal g\u00fcvenli\u011fi sa\u011flamak i\u00e7in olduk\u00e7a \u00f6nemli bir ad\u0131m oldu.\u00a0 \u200bHaberin Al\u0131nt\u0131land\u0131\u011f\u0131 Kaynak: www.iskenderun.org<\/p>","protected":false},"author":1,"featured_media":0,"comment_status":"open","ping_status":"open","sticky":false,"template":"","format":"standard","meta":{"_acf_changed":false,"footnotes":""},"categories":[24],"tags":[],"class_list":["post-28917","post","type-post","status-publish","format-standard","has-post-thumbnail","hentry","category-gundem"],"acf":[],"yoast_head":"<!-- This site is optimized with the Yoast SEO Premium plugin v26.6 (Yoast SEO v27.1.1) - https:\/\/yoast.com\/product\/yoast-seo-premium-wordpress\/ -->\n<title>Orta Do\u011fu odakl\u0131 siber g\u00fcvenlik \u015firketi: T\u00fcrkiye&#039;nin siber g\u00fcvenlik giri\u015fimleri b\u00f6lge dinamiklerini etkiliyor - Av. Deniz Can K\u0131z\u0131l<\/title>\n<meta name=\"robots\" content=\"index, follow, max-snippet:-1, max-image-preview:large, max-video-preview:-1\" \/>\n<link rel=\"canonical\" href=\"http:\/\/denizcankizil.tr\/de\/haberler\/gundem\/orta-dogu-odakli-siber-guvenlik-sirketi-turkiyenin-siber-guvenlik-girisimleri-bolge-dinamiklerini-etkiliyor\/\" \/>\n<meta property=\"og:locale\" content=\"de_DE\" \/>\n<meta property=\"og:type\" content=\"article\" \/>\n<meta property=\"og:title\" content=\"Orta Do\u011fu odakl\u0131 siber g\u00fcvenlik \u015firketi: T\u00fcrkiye&#039;nin siber g\u00fcvenlik giri\u015fimleri b\u00f6lge dinamiklerini etkiliyor\" \/>\n<meta property=\"og:description\" content=\"Yak\u0131n zamanda kurulan Siber G\u00fcvenlik Ba\u015fkanl\u0131\u011f\u0131 son d\u00f6nemde artan siber tehditlere kar\u015f\u0131 dijital savunmay\u0131 ve ulusal g\u00fcvenli\u011fi sa\u011flamak i\u00e7in olduk\u00e7a \u00f6nemli bir ad\u0131m oldu. \u200bYak\u0131n zamanda kurulan Siber G\u00fcvenlik Ba\u015fkanl\u0131\u011f\u0131 son d\u00f6nemde artan siber tehditlere kar\u015f\u0131 dijital savunmay\u0131 ve ulusal g\u00fcvenli\u011fi sa\u011flamak i\u00e7in olduk\u00e7a \u00f6nemli bir ad\u0131m oldu.\u00a0 \u200bHaberin Al\u0131nt\u0131land\u0131\u011f\u0131 Kaynak: www.iskenderun.org\" \/>\n<meta property=\"og:url\" content=\"http:\/\/denizcankizil.tr\/de\/haberler\/gundem\/orta-dogu-odakli-siber-guvenlik-sirketi-turkiyenin-siber-guvenlik-girisimleri-bolge-dinamiklerini-etkiliyor\/\" \/>\n<meta property=\"og:site_name\" content=\"Av. Deniz Can K\u0131z\u0131l\" \/>\n<meta property=\"article:published_time\" content=\"2025-01-31T03:41:31+00:00\" \/>\n<meta name=\"author\" content=\"admin\" \/>\n<meta name=\"twitter:card\" content=\"summary_large_image\" \/>\n<meta name=\"twitter:label1\" content=\"Verfasst von\" \/>\n\t<meta name=\"twitter:data1\" content=\"admin\" \/>\n<script type=\"application\/ld+json\" class=\"yoast-schema-graph\">{\"@context\":\"https:\/\/schema.org\",\"@graph\":[{\"@type\":\"Article\",\"@id\":\"http:\/\/denizcankizil.tr\/de\/haberler\/gundem\/orta-dogu-odakli-siber-guvenlik-sirketi-turkiyenin-siber-guvenlik-girisimleri-bolge-dinamiklerini-etkiliyor\/#article\",\"isPartOf\":{\"@id\":\"http:\/\/denizcankizil.tr\/de\/haberler\/gundem\/orta-dogu-odakli-siber-guvenlik-sirketi-turkiyenin-siber-guvenlik-girisimleri-bolge-dinamiklerini-etkiliyor\/\"},\"author\":{\"name\":\"admin\",\"@id\":\"https:\/\/denizcankizil.tr\/de\/#\/schema\/person\/be3c05fe6a12686905512445d8185489\"},\"headline\":\"Orta Do\u011fu odakl\u0131 siber g\u00fcvenlik \u015firketi: T\u00fcrkiye&#8217;nin siber g\u00fcvenlik giri\u015fimleri b\u00f6lge dinamiklerini etkiliyor\",\"datePublished\":\"2025-01-31T03:41:31+00:00\",\"mainEntityOfPage\":{\"@id\":\"http:\/\/denizcankizil.tr\/de\/haberler\/gundem\/orta-dogu-odakli-siber-guvenlik-sirketi-turkiyenin-siber-guvenlik-girisimleri-bolge-dinamiklerini-etkiliyor\/\"},\"wordCount\":96,\"commentCount\":0,\"publisher\":{\"@id\":\"https:\/\/denizcankizil.tr\/de\/#organization\"},\"articleSection\":[\"G\u00fcndem\"],\"inLanguage\":\"de\",\"potentialAction\":[{\"@type\":\"CommentAction\",\"name\":\"Comment\",\"target\":[\"http:\/\/denizcankizil.tr\/de\/haberler\/gundem\/orta-dogu-odakli-siber-guvenlik-sirketi-turkiyenin-siber-guvenlik-girisimleri-bolge-dinamiklerini-etkiliyor\/#respond\"]}]},{\"@type\":\"WebPage\",\"@id\":\"http:\/\/denizcankizil.tr\/de\/haberler\/gundem\/orta-dogu-odakli-siber-guvenlik-sirketi-turkiyenin-siber-guvenlik-girisimleri-bolge-dinamiklerini-etkiliyor\/\",\"url\":\"http:\/\/denizcankizil.tr\/de\/haberler\/gundem\/orta-dogu-odakli-siber-guvenlik-sirketi-turkiyenin-siber-guvenlik-girisimleri-bolge-dinamiklerini-etkiliyor\/\",\"name\":\"Orta Do\u011fu odakl\u0131 siber g\u00fcvenlik \u015firketi: T\u00fcrkiye'nin siber g\u00fcvenlik giri\u015fimleri b\u00f6lge dinamiklerini etkiliyor - Av. Deniz Can K\u0131z\u0131l\",\"isPartOf\":{\"@id\":\"https:\/\/denizcankizil.tr\/de\/#website\"},\"datePublished\":\"2025-01-31T03:41:31+00:00\",\"breadcrumb\":{\"@id\":\"http:\/\/denizcankizil.tr\/de\/haberler\/gundem\/orta-dogu-odakli-siber-guvenlik-sirketi-turkiyenin-siber-guvenlik-girisimleri-bolge-dinamiklerini-etkiliyor\/#breadcrumb\"},\"inLanguage\":\"de\",\"potentialAction\":[{\"@type\":\"ReadAction\",\"target\":[\"http:\/\/denizcankizil.tr\/de\/haberler\/gundem\/orta-dogu-odakli-siber-guvenlik-sirketi-turkiyenin-siber-guvenlik-girisimleri-bolge-dinamiklerini-etkiliyor\/\"]}]},{\"@type\":\"BreadcrumbList\",\"@id\":\"http:\/\/denizcankizil.tr\/de\/haberler\/gundem\/orta-dogu-odakli-siber-guvenlik-sirketi-turkiyenin-siber-guvenlik-girisimleri-bolge-dinamiklerini-etkiliyor\/#breadcrumb\",\"itemListElement\":[{\"@type\":\"ListItem\",\"position\":1,\"name\":\"Home\",\"item\":\"https:\/\/denizcankizil.tr\/de\/\"},{\"@type\":\"ListItem\",\"position\":2,\"name\":\"Orta Do\u011fu odakl\u0131 siber g\u00fcvenlik \u015firketi: T\u00fcrkiye&#8217;nin siber g\u00fcvenlik giri\u015fimleri b\u00f6lge dinamiklerini etkiliyor\"}]},{\"@type\":\"WebSite\",\"@id\":\"https:\/\/denizcankizil.tr\/de\/#website\",\"url\":\"https:\/\/denizcankizil.tr\/de\/\",\"name\":\"Av. Deniz Can K\u0131z\u0131l\",\"description\":\"Avukat Deniz Can K\u0131z\u0131l Antalya Barosu\",\"publisher\":{\"@id\":\"https:\/\/denizcankizil.tr\/de\/#organization\"},\"potentialAction\":[{\"@type\":\"SearchAction\",\"target\":{\"@type\":\"EntryPoint\",\"urlTemplate\":\"https:\/\/denizcankizil.tr\/de\/?s={search_term_string}\"},\"query-input\":{\"@type\":\"PropertyValueSpecification\",\"valueRequired\":true,\"valueName\":\"search_term_string\"}}],\"inLanguage\":\"de\"},{\"@type\":\"Organization\",\"@id\":\"https:\/\/denizcankizil.tr\/de\/#organization\",\"name\":\"Av. Deniz Can K\u0131z\u0131l\",\"url\":\"https:\/\/denizcankizil.tr\/de\/\",\"logo\":{\"@type\":\"ImageObject\",\"inLanguage\":\"de\",\"@id\":\"https:\/\/denizcankizil.tr\/de\/#\/schema\/logo\/image\/\",\"url\":\"http:\/\/denizcankizil.tr\/wp-content\/uploads\/2024\/10\/siyah-logo-svg.svg\",\"contentUrl\":\"http:\/\/denizcankizil.tr\/wp-content\/uploads\/2024\/10\/siyah-logo-svg.svg\",\"width\":1080,\"height\":1080,\"caption\":\"Av. Deniz Can K\u0131z\u0131l\"},\"image\":{\"@id\":\"https:\/\/denizcankizil.tr\/de\/#\/schema\/logo\/image\/\"}},{\"@type\":\"Person\",\"@id\":\"https:\/\/denizcankizil.tr\/de\/#\/schema\/person\/be3c05fe6a12686905512445d8185489\",\"name\":\"admin\",\"image\":{\"@type\":\"ImageObject\",\"inLanguage\":\"de\",\"@id\":\"https:\/\/denizcankizil.tr\/de\/#\/schema\/person\/image\/\",\"url\":\"https:\/\/secure.gravatar.com\/avatar\/c1fce94c830dc79107e174f890d7210541c4a63e8e5d816341794a2151c9d58c?s=96&d=mm&r=g\",\"contentUrl\":\"https:\/\/secure.gravatar.com\/avatar\/c1fce94c830dc79107e174f890d7210541c4a63e8e5d816341794a2151c9d58c?s=96&d=mm&r=g\",\"caption\":\"admin\"},\"sameAs\":[\"http:\/\/denizcankizil.tr\"],\"url\":\"https:\/\/www.iskenderun.org\/orta-dogu-odakli-siber-guvenlik-sirketi-turkiyenin-siber-guvenlik-girisimleri-bolge-dinamiklerini-etkiliyor\"}]}<\/script>\n<!-- \/ Yoast SEO Premium plugin. -->","yoast_head_json":{"title":"Orta Do\u011fu odakl\u0131 siber g\u00fcvenlik \u015firketi: T\u00fcrkiye'nin siber g\u00fcvenlik giri\u015fimleri b\u00f6lge dinamiklerini etkiliyor - Av. Deniz Can K\u0131z\u0131l","robots":{"index":"index","follow":"follow","max-snippet":"max-snippet:-1","max-image-preview":"max-image-preview:large","max-video-preview":"max-video-preview:-1"},"canonical":"http:\/\/denizcankizil.tr\/de\/haberler\/gundem\/orta-dogu-odakli-siber-guvenlik-sirketi-turkiyenin-siber-guvenlik-girisimleri-bolge-dinamiklerini-etkiliyor\/","og_locale":"de_DE","og_type":"article","og_title":"Orta Do\u011fu odakl\u0131 siber g\u00fcvenlik \u015firketi: T\u00fcrkiye'nin siber g\u00fcvenlik giri\u015fimleri b\u00f6lge dinamiklerini etkiliyor","og_description":"Yak\u0131n zamanda kurulan Siber G\u00fcvenlik Ba\u015fkanl\u0131\u011f\u0131 son d\u00f6nemde artan siber tehditlere kar\u015f\u0131 dijital savunmay\u0131 ve ulusal g\u00fcvenli\u011fi sa\u011flamak i\u00e7in olduk\u00e7a \u00f6nemli bir ad\u0131m oldu. \u200bYak\u0131n zamanda kurulan Siber G\u00fcvenlik Ba\u015fkanl\u0131\u011f\u0131 son d\u00f6nemde artan siber tehditlere kar\u015f\u0131 dijital savunmay\u0131 ve ulusal g\u00fcvenli\u011fi sa\u011flamak i\u00e7in olduk\u00e7a \u00f6nemli bir ad\u0131m oldu.\u00a0 \u200bHaberin Al\u0131nt\u0131land\u0131\u011f\u0131 Kaynak: www.iskenderun.org","og_url":"http:\/\/denizcankizil.tr\/de\/haberler\/gundem\/orta-dogu-odakli-siber-guvenlik-sirketi-turkiyenin-siber-guvenlik-girisimleri-bolge-dinamiklerini-etkiliyor\/","og_site_name":"Av. Deniz Can K\u0131z\u0131l","article_published_time":"2025-01-31T03:41:31+00:00","author":"admin","twitter_card":"summary_large_image","twitter_misc":{"Verfasst von":"admin"},"schema":{"@context":"https:\/\/schema.org","@graph":[{"@type":"Article","@id":"http:\/\/denizcankizil.tr\/de\/haberler\/gundem\/orta-dogu-odakli-siber-guvenlik-sirketi-turkiyenin-siber-guvenlik-girisimleri-bolge-dinamiklerini-etkiliyor\/#article","isPartOf":{"@id":"http:\/\/denizcankizil.tr\/de\/haberler\/gundem\/orta-dogu-odakli-siber-guvenlik-sirketi-turkiyenin-siber-guvenlik-girisimleri-bolge-dinamiklerini-etkiliyor\/"},"author":{"name":"admin","@id":"https:\/\/denizcankizil.tr\/de\/#\/schema\/person\/be3c05fe6a12686905512445d8185489"},"headline":"Orta Do\u011fu odakl\u0131 siber g\u00fcvenlik \u015firketi: T\u00fcrkiye&#8217;nin siber g\u00fcvenlik giri\u015fimleri b\u00f6lge dinamiklerini etkiliyor","datePublished":"2025-01-31T03:41:31+00:00","mainEntityOfPage":{"@id":"http:\/\/denizcankizil.tr\/de\/haberler\/gundem\/orta-dogu-odakli-siber-guvenlik-sirketi-turkiyenin-siber-guvenlik-girisimleri-bolge-dinamiklerini-etkiliyor\/"},"wordCount":96,"commentCount":0,"publisher":{"@id":"https:\/\/denizcankizil.tr\/de\/#organization"},"articleSection":["G\u00fcndem"],"inLanguage":"de","potentialAction":[{"@type":"CommentAction","name":"Comment","target":["http:\/\/denizcankizil.tr\/de\/haberler\/gundem\/orta-dogu-odakli-siber-guvenlik-sirketi-turkiyenin-siber-guvenlik-girisimleri-bolge-dinamiklerini-etkiliyor\/#respond"]}]},{"@type":"WebPage","@id":"http:\/\/denizcankizil.tr\/de\/haberler\/gundem\/orta-dogu-odakli-siber-guvenlik-sirketi-turkiyenin-siber-guvenlik-girisimleri-bolge-dinamiklerini-etkiliyor\/","url":"http:\/\/denizcankizil.tr\/de\/haberler\/gundem\/orta-dogu-odakli-siber-guvenlik-sirketi-turkiyenin-siber-guvenlik-girisimleri-bolge-dinamiklerini-etkiliyor\/","name":"Orta Do\u011fu odakl\u0131 siber g\u00fcvenlik \u015firketi: T\u00fcrkiye'nin siber g\u00fcvenlik giri\u015fimleri b\u00f6lge dinamiklerini etkiliyor - Av. Deniz Can K\u0131z\u0131l","isPartOf":{"@id":"https:\/\/denizcankizil.tr\/de\/#website"},"datePublished":"2025-01-31T03:41:31+00:00","breadcrumb":{"@id":"http:\/\/denizcankizil.tr\/de\/haberler\/gundem\/orta-dogu-odakli-siber-guvenlik-sirketi-turkiyenin-siber-guvenlik-girisimleri-bolge-dinamiklerini-etkiliyor\/#breadcrumb"},"inLanguage":"de","potentialAction":[{"@type":"ReadAction","target":["http:\/\/denizcankizil.tr\/de\/haberler\/gundem\/orta-dogu-odakli-siber-guvenlik-sirketi-turkiyenin-siber-guvenlik-girisimleri-bolge-dinamiklerini-etkiliyor\/"]}]},{"@type":"BreadcrumbList","@id":"http:\/\/denizcankizil.tr\/de\/haberler\/gundem\/orta-dogu-odakli-siber-guvenlik-sirketi-turkiyenin-siber-guvenlik-girisimleri-bolge-dinamiklerini-etkiliyor\/#breadcrumb","itemListElement":[{"@type":"ListItem","position":1,"name":"Home","item":"https:\/\/denizcankizil.tr\/de\/"},{"@type":"ListItem","position":2,"name":"Orta Do\u011fu odakl\u0131 siber g\u00fcvenlik \u015firketi: T\u00fcrkiye&#8217;nin siber g\u00fcvenlik giri\u015fimleri b\u00f6lge dinamiklerini etkiliyor"}]},{"@type":"WebSite","@id":"https:\/\/denizcankizil.tr\/de\/#website","url":"https:\/\/denizcankizil.tr\/de\/","name":"Av. Deniz Can K\u0131z\u0131l","description":"Avukat Deniz Can K\u0131z\u0131l Antalya Barosu","publisher":{"@id":"https:\/\/denizcankizil.tr\/de\/#organization"},"potentialAction":[{"@type":"SearchAction","target":{"@type":"EntryPoint","urlTemplate":"https:\/\/denizcankizil.tr\/de\/?s={search_term_string}"},"query-input":{"@type":"PropertyValueSpecification","valueRequired":true,"valueName":"search_term_string"}}],"inLanguage":"de"},{"@type":"Organization","@id":"https:\/\/denizcankizil.tr\/de\/#organization","name":"Av. Deniz Can K\u0131z\u0131l","url":"https:\/\/denizcankizil.tr\/de\/","logo":{"@type":"ImageObject","inLanguage":"de","@id":"https:\/\/denizcankizil.tr\/de\/#\/schema\/logo\/image\/","url":"http:\/\/denizcankizil.tr\/wp-content\/uploads\/2024\/10\/siyah-logo-svg.svg","contentUrl":"http:\/\/denizcankizil.tr\/wp-content\/uploads\/2024\/10\/siyah-logo-svg.svg","width":1080,"height":1080,"caption":"Av. Deniz Can K\u0131z\u0131l"},"image":{"@id":"https:\/\/denizcankizil.tr\/de\/#\/schema\/logo\/image\/"}},{"@type":"Person","@id":"https:\/\/denizcankizil.tr\/de\/#\/schema\/person\/be3c05fe6a12686905512445d8185489","name":"Administrator","image":{"@type":"ImageObject","inLanguage":"de","@id":"https:\/\/denizcankizil.tr\/de\/#\/schema\/person\/image\/","url":"https:\/\/secure.gravatar.com\/avatar\/c1fce94c830dc79107e174f890d7210541c4a63e8e5d816341794a2151c9d58c?s=96&d=mm&r=g","contentUrl":"https:\/\/secure.gravatar.com\/avatar\/c1fce94c830dc79107e174f890d7210541c4a63e8e5d816341794a2151c9d58c?s=96&d=mm&r=g","caption":"admin"},"sameAs":["http:\/\/denizcankizil.tr"],"url":"https:\/\/www.iskenderun.org\/orta-dogu-odakli-siber-guvenlik-sirketi-turkiyenin-siber-guvenlik-girisimleri-bolge-dinamiklerini-etkiliyor"}]}},"_links":{"self":[{"href":"http:\/\/denizcankizil.tr\/de\/wp-json\/wp\/v2\/posts\/28917","targetHints":{"allow":["GET"]}}],"collection":[{"href":"http:\/\/denizcankizil.tr\/de\/wp-json\/wp\/v2\/posts"}],"about":[{"href":"http:\/\/denizcankizil.tr\/de\/wp-json\/wp\/v2\/types\/post"}],"author":[{"embeddable":true,"href":"http:\/\/denizcankizil.tr\/de\/wp-json\/wp\/v2\/users\/1"}],"replies":[{"embeddable":true,"href":"http:\/\/denizcankizil.tr\/de\/wp-json\/wp\/v2\/comments?post=28917"}],"version-history":[{"count":0,"href":"http:\/\/denizcankizil.tr\/de\/wp-json\/wp\/v2\/posts\/28917\/revisions"}],"wp:attachment":[{"href":"http:\/\/denizcankizil.tr\/de\/wp-json\/wp\/v2\/media?parent=28917"}],"wp:term":[{"taxonomy":"category","embeddable":true,"href":"http:\/\/denizcankizil.tr\/de\/wp-json\/wp\/v2\/categories?post=28917"},{"taxonomy":"post_tag","embeddable":true,"href":"http:\/\/denizcankizil.tr\/de\/wp-json\/wp\/v2\/tags?post=28917"}],"curies":[{"name":"wp","href":"https:\/\/api.w.org\/{rel}","templated":true}]}}