{"id":27463,"date":"2025-01-25T19:41:40","date_gmt":"2025-01-25T16:41:40","guid":{"rendered":"https:\/\/denizcankizil.tr\/uncategorized-tr\/agir-hasarli-14-katli-binaya-kontrollu-yikim\/"},"modified":"2025-01-25T19:41:40","modified_gmt":"2025-01-25T16:41:40","slug":"agir-hasarli-14-katli-binaya-kontrollu-yikim","status":"publish","type":"post","link":"http:\/\/denizcankizil.tr\/de\/haberler\/gundem\/agir-hasarli-14-katli-binaya-kontrollu-yikim\/","title":{"rendered":"A\u011f\u0131r Hasarl\u0131 14 Katl\u0131 Binaya Kontroll\u00fc Y\u0131k\u0131m"},"content":{"rendered":"<p>2 G\u00fcn S\u00fcren Haz\u0131rl\u0131k \u00c7al\u0131\u015fmalar\u0131<\/p>\n<p>Depremin ard\u0131ndan tehlike arz eden yap\u0131n\u0131n y\u0131k\u0131m\u0131 i\u00e7in haz\u0131rl\u0131k \u00e7al\u0131\u015fmalar\u0131 tamamland\u0131. 2 g\u00fcn s\u00fcren \u00f6nlemlerin ard\u0131ndan bina, d\u00fcn i\u015f makinesiyle g\u00fcvenli bir \u015fekilde y\u0131k\u0131ld\u0131.<\/p>\n<p>Y\u0131k\u0131m An\u0131 Kamerada<\/p>\n<p>Y\u0131k\u0131m an\u0131, \u00e7evredeki vatanda\u015flar taraf\u0131ndan cep telefonu kameras\u0131yla kaydedildi. G\u00f6r\u00fcnt\u00fclerde, b\u00fcy\u00fck bir dikkatle ger\u00e7ekle\u015ftirilen kontroll\u00fc y\u0131k\u0131m \u00e7al\u0131\u015fmalar\u0131 yer ald\u0131.<\/p>\n<p>Depremden etkilenen b\u00f6lgelerdeki riskli yap\u0131lar\u0131n y\u0131k\u0131m ve d\u00f6n\u00fc\u015f\u00fcm \u00e7al\u0131\u015fmalar\u0131 h\u0131zla devam ediyor.<\/p>\n<p>\u200bHatay\u2019\u0131n Antakya il\u00e7esi Akasya Mahallesi\u2019nde, 6 \u015eubat depremlerinde a\u011f\u0131r hasar g\u00f6ren 14 katl\u0131 bina, i\u015f makinesiyle kontroll\u00fc bir \u015fekilde y\u0131k\u0131ld\u0131.\u00a0<\/p>\n<p>\u200bHaberin Al\u0131nt\u0131land\u0131\u011f\u0131 Kaynak: www.iskenderun.org<\/p>","protected":false},"excerpt":{"rendered":"<p>2 G\u00fcn S\u00fcren Haz\u0131rl\u0131k \u00c7al\u0131\u015fmalar\u0131 Depremin ard\u0131ndan tehlike arz eden yap\u0131n\u0131n y\u0131k\u0131m\u0131 i\u00e7in haz\u0131rl\u0131k \u00e7al\u0131\u015fmalar\u0131 tamamland\u0131. 2 g\u00fcn s\u00fcren \u00f6nlemlerin ard\u0131ndan bina, d\u00fcn i\u015f makinesiyle g\u00fcvenli bir \u015fekilde y\u0131k\u0131ld\u0131. Y\u0131k\u0131m An\u0131 Kamerada Y\u0131k\u0131m an\u0131, \u00e7evredeki vatanda\u015flar taraf\u0131ndan cep telefonu kameras\u0131yla kaydedildi. G\u00f6r\u00fcnt\u00fclerde, b\u00fcy\u00fck bir dikkatle ger\u00e7ekle\u015ftirilen kontroll\u00fc y\u0131k\u0131m \u00e7al\u0131\u015fmalar\u0131 yer ald\u0131. Depremden etkilenen b\u00f6lgelerdeki riskli yap\u0131lar\u0131n y\u0131k\u0131m ve d\u00f6n\u00fc\u015f\u00fcm \u00e7al\u0131\u015fmalar\u0131 h\u0131zla devam ediyor. \u200bHatay\u2019\u0131n Antakya il\u00e7esi Akasya Mahallesi\u2019nde, 6 \u015eubat depremlerinde a\u011f\u0131r hasar g\u00f6ren 14 katl\u0131 bina, i\u015f makinesiyle kontroll\u00fc bir \u015fekilde y\u0131k\u0131ld\u0131.\u00a0 \u200bHaberin Al\u0131nt\u0131land\u0131\u011f\u0131 Kaynak: www.iskenderun.org<\/p>","protected":false},"author":1,"featured_media":0,"comment_status":"open","ping_status":"open","sticky":false,"template":"","format":"standard","meta":{"_acf_changed":false,"footnotes":""},"categories":[24],"tags":[],"class_list":["post-27463","post","type-post","status-publish","format-standard","has-post-thumbnail","hentry","category-gundem"],"acf":[],"yoast_head":"<!-- This site is optimized with the Yoast SEO Premium plugin v26.6 (Yoast SEO v27.1.1) - https:\/\/yoast.com\/product\/yoast-seo-premium-wordpress\/ -->\n<title>A\u011f\u0131r Hasarl\u0131 14 Katl\u0131 Binaya Kontroll\u00fc Y\u0131k\u0131m - Av. Deniz Can K\u0131z\u0131l<\/title>\n<meta name=\"robots\" content=\"index, follow, max-snippet:-1, max-image-preview:large, max-video-preview:-1\" \/>\n<link rel=\"canonical\" href=\"http:\/\/denizcankizil.tr\/de\/haberler\/gundem\/agir-hasarli-14-katli-binaya-kontrollu-yikim\/\" \/>\n<meta property=\"og:locale\" content=\"de_DE\" \/>\n<meta property=\"og:type\" content=\"article\" \/>\n<meta property=\"og:title\" content=\"A\u011f\u0131r Hasarl\u0131 14 Katl\u0131 Binaya Kontroll\u00fc Y\u0131k\u0131m\" \/>\n<meta property=\"og:description\" content=\"2 G\u00fcn S\u00fcren Haz\u0131rl\u0131k \u00c7al\u0131\u015fmalar\u0131 Depremin ard\u0131ndan tehlike arz eden yap\u0131n\u0131n y\u0131k\u0131m\u0131 i\u00e7in haz\u0131rl\u0131k \u00e7al\u0131\u015fmalar\u0131 tamamland\u0131. 2 g\u00fcn s\u00fcren \u00f6nlemlerin ard\u0131ndan bina, d\u00fcn i\u015f makinesiyle g\u00fcvenli bir \u015fekilde y\u0131k\u0131ld\u0131. Y\u0131k\u0131m An\u0131 Kamerada Y\u0131k\u0131m an\u0131, \u00e7evredeki vatanda\u015flar taraf\u0131ndan cep telefonu kameras\u0131yla kaydedildi. G\u00f6r\u00fcnt\u00fclerde, b\u00fcy\u00fck bir dikkatle ger\u00e7ekle\u015ftirilen kontroll\u00fc y\u0131k\u0131m \u00e7al\u0131\u015fmalar\u0131 yer ald\u0131. Depremden etkilenen b\u00f6lgelerdeki riskli yap\u0131lar\u0131n y\u0131k\u0131m ve d\u00f6n\u00fc\u015f\u00fcm \u00e7al\u0131\u015fmalar\u0131 h\u0131zla devam ediyor. \u200bHatay\u2019\u0131n Antakya il\u00e7esi Akasya Mahallesi\u2019nde, 6 \u015eubat depremlerinde a\u011f\u0131r hasar g\u00f6ren 14 katl\u0131 bina, i\u015f makinesiyle kontroll\u00fc bir \u015fekilde y\u0131k\u0131ld\u0131.\u00a0 \u200bHaberin Al\u0131nt\u0131land\u0131\u011f\u0131 Kaynak: www.iskenderun.org\" \/>\n<meta property=\"og:url\" content=\"http:\/\/denizcankizil.tr\/de\/haberler\/gundem\/agir-hasarli-14-katli-binaya-kontrollu-yikim\/\" \/>\n<meta property=\"og:site_name\" content=\"Av. Deniz Can K\u0131z\u0131l\" \/>\n<meta property=\"article:published_time\" content=\"2025-01-25T16:41:40+00:00\" \/>\n<meta name=\"author\" content=\"admin\" \/>\n<meta name=\"twitter:card\" content=\"summary_large_image\" \/>\n<meta name=\"twitter:label1\" content=\"Verfasst von\" \/>\n\t<meta name=\"twitter:data1\" content=\"admin\" \/>\n\t<meta name=\"twitter:label2\" content=\"Gesch\u00e4tzte Lesezeit\" \/>\n\t<meta name=\"twitter:data2\" content=\"1\u00a0Minute\" \/>\n<script type=\"application\/ld+json\" class=\"yoast-schema-graph\">{\"@context\":\"https:\/\/schema.org\",\"@graph\":[{\"@type\":\"Article\",\"@id\":\"http:\/\/denizcankizil.tr\/de\/haberler\/gundem\/agir-hasarli-14-katli-binaya-kontrollu-yikim\/#article\",\"isPartOf\":{\"@id\":\"http:\/\/denizcankizil.tr\/de\/haberler\/gundem\/agir-hasarli-14-katli-binaya-kontrollu-yikim\/\"},\"author\":{\"name\":\"admin\",\"@id\":\"https:\/\/denizcankizil.tr\/#\/schema\/person\/be3c05fe6a12686905512445d8185489\"},\"headline\":\"A\u011f\u0131r Hasarl\u0131 14 Katl\u0131 Binaya Kontroll\u00fc Y\u0131k\u0131m\",\"datePublished\":\"2025-01-25T16:41:40+00:00\",\"mainEntityOfPage\":{\"@id\":\"http:\/\/denizcankizil.tr\/de\/haberler\/gundem\/agir-hasarli-14-katli-binaya-kontrollu-yikim\/\"},\"wordCount\":150,\"commentCount\":0,\"publisher\":{\"@id\":\"https:\/\/denizcankizil.tr\/#organization\"},\"articleSection\":[\"G\u00fcndem\"],\"inLanguage\":\"de\",\"potentialAction\":[{\"@type\":\"CommentAction\",\"name\":\"Comment\",\"target\":[\"http:\/\/denizcankizil.tr\/de\/haberler\/gundem\/agir-hasarli-14-katli-binaya-kontrollu-yikim\/#respond\"]}]},{\"@type\":\"WebPage\",\"@id\":\"http:\/\/denizcankizil.tr\/de\/haberler\/gundem\/agir-hasarli-14-katli-binaya-kontrollu-yikim\/\",\"url\":\"http:\/\/denizcankizil.tr\/de\/haberler\/gundem\/agir-hasarli-14-katli-binaya-kontrollu-yikim\/\",\"name\":\"A\u011f\u0131r Hasarl\u0131 14 Katl\u0131 Binaya Kontroll\u00fc Y\u0131k\u0131m - Av. Deniz Can K\u0131z\u0131l\",\"isPartOf\":{\"@id\":\"https:\/\/denizcankizil.tr\/#website\"},\"datePublished\":\"2025-01-25T16:41:40+00:00\",\"breadcrumb\":{\"@id\":\"http:\/\/denizcankizil.tr\/de\/haberler\/gundem\/agir-hasarli-14-katli-binaya-kontrollu-yikim\/#breadcrumb\"},\"inLanguage\":\"de\",\"potentialAction\":[{\"@type\":\"ReadAction\",\"target\":[\"http:\/\/denizcankizil.tr\/de\/haberler\/gundem\/agir-hasarli-14-katli-binaya-kontrollu-yikim\/\"]}]},{\"@type\":\"BreadcrumbList\",\"@id\":\"http:\/\/denizcankizil.tr\/de\/haberler\/gundem\/agir-hasarli-14-katli-binaya-kontrollu-yikim\/#breadcrumb\",\"itemListElement\":[{\"@type\":\"ListItem\",\"position\":1,\"name\":\"Home\",\"item\":\"https:\/\/denizcankizil.tr\/de\/\"},{\"@type\":\"ListItem\",\"position\":2,\"name\":\"A\u011f\u0131r Hasarl\u0131 14 Katl\u0131 Binaya Kontroll\u00fc Y\u0131k\u0131m\"}]},{\"@type\":\"WebSite\",\"@id\":\"https:\/\/denizcankizil.tr\/#website\",\"url\":\"https:\/\/denizcankizil.tr\/\",\"name\":\"Av. Deniz Can K\u0131z\u0131l\",\"description\":\"Avukat Deniz Can K\u0131z\u0131l Antalya Barosu\",\"publisher\":{\"@id\":\"https:\/\/denizcankizil.tr\/#organization\"},\"potentialAction\":[{\"@type\":\"SearchAction\",\"target\":{\"@type\":\"EntryPoint\",\"urlTemplate\":\"https:\/\/denizcankizil.tr\/?s={search_term_string}\"},\"query-input\":{\"@type\":\"PropertyValueSpecification\",\"valueRequired\":true,\"valueName\":\"search_term_string\"}}],\"inLanguage\":\"de\"},{\"@type\":\"Organization\",\"@id\":\"https:\/\/denizcankizil.tr\/#organization\",\"name\":\"Av. Deniz Can K\u0131z\u0131l\",\"url\":\"https:\/\/denizcankizil.tr\/\",\"logo\":{\"@type\":\"ImageObject\",\"inLanguage\":\"de\",\"@id\":\"https:\/\/denizcankizil.tr\/#\/schema\/logo\/image\/\",\"url\":\"http:\/\/denizcankizil.tr\/wp-content\/uploads\/2024\/10\/siyah-logo-svg.svg\",\"contentUrl\":\"http:\/\/denizcankizil.tr\/wp-content\/uploads\/2024\/10\/siyah-logo-svg.svg\",\"width\":1080,\"height\":1080,\"caption\":\"Av. Deniz Can K\u0131z\u0131l\"},\"image\":{\"@id\":\"https:\/\/denizcankizil.tr\/#\/schema\/logo\/image\/\"}},{\"@type\":\"Person\",\"@id\":\"https:\/\/denizcankizil.tr\/#\/schema\/person\/be3c05fe6a12686905512445d8185489\",\"name\":\"admin\",\"image\":{\"@type\":\"ImageObject\",\"inLanguage\":\"de\",\"@id\":\"https:\/\/denizcankizil.tr\/#\/schema\/person\/image\/\",\"url\":\"https:\/\/secure.gravatar.com\/avatar\/c1fce94c830dc79107e174f890d7210541c4a63e8e5d816341794a2151c9d58c?s=96&d=mm&r=g\",\"contentUrl\":\"https:\/\/secure.gravatar.com\/avatar\/c1fce94c830dc79107e174f890d7210541c4a63e8e5d816341794a2151c9d58c?s=96&d=mm&r=g\",\"caption\":\"admin\"},\"sameAs\":[\"http:\/\/denizcankizil.tr\"],\"url\":\"https:\/\/www.iskenderun.org\/agir-hasarli-14-katli-binaya-kontrollu-yikim\"}]}<\/script>\n<!-- \/ Yoast SEO Premium plugin. -->","yoast_head_json":{"title":"A\u011f\u0131r Hasarl\u0131 14 Katl\u0131 Binaya Kontroll\u00fc Y\u0131k\u0131m - Av. Deniz Can K\u0131z\u0131l","robots":{"index":"index","follow":"follow","max-snippet":"max-snippet:-1","max-image-preview":"max-image-preview:large","max-video-preview":"max-video-preview:-1"},"canonical":"http:\/\/denizcankizil.tr\/de\/haberler\/gundem\/agir-hasarli-14-katli-binaya-kontrollu-yikim\/","og_locale":"de_DE","og_type":"article","og_title":"A\u011f\u0131r Hasarl\u0131 14 Katl\u0131 Binaya Kontroll\u00fc Y\u0131k\u0131m","og_description":"2 G\u00fcn S\u00fcren Haz\u0131rl\u0131k \u00c7al\u0131\u015fmalar\u0131 Depremin ard\u0131ndan tehlike arz eden yap\u0131n\u0131n y\u0131k\u0131m\u0131 i\u00e7in haz\u0131rl\u0131k \u00e7al\u0131\u015fmalar\u0131 tamamland\u0131. 2 g\u00fcn s\u00fcren \u00f6nlemlerin ard\u0131ndan bina, d\u00fcn i\u015f makinesiyle g\u00fcvenli bir \u015fekilde y\u0131k\u0131ld\u0131. Y\u0131k\u0131m An\u0131 Kamerada Y\u0131k\u0131m an\u0131, \u00e7evredeki vatanda\u015flar taraf\u0131ndan cep telefonu kameras\u0131yla kaydedildi. G\u00f6r\u00fcnt\u00fclerde, b\u00fcy\u00fck bir dikkatle ger\u00e7ekle\u015ftirilen kontroll\u00fc y\u0131k\u0131m \u00e7al\u0131\u015fmalar\u0131 yer ald\u0131. Depremden etkilenen b\u00f6lgelerdeki riskli yap\u0131lar\u0131n y\u0131k\u0131m ve d\u00f6n\u00fc\u015f\u00fcm \u00e7al\u0131\u015fmalar\u0131 h\u0131zla devam ediyor. \u200bHatay\u2019\u0131n Antakya il\u00e7esi Akasya Mahallesi\u2019nde, 6 \u015eubat depremlerinde a\u011f\u0131r hasar g\u00f6ren 14 katl\u0131 bina, i\u015f makinesiyle kontroll\u00fc bir \u015fekilde y\u0131k\u0131ld\u0131.\u00a0 \u200bHaberin Al\u0131nt\u0131land\u0131\u011f\u0131 Kaynak: www.iskenderun.org","og_url":"http:\/\/denizcankizil.tr\/de\/haberler\/gundem\/agir-hasarli-14-katli-binaya-kontrollu-yikim\/","og_site_name":"Av. Deniz Can K\u0131z\u0131l","article_published_time":"2025-01-25T16:41:40+00:00","author":"admin","twitter_card":"summary_large_image","twitter_misc":{"Verfasst von":"admin","Gesch\u00e4tzte Lesezeit":"1\u00a0Minute"},"schema":{"@context":"https:\/\/schema.org","@graph":[{"@type":"Article","@id":"http:\/\/denizcankizil.tr\/de\/haberler\/gundem\/agir-hasarli-14-katli-binaya-kontrollu-yikim\/#article","isPartOf":{"@id":"http:\/\/denizcankizil.tr\/de\/haberler\/gundem\/agir-hasarli-14-katli-binaya-kontrollu-yikim\/"},"author":{"name":"admin","@id":"https:\/\/denizcankizil.tr\/#\/schema\/person\/be3c05fe6a12686905512445d8185489"},"headline":"A\u011f\u0131r Hasarl\u0131 14 Katl\u0131 Binaya Kontroll\u00fc Y\u0131k\u0131m","datePublished":"2025-01-25T16:41:40+00:00","mainEntityOfPage":{"@id":"http:\/\/denizcankizil.tr\/de\/haberler\/gundem\/agir-hasarli-14-katli-binaya-kontrollu-yikim\/"},"wordCount":150,"commentCount":0,"publisher":{"@id":"https:\/\/denizcankizil.tr\/#organization"},"articleSection":["G\u00fcndem"],"inLanguage":"de","potentialAction":[{"@type":"CommentAction","name":"Comment","target":["http:\/\/denizcankizil.tr\/de\/haberler\/gundem\/agir-hasarli-14-katli-binaya-kontrollu-yikim\/#respond"]}]},{"@type":"WebPage","@id":"http:\/\/denizcankizil.tr\/de\/haberler\/gundem\/agir-hasarli-14-katli-binaya-kontrollu-yikim\/","url":"http:\/\/denizcankizil.tr\/de\/haberler\/gundem\/agir-hasarli-14-katli-binaya-kontrollu-yikim\/","name":"A\u011f\u0131r Hasarl\u0131 14 Katl\u0131 Binaya Kontroll\u00fc Y\u0131k\u0131m - Av. Deniz Can K\u0131z\u0131l","isPartOf":{"@id":"https:\/\/denizcankizil.tr\/#website"},"datePublished":"2025-01-25T16:41:40+00:00","breadcrumb":{"@id":"http:\/\/denizcankizil.tr\/de\/haberler\/gundem\/agir-hasarli-14-katli-binaya-kontrollu-yikim\/#breadcrumb"},"inLanguage":"de","potentialAction":[{"@type":"ReadAction","target":["http:\/\/denizcankizil.tr\/de\/haberler\/gundem\/agir-hasarli-14-katli-binaya-kontrollu-yikim\/"]}]},{"@type":"BreadcrumbList","@id":"http:\/\/denizcankizil.tr\/de\/haberler\/gundem\/agir-hasarli-14-katli-binaya-kontrollu-yikim\/#breadcrumb","itemListElement":[{"@type":"ListItem","position":1,"name":"Home","item":"https:\/\/denizcankizil.tr\/de\/"},{"@type":"ListItem","position":2,"name":"A\u011f\u0131r Hasarl\u0131 14 Katl\u0131 Binaya Kontroll\u00fc Y\u0131k\u0131m"}]},{"@type":"WebSite","@id":"https:\/\/denizcankizil.tr\/#website","url":"https:\/\/denizcankizil.tr\/","name":"Av. Deniz Can K\u0131z\u0131l","description":"Avukat Deniz Can K\u0131z\u0131l Antalya Barosu","publisher":{"@id":"https:\/\/denizcankizil.tr\/#organization"},"potentialAction":[{"@type":"SearchAction","target":{"@type":"EntryPoint","urlTemplate":"https:\/\/denizcankizil.tr\/?s={search_term_string}"},"query-input":{"@type":"PropertyValueSpecification","valueRequired":true,"valueName":"search_term_string"}}],"inLanguage":"de"},{"@type":"Organization","@id":"https:\/\/denizcankizil.tr\/#organization","name":"Av. Deniz Can K\u0131z\u0131l","url":"https:\/\/denizcankizil.tr\/","logo":{"@type":"ImageObject","inLanguage":"de","@id":"https:\/\/denizcankizil.tr\/#\/schema\/logo\/image\/","url":"http:\/\/denizcankizil.tr\/wp-content\/uploads\/2024\/10\/siyah-logo-svg.svg","contentUrl":"http:\/\/denizcankizil.tr\/wp-content\/uploads\/2024\/10\/siyah-logo-svg.svg","width":1080,"height":1080,"caption":"Av. Deniz Can K\u0131z\u0131l"},"image":{"@id":"https:\/\/denizcankizil.tr\/#\/schema\/logo\/image\/"}},{"@type":"Person","@id":"https:\/\/denizcankizil.tr\/#\/schema\/person\/be3c05fe6a12686905512445d8185489","name":"Administrator","image":{"@type":"ImageObject","inLanguage":"de","@id":"https:\/\/denizcankizil.tr\/#\/schema\/person\/image\/","url":"https:\/\/secure.gravatar.com\/avatar\/c1fce94c830dc79107e174f890d7210541c4a63e8e5d816341794a2151c9d58c?s=96&d=mm&r=g","contentUrl":"https:\/\/secure.gravatar.com\/avatar\/c1fce94c830dc79107e174f890d7210541c4a63e8e5d816341794a2151c9d58c?s=96&d=mm&r=g","caption":"admin"},"sameAs":["http:\/\/denizcankizil.tr"],"url":"https:\/\/www.iskenderun.org\/agir-hasarli-14-katli-binaya-kontrollu-yikim"}]}},"_links":{"self":[{"href":"http:\/\/denizcankizil.tr\/de\/wp-json\/wp\/v2\/posts\/27463","targetHints":{"allow":["GET"]}}],"collection":[{"href":"http:\/\/denizcankizil.tr\/de\/wp-json\/wp\/v2\/posts"}],"about":[{"href":"http:\/\/denizcankizil.tr\/de\/wp-json\/wp\/v2\/types\/post"}],"author":[{"embeddable":true,"href":"http:\/\/denizcankizil.tr\/de\/wp-json\/wp\/v2\/users\/1"}],"replies":[{"embeddable":true,"href":"http:\/\/denizcankizil.tr\/de\/wp-json\/wp\/v2\/comments?post=27463"}],"version-history":[{"count":0,"href":"http:\/\/denizcankizil.tr\/de\/wp-json\/wp\/v2\/posts\/27463\/revisions"}],"wp:attachment":[{"href":"http:\/\/denizcankizil.tr\/de\/wp-json\/wp\/v2\/media?parent=27463"}],"wp:term":[{"taxonomy":"category","embeddable":true,"href":"http:\/\/denizcankizil.tr\/de\/wp-json\/wp\/v2\/categories?post=27463"},{"taxonomy":"post_tag","embeddable":true,"href":"http:\/\/denizcankizil.tr\/de\/wp-json\/wp\/v2\/tags?post=27463"}],"curies":[{"name":"wp","href":"https:\/\/api.w.org\/{rel}","templated":true}]}}