{"id":27245,"date":"2025-01-24T17:41:51","date_gmt":"2025-01-24T14:41:51","guid":{"rendered":"https:\/\/denizcankizil.tr\/uncategorized-tr\/turkiye-kick-boks-federasyonundan-kavga-ile-ilgili-aciklama\/"},"modified":"2025-01-24T17:41:51","modified_gmt":"2025-01-24T14:41:51","slug":"turkiye-kick-boks-federasyonundan-kavga-ile-ilgili-aciklama","status":"publish","type":"post","link":"http:\/\/denizcankizil.tr\/de\/haberler\/antalya\/turkiye-kick-boks-federasyonundan-kavga-ile-ilgili-aciklama\/","title":{"rendered":"T\u00fcrkiye Kick Boks Federasyonu&#8217;ndan kavga ile ilgili a\u00e7\u0131klama"},"content":{"rendered":"<p>T\u00fcrkiye Kick Boks \u015eampiyonas\u0131, 21-28 Ocak 2025 tarihleri aras\u0131nda Antalya Spor Salonu\u2019nda ger\u00e7ekle\u015ftiriliyor. 23 Ocak Per\u015fembe g\u00fcn\u00fc yap\u0131lan bir kar\u015f\u0131la\u015fmada ise ortal\u0131k birbirine girdi. \u0130ddiaya g\u00f6re, m\u00fcsabakada bir sporcunun diskalifiye edilmesi sonucu ba\u015flayan tart\u0131\u015fman\u0131n ard\u0131ndan bir anda ortal\u0131k kar\u0131\u015ft\u0131. Ringde ba\u015flayan kavga ard\u0131ndan salona ta\u015ft\u0131.<br \/>\nTekme ve yumruklar\u0131n konu\u015ftu\u011fu kavgada 4 hakem yaraland\u0131.<\/p>\n<p>&#8220;Bu sald\u0131r\u0131 yaln\u0131zca hakemlerimize de\u011fil, T\u00fcrk sporuna yap\u0131lm\u0131\u015ft\u0131r&#8221;<br \/>\nOlayla ilgili T\u00fcrkiye Kick Boks Federasyonu\u2019ndan bir a\u00e7\u0131klama geldi. Sald\u0131r\u0131n\u0131n \u015fiddetle k\u0131nand\u0131\u011f\u0131 a\u00e7\u0131klamada, \u015fu ifadelere yer verildi:<br \/>\n\u201cAntalya\u2019da devam eden T\u00fcrkiye Kick Boks \u015eampiyonas\u0131 s\u0131ras\u0131nda 23.01.2025 tarihinde m\u00fcsabakay\u0131 kaybeden sporcu, sporcunun antren\u00f6r\u00fc ve kul\u00fcp sporcular\u0131 m\u00fcsabakada g\u00f6rev yapan hakemlerimize sald\u0131rm\u0131\u015ft\u0131r. Yaralanan 4 hakemimize, salonda haz\u0131r bulunan sa\u011fl\u0131k ekiplerince ilk m\u00fcdahaleleri yap\u0131lm\u0131\u015f, hastaneye sevk edilmi\u015ftir. Hakemlerimizin sa\u011fl\u0131k durumlar\u0131 iyidir. Sald\u0131r\u0131y\u0131 \u015fiddetle k\u0131n\u0131yoruz. Hakemlerimize yap\u0131lan sald\u0131r\u0131ya kar\u0131\u015fan t\u00fcm antren\u00f6r ve sporcular kolluk kuvvetlerince yap\u0131lan inceleme sonucunda tespit edilmi\u015f ve g\u00f6z alt\u0131na al\u0131nm\u0131\u015flard\u0131r. Haklar\u0131nda adli ve sportif i\u015flem ba\u015flat\u0131lm\u0131\u015f olup s\u00fcre\u00e7 federasyonumuzca titizlikle takip edilmektedir. Bu sald\u0131r\u0131 yaln\u0131zca hakemlerimize de\u011fil, T\u00fcrk sporuna yap\u0131lm\u0131\u015ft\u0131r. T\u00fcrkiye Kick Boks \u015eampiyonas\u0131 kald\u0131\u011f\u0131 yerden devam etmektedir.\u201d<\/p>\n<p>Kaynak: www.kanalv.com.tr Haber Sitesinden Al\u0131nm\u0131\u015ft\u0131r.<\/p>","protected":false},"excerpt":{"rendered":"<p>T\u00fcrkiye Kick Boks \u015eampiyonas\u0131, 21-28 Ocak 2025 tarihleri aras\u0131nda Antalya Spor Salonu\u2019nda ger\u00e7ekle\u015ftiriliyor. 23 Ocak Per\u015fembe g\u00fcn\u00fc yap\u0131lan bir kar\u015f\u0131la\u015fmada ise ortal\u0131k birbirine girdi. \u0130ddiaya g\u00f6re, m\u00fcsabakada bir sporcunun diskalifiye edilmesi sonucu ba\u015flayan tart\u0131\u015fman\u0131n ard\u0131ndan bir anda ortal\u0131k kar\u0131\u015ft\u0131. Ringde ba\u015flayan kavga ard\u0131ndan salona ta\u015ft\u0131. Tekme ve yumruklar\u0131n konu\u015ftu\u011fu kavgada 4 hakem yaraland\u0131. &#8220;Bu sald\u0131r\u0131 yaln\u0131zca hakemlerimize de\u011fil, T\u00fcrk sporuna yap\u0131lm\u0131\u015ft\u0131r&#8221; Olayla ilgili T\u00fcrkiye Kick Boks Federasyonu\u2019ndan bir a\u00e7\u0131klama geldi. Sald\u0131r\u0131n\u0131n \u015fiddetle k\u0131nand\u0131\u011f\u0131 a\u00e7\u0131klamada, \u015fu ifadelere yer verildi: \u201cAntalya\u2019da devam eden T\u00fcrkiye Kick Boks \u015eampiyonas\u0131 s\u0131ras\u0131nda 23.01.2025 tarihinde m\u00fcsabakay\u0131 kaybeden sporcu, sporcunun antren\u00f6r\u00fc ve kul\u00fcp sporcular\u0131 m\u00fcsabakada g\u00f6rev yapan hakemlerimize sald\u0131rm\u0131\u015ft\u0131r. Yaralanan 4 hakemimize, salonda haz\u0131r bulunan sa\u011fl\u0131k ekiplerince ilk m\u00fcdahaleleri yap\u0131lm\u0131\u015f, hastaneye sevk edilmi\u015ftir. Hakemlerimizin sa\u011fl\u0131k durumlar\u0131 iyidir. Sald\u0131r\u0131y\u0131 \u015fiddetle k\u0131n\u0131yoruz. Hakemlerimize yap\u0131lan sald\u0131r\u0131ya kar\u0131\u015fan t\u00fcm antren\u00f6r ve sporcular kolluk kuvvetlerince yap\u0131lan inceleme sonucunda tespit edilmi\u015f ve g\u00f6z alt\u0131na al\u0131nm\u0131\u015flard\u0131r. Haklar\u0131nda adli ve sportif i\u015flem ba\u015flat\u0131lm\u0131\u015f olup s\u00fcre\u00e7 federasyonumuzca titizlikle takip edilmektedir. Bu sald\u0131r\u0131 yaln\u0131zca hakemlerimize de\u011fil, T\u00fcrk sporuna yap\u0131lm\u0131\u015ft\u0131r. T\u00fcrkiye Kick Boks \u015eampiyonas\u0131 kald\u0131\u011f\u0131 yerden devam etmektedir.\u201d Kaynak: www.kanalv.com.tr Haber Sitesinden Al\u0131nm\u0131\u015ft\u0131r.<\/p>","protected":false},"author":4,"featured_media":27246,"comment_status":"open","ping_status":"open","sticky":false,"template":"","format":"standard","meta":{"_acf_changed":false,"footnotes":""},"categories":[26],"tags":[],"class_list":["post-27245","post","type-post","status-publish","format-standard","has-post-thumbnail","hentry","category-antalya"],"acf":[],"yoast_head":"<!-- This site is optimized with the Yoast SEO Premium plugin v26.6 (Yoast SEO v27.1.1) - https:\/\/yoast.com\/product\/yoast-seo-premium-wordpress\/ -->\n<title>T\u00fcrkiye Kick Boks Federasyonu&#039;ndan kavga ile ilgili a\u00e7\u0131klama - Av. Deniz Can K\u0131z\u0131l<\/title>\n<meta name=\"robots\" content=\"index, follow, max-snippet:-1, max-image-preview:large, max-video-preview:-1\" \/>\n<link rel=\"canonical\" href=\"https:\/\/denizcankizil.tr\/de\/haberler\/antalya\/turkiye-kick-boks-federasyonundan-kavga-ile-ilgili-aciklama\/\" \/>\n<meta property=\"og:locale\" content=\"de_DE\" \/>\n<meta property=\"og:type\" content=\"article\" \/>\n<meta property=\"og:title\" content=\"T\u00fcrkiye Kick Boks Federasyonu&#039;ndan kavga ile ilgili a\u00e7\u0131klama\" \/>\n<meta property=\"og:description\" content=\"T\u00fcrkiye Kick Boks \u015eampiyonas\u0131, 21-28 Ocak 2025 tarihleri aras\u0131nda Antalya Spor Salonu\u2019nda ger\u00e7ekle\u015ftiriliyor. 23 Ocak Per\u015fembe g\u00fcn\u00fc yap\u0131lan bir kar\u015f\u0131la\u015fmada ise ortal\u0131k birbirine girdi. \u0130ddiaya g\u00f6re, m\u00fcsabakada bir sporcunun diskalifiye edilmesi sonucu ba\u015flayan tart\u0131\u015fman\u0131n ard\u0131ndan bir anda ortal\u0131k kar\u0131\u015ft\u0131. Ringde ba\u015flayan kavga ard\u0131ndan salona ta\u015ft\u0131. Tekme ve yumruklar\u0131n konu\u015ftu\u011fu kavgada 4 hakem yaraland\u0131. &#8220;Bu sald\u0131r\u0131 yaln\u0131zca hakemlerimize de\u011fil, T\u00fcrk sporuna yap\u0131lm\u0131\u015ft\u0131r&#8221; Olayla ilgili T\u00fcrkiye Kick Boks Federasyonu\u2019ndan bir a\u00e7\u0131klama geldi. Sald\u0131r\u0131n\u0131n \u015fiddetle k\u0131nand\u0131\u011f\u0131 a\u00e7\u0131klamada, \u015fu ifadelere yer verildi: \u201cAntalya\u2019da devam eden T\u00fcrkiye Kick Boks \u015eampiyonas\u0131 s\u0131ras\u0131nda 23.01.2025 tarihinde m\u00fcsabakay\u0131 kaybeden sporcu, sporcunun antren\u00f6r\u00fc ve kul\u00fcp sporcular\u0131 m\u00fcsabakada g\u00f6rev yapan hakemlerimize sald\u0131rm\u0131\u015ft\u0131r. Yaralanan 4 hakemimize, salonda haz\u0131r bulunan sa\u011fl\u0131k ekiplerince ilk m\u00fcdahaleleri yap\u0131lm\u0131\u015f, hastaneye sevk edilmi\u015ftir. Hakemlerimizin sa\u011fl\u0131k durumlar\u0131 iyidir. Sald\u0131r\u0131y\u0131 \u015fiddetle k\u0131n\u0131yoruz. Hakemlerimize yap\u0131lan sald\u0131r\u0131ya kar\u0131\u015fan t\u00fcm antren\u00f6r ve sporcular kolluk kuvvetlerince yap\u0131lan inceleme sonucunda tespit edilmi\u015f ve g\u00f6z alt\u0131na al\u0131nm\u0131\u015flard\u0131r. Haklar\u0131nda adli ve sportif i\u015flem ba\u015flat\u0131lm\u0131\u015f olup s\u00fcre\u00e7 federasyonumuzca titizlikle takip edilmektedir. Bu sald\u0131r\u0131 yaln\u0131zca hakemlerimize de\u011fil, T\u00fcrk sporuna yap\u0131lm\u0131\u015ft\u0131r. T\u00fcrkiye Kick Boks \u015eampiyonas\u0131 kald\u0131\u011f\u0131 yerden devam etmektedir.\u201d Kaynak: www.kanalv.com.tr Haber Sitesinden Al\u0131nm\u0131\u015ft\u0131r.\" \/>\n<meta property=\"og:url\" content=\"https:\/\/denizcankizil.tr\/de\/haberler\/antalya\/turkiye-kick-boks-federasyonundan-kavga-ile-ilgili-aciklama\/\" \/>\n<meta property=\"og:site_name\" content=\"Av. Deniz Can K\u0131z\u0131l\" \/>\n<meta property=\"article:published_time\" content=\"2025-01-24T14:41:51+00:00\" \/>\n<meta property=\"og:image\" content=\"https:\/\/denizcankizil.tr\/wp-content\/uploads\/2025\/01\/4313-01-IUE7E9.jpeg\" \/>\n\t<meta property=\"og:image:width\" content=\"1280\" \/>\n\t<meta property=\"og:image:height\" content=\"720\" \/>\n\t<meta property=\"og:image:type\" content=\"image\/jpeg\" \/>\n<meta name=\"author\" content=\"Av. Deniz Can K\u0131z\u0131l\" \/>\n<meta name=\"twitter:card\" content=\"summary_large_image\" \/>\n<meta name=\"twitter:label1\" content=\"Verfasst von\" \/>\n\t<meta name=\"twitter:data1\" content=\"Av. Deniz Can K\u0131z\u0131l\" \/>\n\t<meta name=\"twitter:label2\" content=\"Gesch\u00e4tzte Lesezeit\" \/>\n\t<meta name=\"twitter:data2\" content=\"1\u00a0Minute\" \/>\n<script type=\"application\/ld+json\" class=\"yoast-schema-graph\">{\"@context\":\"https:\/\/schema.org\",\"@graph\":[{\"@type\":\"Article\",\"@id\":\"https:\/\/denizcankizil.tr\/ru\/haberler\/antalya\/turkiye-kick-boks-federasyonundan-kavga-ile-ilgili-aciklama\/#article\",\"isPartOf\":{\"@id\":\"https:\/\/denizcankizil.tr\/ru\/haberler\/antalya\/turkiye-kick-boks-federasyonundan-kavga-ile-ilgili-aciklama\/\"},\"author\":{\"name\":\"Av. Deniz Can K\u0131z\u0131l\",\"@id\":\"https:\/\/denizcankizil.tr\/de\/#\/schema\/person\/5dc1b22991bd7ac833867c10afc9b0ff\"},\"headline\":\"T\u00fcrkiye Kick Boks Federasyonu&#8217;ndan kavga ile ilgili a\u00e7\u0131klama\",\"datePublished\":\"2025-01-24T14:41:51+00:00\",\"mainEntityOfPage\":{\"@id\":\"https:\/\/denizcankizil.tr\/ru\/haberler\/antalya\/turkiye-kick-boks-federasyonundan-kavga-ile-ilgili-aciklama\/\"},\"wordCount\":275,\"commentCount\":0,\"publisher\":{\"@id\":\"https:\/\/denizcankizil.tr\/de\/#organization\"},\"image\":{\"@id\":\"https:\/\/denizcankizil.tr\/ru\/haberler\/antalya\/turkiye-kick-boks-federasyonundan-kavga-ile-ilgili-aciklama\/#primaryimage\"},\"thumbnailUrl\":\"http:\/\/denizcankizil.tr\/wp-content\/uploads\/2025\/01\/4313-01-IUE7E9.jpeg\",\"articleSection\":[\"Antalya\"],\"inLanguage\":\"de\",\"potentialAction\":[{\"@type\":\"CommentAction\",\"name\":\"Comment\",\"target\":[\"https:\/\/denizcankizil.tr\/ru\/haberler\/antalya\/turkiye-kick-boks-federasyonundan-kavga-ile-ilgili-aciklama\/#respond\"]}]},{\"@type\":\"WebPage\",\"@id\":\"https:\/\/denizcankizil.tr\/ru\/haberler\/antalya\/turkiye-kick-boks-federasyonundan-kavga-ile-ilgili-aciklama\/\",\"url\":\"https:\/\/denizcankizil.tr\/ru\/haberler\/antalya\/turkiye-kick-boks-federasyonundan-kavga-ile-ilgili-aciklama\/\",\"name\":\"T\u00fcrkiye Kick Boks Federasyonu'ndan kavga ile ilgili a\u00e7\u0131klama - Av. Deniz Can K\u0131z\u0131l\",\"isPartOf\":{\"@id\":\"https:\/\/denizcankizil.tr\/de\/#website\"},\"primaryImageOfPage\":{\"@id\":\"https:\/\/denizcankizil.tr\/ru\/haberler\/antalya\/turkiye-kick-boks-federasyonundan-kavga-ile-ilgili-aciklama\/#primaryimage\"},\"image\":{\"@id\":\"https:\/\/denizcankizil.tr\/ru\/haberler\/antalya\/turkiye-kick-boks-federasyonundan-kavga-ile-ilgili-aciklama\/#primaryimage\"},\"thumbnailUrl\":\"http:\/\/denizcankizil.tr\/wp-content\/uploads\/2025\/01\/4313-01-IUE7E9.jpeg\",\"datePublished\":\"2025-01-24T14:41:51+00:00\",\"breadcrumb\":{\"@id\":\"https:\/\/denizcankizil.tr\/ru\/haberler\/antalya\/turkiye-kick-boks-federasyonundan-kavga-ile-ilgili-aciklama\/#breadcrumb\"},\"inLanguage\":\"de\",\"potentialAction\":[{\"@type\":\"ReadAction\",\"target\":[\"https:\/\/denizcankizil.tr\/ru\/haberler\/antalya\/turkiye-kick-boks-federasyonundan-kavga-ile-ilgili-aciklama\/\"]}]},{\"@type\":\"ImageObject\",\"inLanguage\":\"de\",\"@id\":\"https:\/\/denizcankizil.tr\/ru\/haberler\/antalya\/turkiye-kick-boks-federasyonundan-kavga-ile-ilgili-aciklama\/#primaryimage\",\"url\":\"http:\/\/denizcankizil.tr\/wp-content\/uploads\/2025\/01\/4313-01-IUE7E9.jpeg\",\"contentUrl\":\"http:\/\/denizcankizil.tr\/wp-content\/uploads\/2025\/01\/4313-01-IUE7E9.jpeg\",\"width\":1280,\"height\":720},{\"@type\":\"BreadcrumbList\",\"@id\":\"https:\/\/denizcankizil.tr\/ru\/haberler\/antalya\/turkiye-kick-boks-federasyonundan-kavga-ile-ilgili-aciklama\/#breadcrumb\",\"itemListElement\":[{\"@type\":\"ListItem\",\"position\":1,\"name\":\"Home\",\"item\":\"https:\/\/denizcankizil.tr\/de\/\"},{\"@type\":\"ListItem\",\"position\":2,\"name\":\"T\u00fcrkiye Kick Boks Federasyonu&#8217;ndan kavga ile ilgili a\u00e7\u0131klama\"}]},{\"@type\":\"WebSite\",\"@id\":\"https:\/\/denizcankizil.tr\/de\/#website\",\"url\":\"https:\/\/denizcankizil.tr\/de\/\",\"name\":\"Av. Deniz Can K\u0131z\u0131l\",\"description\":\"Avukat Deniz Can K\u0131z\u0131l Antalya Barosu\",\"publisher\":{\"@id\":\"https:\/\/denizcankizil.tr\/de\/#organization\"},\"potentialAction\":[{\"@type\":\"SearchAction\",\"target\":{\"@type\":\"EntryPoint\",\"urlTemplate\":\"https:\/\/denizcankizil.tr\/de\/?s={search_term_string}\"},\"query-input\":{\"@type\":\"PropertyValueSpecification\",\"valueRequired\":true,\"valueName\":\"search_term_string\"}}],\"inLanguage\":\"de\"},{\"@type\":\"Organization\",\"@id\":\"https:\/\/denizcankizil.tr\/de\/#organization\",\"name\":\"Av. Deniz Can K\u0131z\u0131l\",\"url\":\"https:\/\/denizcankizil.tr\/de\/\",\"logo\":{\"@type\":\"ImageObject\",\"inLanguage\":\"de\",\"@id\":\"https:\/\/denizcankizil.tr\/de\/#\/schema\/logo\/image\/\",\"url\":\"http:\/\/denizcankizil.tr\/wp-content\/uploads\/2024\/10\/siyah-logo-svg.svg\",\"contentUrl\":\"http:\/\/denizcankizil.tr\/wp-content\/uploads\/2024\/10\/siyah-logo-svg.svg\",\"width\":1080,\"height\":1080,\"caption\":\"Av. Deniz Can K\u0131z\u0131l\"},\"image\":{\"@id\":\"https:\/\/denizcankizil.tr\/de\/#\/schema\/logo\/image\/\"}},{\"@type\":\"Person\",\"@id\":\"https:\/\/denizcankizil.tr\/de\/#\/schema\/person\/5dc1b22991bd7ac833867c10afc9b0ff\",\"name\":\"Av. Deniz Can K\u0131z\u0131l\",\"image\":{\"@type\":\"ImageObject\",\"inLanguage\":\"de\",\"@id\":\"https:\/\/denizcankizil.tr\/de\/#\/schema\/person\/image\/\",\"url\":\"https:\/\/secure.gravatar.com\/avatar\/a0b128fb9855c79efc976d5640eedb31dc35ec297594d6016d2cf7c60e975bb6?s=96&d=mm&r=g\",\"contentUrl\":\"https:\/\/secure.gravatar.com\/avatar\/a0b128fb9855c79efc976d5640eedb31dc35ec297594d6016d2cf7c60e975bb6?s=96&d=mm&r=g\",\"caption\":\"Av. Deniz Can K\u0131z\u0131l\"},\"sameAs\":[\"http:\/\/www.denizcankizil.tr\"],\"url\":\"http:\/\/denizcankizil.tr\/de\/author\/denizcankizil\/\"}]}<\/script>\n<!-- \/ Yoast SEO Premium plugin. -->","yoast_head_json":{"title":"T\u00fcrkiye Kick Boks Federasyonu'ndan kavga ile ilgili a\u00e7\u0131klama - Av. Deniz Can K\u0131z\u0131l","robots":{"index":"index","follow":"follow","max-snippet":"max-snippet:-1","max-image-preview":"max-image-preview:large","max-video-preview":"max-video-preview:-1"},"canonical":"https:\/\/denizcankizil.tr\/de\/haberler\/antalya\/turkiye-kick-boks-federasyonundan-kavga-ile-ilgili-aciklama\/","og_locale":"de_DE","og_type":"article","og_title":"T\u00fcrkiye Kick Boks Federasyonu'ndan kavga ile ilgili a\u00e7\u0131klama","og_description":"T\u00fcrkiye Kick Boks \u015eampiyonas\u0131, 21-28 Ocak 2025 tarihleri aras\u0131nda Antalya Spor Salonu\u2019nda ger\u00e7ekle\u015ftiriliyor. 23 Ocak Per\u015fembe g\u00fcn\u00fc yap\u0131lan bir kar\u015f\u0131la\u015fmada ise ortal\u0131k birbirine girdi. \u0130ddiaya g\u00f6re, m\u00fcsabakada bir sporcunun diskalifiye edilmesi sonucu ba\u015flayan tart\u0131\u015fman\u0131n ard\u0131ndan bir anda ortal\u0131k kar\u0131\u015ft\u0131. Ringde ba\u015flayan kavga ard\u0131ndan salona ta\u015ft\u0131. Tekme ve yumruklar\u0131n konu\u015ftu\u011fu kavgada 4 hakem yaraland\u0131. &#8220;Bu sald\u0131r\u0131 yaln\u0131zca hakemlerimize de\u011fil, T\u00fcrk sporuna yap\u0131lm\u0131\u015ft\u0131r&#8221; Olayla ilgili T\u00fcrkiye Kick Boks Federasyonu\u2019ndan bir a\u00e7\u0131klama geldi. Sald\u0131r\u0131n\u0131n \u015fiddetle k\u0131nand\u0131\u011f\u0131 a\u00e7\u0131klamada, \u015fu ifadelere yer verildi: \u201cAntalya\u2019da devam eden T\u00fcrkiye Kick Boks \u015eampiyonas\u0131 s\u0131ras\u0131nda 23.01.2025 tarihinde m\u00fcsabakay\u0131 kaybeden sporcu, sporcunun antren\u00f6r\u00fc ve kul\u00fcp sporcular\u0131 m\u00fcsabakada g\u00f6rev yapan hakemlerimize sald\u0131rm\u0131\u015ft\u0131r. Yaralanan 4 hakemimize, salonda haz\u0131r bulunan sa\u011fl\u0131k ekiplerince ilk m\u00fcdahaleleri yap\u0131lm\u0131\u015f, hastaneye sevk edilmi\u015ftir. Hakemlerimizin sa\u011fl\u0131k durumlar\u0131 iyidir. Sald\u0131r\u0131y\u0131 \u015fiddetle k\u0131n\u0131yoruz. Hakemlerimize yap\u0131lan sald\u0131r\u0131ya kar\u0131\u015fan t\u00fcm antren\u00f6r ve sporcular kolluk kuvvetlerince yap\u0131lan inceleme sonucunda tespit edilmi\u015f ve g\u00f6z alt\u0131na al\u0131nm\u0131\u015flard\u0131r. Haklar\u0131nda adli ve sportif i\u015flem ba\u015flat\u0131lm\u0131\u015f olup s\u00fcre\u00e7 federasyonumuzca titizlikle takip edilmektedir. Bu sald\u0131r\u0131 yaln\u0131zca hakemlerimize de\u011fil, T\u00fcrk sporuna yap\u0131lm\u0131\u015ft\u0131r. T\u00fcrkiye Kick Boks \u015eampiyonas\u0131 kald\u0131\u011f\u0131 yerden devam etmektedir.\u201d Kaynak: www.kanalv.com.tr Haber Sitesinden Al\u0131nm\u0131\u015ft\u0131r.","og_url":"https:\/\/denizcankizil.tr\/de\/haberler\/antalya\/turkiye-kick-boks-federasyonundan-kavga-ile-ilgili-aciklama\/","og_site_name":"Av. Deniz Can K\u0131z\u0131l","article_published_time":"2025-01-24T14:41:51+00:00","og_image":[{"width":1280,"height":720,"url":"https:\/\/denizcankizil.tr\/wp-content\/uploads\/2025\/01\/4313-01-IUE7E9.jpeg","type":"image\/jpeg"}],"author":"Av. Deniz Can K\u0131z\u0131l","twitter_card":"summary_large_image","twitter_misc":{"Verfasst von":"Av. Deniz Can K\u0131z\u0131l","Gesch\u00e4tzte Lesezeit":"1\u00a0Minute"},"schema":{"@context":"https:\/\/schema.org","@graph":[{"@type":"Article","@id":"https:\/\/denizcankizil.tr\/ru\/haberler\/antalya\/turkiye-kick-boks-federasyonundan-kavga-ile-ilgili-aciklama\/#article","isPartOf":{"@id":"https:\/\/denizcankizil.tr\/ru\/haberler\/antalya\/turkiye-kick-boks-federasyonundan-kavga-ile-ilgili-aciklama\/"},"author":{"name":"Av. Deniz Can K\u0131z\u0131l","@id":"https:\/\/denizcankizil.tr\/de\/#\/schema\/person\/5dc1b22991bd7ac833867c10afc9b0ff"},"headline":"T\u00fcrkiye Kick Boks Federasyonu&#8217;ndan kavga ile ilgili a\u00e7\u0131klama","datePublished":"2025-01-24T14:41:51+00:00","mainEntityOfPage":{"@id":"https:\/\/denizcankizil.tr\/ru\/haberler\/antalya\/turkiye-kick-boks-federasyonundan-kavga-ile-ilgili-aciklama\/"},"wordCount":275,"commentCount":0,"publisher":{"@id":"https:\/\/denizcankizil.tr\/de\/#organization"},"image":{"@id":"https:\/\/denizcankizil.tr\/ru\/haberler\/antalya\/turkiye-kick-boks-federasyonundan-kavga-ile-ilgili-aciklama\/#primaryimage"},"thumbnailUrl":"http:\/\/denizcankizil.tr\/wp-content\/uploads\/2025\/01\/4313-01-IUE7E9.jpeg","articleSection":["Antalya"],"inLanguage":"de","potentialAction":[{"@type":"CommentAction","name":"Comment","target":["https:\/\/denizcankizil.tr\/ru\/haberler\/antalya\/turkiye-kick-boks-federasyonundan-kavga-ile-ilgili-aciklama\/#respond"]}]},{"@type":"WebPage","@id":"https:\/\/denizcankizil.tr\/ru\/haberler\/antalya\/turkiye-kick-boks-federasyonundan-kavga-ile-ilgili-aciklama\/","url":"https:\/\/denizcankizil.tr\/ru\/haberler\/antalya\/turkiye-kick-boks-federasyonundan-kavga-ile-ilgili-aciklama\/","name":"T\u00fcrkiye Kick Boks Federasyonu'ndan kavga ile ilgili a\u00e7\u0131klama - Av. Deniz Can K\u0131z\u0131l","isPartOf":{"@id":"https:\/\/denizcankizil.tr\/de\/#website"},"primaryImageOfPage":{"@id":"https:\/\/denizcankizil.tr\/ru\/haberler\/antalya\/turkiye-kick-boks-federasyonundan-kavga-ile-ilgili-aciklama\/#primaryimage"},"image":{"@id":"https:\/\/denizcankizil.tr\/ru\/haberler\/antalya\/turkiye-kick-boks-federasyonundan-kavga-ile-ilgili-aciklama\/#primaryimage"},"thumbnailUrl":"http:\/\/denizcankizil.tr\/wp-content\/uploads\/2025\/01\/4313-01-IUE7E9.jpeg","datePublished":"2025-01-24T14:41:51+00:00","breadcrumb":{"@id":"https:\/\/denizcankizil.tr\/ru\/haberler\/antalya\/turkiye-kick-boks-federasyonundan-kavga-ile-ilgili-aciklama\/#breadcrumb"},"inLanguage":"de","potentialAction":[{"@type":"ReadAction","target":["https:\/\/denizcankizil.tr\/ru\/haberler\/antalya\/turkiye-kick-boks-federasyonundan-kavga-ile-ilgili-aciklama\/"]}]},{"@type":"ImageObject","inLanguage":"de","@id":"https:\/\/denizcankizil.tr\/ru\/haberler\/antalya\/turkiye-kick-boks-federasyonundan-kavga-ile-ilgili-aciklama\/#primaryimage","url":"http:\/\/denizcankizil.tr\/wp-content\/uploads\/2025\/01\/4313-01-IUE7E9.jpeg","contentUrl":"http:\/\/denizcankizil.tr\/wp-content\/uploads\/2025\/01\/4313-01-IUE7E9.jpeg","width":1280,"height":720},{"@type":"BreadcrumbList","@id":"https:\/\/denizcankizil.tr\/ru\/haberler\/antalya\/turkiye-kick-boks-federasyonundan-kavga-ile-ilgili-aciklama\/#breadcrumb","itemListElement":[{"@type":"ListItem","position":1,"name":"Home","item":"https:\/\/denizcankizil.tr\/de\/"},{"@type":"ListItem","position":2,"name":"T\u00fcrkiye Kick Boks Federasyonu&#8217;ndan kavga ile ilgili a\u00e7\u0131klama"}]},{"@type":"WebSite","@id":"https:\/\/denizcankizil.tr\/de\/#website","url":"https:\/\/denizcankizil.tr\/de\/","name":"Av. Deniz Can K\u0131z\u0131l","description":"Avukat Deniz Can K\u0131z\u0131l Antalya Barosu","publisher":{"@id":"https:\/\/denizcankizil.tr\/de\/#organization"},"potentialAction":[{"@type":"SearchAction","target":{"@type":"EntryPoint","urlTemplate":"https:\/\/denizcankizil.tr\/de\/?s={search_term_string}"},"query-input":{"@type":"PropertyValueSpecification","valueRequired":true,"valueName":"search_term_string"}}],"inLanguage":"de"},{"@type":"Organization","@id":"https:\/\/denizcankizil.tr\/de\/#organization","name":"Av. Deniz Can K\u0131z\u0131l","url":"https:\/\/denizcankizil.tr\/de\/","logo":{"@type":"ImageObject","inLanguage":"de","@id":"https:\/\/denizcankizil.tr\/de\/#\/schema\/logo\/image\/","url":"http:\/\/denizcankizil.tr\/wp-content\/uploads\/2024\/10\/siyah-logo-svg.svg","contentUrl":"http:\/\/denizcankizil.tr\/wp-content\/uploads\/2024\/10\/siyah-logo-svg.svg","width":1080,"height":1080,"caption":"Av. Deniz Can K\u0131z\u0131l"},"image":{"@id":"https:\/\/denizcankizil.tr\/de\/#\/schema\/logo\/image\/"}},{"@type":"Person","@id":"https:\/\/denizcankizil.tr\/de\/#\/schema\/person\/5dc1b22991bd7ac833867c10afc9b0ff","name":"Av. Deniz Can K\u0131z\u0131l","image":{"@type":"ImageObject","inLanguage":"de","@id":"https:\/\/denizcankizil.tr\/de\/#\/schema\/person\/image\/","url":"https:\/\/secure.gravatar.com\/avatar\/a0b128fb9855c79efc976d5640eedb31dc35ec297594d6016d2cf7c60e975bb6?s=96&d=mm&r=g","contentUrl":"https:\/\/secure.gravatar.com\/avatar\/a0b128fb9855c79efc976d5640eedb31dc35ec297594d6016d2cf7c60e975bb6?s=96&d=mm&r=g","caption":"Av. Deniz Can K\u0131z\u0131l"},"sameAs":["http:\/\/www.denizcankizil.tr"],"url":"http:\/\/denizcankizil.tr\/de\/author\/denizcankizil\/"}]}},"_links":{"self":[{"href":"http:\/\/denizcankizil.tr\/de\/wp-json\/wp\/v2\/posts\/27245","targetHints":{"allow":["GET"]}}],"collection":[{"href":"http:\/\/denizcankizil.tr\/de\/wp-json\/wp\/v2\/posts"}],"about":[{"href":"http:\/\/denizcankizil.tr\/de\/wp-json\/wp\/v2\/types\/post"}],"author":[{"embeddable":true,"href":"http:\/\/denizcankizil.tr\/de\/wp-json\/wp\/v2\/users\/4"}],"replies":[{"embeddable":true,"href":"http:\/\/denizcankizil.tr\/de\/wp-json\/wp\/v2\/comments?post=27245"}],"version-history":[{"count":0,"href":"http:\/\/denizcankizil.tr\/de\/wp-json\/wp\/v2\/posts\/27245\/revisions"}],"wp:featuredmedia":[{"embeddable":true,"href":"http:\/\/denizcankizil.tr\/de\/wp-json\/wp\/v2\/media\/27246"}],"wp:attachment":[{"href":"http:\/\/denizcankizil.tr\/de\/wp-json\/wp\/v2\/media?parent=27245"}],"wp:term":[{"taxonomy":"category","embeddable":true,"href":"http:\/\/denizcankizil.tr\/de\/wp-json\/wp\/v2\/categories?post=27245"},{"taxonomy":"post_tag","embeddable":true,"href":"http:\/\/denizcankizil.tr\/de\/wp-json\/wp\/v2\/tags?post=27245"}],"curies":[{"name":"wp","href":"https:\/\/api.w.org\/{rel}","templated":true}]}}