{"id":27175,"date":"2025-01-24T11:42:09","date_gmt":"2025-01-24T08:42:09","guid":{"rendered":"https:\/\/denizcankizil.tr\/uncategorized-tr\/izmir-buyuksehirden-yangin-guvenligine-siki-denetim\/"},"modified":"2025-01-24T11:42:09","modified_gmt":"2025-01-24T08:42:09","slug":"izmir-buyuksehirden-yangin-guvenligine-siki-denetim","status":"publish","type":"post","link":"http:\/\/denizcankizil.tr\/de\/haberler\/gundem\/izmir-buyuksehirden-yangin-guvenligine-siki-denetim\/","title":{"rendered":"\u0130zmir B\u00fcy\u00fck\u015fehir&#8217;den yang\u0131n g\u00fcvenli\u011fine s\u0131k\u0131 denetim"},"content":{"rendered":"<p>\u0130zmir B\u00fcy\u00fck\u015fehir Belediyesi, yang\u0131n riskine kar\u015f\u0131 kentteki i\u015fletmeleri titizlikle denetliyor. Binalar\u0131n Yang\u0131ndan Korunmas\u0131 Y\u00f6netmeli\u011fi kapsam\u0131ndaki kriterleri yerine getirmeyen i\u015fletmelere uygunluk raporu verilmiyor\u0130ZM\u0130R (\u0130GFA) &#8211; \u0130zmir B\u00fcy\u00fck\u015fehir Belediyesi \u0130tfaiye Dairesi Ba\u015fkanl\u0131\u011f\u0131 yang\u0131n g\u00fcvenli\u011fini sa\u011flamak i\u00e7in denetim ve e\u011fitim \u00e7al\u0131\u015fmalar\u0131n\u0131 s\u00fcrd\u00fcr\u00fcyor. B\u00fcy\u00fck al\u0131\u015fveri\u015f merkezleri, oteller, i\u015fyerleri veya hastaneler yang\u0131n riski a\u00e7\u0131s\u0131ndan denetlenip uygunluk raporu verilirken \u00f6ncelik g\u00fcvenli tahliye \u00f6nlemleri oluyor. Yang\u0131n g\u00fcvenli\u011fi tedbirlerinde otel, fabrika gibi alanlarda sesli siren sistemi de b\u00fcy\u00fck \u00f6nem ta\u015f\u0131yor.<br \/>\nBinalar\u0131n Yang\u0131ndan Korunmas\u0131 Y\u00f6netmeli\u011fi kapsam\u0131nda 30 il\u00e7ede y\u00fcr\u00fctt\u00fckleri denetim \u00e7al\u0131\u015fmalar\u0131 ve yang\u0131n g\u00fcvenli\u011fi tedbirleri konusunda bilgi veren \u0130zmir B\u00fcy\u00fck\u015fehir Belediyesi \u0130tfaiye Daire Ba\u015fkan\u0131 Ya\u015far Korkmaz, olas\u0131 bir yang\u0131nda insanlar\u0131n \u00e7\u0131k\u0131\u015f\u0131 rahatl\u0131kla bulabilmesi i\u00e7in \u0131\u015f\u0131kl\u0131 y\u00f6n tabelas\u0131n\u0131n gereklili\u011fini vurgulad\u0131.\u00a0 Korkmaz, \u201c\u00d6zellikle korunumlu merdivenler mutlaka olmal\u0131. E\u011fer baca sistemi yoksa, herhangi bir yang\u0131n an\u0131nda duman havadan hafif oldu\u011fu i\u00e7in yukar\u0131 do\u011fru birikerek karbon monoksit zehirlenmesine neden oluyor. I\u015f\u0131kl\u0131 y\u00f6n tabelas\u0131 ile insanlar korunumlu merdivenlere, \u00e7\u0131k\u0131\u015flara y\u00f6nlendiriliyor. B\u00fcy\u00fck al\u0131\u015fveri\u015f merkezlerinde, hastanelerde, otellerde binalar\u0131n acil durum eylem planlar\u0131 bulunuyor. Yurtta\u015flar bu planlara dikkat etmeli. Baz\u0131 yerlerde odalara bu plan as\u0131l\u0131. Acil durumda ka\u00e7\u0131\u015f yollar\u0131n\u0131 g\u00f6steren krokiler bulunuyor. Bunlar\u0131n as\u0131l\u0131p as\u0131lmad\u0131\u011f\u0131na bakabilir ve ka\u00e7\u0131\u015f yerlerini belirleyebilirler. Yang\u0131n veya deprem esnas\u0131nda binadan h\u0131zl\u0131ca ayr\u0131labilmesi i\u00e7in bu planlara bak\u0131lmal\u0131\u201d dedi.<\/p>\n<p>DENET\u0130MLER YAPILIYOR<br \/>\n\u0130tfaiye Denetim ve \u00d6nleme \u015eube M\u00fcd\u00fcrl\u00fc\u011f\u00fc b\u00fcnyesinde denetim \u00e7al\u0131\u015fmalar\u0131n\u0131n yap\u0131ld\u0131\u011f\u0131n\u0131 da anlatan Ya\u015far Korkmaz, \u201c2024\u2019te 3 bin 900 i\u015f yerini yang\u0131n y\u00f6n\u00fcnden denetleyip, \u00e7al\u0131\u015fabilir ruhsat\u0131 verdik. Belirli periyodlarla denetimlerimizi s\u00fcrd\u00fcr\u00fcyoruz. B\u00fcy\u00fck\u015fehir Belediyesi oldu\u011fumuz i\u00e7in otellerin hepsi bizden rapor almak zorunda. Bizden yang\u0131n raporu almak olduk\u00e7a zor. T\u00fcm kriterlerin yerine getirilmesini istiyoruz. Eksiklik oldu\u011funu g\u00f6rd\u00fc\u011f\u00fcm\u00fcz hi\u00e7bir yere rapor vermiyoruz\u201d diye konu\u015ftu.<\/p>\n<p>\u0130K\u0130NC\u0130 KA\u00c7I\u015e MERD\u0130VEN\u0130 ZORUNLU<br \/>\n\u0130zmir\u2019de yang\u0131n raporu alamad\u0131\u011f\u0131 i\u00e7in hizmete giremeyen onlarca otelin bulundu\u011funu a\u00e7\u0131klayan \u0130zmir B\u00fcy\u00fck\u015fehir Belediyesi \u0130tfaiye Dairesi Ba\u015fkan\u0131 Ya\u015far Korkmaz, \u201cY\u00fcksekli\u011fi 15 metreyi ge\u00e7en i\u015fletmede, tek ka\u00e7\u0131\u015f merdiveni yeterli de\u011fil. \u0130kinci bir ka\u00e7\u0131\u015f merdiveni bulunmal\u0131. \u00c7\u00fcnk\u00fc herhangi bir acil durumda insanlar\u0131n ayn\u0131 merdivenden tahliyesi \u00e7ok zor. Oteller en \u00e7ok bu nedenle yang\u0131n raporu alam\u0131yor.\u00a0 \u0130kinci ka\u00e7\u0131\u015f merdiveni bulunmuyorsa, buna yang\u0131n raporu vermemiz m\u00fcmk\u00fcn de\u011fil. Yine baz\u0131 binalar\u0131n pansiyona \u00e7evrildi\u011fini g\u00f6r\u00fcyoruz. Bu da b\u00fcy\u00fck s\u0131k\u0131nt\u0131. \u00d6rne\u011fin 5 katl\u0131 bir binay\u0131 pansiyona \u00e7evirmeye \u00e7al\u0131\u015f\u0131yorlar. Ama itfaiye raporu a\u00e7\u0131s\u0131ndan bu yap\u0131lar uygun olmuyor. Otel veya pansiyon olarak in\u015fa edildi\u011finde, durum de\u011fi\u015fiyor. Tedbirler buna g\u00f6re al\u0131n\u0131yor\u201d dedi.<\/p>\n<p>\u200b\u0130zmir B\u00fcy\u00fck\u015fehir Belediyesi, yang\u0131n riskine kar\u015f\u0131 kentteki i\u015fletmeleri titizlikle denetliyor. Binalar\u0131n Yang\u0131ndan Korunmas\u0131 Y\u00f6netmeli\u011fi kapsam\u0131ndaki kriterleri yerine getirmeyen i\u015fletmelere uygunluk raporu verilmiyor\u0130ZM\u0130R (\u0130GFA) &#8211; \u0130zmir B\u00fcy\u00fck\u015fehir Belediyesi \u0130tfaiye Dairesi Ba\u015fkanl\u0131\u011f\u0131 yang\u0131n g\u00fcvenli\u011fini sa\u011flamak i\u00e7in denetim ve e\u011fitim \u00e7al\u0131\u015fmalar\u0131n\u0131 s\u00fcrd\u00fcr\u00fcyor. B\u00fcy\u00fck al\u0131\u015fveri\u015f merkezleri, oteller, i\u015fyerleri veya hastaneler yang\u0131n riski a\u00e7\u0131s\u0131ndan denetlenip uygunluk raporu verilirken \u00f6ncelik g\u00fcvenli tahliye \u00f6nlemleri oluyor. Yang\u0131n g\u00fcvenli\u011fi tedbirlerinde otel, fabrika gibi alanlarda sesli siren sistemi de b\u00fcy\u00fck \u00f6nem ta\u015f\u0131yor.<br \/>\nBinalar\u0131n Yang\u0131ndan Korunmas\u0131 Y\u00f6netmeli\u011fi kapsam\u0131nda 30 il\u00e7ede y\u00fcr\u00fctt\u00fckleri denetim \u00e7al\u0131\u015fmalar\u0131 ve yang\u0131n g\u00fcvenli\u011fi tedbirleri konusunda bilgi veren \u0130zmir B\u00fcy\u00fck\u015fehir Belediyesi \u0130tfaiye Daire Ba\u015fkan\u0131 Ya\u015far Korkmaz, olas\u0131 bir yang\u0131nda insanlar\u0131n \u00e7\u0131k\u0131\u015f\u0131 rahatl\u0131kla bulabilmesi i\u00e7in \u0131\u015f\u0131kl\u0131 y\u00f6n tabelas\u0131n\u0131n gereklili\u011fini vurgulad\u0131.\u00a0 Korkmaz, \u201c\u00d6zellikle korunumlu merdivenler mutlaka olmal\u0131. E\u011fer baca sistemi yoksa, herhangi bir yang\u0131n an\u0131nda duman havadan hafif oldu\u011fu i\u00e7in yukar\u0131 do\u011fru birikerek karbon monoksit zehirlenmesine neden oluyor. I\u015f\u0131kl\u0131 y\u00f6n tabelas\u0131 ile insanlar korunumlu merdivenlere, \u00e7\u0131k\u0131\u015flara y\u00f6nlendiriliyor. B\u00fcy\u00fck al\u0131\u015fveri\u015f merkezlerinde, hastanelerde, otellerde binalar\u0131n acil durum eylem planlar\u0131 bulunuyor. Yurtta\u015flar bu planlara dikkat etmeli. Baz\u0131 yerlerde odalara bu plan as\u0131l\u0131. Acil durumda ka\u00e7\u0131\u015f yollar\u0131n\u0131 g\u00f6steren krokiler bulunuyor. Bunlar\u0131n as\u0131l\u0131p as\u0131lmad\u0131\u011f\u0131na bakabilir ve ka\u00e7\u0131\u015f yerlerini belirleyebilirler. Yang\u0131n veya deprem esnas\u0131nda binadan h\u0131zl\u0131ca ayr\u0131labilmesi i\u00e7in bu planlara bak\u0131lmal\u0131\u201d dedi.<\/p>\n<p>DENET\u0130MLER YAPILIYOR<br \/>\n\u0130tfaiye Denetim ve \u00d6nleme \u015eube M\u00fcd\u00fcrl\u00fc\u011f\u00fc b\u00fcnyesinde denetim \u00e7al\u0131\u015fmalar\u0131n\u0131n yap\u0131ld\u0131\u011f\u0131n\u0131 da anlatan Ya\u015far Korkmaz, \u201c2024\u2019te 3 bin 900 i\u015f yerini yang\u0131n y\u00f6n\u00fcnden denetleyip, \u00e7al\u0131\u015fabilir ruhsat\u0131 verdik. Belirli periyodlarla denetimlerimizi s\u00fcrd\u00fcr\u00fcyoruz. B\u00fcy\u00fck\u015fehir Belediyesi oldu\u011fumuz i\u00e7in otellerin hepsi bizden rapor almak zorunda. Bizden yang\u0131n raporu almak olduk\u00e7a zor. T\u00fcm kriterlerin yerine getirilmesini istiyoruz. Eksiklik oldu\u011funu g\u00f6rd\u00fc\u011f\u00fcm\u00fcz hi\u00e7bir yere rapor vermiyoruz\u201d diye konu\u015ftu.<\/p>\n<p>\u0130K\u0130NC\u0130 KA\u00c7I\u015e MERD\u0130VEN\u0130 ZORUNLU<br \/>\n\u0130zmir\u2019de yang\u0131n raporu alamad\u0131\u011f\u0131 i\u00e7in hizmete giremeyen onlarca otelin bulundu\u011funu a\u00e7\u0131klayan \u0130zmir B\u00fcy\u00fck\u015fehir Belediyesi \u0130tfaiye Dairesi Ba\u015fkan\u0131 Ya\u015far Korkmaz, \u201cY\u00fcksekli\u011fi 15 metreyi ge\u00e7en i\u015fletmede, tek ka\u00e7\u0131\u015f merdiveni yeterli de\u011fil. \u0130kinci bir ka\u00e7\u0131\u015f merdiveni bulunmal\u0131. \u00c7\u00fcnk\u00fc herhangi bir acil durumda insanlar\u0131n ayn\u0131 merdivenden tahliyesi \u00e7ok zor. Oteller en \u00e7ok bu nedenle yang\u0131n raporu alam\u0131yor.\u00a0 \u0130kinci ka\u00e7\u0131\u015f merdiveni bulunmuyorsa, buna yang\u0131n raporu vermemiz m\u00fcmk\u00fcn de\u011fil. Yine baz\u0131 binalar\u0131n pansiyona \u00e7evrildi\u011fini g\u00f6r\u00fcyoruz. Bu da b\u00fcy\u00fck s\u0131k\u0131nt\u0131. \u00d6rne\u011fin 5 katl\u0131 bir binay\u0131 pansiyona \u00e7evirmeye \u00e7al\u0131\u015f\u0131yorlar. Ama itfaiye raporu a\u00e7\u0131s\u0131ndan bu yap\u0131lar uygun olmuyor. Otel veya pansiyon olarak in\u015fa edildi\u011finde, durum de\u011fi\u015fiyor. Tedbirler buna g\u00f6re al\u0131n\u0131yor\u201d dedi.\u00a0<\/p>\n<p>\u200bHaberin Al\u0131nt\u0131land\u0131\u011f\u0131 Kaynak: www.iskenderun.org<\/p>","protected":false},"excerpt":{"rendered":"<p>\u0130zmir B\u00fcy\u00fck\u015fehir Belediyesi, yang\u0131n riskine kar\u015f\u0131 kentteki i\u015fletmeleri titizlikle denetliyor. Binalar\u0131n Yang\u0131ndan Korunmas\u0131 Y\u00f6netmeli\u011fi kapsam\u0131ndaki kriterleri yerine getirmeyen i\u015fletmelere uygunluk raporu verilmiyor\u0130ZM\u0130R (\u0130GFA) &#8211; \u0130zmir B\u00fcy\u00fck\u015fehir Belediyesi \u0130tfaiye Dairesi Ba\u015fkanl\u0131\u011f\u0131 yang\u0131n g\u00fcvenli\u011fini sa\u011flamak i\u00e7in denetim ve e\u011fitim \u00e7al\u0131\u015fmalar\u0131n\u0131 s\u00fcrd\u00fcr\u00fcyor. B\u00fcy\u00fck al\u0131\u015fveri\u015f merkezleri, oteller, i\u015fyerleri veya hastaneler yang\u0131n riski a\u00e7\u0131s\u0131ndan denetlenip uygunluk raporu verilirken \u00f6ncelik g\u00fcvenli tahliye \u00f6nlemleri oluyor. Yang\u0131n g\u00fcvenli\u011fi tedbirlerinde otel, fabrika gibi alanlarda sesli siren sistemi de b\u00fcy\u00fck \u00f6nem ta\u015f\u0131yor. Binalar\u0131n Yang\u0131ndan Korunmas\u0131 Y\u00f6netmeli\u011fi kapsam\u0131nda 30 il\u00e7ede y\u00fcr\u00fctt\u00fckleri denetim \u00e7al\u0131\u015fmalar\u0131 ve yang\u0131n g\u00fcvenli\u011fi tedbirleri konusunda bilgi veren \u0130zmir B\u00fcy\u00fck\u015fehir Belediyesi \u0130tfaiye Daire Ba\u015fkan\u0131 Ya\u015far Korkmaz, olas\u0131 bir yang\u0131nda insanlar\u0131n \u00e7\u0131k\u0131\u015f\u0131 rahatl\u0131kla bulabilmesi i\u00e7in \u0131\u015f\u0131kl\u0131 y\u00f6n tabelas\u0131n\u0131n gereklili\u011fini vurgulad\u0131.\u00a0 Korkmaz, \u201c\u00d6zellikle korunumlu merdivenler mutlaka olmal\u0131. E\u011fer baca sistemi yoksa, herhangi bir yang\u0131n an\u0131nda duman havadan hafif oldu\u011fu i\u00e7in yukar\u0131 do\u011fru birikerek karbon monoksit zehirlenmesine neden oluyor. I\u015f\u0131kl\u0131 y\u00f6n tabelas\u0131 ile insanlar korunumlu merdivenlere, \u00e7\u0131k\u0131\u015flara y\u00f6nlendiriliyor. B\u00fcy\u00fck al\u0131\u015fveri\u015f merkezlerinde, hastanelerde, otellerde binalar\u0131n acil durum eylem planlar\u0131 bulunuyor. Yurtta\u015flar bu planlara dikkat etmeli. Baz\u0131 yerlerde odalara bu plan as\u0131l\u0131. Acil durumda ka\u00e7\u0131\u015f yollar\u0131n\u0131 g\u00f6steren krokiler bulunuyor. Bunlar\u0131n as\u0131l\u0131p as\u0131lmad\u0131\u011f\u0131na bakabilir ve ka\u00e7\u0131\u015f yerlerini belirleyebilirler. Yang\u0131n veya deprem esnas\u0131nda binadan h\u0131zl\u0131ca ayr\u0131labilmesi i\u00e7in bu planlara bak\u0131lmal\u0131\u201d dedi. DENET\u0130MLER YAPILIYOR \u0130tfaiye Denetim ve &hellip;<\/p>","protected":false},"author":1,"featured_media":0,"comment_status":"open","ping_status":"open","sticky":false,"template":"","format":"standard","meta":{"_acf_changed":false,"footnotes":""},"categories":[24],"tags":[],"class_list":["post-27175","post","type-post","status-publish","format-standard","has-post-thumbnail","hentry","category-gundem"],"acf":[],"yoast_head":"<!-- This site is optimized with the Yoast SEO Premium plugin v26.6 (Yoast SEO v27.1.1) - https:\/\/yoast.com\/product\/yoast-seo-premium-wordpress\/ -->\n<title>\u0130zmir B\u00fcy\u00fck\u015fehir&#039;den yang\u0131n g\u00fcvenli\u011fine s\u0131k\u0131 denetim - Av. Deniz Can K\u0131z\u0131l<\/title>\n<meta name=\"robots\" content=\"index, follow, max-snippet:-1, max-image-preview:large, max-video-preview:-1\" \/>\n<link rel=\"canonical\" href=\"https:\/\/denizcankizil.tr\/de\/haberler\/gundem\/izmir-buyuksehirden-yangin-guvenligine-siki-denetim\/\" \/>\n<meta property=\"og:locale\" content=\"de_DE\" \/>\n<meta property=\"og:type\" content=\"article\" \/>\n<meta property=\"og:title\" content=\"\u0130zmir B\u00fcy\u00fck\u015fehir&#039;den yang\u0131n g\u00fcvenli\u011fine s\u0131k\u0131 denetim\" \/>\n<meta property=\"og:description\" content=\"\u0130zmir B\u00fcy\u00fck\u015fehir Belediyesi, yang\u0131n riskine kar\u015f\u0131 kentteki i\u015fletmeleri titizlikle denetliyor. Binalar\u0131n Yang\u0131ndan Korunmas\u0131 Y\u00f6netmeli\u011fi kapsam\u0131ndaki kriterleri yerine getirmeyen i\u015fletmelere uygunluk raporu verilmiyor\u0130ZM\u0130R (\u0130GFA) &#8211; \u0130zmir B\u00fcy\u00fck\u015fehir Belediyesi \u0130tfaiye Dairesi Ba\u015fkanl\u0131\u011f\u0131 yang\u0131n g\u00fcvenli\u011fini sa\u011flamak i\u00e7in denetim ve e\u011fitim \u00e7al\u0131\u015fmalar\u0131n\u0131 s\u00fcrd\u00fcr\u00fcyor. B\u00fcy\u00fck al\u0131\u015fveri\u015f merkezleri, oteller, i\u015fyerleri veya hastaneler yang\u0131n riski a\u00e7\u0131s\u0131ndan denetlenip uygunluk raporu verilirken \u00f6ncelik g\u00fcvenli tahliye \u00f6nlemleri oluyor. Yang\u0131n g\u00fcvenli\u011fi tedbirlerinde otel, fabrika gibi alanlarda sesli siren sistemi de b\u00fcy\u00fck \u00f6nem ta\u015f\u0131yor. Binalar\u0131n Yang\u0131ndan Korunmas\u0131 Y\u00f6netmeli\u011fi kapsam\u0131nda 30 il\u00e7ede y\u00fcr\u00fctt\u00fckleri denetim \u00e7al\u0131\u015fmalar\u0131 ve yang\u0131n g\u00fcvenli\u011fi tedbirleri konusunda bilgi veren \u0130zmir B\u00fcy\u00fck\u015fehir Belediyesi \u0130tfaiye Daire Ba\u015fkan\u0131 Ya\u015far Korkmaz, olas\u0131 bir yang\u0131nda insanlar\u0131n \u00e7\u0131k\u0131\u015f\u0131 rahatl\u0131kla bulabilmesi i\u00e7in \u0131\u015f\u0131kl\u0131 y\u00f6n tabelas\u0131n\u0131n gereklili\u011fini vurgulad\u0131.\u00a0 Korkmaz, \u201c\u00d6zellikle korunumlu merdivenler mutlaka olmal\u0131. E\u011fer baca sistemi yoksa, herhangi bir yang\u0131n an\u0131nda duman havadan hafif oldu\u011fu i\u00e7in yukar\u0131 do\u011fru birikerek karbon monoksit zehirlenmesine neden oluyor. I\u015f\u0131kl\u0131 y\u00f6n tabelas\u0131 ile insanlar korunumlu merdivenlere, \u00e7\u0131k\u0131\u015flara y\u00f6nlendiriliyor. B\u00fcy\u00fck al\u0131\u015fveri\u015f merkezlerinde, hastanelerde, otellerde binalar\u0131n acil durum eylem planlar\u0131 bulunuyor. Yurtta\u015flar bu planlara dikkat etmeli. Baz\u0131 yerlerde odalara bu plan as\u0131l\u0131. Acil durumda ka\u00e7\u0131\u015f yollar\u0131n\u0131 g\u00f6steren krokiler bulunuyor. Bunlar\u0131n as\u0131l\u0131p as\u0131lmad\u0131\u011f\u0131na bakabilir ve ka\u00e7\u0131\u015f yerlerini belirleyebilirler. Yang\u0131n veya deprem esnas\u0131nda binadan h\u0131zl\u0131ca ayr\u0131labilmesi i\u00e7in bu planlara bak\u0131lmal\u0131\u201d dedi. DENET\u0130MLER YAPILIYOR \u0130tfaiye Denetim ve &hellip;\" \/>\n<meta property=\"og:url\" content=\"https:\/\/denizcankizil.tr\/de\/haberler\/gundem\/izmir-buyuksehirden-yangin-guvenligine-siki-denetim\/\" \/>\n<meta property=\"og:site_name\" content=\"Av. Deniz Can K\u0131z\u0131l\" \/>\n<meta property=\"article:published_time\" content=\"2025-01-24T08:42:09+00:00\" \/>\n<meta name=\"author\" content=\"admin\" \/>\n<meta name=\"twitter:card\" content=\"summary_large_image\" \/>\n<meta name=\"twitter:label1\" content=\"Verfasst von\" \/>\n\t<meta name=\"twitter:data1\" content=\"admin\" \/>\n\t<meta name=\"twitter:label2\" content=\"Gesch\u00e4tzte Lesezeit\" \/>\n\t<meta name=\"twitter:data2\" content=\"5\u00a0Minuten\" \/>\n<script type=\"application\/ld+json\" class=\"yoast-schema-graph\">{\"@context\":\"https:\/\/schema.org\",\"@graph\":[{\"@type\":\"Article\",\"@id\":\"https:\/\/denizcankizil.tr\/uk\/haberler\/gundem\/izmir-buyuksehirden-yangin-guvenligine-siki-denetim\/#article\",\"isPartOf\":{\"@id\":\"https:\/\/denizcankizil.tr\/uk\/haberler\/gundem\/izmir-buyuksehirden-yangin-guvenligine-siki-denetim\/\"},\"author\":{\"name\":\"admin\",\"@id\":\"https:\/\/denizcankizil.tr\/de\/#\/schema\/person\/be3c05fe6a12686905512445d8185489\"},\"headline\":\"\u0130zmir B\u00fcy\u00fck\u015fehir&#8217;den yang\u0131n g\u00fcvenli\u011fine s\u0131k\u0131 denetim\",\"datePublished\":\"2025-01-24T08:42:09+00:00\",\"mainEntityOfPage\":{\"@id\":\"https:\/\/denizcankizil.tr\/uk\/haberler\/gundem\/izmir-buyuksehirden-yangin-guvenligine-siki-denetim\/\"},\"wordCount\":1086,\"commentCount\":0,\"publisher\":{\"@id\":\"https:\/\/denizcankizil.tr\/de\/#organization\"},\"articleSection\":[\"G\u00fcndem\"],\"inLanguage\":\"de\",\"potentialAction\":[{\"@type\":\"CommentAction\",\"name\":\"Comment\",\"target\":[\"https:\/\/denizcankizil.tr\/uk\/haberler\/gundem\/izmir-buyuksehirden-yangin-guvenligine-siki-denetim\/#respond\"]}]},{\"@type\":\"WebPage\",\"@id\":\"https:\/\/denizcankizil.tr\/uk\/haberler\/gundem\/izmir-buyuksehirden-yangin-guvenligine-siki-denetim\/\",\"url\":\"https:\/\/denizcankizil.tr\/uk\/haberler\/gundem\/izmir-buyuksehirden-yangin-guvenligine-siki-denetim\/\",\"name\":\"\u0130zmir B\u00fcy\u00fck\u015fehir'den yang\u0131n g\u00fcvenli\u011fine s\u0131k\u0131 denetim - Av. Deniz Can K\u0131z\u0131l\",\"isPartOf\":{\"@id\":\"https:\/\/denizcankizil.tr\/de\/#website\"},\"datePublished\":\"2025-01-24T08:42:09+00:00\",\"breadcrumb\":{\"@id\":\"https:\/\/denizcankizil.tr\/uk\/haberler\/gundem\/izmir-buyuksehirden-yangin-guvenligine-siki-denetim\/#breadcrumb\"},\"inLanguage\":\"de\",\"potentialAction\":[{\"@type\":\"ReadAction\",\"target\":[\"https:\/\/denizcankizil.tr\/uk\/haberler\/gundem\/izmir-buyuksehirden-yangin-guvenligine-siki-denetim\/\"]}]},{\"@type\":\"BreadcrumbList\",\"@id\":\"https:\/\/denizcankizil.tr\/uk\/haberler\/gundem\/izmir-buyuksehirden-yangin-guvenligine-siki-denetim\/#breadcrumb\",\"itemListElement\":[{\"@type\":\"ListItem\",\"position\":1,\"name\":\"Home\",\"item\":\"https:\/\/denizcankizil.tr\/de\/\"},{\"@type\":\"ListItem\",\"position\":2,\"name\":\"\u0130zmir B\u00fcy\u00fck\u015fehir&#8217;den yang\u0131n g\u00fcvenli\u011fine s\u0131k\u0131 denetim\"}]},{\"@type\":\"WebSite\",\"@id\":\"https:\/\/denizcankizil.tr\/de\/#website\",\"url\":\"https:\/\/denizcankizil.tr\/de\/\",\"name\":\"Av. Deniz Can K\u0131z\u0131l\",\"description\":\"Avukat Deniz Can K\u0131z\u0131l Antalya Barosu\",\"publisher\":{\"@id\":\"https:\/\/denizcankizil.tr\/de\/#organization\"},\"potentialAction\":[{\"@type\":\"SearchAction\",\"target\":{\"@type\":\"EntryPoint\",\"urlTemplate\":\"https:\/\/denizcankizil.tr\/de\/?s={search_term_string}\"},\"query-input\":{\"@type\":\"PropertyValueSpecification\",\"valueRequired\":true,\"valueName\":\"search_term_string\"}}],\"inLanguage\":\"de\"},{\"@type\":\"Organization\",\"@id\":\"https:\/\/denizcankizil.tr\/de\/#organization\",\"name\":\"Av. Deniz Can K\u0131z\u0131l\",\"url\":\"https:\/\/denizcankizil.tr\/de\/\",\"logo\":{\"@type\":\"ImageObject\",\"inLanguage\":\"de\",\"@id\":\"https:\/\/denizcankizil.tr\/de\/#\/schema\/logo\/image\/\",\"url\":\"http:\/\/denizcankizil.tr\/wp-content\/uploads\/2024\/10\/siyah-logo-svg.svg\",\"contentUrl\":\"http:\/\/denizcankizil.tr\/wp-content\/uploads\/2024\/10\/siyah-logo-svg.svg\",\"width\":1080,\"height\":1080,\"caption\":\"Av. Deniz Can K\u0131z\u0131l\"},\"image\":{\"@id\":\"https:\/\/denizcankizil.tr\/de\/#\/schema\/logo\/image\/\"}},{\"@type\":\"Person\",\"@id\":\"https:\/\/denizcankizil.tr\/de\/#\/schema\/person\/be3c05fe6a12686905512445d8185489\",\"name\":\"admin\",\"image\":{\"@type\":\"ImageObject\",\"inLanguage\":\"de\",\"@id\":\"https:\/\/denizcankizil.tr\/de\/#\/schema\/person\/image\/\",\"url\":\"https:\/\/secure.gravatar.com\/avatar\/c1fce94c830dc79107e174f890d7210541c4a63e8e5d816341794a2151c9d58c?s=96&d=mm&r=g\",\"contentUrl\":\"https:\/\/secure.gravatar.com\/avatar\/c1fce94c830dc79107e174f890d7210541c4a63e8e5d816341794a2151c9d58c?s=96&d=mm&r=g\",\"caption\":\"admin\"},\"sameAs\":[\"http:\/\/denizcankizil.tr\"],\"url\":\"https:\/\/www.iskenderun.org\/izmir-buyuksehirden-yangin-guvenligine-siki-denetim\"}]}<\/script>\n<!-- \/ Yoast SEO Premium plugin. -->","yoast_head_json":{"title":"\u0130zmir B\u00fcy\u00fck\u015fehir'den yang\u0131n g\u00fcvenli\u011fine s\u0131k\u0131 denetim - Av. Deniz Can K\u0131z\u0131l","robots":{"index":"index","follow":"follow","max-snippet":"max-snippet:-1","max-image-preview":"max-image-preview:large","max-video-preview":"max-video-preview:-1"},"canonical":"https:\/\/denizcankizil.tr\/de\/haberler\/gundem\/izmir-buyuksehirden-yangin-guvenligine-siki-denetim\/","og_locale":"de_DE","og_type":"article","og_title":"\u0130zmir B\u00fcy\u00fck\u015fehir'den yang\u0131n g\u00fcvenli\u011fine s\u0131k\u0131 denetim","og_description":"\u0130zmir B\u00fcy\u00fck\u015fehir Belediyesi, yang\u0131n riskine kar\u015f\u0131 kentteki i\u015fletmeleri titizlikle denetliyor. Binalar\u0131n Yang\u0131ndan Korunmas\u0131 Y\u00f6netmeli\u011fi kapsam\u0131ndaki kriterleri yerine getirmeyen i\u015fletmelere uygunluk raporu verilmiyor\u0130ZM\u0130R (\u0130GFA) &#8211; \u0130zmir B\u00fcy\u00fck\u015fehir Belediyesi \u0130tfaiye Dairesi Ba\u015fkanl\u0131\u011f\u0131 yang\u0131n g\u00fcvenli\u011fini sa\u011flamak i\u00e7in denetim ve e\u011fitim \u00e7al\u0131\u015fmalar\u0131n\u0131 s\u00fcrd\u00fcr\u00fcyor. B\u00fcy\u00fck al\u0131\u015fveri\u015f merkezleri, oteller, i\u015fyerleri veya hastaneler yang\u0131n riski a\u00e7\u0131s\u0131ndan denetlenip uygunluk raporu verilirken \u00f6ncelik g\u00fcvenli tahliye \u00f6nlemleri oluyor. Yang\u0131n g\u00fcvenli\u011fi tedbirlerinde otel, fabrika gibi alanlarda sesli siren sistemi de b\u00fcy\u00fck \u00f6nem ta\u015f\u0131yor. Binalar\u0131n Yang\u0131ndan Korunmas\u0131 Y\u00f6netmeli\u011fi kapsam\u0131nda 30 il\u00e7ede y\u00fcr\u00fctt\u00fckleri denetim \u00e7al\u0131\u015fmalar\u0131 ve yang\u0131n g\u00fcvenli\u011fi tedbirleri konusunda bilgi veren \u0130zmir B\u00fcy\u00fck\u015fehir Belediyesi \u0130tfaiye Daire Ba\u015fkan\u0131 Ya\u015far Korkmaz, olas\u0131 bir yang\u0131nda insanlar\u0131n \u00e7\u0131k\u0131\u015f\u0131 rahatl\u0131kla bulabilmesi i\u00e7in \u0131\u015f\u0131kl\u0131 y\u00f6n tabelas\u0131n\u0131n gereklili\u011fini vurgulad\u0131.\u00a0 Korkmaz, \u201c\u00d6zellikle korunumlu merdivenler mutlaka olmal\u0131. E\u011fer baca sistemi yoksa, herhangi bir yang\u0131n an\u0131nda duman havadan hafif oldu\u011fu i\u00e7in yukar\u0131 do\u011fru birikerek karbon monoksit zehirlenmesine neden oluyor. I\u015f\u0131kl\u0131 y\u00f6n tabelas\u0131 ile insanlar korunumlu merdivenlere, \u00e7\u0131k\u0131\u015flara y\u00f6nlendiriliyor. B\u00fcy\u00fck al\u0131\u015fveri\u015f merkezlerinde, hastanelerde, otellerde binalar\u0131n acil durum eylem planlar\u0131 bulunuyor. Yurtta\u015flar bu planlara dikkat etmeli. Baz\u0131 yerlerde odalara bu plan as\u0131l\u0131. Acil durumda ka\u00e7\u0131\u015f yollar\u0131n\u0131 g\u00f6steren krokiler bulunuyor. Bunlar\u0131n as\u0131l\u0131p as\u0131lmad\u0131\u011f\u0131na bakabilir ve ka\u00e7\u0131\u015f yerlerini belirleyebilirler. Yang\u0131n veya deprem esnas\u0131nda binadan h\u0131zl\u0131ca ayr\u0131labilmesi i\u00e7in bu planlara bak\u0131lmal\u0131\u201d dedi. DENET\u0130MLER YAPILIYOR \u0130tfaiye Denetim ve &hellip;","og_url":"https:\/\/denizcankizil.tr\/de\/haberler\/gundem\/izmir-buyuksehirden-yangin-guvenligine-siki-denetim\/","og_site_name":"Av. Deniz Can K\u0131z\u0131l","article_published_time":"2025-01-24T08:42:09+00:00","author":"admin","twitter_card":"summary_large_image","twitter_misc":{"Verfasst von":"admin","Gesch\u00e4tzte Lesezeit":"5\u00a0Minuten"},"schema":{"@context":"https:\/\/schema.org","@graph":[{"@type":"Article","@id":"https:\/\/denizcankizil.tr\/uk\/haberler\/gundem\/izmir-buyuksehirden-yangin-guvenligine-siki-denetim\/#article","isPartOf":{"@id":"https:\/\/denizcankizil.tr\/uk\/haberler\/gundem\/izmir-buyuksehirden-yangin-guvenligine-siki-denetim\/"},"author":{"name":"admin","@id":"https:\/\/denizcankizil.tr\/de\/#\/schema\/person\/be3c05fe6a12686905512445d8185489"},"headline":"\u0130zmir B\u00fcy\u00fck\u015fehir&#8217;den yang\u0131n g\u00fcvenli\u011fine s\u0131k\u0131 denetim","datePublished":"2025-01-24T08:42:09+00:00","mainEntityOfPage":{"@id":"https:\/\/denizcankizil.tr\/uk\/haberler\/gundem\/izmir-buyuksehirden-yangin-guvenligine-siki-denetim\/"},"wordCount":1086,"commentCount":0,"publisher":{"@id":"https:\/\/denizcankizil.tr\/de\/#organization"},"articleSection":["G\u00fcndem"],"inLanguage":"de","potentialAction":[{"@type":"CommentAction","name":"Comment","target":["https:\/\/denizcankizil.tr\/uk\/haberler\/gundem\/izmir-buyuksehirden-yangin-guvenligine-siki-denetim\/#respond"]}]},{"@type":"WebPage","@id":"https:\/\/denizcankizil.tr\/uk\/haberler\/gundem\/izmir-buyuksehirden-yangin-guvenligine-siki-denetim\/","url":"https:\/\/denizcankizil.tr\/uk\/haberler\/gundem\/izmir-buyuksehirden-yangin-guvenligine-siki-denetim\/","name":"\u0130zmir B\u00fcy\u00fck\u015fehir'den yang\u0131n g\u00fcvenli\u011fine s\u0131k\u0131 denetim - Av. Deniz Can K\u0131z\u0131l","isPartOf":{"@id":"https:\/\/denizcankizil.tr\/de\/#website"},"datePublished":"2025-01-24T08:42:09+00:00","breadcrumb":{"@id":"https:\/\/denizcankizil.tr\/uk\/haberler\/gundem\/izmir-buyuksehirden-yangin-guvenligine-siki-denetim\/#breadcrumb"},"inLanguage":"de","potentialAction":[{"@type":"ReadAction","target":["https:\/\/denizcankizil.tr\/uk\/haberler\/gundem\/izmir-buyuksehirden-yangin-guvenligine-siki-denetim\/"]}]},{"@type":"BreadcrumbList","@id":"https:\/\/denizcankizil.tr\/uk\/haberler\/gundem\/izmir-buyuksehirden-yangin-guvenligine-siki-denetim\/#breadcrumb","itemListElement":[{"@type":"ListItem","position":1,"name":"Home","item":"https:\/\/denizcankizil.tr\/de\/"},{"@type":"ListItem","position":2,"name":"\u0130zmir B\u00fcy\u00fck\u015fehir&#8217;den yang\u0131n g\u00fcvenli\u011fine s\u0131k\u0131 denetim"}]},{"@type":"WebSite","@id":"https:\/\/denizcankizil.tr\/de\/#website","url":"https:\/\/denizcankizil.tr\/de\/","name":"Av. Deniz Can K\u0131z\u0131l","description":"Avukat Deniz Can K\u0131z\u0131l Antalya Barosu","publisher":{"@id":"https:\/\/denizcankizil.tr\/de\/#organization"},"potentialAction":[{"@type":"SearchAction","target":{"@type":"EntryPoint","urlTemplate":"https:\/\/denizcankizil.tr\/de\/?s={search_term_string}"},"query-input":{"@type":"PropertyValueSpecification","valueRequired":true,"valueName":"search_term_string"}}],"inLanguage":"de"},{"@type":"Organization","@id":"https:\/\/denizcankizil.tr\/de\/#organization","name":"Av. Deniz Can K\u0131z\u0131l","url":"https:\/\/denizcankizil.tr\/de\/","logo":{"@type":"ImageObject","inLanguage":"de","@id":"https:\/\/denizcankizil.tr\/de\/#\/schema\/logo\/image\/","url":"http:\/\/denizcankizil.tr\/wp-content\/uploads\/2024\/10\/siyah-logo-svg.svg","contentUrl":"http:\/\/denizcankizil.tr\/wp-content\/uploads\/2024\/10\/siyah-logo-svg.svg","width":1080,"height":1080,"caption":"Av. Deniz Can K\u0131z\u0131l"},"image":{"@id":"https:\/\/denizcankizil.tr\/de\/#\/schema\/logo\/image\/"}},{"@type":"Person","@id":"https:\/\/denizcankizil.tr\/de\/#\/schema\/person\/be3c05fe6a12686905512445d8185489","name":"Administrator","image":{"@type":"ImageObject","inLanguage":"de","@id":"https:\/\/denizcankizil.tr\/de\/#\/schema\/person\/image\/","url":"https:\/\/secure.gravatar.com\/avatar\/c1fce94c830dc79107e174f890d7210541c4a63e8e5d816341794a2151c9d58c?s=96&d=mm&r=g","contentUrl":"https:\/\/secure.gravatar.com\/avatar\/c1fce94c830dc79107e174f890d7210541c4a63e8e5d816341794a2151c9d58c?s=96&d=mm&r=g","caption":"admin"},"sameAs":["http:\/\/denizcankizil.tr"],"url":"https:\/\/www.iskenderun.org\/izmir-buyuksehirden-yangin-guvenligine-siki-denetim"}]}},"_links":{"self":[{"href":"http:\/\/denizcankizil.tr\/de\/wp-json\/wp\/v2\/posts\/27175","targetHints":{"allow":["GET"]}}],"collection":[{"href":"http:\/\/denizcankizil.tr\/de\/wp-json\/wp\/v2\/posts"}],"about":[{"href":"http:\/\/denizcankizil.tr\/de\/wp-json\/wp\/v2\/types\/post"}],"author":[{"embeddable":true,"href":"http:\/\/denizcankizil.tr\/de\/wp-json\/wp\/v2\/users\/1"}],"replies":[{"embeddable":true,"href":"http:\/\/denizcankizil.tr\/de\/wp-json\/wp\/v2\/comments?post=27175"}],"version-history":[{"count":0,"href":"http:\/\/denizcankizil.tr\/de\/wp-json\/wp\/v2\/posts\/27175\/revisions"}],"wp:attachment":[{"href":"http:\/\/denizcankizil.tr\/de\/wp-json\/wp\/v2\/media?parent=27175"}],"wp:term":[{"taxonomy":"category","embeddable":true,"href":"http:\/\/denizcankizil.tr\/de\/wp-json\/wp\/v2\/categories?post=27175"},{"taxonomy":"post_tag","embeddable":true,"href":"http:\/\/denizcankizil.tr\/de\/wp-json\/wp\/v2\/tags?post=27175"}],"curies":[{"name":"wp","href":"https:\/\/api.w.org\/{rel}","templated":true}]}}