{"id":27138,"date":"2025-01-24T09:41:37","date_gmt":"2025-01-24T06:41:37","guid":{"rendered":"https:\/\/denizcankizil.tr\/uncategorized-tr\/bilim-konyadan-yariyil-tatilinde-teknofest-robolig-kampi\/"},"modified":"2025-01-24T09:41:37","modified_gmt":"2025-01-24T06:41:37","slug":"bilim-konyadan-yariyil-tatilinde-teknofest-robolig-kampi","status":"publish","type":"post","link":"http:\/\/denizcankizil.tr\/de\/haberler\/gundem\/bilim-konyadan-yariyil-tatilinde-teknofest-robolig-kampi\/","title":{"rendered":"Bilim Konya\u2019dan Yar\u0131y\u0131l Tatilinde \u201cTEKNOFEST Robolig Kamp\u0131&#8221;"},"content":{"rendered":"<p>Konya B\u00fcy\u00fck\u015fehir Belediyesi ve T3 Vakf\u0131 i\u015f birli\u011fiyle Milli Teknoloji Hamlesi vizyonuna katk\u0131 sunma hedefiyle hayata ge\u00e7irilen Bilim Konya\u2019da yar\u0131y\u0131l tatili dolay\u0131s\u0131yla &#8220;TEKNOFEST Robolig Kamp\u0131&#8221; d\u00fczenleniyor. Kamptan edindikleri bilgi ve becerilerle TEKNOFEST\u2019in Robolig kategorisine kat\u0131lacak \u00f6\u011frenciler, \u00fclkemizi ulusal ve uluslararas\u0131 platformlarda temsil etme f\u0131rsat\u0131 bulacak.<\/p>\n<p>\u200bKonya B\u00fcy\u00fck\u015fehir Belediyesi ve T3 Vakf\u0131 i\u015f birli\u011fiyle Milli Teknoloji Hamlesi vizyonuna katk\u0131 sunma hedefiyle hayata ge\u00e7irilen Bilim Konya\u2019da yar\u0131y\u0131l tatili dolay\u0131s\u0131yla &#8220;TEKNOFEST Robolig Kamp\u0131&#8221; d\u00fczenleniyor. Kamptan edindikleri bilgi ve becerilerle TEKNOFEST\u2019in Robolig kategorisine kat\u0131lacak \u00f6\u011frenciler, \u00fclkemizi ulusal ve uluslararas\u0131 platformlarda temsil etme f\u0131rsat\u0131 bulacak.\u00a0<\/p>\n<p>\u200bHaberin Al\u0131nt\u0131land\u0131\u011f\u0131 Kaynak: www.iskenderun.org<\/p>","protected":false},"excerpt":{"rendered":"<p>Konya B\u00fcy\u00fck\u015fehir Belediyesi ve T3 Vakf\u0131 i\u015f birli\u011fiyle Milli Teknoloji Hamlesi vizyonuna katk\u0131 sunma hedefiyle hayata ge\u00e7irilen Bilim Konya\u2019da yar\u0131y\u0131l tatili dolay\u0131s\u0131yla &#8220;TEKNOFEST Robolig Kamp\u0131&#8221; d\u00fczenleniyor. Kamptan edindikleri bilgi ve becerilerle TEKNOFEST\u2019in Robolig kategorisine kat\u0131lacak \u00f6\u011frenciler, \u00fclkemizi ulusal ve uluslararas\u0131 platformlarda temsil etme f\u0131rsat\u0131 bulacak. \u200bKonya B\u00fcy\u00fck\u015fehir Belediyesi ve T3 Vakf\u0131 i\u015f birli\u011fiyle Milli Teknoloji Hamlesi vizyonuna katk\u0131 sunma hedefiyle hayata ge\u00e7irilen Bilim Konya\u2019da yar\u0131y\u0131l tatili dolay\u0131s\u0131yla &#8220;TEKNOFEST Robolig Kamp\u0131&#8221; d\u00fczenleniyor. Kamptan edindikleri bilgi ve becerilerle TEKNOFEST\u2019in Robolig kategorisine kat\u0131lacak \u00f6\u011frenciler, \u00fclkemizi ulusal ve uluslararas\u0131 platformlarda temsil etme f\u0131rsat\u0131 bulacak.\u00a0 \u200bHaberin Al\u0131nt\u0131land\u0131\u011f\u0131 Kaynak: www.iskenderun.org<\/p>","protected":false},"author":1,"featured_media":0,"comment_status":"open","ping_status":"open","sticky":false,"template":"","format":"standard","meta":{"_acf_changed":false,"footnotes":""},"categories":[24],"tags":[],"class_list":["post-27138","post","type-post","status-publish","format-standard","has-post-thumbnail","hentry","category-gundem"],"acf":[],"yoast_head":"<!-- This site is optimized with the Yoast SEO Premium plugin v26.6 (Yoast SEO v27.1.1) - https:\/\/yoast.com\/product\/yoast-seo-premium-wordpress\/ -->\n<title>Bilim Konya\u2019dan Yar\u0131y\u0131l Tatilinde \u201cTEKNOFEST Robolig Kamp\u0131&quot; - Av. Deniz Can K\u0131z\u0131l<\/title>\n<meta name=\"robots\" content=\"index, follow, max-snippet:-1, max-image-preview:large, max-video-preview:-1\" \/>\n<link rel=\"canonical\" href=\"https:\/\/denizcankizil.tr\/de\/haberler\/gundem\/bilim-konyadan-yariyil-tatilinde-teknofest-robolig-kampi\/\" \/>\n<meta property=\"og:locale\" content=\"de_DE\" \/>\n<meta property=\"og:type\" content=\"article\" \/>\n<meta property=\"og:title\" content=\"Bilim Konya\u2019dan Yar\u0131y\u0131l Tatilinde \u201cTEKNOFEST Robolig Kamp\u0131&quot;\" \/>\n<meta property=\"og:description\" content=\"Konya B\u00fcy\u00fck\u015fehir Belediyesi ve T3 Vakf\u0131 i\u015f birli\u011fiyle Milli Teknoloji Hamlesi vizyonuna katk\u0131 sunma hedefiyle hayata ge\u00e7irilen Bilim Konya\u2019da yar\u0131y\u0131l tatili dolay\u0131s\u0131yla &#8220;TEKNOFEST Robolig Kamp\u0131&#8221; d\u00fczenleniyor. Kamptan edindikleri bilgi ve becerilerle TEKNOFEST\u2019in Robolig kategorisine kat\u0131lacak \u00f6\u011frenciler, \u00fclkemizi ulusal ve uluslararas\u0131 platformlarda temsil etme f\u0131rsat\u0131 bulacak. \u200bKonya B\u00fcy\u00fck\u015fehir Belediyesi ve T3 Vakf\u0131 i\u015f birli\u011fiyle Milli Teknoloji Hamlesi vizyonuna katk\u0131 sunma hedefiyle hayata ge\u00e7irilen Bilim Konya\u2019da yar\u0131y\u0131l tatili dolay\u0131s\u0131yla &#8220;TEKNOFEST Robolig Kamp\u0131&#8221; d\u00fczenleniyor. Kamptan edindikleri bilgi ve becerilerle TEKNOFEST\u2019in Robolig kategorisine kat\u0131lacak \u00f6\u011frenciler, \u00fclkemizi ulusal ve uluslararas\u0131 platformlarda temsil etme f\u0131rsat\u0131 bulacak.\u00a0 \u200bHaberin Al\u0131nt\u0131land\u0131\u011f\u0131 Kaynak: www.iskenderun.org\" \/>\n<meta property=\"og:url\" content=\"https:\/\/denizcankizil.tr\/de\/haberler\/gundem\/bilim-konyadan-yariyil-tatilinde-teknofest-robolig-kampi\/\" \/>\n<meta property=\"og:site_name\" content=\"Av. Deniz Can K\u0131z\u0131l\" \/>\n<meta property=\"article:published_time\" content=\"2025-01-24T06:41:37+00:00\" \/>\n<meta name=\"author\" content=\"admin\" \/>\n<meta name=\"twitter:card\" content=\"summary_large_image\" \/>\n<meta name=\"twitter:label1\" content=\"Verfasst von\" \/>\n\t<meta name=\"twitter:data1\" content=\"admin\" \/>\n\t<meta name=\"twitter:label2\" content=\"Gesch\u00e4tzte Lesezeit\" \/>\n\t<meta name=\"twitter:data2\" content=\"1\u00a0Minute\" \/>\n<script type=\"application\/ld+json\" class=\"yoast-schema-graph\">{\"@context\":\"https:\/\/schema.org\",\"@graph\":[{\"@type\":\"Article\",\"@id\":\"https:\/\/denizcankizil.tr\/en\/haberler\/gundem\/bilim-konyadan-yariyil-tatilinde-teknofest-robolig-kampi\/#article\",\"isPartOf\":{\"@id\":\"https:\/\/denizcankizil.tr\/en\/haberler\/gundem\/bilim-konyadan-yariyil-tatilinde-teknofest-robolig-kampi\/\"},\"author\":{\"name\":\"admin\",\"@id\":\"https:\/\/denizcankizil.tr\/#\/schema\/person\/be3c05fe6a12686905512445d8185489\"},\"headline\":\"Bilim Konya\u2019dan Yar\u0131y\u0131l Tatilinde \u201cTEKNOFEST Robolig Kamp\u0131&#8221;\",\"datePublished\":\"2025-01-24T06:41:37+00:00\",\"mainEntityOfPage\":{\"@id\":\"https:\/\/denizcankizil.tr\/en\/haberler\/gundem\/bilim-konyadan-yariyil-tatilinde-teknofest-robolig-kampi\/\"},\"wordCount\":136,\"commentCount\":0,\"publisher\":{\"@id\":\"https:\/\/denizcankizil.tr\/#organization\"},\"articleSection\":[\"G\u00fcndem\"],\"inLanguage\":\"de\",\"potentialAction\":[{\"@type\":\"CommentAction\",\"name\":\"Comment\",\"target\":[\"https:\/\/denizcankizil.tr\/en\/haberler\/gundem\/bilim-konyadan-yariyil-tatilinde-teknofest-robolig-kampi\/#respond\"]}]},{\"@type\":\"WebPage\",\"@id\":\"https:\/\/denizcankizil.tr\/en\/haberler\/gundem\/bilim-konyadan-yariyil-tatilinde-teknofest-robolig-kampi\/\",\"url\":\"https:\/\/denizcankizil.tr\/en\/haberler\/gundem\/bilim-konyadan-yariyil-tatilinde-teknofest-robolig-kampi\/\",\"name\":\"Bilim Konya\u2019dan Yar\u0131y\u0131l Tatilinde \u201cTEKNOFEST Robolig Kamp\u0131\\\" - Av. Deniz Can K\u0131z\u0131l\",\"isPartOf\":{\"@id\":\"https:\/\/denizcankizil.tr\/#website\"},\"datePublished\":\"2025-01-24T06:41:37+00:00\",\"breadcrumb\":{\"@id\":\"https:\/\/denizcankizil.tr\/en\/haberler\/gundem\/bilim-konyadan-yariyil-tatilinde-teknofest-robolig-kampi\/#breadcrumb\"},\"inLanguage\":\"de\",\"potentialAction\":[{\"@type\":\"ReadAction\",\"target\":[\"https:\/\/denizcankizil.tr\/en\/haberler\/gundem\/bilim-konyadan-yariyil-tatilinde-teknofest-robolig-kampi\/\"]}]},{\"@type\":\"BreadcrumbList\",\"@id\":\"https:\/\/denizcankizil.tr\/en\/haberler\/gundem\/bilim-konyadan-yariyil-tatilinde-teknofest-robolig-kampi\/#breadcrumb\",\"itemListElement\":[{\"@type\":\"ListItem\",\"position\":1,\"name\":\"Home\",\"item\":\"https:\/\/denizcankizil.tr\/de\/\"},{\"@type\":\"ListItem\",\"position\":2,\"name\":\"Bilim Konya\u2019dan Yar\u0131y\u0131l Tatilinde \u201cTEKNOFEST Robolig Kamp\u0131&#8221;\"}]},{\"@type\":\"WebSite\",\"@id\":\"https:\/\/denizcankizil.tr\/#website\",\"url\":\"https:\/\/denizcankizil.tr\/\",\"name\":\"Av. Deniz Can K\u0131z\u0131l\",\"description\":\"Avukat Deniz Can K\u0131z\u0131l Antalya Barosu\",\"publisher\":{\"@id\":\"https:\/\/denizcankizil.tr\/#organization\"},\"potentialAction\":[{\"@type\":\"SearchAction\",\"target\":{\"@type\":\"EntryPoint\",\"urlTemplate\":\"https:\/\/denizcankizil.tr\/?s={search_term_string}\"},\"query-input\":{\"@type\":\"PropertyValueSpecification\",\"valueRequired\":true,\"valueName\":\"search_term_string\"}}],\"inLanguage\":\"de\"},{\"@type\":\"Organization\",\"@id\":\"https:\/\/denizcankizil.tr\/#organization\",\"name\":\"Av. Deniz Can K\u0131z\u0131l\",\"url\":\"https:\/\/denizcankizil.tr\/\",\"logo\":{\"@type\":\"ImageObject\",\"inLanguage\":\"de\",\"@id\":\"https:\/\/denizcankizil.tr\/#\/schema\/logo\/image\/\",\"url\":\"http:\/\/denizcankizil.tr\/wp-content\/uploads\/2024\/10\/siyah-logo-svg.svg\",\"contentUrl\":\"http:\/\/denizcankizil.tr\/wp-content\/uploads\/2024\/10\/siyah-logo-svg.svg\",\"width\":1080,\"height\":1080,\"caption\":\"Av. Deniz Can K\u0131z\u0131l\"},\"image\":{\"@id\":\"https:\/\/denizcankizil.tr\/#\/schema\/logo\/image\/\"}},{\"@type\":\"Person\",\"@id\":\"https:\/\/denizcankizil.tr\/#\/schema\/person\/be3c05fe6a12686905512445d8185489\",\"name\":\"admin\",\"image\":{\"@type\":\"ImageObject\",\"inLanguage\":\"de\",\"@id\":\"https:\/\/denizcankizil.tr\/#\/schema\/person\/image\/\",\"url\":\"https:\/\/secure.gravatar.com\/avatar\/c1fce94c830dc79107e174f890d7210541c4a63e8e5d816341794a2151c9d58c?s=96&d=mm&r=g\",\"contentUrl\":\"https:\/\/secure.gravatar.com\/avatar\/c1fce94c830dc79107e174f890d7210541c4a63e8e5d816341794a2151c9d58c?s=96&d=mm&r=g\",\"caption\":\"admin\"},\"sameAs\":[\"http:\/\/denizcankizil.tr\"],\"url\":\"https:\/\/www.iskenderun.org\/bilim-konyadan-yariyil-tatilinde-teknofest-robolig-kampi\"}]}<\/script>\n<!-- \/ Yoast SEO Premium plugin. -->","yoast_head_json":{"title":"Bilim Konya\u2019dan Yar\u0131y\u0131l Tatilinde \u201cTEKNOFEST Robolig Kamp\u0131\" - Av. Deniz Can K\u0131z\u0131l","robots":{"index":"index","follow":"follow","max-snippet":"max-snippet:-1","max-image-preview":"max-image-preview:large","max-video-preview":"max-video-preview:-1"},"canonical":"https:\/\/denizcankizil.tr\/de\/haberler\/gundem\/bilim-konyadan-yariyil-tatilinde-teknofest-robolig-kampi\/","og_locale":"de_DE","og_type":"article","og_title":"Bilim Konya\u2019dan Yar\u0131y\u0131l Tatilinde \u201cTEKNOFEST Robolig Kamp\u0131\"","og_description":"Konya B\u00fcy\u00fck\u015fehir Belediyesi ve T3 Vakf\u0131 i\u015f birli\u011fiyle Milli Teknoloji Hamlesi vizyonuna katk\u0131 sunma hedefiyle hayata ge\u00e7irilen Bilim Konya\u2019da yar\u0131y\u0131l tatili dolay\u0131s\u0131yla &#8220;TEKNOFEST Robolig Kamp\u0131&#8221; d\u00fczenleniyor. Kamptan edindikleri bilgi ve becerilerle TEKNOFEST\u2019in Robolig kategorisine kat\u0131lacak \u00f6\u011frenciler, \u00fclkemizi ulusal ve uluslararas\u0131 platformlarda temsil etme f\u0131rsat\u0131 bulacak. \u200bKonya B\u00fcy\u00fck\u015fehir Belediyesi ve T3 Vakf\u0131 i\u015f birli\u011fiyle Milli Teknoloji Hamlesi vizyonuna katk\u0131 sunma hedefiyle hayata ge\u00e7irilen Bilim Konya\u2019da yar\u0131y\u0131l tatili dolay\u0131s\u0131yla &#8220;TEKNOFEST Robolig Kamp\u0131&#8221; d\u00fczenleniyor. Kamptan edindikleri bilgi ve becerilerle TEKNOFEST\u2019in Robolig kategorisine kat\u0131lacak \u00f6\u011frenciler, \u00fclkemizi ulusal ve uluslararas\u0131 platformlarda temsil etme f\u0131rsat\u0131 bulacak.\u00a0 \u200bHaberin Al\u0131nt\u0131land\u0131\u011f\u0131 Kaynak: www.iskenderun.org","og_url":"https:\/\/denizcankizil.tr\/de\/haberler\/gundem\/bilim-konyadan-yariyil-tatilinde-teknofest-robolig-kampi\/","og_site_name":"Av. Deniz Can K\u0131z\u0131l","article_published_time":"2025-01-24T06:41:37+00:00","author":"admin","twitter_card":"summary_large_image","twitter_misc":{"Verfasst von":"admin","Gesch\u00e4tzte Lesezeit":"1\u00a0Minute"},"schema":{"@context":"https:\/\/schema.org","@graph":[{"@type":"Article","@id":"https:\/\/denizcankizil.tr\/en\/haberler\/gundem\/bilim-konyadan-yariyil-tatilinde-teknofest-robolig-kampi\/#article","isPartOf":{"@id":"https:\/\/denizcankizil.tr\/en\/haberler\/gundem\/bilim-konyadan-yariyil-tatilinde-teknofest-robolig-kampi\/"},"author":{"name":"admin","@id":"https:\/\/denizcankizil.tr\/#\/schema\/person\/be3c05fe6a12686905512445d8185489"},"headline":"Bilim Konya\u2019dan Yar\u0131y\u0131l Tatilinde \u201cTEKNOFEST Robolig Kamp\u0131&#8221;","datePublished":"2025-01-24T06:41:37+00:00","mainEntityOfPage":{"@id":"https:\/\/denizcankizil.tr\/en\/haberler\/gundem\/bilim-konyadan-yariyil-tatilinde-teknofest-robolig-kampi\/"},"wordCount":136,"commentCount":0,"publisher":{"@id":"https:\/\/denizcankizil.tr\/#organization"},"articleSection":["G\u00fcndem"],"inLanguage":"de","potentialAction":[{"@type":"CommentAction","name":"Comment","target":["https:\/\/denizcankizil.tr\/en\/haberler\/gundem\/bilim-konyadan-yariyil-tatilinde-teknofest-robolig-kampi\/#respond"]}]},{"@type":"WebPage","@id":"https:\/\/denizcankizil.tr\/en\/haberler\/gundem\/bilim-konyadan-yariyil-tatilinde-teknofest-robolig-kampi\/","url":"https:\/\/denizcankizil.tr\/en\/haberler\/gundem\/bilim-konyadan-yariyil-tatilinde-teknofest-robolig-kampi\/","name":"Bilim Konya\u2019dan Yar\u0131y\u0131l Tatilinde \u201cTEKNOFEST Robolig Kamp\u0131\" - Av. Deniz Can K\u0131z\u0131l","isPartOf":{"@id":"https:\/\/denizcankizil.tr\/#website"},"datePublished":"2025-01-24T06:41:37+00:00","breadcrumb":{"@id":"https:\/\/denizcankizil.tr\/en\/haberler\/gundem\/bilim-konyadan-yariyil-tatilinde-teknofest-robolig-kampi\/#breadcrumb"},"inLanguage":"de","potentialAction":[{"@type":"ReadAction","target":["https:\/\/denizcankizil.tr\/en\/haberler\/gundem\/bilim-konyadan-yariyil-tatilinde-teknofest-robolig-kampi\/"]}]},{"@type":"BreadcrumbList","@id":"https:\/\/denizcankizil.tr\/en\/haberler\/gundem\/bilim-konyadan-yariyil-tatilinde-teknofest-robolig-kampi\/#breadcrumb","itemListElement":[{"@type":"ListItem","position":1,"name":"Home","item":"https:\/\/denizcankizil.tr\/de\/"},{"@type":"ListItem","position":2,"name":"Bilim Konya\u2019dan Yar\u0131y\u0131l Tatilinde \u201cTEKNOFEST Robolig Kamp\u0131&#8221;"}]},{"@type":"WebSite","@id":"https:\/\/denizcankizil.tr\/#website","url":"https:\/\/denizcankizil.tr\/","name":"Av. Deniz Can K\u0131z\u0131l","description":"Avukat Deniz Can K\u0131z\u0131l Antalya Barosu","publisher":{"@id":"https:\/\/denizcankizil.tr\/#organization"},"potentialAction":[{"@type":"SearchAction","target":{"@type":"EntryPoint","urlTemplate":"https:\/\/denizcankizil.tr\/?s={search_term_string}"},"query-input":{"@type":"PropertyValueSpecification","valueRequired":true,"valueName":"search_term_string"}}],"inLanguage":"de"},{"@type":"Organization","@id":"https:\/\/denizcankizil.tr\/#organization","name":"Av. Deniz Can K\u0131z\u0131l","url":"https:\/\/denizcankizil.tr\/","logo":{"@type":"ImageObject","inLanguage":"de","@id":"https:\/\/denizcankizil.tr\/#\/schema\/logo\/image\/","url":"http:\/\/denizcankizil.tr\/wp-content\/uploads\/2024\/10\/siyah-logo-svg.svg","contentUrl":"http:\/\/denizcankizil.tr\/wp-content\/uploads\/2024\/10\/siyah-logo-svg.svg","width":1080,"height":1080,"caption":"Av. Deniz Can K\u0131z\u0131l"},"image":{"@id":"https:\/\/denizcankizil.tr\/#\/schema\/logo\/image\/"}},{"@type":"Person","@id":"https:\/\/denizcankizil.tr\/#\/schema\/person\/be3c05fe6a12686905512445d8185489","name":"Administrator","image":{"@type":"ImageObject","inLanguage":"de","@id":"https:\/\/denizcankizil.tr\/#\/schema\/person\/image\/","url":"https:\/\/secure.gravatar.com\/avatar\/c1fce94c830dc79107e174f890d7210541c4a63e8e5d816341794a2151c9d58c?s=96&d=mm&r=g","contentUrl":"https:\/\/secure.gravatar.com\/avatar\/c1fce94c830dc79107e174f890d7210541c4a63e8e5d816341794a2151c9d58c?s=96&d=mm&r=g","caption":"admin"},"sameAs":["http:\/\/denizcankizil.tr"],"url":"https:\/\/www.iskenderun.org\/bilim-konyadan-yariyil-tatilinde-teknofest-robolig-kampi"}]}},"_links":{"self":[{"href":"http:\/\/denizcankizil.tr\/de\/wp-json\/wp\/v2\/posts\/27138","targetHints":{"allow":["GET"]}}],"collection":[{"href":"http:\/\/denizcankizil.tr\/de\/wp-json\/wp\/v2\/posts"}],"about":[{"href":"http:\/\/denizcankizil.tr\/de\/wp-json\/wp\/v2\/types\/post"}],"author":[{"embeddable":true,"href":"http:\/\/denizcankizil.tr\/de\/wp-json\/wp\/v2\/users\/1"}],"replies":[{"embeddable":true,"href":"http:\/\/denizcankizil.tr\/de\/wp-json\/wp\/v2\/comments?post=27138"}],"version-history":[{"count":0,"href":"http:\/\/denizcankizil.tr\/de\/wp-json\/wp\/v2\/posts\/27138\/revisions"}],"wp:attachment":[{"href":"http:\/\/denizcankizil.tr\/de\/wp-json\/wp\/v2\/media?parent=27138"}],"wp:term":[{"taxonomy":"category","embeddable":true,"href":"http:\/\/denizcankizil.tr\/de\/wp-json\/wp\/v2\/categories?post=27138"},{"taxonomy":"post_tag","embeddable":true,"href":"http:\/\/denizcankizil.tr\/de\/wp-json\/wp\/v2\/tags?post=27138"}],"curies":[{"name":"wp","href":"https:\/\/api.w.org\/{rel}","templated":true}]}}