{"id":26914,"date":"2025-01-23T12:41:50","date_gmt":"2025-01-23T09:41:50","guid":{"rendered":"https:\/\/denizcankizil.tr\/uncategorized-tr\/boluda-yasanan-felaketin-ardindan-antalyada-muhendislerden-onemli-aciklama\/"},"modified":"2025-01-23T12:41:50","modified_gmt":"2025-01-23T09:41:50","slug":"boluda-yasanan-felaketin-ardindan-antalyada-muhendislerden-onemli-aciklama","status":"publish","type":"post","link":"http:\/\/denizcankizil.tr\/de\/haberler\/gundem\/boluda-yasanan-felaketin-ardindan-antalyada-muhendislerden-onemli-aciklama\/","title":{"rendered":"Bolu\u2019da ya\u015fanan felaketin ard\u0131ndan Antalya\u2019da m\u00fchendislerden \u00f6nemli a\u00e7\u0131klama"},"content":{"rendered":"<p>Bolu\u2019da bir otelde ya\u015fanan yang\u0131n\u0131n ard\u0131ndan \u015fuana kadar 79 vatanda\u015f\u0131m\u0131z ya\u015fam\u0131n\u0131 yitirdi. K\u00fclt\u00fcr ve Turizm Bakanl\u0131\u011f\u0131 ile Bolu Belediyesi aras\u0131nda ya\u015fanan yetki tart\u0131\u015fmalar\u0131 devam ederken, Harita ve Kadastro M\u00fchendisleri Odas\u0131 Antalya \u015eube Y\u00f6netim Kurulu\u2019ndan \u00f6nemli a\u00e7\u0131klamalar geldi. \u015eube Y\u00f6netiminden yap\u0131lan yaz\u0131l\u0131 a\u00e7\u0131klamada, \u201cBu elim olay, yap\u0131 g\u00fcvenli\u011finin sa\u011flanmas\u0131 ve etkin bir ba\u011f\u0131ms\u0131z denetim mekanizmas\u0131n\u0131n olu\u015fturulmas\u0131n\u0131n hayati \u00f6nemini bir kez daha ortaya koymu\u015ftur\u201d denildi.<\/p>\n<p>FELAKET HEP\u0130M\u0130Z\u0130 DER\u0130NDEN SARSTI<\/p>\n<p>Bolu\u2019da ya\u015fanan felaketin ard\u0131ndan a\u00e7\u0131klamalar \u00fcst \u00fcste geliyor. Harita ve Kadastro M\u00fchendisleri Odas\u0131 Antalya \u015eube Y\u00f6netim Kurulu, felaketle ilgili yaz\u0131l\u0131 a\u00e7\u0131klama yapt\u0131. \u201cBolu\u2019da meydana gelen ve bir\u00e7ok vatanda\u015f\u0131m\u0131z\u0131n hayat\u0131n\u0131 kaybetmesine neden olan otel yang\u0131n\u0131, hepimizi derinden sarsm\u0131\u015ft\u0131r. Hayat\u0131n\u0131 kaybeden vatanda\u015flar\u0131m\u0131za Allah\u2019tan rahmet, yak\u0131nlar\u0131na sab\u0131r, yaral\u0131lar\u0131m\u0131za acil \u015fifalar diliyoruz. Bu elim olay, yap\u0131 g\u00fcvenli\u011finin sa\u011flanmas\u0131 ve etkin bir ba\u011f\u0131ms\u0131z denetim mekanizmas\u0131n\u0131n olu\u015fturulmas\u0131n\u0131n hayati \u00f6nemini bir kez daha ortaya koymu\u015ftur\u201d denilen a\u00e7\u0131klamada; \u201cNas\u0131l ki motorlu ta\u015f\u0131tlar\u0131n periyodik muayeneleri zorunlu tutuluyorsa, ayn\u0131 \u015fekilde binalar\u0131n da d\u00fczenli aral\u0131klarla kapsaml\u0131 denetimlerden ge\u00e7irilmesi ka\u00e7\u0131n\u0131lmaz bir gereklilik haline gelmi\u015ftir. Ancak bu denetimlerin yaln\u0131zca belediyeler veya valilikler taraf\u0131ndan imar mevzuat\u0131na uygunluk kontrolleriyle s\u0131n\u0131rl\u0131 kalmamas\u0131 gerekmektedir\u201d denildi.<\/p>\n<p>DENET\u0130M S\u00dcRE\u00c7LER\u0130<\/p>\n<p>\u201cDenetim s\u00fcre\u00e7leri, binalar\u0131n kullan\u0131m amac\u0131na ve \u00e7evresel ko\u015fullara uygun olarak; zorunlu s\u0131\u011f\u0131nak alanlar\u0131, yang\u0131n merdivenleri, yang\u0131n g\u00fcvenli\u011fi, acil \u00e7\u0131k\u0131\u015f yollar\u0131 ve di\u011fer kritik yap\u0131 unsurlar\u0131n\u0131 kapsayacak \u015fekilde geni\u015fletilmelidir\u201d \u015feklinde yap\u0131lan a\u00e7\u0131klamada; \u201cBu ba\u011flamda denetim mekanizmas\u0131n\u0131n ba\u011f\u0131ms\u0131zl\u0131\u011f\u0131 b\u00fcy\u00fck \u00f6nem ta\u015f\u0131maktad\u0131r. Noter sistemine benzer \u015fekilde, devletin yetkilendirdi\u011fi lisansl\u0131 ba\u011f\u0131ms\u0131z kurulu\u015flar taraf\u0131ndan y\u00fcr\u00fct\u00fclecek bir denetim modeli olu\u015fturulmal\u0131d\u0131r. Bu kurulu\u015flar\u0131n, ilgili meslek odalar\u0131yla koordinasyon i\u00e7erisinde, bilimsel standartlara, m\u00fchendislik eti\u011fine ve yap\u0131 g\u00fcvenli\u011fine uygun \u015fekilde \u00e7al\u0131\u015fmas\u0131 sa\u011flanmal\u0131d\u0131r. B\u00f6yle bir sistem, denetim s\u00fcre\u00e7lerine \u015feffafl\u0131k ve g\u00fcvenilirlik kazand\u0131racakt\u0131r\u201d denildi.<\/p>\n<p>BE\u011eIMSIZ DENET\u0130M KURULU\u015eLARINA VURGU YAPILDI<\/p>\n<p>A\u00e7\u0131klamada \u015fu ifadelere yer verildi: \u201cBa\u011f\u0131ms\u0131z denetim kurulu\u015flar\u0131 taraf\u0131ndan haz\u0131rlanacak raporlar yaln\u0131zca eksikliklerin tespitini de\u011fil, bu eksikliklerin nas\u0131l giderilece\u011fine dair yol g\u00f6sterici \u00e7\u00f6z\u00fcmleri de i\u00e7ermelidir. Tespit edilen eksikliklerin giderilmemesi durumunda ise cayd\u0131r\u0131c\u0131 cezai yapt\u0131r\u0131mlar uygulanmal\u0131d\u0131r. Bu yakla\u015f\u0131m, yap\u0131 g\u00fcvenli\u011fini tehdit eden unsurlar\u0131n etkin bir \u015fekilde ortadan kald\u0131r\u0131lmas\u0131n\u0131 sa\u011flayacakt\u0131r. Unutulmamal\u0131d\u0131r ki afetler ve kazalar \u00f6nlenebilir olaylard\u0131r. Bunun i\u00e7in gerekli tedbirlerin al\u0131nmas\u0131 ve denetim mekanizmalar\u0131n\u0131n s\u00fcreklilikle i\u015fletilmesi \u015fartt\u0131r. Yap\u0131lar yaln\u0131zca fiziksel varl\u0131klar de\u011fil, i\u00e7erisinde ya\u015fayan insanlar\u0131n g\u00fcvenli\u011fi ve ya\u015fam hakk\u0131n\u0131n birer teminat\u0131d\u0131r. Bu nedenle toplumsal bilin\u00e7lenme sa\u011flanmal\u0131 ve yap\u0131 g\u00fcvenli\u011fini oda\u011f\u0131na alan ba\u011f\u0131ms\u0131z bir denetim mekanizmas\u0131 ivedilikle hayata ge\u00e7irilmelidir. Harita ve Kadastro M\u00fchendisleri Odas\u0131 Antalya \u015eubesi olarak, bu t\u00fcr trajedilerin tekrar ya\u015fanmamas\u0131 ad\u0131na, yap\u0131lar\u0131n her an bir afete haz\u0131rl\u0131kl\u0131 olacak \u015fekilde g\u00fcvenli\u011fini sa\u011flayacak ba\u011f\u0131ms\u0131z bir denetim sisteminin olu\u015fturulmas\u0131 ve etkin bir \u015fekilde i\u015fletilmesi gerekti\u011fini bir kez daha vurguluyoruz.\u201d<\/p>\n<p>\u200bHarita ve Kadastro M\u00fchendisleri Odas\u0131 Antalya \u015eube Y\u00f6netim Kurulu\u2019ndan yap\u0131lan yaz\u0131l\u0131 a\u00e7\u0131klamada, Bolu\u2019da meydana gelen felaketin ard\u0131ndan bina denetimlerinin eksiksiz bir \u015fekilde yap\u0131lmas\u0131na y\u00f6nelik ad\u0131mlar\u0131n at\u0131lmas\u0131 istendi.\u00a0<\/p>\n<p>\u200bHaberin Al\u0131nt\u0131land\u0131\u011f\u0131 Kaynak: www.antalyakorfez.com<\/p>","protected":false},"excerpt":{"rendered":"<p>Bolu\u2019da bir otelde ya\u015fanan yang\u0131n\u0131n ard\u0131ndan \u015fuana kadar 79 vatanda\u015f\u0131m\u0131z ya\u015fam\u0131n\u0131 yitirdi. K\u00fclt\u00fcr ve Turizm Bakanl\u0131\u011f\u0131 ile Bolu Belediyesi aras\u0131nda ya\u015fanan yetki tart\u0131\u015fmalar\u0131 devam ederken, Harita ve Kadastro M\u00fchendisleri Odas\u0131 Antalya \u015eube Y\u00f6netim Kurulu\u2019ndan \u00f6nemli a\u00e7\u0131klamalar geldi. \u015eube Y\u00f6netiminden yap\u0131lan yaz\u0131l\u0131 a\u00e7\u0131klamada, \u201cBu elim olay, yap\u0131 g\u00fcvenli\u011finin sa\u011flanmas\u0131 ve etkin bir ba\u011f\u0131ms\u0131z denetim mekanizmas\u0131n\u0131n olu\u015fturulmas\u0131n\u0131n hayati \u00f6nemini bir kez daha ortaya koymu\u015ftur\u201d denildi. FELAKET HEP\u0130M\u0130Z\u0130 DER\u0130NDEN SARSTI Bolu\u2019da ya\u015fanan felaketin ard\u0131ndan a\u00e7\u0131klamalar \u00fcst \u00fcste geliyor. Harita ve Kadastro M\u00fchendisleri Odas\u0131 Antalya \u015eube Y\u00f6netim Kurulu, felaketle ilgili yaz\u0131l\u0131 a\u00e7\u0131klama yapt\u0131. \u201cBolu\u2019da meydana gelen ve bir\u00e7ok vatanda\u015f\u0131m\u0131z\u0131n hayat\u0131n\u0131 kaybetmesine neden olan otel yang\u0131n\u0131, hepimizi derinden sarsm\u0131\u015ft\u0131r. Hayat\u0131n\u0131 kaybeden vatanda\u015flar\u0131m\u0131za Allah\u2019tan rahmet, yak\u0131nlar\u0131na sab\u0131r, yaral\u0131lar\u0131m\u0131za acil \u015fifalar diliyoruz. Bu elim olay, yap\u0131 g\u00fcvenli\u011finin sa\u011flanmas\u0131 ve etkin bir ba\u011f\u0131ms\u0131z denetim mekanizmas\u0131n\u0131n olu\u015fturulmas\u0131n\u0131n hayati \u00f6nemini bir kez daha ortaya koymu\u015ftur\u201d denilen a\u00e7\u0131klamada; \u201cNas\u0131l ki motorlu ta\u015f\u0131tlar\u0131n periyodik muayeneleri zorunlu tutuluyorsa, ayn\u0131 \u015fekilde binalar\u0131n da d\u00fczenli aral\u0131klarla kapsaml\u0131 denetimlerden ge\u00e7irilmesi ka\u00e7\u0131n\u0131lmaz bir gereklilik haline gelmi\u015ftir. Ancak bu denetimlerin yaln\u0131zca belediyeler veya valilikler taraf\u0131ndan imar mevzuat\u0131na uygunluk kontrolleriyle s\u0131n\u0131rl\u0131 kalmamas\u0131 gerekmektedir\u201d denildi. DENET\u0130M S\u00dcRE\u00c7LER\u0130 \u201cDenetim s\u00fcre\u00e7leri, binalar\u0131n kullan\u0131m amac\u0131na ve \u00e7evresel ko\u015fullara uygun olarak; zorunlu s\u0131\u011f\u0131nak alanlar\u0131, yang\u0131n merdivenleri, yang\u0131n g\u00fcvenli\u011fi, acil \u00e7\u0131k\u0131\u015f yollar\u0131 ve di\u011fer kritik &hellip;<\/p>","protected":false},"author":5,"featured_media":0,"comment_status":"open","ping_status":"open","sticky":false,"template":"","format":"standard","meta":{"_acf_changed":false,"footnotes":""},"categories":[24],"tags":[],"class_list":["post-26914","post","type-post","status-publish","format-standard","has-post-thumbnail","hentry","category-gundem"],"acf":[],"yoast_head":"<!-- This site is optimized with the Yoast SEO Premium plugin v26.6 (Yoast SEO v27.1.1) - https:\/\/yoast.com\/product\/yoast-seo-premium-wordpress\/ -->\n<title>Bolu\u2019da ya\u015fanan felaketin ard\u0131ndan Antalya\u2019da m\u00fchendislerden \u00f6nemli a\u00e7\u0131klama - Av. Deniz Can K\u0131z\u0131l<\/title>\n<meta name=\"robots\" content=\"index, follow, max-snippet:-1, max-image-preview:large, max-video-preview:-1\" \/>\n<link rel=\"canonical\" href=\"http:\/\/denizcankizil.tr\/de\/haberler\/gundem\/boluda-yasanan-felaketin-ardindan-antalyada-muhendislerden-onemli-aciklama\/\" \/>\n<meta property=\"og:locale\" content=\"de_DE\" \/>\n<meta property=\"og:type\" content=\"article\" \/>\n<meta property=\"og:title\" content=\"Bolu\u2019da ya\u015fanan felaketin ard\u0131ndan Antalya\u2019da m\u00fchendislerden \u00f6nemli a\u00e7\u0131klama\" \/>\n<meta property=\"og:description\" content=\"Bolu\u2019da bir otelde ya\u015fanan yang\u0131n\u0131n ard\u0131ndan \u015fuana kadar 79 vatanda\u015f\u0131m\u0131z ya\u015fam\u0131n\u0131 yitirdi. K\u00fclt\u00fcr ve Turizm Bakanl\u0131\u011f\u0131 ile Bolu Belediyesi aras\u0131nda ya\u015fanan yetki tart\u0131\u015fmalar\u0131 devam ederken, Harita ve Kadastro M\u00fchendisleri Odas\u0131 Antalya \u015eube Y\u00f6netim Kurulu\u2019ndan \u00f6nemli a\u00e7\u0131klamalar geldi. \u015eube Y\u00f6netiminden yap\u0131lan yaz\u0131l\u0131 a\u00e7\u0131klamada, \u201cBu elim olay, yap\u0131 g\u00fcvenli\u011finin sa\u011flanmas\u0131 ve etkin bir ba\u011f\u0131ms\u0131z denetim mekanizmas\u0131n\u0131n olu\u015fturulmas\u0131n\u0131n hayati \u00f6nemini bir kez daha ortaya koymu\u015ftur\u201d denildi. FELAKET HEP\u0130M\u0130Z\u0130 DER\u0130NDEN SARSTI Bolu\u2019da ya\u015fanan felaketin ard\u0131ndan a\u00e7\u0131klamalar \u00fcst \u00fcste geliyor. Harita ve Kadastro M\u00fchendisleri Odas\u0131 Antalya \u015eube Y\u00f6netim Kurulu, felaketle ilgili yaz\u0131l\u0131 a\u00e7\u0131klama yapt\u0131. \u201cBolu\u2019da meydana gelen ve bir\u00e7ok vatanda\u015f\u0131m\u0131z\u0131n hayat\u0131n\u0131 kaybetmesine neden olan otel yang\u0131n\u0131, hepimizi derinden sarsm\u0131\u015ft\u0131r. Hayat\u0131n\u0131 kaybeden vatanda\u015flar\u0131m\u0131za Allah\u2019tan rahmet, yak\u0131nlar\u0131na sab\u0131r, yaral\u0131lar\u0131m\u0131za acil \u015fifalar diliyoruz. Bu elim olay, yap\u0131 g\u00fcvenli\u011finin sa\u011flanmas\u0131 ve etkin bir ba\u011f\u0131ms\u0131z denetim mekanizmas\u0131n\u0131n olu\u015fturulmas\u0131n\u0131n hayati \u00f6nemini bir kez daha ortaya koymu\u015ftur\u201d denilen a\u00e7\u0131klamada; \u201cNas\u0131l ki motorlu ta\u015f\u0131tlar\u0131n periyodik muayeneleri zorunlu tutuluyorsa, ayn\u0131 \u015fekilde binalar\u0131n da d\u00fczenli aral\u0131klarla kapsaml\u0131 denetimlerden ge\u00e7irilmesi ka\u00e7\u0131n\u0131lmaz bir gereklilik haline gelmi\u015ftir. Ancak bu denetimlerin yaln\u0131zca belediyeler veya valilikler taraf\u0131ndan imar mevzuat\u0131na uygunluk kontrolleriyle s\u0131n\u0131rl\u0131 kalmamas\u0131 gerekmektedir\u201d denildi. DENET\u0130M S\u00dcRE\u00c7LER\u0130 \u201cDenetim s\u00fcre\u00e7leri, binalar\u0131n kullan\u0131m amac\u0131na ve \u00e7evresel ko\u015fullara uygun olarak; zorunlu s\u0131\u011f\u0131nak alanlar\u0131, yang\u0131n merdivenleri, yang\u0131n g\u00fcvenli\u011fi, acil \u00e7\u0131k\u0131\u015f yollar\u0131 ve di\u011fer kritik &hellip;\" \/>\n<meta property=\"og:url\" content=\"http:\/\/denizcankizil.tr\/de\/haberler\/gundem\/boluda-yasanan-felaketin-ardindan-antalyada-muhendislerden-onemli-aciklama\/\" \/>\n<meta property=\"og:site_name\" content=\"Av. Deniz Can K\u0131z\u0131l\" \/>\n<meta property=\"article:published_time\" content=\"2025-01-23T09:41:50+00:00\" \/>\n<meta name=\"author\" content=\"Antalya K\u00f6rfez\" \/>\n<meta name=\"twitter:card\" content=\"summary_large_image\" \/>\n<meta name=\"twitter:label1\" content=\"Verfasst von\" \/>\n\t<meta name=\"twitter:data1\" content=\"Antalya K\u00f6rfez\" \/>\n\t<meta name=\"twitter:label2\" content=\"Gesch\u00e4tzte Lesezeit\" \/>\n\t<meta name=\"twitter:data2\" content=\"3\u00a0Minuten\" \/>\n<script type=\"application\/ld+json\" class=\"yoast-schema-graph\">{\"@context\":\"https:\/\/schema.org\",\"@graph\":[{\"@type\":\"Article\",\"@id\":\"http:\/\/denizcankizil.tr\/de\/haberler\/gundem\/boluda-yasanan-felaketin-ardindan-antalyada-muhendislerden-onemli-aciklama\/#article\",\"isPartOf\":{\"@id\":\"http:\/\/denizcankizil.tr\/de\/haberler\/gundem\/boluda-yasanan-felaketin-ardindan-antalyada-muhendislerden-onemli-aciklama\/\"},\"author\":{\"name\":\"Antalya K\u00f6rfez\",\"@id\":\"https:\/\/denizcankizil.tr\/de\/#\/schema\/person\/e1eb71bb4dd684d46563f0af307e1234\"},\"headline\":\"Bolu\u2019da ya\u015fanan felaketin ard\u0131ndan Antalya\u2019da m\u00fchendislerden \u00f6nemli a\u00e7\u0131klama\",\"datePublished\":\"2025-01-23T09:41:50+00:00\",\"mainEntityOfPage\":{\"@id\":\"http:\/\/denizcankizil.tr\/de\/haberler\/gundem\/boluda-yasanan-felaketin-ardindan-antalyada-muhendislerden-onemli-aciklama\/\"},\"wordCount\":690,\"commentCount\":0,\"publisher\":{\"@id\":\"https:\/\/denizcankizil.tr\/de\/#organization\"},\"articleSection\":[\"G\u00fcndem\"],\"inLanguage\":\"de\",\"potentialAction\":[{\"@type\":\"CommentAction\",\"name\":\"Comment\",\"target\":[\"http:\/\/denizcankizil.tr\/de\/haberler\/gundem\/boluda-yasanan-felaketin-ardindan-antalyada-muhendislerden-onemli-aciklama\/#respond\"]}]},{\"@type\":\"WebPage\",\"@id\":\"http:\/\/denizcankizil.tr\/de\/haberler\/gundem\/boluda-yasanan-felaketin-ardindan-antalyada-muhendislerden-onemli-aciklama\/\",\"url\":\"http:\/\/denizcankizil.tr\/de\/haberler\/gundem\/boluda-yasanan-felaketin-ardindan-antalyada-muhendislerden-onemli-aciklama\/\",\"name\":\"Bolu\u2019da ya\u015fanan felaketin ard\u0131ndan Antalya\u2019da m\u00fchendislerden \u00f6nemli a\u00e7\u0131klama - Av. Deniz Can K\u0131z\u0131l\",\"isPartOf\":{\"@id\":\"https:\/\/denizcankizil.tr\/de\/#website\"},\"datePublished\":\"2025-01-23T09:41:50+00:00\",\"breadcrumb\":{\"@id\":\"http:\/\/denizcankizil.tr\/de\/haberler\/gundem\/boluda-yasanan-felaketin-ardindan-antalyada-muhendislerden-onemli-aciklama\/#breadcrumb\"},\"inLanguage\":\"de\",\"potentialAction\":[{\"@type\":\"ReadAction\",\"target\":[\"http:\/\/denizcankizil.tr\/de\/haberler\/gundem\/boluda-yasanan-felaketin-ardindan-antalyada-muhendislerden-onemli-aciklama\/\"]}]},{\"@type\":\"BreadcrumbList\",\"@id\":\"http:\/\/denizcankizil.tr\/de\/haberler\/gundem\/boluda-yasanan-felaketin-ardindan-antalyada-muhendislerden-onemli-aciklama\/#breadcrumb\",\"itemListElement\":[{\"@type\":\"ListItem\",\"position\":1,\"name\":\"Home\",\"item\":\"https:\/\/denizcankizil.tr\/de\/\"},{\"@type\":\"ListItem\",\"position\":2,\"name\":\"Bolu\u2019da ya\u015fanan felaketin ard\u0131ndan Antalya\u2019da m\u00fchendislerden \u00f6nemli a\u00e7\u0131klama\"}]},{\"@type\":\"WebSite\",\"@id\":\"https:\/\/denizcankizil.tr\/de\/#website\",\"url\":\"https:\/\/denizcankizil.tr\/de\/\",\"name\":\"Av. Deniz Can K\u0131z\u0131l\",\"description\":\"Avukat Deniz Can K\u0131z\u0131l Antalya Barosu\",\"publisher\":{\"@id\":\"https:\/\/denizcankizil.tr\/de\/#organization\"},\"potentialAction\":[{\"@type\":\"SearchAction\",\"target\":{\"@type\":\"EntryPoint\",\"urlTemplate\":\"https:\/\/denizcankizil.tr\/de\/?s={search_term_string}\"},\"query-input\":{\"@type\":\"PropertyValueSpecification\",\"valueRequired\":true,\"valueName\":\"search_term_string\"}}],\"inLanguage\":\"de\"},{\"@type\":\"Organization\",\"@id\":\"https:\/\/denizcankizil.tr\/de\/#organization\",\"name\":\"Av. Deniz Can K\u0131z\u0131l\",\"url\":\"https:\/\/denizcankizil.tr\/de\/\",\"logo\":{\"@type\":\"ImageObject\",\"inLanguage\":\"de\",\"@id\":\"https:\/\/denizcankizil.tr\/de\/#\/schema\/logo\/image\/\",\"url\":\"http:\/\/denizcankizil.tr\/wp-content\/uploads\/2024\/10\/siyah-logo-svg.svg\",\"contentUrl\":\"http:\/\/denizcankizil.tr\/wp-content\/uploads\/2024\/10\/siyah-logo-svg.svg\",\"width\":1080,\"height\":1080,\"caption\":\"Av. Deniz Can K\u0131z\u0131l\"},\"image\":{\"@id\":\"https:\/\/denizcankizil.tr\/de\/#\/schema\/logo\/image\/\"}},{\"@type\":\"Person\",\"@id\":\"https:\/\/denizcankizil.tr\/de\/#\/schema\/person\/e1eb71bb4dd684d46563f0af307e1234\",\"name\":\"Antalya K\u00f6rfez\",\"image\":{\"@type\":\"ImageObject\",\"inLanguage\":\"de\",\"@id\":\"https:\/\/denizcankizil.tr\/de\/#\/schema\/person\/image\/\",\"url\":\"https:\/\/secure.gravatar.com\/avatar\/42b01982558a48a0b501fdcab6a408d3717ea5919095ee2e67b0e521799c5905?s=96&d=mm&r=g\",\"contentUrl\":\"https:\/\/secure.gravatar.com\/avatar\/42b01982558a48a0b501fdcab6a408d3717ea5919095ee2e67b0e521799c5905?s=96&d=mm&r=g\",\"caption\":\"Antalya K\u00f6rfez\"},\"sameAs\":[\"http:\/\/www.antalyakorfez.com\"],\"url\":\"https:\/\/www.antalyakorfez.com\/boluda-yasanan-felaketin-ardindan-antalyada-muhendislerden-onemli-aciklama\"}]}<\/script>\n<!-- \/ Yoast SEO Premium plugin. -->","yoast_head_json":{"title":"Bolu\u2019da ya\u015fanan felaketin ard\u0131ndan Antalya\u2019da m\u00fchendislerden \u00f6nemli a\u00e7\u0131klama - Av. Deniz Can K\u0131z\u0131l","robots":{"index":"index","follow":"follow","max-snippet":"max-snippet:-1","max-image-preview":"max-image-preview:large","max-video-preview":"max-video-preview:-1"},"canonical":"http:\/\/denizcankizil.tr\/de\/haberler\/gundem\/boluda-yasanan-felaketin-ardindan-antalyada-muhendislerden-onemli-aciklama\/","og_locale":"de_DE","og_type":"article","og_title":"Bolu\u2019da ya\u015fanan felaketin ard\u0131ndan Antalya\u2019da m\u00fchendislerden \u00f6nemli a\u00e7\u0131klama","og_description":"Bolu\u2019da bir otelde ya\u015fanan yang\u0131n\u0131n ard\u0131ndan \u015fuana kadar 79 vatanda\u015f\u0131m\u0131z ya\u015fam\u0131n\u0131 yitirdi. K\u00fclt\u00fcr ve Turizm Bakanl\u0131\u011f\u0131 ile Bolu Belediyesi aras\u0131nda ya\u015fanan yetki tart\u0131\u015fmalar\u0131 devam ederken, Harita ve Kadastro M\u00fchendisleri Odas\u0131 Antalya \u015eube Y\u00f6netim Kurulu\u2019ndan \u00f6nemli a\u00e7\u0131klamalar geldi. \u015eube Y\u00f6netiminden yap\u0131lan yaz\u0131l\u0131 a\u00e7\u0131klamada, \u201cBu elim olay, yap\u0131 g\u00fcvenli\u011finin sa\u011flanmas\u0131 ve etkin bir ba\u011f\u0131ms\u0131z denetim mekanizmas\u0131n\u0131n olu\u015fturulmas\u0131n\u0131n hayati \u00f6nemini bir kez daha ortaya koymu\u015ftur\u201d denildi. FELAKET HEP\u0130M\u0130Z\u0130 DER\u0130NDEN SARSTI Bolu\u2019da ya\u015fanan felaketin ard\u0131ndan a\u00e7\u0131klamalar \u00fcst \u00fcste geliyor. Harita ve Kadastro M\u00fchendisleri Odas\u0131 Antalya \u015eube Y\u00f6netim Kurulu, felaketle ilgili yaz\u0131l\u0131 a\u00e7\u0131klama yapt\u0131. \u201cBolu\u2019da meydana gelen ve bir\u00e7ok vatanda\u015f\u0131m\u0131z\u0131n hayat\u0131n\u0131 kaybetmesine neden olan otel yang\u0131n\u0131, hepimizi derinden sarsm\u0131\u015ft\u0131r. Hayat\u0131n\u0131 kaybeden vatanda\u015flar\u0131m\u0131za Allah\u2019tan rahmet, yak\u0131nlar\u0131na sab\u0131r, yaral\u0131lar\u0131m\u0131za acil \u015fifalar diliyoruz. Bu elim olay, yap\u0131 g\u00fcvenli\u011finin sa\u011flanmas\u0131 ve etkin bir ba\u011f\u0131ms\u0131z denetim mekanizmas\u0131n\u0131n olu\u015fturulmas\u0131n\u0131n hayati \u00f6nemini bir kez daha ortaya koymu\u015ftur\u201d denilen a\u00e7\u0131klamada; \u201cNas\u0131l ki motorlu ta\u015f\u0131tlar\u0131n periyodik muayeneleri zorunlu tutuluyorsa, ayn\u0131 \u015fekilde binalar\u0131n da d\u00fczenli aral\u0131klarla kapsaml\u0131 denetimlerden ge\u00e7irilmesi ka\u00e7\u0131n\u0131lmaz bir gereklilik haline gelmi\u015ftir. Ancak bu denetimlerin yaln\u0131zca belediyeler veya valilikler taraf\u0131ndan imar mevzuat\u0131na uygunluk kontrolleriyle s\u0131n\u0131rl\u0131 kalmamas\u0131 gerekmektedir\u201d denildi. DENET\u0130M S\u00dcRE\u00c7LER\u0130 \u201cDenetim s\u00fcre\u00e7leri, binalar\u0131n kullan\u0131m amac\u0131na ve \u00e7evresel ko\u015fullara uygun olarak; zorunlu s\u0131\u011f\u0131nak alanlar\u0131, yang\u0131n merdivenleri, yang\u0131n g\u00fcvenli\u011fi, acil \u00e7\u0131k\u0131\u015f yollar\u0131 ve di\u011fer kritik &hellip;","og_url":"http:\/\/denizcankizil.tr\/de\/haberler\/gundem\/boluda-yasanan-felaketin-ardindan-antalyada-muhendislerden-onemli-aciklama\/","og_site_name":"Av. Deniz Can K\u0131z\u0131l","article_published_time":"2025-01-23T09:41:50+00:00","author":"Antalya K\u00f6rfez","twitter_card":"summary_large_image","twitter_misc":{"Verfasst von":"Antalya K\u00f6rfez","Gesch\u00e4tzte Lesezeit":"3\u00a0Minuten"},"schema":{"@context":"https:\/\/schema.org","@graph":[{"@type":"Article","@id":"http:\/\/denizcankizil.tr\/de\/haberler\/gundem\/boluda-yasanan-felaketin-ardindan-antalyada-muhendislerden-onemli-aciklama\/#article","isPartOf":{"@id":"http:\/\/denizcankizil.tr\/de\/haberler\/gundem\/boluda-yasanan-felaketin-ardindan-antalyada-muhendislerden-onemli-aciklama\/"},"author":{"name":"Antalya K\u00f6rfez","@id":"https:\/\/denizcankizil.tr\/de\/#\/schema\/person\/e1eb71bb4dd684d46563f0af307e1234"},"headline":"Bolu\u2019da ya\u015fanan felaketin ard\u0131ndan Antalya\u2019da m\u00fchendislerden \u00f6nemli a\u00e7\u0131klama","datePublished":"2025-01-23T09:41:50+00:00","mainEntityOfPage":{"@id":"http:\/\/denizcankizil.tr\/de\/haberler\/gundem\/boluda-yasanan-felaketin-ardindan-antalyada-muhendislerden-onemli-aciklama\/"},"wordCount":690,"commentCount":0,"publisher":{"@id":"https:\/\/denizcankizil.tr\/de\/#organization"},"articleSection":["G\u00fcndem"],"inLanguage":"de","potentialAction":[{"@type":"CommentAction","name":"Comment","target":["http:\/\/denizcankizil.tr\/de\/haberler\/gundem\/boluda-yasanan-felaketin-ardindan-antalyada-muhendislerden-onemli-aciklama\/#respond"]}]},{"@type":"WebPage","@id":"http:\/\/denizcankizil.tr\/de\/haberler\/gundem\/boluda-yasanan-felaketin-ardindan-antalyada-muhendislerden-onemli-aciklama\/","url":"http:\/\/denizcankizil.tr\/de\/haberler\/gundem\/boluda-yasanan-felaketin-ardindan-antalyada-muhendislerden-onemli-aciklama\/","name":"Bolu\u2019da ya\u015fanan felaketin ard\u0131ndan Antalya\u2019da m\u00fchendislerden \u00f6nemli a\u00e7\u0131klama - Av. Deniz Can K\u0131z\u0131l","isPartOf":{"@id":"https:\/\/denizcankizil.tr\/de\/#website"},"datePublished":"2025-01-23T09:41:50+00:00","breadcrumb":{"@id":"http:\/\/denizcankizil.tr\/de\/haberler\/gundem\/boluda-yasanan-felaketin-ardindan-antalyada-muhendislerden-onemli-aciklama\/#breadcrumb"},"inLanguage":"de","potentialAction":[{"@type":"ReadAction","target":["http:\/\/denizcankizil.tr\/de\/haberler\/gundem\/boluda-yasanan-felaketin-ardindan-antalyada-muhendislerden-onemli-aciklama\/"]}]},{"@type":"BreadcrumbList","@id":"http:\/\/denizcankizil.tr\/de\/haberler\/gundem\/boluda-yasanan-felaketin-ardindan-antalyada-muhendislerden-onemli-aciklama\/#breadcrumb","itemListElement":[{"@type":"ListItem","position":1,"name":"Home","item":"https:\/\/denizcankizil.tr\/de\/"},{"@type":"ListItem","position":2,"name":"Bolu\u2019da ya\u015fanan felaketin ard\u0131ndan Antalya\u2019da m\u00fchendislerden \u00f6nemli a\u00e7\u0131klama"}]},{"@type":"WebSite","@id":"https:\/\/denizcankizil.tr\/de\/#website","url":"https:\/\/denizcankizil.tr\/de\/","name":"Av. Deniz Can K\u0131z\u0131l","description":"Avukat Deniz Can K\u0131z\u0131l Antalya Barosu","publisher":{"@id":"https:\/\/denizcankizil.tr\/de\/#organization"},"potentialAction":[{"@type":"SearchAction","target":{"@type":"EntryPoint","urlTemplate":"https:\/\/denizcankizil.tr\/de\/?s={search_term_string}"},"query-input":{"@type":"PropertyValueSpecification","valueRequired":true,"valueName":"search_term_string"}}],"inLanguage":"de"},{"@type":"Organization","@id":"https:\/\/denizcankizil.tr\/de\/#organization","name":"Av. Deniz Can K\u0131z\u0131l","url":"https:\/\/denizcankizil.tr\/de\/","logo":{"@type":"ImageObject","inLanguage":"de","@id":"https:\/\/denizcankizil.tr\/de\/#\/schema\/logo\/image\/","url":"http:\/\/denizcankizil.tr\/wp-content\/uploads\/2024\/10\/siyah-logo-svg.svg","contentUrl":"http:\/\/denizcankizil.tr\/wp-content\/uploads\/2024\/10\/siyah-logo-svg.svg","width":1080,"height":1080,"caption":"Av. Deniz Can K\u0131z\u0131l"},"image":{"@id":"https:\/\/denizcankizil.tr\/de\/#\/schema\/logo\/image\/"}},{"@type":"Person","@id":"https:\/\/denizcankizil.tr\/de\/#\/schema\/person\/e1eb71bb4dd684d46563f0af307e1234","name":"Antalya K\u00f6rfez","image":{"@type":"ImageObject","inLanguage":"de","@id":"https:\/\/denizcankizil.tr\/de\/#\/schema\/person\/image\/","url":"https:\/\/secure.gravatar.com\/avatar\/42b01982558a48a0b501fdcab6a408d3717ea5919095ee2e67b0e521799c5905?s=96&d=mm&r=g","contentUrl":"https:\/\/secure.gravatar.com\/avatar\/42b01982558a48a0b501fdcab6a408d3717ea5919095ee2e67b0e521799c5905?s=96&d=mm&r=g","caption":"Antalya K\u00f6rfez"},"sameAs":["http:\/\/www.antalyakorfez.com"],"url":"https:\/\/www.antalyakorfez.com\/boluda-yasanan-felaketin-ardindan-antalyada-muhendislerden-onemli-aciklama"}]}},"_links":{"self":[{"href":"http:\/\/denizcankizil.tr\/de\/wp-json\/wp\/v2\/posts\/26914","targetHints":{"allow":["GET"]}}],"collection":[{"href":"http:\/\/denizcankizil.tr\/de\/wp-json\/wp\/v2\/posts"}],"about":[{"href":"http:\/\/denizcankizil.tr\/de\/wp-json\/wp\/v2\/types\/post"}],"author":[{"embeddable":true,"href":"http:\/\/denizcankizil.tr\/de\/wp-json\/wp\/v2\/users\/5"}],"replies":[{"embeddable":true,"href":"http:\/\/denizcankizil.tr\/de\/wp-json\/wp\/v2\/comments?post=26914"}],"version-history":[{"count":0,"href":"http:\/\/denizcankizil.tr\/de\/wp-json\/wp\/v2\/posts\/26914\/revisions"}],"wp:attachment":[{"href":"http:\/\/denizcankizil.tr\/de\/wp-json\/wp\/v2\/media?parent=26914"}],"wp:term":[{"taxonomy":"category","embeddable":true,"href":"http:\/\/denizcankizil.tr\/de\/wp-json\/wp\/v2\/categories?post=26914"},{"taxonomy":"post_tag","embeddable":true,"href":"http:\/\/denizcankizil.tr\/de\/wp-json\/wp\/v2\/tags?post=26914"}],"curies":[{"name":"wp","href":"https:\/\/api.w.org\/{rel}","templated":true}]}}