{"id":26814,"date":"2025-01-22T20:41:14","date_gmt":"2025-01-22T17:41:14","guid":{"rendered":"https:\/\/denizcankizil.tr\/uncategorized-tr\/o-firmadan-tavuklu-tir-icin-aciklama-geldi\/"},"modified":"2025-01-22T20:41:14","modified_gmt":"2025-01-22T17:41:14","slug":"o-firmadan-tavuklu-tir-icin-aciklama-geldi","status":"publish","type":"post","link":"http:\/\/denizcankizil.tr\/de\/haberler\/gundem\/o-firmadan-tavuklu-tir-icin-aciklama-geldi\/","title":{"rendered":"O firmadan &#8216;tavuklu TIR&#8217; i\u00e7in a\u00e7\u0131klama geldi"},"content":{"rendered":"<p>Bolu\u2019nun Kartalkaya Kayak Merkezi&#8217;nde bulunan Grand Kartal Otel&#8217;de \u00e7\u0131kan yang\u0131nda 79 ki\u015fi hayat\u0131n\u0131 kaybetti. Ya\u015fanan facia nedeniyle morglar\u0131n dolmas\u0131 sonucu b\u00f6lgeye so\u011fuk hava depolu TIR\u2019lar g\u00f6nderildi. Fakat TIR\u2019lar\u0131n \u00fczerindeki \u201ctavuk ve pili\u00e7\u201d g\u00f6rselleri tepki toplad\u0131. Olaylar\u0131n b\u00fcy\u00fcmesinin ard\u0131ndan \u015firket konuyla alakal\u0131 a\u00e7\u0131klama yapt\u0131. Yap\u0131lan a\u00e7\u0131klamada, &#8220;Bu gibi olaylarda bilindi\u011fi gibi zamanla yar\u0131\u015f\u0131lmas\u0131 ve h\u0131zl\u0131 aksiyon al\u0131nmas\u0131 olduk\u00e7a \u00f6nemlidir. \u00d6nceli\u011fimiz h\u0131zl\u0131 destek sa\u011flamak oldu\u011fu i\u00e7in ilk etapta ara\u00e7 \u00fczeri giydirmeler ile zaman kaybedilmemi\u015ftir fakat devam\u0131nda yola \u00e7\u0131kan ekip arkada\u015flar\u0131m\u0131z, olay yerine ula\u015fan ara\u00e7lar\u0131m\u0131z\u0131n \u00fczerinde yer alan logolar\u0131 kapatm\u0131\u015flard\u0131r\u201d denildi.\u00a0<\/p>\n<p>\u00d6L\u00dc SAYISI 79 OLDU\u00a0<\/p>\n<p>Bolu&#8217;da k\u0131\u015f turizmi i\u00e7in \u00f6nemli bir yer olan Kartalkaya Kayak Merkezi&#8217;nde bulunan Grand Kartal Otel&#8217;de ge\u00e7ti\u011fimiz gece \u00e7\u0131kan yang\u0131nda 79 ki\u015fi \u00f6ld\u00fc, 51 ki\u015fi de yaraland\u0131. Facian\u0131n ard\u0131ndan 1 g\u00fcnl\u00fck milli yas ilan edildi.\u00a0<\/p>\n<p>ARA\u00c7LAR TEPK\u0130 \u00c7EKT\u0130\u00a0<\/p>\n<p>Yang\u0131nda hayat\u0131n\u0131 kaybedenler, Bolu Abant \u0130zzet Baysal E\u011fitim ve Ara\u015ft\u0131rma Hastanesi&#8217;nin morguna kald\u0131r\u0131ld\u0131. Fakat \u00f6lenlerin say\u0131s\u0131n\u0131n her ge\u00e7en dakika artmas\u0131 sonras\u0131 hastanenin morgu doldu. Bunun \u00fczerine cans\u0131z bedenlerin korunmas\u0131 i\u00e7in so\u011fuk hava depolu TIR\u2019lar getirildi. Fakat gelen bu TIR\u2019lar\u0131n \u00fczerindeki \u201ck\u0131zarm\u0131\u015f tavuk\u201d g\u00f6rselleri b\u00fcy\u00fck tepki toplad\u0131. \u00a0<\/p>\n<p>\u0130LK ETAPTA ARACIN G\u00d6RSELLER\u0130 KAPATILMADI\u00a0<\/p>\n<p>Olay\u0131n b\u00fcy\u00fcmesi \u00fczerine \u015firketten a\u00e7\u0131klama geldi. \u015eirket a\u00e7\u0131klamas\u0131nda h\u0131zl\u0131 olmak i\u00e7in b\u00f6lgeye apar topar ara\u00e7 g\u00f6nderdiklerini ve bu y\u00fczden ilk etapta ara\u00e7lar\u0131n \u00fcstlerindeki g\u00f6rsellerin kapat\u0131lamad\u0131\u011f\u0131n\u0131 fakat ilerleyen saatlerde g\u00f6rsellerin kapat\u0131ld\u0131\u011f\u0131n\u0131 s\u00f6yledi.<\/p>\n<p>\u015e\u0130RKETTEN YAPILAN A\u00c7IKLAMA<\/p>\n<p>\u015eirket taraf\u0131ndan yap\u0131lan a\u00e7\u0131klamada; &#8220;De\u011ferli Vatanda\u015flar\u0131m\u0131z, Bolu Kartalkaya&#8217;da ya\u015fanan ve hepimizi derinden sarsan elim olayda hayat\u0131n\u0131 kaybeden vatanda\u015flar\u0131m\u0131z\u0131n ac\u0131s\u0131yla doluyuz. Elim olay sonras\u0131 resmi kurumlardan gelen talep \u00fczerine: so\u011fuk hava sistemine sahip ara\u00e7lar\u0131m\u0131z\u0131 toplumsal dayan\u0131\u015fma anlay\u0131\u015f\u0131m\u0131zla olay yerine g\u00f6nderdik. Bu gibi olaylarda bilindi\u011fi gibi zamanla yar\u0131\u015f\u0131lmas\u0131 ve h\u0131zl\u0131 aksiyon al\u0131nmas\u0131 olduk\u00e7a \u00f6nemlidir. \u00d6nceli\u011fimiz h\u0131zl\u0131 destek sa\u011flamak oldu\u011fu i\u00e7in ilk etapta ara\u00e7 \u00fczeri giydirmeler ile zaman kaybedilmemi\u015ftir fakat devam\u0131nda yola \u00e7\u0131kan ekip arkada\u015flar\u0131m\u0131z, olay yerine ula\u015fan ara\u00e7lar\u0131m\u0131z\u0131n \u00fczerinde yer alan logolar\u0131 kapatm\u0131\u015flard\u0131r. Ancak bas\u0131n mensuplar\u0131n\u0131n, ara\u00e7lar\u0131m\u0131z\u0131n \u00fcst\u00fc kapat\u0131lmadan \u00f6nce \u00e7ekilmi\u015f foto\u011fraflar\u0131 servis etmeleri duyarl\u0131 vatanda\u015flar\u0131m\u0131z\u0131 ve sadece yard\u0131m amac\u0131 ile orada bulunan kurumumuzu derinden \u00fczm\u00fc\u015ft\u00fcr. Markam\u0131z\u0131n, toplumumuzu yaralayan bu t\u00fcr ac\u0131l\u0131 olaylardan reklam ama\u00e7l\u0131 yararlanmas\u0131 asla s\u00f6z konusu olamaz. Hayat\u0131n\u0131 kaybeden vatanda\u015flar\u0131m\u0131za Allah&#8217;tan rahmet, ailelerine ve yak\u0131nlar\u0131na ba\u015fsa\u011fl\u0131\u011f\u0131, yaral\u0131 vatanda\u015flar\u0131m\u0131za acil \u015fifalar diliyoruz. Sayg\u0131lar\u0131m\u0131zla\u201d denildi.\u00a0<\/p>\n<p>\u200bBolu\u2019da \u00e7\u0131kan yang\u0131nda hayat\u0131 kaybedenlerin bir k\u0131sm\u0131 so\u011fuk hava depolu TIR\u2019larla ta\u015f\u0131nd\u0131. Bir tavuk firmas\u0131na ait TIR g\u00f6r\u00fcnt\u00fcleri tepki \u00e7ekti. O tavuk firmas\u0131 konuyla ilgili a\u00e7\u0131klama yapt\u0131\u00a0<\/p>\n<p>\u200bHaberin Al\u0131nt\u0131land\u0131\u011f\u0131 Kaynak: www.antalyakorfez.com<\/p>","protected":false},"excerpt":{"rendered":"<p>Bolu\u2019nun Kartalkaya Kayak Merkezi&#8217;nde bulunan Grand Kartal Otel&#8217;de \u00e7\u0131kan yang\u0131nda 79 ki\u015fi hayat\u0131n\u0131 kaybetti. Ya\u015fanan facia nedeniyle morglar\u0131n dolmas\u0131 sonucu b\u00f6lgeye so\u011fuk hava depolu TIR\u2019lar g\u00f6nderildi. Fakat TIR\u2019lar\u0131n \u00fczerindeki \u201ctavuk ve pili\u00e7\u201d g\u00f6rselleri tepki toplad\u0131. Olaylar\u0131n b\u00fcy\u00fcmesinin ard\u0131ndan \u015firket konuyla alakal\u0131 a\u00e7\u0131klama yapt\u0131. Yap\u0131lan a\u00e7\u0131klamada, &#8220;Bu gibi olaylarda bilindi\u011fi gibi zamanla yar\u0131\u015f\u0131lmas\u0131 ve h\u0131zl\u0131 aksiyon al\u0131nmas\u0131 olduk\u00e7a \u00f6nemlidir. \u00d6nceli\u011fimiz h\u0131zl\u0131 destek sa\u011flamak oldu\u011fu i\u00e7in ilk etapta ara\u00e7 \u00fczeri giydirmeler ile zaman kaybedilmemi\u015ftir fakat devam\u0131nda yola \u00e7\u0131kan ekip arkada\u015flar\u0131m\u0131z, olay yerine ula\u015fan ara\u00e7lar\u0131m\u0131z\u0131n \u00fczerinde yer alan logolar\u0131 kapatm\u0131\u015flard\u0131r\u201d denildi.\u00a0 \u00d6L\u00dc SAYISI 79 OLDU\u00a0 Bolu&#8217;da k\u0131\u015f turizmi i\u00e7in \u00f6nemli bir yer olan Kartalkaya Kayak Merkezi&#8217;nde bulunan Grand Kartal Otel&#8217;de ge\u00e7ti\u011fimiz gece \u00e7\u0131kan yang\u0131nda 79 ki\u015fi \u00f6ld\u00fc, 51 ki\u015fi de yaraland\u0131. Facian\u0131n ard\u0131ndan 1 g\u00fcnl\u00fck milli yas ilan edildi.\u00a0 ARA\u00c7LAR TEPK\u0130 \u00c7EKT\u0130\u00a0 Yang\u0131nda hayat\u0131n\u0131 kaybedenler, Bolu Abant \u0130zzet Baysal E\u011fitim ve Ara\u015ft\u0131rma Hastanesi&#8217;nin morguna kald\u0131r\u0131ld\u0131. Fakat \u00f6lenlerin say\u0131s\u0131n\u0131n her ge\u00e7en dakika artmas\u0131 sonras\u0131 hastanenin morgu doldu. Bunun \u00fczerine cans\u0131z bedenlerin korunmas\u0131 i\u00e7in so\u011fuk hava depolu TIR\u2019lar getirildi. Fakat gelen bu TIR\u2019lar\u0131n \u00fczerindeki \u201ck\u0131zarm\u0131\u015f tavuk\u201d g\u00f6rselleri b\u00fcy\u00fck tepki toplad\u0131. \u00a0 \u0130LK ETAPTA ARACIN G\u00d6RSELLER\u0130 KAPATILMADI\u00a0 Olay\u0131n b\u00fcy\u00fcmesi \u00fczerine \u015firketten a\u00e7\u0131klama geldi. \u015eirket a\u00e7\u0131klamas\u0131nda h\u0131zl\u0131 olmak i\u00e7in b\u00f6lgeye apar topar ara\u00e7 g\u00f6nderdiklerini ve bu y\u00fczden &hellip;<\/p>","protected":false},"author":5,"featured_media":0,"comment_status":"open","ping_status":"open","sticky":false,"template":"","format":"standard","meta":{"_acf_changed":false,"footnotes":""},"categories":[24],"tags":[],"class_list":["post-26814","post","type-post","status-publish","format-standard","has-post-thumbnail","hentry","category-gundem"],"acf":[],"yoast_head":"<!-- This site is optimized with the Yoast SEO Premium plugin v26.6 (Yoast SEO v27.1.1) - https:\/\/yoast.com\/product\/yoast-seo-premium-wordpress\/ -->\n<title>O firmadan &#039;tavuklu TIR&#039; i\u00e7in a\u00e7\u0131klama geldi - Av. Deniz Can K\u0131z\u0131l<\/title>\n<meta name=\"robots\" content=\"index, follow, max-snippet:-1, max-image-preview:large, max-video-preview:-1\" \/>\n<link rel=\"canonical\" href=\"http:\/\/denizcankizil.tr\/de\/haberler\/gundem\/o-firmadan-tavuklu-tir-icin-aciklama-geldi\/\" \/>\n<meta property=\"og:locale\" content=\"de_DE\" \/>\n<meta property=\"og:type\" content=\"article\" \/>\n<meta property=\"og:title\" content=\"O firmadan &#039;tavuklu TIR&#039; i\u00e7in a\u00e7\u0131klama geldi\" \/>\n<meta property=\"og:description\" content=\"Bolu\u2019nun Kartalkaya Kayak Merkezi&#8217;nde bulunan Grand Kartal Otel&#8217;de \u00e7\u0131kan yang\u0131nda 79 ki\u015fi hayat\u0131n\u0131 kaybetti. Ya\u015fanan facia nedeniyle morglar\u0131n dolmas\u0131 sonucu b\u00f6lgeye so\u011fuk hava depolu TIR\u2019lar g\u00f6nderildi. Fakat TIR\u2019lar\u0131n \u00fczerindeki \u201ctavuk ve pili\u00e7\u201d g\u00f6rselleri tepki toplad\u0131. Olaylar\u0131n b\u00fcy\u00fcmesinin ard\u0131ndan \u015firket konuyla alakal\u0131 a\u00e7\u0131klama yapt\u0131. Yap\u0131lan a\u00e7\u0131klamada, &#8220;Bu gibi olaylarda bilindi\u011fi gibi zamanla yar\u0131\u015f\u0131lmas\u0131 ve h\u0131zl\u0131 aksiyon al\u0131nmas\u0131 olduk\u00e7a \u00f6nemlidir. \u00d6nceli\u011fimiz h\u0131zl\u0131 destek sa\u011flamak oldu\u011fu i\u00e7in ilk etapta ara\u00e7 \u00fczeri giydirmeler ile zaman kaybedilmemi\u015ftir fakat devam\u0131nda yola \u00e7\u0131kan ekip arkada\u015flar\u0131m\u0131z, olay yerine ula\u015fan ara\u00e7lar\u0131m\u0131z\u0131n \u00fczerinde yer alan logolar\u0131 kapatm\u0131\u015flard\u0131r\u201d denildi.\u00a0 \u00d6L\u00dc SAYISI 79 OLDU\u00a0 Bolu&#8217;da k\u0131\u015f turizmi i\u00e7in \u00f6nemli bir yer olan Kartalkaya Kayak Merkezi&#8217;nde bulunan Grand Kartal Otel&#8217;de ge\u00e7ti\u011fimiz gece \u00e7\u0131kan yang\u0131nda 79 ki\u015fi \u00f6ld\u00fc, 51 ki\u015fi de yaraland\u0131. Facian\u0131n ard\u0131ndan 1 g\u00fcnl\u00fck milli yas ilan edildi.\u00a0 ARA\u00c7LAR TEPK\u0130 \u00c7EKT\u0130\u00a0 Yang\u0131nda hayat\u0131n\u0131 kaybedenler, Bolu Abant \u0130zzet Baysal E\u011fitim ve Ara\u015ft\u0131rma Hastanesi&#8217;nin morguna kald\u0131r\u0131ld\u0131. Fakat \u00f6lenlerin say\u0131s\u0131n\u0131n her ge\u00e7en dakika artmas\u0131 sonras\u0131 hastanenin morgu doldu. Bunun \u00fczerine cans\u0131z bedenlerin korunmas\u0131 i\u00e7in so\u011fuk hava depolu TIR\u2019lar getirildi. Fakat gelen bu TIR\u2019lar\u0131n \u00fczerindeki \u201ck\u0131zarm\u0131\u015f tavuk\u201d g\u00f6rselleri b\u00fcy\u00fck tepki toplad\u0131. \u00a0 \u0130LK ETAPTA ARACIN G\u00d6RSELLER\u0130 KAPATILMADI\u00a0 Olay\u0131n b\u00fcy\u00fcmesi \u00fczerine \u015firketten a\u00e7\u0131klama geldi. \u015eirket a\u00e7\u0131klamas\u0131nda h\u0131zl\u0131 olmak i\u00e7in b\u00f6lgeye apar topar ara\u00e7 g\u00f6nderdiklerini ve bu y\u00fczden &hellip;\" \/>\n<meta property=\"og:url\" content=\"http:\/\/denizcankizil.tr\/de\/haberler\/gundem\/o-firmadan-tavuklu-tir-icin-aciklama-geldi\/\" \/>\n<meta property=\"og:site_name\" content=\"Av. Deniz Can K\u0131z\u0131l\" \/>\n<meta property=\"article:published_time\" content=\"2025-01-22T17:41:14+00:00\" \/>\n<meta name=\"author\" content=\"Antalya K\u00f6rfez\" \/>\n<meta name=\"twitter:card\" content=\"summary_large_image\" \/>\n<meta name=\"twitter:label1\" content=\"Verfasst von\" \/>\n\t<meta name=\"twitter:data1\" content=\"Antalya K\u00f6rfez\" \/>\n\t<meta name=\"twitter:label2\" content=\"Gesch\u00e4tzte Lesezeit\" \/>\n\t<meta name=\"twitter:data2\" content=\"3\u00a0Minuten\" \/>\n<script type=\"application\/ld+json\" class=\"yoast-schema-graph\">{\"@context\":\"https:\/\/schema.org\",\"@graph\":[{\"@type\":\"Article\",\"@id\":\"http:\/\/denizcankizil.tr\/de\/haberler\/gundem\/o-firmadan-tavuklu-tir-icin-aciklama-geldi\/#article\",\"isPartOf\":{\"@id\":\"http:\/\/denizcankizil.tr\/de\/haberler\/gundem\/o-firmadan-tavuklu-tir-icin-aciklama-geldi\/\"},\"author\":{\"name\":\"Antalya K\u00f6rfez\",\"@id\":\"https:\/\/denizcankizil.tr\/#\/schema\/person\/e1eb71bb4dd684d46563f0af307e1234\"},\"headline\":\"O firmadan &#8216;tavuklu TIR&#8217; i\u00e7in a\u00e7\u0131klama geldi\",\"datePublished\":\"2025-01-22T17:41:14+00:00\",\"mainEntityOfPage\":{\"@id\":\"http:\/\/denizcankizil.tr\/de\/haberler\/gundem\/o-firmadan-tavuklu-tir-icin-aciklama-geldi\/\"},\"wordCount\":582,\"commentCount\":0,\"publisher\":{\"@id\":\"https:\/\/denizcankizil.tr\/#organization\"},\"articleSection\":[\"G\u00fcndem\"],\"inLanguage\":\"de\",\"potentialAction\":[{\"@type\":\"CommentAction\",\"name\":\"Comment\",\"target\":[\"http:\/\/denizcankizil.tr\/de\/haberler\/gundem\/o-firmadan-tavuklu-tir-icin-aciklama-geldi\/#respond\"]}]},{\"@type\":\"WebPage\",\"@id\":\"http:\/\/denizcankizil.tr\/de\/haberler\/gundem\/o-firmadan-tavuklu-tir-icin-aciklama-geldi\/\",\"url\":\"http:\/\/denizcankizil.tr\/de\/haberler\/gundem\/o-firmadan-tavuklu-tir-icin-aciklama-geldi\/\",\"name\":\"O firmadan 'tavuklu TIR' i\u00e7in a\u00e7\u0131klama geldi - Av. Deniz Can K\u0131z\u0131l\",\"isPartOf\":{\"@id\":\"https:\/\/denizcankizil.tr\/#website\"},\"datePublished\":\"2025-01-22T17:41:14+00:00\",\"breadcrumb\":{\"@id\":\"http:\/\/denizcankizil.tr\/de\/haberler\/gundem\/o-firmadan-tavuklu-tir-icin-aciklama-geldi\/#breadcrumb\"},\"inLanguage\":\"de\",\"potentialAction\":[{\"@type\":\"ReadAction\",\"target\":[\"http:\/\/denizcankizil.tr\/de\/haberler\/gundem\/o-firmadan-tavuklu-tir-icin-aciklama-geldi\/\"]}]},{\"@type\":\"BreadcrumbList\",\"@id\":\"http:\/\/denizcankizil.tr\/de\/haberler\/gundem\/o-firmadan-tavuklu-tir-icin-aciklama-geldi\/#breadcrumb\",\"itemListElement\":[{\"@type\":\"ListItem\",\"position\":1,\"name\":\"Home\",\"item\":\"https:\/\/denizcankizil.tr\/de\/\"},{\"@type\":\"ListItem\",\"position\":2,\"name\":\"O firmadan &#8216;tavuklu TIR&#8217; i\u00e7in a\u00e7\u0131klama geldi\"}]},{\"@type\":\"WebSite\",\"@id\":\"https:\/\/denizcankizil.tr\/#website\",\"url\":\"https:\/\/denizcankizil.tr\/\",\"name\":\"Av. Deniz Can K\u0131z\u0131l\",\"description\":\"Avukat Deniz Can K\u0131z\u0131l Antalya Barosu\",\"publisher\":{\"@id\":\"https:\/\/denizcankizil.tr\/#organization\"},\"potentialAction\":[{\"@type\":\"SearchAction\",\"target\":{\"@type\":\"EntryPoint\",\"urlTemplate\":\"https:\/\/denizcankizil.tr\/?s={search_term_string}\"},\"query-input\":{\"@type\":\"PropertyValueSpecification\",\"valueRequired\":true,\"valueName\":\"search_term_string\"}}],\"inLanguage\":\"de\"},{\"@type\":\"Organization\",\"@id\":\"https:\/\/denizcankizil.tr\/#organization\",\"name\":\"Av. Deniz Can K\u0131z\u0131l\",\"url\":\"https:\/\/denizcankizil.tr\/\",\"logo\":{\"@type\":\"ImageObject\",\"inLanguage\":\"de\",\"@id\":\"https:\/\/denizcankizil.tr\/#\/schema\/logo\/image\/\",\"url\":\"http:\/\/denizcankizil.tr\/wp-content\/uploads\/2024\/10\/siyah-logo-svg.svg\",\"contentUrl\":\"http:\/\/denizcankizil.tr\/wp-content\/uploads\/2024\/10\/siyah-logo-svg.svg\",\"width\":1080,\"height\":1080,\"caption\":\"Av. Deniz Can K\u0131z\u0131l\"},\"image\":{\"@id\":\"https:\/\/denizcankizil.tr\/#\/schema\/logo\/image\/\"}},{\"@type\":\"Person\",\"@id\":\"https:\/\/denizcankizil.tr\/#\/schema\/person\/e1eb71bb4dd684d46563f0af307e1234\",\"name\":\"Antalya K\u00f6rfez\",\"image\":{\"@type\":\"ImageObject\",\"inLanguage\":\"de\",\"@id\":\"https:\/\/denizcankizil.tr\/#\/schema\/person\/image\/\",\"url\":\"https:\/\/secure.gravatar.com\/avatar\/42b01982558a48a0b501fdcab6a408d3717ea5919095ee2e67b0e521799c5905?s=96&d=mm&r=g\",\"contentUrl\":\"https:\/\/secure.gravatar.com\/avatar\/42b01982558a48a0b501fdcab6a408d3717ea5919095ee2e67b0e521799c5905?s=96&d=mm&r=g\",\"caption\":\"Antalya K\u00f6rfez\"},\"sameAs\":[\"http:\/\/www.antalyakorfez.com\"],\"url\":\"https:\/\/www.antalyakorfez.com\/o-firmadan-tavuklu-tir-icin-aciklama-geldi\"}]}<\/script>\n<!-- \/ Yoast SEO Premium plugin. -->","yoast_head_json":{"title":"O firmadan 'tavuklu TIR' i\u00e7in a\u00e7\u0131klama geldi - Av. Deniz Can K\u0131z\u0131l","robots":{"index":"index","follow":"follow","max-snippet":"max-snippet:-1","max-image-preview":"max-image-preview:large","max-video-preview":"max-video-preview:-1"},"canonical":"http:\/\/denizcankizil.tr\/de\/haberler\/gundem\/o-firmadan-tavuklu-tir-icin-aciklama-geldi\/","og_locale":"de_DE","og_type":"article","og_title":"O firmadan 'tavuklu TIR' i\u00e7in a\u00e7\u0131klama geldi","og_description":"Bolu\u2019nun Kartalkaya Kayak Merkezi&#8217;nde bulunan Grand Kartal Otel&#8217;de \u00e7\u0131kan yang\u0131nda 79 ki\u015fi hayat\u0131n\u0131 kaybetti. Ya\u015fanan facia nedeniyle morglar\u0131n dolmas\u0131 sonucu b\u00f6lgeye so\u011fuk hava depolu TIR\u2019lar g\u00f6nderildi. Fakat TIR\u2019lar\u0131n \u00fczerindeki \u201ctavuk ve pili\u00e7\u201d g\u00f6rselleri tepki toplad\u0131. Olaylar\u0131n b\u00fcy\u00fcmesinin ard\u0131ndan \u015firket konuyla alakal\u0131 a\u00e7\u0131klama yapt\u0131. Yap\u0131lan a\u00e7\u0131klamada, &#8220;Bu gibi olaylarda bilindi\u011fi gibi zamanla yar\u0131\u015f\u0131lmas\u0131 ve h\u0131zl\u0131 aksiyon al\u0131nmas\u0131 olduk\u00e7a \u00f6nemlidir. \u00d6nceli\u011fimiz h\u0131zl\u0131 destek sa\u011flamak oldu\u011fu i\u00e7in ilk etapta ara\u00e7 \u00fczeri giydirmeler ile zaman kaybedilmemi\u015ftir fakat devam\u0131nda yola \u00e7\u0131kan ekip arkada\u015flar\u0131m\u0131z, olay yerine ula\u015fan ara\u00e7lar\u0131m\u0131z\u0131n \u00fczerinde yer alan logolar\u0131 kapatm\u0131\u015flard\u0131r\u201d denildi.\u00a0 \u00d6L\u00dc SAYISI 79 OLDU\u00a0 Bolu&#8217;da k\u0131\u015f turizmi i\u00e7in \u00f6nemli bir yer olan Kartalkaya Kayak Merkezi&#8217;nde bulunan Grand Kartal Otel&#8217;de ge\u00e7ti\u011fimiz gece \u00e7\u0131kan yang\u0131nda 79 ki\u015fi \u00f6ld\u00fc, 51 ki\u015fi de yaraland\u0131. Facian\u0131n ard\u0131ndan 1 g\u00fcnl\u00fck milli yas ilan edildi.\u00a0 ARA\u00c7LAR TEPK\u0130 \u00c7EKT\u0130\u00a0 Yang\u0131nda hayat\u0131n\u0131 kaybedenler, Bolu Abant \u0130zzet Baysal E\u011fitim ve Ara\u015ft\u0131rma Hastanesi&#8217;nin morguna kald\u0131r\u0131ld\u0131. Fakat \u00f6lenlerin say\u0131s\u0131n\u0131n her ge\u00e7en dakika artmas\u0131 sonras\u0131 hastanenin morgu doldu. Bunun \u00fczerine cans\u0131z bedenlerin korunmas\u0131 i\u00e7in so\u011fuk hava depolu TIR\u2019lar getirildi. Fakat gelen bu TIR\u2019lar\u0131n \u00fczerindeki \u201ck\u0131zarm\u0131\u015f tavuk\u201d g\u00f6rselleri b\u00fcy\u00fck tepki toplad\u0131. \u00a0 \u0130LK ETAPTA ARACIN G\u00d6RSELLER\u0130 KAPATILMADI\u00a0 Olay\u0131n b\u00fcy\u00fcmesi \u00fczerine \u015firketten a\u00e7\u0131klama geldi. \u015eirket a\u00e7\u0131klamas\u0131nda h\u0131zl\u0131 olmak i\u00e7in b\u00f6lgeye apar topar ara\u00e7 g\u00f6nderdiklerini ve bu y\u00fczden &hellip;","og_url":"http:\/\/denizcankizil.tr\/de\/haberler\/gundem\/o-firmadan-tavuklu-tir-icin-aciklama-geldi\/","og_site_name":"Av. Deniz Can K\u0131z\u0131l","article_published_time":"2025-01-22T17:41:14+00:00","author":"Antalya K\u00f6rfez","twitter_card":"summary_large_image","twitter_misc":{"Verfasst von":"Antalya K\u00f6rfez","Gesch\u00e4tzte Lesezeit":"3\u00a0Minuten"},"schema":{"@context":"https:\/\/schema.org","@graph":[{"@type":"Article","@id":"http:\/\/denizcankizil.tr\/de\/haberler\/gundem\/o-firmadan-tavuklu-tir-icin-aciklama-geldi\/#article","isPartOf":{"@id":"http:\/\/denizcankizil.tr\/de\/haberler\/gundem\/o-firmadan-tavuklu-tir-icin-aciklama-geldi\/"},"author":{"name":"Antalya K\u00f6rfez","@id":"https:\/\/denizcankizil.tr\/#\/schema\/person\/e1eb71bb4dd684d46563f0af307e1234"},"headline":"O firmadan &#8216;tavuklu TIR&#8217; i\u00e7in a\u00e7\u0131klama geldi","datePublished":"2025-01-22T17:41:14+00:00","mainEntityOfPage":{"@id":"http:\/\/denizcankizil.tr\/de\/haberler\/gundem\/o-firmadan-tavuklu-tir-icin-aciklama-geldi\/"},"wordCount":582,"commentCount":0,"publisher":{"@id":"https:\/\/denizcankizil.tr\/#organization"},"articleSection":["G\u00fcndem"],"inLanguage":"de","potentialAction":[{"@type":"CommentAction","name":"Comment","target":["http:\/\/denizcankizil.tr\/de\/haberler\/gundem\/o-firmadan-tavuklu-tir-icin-aciklama-geldi\/#respond"]}]},{"@type":"WebPage","@id":"http:\/\/denizcankizil.tr\/de\/haberler\/gundem\/o-firmadan-tavuklu-tir-icin-aciklama-geldi\/","url":"http:\/\/denizcankizil.tr\/de\/haberler\/gundem\/o-firmadan-tavuklu-tir-icin-aciklama-geldi\/","name":"O firmadan 'tavuklu TIR' i\u00e7in a\u00e7\u0131klama geldi - Av. Deniz Can K\u0131z\u0131l","isPartOf":{"@id":"https:\/\/denizcankizil.tr\/#website"},"datePublished":"2025-01-22T17:41:14+00:00","breadcrumb":{"@id":"http:\/\/denizcankizil.tr\/de\/haberler\/gundem\/o-firmadan-tavuklu-tir-icin-aciklama-geldi\/#breadcrumb"},"inLanguage":"de","potentialAction":[{"@type":"ReadAction","target":["http:\/\/denizcankizil.tr\/de\/haberler\/gundem\/o-firmadan-tavuklu-tir-icin-aciklama-geldi\/"]}]},{"@type":"BreadcrumbList","@id":"http:\/\/denizcankizil.tr\/de\/haberler\/gundem\/o-firmadan-tavuklu-tir-icin-aciklama-geldi\/#breadcrumb","itemListElement":[{"@type":"ListItem","position":1,"name":"Home","item":"https:\/\/denizcankizil.tr\/de\/"},{"@type":"ListItem","position":2,"name":"O firmadan &#8216;tavuklu TIR&#8217; i\u00e7in a\u00e7\u0131klama geldi"}]},{"@type":"WebSite","@id":"https:\/\/denizcankizil.tr\/#website","url":"https:\/\/denizcankizil.tr\/","name":"Av. Deniz Can K\u0131z\u0131l","description":"Avukat Deniz Can K\u0131z\u0131l Antalya Barosu","publisher":{"@id":"https:\/\/denizcankizil.tr\/#organization"},"potentialAction":[{"@type":"SearchAction","target":{"@type":"EntryPoint","urlTemplate":"https:\/\/denizcankizil.tr\/?s={search_term_string}"},"query-input":{"@type":"PropertyValueSpecification","valueRequired":true,"valueName":"search_term_string"}}],"inLanguage":"de"},{"@type":"Organization","@id":"https:\/\/denizcankizil.tr\/#organization","name":"Av. Deniz Can K\u0131z\u0131l","url":"https:\/\/denizcankizil.tr\/","logo":{"@type":"ImageObject","inLanguage":"de","@id":"https:\/\/denizcankizil.tr\/#\/schema\/logo\/image\/","url":"http:\/\/denizcankizil.tr\/wp-content\/uploads\/2024\/10\/siyah-logo-svg.svg","contentUrl":"http:\/\/denizcankizil.tr\/wp-content\/uploads\/2024\/10\/siyah-logo-svg.svg","width":1080,"height":1080,"caption":"Av. Deniz Can K\u0131z\u0131l"},"image":{"@id":"https:\/\/denizcankizil.tr\/#\/schema\/logo\/image\/"}},{"@type":"Person","@id":"https:\/\/denizcankizil.tr\/#\/schema\/person\/e1eb71bb4dd684d46563f0af307e1234","name":"Antalya K\u00f6rfez","image":{"@type":"ImageObject","inLanguage":"de","@id":"https:\/\/denizcankizil.tr\/#\/schema\/person\/image\/","url":"https:\/\/secure.gravatar.com\/avatar\/42b01982558a48a0b501fdcab6a408d3717ea5919095ee2e67b0e521799c5905?s=96&d=mm&r=g","contentUrl":"https:\/\/secure.gravatar.com\/avatar\/42b01982558a48a0b501fdcab6a408d3717ea5919095ee2e67b0e521799c5905?s=96&d=mm&r=g","caption":"Antalya K\u00f6rfez"},"sameAs":["http:\/\/www.antalyakorfez.com"],"url":"https:\/\/www.antalyakorfez.com\/o-firmadan-tavuklu-tir-icin-aciklama-geldi"}]}},"_links":{"self":[{"href":"http:\/\/denizcankizil.tr\/de\/wp-json\/wp\/v2\/posts\/26814","targetHints":{"allow":["GET"]}}],"collection":[{"href":"http:\/\/denizcankizil.tr\/de\/wp-json\/wp\/v2\/posts"}],"about":[{"href":"http:\/\/denizcankizil.tr\/de\/wp-json\/wp\/v2\/types\/post"}],"author":[{"embeddable":true,"href":"http:\/\/denizcankizil.tr\/de\/wp-json\/wp\/v2\/users\/5"}],"replies":[{"embeddable":true,"href":"http:\/\/denizcankizil.tr\/de\/wp-json\/wp\/v2\/comments?post=26814"}],"version-history":[{"count":0,"href":"http:\/\/denizcankizil.tr\/de\/wp-json\/wp\/v2\/posts\/26814\/revisions"}],"wp:attachment":[{"href":"http:\/\/denizcankizil.tr\/de\/wp-json\/wp\/v2\/media?parent=26814"}],"wp:term":[{"taxonomy":"category","embeddable":true,"href":"http:\/\/denizcankizil.tr\/de\/wp-json\/wp\/v2\/categories?post=26814"},{"taxonomy":"post_tag","embeddable":true,"href":"http:\/\/denizcankizil.tr\/de\/wp-json\/wp\/v2\/tags?post=26814"}],"curies":[{"name":"wp","href":"https:\/\/api.w.org\/{rel}","templated":true}]}}