{"id":26808,"date":"2025-01-22T18:41:23","date_gmt":"2025-01-22T15:41:23","guid":{"rendered":"https:\/\/denizcankizil.tr\/uncategorized-tr\/gungor-uzlasma-istiyorsaniz-buradayiz\/"},"modified":"2025-01-22T18:41:23","modified_gmt":"2025-01-22T15:41:23","slug":"gungor-uzlasma-istiyorsaniz-buradayiz","status":"publish","type":"post","link":"http:\/\/denizcankizil.tr\/de\/haberler\/gundem\/gungor-uzlasma-istiyorsaniz-buradayiz\/","title":{"rendered":"G\u00fcng\u00f6r: &#8220;Uzla\u015fma \u0130stiyorsan\u0131z Buraday\u0131z&#8221;"},"content":{"rendered":"<p>\u0130\u015f\u00e7i aileleriyle birlikte fabrika \u00f6n\u00fcnde ger\u00e7ekle\u015ftirilen mitingde konu\u015fan \u00d6z\u00e7elik-\u0130\u015f Sendikas\u0131 \u0130skenderun \u015eube Ba\u015fkan\u0131 Mehmet G\u00fcng\u00f6r, s\u00fcregelen toplu i\u015f s\u00f6zle\u015fmesi g\u00f6r\u00fc\u015fmelerinde i\u015fverenin uzla\u015fmaz tutumunu ele\u015ftirirken &#8220;Aral\u0131k ve ocak ay\u0131n\u0131n so\u011fu\u011funda nas\u0131l buradaysak, burada olmaya devam edece\u011fiz. Uzla\u015fma k\u00fclt\u00fcr\u00fcne sahip olmayan bir i\u015fverenle kar\u015f\u0131 kar\u015f\u0131yay\u0131z ama m\u00fccadelemizden hi\u00e7bir \u015fey kaybetmedik. Amac\u0131m\u0131z uzla\u015fmak. E\u011fer i\u015fveren ger\u00e7ekten uzla\u015fma istiyorsa, biz buraday\u0131z&#8221; dedi.<\/p>\n<p>Genel Ba\u015fkan De\u011firmenci: <\/p>\n<p>&#8220;B\u0131\u00e7ak Kemi\u011fe Dayand\u0131&#8221;<br \/>\n\u0130\u015fverenin direncine ve s\u00fcrece dair sert a\u00e7\u0131klamalarda bulunan \u00d6z\u00e7elik-\u0130\u015f Sendikas\u0131 Genel Ba\u015fkan\u0131 Yunus De\u011firmenci de &#8220;Siyasi partiler ve uluslararas\u0131 temsilciler geldi, i\u015fverene mesajlar verdi ama i\u015fveren, \u00e7al\u0131\u015fanlar\u0131n haklar\u0131n\u0131 g\u00f6rmezden gelmeye devam etti. Piyasadaki \u00fccretlerin alt\u0131nda \u00e7al\u0131\u015fmaya zorlanan \u00fcyelerimizle ilgili sabr\u0131m\u0131z\u0131n sonuna geldik. B\u0131\u00e7ak kemi\u011fe dayand\u0131. Depremden etkilenen i\u015f\u00e7ilerin ya\u015fad\u0131\u011f\u0131 zorluklar ortadayken, sonras\u0131nda yaralar\u0131n\u0131 sarmaya \u00e7al\u0131\u015fan emek\u00e7ilerin \u00fczerine, i\u015fverenin duyars\u0131z tutumu eklenmi\u015ftir. \u0130\u015fveren, i\u015f\u00e7ilerin haklar\u0131n\u0131 teslim etmek yerine c\u00fczdan\u0131n\u0131 dinlemeyi tercih etti. Ancak bu s\u00fcre\u00e7, hem i\u015f\u00e7iler hem de i\u015fveren i\u00e7in bir s\u0131navd\u0131r&#8221; diye konu\u015ftu.<\/p>\n<p>&#8220;HODR\u0130 MEYDAN!&#8221;<br \/>\nSendikan\u0131n 216 g\u00fcnd\u00fcr m\u00fccadele etti\u011fini, i\u015f\u00e7ilerin haklar\u0131n\u0131 almak i\u00e7in greve \u00e7\u0131kmamakta direndiklerini, uzla\u015fma kap\u0131s\u0131n\u0131 hep aralad\u0131klar\u0131n\u0131 hat\u0131rlatan Genel Ba\u015fkan De\u011firmenci &#8220;Sab\u0131rla ve umutla masada \u00e7\u00f6z\u00fcm arad\u0131k ama sonu\u00e7 alamad\u0131k. Bu m\u00fccadelede son \u00e7are grev oldu. \u0130\u015fveren, \u00e7al\u0131\u015fanlar\u0131n haklar\u0131n\u0131 teslim etmedi\u011fi s\u00fcrece m\u00fccadelemiz devam edecek. Haklar\u0131m\u0131z\u0131 almak i\u00e7in y\u00fcre\u011fimizdeki cesaretle hareket edece\u011fiz. \u0130\u015fverene son bir \u00e7a\u011fr\u0131da bulunmak istiyorum. Bu i\u015fin sonunda kazanan hak ve adalet olacak. E\u011fer i\u015fveren uzla\u015fmaz tutumunu s\u00fcrd\u00fcrmekte \u0131srar ederse, m\u00fccadelemizi daha da b\u00fcy\u00fcterek s\u00fcrd\u00fcrece\u011fiz. \u0130\u015f\u00e7ilerimizin haklar\u0131n\u0131 sonuna kadar savunaca\u011f\u0131z&#8221; \u015feklinde konu\u015ftu.<\/p>\n<p>\u200b\u00d6z\u00e7elik-\u0130\u015f \u0130\u015f Sendikas\u0131 Genel Ba\u015fkan\u0131 Yunus De\u011firmenci, y\u00f6netim kurulu, \u015eube Ba\u015fkan\u0131 Mehmet G\u00fcng\u00f6r, y\u00f6netimiyle birlikte 216 g\u00fcnd\u00fcr grevde olan Yolbulan emek\u00e7ileriyle bir araya gelerek fabrika \u00f6n\u00fcnde i\u015fverene bir kez daha \u00e7a\u011fr\u0131da bulundu.\u00a0<\/p>\n<p>\u200bHaberin Al\u0131nt\u0131land\u0131\u011f\u0131 Kaynak: www.iskenderun.org<\/p>","protected":false},"excerpt":{"rendered":"<p>\u0130\u015f\u00e7i aileleriyle birlikte fabrika \u00f6n\u00fcnde ger\u00e7ekle\u015ftirilen mitingde konu\u015fan \u00d6z\u00e7elik-\u0130\u015f Sendikas\u0131 \u0130skenderun \u015eube Ba\u015fkan\u0131 Mehmet G\u00fcng\u00f6r, s\u00fcregelen toplu i\u015f s\u00f6zle\u015fmesi g\u00f6r\u00fc\u015fmelerinde i\u015fverenin uzla\u015fmaz tutumunu ele\u015ftirirken &#8220;Aral\u0131k ve ocak ay\u0131n\u0131n so\u011fu\u011funda nas\u0131l buradaysak, burada olmaya devam edece\u011fiz. Uzla\u015fma k\u00fclt\u00fcr\u00fcne sahip olmayan bir i\u015fverenle kar\u015f\u0131 kar\u015f\u0131yay\u0131z ama m\u00fccadelemizden hi\u00e7bir \u015fey kaybetmedik. Amac\u0131m\u0131z uzla\u015fmak. E\u011fer i\u015fveren ger\u00e7ekten uzla\u015fma istiyorsa, biz buraday\u0131z&#8221; dedi. Genel Ba\u015fkan De\u011firmenci: &#8220;B\u0131\u00e7ak Kemi\u011fe Dayand\u0131&#8221; \u0130\u015fverenin direncine ve s\u00fcrece dair sert a\u00e7\u0131klamalarda bulunan \u00d6z\u00e7elik-\u0130\u015f Sendikas\u0131 Genel Ba\u015fkan\u0131 Yunus De\u011firmenci de &#8220;Siyasi partiler ve uluslararas\u0131 temsilciler geldi, i\u015fverene mesajlar verdi ama i\u015fveren, \u00e7al\u0131\u015fanlar\u0131n haklar\u0131n\u0131 g\u00f6rmezden gelmeye devam etti. Piyasadaki \u00fccretlerin alt\u0131nda \u00e7al\u0131\u015fmaya zorlanan \u00fcyelerimizle ilgili sabr\u0131m\u0131z\u0131n sonuna geldik. B\u0131\u00e7ak kemi\u011fe dayand\u0131. Depremden etkilenen i\u015f\u00e7ilerin ya\u015fad\u0131\u011f\u0131 zorluklar ortadayken, sonras\u0131nda yaralar\u0131n\u0131 sarmaya \u00e7al\u0131\u015fan emek\u00e7ilerin \u00fczerine, i\u015fverenin duyars\u0131z tutumu eklenmi\u015ftir. \u0130\u015fveren, i\u015f\u00e7ilerin haklar\u0131n\u0131 teslim etmek yerine c\u00fczdan\u0131n\u0131 dinlemeyi tercih etti. Ancak bu s\u00fcre\u00e7, hem i\u015f\u00e7iler hem de i\u015fveren i\u00e7in bir s\u0131navd\u0131r&#8221; diye konu\u015ftu. &#8220;HODR\u0130 MEYDAN!&#8221; Sendikan\u0131n 216 g\u00fcnd\u00fcr m\u00fccadele etti\u011fini, i\u015f\u00e7ilerin haklar\u0131n\u0131 almak i\u00e7in greve \u00e7\u0131kmamakta direndiklerini, uzla\u015fma kap\u0131s\u0131n\u0131 hep aralad\u0131klar\u0131n\u0131 hat\u0131rlatan Genel Ba\u015fkan De\u011firmenci &#8220;Sab\u0131rla ve umutla masada \u00e7\u00f6z\u00fcm arad\u0131k ama sonu\u00e7 alamad\u0131k. Bu m\u00fccadelede son \u00e7are grev oldu. \u0130\u015fveren, \u00e7al\u0131\u015fanlar\u0131n haklar\u0131n\u0131 teslim etmedi\u011fi s\u00fcrece m\u00fccadelemiz devam edecek. Haklar\u0131m\u0131z\u0131 almak i\u00e7in y\u00fcre\u011fimizdeki cesaretle hareket &hellip;<\/p>","protected":false},"author":1,"featured_media":0,"comment_status":"open","ping_status":"open","sticky":false,"template":"","format":"standard","meta":{"_acf_changed":false,"footnotes":""},"categories":[24],"tags":[],"class_list":["post-26808","post","type-post","status-publish","format-standard","has-post-thumbnail","hentry","category-gundem"],"acf":[],"yoast_head":"<!-- This site is optimized with the Yoast SEO Premium plugin v26.6 (Yoast SEO v27.1.1) - https:\/\/yoast.com\/product\/yoast-seo-premium-wordpress\/ -->\n<title>G\u00fcng\u00f6r: &quot;Uzla\u015fma \u0130stiyorsan\u0131z Buraday\u0131z&quot; - Av. Deniz Can K\u0131z\u0131l<\/title>\n<meta name=\"robots\" content=\"index, follow, max-snippet:-1, max-image-preview:large, max-video-preview:-1\" \/>\n<link rel=\"canonical\" href=\"http:\/\/denizcankizil.tr\/de\/haberler\/gundem\/gungor-uzlasma-istiyorsaniz-buradayiz\/\" \/>\n<meta property=\"og:locale\" content=\"de_DE\" \/>\n<meta property=\"og:type\" content=\"article\" \/>\n<meta property=\"og:title\" content=\"G\u00fcng\u00f6r: &quot;Uzla\u015fma \u0130stiyorsan\u0131z Buraday\u0131z&quot;\" \/>\n<meta property=\"og:description\" content=\"\u0130\u015f\u00e7i aileleriyle birlikte fabrika \u00f6n\u00fcnde ger\u00e7ekle\u015ftirilen mitingde konu\u015fan \u00d6z\u00e7elik-\u0130\u015f Sendikas\u0131 \u0130skenderun \u015eube Ba\u015fkan\u0131 Mehmet G\u00fcng\u00f6r, s\u00fcregelen toplu i\u015f s\u00f6zle\u015fmesi g\u00f6r\u00fc\u015fmelerinde i\u015fverenin uzla\u015fmaz tutumunu ele\u015ftirirken &#8220;Aral\u0131k ve ocak ay\u0131n\u0131n so\u011fu\u011funda nas\u0131l buradaysak, burada olmaya devam edece\u011fiz. Uzla\u015fma k\u00fclt\u00fcr\u00fcne sahip olmayan bir i\u015fverenle kar\u015f\u0131 kar\u015f\u0131yay\u0131z ama m\u00fccadelemizden hi\u00e7bir \u015fey kaybetmedik. Amac\u0131m\u0131z uzla\u015fmak. E\u011fer i\u015fveren ger\u00e7ekten uzla\u015fma istiyorsa, biz buraday\u0131z&#8221; dedi. Genel Ba\u015fkan De\u011firmenci: &#8220;B\u0131\u00e7ak Kemi\u011fe Dayand\u0131&#8221; \u0130\u015fverenin direncine ve s\u00fcrece dair sert a\u00e7\u0131klamalarda bulunan \u00d6z\u00e7elik-\u0130\u015f Sendikas\u0131 Genel Ba\u015fkan\u0131 Yunus De\u011firmenci de &#8220;Siyasi partiler ve uluslararas\u0131 temsilciler geldi, i\u015fverene mesajlar verdi ama i\u015fveren, \u00e7al\u0131\u015fanlar\u0131n haklar\u0131n\u0131 g\u00f6rmezden gelmeye devam etti. Piyasadaki \u00fccretlerin alt\u0131nda \u00e7al\u0131\u015fmaya zorlanan \u00fcyelerimizle ilgili sabr\u0131m\u0131z\u0131n sonuna geldik. B\u0131\u00e7ak kemi\u011fe dayand\u0131. Depremden etkilenen i\u015f\u00e7ilerin ya\u015fad\u0131\u011f\u0131 zorluklar ortadayken, sonras\u0131nda yaralar\u0131n\u0131 sarmaya \u00e7al\u0131\u015fan emek\u00e7ilerin \u00fczerine, i\u015fverenin duyars\u0131z tutumu eklenmi\u015ftir. \u0130\u015fveren, i\u015f\u00e7ilerin haklar\u0131n\u0131 teslim etmek yerine c\u00fczdan\u0131n\u0131 dinlemeyi tercih etti. Ancak bu s\u00fcre\u00e7, hem i\u015f\u00e7iler hem de i\u015fveren i\u00e7in bir s\u0131navd\u0131r&#8221; diye konu\u015ftu. &#8220;HODR\u0130 MEYDAN!&#8221; Sendikan\u0131n 216 g\u00fcnd\u00fcr m\u00fccadele etti\u011fini, i\u015f\u00e7ilerin haklar\u0131n\u0131 almak i\u00e7in greve \u00e7\u0131kmamakta direndiklerini, uzla\u015fma kap\u0131s\u0131n\u0131 hep aralad\u0131klar\u0131n\u0131 hat\u0131rlatan Genel Ba\u015fkan De\u011firmenci &#8220;Sab\u0131rla ve umutla masada \u00e7\u00f6z\u00fcm arad\u0131k ama sonu\u00e7 alamad\u0131k. Bu m\u00fccadelede son \u00e7are grev oldu. \u0130\u015fveren, \u00e7al\u0131\u015fanlar\u0131n haklar\u0131n\u0131 teslim etmedi\u011fi s\u00fcrece m\u00fccadelemiz devam edecek. Haklar\u0131m\u0131z\u0131 almak i\u00e7in y\u00fcre\u011fimizdeki cesaretle hareket &hellip;\" \/>\n<meta property=\"og:url\" content=\"http:\/\/denizcankizil.tr\/de\/haberler\/gundem\/gungor-uzlasma-istiyorsaniz-buradayiz\/\" \/>\n<meta property=\"og:site_name\" content=\"Av. Deniz Can K\u0131z\u0131l\" \/>\n<meta property=\"article:published_time\" content=\"2025-01-22T15:41:23+00:00\" \/>\n<meta name=\"author\" content=\"admin\" \/>\n<meta name=\"twitter:card\" content=\"summary_large_image\" \/>\n<meta name=\"twitter:label1\" content=\"Verfasst von\" \/>\n\t<meta name=\"twitter:data1\" content=\"admin\" \/>\n\t<meta name=\"twitter:label2\" content=\"Gesch\u00e4tzte Lesezeit\" \/>\n\t<meta name=\"twitter:data2\" content=\"2\u00a0Minuten\" \/>\n<script type=\"application\/ld+json\" class=\"yoast-schema-graph\">{\"@context\":\"https:\/\/schema.org\",\"@graph\":[{\"@type\":\"Article\",\"@id\":\"http:\/\/denizcankizil.tr\/de\/haberler\/gundem\/gungor-uzlasma-istiyorsaniz-buradayiz\/#article\",\"isPartOf\":{\"@id\":\"http:\/\/denizcankizil.tr\/de\/haberler\/gundem\/gungor-uzlasma-istiyorsaniz-buradayiz\/\"},\"author\":{\"name\":\"admin\",\"@id\":\"https:\/\/denizcankizil.tr\/#\/schema\/person\/be3c05fe6a12686905512445d8185489\"},\"headline\":\"G\u00fcng\u00f6r: &#8220;Uzla\u015fma \u0130stiyorsan\u0131z Buraday\u0131z&#8221;\",\"datePublished\":\"2025-01-22T15:41:23+00:00\",\"mainEntityOfPage\":{\"@id\":\"http:\/\/denizcankizil.tr\/de\/haberler\/gundem\/gungor-uzlasma-istiyorsaniz-buradayiz\/\"},\"wordCount\":427,\"commentCount\":0,\"publisher\":{\"@id\":\"https:\/\/denizcankizil.tr\/#organization\"},\"articleSection\":[\"G\u00fcndem\"],\"inLanguage\":\"de\",\"potentialAction\":[{\"@type\":\"CommentAction\",\"name\":\"Comment\",\"target\":[\"http:\/\/denizcankizil.tr\/de\/haberler\/gundem\/gungor-uzlasma-istiyorsaniz-buradayiz\/#respond\"]}]},{\"@type\":\"WebPage\",\"@id\":\"http:\/\/denizcankizil.tr\/de\/haberler\/gundem\/gungor-uzlasma-istiyorsaniz-buradayiz\/\",\"url\":\"http:\/\/denizcankizil.tr\/de\/haberler\/gundem\/gungor-uzlasma-istiyorsaniz-buradayiz\/\",\"name\":\"G\u00fcng\u00f6r: \\\"Uzla\u015fma \u0130stiyorsan\u0131z Buraday\u0131z\\\" - Av. Deniz Can K\u0131z\u0131l\",\"isPartOf\":{\"@id\":\"https:\/\/denizcankizil.tr\/#website\"},\"datePublished\":\"2025-01-22T15:41:23+00:00\",\"breadcrumb\":{\"@id\":\"http:\/\/denizcankizil.tr\/de\/haberler\/gundem\/gungor-uzlasma-istiyorsaniz-buradayiz\/#breadcrumb\"},\"inLanguage\":\"de\",\"potentialAction\":[{\"@type\":\"ReadAction\",\"target\":[\"http:\/\/denizcankizil.tr\/de\/haberler\/gundem\/gungor-uzlasma-istiyorsaniz-buradayiz\/\"]}]},{\"@type\":\"BreadcrumbList\",\"@id\":\"http:\/\/denizcankizil.tr\/de\/haberler\/gundem\/gungor-uzlasma-istiyorsaniz-buradayiz\/#breadcrumb\",\"itemListElement\":[{\"@type\":\"ListItem\",\"position\":1,\"name\":\"Home\",\"item\":\"https:\/\/denizcankizil.tr\/de\/\"},{\"@type\":\"ListItem\",\"position\":2,\"name\":\"G\u00fcng\u00f6r: &#8220;Uzla\u015fma \u0130stiyorsan\u0131z Buraday\u0131z&#8221;\"}]},{\"@type\":\"WebSite\",\"@id\":\"https:\/\/denizcankizil.tr\/#website\",\"url\":\"https:\/\/denizcankizil.tr\/\",\"name\":\"Av. Deniz Can K\u0131z\u0131l\",\"description\":\"Avukat Deniz Can K\u0131z\u0131l Antalya Barosu\",\"publisher\":{\"@id\":\"https:\/\/denizcankizil.tr\/#organization\"},\"potentialAction\":[{\"@type\":\"SearchAction\",\"target\":{\"@type\":\"EntryPoint\",\"urlTemplate\":\"https:\/\/denizcankizil.tr\/?s={search_term_string}\"},\"query-input\":{\"@type\":\"PropertyValueSpecification\",\"valueRequired\":true,\"valueName\":\"search_term_string\"}}],\"inLanguage\":\"de\"},{\"@type\":\"Organization\",\"@id\":\"https:\/\/denizcankizil.tr\/#organization\",\"name\":\"Av. Deniz Can K\u0131z\u0131l\",\"url\":\"https:\/\/denizcankizil.tr\/\",\"logo\":{\"@type\":\"ImageObject\",\"inLanguage\":\"de\",\"@id\":\"https:\/\/denizcankizil.tr\/#\/schema\/logo\/image\/\",\"url\":\"http:\/\/denizcankizil.tr\/wp-content\/uploads\/2024\/10\/siyah-logo-svg.svg\",\"contentUrl\":\"http:\/\/denizcankizil.tr\/wp-content\/uploads\/2024\/10\/siyah-logo-svg.svg\",\"width\":1080,\"height\":1080,\"caption\":\"Av. Deniz Can K\u0131z\u0131l\"},\"image\":{\"@id\":\"https:\/\/denizcankizil.tr\/#\/schema\/logo\/image\/\"}},{\"@type\":\"Person\",\"@id\":\"https:\/\/denizcankizil.tr\/#\/schema\/person\/be3c05fe6a12686905512445d8185489\",\"name\":\"admin\",\"image\":{\"@type\":\"ImageObject\",\"inLanguage\":\"de\",\"@id\":\"https:\/\/denizcankizil.tr\/#\/schema\/person\/image\/\",\"url\":\"https:\/\/secure.gravatar.com\/avatar\/c1fce94c830dc79107e174f890d7210541c4a63e8e5d816341794a2151c9d58c?s=96&d=mm&r=g\",\"contentUrl\":\"https:\/\/secure.gravatar.com\/avatar\/c1fce94c830dc79107e174f890d7210541c4a63e8e5d816341794a2151c9d58c?s=96&d=mm&r=g\",\"caption\":\"admin\"},\"sameAs\":[\"http:\/\/denizcankizil.tr\"],\"url\":\"https:\/\/www.iskenderun.org\/gungor-uzlasma-istiyorsaniz-buradayiz\"}]}<\/script>\n<!-- \/ Yoast SEO Premium plugin. -->","yoast_head_json":{"title":"G\u00fcng\u00f6r: \"Uzla\u015fma \u0130stiyorsan\u0131z Buraday\u0131z\" - Av. Deniz Can K\u0131z\u0131l","robots":{"index":"index","follow":"follow","max-snippet":"max-snippet:-1","max-image-preview":"max-image-preview:large","max-video-preview":"max-video-preview:-1"},"canonical":"http:\/\/denizcankizil.tr\/de\/haberler\/gundem\/gungor-uzlasma-istiyorsaniz-buradayiz\/","og_locale":"de_DE","og_type":"article","og_title":"G\u00fcng\u00f6r: \"Uzla\u015fma \u0130stiyorsan\u0131z Buraday\u0131z\"","og_description":"\u0130\u015f\u00e7i aileleriyle birlikte fabrika \u00f6n\u00fcnde ger\u00e7ekle\u015ftirilen mitingde konu\u015fan \u00d6z\u00e7elik-\u0130\u015f Sendikas\u0131 \u0130skenderun \u015eube Ba\u015fkan\u0131 Mehmet G\u00fcng\u00f6r, s\u00fcregelen toplu i\u015f s\u00f6zle\u015fmesi g\u00f6r\u00fc\u015fmelerinde i\u015fverenin uzla\u015fmaz tutumunu ele\u015ftirirken &#8220;Aral\u0131k ve ocak ay\u0131n\u0131n so\u011fu\u011funda nas\u0131l buradaysak, burada olmaya devam edece\u011fiz. Uzla\u015fma k\u00fclt\u00fcr\u00fcne sahip olmayan bir i\u015fverenle kar\u015f\u0131 kar\u015f\u0131yay\u0131z ama m\u00fccadelemizden hi\u00e7bir \u015fey kaybetmedik. Amac\u0131m\u0131z uzla\u015fmak. E\u011fer i\u015fveren ger\u00e7ekten uzla\u015fma istiyorsa, biz buraday\u0131z&#8221; dedi. Genel Ba\u015fkan De\u011firmenci: &#8220;B\u0131\u00e7ak Kemi\u011fe Dayand\u0131&#8221; \u0130\u015fverenin direncine ve s\u00fcrece dair sert a\u00e7\u0131klamalarda bulunan \u00d6z\u00e7elik-\u0130\u015f Sendikas\u0131 Genel Ba\u015fkan\u0131 Yunus De\u011firmenci de &#8220;Siyasi partiler ve uluslararas\u0131 temsilciler geldi, i\u015fverene mesajlar verdi ama i\u015fveren, \u00e7al\u0131\u015fanlar\u0131n haklar\u0131n\u0131 g\u00f6rmezden gelmeye devam etti. Piyasadaki \u00fccretlerin alt\u0131nda \u00e7al\u0131\u015fmaya zorlanan \u00fcyelerimizle ilgili sabr\u0131m\u0131z\u0131n sonuna geldik. B\u0131\u00e7ak kemi\u011fe dayand\u0131. Depremden etkilenen i\u015f\u00e7ilerin ya\u015fad\u0131\u011f\u0131 zorluklar ortadayken, sonras\u0131nda yaralar\u0131n\u0131 sarmaya \u00e7al\u0131\u015fan emek\u00e7ilerin \u00fczerine, i\u015fverenin duyars\u0131z tutumu eklenmi\u015ftir. \u0130\u015fveren, i\u015f\u00e7ilerin haklar\u0131n\u0131 teslim etmek yerine c\u00fczdan\u0131n\u0131 dinlemeyi tercih etti. Ancak bu s\u00fcre\u00e7, hem i\u015f\u00e7iler hem de i\u015fveren i\u00e7in bir s\u0131navd\u0131r&#8221; diye konu\u015ftu. &#8220;HODR\u0130 MEYDAN!&#8221; Sendikan\u0131n 216 g\u00fcnd\u00fcr m\u00fccadele etti\u011fini, i\u015f\u00e7ilerin haklar\u0131n\u0131 almak i\u00e7in greve \u00e7\u0131kmamakta direndiklerini, uzla\u015fma kap\u0131s\u0131n\u0131 hep aralad\u0131klar\u0131n\u0131 hat\u0131rlatan Genel Ba\u015fkan De\u011firmenci &#8220;Sab\u0131rla ve umutla masada \u00e7\u00f6z\u00fcm arad\u0131k ama sonu\u00e7 alamad\u0131k. Bu m\u00fccadelede son \u00e7are grev oldu. \u0130\u015fveren, \u00e7al\u0131\u015fanlar\u0131n haklar\u0131n\u0131 teslim etmedi\u011fi s\u00fcrece m\u00fccadelemiz devam edecek. Haklar\u0131m\u0131z\u0131 almak i\u00e7in y\u00fcre\u011fimizdeki cesaretle hareket &hellip;","og_url":"http:\/\/denizcankizil.tr\/de\/haberler\/gundem\/gungor-uzlasma-istiyorsaniz-buradayiz\/","og_site_name":"Av. Deniz Can K\u0131z\u0131l","article_published_time":"2025-01-22T15:41:23+00:00","author":"admin","twitter_card":"summary_large_image","twitter_misc":{"Verfasst von":"admin","Gesch\u00e4tzte Lesezeit":"2\u00a0Minuten"},"schema":{"@context":"https:\/\/schema.org","@graph":[{"@type":"Article","@id":"http:\/\/denizcankizil.tr\/de\/haberler\/gundem\/gungor-uzlasma-istiyorsaniz-buradayiz\/#article","isPartOf":{"@id":"http:\/\/denizcankizil.tr\/de\/haberler\/gundem\/gungor-uzlasma-istiyorsaniz-buradayiz\/"},"author":{"name":"admin","@id":"https:\/\/denizcankizil.tr\/#\/schema\/person\/be3c05fe6a12686905512445d8185489"},"headline":"G\u00fcng\u00f6r: &#8220;Uzla\u015fma \u0130stiyorsan\u0131z Buraday\u0131z&#8221;","datePublished":"2025-01-22T15:41:23+00:00","mainEntityOfPage":{"@id":"http:\/\/denizcankizil.tr\/de\/haberler\/gundem\/gungor-uzlasma-istiyorsaniz-buradayiz\/"},"wordCount":427,"commentCount":0,"publisher":{"@id":"https:\/\/denizcankizil.tr\/#organization"},"articleSection":["G\u00fcndem"],"inLanguage":"de","potentialAction":[{"@type":"CommentAction","name":"Comment","target":["http:\/\/denizcankizil.tr\/de\/haberler\/gundem\/gungor-uzlasma-istiyorsaniz-buradayiz\/#respond"]}]},{"@type":"WebPage","@id":"http:\/\/denizcankizil.tr\/de\/haberler\/gundem\/gungor-uzlasma-istiyorsaniz-buradayiz\/","url":"http:\/\/denizcankizil.tr\/de\/haberler\/gundem\/gungor-uzlasma-istiyorsaniz-buradayiz\/","name":"G\u00fcng\u00f6r: \"Uzla\u015fma \u0130stiyorsan\u0131z Buraday\u0131z\" - Av. Deniz Can K\u0131z\u0131l","isPartOf":{"@id":"https:\/\/denizcankizil.tr\/#website"},"datePublished":"2025-01-22T15:41:23+00:00","breadcrumb":{"@id":"http:\/\/denizcankizil.tr\/de\/haberler\/gundem\/gungor-uzlasma-istiyorsaniz-buradayiz\/#breadcrumb"},"inLanguage":"de","potentialAction":[{"@type":"ReadAction","target":["http:\/\/denizcankizil.tr\/de\/haberler\/gundem\/gungor-uzlasma-istiyorsaniz-buradayiz\/"]}]},{"@type":"BreadcrumbList","@id":"http:\/\/denizcankizil.tr\/de\/haberler\/gundem\/gungor-uzlasma-istiyorsaniz-buradayiz\/#breadcrumb","itemListElement":[{"@type":"ListItem","position":1,"name":"Home","item":"https:\/\/denizcankizil.tr\/de\/"},{"@type":"ListItem","position":2,"name":"G\u00fcng\u00f6r: &#8220;Uzla\u015fma \u0130stiyorsan\u0131z Buraday\u0131z&#8221;"}]},{"@type":"WebSite","@id":"https:\/\/denizcankizil.tr\/#website","url":"https:\/\/denizcankizil.tr\/","name":"Av. Deniz Can K\u0131z\u0131l","description":"Avukat Deniz Can K\u0131z\u0131l Antalya Barosu","publisher":{"@id":"https:\/\/denizcankizil.tr\/#organization"},"potentialAction":[{"@type":"SearchAction","target":{"@type":"EntryPoint","urlTemplate":"https:\/\/denizcankizil.tr\/?s={search_term_string}"},"query-input":{"@type":"PropertyValueSpecification","valueRequired":true,"valueName":"search_term_string"}}],"inLanguage":"de"},{"@type":"Organization","@id":"https:\/\/denizcankizil.tr\/#organization","name":"Av. Deniz Can K\u0131z\u0131l","url":"https:\/\/denizcankizil.tr\/","logo":{"@type":"ImageObject","inLanguage":"de","@id":"https:\/\/denizcankizil.tr\/#\/schema\/logo\/image\/","url":"http:\/\/denizcankizil.tr\/wp-content\/uploads\/2024\/10\/siyah-logo-svg.svg","contentUrl":"http:\/\/denizcankizil.tr\/wp-content\/uploads\/2024\/10\/siyah-logo-svg.svg","width":1080,"height":1080,"caption":"Av. Deniz Can K\u0131z\u0131l"},"image":{"@id":"https:\/\/denizcankizil.tr\/#\/schema\/logo\/image\/"}},{"@type":"Person","@id":"https:\/\/denizcankizil.tr\/#\/schema\/person\/be3c05fe6a12686905512445d8185489","name":"Administrator","image":{"@type":"ImageObject","inLanguage":"de","@id":"https:\/\/denizcankizil.tr\/#\/schema\/person\/image\/","url":"https:\/\/secure.gravatar.com\/avatar\/c1fce94c830dc79107e174f890d7210541c4a63e8e5d816341794a2151c9d58c?s=96&d=mm&r=g","contentUrl":"https:\/\/secure.gravatar.com\/avatar\/c1fce94c830dc79107e174f890d7210541c4a63e8e5d816341794a2151c9d58c?s=96&d=mm&r=g","caption":"admin"},"sameAs":["http:\/\/denizcankizil.tr"],"url":"https:\/\/www.iskenderun.org\/gungor-uzlasma-istiyorsaniz-buradayiz"}]}},"_links":{"self":[{"href":"http:\/\/denizcankizil.tr\/de\/wp-json\/wp\/v2\/posts\/26808","targetHints":{"allow":["GET"]}}],"collection":[{"href":"http:\/\/denizcankizil.tr\/de\/wp-json\/wp\/v2\/posts"}],"about":[{"href":"http:\/\/denizcankizil.tr\/de\/wp-json\/wp\/v2\/types\/post"}],"author":[{"embeddable":true,"href":"http:\/\/denizcankizil.tr\/de\/wp-json\/wp\/v2\/users\/1"}],"replies":[{"embeddable":true,"href":"http:\/\/denizcankizil.tr\/de\/wp-json\/wp\/v2\/comments?post=26808"}],"version-history":[{"count":0,"href":"http:\/\/denizcankizil.tr\/de\/wp-json\/wp\/v2\/posts\/26808\/revisions"}],"wp:attachment":[{"href":"http:\/\/denizcankizil.tr\/de\/wp-json\/wp\/v2\/media?parent=26808"}],"wp:term":[{"taxonomy":"category","embeddable":true,"href":"http:\/\/denizcankizil.tr\/de\/wp-json\/wp\/v2\/categories?post=26808"},{"taxonomy":"post_tag","embeddable":true,"href":"http:\/\/denizcankizil.tr\/de\/wp-json\/wp\/v2\/tags?post=26808"}],"curies":[{"name":"wp","href":"https:\/\/api.w.org\/{rel}","templated":true}]}}