{"id":26443,"date":"2025-01-21T11:41:18","date_gmt":"2025-01-21T08:41:18","guid":{"rendered":"https:\/\/denizcankizil.tr\/uncategorized-tr\/cekici-cinayetindeki-supheli-cinayeti-nasil-isledigini-anlatti\/"},"modified":"2025-01-21T11:41:18","modified_gmt":"2025-01-21T08:41:18","slug":"cekici-cinayetindeki-supheli-cinayeti-nasil-isledigini-anlatti","status":"publish","type":"post","link":"http:\/\/denizcankizil.tr\/de\/haberler\/antalya\/cekici-cinayetindeki-supheli-cinayeti-nasil-isledigini-anlatti\/","title":{"rendered":"\u00c7ekici cinayetindeki \u015f\u00fcpheli, cinayeti nas\u0131l i\u015fledi\u011fini anlatt\u0131"},"content":{"rendered":"<p>Antalya\u2019n\u0131n Kepez il\u00e7esi Kuzeyyaka Mahallesi 2531 Sokak \u00fczerinde 8 A\u011fustos g\u00fcn\u00fc gece saat 03.30 s\u0131ralar\u0131nda meydana gelen olayda, Antalya \u015eof\u00f6rler ve Otomobilciler Odas\u0131\u2019na ait 07 ASC 757 plakal\u0131 \u00e7ekicide \u015fof\u00f6r olarak \u00e7al\u0131\u015fan Mert Engin (26), bir arkada\u015f\u0131n\u0131n bozulan arac\u0131n\u0131 \u00e7ekmek i\u00e7in verilen adrese gitti. Burada, arac\u0131 \u00e7ekiciye y\u00fckleyece\u011fi s\u0131rada iddiaya g\u00f6re yan\u0131na otomobille Batuhan Domurcuk geldi. Engin ve Domurcuk aras\u0131nda yine iddiaya g\u00f6re patinaj \u00e7ekme nedeniyle tart\u0131\u015fma \u00e7\u0131kt\u0131. Bu s\u0131rada, olay yerine Batuhan Domurcuk\u2019un karde\u015fi D.D. de (17) geldi. Engin ve 2 karde\u015f aras\u0131nda patinaj ve g\u00fcr\u00fclt\u00fc nedeniyle \u00e7\u0131kt\u0131\u011f\u0131 \u00f6ne s\u00fcr\u00fclen tart\u0131\u015fma kavgaya d\u00f6n\u00fc\u015ft\u00fc.<br \/>\nKavga s\u0131ras\u0131nda Batuhan Domurcuk, arac\u0131ndan ald\u0131\u011f\u0131 tabanca ile \u00f6nce havaya 2-3 el ate\u015f etti. Ard\u0131ndan, karde\u015fi ile yerde kavga eden Mert Engin\u2019in ba\u015f\u0131na bir el ate\u015f etti. Batuhan Domurcuk ve karde\u015fi olay yerinden ka\u00e7arken, \u00e7evredekiler polise ve sa\u011fl\u0131k ekiplerine haber verdi. Gelen sa\u011fl\u0131k ekipleri Mert Engin\u2019in hayat\u0131n\u0131 kaybetti\u011fini belirtirken, ka\u00e7an Batuhan Domurcuk, birka\u00e7 g\u00fcn Konyaalt\u0131 Sahili\u2019nde kald\u0131ktan sonra polise teslim oldu. Mert Engin\u2019in cenazesi savc\u0131l\u0131k ve otopsi i\u015flemlerinin ard\u0131ndan ailesi ve yak\u0131nlar\u0131 taraf\u0131ndan Uncal\u0131 Mezarl\u0131\u011f\u0131\u2019nda defnedildi. \u00d6te yandan, Mert Engin\u2019in ni\u015fanl\u0131 oldu\u011fu ve d\u00fc\u011f\u00fcn haz\u0131rl\u0131klar\u0131 yapt\u0131\u011f\u0131, 2 ay sonra evlenece\u011fi \u00f6\u011frenildi.<br \/>\nOlayla ilgili olarak, Antalya Cumhuriyet Ba\u015fsavc\u0131l\u0131\u011f\u0131 taraf\u0131ndan haz\u0131rlanan iddianame, Antalya 5. A\u011f\u0131r Ceza Mahkemesi\u2019nce kabul edildi.<br \/>\n\u0130ddianamede, olayla ilgili olarak ilgin\u00e7 detaylara yer verildi.<\/p>\n<p>\u015e\u00fcpheli s\u0131fat\u0131yla iddianamede yer alan Batuhan Domurcuk, cinayeti nas\u0131l i\u015fledi\u011fini anlatt\u0131. Olayda kulland\u0131\u011f\u0131 tabancay\u0131 4 g\u00fcn \u00f6nce bir arkada\u015f\u0131ndan ald\u0131\u011f\u0131n\u0131 belirten Domurcuk, savunmas\u0131nda \u015funlar\u0131 s\u00f6yledi:<br \/>\n\u201cTabancay\u0131, 4 A\u011fustos tarihinde yap\u0131lan ni\u015fan\u0131mda havaya ate\u015f etmek i\u00e7in alm\u0131\u015ft\u0131m. Ni\u015fanda kavga \u00e7\u0131kt\u0131. Kavgada boynumdan ve ba\u015f\u0131mdan yaraland\u0131m. Sonras\u0131nda ni\u015fanl\u0131m\u0131n ailesi ile aramda husumet olu\u015ftu. Bundan dolay\u0131 arkada\u015f\u0131m silah\u0131 benden almak istemedi. Olay g\u00fcn\u00fc saat 02.30\u2019da sebze haline gitmek i\u00e7in kamyonetime bindim ancak \u00e7al\u0131\u015ft\u0131ramad\u0131m. Yan\u0131mda bir arkada\u015f\u0131mda vard\u0131. Bu s\u0131rada, maktul kulland\u0131\u011f\u0131 \u00e7ekici ile patinaj \u00e7ekerek \u00fczerimize do\u011fru geldi. Y\u00fcksek m\u00fczik \u00e7al\u0131yordu. Ben de kendisine, \u2018Ne yap\u0131yorsun karde\u015fim, saat gecenin ka\u00e7\u0131, \u00e7oluk \u00e7ocuk \u00e7\u0131kar\u2019 diyerek tepki g\u00f6sterdim. Maktul bana, \u2018Boynunun bir taraf\u0131 kesik, di\u011fer taraf\u0131n\u0131 da ben kesmemeyim. Keyfimin kahyas\u0131 m\u0131s\u0131n?\u2019 dedi. Ben de maktule, \u2018Sen benimle nas\u0131l konu\u015fuyorsun\u2019 dememin ard\u0131ndan maktul arac\u0131ndan inerek sinkafl\u0131 konu\u015ftu. Bana yumruk att\u0131. Ard\u0131ndan maktul\u00fc tan\u0131\u015fan 3 taksici gelerek beni kollar\u0131mdan tuttu. Bu taksiciler olay yeri civar\u0131nda ikamet ediyorlar. Taksiciler beni tuttu, maktul darp etti. Arkada\u015f\u0131m ise korkudan hi\u00e7bir \u015fey yapamad\u0131. Bu s\u0131rada karde\u015fim, arkada\u015f\u0131m\u0131n arac\u0131yla olay yerine geldi. Maktul\u00fcn beni darp etti\u011fini g\u00f6r\u00fcnce \u2018ne oluyor burada?\u2019 diyerek ba\u011f\u0131rd\u0131. Bunun akabinde maktul beni b\u0131rakarak, karde\u015fime d\u00f6n\u00fcp, sinkafl\u0131 konu\u015ftu. Ard\u0131ndan karde\u015fime sald\u0131rd\u0131. Taksiciler bu s\u0131rada beni b\u0131rakarak yerdeki karde\u015fimin eline bas\u0131yorlard\u0131. Maktul de karde\u015fimin \u00fczerine \u00e7\u0131km\u0131\u015f yumruk at\u0131yordu. Ben de arkada\u015f\u0131m\u0131n arac\u0131nda bulunan silah\u0131 alarak havaya iki el ate\u015f ettim. Ate\u015f etmem \u00fczerine taksiciler karde\u015fimin \u00fczerinden kalkt\u0131. Bu s\u0131rada maktul\u00fcn elini beline g\u00f6t\u00fcrd\u00fc\u011f\u00fcn\u00fc g\u00f6rd\u00fcm. Maktul\u00fcn karde\u015fimi b\u0131\u00e7aklayaca\u011f\u0131n\u0131 d\u00fc\u015f\u00fcnerek silah\u0131n kabzas\u0131 ile maktul\u00fcn kafas\u0131na vurmak istedim. Ancak vuramad\u0131m. Silah\u0131 savurdu\u011fum s\u0131rada elimden f\u0131rlad\u0131. Ve bir anda ate\u015f ald\u0131. Kesinlikle maktul\u00fc \u00f6ld\u00fcrmek gibi bir kast\u0131m yoktu\u201d dedi.<br \/>\n\u0130ddianamede olaya tan\u0131k olanlar\u0131n bilgilerine de yer verildi.<br \/>\nTan\u0131k F.B., Batuhan\u2019\u0131n arkada\u015f\u0131 oldu\u011funu ve olay s\u0131ras\u0131nda orada oldu\u011funu belirterek, \u201c\u00c7ekici patinaj yap\u0131yordu. Batuhan maktul\u00fc uyard\u0131. Maktul\u00fcn de \u2018hay\u0131rd\u0131r lan\u2019 dedi\u011fini duydum. Sonra aras\u0131ndan inerek Batuhan\u2019a sald\u0131rd\u0131. Birbirleri ile yumrukla\u015ft\u0131lar. K\u0131sa s\u00fcre sonra Batuhan\u2019\u0131n karde\u015fi geldi. Kavgaya dahil oldu. Kavga s\u0131ras\u0131nda Batuhan\u2019\u0131 tutuyordum. Sonra bana \u2018karde\u015fimi d\u00f6v\u00fcyor\u2019 dedikten sonra onu b\u0131rakt\u0131m. Do\u011fukan maktule do\u011fru ko\u015ftu. Sonra patlama sesi geldi ve ara\u00e7lar\u0131n aras\u0131na e\u011filerek kendimi korumaya \u00e7al\u0131\u015ft\u0131m. Olay yerine d\u00f6n\u00fcp bakt\u0131\u011f\u0131mda Batuhan\u2019\u0131n elinde tabanca g\u00f6rd\u00fcm. Havaya ate\u015f ederek maktule do\u011fru y\u00fcr\u00fcd\u00fc. Olay yerinden uzakla\u015fmaya \u00e7al\u0131\u015f\u0131rken bir el daha silah sesi duydum. Tekrar geri d\u00f6n\u00fcp bakt\u0131\u011f\u0131mda Batuhan arac\u0131na binerek uzak yerinden ka\u00e7\u0131yordu\u201d dedi.<br \/>\nTan\u0131k \u00d6.Y.G. de arkada\u015f\u0131n\u0131n bozulan arac\u0131 i\u00e7in \u00e7ekici \u00e7a\u011f\u0131rd\u0131klar\u0131n\u0131, soka\u011f\u0131n ba\u015f\u0131nda \u00e7ekicinin yana\u015fmas\u0131n\u0131 beklerken ba\u011fr\u0131\u015fma sesleri duydu\u011funu ifade ederek, \u201cOlay yerine bakt\u0131\u011f\u0131mda Batuhan ve karde\u015fi Mert\u2019i darp ediyordu. B.\u00c7 ve C.\u00c7.\u2019yi \u00e7a\u011f\u0131rd\u0131m. Taraflar\u0131 ay\u0131rmaya \u00e7al\u0131\u015ft\u0131k. Batuhan ara\u00e7tan silah alarak yerde yatan Mert\u2019in kafas\u0131na do\u011fru vurur gibi elini sert\u00e7e indirdi. O s\u0131rada silah patlad\u0131 ve Mert ba\u015f\u0131ndan vuruldu. Batuhan ise olay yerinden ka\u00e7t\u0131.<br \/>\nTan\u0131k, C.\u00c7. ise arac\u0131n\u0131n bozuldu\u011funu ve Mert\u2019i \u00e7a\u011f\u0131rd\u0131\u011f\u0131n\u0131 s\u00f6yleyerek, \u201cMert \u00e7ekiciyi geri geri arac\u0131m\u0131n bulundu\u011fu otopark kap\u0131s\u0131na yana\u015ft\u0131rmak istedi. Bu s\u0131rada ben arac\u0131mla u\u011fra\u015f\u0131yordum. Ba\u011fr\u0131\u015fma sesleri duydum. Olay yerine gitti\u011fimde isimlerini sonradan \u00f6\u011frendi\u011fim iki karde\u015f Mert\u2019i tekmeliyorlard\u0131. Batuhan bu s\u0131rada, \u2018Sen kimsin burada patinaj \u00e7ekiyorsun? Ben bu mahallenin \u00e7ocu\u011fuyum. Buna m\u00fcsaade etmem\u2019 dedi\u011fini duydum. Kavgay\u0131 ay\u0131rmaya \u00e7al\u0131\u015f\u0131rken, Batuhan elinde silahla havaya \u00fc\u00e7 el ate\u015f ederek Mert\u2019e do\u011fru y\u00fcr\u00fcd\u00fc. Mert yerdeydi. Sonra patlama sesi duydum. Ard\u0131ndan Batuhan olay yerinden ka\u00e7t\u0131\u201d diye konu\u015ftu.<br \/>\nM\u00fc\u015fteki s\u0131fat\u0131yla ifade veren Erhan Engin ise o\u011flunun 2 ayd\u0131r \u00e7ekicilik yapt\u0131\u011f\u0131n\u0131, \u00f6l\u00fcm\u00fcnden dolay\u0131 sorumlulardan \u015fik\u00e2yet\u00e7i oldu\u011funu s\u00f6yledi.<\/p>\n<p>Kaynak: www.kanalv.com.tr Haber Sitesinden Al\u0131nm\u0131\u015ft\u0131r.<\/p>","protected":false},"excerpt":{"rendered":"<p>Antalya\u2019n\u0131n Kepez il\u00e7esi Kuzeyyaka Mahallesi 2531 Sokak \u00fczerinde 8 A\u011fustos g\u00fcn\u00fc gece saat 03.30 s\u0131ralar\u0131nda meydana gelen olayda, Antalya \u015eof\u00f6rler ve Otomobilciler Odas\u0131\u2019na ait 07 ASC 757 plakal\u0131 \u00e7ekicide \u015fof\u00f6r olarak \u00e7al\u0131\u015fan Mert Engin (26), bir arkada\u015f\u0131n\u0131n bozulan arac\u0131n\u0131 \u00e7ekmek i\u00e7in verilen adrese gitti. Burada, arac\u0131 \u00e7ekiciye y\u00fckleyece\u011fi s\u0131rada iddiaya g\u00f6re yan\u0131na otomobille Batuhan Domurcuk geldi. Engin ve Domurcuk aras\u0131nda yine iddiaya g\u00f6re patinaj \u00e7ekme nedeniyle tart\u0131\u015fma \u00e7\u0131kt\u0131. Bu s\u0131rada, olay yerine Batuhan Domurcuk\u2019un karde\u015fi D.D. de (17) geldi. Engin ve 2 karde\u015f aras\u0131nda patinaj ve g\u00fcr\u00fclt\u00fc nedeniyle \u00e7\u0131kt\u0131\u011f\u0131 \u00f6ne s\u00fcr\u00fclen tart\u0131\u015fma kavgaya d\u00f6n\u00fc\u015ft\u00fc. Kavga s\u0131ras\u0131nda Batuhan Domurcuk, arac\u0131ndan ald\u0131\u011f\u0131 tabanca ile \u00f6nce havaya 2-3 el ate\u015f etti. Ard\u0131ndan, karde\u015fi ile yerde kavga eden Mert Engin\u2019in ba\u015f\u0131na bir el ate\u015f etti. Batuhan Domurcuk ve karde\u015fi olay yerinden ka\u00e7arken, \u00e7evredekiler polise ve sa\u011fl\u0131k ekiplerine haber verdi. Gelen sa\u011fl\u0131k ekipleri Mert Engin\u2019in hayat\u0131n\u0131 kaybetti\u011fini belirtirken, ka\u00e7an Batuhan Domurcuk, birka\u00e7 g\u00fcn Konyaalt\u0131 Sahili\u2019nde kald\u0131ktan sonra polise teslim oldu. Mert Engin\u2019in cenazesi savc\u0131l\u0131k ve otopsi i\u015flemlerinin ard\u0131ndan ailesi ve yak\u0131nlar\u0131 taraf\u0131ndan Uncal\u0131 Mezarl\u0131\u011f\u0131\u2019nda defnedildi. \u00d6te yandan, Mert Engin\u2019in ni\u015fanl\u0131 oldu\u011fu ve d\u00fc\u011f\u00fcn haz\u0131rl\u0131klar\u0131 yapt\u0131\u011f\u0131, 2 ay sonra evlenece\u011fi \u00f6\u011frenildi. Olayla ilgili olarak, Antalya Cumhuriyet Ba\u015fsavc\u0131l\u0131\u011f\u0131 taraf\u0131ndan haz\u0131rlanan iddianame, Antalya 5. A\u011f\u0131r Ceza Mahkemesi\u2019nce kabul &hellip;<\/p>","protected":false},"author":4,"featured_media":26444,"comment_status":"open","ping_status":"open","sticky":false,"template":"","format":"standard","meta":{"_acf_changed":false,"footnotes":""},"categories":[26],"tags":[],"class_list":["post-26443","post","type-post","status-publish","format-standard","has-post-thumbnail","hentry","category-antalya"],"acf":[],"yoast_head":"<!-- This site is optimized with the Yoast SEO Premium plugin v26.6 (Yoast SEO v27.1.1) - https:\/\/yoast.com\/product\/yoast-seo-premium-wordpress\/ -->\n<title>\u00c7ekici cinayetindeki \u015f\u00fcpheli, cinayeti nas\u0131l i\u015fledi\u011fini anlatt\u0131 - Av. Deniz Can K\u0131z\u0131l<\/title>\n<meta name=\"robots\" content=\"index, follow, max-snippet:-1, max-image-preview:large, max-video-preview:-1\" \/>\n<link rel=\"canonical\" href=\"https:\/\/denizcankizil.tr\/de\/haberler\/antalya\/cekici-cinayetindeki-supheli-cinayeti-nasil-isledigini-anlatti\/\" \/>\n<meta property=\"og:locale\" content=\"de_DE\" \/>\n<meta property=\"og:type\" content=\"article\" \/>\n<meta property=\"og:title\" content=\"\u00c7ekici cinayetindeki \u015f\u00fcpheli, cinayeti nas\u0131l i\u015fledi\u011fini anlatt\u0131\" \/>\n<meta property=\"og:description\" content=\"Antalya\u2019n\u0131n Kepez il\u00e7esi Kuzeyyaka Mahallesi 2531 Sokak \u00fczerinde 8 A\u011fustos g\u00fcn\u00fc gece saat 03.30 s\u0131ralar\u0131nda meydana gelen olayda, Antalya \u015eof\u00f6rler ve Otomobilciler Odas\u0131\u2019na ait 07 ASC 757 plakal\u0131 \u00e7ekicide \u015fof\u00f6r olarak \u00e7al\u0131\u015fan Mert Engin (26), bir arkada\u015f\u0131n\u0131n bozulan arac\u0131n\u0131 \u00e7ekmek i\u00e7in verilen adrese gitti. Burada, arac\u0131 \u00e7ekiciye y\u00fckleyece\u011fi s\u0131rada iddiaya g\u00f6re yan\u0131na otomobille Batuhan Domurcuk geldi. Engin ve Domurcuk aras\u0131nda yine iddiaya g\u00f6re patinaj \u00e7ekme nedeniyle tart\u0131\u015fma \u00e7\u0131kt\u0131. Bu s\u0131rada, olay yerine Batuhan Domurcuk\u2019un karde\u015fi D.D. de (17) geldi. Engin ve 2 karde\u015f aras\u0131nda patinaj ve g\u00fcr\u00fclt\u00fc nedeniyle \u00e7\u0131kt\u0131\u011f\u0131 \u00f6ne s\u00fcr\u00fclen tart\u0131\u015fma kavgaya d\u00f6n\u00fc\u015ft\u00fc. Kavga s\u0131ras\u0131nda Batuhan Domurcuk, arac\u0131ndan ald\u0131\u011f\u0131 tabanca ile \u00f6nce havaya 2-3 el ate\u015f etti. Ard\u0131ndan, karde\u015fi ile yerde kavga eden Mert Engin\u2019in ba\u015f\u0131na bir el ate\u015f etti. Batuhan Domurcuk ve karde\u015fi olay yerinden ka\u00e7arken, \u00e7evredekiler polise ve sa\u011fl\u0131k ekiplerine haber verdi. Gelen sa\u011fl\u0131k ekipleri Mert Engin\u2019in hayat\u0131n\u0131 kaybetti\u011fini belirtirken, ka\u00e7an Batuhan Domurcuk, birka\u00e7 g\u00fcn Konyaalt\u0131 Sahili\u2019nde kald\u0131ktan sonra polise teslim oldu. Mert Engin\u2019in cenazesi savc\u0131l\u0131k ve otopsi i\u015flemlerinin ard\u0131ndan ailesi ve yak\u0131nlar\u0131 taraf\u0131ndan Uncal\u0131 Mezarl\u0131\u011f\u0131\u2019nda defnedildi. \u00d6te yandan, Mert Engin\u2019in ni\u015fanl\u0131 oldu\u011fu ve d\u00fc\u011f\u00fcn haz\u0131rl\u0131klar\u0131 yapt\u0131\u011f\u0131, 2 ay sonra evlenece\u011fi \u00f6\u011frenildi. Olayla ilgili olarak, Antalya Cumhuriyet Ba\u015fsavc\u0131l\u0131\u011f\u0131 taraf\u0131ndan haz\u0131rlanan iddianame, Antalya 5. A\u011f\u0131r Ceza Mahkemesi\u2019nce kabul &hellip;\" \/>\n<meta property=\"og:url\" content=\"https:\/\/denizcankizil.tr\/de\/haberler\/antalya\/cekici-cinayetindeki-supheli-cinayeti-nasil-isledigini-anlatti\/\" \/>\n<meta property=\"og:site_name\" content=\"Av. Deniz Can K\u0131z\u0131l\" \/>\n<meta property=\"article:published_time\" content=\"2025-01-21T08:41:18+00:00\" \/>\n<meta property=\"og:image\" content=\"https:\/\/denizcankizil.tr\/wp-content\/uploads\/2025\/01\/4243-01-pTjXtu.jpeg\" \/>\n\t<meta property=\"og:image:width\" content=\"1280\" \/>\n\t<meta property=\"og:image:height\" content=\"720\" \/>\n\t<meta property=\"og:image:type\" content=\"image\/jpeg\" \/>\n<meta name=\"author\" content=\"Av. Deniz Can K\u0131z\u0131l\" \/>\n<meta name=\"twitter:card\" content=\"summary_large_image\" \/>\n<meta name=\"twitter:label1\" content=\"Verfasst von\" \/>\n\t<meta name=\"twitter:data1\" content=\"Av. Deniz Can K\u0131z\u0131l\" \/>\n\t<meta name=\"twitter:label2\" content=\"Gesch\u00e4tzte Lesezeit\" \/>\n\t<meta name=\"twitter:data2\" content=\"5\u00a0Minuten\" \/>\n<script type=\"application\/ld+json\" class=\"yoast-schema-graph\">{\"@context\":\"https:\/\/schema.org\",\"@graph\":[{\"@type\":\"Article\",\"@id\":\"https:\/\/denizcankizil.tr\/ru\/haberler\/antalya\/cekici-cinayetindeki-supheli-cinayeti-nasil-isledigini-anlatti\/#article\",\"isPartOf\":{\"@id\":\"https:\/\/denizcankizil.tr\/ru\/haberler\/antalya\/cekici-cinayetindeki-supheli-cinayeti-nasil-isledigini-anlatti\/\"},\"author\":{\"name\":\"Av. Deniz Can K\u0131z\u0131l\",\"@id\":\"https:\/\/denizcankizil.tr\/de\/#\/schema\/person\/5dc1b22991bd7ac833867c10afc9b0ff\"},\"headline\":\"\u00c7ekici cinayetindeki \u015f\u00fcpheli, cinayeti nas\u0131l i\u015fledi\u011fini anlatt\u0131\",\"datePublished\":\"2025-01-21T08:41:18+00:00\",\"mainEntityOfPage\":{\"@id\":\"https:\/\/denizcankizil.tr\/ru\/haberler\/antalya\/cekici-cinayetindeki-supheli-cinayeti-nasil-isledigini-anlatti\/\"},\"wordCount\":1069,\"commentCount\":0,\"publisher\":{\"@id\":\"https:\/\/denizcankizil.tr\/de\/#organization\"},\"image\":{\"@id\":\"https:\/\/denizcankizil.tr\/ru\/haberler\/antalya\/cekici-cinayetindeki-supheli-cinayeti-nasil-isledigini-anlatti\/#primaryimage\"},\"thumbnailUrl\":\"http:\/\/denizcankizil.tr\/wp-content\/uploads\/2025\/01\/4243-01-pTjXtu.jpeg\",\"articleSection\":[\"Antalya\"],\"inLanguage\":\"de\",\"potentialAction\":[{\"@type\":\"CommentAction\",\"name\":\"Comment\",\"target\":[\"https:\/\/denizcankizil.tr\/ru\/haberler\/antalya\/cekici-cinayetindeki-supheli-cinayeti-nasil-isledigini-anlatti\/#respond\"]}]},{\"@type\":\"WebPage\",\"@id\":\"https:\/\/denizcankizil.tr\/ru\/haberler\/antalya\/cekici-cinayetindeki-supheli-cinayeti-nasil-isledigini-anlatti\/\",\"url\":\"https:\/\/denizcankizil.tr\/ru\/haberler\/antalya\/cekici-cinayetindeki-supheli-cinayeti-nasil-isledigini-anlatti\/\",\"name\":\"\u00c7ekici cinayetindeki \u015f\u00fcpheli, cinayeti nas\u0131l i\u015fledi\u011fini anlatt\u0131 - Av. Deniz Can K\u0131z\u0131l\",\"isPartOf\":{\"@id\":\"https:\/\/denizcankizil.tr\/de\/#website\"},\"primaryImageOfPage\":{\"@id\":\"https:\/\/denizcankizil.tr\/ru\/haberler\/antalya\/cekici-cinayetindeki-supheli-cinayeti-nasil-isledigini-anlatti\/#primaryimage\"},\"image\":{\"@id\":\"https:\/\/denizcankizil.tr\/ru\/haberler\/antalya\/cekici-cinayetindeki-supheli-cinayeti-nasil-isledigini-anlatti\/#primaryimage\"},\"thumbnailUrl\":\"http:\/\/denizcankizil.tr\/wp-content\/uploads\/2025\/01\/4243-01-pTjXtu.jpeg\",\"datePublished\":\"2025-01-21T08:41:18+00:00\",\"breadcrumb\":{\"@id\":\"https:\/\/denizcankizil.tr\/ru\/haberler\/antalya\/cekici-cinayetindeki-supheli-cinayeti-nasil-isledigini-anlatti\/#breadcrumb\"},\"inLanguage\":\"de\",\"potentialAction\":[{\"@type\":\"ReadAction\",\"target\":[\"https:\/\/denizcankizil.tr\/ru\/haberler\/antalya\/cekici-cinayetindeki-supheli-cinayeti-nasil-isledigini-anlatti\/\"]}]},{\"@type\":\"ImageObject\",\"inLanguage\":\"de\",\"@id\":\"https:\/\/denizcankizil.tr\/ru\/haberler\/antalya\/cekici-cinayetindeki-supheli-cinayeti-nasil-isledigini-anlatti\/#primaryimage\",\"url\":\"http:\/\/denizcankizil.tr\/wp-content\/uploads\/2025\/01\/4243-01-pTjXtu.jpeg\",\"contentUrl\":\"http:\/\/denizcankizil.tr\/wp-content\/uploads\/2025\/01\/4243-01-pTjXtu.jpeg\",\"width\":1280,\"height\":720},{\"@type\":\"BreadcrumbList\",\"@id\":\"https:\/\/denizcankizil.tr\/ru\/haberler\/antalya\/cekici-cinayetindeki-supheli-cinayeti-nasil-isledigini-anlatti\/#breadcrumb\",\"itemListElement\":[{\"@type\":\"ListItem\",\"position\":1,\"name\":\"Home\",\"item\":\"https:\/\/denizcankizil.tr\/de\/\"},{\"@type\":\"ListItem\",\"position\":2,\"name\":\"\u00c7ekici cinayetindeki \u015f\u00fcpheli, cinayeti nas\u0131l i\u015fledi\u011fini anlatt\u0131\"}]},{\"@type\":\"WebSite\",\"@id\":\"https:\/\/denizcankizil.tr\/de\/#website\",\"url\":\"https:\/\/denizcankizil.tr\/de\/\",\"name\":\"Av. Deniz Can K\u0131z\u0131l\",\"description\":\"Avukat Deniz Can K\u0131z\u0131l Antalya Barosu\",\"publisher\":{\"@id\":\"https:\/\/denizcankizil.tr\/de\/#organization\"},\"potentialAction\":[{\"@type\":\"SearchAction\",\"target\":{\"@type\":\"EntryPoint\",\"urlTemplate\":\"https:\/\/denizcankizil.tr\/de\/?s={search_term_string}\"},\"query-input\":{\"@type\":\"PropertyValueSpecification\",\"valueRequired\":true,\"valueName\":\"search_term_string\"}}],\"inLanguage\":\"de\"},{\"@type\":\"Organization\",\"@id\":\"https:\/\/denizcankizil.tr\/de\/#organization\",\"name\":\"Av. Deniz Can K\u0131z\u0131l\",\"url\":\"https:\/\/denizcankizil.tr\/de\/\",\"logo\":{\"@type\":\"ImageObject\",\"inLanguage\":\"de\",\"@id\":\"https:\/\/denizcankizil.tr\/de\/#\/schema\/logo\/image\/\",\"url\":\"http:\/\/denizcankizil.tr\/wp-content\/uploads\/2024\/10\/siyah-logo-svg.svg\",\"contentUrl\":\"http:\/\/denizcankizil.tr\/wp-content\/uploads\/2024\/10\/siyah-logo-svg.svg\",\"width\":1080,\"height\":1080,\"caption\":\"Av. Deniz Can K\u0131z\u0131l\"},\"image\":{\"@id\":\"https:\/\/denizcankizil.tr\/de\/#\/schema\/logo\/image\/\"}},{\"@type\":\"Person\",\"@id\":\"https:\/\/denizcankizil.tr\/de\/#\/schema\/person\/5dc1b22991bd7ac833867c10afc9b0ff\",\"name\":\"Av. Deniz Can K\u0131z\u0131l\",\"image\":{\"@type\":\"ImageObject\",\"inLanguage\":\"de\",\"@id\":\"https:\/\/denizcankizil.tr\/de\/#\/schema\/person\/image\/\",\"url\":\"https:\/\/secure.gravatar.com\/avatar\/a0b128fb9855c79efc976d5640eedb31dc35ec297594d6016d2cf7c60e975bb6?s=96&d=mm&r=g\",\"contentUrl\":\"https:\/\/secure.gravatar.com\/avatar\/a0b128fb9855c79efc976d5640eedb31dc35ec297594d6016d2cf7c60e975bb6?s=96&d=mm&r=g\",\"caption\":\"Av. Deniz Can K\u0131z\u0131l\"},\"sameAs\":[\"http:\/\/www.denizcankizil.tr\"],\"url\":\"http:\/\/denizcankizil.tr\/de\/author\/denizcankizil\/\"}]}<\/script>\n<!-- \/ Yoast SEO Premium plugin. -->","yoast_head_json":{"title":"\u00c7ekici cinayetindeki \u015f\u00fcpheli, cinayeti nas\u0131l i\u015fledi\u011fini anlatt\u0131 - Av. Deniz Can K\u0131z\u0131l","robots":{"index":"index","follow":"follow","max-snippet":"max-snippet:-1","max-image-preview":"max-image-preview:large","max-video-preview":"max-video-preview:-1"},"canonical":"https:\/\/denizcankizil.tr\/de\/haberler\/antalya\/cekici-cinayetindeki-supheli-cinayeti-nasil-isledigini-anlatti\/","og_locale":"de_DE","og_type":"article","og_title":"\u00c7ekici cinayetindeki \u015f\u00fcpheli, cinayeti nas\u0131l i\u015fledi\u011fini anlatt\u0131","og_description":"Antalya\u2019n\u0131n Kepez il\u00e7esi Kuzeyyaka Mahallesi 2531 Sokak \u00fczerinde 8 A\u011fustos g\u00fcn\u00fc gece saat 03.30 s\u0131ralar\u0131nda meydana gelen olayda, Antalya \u015eof\u00f6rler ve Otomobilciler Odas\u0131\u2019na ait 07 ASC 757 plakal\u0131 \u00e7ekicide \u015fof\u00f6r olarak \u00e7al\u0131\u015fan Mert Engin (26), bir arkada\u015f\u0131n\u0131n bozulan arac\u0131n\u0131 \u00e7ekmek i\u00e7in verilen adrese gitti. Burada, arac\u0131 \u00e7ekiciye y\u00fckleyece\u011fi s\u0131rada iddiaya g\u00f6re yan\u0131na otomobille Batuhan Domurcuk geldi. Engin ve Domurcuk aras\u0131nda yine iddiaya g\u00f6re patinaj \u00e7ekme nedeniyle tart\u0131\u015fma \u00e7\u0131kt\u0131. Bu s\u0131rada, olay yerine Batuhan Domurcuk\u2019un karde\u015fi D.D. de (17) geldi. Engin ve 2 karde\u015f aras\u0131nda patinaj ve g\u00fcr\u00fclt\u00fc nedeniyle \u00e7\u0131kt\u0131\u011f\u0131 \u00f6ne s\u00fcr\u00fclen tart\u0131\u015fma kavgaya d\u00f6n\u00fc\u015ft\u00fc. Kavga s\u0131ras\u0131nda Batuhan Domurcuk, arac\u0131ndan ald\u0131\u011f\u0131 tabanca ile \u00f6nce havaya 2-3 el ate\u015f etti. Ard\u0131ndan, karde\u015fi ile yerde kavga eden Mert Engin\u2019in ba\u015f\u0131na bir el ate\u015f etti. Batuhan Domurcuk ve karde\u015fi olay yerinden ka\u00e7arken, \u00e7evredekiler polise ve sa\u011fl\u0131k ekiplerine haber verdi. Gelen sa\u011fl\u0131k ekipleri Mert Engin\u2019in hayat\u0131n\u0131 kaybetti\u011fini belirtirken, ka\u00e7an Batuhan Domurcuk, birka\u00e7 g\u00fcn Konyaalt\u0131 Sahili\u2019nde kald\u0131ktan sonra polise teslim oldu. Mert Engin\u2019in cenazesi savc\u0131l\u0131k ve otopsi i\u015flemlerinin ard\u0131ndan ailesi ve yak\u0131nlar\u0131 taraf\u0131ndan Uncal\u0131 Mezarl\u0131\u011f\u0131\u2019nda defnedildi. \u00d6te yandan, Mert Engin\u2019in ni\u015fanl\u0131 oldu\u011fu ve d\u00fc\u011f\u00fcn haz\u0131rl\u0131klar\u0131 yapt\u0131\u011f\u0131, 2 ay sonra evlenece\u011fi \u00f6\u011frenildi. Olayla ilgili olarak, Antalya Cumhuriyet Ba\u015fsavc\u0131l\u0131\u011f\u0131 taraf\u0131ndan haz\u0131rlanan iddianame, Antalya 5. A\u011f\u0131r Ceza Mahkemesi\u2019nce kabul &hellip;","og_url":"https:\/\/denizcankizil.tr\/de\/haberler\/antalya\/cekici-cinayetindeki-supheli-cinayeti-nasil-isledigini-anlatti\/","og_site_name":"Av. Deniz Can K\u0131z\u0131l","article_published_time":"2025-01-21T08:41:18+00:00","og_image":[{"width":1280,"height":720,"url":"https:\/\/denizcankizil.tr\/wp-content\/uploads\/2025\/01\/4243-01-pTjXtu.jpeg","type":"image\/jpeg"}],"author":"Av. Deniz Can K\u0131z\u0131l","twitter_card":"summary_large_image","twitter_misc":{"Verfasst von":"Av. Deniz Can K\u0131z\u0131l","Gesch\u00e4tzte Lesezeit":"5\u00a0Minuten"},"schema":{"@context":"https:\/\/schema.org","@graph":[{"@type":"Article","@id":"https:\/\/denizcankizil.tr\/ru\/haberler\/antalya\/cekici-cinayetindeki-supheli-cinayeti-nasil-isledigini-anlatti\/#article","isPartOf":{"@id":"https:\/\/denizcankizil.tr\/ru\/haberler\/antalya\/cekici-cinayetindeki-supheli-cinayeti-nasil-isledigini-anlatti\/"},"author":{"name":"Av. Deniz Can K\u0131z\u0131l","@id":"https:\/\/denizcankizil.tr\/de\/#\/schema\/person\/5dc1b22991bd7ac833867c10afc9b0ff"},"headline":"\u00c7ekici cinayetindeki \u015f\u00fcpheli, cinayeti nas\u0131l i\u015fledi\u011fini anlatt\u0131","datePublished":"2025-01-21T08:41:18+00:00","mainEntityOfPage":{"@id":"https:\/\/denizcankizil.tr\/ru\/haberler\/antalya\/cekici-cinayetindeki-supheli-cinayeti-nasil-isledigini-anlatti\/"},"wordCount":1069,"commentCount":0,"publisher":{"@id":"https:\/\/denizcankizil.tr\/de\/#organization"},"image":{"@id":"https:\/\/denizcankizil.tr\/ru\/haberler\/antalya\/cekici-cinayetindeki-supheli-cinayeti-nasil-isledigini-anlatti\/#primaryimage"},"thumbnailUrl":"http:\/\/denizcankizil.tr\/wp-content\/uploads\/2025\/01\/4243-01-pTjXtu.jpeg","articleSection":["Antalya"],"inLanguage":"de","potentialAction":[{"@type":"CommentAction","name":"Comment","target":["https:\/\/denizcankizil.tr\/ru\/haberler\/antalya\/cekici-cinayetindeki-supheli-cinayeti-nasil-isledigini-anlatti\/#respond"]}]},{"@type":"WebPage","@id":"https:\/\/denizcankizil.tr\/ru\/haberler\/antalya\/cekici-cinayetindeki-supheli-cinayeti-nasil-isledigini-anlatti\/","url":"https:\/\/denizcankizil.tr\/ru\/haberler\/antalya\/cekici-cinayetindeki-supheli-cinayeti-nasil-isledigini-anlatti\/","name":"\u00c7ekici cinayetindeki \u015f\u00fcpheli, cinayeti nas\u0131l i\u015fledi\u011fini anlatt\u0131 - Av. Deniz Can K\u0131z\u0131l","isPartOf":{"@id":"https:\/\/denizcankizil.tr\/de\/#website"},"primaryImageOfPage":{"@id":"https:\/\/denizcankizil.tr\/ru\/haberler\/antalya\/cekici-cinayetindeki-supheli-cinayeti-nasil-isledigini-anlatti\/#primaryimage"},"image":{"@id":"https:\/\/denizcankizil.tr\/ru\/haberler\/antalya\/cekici-cinayetindeki-supheli-cinayeti-nasil-isledigini-anlatti\/#primaryimage"},"thumbnailUrl":"http:\/\/denizcankizil.tr\/wp-content\/uploads\/2025\/01\/4243-01-pTjXtu.jpeg","datePublished":"2025-01-21T08:41:18+00:00","breadcrumb":{"@id":"https:\/\/denizcankizil.tr\/ru\/haberler\/antalya\/cekici-cinayetindeki-supheli-cinayeti-nasil-isledigini-anlatti\/#breadcrumb"},"inLanguage":"de","potentialAction":[{"@type":"ReadAction","target":["https:\/\/denizcankizil.tr\/ru\/haberler\/antalya\/cekici-cinayetindeki-supheli-cinayeti-nasil-isledigini-anlatti\/"]}]},{"@type":"ImageObject","inLanguage":"de","@id":"https:\/\/denizcankizil.tr\/ru\/haberler\/antalya\/cekici-cinayetindeki-supheli-cinayeti-nasil-isledigini-anlatti\/#primaryimage","url":"http:\/\/denizcankizil.tr\/wp-content\/uploads\/2025\/01\/4243-01-pTjXtu.jpeg","contentUrl":"http:\/\/denizcankizil.tr\/wp-content\/uploads\/2025\/01\/4243-01-pTjXtu.jpeg","width":1280,"height":720},{"@type":"BreadcrumbList","@id":"https:\/\/denizcankizil.tr\/ru\/haberler\/antalya\/cekici-cinayetindeki-supheli-cinayeti-nasil-isledigini-anlatti\/#breadcrumb","itemListElement":[{"@type":"ListItem","position":1,"name":"Home","item":"https:\/\/denizcankizil.tr\/de\/"},{"@type":"ListItem","position":2,"name":"\u00c7ekici cinayetindeki \u015f\u00fcpheli, cinayeti nas\u0131l i\u015fledi\u011fini anlatt\u0131"}]},{"@type":"WebSite","@id":"https:\/\/denizcankizil.tr\/de\/#website","url":"https:\/\/denizcankizil.tr\/de\/","name":"Av. Deniz Can K\u0131z\u0131l","description":"Avukat Deniz Can K\u0131z\u0131l Antalya Barosu","publisher":{"@id":"https:\/\/denizcankizil.tr\/de\/#organization"},"potentialAction":[{"@type":"SearchAction","target":{"@type":"EntryPoint","urlTemplate":"https:\/\/denizcankizil.tr\/de\/?s={search_term_string}"},"query-input":{"@type":"PropertyValueSpecification","valueRequired":true,"valueName":"search_term_string"}}],"inLanguage":"de"},{"@type":"Organization","@id":"https:\/\/denizcankizil.tr\/de\/#organization","name":"Av. Deniz Can K\u0131z\u0131l","url":"https:\/\/denizcankizil.tr\/de\/","logo":{"@type":"ImageObject","inLanguage":"de","@id":"https:\/\/denizcankizil.tr\/de\/#\/schema\/logo\/image\/","url":"http:\/\/denizcankizil.tr\/wp-content\/uploads\/2024\/10\/siyah-logo-svg.svg","contentUrl":"http:\/\/denizcankizil.tr\/wp-content\/uploads\/2024\/10\/siyah-logo-svg.svg","width":1080,"height":1080,"caption":"Av. Deniz Can K\u0131z\u0131l"},"image":{"@id":"https:\/\/denizcankizil.tr\/de\/#\/schema\/logo\/image\/"}},{"@type":"Person","@id":"https:\/\/denizcankizil.tr\/de\/#\/schema\/person\/5dc1b22991bd7ac833867c10afc9b0ff","name":"Av. Deniz Can K\u0131z\u0131l","image":{"@type":"ImageObject","inLanguage":"de","@id":"https:\/\/denizcankizil.tr\/de\/#\/schema\/person\/image\/","url":"https:\/\/secure.gravatar.com\/avatar\/a0b128fb9855c79efc976d5640eedb31dc35ec297594d6016d2cf7c60e975bb6?s=96&d=mm&r=g","contentUrl":"https:\/\/secure.gravatar.com\/avatar\/a0b128fb9855c79efc976d5640eedb31dc35ec297594d6016d2cf7c60e975bb6?s=96&d=mm&r=g","caption":"Av. Deniz Can K\u0131z\u0131l"},"sameAs":["http:\/\/www.denizcankizil.tr"],"url":"http:\/\/denizcankizil.tr\/de\/author\/denizcankizil\/"}]}},"_links":{"self":[{"href":"http:\/\/denizcankizil.tr\/de\/wp-json\/wp\/v2\/posts\/26443","targetHints":{"allow":["GET"]}}],"collection":[{"href":"http:\/\/denizcankizil.tr\/de\/wp-json\/wp\/v2\/posts"}],"about":[{"href":"http:\/\/denizcankizil.tr\/de\/wp-json\/wp\/v2\/types\/post"}],"author":[{"embeddable":true,"href":"http:\/\/denizcankizil.tr\/de\/wp-json\/wp\/v2\/users\/4"}],"replies":[{"embeddable":true,"href":"http:\/\/denizcankizil.tr\/de\/wp-json\/wp\/v2\/comments?post=26443"}],"version-history":[{"count":0,"href":"http:\/\/denizcankizil.tr\/de\/wp-json\/wp\/v2\/posts\/26443\/revisions"}],"wp:featuredmedia":[{"embeddable":true,"href":"http:\/\/denizcankizil.tr\/de\/wp-json\/wp\/v2\/media\/26444"}],"wp:attachment":[{"href":"http:\/\/denizcankizil.tr\/de\/wp-json\/wp\/v2\/media?parent=26443"}],"wp:term":[{"taxonomy":"category","embeddable":true,"href":"http:\/\/denizcankizil.tr\/de\/wp-json\/wp\/v2\/categories?post=26443"},{"taxonomy":"post_tag","embeddable":true,"href":"http:\/\/denizcankizil.tr\/de\/wp-json\/wp\/v2\/tags?post=26443"}],"curies":[{"name":"wp","href":"https:\/\/api.w.org\/{rel}","templated":true}]}}