{"id":26263,"date":"2025-01-20T10:41:57","date_gmt":"2025-01-20T07:41:57","guid":{"rendered":"https:\/\/denizcankizil.tr\/uncategorized-tr\/nazim-hikmetin-siirleri-izmir-bornovada-yankilandi\/"},"modified":"2025-01-20T10:41:57","modified_gmt":"2025-01-20T07:41:57","slug":"nazim-hikmetin-siirleri-izmir-bornovada-yankilandi","status":"publish","type":"post","link":"http:\/\/denizcankizil.tr\/de\/haberler\/gundem\/nazim-hikmetin-siirleri-izmir-bornovada-yankilandi\/","title":{"rendered":"Naz\u0131m Hikmet\u2019in \u015fiirleri \u0130zmir Bornova\u2019da yank\u0131land\u0131"},"content":{"rendered":"<p>\u0130zmir Bornova Kent S\u00f6yle\u015fileri do\u011fumunun 123. Y\u0131l\u0131nda &#8220;Naz\u0131m Hikmet&#8217;i Anma&#8221; etkinli\u011fi ile ba\u015flad\u0131. D\u00fczenlenen panelde, Bilsen Ba\u015faran ve Haluk I\u015f\u0131k, Naz\u0131m Hikmet&#8217;in edebi miras\u0131n\u0131 ele ald\u0131. Bornova Belediye Ba\u015fkan\u0131 \u00d6mer E\u015fki, Naz\u0131m Hikmet&#8217;in insan haklar\u0131 ve \u00f6zg\u00fcrl\u00fck m\u00fccadelesindeki \u00f6nemine vurgu yaparak, Bornova\u2019y\u0131 sanat ve k\u00fclt\u00fcr\u00fcn merkezi haline getirmeyi hedeflerini s\u00f6yledi.\u0130ZM\u0130R (\u0130GFA) &#8211; \u0130zmir\u00a0Bornova Belediyesi taraf\u0131ndan d\u00fczenlenen \u201cNaz\u0131m Hikmet&#8217;i Anma\u201d etkinli\u011fi, U\u011fur Mumcu K\u00fclt\u00fcr Merkezi \u00c7ok Ama\u00e7l\u0131 Salonda yo\u011fun bir kat\u0131l\u0131mla ger\u00e7ekle\u015fti. 123. Do\u011fum y\u0131l\u0131nda Naz\u0131m Hikmet&#8217;in kendi sesinden \u015fiirleriyle ba\u015flayan etkinlikteki video g\u00f6sterimi b\u00fcy\u00fck be\u011feni toplad\u0131. Panelde ise Bilsen Ba\u015faran ve Haluk I\u015f\u0131k, Naz\u0131m Hikmet&#8217;in sanat\u00e7\u0131 ki\u015fili\u011fi ve edebi miras\u0131 \u00fczerine \u00e7arp\u0131c\u0131 g\u00f6r\u00fc\u015fler payla\u015ft\u0131. Ba\u015faran, Naz\u0131m Hikmeti; \u201cT\u00fcrk ve D\u00fcnya Edebiyat\u0131\u2019n\u0131n devi\u201d, I\u015f\u0131k ise; \u201cZaman\u0131n \u00f6tesinde bir adam\u201d s\u00f6zleriyle anlatt\u0131. Etkinli\u011fin sunumunu \u0130brahim Akta\u015f, moderat\u00f6rl\u00fc\u011f\u00fcn\u00fc ise Atilla Er \u00fcstlendi.<br \/>\n\u00a0Ba\u015fkan E\u015fki: \u201cNaz\u0131m Hikmet&#8217;in de\u011ferlerine sahip \u00e7\u0131k\u0131yoruz\u201d<br \/>\n\u00a0Bornova Belediye Ba\u015fkan\u0131 \u00d6mer E\u015fki, Naz\u0131m Hikmet\u2019in yaln\u0131zca bir \u015fair de\u011fil; ayn\u0131 zamanda evrensel insan haklar\u0131 ve \u00f6zg\u00fcrl\u00fck m\u00fccadelesinin sembol isimlerinden biri oldu\u011funu ifade etti. E\u015fki, \u201cBornova Belediyesi olarak, onun de\u011ferlerine sahip \u00e7\u0131k\u0131yor ve yeni nesillere tan\u0131t\u0131yoruz. Kent S\u00f6yle\u015fileri kapsam\u0131nda her ay d\u00fczenleyece\u011fimiz etkinliklerle sanat\u0131, edebiyat\u0131 ve toplumsal de\u011ferleri bulu\u015fturmay\u0131 hedefliyoruz. Bornova\u2019y\u0131 k\u00fclt\u00fcr ve sanat\u0131n ba\u015fkenti yapma yolunda kararl\u0131y\u0131z\u201d dedi.<br \/>\n\u00a0Kat\u0131l\u0131mc\u0131lar\u0131n yo\u011fun ilgisi<br \/>\n\u00a0Etkinlik sonunda kat\u0131l\u0131mc\u0131lar, paneldeki konu\u015fmac\u0131lara Naz\u0131m Hikmet&#8217;in hayat\u0131 ve eserleriyle ilgili sorular sorma f\u0131rsat\u0131 buldu. Etkinlik, kat\u0131l\u0131mc\u0131lardan b\u00fcy\u00fck alk\u0131\u015f alarak sona erdi.<\/p>\n<p>\u200b\u0130zmir Bornova Kent S\u00f6yle\u015fileri do\u011fumunun 123. Y\u0131l\u0131nda &#8220;Naz\u0131m Hikmet&#8217;i Anma&#8221; etkinli\u011fi ile ba\u015flad\u0131. D\u00fczenlenen panelde, Bilsen Ba\u015faran ve Haluk I\u015f\u0131k, Naz\u0131m Hikmet&#8217;in edebi miras\u0131n\u0131 ele ald\u0131. Bornova Belediye Ba\u015fkan\u0131 \u00d6mer E\u015fki, Naz\u0131m Hikmet&#8217;in insan haklar\u0131 ve \u00f6zg\u00fcrl\u00fck m\u00fccadelesindeki \u00f6nemine vurgu yaparak, Bornova\u2019y\u0131 sanat ve k\u00fclt\u00fcr\u00fcn merkezi haline getirmeyi hedeflerini s\u00f6yledi.\u0130ZM\u0130R (\u0130GFA) &#8211; \u0130zmir\u00a0Bornova Belediyesi taraf\u0131ndan d\u00fczenlenen \u201cNaz\u0131m Hikmet&#8217;i Anma\u201d etkinli\u011fi, U\u011fur Mumcu K\u00fclt\u00fcr Merkezi \u00c7ok Ama\u00e7l\u0131 Salonda yo\u011fun bir kat\u0131l\u0131mla ger\u00e7ekle\u015fti. 123. Do\u011fum y\u0131l\u0131nda Naz\u0131m Hikmet&#8217;in kendi sesinden \u015fiirleriyle ba\u015flayan etkinlikteki video g\u00f6sterimi b\u00fcy\u00fck be\u011feni toplad\u0131. Panelde ise Bilsen Ba\u015faran ve Haluk I\u015f\u0131k, Naz\u0131m Hikmet&#8217;in sanat\u00e7\u0131 ki\u015fili\u011fi ve edebi miras\u0131 \u00fczerine \u00e7arp\u0131c\u0131 g\u00f6r\u00fc\u015fler payla\u015ft\u0131. Ba\u015faran, Naz\u0131m Hikmeti; \u201cT\u00fcrk ve D\u00fcnya Edebiyat\u0131\u2019n\u0131n devi\u201d, I\u015f\u0131k ise; \u201cZaman\u0131n \u00f6tesinde bir adam\u201d s\u00f6zleriyle anlatt\u0131. Etkinli\u011fin sunumunu \u0130brahim Akta\u015f, moderat\u00f6rl\u00fc\u011f\u00fcn\u00fc ise Atilla Er \u00fcstlendi.<br \/>\n\u00a0Ba\u015fkan E\u015fki: \u201cNaz\u0131m Hikmet&#8217;in de\u011ferlerine sahip \u00e7\u0131k\u0131yoruz\u201d<br \/>\n\u00a0Bornova Belediye Ba\u015fkan\u0131 \u00d6mer E\u015fki, Naz\u0131m Hikmet\u2019in yaln\u0131zca bir \u015fair de\u011fil; ayn\u0131 zamanda evrensel insan haklar\u0131 ve \u00f6zg\u00fcrl\u00fck m\u00fccadelesinin sembol isimlerinden biri oldu\u011funu ifade etti. E\u015fki, \u201cBornova Belediyesi olarak, onun de\u011ferlerine sahip \u00e7\u0131k\u0131yor ve yeni nesillere tan\u0131t\u0131yoruz. Kent S\u00f6yle\u015fileri kapsam\u0131nda her ay d\u00fczenleyece\u011fimiz etkinliklerle sanat\u0131, edebiyat\u0131 ve toplumsal de\u011ferleri bulu\u015fturmay\u0131 hedefliyoruz. Bornova\u2019y\u0131 k\u00fclt\u00fcr ve sanat\u0131n ba\u015fkenti yapma yolunda kararl\u0131y\u0131z\u201d dedi.<br \/>\n\u00a0Kat\u0131l\u0131mc\u0131lar\u0131n yo\u011fun ilgisi<br \/>\n\u00a0Etkinlik sonunda kat\u0131l\u0131mc\u0131lar, paneldeki konu\u015fmac\u0131lara Naz\u0131m Hikmet&#8217;in hayat\u0131 ve eserleriyle ilgili sorular sorma f\u0131rsat\u0131 buldu. Etkinlik, kat\u0131l\u0131mc\u0131lardan b\u00fcy\u00fck alk\u0131\u015f alarak sona erdi.\u00a0<\/p>\n<p>\u200bHaberin Al\u0131nt\u0131land\u0131\u011f\u0131 Kaynak: www.iskenderun.org<\/p>","protected":false},"excerpt":{"rendered":"<p>\u0130zmir Bornova Kent S\u00f6yle\u015fileri do\u011fumunun 123. Y\u0131l\u0131nda &#8220;Naz\u0131m Hikmet&#8217;i Anma&#8221; etkinli\u011fi ile ba\u015flad\u0131. D\u00fczenlenen panelde, Bilsen Ba\u015faran ve Haluk I\u015f\u0131k, Naz\u0131m Hikmet&#8217;in edebi miras\u0131n\u0131 ele ald\u0131. Bornova Belediye Ba\u015fkan\u0131 \u00d6mer E\u015fki, Naz\u0131m Hikmet&#8217;in insan haklar\u0131 ve \u00f6zg\u00fcrl\u00fck m\u00fccadelesindeki \u00f6nemine vurgu yaparak, Bornova\u2019y\u0131 sanat ve k\u00fclt\u00fcr\u00fcn merkezi haline getirmeyi hedeflerini s\u00f6yledi.\u0130ZM\u0130R (\u0130GFA) &#8211; \u0130zmir\u00a0Bornova Belediyesi taraf\u0131ndan d\u00fczenlenen \u201cNaz\u0131m Hikmet&#8217;i Anma\u201d etkinli\u011fi, U\u011fur Mumcu K\u00fclt\u00fcr Merkezi \u00c7ok Ama\u00e7l\u0131 Salonda yo\u011fun bir kat\u0131l\u0131mla ger\u00e7ekle\u015fti. 123. Do\u011fum y\u0131l\u0131nda Naz\u0131m Hikmet&#8217;in kendi sesinden \u015fiirleriyle ba\u015flayan etkinlikteki video g\u00f6sterimi b\u00fcy\u00fck be\u011feni toplad\u0131. Panelde ise Bilsen Ba\u015faran ve Haluk I\u015f\u0131k, Naz\u0131m Hikmet&#8217;in sanat\u00e7\u0131 ki\u015fili\u011fi ve edebi miras\u0131 \u00fczerine \u00e7arp\u0131c\u0131 g\u00f6r\u00fc\u015fler payla\u015ft\u0131. Ba\u015faran, Naz\u0131m Hikmeti; \u201cT\u00fcrk ve D\u00fcnya Edebiyat\u0131\u2019n\u0131n devi\u201d, I\u015f\u0131k ise; \u201cZaman\u0131n \u00f6tesinde bir adam\u201d s\u00f6zleriyle anlatt\u0131. Etkinli\u011fin sunumunu \u0130brahim Akta\u015f, moderat\u00f6rl\u00fc\u011f\u00fcn\u00fc ise Atilla Er \u00fcstlendi. \u00a0Ba\u015fkan E\u015fki: \u201cNaz\u0131m Hikmet&#8217;in de\u011ferlerine sahip \u00e7\u0131k\u0131yoruz\u201d \u00a0Bornova Belediye Ba\u015fkan\u0131 \u00d6mer E\u015fki, Naz\u0131m Hikmet\u2019in yaln\u0131zca bir \u015fair de\u011fil; ayn\u0131 zamanda evrensel insan haklar\u0131 ve \u00f6zg\u00fcrl\u00fck m\u00fccadelesinin sembol isimlerinden biri oldu\u011funu ifade etti. E\u015fki, \u201cBornova Belediyesi olarak, onun de\u011ferlerine sahip \u00e7\u0131k\u0131yor ve yeni nesillere tan\u0131t\u0131yoruz. Kent S\u00f6yle\u015fileri kapsam\u0131nda her ay d\u00fczenleyece\u011fimiz etkinliklerle sanat\u0131, edebiyat\u0131 ve toplumsal de\u011ferleri bulu\u015fturmay\u0131 hedefliyoruz. Bornova\u2019y\u0131 k\u00fclt\u00fcr ve sanat\u0131n ba\u015fkenti yapma yolunda kararl\u0131y\u0131z\u201d dedi. \u00a0Kat\u0131l\u0131mc\u0131lar\u0131n yo\u011fun ilgisi \u00a0Etkinlik &hellip;<\/p>","protected":false},"author":1,"featured_media":0,"comment_status":"open","ping_status":"open","sticky":false,"template":"","format":"standard","meta":{"_acf_changed":false,"footnotes":""},"categories":[24],"tags":[],"class_list":["post-26263","post","type-post","status-publish","format-standard","has-post-thumbnail","hentry","category-gundem"],"acf":[],"yoast_head":"<!-- This site is optimized with the Yoast SEO Premium plugin v26.6 (Yoast SEO v27.1.1) - https:\/\/yoast.com\/product\/yoast-seo-premium-wordpress\/ -->\n<title>Naz\u0131m Hikmet\u2019in \u015fiirleri \u0130zmir Bornova\u2019da yank\u0131land\u0131 - Av. Deniz Can K\u0131z\u0131l<\/title>\n<meta name=\"robots\" content=\"index, follow, max-snippet:-1, max-image-preview:large, max-video-preview:-1\" \/>\n<link rel=\"canonical\" href=\"http:\/\/denizcankizil.tr\/de\/haberler\/gundem\/nazim-hikmetin-siirleri-izmir-bornovada-yankilandi\/\" \/>\n<meta property=\"og:locale\" content=\"de_DE\" \/>\n<meta property=\"og:type\" content=\"article\" \/>\n<meta property=\"og:title\" content=\"Naz\u0131m Hikmet\u2019in \u015fiirleri \u0130zmir Bornova\u2019da yank\u0131land\u0131\" \/>\n<meta property=\"og:description\" content=\"\u0130zmir Bornova Kent S\u00f6yle\u015fileri do\u011fumunun 123. Y\u0131l\u0131nda &#8220;Naz\u0131m Hikmet&#8217;i Anma&#8221; etkinli\u011fi ile ba\u015flad\u0131. D\u00fczenlenen panelde, Bilsen Ba\u015faran ve Haluk I\u015f\u0131k, Naz\u0131m Hikmet&#8217;in edebi miras\u0131n\u0131 ele ald\u0131. Bornova Belediye Ba\u015fkan\u0131 \u00d6mer E\u015fki, Naz\u0131m Hikmet&#8217;in insan haklar\u0131 ve \u00f6zg\u00fcrl\u00fck m\u00fccadelesindeki \u00f6nemine vurgu yaparak, Bornova\u2019y\u0131 sanat ve k\u00fclt\u00fcr\u00fcn merkezi haline getirmeyi hedeflerini s\u00f6yledi.\u0130ZM\u0130R (\u0130GFA) &#8211; \u0130zmir\u00a0Bornova Belediyesi taraf\u0131ndan d\u00fczenlenen \u201cNaz\u0131m Hikmet&#8217;i Anma\u201d etkinli\u011fi, U\u011fur Mumcu K\u00fclt\u00fcr Merkezi \u00c7ok Ama\u00e7l\u0131 Salonda yo\u011fun bir kat\u0131l\u0131mla ger\u00e7ekle\u015fti. 123. Do\u011fum y\u0131l\u0131nda Naz\u0131m Hikmet&#8217;in kendi sesinden \u015fiirleriyle ba\u015flayan etkinlikteki video g\u00f6sterimi b\u00fcy\u00fck be\u011feni toplad\u0131. Panelde ise Bilsen Ba\u015faran ve Haluk I\u015f\u0131k, Naz\u0131m Hikmet&#8217;in sanat\u00e7\u0131 ki\u015fili\u011fi ve edebi miras\u0131 \u00fczerine \u00e7arp\u0131c\u0131 g\u00f6r\u00fc\u015fler payla\u015ft\u0131. Ba\u015faran, Naz\u0131m Hikmeti; \u201cT\u00fcrk ve D\u00fcnya Edebiyat\u0131\u2019n\u0131n devi\u201d, I\u015f\u0131k ise; \u201cZaman\u0131n \u00f6tesinde bir adam\u201d s\u00f6zleriyle anlatt\u0131. Etkinli\u011fin sunumunu \u0130brahim Akta\u015f, moderat\u00f6rl\u00fc\u011f\u00fcn\u00fc ise Atilla Er \u00fcstlendi. \u00a0Ba\u015fkan E\u015fki: \u201cNaz\u0131m Hikmet&#8217;in de\u011ferlerine sahip \u00e7\u0131k\u0131yoruz\u201d \u00a0Bornova Belediye Ba\u015fkan\u0131 \u00d6mer E\u015fki, Naz\u0131m Hikmet\u2019in yaln\u0131zca bir \u015fair de\u011fil; ayn\u0131 zamanda evrensel insan haklar\u0131 ve \u00f6zg\u00fcrl\u00fck m\u00fccadelesinin sembol isimlerinden biri oldu\u011funu ifade etti. E\u015fki, \u201cBornova Belediyesi olarak, onun de\u011ferlerine sahip \u00e7\u0131k\u0131yor ve yeni nesillere tan\u0131t\u0131yoruz. Kent S\u00f6yle\u015fileri kapsam\u0131nda her ay d\u00fczenleyece\u011fimiz etkinliklerle sanat\u0131, edebiyat\u0131 ve toplumsal de\u011ferleri bulu\u015fturmay\u0131 hedefliyoruz. Bornova\u2019y\u0131 k\u00fclt\u00fcr ve sanat\u0131n ba\u015fkenti yapma yolunda kararl\u0131y\u0131z\u201d dedi. \u00a0Kat\u0131l\u0131mc\u0131lar\u0131n yo\u011fun ilgisi \u00a0Etkinlik &hellip;\" \/>\n<meta property=\"og:url\" content=\"http:\/\/denizcankizil.tr\/de\/haberler\/gundem\/nazim-hikmetin-siirleri-izmir-bornovada-yankilandi\/\" \/>\n<meta property=\"og:site_name\" content=\"Av. Deniz Can K\u0131z\u0131l\" \/>\n<meta property=\"article:published_time\" content=\"2025-01-20T07:41:57+00:00\" \/>\n<meta name=\"author\" content=\"admin\" \/>\n<meta name=\"twitter:card\" content=\"summary_large_image\" \/>\n<meta name=\"twitter:label1\" content=\"Verfasst von\" \/>\n\t<meta name=\"twitter:data1\" content=\"admin\" \/>\n\t<meta name=\"twitter:label2\" content=\"Gesch\u00e4tzte Lesezeit\" \/>\n\t<meta name=\"twitter:data2\" content=\"3\u00a0Minuten\" \/>\n<script type=\"application\/ld+json\" class=\"yoast-schema-graph\">{\"@context\":\"https:\/\/schema.org\",\"@graph\":[{\"@type\":\"Article\",\"@id\":\"http:\/\/denizcankizil.tr\/de\/haberler\/gundem\/nazim-hikmetin-siirleri-izmir-bornovada-yankilandi\/#article\",\"isPartOf\":{\"@id\":\"http:\/\/denizcankizil.tr\/de\/haberler\/gundem\/nazim-hikmetin-siirleri-izmir-bornovada-yankilandi\/\"},\"author\":{\"name\":\"admin\",\"@id\":\"https:\/\/denizcankizil.tr\/de\/#\/schema\/person\/be3c05fe6a12686905512445d8185489\"},\"headline\":\"Naz\u0131m Hikmet\u2019in \u015fiirleri \u0130zmir Bornova\u2019da yank\u0131land\u0131\",\"datePublished\":\"2025-01-20T07:41:57+00:00\",\"mainEntityOfPage\":{\"@id\":\"http:\/\/denizcankizil.tr\/de\/haberler\/gundem\/nazim-hikmetin-siirleri-izmir-bornovada-yankilandi\/\"},\"wordCount\":714,\"commentCount\":0,\"publisher\":{\"@id\":\"https:\/\/denizcankizil.tr\/de\/#organization\"},\"articleSection\":[\"G\u00fcndem\"],\"inLanguage\":\"de\",\"potentialAction\":[{\"@type\":\"CommentAction\",\"name\":\"Comment\",\"target\":[\"http:\/\/denizcankizil.tr\/de\/haberler\/gundem\/nazim-hikmetin-siirleri-izmir-bornovada-yankilandi\/#respond\"]}]},{\"@type\":\"WebPage\",\"@id\":\"http:\/\/denizcankizil.tr\/de\/haberler\/gundem\/nazim-hikmetin-siirleri-izmir-bornovada-yankilandi\/\",\"url\":\"http:\/\/denizcankizil.tr\/de\/haberler\/gundem\/nazim-hikmetin-siirleri-izmir-bornovada-yankilandi\/\",\"name\":\"Naz\u0131m Hikmet\u2019in \u015fiirleri \u0130zmir Bornova\u2019da yank\u0131land\u0131 - Av. Deniz Can K\u0131z\u0131l\",\"isPartOf\":{\"@id\":\"https:\/\/denizcankizil.tr\/de\/#website\"},\"datePublished\":\"2025-01-20T07:41:57+00:00\",\"breadcrumb\":{\"@id\":\"http:\/\/denizcankizil.tr\/de\/haberler\/gundem\/nazim-hikmetin-siirleri-izmir-bornovada-yankilandi\/#breadcrumb\"},\"inLanguage\":\"de\",\"potentialAction\":[{\"@type\":\"ReadAction\",\"target\":[\"http:\/\/denizcankizil.tr\/de\/haberler\/gundem\/nazim-hikmetin-siirleri-izmir-bornovada-yankilandi\/\"]}]},{\"@type\":\"BreadcrumbList\",\"@id\":\"http:\/\/denizcankizil.tr\/de\/haberler\/gundem\/nazim-hikmetin-siirleri-izmir-bornovada-yankilandi\/#breadcrumb\",\"itemListElement\":[{\"@type\":\"ListItem\",\"position\":1,\"name\":\"Home\",\"item\":\"https:\/\/denizcankizil.tr\/de\/\"},{\"@type\":\"ListItem\",\"position\":2,\"name\":\"Naz\u0131m Hikmet\u2019in \u015fiirleri \u0130zmir Bornova\u2019da yank\u0131land\u0131\"}]},{\"@type\":\"WebSite\",\"@id\":\"https:\/\/denizcankizil.tr\/de\/#website\",\"url\":\"https:\/\/denizcankizil.tr\/de\/\",\"name\":\"Av. Deniz Can K\u0131z\u0131l\",\"description\":\"Avukat Deniz Can K\u0131z\u0131l Antalya Barosu\",\"publisher\":{\"@id\":\"https:\/\/denizcankizil.tr\/de\/#organization\"},\"potentialAction\":[{\"@type\":\"SearchAction\",\"target\":{\"@type\":\"EntryPoint\",\"urlTemplate\":\"https:\/\/denizcankizil.tr\/de\/?s={search_term_string}\"},\"query-input\":{\"@type\":\"PropertyValueSpecification\",\"valueRequired\":true,\"valueName\":\"search_term_string\"}}],\"inLanguage\":\"de\"},{\"@type\":\"Organization\",\"@id\":\"https:\/\/denizcankizil.tr\/de\/#organization\",\"name\":\"Av. Deniz Can K\u0131z\u0131l\",\"url\":\"https:\/\/denizcankizil.tr\/de\/\",\"logo\":{\"@type\":\"ImageObject\",\"inLanguage\":\"de\",\"@id\":\"https:\/\/denizcankizil.tr\/de\/#\/schema\/logo\/image\/\",\"url\":\"http:\/\/denizcankizil.tr\/wp-content\/uploads\/2024\/10\/siyah-logo-svg.svg\",\"contentUrl\":\"http:\/\/denizcankizil.tr\/wp-content\/uploads\/2024\/10\/siyah-logo-svg.svg\",\"width\":1080,\"height\":1080,\"caption\":\"Av. Deniz Can K\u0131z\u0131l\"},\"image\":{\"@id\":\"https:\/\/denizcankizil.tr\/de\/#\/schema\/logo\/image\/\"}},{\"@type\":\"Person\",\"@id\":\"https:\/\/denizcankizil.tr\/de\/#\/schema\/person\/be3c05fe6a12686905512445d8185489\",\"name\":\"admin\",\"image\":{\"@type\":\"ImageObject\",\"inLanguage\":\"de\",\"@id\":\"https:\/\/denizcankizil.tr\/de\/#\/schema\/person\/image\/\",\"url\":\"https:\/\/secure.gravatar.com\/avatar\/c1fce94c830dc79107e174f890d7210541c4a63e8e5d816341794a2151c9d58c?s=96&d=mm&r=g\",\"contentUrl\":\"https:\/\/secure.gravatar.com\/avatar\/c1fce94c830dc79107e174f890d7210541c4a63e8e5d816341794a2151c9d58c?s=96&d=mm&r=g\",\"caption\":\"admin\"},\"sameAs\":[\"http:\/\/denizcankizil.tr\"],\"url\":\"https:\/\/www.iskenderun.org\/nazim-hikmetin-siirleri-izmir-bornovada-yankilandi\"}]}<\/script>\n<!-- \/ Yoast SEO Premium plugin. -->","yoast_head_json":{"title":"Naz\u0131m Hikmet\u2019in \u015fiirleri \u0130zmir Bornova\u2019da yank\u0131land\u0131 - Av. Deniz Can K\u0131z\u0131l","robots":{"index":"index","follow":"follow","max-snippet":"max-snippet:-1","max-image-preview":"max-image-preview:large","max-video-preview":"max-video-preview:-1"},"canonical":"http:\/\/denizcankizil.tr\/de\/haberler\/gundem\/nazim-hikmetin-siirleri-izmir-bornovada-yankilandi\/","og_locale":"de_DE","og_type":"article","og_title":"Naz\u0131m Hikmet\u2019in \u015fiirleri \u0130zmir Bornova\u2019da yank\u0131land\u0131","og_description":"\u0130zmir Bornova Kent S\u00f6yle\u015fileri do\u011fumunun 123. Y\u0131l\u0131nda &#8220;Naz\u0131m Hikmet&#8217;i Anma&#8221; etkinli\u011fi ile ba\u015flad\u0131. D\u00fczenlenen panelde, Bilsen Ba\u015faran ve Haluk I\u015f\u0131k, Naz\u0131m Hikmet&#8217;in edebi miras\u0131n\u0131 ele ald\u0131. Bornova Belediye Ba\u015fkan\u0131 \u00d6mer E\u015fki, Naz\u0131m Hikmet&#8217;in insan haklar\u0131 ve \u00f6zg\u00fcrl\u00fck m\u00fccadelesindeki \u00f6nemine vurgu yaparak, Bornova\u2019y\u0131 sanat ve k\u00fclt\u00fcr\u00fcn merkezi haline getirmeyi hedeflerini s\u00f6yledi.\u0130ZM\u0130R (\u0130GFA) &#8211; \u0130zmir\u00a0Bornova Belediyesi taraf\u0131ndan d\u00fczenlenen \u201cNaz\u0131m Hikmet&#8217;i Anma\u201d etkinli\u011fi, U\u011fur Mumcu K\u00fclt\u00fcr Merkezi \u00c7ok Ama\u00e7l\u0131 Salonda yo\u011fun bir kat\u0131l\u0131mla ger\u00e7ekle\u015fti. 123. Do\u011fum y\u0131l\u0131nda Naz\u0131m Hikmet&#8217;in kendi sesinden \u015fiirleriyle ba\u015flayan etkinlikteki video g\u00f6sterimi b\u00fcy\u00fck be\u011feni toplad\u0131. Panelde ise Bilsen Ba\u015faran ve Haluk I\u015f\u0131k, Naz\u0131m Hikmet&#8217;in sanat\u00e7\u0131 ki\u015fili\u011fi ve edebi miras\u0131 \u00fczerine \u00e7arp\u0131c\u0131 g\u00f6r\u00fc\u015fler payla\u015ft\u0131. Ba\u015faran, Naz\u0131m Hikmeti; \u201cT\u00fcrk ve D\u00fcnya Edebiyat\u0131\u2019n\u0131n devi\u201d, I\u015f\u0131k ise; \u201cZaman\u0131n \u00f6tesinde bir adam\u201d s\u00f6zleriyle anlatt\u0131. Etkinli\u011fin sunumunu \u0130brahim Akta\u015f, moderat\u00f6rl\u00fc\u011f\u00fcn\u00fc ise Atilla Er \u00fcstlendi. \u00a0Ba\u015fkan E\u015fki: \u201cNaz\u0131m Hikmet&#8217;in de\u011ferlerine sahip \u00e7\u0131k\u0131yoruz\u201d \u00a0Bornova Belediye Ba\u015fkan\u0131 \u00d6mer E\u015fki, Naz\u0131m Hikmet\u2019in yaln\u0131zca bir \u015fair de\u011fil; ayn\u0131 zamanda evrensel insan haklar\u0131 ve \u00f6zg\u00fcrl\u00fck m\u00fccadelesinin sembol isimlerinden biri oldu\u011funu ifade etti. E\u015fki, \u201cBornova Belediyesi olarak, onun de\u011ferlerine sahip \u00e7\u0131k\u0131yor ve yeni nesillere tan\u0131t\u0131yoruz. Kent S\u00f6yle\u015fileri kapsam\u0131nda her ay d\u00fczenleyece\u011fimiz etkinliklerle sanat\u0131, edebiyat\u0131 ve toplumsal de\u011ferleri bulu\u015fturmay\u0131 hedefliyoruz. Bornova\u2019y\u0131 k\u00fclt\u00fcr ve sanat\u0131n ba\u015fkenti yapma yolunda kararl\u0131y\u0131z\u201d dedi. \u00a0Kat\u0131l\u0131mc\u0131lar\u0131n yo\u011fun ilgisi \u00a0Etkinlik &hellip;","og_url":"http:\/\/denizcankizil.tr\/de\/haberler\/gundem\/nazim-hikmetin-siirleri-izmir-bornovada-yankilandi\/","og_site_name":"Av. Deniz Can K\u0131z\u0131l","article_published_time":"2025-01-20T07:41:57+00:00","author":"admin","twitter_card":"summary_large_image","twitter_misc":{"Verfasst von":"admin","Gesch\u00e4tzte Lesezeit":"3\u00a0Minuten"},"schema":{"@context":"https:\/\/schema.org","@graph":[{"@type":"Article","@id":"http:\/\/denizcankizil.tr\/de\/haberler\/gundem\/nazim-hikmetin-siirleri-izmir-bornovada-yankilandi\/#article","isPartOf":{"@id":"http:\/\/denizcankizil.tr\/de\/haberler\/gundem\/nazim-hikmetin-siirleri-izmir-bornovada-yankilandi\/"},"author":{"name":"admin","@id":"https:\/\/denizcankizil.tr\/de\/#\/schema\/person\/be3c05fe6a12686905512445d8185489"},"headline":"Naz\u0131m Hikmet\u2019in \u015fiirleri \u0130zmir Bornova\u2019da yank\u0131land\u0131","datePublished":"2025-01-20T07:41:57+00:00","mainEntityOfPage":{"@id":"http:\/\/denizcankizil.tr\/de\/haberler\/gundem\/nazim-hikmetin-siirleri-izmir-bornovada-yankilandi\/"},"wordCount":714,"commentCount":0,"publisher":{"@id":"https:\/\/denizcankizil.tr\/de\/#organization"},"articleSection":["G\u00fcndem"],"inLanguage":"de","potentialAction":[{"@type":"CommentAction","name":"Comment","target":["http:\/\/denizcankizil.tr\/de\/haberler\/gundem\/nazim-hikmetin-siirleri-izmir-bornovada-yankilandi\/#respond"]}]},{"@type":"WebPage","@id":"http:\/\/denizcankizil.tr\/de\/haberler\/gundem\/nazim-hikmetin-siirleri-izmir-bornovada-yankilandi\/","url":"http:\/\/denizcankizil.tr\/de\/haberler\/gundem\/nazim-hikmetin-siirleri-izmir-bornovada-yankilandi\/","name":"Naz\u0131m Hikmet\u2019in \u015fiirleri \u0130zmir Bornova\u2019da yank\u0131land\u0131 - Av. Deniz Can K\u0131z\u0131l","isPartOf":{"@id":"https:\/\/denizcankizil.tr\/de\/#website"},"datePublished":"2025-01-20T07:41:57+00:00","breadcrumb":{"@id":"http:\/\/denizcankizil.tr\/de\/haberler\/gundem\/nazim-hikmetin-siirleri-izmir-bornovada-yankilandi\/#breadcrumb"},"inLanguage":"de","potentialAction":[{"@type":"ReadAction","target":["http:\/\/denizcankizil.tr\/de\/haberler\/gundem\/nazim-hikmetin-siirleri-izmir-bornovada-yankilandi\/"]}]},{"@type":"BreadcrumbList","@id":"http:\/\/denizcankizil.tr\/de\/haberler\/gundem\/nazim-hikmetin-siirleri-izmir-bornovada-yankilandi\/#breadcrumb","itemListElement":[{"@type":"ListItem","position":1,"name":"Home","item":"https:\/\/denizcankizil.tr\/de\/"},{"@type":"ListItem","position":2,"name":"Naz\u0131m Hikmet\u2019in \u015fiirleri \u0130zmir Bornova\u2019da yank\u0131land\u0131"}]},{"@type":"WebSite","@id":"https:\/\/denizcankizil.tr\/de\/#website","url":"https:\/\/denizcankizil.tr\/de\/","name":"Av. Deniz Can K\u0131z\u0131l","description":"Avukat Deniz Can K\u0131z\u0131l Antalya Barosu","publisher":{"@id":"https:\/\/denizcankizil.tr\/de\/#organization"},"potentialAction":[{"@type":"SearchAction","target":{"@type":"EntryPoint","urlTemplate":"https:\/\/denizcankizil.tr\/de\/?s={search_term_string}"},"query-input":{"@type":"PropertyValueSpecification","valueRequired":true,"valueName":"search_term_string"}}],"inLanguage":"de"},{"@type":"Organization","@id":"https:\/\/denizcankizil.tr\/de\/#organization","name":"Av. Deniz Can K\u0131z\u0131l","url":"https:\/\/denizcankizil.tr\/de\/","logo":{"@type":"ImageObject","inLanguage":"de","@id":"https:\/\/denizcankizil.tr\/de\/#\/schema\/logo\/image\/","url":"http:\/\/denizcankizil.tr\/wp-content\/uploads\/2024\/10\/siyah-logo-svg.svg","contentUrl":"http:\/\/denizcankizil.tr\/wp-content\/uploads\/2024\/10\/siyah-logo-svg.svg","width":1080,"height":1080,"caption":"Av. Deniz Can K\u0131z\u0131l"},"image":{"@id":"https:\/\/denizcankizil.tr\/de\/#\/schema\/logo\/image\/"}},{"@type":"Person","@id":"https:\/\/denizcankizil.tr\/de\/#\/schema\/person\/be3c05fe6a12686905512445d8185489","name":"Administrator","image":{"@type":"ImageObject","inLanguage":"de","@id":"https:\/\/denizcankizil.tr\/de\/#\/schema\/person\/image\/","url":"https:\/\/secure.gravatar.com\/avatar\/c1fce94c830dc79107e174f890d7210541c4a63e8e5d816341794a2151c9d58c?s=96&d=mm&r=g","contentUrl":"https:\/\/secure.gravatar.com\/avatar\/c1fce94c830dc79107e174f890d7210541c4a63e8e5d816341794a2151c9d58c?s=96&d=mm&r=g","caption":"admin"},"sameAs":["http:\/\/denizcankizil.tr"],"url":"https:\/\/www.iskenderun.org\/nazim-hikmetin-siirleri-izmir-bornovada-yankilandi"}]}},"_links":{"self":[{"href":"http:\/\/denizcankizil.tr\/de\/wp-json\/wp\/v2\/posts\/26263","targetHints":{"allow":["GET"]}}],"collection":[{"href":"http:\/\/denizcankizil.tr\/de\/wp-json\/wp\/v2\/posts"}],"about":[{"href":"http:\/\/denizcankizil.tr\/de\/wp-json\/wp\/v2\/types\/post"}],"author":[{"embeddable":true,"href":"http:\/\/denizcankizil.tr\/de\/wp-json\/wp\/v2\/users\/1"}],"replies":[{"embeddable":true,"href":"http:\/\/denizcankizil.tr\/de\/wp-json\/wp\/v2\/comments?post=26263"}],"version-history":[{"count":0,"href":"http:\/\/denizcankizil.tr\/de\/wp-json\/wp\/v2\/posts\/26263\/revisions"}],"wp:attachment":[{"href":"http:\/\/denizcankizil.tr\/de\/wp-json\/wp\/v2\/media?parent=26263"}],"wp:term":[{"taxonomy":"category","embeddable":true,"href":"http:\/\/denizcankizil.tr\/de\/wp-json\/wp\/v2\/categories?post=26263"},{"taxonomy":"post_tag","embeddable":true,"href":"http:\/\/denizcankizil.tr\/de\/wp-json\/wp\/v2\/tags?post=26263"}],"curies":[{"name":"wp","href":"https:\/\/api.w.org\/{rel}","templated":true}]}}