{"id":26247,"date":"2025-01-20T09:42:16","date_gmt":"2025-01-20T06:42:16","guid":{"rendered":"https:\/\/denizcankizil.tr\/uncategorized-tr\/baskan-hurriyet-manav-hemserilerinin-acilis-heyecanina-ortak-oldu\/"},"modified":"2025-01-20T09:42:16","modified_gmt":"2025-01-20T06:42:16","slug":"baskan-hurriyet-manav-hemserilerinin-acilis-heyecanina-ortak-oldu","status":"publish","type":"post","link":"http:\/\/denizcankizil.tr\/de\/haberler\/gundem\/baskan-hurriyet-manav-hemserilerinin-acilis-heyecanina-ortak-oldu\/","title":{"rendered":"Ba\u015fkan H\u00fcrriyet, Manav hem\u015ferilerinin a\u00e7\u0131l\u0131\u015f heyecan\u0131na ortak oldu"},"content":{"rendered":"<p>Kocaeli Yar\u0131mcal\u0131lar Manav K\u00fclt\u00fcr Derne\u011fi a\u00e7\u0131l\u0131\u015f\u0131na kat\u0131lan \u0130zmit Belediye Ba\u015fkan\u0131 Fatma Kaplan H\u00fcrriyet, derne\u011fin kente hay\u0131rl\u0131 olmas\u0131n\u0131 dilerek \u201cSadece belediye ba\u015fkan\u0131 olarak de\u011fil, s\u0131radan bir vatanda\u015f olarak da her zaman yan\u0131n\u0131zday\u0131m\u201d dediKOCAEL\u0130 (\u0130GFA) &#8211;\u00a0Derneklere her zaman ayr\u0131 bir \u00f6nem veren \u0130zmit Belediye Ba\u015fkan\u0131 Fatma Kaplan H\u00fcrriyet,\u00a0 K\u00f6rfez Hac\u0131 Osman Mahallesinde hizmete giren Kocaeli Yar\u0131mcal\u0131lar Manav K\u00fclt\u00fcr Derne\u011fi a\u00e7\u0131l\u0131\u015f\u0131na kat\u0131ld\u0131. Ba\u015fkan H\u00fcrriyet, Dernek Ba\u015fkan\u0131 Ahmet \u00dcz\u00fcmc\u00fc\u2019n\u00fcn a\u00e7\u0131l\u0131\u015f heyecan\u0131na ortak olurken Manav vatanda\u015flar da Ba\u015fkan H\u00fcrriyet\u2019i b\u00fcy\u00fck bir sevgi ile kar\u015f\u0131lad\u0131<br \/>\nONUR VE GURUR DUYUYORUM<br \/>\nA\u00e7\u0131l\u0131\u015fta konu\u015fan Ba\u015fkan H\u00fcrriyet, \u201cD\u00fcr\u00fcstse, mertse i\u015fte o \u00f6z Manav insan\u0131d\u0131r. Bu g\u00fczel kentin g\u00fczel insanlar\u0131yla bir arada olmaktan onur ve gurur duyuyorum. Bu g\u00fczel derne\u011fi kentimize kazand\u0131ran y\u00f6netim kuruluna kentlilik bilinci ad\u0131na \u00e7ok te\u015fekk\u00fcr ediyorum. Yolunuz a\u00e7\u0131k olsun. K\u00fclt\u00fcr\u00fcm\u00fcze ve kentimize g\u00fczel i\u015fler yapmak nasip olsun.<br \/>\nHER ZAMAN YANINIZDAYIM<br \/>\nBu kente nereden g\u00f6\u00e7 etmi\u015f olursak olal\u0131m en nihayetinde bu kentin havas\u0131n\u0131 suyunu kullan\u0131yoruz. Kentlilik bilinci \u00e7ok \u00f6nemli. Manavlar, bu kentin ge\u00e7mi\u015fi, ya\u015fanm\u0131\u015fl\u0131klar\u0131 ve an\u0131lar\u0131d\u0131r. Bunu gelecek ku\u015faklara aktarmak \u00e7ok \u00f6nemli. Bu derne\u011fin kurulu\u015fu da bu amaca hizmet ediyor. Sadece belediye ba\u015fkan\u0131 olarak de\u011fil, s\u0131radan bir vatanda\u015f olarak da her zaman yan\u0131n\u0131zday\u0131m. Bizim de \u0130zmit Belediyesi olarak Sepet\u00e7i Mahallesinde kurdu\u011fumuz Manav K\u00fclt\u00fcr Evi, b\u00fct\u00fcn hem\u015ferilerimize a\u00e7\u0131kt\u0131r\u201d dedi.<\/p>\n<p>\u200bKocaeli Yar\u0131mcal\u0131lar Manav K\u00fclt\u00fcr Derne\u011fi a\u00e7\u0131l\u0131\u015f\u0131na kat\u0131lan \u0130zmit Belediye Ba\u015fkan\u0131 Fatma Kaplan H\u00fcrriyet, derne\u011fin kente hay\u0131rl\u0131 olmas\u0131n\u0131 dilerek \u201cSadece belediye ba\u015fkan\u0131 olarak de\u011fil, s\u0131radan bir vatanda\u015f olarak da her zaman yan\u0131n\u0131zday\u0131m\u201d dediKOCAEL\u0130 (\u0130GFA) &#8211;\u00a0Derneklere her zaman ayr\u0131 bir \u00f6nem veren \u0130zmit Belediye Ba\u015fkan\u0131 Fatma Kaplan H\u00fcrriyet,\u00a0 K\u00f6rfez Hac\u0131 Osman Mahallesinde hizmete giren Kocaeli Yar\u0131mcal\u0131lar Manav K\u00fclt\u00fcr Derne\u011fi a\u00e7\u0131l\u0131\u015f\u0131na kat\u0131ld\u0131. Ba\u015fkan H\u00fcrriyet, Dernek Ba\u015fkan\u0131 Ahmet \u00dcz\u00fcmc\u00fc\u2019n\u00fcn a\u00e7\u0131l\u0131\u015f heyecan\u0131na ortak olurken Manav vatanda\u015flar da Ba\u015fkan H\u00fcrriyet\u2019i b\u00fcy\u00fck bir sevgi ile kar\u015f\u0131lad\u0131<br \/>\nONUR VE GURUR DUYUYORUM<br \/>\nA\u00e7\u0131l\u0131\u015fta konu\u015fan Ba\u015fkan H\u00fcrriyet, \u201cD\u00fcr\u00fcstse, mertse i\u015fte o \u00f6z Manav insan\u0131d\u0131r. Bu g\u00fczel kentin g\u00fczel insanlar\u0131yla bir arada olmaktan onur ve gurur duyuyorum. Bu g\u00fczel derne\u011fi kentimize kazand\u0131ran y\u00f6netim kuruluna kentlilik bilinci ad\u0131na \u00e7ok te\u015fekk\u00fcr ediyorum. Yolunuz a\u00e7\u0131k olsun. K\u00fclt\u00fcr\u00fcm\u00fcze ve kentimize g\u00fczel i\u015fler yapmak nasip olsun.<br \/>\nHER ZAMAN YANINIZDAYIM<br \/>\nBu kente nereden g\u00f6\u00e7 etmi\u015f olursak olal\u0131m en nihayetinde bu kentin havas\u0131n\u0131 suyunu kullan\u0131yoruz. Kentlilik bilinci \u00e7ok \u00f6nemli. Manavlar, bu kentin ge\u00e7mi\u015fi, ya\u015fanm\u0131\u015fl\u0131klar\u0131 ve an\u0131lar\u0131d\u0131r. Bunu gelecek ku\u015faklara aktarmak \u00e7ok \u00f6nemli. Bu derne\u011fin kurulu\u015fu da bu amaca hizmet ediyor. Sadece belediye ba\u015fkan\u0131 olarak de\u011fil, s\u0131radan bir vatanda\u015f olarak da her zaman yan\u0131n\u0131zday\u0131m. Bizim de \u0130zmit Belediyesi olarak Sepet\u00e7i Mahallesinde kurdu\u011fumuz Manav K\u00fclt\u00fcr Evi, b\u00fct\u00fcn hem\u015ferilerimize a\u00e7\u0131kt\u0131r\u201d dedi.\u00a0<\/p>\n<p>\u200bHaberin Al\u0131nt\u0131land\u0131\u011f\u0131 Kaynak: www.iskenderun.org<\/p>","protected":false},"excerpt":{"rendered":"<p>Kocaeli Yar\u0131mcal\u0131lar Manav K\u00fclt\u00fcr Derne\u011fi a\u00e7\u0131l\u0131\u015f\u0131na kat\u0131lan \u0130zmit Belediye Ba\u015fkan\u0131 Fatma Kaplan H\u00fcrriyet, derne\u011fin kente hay\u0131rl\u0131 olmas\u0131n\u0131 dilerek \u201cSadece belediye ba\u015fkan\u0131 olarak de\u011fil, s\u0131radan bir vatanda\u015f olarak da her zaman yan\u0131n\u0131zday\u0131m\u201d dediKOCAEL\u0130 (\u0130GFA) &#8211;\u00a0Derneklere her zaman ayr\u0131 bir \u00f6nem veren \u0130zmit Belediye Ba\u015fkan\u0131 Fatma Kaplan H\u00fcrriyet,\u00a0 K\u00f6rfez Hac\u0131 Osman Mahallesinde hizmete giren Kocaeli Yar\u0131mcal\u0131lar Manav K\u00fclt\u00fcr Derne\u011fi a\u00e7\u0131l\u0131\u015f\u0131na kat\u0131ld\u0131. Ba\u015fkan H\u00fcrriyet, Dernek Ba\u015fkan\u0131 Ahmet \u00dcz\u00fcmc\u00fc\u2019n\u00fcn a\u00e7\u0131l\u0131\u015f heyecan\u0131na ortak olurken Manav vatanda\u015flar da Ba\u015fkan H\u00fcrriyet\u2019i b\u00fcy\u00fck bir sevgi ile kar\u015f\u0131lad\u0131 ONUR VE GURUR DUYUYORUM A\u00e7\u0131l\u0131\u015fta konu\u015fan Ba\u015fkan H\u00fcrriyet, \u201cD\u00fcr\u00fcstse, mertse i\u015fte o \u00f6z Manav insan\u0131d\u0131r. Bu g\u00fczel kentin g\u00fczel insanlar\u0131yla bir arada olmaktan onur ve gurur duyuyorum. Bu g\u00fczel derne\u011fi kentimize kazand\u0131ran y\u00f6netim kuruluna kentlilik bilinci ad\u0131na \u00e7ok te\u015fekk\u00fcr ediyorum. Yolunuz a\u00e7\u0131k olsun. K\u00fclt\u00fcr\u00fcm\u00fcze ve kentimize g\u00fczel i\u015fler yapmak nasip olsun. HER ZAMAN YANINIZDAYIM Bu kente nereden g\u00f6\u00e7 etmi\u015f olursak olal\u0131m en nihayetinde bu kentin havas\u0131n\u0131 suyunu kullan\u0131yoruz. Kentlilik bilinci \u00e7ok \u00f6nemli. Manavlar, bu kentin ge\u00e7mi\u015fi, ya\u015fanm\u0131\u015fl\u0131klar\u0131 ve an\u0131lar\u0131d\u0131r. Bunu gelecek ku\u015faklara aktarmak \u00e7ok \u00f6nemli. Bu derne\u011fin kurulu\u015fu da bu amaca hizmet ediyor. Sadece belediye ba\u015fkan\u0131 olarak de\u011fil, s\u0131radan bir vatanda\u015f olarak da her zaman yan\u0131n\u0131zday\u0131m. Bizim de \u0130zmit Belediyesi olarak Sepet\u00e7i Mahallesinde kurdu\u011fumuz Manav K\u00fclt\u00fcr Evi, b\u00fct\u00fcn hem\u015ferilerimize a\u00e7\u0131kt\u0131r\u201d dedi. &hellip;<\/p>","protected":false},"author":1,"featured_media":0,"comment_status":"open","ping_status":"open","sticky":false,"template":"","format":"standard","meta":{"_acf_changed":false,"footnotes":""},"categories":[24],"tags":[],"class_list":["post-26247","post","type-post","status-publish","format-standard","has-post-thumbnail","hentry","category-gundem"],"acf":[],"yoast_head":"<!-- This site is optimized with the Yoast SEO Premium plugin v26.6 (Yoast SEO v27.1.1) - https:\/\/yoast.com\/product\/yoast-seo-premium-wordpress\/ -->\n<title>Ba\u015fkan H\u00fcrriyet, Manav hem\u015ferilerinin a\u00e7\u0131l\u0131\u015f heyecan\u0131na ortak oldu - Av. Deniz Can K\u0131z\u0131l<\/title>\n<meta name=\"robots\" content=\"index, follow, max-snippet:-1, max-image-preview:large, max-video-preview:-1\" \/>\n<link rel=\"canonical\" href=\"http:\/\/denizcankizil.tr\/de\/haberler\/gundem\/baskan-hurriyet-manav-hemserilerinin-acilis-heyecanina-ortak-oldu\/\" \/>\n<meta property=\"og:locale\" content=\"de_DE\" \/>\n<meta property=\"og:type\" content=\"article\" \/>\n<meta property=\"og:title\" content=\"Ba\u015fkan H\u00fcrriyet, Manav hem\u015ferilerinin a\u00e7\u0131l\u0131\u015f heyecan\u0131na ortak oldu\" \/>\n<meta property=\"og:description\" content=\"Kocaeli Yar\u0131mcal\u0131lar Manav K\u00fclt\u00fcr Derne\u011fi a\u00e7\u0131l\u0131\u015f\u0131na kat\u0131lan \u0130zmit Belediye Ba\u015fkan\u0131 Fatma Kaplan H\u00fcrriyet, derne\u011fin kente hay\u0131rl\u0131 olmas\u0131n\u0131 dilerek \u201cSadece belediye ba\u015fkan\u0131 olarak de\u011fil, s\u0131radan bir vatanda\u015f olarak da her zaman yan\u0131n\u0131zday\u0131m\u201d dediKOCAEL\u0130 (\u0130GFA) &#8211;\u00a0Derneklere her zaman ayr\u0131 bir \u00f6nem veren \u0130zmit Belediye Ba\u015fkan\u0131 Fatma Kaplan H\u00fcrriyet,\u00a0 K\u00f6rfez Hac\u0131 Osman Mahallesinde hizmete giren Kocaeli Yar\u0131mcal\u0131lar Manav K\u00fclt\u00fcr Derne\u011fi a\u00e7\u0131l\u0131\u015f\u0131na kat\u0131ld\u0131. Ba\u015fkan H\u00fcrriyet, Dernek Ba\u015fkan\u0131 Ahmet \u00dcz\u00fcmc\u00fc\u2019n\u00fcn a\u00e7\u0131l\u0131\u015f heyecan\u0131na ortak olurken Manav vatanda\u015flar da Ba\u015fkan H\u00fcrriyet\u2019i b\u00fcy\u00fck bir sevgi ile kar\u015f\u0131lad\u0131 ONUR VE GURUR DUYUYORUM A\u00e7\u0131l\u0131\u015fta konu\u015fan Ba\u015fkan H\u00fcrriyet, \u201cD\u00fcr\u00fcstse, mertse i\u015fte o \u00f6z Manav insan\u0131d\u0131r. Bu g\u00fczel kentin g\u00fczel insanlar\u0131yla bir arada olmaktan onur ve gurur duyuyorum. Bu g\u00fczel derne\u011fi kentimize kazand\u0131ran y\u00f6netim kuruluna kentlilik bilinci ad\u0131na \u00e7ok te\u015fekk\u00fcr ediyorum. Yolunuz a\u00e7\u0131k olsun. K\u00fclt\u00fcr\u00fcm\u00fcze ve kentimize g\u00fczel i\u015fler yapmak nasip olsun. HER ZAMAN YANINIZDAYIM Bu kente nereden g\u00f6\u00e7 etmi\u015f olursak olal\u0131m en nihayetinde bu kentin havas\u0131n\u0131 suyunu kullan\u0131yoruz. Kentlilik bilinci \u00e7ok \u00f6nemli. Manavlar, bu kentin ge\u00e7mi\u015fi, ya\u015fanm\u0131\u015fl\u0131klar\u0131 ve an\u0131lar\u0131d\u0131r. Bunu gelecek ku\u015faklara aktarmak \u00e7ok \u00f6nemli. Bu derne\u011fin kurulu\u015fu da bu amaca hizmet ediyor. Sadece belediye ba\u015fkan\u0131 olarak de\u011fil, s\u0131radan bir vatanda\u015f olarak da her zaman yan\u0131n\u0131zday\u0131m. Bizim de \u0130zmit Belediyesi olarak Sepet\u00e7i Mahallesinde kurdu\u011fumuz Manav K\u00fclt\u00fcr Evi, b\u00fct\u00fcn hem\u015ferilerimize a\u00e7\u0131kt\u0131r\u201d dedi. &hellip;\" \/>\n<meta property=\"og:url\" content=\"http:\/\/denizcankizil.tr\/de\/haberler\/gundem\/baskan-hurriyet-manav-hemserilerinin-acilis-heyecanina-ortak-oldu\/\" \/>\n<meta property=\"og:site_name\" content=\"Av. Deniz Can K\u0131z\u0131l\" \/>\n<meta property=\"article:published_time\" content=\"2025-01-20T06:42:16+00:00\" \/>\n<meta name=\"author\" content=\"admin\" \/>\n<meta name=\"twitter:card\" content=\"summary_large_image\" \/>\n<meta name=\"twitter:label1\" content=\"Verfasst von\" \/>\n\t<meta name=\"twitter:data1\" content=\"admin\" \/>\n\t<meta name=\"twitter:label2\" content=\"Gesch\u00e4tzte Lesezeit\" \/>\n\t<meta name=\"twitter:data2\" content=\"3\u00a0Minuten\" \/>\n<script type=\"application\/ld+json\" class=\"yoast-schema-graph\">{\"@context\":\"https:\/\/schema.org\",\"@graph\":[{\"@type\":\"Article\",\"@id\":\"http:\/\/denizcankizil.tr\/de\/haberler\/gundem\/baskan-hurriyet-manav-hemserilerinin-acilis-heyecanina-ortak-oldu\/#article\",\"isPartOf\":{\"@id\":\"http:\/\/denizcankizil.tr\/de\/haberler\/gundem\/baskan-hurriyet-manav-hemserilerinin-acilis-heyecanina-ortak-oldu\/\"},\"author\":{\"name\":\"admin\",\"@id\":\"https:\/\/denizcankizil.tr\/de\/#\/schema\/person\/be3c05fe6a12686905512445d8185489\"},\"headline\":\"Ba\u015fkan H\u00fcrriyet, Manav hem\u015ferilerinin a\u00e7\u0131l\u0131\u015f heyecan\u0131na ortak oldu\",\"datePublished\":\"2025-01-20T06:42:16+00:00\",\"mainEntityOfPage\":{\"@id\":\"http:\/\/denizcankizil.tr\/de\/haberler\/gundem\/baskan-hurriyet-manav-hemserilerinin-acilis-heyecanina-ortak-oldu\/\"},\"wordCount\":625,\"commentCount\":0,\"publisher\":{\"@id\":\"https:\/\/denizcankizil.tr\/de\/#organization\"},\"articleSection\":[\"G\u00fcndem\"],\"inLanguage\":\"de\",\"potentialAction\":[{\"@type\":\"CommentAction\",\"name\":\"Comment\",\"target\":[\"http:\/\/denizcankizil.tr\/de\/haberler\/gundem\/baskan-hurriyet-manav-hemserilerinin-acilis-heyecanina-ortak-oldu\/#respond\"]}]},{\"@type\":\"WebPage\",\"@id\":\"http:\/\/denizcankizil.tr\/de\/haberler\/gundem\/baskan-hurriyet-manav-hemserilerinin-acilis-heyecanina-ortak-oldu\/\",\"url\":\"http:\/\/denizcankizil.tr\/de\/haberler\/gundem\/baskan-hurriyet-manav-hemserilerinin-acilis-heyecanina-ortak-oldu\/\",\"name\":\"Ba\u015fkan H\u00fcrriyet, Manav hem\u015ferilerinin a\u00e7\u0131l\u0131\u015f heyecan\u0131na ortak oldu - Av. Deniz Can K\u0131z\u0131l\",\"isPartOf\":{\"@id\":\"https:\/\/denizcankizil.tr\/de\/#website\"},\"datePublished\":\"2025-01-20T06:42:16+00:00\",\"breadcrumb\":{\"@id\":\"http:\/\/denizcankizil.tr\/de\/haberler\/gundem\/baskan-hurriyet-manav-hemserilerinin-acilis-heyecanina-ortak-oldu\/#breadcrumb\"},\"inLanguage\":\"de\",\"potentialAction\":[{\"@type\":\"ReadAction\",\"target\":[\"http:\/\/denizcankizil.tr\/de\/haberler\/gundem\/baskan-hurriyet-manav-hemserilerinin-acilis-heyecanina-ortak-oldu\/\"]}]},{\"@type\":\"BreadcrumbList\",\"@id\":\"http:\/\/denizcankizil.tr\/de\/haberler\/gundem\/baskan-hurriyet-manav-hemserilerinin-acilis-heyecanina-ortak-oldu\/#breadcrumb\",\"itemListElement\":[{\"@type\":\"ListItem\",\"position\":1,\"name\":\"Home\",\"item\":\"https:\/\/denizcankizil.tr\/de\/\"},{\"@type\":\"ListItem\",\"position\":2,\"name\":\"Ba\u015fkan H\u00fcrriyet, Manav hem\u015ferilerinin a\u00e7\u0131l\u0131\u015f heyecan\u0131na ortak oldu\"}]},{\"@type\":\"WebSite\",\"@id\":\"https:\/\/denizcankizil.tr\/de\/#website\",\"url\":\"https:\/\/denizcankizil.tr\/de\/\",\"name\":\"Av. Deniz Can K\u0131z\u0131l\",\"description\":\"Avukat Deniz Can K\u0131z\u0131l Antalya Barosu\",\"publisher\":{\"@id\":\"https:\/\/denizcankizil.tr\/de\/#organization\"},\"potentialAction\":[{\"@type\":\"SearchAction\",\"target\":{\"@type\":\"EntryPoint\",\"urlTemplate\":\"https:\/\/denizcankizil.tr\/de\/?s={search_term_string}\"},\"query-input\":{\"@type\":\"PropertyValueSpecification\",\"valueRequired\":true,\"valueName\":\"search_term_string\"}}],\"inLanguage\":\"de\"},{\"@type\":\"Organization\",\"@id\":\"https:\/\/denizcankizil.tr\/de\/#organization\",\"name\":\"Av. Deniz Can K\u0131z\u0131l\",\"url\":\"https:\/\/denizcankizil.tr\/de\/\",\"logo\":{\"@type\":\"ImageObject\",\"inLanguage\":\"de\",\"@id\":\"https:\/\/denizcankizil.tr\/de\/#\/schema\/logo\/image\/\",\"url\":\"http:\/\/denizcankizil.tr\/wp-content\/uploads\/2024\/10\/siyah-logo-svg.svg\",\"contentUrl\":\"http:\/\/denizcankizil.tr\/wp-content\/uploads\/2024\/10\/siyah-logo-svg.svg\",\"width\":1080,\"height\":1080,\"caption\":\"Av. Deniz Can K\u0131z\u0131l\"},\"image\":{\"@id\":\"https:\/\/denizcankizil.tr\/de\/#\/schema\/logo\/image\/\"}},{\"@type\":\"Person\",\"@id\":\"https:\/\/denizcankizil.tr\/de\/#\/schema\/person\/be3c05fe6a12686905512445d8185489\",\"name\":\"admin\",\"image\":{\"@type\":\"ImageObject\",\"inLanguage\":\"de\",\"@id\":\"https:\/\/denizcankizil.tr\/de\/#\/schema\/person\/image\/\",\"url\":\"https:\/\/secure.gravatar.com\/avatar\/c1fce94c830dc79107e174f890d7210541c4a63e8e5d816341794a2151c9d58c?s=96&d=mm&r=g\",\"contentUrl\":\"https:\/\/secure.gravatar.com\/avatar\/c1fce94c830dc79107e174f890d7210541c4a63e8e5d816341794a2151c9d58c?s=96&d=mm&r=g\",\"caption\":\"admin\"},\"sameAs\":[\"http:\/\/denizcankizil.tr\"],\"url\":\"https:\/\/www.iskenderun.org\/baskan-hurriyet-manav-hemserilerinin-acilis-heyecanina-ortak-oldu\"}]}<\/script>\n<!-- \/ Yoast SEO Premium plugin. -->","yoast_head_json":{"title":"Ba\u015fkan H\u00fcrriyet, Manav hem\u015ferilerinin a\u00e7\u0131l\u0131\u015f heyecan\u0131na ortak oldu - Av. Deniz Can K\u0131z\u0131l","robots":{"index":"index","follow":"follow","max-snippet":"max-snippet:-1","max-image-preview":"max-image-preview:large","max-video-preview":"max-video-preview:-1"},"canonical":"http:\/\/denizcankizil.tr\/de\/haberler\/gundem\/baskan-hurriyet-manav-hemserilerinin-acilis-heyecanina-ortak-oldu\/","og_locale":"de_DE","og_type":"article","og_title":"Ba\u015fkan H\u00fcrriyet, Manav hem\u015ferilerinin a\u00e7\u0131l\u0131\u015f heyecan\u0131na ortak oldu","og_description":"Kocaeli Yar\u0131mcal\u0131lar Manav K\u00fclt\u00fcr Derne\u011fi a\u00e7\u0131l\u0131\u015f\u0131na kat\u0131lan \u0130zmit Belediye Ba\u015fkan\u0131 Fatma Kaplan H\u00fcrriyet, derne\u011fin kente hay\u0131rl\u0131 olmas\u0131n\u0131 dilerek \u201cSadece belediye ba\u015fkan\u0131 olarak de\u011fil, s\u0131radan bir vatanda\u015f olarak da her zaman yan\u0131n\u0131zday\u0131m\u201d dediKOCAEL\u0130 (\u0130GFA) &#8211;\u00a0Derneklere her zaman ayr\u0131 bir \u00f6nem veren \u0130zmit Belediye Ba\u015fkan\u0131 Fatma Kaplan H\u00fcrriyet,\u00a0 K\u00f6rfez Hac\u0131 Osman Mahallesinde hizmete giren Kocaeli Yar\u0131mcal\u0131lar Manav K\u00fclt\u00fcr Derne\u011fi a\u00e7\u0131l\u0131\u015f\u0131na kat\u0131ld\u0131. Ba\u015fkan H\u00fcrriyet, Dernek Ba\u015fkan\u0131 Ahmet \u00dcz\u00fcmc\u00fc\u2019n\u00fcn a\u00e7\u0131l\u0131\u015f heyecan\u0131na ortak olurken Manav vatanda\u015flar da Ba\u015fkan H\u00fcrriyet\u2019i b\u00fcy\u00fck bir sevgi ile kar\u015f\u0131lad\u0131 ONUR VE GURUR DUYUYORUM A\u00e7\u0131l\u0131\u015fta konu\u015fan Ba\u015fkan H\u00fcrriyet, \u201cD\u00fcr\u00fcstse, mertse i\u015fte o \u00f6z Manav insan\u0131d\u0131r. Bu g\u00fczel kentin g\u00fczel insanlar\u0131yla bir arada olmaktan onur ve gurur duyuyorum. Bu g\u00fczel derne\u011fi kentimize kazand\u0131ran y\u00f6netim kuruluna kentlilik bilinci ad\u0131na \u00e7ok te\u015fekk\u00fcr ediyorum. Yolunuz a\u00e7\u0131k olsun. K\u00fclt\u00fcr\u00fcm\u00fcze ve kentimize g\u00fczel i\u015fler yapmak nasip olsun. HER ZAMAN YANINIZDAYIM Bu kente nereden g\u00f6\u00e7 etmi\u015f olursak olal\u0131m en nihayetinde bu kentin havas\u0131n\u0131 suyunu kullan\u0131yoruz. Kentlilik bilinci \u00e7ok \u00f6nemli. Manavlar, bu kentin ge\u00e7mi\u015fi, ya\u015fanm\u0131\u015fl\u0131klar\u0131 ve an\u0131lar\u0131d\u0131r. Bunu gelecek ku\u015faklara aktarmak \u00e7ok \u00f6nemli. Bu derne\u011fin kurulu\u015fu da bu amaca hizmet ediyor. Sadece belediye ba\u015fkan\u0131 olarak de\u011fil, s\u0131radan bir vatanda\u015f olarak da her zaman yan\u0131n\u0131zday\u0131m. Bizim de \u0130zmit Belediyesi olarak Sepet\u00e7i Mahallesinde kurdu\u011fumuz Manav K\u00fclt\u00fcr Evi, b\u00fct\u00fcn hem\u015ferilerimize a\u00e7\u0131kt\u0131r\u201d dedi. &hellip;","og_url":"http:\/\/denizcankizil.tr\/de\/haberler\/gundem\/baskan-hurriyet-manav-hemserilerinin-acilis-heyecanina-ortak-oldu\/","og_site_name":"Av. Deniz Can K\u0131z\u0131l","article_published_time":"2025-01-20T06:42:16+00:00","author":"admin","twitter_card":"summary_large_image","twitter_misc":{"Verfasst von":"admin","Gesch\u00e4tzte Lesezeit":"3\u00a0Minuten"},"schema":{"@context":"https:\/\/schema.org","@graph":[{"@type":"Article","@id":"http:\/\/denizcankizil.tr\/de\/haberler\/gundem\/baskan-hurriyet-manav-hemserilerinin-acilis-heyecanina-ortak-oldu\/#article","isPartOf":{"@id":"http:\/\/denizcankizil.tr\/de\/haberler\/gundem\/baskan-hurriyet-manav-hemserilerinin-acilis-heyecanina-ortak-oldu\/"},"author":{"name":"admin","@id":"https:\/\/denizcankizil.tr\/de\/#\/schema\/person\/be3c05fe6a12686905512445d8185489"},"headline":"Ba\u015fkan H\u00fcrriyet, Manav hem\u015ferilerinin a\u00e7\u0131l\u0131\u015f heyecan\u0131na ortak oldu","datePublished":"2025-01-20T06:42:16+00:00","mainEntityOfPage":{"@id":"http:\/\/denizcankizil.tr\/de\/haberler\/gundem\/baskan-hurriyet-manav-hemserilerinin-acilis-heyecanina-ortak-oldu\/"},"wordCount":625,"commentCount":0,"publisher":{"@id":"https:\/\/denizcankizil.tr\/de\/#organization"},"articleSection":["G\u00fcndem"],"inLanguage":"de","potentialAction":[{"@type":"CommentAction","name":"Comment","target":["http:\/\/denizcankizil.tr\/de\/haberler\/gundem\/baskan-hurriyet-manav-hemserilerinin-acilis-heyecanina-ortak-oldu\/#respond"]}]},{"@type":"WebPage","@id":"http:\/\/denizcankizil.tr\/de\/haberler\/gundem\/baskan-hurriyet-manav-hemserilerinin-acilis-heyecanina-ortak-oldu\/","url":"http:\/\/denizcankizil.tr\/de\/haberler\/gundem\/baskan-hurriyet-manav-hemserilerinin-acilis-heyecanina-ortak-oldu\/","name":"Ba\u015fkan H\u00fcrriyet, Manav hem\u015ferilerinin a\u00e7\u0131l\u0131\u015f heyecan\u0131na ortak oldu - Av. Deniz Can K\u0131z\u0131l","isPartOf":{"@id":"https:\/\/denizcankizil.tr\/de\/#website"},"datePublished":"2025-01-20T06:42:16+00:00","breadcrumb":{"@id":"http:\/\/denizcankizil.tr\/de\/haberler\/gundem\/baskan-hurriyet-manav-hemserilerinin-acilis-heyecanina-ortak-oldu\/#breadcrumb"},"inLanguage":"de","potentialAction":[{"@type":"ReadAction","target":["http:\/\/denizcankizil.tr\/de\/haberler\/gundem\/baskan-hurriyet-manav-hemserilerinin-acilis-heyecanina-ortak-oldu\/"]}]},{"@type":"BreadcrumbList","@id":"http:\/\/denizcankizil.tr\/de\/haberler\/gundem\/baskan-hurriyet-manav-hemserilerinin-acilis-heyecanina-ortak-oldu\/#breadcrumb","itemListElement":[{"@type":"ListItem","position":1,"name":"Home","item":"https:\/\/denizcankizil.tr\/de\/"},{"@type":"ListItem","position":2,"name":"Ba\u015fkan H\u00fcrriyet, Manav hem\u015ferilerinin a\u00e7\u0131l\u0131\u015f heyecan\u0131na ortak oldu"}]},{"@type":"WebSite","@id":"https:\/\/denizcankizil.tr\/de\/#website","url":"https:\/\/denizcankizil.tr\/de\/","name":"Av. Deniz Can K\u0131z\u0131l","description":"Avukat Deniz Can K\u0131z\u0131l Antalya Barosu","publisher":{"@id":"https:\/\/denizcankizil.tr\/de\/#organization"},"potentialAction":[{"@type":"SearchAction","target":{"@type":"EntryPoint","urlTemplate":"https:\/\/denizcankizil.tr\/de\/?s={search_term_string}"},"query-input":{"@type":"PropertyValueSpecification","valueRequired":true,"valueName":"search_term_string"}}],"inLanguage":"de"},{"@type":"Organization","@id":"https:\/\/denizcankizil.tr\/de\/#organization","name":"Av. Deniz Can K\u0131z\u0131l","url":"https:\/\/denizcankizil.tr\/de\/","logo":{"@type":"ImageObject","inLanguage":"de","@id":"https:\/\/denizcankizil.tr\/de\/#\/schema\/logo\/image\/","url":"http:\/\/denizcankizil.tr\/wp-content\/uploads\/2024\/10\/siyah-logo-svg.svg","contentUrl":"http:\/\/denizcankizil.tr\/wp-content\/uploads\/2024\/10\/siyah-logo-svg.svg","width":1080,"height":1080,"caption":"Av. Deniz Can K\u0131z\u0131l"},"image":{"@id":"https:\/\/denizcankizil.tr\/de\/#\/schema\/logo\/image\/"}},{"@type":"Person","@id":"https:\/\/denizcankizil.tr\/de\/#\/schema\/person\/be3c05fe6a12686905512445d8185489","name":"Administrator","image":{"@type":"ImageObject","inLanguage":"de","@id":"https:\/\/denizcankizil.tr\/de\/#\/schema\/person\/image\/","url":"https:\/\/secure.gravatar.com\/avatar\/c1fce94c830dc79107e174f890d7210541c4a63e8e5d816341794a2151c9d58c?s=96&d=mm&r=g","contentUrl":"https:\/\/secure.gravatar.com\/avatar\/c1fce94c830dc79107e174f890d7210541c4a63e8e5d816341794a2151c9d58c?s=96&d=mm&r=g","caption":"admin"},"sameAs":["http:\/\/denizcankizil.tr"],"url":"https:\/\/www.iskenderun.org\/baskan-hurriyet-manav-hemserilerinin-acilis-heyecanina-ortak-oldu"}]}},"_links":{"self":[{"href":"http:\/\/denizcankizil.tr\/de\/wp-json\/wp\/v2\/posts\/26247","targetHints":{"allow":["GET"]}}],"collection":[{"href":"http:\/\/denizcankizil.tr\/de\/wp-json\/wp\/v2\/posts"}],"about":[{"href":"http:\/\/denizcankizil.tr\/de\/wp-json\/wp\/v2\/types\/post"}],"author":[{"embeddable":true,"href":"http:\/\/denizcankizil.tr\/de\/wp-json\/wp\/v2\/users\/1"}],"replies":[{"embeddable":true,"href":"http:\/\/denizcankizil.tr\/de\/wp-json\/wp\/v2\/comments?post=26247"}],"version-history":[{"count":0,"href":"http:\/\/denizcankizil.tr\/de\/wp-json\/wp\/v2\/posts\/26247\/revisions"}],"wp:attachment":[{"href":"http:\/\/denizcankizil.tr\/de\/wp-json\/wp\/v2\/media?parent=26247"}],"wp:term":[{"taxonomy":"category","embeddable":true,"href":"http:\/\/denizcankizil.tr\/de\/wp-json\/wp\/v2\/categories?post=26247"},{"taxonomy":"post_tag","embeddable":true,"href":"http:\/\/denizcankizil.tr\/de\/wp-json\/wp\/v2\/tags?post=26247"}],"curies":[{"name":"wp","href":"https:\/\/api.w.org\/{rel}","templated":true}]}}