{"id":25648,"date":"2025-01-16T13:41:48","date_gmt":"2025-01-16T10:41:48","guid":{"rendered":"https:\/\/denizcankizil.tr\/uncategorized-tr\/antalya-buyuksehir-belediye-meclisinde-gundem-disi-konusma-krizi\/"},"modified":"2025-01-16T13:41:48","modified_gmt":"2025-01-16T10:41:48","slug":"antalya-buyuksehir-belediye-meclisinde-gundem-disi-konusma-krizi","status":"publish","type":"post","link":"http:\/\/denizcankizil.tr\/de\/haberler\/gundem\/antalya-buyuksehir-belediye-meclisinde-gundem-disi-konusma-krizi\/","title":{"rendered":"Antalya B\u00fcy\u00fck\u015fehir Belediye Meclisi&#8217;nde \u201cg\u00fcndem d\u0131\u015f\u0131\u201d konu\u015fma krizi!"},"content":{"rendered":"<p>Antalya B\u00fcy\u00fck\u015fehir Belediyesi\u2019nin Ocak ay\u0131 Meclis Toplant\u0131s\u0131, B\u00fcy\u00fck\u015fehir Belediye Ba\u015fkan\u0131 Muhittin B\u00f6cek \u00f6nc\u00fcl\u00fc\u011f\u00fcnde yap\u0131ld\u0131. Antalya B\u00fcy\u00fck\u015fehir Belediye Meclisi\u2019nde CHP Grup S\u00f6zc\u00fcs\u00fc B\u00fc\u015fra \u00d6zdemir, AK Parti Grup S\u00f6zc\u00fcs\u00fc Bahattin Bayraktar ve MHP Grup S\u00f6zc\u00fcs\u00fc Sel\u00e7uk Senirli, toplant\u0131da g\u00fcndem maddelerine ge\u00e7meden \u00f6nce Ba\u015fkan Muhittin B\u00f6cek\u2019in onay\u0131yla g\u00fcndem d\u0131\u015f\u0131 konu\u015fma ger\u00e7ekle\u015ftirmek i\u00e7in s\u00f6z hakk\u0131 ald\u0131.<\/p>\n<p>GE\u00c7MEYEN DAK\u0130KALARA ELE\u015eT\u0130R\u0130 YA\u011eMURU<\/p>\n<p>Antalya K\u00f6rfez Gazetesi Muhabiri Ertu\u011frul G\u00fcn&#8217;\u00fcn \u00f6zel haberine g\u00f6re kentin ve halk\u0131n sorunlar\u0131n\u0131n mecliste ta\u015f\u0131mas\u0131 i\u00e7in se\u00e7ilen meclis \u00fcyelerinin belirli g\u00fcn ve haftalar \u00fczerine yapt\u0131\u011f\u0131 uzun konu\u015fmalar tepki \u00e7ekti. Bu konu\u015fmalar\u0131n dakikalar hatta zaman zaman bir saat boyunca s\u00fcrmesi hem meclis \u00fcyeleri hem de halk aras\u0131nda ele\u015ftiri konusu oldu. Belediye meclislerinin asli g\u00f6revleri aras\u0131nda olan kentsel sorunlar\u0131n \u00e7\u00f6z\u00fcm\u00fcne dair kararlar\u0131n g\u00f6r\u00fc\u015f\u00fclmesi ve karara ba\u011flanmas\u0131 beklenirken, g\u00fcndem d\u0131\u015f\u0131 konu\u015fmalar\u0131n meclis s\u00fcresini b\u00fcy\u00fck \u00f6l\u00e7\u00fcde harcamas\u0131 toplant\u0131 \u00f6ncesi ve sonras\u0131nda huzursuzluk yaratt\u0131.\u00a0<\/p>\n<p>G\u00dcNDEM DI\u015eI KONU\u015eMA YO\u011eUNLU\u011eU<\/p>\n<p>Antalya B\u00fcy\u00fck\u015fehir Belediyesi\u2019nin Ocak ay\u0131 Meclis Toplant\u0131s\u0131, 1 saat 22 dakika s\u00fcrd\u00fc. Antalya B\u00fcy\u00fck\u015fehir Belediyesi Denetim Kurulu \u00dcyeleri&#8217;nin se\u00e7imi ise 27 dakika s\u00fcrd\u00fc. Bir yandan da grup s\u00f6zc\u00fcleri s\u00f6z hakk\u0131 olarak g\u00fcndemi de\u011ferlendirdi. CHP Grup S\u00f6zc\u00fcs\u00fc B\u00fc\u015fra \u00d6zdemir 7 dakika s\u00f6z hakk\u0131 ald\u0131. AK Parti Grup S\u00f6zc\u00fcs\u00fc Bahattin Bayraktar 10 dakika s\u00f6z hakk\u0131 al\u0131rken, MHP Grup S\u00f6zc\u00fcs\u00fc Sel\u00e7uk Senirli ise 5 dakika s\u00f6z ald\u0131. Ba\u015fkan Muhittin B\u00f6cek ise grup s\u00f6zc\u00fclerinin iyi dilek ve temennilerine kat\u0131ld\u0131\u011f\u0131n\u0131 ifade ederek yakla\u015f\u0131k 9 dakika s\u00f6z ald\u0131. 43 g\u00fcndem maddesi ise 22 dakikada onayland\u0131. MHP grubu Alanya il\u00e7e giri\u015finde bayrak tutan Bozkurt heykelinin kald\u0131r\u0131lmas\u0131n\u0131n ard\u0131ndan mecliste Belediye Ba\u015fkan\u0131 Osman Tar\u0131k \u00d6z\u00e7elik ile gerginlik ya\u015fam\u0131\u015f, karardan geri d\u00f6n\u00fclmedi\u011fi s\u00fcrece Alanya\u2019n\u0131n g\u00fcndem maddelerine \u201chay\u0131r\u201d oyu vereceklerini duyurmu\u015ftu. MHP grubunun \u201chay\u0131r\u201d oyu vermesiyle bu 22 dakikal\u0131k s\u00fcre daha da uzam\u0131\u015f oldu.\u00a0<\/p>\n<p>HALKIN SORUNLARI ELE ALINSIN<\/p>\n<p>Antalya Kent Konseyi Ba\u015fkan\u0131 Semanur Kurt, meclis \u00fcyeleri ve grup s\u00f6zc\u00fclerinin uzun s\u00fcre \u00f6zel g\u00fcndemleri ele almalar\u0131n\u0131 ele\u015ftirerek, belirli g\u00fcnlerin ve haftalar\u0131n \u00f6neminin k\u0131sa bir \u015fekilde ifade edilmesini, ana g\u00fcndem konular\u0131n\u0131n ise \u00f6ncelikli olarak ele al\u0131nmas\u0131n\u0131 talep etti. Kurt, \u201cBizim \u015fehrimizin \u00e7ok say\u0131da cevap bekleyen sorunu var. Mecliste ana g\u00fcndem maddesi halk\u0131n sorunlar\u0131 olmas\u0131 gerekir. Uzun uzun g\u00fcndem d\u0131\u015f\u0131 konu\u015fmalarda kente katk\u0131 de\u011feri olmayan konu\u015fmalar\u0131n yer almas\u0131n\u0131n de\u011feri yok. Buras\u0131 halk\u0131n meclisi, meclis \u00fcyeleri halktan ald\u0131klar\u0131 sorunlar\u0131 buralara ta\u015f\u0131mas\u0131 gerekir. \u015eehrimiz \u00e7ok h\u0131zl\u0131 bir \u015fekilde b\u00fcy\u00fcmeye devam ediyor. Trafik sorunu \u00e7\u00f6z\u00fclmemi\u015f elimizde bekliyor. \u015eehrin b\u00fcy\u00fcmesi ile birlikte kaynaklar\u0131m\u0131z\u0131 \u00e7ok h\u0131zl\u0131 t\u00fcketiyoruz. Bu kaynaklar\u0131 daha do\u011fru nas\u0131l kullanabiliriz bunlar\u0131 konu\u015fal\u0131m\u201d dedi.\u00a0<\/p>\n<p>FALEZLERE KORUMA TALEP ETT\u0130K<\/p>\n<p>Antalya\u2019da tart\u0131\u015fmas\u0131 bir t\u00fcrl\u00fc bitmek bilmeyen falezlerin korunmas\u0131na y\u00f6nelik belediyeden falezlere \u00f6zel koruma ama\u00e7l\u0131 imar plan\u0131 haz\u0131rlanmas\u0131n\u0131 talep ettiklerini ifade eden Kurt, \u201cMesela bunu g\u00fcndeme ta\u015f\u0131s\u0131nlar. Yar\u0131n Fabrikalar Mahallesi&#8217;nde hayata ge\u00e7irilmesi d\u00fc\u015f\u00fcn\u00fclen rezidans projesinin meclise gelmesi d\u00fc\u015f\u00fcn\u00fcl\u00fcyor. Bu tart\u0131\u015f\u0131ls\u0131n, tart\u0131\u015farak sorunlar \u00e7\u00f6z\u00fcls\u00fcn. Evet, hay\u0131r butonu ile bu sorunlar\u0131 \u00e7\u00f6zemeyiz\u201d s\u00f6zlerine yer verdi.\u00a0<\/p>\n<p>\u00a0<\/p>\n<p>\u200bAntalya\u2019da b\u00fcy\u00fck\u015fehir ve il\u00e7e belediye meclislerinde parti grup s\u00f6zc\u00fclerinin dakikalarca s\u00fcren \u00f6zel belirli g\u00fcn ve haftalar \u00fczerine yap\u0131lan konu\u015fmalar, kamuoyunda tepkilere neden oldu. Antalya Kent Konseyi Ba\u015fkan\u0131 Semanur Kurt, meclis \u00fcyeleri ve grup s\u00f6zc\u00fclerinin uzun s\u00fcre \u00f6zel g\u00fcndemleri ele almalar\u0131n\u0131 ele\u015ftirerek, belirli g\u00fcnlerin ve haftalar\u0131n \u00f6neminin k\u0131sa bir \u015fekilde ifade edilmesini, ana g\u00fcndem konular\u0131n\u0131n ise \u00f6ncelikli olarak ele al\u0131nmas\u0131n\u0131 talep etti\u00a0<\/p>\n<p>\u200bHaberin Al\u0131nt\u0131land\u0131\u011f\u0131 Kaynak: www.antalyakorfez.com<\/p>","protected":false},"excerpt":{"rendered":"<p>Antalya B\u00fcy\u00fck\u015fehir Belediyesi\u2019nin Ocak ay\u0131 Meclis Toplant\u0131s\u0131, B\u00fcy\u00fck\u015fehir Belediye Ba\u015fkan\u0131 Muhittin B\u00f6cek \u00f6nc\u00fcl\u00fc\u011f\u00fcnde yap\u0131ld\u0131. Antalya B\u00fcy\u00fck\u015fehir Belediye Meclisi\u2019nde CHP Grup S\u00f6zc\u00fcs\u00fc B\u00fc\u015fra \u00d6zdemir, AK Parti Grup S\u00f6zc\u00fcs\u00fc Bahattin Bayraktar ve MHP Grup S\u00f6zc\u00fcs\u00fc Sel\u00e7uk Senirli, toplant\u0131da g\u00fcndem maddelerine ge\u00e7meden \u00f6nce Ba\u015fkan Muhittin B\u00f6cek\u2019in onay\u0131yla g\u00fcndem d\u0131\u015f\u0131 konu\u015fma ger\u00e7ekle\u015ftirmek i\u00e7in s\u00f6z hakk\u0131 ald\u0131. GE\u00c7MEYEN DAK\u0130KALARA ELE\u015eT\u0130R\u0130 YA\u011eMURU Antalya K\u00f6rfez Gazetesi Muhabiri Ertu\u011frul G\u00fcn&#8217;\u00fcn \u00f6zel haberine g\u00f6re kentin ve halk\u0131n sorunlar\u0131n\u0131n mecliste ta\u015f\u0131mas\u0131 i\u00e7in se\u00e7ilen meclis \u00fcyelerinin belirli g\u00fcn ve haftalar \u00fczerine yapt\u0131\u011f\u0131 uzun konu\u015fmalar tepki \u00e7ekti. Bu konu\u015fmalar\u0131n dakikalar hatta zaman zaman bir saat boyunca s\u00fcrmesi hem meclis \u00fcyeleri hem de halk aras\u0131nda ele\u015ftiri konusu oldu. Belediye meclislerinin asli g\u00f6revleri aras\u0131nda olan kentsel sorunlar\u0131n \u00e7\u00f6z\u00fcm\u00fcne dair kararlar\u0131n g\u00f6r\u00fc\u015f\u00fclmesi ve karara ba\u011flanmas\u0131 beklenirken, g\u00fcndem d\u0131\u015f\u0131 konu\u015fmalar\u0131n meclis s\u00fcresini b\u00fcy\u00fck \u00f6l\u00e7\u00fcde harcamas\u0131 toplant\u0131 \u00f6ncesi ve sonras\u0131nda huzursuzluk yaratt\u0131.\u00a0 G\u00dcNDEM DI\u015eI KONU\u015eMA YO\u011eUNLU\u011eU Antalya B\u00fcy\u00fck\u015fehir Belediyesi\u2019nin Ocak ay\u0131 Meclis Toplant\u0131s\u0131, 1 saat 22 dakika s\u00fcrd\u00fc. Antalya B\u00fcy\u00fck\u015fehir Belediyesi Denetim Kurulu \u00dcyeleri&#8217;nin se\u00e7imi ise 27 dakika s\u00fcrd\u00fc. Bir yandan da grup s\u00f6zc\u00fcleri s\u00f6z hakk\u0131 olarak g\u00fcndemi de\u011ferlendirdi. CHP Grup S\u00f6zc\u00fcs\u00fc B\u00fc\u015fra \u00d6zdemir 7 dakika s\u00f6z hakk\u0131 ald\u0131. AK Parti Grup S\u00f6zc\u00fcs\u00fc Bahattin Bayraktar 10 dakika s\u00f6z hakk\u0131 al\u0131rken, MHP Grup S\u00f6zc\u00fcs\u00fc Sel\u00e7uk Senirli ise 5 &hellip;<\/p>","protected":false},"author":5,"featured_media":0,"comment_status":"open","ping_status":"open","sticky":false,"template":"","format":"standard","meta":{"_acf_changed":false,"footnotes":""},"categories":[24],"tags":[],"class_list":["post-25648","post","type-post","status-publish","format-standard","has-post-thumbnail","hentry","category-gundem"],"acf":[],"yoast_head":"<!-- This site is optimized with the Yoast SEO Premium plugin v26.6 (Yoast SEO v27.1.1) - https:\/\/yoast.com\/product\/yoast-seo-premium-wordpress\/ -->\n<title>Antalya B\u00fcy\u00fck\u015fehir Belediye Meclisi&#039;nde \u201cg\u00fcndem d\u0131\u015f\u0131\u201d konu\u015fma krizi! - Av. Deniz Can K\u0131z\u0131l<\/title>\n<meta name=\"robots\" content=\"index, follow, max-snippet:-1, max-image-preview:large, max-video-preview:-1\" \/>\n<link rel=\"canonical\" href=\"http:\/\/denizcankizil.tr\/de\/haberler\/gundem\/antalya-buyuksehir-belediye-meclisinde-gundem-disi-konusma-krizi\/\" \/>\n<meta property=\"og:locale\" content=\"de_DE\" \/>\n<meta property=\"og:type\" content=\"article\" \/>\n<meta property=\"og:title\" content=\"Antalya B\u00fcy\u00fck\u015fehir Belediye Meclisi&#039;nde \u201cg\u00fcndem d\u0131\u015f\u0131\u201d konu\u015fma krizi!\" \/>\n<meta property=\"og:description\" content=\"Antalya B\u00fcy\u00fck\u015fehir Belediyesi\u2019nin Ocak ay\u0131 Meclis Toplant\u0131s\u0131, B\u00fcy\u00fck\u015fehir Belediye Ba\u015fkan\u0131 Muhittin B\u00f6cek \u00f6nc\u00fcl\u00fc\u011f\u00fcnde yap\u0131ld\u0131. Antalya B\u00fcy\u00fck\u015fehir Belediye Meclisi\u2019nde CHP Grup S\u00f6zc\u00fcs\u00fc B\u00fc\u015fra \u00d6zdemir, AK Parti Grup S\u00f6zc\u00fcs\u00fc Bahattin Bayraktar ve MHP Grup S\u00f6zc\u00fcs\u00fc Sel\u00e7uk Senirli, toplant\u0131da g\u00fcndem maddelerine ge\u00e7meden \u00f6nce Ba\u015fkan Muhittin B\u00f6cek\u2019in onay\u0131yla g\u00fcndem d\u0131\u015f\u0131 konu\u015fma ger\u00e7ekle\u015ftirmek i\u00e7in s\u00f6z hakk\u0131 ald\u0131. GE\u00c7MEYEN DAK\u0130KALARA ELE\u015eT\u0130R\u0130 YA\u011eMURU Antalya K\u00f6rfez Gazetesi Muhabiri Ertu\u011frul G\u00fcn&#8217;\u00fcn \u00f6zel haberine g\u00f6re kentin ve halk\u0131n sorunlar\u0131n\u0131n mecliste ta\u015f\u0131mas\u0131 i\u00e7in se\u00e7ilen meclis \u00fcyelerinin belirli g\u00fcn ve haftalar \u00fczerine yapt\u0131\u011f\u0131 uzun konu\u015fmalar tepki \u00e7ekti. Bu konu\u015fmalar\u0131n dakikalar hatta zaman zaman bir saat boyunca s\u00fcrmesi hem meclis \u00fcyeleri hem de halk aras\u0131nda ele\u015ftiri konusu oldu. Belediye meclislerinin asli g\u00f6revleri aras\u0131nda olan kentsel sorunlar\u0131n \u00e7\u00f6z\u00fcm\u00fcne dair kararlar\u0131n g\u00f6r\u00fc\u015f\u00fclmesi ve karara ba\u011flanmas\u0131 beklenirken, g\u00fcndem d\u0131\u015f\u0131 konu\u015fmalar\u0131n meclis s\u00fcresini b\u00fcy\u00fck \u00f6l\u00e7\u00fcde harcamas\u0131 toplant\u0131 \u00f6ncesi ve sonras\u0131nda huzursuzluk yaratt\u0131.\u00a0 G\u00dcNDEM DI\u015eI KONU\u015eMA YO\u011eUNLU\u011eU Antalya B\u00fcy\u00fck\u015fehir Belediyesi\u2019nin Ocak ay\u0131 Meclis Toplant\u0131s\u0131, 1 saat 22 dakika s\u00fcrd\u00fc. Antalya B\u00fcy\u00fck\u015fehir Belediyesi Denetim Kurulu \u00dcyeleri&#8217;nin se\u00e7imi ise 27 dakika s\u00fcrd\u00fc. Bir yandan da grup s\u00f6zc\u00fcleri s\u00f6z hakk\u0131 olarak g\u00fcndemi de\u011ferlendirdi. CHP Grup S\u00f6zc\u00fcs\u00fc B\u00fc\u015fra \u00d6zdemir 7 dakika s\u00f6z hakk\u0131 ald\u0131. AK Parti Grup S\u00f6zc\u00fcs\u00fc Bahattin Bayraktar 10 dakika s\u00f6z hakk\u0131 al\u0131rken, MHP Grup S\u00f6zc\u00fcs\u00fc Sel\u00e7uk Senirli ise 5 &hellip;\" \/>\n<meta property=\"og:url\" content=\"http:\/\/denizcankizil.tr\/de\/haberler\/gundem\/antalya-buyuksehir-belediye-meclisinde-gundem-disi-konusma-krizi\/\" \/>\n<meta property=\"og:site_name\" content=\"Av. Deniz Can K\u0131z\u0131l\" \/>\n<meta property=\"article:published_time\" content=\"2025-01-16T10:41:48+00:00\" \/>\n<meta name=\"author\" content=\"Antalya K\u00f6rfez\" \/>\n<meta name=\"twitter:card\" content=\"summary_large_image\" \/>\n<meta name=\"twitter:label1\" content=\"Verfasst von\" \/>\n\t<meta name=\"twitter:data1\" content=\"Antalya K\u00f6rfez\" \/>\n\t<meta name=\"twitter:label2\" content=\"Gesch\u00e4tzte Lesezeit\" \/>\n\t<meta name=\"twitter:data2\" content=\"4\u00a0Minuten\" \/>\n<script type=\"application\/ld+json\" class=\"yoast-schema-graph\">{\"@context\":\"https:\/\/schema.org\",\"@graph\":[{\"@type\":\"Article\",\"@id\":\"http:\/\/denizcankizil.tr\/ru\/haberler\/gundem\/antalya-buyuksehir-belediye-meclisinde-gundem-disi-konusma-krizi\/#article\",\"isPartOf\":{\"@id\":\"http:\/\/denizcankizil.tr\/ru\/haberler\/gundem\/antalya-buyuksehir-belediye-meclisinde-gundem-disi-konusma-krizi\/\"},\"author\":{\"name\":\"Antalya K\u00f6rfez\",\"@id\":\"https:\/\/denizcankizil.tr\/de\/#\/schema\/person\/e1eb71bb4dd684d46563f0af307e1234\"},\"headline\":\"Antalya B\u00fcy\u00fck\u015fehir Belediye Meclisi&#8217;nde \u201cg\u00fcndem d\u0131\u015f\u0131\u201d konu\u015fma krizi!\",\"datePublished\":\"2025-01-16T10:41:48+00:00\",\"mainEntityOfPage\":{\"@id\":\"http:\/\/denizcankizil.tr\/ru\/haberler\/gundem\/antalya-buyuksehir-belediye-meclisinde-gundem-disi-konusma-krizi\/\"},\"wordCount\":755,\"commentCount\":0,\"publisher\":{\"@id\":\"https:\/\/denizcankizil.tr\/de\/#organization\"},\"articleSection\":[\"G\u00fcndem\"],\"inLanguage\":\"de\",\"potentialAction\":[{\"@type\":\"CommentAction\",\"name\":\"Comment\",\"target\":[\"http:\/\/denizcankizil.tr\/ru\/haberler\/gundem\/antalya-buyuksehir-belediye-meclisinde-gundem-disi-konusma-krizi\/#respond\"]}]},{\"@type\":\"WebPage\",\"@id\":\"http:\/\/denizcankizil.tr\/ru\/haberler\/gundem\/antalya-buyuksehir-belediye-meclisinde-gundem-disi-konusma-krizi\/\",\"url\":\"http:\/\/denizcankizil.tr\/ru\/haberler\/gundem\/antalya-buyuksehir-belediye-meclisinde-gundem-disi-konusma-krizi\/\",\"name\":\"Antalya B\u00fcy\u00fck\u015fehir Belediye Meclisi'nde \u201cg\u00fcndem d\u0131\u015f\u0131\u201d konu\u015fma krizi! - Av. Deniz Can K\u0131z\u0131l\",\"isPartOf\":{\"@id\":\"https:\/\/denizcankizil.tr\/de\/#website\"},\"datePublished\":\"2025-01-16T10:41:48+00:00\",\"breadcrumb\":{\"@id\":\"http:\/\/denizcankizil.tr\/ru\/haberler\/gundem\/antalya-buyuksehir-belediye-meclisinde-gundem-disi-konusma-krizi\/#breadcrumb\"},\"inLanguage\":\"de\",\"potentialAction\":[{\"@type\":\"ReadAction\",\"target\":[\"http:\/\/denizcankizil.tr\/ru\/haberler\/gundem\/antalya-buyuksehir-belediye-meclisinde-gundem-disi-konusma-krizi\/\"]}]},{\"@type\":\"BreadcrumbList\",\"@id\":\"http:\/\/denizcankizil.tr\/ru\/haberler\/gundem\/antalya-buyuksehir-belediye-meclisinde-gundem-disi-konusma-krizi\/#breadcrumb\",\"itemListElement\":[{\"@type\":\"ListItem\",\"position\":1,\"name\":\"Home\",\"item\":\"https:\/\/denizcankizil.tr\/de\/\"},{\"@type\":\"ListItem\",\"position\":2,\"name\":\"Antalya B\u00fcy\u00fck\u015fehir Belediye Meclisi&#8217;nde \u201cg\u00fcndem d\u0131\u015f\u0131\u201d konu\u015fma krizi!\"}]},{\"@type\":\"WebSite\",\"@id\":\"https:\/\/denizcankizil.tr\/de\/#website\",\"url\":\"https:\/\/denizcankizil.tr\/de\/\",\"name\":\"Av. Deniz Can K\u0131z\u0131l\",\"description\":\"Avukat Deniz Can K\u0131z\u0131l Antalya Barosu\",\"publisher\":{\"@id\":\"https:\/\/denizcankizil.tr\/de\/#organization\"},\"potentialAction\":[{\"@type\":\"SearchAction\",\"target\":{\"@type\":\"EntryPoint\",\"urlTemplate\":\"https:\/\/denizcankizil.tr\/de\/?s={search_term_string}\"},\"query-input\":{\"@type\":\"PropertyValueSpecification\",\"valueRequired\":true,\"valueName\":\"search_term_string\"}}],\"inLanguage\":\"de\"},{\"@type\":\"Organization\",\"@id\":\"https:\/\/denizcankizil.tr\/de\/#organization\",\"name\":\"Av. Deniz Can K\u0131z\u0131l\",\"url\":\"https:\/\/denizcankizil.tr\/de\/\",\"logo\":{\"@type\":\"ImageObject\",\"inLanguage\":\"de\",\"@id\":\"https:\/\/denizcankizil.tr\/de\/#\/schema\/logo\/image\/\",\"url\":\"http:\/\/denizcankizil.tr\/wp-content\/uploads\/2024\/10\/siyah-logo-svg.svg\",\"contentUrl\":\"http:\/\/denizcankizil.tr\/wp-content\/uploads\/2024\/10\/siyah-logo-svg.svg\",\"width\":1080,\"height\":1080,\"caption\":\"Av. Deniz Can K\u0131z\u0131l\"},\"image\":{\"@id\":\"https:\/\/denizcankizil.tr\/de\/#\/schema\/logo\/image\/\"}},{\"@type\":\"Person\",\"@id\":\"https:\/\/denizcankizil.tr\/de\/#\/schema\/person\/e1eb71bb4dd684d46563f0af307e1234\",\"name\":\"Antalya K\u00f6rfez\",\"image\":{\"@type\":\"ImageObject\",\"inLanguage\":\"de\",\"@id\":\"https:\/\/denizcankizil.tr\/de\/#\/schema\/person\/image\/\",\"url\":\"https:\/\/secure.gravatar.com\/avatar\/42b01982558a48a0b501fdcab6a408d3717ea5919095ee2e67b0e521799c5905?s=96&d=mm&r=g\",\"contentUrl\":\"https:\/\/secure.gravatar.com\/avatar\/42b01982558a48a0b501fdcab6a408d3717ea5919095ee2e67b0e521799c5905?s=96&d=mm&r=g\",\"caption\":\"Antalya K\u00f6rfez\"},\"sameAs\":[\"http:\/\/www.antalyakorfez.com\"],\"url\":\"https:\/\/www.antalyakorfez.com\/antalya-buyuksehir-belediye-meclisinde-gundem-disi-konusma-krizi\"}]}<\/script>\n<!-- \/ Yoast SEO Premium plugin. -->","yoast_head_json":{"title":"Antalya B\u00fcy\u00fck\u015fehir Belediye Meclisi'nde \u201cg\u00fcndem d\u0131\u015f\u0131\u201d konu\u015fma krizi! - Av. Deniz Can K\u0131z\u0131l","robots":{"index":"index","follow":"follow","max-snippet":"max-snippet:-1","max-image-preview":"max-image-preview:large","max-video-preview":"max-video-preview:-1"},"canonical":"http:\/\/denizcankizil.tr\/de\/haberler\/gundem\/antalya-buyuksehir-belediye-meclisinde-gundem-disi-konusma-krizi\/","og_locale":"de_DE","og_type":"article","og_title":"Antalya B\u00fcy\u00fck\u015fehir Belediye Meclisi'nde \u201cg\u00fcndem d\u0131\u015f\u0131\u201d konu\u015fma krizi!","og_description":"Antalya B\u00fcy\u00fck\u015fehir Belediyesi\u2019nin Ocak ay\u0131 Meclis Toplant\u0131s\u0131, B\u00fcy\u00fck\u015fehir Belediye Ba\u015fkan\u0131 Muhittin B\u00f6cek \u00f6nc\u00fcl\u00fc\u011f\u00fcnde yap\u0131ld\u0131. Antalya B\u00fcy\u00fck\u015fehir Belediye Meclisi\u2019nde CHP Grup S\u00f6zc\u00fcs\u00fc B\u00fc\u015fra \u00d6zdemir, AK Parti Grup S\u00f6zc\u00fcs\u00fc Bahattin Bayraktar ve MHP Grup S\u00f6zc\u00fcs\u00fc Sel\u00e7uk Senirli, toplant\u0131da g\u00fcndem maddelerine ge\u00e7meden \u00f6nce Ba\u015fkan Muhittin B\u00f6cek\u2019in onay\u0131yla g\u00fcndem d\u0131\u015f\u0131 konu\u015fma ger\u00e7ekle\u015ftirmek i\u00e7in s\u00f6z hakk\u0131 ald\u0131. GE\u00c7MEYEN DAK\u0130KALARA ELE\u015eT\u0130R\u0130 YA\u011eMURU Antalya K\u00f6rfez Gazetesi Muhabiri Ertu\u011frul G\u00fcn&#8217;\u00fcn \u00f6zel haberine g\u00f6re kentin ve halk\u0131n sorunlar\u0131n\u0131n mecliste ta\u015f\u0131mas\u0131 i\u00e7in se\u00e7ilen meclis \u00fcyelerinin belirli g\u00fcn ve haftalar \u00fczerine yapt\u0131\u011f\u0131 uzun konu\u015fmalar tepki \u00e7ekti. Bu konu\u015fmalar\u0131n dakikalar hatta zaman zaman bir saat boyunca s\u00fcrmesi hem meclis \u00fcyeleri hem de halk aras\u0131nda ele\u015ftiri konusu oldu. Belediye meclislerinin asli g\u00f6revleri aras\u0131nda olan kentsel sorunlar\u0131n \u00e7\u00f6z\u00fcm\u00fcne dair kararlar\u0131n g\u00f6r\u00fc\u015f\u00fclmesi ve karara ba\u011flanmas\u0131 beklenirken, g\u00fcndem d\u0131\u015f\u0131 konu\u015fmalar\u0131n meclis s\u00fcresini b\u00fcy\u00fck \u00f6l\u00e7\u00fcde harcamas\u0131 toplant\u0131 \u00f6ncesi ve sonras\u0131nda huzursuzluk yaratt\u0131.\u00a0 G\u00dcNDEM DI\u015eI KONU\u015eMA YO\u011eUNLU\u011eU Antalya B\u00fcy\u00fck\u015fehir Belediyesi\u2019nin Ocak ay\u0131 Meclis Toplant\u0131s\u0131, 1 saat 22 dakika s\u00fcrd\u00fc. Antalya B\u00fcy\u00fck\u015fehir Belediyesi Denetim Kurulu \u00dcyeleri&#8217;nin se\u00e7imi ise 27 dakika s\u00fcrd\u00fc. Bir yandan da grup s\u00f6zc\u00fcleri s\u00f6z hakk\u0131 olarak g\u00fcndemi de\u011ferlendirdi. CHP Grup S\u00f6zc\u00fcs\u00fc B\u00fc\u015fra \u00d6zdemir 7 dakika s\u00f6z hakk\u0131 ald\u0131. AK Parti Grup S\u00f6zc\u00fcs\u00fc Bahattin Bayraktar 10 dakika s\u00f6z hakk\u0131 al\u0131rken, MHP Grup S\u00f6zc\u00fcs\u00fc Sel\u00e7uk Senirli ise 5 &hellip;","og_url":"http:\/\/denizcankizil.tr\/de\/haberler\/gundem\/antalya-buyuksehir-belediye-meclisinde-gundem-disi-konusma-krizi\/","og_site_name":"Av. Deniz Can K\u0131z\u0131l","article_published_time":"2025-01-16T10:41:48+00:00","author":"Antalya K\u00f6rfez","twitter_card":"summary_large_image","twitter_misc":{"Verfasst von":"Antalya K\u00f6rfez","Gesch\u00e4tzte Lesezeit":"4\u00a0Minuten"},"schema":{"@context":"https:\/\/schema.org","@graph":[{"@type":"Article","@id":"http:\/\/denizcankizil.tr\/ru\/haberler\/gundem\/antalya-buyuksehir-belediye-meclisinde-gundem-disi-konusma-krizi\/#article","isPartOf":{"@id":"http:\/\/denizcankizil.tr\/ru\/haberler\/gundem\/antalya-buyuksehir-belediye-meclisinde-gundem-disi-konusma-krizi\/"},"author":{"name":"Antalya K\u00f6rfez","@id":"https:\/\/denizcankizil.tr\/de\/#\/schema\/person\/e1eb71bb4dd684d46563f0af307e1234"},"headline":"Antalya B\u00fcy\u00fck\u015fehir Belediye Meclisi&#8217;nde \u201cg\u00fcndem d\u0131\u015f\u0131\u201d konu\u015fma krizi!","datePublished":"2025-01-16T10:41:48+00:00","mainEntityOfPage":{"@id":"http:\/\/denizcankizil.tr\/ru\/haberler\/gundem\/antalya-buyuksehir-belediye-meclisinde-gundem-disi-konusma-krizi\/"},"wordCount":755,"commentCount":0,"publisher":{"@id":"https:\/\/denizcankizil.tr\/de\/#organization"},"articleSection":["G\u00fcndem"],"inLanguage":"de","potentialAction":[{"@type":"CommentAction","name":"Comment","target":["http:\/\/denizcankizil.tr\/ru\/haberler\/gundem\/antalya-buyuksehir-belediye-meclisinde-gundem-disi-konusma-krizi\/#respond"]}]},{"@type":"WebPage","@id":"http:\/\/denizcankizil.tr\/ru\/haberler\/gundem\/antalya-buyuksehir-belediye-meclisinde-gundem-disi-konusma-krizi\/","url":"http:\/\/denizcankizil.tr\/ru\/haberler\/gundem\/antalya-buyuksehir-belediye-meclisinde-gundem-disi-konusma-krizi\/","name":"Antalya B\u00fcy\u00fck\u015fehir Belediye Meclisi'nde \u201cg\u00fcndem d\u0131\u015f\u0131\u201d konu\u015fma krizi! - Av. Deniz Can K\u0131z\u0131l","isPartOf":{"@id":"https:\/\/denizcankizil.tr\/de\/#website"},"datePublished":"2025-01-16T10:41:48+00:00","breadcrumb":{"@id":"http:\/\/denizcankizil.tr\/ru\/haberler\/gundem\/antalya-buyuksehir-belediye-meclisinde-gundem-disi-konusma-krizi\/#breadcrumb"},"inLanguage":"de","potentialAction":[{"@type":"ReadAction","target":["http:\/\/denizcankizil.tr\/ru\/haberler\/gundem\/antalya-buyuksehir-belediye-meclisinde-gundem-disi-konusma-krizi\/"]}]},{"@type":"BreadcrumbList","@id":"http:\/\/denizcankizil.tr\/ru\/haberler\/gundem\/antalya-buyuksehir-belediye-meclisinde-gundem-disi-konusma-krizi\/#breadcrumb","itemListElement":[{"@type":"ListItem","position":1,"name":"Home","item":"https:\/\/denizcankizil.tr\/de\/"},{"@type":"ListItem","position":2,"name":"Antalya B\u00fcy\u00fck\u015fehir Belediye Meclisi&#8217;nde \u201cg\u00fcndem d\u0131\u015f\u0131\u201d konu\u015fma krizi!"}]},{"@type":"WebSite","@id":"https:\/\/denizcankizil.tr\/de\/#website","url":"https:\/\/denizcankizil.tr\/de\/","name":"Av. Deniz Can K\u0131z\u0131l","description":"Avukat Deniz Can K\u0131z\u0131l Antalya Barosu","publisher":{"@id":"https:\/\/denizcankizil.tr\/de\/#organization"},"potentialAction":[{"@type":"SearchAction","target":{"@type":"EntryPoint","urlTemplate":"https:\/\/denizcankizil.tr\/de\/?s={search_term_string}"},"query-input":{"@type":"PropertyValueSpecification","valueRequired":true,"valueName":"search_term_string"}}],"inLanguage":"de"},{"@type":"Organization","@id":"https:\/\/denizcankizil.tr\/de\/#organization","name":"Av. Deniz Can K\u0131z\u0131l","url":"https:\/\/denizcankizil.tr\/de\/","logo":{"@type":"ImageObject","inLanguage":"de","@id":"https:\/\/denizcankizil.tr\/de\/#\/schema\/logo\/image\/","url":"http:\/\/denizcankizil.tr\/wp-content\/uploads\/2024\/10\/siyah-logo-svg.svg","contentUrl":"http:\/\/denizcankizil.tr\/wp-content\/uploads\/2024\/10\/siyah-logo-svg.svg","width":1080,"height":1080,"caption":"Av. Deniz Can K\u0131z\u0131l"},"image":{"@id":"https:\/\/denizcankizil.tr\/de\/#\/schema\/logo\/image\/"}},{"@type":"Person","@id":"https:\/\/denizcankizil.tr\/de\/#\/schema\/person\/e1eb71bb4dd684d46563f0af307e1234","name":"Antalya K\u00f6rfez","image":{"@type":"ImageObject","inLanguage":"de","@id":"https:\/\/denizcankizil.tr\/de\/#\/schema\/person\/image\/","url":"https:\/\/secure.gravatar.com\/avatar\/42b01982558a48a0b501fdcab6a408d3717ea5919095ee2e67b0e521799c5905?s=96&d=mm&r=g","contentUrl":"https:\/\/secure.gravatar.com\/avatar\/42b01982558a48a0b501fdcab6a408d3717ea5919095ee2e67b0e521799c5905?s=96&d=mm&r=g","caption":"Antalya K\u00f6rfez"},"sameAs":["http:\/\/www.antalyakorfez.com"],"url":"https:\/\/www.antalyakorfez.com\/antalya-buyuksehir-belediye-meclisinde-gundem-disi-konusma-krizi"}]}},"_links":{"self":[{"href":"http:\/\/denizcankizil.tr\/de\/wp-json\/wp\/v2\/posts\/25648","targetHints":{"allow":["GET"]}}],"collection":[{"href":"http:\/\/denizcankizil.tr\/de\/wp-json\/wp\/v2\/posts"}],"about":[{"href":"http:\/\/denizcankizil.tr\/de\/wp-json\/wp\/v2\/types\/post"}],"author":[{"embeddable":true,"href":"http:\/\/denizcankizil.tr\/de\/wp-json\/wp\/v2\/users\/5"}],"replies":[{"embeddable":true,"href":"http:\/\/denizcankizil.tr\/de\/wp-json\/wp\/v2\/comments?post=25648"}],"version-history":[{"count":0,"href":"http:\/\/denizcankizil.tr\/de\/wp-json\/wp\/v2\/posts\/25648\/revisions"}],"wp:attachment":[{"href":"http:\/\/denizcankizil.tr\/de\/wp-json\/wp\/v2\/media?parent=25648"}],"wp:term":[{"taxonomy":"category","embeddable":true,"href":"http:\/\/denizcankizil.tr\/de\/wp-json\/wp\/v2\/categories?post=25648"},{"taxonomy":"post_tag","embeddable":true,"href":"http:\/\/denizcankizil.tr\/de\/wp-json\/wp\/v2\/tags?post=25648"}],"curies":[{"name":"wp","href":"https:\/\/api.w.org\/{rel}","templated":true}]}}