{"id":25617,"date":"2025-01-16T10:50:00","date_gmt":"2025-01-16T07:50:00","guid":{"rendered":"https:\/\/denizcankizil.tr\/uncategorized-tr\/tbb-yonetiminden-olaganustu-genel-kurul-karari-alan-istanbul-barosuna-tam-destek\/"},"modified":"2025-01-16T10:50:00","modified_gmt":"2025-01-16T07:50:00","slug":"tbb-yonetiminden-olaganustu-genel-kurul-karari-alan-istanbul-barosuna-tam-destek","status":"publish","type":"post","link":"http:\/\/denizcankizil.tr\/de\/hukukihaber\/tbb-yonetiminden-olaganustu-genel-kurul-karari-alan-istanbul-barosuna-tam-destek\/","title":{"rendered":"TBB Y\u00f6netimi&#8217;nden Ola\u011fan\u00fcst\u00fc Genel Kurul karar\u0131 alan \u0130stanbul Barosu&#8217;na tam destek"},"content":{"rendered":"<p>\u0130stanbul Barosu Ba\u015fkan\u0131 \u0130brahim Kabo\u011flu,\u00a0kedisi ile y\u00f6netim kurulu \u00fcyelerinin g\u00f6revlerine son verilmesi ve yeni baro ba\u015fkan\u0131 ile y\u00f6netim kurulu \u00fcyelerinin se\u00e7ilmesi talebiyle a\u00e7\u0131lan dava hakk\u0131nda a\u00e7\u0131klamalarda bulundu.\u00a0<\/p>\n<p>Anayasa Profes\u00f6r\u00fc\u00a0de olan\u00a0Kabo\u011flu, soru\u015fturman\u0131n\u00a0Anayasa&#8217;ya ayk\u0131r\u0131 oldu\u011funu belirtti.\u00a0Kabo\u011flu, \u0130stanbul Barosu&#8217;na d\u0131\u015far\u0131dan m\u00fcdahale edilmeye \u00e7al\u0131\u015ft\u0131\u011f\u0131n\u0131 s\u00f6yledi. Kabo\u011flu, \u0130stanbul Barosu&#8217;nun 23 \u015eubat&#8217;ta Ola\u011fan\u00fcst\u00fc Kurultay&#8217;a gidece\u011fini duyurdu.<\/p>\n<p>\u0130stanbul Barosu Ba\u015fkan\u0131 Kabo\u011flu,\u00a0&#8220;Ola\u011fan\u00fcst\u00fc kurultay i\u00e7in \u0130stanbul Barosu&#8217;nu avukatlar\u0131n\u0131 23 \u015eubat g\u00fcn\u00fc yapaca\u011f\u0131m\u0131z ola\u011fan\u00fcst\u00fc kurultay karar\u0131m\u0131z\u0131 burada a\u00e7\u0131kl\u0131yorum. Ve bu kurultay, 23 \u015eubat kurultay\u0131, demokrasinin ne oldu\u011funu, demokrasinin ancak hukuk yoluyla i\u015fledi\u011fini, hukuk yoluyla in\u015fa edilebilece\u011fini \u0130stanbul Barosu&#8217;nun 67.000 avukat\u0131, T\u00fcrkiye Barolar Birli\u011fi ba\u015fta olmak \u00fczere b\u00fct\u00fcn T\u00fcrkiye barolar\u0131n\u0131n deste\u011fiyle, b\u00fct\u00fcn T\u00fcrkiye&#8217;ye, T\u00fcrkiye Cumhuriyeti yurtta\u015flar\u0131na, yasama, y\u00fcr\u00fctme ve yarg\u0131ya, anayasal organlara duyuracak&#8221; dedi.<\/p>\n<p>Toplant\u0131ya T\u00fcrkiye Barolar Birli\u011fi Ba\u015fkan\u0131 Erin\u00e7 Sa\u011fkan da kat\u0131ld\u0131. Sa\u011fkan, son se\u00e7ime kat\u0131lan baro ba\u015fkan adaylar\u0131n\u0131n da burada olmas\u0131n\u0131n k\u0131ymetli bir yan\u0131t oldu\u011funun alt\u0131n\u0131 \u00e7izdi.<\/p>\n<p>Bas\u0131n toplant\u0131s\u0131nda Sa\u011fkan ve Kabo\u011flu&#8217;nun yan\u0131 s\u0131ra; \u0130stanbul Barosu&#8217;nun \u00f6nceki d\u00f6nem ba\u015fkanlar\u0131 Av. Mehmet Durako\u011flu ve Av. Filiz Sara\u00e7 ile 20 Ekim 2024 Genel Kurulu&#8217;nda yar\u0131\u015fan avukat gruplar\u0131n\u0131n ba\u015fkan aday ve temsilcileri olarak Av. Hasan K\u0131l\u0131\u00e7, Av. M. Turgay Bilge, Av. Ali G\u00fcrb\u00fcz, Av. Abdulhalim Y\u0131lmaz ve Av. Merter Karag\u00fclle de birer konu\u015fma yaparak birlik mesaj\u0131 verdi.<\/p>\n<p>TBB Ba\u015fkan\u0131 Sa\u011fkan, bas\u0131n toplant\u0131s\u0131na, &#8220;\u0130leride \u00e7ok konu\u015fulacak tarihi bir g\u00fcn bug\u00fcn. Sadece \u015fu g\u00f6rd\u00fc\u011f\u00fcn\u00fcz foto\u011fraf bile \u0130stanbul Barosu aleyhine y\u00fcr\u00fct\u00fclen d\u00fc\u015fman ceza hukuku prati\u011fine kar\u015f\u0131 Baronun t\u00fcm bile\u015fenlerinin tavr\u0131n\u0131 ortaya koymakta&#8221; diyerek ba\u015flad\u0131. &#8220;Burada son genel kurulda birbirleriyle rekabet i\u00e7erisinde bulunan t\u00fcm gruplar\u0131n temsilcileri bulunuyor. Bu temsilcilerin tamam\u0131 avukatlar\u0131n iradesine sahip \u00e7\u0131k\u0131yor. Avukatlar\u0131n iradesinin gasp edilmesine kar\u015f\u0131 direni\u015f g\u00f6steriyorlar&#8221; ifadelerini kullanan Sa\u011fkan tam kadro toplant\u0131da bulunan TBB Y\u00f6netim Kurulu&#8217;nun 23 \u015eubat&#8217;ta yap\u0131lacak olan Demokrasi Kurultay\u0131&#8217;na t\u00fcm bile\u015fenleriyle destek verme karar\u0131 ald\u0131\u011f\u0131n\u0131 s\u00f6yledi.<\/p>\n<p>&#8220;12 EYL\u00dcL&#8217;DE VURULAN M\u00dcH\u00dcR BAROMUZUN ONUR N\u0130\u015eANELER\u0130NDEND\u0130R&#8221;<\/p>\n<p>Sa\u011fkan s\u00f6zlerini \u015f\u00f6yle s\u00fcrd\u00fcrd\u00fc:<\/p>\n<p>&#8220;Ge\u00e7ti\u011fimiz hafta burada Baro Ba\u015fkan\u0131m\u0131z ve Y\u00f6netim Kurulu&#8217;nun ifadeye \u00e7a\u011fr\u0131ld\u0131\u011f\u0131 s\u00fcre\u00e7te kamuoyu ile g\u00f6r\u00fc\u015flerimizi payla\u015fm\u0131\u015ft\u0131k, o zaman da ifade etmi\u015ftim. 12 Eyl\u00fcl 1980&#8217;de hukukun \u00fcst\u00fcnl\u00fc\u011f\u00fcn\u00fc savunduklar\u0131 i\u00e7in \u0130stanbul Barosu&#8217;nun kap\u0131s\u0131na m\u00fch\u00fcr vurulmaya \u00e7al\u0131\u015f\u0131lm\u0131\u015ft\u0131. O m\u00fch\u00fcr bug\u00fcn Baromuzun onur ni\u015fanelerinden birisidir. Aradan 45 y\u0131l ge\u00e7tikten sonra y\u00f6ntemin de\u011fi\u015fti\u011fini ama anlay\u0131\u015f\u0131n de\u011fi\u015fmedi\u011fini, erkin yan\u0131nda yer alanlar\u0131n her t\u00fcrl\u00fc muhalif d\u00fc\u015f\u00fcnceyi bast\u0131rmak i\u00e7in yarg\u0131y\u0131 ara\u00e7salla\u015ft\u0131rmaktan hi\u00e7 \u00e7ekinmedi\u011fini g\u00f6r\u00fcyoruz. Ancak d\u00fcn oldu\u011fu gibi bug\u00fcn de \u0130stanbul Barosu bu bask\u0131lardan korkmaz ve sinmez.<\/p>\n<p>\u0130stanbul Barosu&#8217;nu susturmak, sindirmek i\u00e7in harekete ge\u00e7enlere kar\u015f\u0131 en anlaml\u0131 cevab\u0131 Baro Ba\u015fkanlar\u0131m\u0131z\u0131n ve meslekta\u015flar\u0131m\u0131z\u0131n kat\u0131l\u0131m\u0131yla 23 \u015eubat\u2019ta yap\u0131lacak olan Ola\u011fan\u00fcst\u00fc Genel Kurul verecektir.<\/p>\n<p>Sa\u011fkan, konu\u015fmas\u0131n\u0131n sonunda; bas\u0131n toplant\u0131s\u0131na kat\u0131lan avukatlara, \u0130stanbul Barosu&#8217;na dava a\u00e7\u0131ld\u0131\u011f\u0131na ili\u015fkin duyumun sosyal medyada payla\u015f\u0131lmas\u0131yla birlikte, \u0130stanbul Barosu&#8217;nun 65 bin avukat\u0131n\u0131n iradesini savunmak \u00fczere an\u0131nda tepki vermeleri nedeniyle te\u015fekk\u00fcr etti.<\/p>\n<p>Kabo\u011flu da bas\u0131n toplant\u0131s\u0131nda soru\u015fturma ve dava s\u00fcrecinin Anayasa&#8217;ya ve Avukatl\u0131k Yasas\u0131&#8217;na tamamen ayk\u0131r\u0131 oldu\u011funu s\u00f6yleyerek, bunun binlerce avukat\u0131n demokratik idaresine m\u00fcdahale oldu\u011funu kaydetti. 23 \u015eubat&#8217;ta ola\u011fan\u00fcst\u00fc kurultay karar\u0131 ald\u0131klar\u0131n\u0131 ifade eden Kabo\u011flu, &#8220;Bu kurultay demokrasinin ne oldu\u011funu, demokrasinin ancak hukuk yoluyla i\u015fledi\u011fini, in\u015fa edilebilece\u011fini, \u0130stanbul Barosu&#8217;nun 66-67 bin avukat\u0131, b\u00fct\u00fcn T\u00fcrkiye barolar\u0131n\u0131n deste\u011fiyle, b\u00fct\u00fcn T\u00fcrkiye Cumhuriyeti yurtta\u015flar\u0131na, anayasal organlar\u0131na duyuracak. Bu a\u00e7\u0131dan hepiniz 23 \u015eubat Demokrasi Kurultay\u0131&#8217;na davetlisiniz&#8221;\u00a0dedi.<\/p>\n<p>Kabo\u011flu&#8217;nun konu\u015fmas\u0131 \u015f\u00f6yle:<\/p>\n<p>&#8220;19-20 Ekim 2024 g\u00fcn\u00fc yapt\u0131\u011f\u0131m\u0131z demokratik kurultayda \u0130stanbul Barosu&#8217;na \u00fcye meslekta\u015flar iradelerini ortaya koydular ve bir y\u00f6netim belirlediler.<\/p>\n<p>Bug\u00fcn buradaki toplant\u0131 asl\u0131nda 20 Ekim g\u00fcn\u00fc yap\u0131lan kurultay\u0131n bir \u00f6z\u00fc. O kurultay, o demokratik kurultay\u0131n bile\u015fenlerinin burada iradelerinin ortaya \u00e7\u0131kmas\u0131, onlar\u0131n taraftarlar\u0131n\u0131n bir araya gelmesi.<\/p>\n<p>Bu bak\u0131mdan 20 Ekim g\u00fcnl\u00fc toplant\u0131n\u0131n, demokratik kurultay\u0131n bir t\u00fcr burada 3 ay sonra yap\u0131lan fiili bir demokratik kurultay yans\u0131mas\u0131 olan bir toplant\u0131. Bu bak\u0131mdan pek anlaml\u0131. Biz 20 Ekim&#8217;den sonra sevgili ba\u015fkan\u0131m\u0131zdan, Filiz Sara\u00e7 ba\u015fkandan y\u00f6netimi 24 Ekim g\u00fcn\u00fc devrald\u0131ktan sonra 25 Ekim&#8217;de \u00e7al\u0131\u015fmaya ba\u015flad\u0131k.<\/p>\n<p>Hepimizin oldu\u011fu \u00fczere benim 70&#8217;li y\u0131llar\u0131n ikinci yar\u0131s\u0131nda 40 y\u0131l sonra T\u00fcrkiye B\u00fcy\u00fck Millet Meclisi&#8217;nde ve burada bug\u00fcne kadar iki bu\u00e7uk ayda 47 toplant\u0131da ruhsat t\u00f6reninde yani 50 kez avukatl\u0131k and\u0131n\u0131 hukuka, ahlaka, anayasaya, T\u00fcrkiye&#8217;nin taraf oldu\u011fu uluslararas\u0131 s\u00f6zle\u015fmelere ve meslek etik ilkelerine ba\u011fl\u0131l\u0131k and\u0131 i\u00e7tik. Birlikte i\u00e7tik, kolektif olarak i\u00e7tik. \u00d6nceki ba\u015fkanlar\u0131m\u0131z da buradaki konuklar\u0131m\u0131z da benzer \u015fekilde onlarca, y\u00fczlerce kez bu and\u0131 i\u00e7tiler.<\/p>\n<p>Ve biz and\u0131m\u0131z do\u011frultusunda yaln\u0131zca metinlerde yaz\u0131l\u0131 olan kurallar de\u011fil ahlak kurallar\u0131, haysiyet kurallar\u0131, etik kurallar\u0131na ba\u011fl\u0131 olarak bu mesle\u011fimizi bireysel olarak ve toplu olarak icra ettik.<\/p>\n<p>Hi\u00e7bir bi\u00e7imde, hi\u00e7bir bi\u00e7imde anayasa a\u00e7\u0131s\u0131ndan, hukuk a\u00e7\u0131s\u0131ndan, anayasan\u0131n temel h\u00fck\u00fcmleri a\u00e7\u0131s\u0131ndan yapt\u0131\u011f\u0131m\u0131z i\u015flemler s\u00f6ylemlerimiz ya da eylemlerimiz ayk\u0131r\u0131l\u0131k te\u015fkil etmemektedir. Tam tersine buradaki ant t\u00f6renlerinde s\u00fcrekli s\u00fcrekli gen\u00e7 meslekta\u015flar\u0131m\u0131za gelecek 10 y\u0131llar\u0131n T\u00fcrkiye&#8217;de hukuk, hukukun etkili k\u0131l\u0131nmas\u0131 y\u00f6n\u00fcnde nas\u0131l bi\u00e7imlenece\u011fini ve kendilerinin nas\u0131l bir katk\u0131 sunacaklar\u0131n\u0131 s\u00fcrekli dillendirmeye \u00e7al\u0131\u015ft\u0131k, s\u00fcrekli vurgulad\u0131k.<\/p>\n<p>Ama bu \u00e7er\u00e7evede ku\u015fkusuz hep avukatl\u0131k kanununu, anayasay\u0131 temel kitaplar\u0131m\u0131z olarak kabul ettik. ama 22 Aral\u0131k g\u00fcn\u00fc bir kamuoyuna savc\u0131l\u0131k soru\u015fturmas\u0131n\u0131n yap\u0131laca\u011f\u0131na dair bir a\u00e7\u0131klama ile kar\u015f\u0131la\u015ft\u0131k.<\/p>\n<p>Peki bu neydi? Bizim 21 Aral\u0131k g\u00fcn\u00fc yapt\u0131\u011f\u0131m\u0131z avukatl\u0131k kanununun ilgili maddelerinden kaynaklanan insan haklar\u0131n\u0131n korunmas\u0131 ve hukukun \u00fcst\u00fcnl\u00fc\u011f\u00fcn\u00fcn savunulmas\u0131 \u00e7er\u00e7evesinde bir a\u00e7\u0131klama idi.<\/p>\n<p>Sonra 7 Ocak g\u00fcn\u00fc adliyeye davet edildi\u011fimiz zaman biz bir ifade vermedik, bir savunma yapmad\u0131k. Biz yaln\u0131zca beyanda bulunduk. Savc\u0131l\u0131k yapm\u0131\u015f oldu\u011fu kamuoyuna yapm\u0131\u015f oldu\u011fu a\u00e7\u0131klama ve y\u00fcr\u00fctt\u00fc\u011f\u00fcn\u00fc beyan etti\u011fi soru\u015fturma t\u00fcm\u00fcyle avukatl\u0131k yasas\u0131na ve anayasaya ayk\u0131r\u0131 idi. Bunu beyan ettik. Hatta biz Adalet Bakanl\u0131\u011f\u0131&#8217;n\u0131n sonradan verdi\u011fi onay\u0131n iptali amac\u0131yla Ankara \u0130dare Mahkemesi&#8217;ne de ba\u015fvurduk.<\/p>\n<p>Ne var ki \u0130stanbul Cumhuriyet Ba\u015fsavc\u0131l\u0131\u011f\u0131 bununla da yetinmeksizin anayasaya ve yasaya ayk\u0131r\u0131 bir soru\u015fturma y\u00fcr\u00fctmekle yetinmeksizin ayn\u0131 zamanda d\u00fcn itibariyle hakk\u0131m\u0131zda \u0130stanbul Barosu&#8217;nun 20 Ekim g\u00fcn\u00fc \u0130stanbul Barosu&#8217;na \u00fcye avukatlar\u0131n ortak iradeleriyle belirledi\u011fi y\u00f6netimin sona erdirilmesi amac\u0131yla dava a\u00e7m\u0131\u015f bulunuyor.<\/p>\n<p>Dava dilek\u00e7esi bi\u00e7iminde ba\u015fl\u0131\u011f\u0131 alt\u0131nda ve o da yine anayasaya, avukatl\u0131k kanununa ve hukuka ayk\u0131r\u0131 bir bi\u00e7imde ortaya konmu\u015f bulunuyor. Bu asl\u0131nda kayna\u011f\u0131n\u0131 anayasa madde 138 \u00fczerinden madde 2&#8217;de bulan baro y\u00f6netimlerinin, demokratik baro y\u00f6netimlerine d\u0131\u015far\u0131dan bir m\u00fcdahaledir. \u0130stanbul Barosu&#8217;nun 20 Ekim 2024 g\u00fcn\u00fc y\u00f6netimi se\u00e7en binlerce avukat\u0131n demokratik iradesine m\u00fcdahaledir.<\/p>\n<p>Bu bak\u0131mdan bug\u00fcnk\u00fc toplant\u0131 \u00f6nemlidir, anlaml\u0131d\u0131r. Biz anayasaya ba\u011fl\u0131l\u0131k and\u0131m\u0131z\u0131, hukuka ba\u011fl\u0131l\u0131k and\u0131m\u0131z\u0131, avukatl\u0131k yasas\u0131na ba\u011fl\u0131l\u0131k and\u0131m\u0131z\u0131n gereklerini uygulamaya ge\u00e7irmek i\u00e7in bug\u00fcn bir araya geldik.<\/p>\n<p>Bu bak\u0131mdan 20 Ekim g\u00fcn\u00fc ortaya \u00e7\u0131kan demokratik iradenin burada yans\u0131mas\u0131n\u0131 sa\u011flayan b\u00fct\u00fcn kat\u0131l\u0131mc\u0131 meslekta\u015flar\u0131m\u0131za huzurunuzda te\u015fekk\u00fcr etmek isteriz. Hi\u00e7bir bi\u00e7imde, hi\u00e7bir organ\u0131n anayasa d\u0131\u015f\u0131 i\u015flem yapmas\u0131 T\u00fcrkiye Cumhuriyeti&#8217;nde m\u00fcmk\u00fcn de\u011fildir.<\/p>\n<p>\u00c7\u00fcnk\u00fc anayasam\u0131za yasama, y\u00fcr\u00fctme ve yarg\u0131 ba\u011fl\u0131d\u0131r, ba\u011fl\u0131 olmak durumundad\u0131r. Bu a\u00e7\u0131dan biz sav, savunma, h\u00fck\u00fcm \u00fc\u00e7l\u00fcs\u00fcnde savunman\u0131n haklar\u0131n\u0131 savunmak i\u00e7in \u0130stanbul Barosu ku\u015fkusuz di\u011fer barolar gibi \u00e7aba g\u00f6steriyor.<\/p>\n<p>Ama sav\u0131n ve h\u00fckm\u00fcn haklar\u0131n\u0131 da savunma \u00e7abas\u0131n\u0131 g\u00f6sterirken savdan gelen bu anayasa d\u0131\u015f\u0131 m\u00fcdahaleye kar\u015f\u0131 sessiz kalamazd\u0131k. Nitekim kalmad\u0131k.<\/p>\n<p>Bu bak\u0131mdan demokratik irade burada ortaya \u00e7\u0131kt\u0131. Ama bununla yetinmeyece\u011fiz. Ola\u011fan\u00fcst\u00fc kurultay i\u00e7in \u0130stanbul Barosu&#8217;nu avukatlar\u0131n\u0131 23 \u015eubat g\u00fcn\u00fc yapaca\u011f\u0131m\u0131z ola\u011fan\u00fcst\u00fc kurultay karar\u0131m\u0131z\u0131 burada a\u00e7\u0131kl\u0131yorum.<\/p>\n<p>Ve bu kurultay, 23 \u015eubat kurultay\u0131, demokrasinin ne oldu\u011funu, demokrasinin ancak hukuk yoluyla i\u015fledi\u011fini, hukuk yoluyla in\u015fa edilebilece\u011fini \u0130stanbul Barosu&#8217;nun 67.000 avukat\u0131, b\u00fct\u00fcn T\u00fcrkiye T\u00fcrkiye Barolar Birli\u011fi ba\u015fta olmak \u00fczere b\u00fct\u00fcn T\u00fcrkiye barolar\u0131n\u0131n deste\u011fiyle, b\u00fct\u00fcn T\u00fcrkiye&#8217;ye, T\u00fcrkiye Cumhuriyeti yurtta\u015flar\u0131na, yasama, y\u00fcr\u00fctme ve yarg\u0131ya, anayasal organlara duyuracak. Bu a\u00e7\u0131dan hepiniz \u015fimdiden 23 \u015eubat demokrasi kurultay\u0131na davetlisiniz. 23 \u015eubat g\u00fcn\u00fc bulu\u015fmak \u00fczere.&#8221;<\/p>\n<p>&#8220;ME\u015eRU DAYANA\u011eI YOK&#8221;<\/p>\n<p>Barodan bas\u0131n toplant\u0131s\u0131 i\u00e7in yap\u0131lan \u00e7a\u011fr\u0131da, &#8220;\u0130stanbul Cumhuriyet Ba\u015fsavc\u0131l\u0131\u011f\u0131 taraf\u0131ndan haz\u0131rlanan 14.01.2025 tarihli Davaname ile \u0130stanbul Barosu Y\u00f6netim Kurulu Ba\u015fkan ve \u00fcyelerinin g\u00f6revlerine son verilmesi, yeni baro ba\u015fkan\u0131 ve y\u00f6netim kurulu \u00fcyeleri se\u00e7ilmesi talebiyle Asliye Hukuk Mahkemesinde dava a\u00e7\u0131ld\u0131\u011f\u0131n\u0131 \u00f6\u011frenmi\u015f bulunmaktay\u0131z.<\/p>\n<p>Y\u00f6netim Kurulumuz \u0130stanbul Barosu Genel Kurulu iradesi ile se\u00e7ilmi\u015f olup, Anayasaya, demokrasi ve hukuka ba\u011fl\u0131 olarak g\u00f6rev ve sorumluluklar\u0131n\u0131 yerine getirmektedir. Hi\u00e7bir hukuki ve me\u015fru dayana\u011f\u0131 olmayan bu g\u00f6revden uzakla\u015ft\u0131rma giri\u015fimine kar\u015f\u0131 \u0130stanbul Barosu Genel Kurul iradesine sahip \u00e7\u0131kmak, \u00fcyelerimizi ve kamuoyunu bilgilendirmek y\u00fck\u00fcml\u00fcl\u00fc\u011f\u00fcm\u00fczd\u00fcr.&#8221; denilmi\u015fti.<\/p>\n<p>Haber ile ilgili G\u00f6rseller<\/p>\n<p>\u200bG\u00f6revden al\u0131nmalar\u0131 talebiyle haklar\u0131nda dava a\u00e7\u0131lmas\u0131 \u00fczerine 23 \u015eubat 2025&#8217;te ola\u011fan\u00fcst\u00fc kurultaya gitme karar\u0131 alan \u0130stanbul Barosu Ba\u015fkan\u0131 Av. \u0130brahim Kabo\u011flu ve Y\u00f6netim Kurulu taraf\u0131ndan d\u00fczenlenen bas\u0131n toplant\u0131s\u0131na, T\u00fcrkiye Barolar Birli\u011fi (TBB) Ba\u015fkan\u0131 Av. R. Erin\u00e7 Sa\u011fkan ve Y\u00f6netim Kurulu \u00fcyeleri tam kadro destek verdi.\u00a0Hukuki Haber<\/p>","protected":false},"excerpt":{"rendered":"<p>\u0130stanbul Barosu Ba\u015fkan\u0131 \u0130brahim Kabo\u011flu,\u00a0kedisi ile y\u00f6netim kurulu \u00fcyelerinin g\u00f6revlerine son verilmesi ve yeni baro ba\u015fkan\u0131 ile y\u00f6netim kurulu \u00fcyelerinin se\u00e7ilmesi talebiyle a\u00e7\u0131lan dava hakk\u0131nda a\u00e7\u0131klamalarda bulundu.\u00a0 Anayasa Profes\u00f6r\u00fc\u00a0de olan\u00a0Kabo\u011flu, soru\u015fturman\u0131n\u00a0Anayasa&#8217;ya ayk\u0131r\u0131 oldu\u011funu belirtti.\u00a0Kabo\u011flu, \u0130stanbul Barosu&#8217;na d\u0131\u015far\u0131dan m\u00fcdahale edilmeye \u00e7al\u0131\u015ft\u0131\u011f\u0131n\u0131 s\u00f6yledi. Kabo\u011flu, \u0130stanbul Barosu&#8217;nun 23 \u015eubat&#8217;ta Ola\u011fan\u00fcst\u00fc Kurultay&#8217;a gidece\u011fini duyurdu. \u0130stanbul Barosu Ba\u015fkan\u0131 Kabo\u011flu,\u00a0&#8220;Ola\u011fan\u00fcst\u00fc kurultay i\u00e7in \u0130stanbul Barosu&#8217;nu avukatlar\u0131n\u0131 23 \u015eubat g\u00fcn\u00fc yapaca\u011f\u0131m\u0131z ola\u011fan\u00fcst\u00fc kurultay karar\u0131m\u0131z\u0131 burada a\u00e7\u0131kl\u0131yorum. Ve bu kurultay, 23 \u015eubat kurultay\u0131, demokrasinin ne oldu\u011funu, demokrasinin ancak hukuk yoluyla i\u015fledi\u011fini, hukuk yoluyla in\u015fa edilebilece\u011fini \u0130stanbul Barosu&#8217;nun 67.000 avukat\u0131, T\u00fcrkiye Barolar Birli\u011fi ba\u015fta olmak \u00fczere b\u00fct\u00fcn T\u00fcrkiye barolar\u0131n\u0131n deste\u011fiyle, b\u00fct\u00fcn T\u00fcrkiye&#8217;ye, T\u00fcrkiye Cumhuriyeti yurtta\u015flar\u0131na, yasama, y\u00fcr\u00fctme ve yarg\u0131ya, anayasal organlara duyuracak&#8221; dedi. Toplant\u0131ya T\u00fcrkiye Barolar Birli\u011fi Ba\u015fkan\u0131 Erin\u00e7 Sa\u011fkan da kat\u0131ld\u0131. Sa\u011fkan, son se\u00e7ime kat\u0131lan baro ba\u015fkan adaylar\u0131n\u0131n da burada olmas\u0131n\u0131n k\u0131ymetli bir yan\u0131t oldu\u011funun alt\u0131n\u0131 \u00e7izdi. Bas\u0131n toplant\u0131s\u0131nda Sa\u011fkan ve Kabo\u011flu&#8217;nun yan\u0131 s\u0131ra; \u0130stanbul Barosu&#8217;nun \u00f6nceki d\u00f6nem ba\u015fkanlar\u0131 Av. Mehmet Durako\u011flu ve Av. Filiz Sara\u00e7 ile 20 Ekim 2024 Genel Kurulu&#8217;nda yar\u0131\u015fan avukat gruplar\u0131n\u0131n ba\u015fkan aday ve temsilcileri olarak Av. Hasan K\u0131l\u0131\u00e7, Av. M. Turgay Bilge, Av. Ali G\u00fcrb\u00fcz, Av. Abdulhalim Y\u0131lmaz ve Av. Merter Karag\u00fclle de birer konu\u015fma yaparak birlik mesaj\u0131 verdi. TBB Ba\u015fkan\u0131 Sa\u011fkan, bas\u0131n toplant\u0131s\u0131na, &hellip;<\/p>","protected":false},"author":3,"featured_media":0,"comment_status":"open","ping_status":"open","sticky":false,"template":"","format":"standard","meta":{"_acf_changed":false,"footnotes":""},"categories":[27],"tags":[],"class_list":["post-25617","post","type-post","status-publish","format-standard","has-post-thumbnail","hentry","category-hukukihaber"],"acf":[],"yoast_head":"<!-- This site is optimized with the Yoast SEO Premium plugin v26.6 (Yoast SEO v27.1.1) - https:\/\/yoast.com\/product\/yoast-seo-premium-wordpress\/ -->\n<title>TBB Y\u00f6netimi&#039;nden Ola\u011fan\u00fcst\u00fc Genel Kurul karar\u0131 alan \u0130stanbul Barosu&#039;na tam destek - Av. Deniz Can K\u0131z\u0131l<\/title>\n<meta name=\"robots\" content=\"index, follow, max-snippet:-1, max-image-preview:large, max-video-preview:-1\" \/>\n<link rel=\"canonical\" href=\"http:\/\/denizcankizil.tr\/de\/hukukihaber\/tbb-yonetiminden-olaganustu-genel-kurul-karari-alan-istanbul-barosuna-tam-destek\/\" \/>\n<meta property=\"og:locale\" content=\"de_DE\" \/>\n<meta property=\"og:type\" content=\"article\" \/>\n<meta property=\"og:title\" content=\"TBB Y\u00f6netimi&#039;nden Ola\u011fan\u00fcst\u00fc Genel Kurul karar\u0131 alan \u0130stanbul Barosu&#039;na tam destek\" \/>\n<meta property=\"og:description\" content=\"\u0130stanbul Barosu Ba\u015fkan\u0131 \u0130brahim Kabo\u011flu,\u00a0kedisi ile y\u00f6netim kurulu \u00fcyelerinin g\u00f6revlerine son verilmesi ve yeni baro ba\u015fkan\u0131 ile y\u00f6netim kurulu \u00fcyelerinin se\u00e7ilmesi talebiyle a\u00e7\u0131lan dava hakk\u0131nda a\u00e7\u0131klamalarda bulundu.\u00a0 Anayasa Profes\u00f6r\u00fc\u00a0de olan\u00a0Kabo\u011flu, soru\u015fturman\u0131n\u00a0Anayasa&#8217;ya ayk\u0131r\u0131 oldu\u011funu belirtti.\u00a0Kabo\u011flu, \u0130stanbul Barosu&#8217;na d\u0131\u015far\u0131dan m\u00fcdahale edilmeye \u00e7al\u0131\u015ft\u0131\u011f\u0131n\u0131 s\u00f6yledi. Kabo\u011flu, \u0130stanbul Barosu&#8217;nun 23 \u015eubat&#8217;ta Ola\u011fan\u00fcst\u00fc Kurultay&#8217;a gidece\u011fini duyurdu. \u0130stanbul Barosu Ba\u015fkan\u0131 Kabo\u011flu,\u00a0&#8220;Ola\u011fan\u00fcst\u00fc kurultay i\u00e7in \u0130stanbul Barosu&#8217;nu avukatlar\u0131n\u0131 23 \u015eubat g\u00fcn\u00fc yapaca\u011f\u0131m\u0131z ola\u011fan\u00fcst\u00fc kurultay karar\u0131m\u0131z\u0131 burada a\u00e7\u0131kl\u0131yorum. Ve bu kurultay, 23 \u015eubat kurultay\u0131, demokrasinin ne oldu\u011funu, demokrasinin ancak hukuk yoluyla i\u015fledi\u011fini, hukuk yoluyla in\u015fa edilebilece\u011fini \u0130stanbul Barosu&#8217;nun 67.000 avukat\u0131, T\u00fcrkiye Barolar Birli\u011fi ba\u015fta olmak \u00fczere b\u00fct\u00fcn T\u00fcrkiye barolar\u0131n\u0131n deste\u011fiyle, b\u00fct\u00fcn T\u00fcrkiye&#8217;ye, T\u00fcrkiye Cumhuriyeti yurtta\u015flar\u0131na, yasama, y\u00fcr\u00fctme ve yarg\u0131ya, anayasal organlara duyuracak&#8221; dedi. Toplant\u0131ya T\u00fcrkiye Barolar Birli\u011fi Ba\u015fkan\u0131 Erin\u00e7 Sa\u011fkan da kat\u0131ld\u0131. Sa\u011fkan, son se\u00e7ime kat\u0131lan baro ba\u015fkan adaylar\u0131n\u0131n da burada olmas\u0131n\u0131n k\u0131ymetli bir yan\u0131t oldu\u011funun alt\u0131n\u0131 \u00e7izdi. Bas\u0131n toplant\u0131s\u0131nda Sa\u011fkan ve Kabo\u011flu&#8217;nun yan\u0131 s\u0131ra; \u0130stanbul Barosu&#8217;nun \u00f6nceki d\u00f6nem ba\u015fkanlar\u0131 Av. Mehmet Durako\u011flu ve Av. Filiz Sara\u00e7 ile 20 Ekim 2024 Genel Kurulu&#8217;nda yar\u0131\u015fan avukat gruplar\u0131n\u0131n ba\u015fkan aday ve temsilcileri olarak Av. Hasan K\u0131l\u0131\u00e7, Av. M. Turgay Bilge, Av. Ali G\u00fcrb\u00fcz, Av. Abdulhalim Y\u0131lmaz ve Av. Merter Karag\u00fclle de birer konu\u015fma yaparak birlik mesaj\u0131 verdi. TBB Ba\u015fkan\u0131 Sa\u011fkan, bas\u0131n toplant\u0131s\u0131na, &hellip;\" \/>\n<meta property=\"og:url\" content=\"http:\/\/denizcankizil.tr\/de\/hukukihaber\/tbb-yonetiminden-olaganustu-genel-kurul-karari-alan-istanbul-barosuna-tam-destek\/\" \/>\n<meta property=\"og:site_name\" content=\"Av. Deniz Can K\u0131z\u0131l\" \/>\n<meta property=\"article:published_time\" content=\"2025-01-16T07:50:00+00:00\" \/>\n<meta name=\"author\" content=\"Hukuki Haber.net\" \/>\n<meta name=\"twitter:card\" content=\"summary_large_image\" \/>\n<meta name=\"twitter:label1\" content=\"Verfasst von\" \/>\n\t<meta name=\"twitter:data1\" content=\"Hukuki Haber.net\" \/>\n\t<meta name=\"twitter:label2\" content=\"Gesch\u00e4tzte Lesezeit\" \/>\n\t<meta name=\"twitter:data2\" content=\"9\u00a0Minuten\" \/>\n<script type=\"application\/ld+json\" class=\"yoast-schema-graph\">{\"@context\":\"https:\/\/schema.org\",\"@graph\":[{\"@type\":\"Article\",\"@id\":\"http:\/\/denizcankizil.tr\/de\/hukukihaber\/tbb-yonetiminden-olaganustu-genel-kurul-karari-alan-istanbul-barosuna-tam-destek\/#article\",\"isPartOf\":{\"@id\":\"http:\/\/denizcankizil.tr\/de\/hukukihaber\/tbb-yonetiminden-olaganustu-genel-kurul-karari-alan-istanbul-barosuna-tam-destek\/\"},\"author\":{\"name\":\"Hukuki Haber.net\",\"@id\":\"https:\/\/denizcankizil.tr\/de\/#\/schema\/person\/001a271de994a0aa3f90eea084424822\"},\"headline\":\"TBB Y\u00f6netimi&#8217;nden Ola\u011fan\u00fcst\u00fc Genel Kurul karar\u0131 alan \u0130stanbul Barosu&#8217;na tam destek\",\"datePublished\":\"2025-01-16T07:50:00+00:00\",\"mainEntityOfPage\":{\"@id\":\"http:\/\/denizcankizil.tr\/de\/hukukihaber\/tbb-yonetiminden-olaganustu-genel-kurul-karari-alan-istanbul-barosuna-tam-destek\/\"},\"wordCount\":1945,\"commentCount\":0,\"publisher\":{\"@id\":\"https:\/\/denizcankizil.tr\/de\/#organization\"},\"articleSection\":[\"Hukuki Haberler\"],\"inLanguage\":\"de\",\"potentialAction\":[{\"@type\":\"CommentAction\",\"name\":\"Comment\",\"target\":[\"http:\/\/denizcankizil.tr\/de\/hukukihaber\/tbb-yonetiminden-olaganustu-genel-kurul-karari-alan-istanbul-barosuna-tam-destek\/#respond\"]}]},{\"@type\":\"WebPage\",\"@id\":\"http:\/\/denizcankizil.tr\/de\/hukukihaber\/tbb-yonetiminden-olaganustu-genel-kurul-karari-alan-istanbul-barosuna-tam-destek\/\",\"url\":\"http:\/\/denizcankizil.tr\/de\/hukukihaber\/tbb-yonetiminden-olaganustu-genel-kurul-karari-alan-istanbul-barosuna-tam-destek\/\",\"name\":\"TBB Y\u00f6netimi'nden Ola\u011fan\u00fcst\u00fc Genel Kurul karar\u0131 alan \u0130stanbul Barosu'na tam destek - Av. Deniz Can K\u0131z\u0131l\",\"isPartOf\":{\"@id\":\"https:\/\/denizcankizil.tr\/de\/#website\"},\"datePublished\":\"2025-01-16T07:50:00+00:00\",\"breadcrumb\":{\"@id\":\"http:\/\/denizcankizil.tr\/de\/hukukihaber\/tbb-yonetiminden-olaganustu-genel-kurul-karari-alan-istanbul-barosuna-tam-destek\/#breadcrumb\"},\"inLanguage\":\"de\",\"potentialAction\":[{\"@type\":\"ReadAction\",\"target\":[\"http:\/\/denizcankizil.tr\/de\/hukukihaber\/tbb-yonetiminden-olaganustu-genel-kurul-karari-alan-istanbul-barosuna-tam-destek\/\"]}]},{\"@type\":\"BreadcrumbList\",\"@id\":\"http:\/\/denizcankizil.tr\/de\/hukukihaber\/tbb-yonetiminden-olaganustu-genel-kurul-karari-alan-istanbul-barosuna-tam-destek\/#breadcrumb\",\"itemListElement\":[{\"@type\":\"ListItem\",\"position\":1,\"name\":\"Home\",\"item\":\"https:\/\/denizcankizil.tr\/de\/\"},{\"@type\":\"ListItem\",\"position\":2,\"name\":\"TBB Y\u00f6netimi&#8217;nden Ola\u011fan\u00fcst\u00fc Genel Kurul karar\u0131 alan \u0130stanbul Barosu&#8217;na tam destek\"}]},{\"@type\":\"WebSite\",\"@id\":\"https:\/\/denizcankizil.tr\/de\/#website\",\"url\":\"https:\/\/denizcankizil.tr\/de\/\",\"name\":\"Av. Deniz Can K\u0131z\u0131l\",\"description\":\"Avukat Deniz Can K\u0131z\u0131l Antalya Barosu\",\"publisher\":{\"@id\":\"https:\/\/denizcankizil.tr\/de\/#organization\"},\"potentialAction\":[{\"@type\":\"SearchAction\",\"target\":{\"@type\":\"EntryPoint\",\"urlTemplate\":\"https:\/\/denizcankizil.tr\/de\/?s={search_term_string}\"},\"query-input\":{\"@type\":\"PropertyValueSpecification\",\"valueRequired\":true,\"valueName\":\"search_term_string\"}}],\"inLanguage\":\"de\"},{\"@type\":\"Organization\",\"@id\":\"https:\/\/denizcankizil.tr\/de\/#organization\",\"name\":\"Av. Deniz Can K\u0131z\u0131l\",\"url\":\"https:\/\/denizcankizil.tr\/de\/\",\"logo\":{\"@type\":\"ImageObject\",\"inLanguage\":\"de\",\"@id\":\"https:\/\/denizcankizil.tr\/de\/#\/schema\/logo\/image\/\",\"url\":\"http:\/\/denizcankizil.tr\/wp-content\/uploads\/2024\/10\/siyah-logo-svg.svg\",\"contentUrl\":\"http:\/\/denizcankizil.tr\/wp-content\/uploads\/2024\/10\/siyah-logo-svg.svg\",\"width\":1080,\"height\":1080,\"caption\":\"Av. Deniz Can K\u0131z\u0131l\"},\"image\":{\"@id\":\"https:\/\/denizcankizil.tr\/de\/#\/schema\/logo\/image\/\"}},{\"@type\":\"Person\",\"@id\":\"https:\/\/denizcankizil.tr\/de\/#\/schema\/person\/001a271de994a0aa3f90eea084424822\",\"name\":\"Hukuki Haber.net\",\"image\":{\"@type\":\"ImageObject\",\"inLanguage\":\"de\",\"@id\":\"https:\/\/denizcankizil.tr\/de\/#\/schema\/person\/image\/\",\"url\":\"https:\/\/secure.gravatar.com\/avatar\/57d8a49151495586611a149d29fc42865b951dc053a84709a3172ccb5abf3118?s=96&d=mm&r=g\",\"contentUrl\":\"https:\/\/secure.gravatar.com\/avatar\/57d8a49151495586611a149d29fc42865b951dc053a84709a3172ccb5abf3118?s=96&d=mm&r=g\",\"caption\":\"Hukuki Haber.net\"},\"sameAs\":[\"http:\/\/www.hukukihaber.net\"],\"url\":\"https:\/\/www.hukukihaber.net\/tbb-yonetiminden-olaganustu-genel-kurul-karari-alan-istanbul-barosuna-tam-destek\"}]}<\/script>\n<!-- \/ Yoast SEO Premium plugin. -->","yoast_head_json":{"title":"TBB Y\u00f6netimi'nden Ola\u011fan\u00fcst\u00fc Genel Kurul karar\u0131 alan \u0130stanbul Barosu'na tam destek - Av. Deniz Can K\u0131z\u0131l","robots":{"index":"index","follow":"follow","max-snippet":"max-snippet:-1","max-image-preview":"max-image-preview:large","max-video-preview":"max-video-preview:-1"},"canonical":"http:\/\/denizcankizil.tr\/de\/hukukihaber\/tbb-yonetiminden-olaganustu-genel-kurul-karari-alan-istanbul-barosuna-tam-destek\/","og_locale":"de_DE","og_type":"article","og_title":"TBB Y\u00f6netimi'nden Ola\u011fan\u00fcst\u00fc Genel Kurul karar\u0131 alan \u0130stanbul Barosu'na tam destek","og_description":"\u0130stanbul Barosu Ba\u015fkan\u0131 \u0130brahim Kabo\u011flu,\u00a0kedisi ile y\u00f6netim kurulu \u00fcyelerinin g\u00f6revlerine son verilmesi ve yeni baro ba\u015fkan\u0131 ile y\u00f6netim kurulu \u00fcyelerinin se\u00e7ilmesi talebiyle a\u00e7\u0131lan dava hakk\u0131nda a\u00e7\u0131klamalarda bulundu.\u00a0 Anayasa Profes\u00f6r\u00fc\u00a0de olan\u00a0Kabo\u011flu, soru\u015fturman\u0131n\u00a0Anayasa&#8217;ya ayk\u0131r\u0131 oldu\u011funu belirtti.\u00a0Kabo\u011flu, \u0130stanbul Barosu&#8217;na d\u0131\u015far\u0131dan m\u00fcdahale edilmeye \u00e7al\u0131\u015ft\u0131\u011f\u0131n\u0131 s\u00f6yledi. Kabo\u011flu, \u0130stanbul Barosu&#8217;nun 23 \u015eubat&#8217;ta Ola\u011fan\u00fcst\u00fc Kurultay&#8217;a gidece\u011fini duyurdu. \u0130stanbul Barosu Ba\u015fkan\u0131 Kabo\u011flu,\u00a0&#8220;Ola\u011fan\u00fcst\u00fc kurultay i\u00e7in \u0130stanbul Barosu&#8217;nu avukatlar\u0131n\u0131 23 \u015eubat g\u00fcn\u00fc yapaca\u011f\u0131m\u0131z ola\u011fan\u00fcst\u00fc kurultay karar\u0131m\u0131z\u0131 burada a\u00e7\u0131kl\u0131yorum. Ve bu kurultay, 23 \u015eubat kurultay\u0131, demokrasinin ne oldu\u011funu, demokrasinin ancak hukuk yoluyla i\u015fledi\u011fini, hukuk yoluyla in\u015fa edilebilece\u011fini \u0130stanbul Barosu&#8217;nun 67.000 avukat\u0131, T\u00fcrkiye Barolar Birli\u011fi ba\u015fta olmak \u00fczere b\u00fct\u00fcn T\u00fcrkiye barolar\u0131n\u0131n deste\u011fiyle, b\u00fct\u00fcn T\u00fcrkiye&#8217;ye, T\u00fcrkiye Cumhuriyeti yurtta\u015flar\u0131na, yasama, y\u00fcr\u00fctme ve yarg\u0131ya, anayasal organlara duyuracak&#8221; dedi. Toplant\u0131ya T\u00fcrkiye Barolar Birli\u011fi Ba\u015fkan\u0131 Erin\u00e7 Sa\u011fkan da kat\u0131ld\u0131. Sa\u011fkan, son se\u00e7ime kat\u0131lan baro ba\u015fkan adaylar\u0131n\u0131n da burada olmas\u0131n\u0131n k\u0131ymetli bir yan\u0131t oldu\u011funun alt\u0131n\u0131 \u00e7izdi. Bas\u0131n toplant\u0131s\u0131nda Sa\u011fkan ve Kabo\u011flu&#8217;nun yan\u0131 s\u0131ra; \u0130stanbul Barosu&#8217;nun \u00f6nceki d\u00f6nem ba\u015fkanlar\u0131 Av. Mehmet Durako\u011flu ve Av. Filiz Sara\u00e7 ile 20 Ekim 2024 Genel Kurulu&#8217;nda yar\u0131\u015fan avukat gruplar\u0131n\u0131n ba\u015fkan aday ve temsilcileri olarak Av. Hasan K\u0131l\u0131\u00e7, Av. M. Turgay Bilge, Av. Ali G\u00fcrb\u00fcz, Av. Abdulhalim Y\u0131lmaz ve Av. Merter Karag\u00fclle de birer konu\u015fma yaparak birlik mesaj\u0131 verdi. TBB Ba\u015fkan\u0131 Sa\u011fkan, bas\u0131n toplant\u0131s\u0131na, &hellip;","og_url":"http:\/\/denizcankizil.tr\/de\/hukukihaber\/tbb-yonetiminden-olaganustu-genel-kurul-karari-alan-istanbul-barosuna-tam-destek\/","og_site_name":"Av. Deniz Can K\u0131z\u0131l","article_published_time":"2025-01-16T07:50:00+00:00","author":"Hukuki Haber.net","twitter_card":"summary_large_image","twitter_misc":{"Verfasst von":"Hukuki Haber.net","Gesch\u00e4tzte Lesezeit":"9\u00a0Minuten"},"schema":{"@context":"https:\/\/schema.org","@graph":[{"@type":"Article","@id":"http:\/\/denizcankizil.tr\/de\/hukukihaber\/tbb-yonetiminden-olaganustu-genel-kurul-karari-alan-istanbul-barosuna-tam-destek\/#article","isPartOf":{"@id":"http:\/\/denizcankizil.tr\/de\/hukukihaber\/tbb-yonetiminden-olaganustu-genel-kurul-karari-alan-istanbul-barosuna-tam-destek\/"},"author":{"name":"Hukuki Haber.net","@id":"https:\/\/denizcankizil.tr\/de\/#\/schema\/person\/001a271de994a0aa3f90eea084424822"},"headline":"TBB Y\u00f6netimi&#8217;nden Ola\u011fan\u00fcst\u00fc Genel Kurul karar\u0131 alan \u0130stanbul Barosu&#8217;na tam destek","datePublished":"2025-01-16T07:50:00+00:00","mainEntityOfPage":{"@id":"http:\/\/denizcankizil.tr\/de\/hukukihaber\/tbb-yonetiminden-olaganustu-genel-kurul-karari-alan-istanbul-barosuna-tam-destek\/"},"wordCount":1945,"commentCount":0,"publisher":{"@id":"https:\/\/denizcankizil.tr\/de\/#organization"},"articleSection":["Hukuki Haberler"],"inLanguage":"de","potentialAction":[{"@type":"CommentAction","name":"Comment","target":["http:\/\/denizcankizil.tr\/de\/hukukihaber\/tbb-yonetiminden-olaganustu-genel-kurul-karari-alan-istanbul-barosuna-tam-destek\/#respond"]}]},{"@type":"WebPage","@id":"http:\/\/denizcankizil.tr\/de\/hukukihaber\/tbb-yonetiminden-olaganustu-genel-kurul-karari-alan-istanbul-barosuna-tam-destek\/","url":"http:\/\/denizcankizil.tr\/de\/hukukihaber\/tbb-yonetiminden-olaganustu-genel-kurul-karari-alan-istanbul-barosuna-tam-destek\/","name":"TBB Y\u00f6netimi'nden Ola\u011fan\u00fcst\u00fc Genel Kurul karar\u0131 alan \u0130stanbul Barosu'na tam destek - Av. Deniz Can K\u0131z\u0131l","isPartOf":{"@id":"https:\/\/denizcankizil.tr\/de\/#website"},"datePublished":"2025-01-16T07:50:00+00:00","breadcrumb":{"@id":"http:\/\/denizcankizil.tr\/de\/hukukihaber\/tbb-yonetiminden-olaganustu-genel-kurul-karari-alan-istanbul-barosuna-tam-destek\/#breadcrumb"},"inLanguage":"de","potentialAction":[{"@type":"ReadAction","target":["http:\/\/denizcankizil.tr\/de\/hukukihaber\/tbb-yonetiminden-olaganustu-genel-kurul-karari-alan-istanbul-barosuna-tam-destek\/"]}]},{"@type":"BreadcrumbList","@id":"http:\/\/denizcankizil.tr\/de\/hukukihaber\/tbb-yonetiminden-olaganustu-genel-kurul-karari-alan-istanbul-barosuna-tam-destek\/#breadcrumb","itemListElement":[{"@type":"ListItem","position":1,"name":"Home","item":"https:\/\/denizcankizil.tr\/de\/"},{"@type":"ListItem","position":2,"name":"TBB Y\u00f6netimi&#8217;nden Ola\u011fan\u00fcst\u00fc Genel Kurul karar\u0131 alan \u0130stanbul Barosu&#8217;na tam destek"}]},{"@type":"WebSite","@id":"https:\/\/denizcankizil.tr\/de\/#website","url":"https:\/\/denizcankizil.tr\/de\/","name":"Av. Deniz Can K\u0131z\u0131l","description":"Avukat Deniz Can K\u0131z\u0131l Antalya Barosu","publisher":{"@id":"https:\/\/denizcankizil.tr\/de\/#organization"},"potentialAction":[{"@type":"SearchAction","target":{"@type":"EntryPoint","urlTemplate":"https:\/\/denizcankizil.tr\/de\/?s={search_term_string}"},"query-input":{"@type":"PropertyValueSpecification","valueRequired":true,"valueName":"search_term_string"}}],"inLanguage":"de"},{"@type":"Organization","@id":"https:\/\/denizcankizil.tr\/de\/#organization","name":"Av. Deniz Can K\u0131z\u0131l","url":"https:\/\/denizcankizil.tr\/de\/","logo":{"@type":"ImageObject","inLanguage":"de","@id":"https:\/\/denizcankizil.tr\/de\/#\/schema\/logo\/image\/","url":"http:\/\/denizcankizil.tr\/wp-content\/uploads\/2024\/10\/siyah-logo-svg.svg","contentUrl":"http:\/\/denizcankizil.tr\/wp-content\/uploads\/2024\/10\/siyah-logo-svg.svg","width":1080,"height":1080,"caption":"Av. Deniz Can K\u0131z\u0131l"},"image":{"@id":"https:\/\/denizcankizil.tr\/de\/#\/schema\/logo\/image\/"}},{"@type":"Person","@id":"https:\/\/denizcankizil.tr\/de\/#\/schema\/person\/001a271de994a0aa3f90eea084424822","name":"Hukuki Haber.net","image":{"@type":"ImageObject","inLanguage":"de","@id":"https:\/\/denizcankizil.tr\/de\/#\/schema\/person\/image\/","url":"https:\/\/secure.gravatar.com\/avatar\/57d8a49151495586611a149d29fc42865b951dc053a84709a3172ccb5abf3118?s=96&d=mm&r=g","contentUrl":"https:\/\/secure.gravatar.com\/avatar\/57d8a49151495586611a149d29fc42865b951dc053a84709a3172ccb5abf3118?s=96&d=mm&r=g","caption":"Hukuki Haber.net"},"sameAs":["http:\/\/www.hukukihaber.net"],"url":"https:\/\/www.hukukihaber.net\/tbb-yonetiminden-olaganustu-genel-kurul-karari-alan-istanbul-barosuna-tam-destek"}]}},"_links":{"self":[{"href":"http:\/\/denizcankizil.tr\/de\/wp-json\/wp\/v2\/posts\/25617","targetHints":{"allow":["GET"]}}],"collection":[{"href":"http:\/\/denizcankizil.tr\/de\/wp-json\/wp\/v2\/posts"}],"about":[{"href":"http:\/\/denizcankizil.tr\/de\/wp-json\/wp\/v2\/types\/post"}],"author":[{"embeddable":true,"href":"http:\/\/denizcankizil.tr\/de\/wp-json\/wp\/v2\/users\/3"}],"replies":[{"embeddable":true,"href":"http:\/\/denizcankizil.tr\/de\/wp-json\/wp\/v2\/comments?post=25617"}],"version-history":[{"count":0,"href":"http:\/\/denizcankizil.tr\/de\/wp-json\/wp\/v2\/posts\/25617\/revisions"}],"wp:attachment":[{"href":"http:\/\/denizcankizil.tr\/de\/wp-json\/wp\/v2\/media?parent=25617"}],"wp:term":[{"taxonomy":"category","embeddable":true,"href":"http:\/\/denizcankizil.tr\/de\/wp-json\/wp\/v2\/categories?post=25617"},{"taxonomy":"post_tag","embeddable":true,"href":"http:\/\/denizcankizil.tr\/de\/wp-json\/wp\/v2\/tags?post=25617"}],"curies":[{"name":"wp","href":"https:\/\/api.w.org\/{rel}","templated":true}]}}