{"id":25614,"date":"2025-01-16T11:41:38","date_gmt":"2025-01-16T08:41:38","guid":{"rendered":"https:\/\/denizcankizil.tr\/uncategorized-tr\/umit-uysaldan-sahte-alkol-cikisi-dunyaya-mahcup-olduk-kimseden-cit-yok\/"},"modified":"2025-01-16T11:41:38","modified_gmt":"2025-01-16T08:41:38","slug":"umit-uysaldan-sahte-alkol-cikisi-dunyaya-mahcup-olduk-kimseden-cit-yok","status":"publish","type":"post","link":"http:\/\/denizcankizil.tr\/de\/haberler\/gundem\/umit-uysaldan-sahte-alkol-cikisi-dunyaya-mahcup-olduk-kimseden-cit-yok\/","title":{"rendered":"\u00dcmit Uysal\u2019dan sahte alkol \u00e7\u0131k\u0131\u015f\u0131: D\u00fcnyaya mahcup olduk, kimseden \u00e7\u0131t yok!"},"content":{"rendered":"<p>Son y\u0131llarda fiyatlar\u0131n ve vergilerin artmas\u0131yla T\u00fcrkiye\u2019de sahte i\u00e7ki t\u00fcketiminden kaynaklanan \u00f6l\u00fcmlerde g\u00f6zle g\u00f6r\u00fcl\u00fcr bir at\u0131\u015f ya\u015fand\u0131. \u00d6zellikle y\u0131lba\u015f\u0131 gibi t\u00fcketimin yo\u011fun oldu\u011fu d\u00f6nemlerde yasa d\u0131\u015f\u0131 yollardan \u00fcretilen i\u00e7ki \u00fcr\u00fcnlerinin piyasaya s\u00fcr\u00fclmesi ile vaka say\u0131lar\u0131 ciddi boyuta ula\u015ft\u0131.\u00a0<\/p>\n<p>METANOL \u0130\u00c7ER\u0130YOR\u00a0<\/p>\n<p>Genellikle merdiven altlar\u0131nda \u00fcretimi ger\u00e7ekle\u015ftirilen, bandrols\u00fcz ve insan sa\u011fl\u0131\u011f\u0131na ciddi zarar verebilecek metanol gibi maddeler i\u00e7eren \u015f\u00fcpheli i\u00e7ki t\u00fcketimi nedeniyle \u0130stanbul&#8217;da son 3 g\u00fcnde hastanelerde tedavi alt\u0131na al\u0131nan 65 ki\u015fiden 19&#8217;u hayat\u0131n\u0131 kaybetti.<\/p>\n<p>110 K\u0130\u015e\u0130 ZEH\u0130RLEND\u0130<\/p>\n<p>\u0130stanbul Valili\u011fi, konuya ili\u015fkin yapt\u0131\u011f\u0131 a\u00e7\u0131klamada, &#8220;\u0130stanbul&#8217;da ka\u00e7ak i\u00e7ki ve sahte alkol kullan\u0131m\u0131 nedeniyle 2024 y\u0131l\u0131nda 110 ki\u015fi zehirlenmi\u015f, bu ki\u015filerden 48&#8217;i hayat\u0131n\u0131 kaybetmi\u015ftir. Bu sorunla m\u00fccadele kapsam\u0131nda t\u00fcm kolluk kuvvetleri ve denetim\u00a0ekiplerimizin yapt\u0131\u011f\u0131 uygulamalar aral\u0131ks\u0131z devam etmektedir&#8221; ifadelerini kulland\u0131.<\/p>\n<p>K\u0130MSEDEN \u00c7IT YOK!<\/p>\n<p>Sosyal medya hesab\u0131ndan yapt\u0131\u011f\u0131 a\u00e7\u0131klama ile farkl\u0131 t\u00fcketim tercihlerine dikkat \u00e7eken Muratpa\u015fa Belediye Ba\u015fkan\u0131 \u00dcmit Uysal, \u201cSahte alkolden bir g\u00fcnde onlarca insan\u0131m\u0131z\u0131 kaybettik, b\u00fct\u00fcn d\u00fcnyaya mahcup olduk, kimseden \u00e7\u0131t yok. Farkl\u0131 bir ya\u015fam ve t\u00fcketim tercihi s\u00f6z konusu diye, bu vatana askerlik yapan vergi \u00f6deyen vatanda\u015flar\u0131m\u0131za \u201c\u00f6l\u00fcrlerse \u00f6ls\u00fcnler\u201d mi diyece\u011fiz?\u201d ifadelerini kulland\u0131.<\/p>\n<p>SAYGI DUYMALISINIZ<\/p>\n<p>\u0130ktidar\u0131 hedef g\u00f6steren a\u00e7\u0131klamas\u0131nda zam oranlar\u0131n\u0131n insanlar\u0131 sahte alkole y\u00f6neltti\u011fini vurgulayan Uysal, \u201cBu \u00f6l\u00fcmlerin sorumlulu\u011funda insanlar\u0131m\u0131z\u0131n farkl\u0131 tercihlerine ve ya\u015fam \u015fekillerine sayg\u0131 duymad\u0131\u011f\u0131 i\u00e7in alkoll\u00fc i\u00e7eceklere a\u015f\u0131r\u0131 ve zul\u00fcmkar zamlar yapan iktidar sahiplerinin de ciddi pay\u0131 vard\u0131r. Sahte \u00fcretimi te\u015fvik etmekle kalmay\u0131p denetleyememi\u015f ve engelleyememi\u015fledir. Ya\u015fam\u0131n\u0131 yitiren vatanda\u015flar\u0131m\u0131za Allah&#8217;tan rahmet, yak\u0131nlar\u0131na ba\u015f sa\u011fl\u0131\u011f\u0131 diliyorum\u201d de\u011ferlendirmesinde bulundu.<\/p>\n<p>G\u00d6RME VE B\u0130L\u0130N\u00c7 KAYBI<\/p>\n<p>Vatanda\u015flar\u0131 veya \u015f\u00fcpheli i\u00e7ki sat\u0131n almamalar\u0131 konusunda uyaran uzmanlar, sahte i\u00e7kinin kokusu, rengi veya tad\u0131 normal i\u00e7kilerden kolayca ay\u0131rt edilemeyebilece\u011fine dikkat \u00e7ekiyor. T\u00fcketicilerin yaln\u0131zca g\u00fcvenilir kaynaklardan alkol sat\u0131n almas\u0131 gerekti\u011fi belirten uzmanlar, sahte i\u00e7ki t\u00fcketimi halinde 12-24 saat i\u00e7inde ba\u015f a\u011fr\u0131s\u0131, mide bulant\u0131s\u0131, g\u00f6rme kayb\u0131, bilin\u00e7 kayb\u0131 gibi belirtilerin ortaya \u00e7\u0131kt\u0131\u011f\u0131n\u0131 vurguluyor.\u00a0<br \/>\n\u00a0<\/p>\n<p>\u200bMuratpa\u015fa Belediye Ba\u015fkan\u0131 \u00dcmit Uysal, sahte alkol t\u00fcketimi nedeniyle ya\u015fanan \u00f6l\u00fcmlere dikkat \u00e7ekti. &#8220;A\u015f\u0131r\u0131 ve zul\u00fcmkar&#8221; zam oranlar\u0131 nedeniyle vatanda\u015flar\u0131n sahte alkol t\u00fcketimine y\u00f6neldi\u011fini iddia eden Uysal, \u201cSahte alkolden bir g\u00fcnde onlarca insan\u0131m\u0131z\u0131 kaybettik, b\u00fct\u00fcn d\u00fcnyaya mahcup olduk, kimseden \u00e7\u0131t yok. Vatanda\u015flar\u0131m\u0131za, \u2018\u00d6l\u00fcrlerse \u00f6ls\u00fcnler\u2019 mi diyece\u011fiz?\u201d ifadelerini kulland\u0131\u00a0<\/p>\n<p>\u200bHaberin Al\u0131nt\u0131land\u0131\u011f\u0131 Kaynak: www.antalyakorfez.com<\/p>","protected":false},"excerpt":{"rendered":"<p>Son y\u0131llarda fiyatlar\u0131n ve vergilerin artmas\u0131yla T\u00fcrkiye\u2019de sahte i\u00e7ki t\u00fcketiminden kaynaklanan \u00f6l\u00fcmlerde g\u00f6zle g\u00f6r\u00fcl\u00fcr bir at\u0131\u015f ya\u015fand\u0131. \u00d6zellikle y\u0131lba\u015f\u0131 gibi t\u00fcketimin yo\u011fun oldu\u011fu d\u00f6nemlerde yasa d\u0131\u015f\u0131 yollardan \u00fcretilen i\u00e7ki \u00fcr\u00fcnlerinin piyasaya s\u00fcr\u00fclmesi ile vaka say\u0131lar\u0131 ciddi boyuta ula\u015ft\u0131.\u00a0 METANOL \u0130\u00c7ER\u0130YOR\u00a0 Genellikle merdiven altlar\u0131nda \u00fcretimi ger\u00e7ekle\u015ftirilen, bandrols\u00fcz ve insan sa\u011fl\u0131\u011f\u0131na ciddi zarar verebilecek metanol gibi maddeler i\u00e7eren \u015f\u00fcpheli i\u00e7ki t\u00fcketimi nedeniyle \u0130stanbul&#8217;da son 3 g\u00fcnde hastanelerde tedavi alt\u0131na al\u0131nan 65 ki\u015fiden 19&#8217;u hayat\u0131n\u0131 kaybetti. 110 K\u0130\u015e\u0130 ZEH\u0130RLEND\u0130 \u0130stanbul Valili\u011fi, konuya ili\u015fkin yapt\u0131\u011f\u0131 a\u00e7\u0131klamada, &#8220;\u0130stanbul&#8217;da ka\u00e7ak i\u00e7ki ve sahte alkol kullan\u0131m\u0131 nedeniyle 2024 y\u0131l\u0131nda 110 ki\u015fi zehirlenmi\u015f, bu ki\u015filerden 48&#8217;i hayat\u0131n\u0131 kaybetmi\u015ftir. Bu sorunla m\u00fccadele kapsam\u0131nda t\u00fcm kolluk kuvvetleri ve denetim\u00a0ekiplerimizin yapt\u0131\u011f\u0131 uygulamalar aral\u0131ks\u0131z devam etmektedir&#8221; ifadelerini kulland\u0131. K\u0130MSEDEN \u00c7IT YOK! Sosyal medya hesab\u0131ndan yapt\u0131\u011f\u0131 a\u00e7\u0131klama ile farkl\u0131 t\u00fcketim tercihlerine dikkat \u00e7eken Muratpa\u015fa Belediye Ba\u015fkan\u0131 \u00dcmit Uysal, \u201cSahte alkolden bir g\u00fcnde onlarca insan\u0131m\u0131z\u0131 kaybettik, b\u00fct\u00fcn d\u00fcnyaya mahcup olduk, kimseden \u00e7\u0131t yok. Farkl\u0131 bir ya\u015fam ve t\u00fcketim tercihi s\u00f6z konusu diye, bu vatana askerlik yapan vergi \u00f6deyen vatanda\u015flar\u0131m\u0131za \u201c\u00f6l\u00fcrlerse \u00f6ls\u00fcnler\u201d mi diyece\u011fiz?\u201d ifadelerini kulland\u0131. SAYGI DUYMALISINIZ \u0130ktidar\u0131 hedef g\u00f6steren a\u00e7\u0131klamas\u0131nda zam oranlar\u0131n\u0131n insanlar\u0131 sahte alkole y\u00f6neltti\u011fini vurgulayan Uysal, \u201cBu \u00f6l\u00fcmlerin sorumlulu\u011funda insanlar\u0131m\u0131z\u0131n farkl\u0131 tercihlerine ve ya\u015fam \u015fekillerine sayg\u0131 duymad\u0131\u011f\u0131 i\u00e7in alkoll\u00fc i\u00e7eceklere a\u015f\u0131r\u0131 &hellip;<\/p>","protected":false},"author":5,"featured_media":0,"comment_status":"open","ping_status":"open","sticky":false,"template":"","format":"standard","meta":{"_acf_changed":false,"footnotes":""},"categories":[24],"tags":[],"class_list":["post-25614","post","type-post","status-publish","format-standard","has-post-thumbnail","hentry","category-gundem"],"acf":[],"yoast_head":"<!-- This site is optimized with the Yoast SEO Premium plugin v26.6 (Yoast SEO v27.1.1) - https:\/\/yoast.com\/product\/yoast-seo-premium-wordpress\/ -->\n<title>\u00dcmit Uysal\u2019dan sahte alkol \u00e7\u0131k\u0131\u015f\u0131: D\u00fcnyaya mahcup olduk, kimseden \u00e7\u0131t yok! - Av. Deniz Can K\u0131z\u0131l<\/title>\n<meta name=\"robots\" content=\"index, follow, max-snippet:-1, max-image-preview:large, max-video-preview:-1\" \/>\n<link rel=\"canonical\" href=\"https:\/\/denizcankizil.tr\/de\/haberler\/gundem\/umit-uysaldan-sahte-alkol-cikisi-dunyaya-mahcup-olduk-kimseden-cit-yok\/\" \/>\n<meta property=\"og:locale\" content=\"de_DE\" \/>\n<meta property=\"og:type\" content=\"article\" \/>\n<meta property=\"og:title\" content=\"\u00dcmit Uysal\u2019dan sahte alkol \u00e7\u0131k\u0131\u015f\u0131: D\u00fcnyaya mahcup olduk, kimseden \u00e7\u0131t yok!\" \/>\n<meta property=\"og:description\" content=\"Son y\u0131llarda fiyatlar\u0131n ve vergilerin artmas\u0131yla T\u00fcrkiye\u2019de sahte i\u00e7ki t\u00fcketiminden kaynaklanan \u00f6l\u00fcmlerde g\u00f6zle g\u00f6r\u00fcl\u00fcr bir at\u0131\u015f ya\u015fand\u0131. \u00d6zellikle y\u0131lba\u015f\u0131 gibi t\u00fcketimin yo\u011fun oldu\u011fu d\u00f6nemlerde yasa d\u0131\u015f\u0131 yollardan \u00fcretilen i\u00e7ki \u00fcr\u00fcnlerinin piyasaya s\u00fcr\u00fclmesi ile vaka say\u0131lar\u0131 ciddi boyuta ula\u015ft\u0131.\u00a0 METANOL \u0130\u00c7ER\u0130YOR\u00a0 Genellikle merdiven altlar\u0131nda \u00fcretimi ger\u00e7ekle\u015ftirilen, bandrols\u00fcz ve insan sa\u011fl\u0131\u011f\u0131na ciddi zarar verebilecek metanol gibi maddeler i\u00e7eren \u015f\u00fcpheli i\u00e7ki t\u00fcketimi nedeniyle \u0130stanbul&#8217;da son 3 g\u00fcnde hastanelerde tedavi alt\u0131na al\u0131nan 65 ki\u015fiden 19&#8217;u hayat\u0131n\u0131 kaybetti. 110 K\u0130\u015e\u0130 ZEH\u0130RLEND\u0130 \u0130stanbul Valili\u011fi, konuya ili\u015fkin yapt\u0131\u011f\u0131 a\u00e7\u0131klamada, &#8220;\u0130stanbul&#8217;da ka\u00e7ak i\u00e7ki ve sahte alkol kullan\u0131m\u0131 nedeniyle 2024 y\u0131l\u0131nda 110 ki\u015fi zehirlenmi\u015f, bu ki\u015filerden 48&#8217;i hayat\u0131n\u0131 kaybetmi\u015ftir. Bu sorunla m\u00fccadele kapsam\u0131nda t\u00fcm kolluk kuvvetleri ve denetim\u00a0ekiplerimizin yapt\u0131\u011f\u0131 uygulamalar aral\u0131ks\u0131z devam etmektedir&#8221; ifadelerini kulland\u0131. K\u0130MSEDEN \u00c7IT YOK! Sosyal medya hesab\u0131ndan yapt\u0131\u011f\u0131 a\u00e7\u0131klama ile farkl\u0131 t\u00fcketim tercihlerine dikkat \u00e7eken Muratpa\u015fa Belediye Ba\u015fkan\u0131 \u00dcmit Uysal, \u201cSahte alkolden bir g\u00fcnde onlarca insan\u0131m\u0131z\u0131 kaybettik, b\u00fct\u00fcn d\u00fcnyaya mahcup olduk, kimseden \u00e7\u0131t yok. Farkl\u0131 bir ya\u015fam ve t\u00fcketim tercihi s\u00f6z konusu diye, bu vatana askerlik yapan vergi \u00f6deyen vatanda\u015flar\u0131m\u0131za \u201c\u00f6l\u00fcrlerse \u00f6ls\u00fcnler\u201d mi diyece\u011fiz?\u201d ifadelerini kulland\u0131. SAYGI DUYMALISINIZ \u0130ktidar\u0131 hedef g\u00f6steren a\u00e7\u0131klamas\u0131nda zam oranlar\u0131n\u0131n insanlar\u0131 sahte alkole y\u00f6neltti\u011fini vurgulayan Uysal, \u201cBu \u00f6l\u00fcmlerin sorumlulu\u011funda insanlar\u0131m\u0131z\u0131n farkl\u0131 tercihlerine ve ya\u015fam \u015fekillerine sayg\u0131 duymad\u0131\u011f\u0131 i\u00e7in alkoll\u00fc i\u00e7eceklere a\u015f\u0131r\u0131 &hellip;\" \/>\n<meta property=\"og:url\" content=\"https:\/\/denizcankizil.tr\/de\/haberler\/gundem\/umit-uysaldan-sahte-alkol-cikisi-dunyaya-mahcup-olduk-kimseden-cit-yok\/\" \/>\n<meta property=\"og:site_name\" content=\"Av. Deniz Can K\u0131z\u0131l\" \/>\n<meta property=\"article:published_time\" content=\"2025-01-16T08:41:38+00:00\" \/>\n<meta name=\"author\" content=\"Antalya K\u00f6rfez\" \/>\n<meta name=\"twitter:card\" content=\"summary_large_image\" \/>\n<meta name=\"twitter:label1\" content=\"Verfasst von\" \/>\n\t<meta name=\"twitter:data1\" content=\"Antalya K\u00f6rfez\" \/>\n\t<meta name=\"twitter:label2\" content=\"Gesch\u00e4tzte Lesezeit\" \/>\n\t<meta name=\"twitter:data2\" content=\"2\u00a0Minuten\" \/>\n<script type=\"application\/ld+json\" class=\"yoast-schema-graph\">{\"@context\":\"https:\/\/schema.org\",\"@graph\":[{\"@type\":\"Article\",\"@id\":\"https:\/\/denizcankizil.tr\/ru\/haberler\/gundem\/umit-uysaldan-sahte-alkol-cikisi-dunyaya-mahcup-olduk-kimseden-cit-yok\/#article\",\"isPartOf\":{\"@id\":\"https:\/\/denizcankizil.tr\/ru\/haberler\/gundem\/umit-uysaldan-sahte-alkol-cikisi-dunyaya-mahcup-olduk-kimseden-cit-yok\/\"},\"author\":{\"name\":\"Antalya K\u00f6rfez\",\"@id\":\"https:\/\/denizcankizil.tr\/#\/schema\/person\/e1eb71bb4dd684d46563f0af307e1234\"},\"headline\":\"\u00dcmit Uysal\u2019dan sahte alkol \u00e7\u0131k\u0131\u015f\u0131: D\u00fcnyaya mahcup olduk, kimseden \u00e7\u0131t yok!\",\"datePublished\":\"2025-01-16T08:41:38+00:00\",\"mainEntityOfPage\":{\"@id\":\"https:\/\/denizcankizil.tr\/ru\/haberler\/gundem\/umit-uysaldan-sahte-alkol-cikisi-dunyaya-mahcup-olduk-kimseden-cit-yok\/\"},\"wordCount\":508,\"commentCount\":0,\"publisher\":{\"@id\":\"https:\/\/denizcankizil.tr\/#organization\"},\"articleSection\":[\"G\u00fcndem\"],\"inLanguage\":\"de\",\"potentialAction\":[{\"@type\":\"CommentAction\",\"name\":\"Comment\",\"target\":[\"https:\/\/denizcankizil.tr\/ru\/haberler\/gundem\/umit-uysaldan-sahte-alkol-cikisi-dunyaya-mahcup-olduk-kimseden-cit-yok\/#respond\"]}]},{\"@type\":\"WebPage\",\"@id\":\"https:\/\/denizcankizil.tr\/ru\/haberler\/gundem\/umit-uysaldan-sahte-alkol-cikisi-dunyaya-mahcup-olduk-kimseden-cit-yok\/\",\"url\":\"https:\/\/denizcankizil.tr\/ru\/haberler\/gundem\/umit-uysaldan-sahte-alkol-cikisi-dunyaya-mahcup-olduk-kimseden-cit-yok\/\",\"name\":\"\u00dcmit Uysal\u2019dan sahte alkol \u00e7\u0131k\u0131\u015f\u0131: D\u00fcnyaya mahcup olduk, kimseden \u00e7\u0131t yok! - Av. Deniz Can K\u0131z\u0131l\",\"isPartOf\":{\"@id\":\"https:\/\/denizcankizil.tr\/#website\"},\"datePublished\":\"2025-01-16T08:41:38+00:00\",\"breadcrumb\":{\"@id\":\"https:\/\/denizcankizil.tr\/ru\/haberler\/gundem\/umit-uysaldan-sahte-alkol-cikisi-dunyaya-mahcup-olduk-kimseden-cit-yok\/#breadcrumb\"},\"inLanguage\":\"de\",\"potentialAction\":[{\"@type\":\"ReadAction\",\"target\":[\"https:\/\/denizcankizil.tr\/ru\/haberler\/gundem\/umit-uysaldan-sahte-alkol-cikisi-dunyaya-mahcup-olduk-kimseden-cit-yok\/\"]}]},{\"@type\":\"BreadcrumbList\",\"@id\":\"https:\/\/denizcankizil.tr\/ru\/haberler\/gundem\/umit-uysaldan-sahte-alkol-cikisi-dunyaya-mahcup-olduk-kimseden-cit-yok\/#breadcrumb\",\"itemListElement\":[{\"@type\":\"ListItem\",\"position\":1,\"name\":\"Home\",\"item\":\"https:\/\/denizcankizil.tr\/de\/\"},{\"@type\":\"ListItem\",\"position\":2,\"name\":\"\u00dcmit Uysal\u2019dan sahte alkol \u00e7\u0131k\u0131\u015f\u0131: D\u00fcnyaya mahcup olduk, kimseden \u00e7\u0131t yok!\"}]},{\"@type\":\"WebSite\",\"@id\":\"https:\/\/denizcankizil.tr\/#website\",\"url\":\"https:\/\/denizcankizil.tr\/\",\"name\":\"Av. Deniz Can K\u0131z\u0131l\",\"description\":\"Avukat Deniz Can K\u0131z\u0131l Antalya Barosu\",\"publisher\":{\"@id\":\"https:\/\/denizcankizil.tr\/#organization\"},\"potentialAction\":[{\"@type\":\"SearchAction\",\"target\":{\"@type\":\"EntryPoint\",\"urlTemplate\":\"https:\/\/denizcankizil.tr\/?s={search_term_string}\"},\"query-input\":{\"@type\":\"PropertyValueSpecification\",\"valueRequired\":true,\"valueName\":\"search_term_string\"}}],\"inLanguage\":\"de\"},{\"@type\":\"Organization\",\"@id\":\"https:\/\/denizcankizil.tr\/#organization\",\"name\":\"Av. Deniz Can K\u0131z\u0131l\",\"url\":\"https:\/\/denizcankizil.tr\/\",\"logo\":{\"@type\":\"ImageObject\",\"inLanguage\":\"de\",\"@id\":\"https:\/\/denizcankizil.tr\/#\/schema\/logo\/image\/\",\"url\":\"http:\/\/denizcankizil.tr\/wp-content\/uploads\/2024\/10\/siyah-logo-svg.svg\",\"contentUrl\":\"http:\/\/denizcankizil.tr\/wp-content\/uploads\/2024\/10\/siyah-logo-svg.svg\",\"width\":1080,\"height\":1080,\"caption\":\"Av. Deniz Can K\u0131z\u0131l\"},\"image\":{\"@id\":\"https:\/\/denizcankizil.tr\/#\/schema\/logo\/image\/\"}},{\"@type\":\"Person\",\"@id\":\"https:\/\/denizcankizil.tr\/#\/schema\/person\/e1eb71bb4dd684d46563f0af307e1234\",\"name\":\"Antalya K\u00f6rfez\",\"image\":{\"@type\":\"ImageObject\",\"inLanguage\":\"de\",\"@id\":\"https:\/\/denizcankizil.tr\/#\/schema\/person\/image\/\",\"url\":\"https:\/\/secure.gravatar.com\/avatar\/42b01982558a48a0b501fdcab6a408d3717ea5919095ee2e67b0e521799c5905?s=96&d=mm&r=g\",\"contentUrl\":\"https:\/\/secure.gravatar.com\/avatar\/42b01982558a48a0b501fdcab6a408d3717ea5919095ee2e67b0e521799c5905?s=96&d=mm&r=g\",\"caption\":\"Antalya K\u00f6rfez\"},\"sameAs\":[\"http:\/\/www.antalyakorfez.com\"],\"url\":\"https:\/\/www.antalyakorfez.com\/umit-uysaldan-sahte-alkol-cikisi-dunyaya-mahcup-olduk-kimseden-cit-yok\"}]}<\/script>\n<!-- \/ Yoast SEO Premium plugin. -->","yoast_head_json":{"title":"\u00dcmit Uysal\u2019dan sahte alkol \u00e7\u0131k\u0131\u015f\u0131: D\u00fcnyaya mahcup olduk, kimseden \u00e7\u0131t yok! - Av. Deniz Can K\u0131z\u0131l","robots":{"index":"index","follow":"follow","max-snippet":"max-snippet:-1","max-image-preview":"max-image-preview:large","max-video-preview":"max-video-preview:-1"},"canonical":"https:\/\/denizcankizil.tr\/de\/haberler\/gundem\/umit-uysaldan-sahte-alkol-cikisi-dunyaya-mahcup-olduk-kimseden-cit-yok\/","og_locale":"de_DE","og_type":"article","og_title":"\u00dcmit Uysal\u2019dan sahte alkol \u00e7\u0131k\u0131\u015f\u0131: D\u00fcnyaya mahcup olduk, kimseden \u00e7\u0131t yok!","og_description":"Son y\u0131llarda fiyatlar\u0131n ve vergilerin artmas\u0131yla T\u00fcrkiye\u2019de sahte i\u00e7ki t\u00fcketiminden kaynaklanan \u00f6l\u00fcmlerde g\u00f6zle g\u00f6r\u00fcl\u00fcr bir at\u0131\u015f ya\u015fand\u0131. \u00d6zellikle y\u0131lba\u015f\u0131 gibi t\u00fcketimin yo\u011fun oldu\u011fu d\u00f6nemlerde yasa d\u0131\u015f\u0131 yollardan \u00fcretilen i\u00e7ki \u00fcr\u00fcnlerinin piyasaya s\u00fcr\u00fclmesi ile vaka say\u0131lar\u0131 ciddi boyuta ula\u015ft\u0131.\u00a0 METANOL \u0130\u00c7ER\u0130YOR\u00a0 Genellikle merdiven altlar\u0131nda \u00fcretimi ger\u00e7ekle\u015ftirilen, bandrols\u00fcz ve insan sa\u011fl\u0131\u011f\u0131na ciddi zarar verebilecek metanol gibi maddeler i\u00e7eren \u015f\u00fcpheli i\u00e7ki t\u00fcketimi nedeniyle \u0130stanbul&#8217;da son 3 g\u00fcnde hastanelerde tedavi alt\u0131na al\u0131nan 65 ki\u015fiden 19&#8217;u hayat\u0131n\u0131 kaybetti. 110 K\u0130\u015e\u0130 ZEH\u0130RLEND\u0130 \u0130stanbul Valili\u011fi, konuya ili\u015fkin yapt\u0131\u011f\u0131 a\u00e7\u0131klamada, &#8220;\u0130stanbul&#8217;da ka\u00e7ak i\u00e7ki ve sahte alkol kullan\u0131m\u0131 nedeniyle 2024 y\u0131l\u0131nda 110 ki\u015fi zehirlenmi\u015f, bu ki\u015filerden 48&#8217;i hayat\u0131n\u0131 kaybetmi\u015ftir. Bu sorunla m\u00fccadele kapsam\u0131nda t\u00fcm kolluk kuvvetleri ve denetim\u00a0ekiplerimizin yapt\u0131\u011f\u0131 uygulamalar aral\u0131ks\u0131z devam etmektedir&#8221; ifadelerini kulland\u0131. K\u0130MSEDEN \u00c7IT YOK! Sosyal medya hesab\u0131ndan yapt\u0131\u011f\u0131 a\u00e7\u0131klama ile farkl\u0131 t\u00fcketim tercihlerine dikkat \u00e7eken Muratpa\u015fa Belediye Ba\u015fkan\u0131 \u00dcmit Uysal, \u201cSahte alkolden bir g\u00fcnde onlarca insan\u0131m\u0131z\u0131 kaybettik, b\u00fct\u00fcn d\u00fcnyaya mahcup olduk, kimseden \u00e7\u0131t yok. Farkl\u0131 bir ya\u015fam ve t\u00fcketim tercihi s\u00f6z konusu diye, bu vatana askerlik yapan vergi \u00f6deyen vatanda\u015flar\u0131m\u0131za \u201c\u00f6l\u00fcrlerse \u00f6ls\u00fcnler\u201d mi diyece\u011fiz?\u201d ifadelerini kulland\u0131. SAYGI DUYMALISINIZ \u0130ktidar\u0131 hedef g\u00f6steren a\u00e7\u0131klamas\u0131nda zam oranlar\u0131n\u0131n insanlar\u0131 sahte alkole y\u00f6neltti\u011fini vurgulayan Uysal, \u201cBu \u00f6l\u00fcmlerin sorumlulu\u011funda insanlar\u0131m\u0131z\u0131n farkl\u0131 tercihlerine ve ya\u015fam \u015fekillerine sayg\u0131 duymad\u0131\u011f\u0131 i\u00e7in alkoll\u00fc i\u00e7eceklere a\u015f\u0131r\u0131 &hellip;","og_url":"https:\/\/denizcankizil.tr\/de\/haberler\/gundem\/umit-uysaldan-sahte-alkol-cikisi-dunyaya-mahcup-olduk-kimseden-cit-yok\/","og_site_name":"Av. Deniz Can K\u0131z\u0131l","article_published_time":"2025-01-16T08:41:38+00:00","author":"Antalya K\u00f6rfez","twitter_card":"summary_large_image","twitter_misc":{"Verfasst von":"Antalya K\u00f6rfez","Gesch\u00e4tzte Lesezeit":"2\u00a0Minuten"},"schema":{"@context":"https:\/\/schema.org","@graph":[{"@type":"Article","@id":"https:\/\/denizcankizil.tr\/ru\/haberler\/gundem\/umit-uysaldan-sahte-alkol-cikisi-dunyaya-mahcup-olduk-kimseden-cit-yok\/#article","isPartOf":{"@id":"https:\/\/denizcankizil.tr\/ru\/haberler\/gundem\/umit-uysaldan-sahte-alkol-cikisi-dunyaya-mahcup-olduk-kimseden-cit-yok\/"},"author":{"name":"Antalya K\u00f6rfez","@id":"https:\/\/denizcankizil.tr\/#\/schema\/person\/e1eb71bb4dd684d46563f0af307e1234"},"headline":"\u00dcmit Uysal\u2019dan sahte alkol \u00e7\u0131k\u0131\u015f\u0131: D\u00fcnyaya mahcup olduk, kimseden \u00e7\u0131t yok!","datePublished":"2025-01-16T08:41:38+00:00","mainEntityOfPage":{"@id":"https:\/\/denizcankizil.tr\/ru\/haberler\/gundem\/umit-uysaldan-sahte-alkol-cikisi-dunyaya-mahcup-olduk-kimseden-cit-yok\/"},"wordCount":508,"commentCount":0,"publisher":{"@id":"https:\/\/denizcankizil.tr\/#organization"},"articleSection":["G\u00fcndem"],"inLanguage":"de","potentialAction":[{"@type":"CommentAction","name":"Comment","target":["https:\/\/denizcankizil.tr\/ru\/haberler\/gundem\/umit-uysaldan-sahte-alkol-cikisi-dunyaya-mahcup-olduk-kimseden-cit-yok\/#respond"]}]},{"@type":"WebPage","@id":"https:\/\/denizcankizil.tr\/ru\/haberler\/gundem\/umit-uysaldan-sahte-alkol-cikisi-dunyaya-mahcup-olduk-kimseden-cit-yok\/","url":"https:\/\/denizcankizil.tr\/ru\/haberler\/gundem\/umit-uysaldan-sahte-alkol-cikisi-dunyaya-mahcup-olduk-kimseden-cit-yok\/","name":"\u00dcmit Uysal\u2019dan sahte alkol \u00e7\u0131k\u0131\u015f\u0131: D\u00fcnyaya mahcup olduk, kimseden \u00e7\u0131t yok! - Av. Deniz Can K\u0131z\u0131l","isPartOf":{"@id":"https:\/\/denizcankizil.tr\/#website"},"datePublished":"2025-01-16T08:41:38+00:00","breadcrumb":{"@id":"https:\/\/denizcankizil.tr\/ru\/haberler\/gundem\/umit-uysaldan-sahte-alkol-cikisi-dunyaya-mahcup-olduk-kimseden-cit-yok\/#breadcrumb"},"inLanguage":"de","potentialAction":[{"@type":"ReadAction","target":["https:\/\/denizcankizil.tr\/ru\/haberler\/gundem\/umit-uysaldan-sahte-alkol-cikisi-dunyaya-mahcup-olduk-kimseden-cit-yok\/"]}]},{"@type":"BreadcrumbList","@id":"https:\/\/denizcankizil.tr\/ru\/haberler\/gundem\/umit-uysaldan-sahte-alkol-cikisi-dunyaya-mahcup-olduk-kimseden-cit-yok\/#breadcrumb","itemListElement":[{"@type":"ListItem","position":1,"name":"Home","item":"https:\/\/denizcankizil.tr\/de\/"},{"@type":"ListItem","position":2,"name":"\u00dcmit Uysal\u2019dan sahte alkol \u00e7\u0131k\u0131\u015f\u0131: D\u00fcnyaya mahcup olduk, kimseden \u00e7\u0131t yok!"}]},{"@type":"WebSite","@id":"https:\/\/denizcankizil.tr\/#website","url":"https:\/\/denizcankizil.tr\/","name":"Av. Deniz Can K\u0131z\u0131l","description":"Avukat Deniz Can K\u0131z\u0131l Antalya Barosu","publisher":{"@id":"https:\/\/denizcankizil.tr\/#organization"},"potentialAction":[{"@type":"SearchAction","target":{"@type":"EntryPoint","urlTemplate":"https:\/\/denizcankizil.tr\/?s={search_term_string}"},"query-input":{"@type":"PropertyValueSpecification","valueRequired":true,"valueName":"search_term_string"}}],"inLanguage":"de"},{"@type":"Organization","@id":"https:\/\/denizcankizil.tr\/#organization","name":"Av. Deniz Can K\u0131z\u0131l","url":"https:\/\/denizcankizil.tr\/","logo":{"@type":"ImageObject","inLanguage":"de","@id":"https:\/\/denizcankizil.tr\/#\/schema\/logo\/image\/","url":"http:\/\/denizcankizil.tr\/wp-content\/uploads\/2024\/10\/siyah-logo-svg.svg","contentUrl":"http:\/\/denizcankizil.tr\/wp-content\/uploads\/2024\/10\/siyah-logo-svg.svg","width":1080,"height":1080,"caption":"Av. Deniz Can K\u0131z\u0131l"},"image":{"@id":"https:\/\/denizcankizil.tr\/#\/schema\/logo\/image\/"}},{"@type":"Person","@id":"https:\/\/denizcankizil.tr\/#\/schema\/person\/e1eb71bb4dd684d46563f0af307e1234","name":"Antalya K\u00f6rfez","image":{"@type":"ImageObject","inLanguage":"de","@id":"https:\/\/denizcankizil.tr\/#\/schema\/person\/image\/","url":"https:\/\/secure.gravatar.com\/avatar\/42b01982558a48a0b501fdcab6a408d3717ea5919095ee2e67b0e521799c5905?s=96&d=mm&r=g","contentUrl":"https:\/\/secure.gravatar.com\/avatar\/42b01982558a48a0b501fdcab6a408d3717ea5919095ee2e67b0e521799c5905?s=96&d=mm&r=g","caption":"Antalya K\u00f6rfez"},"sameAs":["http:\/\/www.antalyakorfez.com"],"url":"https:\/\/www.antalyakorfez.com\/umit-uysaldan-sahte-alkol-cikisi-dunyaya-mahcup-olduk-kimseden-cit-yok"}]}},"_links":{"self":[{"href":"http:\/\/denizcankizil.tr\/de\/wp-json\/wp\/v2\/posts\/25614","targetHints":{"allow":["GET"]}}],"collection":[{"href":"http:\/\/denizcankizil.tr\/de\/wp-json\/wp\/v2\/posts"}],"about":[{"href":"http:\/\/denizcankizil.tr\/de\/wp-json\/wp\/v2\/types\/post"}],"author":[{"embeddable":true,"href":"http:\/\/denizcankizil.tr\/de\/wp-json\/wp\/v2\/users\/5"}],"replies":[{"embeddable":true,"href":"http:\/\/denizcankizil.tr\/de\/wp-json\/wp\/v2\/comments?post=25614"}],"version-history":[{"count":0,"href":"http:\/\/denizcankizil.tr\/de\/wp-json\/wp\/v2\/posts\/25614\/revisions"}],"wp:attachment":[{"href":"http:\/\/denizcankizil.tr\/de\/wp-json\/wp\/v2\/media?parent=25614"}],"wp:term":[{"taxonomy":"category","embeddable":true,"href":"http:\/\/denizcankizil.tr\/de\/wp-json\/wp\/v2\/categories?post=25614"},{"taxonomy":"post_tag","embeddable":true,"href":"http:\/\/denizcankizil.tr\/de\/wp-json\/wp\/v2\/tags?post=25614"}],"curies":[{"name":"wp","href":"https:\/\/api.w.org\/{rel}","templated":true}]}}