{"id":25467,"date":"2025-01-15T14:41:14","date_gmt":"2025-01-15T11:41:14","guid":{"rendered":"https:\/\/denizcankizil.tr\/uncategorized-tr\/kundakci-kamyonette-uyurken-yakalandi\/"},"modified":"2025-01-15T14:41:14","modified_gmt":"2025-01-15T11:41:14","slug":"kundakci-kamyonette-uyurken-yakalandi","status":"publish","type":"post","link":"http:\/\/denizcankizil.tr\/de\/haberler\/antalya\/kundakci-kamyonette-uyurken-yakalandi\/","title":{"rendered":"Kundak\u00e7\u0131 kamyonette uyurken yakaland\u0131"},"content":{"rendered":"<p>Olay, ge\u00e7ti\u011fimiz pazartesi g\u00fcn\u00fc ak\u015fam\u0131 Muratpa\u015fa il\u00e7esi K\u0131z\u0131lsaray Mahallesi 72. Sokak&#8217;taki Tang\u00fcl Dinekli&#8217;ye ait kad\u0131n kuaf\u00f6r\u00fcnde ya\u015fand\u0131. Madde ba\u011f\u0131ml\u0131s\u0131 oldu\u011fu iddia edilen \u0130brahim A., kuaf\u00f6r i\u015fletmesinin kap\u0131s\u0131na giysi ve baz\u0131 e\u015fyalar koyup yakmaya \u00e7al\u0131\u015ft\u0131. Durumu fark eden apartman sakinleri, Dinekli&#8217;yi arayarak haber verdi. Dinekli, i\u015fletmesinin g\u00fcvenlik kameralar\u0131n\u0131 telefonundan ba\u011flan\u0131p izleyince hayat\u0131n\u0131n \u015fokunu ya\u015fad\u0131. \u0130brahim A.&#8217;n\u0131n d\u00fckkan\u0131n\u0131n kap\u0131s\u0131na baz\u0131 k\u0131yafet ve e\u015fyalar\u0131 yakmaya \u00e7al\u0131\u015ft\u0131\u011f\u0131n\u0131 g\u00f6ren gen\u00e7 kad\u0131n, 112 Acil \u00c7a\u011fr\u0131 Merkezini aray\u0131p yard\u0131m talep etti.<\/p>\n<p>Mahalleli kovalad\u0131, apartman sakininin kafas\u0131na sopayla vurdu<br \/>\n\u0130hbar\u0131n ard\u0131ndan b\u00f6lgeye itfaiye ve polis ekipleri sevk edildi. \u0130brahim A.&#8217;n\u0131n yakma giri\u015fiminin ba\u015far\u0131s\u0131z kalmas\u0131yla d\u00fckkanda zarar olu\u015fmazken, mahalle sakinleri etrafta onu aramaya ba\u015flad\u0131. Tekrar d\u00fckkan\u0131n bulundu\u011fu soka\u011fa gelen \u0130brahim A. ile baz\u0131 apartman sakinleri aras\u0131nda nefes kesen kovalamaca ya\u015fand\u0131. Son olarak \u0130brahim A., kendisini kovalay\u0131p \u00fczerine gelen bir vatanda\u015f\u0131n kafas\u0131na elindeki sopay\u0131 vurup ka\u00e7t\u0131.<\/p>\n<p>Kamyonette uyurken yakaland\u0131<br \/>\n\u0130hbar \u00fczerine olay yerine gelen polis ekipleri, mahallede \u0130brahim A.&#8217;y\u0131 didik didik arad\u0131 ancak izine rastlayamad\u0131. D\u00fcn sabah saatlerinde genci yakalama \u00e7al\u0131\u015fmas\u0131 tekrar ba\u015flad\u0131. B\u00f6lgeyi tarayan Muratpa\u015fa Su\u00e7 \u00d6nleme ve Soru\u015fturma B\u00fcro Amirli\u011fi ekipleri, \u0130brahim A.&#8217;y\u0131 babas\u0131na ait kamyonette uyurken yakalad\u0131. G\u00f6zalt\u0131na al\u0131n\u0131p polis merkezine g\u00f6t\u00fcr\u00fclen \u0130brahim A.&#8217;n\u0131n ilk ifadesinde su\u00e7unu itiraf ederek \u201cKap\u0131y\u0131 a\u00e7maya \u00e7al\u0131\u015ft\u0131m ancak a\u00e7amay\u0131nca yakmak istedim\u201d dedi\u011fi \u00f6\u011frenildi.<\/p>\n<p>Kaynak: www.kanalv.com.tr Haber Sitesinden Al\u0131nm\u0131\u015ft\u0131r.<\/p>","protected":false},"excerpt":{"rendered":"<p>Olay, ge\u00e7ti\u011fimiz pazartesi g\u00fcn\u00fc ak\u015fam\u0131 Muratpa\u015fa il\u00e7esi K\u0131z\u0131lsaray Mahallesi 72. Sokak&#8217;taki Tang\u00fcl Dinekli&#8217;ye ait kad\u0131n kuaf\u00f6r\u00fcnde ya\u015fand\u0131. Madde ba\u011f\u0131ml\u0131s\u0131 oldu\u011fu iddia edilen \u0130brahim A., kuaf\u00f6r i\u015fletmesinin kap\u0131s\u0131na giysi ve baz\u0131 e\u015fyalar koyup yakmaya \u00e7al\u0131\u015ft\u0131. Durumu fark eden apartman sakinleri, Dinekli&#8217;yi arayarak haber verdi. Dinekli, i\u015fletmesinin g\u00fcvenlik kameralar\u0131n\u0131 telefonundan ba\u011flan\u0131p izleyince hayat\u0131n\u0131n \u015fokunu ya\u015fad\u0131. \u0130brahim A.&#8217;n\u0131n d\u00fckkan\u0131n\u0131n kap\u0131s\u0131na baz\u0131 k\u0131yafet ve e\u015fyalar\u0131 yakmaya \u00e7al\u0131\u015ft\u0131\u011f\u0131n\u0131 g\u00f6ren gen\u00e7 kad\u0131n, 112 Acil \u00c7a\u011fr\u0131 Merkezini aray\u0131p yard\u0131m talep etti. Mahalleli kovalad\u0131, apartman sakininin kafas\u0131na sopayla vurdu \u0130hbar\u0131n ard\u0131ndan b\u00f6lgeye itfaiye ve polis ekipleri sevk edildi. \u0130brahim A.&#8217;n\u0131n yakma giri\u015fiminin ba\u015far\u0131s\u0131z kalmas\u0131yla d\u00fckkanda zarar olu\u015fmazken, mahalle sakinleri etrafta onu aramaya ba\u015flad\u0131. Tekrar d\u00fckkan\u0131n bulundu\u011fu soka\u011fa gelen \u0130brahim A. ile baz\u0131 apartman sakinleri aras\u0131nda nefes kesen kovalamaca ya\u015fand\u0131. Son olarak \u0130brahim A., kendisini kovalay\u0131p \u00fczerine gelen bir vatanda\u015f\u0131n kafas\u0131na elindeki sopay\u0131 vurup ka\u00e7t\u0131. Kamyonette uyurken yakaland\u0131 \u0130hbar \u00fczerine olay yerine gelen polis ekipleri, mahallede \u0130brahim A.&#8217;y\u0131 didik didik arad\u0131 ancak izine rastlayamad\u0131. D\u00fcn sabah saatlerinde genci yakalama \u00e7al\u0131\u015fmas\u0131 tekrar ba\u015flad\u0131. B\u00f6lgeyi tarayan Muratpa\u015fa Su\u00e7 \u00d6nleme ve Soru\u015fturma B\u00fcro Amirli\u011fi ekipleri, \u0130brahim A.&#8217;y\u0131 babas\u0131na ait kamyonette uyurken yakalad\u0131. G\u00f6zalt\u0131na al\u0131n\u0131p polis merkezine g\u00f6t\u00fcr\u00fclen \u0130brahim A.&#8217;n\u0131n ilk ifadesinde su\u00e7unu itiraf ederek \u201cKap\u0131y\u0131 a\u00e7maya \u00e7al\u0131\u015ft\u0131m ancak a\u00e7amay\u0131nca yakmak istedim\u201d dedi\u011fi &hellip;<\/p>","protected":false},"author":4,"featured_media":25468,"comment_status":"open","ping_status":"open","sticky":false,"template":"","format":"standard","meta":{"_acf_changed":false,"footnotes":""},"categories":[26],"tags":[],"class_list":["post-25467","post","type-post","status-publish","format-standard","has-post-thumbnail","hentry","category-antalya"],"acf":[],"yoast_head":"<!-- This site is optimized with the Yoast SEO Premium plugin v26.6 (Yoast SEO v27.1.1) - https:\/\/yoast.com\/product\/yoast-seo-premium-wordpress\/ -->\n<title>Kundak\u00e7\u0131 kamyonette uyurken yakaland\u0131 - Av. Deniz Can K\u0131z\u0131l<\/title>\n<meta name=\"robots\" content=\"index, follow, max-snippet:-1, max-image-preview:large, max-video-preview:-1\" \/>\n<link rel=\"canonical\" href=\"http:\/\/denizcankizil.tr\/de\/haberler\/antalya\/kundakci-kamyonette-uyurken-yakalandi\/\" \/>\n<meta property=\"og:locale\" content=\"de_DE\" \/>\n<meta property=\"og:type\" content=\"article\" \/>\n<meta property=\"og:title\" content=\"Kundak\u00e7\u0131 kamyonette uyurken yakaland\u0131\" \/>\n<meta property=\"og:description\" content=\"Olay, ge\u00e7ti\u011fimiz pazartesi g\u00fcn\u00fc ak\u015fam\u0131 Muratpa\u015fa il\u00e7esi K\u0131z\u0131lsaray Mahallesi 72. Sokak&#8217;taki Tang\u00fcl Dinekli&#8217;ye ait kad\u0131n kuaf\u00f6r\u00fcnde ya\u015fand\u0131. Madde ba\u011f\u0131ml\u0131s\u0131 oldu\u011fu iddia edilen \u0130brahim A., kuaf\u00f6r i\u015fletmesinin kap\u0131s\u0131na giysi ve baz\u0131 e\u015fyalar koyup yakmaya \u00e7al\u0131\u015ft\u0131. Durumu fark eden apartman sakinleri, Dinekli&#8217;yi arayarak haber verdi. Dinekli, i\u015fletmesinin g\u00fcvenlik kameralar\u0131n\u0131 telefonundan ba\u011flan\u0131p izleyince hayat\u0131n\u0131n \u015fokunu ya\u015fad\u0131. \u0130brahim A.&#8217;n\u0131n d\u00fckkan\u0131n\u0131n kap\u0131s\u0131na baz\u0131 k\u0131yafet ve e\u015fyalar\u0131 yakmaya \u00e7al\u0131\u015ft\u0131\u011f\u0131n\u0131 g\u00f6ren gen\u00e7 kad\u0131n, 112 Acil \u00c7a\u011fr\u0131 Merkezini aray\u0131p yard\u0131m talep etti. Mahalleli kovalad\u0131, apartman sakininin kafas\u0131na sopayla vurdu \u0130hbar\u0131n ard\u0131ndan b\u00f6lgeye itfaiye ve polis ekipleri sevk edildi. \u0130brahim A.&#8217;n\u0131n yakma giri\u015fiminin ba\u015far\u0131s\u0131z kalmas\u0131yla d\u00fckkanda zarar olu\u015fmazken, mahalle sakinleri etrafta onu aramaya ba\u015flad\u0131. Tekrar d\u00fckkan\u0131n bulundu\u011fu soka\u011fa gelen \u0130brahim A. ile baz\u0131 apartman sakinleri aras\u0131nda nefes kesen kovalamaca ya\u015fand\u0131. Son olarak \u0130brahim A., kendisini kovalay\u0131p \u00fczerine gelen bir vatanda\u015f\u0131n kafas\u0131na elindeki sopay\u0131 vurup ka\u00e7t\u0131. Kamyonette uyurken yakaland\u0131 \u0130hbar \u00fczerine olay yerine gelen polis ekipleri, mahallede \u0130brahim A.&#8217;y\u0131 didik didik arad\u0131 ancak izine rastlayamad\u0131. D\u00fcn sabah saatlerinde genci yakalama \u00e7al\u0131\u015fmas\u0131 tekrar ba\u015flad\u0131. B\u00f6lgeyi tarayan Muratpa\u015fa Su\u00e7 \u00d6nleme ve Soru\u015fturma B\u00fcro Amirli\u011fi ekipleri, \u0130brahim A.&#8217;y\u0131 babas\u0131na ait kamyonette uyurken yakalad\u0131. G\u00f6zalt\u0131na al\u0131n\u0131p polis merkezine g\u00f6t\u00fcr\u00fclen \u0130brahim A.&#8217;n\u0131n ilk ifadesinde su\u00e7unu itiraf ederek \u201cKap\u0131y\u0131 a\u00e7maya \u00e7al\u0131\u015ft\u0131m ancak a\u00e7amay\u0131nca yakmak istedim\u201d dedi\u011fi &hellip;\" \/>\n<meta property=\"og:url\" content=\"http:\/\/denizcankizil.tr\/de\/haberler\/antalya\/kundakci-kamyonette-uyurken-yakalandi\/\" \/>\n<meta property=\"og:site_name\" content=\"Av. Deniz Can K\u0131z\u0131l\" \/>\n<meta property=\"article:published_time\" content=\"2025-01-15T11:41:14+00:00\" \/>\n<meta property=\"og:image\" content=\"http:\/\/denizcankizil.tr\/wp-content\/uploads\/2025\/01\/4167-01-2G9tuD.jpeg\" \/>\n\t<meta property=\"og:image:width\" content=\"1280\" \/>\n\t<meta property=\"og:image:height\" content=\"720\" \/>\n\t<meta property=\"og:image:type\" content=\"image\/jpeg\" \/>\n<meta name=\"author\" content=\"Av. Deniz Can K\u0131z\u0131l\" \/>\n<meta name=\"twitter:card\" content=\"summary_large_image\" \/>\n<meta name=\"twitter:label1\" content=\"Verfasst von\" \/>\n\t<meta name=\"twitter:data1\" content=\"Av. Deniz Can K\u0131z\u0131l\" \/>\n\t<meta name=\"twitter:label2\" content=\"Gesch\u00e4tzte Lesezeit\" \/>\n\t<meta name=\"twitter:data2\" content=\"2\u00a0Minuten\" \/>\n<script type=\"application\/ld+json\" class=\"yoast-schema-graph\">{\"@context\":\"https:\/\/schema.org\",\"@graph\":[{\"@type\":\"Article\",\"@id\":\"http:\/\/denizcankizil.tr\/de\/haberler\/antalya\/kundakci-kamyonette-uyurken-yakalandi\/#article\",\"isPartOf\":{\"@id\":\"http:\/\/denizcankizil.tr\/de\/haberler\/antalya\/kundakci-kamyonette-uyurken-yakalandi\/\"},\"author\":{\"name\":\"Av. Deniz Can K\u0131z\u0131l\",\"@id\":\"https:\/\/denizcankizil.tr\/#\/schema\/person\/5dc1b22991bd7ac833867c10afc9b0ff\"},\"headline\":\"Kundak\u00e7\u0131 kamyonette uyurken yakaland\u0131\",\"datePublished\":\"2025-01-15T11:41:14+00:00\",\"mainEntityOfPage\":{\"@id\":\"http:\/\/denizcankizil.tr\/de\/haberler\/antalya\/kundakci-kamyonette-uyurken-yakalandi\/\"},\"wordCount\":315,\"commentCount\":0,\"publisher\":{\"@id\":\"https:\/\/denizcankizil.tr\/#organization\"},\"image\":{\"@id\":\"http:\/\/denizcankizil.tr\/de\/haberler\/antalya\/kundakci-kamyonette-uyurken-yakalandi\/#primaryimage\"},\"thumbnailUrl\":\"http:\/\/denizcankizil.tr\/wp-content\/uploads\/2025\/01\/4167-01-2G9tuD.jpeg\",\"articleSection\":[\"Antalya\"],\"inLanguage\":\"de\",\"potentialAction\":[{\"@type\":\"CommentAction\",\"name\":\"Comment\",\"target\":[\"http:\/\/denizcankizil.tr\/de\/haberler\/antalya\/kundakci-kamyonette-uyurken-yakalandi\/#respond\"]}]},{\"@type\":\"WebPage\",\"@id\":\"http:\/\/denizcankizil.tr\/de\/haberler\/antalya\/kundakci-kamyonette-uyurken-yakalandi\/\",\"url\":\"http:\/\/denizcankizil.tr\/de\/haberler\/antalya\/kundakci-kamyonette-uyurken-yakalandi\/\",\"name\":\"Kundak\u00e7\u0131 kamyonette uyurken yakaland\u0131 - Av. Deniz Can K\u0131z\u0131l\",\"isPartOf\":{\"@id\":\"https:\/\/denizcankizil.tr\/#website\"},\"primaryImageOfPage\":{\"@id\":\"http:\/\/denizcankizil.tr\/de\/haberler\/antalya\/kundakci-kamyonette-uyurken-yakalandi\/#primaryimage\"},\"image\":{\"@id\":\"http:\/\/denizcankizil.tr\/de\/haberler\/antalya\/kundakci-kamyonette-uyurken-yakalandi\/#primaryimage\"},\"thumbnailUrl\":\"http:\/\/denizcankizil.tr\/wp-content\/uploads\/2025\/01\/4167-01-2G9tuD.jpeg\",\"datePublished\":\"2025-01-15T11:41:14+00:00\",\"breadcrumb\":{\"@id\":\"http:\/\/denizcankizil.tr\/de\/haberler\/antalya\/kundakci-kamyonette-uyurken-yakalandi\/#breadcrumb\"},\"inLanguage\":\"de\",\"potentialAction\":[{\"@type\":\"ReadAction\",\"target\":[\"http:\/\/denizcankizil.tr\/de\/haberler\/antalya\/kundakci-kamyonette-uyurken-yakalandi\/\"]}]},{\"@type\":\"ImageObject\",\"inLanguage\":\"de\",\"@id\":\"http:\/\/denizcankizil.tr\/de\/haberler\/antalya\/kundakci-kamyonette-uyurken-yakalandi\/#primaryimage\",\"url\":\"http:\/\/denizcankizil.tr\/wp-content\/uploads\/2025\/01\/4167-01-2G9tuD.jpeg\",\"contentUrl\":\"http:\/\/denizcankizil.tr\/wp-content\/uploads\/2025\/01\/4167-01-2G9tuD.jpeg\",\"width\":1280,\"height\":720},{\"@type\":\"BreadcrumbList\",\"@id\":\"http:\/\/denizcankizil.tr\/de\/haberler\/antalya\/kundakci-kamyonette-uyurken-yakalandi\/#breadcrumb\",\"itemListElement\":[{\"@type\":\"ListItem\",\"position\":1,\"name\":\"Home\",\"item\":\"https:\/\/denizcankizil.tr\/de\/\"},{\"@type\":\"ListItem\",\"position\":2,\"name\":\"Kundak\u00e7\u0131 kamyonette uyurken yakaland\u0131\"}]},{\"@type\":\"WebSite\",\"@id\":\"https:\/\/denizcankizil.tr\/#website\",\"url\":\"https:\/\/denizcankizil.tr\/\",\"name\":\"Av. Deniz Can K\u0131z\u0131l\",\"description\":\"Avukat Deniz Can K\u0131z\u0131l Antalya Barosu\",\"publisher\":{\"@id\":\"https:\/\/denizcankizil.tr\/#organization\"},\"potentialAction\":[{\"@type\":\"SearchAction\",\"target\":{\"@type\":\"EntryPoint\",\"urlTemplate\":\"https:\/\/denizcankizil.tr\/?s={search_term_string}\"},\"query-input\":{\"@type\":\"PropertyValueSpecification\",\"valueRequired\":true,\"valueName\":\"search_term_string\"}}],\"inLanguage\":\"de\"},{\"@type\":\"Organization\",\"@id\":\"https:\/\/denizcankizil.tr\/#organization\",\"name\":\"Av. Deniz Can K\u0131z\u0131l\",\"url\":\"https:\/\/denizcankizil.tr\/\",\"logo\":{\"@type\":\"ImageObject\",\"inLanguage\":\"de\",\"@id\":\"https:\/\/denizcankizil.tr\/#\/schema\/logo\/image\/\",\"url\":\"http:\/\/denizcankizil.tr\/wp-content\/uploads\/2024\/10\/siyah-logo-svg.svg\",\"contentUrl\":\"http:\/\/denizcankizil.tr\/wp-content\/uploads\/2024\/10\/siyah-logo-svg.svg\",\"width\":1080,\"height\":1080,\"caption\":\"Av. Deniz Can K\u0131z\u0131l\"},\"image\":{\"@id\":\"https:\/\/denizcankizil.tr\/#\/schema\/logo\/image\/\"}},{\"@type\":\"Person\",\"@id\":\"https:\/\/denizcankizil.tr\/#\/schema\/person\/5dc1b22991bd7ac833867c10afc9b0ff\",\"name\":\"Av. Deniz Can K\u0131z\u0131l\",\"image\":{\"@type\":\"ImageObject\",\"inLanguage\":\"de\",\"@id\":\"https:\/\/denizcankizil.tr\/#\/schema\/person\/image\/\",\"url\":\"https:\/\/secure.gravatar.com\/avatar\/a0b128fb9855c79efc976d5640eedb31dc35ec297594d6016d2cf7c60e975bb6?s=96&d=mm&r=g\",\"contentUrl\":\"https:\/\/secure.gravatar.com\/avatar\/a0b128fb9855c79efc976d5640eedb31dc35ec297594d6016d2cf7c60e975bb6?s=96&d=mm&r=g\",\"caption\":\"Av. Deniz Can K\u0131z\u0131l\"},\"sameAs\":[\"http:\/\/www.denizcankizil.tr\"],\"url\":\"http:\/\/denizcankizil.tr\/de\/author\/denizcankizil\/\"}]}<\/script>\n<!-- \/ Yoast SEO Premium plugin. -->","yoast_head_json":{"title":"Kundak\u00e7\u0131 kamyonette uyurken yakaland\u0131 - Av. Deniz Can K\u0131z\u0131l","robots":{"index":"index","follow":"follow","max-snippet":"max-snippet:-1","max-image-preview":"max-image-preview:large","max-video-preview":"max-video-preview:-1"},"canonical":"http:\/\/denizcankizil.tr\/de\/haberler\/antalya\/kundakci-kamyonette-uyurken-yakalandi\/","og_locale":"de_DE","og_type":"article","og_title":"Kundak\u00e7\u0131 kamyonette uyurken yakaland\u0131","og_description":"Olay, ge\u00e7ti\u011fimiz pazartesi g\u00fcn\u00fc ak\u015fam\u0131 Muratpa\u015fa il\u00e7esi K\u0131z\u0131lsaray Mahallesi 72. Sokak&#8217;taki Tang\u00fcl Dinekli&#8217;ye ait kad\u0131n kuaf\u00f6r\u00fcnde ya\u015fand\u0131. Madde ba\u011f\u0131ml\u0131s\u0131 oldu\u011fu iddia edilen \u0130brahim A., kuaf\u00f6r i\u015fletmesinin kap\u0131s\u0131na giysi ve baz\u0131 e\u015fyalar koyup yakmaya \u00e7al\u0131\u015ft\u0131. Durumu fark eden apartman sakinleri, Dinekli&#8217;yi arayarak haber verdi. Dinekli, i\u015fletmesinin g\u00fcvenlik kameralar\u0131n\u0131 telefonundan ba\u011flan\u0131p izleyince hayat\u0131n\u0131n \u015fokunu ya\u015fad\u0131. \u0130brahim A.&#8217;n\u0131n d\u00fckkan\u0131n\u0131n kap\u0131s\u0131na baz\u0131 k\u0131yafet ve e\u015fyalar\u0131 yakmaya \u00e7al\u0131\u015ft\u0131\u011f\u0131n\u0131 g\u00f6ren gen\u00e7 kad\u0131n, 112 Acil \u00c7a\u011fr\u0131 Merkezini aray\u0131p yard\u0131m talep etti. Mahalleli kovalad\u0131, apartman sakininin kafas\u0131na sopayla vurdu \u0130hbar\u0131n ard\u0131ndan b\u00f6lgeye itfaiye ve polis ekipleri sevk edildi. \u0130brahim A.&#8217;n\u0131n yakma giri\u015fiminin ba\u015far\u0131s\u0131z kalmas\u0131yla d\u00fckkanda zarar olu\u015fmazken, mahalle sakinleri etrafta onu aramaya ba\u015flad\u0131. Tekrar d\u00fckkan\u0131n bulundu\u011fu soka\u011fa gelen \u0130brahim A. ile baz\u0131 apartman sakinleri aras\u0131nda nefes kesen kovalamaca ya\u015fand\u0131. Son olarak \u0130brahim A., kendisini kovalay\u0131p \u00fczerine gelen bir vatanda\u015f\u0131n kafas\u0131na elindeki sopay\u0131 vurup ka\u00e7t\u0131. Kamyonette uyurken yakaland\u0131 \u0130hbar \u00fczerine olay yerine gelen polis ekipleri, mahallede \u0130brahim A.&#8217;y\u0131 didik didik arad\u0131 ancak izine rastlayamad\u0131. D\u00fcn sabah saatlerinde genci yakalama \u00e7al\u0131\u015fmas\u0131 tekrar ba\u015flad\u0131. B\u00f6lgeyi tarayan Muratpa\u015fa Su\u00e7 \u00d6nleme ve Soru\u015fturma B\u00fcro Amirli\u011fi ekipleri, \u0130brahim A.&#8217;y\u0131 babas\u0131na ait kamyonette uyurken yakalad\u0131. G\u00f6zalt\u0131na al\u0131n\u0131p polis merkezine g\u00f6t\u00fcr\u00fclen \u0130brahim A.&#8217;n\u0131n ilk ifadesinde su\u00e7unu itiraf ederek \u201cKap\u0131y\u0131 a\u00e7maya \u00e7al\u0131\u015ft\u0131m ancak a\u00e7amay\u0131nca yakmak istedim\u201d dedi\u011fi &hellip;","og_url":"http:\/\/denizcankizil.tr\/de\/haberler\/antalya\/kundakci-kamyonette-uyurken-yakalandi\/","og_site_name":"Av. Deniz Can K\u0131z\u0131l","article_published_time":"2025-01-15T11:41:14+00:00","og_image":[{"width":1280,"height":720,"url":"http:\/\/denizcankizil.tr\/wp-content\/uploads\/2025\/01\/4167-01-2G9tuD.jpeg","type":"image\/jpeg"}],"author":"Av. Deniz Can K\u0131z\u0131l","twitter_card":"summary_large_image","twitter_misc":{"Verfasst von":"Av. Deniz Can K\u0131z\u0131l","Gesch\u00e4tzte Lesezeit":"2\u00a0Minuten"},"schema":{"@context":"https:\/\/schema.org","@graph":[{"@type":"Article","@id":"http:\/\/denizcankizil.tr\/de\/haberler\/antalya\/kundakci-kamyonette-uyurken-yakalandi\/#article","isPartOf":{"@id":"http:\/\/denizcankizil.tr\/de\/haberler\/antalya\/kundakci-kamyonette-uyurken-yakalandi\/"},"author":{"name":"Av. Deniz Can K\u0131z\u0131l","@id":"https:\/\/denizcankizil.tr\/#\/schema\/person\/5dc1b22991bd7ac833867c10afc9b0ff"},"headline":"Kundak\u00e7\u0131 kamyonette uyurken yakaland\u0131","datePublished":"2025-01-15T11:41:14+00:00","mainEntityOfPage":{"@id":"http:\/\/denizcankizil.tr\/de\/haberler\/antalya\/kundakci-kamyonette-uyurken-yakalandi\/"},"wordCount":315,"commentCount":0,"publisher":{"@id":"https:\/\/denizcankizil.tr\/#organization"},"image":{"@id":"http:\/\/denizcankizil.tr\/de\/haberler\/antalya\/kundakci-kamyonette-uyurken-yakalandi\/#primaryimage"},"thumbnailUrl":"http:\/\/denizcankizil.tr\/wp-content\/uploads\/2025\/01\/4167-01-2G9tuD.jpeg","articleSection":["Antalya"],"inLanguage":"de","potentialAction":[{"@type":"CommentAction","name":"Comment","target":["http:\/\/denizcankizil.tr\/de\/haberler\/antalya\/kundakci-kamyonette-uyurken-yakalandi\/#respond"]}]},{"@type":"WebPage","@id":"http:\/\/denizcankizil.tr\/de\/haberler\/antalya\/kundakci-kamyonette-uyurken-yakalandi\/","url":"http:\/\/denizcankizil.tr\/de\/haberler\/antalya\/kundakci-kamyonette-uyurken-yakalandi\/","name":"Kundak\u00e7\u0131 kamyonette uyurken yakaland\u0131 - Av. Deniz Can K\u0131z\u0131l","isPartOf":{"@id":"https:\/\/denizcankizil.tr\/#website"},"primaryImageOfPage":{"@id":"http:\/\/denizcankizil.tr\/de\/haberler\/antalya\/kundakci-kamyonette-uyurken-yakalandi\/#primaryimage"},"image":{"@id":"http:\/\/denizcankizil.tr\/de\/haberler\/antalya\/kundakci-kamyonette-uyurken-yakalandi\/#primaryimage"},"thumbnailUrl":"http:\/\/denizcankizil.tr\/wp-content\/uploads\/2025\/01\/4167-01-2G9tuD.jpeg","datePublished":"2025-01-15T11:41:14+00:00","breadcrumb":{"@id":"http:\/\/denizcankizil.tr\/de\/haberler\/antalya\/kundakci-kamyonette-uyurken-yakalandi\/#breadcrumb"},"inLanguage":"de","potentialAction":[{"@type":"ReadAction","target":["http:\/\/denizcankizil.tr\/de\/haberler\/antalya\/kundakci-kamyonette-uyurken-yakalandi\/"]}]},{"@type":"ImageObject","inLanguage":"de","@id":"http:\/\/denizcankizil.tr\/de\/haberler\/antalya\/kundakci-kamyonette-uyurken-yakalandi\/#primaryimage","url":"http:\/\/denizcankizil.tr\/wp-content\/uploads\/2025\/01\/4167-01-2G9tuD.jpeg","contentUrl":"http:\/\/denizcankizil.tr\/wp-content\/uploads\/2025\/01\/4167-01-2G9tuD.jpeg","width":1280,"height":720},{"@type":"BreadcrumbList","@id":"http:\/\/denizcankizil.tr\/de\/haberler\/antalya\/kundakci-kamyonette-uyurken-yakalandi\/#breadcrumb","itemListElement":[{"@type":"ListItem","position":1,"name":"Home","item":"https:\/\/denizcankizil.tr\/de\/"},{"@type":"ListItem","position":2,"name":"Kundak\u00e7\u0131 kamyonette uyurken yakaland\u0131"}]},{"@type":"WebSite","@id":"https:\/\/denizcankizil.tr\/#website","url":"https:\/\/denizcankizil.tr\/","name":"Av. Deniz Can K\u0131z\u0131l","description":"Avukat Deniz Can K\u0131z\u0131l Antalya Barosu","publisher":{"@id":"https:\/\/denizcankizil.tr\/#organization"},"potentialAction":[{"@type":"SearchAction","target":{"@type":"EntryPoint","urlTemplate":"https:\/\/denizcankizil.tr\/?s={search_term_string}"},"query-input":{"@type":"PropertyValueSpecification","valueRequired":true,"valueName":"search_term_string"}}],"inLanguage":"de"},{"@type":"Organization","@id":"https:\/\/denizcankizil.tr\/#organization","name":"Av. Deniz Can K\u0131z\u0131l","url":"https:\/\/denizcankizil.tr\/","logo":{"@type":"ImageObject","inLanguage":"de","@id":"https:\/\/denizcankizil.tr\/#\/schema\/logo\/image\/","url":"http:\/\/denizcankizil.tr\/wp-content\/uploads\/2024\/10\/siyah-logo-svg.svg","contentUrl":"http:\/\/denizcankizil.tr\/wp-content\/uploads\/2024\/10\/siyah-logo-svg.svg","width":1080,"height":1080,"caption":"Av. Deniz Can K\u0131z\u0131l"},"image":{"@id":"https:\/\/denizcankizil.tr\/#\/schema\/logo\/image\/"}},{"@type":"Person","@id":"https:\/\/denizcankizil.tr\/#\/schema\/person\/5dc1b22991bd7ac833867c10afc9b0ff","name":"Av. Deniz Can K\u0131z\u0131l","image":{"@type":"ImageObject","inLanguage":"de","@id":"https:\/\/denizcankizil.tr\/#\/schema\/person\/image\/","url":"https:\/\/secure.gravatar.com\/avatar\/a0b128fb9855c79efc976d5640eedb31dc35ec297594d6016d2cf7c60e975bb6?s=96&d=mm&r=g","contentUrl":"https:\/\/secure.gravatar.com\/avatar\/a0b128fb9855c79efc976d5640eedb31dc35ec297594d6016d2cf7c60e975bb6?s=96&d=mm&r=g","caption":"Av. Deniz Can K\u0131z\u0131l"},"sameAs":["http:\/\/www.denizcankizil.tr"],"url":"http:\/\/denizcankizil.tr\/de\/author\/denizcankizil\/"}]}},"_links":{"self":[{"href":"http:\/\/denizcankizil.tr\/de\/wp-json\/wp\/v2\/posts\/25467","targetHints":{"allow":["GET"]}}],"collection":[{"href":"http:\/\/denizcankizil.tr\/de\/wp-json\/wp\/v2\/posts"}],"about":[{"href":"http:\/\/denizcankizil.tr\/de\/wp-json\/wp\/v2\/types\/post"}],"author":[{"embeddable":true,"href":"http:\/\/denizcankizil.tr\/de\/wp-json\/wp\/v2\/users\/4"}],"replies":[{"embeddable":true,"href":"http:\/\/denizcankizil.tr\/de\/wp-json\/wp\/v2\/comments?post=25467"}],"version-history":[{"count":0,"href":"http:\/\/denizcankizil.tr\/de\/wp-json\/wp\/v2\/posts\/25467\/revisions"}],"wp:featuredmedia":[{"embeddable":true,"href":"http:\/\/denizcankizil.tr\/de\/wp-json\/wp\/v2\/media\/25468"}],"wp:attachment":[{"href":"http:\/\/denizcankizil.tr\/de\/wp-json\/wp\/v2\/media?parent=25467"}],"wp:term":[{"taxonomy":"category","embeddable":true,"href":"http:\/\/denizcankizil.tr\/de\/wp-json\/wp\/v2\/categories?post=25467"},{"taxonomy":"post_tag","embeddable":true,"href":"http:\/\/denizcankizil.tr\/de\/wp-json\/wp\/v2\/tags?post=25467"}],"curies":[{"name":"wp","href":"https:\/\/api.w.org\/{rel}","templated":true}]}}