{"id":25271,"date":"2025-01-14T17:41:42","date_gmt":"2025-01-14T14:41:42","guid":{"rendered":"https:\/\/denizcankizil.tr\/uncategorized-tr\/antalyada-motosiklet-hirsizliklarina-operasyon\/"},"modified":"2025-01-14T17:41:42","modified_gmt":"2025-01-14T14:41:42","slug":"antalyada-motosiklet-hirsizliklarina-operasyon","status":"publish","type":"post","link":"http:\/\/denizcankizil.tr\/de\/haberler\/antalya\/antalyada-motosiklet-hirsizliklarina-operasyon\/","title":{"rendered":"Antalya&#8217;da motosiklet h\u0131rs\u0131zl\u0131klar\u0131na operasyon"},"content":{"rendered":"<p>Antalya \u0130l Emniyet M\u00fcd\u00fcrl\u00fc\u011f\u00fc, il genelinde motosiklet h\u0131rs\u0131zl\u0131klar\u0131 ve motosikletlerin kar\u0131\u015ft\u0131\u011f\u0131 su\u00e7lar\u0131 \u00f6nlemek amac\u0131yla kapsaml\u0131 bir uygulama ger\u00e7ekle\u015ftirdi. Asayi\u015f \u015eube M\u00fcd\u00fcrl\u00fc\u011f\u00fc koordinesinde yap\u0131lan uygulama, 69 ekip ve 157 personelin kat\u0131l\u0131m\u0131yla 24 noktada d\u00fczenlendi. Uygulama kapsam\u0131nda bin 66 \u015fah\u0131s sorguland\u0131, 638 motosiklet ve 191 ara\u00e7 kontrol edildi, 31 i\u015fyeri denetlendi. \u00c7al\u0131\u015fmalar sonucunda, 17 aranan \u015fah\u0131s yakaland\u0131, 5 \u00e7al\u0131nt\u0131 ve hacizli motosiklete el konuldu. Ayr\u0131ca, 4 ruhsats\u0131z ve 1 kurus\u0131k\u0131 tabanca ele ge\u00e7irildi, 193 araca idari para cezas\u0131 uyguland\u0131 ve 3 motosiklet trafikten men edildi.<\/p>\n<p>Kaynak: www.kanalv.com.tr Haber Sitesinden Al\u0131nm\u0131\u015ft\u0131r.<\/p>","protected":false},"excerpt":{"rendered":"<p>Antalya \u0130l Emniyet M\u00fcd\u00fcrl\u00fc\u011f\u00fc, il genelinde motosiklet h\u0131rs\u0131zl\u0131klar\u0131 ve motosikletlerin kar\u0131\u015ft\u0131\u011f\u0131 su\u00e7lar\u0131 \u00f6nlemek amac\u0131yla kapsaml\u0131 bir uygulama ger\u00e7ekle\u015ftirdi. Asayi\u015f \u015eube M\u00fcd\u00fcrl\u00fc\u011f\u00fc koordinesinde yap\u0131lan uygulama, 69 ekip ve 157 personelin kat\u0131l\u0131m\u0131yla 24 noktada d\u00fczenlendi. Uygulama kapsam\u0131nda bin 66 \u015fah\u0131s sorguland\u0131, 638 motosiklet ve 191 ara\u00e7 kontrol edildi, 31 i\u015fyeri denetlendi. \u00c7al\u0131\u015fmalar sonucunda, 17 aranan \u015fah\u0131s yakaland\u0131, 5 \u00e7al\u0131nt\u0131 ve hacizli motosiklete el konuldu. Ayr\u0131ca, 4 ruhsats\u0131z ve 1 kurus\u0131k\u0131 tabanca ele ge\u00e7irildi, 193 araca idari para cezas\u0131 uyguland\u0131 ve 3 motosiklet trafikten men edildi. Kaynak: www.kanalv.com.tr Haber Sitesinden Al\u0131nm\u0131\u015ft\u0131r.<\/p>","protected":false},"author":4,"featured_media":25272,"comment_status":"open","ping_status":"open","sticky":false,"template":"","format":"standard","meta":{"_acf_changed":false,"footnotes":""},"categories":[26],"tags":[],"class_list":["post-25271","post","type-post","status-publish","format-standard","has-post-thumbnail","hentry","category-antalya"],"acf":[],"yoast_head":"<!-- This site is optimized with the Yoast SEO Premium plugin v26.6 (Yoast SEO v27.1.1) - https:\/\/yoast.com\/product\/yoast-seo-premium-wordpress\/ -->\n<title>Antalya&#039;da motosiklet h\u0131rs\u0131zl\u0131klar\u0131na operasyon - Av. Deniz Can K\u0131z\u0131l<\/title>\n<meta name=\"robots\" content=\"index, follow, max-snippet:-1, max-image-preview:large, max-video-preview:-1\" \/>\n<link rel=\"canonical\" href=\"http:\/\/denizcankizil.tr\/de\/haberler\/antalya\/antalyada-motosiklet-hirsizliklarina-operasyon\/\" \/>\n<meta property=\"og:locale\" content=\"de_DE\" \/>\n<meta property=\"og:type\" content=\"article\" \/>\n<meta property=\"og:title\" content=\"Antalya&#039;da motosiklet h\u0131rs\u0131zl\u0131klar\u0131na operasyon\" \/>\n<meta property=\"og:description\" content=\"Antalya \u0130l Emniyet M\u00fcd\u00fcrl\u00fc\u011f\u00fc, il genelinde motosiklet h\u0131rs\u0131zl\u0131klar\u0131 ve motosikletlerin kar\u0131\u015ft\u0131\u011f\u0131 su\u00e7lar\u0131 \u00f6nlemek amac\u0131yla kapsaml\u0131 bir uygulama ger\u00e7ekle\u015ftirdi. Asayi\u015f \u015eube M\u00fcd\u00fcrl\u00fc\u011f\u00fc koordinesinde yap\u0131lan uygulama, 69 ekip ve 157 personelin kat\u0131l\u0131m\u0131yla 24 noktada d\u00fczenlendi. Uygulama kapsam\u0131nda bin 66 \u015fah\u0131s sorguland\u0131, 638 motosiklet ve 191 ara\u00e7 kontrol edildi, 31 i\u015fyeri denetlendi. \u00c7al\u0131\u015fmalar sonucunda, 17 aranan \u015fah\u0131s yakaland\u0131, 5 \u00e7al\u0131nt\u0131 ve hacizli motosiklete el konuldu. Ayr\u0131ca, 4 ruhsats\u0131z ve 1 kurus\u0131k\u0131 tabanca ele ge\u00e7irildi, 193 araca idari para cezas\u0131 uyguland\u0131 ve 3 motosiklet trafikten men edildi. Kaynak: www.kanalv.com.tr Haber Sitesinden Al\u0131nm\u0131\u015ft\u0131r.\" \/>\n<meta property=\"og:url\" content=\"http:\/\/denizcankizil.tr\/de\/haberler\/antalya\/antalyada-motosiklet-hirsizliklarina-operasyon\/\" \/>\n<meta property=\"og:site_name\" content=\"Av. Deniz Can K\u0131z\u0131l\" \/>\n<meta property=\"article:published_time\" content=\"2025-01-14T14:41:42+00:00\" \/>\n<meta property=\"og:image\" content=\"http:\/\/denizcankizil.tr\/wp-content\/uploads\/2025\/01\/4149-01-NX05qw.jpeg\" \/>\n\t<meta property=\"og:image:width\" content=\"1280\" \/>\n\t<meta property=\"og:image:height\" content=\"720\" \/>\n\t<meta property=\"og:image:type\" content=\"image\/jpeg\" \/>\n<meta name=\"author\" content=\"Av. Deniz Can K\u0131z\u0131l\" \/>\n<meta name=\"twitter:card\" content=\"summary_large_image\" \/>\n<meta name=\"twitter:label1\" content=\"Verfasst von\" \/>\n\t<meta name=\"twitter:data1\" content=\"Av. Deniz Can K\u0131z\u0131l\" \/>\n\t<meta name=\"twitter:label2\" content=\"Gesch\u00e4tzte Lesezeit\" \/>\n\t<meta name=\"twitter:data2\" content=\"1\u00a0Minute\" \/>\n<script type=\"application\/ld+json\" class=\"yoast-schema-graph\">{\"@context\":\"https:\/\/schema.org\",\"@graph\":[{\"@type\":\"Article\",\"@id\":\"http:\/\/denizcankizil.tr\/de\/haberler\/antalya\/antalyada-motosiklet-hirsizliklarina-operasyon\/#article\",\"isPartOf\":{\"@id\":\"http:\/\/denizcankizil.tr\/de\/haberler\/antalya\/antalyada-motosiklet-hirsizliklarina-operasyon\/\"},\"author\":{\"name\":\"Av. Deniz Can K\u0131z\u0131l\",\"@id\":\"https:\/\/denizcankizil.tr\/de\/#\/schema\/person\/5dc1b22991bd7ac833867c10afc9b0ff\"},\"headline\":\"Antalya&#8217;da motosiklet h\u0131rs\u0131zl\u0131klar\u0131na operasyon\",\"datePublished\":\"2025-01-14T14:41:42+00:00\",\"mainEntityOfPage\":{\"@id\":\"http:\/\/denizcankizil.tr\/de\/haberler\/antalya\/antalyada-motosiklet-hirsizliklarina-operasyon\/\"},\"wordCount\":117,\"commentCount\":0,\"publisher\":{\"@id\":\"https:\/\/denizcankizil.tr\/de\/#organization\"},\"image\":{\"@id\":\"http:\/\/denizcankizil.tr\/de\/haberler\/antalya\/antalyada-motosiklet-hirsizliklarina-operasyon\/#primaryimage\"},\"thumbnailUrl\":\"http:\/\/denizcankizil.tr\/wp-content\/uploads\/2025\/01\/4149-01-NX05qw.jpeg\",\"articleSection\":[\"Antalya\"],\"inLanguage\":\"de\",\"potentialAction\":[{\"@type\":\"CommentAction\",\"name\":\"Comment\",\"target\":[\"http:\/\/denizcankizil.tr\/de\/haberler\/antalya\/antalyada-motosiklet-hirsizliklarina-operasyon\/#respond\"]}]},{\"@type\":\"WebPage\",\"@id\":\"http:\/\/denizcankizil.tr\/de\/haberler\/antalya\/antalyada-motosiklet-hirsizliklarina-operasyon\/\",\"url\":\"http:\/\/denizcankizil.tr\/de\/haberler\/antalya\/antalyada-motosiklet-hirsizliklarina-operasyon\/\",\"name\":\"Antalya'da motosiklet h\u0131rs\u0131zl\u0131klar\u0131na operasyon - Av. Deniz Can K\u0131z\u0131l\",\"isPartOf\":{\"@id\":\"https:\/\/denizcankizil.tr\/de\/#website\"},\"primaryImageOfPage\":{\"@id\":\"http:\/\/denizcankizil.tr\/de\/haberler\/antalya\/antalyada-motosiklet-hirsizliklarina-operasyon\/#primaryimage\"},\"image\":{\"@id\":\"http:\/\/denizcankizil.tr\/de\/haberler\/antalya\/antalyada-motosiklet-hirsizliklarina-operasyon\/#primaryimage\"},\"thumbnailUrl\":\"http:\/\/denizcankizil.tr\/wp-content\/uploads\/2025\/01\/4149-01-NX05qw.jpeg\",\"datePublished\":\"2025-01-14T14:41:42+00:00\",\"breadcrumb\":{\"@id\":\"http:\/\/denizcankizil.tr\/de\/haberler\/antalya\/antalyada-motosiklet-hirsizliklarina-operasyon\/#breadcrumb\"},\"inLanguage\":\"de\",\"potentialAction\":[{\"@type\":\"ReadAction\",\"target\":[\"http:\/\/denizcankizil.tr\/de\/haberler\/antalya\/antalyada-motosiklet-hirsizliklarina-operasyon\/\"]}]},{\"@type\":\"ImageObject\",\"inLanguage\":\"de\",\"@id\":\"http:\/\/denizcankizil.tr\/de\/haberler\/antalya\/antalyada-motosiklet-hirsizliklarina-operasyon\/#primaryimage\",\"url\":\"http:\/\/denizcankizil.tr\/wp-content\/uploads\/2025\/01\/4149-01-NX05qw.jpeg\",\"contentUrl\":\"http:\/\/denizcankizil.tr\/wp-content\/uploads\/2025\/01\/4149-01-NX05qw.jpeg\",\"width\":1280,\"height\":720},{\"@type\":\"BreadcrumbList\",\"@id\":\"http:\/\/denizcankizil.tr\/de\/haberler\/antalya\/antalyada-motosiklet-hirsizliklarina-operasyon\/#breadcrumb\",\"itemListElement\":[{\"@type\":\"ListItem\",\"position\":1,\"name\":\"Home\",\"item\":\"https:\/\/denizcankizil.tr\/de\/\"},{\"@type\":\"ListItem\",\"position\":2,\"name\":\"Antalya&#8217;da motosiklet h\u0131rs\u0131zl\u0131klar\u0131na operasyon\"}]},{\"@type\":\"WebSite\",\"@id\":\"https:\/\/denizcankizil.tr\/de\/#website\",\"url\":\"https:\/\/denizcankizil.tr\/de\/\",\"name\":\"Av. Deniz Can K\u0131z\u0131l\",\"description\":\"Avukat Deniz Can K\u0131z\u0131l Antalya Barosu\",\"publisher\":{\"@id\":\"https:\/\/denizcankizil.tr\/de\/#organization\"},\"potentialAction\":[{\"@type\":\"SearchAction\",\"target\":{\"@type\":\"EntryPoint\",\"urlTemplate\":\"https:\/\/denizcankizil.tr\/de\/?s={search_term_string}\"},\"query-input\":{\"@type\":\"PropertyValueSpecification\",\"valueRequired\":true,\"valueName\":\"search_term_string\"}}],\"inLanguage\":\"de\"},{\"@type\":\"Organization\",\"@id\":\"https:\/\/denizcankizil.tr\/de\/#organization\",\"name\":\"Av. Deniz Can K\u0131z\u0131l\",\"url\":\"https:\/\/denizcankizil.tr\/de\/\",\"logo\":{\"@type\":\"ImageObject\",\"inLanguage\":\"de\",\"@id\":\"https:\/\/denizcankizil.tr\/de\/#\/schema\/logo\/image\/\",\"url\":\"http:\/\/denizcankizil.tr\/wp-content\/uploads\/2024\/10\/siyah-logo-svg.svg\",\"contentUrl\":\"http:\/\/denizcankizil.tr\/wp-content\/uploads\/2024\/10\/siyah-logo-svg.svg\",\"width\":1080,\"height\":1080,\"caption\":\"Av. Deniz Can K\u0131z\u0131l\"},\"image\":{\"@id\":\"https:\/\/denizcankizil.tr\/de\/#\/schema\/logo\/image\/\"}},{\"@type\":\"Person\",\"@id\":\"https:\/\/denizcankizil.tr\/de\/#\/schema\/person\/5dc1b22991bd7ac833867c10afc9b0ff\",\"name\":\"Av. Deniz Can K\u0131z\u0131l\",\"image\":{\"@type\":\"ImageObject\",\"inLanguage\":\"de\",\"@id\":\"https:\/\/denizcankizil.tr\/de\/#\/schema\/person\/image\/\",\"url\":\"https:\/\/secure.gravatar.com\/avatar\/a0b128fb9855c79efc976d5640eedb31dc35ec297594d6016d2cf7c60e975bb6?s=96&d=mm&r=g\",\"contentUrl\":\"https:\/\/secure.gravatar.com\/avatar\/a0b128fb9855c79efc976d5640eedb31dc35ec297594d6016d2cf7c60e975bb6?s=96&d=mm&r=g\",\"caption\":\"Av. Deniz Can K\u0131z\u0131l\"},\"sameAs\":[\"http:\/\/www.denizcankizil.tr\"],\"url\":\"http:\/\/denizcankizil.tr\/de\/author\/denizcankizil\/\"}]}<\/script>\n<!-- \/ Yoast SEO Premium plugin. -->","yoast_head_json":{"title":"Antalya'da motosiklet h\u0131rs\u0131zl\u0131klar\u0131na operasyon - Av. Deniz Can K\u0131z\u0131l","robots":{"index":"index","follow":"follow","max-snippet":"max-snippet:-1","max-image-preview":"max-image-preview:large","max-video-preview":"max-video-preview:-1"},"canonical":"http:\/\/denizcankizil.tr\/de\/haberler\/antalya\/antalyada-motosiklet-hirsizliklarina-operasyon\/","og_locale":"de_DE","og_type":"article","og_title":"Antalya'da motosiklet h\u0131rs\u0131zl\u0131klar\u0131na operasyon","og_description":"Antalya \u0130l Emniyet M\u00fcd\u00fcrl\u00fc\u011f\u00fc, il genelinde motosiklet h\u0131rs\u0131zl\u0131klar\u0131 ve motosikletlerin kar\u0131\u015ft\u0131\u011f\u0131 su\u00e7lar\u0131 \u00f6nlemek amac\u0131yla kapsaml\u0131 bir uygulama ger\u00e7ekle\u015ftirdi. Asayi\u015f \u015eube M\u00fcd\u00fcrl\u00fc\u011f\u00fc koordinesinde yap\u0131lan uygulama, 69 ekip ve 157 personelin kat\u0131l\u0131m\u0131yla 24 noktada d\u00fczenlendi. Uygulama kapsam\u0131nda bin 66 \u015fah\u0131s sorguland\u0131, 638 motosiklet ve 191 ara\u00e7 kontrol edildi, 31 i\u015fyeri denetlendi. \u00c7al\u0131\u015fmalar sonucunda, 17 aranan \u015fah\u0131s yakaland\u0131, 5 \u00e7al\u0131nt\u0131 ve hacizli motosiklete el konuldu. Ayr\u0131ca, 4 ruhsats\u0131z ve 1 kurus\u0131k\u0131 tabanca ele ge\u00e7irildi, 193 araca idari para cezas\u0131 uyguland\u0131 ve 3 motosiklet trafikten men edildi. Kaynak: www.kanalv.com.tr Haber Sitesinden Al\u0131nm\u0131\u015ft\u0131r.","og_url":"http:\/\/denizcankizil.tr\/de\/haberler\/antalya\/antalyada-motosiklet-hirsizliklarina-operasyon\/","og_site_name":"Av. Deniz Can K\u0131z\u0131l","article_published_time":"2025-01-14T14:41:42+00:00","og_image":[{"width":1280,"height":720,"url":"http:\/\/denizcankizil.tr\/wp-content\/uploads\/2025\/01\/4149-01-NX05qw.jpeg","type":"image\/jpeg"}],"author":"Av. Deniz Can K\u0131z\u0131l","twitter_card":"summary_large_image","twitter_misc":{"Verfasst von":"Av. Deniz Can K\u0131z\u0131l","Gesch\u00e4tzte Lesezeit":"1\u00a0Minute"},"schema":{"@context":"https:\/\/schema.org","@graph":[{"@type":"Article","@id":"http:\/\/denizcankizil.tr\/de\/haberler\/antalya\/antalyada-motosiklet-hirsizliklarina-operasyon\/#article","isPartOf":{"@id":"http:\/\/denizcankizil.tr\/de\/haberler\/antalya\/antalyada-motosiklet-hirsizliklarina-operasyon\/"},"author":{"name":"Av. Deniz Can K\u0131z\u0131l","@id":"https:\/\/denizcankizil.tr\/de\/#\/schema\/person\/5dc1b22991bd7ac833867c10afc9b0ff"},"headline":"Antalya&#8217;da motosiklet h\u0131rs\u0131zl\u0131klar\u0131na operasyon","datePublished":"2025-01-14T14:41:42+00:00","mainEntityOfPage":{"@id":"http:\/\/denizcankizil.tr\/de\/haberler\/antalya\/antalyada-motosiklet-hirsizliklarina-operasyon\/"},"wordCount":117,"commentCount":0,"publisher":{"@id":"https:\/\/denizcankizil.tr\/de\/#organization"},"image":{"@id":"http:\/\/denizcankizil.tr\/de\/haberler\/antalya\/antalyada-motosiklet-hirsizliklarina-operasyon\/#primaryimage"},"thumbnailUrl":"http:\/\/denizcankizil.tr\/wp-content\/uploads\/2025\/01\/4149-01-NX05qw.jpeg","articleSection":["Antalya"],"inLanguage":"de","potentialAction":[{"@type":"CommentAction","name":"Comment","target":["http:\/\/denizcankizil.tr\/de\/haberler\/antalya\/antalyada-motosiklet-hirsizliklarina-operasyon\/#respond"]}]},{"@type":"WebPage","@id":"http:\/\/denizcankizil.tr\/de\/haberler\/antalya\/antalyada-motosiklet-hirsizliklarina-operasyon\/","url":"http:\/\/denizcankizil.tr\/de\/haberler\/antalya\/antalyada-motosiklet-hirsizliklarina-operasyon\/","name":"Antalya'da motosiklet h\u0131rs\u0131zl\u0131klar\u0131na operasyon - Av. Deniz Can K\u0131z\u0131l","isPartOf":{"@id":"https:\/\/denizcankizil.tr\/de\/#website"},"primaryImageOfPage":{"@id":"http:\/\/denizcankizil.tr\/de\/haberler\/antalya\/antalyada-motosiklet-hirsizliklarina-operasyon\/#primaryimage"},"image":{"@id":"http:\/\/denizcankizil.tr\/de\/haberler\/antalya\/antalyada-motosiklet-hirsizliklarina-operasyon\/#primaryimage"},"thumbnailUrl":"http:\/\/denizcankizil.tr\/wp-content\/uploads\/2025\/01\/4149-01-NX05qw.jpeg","datePublished":"2025-01-14T14:41:42+00:00","breadcrumb":{"@id":"http:\/\/denizcankizil.tr\/de\/haberler\/antalya\/antalyada-motosiklet-hirsizliklarina-operasyon\/#breadcrumb"},"inLanguage":"de","potentialAction":[{"@type":"ReadAction","target":["http:\/\/denizcankizil.tr\/de\/haberler\/antalya\/antalyada-motosiklet-hirsizliklarina-operasyon\/"]}]},{"@type":"ImageObject","inLanguage":"de","@id":"http:\/\/denizcankizil.tr\/de\/haberler\/antalya\/antalyada-motosiklet-hirsizliklarina-operasyon\/#primaryimage","url":"http:\/\/denizcankizil.tr\/wp-content\/uploads\/2025\/01\/4149-01-NX05qw.jpeg","contentUrl":"http:\/\/denizcankizil.tr\/wp-content\/uploads\/2025\/01\/4149-01-NX05qw.jpeg","width":1280,"height":720},{"@type":"BreadcrumbList","@id":"http:\/\/denizcankizil.tr\/de\/haberler\/antalya\/antalyada-motosiklet-hirsizliklarina-operasyon\/#breadcrumb","itemListElement":[{"@type":"ListItem","position":1,"name":"Home","item":"https:\/\/denizcankizil.tr\/de\/"},{"@type":"ListItem","position":2,"name":"Antalya&#8217;da motosiklet h\u0131rs\u0131zl\u0131klar\u0131na operasyon"}]},{"@type":"WebSite","@id":"https:\/\/denizcankizil.tr\/de\/#website","url":"https:\/\/denizcankizil.tr\/de\/","name":"Av. Deniz Can K\u0131z\u0131l","description":"Avukat Deniz Can K\u0131z\u0131l Antalya Barosu","publisher":{"@id":"https:\/\/denizcankizil.tr\/de\/#organization"},"potentialAction":[{"@type":"SearchAction","target":{"@type":"EntryPoint","urlTemplate":"https:\/\/denizcankizil.tr\/de\/?s={search_term_string}"},"query-input":{"@type":"PropertyValueSpecification","valueRequired":true,"valueName":"search_term_string"}}],"inLanguage":"de"},{"@type":"Organization","@id":"https:\/\/denizcankizil.tr\/de\/#organization","name":"Av. Deniz Can K\u0131z\u0131l","url":"https:\/\/denizcankizil.tr\/de\/","logo":{"@type":"ImageObject","inLanguage":"de","@id":"https:\/\/denizcankizil.tr\/de\/#\/schema\/logo\/image\/","url":"http:\/\/denizcankizil.tr\/wp-content\/uploads\/2024\/10\/siyah-logo-svg.svg","contentUrl":"http:\/\/denizcankizil.tr\/wp-content\/uploads\/2024\/10\/siyah-logo-svg.svg","width":1080,"height":1080,"caption":"Av. Deniz Can K\u0131z\u0131l"},"image":{"@id":"https:\/\/denizcankizil.tr\/de\/#\/schema\/logo\/image\/"}},{"@type":"Person","@id":"https:\/\/denizcankizil.tr\/de\/#\/schema\/person\/5dc1b22991bd7ac833867c10afc9b0ff","name":"Av. Deniz Can K\u0131z\u0131l","image":{"@type":"ImageObject","inLanguage":"de","@id":"https:\/\/denizcankizil.tr\/de\/#\/schema\/person\/image\/","url":"https:\/\/secure.gravatar.com\/avatar\/a0b128fb9855c79efc976d5640eedb31dc35ec297594d6016d2cf7c60e975bb6?s=96&d=mm&r=g","contentUrl":"https:\/\/secure.gravatar.com\/avatar\/a0b128fb9855c79efc976d5640eedb31dc35ec297594d6016d2cf7c60e975bb6?s=96&d=mm&r=g","caption":"Av. Deniz Can K\u0131z\u0131l"},"sameAs":["http:\/\/www.denizcankizil.tr"],"url":"http:\/\/denizcankizil.tr\/de\/author\/denizcankizil\/"}]}},"_links":{"self":[{"href":"http:\/\/denizcankizil.tr\/de\/wp-json\/wp\/v2\/posts\/25271","targetHints":{"allow":["GET"]}}],"collection":[{"href":"http:\/\/denizcankizil.tr\/de\/wp-json\/wp\/v2\/posts"}],"about":[{"href":"http:\/\/denizcankizil.tr\/de\/wp-json\/wp\/v2\/types\/post"}],"author":[{"embeddable":true,"href":"http:\/\/denizcankizil.tr\/de\/wp-json\/wp\/v2\/users\/4"}],"replies":[{"embeddable":true,"href":"http:\/\/denizcankizil.tr\/de\/wp-json\/wp\/v2\/comments?post=25271"}],"version-history":[{"count":0,"href":"http:\/\/denizcankizil.tr\/de\/wp-json\/wp\/v2\/posts\/25271\/revisions"}],"wp:featuredmedia":[{"embeddable":true,"href":"http:\/\/denizcankizil.tr\/de\/wp-json\/wp\/v2\/media\/25272"}],"wp:attachment":[{"href":"http:\/\/denizcankizil.tr\/de\/wp-json\/wp\/v2\/media?parent=25271"}],"wp:term":[{"taxonomy":"category","embeddable":true,"href":"http:\/\/denizcankizil.tr\/de\/wp-json\/wp\/v2\/categories?post=25271"},{"taxonomy":"post_tag","embeddable":true,"href":"http:\/\/denizcankizil.tr\/de\/wp-json\/wp\/v2\/tags?post=25271"}],"curies":[{"name":"wp","href":"https:\/\/api.w.org\/{rel}","templated":true}]}}